{"id":1558,"date":"2010-06-08T20:49:50","date_gmt":"2010-06-08T18:49:50","guid":{"rendered":"http:\/\/blog.kunstgriff.net\/?p=1558"},"modified":"2017-06-13T16:21:54","modified_gmt":"2017-06-13T14:21:54","slug":"breisgau-tour-2010-tag-4-botzingen-colmar-vogesen","status":"publish","type":"post","link":"https:\/\/blog.kunstgriff.net\/?p=1558","title":{"rendered":"Breisgau Tour 2010 &#8211; Tag 4 &#8211; B\u00f6tzingen->Colmar->Vogesen"},"content":{"rendered":"<span class=\"span-reading-time rt-reading-time\" style=\"display: block;\"><span class=\"rt-label rt-prefix\">Lesezeit: <\/span> <span class=\"rt-time\"> 2<\/span> <span class=\"rt-label rt-postfix\">Minuten<\/span><\/span><p>Am vierten Tag unserer Radreise stand eine eher flache Etappe auf dem Programm. Stephan S. hatte auch zwei Touren geplant. Eine <a href=\"http:\/\/www.gpsies.com\/map.do?fileId=yovevbgvjosipkml\" target=\"_blank\" rel=\"noopener\">K\u00fcrzere<\/a> (125 km | 1.100 hm) und eine <a href=\"http:\/\/www.gpsies.com\/map.do?fileId=ilgowptklygdhhjx\" target=\"_blank\" rel=\"noopener\">L\u00e4ngere<\/a> (157 km | 1.753 hm).<\/p>\n<p>Es wurde dann gestern Abend entschieden die k\u00fcrzere Varianten zu nehmen, da ja f\u00fcr den Mittwoch das Einzel-Zeit-Fahren hoch zum Schauinsland geplant ist und die Beine nicht kaputt sein sollten. Aber wie es so oft ist, es kam dann doch anders als wir dachten. Um 5 vor 10 ging es bei herrlichem Wetter gen Westen in Richtung Breisach. Dort wurde der Rhein \u00fcberquert und schneller als wir uns versahen waren wir schon in Frankreich. Wir fuhren erst auf einer Schnellstra\u00dfe mit viel LKW Verkehr Richtung <a href=\"http:\/\/de.wikipedia.org\/wiki\/Colmar\" target=\"_blank\" rel=\"noopener\">Colmar<\/a>. Gl\u00fccklicherweise ging es aber an einem der vielen Kreisverkehre ab auf ruhige Nebenstra\u00dfen und wir fuhren in hohem Tempo in die Innenstadt von <a href=\"http:\/\/de.wikipedia.org\/wiki\/Colmar\" target=\"_blank\" rel=\"noopener\">Colmar<\/a>. <a href=\"http:\/\/upload.wikimedia.org\/wikipedia\/commons\/thumb\/9\/92\/Colmar_-_Alsace.jpg\/800px-Colmar_-_Alsace.jpg\"><img loading=\"lazy\" decoding=\"async\" class=\"alignright\" style=\"margin: 5px; border: 5px solid white;\" title=\"Colmar\" src=\"http:\/\/upload.wikimedia.org\/wikipedia\/commons\/thumb\/9\/92\/Colmar_-_Alsace.jpg\/800px-Colmar_-_Alsace.jpg\" alt=\"\" width=\"346\" height=\"259\" \/><\/a>Diese Stadt ist ja wirklich sehr malerisch und bietet viele Gassen und eine <a href=\"http:\/\/de.wikipedia.org\/w\/index.php?title=Datei:Colmar_-_Alsace.jpg&amp;filetimestamp=20070502173256\" target=\"_blank\" rel=\"noopener\">wundersch\u00f6ne Altstadt<\/a>.<\/p>\n<p>Leider hatten wir daf\u00fcr heute keine Zeit, denn wir wollten <a href=\"http:\/\/de.wikipedia.org\/wiki\/Vogesen\" target=\"_blank\" rel=\"noopener\">die Vogesen<\/a> erreichen, welche gleich hinter <a href=\"http:\/\/de.wikipedia.org\/wiki\/Colmar\" target=\"_blank\" rel=\"noopener\">Colmar<\/a> beginnen. So lie\u00df der erste Anstieg mit typisch franz\u00f6sischem grob geschottertem Asphalt nicht lange auf sich warten. <a href=\"https:\/\/buy.garmin.com\/shop\/shop.do?cID=160&amp;pID=10885\" target=\"_blank\" rel=\"noopener\">Der Garmin<\/a> verga\u00df nun pl\u00f6tzlich die Strecke und wollte nicht mehr den Weg anzuzeigen.<\/p>\n<p>Das erste mal startete ich einfach den Track neu, als er aber nach wenigen Kilometern wieder der Track verga\u00df und auch die Karte verlor, wusste ich, das mit der Streckenplanung etwas schief gelaufen sein musste. Ich vermutete das durch das Kopieren der langen Strecke und der anschlie\u00dfenden Verk\u00fcrzung auf die kurze Strecke am Mac etwas unvorhergesehenes passiert sein muss.<\/p>\n<p>Leider l\u00e4sst sich solch ein Problem nicht einfach auf der Stra\u00dfe beheben. Meine <em>Kettenbr\u00fcder<\/em> vertrauten mir aber weiterhin die Wegesf\u00fchrung an, was sollten sie auch sonst machen, und so f\u00fchrte uns der Garmin dann auf die gro\u00dfe Runde, welche wir eigentlich gar nicht fahren wollten.<\/p>\n<p>Dadurch kamen wir aber am wundersch\u00f6nen <a href=\"http:\/\/de.wikipedia.org\/wiki\/Lac_Blanc\" target=\"_blank\" rel=\"noopener\">Lac Blanc<\/a> auf 1.052 m H\u00f6he vorbei und auch den langen und kalten Kamm durch das Skigebiet des Col du <a href=\"http:\/\/upload.wikimedia.org\/wikipedia\/commons\/f\/f9\/Lacblanc_pischdi_2005.jpg\"><img loading=\"lazy\" decoding=\"async\" class=\"alignleft\" style=\"margin: 5px; border: 5px solid white;\" title=\"LacBlanc\" src=\"http:\/\/upload.wikimedia.org\/wikipedia\/commons\/f\/f9\/Lacblanc_pischdi_2005.jpg\" alt=\"\" width=\"339\" height=\"254\" \/><\/a>Calvaire hinunter zum <a href=\"http:\/\/de.wikipedia.org\/wiki\/Col_de_la_Schlucht\" target=\"_blank\" rel=\"noopener\">Col de la Schlucht<\/a>. Nun begann es leicht zu nieseln. Wir waren alle froh das es jetzt sehr lange bergab gehen w\u00fcrde und keine H\u00f6henmeter mehr zu bew\u00e4ltigen waren.<\/p>\n<p>Im Tal wurde in Munster erst einmal eine <a href=\"http:\/\/de.wikipedia.org\/wiki\/P\u00e2tisserie\" target=\"_blank\" rel=\"noopener\">P\u00e2tisserie<\/a> angesteuert, in welcher Geb\u00e4ck und Cola gekauft wurde.<\/p>\n<p>Wenige Kilometer nach der Vesper zerbarst noch Stefan N.&#8217;s Mantel. Dieser wurde professionell mit PowerBar-Folie repariert und es konnten die letzten 50 Kilometer zur\u00fcck in den Breisgau in Angriff genommen werden.<\/p>\n<p>Eine sch\u00f6ne, wenn auch sehr lange Tour, welche uns neue unbekannte Landschaften im doch recht vertrauten Breisgau gezeigt hat.<\/p>\n<p>In den Vogesen kann man sicher auch super Radurlaub erleben. Besonders der lange Anstieg zum\u00a0<a href=\"http:\/\/de.wikipedia.org\/wiki\/Col_de_la_Schlucht\" target=\"_blank\" rel=\"noopener\">Col de la Schlucht<\/a> sei dabei hervorzuheben. Ich war heute sehr froh diesen nur berg<strong>ab<\/strong> fahren zu d\u00fcrfen.<\/p>\n<div class=\"tiled-gallery type-rectangular tiled-gallery-unresized\" data-original-width=\"525\" data-carousel-extra='{&quot;blog_id&quot;:1,&quot;permalink&quot;:&quot;https:\\\/\\\/blog.kunstgriff.net\\\/?p=1558&quot;,&quot;likes_blog_id&quot;:127394879}' itemscope itemtype=\"http:\/\/schema.org\/ImageGallery\" > <div class=\"gallery-row\" style=\"width: 525px; height: 264px;\" data-original-width=\"525\" data-original-height=\"264\" > <div class=\"gallery-group images-1\" style=\"width: 350px; height: 264px;\" data-original-width=\"350\" data-original-height=\"264\" > <div class=\"tiled-gallery-item tiled-gallery-item-large\" itemprop=\"associatedMedia\" itemscope itemtype=\"http:\/\/schema.org\/ImageObject\"> <a href=\"https:\/\/i0.wp.com\/blog.kunstgriff.net\/wp-content\/uploads\/2010\/06\/DSC00146.jpg?ssl=1\" border=\"0\" itemprop=\"url\"> <meta itemprop=\"width\" content=\"346\"> <meta itemprop=\"height\" content=\"260\"> <img decoding=\"async\" class=\"\" data-attachment-id=\"1568\" data-orig-file=\"https:\/\/blog.kunstgriff.net\/wp-content\/uploads\/2010\/06\/DSC00146.jpg\" data-orig-size=\"800,600\" data-comments-opened=\"1\" data-image-meta=\"{&quot;aperture&quot;:&quot;2.8&quot;,&quot;credit&quot;:&quot;&quot;,&quot;camera&quot;:&quot;W890i&quot;,&quot;caption&quot;:&quot;&quot;,&quot;created_timestamp&quot;:&quot;1275992870&quot;,&quot;copyright&quot;:&quot;&quot;,&quot;focal_length&quot;:&quot;3.6&quot;,&quot;iso&quot;:&quot;64&quot;,&quot;shutter_speed&quot;:&quot;0.003125&quot;,&quot;title&quot;:&quot;&quot;}\" data-image-title=\"DSC00146\" data-image-description=\"\" data-medium-file=\"https:\/\/i0.wp.com\/blog.kunstgriff.net\/wp-content\/uploads\/2010\/06\/DSC00146.jpg?fit=300%2C225&#038;ssl=1\" data-large-file=\"https:\/\/i0.wp.com\/blog.kunstgriff.net\/wp-content\/uploads\/2010\/06\/DSC00146.jpg?fit=800%2C600&#038;ssl=1\" src=\"https:\/\/i0.wp.com\/blog.kunstgriff.net\/wp-content\/uploads\/2010\/06\/DSC00146.jpg?w=346&#038;h=260&#038;ssl=1\" srcset=\"https:\/\/i0.wp.com\/blog.kunstgriff.net\/wp-content\/uploads\/2010\/06\/DSC00146.jpg?w=800&amp;ssl=1 800w, https:\/\/i0.wp.com\/blog.kunstgriff.net\/wp-content\/uploads\/2010\/06\/DSC00146.jpg?resize=300%2C225&amp;ssl=1 300w\" width=\"346\" height=\"260\" loading=\"lazy\" data-original-width=\"346\" data-original-height=\"260\" itemprop=\"http:\/\/schema.org\/image\" title=\"DSC00146\" alt=\"DSC00146\" style=\"width: 346px; height: 260px;\" \/> <\/a> <\/div> <\/div> <!-- close group --> <div class=\"gallery-group images-2\" style=\"width: 175px; height: 264px;\" data-original-width=\"175\" data-original-height=\"264\" > <div class=\"tiled-gallery-item tiled-gallery-item-small\" itemprop=\"associatedMedia\" itemscope itemtype=\"http:\/\/schema.org\/ImageObject\"> <a href=\"https:\/\/i0.wp.com\/blog.kunstgriff.net\/wp-content\/uploads\/2010\/06\/DSC00149.jpg?ssl=1\" border=\"0\" itemprop=\"url\"> <meta itemprop=\"width\" content=\"171\"> <meta itemprop=\"height\" content=\"128\"> <img decoding=\"async\" class=\"\" data-attachment-id=\"1569\" data-orig-file=\"https:\/\/blog.kunstgriff.net\/wp-content\/uploads\/2010\/06\/DSC00149.jpg\" data-orig-size=\"800,600\" data-comments-opened=\"1\" data-image-meta=\"{&quot;aperture&quot;:&quot;2.8&quot;,&quot;credit&quot;:&quot;&quot;,&quot;camera&quot;:&quot;W890i&quot;,&quot;caption&quot;:&quot;&quot;,&quot;created_timestamp&quot;:&quot;1275997259&quot;,&quot;copyright&quot;:&quot;&quot;,&quot;focal_length&quot;:&quot;3.6&quot;,&quot;iso&quot;:&quot;64&quot;,&quot;shutter_speed&quot;:&quot;0.002&quot;,&quot;title&quot;:&quot;&quot;}\" data-image-title=\"DSC00149\" data-image-description=\"\" data-medium-file=\"https:\/\/i0.wp.com\/blog.kunstgriff.net\/wp-content\/uploads\/2010\/06\/DSC00149.jpg?fit=300%2C225&#038;ssl=1\" data-large-file=\"https:\/\/i0.wp.com\/blog.kunstgriff.net\/wp-content\/uploads\/2010\/06\/DSC00149.jpg?fit=800%2C600&#038;ssl=1\" src=\"https:\/\/i0.wp.com\/blog.kunstgriff.net\/wp-content\/uploads\/2010\/06\/DSC00149.jpg?w=171&#038;h=128&#038;ssl=1\" srcset=\"https:\/\/i0.wp.com\/blog.kunstgriff.net\/wp-content\/uploads\/2010\/06\/DSC00149.jpg?w=800&amp;ssl=1 800w, https:\/\/i0.wp.com\/blog.kunstgriff.net\/wp-content\/uploads\/2010\/06\/DSC00149.jpg?resize=300%2C225&amp;ssl=1 300w\" width=\"171\" height=\"128\" loading=\"lazy\" data-original-width=\"171\" data-original-height=\"128\" itemprop=\"http:\/\/schema.org\/image\" title=\"DSC00149\" alt=\"DSC00149\" style=\"width: 171px; height: 128px;\" \/> <\/a> <\/div> <div class=\"tiled-gallery-item tiled-gallery-item-small\" itemprop=\"associatedMedia\" itemscope itemtype=\"http:\/\/schema.org\/ImageObject\"> <a href=\"https:\/\/i0.wp.com\/blog.kunstgriff.net\/wp-content\/uploads\/2010\/06\/DSC00150.jpg?ssl=1\" border=\"0\" itemprop=\"url\"> <meta itemprop=\"width\" content=\"171\"> <meta itemprop=\"height\" content=\"128\"> <img decoding=\"async\" class=\"\" data-attachment-id=\"1570\" data-orig-file=\"https:\/\/blog.kunstgriff.net\/wp-content\/uploads\/2010\/06\/DSC00150.jpg\" data-orig-size=\"800,600\" data-comments-opened=\"1\" data-image-meta=\"{&quot;aperture&quot;:&quot;2.8&quot;,&quot;credit&quot;:&quot;&quot;,&quot;camera&quot;:&quot;W890i&quot;,&quot;caption&quot;:&quot;&quot;,&quot;created_timestamp&quot;:&quot;1275997425&quot;,&quot;copyright&quot;:&quot;&quot;,&quot;focal_length&quot;:&quot;3.6&quot;,&quot;iso&quot;:&quot;64&quot;,&quot;shutter_speed&quot;:&quot;0.003125&quot;,&quot;title&quot;:&quot;&quot;}\" data-image-title=\"DSC00150\" data-image-description=\"\" data-medium-file=\"https:\/\/i0.wp.com\/blog.kunstgriff.net\/wp-content\/uploads\/2010\/06\/DSC00150.jpg?fit=300%2C225&#038;ssl=1\" data-large-file=\"https:\/\/i0.wp.com\/blog.kunstgriff.net\/wp-content\/uploads\/2010\/06\/DSC00150.jpg?fit=800%2C600&#038;ssl=1\" src=\"https:\/\/i0.wp.com\/blog.kunstgriff.net\/wp-content\/uploads\/2010\/06\/DSC00150.jpg?w=171&#038;h=128&#038;ssl=1\" srcset=\"https:\/\/i0.wp.com\/blog.kunstgriff.net\/wp-content\/uploads\/2010\/06\/DSC00150.jpg?w=800&amp;ssl=1 800w, https:\/\/i0.wp.com\/blog.kunstgriff.net\/wp-content\/uploads\/2010\/06\/DSC00150.jpg?resize=300%2C225&amp;ssl=1 300w\" width=\"171\" height=\"128\" loading=\"lazy\" data-original-width=\"171\" data-original-height=\"128\" itemprop=\"http:\/\/schema.org\/image\" title=\"DSC00150\" alt=\"DSC00150\" style=\"width: 171px; height: 128px;\" \/> <\/a> <\/div> <\/div> <!-- close group --> <\/div> <!-- close row --> <div class=\"gallery-row\" style=\"width: 525px; height: 132px;\" data-original-width=\"525\" data-original-height=\"132\" > <div class=\"gallery-group images-1\" style=\"width: 175px; height: 132px;\" data-original-width=\"175\" data-original-height=\"132\" > <div class=\"tiled-gallery-item tiled-gallery-item-small\" itemprop=\"associatedMedia\" itemscope itemtype=\"http:\/\/schema.org\/ImageObject\"> <a href=\"https:\/\/i0.wp.com\/blog.kunstgriff.net\/wp-content\/uploads\/2010\/06\/DSC00151.jpg?ssl=1\" border=\"0\" itemprop=\"url\"> <meta itemprop=\"width\" content=\"171\"> <meta itemprop=\"height\" content=\"128\"> <img decoding=\"async\" class=\"\" data-attachment-id=\"1571\" data-orig-file=\"https:\/\/blog.kunstgriff.net\/wp-content\/uploads\/2010\/06\/DSC00151.jpg\" data-orig-size=\"800,600\" data-comments-opened=\"1\" data-image-meta=\"{&quot;aperture&quot;:&quot;2.8&quot;,&quot;credit&quot;:&quot;&quot;,&quot;camera&quot;:&quot;W890i&quot;,&quot;caption&quot;:&quot;&quot;,&quot;created_timestamp&quot;:&quot;1275997439&quot;,&quot;copyright&quot;:&quot;&quot;,&quot;focal_length&quot;:&quot;3.6&quot;,&quot;iso&quot;:&quot;100&quot;,&quot;shutter_speed&quot;:&quot;0.008&quot;,&quot;title&quot;:&quot;&quot;}\" data-image-title=\"DSC00151\" data-image-description=\"\" data-medium-file=\"https:\/\/i0.wp.com\/blog.kunstgriff.net\/wp-content\/uploads\/2010\/06\/DSC00151.jpg?fit=300%2C225&#038;ssl=1\" data-large-file=\"https:\/\/i0.wp.com\/blog.kunstgriff.net\/wp-content\/uploads\/2010\/06\/DSC00151.jpg?fit=800%2C600&#038;ssl=1\" src=\"https:\/\/i0.wp.com\/blog.kunstgriff.net\/wp-content\/uploads\/2010\/06\/DSC00151.jpg?w=171&#038;h=128&#038;ssl=1\" srcset=\"https:\/\/i0.wp.com\/blog.kunstgriff.net\/wp-content\/uploads\/2010\/06\/DSC00151.jpg?w=800&amp;ssl=1 800w, https:\/\/i0.wp.com\/blog.kunstgriff.net\/wp-content\/uploads\/2010\/06\/DSC00151.jpg?resize=300%2C225&amp;ssl=1 300w\" width=\"171\" height=\"128\" loading=\"lazy\" data-original-width=\"171\" data-original-height=\"128\" itemprop=\"http:\/\/schema.org\/image\" title=\"DSC00151\" alt=\"DSC00151\" style=\"width: 171px; height: 128px;\" \/> <\/a> <\/div> <\/div> <!-- close group --> <div class=\"gallery-group images-1\" style=\"width: 175px; height: 132px;\" data-original-width=\"175\" data-original-height=\"132\" > <div class=\"tiled-gallery-item tiled-gallery-item-small\" itemprop=\"associatedMedia\" itemscope itemtype=\"http:\/\/schema.org\/ImageObject\"> <a href=\"https:\/\/i0.wp.com\/blog.kunstgriff.net\/wp-content\/uploads\/2010\/06\/DSC00153.jpg?ssl=1\" border=\"0\" itemprop=\"url\"> <meta itemprop=\"width\" content=\"171\"> <meta itemprop=\"height\" content=\"128\"> <img decoding=\"async\" class=\"\" data-attachment-id=\"1572\" data-orig-file=\"https:\/\/blog.kunstgriff.net\/wp-content\/uploads\/2010\/06\/DSC00153.jpg\" data-orig-size=\"800,600\" data-comments-opened=\"1\" data-image-meta=\"{&quot;aperture&quot;:&quot;2.8&quot;,&quot;credit&quot;:&quot;&quot;,&quot;camera&quot;:&quot;W890i&quot;,&quot;caption&quot;:&quot;&quot;,&quot;created_timestamp&quot;:&quot;1275997467&quot;,&quot;copyright&quot;:&quot;&quot;,&quot;focal_length&quot;:&quot;3.6&quot;,&quot;iso&quot;:&quot;64&quot;,&quot;shutter_speed&quot;:&quot;0.008&quot;,&quot;title&quot;:&quot;&quot;}\" data-image-title=\"DSC00153\" data-image-description=\"\" data-medium-file=\"https:\/\/i0.wp.com\/blog.kunstgriff.net\/wp-content\/uploads\/2010\/06\/DSC00153.jpg?fit=300%2C225&#038;ssl=1\" data-large-file=\"https:\/\/i0.wp.com\/blog.kunstgriff.net\/wp-content\/uploads\/2010\/06\/DSC00153.jpg?fit=800%2C600&#038;ssl=1\" src=\"https:\/\/i0.wp.com\/blog.kunstgriff.net\/wp-content\/uploads\/2010\/06\/DSC00153.jpg?w=171&#038;h=128&#038;ssl=1\" srcset=\"https:\/\/i0.wp.com\/blog.kunstgriff.net\/wp-content\/uploads\/2010\/06\/DSC00153.jpg?w=800&amp;ssl=1 800w, https:\/\/i0.wp.com\/blog.kunstgriff.net\/wp-content\/uploads\/2010\/06\/DSC00153.jpg?resize=300%2C225&amp;ssl=1 300w\" width=\"171\" height=\"128\" loading=\"lazy\" data-original-width=\"171\" data-original-height=\"128\" itemprop=\"http:\/\/schema.org\/image\" title=\"DSC00153\" alt=\"DSC00153\" style=\"width: 171px; height: 128px;\" \/> <\/a> <\/div> <\/div> <!-- close group --> <div class=\"gallery-group images-1\" style=\"width: 175px; height: 132px;\" data-original-width=\"175\" data-original-height=\"132\" > <div class=\"tiled-gallery-item tiled-gallery-item-small\" itemprop=\"associatedMedia\" itemscope itemtype=\"http:\/\/schema.org\/ImageObject\"> <a href=\"https:\/\/i0.wp.com\/blog.kunstgriff.net\/wp-content\/uploads\/2010\/06\/DSC00144.jpg?ssl=1\" border=\"0\" itemprop=\"url\"> <meta itemprop=\"width\" content=\"171\"> <meta itemprop=\"height\" content=\"128\"> <img decoding=\"async\" class=\"\" data-attachment-id=\"1567\" data-orig-file=\"https:\/\/blog.kunstgriff.net\/wp-content\/uploads\/2010\/06\/DSC00144.jpg\" data-orig-size=\"800,600\" data-comments-opened=\"1\" data-image-meta=\"{&quot;aperture&quot;:&quot;2.8&quot;,&quot;credit&quot;:&quot;&quot;,&quot;camera&quot;:&quot;W890i&quot;,&quot;caption&quot;:&quot;&quot;,&quot;created_timestamp&quot;:&quot;1275992840&quot;,&quot;copyright&quot;:&quot;&quot;,&quot;focal_length&quot;:&quot;3.6&quot;,&quot;iso&quot;:&quot;64&quot;,&quot;shutter_speed&quot;:&quot;0.0015625&quot;,&quot;title&quot;:&quot;&quot;}\" data-image-title=\"DSC00144\" data-image-description=\"\" data-medium-file=\"https:\/\/i0.wp.com\/blog.kunstgriff.net\/wp-content\/uploads\/2010\/06\/DSC00144.jpg?fit=300%2C225&#038;ssl=1\" data-large-file=\"https:\/\/i0.wp.com\/blog.kunstgriff.net\/wp-content\/uploads\/2010\/06\/DSC00144.jpg?fit=800%2C600&#038;ssl=1\" src=\"https:\/\/i0.wp.com\/blog.kunstgriff.net\/wp-content\/uploads\/2010\/06\/DSC00144.jpg?w=171&#038;h=128&#038;ssl=1\" srcset=\"https:\/\/i0.wp.com\/blog.kunstgriff.net\/wp-content\/uploads\/2010\/06\/DSC00144.jpg?w=800&amp;ssl=1 800w, https:\/\/i0.wp.com\/blog.kunstgriff.net\/wp-content\/uploads\/2010\/06\/DSC00144.jpg?resize=300%2C225&amp;ssl=1 300w\" width=\"171\" height=\"128\" loading=\"lazy\" data-original-width=\"171\" data-original-height=\"128\" itemprop=\"http:\/\/schema.org\/image\" title=\"DSC00144\" alt=\"DSC00144\" style=\"width: 171px; height: 128px;\" \/> <\/a> <\/div> <\/div> <!-- close group --> <\/div> <!-- close row --> <\/div>\n<p><iframe loading=\"lazy\" src=\"https:\/\/www.strava.com\/activities\/698647590\/embed\/f56a296335d2e7a241ac839fa88645294861e5b1\" width=\"590\" height=\"405\" frameborder=\"0\" scrolling=\"no\"><\/iframe><\/p>\n","protected":false},"excerpt":{"rendered":"<p>Am vierten Tag unserer Radreise stand eine eher flache Etappe auf dem Programm. Stephan S. hatte auch zwei Touren geplant. Eine K\u00fcrzere (125 km | 1.100 hm) und eine L\u00e4ngere (157 km | 1.753 hm). Es wurde dann gestern Abend entschieden die k\u00fcrzere Varianten zu nehmen, da ja f\u00fcr den Mittwoch das Einzel-Zeit-Fahren hoch zum &hellip; <\/p>\n<p class=\"link-more\"><a href=\"https:\/\/blog.kunstgriff.net\/?p=1558\" class=\"more-link\"><span class=\"screen-reader-text\">\u201eBreisgau Tour 2010 &#8211; Tag 4 &#8211; B\u00f6tzingen->Colmar->Vogesen\u201c <\/span>weiterlesen<\/a><\/p>\n","protected":false},"author":2,"featured_media":1569,"comment_status":"open","ping_status":"open","sticky":false,"template":"","format":"standard","meta":{"jetpack_post_was_ever_published":false,"_jetpack_newsletter_access":"","_jetpack_dont_email_post_to_subs":false,"_jetpack_newsletter_tier_id":0,"_jetpack_memberships_contains_paywalled_content":false,"_jetpack_memberships_contains_paid_content":false,"footnotes":""},"categories":[35,14,13,7],"tags":[],"class_list":["post-1558","post","type-post","status-publish","format-standard","has-post-thumbnail","hentry","category-garmin","category-radfahren","category-radreise","category-rennradfahren"],"jetpack_featured_media_url":"https:\/\/i0.wp.com\/blog.kunstgriff.net\/wp-content\/uploads\/2010\/06\/DSC00149.jpg?fit=800%2C600&ssl=1","jetpack_shortlink":"https:\/\/wp.me\/p8Cxe7-p8","jetpack-related-posts":[{"id":4132,"url":"https:\/\/blog.kunstgriff.net\/?p=4132","url_meta":{"origin":1558,"position":0},"title":"Mallorca Trainingscamp &#8211; Tag 6 &#8211; San Salvador","author":"Georg","date":"April 9, 2011","format":false,"excerpt":"oder \u00bbAuch bei sch\u00f6nem Wetter \u2019ne anstrengende Runde\u00ab Die erste Woche des Trainingscamps ist vor\u00fcber und so hie\u00df es von einigen Rennrad-Freunden abschied nehmen. Ein letztes gemeinsames Erinnerungsfoto und schon ging es f\u00fcr das A- und das B-Team auf die geplanten Ausfahrts-Runden. F\u00fcr uns stand heute San Salvador auf dem\u2026","rel":"","context":"In &quot;Radfahren&quot;","block_context":{"text":"Radfahren","link":"https:\/\/blog.kunstgriff.net\/?cat=14"},"img":{"alt_text":"","src":"https:\/\/i0.wp.com\/blog.kunstgriff.net\/wp-content\/uploads\/2011\/04\/IMG_1831.jpg?resize=350%2C200","width":350,"height":200,"srcset":"https:\/\/i0.wp.com\/blog.kunstgriff.net\/wp-content\/uploads\/2011\/04\/IMG_1831.jpg?resize=350%2C200 1x, https:\/\/i0.wp.com\/blog.kunstgriff.net\/wp-content\/uploads\/2011\/04\/IMG_1831.jpg?resize=525%2C300 1.5x, https:\/\/i0.wp.com\/blog.kunstgriff.net\/wp-content\/uploads\/2011\/04\/IMG_1831.jpg?resize=700%2C400 2x"},"classes":[]},{"id":12361,"url":"https:\/\/blog.kunstgriff.net\/?p=12361","url_meta":{"origin":1558,"position":1},"title":"Mallorca Trainingscamp 2015 &#8211; Tag 4 &#8211; Valldemossa &#8211; Dei\u00e0 &#8211; Soller","author":"Georg","date":"M\u00e4rz 21, 2015","format":false,"excerpt":"oder \u00bbBei herrlichem Sonnenschein ins Tramuntana-Gebirge\u00ab Tag 4 im Trainingscamps bedeutet schon mal H\u00f6henluft im Tramuntana-Gebirge schnuppern. Nicht zu viele H\u00f6henmeter, aber schon schon mal richtig ausbelasten; gerade vor dem Ruhetag macht das Sinn. Geplant \u2013 und los. Beinahe. Am Start gab es dann doch noch eine kleine Plan\u00e4nderung vom\u2026","rel":"","context":"In &quot;Radfahren&quot;","block_context":{"text":"Radfahren","link":"https:\/\/blog.kunstgriff.net\/?cat=14"},"img":{"alt_text":"","src":"https:\/\/i0.wp.com\/blog.kunstgriff.net\/wp-content\/uploads\/2015\/03\/Oben-in-Valdemossa.jpg?fit=1200%2C900&ssl=1&resize=350%2C200","width":350,"height":200,"srcset":"https:\/\/i0.wp.com\/blog.kunstgriff.net\/wp-content\/uploads\/2015\/03\/Oben-in-Valdemossa.jpg?fit=1200%2C900&ssl=1&resize=350%2C200 1x, https:\/\/i0.wp.com\/blog.kunstgriff.net\/wp-content\/uploads\/2015\/03\/Oben-in-Valdemossa.jpg?fit=1200%2C900&ssl=1&resize=525%2C300 1.5x, https:\/\/i0.wp.com\/blog.kunstgriff.net\/wp-content\/uploads\/2015\/03\/Oben-in-Valdemossa.jpg?fit=1200%2C900&ssl=1&resize=700%2C400 2x, https:\/\/i0.wp.com\/blog.kunstgriff.net\/wp-content\/uploads\/2015\/03\/Oben-in-Valdemossa.jpg?fit=1200%2C900&ssl=1&resize=1050%2C600 3x"},"classes":[]},{"id":954,"url":"https:\/\/blog.kunstgriff.net\/?p=954","url_meta":{"origin":1558,"position":2},"title":"Trainingslager Mallorca 3. Tag","author":"Georg","date":"M\u00e4rz 7, 2010","format":false,"excerpt":"Der Tag begann mit Sonnenschein und fast wolkenlosem Himmel, der einfach zum Rennradfahren auf dieser herrlichen Insel einl\u00e4dt. So verabredeten wir uns f\u00fcr einen Start nach dem ausgiebigen Fr\u00fchst\u00fcck, um 10:30 Uhr f\u00fcr eine, schon etwas l\u00e4ngere, Fahrt nach Santa Maria Del Carmi, wo die Halbzeitrast geplant war. Auf dem\u2026","rel":"","context":"In &quot;Radfahren&quot;","block_context":{"text":"Radfahren","link":"https:\/\/blog.kunstgriff.net\/?cat=14"},"img":{"alt_text":"","src":"https:\/\/i0.wp.com\/blog.kunstgriff.net\/wp-content\/uploads\/2010\/03\/IMG_0037.jpg?fit=600%2C450&ssl=1&resize=350%2C200","width":350,"height":200,"srcset":"https:\/\/i0.wp.com\/blog.kunstgriff.net\/wp-content\/uploads\/2010\/03\/IMG_0037.jpg?fit=600%2C450&ssl=1&resize=350%2C200 1x, https:\/\/i0.wp.com\/blog.kunstgriff.net\/wp-content\/uploads\/2010\/03\/IMG_0037.jpg?fit=600%2C450&ssl=1&resize=525%2C300 1.5x"},"classes":[]},{"id":7516,"url":"https:\/\/blog.kunstgriff.net\/?p=7516","url_meta":{"origin":1558,"position":3},"title":"Mallorca Trainingscamp 2012 &#8211; Tag 5 &#8211; Esporles &#038; Palma","author":"Georg","date":"M\u00e4rz 14, 2012","format":false,"excerpt":"oder \u00bbzum 'caf\u00e9 con leche' in die Inselhauptstadt\u00ab Vor der morgigen K\u00f6nigsetappe \u00fcber die K\u00fcstenstrasse stand heute erneut eine relativ flache und lange Etappe auf dem Zettel. Schon nach dem Fr\u00fchst\u00fcck war es so erfreulich warm und der Himmel zeigte sich wolkenlos, wie schon in den letzten Tagen, dass ich\u2026","rel":"","context":"In &quot;Radreise&quot;","block_context":{"text":"Radreise","link":"https:\/\/blog.kunstgriff.net\/?cat=13"},"img":{"alt_text":"","src":"https:\/\/i0.wp.com\/blog.kunstgriff.net\/wp-content\/uploads\/2012\/03\/Zur%C3%BCck-in-Pollen%C3%A7a.jpg?fit=1000%2C750&ssl=1&resize=350%2C200","width":350,"height":200,"srcset":"https:\/\/i0.wp.com\/blog.kunstgriff.net\/wp-content\/uploads\/2012\/03\/Zur%C3%BCck-in-Pollen%C3%A7a.jpg?fit=1000%2C750&ssl=1&resize=350%2C200 1x, https:\/\/i0.wp.com\/blog.kunstgriff.net\/wp-content\/uploads\/2012\/03\/Zur%C3%BCck-in-Pollen%C3%A7a.jpg?fit=1000%2C750&ssl=1&resize=525%2C300 1.5x, https:\/\/i0.wp.com\/blog.kunstgriff.net\/wp-content\/uploads\/2012\/03\/Zur%C3%BCck-in-Pollen%C3%A7a.jpg?fit=1000%2C750&ssl=1&resize=700%2C400 2x"},"classes":[]},{"id":1731,"url":"https:\/\/blog.kunstgriff.net\/?p=1731","url_meta":{"origin":1558,"position":4},"title":"S\u00e4chsische Schweiz &#8211; Tag 1 (Freitag)","author":"Georg","date":"Juni 25, 2010","format":false,"excerpt":"146,7 km | 1.699 H\u00f6henmeter Der Tag begann um 4:30 Uhr mit dem klingeln meines Weckers, denn wir waren um 5:50 Uhr verabredet um ins rund 200 km entfernte Pirna aufzubrechen. Dort sollte unser Quartier f\u00fcr das Trainingslager in der S\u00e4chsischen Schweiz sein. Mina, Jasper, Oleg, Zeljo, Jan und ich\u2026","rel":"","context":"In &quot;Radfahren&quot;","block_context":{"text":"Radfahren","link":"https:\/\/blog.kunstgriff.net\/?cat=14"},"img":{"alt_text":"","src":"https:\/\/i0.wp.com\/blog.kunstgriff.net\/wp-content\/uploads\/2010\/06\/DSCF1312.jpg?fit=1000%2C750&ssl=1&resize=350%2C200","width":350,"height":200,"srcset":"https:\/\/i0.wp.com\/blog.kunstgriff.net\/wp-content\/uploads\/2010\/06\/DSCF1312.jpg?fit=1000%2C750&ssl=1&resize=350%2C200 1x, https:\/\/i0.wp.com\/blog.kunstgriff.net\/wp-content\/uploads\/2010\/06\/DSCF1312.jpg?fit=1000%2C750&ssl=1&resize=525%2C300 1.5x, https:\/\/i0.wp.com\/blog.kunstgriff.net\/wp-content\/uploads\/2010\/06\/DSCF1312.jpg?fit=1000%2C750&ssl=1&resize=700%2C400 2x"},"classes":[]},{"id":15618,"url":"https:\/\/blog.kunstgriff.net\/?p=15618","url_meta":{"origin":1558,"position":5},"title":"Auf Friedensfahrt\u2013Kurs 2017 3. Tag: Dresden -> \u010cesk\u00e1 L\u00edpa","author":"Georg","date":"Mai 25, 2017","format":false,"excerpt":"118,5 km | 1.726\u00a0H\u00f6henmeter Die Nacht in der Jugendherberge war unruhig. Und um 6 Uhr klingelte bereits der Wecker. Gep\u00e4ckverladen war bis 8.30 Uhr geplant. Entspannter Herrentag-Start geht anders. Als wir dann auch noch bis 9.30 Uhr zur offiziellen Abfahrt warten sollten, entschlossen wir uns kurzerhand anders. Christoph N. und\u2026","rel":"","context":"In &quot;Radfahren&quot;","block_context":{"text":"Radfahren","link":"https:\/\/blog.kunstgriff.net\/?cat=14"},"img":{"alt_text":"","src":"https:\/\/i0.wp.com\/blog.kunstgriff.net\/wp-content\/uploads\/2017\/05\/Piktoreske-Landschaften-in-Tschechien.jpg?fit=1200%2C800&ssl=1&resize=350%2C200","width":350,"height":200,"srcset":"https:\/\/i0.wp.com\/blog.kunstgriff.net\/wp-content\/uploads\/2017\/05\/Piktoreske-Landschaften-in-Tschechien.jpg?fit=1200%2C800&ssl=1&resize=350%2C200 1x, https:\/\/i0.wp.com\/blog.kunstgriff.net\/wp-content\/uploads\/2017\/05\/Piktoreske-Landschaften-in-Tschechien.jpg?fit=1200%2C800&ssl=1&resize=525%2C300 1.5x, https:\/\/i0.wp.com\/blog.kunstgriff.net\/wp-content\/uploads\/2017\/05\/Piktoreske-Landschaften-in-Tschechien.jpg?fit=1200%2C800&ssl=1&resize=700%2C400 2x, https:\/\/i0.wp.com\/blog.kunstgriff.net\/wp-content\/uploads\/2017\/05\/Piktoreske-Landschaften-in-Tschechien.jpg?fit=1200%2C800&ssl=1&resize=1050%2C600 3x"},"classes":[]}],"jetpack_likes_enabled":true,"jetpack_sharing_enabled":true,"_links":{"self":[{"href":"https:\/\/blog.kunstgriff.net\/index.php?rest_route=\/wp\/v2\/posts\/1558","targetHints":{"allow":["GET"]}}],"collection":[{"href":"https:\/\/blog.kunstgriff.net\/index.php?rest_route=\/wp\/v2\/posts"}],"about":[{"href":"https:\/\/blog.kunstgriff.net\/index.php?rest_route=\/wp\/v2\/types\/post"}],"author":[{"embeddable":true,"href":"https:\/\/blog.kunstgriff.net\/index.php?rest_route=\/wp\/v2\/users\/2"}],"replies":[{"embeddable":true,"href":"https:\/\/blog.kunstgriff.net\/index.php?rest_route=%2Fwp%2Fv2%2Fcomments&post=1558"}],"version-history":[{"count":0,"href":"https:\/\/blog.kunstgriff.net\/index.php?rest_route=\/wp\/v2\/posts\/1558\/revisions"}],"wp:featuredmedia":[{"embeddable":true,"href":"https:\/\/blog.kunstgriff.net\/index.php?rest_route=\/wp\/v2\/media\/1569"}],"wp:attachment":[{"href":"https:\/\/blog.kunstgriff.net\/index.php?rest_route=%2Fwp%2Fv2%2Fmedia&parent=1558"}],"wp:term":[{"taxonomy":"category","embeddable":true,"href":"https:\/\/blog.kunstgriff.net\/index.php?rest_route=%2Fwp%2Fv2%2Fcategories&post=1558"},{"taxonomy":"post_tag","embeddable":true,"href":"https:\/\/blog.kunstgriff.net\/index.php?rest_route=%2Fwp%2Fv2%2Ftags&post=1558"}],"curies":[{"name":"wp","href":"https:\/\/api.w.org\/{rel}","templated":true}]}}