{"id":15773,"date":"2017-06-04T11:10:17","date_gmt":"2017-06-04T09:10:17","guid":{"rendered":"https:\/\/blog.kunstgriff.net\/?p=15773"},"modified":"2017-06-12T10:53:12","modified_gmt":"2017-06-12T08:53:12","slug":"ert-2017-muenchen-achensee","status":"publish","type":"post","link":"https:\/\/blog.kunstgriff.net\/?p=15773","title":{"rendered":"ERT 2017 M\u00fcnchen \u2013 Achensee"},"content":{"rendered":"<span class=\"span-reading-time rt-reading-time\" style=\"display: block;\"><span class=\"rt-label rt-prefix\">Lesezeit: <\/span> <span class=\"rt-time\"> 2<\/span> <span class=\"rt-label rt-postfix\">Minuten<\/span><\/span><h4>87 km | 683 H\u00f6henmeter<\/h4>\n<hr \/>\n<p>Gestern sind wir bequem mit AirBerlin in M\u00fcnchen angereist. Unser Gep\u00e4ck und R\u00e4der waren schon vorher mit dem Transporter von Torgrim, Alex und Lothar zum A&amp;O Hostel chauffiert worden. Klasse Service.<\/p>\n<p>Nach der Stadtf\u00fchrung von Lars ging es dann geradewegs in den Augustiner-Keller in der Arnulfstrasse. Nach zwei Radlermass und einem Schnitzel war f\u00fcr heute Feierabend und wir marschierten schnurstracks zu unserem bequemen 2-Bett-Penthouse-Zimmer.<\/p>\n<p>Vorhergesagt war Regen und es gab Regen. Erst leichter Nieselregen, der uns die Entscheidung abnahm, gleich mit dem Zug nach Bad-T\u00f6lz zu fahren. Nach den etwa 8 km durch die M\u00fcnchner-Innenstadt war endlich der Perlacher-Forst erreicht, und es wurde ordentlich in 2er Reihe durch den zunehmenden Regen gefahren. Ich musste mich ganz sch\u00f6n anstrengen, Spass zu haben.<\/p>\n<p>Der Spass kam dann aber doch, als wir ein kleines Wirtshaus mit angeschlossener B\u00e4ckerei erreichten, in der es ein ordentliches \u00bbHaferl\u00ab Cappuchino und eine leckere Nusstorte gab.<\/p>\n<p>Der Regen wurde heftiger, aber wir mussten weiter. Nach etwa 20 km war dann doch Bad T\u00f6lz erreicht, wo das offizielle Wff-Buffet f\u00fcr uns mit viel Liebe angerichtet war.<\/p>\n<p>Leider erreichte Manfred das Buffet nicht, den er verfing sich, wie ich h\u00f6rte, beim Abbiegen im Hinterrad von Torgrim und st\u00fcrzte. Ein Krankenwagen musste ihn ins Bad T\u00f6lzer Krankenhaus bringen. Wir hoffen das es ihm schnell wieder besser geht!<\/p>\n<p>Die Pause war kalt aber trocken und leckere Schnitten warteten auf uns. Nach vielem Abwiegen, wann denn der rechte Zeitpunkt zum losfahren sei, machten wir uns zu f\u00fcnft auf die restlichen Kilometer. Das Wetter wurde noch schlechter und es regnete in str\u00f6men. Nicht sch\u00f6n. Aber es rollte. Hinter dem Aachensee klarte es dann gl\u00fccklicherweise auf und wir konnten im trockenen unseren Tiroler Zielort \u00bbAchenkirch\u00ab erreichen. Nach einer viel zu kleinen Portion Lasagne gab es dann noch einen Almdudler als Absacker, bevor es ins bequeme Bett ging. Morgen dann hoffentlich, mit ohne Regen.<\/p>\n<div class=\"tiled-gallery type-rectangular tiled-gallery-unresized\" data-original-width=\"525\" data-carousel-extra='{&quot;blog_id&quot;:1,&quot;permalink&quot;:&quot;https:\\\/\\\/blog.kunstgriff.net\\\/?p=15773&quot;,&quot;likes_blog_id&quot;:127394879}' itemscope itemtype=\"http:\/\/schema.org\/ImageGallery\" > <div class=\"gallery-row\" style=\"width: 525px; height: 235px;\" data-original-width=\"525\" data-original-height=\"235\" > <div class=\"gallery-group images-1\" style=\"width: 351px; height: 235px;\" data-original-width=\"351\" data-original-height=\"235\" > <div class=\"tiled-gallery-item tiled-gallery-item-large\" itemprop=\"associatedMedia\" itemscope itemtype=\"http:\/\/schema.org\/ImageObject\"> <a href=\"https:\/\/i0.wp.com\/blog.kunstgriff.net\/wp-content\/uploads\/2017\/06\/Gute-Stimmung-trotz-Sauwetters.jpg?ssl=1\" border=\"0\" itemprop=\"url\"> <meta itemprop=\"width\" content=\"347\"> <meta itemprop=\"height\" content=\"231\"> <img decoding=\"async\" class=\"\" data-attachment-id=\"15794\" data-orig-file=\"https:\/\/blog.kunstgriff.net\/wp-content\/uploads\/2017\/06\/Gute-Stimmung-trotz-Sauwetters.jpg\" data-orig-size=\"2000,1333\" data-comments-opened=\"1\" data-image-meta=\"{&quot;aperture&quot;:&quot;2.8&quot;,&quot;credit&quot;:&quot;&quot;,&quot;camera&quot;:&quot;TG-4&quot;,&quot;caption&quot;:&quot;OLYMPUS DIGITAL CAMERA&quot;,&quot;created_timestamp&quot;:&quot;1496567830&quot;,&quot;copyright&quot;:&quot;&quot;,&quot;focal_length&quot;:&quot;4.5&quot;,&quot;iso&quot;:&quot;100&quot;,&quot;shutter_speed&quot;:&quot;0.003125&quot;,&quot;title&quot;:&quot;OLYMPUS DIGITAL CAMERA&quot;,&quot;orientation&quot;:&quot;1&quot;}\" data-image-title=\"Gute Stimmung trotz Sauwetters\" data-image-description=\"\" data-medium-file=\"https:\/\/i0.wp.com\/blog.kunstgriff.net\/wp-content\/uploads\/2017\/06\/Gute-Stimmung-trotz-Sauwetters.jpg?fit=300%2C200&#038;ssl=1\" data-large-file=\"https:\/\/i0.wp.com\/blog.kunstgriff.net\/wp-content\/uploads\/2017\/06\/Gute-Stimmung-trotz-Sauwetters.jpg?fit=1024%2C682&#038;ssl=1\" src=\"https:\/\/i0.wp.com\/blog.kunstgriff.net\/wp-content\/uploads\/2017\/06\/Gute-Stimmung-trotz-Sauwetters.jpg?w=347&#038;h=231&#038;ssl=1\" srcset=\"https:\/\/i0.wp.com\/blog.kunstgriff.net\/wp-content\/uploads\/2017\/06\/Gute-Stimmung-trotz-Sauwetters.jpg?w=2000&amp;ssl=1 2000w, https:\/\/i0.wp.com\/blog.kunstgriff.net\/wp-content\/uploads\/2017\/06\/Gute-Stimmung-trotz-Sauwetters.jpg?resize=300%2C200&amp;ssl=1 300w, https:\/\/i0.wp.com\/blog.kunstgriff.net\/wp-content\/uploads\/2017\/06\/Gute-Stimmung-trotz-Sauwetters.jpg?resize=768%2C512&amp;ssl=1 768w, https:\/\/i0.wp.com\/blog.kunstgriff.net\/wp-content\/uploads\/2017\/06\/Gute-Stimmung-trotz-Sauwetters.jpg?resize=1024%2C682&amp;ssl=1 1024w, https:\/\/i0.wp.com\/blog.kunstgriff.net\/wp-content\/uploads\/2017\/06\/Gute-Stimmung-trotz-Sauwetters.jpg?resize=450%2C300&amp;ssl=1 450w, https:\/\/i0.wp.com\/blog.kunstgriff.net\/wp-content\/uploads\/2017\/06\/Gute-Stimmung-trotz-Sauwetters.jpg?w=1575&amp;ssl=1 1575w\" width=\"347\" height=\"231\" loading=\"lazy\" data-original-width=\"347\" data-original-height=\"231\" itemprop=\"http:\/\/schema.org\/image\" title=\"Gute Stimmung trotz Sauwetters\" alt=\"Gute Stimmung trotz Sauwetters\" style=\"width: 347px; height: 231px;\" \/> <\/a> <div class=\"tiled-gallery-caption\" itemprop=\"caption description\"> Gute Stimmung trotz Sauwetters <\/div> <\/div> <\/div> <!-- close group --> <div class=\"gallery-group images-2\" style=\"width: 174px; height: 235px;\" data-original-width=\"174\" data-original-height=\"235\" > <div class=\"tiled-gallery-item tiled-gallery-item-small\" itemprop=\"associatedMedia\" itemscope itemtype=\"http:\/\/schema.org\/ImageObject\"> <a href=\"https:\/\/i0.wp.com\/blog.kunstgriff.net\/wp-content\/uploads\/2017\/06\/Raus-zur-Hackerbr%C3%BCcke-%C3%BCber-die-Arnulfstrasse.jpg?ssl=1\" border=\"0\" itemprop=\"url\"> <meta itemprop=\"width\" content=\"170\"> <meta itemprop=\"height\" content=\"114\"> <img decoding=\"async\" class=\"\" data-attachment-id=\"15800\" data-orig-file=\"https:\/\/blog.kunstgriff.net\/wp-content\/uploads\/2017\/06\/Raus-zur-Hackerbr\u00fccke-\u00fcber-die-Arnulfstrasse.jpg\" data-orig-size=\"2000,1333\" data-comments-opened=\"1\" data-image-meta=\"{&quot;aperture&quot;:&quot;2.8&quot;,&quot;credit&quot;:&quot;&quot;,&quot;camera&quot;:&quot;TG-4&quot;,&quot;caption&quot;:&quot;OLYMPUS DIGITAL CAMERA&quot;,&quot;created_timestamp&quot;:&quot;1496568863&quot;,&quot;copyright&quot;:&quot;&quot;,&quot;focal_length&quot;:&quot;4.5&quot;,&quot;iso&quot;:&quot;100&quot;,&quot;shutter_speed&quot;:&quot;0.0015625&quot;,&quot;title&quot;:&quot;OLYMPUS DIGITAL CAMERA&quot;,&quot;orientation&quot;:&quot;1&quot;}\" data-image-title=\"Raus zur Hackerbr\u00fccke \u00fcber die Arnulfstrasse\" data-image-description=\"\" data-medium-file=\"https:\/\/i0.wp.com\/blog.kunstgriff.net\/wp-content\/uploads\/2017\/06\/Raus-zur-Hackerbr%C3%BCcke-%C3%BCber-die-Arnulfstrasse.jpg?fit=300%2C200&#038;ssl=1\" data-large-file=\"https:\/\/i0.wp.com\/blog.kunstgriff.net\/wp-content\/uploads\/2017\/06\/Raus-zur-Hackerbr%C3%BCcke-%C3%BCber-die-Arnulfstrasse.jpg?fit=1024%2C682&#038;ssl=1\" src=\"https:\/\/i0.wp.com\/blog.kunstgriff.net\/wp-content\/uploads\/2017\/06\/Raus-zur-Hackerbr%C3%BCcke-%C3%BCber-die-Arnulfstrasse.jpg?w=170&#038;h=114&#038;ssl=1\" width=\"170\" height=\"114\" loading=\"lazy\" data-original-width=\"170\" data-original-height=\"114\" itemprop=\"http:\/\/schema.org\/image\" title=\"Raus zur Hackerbr\u00fccke \u00fcber die Arnulfstrasse\" alt=\"Raus zur Hackerbr\u00fccke \u00fcber die Arnulfstrasse\" style=\"width: 170px; height: 114px;\" \/> <\/a> <div class=\"tiled-gallery-caption\" itemprop=\"caption description\"> Raus zur Hackerbr\u00fccke \u00fcber die Arnulfstrasse <\/div> <\/div> <div class=\"tiled-gallery-item tiled-gallery-item-small\" itemprop=\"associatedMedia\" itemscope itemtype=\"http:\/\/schema.org\/ImageObject\"> <a href=\"https:\/\/i0.wp.com\/blog.kunstgriff.net\/wp-content\/uploads\/2017\/06\/Manfred-und-Dirk-f%C3%BChren.jpg?ssl=1\" border=\"0\" itemprop=\"url\"> <meta itemprop=\"width\" content=\"170\"> <meta itemprop=\"height\" content=\"113\"> <img decoding=\"async\" class=\"\" data-attachment-id=\"15798\" data-orig-file=\"https:\/\/blog.kunstgriff.net\/wp-content\/uploads\/2017\/06\/Manfred-und-Dirk-f\u00fchren.jpg\" data-orig-size=\"2000,1333\" data-comments-opened=\"1\" data-image-meta=\"{&quot;aperture&quot;:&quot;2&quot;,&quot;credit&quot;:&quot;&quot;,&quot;camera&quot;:&quot;TG-4&quot;,&quot;caption&quot;:&quot;OLYMPUS DIGITAL CAMERA&quot;,&quot;created_timestamp&quot;:&quot;1496572965&quot;,&quot;copyright&quot;:&quot;&quot;,&quot;focal_length&quot;:&quot;4.5&quot;,&quot;iso&quot;:&quot;100&quot;,&quot;shutter_speed&quot;:&quot;0.016666666666667&quot;,&quot;title&quot;:&quot;OLYMPUS DIGITAL CAMERA&quot;,&quot;orientation&quot;:&quot;1&quot;}\" data-image-title=\"Manfred und Dirk f\u00fchren\" data-image-description=\"\" data-medium-file=\"https:\/\/i0.wp.com\/blog.kunstgriff.net\/wp-content\/uploads\/2017\/06\/Manfred-und-Dirk-f%C3%BChren.jpg?fit=300%2C200&#038;ssl=1\" data-large-file=\"https:\/\/i0.wp.com\/blog.kunstgriff.net\/wp-content\/uploads\/2017\/06\/Manfred-und-Dirk-f%C3%BChren.jpg?fit=1024%2C682&#038;ssl=1\" src=\"https:\/\/i0.wp.com\/blog.kunstgriff.net\/wp-content\/uploads\/2017\/06\/Manfred-und-Dirk-f%C3%BChren.jpg?w=170&#038;h=113&#038;ssl=1\" width=\"170\" height=\"113\" loading=\"lazy\" data-original-width=\"170\" data-original-height=\"113\" itemprop=\"http:\/\/schema.org\/image\" title=\"Manfred und Dirk f\u00fchren\" alt=\"Manfred und Dirk f\u00fchren\" style=\"width: 170px; height: 113px;\" \/> <\/a> <div class=\"tiled-gallery-caption\" itemprop=\"caption description\"> Manfred und Dirk f\u00fchren <\/div> <\/div> <\/div> <!-- close group --> <\/div> <!-- close row --> <div class=\"gallery-row\" style=\"width: 525px; height: 118px;\" data-original-width=\"525\" data-original-height=\"118\" > <div class=\"gallery-group images-1\" style=\"width: 175px; height: 118px;\" data-original-width=\"175\" data-original-height=\"118\" > <div class=\"tiled-gallery-item tiled-gallery-item-small\" itemprop=\"associatedMedia\" itemscope itemtype=\"http:\/\/schema.org\/ImageObject\"> <a href=\"https:\/\/i0.wp.com\/blog.kunstgriff.net\/wp-content\/uploads\/2017\/06\/Leckeres-Kuchenbuffet-beim-Dorf-Konditor.jpg?ssl=1\" border=\"0\" itemprop=\"url\"> <meta itemprop=\"width\" content=\"171\"> <meta itemprop=\"height\" content=\"114\"> <img decoding=\"async\" class=\"\" data-attachment-id=\"15797\" data-orig-file=\"https:\/\/blog.kunstgriff.net\/wp-content\/uploads\/2017\/06\/Leckeres-Kuchenbuffet-beim-Dorf-Konditor.jpg\" data-orig-size=\"2000,1333\" data-comments-opened=\"1\" data-image-meta=\"{&quot;aperture&quot;:&quot;2&quot;,&quot;credit&quot;:&quot;&quot;,&quot;camera&quot;:&quot;TG-4&quot;,&quot;caption&quot;:&quot;OLYMPUS DIGITAL CAMERA&quot;,&quot;created_timestamp&quot;:&quot;1496574177&quot;,&quot;copyright&quot;:&quot;&quot;,&quot;focal_length&quot;:&quot;4.5&quot;,&quot;iso&quot;:&quot;100&quot;,&quot;shutter_speed&quot;:&quot;0.0125&quot;,&quot;title&quot;:&quot;OLYMPUS DIGITAL CAMERA&quot;,&quot;orientation&quot;:&quot;1&quot;}\" data-image-title=\"Leckeres Kuchenbuffet beim Dorf-Konditor\" data-image-description=\"\" data-medium-file=\"https:\/\/i0.wp.com\/blog.kunstgriff.net\/wp-content\/uploads\/2017\/06\/Leckeres-Kuchenbuffet-beim-Dorf-Konditor.jpg?fit=300%2C200&#038;ssl=1\" data-large-file=\"https:\/\/i0.wp.com\/blog.kunstgriff.net\/wp-content\/uploads\/2017\/06\/Leckeres-Kuchenbuffet-beim-Dorf-Konditor.jpg?fit=1024%2C682&#038;ssl=1\" src=\"https:\/\/i0.wp.com\/blog.kunstgriff.net\/wp-content\/uploads\/2017\/06\/Leckeres-Kuchenbuffet-beim-Dorf-Konditor.jpg?w=171&#038;h=114&#038;ssl=1\" srcset=\"https:\/\/i0.wp.com\/blog.kunstgriff.net\/wp-content\/uploads\/2017\/06\/Leckeres-Kuchenbuffet-beim-Dorf-Konditor.jpg?w=2000&amp;ssl=1 2000w, https:\/\/i0.wp.com\/blog.kunstgriff.net\/wp-content\/uploads\/2017\/06\/Leckeres-Kuchenbuffet-beim-Dorf-Konditor.jpg?resize=300%2C200&amp;ssl=1 300w, https:\/\/i0.wp.com\/blog.kunstgriff.net\/wp-content\/uploads\/2017\/06\/Leckeres-Kuchenbuffet-beim-Dorf-Konditor.jpg?resize=768%2C512&amp;ssl=1 768w, https:\/\/i0.wp.com\/blog.kunstgriff.net\/wp-content\/uploads\/2017\/06\/Leckeres-Kuchenbuffet-beim-Dorf-Konditor.jpg?resize=1024%2C682&amp;ssl=1 1024w, https:\/\/i0.wp.com\/blog.kunstgriff.net\/wp-content\/uploads\/2017\/06\/Leckeres-Kuchenbuffet-beim-Dorf-Konditor.jpg?resize=450%2C300&amp;ssl=1 450w, https:\/\/i0.wp.com\/blog.kunstgriff.net\/wp-content\/uploads\/2017\/06\/Leckeres-Kuchenbuffet-beim-Dorf-Konditor.jpg?w=1575&amp;ssl=1 1575w\" width=\"171\" height=\"114\" loading=\"lazy\" data-original-width=\"171\" data-original-height=\"114\" itemprop=\"http:\/\/schema.org\/image\" title=\"Leckeres Kuchenbuffet beim Dorf-Konditor\" alt=\"Leckeres Kuchenbuffet beim Dorf-Konditor\" style=\"width: 171px; height: 114px;\" \/> <\/a> <div class=\"tiled-gallery-caption\" itemprop=\"caption description\"> Leckeres Kuchenbuffet beim Dorf-Konditor <\/div> <\/div> <\/div> <!-- close group --> <div class=\"gallery-group images-1\" style=\"width: 175px; height: 118px;\" data-original-width=\"175\" data-original-height=\"118\" > <div class=\"tiled-gallery-item tiled-gallery-item-small\" itemprop=\"associatedMedia\" itemscope itemtype=\"http:\/\/schema.org\/ImageObject\"> <a href=\"https:\/\/i0.wp.com\/blog.kunstgriff.net\/wp-content\/uploads\/2017\/06\/Marc-mag-draussen-nicht-frieren.jpg?ssl=1\" border=\"0\" itemprop=\"url\"> <meta itemprop=\"width\" content=\"171\"> <meta itemprop=\"height\" content=\"114\"> <img decoding=\"async\" class=\"\" data-attachment-id=\"15799\" data-orig-file=\"https:\/\/blog.kunstgriff.net\/wp-content\/uploads\/2017\/06\/Marc-mag-draussen-nicht-frieren.jpg\" data-orig-size=\"2000,1333\" data-comments-opened=\"1\" data-image-meta=\"{&quot;aperture&quot;:&quot;2&quot;,&quot;credit&quot;:&quot;&quot;,&quot;camera&quot;:&quot;TG-4&quot;,&quot;caption&quot;:&quot;OLYMPUS DIGITAL CAMERA&quot;,&quot;created_timestamp&quot;:&quot;1496576317&quot;,&quot;copyright&quot;:&quot;&quot;,&quot;focal_length&quot;:&quot;4.5&quot;,&quot;iso&quot;:&quot;320&quot;,&quot;shutter_speed&quot;:&quot;0.033333333333333&quot;,&quot;title&quot;:&quot;OLYMPUS DIGITAL CAMERA&quot;,&quot;orientation&quot;:&quot;1&quot;}\" data-image-title=\"Marc mag draussen nicht frieren\" data-image-description=\"\" data-medium-file=\"https:\/\/i0.wp.com\/blog.kunstgriff.net\/wp-content\/uploads\/2017\/06\/Marc-mag-draussen-nicht-frieren.jpg?fit=300%2C200&#038;ssl=1\" data-large-file=\"https:\/\/i0.wp.com\/blog.kunstgriff.net\/wp-content\/uploads\/2017\/06\/Marc-mag-draussen-nicht-frieren.jpg?fit=1024%2C682&#038;ssl=1\" src=\"https:\/\/i0.wp.com\/blog.kunstgriff.net\/wp-content\/uploads\/2017\/06\/Marc-mag-draussen-nicht-frieren.jpg?w=171&#038;h=114&#038;ssl=1\" srcset=\"https:\/\/i0.wp.com\/blog.kunstgriff.net\/wp-content\/uploads\/2017\/06\/Marc-mag-draussen-nicht-frieren.jpg?w=2000&amp;ssl=1 2000w, https:\/\/i0.wp.com\/blog.kunstgriff.net\/wp-content\/uploads\/2017\/06\/Marc-mag-draussen-nicht-frieren.jpg?resize=300%2C200&amp;ssl=1 300w, https:\/\/i0.wp.com\/blog.kunstgriff.net\/wp-content\/uploads\/2017\/06\/Marc-mag-draussen-nicht-frieren.jpg?resize=768%2C512&amp;ssl=1 768w, https:\/\/i0.wp.com\/blog.kunstgriff.net\/wp-content\/uploads\/2017\/06\/Marc-mag-draussen-nicht-frieren.jpg?resize=1024%2C682&amp;ssl=1 1024w, https:\/\/i0.wp.com\/blog.kunstgriff.net\/wp-content\/uploads\/2017\/06\/Marc-mag-draussen-nicht-frieren.jpg?resize=450%2C300&amp;ssl=1 450w, https:\/\/i0.wp.com\/blog.kunstgriff.net\/wp-content\/uploads\/2017\/06\/Marc-mag-draussen-nicht-frieren.jpg?w=1575&amp;ssl=1 1575w\" width=\"171\" height=\"114\" loading=\"lazy\" data-original-width=\"171\" data-original-height=\"114\" itemprop=\"http:\/\/schema.org\/image\" title=\"Marc mag draussen nicht frieren\" alt=\"Marc mag draussen nicht frieren\" style=\"width: 171px; height: 114px;\" \/> <\/a> <div class=\"tiled-gallery-caption\" itemprop=\"caption description\"> Marc mag draussen nicht frieren <\/div> <\/div> <\/div> <!-- close group --> <div class=\"gallery-group images-1\" style=\"width: 175px; height: 118px;\" data-original-width=\"175\" data-original-height=\"118\" > <div class=\"tiled-gallery-item tiled-gallery-item-small\" itemprop=\"associatedMedia\" itemscope itemtype=\"http:\/\/schema.org\/ImageObject\"> <a href=\"https:\/\/i0.wp.com\/blog.kunstgriff.net\/wp-content\/uploads\/2017\/06\/Im-Trockenen-mit-S%C3%A4pp.jpg?ssl=1\" border=\"0\" itemprop=\"url\"> <meta itemprop=\"width\" content=\"171\"> <meta itemprop=\"height\" content=\"114\"> <img decoding=\"async\" class=\"\" data-attachment-id=\"15795\" data-orig-file=\"https:\/\/blog.kunstgriff.net\/wp-content\/uploads\/2017\/06\/Im-Trockenen-mit-S\u00e4pp.jpg\" data-orig-size=\"2000,1333\" data-comments-opened=\"1\" data-image-meta=\"{&quot;aperture&quot;:&quot;2&quot;,&quot;credit&quot;:&quot;&quot;,&quot;camera&quot;:&quot;TG-4&quot;,&quot;caption&quot;:&quot;OLYMPUS DIGITAL CAMERA&quot;,&quot;created_timestamp&quot;:&quot;1496575289&quot;,&quot;copyright&quot;:&quot;&quot;,&quot;focal_length&quot;:&quot;4.5&quot;,&quot;iso&quot;:&quot;320&quot;,&quot;shutter_speed&quot;:&quot;0.033333333333333&quot;,&quot;title&quot;:&quot;OLYMPUS DIGITAL CAMERA&quot;,&quot;orientation&quot;:&quot;1&quot;}\" data-image-title=\"Im Trockenen mit S\u00e4pp\" data-image-description=\"\" data-medium-file=\"https:\/\/i0.wp.com\/blog.kunstgriff.net\/wp-content\/uploads\/2017\/06\/Im-Trockenen-mit-S%C3%A4pp.jpg?fit=300%2C200&#038;ssl=1\" data-large-file=\"https:\/\/i0.wp.com\/blog.kunstgriff.net\/wp-content\/uploads\/2017\/06\/Im-Trockenen-mit-S%C3%A4pp.jpg?fit=1024%2C682&#038;ssl=1\" src=\"https:\/\/i0.wp.com\/blog.kunstgriff.net\/wp-content\/uploads\/2017\/06\/Im-Trockenen-mit-S%C3%A4pp.jpg?w=171&#038;h=114&#038;ssl=1\" width=\"171\" height=\"114\" loading=\"lazy\" data-original-width=\"171\" data-original-height=\"114\" itemprop=\"http:\/\/schema.org\/image\" title=\"Im Trockenen mit S\u00e4pp\" alt=\"Im Trockenen mit S\u00e4pp\" style=\"width: 171px; height: 114px;\" \/> <\/a> <div class=\"tiled-gallery-caption\" itemprop=\"caption description\"> Im Trockenen mit S\u00e4pp <\/div> <\/div> <\/div> <!-- close group --> <\/div> <!-- close row --> <div class=\"gallery-row\" style=\"width: 525px; height: 89px;\" data-original-width=\"525\" data-original-height=\"89\" > <div class=\"gallery-group images-1\" style=\"width: 132px; height: 89px;\" data-original-width=\"132\" data-original-height=\"89\" > <div class=\"tiled-gallery-item tiled-gallery-item-small\" itemprop=\"associatedMedia\" itemscope itemtype=\"http:\/\/schema.org\/ImageObject\"> <a href=\"https:\/\/i0.wp.com\/blog.kunstgriff.net\/wp-content\/uploads\/2017\/06\/W%C3%A4rmedecken-f%C3%BCr-die-Bande.jpg?ssl=1\" border=\"0\" itemprop=\"url\"> <meta itemprop=\"width\" content=\"128\"> <meta itemprop=\"height\" content=\"85\"> <img decoding=\"async\" class=\"\" data-attachment-id=\"15802\" data-orig-file=\"https:\/\/blog.kunstgriff.net\/wp-content\/uploads\/2017\/06\/W\u00e4rmedecken-f\u00fcr-die-Bande.jpg\" data-orig-size=\"2000,1333\" data-comments-opened=\"1\" data-image-meta=\"{&quot;aperture&quot;:&quot;2&quot;,&quot;credit&quot;:&quot;&quot;,&quot;camera&quot;:&quot;TG-4&quot;,&quot;caption&quot;:&quot;OLYMPUS DIGITAL CAMERA&quot;,&quot;created_timestamp&quot;:&quot;1496579898&quot;,&quot;copyright&quot;:&quot;&quot;,&quot;focal_length&quot;:&quot;4.5&quot;,&quot;iso&quot;:&quot;100&quot;,&quot;shutter_speed&quot;:&quot;0.016666666666667&quot;,&quot;title&quot;:&quot;OLYMPUS DIGITAL CAMERA&quot;,&quot;orientation&quot;:&quot;1&quot;}\" data-image-title=\"W\u00e4rmedecken f\u00fcr die Bande\" data-image-description=\"\" data-medium-file=\"https:\/\/i0.wp.com\/blog.kunstgriff.net\/wp-content\/uploads\/2017\/06\/W%C3%A4rmedecken-f%C3%BCr-die-Bande.jpg?fit=300%2C200&#038;ssl=1\" data-large-file=\"https:\/\/i0.wp.com\/blog.kunstgriff.net\/wp-content\/uploads\/2017\/06\/W%C3%A4rmedecken-f%C3%BCr-die-Bande.jpg?fit=1024%2C682&#038;ssl=1\" src=\"https:\/\/i0.wp.com\/blog.kunstgriff.net\/wp-content\/uploads\/2017\/06\/W%C3%A4rmedecken-f%C3%BCr-die-Bande.jpg?w=128&#038;h=85&#038;ssl=1\" width=\"128\" height=\"85\" loading=\"lazy\" data-original-width=\"128\" data-original-height=\"85\" itemprop=\"http:\/\/schema.org\/image\" title=\"W\u00e4rmedecken f\u00fcr die Bande\" alt=\"W\u00e4rmedecken f\u00fcr die Bande\" style=\"width: 128px; height: 85px;\" \/> <\/a> <div class=\"tiled-gallery-caption\" itemprop=\"caption description\"> W\u00e4rmedecken f\u00fcr die Bande <\/div> <\/div> <\/div> <!-- close group --> <div class=\"gallery-group images-1\" style=\"width: 131px; height: 89px;\" data-original-width=\"131\" data-original-height=\"89\" > <div class=\"tiled-gallery-item tiled-gallery-item-small\" itemprop=\"associatedMedia\" itemscope itemtype=\"http:\/\/schema.org\/ImageObject\"> <a href=\"https:\/\/i0.wp.com\/blog.kunstgriff.net\/wp-content\/uploads\/2017\/06\/Wann-fahren-wir-endlich-weiter.jpg?ssl=1\" border=\"0\" itemprop=\"url\"> <meta itemprop=\"width\" content=\"127\"> <meta itemprop=\"height\" content=\"85\"> <img decoding=\"async\" class=\"\" data-attachment-id=\"15801\" data-orig-file=\"https:\/\/blog.kunstgriff.net\/wp-content\/uploads\/2017\/06\/Wann-fahren-wir-endlich-weiter.jpg\" data-orig-size=\"2000,1333\" data-comments-opened=\"1\" data-image-meta=\"{&quot;aperture&quot;:&quot;2.8&quot;,&quot;credit&quot;:&quot;&quot;,&quot;camera&quot;:&quot;TG-4&quot;,&quot;caption&quot;:&quot;OLYMPUS DIGITAL CAMERA&quot;,&quot;created_timestamp&quot;:&quot;1496585987&quot;,&quot;copyright&quot;:&quot;&quot;,&quot;focal_length&quot;:&quot;4.5&quot;,&quot;iso&quot;:&quot;100&quot;,&quot;shutter_speed&quot;:&quot;0.002&quot;,&quot;title&quot;:&quot;OLYMPUS DIGITAL CAMERA&quot;,&quot;orientation&quot;:&quot;1&quot;}\" data-image-title=\"Wann fahren wir endlich weiter?\" data-image-description=\"\" data-medium-file=\"https:\/\/i0.wp.com\/blog.kunstgriff.net\/wp-content\/uploads\/2017\/06\/Wann-fahren-wir-endlich-weiter.jpg?fit=300%2C200&#038;ssl=1\" data-large-file=\"https:\/\/i0.wp.com\/blog.kunstgriff.net\/wp-content\/uploads\/2017\/06\/Wann-fahren-wir-endlich-weiter.jpg?fit=1024%2C682&#038;ssl=1\" src=\"https:\/\/i0.wp.com\/blog.kunstgriff.net\/wp-content\/uploads\/2017\/06\/Wann-fahren-wir-endlich-weiter.jpg?w=127&#038;h=85&#038;ssl=1\" srcset=\"https:\/\/i0.wp.com\/blog.kunstgriff.net\/wp-content\/uploads\/2017\/06\/Wann-fahren-wir-endlich-weiter.jpg?w=2000&amp;ssl=1 2000w, https:\/\/i0.wp.com\/blog.kunstgriff.net\/wp-content\/uploads\/2017\/06\/Wann-fahren-wir-endlich-weiter.jpg?resize=300%2C200&amp;ssl=1 300w, https:\/\/i0.wp.com\/blog.kunstgriff.net\/wp-content\/uploads\/2017\/06\/Wann-fahren-wir-endlich-weiter.jpg?resize=768%2C512&amp;ssl=1 768w, https:\/\/i0.wp.com\/blog.kunstgriff.net\/wp-content\/uploads\/2017\/06\/Wann-fahren-wir-endlich-weiter.jpg?resize=1024%2C682&amp;ssl=1 1024w, https:\/\/i0.wp.com\/blog.kunstgriff.net\/wp-content\/uploads\/2017\/06\/Wann-fahren-wir-endlich-weiter.jpg?resize=450%2C300&amp;ssl=1 450w, https:\/\/i0.wp.com\/blog.kunstgriff.net\/wp-content\/uploads\/2017\/06\/Wann-fahren-wir-endlich-weiter.jpg?w=1575&amp;ssl=1 1575w\" width=\"127\" height=\"85\" loading=\"lazy\" data-original-width=\"127\" data-original-height=\"85\" itemprop=\"http:\/\/schema.org\/image\" title=\"Wann fahren wir endlich weiter?\" alt=\"Wann fahren wir endlich weiter?\" style=\"width: 127px; height: 85px;\" \/> <\/a> <div class=\"tiled-gallery-caption\" itemprop=\"caption description\"> Wann fahren wir endlich weiter? <\/div> <\/div> <\/div> <!-- close group --> <div class=\"gallery-group images-1\" style=\"width: 131px; height: 89px;\" data-original-width=\"131\" data-original-height=\"89\" > <div class=\"tiled-gallery-item tiled-gallery-item-small\" itemprop=\"associatedMedia\" itemscope itemtype=\"http:\/\/schema.org\/ImageObject\"> <a href=\"https:\/\/i0.wp.com\/blog.kunstgriff.net\/wp-content\/uploads\/2017\/06\/bei-Bad-T%C3%B6lz.jpg?ssl=1\" border=\"0\" itemprop=\"url\"> <meta itemprop=\"width\" content=\"127\"> <meta itemprop=\"height\" content=\"85\"> <img decoding=\"async\" class=\"\" data-attachment-id=\"15793\" data-orig-file=\"https:\/\/blog.kunstgriff.net\/wp-content\/uploads\/2017\/06\/bei-Bad-T\u00f6lz.jpg\" data-orig-size=\"2000,1333\" data-comments-opened=\"1\" data-image-meta=\"{&quot;aperture&quot;:&quot;2&quot;,&quot;credit&quot;:&quot;&quot;,&quot;camera&quot;:&quot;TG-4&quot;,&quot;caption&quot;:&quot;OLYMPUS DIGITAL CAMERA&quot;,&quot;created_timestamp&quot;:&quot;1496577760&quot;,&quot;copyright&quot;:&quot;&quot;,&quot;focal_length&quot;:&quot;4.5&quot;,&quot;iso&quot;:&quot;100&quot;,&quot;shutter_speed&quot;:&quot;0.01&quot;,&quot;title&quot;:&quot;OLYMPUS DIGITAL CAMERA&quot;,&quot;orientation&quot;:&quot;1&quot;}\" data-image-title=\"bei Bad T\u00f6lz\" data-image-description=\"\" data-medium-file=\"https:\/\/i0.wp.com\/blog.kunstgriff.net\/wp-content\/uploads\/2017\/06\/bei-Bad-T%C3%B6lz.jpg?fit=300%2C200&#038;ssl=1\" data-large-file=\"https:\/\/i0.wp.com\/blog.kunstgriff.net\/wp-content\/uploads\/2017\/06\/bei-Bad-T%C3%B6lz.jpg?fit=1024%2C682&#038;ssl=1\" src=\"https:\/\/i0.wp.com\/blog.kunstgriff.net\/wp-content\/uploads\/2017\/06\/bei-Bad-T%C3%B6lz.jpg?w=127&#038;h=85&#038;ssl=1\" width=\"127\" height=\"85\" loading=\"lazy\" data-original-width=\"127\" data-original-height=\"85\" itemprop=\"http:\/\/schema.org\/image\" title=\"bei Bad T\u00f6lz\" alt=\"bei Bad T\u00f6lz\" style=\"width: 127px; height: 85px;\" \/> <\/a> <div class=\"tiled-gallery-caption\" itemprop=\"caption description\"> bei Bad T\u00f6lz <\/div> <\/div> <\/div> <!-- close group --> <div class=\"gallery-group images-1\" style=\"width: 131px; height: 89px;\" data-original-width=\"131\" data-original-height=\"89\" > <div class=\"tiled-gallery-item tiled-gallery-item-small\" itemprop=\"associatedMedia\" itemscope itemtype=\"http:\/\/schema.org\/ImageObject\"> <a href=\"https:\/\/i0.wp.com\/blog.kunstgriff.net\/wp-content\/uploads\/2017\/06\/Am-Zielort-in-%C3%96sterreich-beim-R%C3%A4der-abspritzen.jpg?ssl=1\" border=\"0\" itemprop=\"url\"> <meta itemprop=\"width\" content=\"127\"> <meta itemprop=\"height\" content=\"85\"> <img decoding=\"async\" class=\"\" data-attachment-id=\"15792\" data-orig-file=\"https:\/\/blog.kunstgriff.net\/wp-content\/uploads\/2017\/06\/Am-Zielort-in-\u00d6sterreich-beim-R\u00e4der-abspritzen.jpg\" data-orig-size=\"2000,1333\" data-comments-opened=\"1\" data-image-meta=\"{&quot;aperture&quot;:&quot;3.5&quot;,&quot;credit&quot;:&quot;&quot;,&quot;camera&quot;:&quot;TG-4&quot;,&quot;caption&quot;:&quot;OLYMPUS DIGITAL CAMERA&quot;,&quot;created_timestamp&quot;:&quot;1496586433&quot;,&quot;copyright&quot;:&quot;&quot;,&quot;focal_length&quot;:&quot;6.42&quot;,&quot;iso&quot;:&quot;100&quot;,&quot;shutter_speed&quot;:&quot;0.003125&quot;,&quot;title&quot;:&quot;OLYMPUS DIGITAL CAMERA&quot;,&quot;orientation&quot;:&quot;1&quot;}\" data-image-title=\"Am Zielort in \u00d6sterreich beim R\u00e4der abspritzen\" data-image-description=\"\" data-medium-file=\"https:\/\/i0.wp.com\/blog.kunstgriff.net\/wp-content\/uploads\/2017\/06\/Am-Zielort-in-%C3%96sterreich-beim-R%C3%A4der-abspritzen.jpg?fit=300%2C200&#038;ssl=1\" data-large-file=\"https:\/\/i0.wp.com\/blog.kunstgriff.net\/wp-content\/uploads\/2017\/06\/Am-Zielort-in-%C3%96sterreich-beim-R%C3%A4der-abspritzen.jpg?fit=1024%2C682&#038;ssl=1\" src=\"https:\/\/i0.wp.com\/blog.kunstgriff.net\/wp-content\/uploads\/2017\/06\/Am-Zielort-in-%C3%96sterreich-beim-R%C3%A4der-abspritzen.jpg?w=127&#038;h=85&#038;ssl=1\" width=\"127\" height=\"85\" loading=\"lazy\" data-original-width=\"127\" data-original-height=\"85\" itemprop=\"http:\/\/schema.org\/image\" title=\"Am Zielort in \u00d6sterreich beim R\u00e4der abspritzen\" alt=\"Am Zielort in \u00d6sterreich beim R\u00e4der abspritzen\" style=\"width: 127px; height: 85px;\" \/> <\/a> <div class=\"tiled-gallery-caption\" itemprop=\"caption description\"> Am Zielort in \u00d6sterreich beim R\u00e4der abspritzen <\/div> <\/div> <\/div> <!-- close group --> <\/div> <!-- close row --> <\/div>\n<p><iframe height='405' width='590' frameborder='0' allowtransparency='true' scrolling='no' src='https:\/\/www.strava.com\/activities\/1032291033\/embed\/f7baa2f4673eaaa7ec06deb09851f76e5aae797f'><\/iframe><\/p>\n<div style=\"width: 525px;\" class=\"wp-video\"><video class=\"wp-video-shortcode\" id=\"video-15773-1\" width=\"525\" height=\"295\" preload=\"metadata\" controls=\"controls\"><source type=\"video\/mp4\" src=\"https:\/\/blog.kunstgriff.net\/wp-content\/uploads\/2017\/06\/Relive-ERT-2017-M\u00fcnchen-\u2013-Achensee.mp4?_=1\" \/><a href=\"https:\/\/blog.kunstgriff.net\/wp-content\/uploads\/2017\/06\/Relive-ERT-2017-M\u00fcnchen-\u2013-Achensee.mp4\">https:\/\/blog.kunstgriff.net\/wp-content\/uploads\/2017\/06\/Relive-ERT-2017-M\u00fcnchen-\u2013-Achensee.mp4<\/a><\/video><\/div>\n","protected":false},"excerpt":{"rendered":"<p>87 km | 683 H\u00f6henmeter Gestern sind wir bequem mit AirBerlin in M\u00fcnchen angereist. Unser Gep\u00e4ck und R\u00e4der waren schon vorher mit dem Transporter von Torgrim, Alex und Lothar zum A&amp;O Hostel chauffiert worden. Klasse Service. Nach der Stadtf\u00fchrung von Lars ging es dann geradewegs in den Augustiner-Keller in der Arnulfstrasse. Nach zwei Radlermass und &hellip; <\/p>\n<p class=\"link-more\"><a href=\"https:\/\/blog.kunstgriff.net\/?p=15773\" class=\"more-link\"><span class=\"screen-reader-text\">\u201eERT 2017 M\u00fcnchen \u2013 Achensee\u201c <\/span>weiterlesen<\/a><\/p>\n","protected":false},"author":2,"featured_media":15794,"comment_status":"open","ping_status":"open","sticky":false,"template":"","format":"standard","meta":{"jetpack_post_was_ever_published":false,"_jetpack_newsletter_access":"","_jetpack_dont_email_post_to_subs":false,"_jetpack_newsletter_tier_id":0,"_jetpack_memberships_contains_paywalled_content":false,"_jetpack_memberships_contains_paid_content":false,"footnotes":""},"categories":[13,7,36],"tags":[],"class_list":["post-15773","post","type-post","status-publish","format-standard","has-post-thumbnail","hentry","category-radreise","category-rennradfahren","category-veranstaltungen"],"jetpack_featured_media_url":"https:\/\/i0.wp.com\/blog.kunstgriff.net\/wp-content\/uploads\/2017\/06\/Gute-Stimmung-trotz-Sauwetters.jpg?fit=2000%2C1333&ssl=1","jetpack_shortlink":"https:\/\/wp.me\/p8Cxe7-46p","jetpack-related-posts":[{"id":456,"url":"https:\/\/blog.kunstgriff.net\/?p=456","url_meta":{"origin":15773,"position":0},"title":"ITF 3. Etappe Duchcov -> Mlad\u00e1 Boleslav","author":"Georg","date":"Mai 22, 2009","format":false,"excerpt":"165,7 km \u2022\u00a01.687 H\u00f6henmeter Nach einem einfachen Fr\u00fchst\u00fcck in der Pension ging es auch schon los und es musste zu der Strecke geroutet werden, auf welcher der Gro\u00dfteil der Fahrer entlang kamen, welche in Duchcov gen\u00e4chtigt hatten. Leider hatten diese keine Lust, am vereinbarten Treffpunkt, zu warten und so machten\u2026","rel":"","context":"In &quot;Garmin&quot;","block_context":{"text":"Garmin","link":"https:\/\/blog.kunstgriff.net\/?cat=35"},"img":{"alt_text":"","src":"","width":0,"height":0},"classes":[]},{"id":24458,"url":"https:\/\/blog.kunstgriff.net\/?p=24458","url_meta":{"origin":15773,"position":1},"title":"30 Jahre WfF Geburtstagstour ins Allg\u00e4u","author":"Georg","date":"Juni 25, 2025","format":false,"excerpt":"854 km - 9.980 H\u00f6henmeter Am 8.6.2025 war es soweit: Der Wff feierte sein drei\u00dfigj\u00e4hriges Bestehen mit einer Radreise ins Allg\u00e4u. Einer der, wenn nicht DIE sch\u00f6nste Radfahr-Region Deutschlands sollte unter die schmalen Reifen genommen werden. Die Breitreifen-Fraktion der \u00bbGraveler:innen\u00ab! wurde auch ber\u00fccksichtigt \u2013 jeden Tag gab es einen anspruchsvollen\u2026","rel":"","context":"In &quot;Radfahren&quot;","block_context":{"text":"Radfahren","link":"https:\/\/blog.kunstgriff.net\/?cat=14"},"img":{"alt_text":"","src":"https:\/\/i0.wp.com\/blog.kunstgriff.net\/wp-content\/uploads\/2025\/06\/IMG_1122.jpeg?fit=1200%2C900&ssl=1&resize=350%2C200","width":350,"height":200,"srcset":"https:\/\/i0.wp.com\/blog.kunstgriff.net\/wp-content\/uploads\/2025\/06\/IMG_1122.jpeg?fit=1200%2C900&ssl=1&resize=350%2C200 1x, https:\/\/i0.wp.com\/blog.kunstgriff.net\/wp-content\/uploads\/2025\/06\/IMG_1122.jpeg?fit=1200%2C900&ssl=1&resize=525%2C300 1.5x, https:\/\/i0.wp.com\/blog.kunstgriff.net\/wp-content\/uploads\/2025\/06\/IMG_1122.jpeg?fit=1200%2C900&ssl=1&resize=700%2C400 2x, https:\/\/i0.wp.com\/blog.kunstgriff.net\/wp-content\/uploads\/2025\/06\/IMG_1122.jpeg?fit=1200%2C900&ssl=1&resize=1050%2C600 3x"},"classes":[]},{"id":2590,"url":"https:\/\/blog.kunstgriff.net\/?p=2590","url_meta":{"origin":15773,"position":2},"title":"Hamburg->Berlin 2010","author":"Georg","date":"Oktober 16, 2010","format":false,"excerpt":"oder \"Neun Mann gegen den Wind\"Wie in den drei Jahren zuvor w\u00e4hlten wir f\u00fcr die Anreise nach Hamburg wieder die Deutsche Bahn, die unsere R\u00e4der und uns mit Ihren komfortablen IC\u2019s sicher und unp\u00fcnktlich nach Hamburg bringen sollte. Im Zug, den ich erst in Berlin-Spandau bestieg, sa\u00dfen schon meine Teamkameraden\u2026","rel":"","context":"In &quot;Besonderes Ereignis&quot;","block_context":{"text":"Besonderes Ereignis","link":"https:\/\/blog.kunstgriff.net\/?cat=25"},"img":{"alt_text":"","src":"https:\/\/i0.wp.com\/blog.kunstgriff.net\/wp-content\/uploads\/2010\/10\/IMG_4039.jpg?fit=600%2C395&ssl=1&resize=350%2C200","width":350,"height":200,"srcset":"https:\/\/i0.wp.com\/blog.kunstgriff.net\/wp-content\/uploads\/2010\/10\/IMG_4039.jpg?fit=600%2C395&ssl=1&resize=350%2C200 1x, https:\/\/i0.wp.com\/blog.kunstgriff.net\/wp-content\/uploads\/2010\/10\/IMG_4039.jpg?fit=600%2C395&ssl=1&resize=525%2C300 1.5x"},"classes":[]},{"id":10249,"url":"https:\/\/blog.kunstgriff.net\/?p=10249","url_meta":{"origin":15773,"position":3},"title":"Auf Friedensfahrt\u2013Kurs 2013 4. Tag: Bayreuth -> Domazlice","author":"Georg","date":"Mai 10, 2013","format":false,"excerpt":"145,12 km | 1.017 H\u00f6henmeterDer Blick aus dem Fenster meines kleinen Dachstuhlfensters zeigte, was uns heute begleiten w\u00fcrde: Regentropfen prasselten auf den Asphalt. Die Motivation war sehr niedrig, um nicht zu sagen im Keller, heute aufs Renrrad zu steigen. Beim Fr\u00fchst\u00fcck pr\u00e4sentierten dann die Mitfahrer ihren Plan f\u00fcr die Weiterfahrt:\u2026","rel":"","context":"In &quot;Besonderes Ereignis&quot;","block_context":{"text":"Besonderes Ereignis","link":"https:\/\/blog.kunstgriff.net\/?cat=25"},"img":{"alt_text":"","src":"https:\/\/i0.wp.com\/blog.kunstgriff.net\/wp-content\/uploads\/2013\/05\/Satte-gr%C3%BCne-W%C3%A4lder-in-der-Oberpfalz.jpg?fit=1200%2C900&ssl=1&resize=350%2C200","width":350,"height":200,"srcset":"https:\/\/i0.wp.com\/blog.kunstgriff.net\/wp-content\/uploads\/2013\/05\/Satte-gr%C3%BCne-W%C3%A4lder-in-der-Oberpfalz.jpg?fit=1200%2C900&ssl=1&resize=350%2C200 1x, https:\/\/i0.wp.com\/blog.kunstgriff.net\/wp-content\/uploads\/2013\/05\/Satte-gr%C3%BCne-W%C3%A4lder-in-der-Oberpfalz.jpg?fit=1200%2C900&ssl=1&resize=525%2C300 1.5x, https:\/\/i0.wp.com\/blog.kunstgriff.net\/wp-content\/uploads\/2013\/05\/Satte-gr%C3%BCne-W%C3%A4lder-in-der-Oberpfalz.jpg?fit=1200%2C900&ssl=1&resize=700%2C400 2x, https:\/\/i0.wp.com\/blog.kunstgriff.net\/wp-content\/uploads\/2013\/05\/Satte-gr%C3%BCne-W%C3%A4lder-in-der-Oberpfalz.jpg?fit=1200%2C900&ssl=1&resize=1050%2C600 3x"},"classes":[]},{"id":5656,"url":"https:\/\/blog.kunstgriff.net\/?p=5656","url_meta":{"origin":15773,"position":4},"title":"Harz-Tour 2011 &#8211; Tag 2","author":"Georg","date":"August 27, 2011","format":false,"excerpt":"oder \u00bbHeute leider nur der Brocken\u00ab Der Tag begann, wie vorher gesagt, mit Regen. Viel Regen. Soviel Regen, dass niemand wirklich Lust hatte sich aufs Rad zu setzen und die K\u00f6nigsetappe zu fahren. Nichtmal eine kurze Runde war vorstellbar. Nach anf\u00e4nglichem Rumlungern in unserem Haus entschieden wir uns f\u00fcr eine\u2026","rel":"","context":"In &quot;Radfahren&quot;","block_context":{"text":"Radfahren","link":"https:\/\/blog.kunstgriff.net\/?cat=14"},"img":{"alt_text":"","src":"https:\/\/i0.wp.com\/blog.kunstgriff.net\/wp-content\/uploads\/2011\/08\/Auffahrt-auf-den-Brocken-auf-der-neuen-Brockenstrasse.jpg?resize=350%2C200","width":350,"height":200,"srcset":"https:\/\/i0.wp.com\/blog.kunstgriff.net\/wp-content\/uploads\/2011\/08\/Auffahrt-auf-den-Brocken-auf-der-neuen-Brockenstrasse.jpg?resize=350%2C200 1x, https:\/\/i0.wp.com\/blog.kunstgriff.net\/wp-content\/uploads\/2011\/08\/Auffahrt-auf-den-Brocken-auf-der-neuen-Brockenstrasse.jpg?resize=525%2C300 1.5x, https:\/\/i0.wp.com\/blog.kunstgriff.net\/wp-content\/uploads\/2011\/08\/Auffahrt-auf-den-Brocken-auf-der-neuen-Brockenstrasse.jpg?resize=700%2C400 2x"},"classes":[]},{"id":7635,"url":"https:\/\/blog.kunstgriff.net\/?p=7635","url_meta":{"origin":15773,"position":5},"title":"Toms Tour nach Harnekop","author":"Georg","date":"April 1, 2012","format":false,"excerpt":"oder \u00bbDer Wind sind unsere Berge\u00ab Lange konnte ich mich nicht entscheiden, welche Tour denn zu fahren sei, aber da das Angebot f\u00fcr diesen Sonntag mehr als \u00fcbersichtlich war, entschied ich mich f\u00fcr die Tour nach Harnekop. Die weite Anreise zum Bahnhof Malchow schreckte mich, aber Alex \u00fcberzeugte mich und\u2026","rel":"","context":"In &quot;Radfahren&quot;","block_context":{"text":"Radfahren","link":"https:\/\/blog.kunstgriff.net\/?cat=14"},"img":{"alt_text":"","src":"https:\/\/i0.wp.com\/blog.kunstgriff.net\/wp-content\/uploads\/2012\/04\/Greeting-from-the-girls.jpg?resize=350%2C200","width":350,"height":200,"srcset":"https:\/\/i0.wp.com\/blog.kunstgriff.net\/wp-content\/uploads\/2012\/04\/Greeting-from-the-girls.jpg?resize=350%2C200 1x, https:\/\/i0.wp.com\/blog.kunstgriff.net\/wp-content\/uploads\/2012\/04\/Greeting-from-the-girls.jpg?resize=525%2C300 1.5x, https:\/\/i0.wp.com\/blog.kunstgriff.net\/wp-content\/uploads\/2012\/04\/Greeting-from-the-girls.jpg?resize=700%2C400 2x"},"classes":[]}],"jetpack_likes_enabled":true,"jetpack_sharing_enabled":true,"_links":{"self":[{"href":"https:\/\/blog.kunstgriff.net\/index.php?rest_route=\/wp\/v2\/posts\/15773","targetHints":{"allow":["GET"]}}],"collection":[{"href":"https:\/\/blog.kunstgriff.net\/index.php?rest_route=\/wp\/v2\/posts"}],"about":[{"href":"https:\/\/blog.kunstgriff.net\/index.php?rest_route=\/wp\/v2\/types\/post"}],"author":[{"embeddable":true,"href":"https:\/\/blog.kunstgriff.net\/index.php?rest_route=\/wp\/v2\/users\/2"}],"replies":[{"embeddable":true,"href":"https:\/\/blog.kunstgriff.net\/index.php?rest_route=%2Fwp%2Fv2%2Fcomments&post=15773"}],"version-history":[{"count":0,"href":"https:\/\/blog.kunstgriff.net\/index.php?rest_route=\/wp\/v2\/posts\/15773\/revisions"}],"wp:featuredmedia":[{"embeddable":true,"href":"https:\/\/blog.kunstgriff.net\/index.php?rest_route=\/wp\/v2\/media\/15794"}],"wp:attachment":[{"href":"https:\/\/blog.kunstgriff.net\/index.php?rest_route=%2Fwp%2Fv2%2Fmedia&parent=15773"}],"wp:term":[{"taxonomy":"category","embeddable":true,"href":"https:\/\/blog.kunstgriff.net\/index.php?rest_route=%2Fwp%2Fv2%2Fcategories&post=15773"},{"taxonomy":"post_tag","embeddable":true,"href":"https:\/\/blog.kunstgriff.net\/index.php?rest_route=%2Fwp%2Fv2%2Ftags&post=15773"}],"curies":[{"name":"wp","href":"https:\/\/api.w.org\/{rel}","templated":true}]}}