{"id":1581,"date":"2010-06-09T18:12:21","date_gmt":"2010-06-09T16:12:21","guid":{"rendered":"http:\/\/blog.kunstgriff.net\/?p=1581"},"modified":"2017-06-13T16:18:06","modified_gmt":"2017-06-13T14:18:06","slug":"breisgau-tour-2010-tag-5-botzingen-schauinsland-bergzeitfahren","status":"publish","type":"post","link":"https:\/\/blog.kunstgriff.net\/?p=1581","title":{"rendered":"Breisgau Tour 2010 &#8211; Tag 5 &#8211; B\u00f6tzingen->Schauinsland (Bergzeitfahren)"},"content":{"rendered":"<span class=\"span-reading-time rt-reading-time\" style=\"display: block;\"><span class=\"rt-label rt-prefix\">Lesezeit: <\/span> <span class=\"rt-time\"> 2<\/span> <span class=\"rt-label rt-postfix\">Minuten<\/span><\/span><p>Leider war heute schon der letzte Tag unserer Breisgau Tour 2010 und alle erwarteten mit gro\u00dfer Spannung das finale Bergzeitfahren am <a href=\"http:\/\/www.quaeldich.de\/paesse\/schauinsland\/\" target=\"_blank\">Schauinsland<\/a>. Die Spannung war so gro\u00df, sodass das Fr\u00fchst\u00fcck heute recht wortkarg ausfiel. Nur die wichtigsten Informationen wurden ausgetauscht und auch der Weg nach Freiburg war sehr ruhig. Keiner wollte sich zu weit aus dem Fenster lehnen und einen Spruch machen, welchen er sp\u00e4ter bereuen w\u00fcrde. Das ist sonst eigentlich anders.<\/p>\n<p>Der Weg durch Freiburg zur Talstation wurde sauber vom Garmin geroutet und so stoppten wird dort um die letzten Vorbereitungen vor dem Start zu treffen. Ein letztes mal vom Energieriegel abgebissen, Flaschen leeren, die Musik richtig eingestellt, den richtigen Gang eingelegt und sogar den Helm gegen ein Cap zum entspannteren Bergauffahren getauscht.<\/p>\n<p>Dann wurde in Abst\u00e4nden von zwei Minuten am Parkplatz losgedonnert. Erst Stephan S. dann Christoph, dann ich, dann Andi S und zum Schluss Stefan N.<\/p>\n<p>Der erste Kilometer des rund 11 km langen Anstiegs war wie zu erwarten sehr hart. Zum einen muss man seinen runden Tritt finden, zum Anderen ist genau dieser Sektor der Steilste.<\/p>\n<p>Es ging erstaunlich schnell das Andi mich kassierte. Ich versuchte noch ein wenig mich an sein Hinterrad zu h\u00e4ngen, was mir aber nur f\u00fcr ungef\u00e4hr 200 Meter gelang. Danach musste ich ihn leider ziehen lassen, aber zu meinem gro\u00dfen Erstaunen, war der zwei Minuten vor mir gestartete Christoph schon in Sichtweite. Zu diesem Zeitpunkt war ich mir schon fast sicher, das ich bei diesem Zeitfahren nicht die rote Laterne auf den Gipfel bringen w\u00fcrde.<\/p>\n<p>Nun dr\u00fcckte ich mir ein Gel rein um noch einen ordentlichen Schub zu bekommen und Christoph so zu kassieren, das er sich nicht bei mir reinh\u00e4ngt. Das gelang mir zum Gl\u00fcck auch, denn f\u00fcr einen Gipfelspurt h\u00e4tte ich keine K\u00f6rner mehr gehabt. So kam ich ersch\u00f6pft aber zufrieden auf 1.230 Metern h\u00f6he an. Stephan S. stoppte die Zeit und weiter ging es gleich bergab nach Todnau. Dort wurden die Flaschen gef\u00fcllt und erst einmal eine kleine Brotzeit eingelegt, bevor es den letzten Anstieg zum Wiedener-Eck hochging. Dieser wurde von Stephan und mir total <em>piano<\/em> gefahren. Das Zeitfahren war ja nun erfolgreich beendet.<\/p>\n<p>Oben, wo auch die Fotos entstanden freuten wir uns schon auf die lange Abfahrt ins M\u00fcnstertal. Dort wurde <a href=\"http:\/\/www.landgasthaus.de\/\" target=\"_blank\">das Landgasthaus<\/a> angesteuert und Weizen und K\u00e4nnchen Kaffee zu 4,20\u20ac geordert.<\/p>\n<p>Zur\u00fcck in B\u00f6tzingen wurden die Zeitfahrzeiten ausgewertet und es kamen erstaunliche Ergebnisse zu Tage:<\/p>\n<ol>\n<li><strong>0:43:26h<\/strong> (0:43:05h 2009) Stefan N.<\/li>\n<li><strong>0:44:53h<\/strong> (0:47:03h 2009) Andi S.<\/li>\n<li><strong>0:45:22h<\/strong> (0:42:17h 2009) Stephan S.<\/li>\n<li><strong>0:49:50h<\/strong> (0:46:43h 2009) Georg<\/li>\n<li><strong>0:52:32h<\/strong> (0:54:42h 2009) Christoph<\/li>\n<\/ol>\n<div class=\"tiled-gallery type-rectangular tiled-gallery-unresized\" data-original-width=\"525\" data-carousel-extra='{&quot;blog_id&quot;:1,&quot;permalink&quot;:&quot;https:\\\/\\\/blog.kunstgriff.net\\\/?p=1581&quot;,&quot;likes_blog_id&quot;:127394879}' itemscope itemtype=\"http:\/\/schema.org\/ImageGallery\" > <div class=\"gallery-row\" style=\"width: 525px; height: 440px;\" data-original-width=\"525\" data-original-height=\"440\" > <div class=\"gallery-group images-3\" style=\"width: 194px; height: 440px;\" data-original-width=\"194\" data-original-height=\"440\" > <div class=\"tiled-gallery-item tiled-gallery-item-small\" itemprop=\"associatedMedia\" itemscope itemtype=\"http:\/\/schema.org\/ImageObject\"> <a href=\"https:\/\/i0.wp.com\/blog.kunstgriff.net\/wp-content\/uploads\/2010\/06\/DSC00157.jpg?ssl=1\" border=\"0\" itemprop=\"url\"> <meta itemprop=\"width\" content=\"190\"> <meta itemprop=\"height\" content=\"143\"> <img decoding=\"async\" class=\"\" data-attachment-id=\"1584\" data-orig-file=\"https:\/\/blog.kunstgriff.net\/wp-content\/uploads\/2010\/06\/DSC00157.jpg\" data-orig-size=\"800,600\" data-comments-opened=\"1\" data-image-meta=\"{&quot;aperture&quot;:&quot;2.8&quot;,&quot;credit&quot;:&quot;&quot;,&quot;camera&quot;:&quot;W890i&quot;,&quot;caption&quot;:&quot;&quot;,&quot;created_timestamp&quot;:&quot;1276085392&quot;,&quot;copyright&quot;:&quot;&quot;,&quot;focal_length&quot;:&quot;3.6&quot;,&quot;iso&quot;:&quot;64&quot;,&quot;shutter_speed&quot;:&quot;0.0015625&quot;,&quot;title&quot;:&quot;&quot;}\" data-image-title=\"DSC00157\" data-image-description=\"\" data-medium-file=\"https:\/\/i0.wp.com\/blog.kunstgriff.net\/wp-content\/uploads\/2010\/06\/DSC00157.jpg?fit=300%2C225&#038;ssl=1\" data-large-file=\"https:\/\/i0.wp.com\/blog.kunstgriff.net\/wp-content\/uploads\/2010\/06\/DSC00157.jpg?fit=800%2C600&#038;ssl=1\" src=\"https:\/\/i0.wp.com\/blog.kunstgriff.net\/wp-content\/uploads\/2010\/06\/DSC00157.jpg?w=190&#038;h=143&#038;ssl=1\" srcset=\"https:\/\/i0.wp.com\/blog.kunstgriff.net\/wp-content\/uploads\/2010\/06\/DSC00157.jpg?w=800&amp;ssl=1 800w, https:\/\/i0.wp.com\/blog.kunstgriff.net\/wp-content\/uploads\/2010\/06\/DSC00157.jpg?resize=300%2C225&amp;ssl=1 300w\" width=\"190\" height=\"143\" loading=\"lazy\" data-original-width=\"190\" data-original-height=\"143\" itemprop=\"http:\/\/schema.org\/image\" title=\"DSC00157\" alt=\"DSC00157\" style=\"width: 190px; height: 143px;\" \/> <\/a> <\/div> <div class=\"tiled-gallery-item tiled-gallery-item-small\" itemprop=\"associatedMedia\" itemscope itemtype=\"http:\/\/schema.org\/ImageObject\"> <a href=\"https:\/\/i0.wp.com\/blog.kunstgriff.net\/wp-content\/uploads\/2010\/06\/DSC00160.jpg?ssl=1\" border=\"0\" itemprop=\"url\"> <meta itemprop=\"width\" content=\"190\"> <meta itemprop=\"height\" content=\"143\"> <img decoding=\"async\" class=\"\" data-attachment-id=\"1585\" data-orig-file=\"https:\/\/blog.kunstgriff.net\/wp-content\/uploads\/2010\/06\/DSC00160.jpg\" data-orig-size=\"800,600\" data-comments-opened=\"1\" data-image-meta=\"{&quot;aperture&quot;:&quot;2.8&quot;,&quot;credit&quot;:&quot;&quot;,&quot;camera&quot;:&quot;W890i&quot;,&quot;caption&quot;:&quot;&quot;,&quot;created_timestamp&quot;:&quot;1276085453&quot;,&quot;copyright&quot;:&quot;&quot;,&quot;focal_length&quot;:&quot;3.6&quot;,&quot;iso&quot;:&quot;64&quot;,&quot;shutter_speed&quot;:&quot;0.003125&quot;,&quot;title&quot;:&quot;&quot;}\" data-image-title=\"DSC00160\" data-image-description=\"\" data-medium-file=\"https:\/\/i0.wp.com\/blog.kunstgriff.net\/wp-content\/uploads\/2010\/06\/DSC00160.jpg?fit=300%2C225&#038;ssl=1\" data-large-file=\"https:\/\/i0.wp.com\/blog.kunstgriff.net\/wp-content\/uploads\/2010\/06\/DSC00160.jpg?fit=800%2C600&#038;ssl=1\" src=\"https:\/\/i0.wp.com\/blog.kunstgriff.net\/wp-content\/uploads\/2010\/06\/DSC00160.jpg?w=190&#038;h=143&#038;ssl=1\" srcset=\"https:\/\/i0.wp.com\/blog.kunstgriff.net\/wp-content\/uploads\/2010\/06\/DSC00160.jpg?w=800&amp;ssl=1 800w, https:\/\/i0.wp.com\/blog.kunstgriff.net\/wp-content\/uploads\/2010\/06\/DSC00160.jpg?resize=300%2C225&amp;ssl=1 300w\" width=\"190\" height=\"143\" loading=\"lazy\" data-original-width=\"190\" data-original-height=\"143\" itemprop=\"http:\/\/schema.org\/image\" title=\"DSC00160\" alt=\"DSC00160\" style=\"width: 190px; height: 143px;\" \/> <\/a> <\/div> <div class=\"tiled-gallery-item tiled-gallery-item-small\" itemprop=\"associatedMedia\" itemscope itemtype=\"http:\/\/schema.org\/ImageObject\"> <a href=\"https:\/\/i0.wp.com\/blog.kunstgriff.net\/wp-content\/uploads\/2010\/06\/DSC00162.jpg?ssl=1\" border=\"0\" itemprop=\"url\"> <meta itemprop=\"width\" content=\"190\"> <meta itemprop=\"height\" content=\"142\"> <img decoding=\"async\" class=\"\" data-attachment-id=\"1586\" data-orig-file=\"https:\/\/blog.kunstgriff.net\/wp-content\/uploads\/2010\/06\/DSC00162.jpg\" data-orig-size=\"800,600\" data-comments-opened=\"1\" data-image-meta=\"{&quot;aperture&quot;:&quot;2.8&quot;,&quot;credit&quot;:&quot;&quot;,&quot;camera&quot;:&quot;W890i&quot;,&quot;caption&quot;:&quot;&quot;,&quot;created_timestamp&quot;:&quot;1276088110&quot;,&quot;copyright&quot;:&quot;&quot;,&quot;focal_length&quot;:&quot;3.6&quot;,&quot;iso&quot;:&quot;64&quot;,&quot;shutter_speed&quot;:&quot;0.003125&quot;,&quot;title&quot;:&quot;&quot;}\" data-image-title=\"DSC00162\" data-image-description=\"\" data-medium-file=\"https:\/\/i0.wp.com\/blog.kunstgriff.net\/wp-content\/uploads\/2010\/06\/DSC00162.jpg?fit=300%2C225&#038;ssl=1\" data-large-file=\"https:\/\/i0.wp.com\/blog.kunstgriff.net\/wp-content\/uploads\/2010\/06\/DSC00162.jpg?fit=800%2C600&#038;ssl=1\" src=\"https:\/\/i0.wp.com\/blog.kunstgriff.net\/wp-content\/uploads\/2010\/06\/DSC00162.jpg?w=190&#038;h=142&#038;ssl=1\" srcset=\"https:\/\/i0.wp.com\/blog.kunstgriff.net\/wp-content\/uploads\/2010\/06\/DSC00162.jpg?w=800&amp;ssl=1 800w, https:\/\/i0.wp.com\/blog.kunstgriff.net\/wp-content\/uploads\/2010\/06\/DSC00162.jpg?resize=300%2C225&amp;ssl=1 300w\" width=\"190\" height=\"142\" loading=\"lazy\" data-original-width=\"190\" data-original-height=\"142\" itemprop=\"http:\/\/schema.org\/image\" title=\"DSC00162\" alt=\"DSC00162\" style=\"width: 190px; height: 142px;\" \/> <\/a> <\/div> <\/div> <!-- close group --> <div class=\"gallery-group images-1\" style=\"width: 331px; height: 440px;\" data-original-width=\"331\" data-original-height=\"440\" > <div class=\"tiled-gallery-item tiled-gallery-item-large\" itemprop=\"associatedMedia\" itemscope itemtype=\"http:\/\/schema.org\/ImageObject\"> <a href=\"https:\/\/i0.wp.com\/blog.kunstgriff.net\/wp-content\/uploads\/2010\/06\/IMG_0371.jpg?ssl=1\" border=\"0\" itemprop=\"url\"> <meta itemprop=\"width\" content=\"327\"> <meta itemprop=\"height\" content=\"436\"> <img decoding=\"async\" class=\"\" data-attachment-id=\"1587\" data-orig-file=\"https:\/\/blog.kunstgriff.net\/wp-content\/uploads\/2010\/06\/IMG_0371.jpg\" data-orig-size=\"600,800\" data-comments-opened=\"1\" data-image-meta=\"{&quot;aperture&quot;:&quot;2.8&quot;,&quot;credit&quot;:&quot;&quot;,&quot;camera&quot;:&quot;iPhone 3G&quot;,&quot;caption&quot;:&quot;&quot;,&quot;created_timestamp&quot;:&quot;1276084901&quot;,&quot;copyright&quot;:&quot;&quot;,&quot;focal_length&quot;:&quot;0&quot;,&quot;iso&quot;:&quot;0&quot;,&quot;shutter_speed&quot;:&quot;0&quot;,&quot;title&quot;:&quot;&quot;}\" data-image-title=\"IMG_0371\" data-image-description=\"\" data-medium-file=\"https:\/\/i0.wp.com\/blog.kunstgriff.net\/wp-content\/uploads\/2010\/06\/IMG_0371.jpg?fit=225%2C300&#038;ssl=1\" data-large-file=\"https:\/\/i0.wp.com\/blog.kunstgriff.net\/wp-content\/uploads\/2010\/06\/IMG_0371.jpg?fit=600%2C800&#038;ssl=1\" src=\"https:\/\/i0.wp.com\/blog.kunstgriff.net\/wp-content\/uploads\/2010\/06\/IMG_0371.jpg?w=327&#038;h=436&#038;ssl=1\" srcset=\"https:\/\/i0.wp.com\/blog.kunstgriff.net\/wp-content\/uploads\/2010\/06\/IMG_0371.jpg?w=600&amp;ssl=1 600w, https:\/\/i0.wp.com\/blog.kunstgriff.net\/wp-content\/uploads\/2010\/06\/IMG_0371.jpg?resize=225%2C300&amp;ssl=1 225w\" width=\"327\" height=\"436\" loading=\"lazy\" data-original-width=\"327\" data-original-height=\"436\" itemprop=\"http:\/\/schema.org\/image\" title=\"IMG_0371\" alt=\"IMG_0371\" style=\"width: 327px; height: 436px;\" \/> <\/a> <\/div> <\/div> <!-- close group --> <\/div> <!-- close row --> <div class=\"gallery-row\" style=\"width: 525px; height: 198px;\" data-original-width=\"525\" data-original-height=\"198\" > <div class=\"gallery-group images-1\" style=\"width: 263px; height: 198px;\" data-original-width=\"263\" data-original-height=\"198\" > <div class=\"tiled-gallery-item tiled-gallery-item-large\" itemprop=\"associatedMedia\" itemscope itemtype=\"http:\/\/schema.org\/ImageObject\"> <a href=\"https:\/\/i0.wp.com\/blog.kunstgriff.net\/wp-content\/uploads\/2010\/06\/IMG_0372.jpg?ssl=1\" border=\"0\" itemprop=\"url\"> <meta itemprop=\"width\" content=\"259\"> <meta itemprop=\"height\" content=\"194\"> <img decoding=\"async\" class=\"\" data-attachment-id=\"1588\" data-orig-file=\"https:\/\/blog.kunstgriff.net\/wp-content\/uploads\/2010\/06\/IMG_0372.jpg\" data-orig-size=\"800,600\" data-comments-opened=\"1\" data-image-meta=\"{&quot;aperture&quot;:&quot;2.8&quot;,&quot;credit&quot;:&quot;&quot;,&quot;camera&quot;:&quot;iPhone 3G&quot;,&quot;caption&quot;:&quot;&quot;,&quot;created_timestamp&quot;:&quot;1276084942&quot;,&quot;copyright&quot;:&quot;&quot;,&quot;focal_length&quot;:&quot;0&quot;,&quot;iso&quot;:&quot;0&quot;,&quot;shutter_speed&quot;:&quot;0&quot;,&quot;title&quot;:&quot;&quot;}\" data-image-title=\"IMG_0372\" data-image-description=\"\" data-medium-file=\"https:\/\/i0.wp.com\/blog.kunstgriff.net\/wp-content\/uploads\/2010\/06\/IMG_0372.jpg?fit=300%2C225&#038;ssl=1\" data-large-file=\"https:\/\/i0.wp.com\/blog.kunstgriff.net\/wp-content\/uploads\/2010\/06\/IMG_0372.jpg?fit=800%2C600&#038;ssl=1\" src=\"https:\/\/i0.wp.com\/blog.kunstgriff.net\/wp-content\/uploads\/2010\/06\/IMG_0372.jpg?w=259&#038;h=194&#038;ssl=1\" srcset=\"https:\/\/i0.wp.com\/blog.kunstgriff.net\/wp-content\/uploads\/2010\/06\/IMG_0372.jpg?w=800&amp;ssl=1 800w, https:\/\/i0.wp.com\/blog.kunstgriff.net\/wp-content\/uploads\/2010\/06\/IMG_0372.jpg?resize=300%2C225&amp;ssl=1 300w\" width=\"259\" height=\"194\" loading=\"lazy\" data-original-width=\"259\" data-original-height=\"194\" itemprop=\"http:\/\/schema.org\/image\" title=\"IMG_0372\" alt=\"IMG_0372\" style=\"width: 259px; height: 194px;\" \/> <\/a> <\/div> <\/div> <!-- close group --> <div class=\"gallery-group images-1\" style=\"width: 262px; height: 198px;\" data-original-width=\"262\" data-original-height=\"198\" > <div class=\"tiled-gallery-item tiled-gallery-item-large\" itemprop=\"associatedMedia\" itemscope itemtype=\"http:\/\/schema.org\/ImageObject\"> <a href=\"https:\/\/i0.wp.com\/blog.kunstgriff.net\/wp-content\/uploads\/2010\/06\/IMG_0375.jpg?ssl=1\" border=\"0\" itemprop=\"url\"> <meta itemprop=\"width\" content=\"258\"> <meta itemprop=\"height\" content=\"194\"> <img decoding=\"async\" class=\"\" data-attachment-id=\"1589\" data-orig-file=\"https:\/\/blog.kunstgriff.net\/wp-content\/uploads\/2010\/06\/IMG_0375.jpg\" data-orig-size=\"800,600\" data-comments-opened=\"1\" data-image-meta=\"{&quot;aperture&quot;:&quot;2.8&quot;,&quot;credit&quot;:&quot;&quot;,&quot;camera&quot;:&quot;iPhone 3G&quot;,&quot;caption&quot;:&quot;&quot;,&quot;created_timestamp&quot;:&quot;1276085005&quot;,&quot;copyright&quot;:&quot;&quot;,&quot;focal_length&quot;:&quot;0&quot;,&quot;iso&quot;:&quot;0&quot;,&quot;shutter_speed&quot;:&quot;0&quot;,&quot;title&quot;:&quot;&quot;}\" data-image-title=\"IMG_0375\" data-image-description=\"\" data-medium-file=\"https:\/\/i0.wp.com\/blog.kunstgriff.net\/wp-content\/uploads\/2010\/06\/IMG_0375.jpg?fit=300%2C225&#038;ssl=1\" data-large-file=\"https:\/\/i0.wp.com\/blog.kunstgriff.net\/wp-content\/uploads\/2010\/06\/IMG_0375.jpg?fit=800%2C600&#038;ssl=1\" src=\"https:\/\/i0.wp.com\/blog.kunstgriff.net\/wp-content\/uploads\/2010\/06\/IMG_0375.jpg?w=258&#038;h=194&#038;ssl=1\" srcset=\"https:\/\/i0.wp.com\/blog.kunstgriff.net\/wp-content\/uploads\/2010\/06\/IMG_0375.jpg?w=800&amp;ssl=1 800w, https:\/\/i0.wp.com\/blog.kunstgriff.net\/wp-content\/uploads\/2010\/06\/IMG_0375.jpg?resize=300%2C225&amp;ssl=1 300w\" width=\"258\" height=\"194\" loading=\"lazy\" data-original-width=\"258\" data-original-height=\"194\" itemprop=\"http:\/\/schema.org\/image\" title=\"IMG_0375\" alt=\"IMG_0375\" style=\"width: 258px; height: 194px;\" \/> <\/a> <\/div> <\/div> <!-- close group --> <\/div> <!-- close row --> <\/div>\n<p><em>Breisgau-Statistik:<\/em><\/p>\n<p><em> <\/em><\/p>\n<p><em> <\/em><\/p>\n<p><em> <\/em><\/p>\n<p><em> <\/em><\/p>\n<p><em> <\/em><\/p>\n<ul>\n<li><span style=\"font-style: normal;\">633,38 km in 5 Tagen gefahren<\/span><\/li>\n<li><span style=\"font-style: normal;\"> 25:20:39 Stunden im Sattel gesessen<\/span><\/li>\n<li><span style=\"font-style: normal;\"> 9.165 H\u00f6henmeter durchlitten<\/span><\/li>\n<li><span style=\"font-style: normal;\">100% Spass gehabt <\/span><\/li>\n<\/ul>\n<p><em>Fazit:<\/em> Ein klasse Radurlaub mit einer tollen Truppe, nun schon im dritten Jahr und immer noch spannend und neues zu Entdecken. <em><strong>Black Forest rules!<\/strong><\/em><\/p>\n<p><iframe height='405' width='590' frameborder='0' allowtransparency='true' scrolling='no' src='https:\/\/www.strava.com\/activities\/698647564\/embed\/fc168b2e315ba678bdf3ba1744422a1a9b916eb6'><\/iframe><\/p>\n","protected":false},"excerpt":{"rendered":"<p>Leider war heute schon der letzte Tag unserer Breisgau Tour 2010 und alle erwarteten mit gro\u00dfer Spannung das finale Bergzeitfahren am Schauinsland. Die Spannung war so gro\u00df, sodass das Fr\u00fchst\u00fcck heute recht wortkarg ausfiel. Nur die wichtigsten Informationen wurden ausgetauscht und auch der Weg nach Freiburg war sehr ruhig. Keiner wollte sich zu weit aus &hellip; <\/p>\n<p class=\"link-more\"><a href=\"https:\/\/blog.kunstgriff.net\/?p=1581\" class=\"more-link\"><span class=\"screen-reader-text\">\u201eBreisgau Tour 2010 &#8211; Tag 5 &#8211; B\u00f6tzingen->Schauinsland (Bergzeitfahren)\u201c <\/span>weiterlesen<\/a><\/p>\n","protected":false},"author":2,"featured_media":1589,"comment_status":"open","ping_status":"open","sticky":false,"template":"","format":"standard","meta":{"jetpack_post_was_ever_published":false,"_jetpack_newsletter_access":"","_jetpack_dont_email_post_to_subs":false,"_jetpack_newsletter_tier_id":0,"_jetpack_memberships_contains_paywalled_content":false,"_jetpack_memberships_contains_paid_content":false,"footnotes":""},"categories":[14,13,7],"tags":[],"class_list":["post-1581","post","type-post","status-publish","format-standard","has-post-thumbnail","hentry","category-radfahren","category-radreise","category-rennradfahren"],"jetpack_featured_media_url":"https:\/\/i0.wp.com\/blog.kunstgriff.net\/wp-content\/uploads\/2010\/06\/IMG_0375.jpg?fit=800%2C600&ssl=1","jetpack_shortlink":"https:\/\/wp.me\/p8Cxe7-pv","jetpack-related-posts":[{"id":1497,"url":"https:\/\/blog.kunstgriff.net\/?p=1497","url_meta":{"origin":1581,"position":0},"title":"Breisgau Tour 2010 &#8211; Tag 2 &#8211; B\u00f6tzingen->K\u00e4lbelescheuer->M\u00fcnsterthal","author":"Georg","date":"Juni 6, 2010","format":false,"excerpt":"Der Tag begann um 8 Uhr mit einem tollen Sportlerfr\u00fchst\u00fcck am B\u00fcffet unseres Hotels zur Krone in B\u00f6tzingen. Ich hatte super geschlafen und freute mich auf die heutige Tour und die vielen H\u00f6henmeter, die uns erwarten w\u00fcrden. Wir wollten heute schon vor 10 Uhr losfahren, da f\u00fcr den Nachmittag Regen\u2026","rel":"","context":"In &quot;Radfahren&quot;","block_context":{"text":"Radfahren","link":"https:\/\/blog.kunstgriff.net\/?cat=14"},"img":{"alt_text":"","src":"https:\/\/i0.wp.com\/blog.kunstgriff.net\/wp-content\/uploads\/2010\/06\/DSC00102.jpg?fit=800%2C600&ssl=1&resize=350%2C200","width":350,"height":200,"srcset":"https:\/\/i0.wp.com\/blog.kunstgriff.net\/wp-content\/uploads\/2010\/06\/DSC00102.jpg?fit=800%2C600&ssl=1&resize=350%2C200 1x, https:\/\/i0.wp.com\/blog.kunstgriff.net\/wp-content\/uploads\/2010\/06\/DSC00102.jpg?fit=800%2C600&ssl=1&resize=525%2C300 1.5x, https:\/\/i0.wp.com\/blog.kunstgriff.net\/wp-content\/uploads\/2010\/06\/DSC00102.jpg?fit=800%2C600&ssl=1&resize=700%2C400 2x"},"classes":[]},{"id":22543,"url":"https:\/\/blog.kunstgriff.net\/?p=22543","url_meta":{"origin":1581,"position":1},"title":"WfF Sommertour 2021 &#8211; Freiburg\/Breisgau &#8211; Tag 6","author":"admin","date":"September 10, 2021","format":false,"excerpt":"kurze Runde auf meinen Lieblingsberg Eigentlich sah es heute nicht gut aus, um unser liebstes Hobby, denn die Wetter- und Regenprognose war nicht gut. Deshalb sollte sp\u00e4ter gefahren werden. So nutzte ich die Zeit nach dem Fr\u00fchst\u00fcck f\u00fcr einen Spaziergang zum Freiburger PZ und auf dem R\u00fcckweg gab's noch eine\u2026","rel":"","context":"In &quot;Cake-Ride&quot;","block_context":{"text":"Cake-Ride","link":"https:\/\/blog.kunstgriff.net\/?cat=34"},"img":{"alt_text":"fast schon im Bofrost-Tunnel","src":"https:\/\/i0.wp.com\/blog.kunstgriff.net\/wp-content\/uploads\/2021\/09\/fast-schon-im-Bofrost-Tunnel.jpg?fit=1200%2C800&ssl=1&resize=350%2C200","width":350,"height":200,"srcset":"https:\/\/i0.wp.com\/blog.kunstgriff.net\/wp-content\/uploads\/2021\/09\/fast-schon-im-Bofrost-Tunnel.jpg?fit=1200%2C800&ssl=1&resize=350%2C200 1x, https:\/\/i0.wp.com\/blog.kunstgriff.net\/wp-content\/uploads\/2021\/09\/fast-schon-im-Bofrost-Tunnel.jpg?fit=1200%2C800&ssl=1&resize=525%2C300 1.5x, https:\/\/i0.wp.com\/blog.kunstgriff.net\/wp-content\/uploads\/2021\/09\/fast-schon-im-Bofrost-Tunnel.jpg?fit=1200%2C800&ssl=1&resize=700%2C400 2x, https:\/\/i0.wp.com\/blog.kunstgriff.net\/wp-content\/uploads\/2021\/09\/fast-schon-im-Bofrost-Tunnel.jpg?fit=1200%2C800&ssl=1&resize=1050%2C600 3x"},"classes":[]},{"id":18499,"url":"https:\/\/blog.kunstgriff.net\/?p=18499","url_meta":{"origin":1581,"position":2},"title":"ERT 2018: Breisgau 1. Tag","author":"Georg","date":"Juli 30, 2018","format":false,"excerpt":"Kandel und Schauinsland Nachdem gestrigen Anreisetag in unsere, doch recht verlebte und einfache, Pension \u00bbKeller\u00ab stand heute zum Gl\u00fcck wieder Radfahren auf dem Programm. Zuerst einmal musste ich mich aber aus meinem 4 m\u00b2\u00a0gro\u00dfen Einzelzimmer unter dem Dach sch\u00e4len. Als Monteurs-Zimmer sicher gut geeignet; um dort eine Woche Urlaub zu\u2026","rel":"","context":"In &quot;Radfahren&quot;","block_context":{"text":"Radfahren","link":"https:\/\/blog.kunstgriff.net\/?cat=14"},"img":{"alt_text":"","src":"https:\/\/i0.wp.com\/blog.kunstgriff.net\/wp-content\/uploads\/2018\/08\/Schauinsland-Auffahrt.jpg?fit=1200%2C800&ssl=1&resize=350%2C200","width":350,"height":200,"srcset":"https:\/\/i0.wp.com\/blog.kunstgriff.net\/wp-content\/uploads\/2018\/08\/Schauinsland-Auffahrt.jpg?fit=1200%2C800&ssl=1&resize=350%2C200 1x, https:\/\/i0.wp.com\/blog.kunstgriff.net\/wp-content\/uploads\/2018\/08\/Schauinsland-Auffahrt.jpg?fit=1200%2C800&ssl=1&resize=525%2C300 1.5x, https:\/\/i0.wp.com\/blog.kunstgriff.net\/wp-content\/uploads\/2018\/08\/Schauinsland-Auffahrt.jpg?fit=1200%2C800&ssl=1&resize=700%2C400 2x, https:\/\/i0.wp.com\/blog.kunstgriff.net\/wp-content\/uploads\/2018\/08\/Schauinsland-Auffahrt.jpg?fit=1200%2C800&ssl=1&resize=1050%2C600 3x"},"classes":[]},{"id":1479,"url":"https:\/\/blog.kunstgriff.net\/?p=1479","url_meta":{"origin":1581,"position":3},"title":"Breisgau Tour 2010 &#8211; Tag 1 &#8211; B\u00f6tzingen->Glash\u00fctte","author":"Georg","date":"Juni 5, 2010","format":false,"excerpt":"Im Nachtzug nach Freiburg lie\u00df es sich in unserem kleinen Abteil nur recht unruhig schlafen und so sollte die Tour heute, bei Kaiserwetter - blauer wolkenloser Himmel mit Temperaturen um die 29\u02daC - eine echte Einstiegsrunde werden. Mit 1.233 H\u00f6henmeter war sie das aber bei leibe nicht und wir Flachl\u00e4nder\u2026","rel":"","context":"In &quot;Radfahren&quot;","block_context":{"text":"Radfahren","link":"https:\/\/blog.kunstgriff.net\/?cat=14"},"img":{"alt_text":"","src":"https:\/\/i0.wp.com\/blog.kunstgriff.net\/wp-content\/uploads\/2010\/06\/IMG_0352.jpg?fit=500%2C375&ssl=1&resize=350%2C200","width":350,"height":200},"classes":[]},{"id":1558,"url":"https:\/\/blog.kunstgriff.net\/?p=1558","url_meta":{"origin":1581,"position":4},"title":"Breisgau Tour 2010 &#8211; Tag 4 &#8211; B\u00f6tzingen->Colmar->Vogesen","author":"Georg","date":"Juni 8, 2010","format":false,"excerpt":"Am vierten Tag unserer Radreise stand eine eher flache Etappe auf dem Programm. Stephan S. hatte auch zwei Touren geplant. Eine K\u00fcrzere (125 km | 1.100 hm) und eine L\u00e4ngere (157 km | 1.753 hm). Es wurde dann gestern Abend entschieden die k\u00fcrzere Varianten zu nehmen, da ja f\u00fcr den\u2026","rel":"","context":"In &quot;Garmin&quot;","block_context":{"text":"Garmin","link":"https:\/\/blog.kunstgriff.net\/?cat=35"},"img":{"alt_text":"","src":"https:\/\/i0.wp.com\/blog.kunstgriff.net\/wp-content\/uploads\/2010\/06\/DSC00149.jpg?fit=800%2C600&ssl=1&resize=350%2C200","width":350,"height":200,"srcset":"https:\/\/i0.wp.com\/blog.kunstgriff.net\/wp-content\/uploads\/2010\/06\/DSC00149.jpg?fit=800%2C600&ssl=1&resize=350%2C200 1x, https:\/\/i0.wp.com\/blog.kunstgriff.net\/wp-content\/uploads\/2010\/06\/DSC00149.jpg?fit=800%2C600&ssl=1&resize=525%2C300 1.5x, https:\/\/i0.wp.com\/blog.kunstgriff.net\/wp-content\/uploads\/2010\/06\/DSC00149.jpg?fit=800%2C600&ssl=1&resize=700%2C400 2x"},"classes":[]},{"id":18526,"url":"https:\/\/blog.kunstgriff.net\/?p=18526","url_meta":{"origin":1581,"position":5},"title":"ERT 2018: Breisgau 2. Tag","author":"Georg","date":"Juli 31, 2018","format":false,"excerpt":"Schauinsland und Belchen Was stand heute auf dem Programm? Nat\u00fcrlich Radfahren! Nach dem pers\u00f6nlich, mit im REWE gekauften Blaubeeren und Kiwi, verfeinerten M\u00fcsli am Fr\u00fchst\u00fcckstisch, war die mittlere Strecke von allen f\u00fcr gut befunden worden. Zwar entging uns so der Feldberg \u2013 immerhin h\u00f6chster Berg im Schwarzwald \u2013 aber es\u2026","rel":"","context":"In &quot;Radfahren&quot;","block_context":{"text":"Radfahren","link":"https:\/\/blog.kunstgriff.net\/?cat=14"},"img":{"alt_text":"","src":"https:\/\/i0.wp.com\/blog.kunstgriff.net\/wp-content\/uploads\/2018\/08\/Gipfelfoto-Belchen.jpg?fit=1200%2C800&ssl=1&resize=350%2C200","width":350,"height":200,"srcset":"https:\/\/i0.wp.com\/blog.kunstgriff.net\/wp-content\/uploads\/2018\/08\/Gipfelfoto-Belchen.jpg?fit=1200%2C800&ssl=1&resize=350%2C200 1x, https:\/\/i0.wp.com\/blog.kunstgriff.net\/wp-content\/uploads\/2018\/08\/Gipfelfoto-Belchen.jpg?fit=1200%2C800&ssl=1&resize=525%2C300 1.5x, https:\/\/i0.wp.com\/blog.kunstgriff.net\/wp-content\/uploads\/2018\/08\/Gipfelfoto-Belchen.jpg?fit=1200%2C800&ssl=1&resize=700%2C400 2x, https:\/\/i0.wp.com\/blog.kunstgriff.net\/wp-content\/uploads\/2018\/08\/Gipfelfoto-Belchen.jpg?fit=1200%2C800&ssl=1&resize=1050%2C600 3x"},"classes":[]}],"jetpack_likes_enabled":true,"jetpack_sharing_enabled":true,"_links":{"self":[{"href":"https:\/\/blog.kunstgriff.net\/index.php?rest_route=\/wp\/v2\/posts\/1581","targetHints":{"allow":["GET"]}}],"collection":[{"href":"https:\/\/blog.kunstgriff.net\/index.php?rest_route=\/wp\/v2\/posts"}],"about":[{"href":"https:\/\/blog.kunstgriff.net\/index.php?rest_route=\/wp\/v2\/types\/post"}],"author":[{"embeddable":true,"href":"https:\/\/blog.kunstgriff.net\/index.php?rest_route=\/wp\/v2\/users\/2"}],"replies":[{"embeddable":true,"href":"https:\/\/blog.kunstgriff.net\/index.php?rest_route=%2Fwp%2Fv2%2Fcomments&post=1581"}],"version-history":[{"count":0,"href":"https:\/\/blog.kunstgriff.net\/index.php?rest_route=\/wp\/v2\/posts\/1581\/revisions"}],"wp:featuredmedia":[{"embeddable":true,"href":"https:\/\/blog.kunstgriff.net\/index.php?rest_route=\/wp\/v2\/media\/1589"}],"wp:attachment":[{"href":"https:\/\/blog.kunstgriff.net\/index.php?rest_route=%2Fwp%2Fv2%2Fmedia&parent=1581"}],"wp:term":[{"taxonomy":"category","embeddable":true,"href":"https:\/\/blog.kunstgriff.net\/index.php?rest_route=%2Fwp%2Fv2%2Fcategories&post=1581"},{"taxonomy":"post_tag","embeddable":true,"href":"https:\/\/blog.kunstgriff.net\/index.php?rest_route=%2Fwp%2Fv2%2Ftags&post=1581"}],"curies":[{"name":"wp","href":"https:\/\/api.w.org\/{rel}","templated":true}]}}