{"id":16438,"date":"2017-07-15T22:51:20","date_gmt":"2017-07-15T20:51:20","guid":{"rendered":"https:\/\/blog.kunstgriff.net\/?p=16438"},"modified":"2017-07-16T09:50:39","modified_gmt":"2017-07-16T07:50:39","slug":"kuchenrund-nach-paewesin-rereloaded","status":"publish","type":"post","link":"https:\/\/blog.kunstgriff.net\/?p=16438","title":{"rendered":"Kuchenrund nach P\u00e4wesin rereloaded"},"content":{"rendered":"<span class=\"span-reading-time rt-reading-time\" style=\"display: block;\"><span class=\"rt-label rt-prefix\">Lesezeit: <\/span> <span class=\"rt-time\"> &lt; 1<\/span> <span class=\"rt-label rt-postfix\">Minute<\/span><\/span><h4>\u00bbMit Alex und Wolfgang ins westliche Havelland\u00ab<\/h4>\n<hr \/>\n<p>Diese Tour wird schon fast zum Wochenend-Klassiker, denn einmal am Wochenende verschl\u00e4gt es mich nach P\u00e4wesin. Keine Ahnung ob es an dem leckeren Kuchen liegt, der abwechslungsreichen Strecke oder, wie im heutigen Fall, einfach dem Tourenaufruf von Alexander \u2013 egal, der B\u00e4cker Backwahn ist einfach immer eine Rad-Ausfahrt wert.<\/p>\n<p>Heute wieder zu Dritt, aber ohne Marc, daf\u00fcr mit Wolfgang. Der Wind war uns heute freundlicher gesonnen, daf\u00fcr haben uns die Autos bis weit hinter dem Spandauer-Rathaus zu schaffen gemacht. Samstags-Shopping mit dem eigenen, Verbrennungsmotor betriebenen Fahrzeug liegt leider in Spandau immer noch voll im Trend.<\/p>\n<p>Aber auch dieser Sektor war schnell hinter uns gelassen und ab Gatow konnten wir dann endlich beginnen, die Ausfahrt in vollen Z\u00fcgen zu genie\u00dfen. Die Wechsel in der F\u00fchrung gestalteten sich zu dritt sehr unkompliziert und irgendwann war dann auch P\u00e4wesin erreicht. Beim Backwahn hatten wir wieder grosses Gl\u00fcck denn nur wenig Kundschaft bescherte uns eine kurze Wartezeit, bis der Kuchen genossen werden konnte.<\/p>\n<p>Die R\u00fcckfahrt war unproblematisch, da leichter Schiebewind das Vorankommen vereinfachte. Achja ein Hindernis gab es dann doch noch zu \u00fcberwinden, denn die Br\u00fccke am Brieslang-Kanal war f\u00fcr den Fahrzeugverkehr gesperrt. \u00dcber ein schmales Brett lie\u00dfen sich aber die R\u00e4der schieben und so musste kein weiterer Umweg gefahren werden.<\/p>\n<p>Klasse Tour mit sehr netter Begleitung! Mal sehen, was morgen so geht\u2026<\/p>\n<div class=\"tiled-gallery type-rectangular tiled-gallery-unresized\" data-original-width=\"525\" data-carousel-extra='{&quot;blog_id&quot;:1,&quot;permalink&quot;:&quot;https:\\\/\\\/blog.kunstgriff.net\\\/?p=16438&quot;,&quot;likes_blog_id&quot;:127394879}' itemscope itemtype=\"http:\/\/schema.org\/ImageGallery\" > <div class=\"gallery-row\" style=\"width: 525px; height: 235px;\" data-original-width=\"525\" data-original-height=\"235\" > <div class=\"gallery-group images-1\" style=\"width: 351px; height: 235px;\" data-original-width=\"351\" data-original-height=\"235\" > <div class=\"tiled-gallery-item tiled-gallery-item-large\" itemprop=\"associatedMedia\" itemscope itemtype=\"http:\/\/schema.org\/ImageObject\"> <a href=\"https:\/\/i0.wp.com\/blog.kunstgriff.net\/wp-content\/uploads\/2017\/07\/Auf-dem-Weg-nach-Fahrland.jpg?ssl=1\" border=\"0\" itemprop=\"url\"> <meta itemprop=\"width\" content=\"347\"> <meta itemprop=\"height\" content=\"231\"> <img decoding=\"async\" class=\"\" data-attachment-id=\"16435\" data-orig-file=\"https:\/\/blog.kunstgriff.net\/wp-content\/uploads\/2017\/07\/Auf-dem-Weg-nach-Fahrland.jpg\" data-orig-size=\"2000,1333\" data-comments-opened=\"1\" data-image-meta=\"{&quot;aperture&quot;:&quot;2&quot;,&quot;credit&quot;:&quot;&quot;,&quot;camera&quot;:&quot;TG-4&quot;,&quot;caption&quot;:&quot;OLYMPUS DIGITAL CAMERA&quot;,&quot;created_timestamp&quot;:&quot;1500117445&quot;,&quot;copyright&quot;:&quot;&quot;,&quot;focal_length&quot;:&quot;4.5&quot;,&quot;iso&quot;:&quot;100&quot;,&quot;shutter_speed&quot;:&quot;0.0125&quot;,&quot;title&quot;:&quot;OLYMPUS DIGITAL CAMERA&quot;,&quot;orientation&quot;:&quot;1&quot;}\" data-image-title=\"Auf dem Weg nach Fahrland\" data-image-description=\"\" data-medium-file=\"https:\/\/i0.wp.com\/blog.kunstgriff.net\/wp-content\/uploads\/2017\/07\/Auf-dem-Weg-nach-Fahrland.jpg?fit=300%2C200&#038;ssl=1\" data-large-file=\"https:\/\/i0.wp.com\/blog.kunstgriff.net\/wp-content\/uploads\/2017\/07\/Auf-dem-Weg-nach-Fahrland.jpg?fit=1024%2C682&#038;ssl=1\" src=\"https:\/\/i0.wp.com\/blog.kunstgriff.net\/wp-content\/uploads\/2017\/07\/Auf-dem-Weg-nach-Fahrland.jpg?w=347&#038;h=231&#038;ssl=1\" srcset=\"https:\/\/i0.wp.com\/blog.kunstgriff.net\/wp-content\/uploads\/2017\/07\/Auf-dem-Weg-nach-Fahrland.jpg?w=2000&amp;ssl=1 2000w, https:\/\/i0.wp.com\/blog.kunstgriff.net\/wp-content\/uploads\/2017\/07\/Auf-dem-Weg-nach-Fahrland.jpg?resize=300%2C200&amp;ssl=1 300w, https:\/\/i0.wp.com\/blog.kunstgriff.net\/wp-content\/uploads\/2017\/07\/Auf-dem-Weg-nach-Fahrland.jpg?resize=768%2C512&amp;ssl=1 768w, https:\/\/i0.wp.com\/blog.kunstgriff.net\/wp-content\/uploads\/2017\/07\/Auf-dem-Weg-nach-Fahrland.jpg?resize=1024%2C682&amp;ssl=1 1024w, https:\/\/i0.wp.com\/blog.kunstgriff.net\/wp-content\/uploads\/2017\/07\/Auf-dem-Weg-nach-Fahrland.jpg?resize=450%2C300&amp;ssl=1 450w, https:\/\/i0.wp.com\/blog.kunstgriff.net\/wp-content\/uploads\/2017\/07\/Auf-dem-Weg-nach-Fahrland.jpg?w=1575&amp;ssl=1 1575w\" width=\"347\" height=\"231\" loading=\"lazy\" data-original-width=\"347\" data-original-height=\"231\" itemprop=\"http:\/\/schema.org\/image\" title=\"Auf dem Weg nach Fahrland\" alt=\"Auf dem Weg nach Fahrland\" style=\"width: 347px; height: 231px;\" \/> <\/a> <div class=\"tiled-gallery-caption\" itemprop=\"caption description\"> Auf dem Weg nach Fahrland <\/div> <\/div> <\/div> <!-- close group --> <div class=\"gallery-group images-2\" style=\"width: 174px; height: 235px;\" data-original-width=\"174\" data-original-height=\"235\" > <div class=\"tiled-gallery-item tiled-gallery-item-small\" itemprop=\"associatedMedia\" itemscope itemtype=\"http:\/\/schema.org\/ImageObject\"> <a href=\"https:\/\/i0.wp.com\/blog.kunstgriff.net\/wp-content\/uploads\/2017\/07\/Kuchen-gedeckter-Apfel-und-Blaubeer-Tarte.jpg?ssl=1\" border=\"0\" itemprop=\"url\"> <meta itemprop=\"width\" content=\"170\"> <meta itemprop=\"height\" content=\"114\"> <img decoding=\"async\" class=\"\" data-attachment-id=\"16436\" data-orig-file=\"https:\/\/blog.kunstgriff.net\/wp-content\/uploads\/2017\/07\/Kuchen-gedeckter-Apfel-und-Blaubeer-Tarte.jpg\" data-orig-size=\"2000,1333\" data-comments-opened=\"1\" data-image-meta=\"{&quot;aperture&quot;:&quot;2.8&quot;,&quot;credit&quot;:&quot;&quot;,&quot;camera&quot;:&quot;TG-4&quot;,&quot;caption&quot;:&quot;OLYMPUS DIGITAL CAMERA&quot;,&quot;created_timestamp&quot;:&quot;1500122907&quot;,&quot;copyright&quot;:&quot;&quot;,&quot;focal_length&quot;:&quot;4.5&quot;,&quot;iso&quot;:&quot;100&quot;,&quot;shutter_speed&quot;:&quot;0.002&quot;,&quot;title&quot;:&quot;OLYMPUS DIGITAL CAMERA&quot;,&quot;orientation&quot;:&quot;1&quot;}\" data-image-title=\"Kuchen &amp;#8211; gedeckter Apfel und Blaubeer-Tarte\" data-image-description=\"\" data-medium-file=\"https:\/\/i0.wp.com\/blog.kunstgriff.net\/wp-content\/uploads\/2017\/07\/Kuchen-gedeckter-Apfel-und-Blaubeer-Tarte.jpg?fit=300%2C200&#038;ssl=1\" data-large-file=\"https:\/\/i0.wp.com\/blog.kunstgriff.net\/wp-content\/uploads\/2017\/07\/Kuchen-gedeckter-Apfel-und-Blaubeer-Tarte.jpg?fit=1024%2C682&#038;ssl=1\" src=\"https:\/\/i0.wp.com\/blog.kunstgriff.net\/wp-content\/uploads\/2017\/07\/Kuchen-gedeckter-Apfel-und-Blaubeer-Tarte.jpg?w=170&#038;h=114&#038;ssl=1\" srcset=\"https:\/\/i0.wp.com\/blog.kunstgriff.net\/wp-content\/uploads\/2017\/07\/Kuchen-gedeckter-Apfel-und-Blaubeer-Tarte.jpg?w=2000&amp;ssl=1 2000w, https:\/\/i0.wp.com\/blog.kunstgriff.net\/wp-content\/uploads\/2017\/07\/Kuchen-gedeckter-Apfel-und-Blaubeer-Tarte.jpg?resize=300%2C200&amp;ssl=1 300w, https:\/\/i0.wp.com\/blog.kunstgriff.net\/wp-content\/uploads\/2017\/07\/Kuchen-gedeckter-Apfel-und-Blaubeer-Tarte.jpg?resize=768%2C512&amp;ssl=1 768w, https:\/\/i0.wp.com\/blog.kunstgriff.net\/wp-content\/uploads\/2017\/07\/Kuchen-gedeckter-Apfel-und-Blaubeer-Tarte.jpg?resize=1024%2C682&amp;ssl=1 1024w, https:\/\/i0.wp.com\/blog.kunstgriff.net\/wp-content\/uploads\/2017\/07\/Kuchen-gedeckter-Apfel-und-Blaubeer-Tarte.jpg?resize=450%2C300&amp;ssl=1 450w, https:\/\/i0.wp.com\/blog.kunstgriff.net\/wp-content\/uploads\/2017\/07\/Kuchen-gedeckter-Apfel-und-Blaubeer-Tarte.jpg?w=1575&amp;ssl=1 1575w\" width=\"170\" height=\"114\" loading=\"lazy\" data-original-width=\"170\" data-original-height=\"114\" itemprop=\"http:\/\/schema.org\/image\" title=\"Kuchen - gedeckter Apfel und Blaubeer-Tarte\" alt=\"Kuchen - gedeckter Apfel und Blaubeer-Tarte\" style=\"width: 170px; height: 114px;\" \/> <\/a> <div class=\"tiled-gallery-caption\" itemprop=\"caption description\"> Kuchen &#8211; gedeckter Apfel und Blaubeer-Tarte <\/div> <\/div> <div class=\"tiled-gallery-item tiled-gallery-item-small\" itemprop=\"associatedMedia\" itemscope itemtype=\"http:\/\/schema.org\/ImageObject\"> <a href=\"https:\/\/i0.wp.com\/blog.kunstgriff.net\/wp-content\/uploads\/2017\/07\/Nauen-in-Sichtweite.jpg?ssl=1\" border=\"0\" itemprop=\"url\"> <meta itemprop=\"width\" content=\"170\"> <meta itemprop=\"height\" content=\"113\"> <img decoding=\"async\" class=\"\" data-attachment-id=\"16437\" data-orig-file=\"https:\/\/blog.kunstgriff.net\/wp-content\/uploads\/2017\/07\/Nauen-in-Sichtweite.jpg\" data-orig-size=\"2000,1333\" data-comments-opened=\"1\" data-image-meta=\"{&quot;aperture&quot;:&quot;8&quot;,&quot;credit&quot;:&quot;&quot;,&quot;camera&quot;:&quot;TG-4&quot;,&quot;caption&quot;:&quot;OLYMPUS DIGITAL CAMERA&quot;,&quot;created_timestamp&quot;:&quot;1500125768&quot;,&quot;copyright&quot;:&quot;&quot;,&quot;focal_length&quot;:&quot;4.5&quot;,&quot;iso&quot;:&quot;100&quot;,&quot;shutter_speed&quot;:&quot;0.005&quot;,&quot;title&quot;:&quot;OLYMPUS DIGITAL CAMERA&quot;,&quot;orientation&quot;:&quot;1&quot;}\" data-image-title=\"Nauen in Sichtweite\" data-image-description=\"\" data-medium-file=\"https:\/\/i0.wp.com\/blog.kunstgriff.net\/wp-content\/uploads\/2017\/07\/Nauen-in-Sichtweite.jpg?fit=300%2C200&#038;ssl=1\" data-large-file=\"https:\/\/i0.wp.com\/blog.kunstgriff.net\/wp-content\/uploads\/2017\/07\/Nauen-in-Sichtweite.jpg?fit=1024%2C682&#038;ssl=1\" src=\"https:\/\/i0.wp.com\/blog.kunstgriff.net\/wp-content\/uploads\/2017\/07\/Nauen-in-Sichtweite.jpg?w=170&#038;h=113&#038;ssl=1\" srcset=\"https:\/\/i0.wp.com\/blog.kunstgriff.net\/wp-content\/uploads\/2017\/07\/Nauen-in-Sichtweite.jpg?w=2000&amp;ssl=1 2000w, https:\/\/i0.wp.com\/blog.kunstgriff.net\/wp-content\/uploads\/2017\/07\/Nauen-in-Sichtweite.jpg?resize=300%2C200&amp;ssl=1 300w, https:\/\/i0.wp.com\/blog.kunstgriff.net\/wp-content\/uploads\/2017\/07\/Nauen-in-Sichtweite.jpg?resize=768%2C512&amp;ssl=1 768w, https:\/\/i0.wp.com\/blog.kunstgriff.net\/wp-content\/uploads\/2017\/07\/Nauen-in-Sichtweite.jpg?resize=1024%2C682&amp;ssl=1 1024w, https:\/\/i0.wp.com\/blog.kunstgriff.net\/wp-content\/uploads\/2017\/07\/Nauen-in-Sichtweite.jpg?resize=450%2C300&amp;ssl=1 450w, https:\/\/i0.wp.com\/blog.kunstgriff.net\/wp-content\/uploads\/2017\/07\/Nauen-in-Sichtweite.jpg?w=1575&amp;ssl=1 1575w\" width=\"170\" height=\"113\" loading=\"lazy\" data-original-width=\"170\" data-original-height=\"113\" itemprop=\"http:\/\/schema.org\/image\" title=\"Nauen in Sichtweite\" alt=\"Nauen in Sichtweite\" style=\"width: 170px; height: 113px;\" \/> <\/a> <div class=\"tiled-gallery-caption\" itemprop=\"caption description\"> Nauen in Sichtweite <\/div> <\/div> <\/div> <!-- close group --> <\/div> <!-- close row --> <\/div>\n<p><iframe height='405' width='590' frameborder='0' allowtransparency='true' scrolling='no' src='https:\/\/www.strava.com\/activities\/1085124888\/embed\/0ead84f23eaef38ca2d17ef0d5d21ee7b98cbcdc'><\/iframe><\/p>\n<div style=\"width: 525px;\" class=\"wp-video\"><video class=\"wp-video-shortcode\" id=\"video-16438-1\" width=\"525\" height=\"295\" preload=\"metadata\" controls=\"controls\"><source type=\"video\/mp4\" src=\"https:\/\/blog.kunstgriff.net\/wp-content\/uploads\/2017\/07\/Relive-Kuchenrund-nach-P\u00e4wesin-rereloaded.mp4?_=1\" \/><a href=\"https:\/\/blog.kunstgriff.net\/wp-content\/uploads\/2017\/07\/Relive-Kuchenrund-nach-P\u00e4wesin-rereloaded.mp4\">https:\/\/blog.kunstgriff.net\/wp-content\/uploads\/2017\/07\/Relive-Kuchenrund-nach-P\u00e4wesin-rereloaded.mp4<\/a><\/video><\/div>\n","protected":false},"excerpt":{"rendered":"<p>\u00bbMit Alex und Wolfgang ins westliche Havelland\u00ab Diese Tour wird schon fast zum Wochenend-Klassiker, denn einmal am Wochenende verschl\u00e4gt es mich nach P\u00e4wesin. Keine Ahnung ob es an dem leckeren Kuchen liegt, der abwechslungsreichen Strecke oder, wie im heutigen Fall, einfach dem Tourenaufruf von Alexander \u2013 egal, der B\u00e4cker Backwahn ist einfach immer eine Rad-Ausfahrt &hellip; <\/p>\n<p class=\"link-more\"><a href=\"https:\/\/blog.kunstgriff.net\/?p=16438\" class=\"more-link\"><span class=\"screen-reader-text\">\u201eKuchenrund nach P\u00e4wesin rereloaded\u201c <\/span>weiterlesen<\/a><\/p>\n","protected":false},"author":2,"featured_media":16437,"comment_status":"open","ping_status":"open","sticky":false,"template":"","format":"standard","meta":{"jetpack_post_was_ever_published":false,"_jetpack_newsletter_access":"","_jetpack_dont_email_post_to_subs":false,"_jetpack_newsletter_tier_id":0,"_jetpack_memberships_contains_paywalled_content":false,"_jetpack_memberships_contains_paid_content":false,"footnotes":""},"categories":[34,14,7],"tags":[],"class_list":["post-16438","post","type-post","status-publish","format-standard","has-post-thumbnail","hentry","category-cake-ride","category-radfahren","category-rennradfahren"],"jetpack_featured_media_url":"https:\/\/i0.wp.com\/blog.kunstgriff.net\/wp-content\/uploads\/2017\/07\/Nauen-in-Sichtweite.jpg?fit=2000%2C1333&ssl=1","jetpack_shortlink":"https:\/\/wp.me\/p8Cxe7-4h8","jetpack-related-posts":[{"id":13523,"url":"https:\/\/blog.kunstgriff.net\/?p=13523","url_meta":{"origin":16438,"position":0},"title":"P\u00e4wesin-Runde","author":"Georg","date":"Mai 29, 2016","format":false,"excerpt":"oder \u00bbDem vorhergesagten Unwetter getrotzt\u00abSonntag ist Cake-Ride-Tag. Ach eigentlich sollte jede Ausfahrt ein Cake-Ride, also eine Kuchenausfahrt, sein. Aber ich darf mir das ja nicht immer w\u00fcnschen. Heute hatten wir alle eine Mission: Den Backwahn in P\u00e4wesin erreichen und in der Sonne kl\u00f6nen und Kuchen essen. Das gelang uns sehr\u2026","rel":"","context":"In &quot;Cake-Ride&quot;","block_context":{"text":"Cake-Ride","link":"https:\/\/blog.kunstgriff.net\/?cat=34"},"img":{"alt_text":"Feuerwehrkuchen und gedeckter Apfel","src":"https:\/\/i0.wp.com\/blog.kunstgriff.net\/wp-content\/uploads\/2016\/05\/Feuerwehrkuchen-und-gedeckter-Apfel.jpg?fit=1200%2C900&ssl=1&resize=350%2C200","width":350,"height":200,"srcset":"https:\/\/i0.wp.com\/blog.kunstgriff.net\/wp-content\/uploads\/2016\/05\/Feuerwehrkuchen-und-gedeckter-Apfel.jpg?fit=1200%2C900&ssl=1&resize=350%2C200 1x, https:\/\/i0.wp.com\/blog.kunstgriff.net\/wp-content\/uploads\/2016\/05\/Feuerwehrkuchen-und-gedeckter-Apfel.jpg?fit=1200%2C900&ssl=1&resize=525%2C300 1.5x, https:\/\/i0.wp.com\/blog.kunstgriff.net\/wp-content\/uploads\/2016\/05\/Feuerwehrkuchen-und-gedeckter-Apfel.jpg?fit=1200%2C900&ssl=1&resize=700%2C400 2x, https:\/\/i0.wp.com\/blog.kunstgriff.net\/wp-content\/uploads\/2016\/05\/Feuerwehrkuchen-und-gedeckter-Apfel.jpg?fit=1200%2C900&ssl=1&resize=1050%2C600 3x"},"classes":[]},{"id":19823,"url":"https:\/\/blog.kunstgriff.net\/?p=19823","url_meta":{"origin":16438,"position":1},"title":"P\u00e4wesin-Runde #06","author":"Georg","date":"Juli 27, 2019","format":false,"excerpt":"schon wieder alleine zur Kuchen-Theke Die Tourenwahl fiel mir heute gar nicht so leicht, denn es gab auch einen 200er zum Werbellin-See im Angebot. Allerdings dann doch zu weit f\u00fcr meinen Geschmack, also wieder alleine los. Da es heute morgen noch hie\u00df, da\u00df es morgen gewittern w\u00fcrde, wollte ich dann\u2026","rel":"","context":"In &quot;Cake-Ride&quot;","block_context":{"text":"Cake-Ride","link":"https:\/\/blog.kunstgriff.net\/?cat=34"},"img":{"alt_text":"Auf dem Weg nach Roskow","src":"https:\/\/i0.wp.com\/blog.kunstgriff.net\/wp-content\/uploads\/2019\/07\/Auf-dem-Weg-nach-Roskow.jpg?fit=1200%2C800&ssl=1&resize=350%2C200","width":350,"height":200,"srcset":"https:\/\/i0.wp.com\/blog.kunstgriff.net\/wp-content\/uploads\/2019\/07\/Auf-dem-Weg-nach-Roskow.jpg?fit=1200%2C800&ssl=1&resize=350%2C200 1x, https:\/\/i0.wp.com\/blog.kunstgriff.net\/wp-content\/uploads\/2019\/07\/Auf-dem-Weg-nach-Roskow.jpg?fit=1200%2C800&ssl=1&resize=525%2C300 1.5x, https:\/\/i0.wp.com\/blog.kunstgriff.net\/wp-content\/uploads\/2019\/07\/Auf-dem-Weg-nach-Roskow.jpg?fit=1200%2C800&ssl=1&resize=700%2C400 2x, https:\/\/i0.wp.com\/blog.kunstgriff.net\/wp-content\/uploads\/2019\/07\/Auf-dem-Weg-nach-Roskow.jpg?fit=1200%2C800&ssl=1&resize=1050%2C600 3x"},"classes":[]},{"id":21423,"url":"https:\/\/blog.kunstgriff.net\/?p=21423","url_meta":{"origin":16438,"position":2},"title":"P\u00e4wesin-Runde #07","author":"Georg","date":"Juli 5, 2020","format":false,"excerpt":"Mit F\u00e4hre und ordentlich Wind zum Backwahn Nachdem es gestern schon Kuchen gab, sollte heute der Kuchen-Stop nicht fehlen. Welche Location bietet sich da mehr an als \u2026? Klaro! Der Klassiker nach P\u00e4wesin! Also mit Stefan H. schon um 9:30 Uhr am Tunnel getroffen und \u00fcber die eigentlich sch\u00f6nste Strecke\u2026","rel":"","context":"In &quot;Cake-Ride&quot;","block_context":{"text":"Cake-Ride","link":"https:\/\/blog.kunstgriff.net\/?cat=34"},"img":{"alt_text":"Tremmen-Hill mit R\u00fcckenwind","src":"https:\/\/i0.wp.com\/blog.kunstgriff.net\/wp-content\/uploads\/2020\/07\/Tremmen-Hill-mit-R%C3%BCckenwind.jpg?fit=1200%2C800&ssl=1&resize=350%2C200","width":350,"height":200,"srcset":"https:\/\/i0.wp.com\/blog.kunstgriff.net\/wp-content\/uploads\/2020\/07\/Tremmen-Hill-mit-R%C3%BCckenwind.jpg?fit=1200%2C800&ssl=1&resize=350%2C200 1x, https:\/\/i0.wp.com\/blog.kunstgriff.net\/wp-content\/uploads\/2020\/07\/Tremmen-Hill-mit-R%C3%BCckenwind.jpg?fit=1200%2C800&ssl=1&resize=525%2C300 1.5x, https:\/\/i0.wp.com\/blog.kunstgriff.net\/wp-content\/uploads\/2020\/07\/Tremmen-Hill-mit-R%C3%BCckenwind.jpg?fit=1200%2C800&ssl=1&resize=700%2C400 2x, https:\/\/i0.wp.com\/blog.kunstgriff.net\/wp-content\/uploads\/2020\/07\/Tremmen-Hill-mit-R%C3%BCckenwind.jpg?fit=1200%2C800&ssl=1&resize=1050%2C600 3x"},"classes":[]},{"id":17018,"url":"https:\/\/blog.kunstgriff.net\/?p=17018","url_meta":{"origin":16438,"position":3},"title":"P\u00e4wesin-Runde rererererererereloaded","author":"Georg","date":"Oktober 21, 2017","format":false,"excerpt":"Sporteln mit den Jungs Obwohl heute Alternativ-Touren im Angebot waren, die zu anderen Kuchen-Destinationen f\u00fchrten, entschieden sich Marc und ich, wieder auf alt-bew\u00e4hrtes zu setzen. Auch Thilo war dem Vorhaben nicht abgeneigt und so hatten wir eine kleine, aber feine Gruppe beisammen, die im westlichen Havelland einen Cake-Ride vollziehen wollte.\u2026","rel":"","context":"In &quot;Cake-Ride&quot;","block_context":{"text":"Cake-Ride","link":"https:\/\/blog.kunstgriff.net\/?cat=34"},"img":{"alt_text":"","src":"https:\/\/i0.wp.com\/blog.kunstgriff.net\/wp-content\/uploads\/2017\/10\/Kuchen-Auswahl-Backwahn-P%C3%A4wesin.jpg?fit=1200%2C800&ssl=1&resize=350%2C200","width":350,"height":200,"srcset":"https:\/\/i0.wp.com\/blog.kunstgriff.net\/wp-content\/uploads\/2017\/10\/Kuchen-Auswahl-Backwahn-P%C3%A4wesin.jpg?fit=1200%2C800&ssl=1&resize=350%2C200 1x, https:\/\/i0.wp.com\/blog.kunstgriff.net\/wp-content\/uploads\/2017\/10\/Kuchen-Auswahl-Backwahn-P%C3%A4wesin.jpg?fit=1200%2C800&ssl=1&resize=525%2C300 1.5x, https:\/\/i0.wp.com\/blog.kunstgriff.net\/wp-content\/uploads\/2017\/10\/Kuchen-Auswahl-Backwahn-P%C3%A4wesin.jpg?fit=1200%2C800&ssl=1&resize=700%2C400 2x, https:\/\/i0.wp.com\/blog.kunstgriff.net\/wp-content\/uploads\/2017\/10\/Kuchen-Auswahl-Backwahn-P%C3%A4wesin.jpg?fit=1200%2C800&ssl=1&resize=1050%2C600 3x"},"classes":[]},{"id":21031,"url":"https:\/\/blog.kunstgriff.net\/?p=21031","url_meta":{"origin":16438,"position":4},"title":"P\u00e4wesin-Runde #03 &#8211; extended","author":"Georg","date":"April 19, 2020","format":false,"excerpt":"Backwahn-Double Da uns der gestrige Ritt ins Havelland, zu unserem allerliebsten Havellandb\u00e4cker, solch einen Spa\u00df gemacht hat, war heute das selbe Ziel auf dem Plan. Mit modifizierter, sprich verl\u00e4ngerter, Strecke und einem getauschten Mitfahrer. Der Alexander hatte besseres vor (geht das?) und so sprang der Marc kurzerhand ein. Wieder Dreier-Bande,\u2026","rel":"","context":"In &quot;Cake-Ride&quot;","block_context":{"text":"Cake-Ride","link":"https:\/\/blog.kunstgriff.net\/?cat=34"},"img":{"alt_text":"gleich gibts Kuchen","src":"https:\/\/i0.wp.com\/blog.kunstgriff.net\/wp-content\/uploads\/2020\/04\/gleich-gibts-Kuchen.jpg?fit=1200%2C800&ssl=1&resize=350%2C200","width":350,"height":200,"srcset":"https:\/\/i0.wp.com\/blog.kunstgriff.net\/wp-content\/uploads\/2020\/04\/gleich-gibts-Kuchen.jpg?fit=1200%2C800&ssl=1&resize=350%2C200 1x, https:\/\/i0.wp.com\/blog.kunstgriff.net\/wp-content\/uploads\/2020\/04\/gleich-gibts-Kuchen.jpg?fit=1200%2C800&ssl=1&resize=525%2C300 1.5x, https:\/\/i0.wp.com\/blog.kunstgriff.net\/wp-content\/uploads\/2020\/04\/gleich-gibts-Kuchen.jpg?fit=1200%2C800&ssl=1&resize=700%2C400 2x, https:\/\/i0.wp.com\/blog.kunstgriff.net\/wp-content\/uploads\/2020\/04\/gleich-gibts-Kuchen.jpg?fit=1200%2C800&ssl=1&resize=1050%2C600 3x"},"classes":[]},{"id":19679,"url":"https:\/\/blog.kunstgriff.net\/?p=19679","url_meta":{"origin":16438,"position":5},"title":"P\u00e4wesin-Runde #04","author":"admin","date":"Juni 22, 2019","format":false,"excerpt":"mit der Bande ne Kuchenhunni rollen Nach einer Woche Radsport-Abstinenz \u2013 kein Rennrad, kein Zwift, kein Tanke zu Tanke, musste der Renner heute wieder bewegt werden. Also mit Alex eine Runde ausgerufen und schon waren wir zu siebt. Treffpunkt Metro-Spandau. Der Auto-Verkehr war bis Gatow trotz Ferienbeginns nervig aber ertr\u00e4glich.\u2026","rel":"","context":"In &quot;Cake-Ride&quot;","block_context":{"text":"Cake-Ride","link":"https:\/\/blog.kunstgriff.net\/?cat=34"},"img":{"alt_text":"Money-Shot","src":"https:\/\/i0.wp.com\/blog.kunstgriff.net\/wp-content\/uploads\/2019\/06\/Money-Shot.jpg?fit=1200%2C800&ssl=1&resize=350%2C200","width":350,"height":200,"srcset":"https:\/\/i0.wp.com\/blog.kunstgriff.net\/wp-content\/uploads\/2019\/06\/Money-Shot.jpg?fit=1200%2C800&ssl=1&resize=350%2C200 1x, https:\/\/i0.wp.com\/blog.kunstgriff.net\/wp-content\/uploads\/2019\/06\/Money-Shot.jpg?fit=1200%2C800&ssl=1&resize=525%2C300 1.5x, https:\/\/i0.wp.com\/blog.kunstgriff.net\/wp-content\/uploads\/2019\/06\/Money-Shot.jpg?fit=1200%2C800&ssl=1&resize=700%2C400 2x, https:\/\/i0.wp.com\/blog.kunstgriff.net\/wp-content\/uploads\/2019\/06\/Money-Shot.jpg?fit=1200%2C800&ssl=1&resize=1050%2C600 3x"},"classes":[]}],"jetpack_likes_enabled":true,"jetpack_sharing_enabled":true,"_links":{"self":[{"href":"https:\/\/blog.kunstgriff.net\/index.php?rest_route=\/wp\/v2\/posts\/16438","targetHints":{"allow":["GET"]}}],"collection":[{"href":"https:\/\/blog.kunstgriff.net\/index.php?rest_route=\/wp\/v2\/posts"}],"about":[{"href":"https:\/\/blog.kunstgriff.net\/index.php?rest_route=\/wp\/v2\/types\/post"}],"author":[{"embeddable":true,"href":"https:\/\/blog.kunstgriff.net\/index.php?rest_route=\/wp\/v2\/users\/2"}],"replies":[{"embeddable":true,"href":"https:\/\/blog.kunstgriff.net\/index.php?rest_route=%2Fwp%2Fv2%2Fcomments&post=16438"}],"version-history":[{"count":0,"href":"https:\/\/blog.kunstgriff.net\/index.php?rest_route=\/wp\/v2\/posts\/16438\/revisions"}],"wp:featuredmedia":[{"embeddable":true,"href":"https:\/\/blog.kunstgriff.net\/index.php?rest_route=\/wp\/v2\/media\/16437"}],"wp:attachment":[{"href":"https:\/\/blog.kunstgriff.net\/index.php?rest_route=%2Fwp%2Fv2%2Fmedia&parent=16438"}],"wp:term":[{"taxonomy":"category","embeddable":true,"href":"https:\/\/blog.kunstgriff.net\/index.php?rest_route=%2Fwp%2Fv2%2Fcategories&post=16438"},{"taxonomy":"post_tag","embeddable":true,"href":"https:\/\/blog.kunstgriff.net\/index.php?rest_route=%2Fwp%2Fv2%2Ftags&post=16438"}],"curies":[{"name":"wp","href":"https:\/\/api.w.org\/{rel}","templated":true}]}}