{"id":16668,"date":"2017-09-10T16:25:13","date_gmt":"2017-09-10T14:25:13","guid":{"rendered":"https:\/\/blog.kunstgriff.net\/?p=16668"},"modified":"2017-09-10T22:36:39","modified_gmt":"2017-09-10T20:36:39","slug":"paewesin-runde-rererererererereloaded","status":"publish","type":"post","link":"https:\/\/blog.kunstgriff.net\/?p=16668","title":{"rendered":"P\u00e4wesin-Runde rererererererereloaded"},"content":{"rendered":"<span class=\"span-reading-time rt-reading-time\" style=\"display: block;\"><span class=\"rt-label rt-prefix\">Lesezeit: <\/span> <span class=\"rt-time\"> 2<\/span> <span class=\"rt-label rt-postfix\">Minuten<\/span><\/span><h4>\u00bbIn den goldenen Herbst\u00ab<\/h4>\n<hr \/>\n<p>Nachdem es gestern geregnet hat, und ich die Runde nach P\u00e4wesin ausfallen lie\u00df, wollte ich sie heute fahren. Quasi eine letzte Testfahrt vor der Radreise in die Pyren\u00e4en. Einige Dinge hatte ich an meinem Rad\u00a0<del>gepimpt<\/del> aktualisiert. Diese Dinge wollten auf Funktion gepr\u00fcft werden. Da waren<\/p>\n<ul>\n<li>Neue Firmware f\u00fcr die DI2 Schaltung und Umprogrammierung des Schaltmodus von <em>Semi-<\/em>Synchronized-Shifting zu Synchronized-Shifting<\/li>\n<li>Neue <em>Berg-Kassette<\/em> mit 11\u201328<\/li>\n<li><a href=\"https:\/\/apps.garmin.com\/en-US\/apps\/a947db9d-abb6-4aea-818a-ee57fc369dbb\" target=\"_blank\" rel=\"noopener\">Garmin IQ App<\/a> zur Ermittlung des FTP w\u00e4hrend der Fahrt.<\/li>\n<\/ul>\n<p>Ne ganze Menge Dinge, die einen sch\u00f6n vom Fahren ablenken k\u00f6nnen, aber einem Technik-Begeisterten, wie mir, richtig Freude machen.<\/p>\n<figure id=\"attachment_16664\" aria-describedby=\"caption-attachment-16664\" style=\"width: 169px\" class=\"wp-caption alignleft\"><a href=\"https:\/\/i0.wp.com\/blog.kunstgriff.net\/wp-content\/uploads\/2017\/09\/Schaltmodus-Steuerrung-in-der-Shimano-App.jpg?ssl=1\"><img data-recalc-dims=\"1\" loading=\"lazy\" decoding=\"async\" data-attachment-id=\"16664\" data-permalink=\"https:\/\/blog.kunstgriff.net\/?attachment_id=16664\" data-orig-file=\"https:\/\/i0.wp.com\/blog.kunstgriff.net\/wp-content\/uploads\/2017\/09\/Schaltmodus-Steuerrung-in-der-Shimano-App.jpg?fit=750%2C1334&amp;ssl=1\" data-orig-size=\"750,1334\" data-comments-opened=\"1\" data-image-meta=\"{&quot;aperture&quot;:&quot;0&quot;,&quot;credit&quot;:&quot;&quot;,&quot;camera&quot;:&quot;&quot;,&quot;caption&quot;:&quot;&quot;,&quot;created_timestamp&quot;:&quot;1505055143&quot;,&quot;copyright&quot;:&quot;&quot;,&quot;focal_length&quot;:&quot;0&quot;,&quot;iso&quot;:&quot;0&quot;,&quot;shutter_speed&quot;:&quot;0&quot;,&quot;title&quot;:&quot;&quot;,&quot;orientation&quot;:&quot;1&quot;}\" data-image-title=\"Schaltmodus Steuerrung in der Shimano App\" data-image-description=\"\" data-image-caption=\"&lt;p&gt;Schaltmodus Steuerrung in der Shimano App&lt;\/p&gt;\n\" data-large-file=\"https:\/\/i0.wp.com\/blog.kunstgriff.net\/wp-content\/uploads\/2017\/09\/Schaltmodus-Steuerrung-in-der-Shimano-App.jpg?fit=576%2C1024&amp;ssl=1\" class=\"size-medium wp-image-16664\" src=\"https:\/\/i0.wp.com\/blog.kunstgriff.net\/wp-content\/uploads\/2017\/09\/Schaltmodus-Steuerrung-in-der-Shimano-App.jpg?resize=169%2C300&#038;ssl=1\" alt=\"\" width=\"169\" height=\"300\" srcset=\"https:\/\/i0.wp.com\/blog.kunstgriff.net\/wp-content\/uploads\/2017\/09\/Schaltmodus-Steuerrung-in-der-Shimano-App.jpg?resize=169%2C300&amp;ssl=1 169w, https:\/\/i0.wp.com\/blog.kunstgriff.net\/wp-content\/uploads\/2017\/09\/Schaltmodus-Steuerrung-in-der-Shimano-App.jpg?resize=576%2C1024&amp;ssl=1 576w, https:\/\/i0.wp.com\/blog.kunstgriff.net\/wp-content\/uploads\/2017\/09\/Schaltmodus-Steuerrung-in-der-Shimano-App.jpg?w=750&amp;ssl=1 750w\" sizes=\"auto, (max-width: 169px) 100vw, 169px\" \/><\/a><figcaption id=\"caption-attachment-16664\" class=\"wp-caption-text\">Schaltmodus Steuerrung in der Shimano App<\/figcaption><\/figure>\n<p>Apropos Freude, nicht nur das Schalten mit den beiden Kn\u00f6pfen am Oberlenker macht nun noch mehr Spass, denn ich kann mit einem Taster alle 22 G\u00e4nge durchschalten und die Elektronik weiss, wann aufs gro\u00dfe Blatt zu wechseln ist. <em>Genial!<\/em> Genial auch der geringe Autoverkehr, der mir bis weit hinter die Stadtgrenze keinen Stress machte.<\/p>\n<p>Auch die Bergkassette funktionierte einwandfrei und der neue Rotor surrte dezent. Nachdem das alles getestet und f\u00fcr gut befunden war, guckte ich am <a href=\"https:\/\/www.strava.com\/segments\/15989404\" target=\"_blank\" rel=\"noopener\">Krampnitz-Hill<\/a> mal was so geht. Auch fein, schade nur, dass f\u00fcr die <a href=\"https:\/\/roadcycling.de\/ratgeber\/training-und-ernaehrung\/laktat-schwellenwert-tipps\/3\" target=\"_blank\" rel=\"noopener\">FTP-Ermittlung<\/a> ein ganzer Bildschirm f\u00fcr die App draufgeht und man die Messung nicht in ein Datenfeld integrieren kann. Vielleicht kommt das ja noch, oder ich gebe den Entwicklern einfach mal Feedback\u2026<\/p>\n<p>Sicher ein klasse Werkzeug f\u00fcr die kommenden Wochen.<\/p>\n<p>Aber Kuchen und Sonne gab es auch noch! Heute ohne Schlange am Backwahn. Keine Ahnung, ob der gesamte Ort vom gestrigen Feuerwehr-Fest noch Erholung suchte!?<\/p>\n<p>Die Himbeer-Schnitte zu einem Euro mundete neben dem gedeckten Apfelkuchen hervorragend und gaben mir Kraft um den R\u00fcckweg unter die schmalen Reifen zu nehmen. Dank Schiebewindes, war auch dieses Unterfangen ein grosser Spass und so erreichte ich noch vor dem Anpfiff von Hertha gegen die Bremen die <em>HomeBase.<\/em><\/p>\n<p>Tolle Tour \u2013 sch\u00f6ner Sonntag! Demn\u00e4chst dann weiter unten im S\u00fcden\u2026<\/p>\n<p>&nbsp;<\/p>\n<div class=\"tiled-gallery type-rectangular tiled-gallery-unresized\" data-original-width=\"525\" data-carousel-extra='{&quot;blog_id&quot;:1,&quot;permalink&quot;:&quot;https:\\\/\\\/blog.kunstgriff.net\\\/?p=16668&quot;,&quot;likes_blog_id&quot;:127394879}' itemscope itemtype=\"http:\/\/schema.org\/ImageGallery\" > <div class=\"gallery-row\" style=\"width: 525px; height: 235px;\" data-original-width=\"525\" data-original-height=\"235\" > <div class=\"gallery-group images-1\" style=\"width: 351px; height: 235px;\" data-original-width=\"351\" data-original-height=\"235\" > <div class=\"tiled-gallery-item tiled-gallery-item-large\" itemprop=\"associatedMedia\" itemscope itemtype=\"http:\/\/schema.org\/ImageObject\"> <a href=\"https:\/\/i0.wp.com\/blog.kunstgriff.net\/wp-content\/uploads\/2017\/09\/Durch-den-Sacrower-Forst.jpg?ssl=1\" border=\"0\" itemprop=\"url\"> <meta itemprop=\"width\" content=\"347\"> <meta itemprop=\"height\" content=\"231\"> <img decoding=\"async\" class=\"\" data-attachment-id=\"16660\" data-orig-file=\"https:\/\/blog.kunstgriff.net\/wp-content\/uploads\/2017\/09\/Durch-den-Sacrower-Forst.jpg\" data-orig-size=\"2000,1333\" data-comments-opened=\"1\" data-image-meta=\"{&quot;aperture&quot;:&quot;2.8&quot;,&quot;credit&quot;:&quot;&quot;,&quot;camera&quot;:&quot;TG-4&quot;,&quot;caption&quot;:&quot;OLYMPUS DIGITAL CAMERA&quot;,&quot;created_timestamp&quot;:&quot;1505041660&quot;,&quot;copyright&quot;:&quot;&quot;,&quot;focal_length&quot;:&quot;4.5&quot;,&quot;iso&quot;:&quot;100&quot;,&quot;shutter_speed&quot;:&quot;0.008&quot;,&quot;title&quot;:&quot;OLYMPUS DIGITAL CAMERA&quot;,&quot;orientation&quot;:&quot;1&quot;}\" data-image-title=\"Durch den Sacrower Forst\" data-image-description=\"\" data-medium-file=\"https:\/\/i0.wp.com\/blog.kunstgriff.net\/wp-content\/uploads\/2017\/09\/Durch-den-Sacrower-Forst.jpg?fit=300%2C200&#038;ssl=1\" data-large-file=\"https:\/\/i0.wp.com\/blog.kunstgriff.net\/wp-content\/uploads\/2017\/09\/Durch-den-Sacrower-Forst.jpg?fit=1024%2C682&#038;ssl=1\" src=\"https:\/\/i0.wp.com\/blog.kunstgriff.net\/wp-content\/uploads\/2017\/09\/Durch-den-Sacrower-Forst.jpg?w=347&#038;h=231&#038;ssl=1\" srcset=\"https:\/\/i0.wp.com\/blog.kunstgriff.net\/wp-content\/uploads\/2017\/09\/Durch-den-Sacrower-Forst.jpg?w=2000&amp;ssl=1 2000w, https:\/\/i0.wp.com\/blog.kunstgriff.net\/wp-content\/uploads\/2017\/09\/Durch-den-Sacrower-Forst.jpg?resize=300%2C200&amp;ssl=1 300w, https:\/\/i0.wp.com\/blog.kunstgriff.net\/wp-content\/uploads\/2017\/09\/Durch-den-Sacrower-Forst.jpg?resize=768%2C512&amp;ssl=1 768w, https:\/\/i0.wp.com\/blog.kunstgriff.net\/wp-content\/uploads\/2017\/09\/Durch-den-Sacrower-Forst.jpg?resize=1024%2C682&amp;ssl=1 1024w, https:\/\/i0.wp.com\/blog.kunstgriff.net\/wp-content\/uploads\/2017\/09\/Durch-den-Sacrower-Forst.jpg?resize=450%2C300&amp;ssl=1 450w, https:\/\/i0.wp.com\/blog.kunstgriff.net\/wp-content\/uploads\/2017\/09\/Durch-den-Sacrower-Forst.jpg?w=1575&amp;ssl=1 1575w\" width=\"347\" height=\"231\" loading=\"lazy\" data-original-width=\"347\" data-original-height=\"231\" itemprop=\"http:\/\/schema.org\/image\" title=\"Durch den Sacrower Forst\" alt=\"Durch den Sacrower Forst\" style=\"width: 347px; height: 231px;\" \/> <\/a> <div class=\"tiled-gallery-caption\" itemprop=\"caption description\"> Durch den Sacrower Forst <\/div> <\/div> <\/div> <!-- close group --> <div class=\"gallery-group images-2\" style=\"width: 174px; height: 235px;\" data-original-width=\"174\" data-original-height=\"235\" > <div class=\"tiled-gallery-item tiled-gallery-item-small\" itemprop=\"associatedMedia\" itemscope itemtype=\"http:\/\/schema.org\/ImageObject\"> <a href=\"https:\/\/i0.wp.com\/blog.kunstgriff.net\/wp-content\/uploads\/2017\/09\/Selfie-freude-am-Radeln.jpg?ssl=1\" border=\"0\" itemprop=\"url\"> <meta itemprop=\"width\" content=\"170\"> <meta itemprop=\"height\" content=\"114\"> <img decoding=\"async\" class=\"\" data-attachment-id=\"16665\" data-orig-file=\"https:\/\/blog.kunstgriff.net\/wp-content\/uploads\/2017\/09\/Selfie-freude-am-Radeln.jpg\" data-orig-size=\"2000,1333\" data-comments-opened=\"1\" data-image-meta=\"{&quot;aperture&quot;:&quot;2.8&quot;,&quot;credit&quot;:&quot;&quot;,&quot;camera&quot;:&quot;TG-4&quot;,&quot;caption&quot;:&quot;OLYMPUS DIGITAL CAMERA&quot;,&quot;created_timestamp&quot;:&quot;1505041680&quot;,&quot;copyright&quot;:&quot;&quot;,&quot;focal_length&quot;:&quot;4.5&quot;,&quot;iso&quot;:&quot;100&quot;,&quot;shutter_speed&quot;:&quot;0.005&quot;,&quot;title&quot;:&quot;OLYMPUS DIGITAL CAMERA&quot;,&quot;orientation&quot;:&quot;1&quot;}\" data-image-title=\"Selfie &amp;#8211; Freude am Radeln\" data-image-description=\"\" data-medium-file=\"https:\/\/i0.wp.com\/blog.kunstgriff.net\/wp-content\/uploads\/2017\/09\/Selfie-freude-am-Radeln.jpg?fit=300%2C200&#038;ssl=1\" data-large-file=\"https:\/\/i0.wp.com\/blog.kunstgriff.net\/wp-content\/uploads\/2017\/09\/Selfie-freude-am-Radeln.jpg?fit=1024%2C682&#038;ssl=1\" src=\"https:\/\/i0.wp.com\/blog.kunstgriff.net\/wp-content\/uploads\/2017\/09\/Selfie-freude-am-Radeln.jpg?w=170&#038;h=114&#038;ssl=1\" srcset=\"https:\/\/i0.wp.com\/blog.kunstgriff.net\/wp-content\/uploads\/2017\/09\/Selfie-freude-am-Radeln.jpg?w=2000&amp;ssl=1 2000w, https:\/\/i0.wp.com\/blog.kunstgriff.net\/wp-content\/uploads\/2017\/09\/Selfie-freude-am-Radeln.jpg?resize=300%2C200&amp;ssl=1 300w, https:\/\/i0.wp.com\/blog.kunstgriff.net\/wp-content\/uploads\/2017\/09\/Selfie-freude-am-Radeln.jpg?resize=768%2C512&amp;ssl=1 768w, https:\/\/i0.wp.com\/blog.kunstgriff.net\/wp-content\/uploads\/2017\/09\/Selfie-freude-am-Radeln.jpg?resize=1024%2C682&amp;ssl=1 1024w, https:\/\/i0.wp.com\/blog.kunstgriff.net\/wp-content\/uploads\/2017\/09\/Selfie-freude-am-Radeln.jpg?resize=450%2C300&amp;ssl=1 450w, https:\/\/i0.wp.com\/blog.kunstgriff.net\/wp-content\/uploads\/2017\/09\/Selfie-freude-am-Radeln.jpg?w=1575&amp;ssl=1 1575w\" width=\"170\" height=\"114\" loading=\"lazy\" data-original-width=\"170\" data-original-height=\"114\" itemprop=\"http:\/\/schema.org\/image\" title=\"Selfie - Freude am Radeln\" alt=\"Selfie - Freude am Radeln\" style=\"width: 170px; height: 114px;\" \/> <\/a> <div class=\"tiled-gallery-caption\" itemprop=\"caption description\"> Selfie &#8211; Freude am Radeln <\/div> <\/div> <div class=\"tiled-gallery-item tiled-gallery-item-small\" itemprop=\"associatedMedia\" itemscope itemtype=\"http:\/\/schema.org\/ImageObject\"> <a href=\"https:\/\/i0.wp.com\/blog.kunstgriff.net\/wp-content\/uploads\/2017\/09\/P%C3%A4wesin-ich-komme.jpg?ssl=1\" border=\"0\" itemprop=\"url\"> <meta itemprop=\"width\" content=\"170\"> <meta itemprop=\"height\" content=\"113\"> <img decoding=\"async\" class=\"\" data-attachment-id=\"16663\" data-orig-file=\"https:\/\/blog.kunstgriff.net\/wp-content\/uploads\/2017\/09\/P\u00e4wesin-ich-komme.jpg\" data-orig-size=\"2000,1333\" data-comments-opened=\"1\" data-image-meta=\"{&quot;aperture&quot;:&quot;8&quot;,&quot;credit&quot;:&quot;&quot;,&quot;camera&quot;:&quot;TG-4&quot;,&quot;caption&quot;:&quot;OLYMPUS DIGITAL CAMERA&quot;,&quot;created_timestamp&quot;:&quot;1505046099&quot;,&quot;copyright&quot;:&quot;&quot;,&quot;focal_length&quot;:&quot;4.5&quot;,&quot;iso&quot;:&quot;100&quot;,&quot;shutter_speed&quot;:&quot;0.004&quot;,&quot;title&quot;:&quot;OLYMPUS DIGITAL CAMERA&quot;,&quot;orientation&quot;:&quot;1&quot;}\" data-image-title=\"P\u00e4wesin &amp;#8211; ich komme\" data-image-description=\"\" data-medium-file=\"https:\/\/i0.wp.com\/blog.kunstgriff.net\/wp-content\/uploads\/2017\/09\/P%C3%A4wesin-ich-komme.jpg?fit=300%2C200&#038;ssl=1\" data-large-file=\"https:\/\/i0.wp.com\/blog.kunstgriff.net\/wp-content\/uploads\/2017\/09\/P%C3%A4wesin-ich-komme.jpg?fit=1024%2C682&#038;ssl=1\" src=\"https:\/\/i0.wp.com\/blog.kunstgriff.net\/wp-content\/uploads\/2017\/09\/P%C3%A4wesin-ich-komme.jpg?w=170&#038;h=113&#038;ssl=1\" width=\"170\" height=\"113\" loading=\"lazy\" data-original-width=\"170\" data-original-height=\"113\" itemprop=\"http:\/\/schema.org\/image\" title=\"P\u00e4wesin - ich komme\" alt=\"P\u00e4wesin - ich komme\" style=\"width: 170px; height: 113px;\" \/> <\/a> <div class=\"tiled-gallery-caption\" itemprop=\"caption description\"> P\u00e4wesin &#8211; ich komme <\/div> <\/div> <\/div> <!-- close group --> <\/div> <!-- close row --> <div class=\"gallery-row\" style=\"width: 525px; height: 118px;\" data-original-width=\"525\" data-original-height=\"118\" > <div class=\"gallery-group images-1\" style=\"width: 175px; height: 118px;\" data-original-width=\"175\" data-original-height=\"118\" > <div class=\"tiled-gallery-item tiled-gallery-item-small\" itemprop=\"associatedMedia\" itemscope itemtype=\"http:\/\/schema.org\/ImageObject\"> <a href=\"https:\/\/i0.wp.com\/blog.kunstgriff.net\/wp-content\/uploads\/2017\/09\/%C3%9Cberbordende-Kuchenauswahl-beim-Backwahn.jpg?ssl=1\" border=\"0\" itemprop=\"url\"> <meta itemprop=\"width\" content=\"171\"> <meta itemprop=\"height\" content=\"114\"> <img decoding=\"async\" class=\"\" data-attachment-id=\"16667\" data-orig-file=\"https:\/\/blog.kunstgriff.net\/wp-content\/uploads\/2017\/09\/\u00dcberbordende-Kuchenauswahl-beim-Backwahn.jpg\" data-orig-size=\"2000,1333\" data-comments-opened=\"1\" data-image-meta=\"{&quot;aperture&quot;:&quot;2.8&quot;,&quot;credit&quot;:&quot;&quot;,&quot;camera&quot;:&quot;TG-4&quot;,&quot;caption&quot;:&quot;OLYMPUS DIGITAL CAMERA&quot;,&quot;created_timestamp&quot;:&quot;1505046687&quot;,&quot;copyright&quot;:&quot;&quot;,&quot;focal_length&quot;:&quot;4.5&quot;,&quot;iso&quot;:&quot;100&quot;,&quot;shutter_speed&quot;:&quot;0.016666666666667&quot;,&quot;title&quot;:&quot;OLYMPUS DIGITAL CAMERA&quot;,&quot;orientation&quot;:&quot;1&quot;}\" data-image-title=\"\u00dcberbordende Kuchenauswahl beim Backwahn\" data-image-description=\"\" data-medium-file=\"https:\/\/i0.wp.com\/blog.kunstgriff.net\/wp-content\/uploads\/2017\/09\/%C3%9Cberbordende-Kuchenauswahl-beim-Backwahn.jpg?fit=300%2C200&#038;ssl=1\" data-large-file=\"https:\/\/i0.wp.com\/blog.kunstgriff.net\/wp-content\/uploads\/2017\/09\/%C3%9Cberbordende-Kuchenauswahl-beim-Backwahn.jpg?fit=1024%2C682&#038;ssl=1\" src=\"https:\/\/i0.wp.com\/blog.kunstgriff.net\/wp-content\/uploads\/2017\/09\/%C3%9Cberbordende-Kuchenauswahl-beim-Backwahn.jpg?w=171&#038;h=114&#038;ssl=1\" width=\"171\" height=\"114\" loading=\"lazy\" data-original-width=\"171\" data-original-height=\"114\" itemprop=\"http:\/\/schema.org\/image\" title=\"\u00dcberbordende Kuchenauswahl beim Backwahn\" alt=\"\u00dcberbordende Kuchenauswahl beim Backwahn\" style=\"width: 171px; height: 114px;\" \/> <\/a> <div class=\"tiled-gallery-caption\" itemprop=\"caption description\"> \u00dcberbordende Kuchenauswahl beim Backwahn <\/div> <\/div> <\/div> <!-- close group --> <div class=\"gallery-group images-1\" style=\"width: 175px; height: 118px;\" data-original-width=\"175\" data-original-height=\"118\" > <div class=\"tiled-gallery-item tiled-gallery-item-small\" itemprop=\"associatedMedia\" itemscope itemtype=\"http:\/\/schema.org\/ImageObject\"> <a href=\"https:\/\/i0.wp.com\/blog.kunstgriff.net\/wp-content\/uploads\/2017\/09\/Himbeerschnitte-f%C3%BCr-einen-Euro.jpg?ssl=1\" border=\"0\" itemprop=\"url\"> <meta itemprop=\"width\" content=\"171\"> <meta itemprop=\"height\" content=\"114\"> <img decoding=\"async\" class=\"\" data-attachment-id=\"16662\" data-orig-file=\"https:\/\/blog.kunstgriff.net\/wp-content\/uploads\/2017\/09\/Himbeerschnitte-f\u00fcr-einen-Euro.jpg\" data-orig-size=\"2000,1333\" data-comments-opened=\"1\" data-image-meta=\"{&quot;aperture&quot;:&quot;2&quot;,&quot;credit&quot;:&quot;&quot;,&quot;camera&quot;:&quot;TG-4&quot;,&quot;caption&quot;:&quot;OLYMPUS DIGITAL CAMERA&quot;,&quot;created_timestamp&quot;:&quot;1505046693&quot;,&quot;copyright&quot;:&quot;&quot;,&quot;focal_length&quot;:&quot;4.5&quot;,&quot;iso&quot;:&quot;100&quot;,&quot;shutter_speed&quot;:&quot;0.01&quot;,&quot;title&quot;:&quot;OLYMPUS DIGITAL CAMERA&quot;,&quot;orientation&quot;:&quot;1&quot;}\" data-image-title=\"Himbeerschnitte f\u00fcr einen Euro\" data-image-description=\"\" data-medium-file=\"https:\/\/i0.wp.com\/blog.kunstgriff.net\/wp-content\/uploads\/2017\/09\/Himbeerschnitte-f%C3%BCr-einen-Euro.jpg?fit=300%2C200&#038;ssl=1\" data-large-file=\"https:\/\/i0.wp.com\/blog.kunstgriff.net\/wp-content\/uploads\/2017\/09\/Himbeerschnitte-f%C3%BCr-einen-Euro.jpg?fit=1024%2C682&#038;ssl=1\" src=\"https:\/\/i0.wp.com\/blog.kunstgriff.net\/wp-content\/uploads\/2017\/09\/Himbeerschnitte-f%C3%BCr-einen-Euro.jpg?w=171&#038;h=114&#038;ssl=1\" width=\"171\" height=\"114\" loading=\"lazy\" data-original-width=\"171\" data-original-height=\"114\" itemprop=\"http:\/\/schema.org\/image\" title=\"Himbeerschnitte f\u00fcr einen Euro\" alt=\"Himbeerschnitte f\u00fcr einen Euro\" style=\"width: 171px; height: 114px;\" \/> <\/a> <div class=\"tiled-gallery-caption\" itemprop=\"caption description\"> Himbeerschnitte f\u00fcr einen Euro <\/div> <\/div> <\/div> <!-- close group --> <div class=\"gallery-group images-1\" style=\"width: 175px; height: 118px;\" data-original-width=\"175\" data-original-height=\"118\" > <div class=\"tiled-gallery-item tiled-gallery-item-small\" itemprop=\"associatedMedia\" itemscope itemtype=\"http:\/\/schema.org\/ImageObject\"> <a href=\"https:\/\/i0.wp.com\/blog.kunstgriff.net\/wp-content\/uploads\/2017\/09\/Himbeerschnitte-auf-meinem-Teller.jpg?ssl=1\" border=\"0\" itemprop=\"url\"> <meta itemprop=\"width\" content=\"171\"> <meta itemprop=\"height\" content=\"114\"> <img decoding=\"async\" class=\"\" data-attachment-id=\"16661\" data-orig-file=\"https:\/\/blog.kunstgriff.net\/wp-content\/uploads\/2017\/09\/Himbeerschnitte-auf-meinem-Teller.jpg\" data-orig-size=\"2000,1333\" data-comments-opened=\"1\" data-image-meta=\"{&quot;aperture&quot;:&quot;2.8&quot;,&quot;credit&quot;:&quot;&quot;,&quot;camera&quot;:&quot;TG-4&quot;,&quot;caption&quot;:&quot;OLYMPUS DIGITAL CAMERA&quot;,&quot;created_timestamp&quot;:&quot;1505046911&quot;,&quot;copyright&quot;:&quot;&quot;,&quot;focal_length&quot;:&quot;4.5&quot;,&quot;iso&quot;:&quot;100&quot;,&quot;shutter_speed&quot;:&quot;0.0015625&quot;,&quot;title&quot;:&quot;OLYMPUS DIGITAL CAMERA&quot;,&quot;orientation&quot;:&quot;1&quot;}\" data-image-title=\"Himbeerschnitte auf meinem Teller\" data-image-description=\"\" data-medium-file=\"https:\/\/i0.wp.com\/blog.kunstgriff.net\/wp-content\/uploads\/2017\/09\/Himbeerschnitte-auf-meinem-Teller.jpg?fit=300%2C200&#038;ssl=1\" data-large-file=\"https:\/\/i0.wp.com\/blog.kunstgriff.net\/wp-content\/uploads\/2017\/09\/Himbeerschnitte-auf-meinem-Teller.jpg?fit=1024%2C682&#038;ssl=1\" src=\"https:\/\/i0.wp.com\/blog.kunstgriff.net\/wp-content\/uploads\/2017\/09\/Himbeerschnitte-auf-meinem-Teller.jpg?w=171&#038;h=114&#038;ssl=1\" srcset=\"https:\/\/i0.wp.com\/blog.kunstgriff.net\/wp-content\/uploads\/2017\/09\/Himbeerschnitte-auf-meinem-Teller.jpg?w=2000&amp;ssl=1 2000w, https:\/\/i0.wp.com\/blog.kunstgriff.net\/wp-content\/uploads\/2017\/09\/Himbeerschnitte-auf-meinem-Teller.jpg?resize=300%2C200&amp;ssl=1 300w, https:\/\/i0.wp.com\/blog.kunstgriff.net\/wp-content\/uploads\/2017\/09\/Himbeerschnitte-auf-meinem-Teller.jpg?resize=768%2C512&amp;ssl=1 768w, https:\/\/i0.wp.com\/blog.kunstgriff.net\/wp-content\/uploads\/2017\/09\/Himbeerschnitte-auf-meinem-Teller.jpg?resize=1024%2C682&amp;ssl=1 1024w, https:\/\/i0.wp.com\/blog.kunstgriff.net\/wp-content\/uploads\/2017\/09\/Himbeerschnitte-auf-meinem-Teller.jpg?resize=450%2C300&amp;ssl=1 450w, https:\/\/i0.wp.com\/blog.kunstgriff.net\/wp-content\/uploads\/2017\/09\/Himbeerschnitte-auf-meinem-Teller.jpg?w=1575&amp;ssl=1 1575w\" width=\"171\" height=\"114\" loading=\"lazy\" data-original-width=\"171\" data-original-height=\"114\" itemprop=\"http:\/\/schema.org\/image\" title=\"Himbeerschnitte auf meinem Teller\" alt=\"Himbeerschnitte auf meinem Teller\" style=\"width: 171px; height: 114px;\" \/> <\/a> <div class=\"tiled-gallery-caption\" itemprop=\"caption description\"> Himbeerschnitte auf meinem Teller <\/div> <\/div> <\/div> <!-- close group --> <\/div> <!-- close row --> <div class=\"gallery-row\" style=\"width: 525px; height: 255px;\" data-original-width=\"525\" data-original-height=\"255\" > <div class=\"gallery-group images-1\" style=\"width: 380px; height: 255px;\" data-original-width=\"380\" data-original-height=\"255\" > <div class=\"tiled-gallery-item tiled-gallery-item-large\" itemprop=\"associatedMedia\" itemscope itemtype=\"http:\/\/schema.org\/ImageObject\"> <a href=\"https:\/\/i0.wp.com\/blog.kunstgriff.net\/wp-content\/uploads\/2017\/09\/Cockpit-mit-Fernbedienung-und-Oberlenker-Shifter.jpg?ssl=1\" border=\"0\" itemprop=\"url\"> <meta itemprop=\"width\" content=\"376\"> <meta itemprop=\"height\" content=\"251\"> <img decoding=\"async\" class=\"\" data-attachment-id=\"16659\" data-orig-file=\"https:\/\/blog.kunstgriff.net\/wp-content\/uploads\/2017\/09\/Cockpit-mit-Fernbedienung-und-Oberlenker-Shifter.jpg\" data-orig-size=\"2000,1333\" data-comments-opened=\"1\" data-image-meta=\"{&quot;aperture&quot;:&quot;2.8&quot;,&quot;credit&quot;:&quot;&quot;,&quot;camera&quot;:&quot;TG-4&quot;,&quot;caption&quot;:&quot;OLYMPUS DIGITAL CAMERA&quot;,&quot;created_timestamp&quot;:&quot;1505052042&quot;,&quot;copyright&quot;:&quot;&quot;,&quot;focal_length&quot;:&quot;4.5&quot;,&quot;iso&quot;:&quot;100&quot;,&quot;shutter_speed&quot;:&quot;0.0015625&quot;,&quot;title&quot;:&quot;OLYMPUS DIGITAL CAMERA&quot;,&quot;orientation&quot;:&quot;1&quot;}\" data-image-title=\"Cockpit mit Fernbedienung und Oberlenker Shifter\" data-image-description=\"\" data-medium-file=\"https:\/\/i0.wp.com\/blog.kunstgriff.net\/wp-content\/uploads\/2017\/09\/Cockpit-mit-Fernbedienung-und-Oberlenker-Shifter.jpg?fit=300%2C200&#038;ssl=1\" data-large-file=\"https:\/\/i0.wp.com\/blog.kunstgriff.net\/wp-content\/uploads\/2017\/09\/Cockpit-mit-Fernbedienung-und-Oberlenker-Shifter.jpg?fit=1024%2C682&#038;ssl=1\" src=\"https:\/\/i0.wp.com\/blog.kunstgriff.net\/wp-content\/uploads\/2017\/09\/Cockpit-mit-Fernbedienung-und-Oberlenker-Shifter.jpg?w=376&#038;h=251&#038;ssl=1\" srcset=\"https:\/\/i0.wp.com\/blog.kunstgriff.net\/wp-content\/uploads\/2017\/09\/Cockpit-mit-Fernbedienung-und-Oberlenker-Shifter.jpg?w=2000&amp;ssl=1 2000w, https:\/\/i0.wp.com\/blog.kunstgriff.net\/wp-content\/uploads\/2017\/09\/Cockpit-mit-Fernbedienung-und-Oberlenker-Shifter.jpg?resize=300%2C200&amp;ssl=1 300w, https:\/\/i0.wp.com\/blog.kunstgriff.net\/wp-content\/uploads\/2017\/09\/Cockpit-mit-Fernbedienung-und-Oberlenker-Shifter.jpg?resize=768%2C512&amp;ssl=1 768w, https:\/\/i0.wp.com\/blog.kunstgriff.net\/wp-content\/uploads\/2017\/09\/Cockpit-mit-Fernbedienung-und-Oberlenker-Shifter.jpg?resize=1024%2C682&amp;ssl=1 1024w, https:\/\/i0.wp.com\/blog.kunstgriff.net\/wp-content\/uploads\/2017\/09\/Cockpit-mit-Fernbedienung-und-Oberlenker-Shifter.jpg?resize=450%2C300&amp;ssl=1 450w, https:\/\/i0.wp.com\/blog.kunstgriff.net\/wp-content\/uploads\/2017\/09\/Cockpit-mit-Fernbedienung-und-Oberlenker-Shifter.jpg?w=1575&amp;ssl=1 1575w\" width=\"376\" height=\"251\" loading=\"lazy\" data-original-width=\"376\" data-original-height=\"251\" itemprop=\"http:\/\/schema.org\/image\" title=\"Cockpit mit Fernbedienung und Oberlenker Shifter\" alt=\"Cockpit mit Fernbedienung und Oberlenker Shifter\" style=\"width: 376px; height: 251px;\" \/> <\/a> <div class=\"tiled-gallery-caption\" itemprop=\"caption description\"> Cockpit mit Fernbedienung und Oberlenker Shifter <\/div> <\/div> <\/div> <!-- close group --> <div class=\"gallery-group images-1\" style=\"width: 145px; height: 255px;\" data-original-width=\"145\" data-original-height=\"255\" > <div class=\"tiled-gallery-item tiled-gallery-item-small\" itemprop=\"associatedMedia\" itemscope itemtype=\"http:\/\/schema.org\/ImageObject\"> <a href=\"https:\/\/i0.wp.com\/blog.kunstgriff.net\/wp-content\/uploads\/2017\/09\/Sortierung-der-PreSets.jpg?ssl=1\" border=\"0\" itemprop=\"url\"> <meta itemprop=\"width\" content=\"141\"> <meta itemprop=\"height\" content=\"251\"> <img decoding=\"async\" class=\"\" data-attachment-id=\"16666\" data-orig-file=\"https:\/\/blog.kunstgriff.net\/wp-content\/uploads\/2017\/09\/Sortierung-der-PreSets.jpg\" data-orig-size=\"750,1334\" data-comments-opened=\"1\" data-image-meta=\"{&quot;aperture&quot;:&quot;0&quot;,&quot;credit&quot;:&quot;&quot;,&quot;camera&quot;:&quot;&quot;,&quot;caption&quot;:&quot;&quot;,&quot;created_timestamp&quot;:&quot;1505055156&quot;,&quot;copyright&quot;:&quot;&quot;,&quot;focal_length&quot;:&quot;0&quot;,&quot;iso&quot;:&quot;0&quot;,&quot;shutter_speed&quot;:&quot;0&quot;,&quot;title&quot;:&quot;&quot;,&quot;orientation&quot;:&quot;1&quot;}\" data-image-title=\"Sortierung der PreSets\" data-image-description=\"\" data-medium-file=\"https:\/\/i0.wp.com\/blog.kunstgriff.net\/wp-content\/uploads\/2017\/09\/Sortierung-der-PreSets.jpg?fit=169%2C300&#038;ssl=1\" data-large-file=\"https:\/\/i0.wp.com\/blog.kunstgriff.net\/wp-content\/uploads\/2017\/09\/Sortierung-der-PreSets.jpg?fit=576%2C1024&#038;ssl=1\" src=\"https:\/\/i0.wp.com\/blog.kunstgriff.net\/wp-content\/uploads\/2017\/09\/Sortierung-der-PreSets.jpg?w=141&#038;h=251&#038;ssl=1\" srcset=\"https:\/\/i0.wp.com\/blog.kunstgriff.net\/wp-content\/uploads\/2017\/09\/Sortierung-der-PreSets.jpg?w=750&amp;ssl=1 750w, https:\/\/i0.wp.com\/blog.kunstgriff.net\/wp-content\/uploads\/2017\/09\/Sortierung-der-PreSets.jpg?resize=169%2C300&amp;ssl=1 169w, https:\/\/i0.wp.com\/blog.kunstgriff.net\/wp-content\/uploads\/2017\/09\/Sortierung-der-PreSets.jpg?resize=576%2C1024&amp;ssl=1 576w\" width=\"141\" height=\"251\" loading=\"lazy\" data-original-width=\"141\" data-original-height=\"251\" itemprop=\"http:\/\/schema.org\/image\" title=\"Sortierung der PreSets\" alt=\"Sortierung der PreSets\" style=\"width: 141px; height: 251px;\" \/> <\/a> <div class=\"tiled-gallery-caption\" itemprop=\"caption description\"> Sortierung der PreSets <\/div> <\/div> <\/div> <!-- close group --> <\/div> <!-- close row --> <\/div>\n<p>&nbsp;<\/p>\n<p><iframe loading=\"lazy\" src=\"https:\/\/www.strava.com\/activities\/1177408145\/embed\/3c856d2b6a8790fb2f437e0575d8524538c84091\" width=\"590\" height=\"405\" frameborder=\"0\" scrolling=\"no\"><\/iframe><\/p>\n<div style=\"width: 525px;\" class=\"wp-video\"><video class=\"wp-video-shortcode\" id=\"video-16668-1\" width=\"525\" height=\"295\" preload=\"metadata\" controls=\"controls\"><source type=\"video\/mp4\" src=\"https:\/\/blog.kunstgriff.net\/wp-content\/uploads\/2017\/09\/Relive-P\u00e4wesin-Runde.mp4?_=1\" \/><a href=\"https:\/\/blog.kunstgriff.net\/wp-content\/uploads\/2017\/09\/Relive-P\u00e4wesin-Runde.mp4\">https:\/\/blog.kunstgriff.net\/wp-content\/uploads\/2017\/09\/Relive-P\u00e4wesin-Runde.mp4<\/a><\/video><\/div>\n","protected":false},"excerpt":{"rendered":"<p>\u00bbIn den goldenen Herbst\u00ab Nachdem es gestern geregnet hat, und ich die Runde nach P\u00e4wesin ausfallen lie\u00df, wollte ich sie heute fahren. Quasi eine letzte Testfahrt vor der Radreise in die Pyren\u00e4en. Einige Dinge hatte ich an meinem Rad\u00a0gepimpt aktualisiert. Diese Dinge wollten auf Funktion gepr\u00fcft werden. Da waren Neue Firmware f\u00fcr die DI2 Schaltung &hellip; <\/p>\n<p class=\"link-more\"><a href=\"https:\/\/blog.kunstgriff.net\/?p=16668\" class=\"more-link\"><span class=\"screen-reader-text\">\u201eP\u00e4wesin-Runde rererererererereloaded\u201c <\/span>weiterlesen<\/a><\/p>\n","protected":false},"author":2,"featured_media":16663,"comment_status":"open","ping_status":"open","sticky":false,"template":"","format":"standard","meta":{"jetpack_post_was_ever_published":false,"_jetpack_newsletter_access":"","_jetpack_dont_email_post_to_subs":false,"_jetpack_newsletter_tier_id":0,"_jetpack_memberships_contains_paywalled_content":false,"_jetpack_memberships_contains_paid_content":false,"footnotes":""},"categories":[34,35,26,14,7,49,27],"tags":[],"class_list":["post-16668","post","type-post","status-publish","format-standard","has-post-thumbnail","hentry","category-cake-ride","category-garmin","category-infotainment","category-radfahren","category-rennradfahren","category-shimano","category-technik"],"jetpack_featured_media_url":"https:\/\/i0.wp.com\/blog.kunstgriff.net\/wp-content\/uploads\/2017\/09\/P%C3%A4wesin-ich-komme.jpg?fit=2000%2C1333&ssl=1","jetpack_shortlink":"https:\/\/wp.me\/p8Cxe7-4kQ","jetpack-related-posts":[{"id":21779,"url":"https:\/\/blog.kunstgriff.net\/?p=21779","url_meta":{"origin":16668,"position":0},"title":"P\u00e4wesin-Runde #10","author":"Georg","date":"September 13, 2020","format":false,"excerpt":"La Passione Cycle Team Da ich schon eine gef\u00fchlte Ewigkeit nicht mehr in P\u00e4wesin war, musste heute mal wieder dort hin geradelt werden. Stefan H. hatte auch Lust und so konnte ich gleich mal im Duett mein neues La Passione Trikot aus- und einfahren. Kurzer Ersteindruck: Es sitzt perfekt, wie\u2026","rel":"","context":"In &quot;Cake-Ride&quot;","block_context":{"text":"Cake-Ride","link":"https:\/\/blog.kunstgriff.net\/?cat=34"},"img":{"alt_text":"Tremmen Hill","src":"https:\/\/i0.wp.com\/blog.kunstgriff.net\/wp-content\/uploads\/2020\/09\/Tremmen-Hill.jpg?fit=1200%2C800&ssl=1&resize=350%2C200","width":350,"height":200,"srcset":"https:\/\/i0.wp.com\/blog.kunstgriff.net\/wp-content\/uploads\/2020\/09\/Tremmen-Hill.jpg?fit=1200%2C800&ssl=1&resize=350%2C200 1x, https:\/\/i0.wp.com\/blog.kunstgriff.net\/wp-content\/uploads\/2020\/09\/Tremmen-Hill.jpg?fit=1200%2C800&ssl=1&resize=525%2C300 1.5x, https:\/\/i0.wp.com\/blog.kunstgriff.net\/wp-content\/uploads\/2020\/09\/Tremmen-Hill.jpg?fit=1200%2C800&ssl=1&resize=700%2C400 2x, https:\/\/i0.wp.com\/blog.kunstgriff.net\/wp-content\/uploads\/2020\/09\/Tremmen-Hill.jpg?fit=1200%2C800&ssl=1&resize=1050%2C600 3x"},"classes":[]},{"id":21321,"url":"https:\/\/blog.kunstgriff.net\/?p=21321","url_meta":{"origin":16668,"position":1},"title":"P\u00e4wesin-Runde #06","author":"Georg","date":"Juni 14, 2020","format":false,"excerpt":"Heute ging es um den Wind Nach der gestrigen, doch etwas l\u00e4ngeren, Ausfahrt wollte ich heute ein wenig k\u00fcrzer fahren. Stefan auch und so taten wir uns zusammen. Einen Tr\u00e4ck hatte ich schon im Hinterkopf, denn ich wollte gerne schauen, was am Rathaus Falkensee so gehen w\u00fcrde, da war heute\u2026","rel":"","context":"In &quot;Cake-Ride&quot;","block_context":{"text":"Cake-Ride","link":"https:\/\/blog.kunstgriff.net\/?cat=34"},"img":{"alt_text":"","src":"https:\/\/i0.wp.com\/blog.kunstgriff.net\/wp-content\/uploads\/2020\/06\/Falkensee-Flux-Zeitfahren.jpg?fit=1200%2C800&ssl=1&resize=350%2C200","width":350,"height":200,"srcset":"https:\/\/i0.wp.com\/blog.kunstgriff.net\/wp-content\/uploads\/2020\/06\/Falkensee-Flux-Zeitfahren.jpg?fit=1200%2C800&ssl=1&resize=350%2C200 1x, https:\/\/i0.wp.com\/blog.kunstgriff.net\/wp-content\/uploads\/2020\/06\/Falkensee-Flux-Zeitfahren.jpg?fit=1200%2C800&ssl=1&resize=525%2C300 1.5x, https:\/\/i0.wp.com\/blog.kunstgriff.net\/wp-content\/uploads\/2020\/06\/Falkensee-Flux-Zeitfahren.jpg?fit=1200%2C800&ssl=1&resize=700%2C400 2x, https:\/\/i0.wp.com\/blog.kunstgriff.net\/wp-content\/uploads\/2020\/06\/Falkensee-Flux-Zeitfahren.jpg?fit=1200%2C800&ssl=1&resize=1050%2C600 3x"},"classes":[]},{"id":12037,"url":"https:\/\/blog.kunstgriff.net\/?p=12037","url_meta":{"origin":16668,"position":2},"title":"P\u00e4wesin-Runde","author":"Georg","date":"August 2, 2014","format":false,"excerpt":"oder \u00bbZum Backwahn ins Havelland\u00ab Nach gef\u00fchlten Jahren an Rennrad-Abstinenz war es heute endlich wieder so weit und ich konnte auf die Jungfernfahrt mit meinem neu aufgebauten Rad gehen. Zu erst einmal wollte ich alleine Fahren, nicht nur wegen des neuen Renners, auch wegen des desolaten Fitness-Standes, wollte ich mich\u2026","rel":"","context":"In &quot;Radfahren&quot;","block_context":{"text":"Radfahren","link":"https:\/\/blog.kunstgriff.net\/?cat=14"},"img":{"alt_text":"","src":"https:\/\/i0.wp.com\/blog.kunstgriff.net\/wp-content\/uploads\/2014\/08\/Das-Korn-ist-geerntet.jpg?fit=1200%2C900&ssl=1&resize=350%2C200","width":350,"height":200,"srcset":"https:\/\/i0.wp.com\/blog.kunstgriff.net\/wp-content\/uploads\/2014\/08\/Das-Korn-ist-geerntet.jpg?fit=1200%2C900&ssl=1&resize=350%2C200 1x, https:\/\/i0.wp.com\/blog.kunstgriff.net\/wp-content\/uploads\/2014\/08\/Das-Korn-ist-geerntet.jpg?fit=1200%2C900&ssl=1&resize=525%2C300 1.5x, https:\/\/i0.wp.com\/blog.kunstgriff.net\/wp-content\/uploads\/2014\/08\/Das-Korn-ist-geerntet.jpg?fit=1200%2C900&ssl=1&resize=700%2C400 2x, https:\/\/i0.wp.com\/blog.kunstgriff.net\/wp-content\/uploads\/2014\/08\/Das-Korn-ist-geerntet.jpg?fit=1200%2C900&ssl=1&resize=1050%2C600 3x"},"classes":[]},{"id":12720,"url":"https:\/\/blog.kunstgriff.net\/?p=12720","url_meta":{"origin":16668,"position":3},"title":"P\u00e4wesin-Runde","author":"Georg","date":"Juli 26, 2015","format":false,"excerpt":"oder \u00bbMal wieder den Renner abstauben\u00ab Eine gef\u00fchlte Ewigkeit war ich schon nicht mehr mit meinem Renner unterwegs gewesen. Aber die Berichte vom Arber und vom 24 Stunden Rennen am N\u00fcrburgring motivierten mich, in die Puschen zu kommen. Erst wollte ich nach Fehrbellin fahren, verwarf den Plan aber wieder f\u00fcr\u2026","rel":"","context":"In &quot;Cake-Ride&quot;","block_context":{"text":"Cake-Ride","link":"https:\/\/blog.kunstgriff.net\/?cat=34"},"img":{"alt_text":"","src":"https:\/\/i0.wp.com\/blog.kunstgriff.net\/wp-content\/uploads\/2015\/07\/Sakrower-Forst.jpg?fit=1200%2C900&ssl=1&resize=350%2C200","width":350,"height":200,"srcset":"https:\/\/i0.wp.com\/blog.kunstgriff.net\/wp-content\/uploads\/2015\/07\/Sakrower-Forst.jpg?fit=1200%2C900&ssl=1&resize=350%2C200 1x, https:\/\/i0.wp.com\/blog.kunstgriff.net\/wp-content\/uploads\/2015\/07\/Sakrower-Forst.jpg?fit=1200%2C900&ssl=1&resize=525%2C300 1.5x, https:\/\/i0.wp.com\/blog.kunstgriff.net\/wp-content\/uploads\/2015\/07\/Sakrower-Forst.jpg?fit=1200%2C900&ssl=1&resize=700%2C400 2x, https:\/\/i0.wp.com\/blog.kunstgriff.net\/wp-content\/uploads\/2015\/07\/Sakrower-Forst.jpg?fit=1200%2C900&ssl=1&resize=1050%2C600 3x"},"classes":[]},{"id":16494,"url":"https:\/\/blog.kunstgriff.net\/?p=16494","url_meta":{"origin":16668,"position":4},"title":"P\u00e4wesin-Runde rererereloaded","author":"Georg","date":"Juli 29, 2017","format":false,"excerpt":"\u00bbAlleine ins Havelland\u00ab Zu lange hatte ich heute mir mir gehadert, ob ich heute fahren sollte. Schlussendlich hat es dann bis fast elf Uhr gedauert bis ich in die Puschen gekommen bin. Nach wenigen Kilometern schon attestierte mir der Garmin erneut eine zufriedenstellende Fitness. Motivation geht anders. So kam es\u2026","rel":"","context":"In &quot;Cake-Ride&quot;","block_context":{"text":"Cake-Ride","link":"https:\/\/blog.kunstgriff.net\/?cat=34"},"img":{"alt_text":"","src":"https:\/\/i0.wp.com\/blog.kunstgriff.net\/wp-content\/uploads\/2017\/07\/bl%C3%BChende-Landschaft-bei-Wustermark.jpg?fit=1200%2C800&ssl=1&resize=350%2C200","width":350,"height":200,"srcset":"https:\/\/i0.wp.com\/blog.kunstgriff.net\/wp-content\/uploads\/2017\/07\/bl%C3%BChende-Landschaft-bei-Wustermark.jpg?fit=1200%2C800&ssl=1&resize=350%2C200 1x, https:\/\/i0.wp.com\/blog.kunstgriff.net\/wp-content\/uploads\/2017\/07\/bl%C3%BChende-Landschaft-bei-Wustermark.jpg?fit=1200%2C800&ssl=1&resize=525%2C300 1.5x, https:\/\/i0.wp.com\/blog.kunstgriff.net\/wp-content\/uploads\/2017\/07\/bl%C3%BChende-Landschaft-bei-Wustermark.jpg?fit=1200%2C800&ssl=1&resize=700%2C400 2x, https:\/\/i0.wp.com\/blog.kunstgriff.net\/wp-content\/uploads\/2017\/07\/bl%C3%BChende-Landschaft-bei-Wustermark.jpg?fit=1200%2C800&ssl=1&resize=1050%2C600 3x"},"classes":[]},{"id":23000,"url":"https:\/\/blog.kunstgriff.net\/?p=23000","url_meta":{"origin":16668,"position":5},"title":"P\u00e4wesin-Runde #1 in 2022","author":"Georg","date":"Juni 4, 2022","format":false,"excerpt":"Aufholjagd ins Havelland Jetzt wurde es auch langsam wieder Zeit, meinem Kuchen-Hot-Spot-Nummer-Eins einen Besuch abzustatten. In 2021, einem Pandemie-Jahr, hatte es mich immerhin sechs mal dorthin verschlagen. Ob das in 2022 noch aufzuholen sein wird? Wir werden sehen\u2026 Demnach war klar, da\u00df das Touren-Ziel f\u00fcr diesen warmen Pfingstsamstag gesetzt war.\u2026","rel":"","context":"In &quot;Cake-Ride&quot;","block_context":{"text":"Cake-Ride","link":"https:\/\/blog.kunstgriff.net\/?cat=34"},"img":{"alt_text":"Bachwahn-Bande","src":"https:\/\/i0.wp.com\/blog.kunstgriff.net\/wp-content\/uploads\/2022\/06\/Bachwahn-Bande.jpg?fit=1200%2C800&ssl=1&resize=350%2C200","width":350,"height":200,"srcset":"https:\/\/i0.wp.com\/blog.kunstgriff.net\/wp-content\/uploads\/2022\/06\/Bachwahn-Bande.jpg?fit=1200%2C800&ssl=1&resize=350%2C200 1x, https:\/\/i0.wp.com\/blog.kunstgriff.net\/wp-content\/uploads\/2022\/06\/Bachwahn-Bande.jpg?fit=1200%2C800&ssl=1&resize=525%2C300 1.5x, https:\/\/i0.wp.com\/blog.kunstgriff.net\/wp-content\/uploads\/2022\/06\/Bachwahn-Bande.jpg?fit=1200%2C800&ssl=1&resize=700%2C400 2x, https:\/\/i0.wp.com\/blog.kunstgriff.net\/wp-content\/uploads\/2022\/06\/Bachwahn-Bande.jpg?fit=1200%2C800&ssl=1&resize=1050%2C600 3x"},"classes":[]}],"jetpack_likes_enabled":true,"jetpack_sharing_enabled":true,"_links":{"self":[{"href":"https:\/\/blog.kunstgriff.net\/index.php?rest_route=\/wp\/v2\/posts\/16668","targetHints":{"allow":["GET"]}}],"collection":[{"href":"https:\/\/blog.kunstgriff.net\/index.php?rest_route=\/wp\/v2\/posts"}],"about":[{"href":"https:\/\/blog.kunstgriff.net\/index.php?rest_route=\/wp\/v2\/types\/post"}],"author":[{"embeddable":true,"href":"https:\/\/blog.kunstgriff.net\/index.php?rest_route=\/wp\/v2\/users\/2"}],"replies":[{"embeddable":true,"href":"https:\/\/blog.kunstgriff.net\/index.php?rest_route=%2Fwp%2Fv2%2Fcomments&post=16668"}],"version-history":[{"count":0,"href":"https:\/\/blog.kunstgriff.net\/index.php?rest_route=\/wp\/v2\/posts\/16668\/revisions"}],"wp:featuredmedia":[{"embeddable":true,"href":"https:\/\/blog.kunstgriff.net\/index.php?rest_route=\/wp\/v2\/media\/16663"}],"wp:attachment":[{"href":"https:\/\/blog.kunstgriff.net\/index.php?rest_route=%2Fwp%2Fv2%2Fmedia&parent=16668"}],"wp:term":[{"taxonomy":"category","embeddable":true,"href":"https:\/\/blog.kunstgriff.net\/index.php?rest_route=%2Fwp%2Fv2%2Fcategories&post=16668"},{"taxonomy":"post_tag","embeddable":true,"href":"https:\/\/blog.kunstgriff.net\/index.php?rest_route=%2Fwp%2Fv2%2Ftags&post=16668"}],"curies":[{"name":"wp","href":"https:\/\/api.w.org\/{rel}","templated":true}]}}