{"id":16689,"date":"2017-09-17T22:15:42","date_gmt":"2017-09-17T20:15:42","guid":{"rendered":"https:\/\/blog.kunstgriff.net\/?p=16689"},"modified":"2017-10-02T21:50:30","modified_gmt":"2017-10-02T19:50:30","slug":"ert-2017-pyrenaeen-1-etappe","status":"publish","type":"post","link":"https:\/\/blog.kunstgriff.net\/?p=16689","title":{"rendered":"ERT 2017: Pyren\u00e4en 1. Etappe"},"content":{"rendered":"<span class=\"span-reading-time rt-reading-time\" style=\"display: block;\"><span class=\"rt-label rt-prefix\">Lesezeit: <\/span> <span class=\"rt-time\"> 2<\/span> <span class=\"rt-label rt-postfix\">Minuten<\/span><\/span><h4>Barcelona \u2013 L\u2019Espluga de Francol\u00ed<\/h4>\n<hr \/>\n<p>Vorwort: Zum zweiten mal nehme ich jetzt an einer 14-t\u00e4gigen Sommertour des <a href=\"https:\/\/www.wff-berlin.de\/ert\/\" target=\"_blank\" rel=\"noopener\">wff <\/a>teil. Das erste mal ging es in 2015 von<a href=\"http:\/\/blog.kunstgriff.net\/?p=12784\" target=\"_blank\" rel=\"noopener\"> Stuttgart nach Nizza<\/a>. Ein klasse Erlebnis, dass sicher in den Pyren\u00e4en fortsetzten lie\u00dfe \u2013 so der Plan. Mit viel Gl\u00fcck schaffte ich es noch auf die Teilnehmerliste und ich war \u00fcbergl\u00fccklich, noch mitfahren zu d\u00fcrfen, denn die Teilnehmerzahl war streng begrenzt.<\/p>\n<p>Die Anreise mit dem Flugzeug nach Barcelona waren unkompliziert. Der Samstag wurden zum Sight-Seeing und Stadt-Erkunden genutzt. Das Hotel\/Hostel lag sehr zentral und war relativ einfach und die Doppelzimmer klein, aber sehr liebevoll eingerichet. Kein Problem und halt typisch ERT; unseren Spa\u00df hatten wir.<\/p>\n<p>Das Abendessen in Form von Tapas-Variation war ebenfalls super organisiert. Danach gab es noch <del>einen<\/del> mehrere Absacker in einer nahen Tapasbar. Geheim-Tip von Dirk: <a href=\"http:\/\/gruposagardi.com\/restaurante\/irati-taverna-basca\/\" target=\"_blank\" rel=\"noopener\">Taverna Basca Irati<\/a>. Also weiter futtern und trinken. Irgendwann war ich dann aber endg\u00fcltig bett-fertig, denn dieser Samstag begann ja schon um 3 Uhr in der Fr\u00fch.<\/p>\n<p>Auch ohne Wecker war ich am Sonntag morgen schon um 7 Uhr wach. Ich freute mich tierisch auf den heutigen Tag auf dem Rad. Um 8 gab\u2019s Fr\u00fchst\u00fcck. Viel Hunger hatte ich nicht, aber eine Schale Corn-Flakes und ein Croissant ging und geht immer.<\/p>\n<p>Sachen verladen, Startet-Foto, Track-laden und los. Viele mal schon der gleiche Ablauf. Routiniert lief es auch heute.<\/p>\n<p>Die eigentliche Strecke musste ein wenig variiert werden, da in Barcelona heute Stadt-Marathon war. Kein Problem. Eine sympathische rad-fahr-freundliche Metropole, die es uns auf sicheren, von der Fahrbahn der Kfz getrennten Wegen erm\u00f6glichte, die Stadt nach Norden zu verlassen.<\/p>\n<p>Eine Gruppe war schnell gefunden und so pedallierte es sich bei strahlend blauem Himmel und Temperaturen jenseits der 20\u00b0C hervorragend entlang des Mittelmeers, welches blau und wei\u00df in der Sonne glitzerte.<\/p>\n<p>Nun wurde es zum ersten Mal h\u00fcgelig und ich musste rei\u00dfen lassen. Egal, nicht \u00e4rgern, Musik an und mein Ding fahren. Die Autofahrer waren sehr kooperativ, \u00e4hnlich wie auf Mallorca \u00fcberholten stets mit sicherem Abstand und dr\u00e4ngelten oder hupten nie. Nicht nur dies war wie auf Mallorca, auch die Natur war der Baleareninsel sehr \u00e4hnlich: viele d\u00fcrre Str\u00e4ucher, Kakteen und Palmen wuchsen auf dem ansonsten kargen Land.<\/p>\n<p>Ich freute mich auf die Verpflegung und die Stullen, die Susi und Doreen f\u00fcr uns am Meer in der Sonne vorbereitet hatten. Nun war im komplett im Urlaub angekommen.<\/p>\n<p>Nach der St\u00e4rkung ging es auf die restlichen rund 75 km. Es sollte noch h\u00fcgeliger werden. Ich musste das ein ums andere mal wieder rei\u00dfen lassen, zum Kaffee ging es dann aber wieder gemeinsam. Klasse.<\/p>\n<p>Die restlichen drei\u00dfig h\u00fcgeligen Kilometer forderten mich sehr und ich war \u00fcber-gl\u00fccklich, als wir unsere Unterkunft erreichten. Mal sehen wie die folgenden Tage so werden&#8230;<\/p>\n<div class=\"tiled-gallery type-rectangular tiled-gallery-unresized\" data-original-width=\"525\" data-carousel-extra='{&quot;blog_id&quot;:1,&quot;permalink&quot;:&quot;https:\\\/\\\/blog.kunstgriff.net\\\/?p=16689&quot;,&quot;likes_blog_id&quot;:127394879}' itemscope itemtype=\"http:\/\/schema.org\/ImageGallery\" > <div class=\"gallery-row\" style=\"width: 525px; height: 235px;\" data-original-width=\"525\" data-original-height=\"235\" > <div class=\"gallery-group images-1\" style=\"width: 351px; height: 235px;\" data-original-width=\"351\" data-original-height=\"235\" > <div class=\"tiled-gallery-item tiled-gallery-item-large\" itemprop=\"associatedMedia\" itemscope itemtype=\"http:\/\/schema.org\/ImageObject\"> <a href=\"https:\/\/i0.wp.com\/blog.kunstgriff.net\/wp-content\/uploads\/2017\/10\/Gleich-gehts-los-von-unserem-Hotel-nahe-der-La-Rambla.jpg?ssl=1\" border=\"0\" itemprop=\"url\"> <meta itemprop=\"width\" content=\"347\"> <meta itemprop=\"height\" content=\"231\"> <img decoding=\"async\" class=\"\" data-attachment-id=\"16721\" data-orig-file=\"https:\/\/blog.kunstgriff.net\/wp-content\/uploads\/2017\/10\/Gleich-gehts-los-von-unserem-Hotel-nahe-der-La-Rambla.jpg\" data-orig-size=\"2000,1333\" data-comments-opened=\"1\" data-image-meta=\"{&quot;aperture&quot;:&quot;2&quot;,&quot;credit&quot;:&quot;&quot;,&quot;camera&quot;:&quot;TG-4&quot;,&quot;caption&quot;:&quot;OLYMPUS DIGITAL CAMERA&quot;,&quot;created_timestamp&quot;:&quot;1505640481&quot;,&quot;copyright&quot;:&quot;&quot;,&quot;focal_length&quot;:&quot;4.5&quot;,&quot;iso&quot;:&quot;160&quot;,&quot;shutter_speed&quot;:&quot;0.016666666666667&quot;,&quot;title&quot;:&quot;OLYMPUS DIGITAL CAMERA&quot;,&quot;orientation&quot;:&quot;1&quot;}\" data-image-title=\"Gleich gehts los von unserem Hotel nahe der La Rambla\" data-image-description=\"\" data-medium-file=\"https:\/\/i0.wp.com\/blog.kunstgriff.net\/wp-content\/uploads\/2017\/10\/Gleich-gehts-los-von-unserem-Hotel-nahe-der-La-Rambla.jpg?fit=300%2C200&#038;ssl=1\" data-large-file=\"https:\/\/i0.wp.com\/blog.kunstgriff.net\/wp-content\/uploads\/2017\/10\/Gleich-gehts-los-von-unserem-Hotel-nahe-der-La-Rambla.jpg?fit=1024%2C682&#038;ssl=1\" src=\"https:\/\/i0.wp.com\/blog.kunstgriff.net\/wp-content\/uploads\/2017\/10\/Gleich-gehts-los-von-unserem-Hotel-nahe-der-La-Rambla.jpg?w=347&#038;h=231&#038;ssl=1\" srcset=\"https:\/\/i0.wp.com\/blog.kunstgriff.net\/wp-content\/uploads\/2017\/10\/Gleich-gehts-los-von-unserem-Hotel-nahe-der-La-Rambla.jpg?w=2000&amp;ssl=1 2000w, https:\/\/i0.wp.com\/blog.kunstgriff.net\/wp-content\/uploads\/2017\/10\/Gleich-gehts-los-von-unserem-Hotel-nahe-der-La-Rambla.jpg?resize=300%2C200&amp;ssl=1 300w, https:\/\/i0.wp.com\/blog.kunstgriff.net\/wp-content\/uploads\/2017\/10\/Gleich-gehts-los-von-unserem-Hotel-nahe-der-La-Rambla.jpg?resize=768%2C512&amp;ssl=1 768w, https:\/\/i0.wp.com\/blog.kunstgriff.net\/wp-content\/uploads\/2017\/10\/Gleich-gehts-los-von-unserem-Hotel-nahe-der-La-Rambla.jpg?resize=1024%2C682&amp;ssl=1 1024w, https:\/\/i0.wp.com\/blog.kunstgriff.net\/wp-content\/uploads\/2017\/10\/Gleich-gehts-los-von-unserem-Hotel-nahe-der-La-Rambla.jpg?resize=450%2C300&amp;ssl=1 450w, https:\/\/i0.wp.com\/blog.kunstgriff.net\/wp-content\/uploads\/2017\/10\/Gleich-gehts-los-von-unserem-Hotel-nahe-der-La-Rambla.jpg?w=1575&amp;ssl=1 1575w\" width=\"347\" height=\"231\" loading=\"lazy\" data-original-width=\"347\" data-original-height=\"231\" itemprop=\"http:\/\/schema.org\/image\" title=\"Gleich gehts los von unserem Hotel nahe der La Rambla\" alt=\"Gleich gehts los von unserem Hotel nahe der La Rambla\" style=\"width: 347px; height: 231px;\" \/> <\/a> <div class=\"tiled-gallery-caption\" itemprop=\"caption description\"> Gleich gehts los von unserem Hotel nahe der La Rambla <\/div> <\/div> <\/div> <!-- close group --> <div class=\"gallery-group images-2\" style=\"width: 174px; height: 235px;\" data-original-width=\"174\" data-original-height=\"235\" > <div class=\"tiled-gallery-item tiled-gallery-item-small\" itemprop=\"associatedMedia\" itemscope itemtype=\"http:\/\/schema.org\/ImageObject\"> <a href=\"https:\/\/i0.wp.com\/blog.kunstgriff.net\/wp-content\/uploads\/2017\/10\/Gep%C3%A4ck-verladen-zum-ersten-aber-nicht-zum-letzten-mal.jpg?ssl=1\" border=\"0\" itemprop=\"url\"> <meta itemprop=\"width\" content=\"170\"> <meta itemprop=\"height\" content=\"114\"> <img decoding=\"async\" class=\"\" data-attachment-id=\"16720\" data-orig-file=\"https:\/\/blog.kunstgriff.net\/wp-content\/uploads\/2017\/10\/Gep\u00e4ck-verladen-zum-ersten-aber-nicht-zum-letzten-mal.jpg\" data-orig-size=\"2000,1333\" data-comments-opened=\"1\" data-image-meta=\"{&quot;aperture&quot;:&quot;2&quot;,&quot;credit&quot;:&quot;&quot;,&quot;camera&quot;:&quot;TG-4&quot;,&quot;caption&quot;:&quot;OLYMPUS DIGITAL CAMERA&quot;,&quot;created_timestamp&quot;:&quot;1505640931&quot;,&quot;copyright&quot;:&quot;&quot;,&quot;focal_length&quot;:&quot;4.5&quot;,&quot;iso&quot;:&quot;200&quot;,&quot;shutter_speed&quot;:&quot;0.025&quot;,&quot;title&quot;:&quot;OLYMPUS DIGITAL CAMERA&quot;,&quot;orientation&quot;:&quot;1&quot;}\" data-image-title=\"Gep\u00e4ck verladen &amp;#8211; zum ersten aber nicht zum letzten mal\" data-image-description=\"\" data-medium-file=\"https:\/\/i0.wp.com\/blog.kunstgriff.net\/wp-content\/uploads\/2017\/10\/Gep%C3%A4ck-verladen-zum-ersten-aber-nicht-zum-letzten-mal.jpg?fit=300%2C200&#038;ssl=1\" data-large-file=\"https:\/\/i0.wp.com\/blog.kunstgriff.net\/wp-content\/uploads\/2017\/10\/Gep%C3%A4ck-verladen-zum-ersten-aber-nicht-zum-letzten-mal.jpg?fit=1024%2C682&#038;ssl=1\" src=\"https:\/\/i0.wp.com\/blog.kunstgriff.net\/wp-content\/uploads\/2017\/10\/Gep%C3%A4ck-verladen-zum-ersten-aber-nicht-zum-letzten-mal.jpg?w=170&#038;h=114&#038;ssl=1\" width=\"170\" height=\"114\" loading=\"lazy\" data-original-width=\"170\" data-original-height=\"114\" itemprop=\"http:\/\/schema.org\/image\" title=\"Gep\u00e4ck verladen - zum ersten aber nicht zum letzten mal\" alt=\"Gep\u00e4ck verladen - zum ersten aber nicht zum letzten mal\" style=\"width: 170px; height: 114px;\" \/> <\/a> <div class=\"tiled-gallery-caption\" itemprop=\"caption description\"> Gep\u00e4ck verladen &#8211; zum ersten aber nicht zum letzten mal <\/div> <\/div> <div class=\"tiled-gallery-item tiled-gallery-item-small\" itemprop=\"associatedMedia\" itemscope itemtype=\"http:\/\/schema.org\/ImageObject\"> <a href=\"https:\/\/i0.wp.com\/blog.kunstgriff.net\/wp-content\/uploads\/2017\/10\/nach-Norden-auf-Las-Ramblas.jpg?ssl=1\" border=\"0\" itemprop=\"url\"> <meta itemprop=\"width\" content=\"170\"> <meta itemprop=\"height\" content=\"113\"> <img decoding=\"async\" class=\"\" data-attachment-id=\"16724\" data-orig-file=\"https:\/\/blog.kunstgriff.net\/wp-content\/uploads\/2017\/10\/nach-Norden-auf-Las-Ramblas.jpg\" data-orig-size=\"2000,1333\" data-comments-opened=\"1\" data-image-meta=\"{&quot;aperture&quot;:&quot;2.8&quot;,&quot;credit&quot;:&quot;&quot;,&quot;camera&quot;:&quot;TG-4&quot;,&quot;caption&quot;:&quot;OLYMPUS DIGITAL CAMERA&quot;,&quot;created_timestamp&quot;:&quot;1505641846&quot;,&quot;copyright&quot;:&quot;&quot;,&quot;focal_length&quot;:&quot;4.5&quot;,&quot;iso&quot;:&quot;100&quot;,&quot;shutter_speed&quot;:&quot;0.005&quot;,&quot;title&quot;:&quot;OLYMPUS DIGITAL CAMERA&quot;,&quot;orientation&quot;:&quot;1&quot;}\" data-image-title=\"nach Norden auf La Rambla.jpg\" data-image-description=\"\" data-medium-file=\"https:\/\/i0.wp.com\/blog.kunstgriff.net\/wp-content\/uploads\/2017\/10\/nach-Norden-auf-Las-Ramblas.jpg?fit=300%2C200&#038;ssl=1\" data-large-file=\"https:\/\/i0.wp.com\/blog.kunstgriff.net\/wp-content\/uploads\/2017\/10\/nach-Norden-auf-Las-Ramblas.jpg?fit=1024%2C682&#038;ssl=1\" src=\"https:\/\/i0.wp.com\/blog.kunstgriff.net\/wp-content\/uploads\/2017\/10\/nach-Norden-auf-Las-Ramblas.jpg?w=170&#038;h=113&#038;ssl=1\" srcset=\"https:\/\/i0.wp.com\/blog.kunstgriff.net\/wp-content\/uploads\/2017\/10\/nach-Norden-auf-Las-Ramblas.jpg?w=2000&amp;ssl=1 2000w, https:\/\/i0.wp.com\/blog.kunstgriff.net\/wp-content\/uploads\/2017\/10\/nach-Norden-auf-Las-Ramblas.jpg?resize=300%2C200&amp;ssl=1 300w, https:\/\/i0.wp.com\/blog.kunstgriff.net\/wp-content\/uploads\/2017\/10\/nach-Norden-auf-Las-Ramblas.jpg?resize=768%2C512&amp;ssl=1 768w, https:\/\/i0.wp.com\/blog.kunstgriff.net\/wp-content\/uploads\/2017\/10\/nach-Norden-auf-Las-Ramblas.jpg?resize=1024%2C682&amp;ssl=1 1024w, https:\/\/i0.wp.com\/blog.kunstgriff.net\/wp-content\/uploads\/2017\/10\/nach-Norden-auf-Las-Ramblas.jpg?resize=450%2C300&amp;ssl=1 450w, https:\/\/i0.wp.com\/blog.kunstgriff.net\/wp-content\/uploads\/2017\/10\/nach-Norden-auf-Las-Ramblas.jpg?w=1575&amp;ssl=1 1575w\" width=\"170\" height=\"113\" loading=\"lazy\" data-original-width=\"170\" data-original-height=\"113\" itemprop=\"http:\/\/schema.org\/image\" title=\"nach Norden auf La Rambla.jpg\" alt=\"nach Norden auf La Rambla.jpg\" style=\"width: 170px; height: 113px;\" \/> <\/a> <div class=\"tiled-gallery-caption\" itemprop=\"caption description\"> nach Norden auf La Rambla.jpg <\/div> <\/div> <\/div> <!-- close group --> <\/div> <!-- close row --> <div class=\"gallery-row\" style=\"width: 525px; height: 118px;\" data-original-width=\"525\" data-original-height=\"118\" > <div class=\"gallery-group images-1\" style=\"width: 175px; height: 118px;\" data-original-width=\"175\" data-original-height=\"118\" > <div class=\"tiled-gallery-item tiled-gallery-item-small\" itemprop=\"associatedMedia\" itemscope itemtype=\"http:\/\/schema.org\/ImageObject\"> <a href=\"https:\/\/i0.wp.com\/blog.kunstgriff.net\/wp-content\/uploads\/2017\/10\/%C3%9Cber-den-Placa-de-Catalunya.jpg?ssl=1\" border=\"0\" itemprop=\"url\"> <meta itemprop=\"width\" content=\"171\"> <meta itemprop=\"height\" content=\"114\"> <img decoding=\"async\" class=\"\" data-attachment-id=\"16727\" data-orig-file=\"https:\/\/blog.kunstgriff.net\/wp-content\/uploads\/2017\/10\/\u00dcber-den-Placa-de-Catalunya.jpg\" data-orig-size=\"2000,1333\" data-comments-opened=\"1\" data-image-meta=\"{&quot;aperture&quot;:&quot;2.8&quot;,&quot;credit&quot;:&quot;&quot;,&quot;camera&quot;:&quot;TG-4&quot;,&quot;caption&quot;:&quot;OLYMPUS DIGITAL CAMERA&quot;,&quot;created_timestamp&quot;:&quot;1505641977&quot;,&quot;copyright&quot;:&quot;&quot;,&quot;focal_length&quot;:&quot;4.5&quot;,&quot;iso&quot;:&quot;100&quot;,&quot;shutter_speed&quot;:&quot;0.0015625&quot;,&quot;title&quot;:&quot;OLYMPUS DIGITAL CAMERA&quot;,&quot;orientation&quot;:&quot;1&quot;}\" data-image-title=\"\u00dcber den Placa de Catalunya\" data-image-description=\"\" data-medium-file=\"https:\/\/i0.wp.com\/blog.kunstgriff.net\/wp-content\/uploads\/2017\/10\/%C3%9Cber-den-Placa-de-Catalunya.jpg?fit=300%2C200&#038;ssl=1\" data-large-file=\"https:\/\/i0.wp.com\/blog.kunstgriff.net\/wp-content\/uploads\/2017\/10\/%C3%9Cber-den-Placa-de-Catalunya.jpg?fit=1024%2C682&#038;ssl=1\" src=\"https:\/\/i0.wp.com\/blog.kunstgriff.net\/wp-content\/uploads\/2017\/10\/%C3%9Cber-den-Placa-de-Catalunya.jpg?w=171&#038;h=114&#038;ssl=1\" width=\"171\" height=\"114\" loading=\"lazy\" data-original-width=\"171\" data-original-height=\"114\" itemprop=\"http:\/\/schema.org\/image\" title=\"\u00dcber den Placa de Catalunya\" alt=\"\u00dcber den Placa de Catalunya\" style=\"width: 171px; height: 114px;\" \/> <\/a> <div class=\"tiled-gallery-caption\" itemprop=\"caption description\"> \u00dcber den Placa de Catalunya <\/div> <\/div> <\/div> <!-- close group --> <div class=\"gallery-group images-1\" style=\"width: 175px; height: 118px;\" data-original-width=\"175\" data-original-height=\"118\" > <div class=\"tiled-gallery-item tiled-gallery-item-small\" itemprop=\"associatedMedia\" itemscope itemtype=\"http:\/\/schema.org\/ImageObject\"> <a href=\"https:\/\/i0.wp.com\/blog.kunstgriff.net\/wp-content\/uploads\/2017\/10\/Erst-mal-nach-dem-Weg-fragen-es-war-Barcelona-Marathon.jpg?ssl=1\" border=\"0\" itemprop=\"url\"> <meta itemprop=\"width\" content=\"171\"> <meta itemprop=\"height\" content=\"114\"> <img decoding=\"async\" class=\"\" data-attachment-id=\"16719\" data-orig-file=\"https:\/\/blog.kunstgriff.net\/wp-content\/uploads\/2017\/10\/Erst-mal-nach-dem-Weg-fragen-es-war-Barcelona-Marathon.jpg\" data-orig-size=\"2000,1333\" data-comments-opened=\"1\" data-image-meta=\"{&quot;aperture&quot;:&quot;2.8&quot;,&quot;credit&quot;:&quot;&quot;,&quot;camera&quot;:&quot;TG-4&quot;,&quot;caption&quot;:&quot;OLYMPUS DIGITAL CAMERA&quot;,&quot;created_timestamp&quot;:&quot;1505642133&quot;,&quot;copyright&quot;:&quot;&quot;,&quot;focal_length&quot;:&quot;4.5&quot;,&quot;iso&quot;:&quot;100&quot;,&quot;shutter_speed&quot;:&quot;0.003125&quot;,&quot;title&quot;:&quot;OLYMPUS DIGITAL CAMERA&quot;,&quot;orientation&quot;:&quot;1&quot;}\" data-image-title=\"Erst mal nach dem Weg fragen &amp;#8211; es war Barcelona Marathon\" data-image-description=\"\" data-medium-file=\"https:\/\/i0.wp.com\/blog.kunstgriff.net\/wp-content\/uploads\/2017\/10\/Erst-mal-nach-dem-Weg-fragen-es-war-Barcelona-Marathon.jpg?fit=300%2C200&#038;ssl=1\" data-large-file=\"https:\/\/i0.wp.com\/blog.kunstgriff.net\/wp-content\/uploads\/2017\/10\/Erst-mal-nach-dem-Weg-fragen-es-war-Barcelona-Marathon.jpg?fit=1024%2C682&#038;ssl=1\" src=\"https:\/\/i0.wp.com\/blog.kunstgriff.net\/wp-content\/uploads\/2017\/10\/Erst-mal-nach-dem-Weg-fragen-es-war-Barcelona-Marathon.jpg?w=171&#038;h=114&#038;ssl=1\" srcset=\"https:\/\/i0.wp.com\/blog.kunstgriff.net\/wp-content\/uploads\/2017\/10\/Erst-mal-nach-dem-Weg-fragen-es-war-Barcelona-Marathon.jpg?w=2000&amp;ssl=1 2000w, https:\/\/i0.wp.com\/blog.kunstgriff.net\/wp-content\/uploads\/2017\/10\/Erst-mal-nach-dem-Weg-fragen-es-war-Barcelona-Marathon.jpg?resize=300%2C200&amp;ssl=1 300w, https:\/\/i0.wp.com\/blog.kunstgriff.net\/wp-content\/uploads\/2017\/10\/Erst-mal-nach-dem-Weg-fragen-es-war-Barcelona-Marathon.jpg?resize=768%2C512&amp;ssl=1 768w, https:\/\/i0.wp.com\/blog.kunstgriff.net\/wp-content\/uploads\/2017\/10\/Erst-mal-nach-dem-Weg-fragen-es-war-Barcelona-Marathon.jpg?resize=1024%2C682&amp;ssl=1 1024w, https:\/\/i0.wp.com\/blog.kunstgriff.net\/wp-content\/uploads\/2017\/10\/Erst-mal-nach-dem-Weg-fragen-es-war-Barcelona-Marathon.jpg?resize=450%2C300&amp;ssl=1 450w, https:\/\/i0.wp.com\/blog.kunstgriff.net\/wp-content\/uploads\/2017\/10\/Erst-mal-nach-dem-Weg-fragen-es-war-Barcelona-Marathon.jpg?w=1575&amp;ssl=1 1575w\" width=\"171\" height=\"114\" loading=\"lazy\" data-original-width=\"171\" data-original-height=\"114\" itemprop=\"http:\/\/schema.org\/image\" title=\"Erst mal nach dem Weg fragen - es war Barcelona Marathon\" alt=\"Erst mal nach dem Weg fragen - es war Barcelona Marathon\" style=\"width: 171px; height: 114px;\" \/> <\/a> <div class=\"tiled-gallery-caption\" itemprop=\"caption description\"> Erst mal nach dem Weg fragen &#8211; es war Barcelona Marathon <\/div> <\/div> <\/div> <!-- close group --> <div class=\"gallery-group images-1\" style=\"width: 175px; height: 118px;\" data-original-width=\"175\" data-original-height=\"118\" > <div class=\"tiled-gallery-item tiled-gallery-item-small\" itemprop=\"associatedMedia\" itemscope itemtype=\"http:\/\/schema.org\/ImageObject\"> <a href=\"https:\/\/i0.wp.com\/blog.kunstgriff.net\/wp-content\/uploads\/2017\/10\/Der-Weg-ist-frei.jpg?ssl=1\" border=\"0\" itemprop=\"url\"> <meta itemprop=\"width\" content=\"171\"> <meta itemprop=\"height\" content=\"114\"> <img decoding=\"async\" class=\"\" data-attachment-id=\"16716\" data-orig-file=\"https:\/\/blog.kunstgriff.net\/wp-content\/uploads\/2017\/10\/Der-Weg-ist-frei.jpg\" data-orig-size=\"2000,1333\" data-comments-opened=\"1\" data-image-meta=\"{&quot;aperture&quot;:&quot;2.8&quot;,&quot;credit&quot;:&quot;&quot;,&quot;camera&quot;:&quot;TG-4&quot;,&quot;caption&quot;:&quot;OLYMPUS DIGITAL CAMERA&quot;,&quot;created_timestamp&quot;:&quot;1505642495&quot;,&quot;copyright&quot;:&quot;&quot;,&quot;focal_length&quot;:&quot;4.5&quot;,&quot;iso&quot;:&quot;100&quot;,&quot;shutter_speed&quot;:&quot;0.00125&quot;,&quot;title&quot;:&quot;OLYMPUS DIGITAL CAMERA&quot;,&quot;orientation&quot;:&quot;1&quot;}\" data-image-title=\"Der Weg ist frei\" data-image-description=\"\" data-medium-file=\"https:\/\/i0.wp.com\/blog.kunstgriff.net\/wp-content\/uploads\/2017\/10\/Der-Weg-ist-frei.jpg?fit=300%2C200&#038;ssl=1\" data-large-file=\"https:\/\/i0.wp.com\/blog.kunstgriff.net\/wp-content\/uploads\/2017\/10\/Der-Weg-ist-frei.jpg?fit=1024%2C682&#038;ssl=1\" src=\"https:\/\/i0.wp.com\/blog.kunstgriff.net\/wp-content\/uploads\/2017\/10\/Der-Weg-ist-frei.jpg?w=171&#038;h=114&#038;ssl=1\" srcset=\"https:\/\/i0.wp.com\/blog.kunstgriff.net\/wp-content\/uploads\/2017\/10\/Der-Weg-ist-frei.jpg?w=2000&amp;ssl=1 2000w, https:\/\/i0.wp.com\/blog.kunstgriff.net\/wp-content\/uploads\/2017\/10\/Der-Weg-ist-frei.jpg?resize=300%2C200&amp;ssl=1 300w, https:\/\/i0.wp.com\/blog.kunstgriff.net\/wp-content\/uploads\/2017\/10\/Der-Weg-ist-frei.jpg?resize=768%2C512&amp;ssl=1 768w, https:\/\/i0.wp.com\/blog.kunstgriff.net\/wp-content\/uploads\/2017\/10\/Der-Weg-ist-frei.jpg?resize=1024%2C682&amp;ssl=1 1024w, https:\/\/i0.wp.com\/blog.kunstgriff.net\/wp-content\/uploads\/2017\/10\/Der-Weg-ist-frei.jpg?resize=450%2C300&amp;ssl=1 450w, https:\/\/i0.wp.com\/blog.kunstgriff.net\/wp-content\/uploads\/2017\/10\/Der-Weg-ist-frei.jpg?w=1575&amp;ssl=1 1575w\" width=\"171\" height=\"114\" loading=\"lazy\" data-original-width=\"171\" data-original-height=\"114\" itemprop=\"http:\/\/schema.org\/image\" title=\"Der Weg ist frei\" alt=\"Der Weg ist frei\" style=\"width: 171px; height: 114px;\" \/> <\/a> <div class=\"tiled-gallery-caption\" itemprop=\"caption description\"> Der Weg ist frei <\/div> <\/div> <\/div> <!-- close group --> <\/div> <!-- close row --> <div class=\"gallery-row\" style=\"width: 525px; height: 235px;\" data-original-width=\"525\" data-original-height=\"235\" > <div class=\"gallery-group images-2\" style=\"width: 174px; height: 235px;\" data-original-width=\"174\" data-original-height=\"235\" > <div class=\"tiled-gallery-item tiled-gallery-item-small\" itemprop=\"associatedMedia\" itemscope itemtype=\"http:\/\/schema.org\/ImageObject\"> <a href=\"https:\/\/i0.wp.com\/blog.kunstgriff.net\/wp-content\/uploads\/2017\/10\/Coole-Radwege-in-der-Stadt.jpg?ssl=1\" border=\"0\" itemprop=\"url\"> <meta itemprop=\"width\" content=\"170\"> <meta itemprop=\"height\" content=\"114\"> <img decoding=\"async\" class=\"\" data-attachment-id=\"16715\" data-orig-file=\"https:\/\/blog.kunstgriff.net\/wp-content\/uploads\/2017\/10\/Coole-Radwege-in-der-Stadt.jpg\" data-orig-size=\"2000,1333\" data-comments-opened=\"1\" data-image-meta=\"{&quot;aperture&quot;:&quot;2.8&quot;,&quot;credit&quot;:&quot;&quot;,&quot;camera&quot;:&quot;TG-4&quot;,&quot;caption&quot;:&quot;OLYMPUS DIGITAL CAMERA&quot;,&quot;created_timestamp&quot;:&quot;1505643054&quot;,&quot;copyright&quot;:&quot;&quot;,&quot;focal_length&quot;:&quot;4.5&quot;,&quot;iso&quot;:&quot;100&quot;,&quot;shutter_speed&quot;:&quot;0.0025&quot;,&quot;title&quot;:&quot;OLYMPUS DIGITAL CAMERA&quot;,&quot;orientation&quot;:&quot;1&quot;}\" data-image-title=\"Coole Radwege in der Stadt\" data-image-description=\"\" data-medium-file=\"https:\/\/i0.wp.com\/blog.kunstgriff.net\/wp-content\/uploads\/2017\/10\/Coole-Radwege-in-der-Stadt.jpg?fit=300%2C200&#038;ssl=1\" data-large-file=\"https:\/\/i0.wp.com\/blog.kunstgriff.net\/wp-content\/uploads\/2017\/10\/Coole-Radwege-in-der-Stadt.jpg?fit=1024%2C682&#038;ssl=1\" src=\"https:\/\/i0.wp.com\/blog.kunstgriff.net\/wp-content\/uploads\/2017\/10\/Coole-Radwege-in-der-Stadt.jpg?w=170&#038;h=114&#038;ssl=1\" srcset=\"https:\/\/i0.wp.com\/blog.kunstgriff.net\/wp-content\/uploads\/2017\/10\/Coole-Radwege-in-der-Stadt.jpg?w=2000&amp;ssl=1 2000w, https:\/\/i0.wp.com\/blog.kunstgriff.net\/wp-content\/uploads\/2017\/10\/Coole-Radwege-in-der-Stadt.jpg?resize=300%2C200&amp;ssl=1 300w, https:\/\/i0.wp.com\/blog.kunstgriff.net\/wp-content\/uploads\/2017\/10\/Coole-Radwege-in-der-Stadt.jpg?resize=768%2C512&amp;ssl=1 768w, https:\/\/i0.wp.com\/blog.kunstgriff.net\/wp-content\/uploads\/2017\/10\/Coole-Radwege-in-der-Stadt.jpg?resize=1024%2C682&amp;ssl=1 1024w, https:\/\/i0.wp.com\/blog.kunstgriff.net\/wp-content\/uploads\/2017\/10\/Coole-Radwege-in-der-Stadt.jpg?resize=450%2C300&amp;ssl=1 450w, https:\/\/i0.wp.com\/blog.kunstgriff.net\/wp-content\/uploads\/2017\/10\/Coole-Radwege-in-der-Stadt.jpg?w=1575&amp;ssl=1 1575w\" width=\"170\" height=\"114\" loading=\"lazy\" data-original-width=\"170\" data-original-height=\"114\" itemprop=\"http:\/\/schema.org\/image\" title=\"Coole Radwege in der Stadt\" alt=\"Coole Radwege in der Stadt\" style=\"width: 170px; height: 114px;\" \/> <\/a> <div class=\"tiled-gallery-caption\" itemprop=\"caption description\"> Coole Radwege in der Stadt <\/div> <\/div> <div class=\"tiled-gallery-item tiled-gallery-item-small\" itemprop=\"associatedMedia\" itemscope itemtype=\"http:\/\/schema.org\/ImageObject\"> <a href=\"https:\/\/i0.wp.com\/blog.kunstgriff.net\/wp-content\/uploads\/2017\/10\/Endlich-Meer-und-K%C3%BCstenstrasse.jpg?ssl=1\" border=\"0\" itemprop=\"url\"> <meta itemprop=\"width\" content=\"170\"> <meta itemprop=\"height\" content=\"113\"> <img decoding=\"async\" class=\"\" data-attachment-id=\"16717\" data-orig-file=\"https:\/\/blog.kunstgriff.net\/wp-content\/uploads\/2017\/10\/Endlich-Meer-und-K\u00fcstenstrasse.jpg\" data-orig-size=\"2000,1332\" data-comments-opened=\"1\" data-image-meta=\"{&quot;aperture&quot;:&quot;8&quot;,&quot;credit&quot;:&quot;&quot;,&quot;camera&quot;:&quot;TG-4&quot;,&quot;caption&quot;:&quot;OLYMPUS DIGITAL CAMERA&quot;,&quot;created_timestamp&quot;:&quot;1505648031&quot;,&quot;copyright&quot;:&quot;&quot;,&quot;focal_length&quot;:&quot;4.5&quot;,&quot;iso&quot;:&quot;100&quot;,&quot;shutter_speed&quot;:&quot;0.004&quot;,&quot;title&quot;:&quot;OLYMPUS DIGITAL CAMERA&quot;,&quot;orientation&quot;:&quot;1&quot;}\" data-image-title=\"Endlich Meer und K\u00fcstenstrasse\" data-image-description=\"\" data-medium-file=\"https:\/\/i0.wp.com\/blog.kunstgriff.net\/wp-content\/uploads\/2017\/10\/Endlich-Meer-und-K%C3%BCstenstrasse.jpg?fit=300%2C200&#038;ssl=1\" data-large-file=\"https:\/\/i0.wp.com\/blog.kunstgriff.net\/wp-content\/uploads\/2017\/10\/Endlich-Meer-und-K%C3%BCstenstrasse.jpg?fit=1024%2C682&#038;ssl=1\" src=\"https:\/\/i0.wp.com\/blog.kunstgriff.net\/wp-content\/uploads\/2017\/10\/Endlich-Meer-und-K%C3%BCstenstrasse.jpg?w=170&#038;h=113&#038;ssl=1\" width=\"170\" height=\"113\" loading=\"lazy\" data-original-width=\"170\" data-original-height=\"113\" itemprop=\"http:\/\/schema.org\/image\" title=\"Endlich Meer und K\u00fcstenstrasse\" alt=\"Endlich Meer und K\u00fcstenstrasse\" style=\"width: 170px; height: 113px;\" \/> <\/a> <div class=\"tiled-gallery-caption\" itemprop=\"caption description\"> Endlich Meer und K\u00fcstenstrasse <\/div> <\/div> <\/div> <!-- close group --> <div class=\"gallery-group images-1\" style=\"width: 351px; height: 235px;\" data-original-width=\"351\" data-original-height=\"235\" > <div class=\"tiled-gallery-item tiled-gallery-item-large\" itemprop=\"associatedMedia\" itemscope itemtype=\"http:\/\/schema.org\/ImageObject\"> <a href=\"https:\/\/i0.wp.com\/blog.kunstgriff.net\/wp-content\/uploads\/2017\/10\/Buffet-am-Pier.jpg?ssl=1\" border=\"0\" itemprop=\"url\"> <meta itemprop=\"width\" content=\"347\"> <meta itemprop=\"height\" content=\"231\"> <img decoding=\"async\" class=\"\" data-attachment-id=\"16714\" data-orig-file=\"https:\/\/blog.kunstgriff.net\/wp-content\/uploads\/2017\/10\/Buffet-am-Pier.jpg\" data-orig-size=\"2000,1333\" data-comments-opened=\"1\" data-image-meta=\"{&quot;aperture&quot;:&quot;8&quot;,&quot;credit&quot;:&quot;&quot;,&quot;camera&quot;:&quot;TG-4&quot;,&quot;caption&quot;:&quot;OLYMPUS DIGITAL CAMERA&quot;,&quot;created_timestamp&quot;:&quot;1505652341&quot;,&quot;copyright&quot;:&quot;&quot;,&quot;focal_length&quot;:&quot;4.5&quot;,&quot;iso&quot;:&quot;100&quot;,&quot;shutter_speed&quot;:&quot;0.005&quot;,&quot;title&quot;:&quot;OLYMPUS DIGITAL CAMERA&quot;,&quot;orientation&quot;:&quot;1&quot;}\" data-image-title=\"Buffet am Pier\" data-image-description=\"\" data-medium-file=\"https:\/\/i0.wp.com\/blog.kunstgriff.net\/wp-content\/uploads\/2017\/10\/Buffet-am-Pier.jpg?fit=300%2C200&#038;ssl=1\" data-large-file=\"https:\/\/i0.wp.com\/blog.kunstgriff.net\/wp-content\/uploads\/2017\/10\/Buffet-am-Pier.jpg?fit=1024%2C682&#038;ssl=1\" src=\"https:\/\/i0.wp.com\/blog.kunstgriff.net\/wp-content\/uploads\/2017\/10\/Buffet-am-Pier.jpg?w=347&#038;h=231&#038;ssl=1\" srcset=\"https:\/\/i0.wp.com\/blog.kunstgriff.net\/wp-content\/uploads\/2017\/10\/Buffet-am-Pier.jpg?w=2000&amp;ssl=1 2000w, https:\/\/i0.wp.com\/blog.kunstgriff.net\/wp-content\/uploads\/2017\/10\/Buffet-am-Pier.jpg?resize=300%2C200&amp;ssl=1 300w, https:\/\/i0.wp.com\/blog.kunstgriff.net\/wp-content\/uploads\/2017\/10\/Buffet-am-Pier.jpg?resize=768%2C512&amp;ssl=1 768w, https:\/\/i0.wp.com\/blog.kunstgriff.net\/wp-content\/uploads\/2017\/10\/Buffet-am-Pier.jpg?resize=1024%2C682&amp;ssl=1 1024w, https:\/\/i0.wp.com\/blog.kunstgriff.net\/wp-content\/uploads\/2017\/10\/Buffet-am-Pier.jpg?resize=450%2C300&amp;ssl=1 450w, https:\/\/i0.wp.com\/blog.kunstgriff.net\/wp-content\/uploads\/2017\/10\/Buffet-am-Pier.jpg?w=1575&amp;ssl=1 1575w\" width=\"347\" height=\"231\" loading=\"lazy\" data-original-width=\"347\" data-original-height=\"231\" itemprop=\"http:\/\/schema.org\/image\" title=\"Buffet am Pier\" alt=\"Buffet am Pier\" style=\"width: 347px; height: 231px;\" \/> <\/a> <div class=\"tiled-gallery-caption\" itemprop=\"caption description\"> Buffet am Pier <\/div> <\/div> <\/div> <!-- close group --> <\/div> <!-- close row --> <div class=\"gallery-row\" style=\"width: 525px; height: 176px;\" data-original-width=\"525\" data-original-height=\"176\" > <div class=\"gallery-group images-1\" style=\"width: 263px; height: 176px;\" data-original-width=\"263\" data-original-height=\"176\" > <div class=\"tiled-gallery-item tiled-gallery-item-large\" itemprop=\"associatedMedia\" itemscope itemtype=\"http:\/\/schema.org\/ImageObject\"> <a href=\"https:\/\/i0.wp.com\/blog.kunstgriff.net\/wp-content\/uploads\/2017\/10\/Sightseeing-aufm-Rad.jpg?ssl=1\" border=\"0\" itemprop=\"url\"> <meta itemprop=\"width\" content=\"259\"> <meta itemprop=\"height\" content=\"172\"> <img decoding=\"async\" class=\"\" data-attachment-id=\"16726\" data-orig-file=\"https:\/\/blog.kunstgriff.net\/wp-content\/uploads\/2017\/10\/Sightseeing-aufm-Rad.jpg\" data-orig-size=\"2000,1333\" data-comments-opened=\"1\" data-image-meta=\"{&quot;aperture&quot;:&quot;8&quot;,&quot;credit&quot;:&quot;&quot;,&quot;camera&quot;:&quot;TG-4&quot;,&quot;caption&quot;:&quot;OLYMPUS DIGITAL CAMERA&quot;,&quot;created_timestamp&quot;:&quot;1505655899&quot;,&quot;copyright&quot;:&quot;&quot;,&quot;focal_length&quot;:&quot;4.5&quot;,&quot;iso&quot;:&quot;100&quot;,&quot;shutter_speed&quot;:&quot;0.005&quot;,&quot;title&quot;:&quot;OLYMPUS DIGITAL CAMERA&quot;,&quot;orientation&quot;:&quot;1&quot;}\" data-image-title=\"Sightseeing aufm Rad\" data-image-description=\"\" data-medium-file=\"https:\/\/i0.wp.com\/blog.kunstgriff.net\/wp-content\/uploads\/2017\/10\/Sightseeing-aufm-Rad.jpg?fit=300%2C200&#038;ssl=1\" data-large-file=\"https:\/\/i0.wp.com\/blog.kunstgriff.net\/wp-content\/uploads\/2017\/10\/Sightseeing-aufm-Rad.jpg?fit=1024%2C682&#038;ssl=1\" src=\"https:\/\/i0.wp.com\/blog.kunstgriff.net\/wp-content\/uploads\/2017\/10\/Sightseeing-aufm-Rad.jpg?w=259&#038;h=172&#038;ssl=1\" srcset=\"https:\/\/i0.wp.com\/blog.kunstgriff.net\/wp-content\/uploads\/2017\/10\/Sightseeing-aufm-Rad.jpg?w=2000&amp;ssl=1 2000w, https:\/\/i0.wp.com\/blog.kunstgriff.net\/wp-content\/uploads\/2017\/10\/Sightseeing-aufm-Rad.jpg?resize=300%2C200&amp;ssl=1 300w, https:\/\/i0.wp.com\/blog.kunstgriff.net\/wp-content\/uploads\/2017\/10\/Sightseeing-aufm-Rad.jpg?resize=768%2C512&amp;ssl=1 768w, https:\/\/i0.wp.com\/blog.kunstgriff.net\/wp-content\/uploads\/2017\/10\/Sightseeing-aufm-Rad.jpg?resize=1024%2C682&amp;ssl=1 1024w, https:\/\/i0.wp.com\/blog.kunstgriff.net\/wp-content\/uploads\/2017\/10\/Sightseeing-aufm-Rad.jpg?resize=450%2C300&amp;ssl=1 450w, https:\/\/i0.wp.com\/blog.kunstgriff.net\/wp-content\/uploads\/2017\/10\/Sightseeing-aufm-Rad.jpg?w=1575&amp;ssl=1 1575w\" width=\"259\" height=\"172\" loading=\"lazy\" data-original-width=\"259\" data-original-height=\"172\" itemprop=\"http:\/\/schema.org\/image\" title=\"Sightseeing aufm Rad\" alt=\"Sightseeing aufm Rad\" style=\"width: 259px; height: 172px;\" \/> <\/a> <div class=\"tiled-gallery-caption\" itemprop=\"caption description\"> Sightseeing aufm Rad <\/div> <\/div> <\/div> <!-- close group --> <div class=\"gallery-group images-1\" style=\"width: 262px; height: 176px;\" data-original-width=\"262\" data-original-height=\"176\" > <div class=\"tiled-gallery-item tiled-gallery-item-large\" itemprop=\"associatedMedia\" itemscope itemtype=\"http:\/\/schema.org\/ImageObject\"> <a href=\"https:\/\/i0.wp.com\/blog.kunstgriff.net\/wp-content\/uploads\/2017\/10\/Klasse-Gruppe-klasse-Landschaft.jpg?ssl=1\" border=\"0\" itemprop=\"url\"> <meta itemprop=\"width\" content=\"258\"> <meta itemprop=\"height\" content=\"172\"> <img decoding=\"async\" class=\"\" data-attachment-id=\"16723\" data-orig-file=\"https:\/\/blog.kunstgriff.net\/wp-content\/uploads\/2017\/10\/Klasse-Gruppe-klasse-Landschaft.jpg\" data-orig-size=\"2000,1333\" data-comments-opened=\"1\" data-image-meta=\"{&quot;aperture&quot;:&quot;8&quot;,&quot;credit&quot;:&quot;&quot;,&quot;camera&quot;:&quot;TG-4&quot;,&quot;caption&quot;:&quot;OLYMPUS DIGITAL CAMERA&quot;,&quot;created_timestamp&quot;:&quot;1505656089&quot;,&quot;copyright&quot;:&quot;&quot;,&quot;focal_length&quot;:&quot;4.5&quot;,&quot;iso&quot;:&quot;100&quot;,&quot;shutter_speed&quot;:&quot;0.004&quot;,&quot;title&quot;:&quot;OLYMPUS DIGITAL CAMERA&quot;,&quot;orientation&quot;:&quot;1&quot;}\" data-image-title=\"Klasse Gruppe &amp;#8211; klasse Landschaft\" data-image-description=\"\" data-medium-file=\"https:\/\/i0.wp.com\/blog.kunstgriff.net\/wp-content\/uploads\/2017\/10\/Klasse-Gruppe-klasse-Landschaft.jpg?fit=300%2C200&#038;ssl=1\" data-large-file=\"https:\/\/i0.wp.com\/blog.kunstgriff.net\/wp-content\/uploads\/2017\/10\/Klasse-Gruppe-klasse-Landschaft.jpg?fit=1024%2C682&#038;ssl=1\" src=\"https:\/\/i0.wp.com\/blog.kunstgriff.net\/wp-content\/uploads\/2017\/10\/Klasse-Gruppe-klasse-Landschaft.jpg?w=258&#038;h=172&#038;ssl=1\" srcset=\"https:\/\/i0.wp.com\/blog.kunstgriff.net\/wp-content\/uploads\/2017\/10\/Klasse-Gruppe-klasse-Landschaft.jpg?w=2000&amp;ssl=1 2000w, https:\/\/i0.wp.com\/blog.kunstgriff.net\/wp-content\/uploads\/2017\/10\/Klasse-Gruppe-klasse-Landschaft.jpg?resize=300%2C200&amp;ssl=1 300w, https:\/\/i0.wp.com\/blog.kunstgriff.net\/wp-content\/uploads\/2017\/10\/Klasse-Gruppe-klasse-Landschaft.jpg?resize=768%2C512&amp;ssl=1 768w, https:\/\/i0.wp.com\/blog.kunstgriff.net\/wp-content\/uploads\/2017\/10\/Klasse-Gruppe-klasse-Landschaft.jpg?resize=1024%2C682&amp;ssl=1 1024w, https:\/\/i0.wp.com\/blog.kunstgriff.net\/wp-content\/uploads\/2017\/10\/Klasse-Gruppe-klasse-Landschaft.jpg?resize=450%2C300&amp;ssl=1 450w, https:\/\/i0.wp.com\/blog.kunstgriff.net\/wp-content\/uploads\/2017\/10\/Klasse-Gruppe-klasse-Landschaft.jpg?w=1575&amp;ssl=1 1575w\" width=\"258\" height=\"172\" loading=\"lazy\" data-original-width=\"258\" data-original-height=\"172\" itemprop=\"http:\/\/schema.org\/image\" title=\"Klasse Gruppe - klasse Landschaft\" alt=\"Klasse Gruppe - klasse Landschaft\" style=\"width: 258px; height: 172px;\" \/> <\/a> <div class=\"tiled-gallery-caption\" itemprop=\"caption description\"> Klasse Gruppe &#8211; klasse Landschaft <\/div> <\/div> <\/div> <!-- close group --> <\/div> <!-- close row --> <div class=\"gallery-row\" style=\"width: 525px; height: 235px;\" data-original-width=\"525\" data-original-height=\"235\" > <div class=\"gallery-group images-1\" style=\"width: 351px; height: 235px;\" data-original-width=\"351\" data-original-height=\"235\" > <div class=\"tiled-gallery-item tiled-gallery-item-large\" itemprop=\"associatedMedia\" itemscope itemtype=\"http:\/\/schema.org\/ImageObject\"> <a href=\"https:\/\/i0.wp.com\/blog.kunstgriff.net\/wp-content\/uploads\/2017\/10\/immer-nach-Norden.jpg?ssl=1\" border=\"0\" itemprop=\"url\"> <meta itemprop=\"width\" content=\"347\"> <meta itemprop=\"height\" content=\"231\"> <img decoding=\"async\" class=\"\" data-attachment-id=\"16722\" data-orig-file=\"https:\/\/blog.kunstgriff.net\/wp-content\/uploads\/2017\/10\/immer-nach-Norden.jpg\" data-orig-size=\"2000,1333\" data-comments-opened=\"1\" data-image-meta=\"{&quot;aperture&quot;:&quot;8&quot;,&quot;credit&quot;:&quot;&quot;,&quot;camera&quot;:&quot;TG-4&quot;,&quot;caption&quot;:&quot;OLYMPUS DIGITAL CAMERA&quot;,&quot;created_timestamp&quot;:&quot;1505666985&quot;,&quot;copyright&quot;:&quot;&quot;,&quot;focal_length&quot;:&quot;4.5&quot;,&quot;iso&quot;:&quot;100&quot;,&quot;shutter_speed&quot;:&quot;0.003125&quot;,&quot;title&quot;:&quot;OLYMPUS DIGITAL CAMERA&quot;,&quot;orientation&quot;:&quot;1&quot;}\" data-image-title=\"immer nach Norden\" data-image-description=\"\" data-medium-file=\"https:\/\/i0.wp.com\/blog.kunstgriff.net\/wp-content\/uploads\/2017\/10\/immer-nach-Norden.jpg?fit=300%2C200&#038;ssl=1\" data-large-file=\"https:\/\/i0.wp.com\/blog.kunstgriff.net\/wp-content\/uploads\/2017\/10\/immer-nach-Norden.jpg?fit=1024%2C682&#038;ssl=1\" src=\"https:\/\/i0.wp.com\/blog.kunstgriff.net\/wp-content\/uploads\/2017\/10\/immer-nach-Norden.jpg?w=347&#038;h=231&#038;ssl=1\" srcset=\"https:\/\/i0.wp.com\/blog.kunstgriff.net\/wp-content\/uploads\/2017\/10\/immer-nach-Norden.jpg?w=2000&amp;ssl=1 2000w, https:\/\/i0.wp.com\/blog.kunstgriff.net\/wp-content\/uploads\/2017\/10\/immer-nach-Norden.jpg?resize=300%2C200&amp;ssl=1 300w, https:\/\/i0.wp.com\/blog.kunstgriff.net\/wp-content\/uploads\/2017\/10\/immer-nach-Norden.jpg?resize=768%2C512&amp;ssl=1 768w, https:\/\/i0.wp.com\/blog.kunstgriff.net\/wp-content\/uploads\/2017\/10\/immer-nach-Norden.jpg?resize=1024%2C682&amp;ssl=1 1024w, https:\/\/i0.wp.com\/blog.kunstgriff.net\/wp-content\/uploads\/2017\/10\/immer-nach-Norden.jpg?resize=450%2C300&amp;ssl=1 450w, https:\/\/i0.wp.com\/blog.kunstgriff.net\/wp-content\/uploads\/2017\/10\/immer-nach-Norden.jpg?w=1575&amp;ssl=1 1575w\" width=\"347\" height=\"231\" loading=\"lazy\" data-original-width=\"347\" data-original-height=\"231\" itemprop=\"http:\/\/schema.org\/image\" title=\"immer nach Norden\" alt=\"immer nach Norden\" style=\"width: 347px; height: 231px;\" \/> <\/a> <div class=\"tiled-gallery-caption\" itemprop=\"caption description\"> immer nach Norden <\/div> <\/div> <\/div> <!-- close group --> <div class=\"gallery-group images-2\" style=\"width: 174px; height: 235px;\" data-original-width=\"174\" data-original-height=\"235\" > <div class=\"tiled-gallery-item tiled-gallery-item-small\" itemprop=\"associatedMedia\" itemscope itemtype=\"http:\/\/schema.org\/ImageObject\"> <a href=\"https:\/\/i0.wp.com\/blog.kunstgriff.net\/wp-content\/uploads\/2017\/10\/Unterlenker-Gina.jpg?ssl=1\" border=\"0\" itemprop=\"url\"> <meta itemprop=\"width\" content=\"170\"> <meta itemprop=\"height\" content=\"114\"> <img decoding=\"async\" class=\"\" data-attachment-id=\"16728\" data-orig-file=\"https:\/\/blog.kunstgriff.net\/wp-content\/uploads\/2017\/10\/Unterlenker-Gina.jpg\" data-orig-size=\"2000,1333\" data-comments-opened=\"1\" data-image-meta=\"{&quot;aperture&quot;:&quot;8&quot;,&quot;credit&quot;:&quot;&quot;,&quot;camera&quot;:&quot;TG-4&quot;,&quot;caption&quot;:&quot;OLYMPUS DIGITAL CAMERA&quot;,&quot;created_timestamp&quot;:&quot;1505666993&quot;,&quot;copyright&quot;:&quot;&quot;,&quot;focal_length&quot;:&quot;4.5&quot;,&quot;iso&quot;:&quot;100&quot;,&quot;shutter_speed&quot;:&quot;0.005&quot;,&quot;title&quot;:&quot;OLYMPUS DIGITAL CAMERA&quot;,&quot;orientation&quot;:&quot;1&quot;}\" data-image-title=\"Unterlenker &amp;#8211; Gina\" data-image-description=\"\" data-medium-file=\"https:\/\/i0.wp.com\/blog.kunstgriff.net\/wp-content\/uploads\/2017\/10\/Unterlenker-Gina.jpg?fit=300%2C200&#038;ssl=1\" data-large-file=\"https:\/\/i0.wp.com\/blog.kunstgriff.net\/wp-content\/uploads\/2017\/10\/Unterlenker-Gina.jpg?fit=1024%2C682&#038;ssl=1\" src=\"https:\/\/i0.wp.com\/blog.kunstgriff.net\/wp-content\/uploads\/2017\/10\/Unterlenker-Gina.jpg?w=170&#038;h=114&#038;ssl=1\" srcset=\"https:\/\/i0.wp.com\/blog.kunstgriff.net\/wp-content\/uploads\/2017\/10\/Unterlenker-Gina.jpg?w=2000&amp;ssl=1 2000w, https:\/\/i0.wp.com\/blog.kunstgriff.net\/wp-content\/uploads\/2017\/10\/Unterlenker-Gina.jpg?resize=300%2C200&amp;ssl=1 300w, https:\/\/i0.wp.com\/blog.kunstgriff.net\/wp-content\/uploads\/2017\/10\/Unterlenker-Gina.jpg?resize=768%2C512&amp;ssl=1 768w, https:\/\/i0.wp.com\/blog.kunstgriff.net\/wp-content\/uploads\/2017\/10\/Unterlenker-Gina.jpg?resize=1024%2C682&amp;ssl=1 1024w, https:\/\/i0.wp.com\/blog.kunstgriff.net\/wp-content\/uploads\/2017\/10\/Unterlenker-Gina.jpg?resize=450%2C300&amp;ssl=1 450w, https:\/\/i0.wp.com\/blog.kunstgriff.net\/wp-content\/uploads\/2017\/10\/Unterlenker-Gina.jpg?w=1575&amp;ssl=1 1575w\" width=\"170\" height=\"114\" loading=\"lazy\" data-original-width=\"170\" data-original-height=\"114\" itemprop=\"http:\/\/schema.org\/image\" title=\"Unterlenker - Gina\" alt=\"Unterlenker - Gina\" style=\"width: 170px; height: 114px;\" \/> <\/a> <div class=\"tiled-gallery-caption\" itemprop=\"caption description\"> Unterlenker &#8211; Gina <\/div> <\/div> <div class=\"tiled-gallery-item tiled-gallery-item-small\" itemprop=\"associatedMedia\" itemscope itemtype=\"http:\/\/schema.org\/ImageObject\"> <a href=\"https:\/\/i0.wp.com\/blog.kunstgriff.net\/wp-content\/uploads\/2017\/10\/Selfie-in-the-sun.jpg?ssl=1\" border=\"0\" itemprop=\"url\"> <meta itemprop=\"width\" content=\"170\"> <meta itemprop=\"height\" content=\"113\"> <img decoding=\"async\" class=\"\" data-attachment-id=\"16725\" data-orig-file=\"https:\/\/blog.kunstgriff.net\/wp-content\/uploads\/2017\/10\/Selfie-in-the-sun.jpg\" data-orig-size=\"2000,1333\" data-comments-opened=\"1\" data-image-meta=\"{&quot;aperture&quot;:&quot;8&quot;,&quot;credit&quot;:&quot;&quot;,&quot;camera&quot;:&quot;TG-4&quot;,&quot;caption&quot;:&quot;OLYMPUS DIGITAL CAMERA&quot;,&quot;created_timestamp&quot;:&quot;1505667020&quot;,&quot;copyright&quot;:&quot;&quot;,&quot;focal_length&quot;:&quot;4.5&quot;,&quot;iso&quot;:&quot;100&quot;,&quot;shutter_speed&quot;:&quot;0.005&quot;,&quot;title&quot;:&quot;OLYMPUS DIGITAL CAMERA&quot;,&quot;orientation&quot;:&quot;1&quot;}\" data-image-title=\"Selfie in the sun\" data-image-description=\"\" data-medium-file=\"https:\/\/i0.wp.com\/blog.kunstgriff.net\/wp-content\/uploads\/2017\/10\/Selfie-in-the-sun.jpg?fit=300%2C200&#038;ssl=1\" data-large-file=\"https:\/\/i0.wp.com\/blog.kunstgriff.net\/wp-content\/uploads\/2017\/10\/Selfie-in-the-sun.jpg?fit=1024%2C682&#038;ssl=1\" src=\"https:\/\/i0.wp.com\/blog.kunstgriff.net\/wp-content\/uploads\/2017\/10\/Selfie-in-the-sun.jpg?w=170&#038;h=113&#038;ssl=1\" srcset=\"https:\/\/i0.wp.com\/blog.kunstgriff.net\/wp-content\/uploads\/2017\/10\/Selfie-in-the-sun.jpg?w=2000&amp;ssl=1 2000w, https:\/\/i0.wp.com\/blog.kunstgriff.net\/wp-content\/uploads\/2017\/10\/Selfie-in-the-sun.jpg?resize=300%2C200&amp;ssl=1 300w, https:\/\/i0.wp.com\/blog.kunstgriff.net\/wp-content\/uploads\/2017\/10\/Selfie-in-the-sun.jpg?resize=768%2C512&amp;ssl=1 768w, https:\/\/i0.wp.com\/blog.kunstgriff.net\/wp-content\/uploads\/2017\/10\/Selfie-in-the-sun.jpg?resize=1024%2C682&amp;ssl=1 1024w, https:\/\/i0.wp.com\/blog.kunstgriff.net\/wp-content\/uploads\/2017\/10\/Selfie-in-the-sun.jpg?resize=450%2C300&amp;ssl=1 450w, https:\/\/i0.wp.com\/blog.kunstgriff.net\/wp-content\/uploads\/2017\/10\/Selfie-in-the-sun.jpg?w=1575&amp;ssl=1 1575w\" width=\"170\" height=\"113\" loading=\"lazy\" data-original-width=\"170\" data-original-height=\"113\" itemprop=\"http:\/\/schema.org\/image\" title=\"Selfie in the sun\" alt=\"Selfie in the sun\" style=\"width: 170px; height: 113px;\" \/> <\/a> <div class=\"tiled-gallery-caption\" itemprop=\"caption description\"> Selfie in the sun <\/div> <\/div> <\/div> <!-- close group --> <\/div> <!-- close row --> <div class=\"gallery-row\" style=\"width: 525px; height: 351px;\" data-original-width=\"525\" data-original-height=\"351\" > <div class=\"gallery-group images-1\" style=\"width: 525px; height: 351px;\" data-original-width=\"525\" data-original-height=\"351\" > <div class=\"tiled-gallery-item tiled-gallery-item-large\" itemprop=\"associatedMedia\" itemscope itemtype=\"http:\/\/schema.org\/ImageObject\"> <a href=\"https:\/\/i0.wp.com\/blog.kunstgriff.net\/wp-content\/uploads\/2017\/10\/Endlose-Strasse.jpg?ssl=1\" border=\"0\" itemprop=\"url\"> <meta itemprop=\"width\" content=\"521\"> <meta itemprop=\"height\" content=\"347\"> <img decoding=\"async\" class=\"\" data-attachment-id=\"16718\" data-orig-file=\"https:\/\/blog.kunstgriff.net\/wp-content\/uploads\/2017\/10\/Endlose-Strasse.jpg\" data-orig-size=\"2000,1333\" data-comments-opened=\"1\" data-image-meta=\"{&quot;aperture&quot;:&quot;8&quot;,&quot;credit&quot;:&quot;&quot;,&quot;camera&quot;:&quot;TG-4&quot;,&quot;caption&quot;:&quot;OLYMPUS DIGITAL CAMERA&quot;,&quot;created_timestamp&quot;:&quot;1505667032&quot;,&quot;copyright&quot;:&quot;&quot;,&quot;focal_length&quot;:&quot;4.5&quot;,&quot;iso&quot;:&quot;100&quot;,&quot;shutter_speed&quot;:&quot;0.004&quot;,&quot;title&quot;:&quot;OLYMPUS DIGITAL CAMERA&quot;,&quot;orientation&quot;:&quot;1&quot;}\" data-image-title=\"Endlose Strasse\" data-image-description=\"\" data-medium-file=\"https:\/\/i0.wp.com\/blog.kunstgriff.net\/wp-content\/uploads\/2017\/10\/Endlose-Strasse.jpg?fit=300%2C200&#038;ssl=1\" data-large-file=\"https:\/\/i0.wp.com\/blog.kunstgriff.net\/wp-content\/uploads\/2017\/10\/Endlose-Strasse.jpg?fit=1024%2C682&#038;ssl=1\" src=\"https:\/\/i0.wp.com\/blog.kunstgriff.net\/wp-content\/uploads\/2017\/10\/Endlose-Strasse.jpg?w=521&#038;h=347&#038;ssl=1\" srcset=\"https:\/\/i0.wp.com\/blog.kunstgriff.net\/wp-content\/uploads\/2017\/10\/Endlose-Strasse.jpg?w=2000&amp;ssl=1 2000w, https:\/\/i0.wp.com\/blog.kunstgriff.net\/wp-content\/uploads\/2017\/10\/Endlose-Strasse.jpg?resize=300%2C200&amp;ssl=1 300w, https:\/\/i0.wp.com\/blog.kunstgriff.net\/wp-content\/uploads\/2017\/10\/Endlose-Strasse.jpg?resize=768%2C512&amp;ssl=1 768w, https:\/\/i0.wp.com\/blog.kunstgriff.net\/wp-content\/uploads\/2017\/10\/Endlose-Strasse.jpg?resize=1024%2C682&amp;ssl=1 1024w, https:\/\/i0.wp.com\/blog.kunstgriff.net\/wp-content\/uploads\/2017\/10\/Endlose-Strasse.jpg?resize=450%2C300&amp;ssl=1 450w, https:\/\/i0.wp.com\/blog.kunstgriff.net\/wp-content\/uploads\/2017\/10\/Endlose-Strasse.jpg?w=1575&amp;ssl=1 1575w\" width=\"521\" height=\"347\" loading=\"lazy\" data-original-width=\"521\" data-original-height=\"347\" itemprop=\"http:\/\/schema.org\/image\" title=\"Endlose Strasse\" alt=\"Endlose Strasse\" style=\"width: 521px; height: 347px;\" \/> <\/a> <div class=\"tiled-gallery-caption\" itemprop=\"caption description\"> Endlose Strasse <\/div> <\/div> <\/div> <!-- close group --> <\/div> <!-- close row --> <\/div>\n<p><iframe height='405' width='590' frameborder='0' allowtransparency='true' scrolling='no' src='https:\/\/www.strava.com\/activities\/1212253198\/embed\/3b9d822dcbb2ba616fab02400550145f84b3881e'><\/iframe><\/p>\n","protected":false},"excerpt":{"rendered":"<p>Barcelona \u2013 L\u2019Espluga de Francol\u00ed Vorwort: Zum zweiten mal nehme ich jetzt an einer 14-t\u00e4gigen Sommertour des wff teil. Das erste mal ging es in 2015 von Stuttgart nach Nizza. Ein klasse Erlebnis, dass sicher in den Pyren\u00e4en fortsetzten lie\u00dfe \u2013 so der Plan. Mit viel Gl\u00fcck schaffte ich es noch auf die Teilnehmerliste und &hellip; <\/p>\n<p class=\"link-more\"><a href=\"https:\/\/blog.kunstgriff.net\/?p=16689\" class=\"more-link\"><span class=\"screen-reader-text\">\u201eERT 2017: Pyren\u00e4en 1. Etappe\u201c <\/span>weiterlesen<\/a><\/p>\n","protected":false},"author":2,"featured_media":16717,"comment_status":"open","ping_status":"open","sticky":false,"template":"","format":"standard","meta":{"jetpack_post_was_ever_published":false,"_jetpack_newsletter_access":"","_jetpack_dont_email_post_to_subs":false,"_jetpack_newsletter_tier_id":0,"_jetpack_memberships_contains_paywalled_content":false,"_jetpack_memberships_contains_paid_content":false,"footnotes":""},"categories":[14,13,7,36],"tags":[],"class_list":["post-16689","post","type-post","status-publish","format-standard","has-post-thumbnail","hentry","category-radfahren","category-radreise","category-rennradfahren","category-veranstaltungen"],"jetpack_featured_media_url":"https:\/\/i0.wp.com\/blog.kunstgriff.net\/wp-content\/uploads\/2017\/10\/Endlich-Meer-und-K%C3%BCstenstrasse.jpg?fit=2000%2C1332&ssl=1","jetpack_shortlink":"https:\/\/wp.me\/p8Cxe7-4lb","jetpack-related-posts":[{"id":16700,"url":"https:\/\/blog.kunstgriff.net\/?p=16700","url_meta":{"origin":16689,"position":0},"title":"ERT 2017: Pyren\u00e4en 6. Etappe","author":"Georg","date":"September 23, 2017","format":false,"excerpt":"San Sebasti\u00e1n \u2013 Banca Nach dem verdienten Ruhetag in San Sebasti\u00e1n wollten wir heute nicht nur Tapas futtern und Bier trinken, sondern das tun, wof\u00fcr wir \u00fcber 1.000 Kilometer mit dem Flugzeug angereist waren: Radfahren! Nach dem extrem \u00fcbersichtlichen Fr\u00fchst\u00fcck machte ich mich alleine auf den Weg, denn die Leistungstr\u00e4ger\u2026","rel":"","context":"In &quot;Radfahren&quot;","block_context":{"text":"Radfahren","link":"https:\/\/blog.kunstgriff.net\/?cat=14"},"img":{"alt_text":"","src":"https:\/\/i0.wp.com\/blog.kunstgriff.net\/wp-content\/uploads\/2017\/10\/San-Sebasti%C3%A1n-am-Morgen.jpg?fit=1200%2C800&ssl=1&resize=350%2C200","width":350,"height":200,"srcset":"https:\/\/i0.wp.com\/blog.kunstgriff.net\/wp-content\/uploads\/2017\/10\/San-Sebasti%C3%A1n-am-Morgen.jpg?fit=1200%2C800&ssl=1&resize=350%2C200 1x, https:\/\/i0.wp.com\/blog.kunstgriff.net\/wp-content\/uploads\/2017\/10\/San-Sebasti%C3%A1n-am-Morgen.jpg?fit=1200%2C800&ssl=1&resize=525%2C300 1.5x, https:\/\/i0.wp.com\/blog.kunstgriff.net\/wp-content\/uploads\/2017\/10\/San-Sebasti%C3%A1n-am-Morgen.jpg?fit=1200%2C800&ssl=1&resize=700%2C400 2x, https:\/\/i0.wp.com\/blog.kunstgriff.net\/wp-content\/uploads\/2017\/10\/San-Sebasti%C3%A1n-am-Morgen.jpg?fit=1200%2C800&ssl=1&resize=1050%2C600 3x"},"classes":[]},{"id":16712,"url":"https:\/\/blog.kunstgriff.net\/?p=16712","url_meta":{"origin":16689,"position":1},"title":"ERT 2017: Pyren\u00e4en 12. Etappe","author":"Georg","date":"September 30, 2017","format":false,"excerpt":"Berga \u2013 Barcelona Sehr schade, denn die diesj\u00e4hrige Europa-Rad-Tour des WfF geht mit dieser Etappe zu Ende. Aber erstmal m\u00fcssen wir ja zur\u00fcck nach Barcelona. Ein kurzer Blick auf das Streckenprofil offenbarte, da\u00df dieses Vorhaben nicht all zu herausfordernd werden w\u00fcrde, denn es ging tendenziell eher bergab. Allerdings hatte der\u2026","rel":"","context":"In &quot;Radfahren&quot;","block_context":{"text":"Radfahren","link":"https:\/\/blog.kunstgriff.net\/?cat=14"},"img":{"alt_text":"","src":"https:\/\/i0.wp.com\/blog.kunstgriff.net\/wp-content\/uploads\/2017\/10\/Letztes-Gruppenfoto-vor-der-letzten-Etappe.jpg?fit=1200%2C800&ssl=1&resize=350%2C200","width":350,"height":200,"srcset":"https:\/\/i0.wp.com\/blog.kunstgriff.net\/wp-content\/uploads\/2017\/10\/Letztes-Gruppenfoto-vor-der-letzten-Etappe.jpg?fit=1200%2C800&ssl=1&resize=350%2C200 1x, https:\/\/i0.wp.com\/blog.kunstgriff.net\/wp-content\/uploads\/2017\/10\/Letztes-Gruppenfoto-vor-der-letzten-Etappe.jpg?fit=1200%2C800&ssl=1&resize=525%2C300 1.5x, https:\/\/i0.wp.com\/blog.kunstgriff.net\/wp-content\/uploads\/2017\/10\/Letztes-Gruppenfoto-vor-der-letzten-Etappe.jpg?fit=1200%2C800&ssl=1&resize=700%2C400 2x, https:\/\/i0.wp.com\/blog.kunstgriff.net\/wp-content\/uploads\/2017\/10\/Letztes-Gruppenfoto-vor-der-letzten-Etappe.jpg?fit=1200%2C800&ssl=1&resize=1050%2C600 3x"},"classes":[]},{"id":16692,"url":"https:\/\/blog.kunstgriff.net\/?p=16692","url_meta":{"origin":16689,"position":2},"title":"ERT 2017: Pyren\u00e4en 2. Etappe","author":"Georg","date":"September 18, 2017","format":false,"excerpt":"L\u2019Espluga de Francol\u00ed \u2013 Barbastro Geschlafen habe ich grossartig und war bester Laune, bis ich wahrnahm, was uns als Fr\u00fchst\u00fcck geboten wurde: Ein Joghurt, Croissant und Pain au chocolat mussten reichen. Au\u00dfer einem Kapselkaffee schauten wir auf leere Tische. Doch, da waren noch ein paar Scheiben Brot, die aber nicht\u2026","rel":"","context":"In &quot;Radfahren&quot;","block_context":{"text":"Radfahren","link":"https:\/\/blog.kunstgriff.net\/?cat=14"},"img":{"alt_text":"","src":"https:\/\/i0.wp.com\/blog.kunstgriff.net\/wp-content\/uploads\/2017\/10\/Herrliches-Wetter-herrliche-Landschaft.jpg?fit=1200%2C800&ssl=1&resize=350%2C200","width":350,"height":200,"srcset":"https:\/\/i0.wp.com\/blog.kunstgriff.net\/wp-content\/uploads\/2017\/10\/Herrliches-Wetter-herrliche-Landschaft.jpg?fit=1200%2C800&ssl=1&resize=350%2C200 1x, https:\/\/i0.wp.com\/blog.kunstgriff.net\/wp-content\/uploads\/2017\/10\/Herrliches-Wetter-herrliche-Landschaft.jpg?fit=1200%2C800&ssl=1&resize=525%2C300 1.5x, https:\/\/i0.wp.com\/blog.kunstgriff.net\/wp-content\/uploads\/2017\/10\/Herrliches-Wetter-herrliche-Landschaft.jpg?fit=1200%2C800&ssl=1&resize=700%2C400 2x, https:\/\/i0.wp.com\/blog.kunstgriff.net\/wp-content\/uploads\/2017\/10\/Herrliches-Wetter-herrliche-Landschaft.jpg?fit=1200%2C800&ssl=1&resize=1050%2C600 3x"},"classes":[]},{"id":16696,"url":"https:\/\/blog.kunstgriff.net\/?p=16696","url_meta":{"origin":16689,"position":3},"title":"ERT 2017: Pyren\u00e4en 4. Etappe","author":"Georg","date":"September 20, 2017","format":false,"excerpt":"Santa Eulalia de Gallego \u2013 Pamplona Nach dem leckeren Fr\u00fchst\u00fcck mit Schinken- & K\u00e4se-Stulle con Olio Oliva ging es gleich in den Berg. 12 km Anstieg und 400 H\u00f6henmeter. Also vergleichbar mit dem Brocken im Harz. Genau das Richtige zum warm werden. Ich achtete auf den Puls, der nicht nach\u2026","rel":"","context":"In &quot;Radfahren&quot;","block_context":{"text":"Radfahren","link":"https:\/\/blog.kunstgriff.net\/?cat=14"},"img":{"alt_text":"","src":"https:\/\/i0.wp.com\/blog.kunstgriff.net\/wp-content\/uploads\/2017\/10\/ride.jpg?fit=1200%2C800&ssl=1&resize=350%2C200","width":350,"height":200,"srcset":"https:\/\/i0.wp.com\/blog.kunstgriff.net\/wp-content\/uploads\/2017\/10\/ride.jpg?fit=1200%2C800&ssl=1&resize=350%2C200 1x, https:\/\/i0.wp.com\/blog.kunstgriff.net\/wp-content\/uploads\/2017\/10\/ride.jpg?fit=1200%2C800&ssl=1&resize=525%2C300 1.5x, https:\/\/i0.wp.com\/blog.kunstgriff.net\/wp-content\/uploads\/2017\/10\/ride.jpg?fit=1200%2C800&ssl=1&resize=700%2C400 2x, https:\/\/i0.wp.com\/blog.kunstgriff.net\/wp-content\/uploads\/2017\/10\/ride.jpg?fit=1200%2C800&ssl=1&resize=1050%2C600 3x"},"classes":[]},{"id":16702,"url":"https:\/\/blog.kunstgriff.net\/?p=16702","url_meta":{"origin":16689,"position":4},"title":"ERT 2017: Pyren\u00e4en 7. Etappe","author":"Georg","date":"September 24, 2017","format":false,"excerpt":"Banca \u2013 Gourette Unser erstes franz\u00f6sisches Fr\u00fchst\u00fcck war lecker und f\u00fcr den entlegenen Bergort eigentlich recht sehr umfangreich. Einziger Wermutstropfen war die etwas ungewohnte Begr\u00fc\u00dfung eines Teammitglieds der Leistungstr\u00e4ger: Ich wurde mit der Frage begr\u00fcsst, was ich denn schon um 6.30 Uhr beim Fr\u00fchst\u00fcck wollte. Diese Urzeit sei den Fr\u00fchstartern\u2026","rel":"","context":"In &quot;Radfahren&quot;","block_context":{"text":"Radfahren","link":"https:\/\/blog.kunstgriff.net\/?cat=14"},"img":{"alt_text":"","src":"https:\/\/i0.wp.com\/blog.kunstgriff.net\/wp-content\/uploads\/2017\/10\/Morgennebel.jpg?fit=1200%2C800&ssl=1&resize=350%2C200","width":350,"height":200,"srcset":"https:\/\/i0.wp.com\/blog.kunstgriff.net\/wp-content\/uploads\/2017\/10\/Morgennebel.jpg?fit=1200%2C800&ssl=1&resize=350%2C200 1x, https:\/\/i0.wp.com\/blog.kunstgriff.net\/wp-content\/uploads\/2017\/10\/Morgennebel.jpg?fit=1200%2C800&ssl=1&resize=525%2C300 1.5x, https:\/\/i0.wp.com\/blog.kunstgriff.net\/wp-content\/uploads\/2017\/10\/Morgennebel.jpg?fit=1200%2C800&ssl=1&resize=700%2C400 2x, https:\/\/i0.wp.com\/blog.kunstgriff.net\/wp-content\/uploads\/2017\/10\/Morgennebel.jpg?fit=1200%2C800&ssl=1&resize=1050%2C600 3x"},"classes":[]},{"id":16710,"url":"https:\/\/blog.kunstgriff.net\/?p=16710","url_meta":{"origin":16689,"position":5},"title":"ERT 2017: Pyren\u00e4en 11. Etappe","author":"Georg","date":"September 29, 2017","format":false,"excerpt":"La Seu d'Urgel \u2013 Berga \u2013\u00a0\u201eDie verlorene Form kommt zur\u00fcck\u201c Nach dem leckeren und, f\u00fcr spanische Verh\u00e4ltnisse, sehr umfangreichen Fr\u00fchst\u00fcck mit Mandelkuchen und leckersten s\u00fcssen Teilchen machte ich mich auch heute wieder alleine auf die Strecke. Knapp 3.000 H\u00f6henmeter mit dreieinhalb Anstiegen auf der langen Strecke erwarteten mich. Da wollte\u2026","rel":"","context":"In &quot;Radfahren&quot;","block_context":{"text":"Radfahren","link":"https:\/\/blog.kunstgriff.net\/?cat=14"},"img":{"alt_text":"","src":"https:\/\/i0.wp.com\/blog.kunstgriff.net\/wp-content\/uploads\/2017\/10\/was-f%C3%BCr-ein-Ausblick.jpg?fit=1200%2C800&ssl=1&resize=350%2C200","width":350,"height":200,"srcset":"https:\/\/i0.wp.com\/blog.kunstgriff.net\/wp-content\/uploads\/2017\/10\/was-f%C3%BCr-ein-Ausblick.jpg?fit=1200%2C800&ssl=1&resize=350%2C200 1x, https:\/\/i0.wp.com\/blog.kunstgriff.net\/wp-content\/uploads\/2017\/10\/was-f%C3%BCr-ein-Ausblick.jpg?fit=1200%2C800&ssl=1&resize=525%2C300 1.5x, https:\/\/i0.wp.com\/blog.kunstgriff.net\/wp-content\/uploads\/2017\/10\/was-f%C3%BCr-ein-Ausblick.jpg?fit=1200%2C800&ssl=1&resize=700%2C400 2x, https:\/\/i0.wp.com\/blog.kunstgriff.net\/wp-content\/uploads\/2017\/10\/was-f%C3%BCr-ein-Ausblick.jpg?fit=1200%2C800&ssl=1&resize=1050%2C600 3x"},"classes":[]}],"jetpack_likes_enabled":true,"jetpack_sharing_enabled":true,"_links":{"self":[{"href":"https:\/\/blog.kunstgriff.net\/index.php?rest_route=\/wp\/v2\/posts\/16689","targetHints":{"allow":["GET"]}}],"collection":[{"href":"https:\/\/blog.kunstgriff.net\/index.php?rest_route=\/wp\/v2\/posts"}],"about":[{"href":"https:\/\/blog.kunstgriff.net\/index.php?rest_route=\/wp\/v2\/types\/post"}],"author":[{"embeddable":true,"href":"https:\/\/blog.kunstgriff.net\/index.php?rest_route=\/wp\/v2\/users\/2"}],"replies":[{"embeddable":true,"href":"https:\/\/blog.kunstgriff.net\/index.php?rest_route=%2Fwp%2Fv2%2Fcomments&post=16689"}],"version-history":[{"count":0,"href":"https:\/\/blog.kunstgriff.net\/index.php?rest_route=\/wp\/v2\/posts\/16689\/revisions"}],"wp:featuredmedia":[{"embeddable":true,"href":"https:\/\/blog.kunstgriff.net\/index.php?rest_route=\/wp\/v2\/media\/16717"}],"wp:attachment":[{"href":"https:\/\/blog.kunstgriff.net\/index.php?rest_route=%2Fwp%2Fv2%2Fmedia&parent=16689"}],"wp:term":[{"taxonomy":"category","embeddable":true,"href":"https:\/\/blog.kunstgriff.net\/index.php?rest_route=%2Fwp%2Fv2%2Fcategories&post=16689"},{"taxonomy":"post_tag","embeddable":true,"href":"https:\/\/blog.kunstgriff.net\/index.php?rest_route=%2Fwp%2Fv2%2Ftags&post=16689"}],"curies":[{"name":"wp","href":"https:\/\/api.w.org\/{rel}","templated":true}]}}