{"id":16706,"date":"2017-09-26T22:37:30","date_gmt":"2017-09-26T20:37:30","guid":{"rendered":"https:\/\/blog.kunstgriff.net\/?p=16706"},"modified":"2017-10-06T19:15:18","modified_gmt":"2017-10-06T17:15:18","slug":"ert-2017-pyrenaeen-9-etappe","status":"publish","type":"post","link":"https:\/\/blog.kunstgriff.net\/?p=16706","title":{"rendered":"ERT 2017: Pyren\u00e4en 9. Etappe"},"content":{"rendered":"<span class=\"span-reading-time rt-reading-time\" style=\"display: block;\"><span class=\"rt-label rt-prefix\">Lesezeit: <\/span> <span class=\"rt-time\"> 2<\/span> <span class=\"rt-label rt-postfix\">Minuten<\/span><\/span><h4>Loudenvielle \u2013 Esterri d&#8217;\u00c0neu<\/h4>\n<hr \/>\n<p>Heute war ich echt froh unser Apartment verlassen zu k\u00f6nnen: zu klein, zu muffig und zu viele Menschen auf zu wenig Raum. Da tr\u00f6stete es zwar ein wenig, dass ich von wirklich sehr feinen Menschen umgeben war, aber die Freiheit in der Natur wurde heute sehnlichst erwartet.<\/p>\n<p>Als ich dann nach dem \u00fcberschaubaren Fr\u00fchst\u00fcck auf dem Rad sa\u00df, empfand ich sofort wieder das Gef\u00fchl von Freiheit und Abenteuer. Dieses Gef\u00fchl wurde auch nicht durch den zu bezwingenden Pass \u00bb<a href=\"http:\/\/www.quaeldich.de\/paesse\/col-de-peyresourde\/\" target=\"_blank\" rel=\"noopener\">Col de Peyresourde<\/a>\u00ab gebremst. Im Gegenteil, es verlieh mir enormen Vortrieb. Der Anstieg zum unaussprechlichen Pass war gleichm\u00e4\u00dfig und weniger Steil als die P\u00e4sse am Vortag. Oben haben wir selbstverst\u00e4ndlich das notorische Gipfelfoto geknipst und uns dann in die endlos lange Abfahrt gest\u00fcrzt. Die diesj\u00e4hrige Tour de France Durchfahrt hat ihre Spuren auf dem Asphalt hinterlassen. Immer wieder Radsportler Namen und Team Sky Schriftz\u00fcge auf dem glatten Asphalt. Auch Zebrastreifen waren stilvoll aufgetragen.<\/p>\n<p>Die Abfahrt wollte nicht enden, die Geschwindigkeit wurde immer h\u00f6her, und ich war heilfroh hier nicht hochfahren zu m\u00fcssen.<\/p>\n<p>Unten im Tal war der wolkige Himmel dann verzogen und es gab neben Backwaren und Caf\u00e9 au Lait &#8211; Sonne satt. Hammer!<\/p>\n<p>Eugen organisierte sogar noch warmen Topf-Schoko-Kuchen vom Markt.<\/p>\n<p>Mit vollem Bauch ging es weiter, in den zweiten von drei P\u00e4ssen. Hier war auch wieder die TdF zugegen, was sich durch perfekten Asphalt \u00e4u\u00dferte. Oben angekommen ging es auch flugs in die Abfahrt. Auf halber Strecke dann das Buffet mit perfekter Aussicht in das Tal.<\/p>\n<p>Die restlichen 45 km ging es immer aufw\u00e4rts, also bergaufw\u00e4rts durch diverse verwaiste Skigebiete, in denen sogar die Cola-Automaten schon in der Off-Season waren. Pech gehabt, also ohne Cola den Col hoch.<\/p>\n<p>Der letzte Anstieg war lang und gleichm\u00e4\u00dfig und ich schaltete ein letztes Mal auf Sport-Modus, bevor es in die schnelle Abfahrt in unseren pittoresken Ruhetag Etappenort Esterri d\u2019Aneu rollte.<\/p>\n<p>Leider wurde der tolle Tag auf dem Rad durch einen b\u00f6sen Sturz in einer Abfahrt \u00fcberschattet. Er war zu flott unterwegs und hat sich auf seine Handknochen gelegt, die im Krankenhaus gen\u00e4ht werden mussten. Bl\u00f6d. Gute Besserung!<\/p>\n<div class=\"tiled-gallery type-rectangular tiled-gallery-unresized\" data-original-width=\"525\" data-carousel-extra='{&quot;blog_id&quot;:1,&quot;permalink&quot;:&quot;https:\\\/\\\/blog.kunstgriff.net\\\/?p=16706&quot;,&quot;likes_blog_id&quot;:127394879}' itemscope itemtype=\"http:\/\/schema.org\/ImageGallery\" > <div class=\"gallery-row\" style=\"width: 525px; height: 235px;\" data-original-width=\"525\" data-original-height=\"235\" > <div class=\"gallery-group images-1\" style=\"width: 351px; height: 235px;\" data-original-width=\"351\" data-original-height=\"235\" > <div class=\"tiled-gallery-item tiled-gallery-item-large\" itemprop=\"associatedMedia\" itemscope itemtype=\"http:\/\/schema.org\/ImageObject\"> <a href=\"https:\/\/i0.wp.com\/blog.kunstgriff.net\/wp-content\/uploads\/2017\/10\/wundersch%C3%B6ner-Morgen-an-einem-wundersch%C3%B6nen-Tag.jpg?ssl=1\" border=\"0\" itemprop=\"url\"> <meta itemprop=\"width\" content=\"347\"> <meta itemprop=\"height\" content=\"231\"> <img decoding=\"async\" class=\"\" data-attachment-id=\"16873\" data-orig-file=\"https:\/\/blog.kunstgriff.net\/wp-content\/uploads\/2017\/10\/wundersch\u00f6ner-Morgen-an-einem-wundersch\u00f6nen-Tag.jpg\" data-orig-size=\"2000,1333\" data-comments-opened=\"1\" data-image-meta=\"{&quot;aperture&quot;:&quot;2&quot;,&quot;credit&quot;:&quot;&quot;,&quot;camera&quot;:&quot;TG-4&quot;,&quot;caption&quot;:&quot;OLYMPUS DIGITAL CAMERA&quot;,&quot;created_timestamp&quot;:&quot;1506415371&quot;,&quot;copyright&quot;:&quot;&quot;,&quot;focal_length&quot;:&quot;4.5&quot;,&quot;iso&quot;:&quot;100&quot;,&quot;shutter_speed&quot;:&quot;0.0025&quot;,&quot;title&quot;:&quot;OLYMPUS DIGITAL CAMERA&quot;,&quot;orientation&quot;:&quot;1&quot;}\" data-image-title=\"wundersch\u00f6ner Morgen an einem wundersch\u00f6nen Tag\" data-image-description=\"\" data-medium-file=\"https:\/\/i0.wp.com\/blog.kunstgriff.net\/wp-content\/uploads\/2017\/10\/wundersch%C3%B6ner-Morgen-an-einem-wundersch%C3%B6nen-Tag.jpg?fit=300%2C200&#038;ssl=1\" data-large-file=\"https:\/\/i0.wp.com\/blog.kunstgriff.net\/wp-content\/uploads\/2017\/10\/wundersch%C3%B6ner-Morgen-an-einem-wundersch%C3%B6nen-Tag.jpg?fit=1024%2C682&#038;ssl=1\" src=\"https:\/\/i0.wp.com\/blog.kunstgriff.net\/wp-content\/uploads\/2017\/10\/wundersch%C3%B6ner-Morgen-an-einem-wundersch%C3%B6nen-Tag.jpg?w=347&#038;h=231&#038;ssl=1\" width=\"347\" height=\"231\" loading=\"lazy\" data-original-width=\"347\" data-original-height=\"231\" itemprop=\"http:\/\/schema.org\/image\" title=\"wundersch\u00f6ner Morgen an einem wundersch\u00f6nen Tag\" alt=\"wundersch\u00f6ner Morgen an einem wundersch\u00f6nen Tag\" style=\"width: 347px; height: 231px;\" \/> <\/a> <div class=\"tiled-gallery-caption\" itemprop=\"caption description\"> wundersch\u00f6ner Morgen an einem wundersch\u00f6nen Tag <\/div> <\/div> <\/div> <!-- close group --> <div class=\"gallery-group images-2\" style=\"width: 174px; height: 235px;\" data-original-width=\"174\" data-original-height=\"235\" > <div class=\"tiled-gallery-item tiled-gallery-item-small\" itemprop=\"associatedMedia\" itemscope itemtype=\"http:\/\/schema.org\/ImageObject\"> <a href=\"https:\/\/i0.wp.com\/blog.kunstgriff.net\/wp-content\/uploads\/2017\/10\/Gep%C3%A4ck-verladen.jpg?ssl=1\" border=\"0\" itemprop=\"url\"> <meta itemprop=\"width\" content=\"170\"> <meta itemprop=\"height\" content=\"114\"> <img decoding=\"async\" class=\"\" data-attachment-id=\"16859\" data-orig-file=\"https:\/\/blog.kunstgriff.net\/wp-content\/uploads\/2017\/10\/Gep\u00e4ck-verladen.jpg\" data-orig-size=\"2000,1333\" data-comments-opened=\"1\" data-image-meta=\"{&quot;aperture&quot;:&quot;3.2&quot;,&quot;credit&quot;:&quot;&quot;,&quot;camera&quot;:&quot;TG-4&quot;,&quot;caption&quot;:&quot;OLYMPUS DIGITAL CAMERA&quot;,&quot;created_timestamp&quot;:&quot;1506418934&quot;,&quot;copyright&quot;:&quot;&quot;,&quot;focal_length&quot;:&quot;5.14&quot;,&quot;iso&quot;:&quot;100&quot;,&quot;shutter_speed&quot;:&quot;0.005&quot;,&quot;title&quot;:&quot;OLYMPUS DIGITAL CAMERA&quot;,&quot;orientation&quot;:&quot;1&quot;}\" data-image-title=\"Gep\u00e4ck verladen\" data-image-description=\"\" data-medium-file=\"https:\/\/i0.wp.com\/blog.kunstgriff.net\/wp-content\/uploads\/2017\/10\/Gep%C3%A4ck-verladen.jpg?fit=300%2C200&#038;ssl=1\" data-large-file=\"https:\/\/i0.wp.com\/blog.kunstgriff.net\/wp-content\/uploads\/2017\/10\/Gep%C3%A4ck-verladen.jpg?fit=1024%2C682&#038;ssl=1\" src=\"https:\/\/i0.wp.com\/blog.kunstgriff.net\/wp-content\/uploads\/2017\/10\/Gep%C3%A4ck-verladen.jpg?w=170&#038;h=114&#038;ssl=1\" width=\"170\" height=\"114\" loading=\"lazy\" data-original-width=\"170\" data-original-height=\"114\" itemprop=\"http:\/\/schema.org\/image\" title=\"Gep\u00e4ck verladen\" alt=\"Gep\u00e4ck verladen\" style=\"width: 170px; height: 114px;\" \/> <\/a> <div class=\"tiled-gallery-caption\" itemprop=\"caption description\"> Gep\u00e4ck verladen <\/div> <\/div> <div class=\"tiled-gallery-item tiled-gallery-item-small\" itemprop=\"associatedMedia\" itemscope itemtype=\"http:\/\/schema.org\/ImageObject\"> <a href=\"https:\/\/i0.wp.com\/blog.kunstgriff.net\/wp-content\/uploads\/2017\/10\/erstmal-feucht-und-frisch-am-Col-de-Peyresourde.jpg?ssl=1\" border=\"0\" itemprop=\"url\"> <meta itemprop=\"width\" content=\"170\"> <meta itemprop=\"height\" content=\"113\"> <img decoding=\"async\" class=\"\" data-attachment-id=\"16857\" data-orig-file=\"https:\/\/blog.kunstgriff.net\/wp-content\/uploads\/2017\/10\/erstmal-feucht-und-frisch-am-Col-de-Peyresourde.jpg\" data-orig-size=\"2000,1333\" data-comments-opened=\"1\" data-image-meta=\"{&quot;aperture&quot;:&quot;8&quot;,&quot;credit&quot;:&quot;&quot;,&quot;camera&quot;:&quot;TG-4&quot;,&quot;caption&quot;:&quot;OLYMPUS DIGITAL CAMERA&quot;,&quot;created_timestamp&quot;:&quot;1506422440&quot;,&quot;copyright&quot;:&quot;&quot;,&quot;focal_length&quot;:&quot;4.5&quot;,&quot;iso&quot;:&quot;100&quot;,&quot;shutter_speed&quot;:&quot;0.004&quot;,&quot;title&quot;:&quot;OLYMPUS DIGITAL CAMERA&quot;,&quot;orientation&quot;:&quot;1&quot;}\" data-image-title=\"erstmal feucht und frisch am Col de Peyresourde\" data-image-description=\"\" data-medium-file=\"https:\/\/i0.wp.com\/blog.kunstgriff.net\/wp-content\/uploads\/2017\/10\/erstmal-feucht-und-frisch-am-Col-de-Peyresourde.jpg?fit=300%2C200&#038;ssl=1\" data-large-file=\"https:\/\/i0.wp.com\/blog.kunstgriff.net\/wp-content\/uploads\/2017\/10\/erstmal-feucht-und-frisch-am-Col-de-Peyresourde.jpg?fit=1024%2C682&#038;ssl=1\" src=\"https:\/\/i0.wp.com\/blog.kunstgriff.net\/wp-content\/uploads\/2017\/10\/erstmal-feucht-und-frisch-am-Col-de-Peyresourde.jpg?w=170&#038;h=113&#038;ssl=1\" srcset=\"https:\/\/i0.wp.com\/blog.kunstgriff.net\/wp-content\/uploads\/2017\/10\/erstmal-feucht-und-frisch-am-Col-de-Peyresourde.jpg?w=2000&amp;ssl=1 2000w, https:\/\/i0.wp.com\/blog.kunstgriff.net\/wp-content\/uploads\/2017\/10\/erstmal-feucht-und-frisch-am-Col-de-Peyresourde.jpg?resize=300%2C200&amp;ssl=1 300w, https:\/\/i0.wp.com\/blog.kunstgriff.net\/wp-content\/uploads\/2017\/10\/erstmal-feucht-und-frisch-am-Col-de-Peyresourde.jpg?resize=768%2C512&amp;ssl=1 768w, https:\/\/i0.wp.com\/blog.kunstgriff.net\/wp-content\/uploads\/2017\/10\/erstmal-feucht-und-frisch-am-Col-de-Peyresourde.jpg?resize=1024%2C682&amp;ssl=1 1024w, https:\/\/i0.wp.com\/blog.kunstgriff.net\/wp-content\/uploads\/2017\/10\/erstmal-feucht-und-frisch-am-Col-de-Peyresourde.jpg?resize=450%2C300&amp;ssl=1 450w, https:\/\/i0.wp.com\/blog.kunstgriff.net\/wp-content\/uploads\/2017\/10\/erstmal-feucht-und-frisch-am-Col-de-Peyresourde.jpg?w=1575&amp;ssl=1 1575w\" width=\"170\" height=\"113\" loading=\"lazy\" data-original-width=\"170\" data-original-height=\"113\" itemprop=\"http:\/\/schema.org\/image\" title=\"erstmal feucht und frisch am Col de Peyresourde\" alt=\"erstmal feucht und frisch am Col de Peyresourde\" style=\"width: 170px; height: 113px;\" \/> <\/a> <div class=\"tiled-gallery-caption\" itemprop=\"caption description\"> erstmal feucht und frisch am Col de Peyresourde <\/div> <\/div> <\/div> <!-- close group --> <\/div> <!-- close row --> <div class=\"gallery-row\" style=\"width: 525px; height: 118px;\" data-original-width=\"525\" data-original-height=\"118\" > <div class=\"gallery-group images-1\" style=\"width: 175px; height: 118px;\" data-original-width=\"175\" data-original-height=\"118\" > <div class=\"tiled-gallery-item tiled-gallery-item-small\" itemprop=\"associatedMedia\" itemscope itemtype=\"http:\/\/schema.org\/ImageObject\"> <a href=\"https:\/\/i0.wp.com\/blog.kunstgriff.net\/wp-content\/uploads\/2017\/10\/oben-im-n%C3%A4chsten-Tal-dann-die-Sonne.jpg?ssl=1\" border=\"0\" itemprop=\"url\"> <meta itemprop=\"width\" content=\"171\"> <meta itemprop=\"height\" content=\"114\"> <img decoding=\"async\" class=\"\" data-attachment-id=\"16865\" data-orig-file=\"https:\/\/blog.kunstgriff.net\/wp-content\/uploads\/2017\/10\/oben-im-n\u00e4chsten-Tal-dann-die-Sonne.jpg\" data-orig-size=\"2000,1333\" data-comments-opened=\"1\" data-image-meta=\"{&quot;aperture&quot;:&quot;2.8&quot;,&quot;credit&quot;:&quot;&quot;,&quot;camera&quot;:&quot;TG-4&quot;,&quot;caption&quot;:&quot;OLYMPUS DIGITAL CAMERA&quot;,&quot;created_timestamp&quot;:&quot;1506423172&quot;,&quot;copyright&quot;:&quot;&quot;,&quot;focal_length&quot;:&quot;4.5&quot;,&quot;iso&quot;:&quot;100&quot;,&quot;shutter_speed&quot;:&quot;0.002&quot;,&quot;title&quot;:&quot;OLYMPUS DIGITAL CAMERA&quot;,&quot;orientation&quot;:&quot;1&quot;}\" data-image-title=\"oben im n\u00e4chsten Tal dann die Sonne\" data-image-description=\"\" data-medium-file=\"https:\/\/i0.wp.com\/blog.kunstgriff.net\/wp-content\/uploads\/2017\/10\/oben-im-n%C3%A4chsten-Tal-dann-die-Sonne.jpg?fit=300%2C200&#038;ssl=1\" data-large-file=\"https:\/\/i0.wp.com\/blog.kunstgriff.net\/wp-content\/uploads\/2017\/10\/oben-im-n%C3%A4chsten-Tal-dann-die-Sonne.jpg?fit=1024%2C682&#038;ssl=1\" src=\"https:\/\/i0.wp.com\/blog.kunstgriff.net\/wp-content\/uploads\/2017\/10\/oben-im-n%C3%A4chsten-Tal-dann-die-Sonne.jpg?w=171&#038;h=114&#038;ssl=1\" width=\"171\" height=\"114\" loading=\"lazy\" data-original-width=\"171\" data-original-height=\"114\" itemprop=\"http:\/\/schema.org\/image\" title=\"oben im n\u00e4chsten Tal dann die Sonne\" alt=\"oben im n\u00e4chsten Tal dann die Sonne\" style=\"width: 171px; height: 114px;\" \/> <\/a> <div class=\"tiled-gallery-caption\" itemprop=\"caption description\"> oben im n\u00e4chsten Tal dann die Sonne <\/div> <\/div> <\/div> <!-- close group --> <div class=\"gallery-group images-1\" style=\"width: 175px; height: 118px;\" data-original-width=\"175\" data-original-height=\"118\" > <div class=\"tiled-gallery-item tiled-gallery-item-small\" itemprop=\"associatedMedia\" itemscope itemtype=\"http:\/\/schema.org\/ImageObject\"> <a href=\"https:\/\/i0.wp.com\/blog.kunstgriff.net\/wp-content\/uploads\/2017\/10\/Alberne-Radler-oben-am-Col-de-Peyresourde.jpg?ssl=1\" border=\"0\" itemprop=\"url\"> <meta itemprop=\"width\" content=\"171\"> <meta itemprop=\"height\" content=\"114\"> <img decoding=\"async\" class=\"\" data-attachment-id=\"16856\" data-orig-file=\"https:\/\/blog.kunstgriff.net\/wp-content\/uploads\/2017\/10\/Alberne-Radler-oben-am-Col-de-Peyresourde.jpg\" data-orig-size=\"2000,1333\" data-comments-opened=\"1\" data-image-meta=\"{&quot;aperture&quot;:&quot;2.8&quot;,&quot;credit&quot;:&quot;&quot;,&quot;camera&quot;:&quot;TG-4&quot;,&quot;caption&quot;:&quot;OLYMPUS DIGITAL CAMERA&quot;,&quot;created_timestamp&quot;:&quot;1506423258&quot;,&quot;copyright&quot;:&quot;&quot;,&quot;focal_length&quot;:&quot;4.5&quot;,&quot;iso&quot;:&quot;100&quot;,&quot;shutter_speed&quot;:&quot;0.004&quot;,&quot;title&quot;:&quot;OLYMPUS DIGITAL CAMERA&quot;,&quot;orientation&quot;:&quot;1&quot;}\" data-image-title=\"alberne Radler oben am Col de Peyresourde\" data-image-description=\"\" data-medium-file=\"https:\/\/i0.wp.com\/blog.kunstgriff.net\/wp-content\/uploads\/2017\/10\/Alberne-Radler-oben-am-Col-de-Peyresourde.jpg?fit=300%2C200&#038;ssl=1\" data-large-file=\"https:\/\/i0.wp.com\/blog.kunstgriff.net\/wp-content\/uploads\/2017\/10\/Alberne-Radler-oben-am-Col-de-Peyresourde.jpg?fit=1024%2C682&#038;ssl=1\" src=\"https:\/\/i0.wp.com\/blog.kunstgriff.net\/wp-content\/uploads\/2017\/10\/Alberne-Radler-oben-am-Col-de-Peyresourde.jpg?w=171&#038;h=114&#038;ssl=1\" srcset=\"https:\/\/i0.wp.com\/blog.kunstgriff.net\/wp-content\/uploads\/2017\/10\/Alberne-Radler-oben-am-Col-de-Peyresourde.jpg?w=2000&amp;ssl=1 2000w, https:\/\/i0.wp.com\/blog.kunstgriff.net\/wp-content\/uploads\/2017\/10\/Alberne-Radler-oben-am-Col-de-Peyresourde.jpg?resize=300%2C200&amp;ssl=1 300w, https:\/\/i0.wp.com\/blog.kunstgriff.net\/wp-content\/uploads\/2017\/10\/Alberne-Radler-oben-am-Col-de-Peyresourde.jpg?resize=768%2C512&amp;ssl=1 768w, https:\/\/i0.wp.com\/blog.kunstgriff.net\/wp-content\/uploads\/2017\/10\/Alberne-Radler-oben-am-Col-de-Peyresourde.jpg?resize=1024%2C682&amp;ssl=1 1024w, https:\/\/i0.wp.com\/blog.kunstgriff.net\/wp-content\/uploads\/2017\/10\/Alberne-Radler-oben-am-Col-de-Peyresourde.jpg?resize=450%2C300&amp;ssl=1 450w, https:\/\/i0.wp.com\/blog.kunstgriff.net\/wp-content\/uploads\/2017\/10\/Alberne-Radler-oben-am-Col-de-Peyresourde.jpg?w=1575&amp;ssl=1 1575w\" width=\"171\" height=\"114\" loading=\"lazy\" data-original-width=\"171\" data-original-height=\"114\" itemprop=\"http:\/\/schema.org\/image\" title=\"alberne Radler oben am Col de Peyresourde\" alt=\"alberne Radler oben am Col de Peyresourde\" style=\"width: 171px; height: 114px;\" \/> <\/a> <div class=\"tiled-gallery-caption\" itemprop=\"caption description\"> alberne Radler oben am Col de Peyresourde <\/div> <\/div> <\/div> <!-- close group --> <div class=\"gallery-group images-1\" style=\"width: 175px; height: 118px;\" data-original-width=\"175\" data-original-height=\"118\" > <div class=\"tiled-gallery-item tiled-gallery-item-small\" itemprop=\"associatedMedia\" itemscope itemtype=\"http:\/\/schema.org\/ImageObject\"> <a href=\"https:\/\/i0.wp.com\/blog.kunstgriff.net\/wp-content\/uploads\/2017\/10\/geile-Abfahrt.jpg?ssl=1\" border=\"0\" itemprop=\"url\"> <meta itemprop=\"width\" content=\"171\"> <meta itemprop=\"height\" content=\"114\"> <img decoding=\"async\" class=\"\" data-attachment-id=\"16858\" data-orig-file=\"https:\/\/blog.kunstgriff.net\/wp-content\/uploads\/2017\/10\/geile-Abfahrt.jpg\" data-orig-size=\"2000,1333\" data-comments-opened=\"1\" data-image-meta=\"{&quot;aperture&quot;:&quot;2.2&quot;,&quot;credit&quot;:&quot;&quot;,&quot;camera&quot;:&quot;TG-4&quot;,&quot;caption&quot;:&quot;OLYMPUS DIGITAL CAMERA&quot;,&quot;created_timestamp&quot;:&quot;1506423555&quot;,&quot;copyright&quot;:&quot;&quot;,&quot;focal_length&quot;:&quot;5.14&quot;,&quot;iso&quot;:&quot;100&quot;,&quot;shutter_speed&quot;:&quot;0.0005&quot;,&quot;title&quot;:&quot;OLYMPUS DIGITAL CAMERA&quot;,&quot;orientation&quot;:&quot;1&quot;}\" data-image-title=\"geile Abfahrt &amp;#8211; Col de Peyresourde\" data-image-description=\"\" data-medium-file=\"https:\/\/i0.wp.com\/blog.kunstgriff.net\/wp-content\/uploads\/2017\/10\/geile-Abfahrt.jpg?fit=300%2C200&#038;ssl=1\" data-large-file=\"https:\/\/i0.wp.com\/blog.kunstgriff.net\/wp-content\/uploads\/2017\/10\/geile-Abfahrt.jpg?fit=1024%2C682&#038;ssl=1\" src=\"https:\/\/i0.wp.com\/blog.kunstgriff.net\/wp-content\/uploads\/2017\/10\/geile-Abfahrt.jpg?w=171&#038;h=114&#038;ssl=1\" srcset=\"https:\/\/i0.wp.com\/blog.kunstgriff.net\/wp-content\/uploads\/2017\/10\/geile-Abfahrt.jpg?w=2000&amp;ssl=1 2000w, https:\/\/i0.wp.com\/blog.kunstgriff.net\/wp-content\/uploads\/2017\/10\/geile-Abfahrt.jpg?resize=300%2C200&amp;ssl=1 300w, https:\/\/i0.wp.com\/blog.kunstgriff.net\/wp-content\/uploads\/2017\/10\/geile-Abfahrt.jpg?resize=768%2C512&amp;ssl=1 768w, https:\/\/i0.wp.com\/blog.kunstgriff.net\/wp-content\/uploads\/2017\/10\/geile-Abfahrt.jpg?resize=1024%2C682&amp;ssl=1 1024w, https:\/\/i0.wp.com\/blog.kunstgriff.net\/wp-content\/uploads\/2017\/10\/geile-Abfahrt.jpg?resize=450%2C300&amp;ssl=1 450w, https:\/\/i0.wp.com\/blog.kunstgriff.net\/wp-content\/uploads\/2017\/10\/geile-Abfahrt.jpg?w=1575&amp;ssl=1 1575w\" width=\"171\" height=\"114\" loading=\"lazy\" data-original-width=\"171\" data-original-height=\"114\" itemprop=\"http:\/\/schema.org\/image\" title=\"geile Abfahrt - Col de Peyresourde\" alt=\"geile Abfahrt - Col de Peyresourde\" style=\"width: 171px; height: 114px;\" \/> <\/a> <div class=\"tiled-gallery-caption\" itemprop=\"caption description\"> geile Abfahrt &#8211; Col de Peyresourde <\/div> <\/div> <\/div> <!-- close group --> <\/div> <!-- close row --> <div class=\"gallery-row\" style=\"width: 525px; height: 235px;\" data-original-width=\"525\" data-original-height=\"235\" > <div class=\"gallery-group images-2\" style=\"width: 174px; height: 235px;\" data-original-width=\"174\" data-original-height=\"235\" > <div class=\"tiled-gallery-item tiled-gallery-item-small\" itemprop=\"associatedMedia\" itemscope itemtype=\"http:\/\/schema.org\/ImageObject\"> <a href=\"https:\/\/i0.wp.com\/blog.kunstgriff.net\/wp-content\/uploads\/2017\/10\/Pass-ist-offen-Col-de-Peyresourde.jpg?ssl=1\" border=\"0\" itemprop=\"url\"> <meta itemprop=\"width\" content=\"170\"> <meta itemprop=\"height\" content=\"114\"> <img decoding=\"async\" class=\"\" data-attachment-id=\"16866\" data-orig-file=\"https:\/\/blog.kunstgriff.net\/wp-content\/uploads\/2017\/10\/Pass-ist-offen-Col-de-Peyresourde.jpg\" data-orig-size=\"2000,1333\" data-comments-opened=\"1\" data-image-meta=\"{&quot;aperture&quot;:&quot;8&quot;,&quot;credit&quot;:&quot;&quot;,&quot;camera&quot;:&quot;TG-4&quot;,&quot;caption&quot;:&quot;OLYMPUS DIGITAL CAMERA&quot;,&quot;created_timestamp&quot;:&quot;1506423908&quot;,&quot;copyright&quot;:&quot;&quot;,&quot;focal_length&quot;:&quot;4.5&quot;,&quot;iso&quot;:&quot;100&quot;,&quot;shutter_speed&quot;:&quot;0.00625&quot;,&quot;title&quot;:&quot;OLYMPUS DIGITAL CAMERA&quot;,&quot;orientation&quot;:&quot;1&quot;}\" data-image-title=\"Pass ist offen &amp;#8211; Col de Peyresourde\" data-image-description=\"\" data-medium-file=\"https:\/\/i0.wp.com\/blog.kunstgriff.net\/wp-content\/uploads\/2017\/10\/Pass-ist-offen-Col-de-Peyresourde.jpg?fit=300%2C200&#038;ssl=1\" data-large-file=\"https:\/\/i0.wp.com\/blog.kunstgriff.net\/wp-content\/uploads\/2017\/10\/Pass-ist-offen-Col-de-Peyresourde.jpg?fit=1024%2C682&#038;ssl=1\" src=\"https:\/\/i0.wp.com\/blog.kunstgriff.net\/wp-content\/uploads\/2017\/10\/Pass-ist-offen-Col-de-Peyresourde.jpg?w=170&#038;h=114&#038;ssl=1\" srcset=\"https:\/\/i0.wp.com\/blog.kunstgriff.net\/wp-content\/uploads\/2017\/10\/Pass-ist-offen-Col-de-Peyresourde.jpg?w=2000&amp;ssl=1 2000w, https:\/\/i0.wp.com\/blog.kunstgriff.net\/wp-content\/uploads\/2017\/10\/Pass-ist-offen-Col-de-Peyresourde.jpg?resize=300%2C200&amp;ssl=1 300w, https:\/\/i0.wp.com\/blog.kunstgriff.net\/wp-content\/uploads\/2017\/10\/Pass-ist-offen-Col-de-Peyresourde.jpg?resize=768%2C512&amp;ssl=1 768w, https:\/\/i0.wp.com\/blog.kunstgriff.net\/wp-content\/uploads\/2017\/10\/Pass-ist-offen-Col-de-Peyresourde.jpg?resize=1024%2C682&amp;ssl=1 1024w, https:\/\/i0.wp.com\/blog.kunstgriff.net\/wp-content\/uploads\/2017\/10\/Pass-ist-offen-Col-de-Peyresourde.jpg?resize=450%2C300&amp;ssl=1 450w, https:\/\/i0.wp.com\/blog.kunstgriff.net\/wp-content\/uploads\/2017\/10\/Pass-ist-offen-Col-de-Peyresourde.jpg?w=1575&amp;ssl=1 1575w\" width=\"170\" height=\"114\" loading=\"lazy\" data-original-width=\"170\" data-original-height=\"114\" itemprop=\"http:\/\/schema.org\/image\" title=\"Pass ist offen - Col de Peyresourde\" alt=\"Pass ist offen - Col de Peyresourde\" style=\"width: 170px; height: 114px;\" \/> <\/a> <div class=\"tiled-gallery-caption\" itemprop=\"caption description\"> Pass ist offen &#8211; Col de Peyresourde <\/div> <\/div> <div class=\"tiled-gallery-item tiled-gallery-item-small\" itemprop=\"associatedMedia\" itemscope itemtype=\"http:\/\/schema.org\/ImageObject\"> <a href=\"https:\/\/i0.wp.com\/blog.kunstgriff.net\/wp-content\/uploads\/2017\/10\/Kuchen-essen-mit-dem-albernen-Marc-in-der-Sonne-im-Tal-priceless.jpg?ssl=1\" border=\"0\" itemprop=\"url\"> <meta itemprop=\"width\" content=\"170\"> <meta itemprop=\"height\" content=\"113\"> <img decoding=\"async\" class=\"\" data-attachment-id=\"16862\" data-orig-file=\"https:\/\/blog.kunstgriff.net\/wp-content\/uploads\/2017\/10\/Kuchen-essen-mit-dem-albernen-Marc-in-der-Sonne-im-Tal-priceless.jpg\" data-orig-size=\"2000,1333\" data-comments-opened=\"1\" data-image-meta=\"{&quot;aperture&quot;:&quot;8&quot;,&quot;credit&quot;:&quot;&quot;,&quot;camera&quot;:&quot;TG-4&quot;,&quot;caption&quot;:&quot;OLYMPUS DIGITAL CAMERA&quot;,&quot;created_timestamp&quot;:&quot;1506426203&quot;,&quot;copyright&quot;:&quot;&quot;,&quot;focal_length&quot;:&quot;4.5&quot;,&quot;iso&quot;:&quot;100&quot;,&quot;shutter_speed&quot;:&quot;0.005&quot;,&quot;title&quot;:&quot;OLYMPUS DIGITAL CAMERA&quot;,&quot;orientation&quot;:&quot;1&quot;}\" data-image-title=\"Kuchen essen mit dem albernen Marc in der Sonne im Tal &amp;#8211; priceless\" data-image-description=\"\" data-medium-file=\"https:\/\/i0.wp.com\/blog.kunstgriff.net\/wp-content\/uploads\/2017\/10\/Kuchen-essen-mit-dem-albernen-Marc-in-der-Sonne-im-Tal-priceless.jpg?fit=300%2C200&#038;ssl=1\" data-large-file=\"https:\/\/i0.wp.com\/blog.kunstgriff.net\/wp-content\/uploads\/2017\/10\/Kuchen-essen-mit-dem-albernen-Marc-in-der-Sonne-im-Tal-priceless.jpg?fit=1024%2C682&#038;ssl=1\" src=\"https:\/\/i0.wp.com\/blog.kunstgriff.net\/wp-content\/uploads\/2017\/10\/Kuchen-essen-mit-dem-albernen-Marc-in-der-Sonne-im-Tal-priceless.jpg?w=170&#038;h=113&#038;ssl=1\" srcset=\"https:\/\/i0.wp.com\/blog.kunstgriff.net\/wp-content\/uploads\/2017\/10\/Kuchen-essen-mit-dem-albernen-Marc-in-der-Sonne-im-Tal-priceless.jpg?w=2000&amp;ssl=1 2000w, https:\/\/i0.wp.com\/blog.kunstgriff.net\/wp-content\/uploads\/2017\/10\/Kuchen-essen-mit-dem-albernen-Marc-in-der-Sonne-im-Tal-priceless.jpg?resize=300%2C200&amp;ssl=1 300w, https:\/\/i0.wp.com\/blog.kunstgriff.net\/wp-content\/uploads\/2017\/10\/Kuchen-essen-mit-dem-albernen-Marc-in-der-Sonne-im-Tal-priceless.jpg?resize=768%2C512&amp;ssl=1 768w, https:\/\/i0.wp.com\/blog.kunstgriff.net\/wp-content\/uploads\/2017\/10\/Kuchen-essen-mit-dem-albernen-Marc-in-der-Sonne-im-Tal-priceless.jpg?resize=1024%2C682&amp;ssl=1 1024w, https:\/\/i0.wp.com\/blog.kunstgriff.net\/wp-content\/uploads\/2017\/10\/Kuchen-essen-mit-dem-albernen-Marc-in-der-Sonne-im-Tal-priceless.jpg?resize=450%2C300&amp;ssl=1 450w, https:\/\/i0.wp.com\/blog.kunstgriff.net\/wp-content\/uploads\/2017\/10\/Kuchen-essen-mit-dem-albernen-Marc-in-der-Sonne-im-Tal-priceless.jpg?w=1575&amp;ssl=1 1575w\" width=\"170\" height=\"113\" loading=\"lazy\" data-original-width=\"170\" data-original-height=\"113\" itemprop=\"http:\/\/schema.org\/image\" title=\"Kuchen essen mit dem albernen Marc in der Sonne im Tal - priceless\" alt=\"Kuchen essen mit dem albernen Marc in der Sonne im Tal - priceless\" style=\"width: 170px; height: 113px;\" \/> <\/a> <div class=\"tiled-gallery-caption\" itemprop=\"caption description\"> Kuchen essen mit dem albernen Marc in der Sonne im Tal &#8211; priceless <\/div> <\/div> <\/div> <!-- close group --> <div class=\"gallery-group images-1\" style=\"width: 351px; height: 235px;\" data-original-width=\"351\" data-original-height=\"235\" > <div class=\"tiled-gallery-item tiled-gallery-item-large\" itemprop=\"associatedMedia\" itemscope itemtype=\"http:\/\/schema.org\/ImageObject\"> <a href=\"https:\/\/i0.wp.com\/blog.kunstgriff.net\/wp-content\/uploads\/2017\/10\/immer-wieder-in-die-Berge.jpg?ssl=1\" border=\"0\" itemprop=\"url\"> <meta itemprop=\"width\" content=\"347\"> <meta itemprop=\"height\" content=\"231\"> <img decoding=\"async\" class=\"\" data-attachment-id=\"16860\" data-orig-file=\"https:\/\/blog.kunstgriff.net\/wp-content\/uploads\/2017\/10\/immer-wieder-in-die-Berge.jpg\" data-orig-size=\"2000,1333\" data-comments-opened=\"1\" data-image-meta=\"{&quot;aperture&quot;:&quot;8&quot;,&quot;credit&quot;:&quot;&quot;,&quot;camera&quot;:&quot;TG-4&quot;,&quot;caption&quot;:&quot;OLYMPUS DIGITAL CAMERA&quot;,&quot;created_timestamp&quot;:&quot;1506427227&quot;,&quot;copyright&quot;:&quot;&quot;,&quot;focal_length&quot;:&quot;4.5&quot;,&quot;iso&quot;:&quot;100&quot;,&quot;shutter_speed&quot;:&quot;0.003125&quot;,&quot;title&quot;:&quot;OLYMPUS DIGITAL CAMERA&quot;,&quot;orientation&quot;:&quot;1&quot;}\" data-image-title=\"immer wieder in die Berge\" data-image-description=\"\" data-medium-file=\"https:\/\/i0.wp.com\/blog.kunstgriff.net\/wp-content\/uploads\/2017\/10\/immer-wieder-in-die-Berge.jpg?fit=300%2C200&#038;ssl=1\" data-large-file=\"https:\/\/i0.wp.com\/blog.kunstgriff.net\/wp-content\/uploads\/2017\/10\/immer-wieder-in-die-Berge.jpg?fit=1024%2C682&#038;ssl=1\" src=\"https:\/\/i0.wp.com\/blog.kunstgriff.net\/wp-content\/uploads\/2017\/10\/immer-wieder-in-die-Berge.jpg?w=347&#038;h=231&#038;ssl=1\" srcset=\"https:\/\/i0.wp.com\/blog.kunstgriff.net\/wp-content\/uploads\/2017\/10\/immer-wieder-in-die-Berge.jpg?w=2000&amp;ssl=1 2000w, https:\/\/i0.wp.com\/blog.kunstgriff.net\/wp-content\/uploads\/2017\/10\/immer-wieder-in-die-Berge.jpg?resize=300%2C200&amp;ssl=1 300w, https:\/\/i0.wp.com\/blog.kunstgriff.net\/wp-content\/uploads\/2017\/10\/immer-wieder-in-die-Berge.jpg?resize=768%2C512&amp;ssl=1 768w, https:\/\/i0.wp.com\/blog.kunstgriff.net\/wp-content\/uploads\/2017\/10\/immer-wieder-in-die-Berge.jpg?resize=1024%2C682&amp;ssl=1 1024w, https:\/\/i0.wp.com\/blog.kunstgriff.net\/wp-content\/uploads\/2017\/10\/immer-wieder-in-die-Berge.jpg?resize=450%2C300&amp;ssl=1 450w, https:\/\/i0.wp.com\/blog.kunstgriff.net\/wp-content\/uploads\/2017\/10\/immer-wieder-in-die-Berge.jpg?w=1575&amp;ssl=1 1575w\" width=\"347\" height=\"231\" loading=\"lazy\" data-original-width=\"347\" data-original-height=\"231\" itemprop=\"http:\/\/schema.org\/image\" title=\"immer wieder in die Berge\" alt=\"immer wieder in die Berge\" style=\"width: 347px; height: 231px;\" \/> <\/a> <div class=\"tiled-gallery-caption\" itemprop=\"caption description\"> immer wieder in die Berge <\/div> <\/div> <\/div> <!-- close group --> <\/div> <!-- close row --> <div class=\"gallery-row\" style=\"width: 525px; height: 186px;\" data-original-width=\"525\" data-original-height=\"186\" > <div class=\"gallery-group images-1\" style=\"width: 247px; height: 186px;\" data-original-width=\"247\" data-original-height=\"186\" > <div class=\"tiled-gallery-item tiled-gallery-item-small\" itemprop=\"associatedMedia\" itemscope itemtype=\"http:\/\/schema.org\/ImageObject\"> <a href=\"https:\/\/i0.wp.com\/blog.kunstgriff.net\/wp-content\/uploads\/2017\/10\/Val-dAran-oben.jpg?ssl=1\" border=\"0\" itemprop=\"url\"> <meta itemprop=\"width\" content=\"243\"> <meta itemprop=\"height\" content=\"182\"> <img decoding=\"async\" class=\"\" data-attachment-id=\"16872\" data-orig-file=\"https:\/\/blog.kunstgriff.net\/wp-content\/uploads\/2017\/10\/Val-dAran-oben.jpg\" data-orig-size=\"2000,1500\" data-comments-opened=\"1\" data-image-meta=\"{&quot;aperture&quot;:&quot;1.8&quot;,&quot;credit&quot;:&quot;&quot;,&quot;camera&quot;:&quot;iPhone 7&quot;,&quot;caption&quot;:&quot;&quot;,&quot;created_timestamp&quot;:&quot;1506430845&quot;,&quot;copyright&quot;:&quot;&quot;,&quot;focal_length&quot;:&quot;3.99&quot;,&quot;iso&quot;:&quot;20&quot;,&quot;shutter_speed&quot;:&quot;0.00086730268863833&quot;,&quot;title&quot;:&quot;&quot;,&quot;orientation&quot;:&quot;1&quot;}\" data-image-title=\"Val d&amp;#8217;Aran &amp;#8211; oben\" data-image-description=\"\" data-medium-file=\"https:\/\/i0.wp.com\/blog.kunstgriff.net\/wp-content\/uploads\/2017\/10\/Val-dAran-oben.jpg?fit=300%2C225&#038;ssl=1\" data-large-file=\"https:\/\/i0.wp.com\/blog.kunstgriff.net\/wp-content\/uploads\/2017\/10\/Val-dAran-oben.jpg?fit=1024%2C768&#038;ssl=1\" src=\"https:\/\/i0.wp.com\/blog.kunstgriff.net\/wp-content\/uploads\/2017\/10\/Val-dAran-oben.jpg?w=243&#038;h=182&#038;ssl=1\" srcset=\"https:\/\/i0.wp.com\/blog.kunstgriff.net\/wp-content\/uploads\/2017\/10\/Val-dAran-oben.jpg?w=2000&amp;ssl=1 2000w, https:\/\/i0.wp.com\/blog.kunstgriff.net\/wp-content\/uploads\/2017\/10\/Val-dAran-oben.jpg?resize=300%2C225&amp;ssl=1 300w, https:\/\/i0.wp.com\/blog.kunstgriff.net\/wp-content\/uploads\/2017\/10\/Val-dAran-oben.jpg?resize=768%2C576&amp;ssl=1 768w, https:\/\/i0.wp.com\/blog.kunstgriff.net\/wp-content\/uploads\/2017\/10\/Val-dAran-oben.jpg?resize=1024%2C768&amp;ssl=1 1024w, https:\/\/i0.wp.com\/blog.kunstgriff.net\/wp-content\/uploads\/2017\/10\/Val-dAran-oben.jpg?resize=400%2C300&amp;ssl=1 400w, https:\/\/i0.wp.com\/blog.kunstgriff.net\/wp-content\/uploads\/2017\/10\/Val-dAran-oben.jpg?w=1575&amp;ssl=1 1575w\" width=\"243\" height=\"182\" loading=\"lazy\" data-original-width=\"243\" data-original-height=\"182\" itemprop=\"http:\/\/schema.org\/image\" title=\"Val d&#039;Aran - oben\" alt=\"Val d&#039;Aran - oben\" style=\"width: 243px; height: 182px;\" \/> <\/a> <div class=\"tiled-gallery-caption\" itemprop=\"caption description\"> Val d&#8217;Aran &#8211; oben <\/div> <\/div> <\/div> <!-- close group --> <div class=\"gallery-group images-1\" style=\"width: 278px; height: 186px;\" data-original-width=\"278\" data-original-height=\"186\" > <div class=\"tiled-gallery-item tiled-gallery-item-large\" itemprop=\"associatedMedia\" itemscope itemtype=\"http:\/\/schema.org\/ImageObject\"> <a href=\"https:\/\/i0.wp.com\/blog.kunstgriff.net\/wp-content\/uploads\/2017\/10\/klasse-Wetter-klasse-Berge.jpg?ssl=1\" border=\"0\" itemprop=\"url\"> <meta itemprop=\"width\" content=\"274\"> <meta itemprop=\"height\" content=\"182\"> <img decoding=\"async\" class=\"\" data-attachment-id=\"16861\" data-orig-file=\"https:\/\/blog.kunstgriff.net\/wp-content\/uploads\/2017\/10\/klasse-Wetter-klasse-Berge.jpg\" data-orig-size=\"2000,1333\" data-comments-opened=\"1\" data-image-meta=\"{&quot;aperture&quot;:&quot;8&quot;,&quot;credit&quot;:&quot;&quot;,&quot;camera&quot;:&quot;TG-4&quot;,&quot;caption&quot;:&quot;OLYMPUS DIGITAL CAMERA&quot;,&quot;created_timestamp&quot;:&quot;1506436208&quot;,&quot;copyright&quot;:&quot;&quot;,&quot;focal_length&quot;:&quot;4.5&quot;,&quot;iso&quot;:&quot;100&quot;,&quot;shutter_speed&quot;:&quot;0.005&quot;,&quot;title&quot;:&quot;OLYMPUS DIGITAL CAMERA&quot;,&quot;orientation&quot;:&quot;1&quot;}\" data-image-title=\"klasse Wetter &amp;#8211; klasse Berge\" data-image-description=\"\" data-medium-file=\"https:\/\/i0.wp.com\/blog.kunstgriff.net\/wp-content\/uploads\/2017\/10\/klasse-Wetter-klasse-Berge.jpg?fit=300%2C200&#038;ssl=1\" data-large-file=\"https:\/\/i0.wp.com\/blog.kunstgriff.net\/wp-content\/uploads\/2017\/10\/klasse-Wetter-klasse-Berge.jpg?fit=1024%2C682&#038;ssl=1\" src=\"https:\/\/i0.wp.com\/blog.kunstgriff.net\/wp-content\/uploads\/2017\/10\/klasse-Wetter-klasse-Berge.jpg?w=274&#038;h=182&#038;ssl=1\" srcset=\"https:\/\/i0.wp.com\/blog.kunstgriff.net\/wp-content\/uploads\/2017\/10\/klasse-Wetter-klasse-Berge.jpg?w=2000&amp;ssl=1 2000w, https:\/\/i0.wp.com\/blog.kunstgriff.net\/wp-content\/uploads\/2017\/10\/klasse-Wetter-klasse-Berge.jpg?resize=300%2C200&amp;ssl=1 300w, https:\/\/i0.wp.com\/blog.kunstgriff.net\/wp-content\/uploads\/2017\/10\/klasse-Wetter-klasse-Berge.jpg?resize=768%2C512&amp;ssl=1 768w, https:\/\/i0.wp.com\/blog.kunstgriff.net\/wp-content\/uploads\/2017\/10\/klasse-Wetter-klasse-Berge.jpg?resize=1024%2C682&amp;ssl=1 1024w, https:\/\/i0.wp.com\/blog.kunstgriff.net\/wp-content\/uploads\/2017\/10\/klasse-Wetter-klasse-Berge.jpg?resize=450%2C300&amp;ssl=1 450w, https:\/\/i0.wp.com\/blog.kunstgriff.net\/wp-content\/uploads\/2017\/10\/klasse-Wetter-klasse-Berge.jpg?w=1575&amp;ssl=1 1575w\" width=\"274\" height=\"182\" loading=\"lazy\" data-original-width=\"274\" data-original-height=\"182\" itemprop=\"http:\/\/schema.org\/image\" title=\"klasse Wetter - klasse Berge\" alt=\"klasse Wetter - klasse Berge\" style=\"width: 274px; height: 182px;\" \/> <\/a> <div class=\"tiled-gallery-caption\" itemprop=\"caption description\"> klasse Wetter &#8211; klasse Berge <\/div> <\/div> <\/div> <!-- close group --> <\/div> <!-- close row --> <div class=\"gallery-row\" style=\"width: 525px; height: 235px;\" data-original-width=\"525\" data-original-height=\"235\" > <div class=\"gallery-group images-1\" style=\"width: 351px; height: 235px;\" data-original-width=\"351\" data-original-height=\"235\" > <div class=\"tiled-gallery-item tiled-gallery-item-large\" itemprop=\"associatedMedia\" itemscope itemtype=\"http:\/\/schema.org\/ImageObject\"> <a href=\"https:\/\/i0.wp.com\/blog.kunstgriff.net\/wp-content\/uploads\/2017\/10\/top-Radfahrstreifen.jpg?ssl=1\" border=\"0\" itemprop=\"url\"> <meta itemprop=\"width\" content=\"347\"> <meta itemprop=\"height\" content=\"231\"> <img decoding=\"async\" class=\"\" data-attachment-id=\"16870\" data-orig-file=\"https:\/\/blog.kunstgriff.net\/wp-content\/uploads\/2017\/10\/top-Radfahrstreifen.jpg\" data-orig-size=\"2000,1333\" data-comments-opened=\"1\" data-image-meta=\"{&quot;aperture&quot;:&quot;8&quot;,&quot;credit&quot;:&quot;&quot;,&quot;camera&quot;:&quot;TG-4&quot;,&quot;caption&quot;:&quot;OLYMPUS DIGITAL CAMERA&quot;,&quot;created_timestamp&quot;:&quot;1506438984&quot;,&quot;copyright&quot;:&quot;&quot;,&quot;focal_length&quot;:&quot;4.5&quot;,&quot;iso&quot;:&quot;100&quot;,&quot;shutter_speed&quot;:&quot;0.005&quot;,&quot;title&quot;:&quot;OLYMPUS DIGITAL CAMERA&quot;,&quot;orientation&quot;:&quot;1&quot;}\" data-image-title=\"top Radfahrstreifen\" data-image-description=\"\" data-medium-file=\"https:\/\/i0.wp.com\/blog.kunstgriff.net\/wp-content\/uploads\/2017\/10\/top-Radfahrstreifen.jpg?fit=300%2C200&#038;ssl=1\" data-large-file=\"https:\/\/i0.wp.com\/blog.kunstgriff.net\/wp-content\/uploads\/2017\/10\/top-Radfahrstreifen.jpg?fit=1024%2C682&#038;ssl=1\" src=\"https:\/\/i0.wp.com\/blog.kunstgriff.net\/wp-content\/uploads\/2017\/10\/top-Radfahrstreifen.jpg?w=347&#038;h=231&#038;ssl=1\" srcset=\"https:\/\/i0.wp.com\/blog.kunstgriff.net\/wp-content\/uploads\/2017\/10\/top-Radfahrstreifen.jpg?w=2000&amp;ssl=1 2000w, https:\/\/i0.wp.com\/blog.kunstgriff.net\/wp-content\/uploads\/2017\/10\/top-Radfahrstreifen.jpg?resize=300%2C200&amp;ssl=1 300w, https:\/\/i0.wp.com\/blog.kunstgriff.net\/wp-content\/uploads\/2017\/10\/top-Radfahrstreifen.jpg?resize=768%2C512&amp;ssl=1 768w, https:\/\/i0.wp.com\/blog.kunstgriff.net\/wp-content\/uploads\/2017\/10\/top-Radfahrstreifen.jpg?resize=1024%2C682&amp;ssl=1 1024w, https:\/\/i0.wp.com\/blog.kunstgriff.net\/wp-content\/uploads\/2017\/10\/top-Radfahrstreifen.jpg?resize=450%2C300&amp;ssl=1 450w, https:\/\/i0.wp.com\/blog.kunstgriff.net\/wp-content\/uploads\/2017\/10\/top-Radfahrstreifen.jpg?w=1575&amp;ssl=1 1575w\" width=\"347\" height=\"231\" loading=\"lazy\" data-original-width=\"347\" data-original-height=\"231\" itemprop=\"http:\/\/schema.org\/image\" title=\"top Radfahrstreifen\" alt=\"top Radfahrstreifen\" style=\"width: 347px; height: 231px;\" \/> <\/a> <div class=\"tiled-gallery-caption\" itemprop=\"caption description\"> top Radfahrstreifen <\/div> <\/div> <\/div> <!-- close group --> <div class=\"gallery-group images-2\" style=\"width: 174px; height: 235px;\" data-original-width=\"174\" data-original-height=\"235\" > <div class=\"tiled-gallery-item tiled-gallery-item-small\" itemprop=\"associatedMedia\" itemscope itemtype=\"http:\/\/schema.org\/ImageObject\"> <a href=\"https:\/\/i0.wp.com\/blog.kunstgriff.net\/wp-content\/uploads\/2017\/10\/Port-de-la-Bonaigua-2072m-endlich-ein-2000er.jpg?ssl=1\" border=\"0\" itemprop=\"url\"> <meta itemprop=\"width\" content=\"170\"> <meta itemprop=\"height\" content=\"114\"> <img decoding=\"async\" class=\"\" data-attachment-id=\"16868\" data-orig-file=\"https:\/\/blog.kunstgriff.net\/wp-content\/uploads\/2017\/10\/Port-de-la-Bonaigua-2072m-endlich-ein-2000er.jpg\" data-orig-size=\"2000,1333\" data-comments-opened=\"1\" data-image-meta=\"{&quot;aperture&quot;:&quot;8&quot;,&quot;credit&quot;:&quot;&quot;,&quot;camera&quot;:&quot;TG-4&quot;,&quot;caption&quot;:&quot;OLYMPUS DIGITAL CAMERA&quot;,&quot;created_timestamp&quot;:&quot;1506441100&quot;,&quot;copyright&quot;:&quot;&quot;,&quot;focal_length&quot;:&quot;4.5&quot;,&quot;iso&quot;:&quot;100&quot;,&quot;shutter_speed&quot;:&quot;0.005&quot;,&quot;title&quot;:&quot;OLYMPUS DIGITAL CAMERA&quot;,&quot;orientation&quot;:&quot;1&quot;}\" data-image-title=\"Port de la Bonaigua 2072m &amp;#8211; endlich ein 2000er\" data-image-description=\"\" data-medium-file=\"https:\/\/i0.wp.com\/blog.kunstgriff.net\/wp-content\/uploads\/2017\/10\/Port-de-la-Bonaigua-2072m-endlich-ein-2000er.jpg?fit=300%2C200&#038;ssl=1\" data-large-file=\"https:\/\/i0.wp.com\/blog.kunstgriff.net\/wp-content\/uploads\/2017\/10\/Port-de-la-Bonaigua-2072m-endlich-ein-2000er.jpg?fit=1024%2C682&#038;ssl=1\" src=\"https:\/\/i0.wp.com\/blog.kunstgriff.net\/wp-content\/uploads\/2017\/10\/Port-de-la-Bonaigua-2072m-endlich-ein-2000er.jpg?w=170&#038;h=114&#038;ssl=1\" srcset=\"https:\/\/i0.wp.com\/blog.kunstgriff.net\/wp-content\/uploads\/2017\/10\/Port-de-la-Bonaigua-2072m-endlich-ein-2000er.jpg?w=2000&amp;ssl=1 2000w, https:\/\/i0.wp.com\/blog.kunstgriff.net\/wp-content\/uploads\/2017\/10\/Port-de-la-Bonaigua-2072m-endlich-ein-2000er.jpg?resize=300%2C200&amp;ssl=1 300w, https:\/\/i0.wp.com\/blog.kunstgriff.net\/wp-content\/uploads\/2017\/10\/Port-de-la-Bonaigua-2072m-endlich-ein-2000er.jpg?resize=768%2C512&amp;ssl=1 768w, https:\/\/i0.wp.com\/blog.kunstgriff.net\/wp-content\/uploads\/2017\/10\/Port-de-la-Bonaigua-2072m-endlich-ein-2000er.jpg?resize=1024%2C682&amp;ssl=1 1024w, https:\/\/i0.wp.com\/blog.kunstgriff.net\/wp-content\/uploads\/2017\/10\/Port-de-la-Bonaigua-2072m-endlich-ein-2000er.jpg?resize=450%2C300&amp;ssl=1 450w, https:\/\/i0.wp.com\/blog.kunstgriff.net\/wp-content\/uploads\/2017\/10\/Port-de-la-Bonaigua-2072m-endlich-ein-2000er.jpg?w=1575&amp;ssl=1 1575w\" width=\"170\" height=\"114\" loading=\"lazy\" data-original-width=\"170\" data-original-height=\"114\" itemprop=\"http:\/\/schema.org\/image\" title=\"Port de la Bonaigua 2072m - endlich ein 2000er\" alt=\"Port de la Bonaigua 2072m - endlich ein 2000er\" style=\"width: 170px; height: 114px;\" \/> <\/a> <div class=\"tiled-gallery-caption\" itemprop=\"caption description\"> Port de la Bonaigua 2072m &#8211; endlich ein 2000er <\/div> <\/div> <div class=\"tiled-gallery-item tiled-gallery-item-small\" itemprop=\"associatedMedia\" itemscope itemtype=\"http:\/\/schema.org\/ImageObject\"> <a href=\"https:\/\/i0.wp.com\/blog.kunstgriff.net\/wp-content\/uploads\/2017\/10\/oben-aufm-Port-de-la-Bonaigua-2072m.jpg?ssl=1\" border=\"0\" itemprop=\"url\"> <meta itemprop=\"width\" content=\"170\"> <meta itemprop=\"height\" content=\"113\"> <img decoding=\"async\" class=\"\" data-attachment-id=\"16864\" data-orig-file=\"https:\/\/blog.kunstgriff.net\/wp-content\/uploads\/2017\/10\/oben-aufm-Port-de-la-Bonaigua-2072m.jpg\" data-orig-size=\"2000,1333\" data-comments-opened=\"1\" data-image-meta=\"{&quot;aperture&quot;:&quot;8&quot;,&quot;credit&quot;:&quot;&quot;,&quot;camera&quot;:&quot;TG-4&quot;,&quot;caption&quot;:&quot;OLYMPUS DIGITAL CAMERA&quot;,&quot;created_timestamp&quot;:&quot;1506443242&quot;,&quot;copyright&quot;:&quot;&quot;,&quot;focal_length&quot;:&quot;4.5&quot;,&quot;iso&quot;:&quot;100&quot;,&quot;shutter_speed&quot;:&quot;0.005&quot;,&quot;title&quot;:&quot;OLYMPUS DIGITAL CAMERA&quot;,&quot;orientation&quot;:&quot;1&quot;}\" data-image-title=\"oben aufm Port de la Bonaigua 2072m\" data-image-description=\"\" data-medium-file=\"https:\/\/i0.wp.com\/blog.kunstgriff.net\/wp-content\/uploads\/2017\/10\/oben-aufm-Port-de-la-Bonaigua-2072m.jpg?fit=300%2C200&#038;ssl=1\" data-large-file=\"https:\/\/i0.wp.com\/blog.kunstgriff.net\/wp-content\/uploads\/2017\/10\/oben-aufm-Port-de-la-Bonaigua-2072m.jpg?fit=1024%2C682&#038;ssl=1\" src=\"https:\/\/i0.wp.com\/blog.kunstgriff.net\/wp-content\/uploads\/2017\/10\/oben-aufm-Port-de-la-Bonaigua-2072m.jpg?w=170&#038;h=113&#038;ssl=1\" srcset=\"https:\/\/i0.wp.com\/blog.kunstgriff.net\/wp-content\/uploads\/2017\/10\/oben-aufm-Port-de-la-Bonaigua-2072m.jpg?w=2000&amp;ssl=1 2000w, https:\/\/i0.wp.com\/blog.kunstgriff.net\/wp-content\/uploads\/2017\/10\/oben-aufm-Port-de-la-Bonaigua-2072m.jpg?resize=300%2C200&amp;ssl=1 300w, https:\/\/i0.wp.com\/blog.kunstgriff.net\/wp-content\/uploads\/2017\/10\/oben-aufm-Port-de-la-Bonaigua-2072m.jpg?resize=768%2C512&amp;ssl=1 768w, https:\/\/i0.wp.com\/blog.kunstgriff.net\/wp-content\/uploads\/2017\/10\/oben-aufm-Port-de-la-Bonaigua-2072m.jpg?resize=1024%2C682&amp;ssl=1 1024w, https:\/\/i0.wp.com\/blog.kunstgriff.net\/wp-content\/uploads\/2017\/10\/oben-aufm-Port-de-la-Bonaigua-2072m.jpg?resize=450%2C300&amp;ssl=1 450w, https:\/\/i0.wp.com\/blog.kunstgriff.net\/wp-content\/uploads\/2017\/10\/oben-aufm-Port-de-la-Bonaigua-2072m.jpg?w=1575&amp;ssl=1 1575w\" width=\"170\" height=\"113\" loading=\"lazy\" data-original-width=\"170\" data-original-height=\"113\" itemprop=\"http:\/\/schema.org\/image\" title=\"oben aufm Port de la Bonaigua 2072m\" alt=\"oben aufm Port de la Bonaigua 2072m\" style=\"width: 170px; height: 113px;\" \/> <\/a> <div class=\"tiled-gallery-caption\" itemprop=\"caption description\"> oben aufm Port de la Bonaigua 2072m <\/div> <\/div> <\/div> <!-- close group --> <\/div> <!-- close row --> <div class=\"gallery-row\" style=\"width: 525px; height: 97px;\" data-original-width=\"525\" data-original-height=\"97\" > <div class=\"gallery-group images-1\" style=\"width: 143px; height: 97px;\" data-original-width=\"143\" data-original-height=\"97\" > <div class=\"tiled-gallery-item tiled-gallery-item-small\" itemprop=\"associatedMedia\" itemscope itemtype=\"http:\/\/schema.org\/ImageObject\"> <a href=\"https:\/\/i0.wp.com\/blog.kunstgriff.net\/wp-content\/uploads\/2017\/10\/Unser-beschauliches-%C3%96rtchen-f%C3%BCr-den-Ruhetag.jpg?ssl=1\" border=\"0\" itemprop=\"url\"> <meta itemprop=\"width\" content=\"139\"> <meta itemprop=\"height\" content=\"93\"> <img decoding=\"async\" class=\"\" data-attachment-id=\"16871\" data-orig-file=\"https:\/\/blog.kunstgriff.net\/wp-content\/uploads\/2017\/10\/Unser-beschauliches-\u00d6rtchen-f\u00fcr-den-Ruhetag.jpg\" data-orig-size=\"2000,1333\" data-comments-opened=\"1\" data-image-meta=\"{&quot;aperture&quot;:&quot;8&quot;,&quot;credit&quot;:&quot;&quot;,&quot;camera&quot;:&quot;TG-4&quot;,&quot;caption&quot;:&quot;OLYMPUS DIGITAL CAMERA&quot;,&quot;created_timestamp&quot;:&quot;1506444712&quot;,&quot;copyright&quot;:&quot;&quot;,&quot;focal_length&quot;:&quot;4.5&quot;,&quot;iso&quot;:&quot;100&quot;,&quot;shutter_speed&quot;:&quot;0.008&quot;,&quot;title&quot;:&quot;OLYMPUS DIGITAL CAMERA&quot;,&quot;orientation&quot;:&quot;1&quot;}\" data-image-title=\"Unser beschauliches \u00d6rtchen f\u00fcr den Ruhetag\" data-image-description=\"\" data-medium-file=\"https:\/\/i0.wp.com\/blog.kunstgriff.net\/wp-content\/uploads\/2017\/10\/Unser-beschauliches-%C3%96rtchen-f%C3%BCr-den-Ruhetag.jpg?fit=300%2C200&#038;ssl=1\" data-large-file=\"https:\/\/i0.wp.com\/blog.kunstgriff.net\/wp-content\/uploads\/2017\/10\/Unser-beschauliches-%C3%96rtchen-f%C3%BCr-den-Ruhetag.jpg?fit=1024%2C682&#038;ssl=1\" src=\"https:\/\/i0.wp.com\/blog.kunstgriff.net\/wp-content\/uploads\/2017\/10\/Unser-beschauliches-%C3%96rtchen-f%C3%BCr-den-Ruhetag.jpg?w=139&#038;h=93&#038;ssl=1\" width=\"139\" height=\"93\" loading=\"lazy\" data-original-width=\"139\" data-original-height=\"93\" itemprop=\"http:\/\/schema.org\/image\" title=\"Unser beschauliches \u00d6rtchen f\u00fcr den Ruhetag\" alt=\"Unser beschauliches \u00d6rtchen f\u00fcr den Ruhetag\" style=\"width: 139px; height: 93px;\" \/> <\/a> <div class=\"tiled-gallery-caption\" itemprop=\"caption description\"> Unser beschauliches \u00d6rtchen f\u00fcr den Ruhetag <\/div> <\/div> <\/div> <!-- close group --> <div class=\"gallery-group images-1\" style=\"width: 128px; height: 97px;\" data-original-width=\"128\" data-original-height=\"97\" > <div class=\"tiled-gallery-item tiled-gallery-item-small\" itemprop=\"associatedMedia\" itemscope itemtype=\"http:\/\/schema.org\/ImageObject\"> <a href=\"https:\/\/i0.wp.com\/blog.kunstgriff.net\/wp-content\/uploads\/2017\/10\/SuperMarkt-shopping.jpg?ssl=1\" border=\"0\" itemprop=\"url\"> <meta itemprop=\"width\" content=\"124\"> <meta itemprop=\"height\" content=\"93\"> <img decoding=\"async\" class=\"\" data-attachment-id=\"16869\" data-orig-file=\"https:\/\/blog.kunstgriff.net\/wp-content\/uploads\/2017\/10\/SuperMarkt-shopping.jpg\" data-orig-size=\"2000,1500\" data-comments-opened=\"1\" data-image-meta=\"{&quot;aperture&quot;:&quot;1.8&quot;,&quot;credit&quot;:&quot;&quot;,&quot;camera&quot;:&quot;iPhone 7&quot;,&quot;caption&quot;:&quot;&quot;,&quot;created_timestamp&quot;:&quot;1506514491&quot;,&quot;copyright&quot;:&quot;&quot;,&quot;focal_length&quot;:&quot;3.99&quot;,&quot;iso&quot;:&quot;20&quot;,&quot;shutter_speed&quot;:&quot;0.00039698292973402&quot;,&quot;title&quot;:&quot;&quot;,&quot;orientation&quot;:&quot;1&quot;}\" data-image-title=\"SuperMarkt-shopping\" data-image-description=\"\" data-medium-file=\"https:\/\/i0.wp.com\/blog.kunstgriff.net\/wp-content\/uploads\/2017\/10\/SuperMarkt-shopping.jpg?fit=300%2C225&#038;ssl=1\" data-large-file=\"https:\/\/i0.wp.com\/blog.kunstgriff.net\/wp-content\/uploads\/2017\/10\/SuperMarkt-shopping.jpg?fit=1024%2C768&#038;ssl=1\" src=\"https:\/\/i0.wp.com\/blog.kunstgriff.net\/wp-content\/uploads\/2017\/10\/SuperMarkt-shopping.jpg?w=124&#038;h=93&#038;ssl=1\" srcset=\"https:\/\/i0.wp.com\/blog.kunstgriff.net\/wp-content\/uploads\/2017\/10\/SuperMarkt-shopping.jpg?w=2000&amp;ssl=1 2000w, https:\/\/i0.wp.com\/blog.kunstgriff.net\/wp-content\/uploads\/2017\/10\/SuperMarkt-shopping.jpg?resize=300%2C225&amp;ssl=1 300w, https:\/\/i0.wp.com\/blog.kunstgriff.net\/wp-content\/uploads\/2017\/10\/SuperMarkt-shopping.jpg?resize=768%2C576&amp;ssl=1 768w, https:\/\/i0.wp.com\/blog.kunstgriff.net\/wp-content\/uploads\/2017\/10\/SuperMarkt-shopping.jpg?resize=1024%2C768&amp;ssl=1 1024w, https:\/\/i0.wp.com\/blog.kunstgriff.net\/wp-content\/uploads\/2017\/10\/SuperMarkt-shopping.jpg?resize=400%2C300&amp;ssl=1 400w, https:\/\/i0.wp.com\/blog.kunstgriff.net\/wp-content\/uploads\/2017\/10\/SuperMarkt-shopping.jpg?w=1575&amp;ssl=1 1575w\" width=\"124\" height=\"93\" loading=\"lazy\" data-original-width=\"124\" data-original-height=\"93\" itemprop=\"http:\/\/schema.org\/image\" title=\"SuperMarkt-shopping\" alt=\"SuperMarkt-shopping\" style=\"width: 124px; height: 93px;\" \/> <\/a> <div class=\"tiled-gallery-caption\" itemprop=\"caption description\"> SuperMarkt-shopping <\/div> <\/div> <\/div> <!-- close group --> <div class=\"gallery-group images-1\" style=\"width: 127px; height: 97px;\" data-original-width=\"127\" data-original-height=\"97\" > <div class=\"tiled-gallery-item tiled-gallery-item-small\" itemprop=\"associatedMedia\" itemscope itemtype=\"http:\/\/schema.org\/ImageObject\"> <a href=\"https:\/\/i0.wp.com\/blog.kunstgriff.net\/wp-content\/uploads\/2017\/10\/perfekter-Fahrradkeller-mit-Fahrrad-Waschstation.jpg?ssl=1\" border=\"0\" itemprop=\"url\"> <meta itemprop=\"width\" content=\"123\"> <meta itemprop=\"height\" content=\"93\"> <img decoding=\"async\" class=\"\" data-attachment-id=\"16867\" data-orig-file=\"https:\/\/blog.kunstgriff.net\/wp-content\/uploads\/2017\/10\/perfekter-Fahrradkeller-mit-Fahrrad-Waschstation.jpg\" data-orig-size=\"2000,1500\" data-comments-opened=\"1\" data-image-meta=\"{&quot;aperture&quot;:&quot;1.8&quot;,&quot;credit&quot;:&quot;&quot;,&quot;camera&quot;:&quot;iPhone 7&quot;,&quot;caption&quot;:&quot;&quot;,&quot;created_timestamp&quot;:&quot;1506512710&quot;,&quot;copyright&quot;:&quot;&quot;,&quot;focal_length&quot;:&quot;3.99&quot;,&quot;iso&quot;:&quot;80&quot;,&quot;shutter_speed&quot;:&quot;0.16666666666667&quot;,&quot;title&quot;:&quot;&quot;,&quot;orientation&quot;:&quot;1&quot;}\" data-image-title=\"perfekter Fahrradkeller mit Fahrrad Waschstation\" data-image-description=\"\" data-medium-file=\"https:\/\/i0.wp.com\/blog.kunstgriff.net\/wp-content\/uploads\/2017\/10\/perfekter-Fahrradkeller-mit-Fahrrad-Waschstation.jpg?fit=300%2C225&#038;ssl=1\" data-large-file=\"https:\/\/i0.wp.com\/blog.kunstgriff.net\/wp-content\/uploads\/2017\/10\/perfekter-Fahrradkeller-mit-Fahrrad-Waschstation.jpg?fit=1024%2C768&#038;ssl=1\" src=\"https:\/\/i0.wp.com\/blog.kunstgriff.net\/wp-content\/uploads\/2017\/10\/perfekter-Fahrradkeller-mit-Fahrrad-Waschstation.jpg?w=123&#038;h=93&#038;ssl=1\" srcset=\"https:\/\/i0.wp.com\/blog.kunstgriff.net\/wp-content\/uploads\/2017\/10\/perfekter-Fahrradkeller-mit-Fahrrad-Waschstation.jpg?w=2000&amp;ssl=1 2000w, https:\/\/i0.wp.com\/blog.kunstgriff.net\/wp-content\/uploads\/2017\/10\/perfekter-Fahrradkeller-mit-Fahrrad-Waschstation.jpg?resize=300%2C225&amp;ssl=1 300w, https:\/\/i0.wp.com\/blog.kunstgriff.net\/wp-content\/uploads\/2017\/10\/perfekter-Fahrradkeller-mit-Fahrrad-Waschstation.jpg?resize=768%2C576&amp;ssl=1 768w, https:\/\/i0.wp.com\/blog.kunstgriff.net\/wp-content\/uploads\/2017\/10\/perfekter-Fahrradkeller-mit-Fahrrad-Waschstation.jpg?resize=1024%2C768&amp;ssl=1 1024w, https:\/\/i0.wp.com\/blog.kunstgriff.net\/wp-content\/uploads\/2017\/10\/perfekter-Fahrradkeller-mit-Fahrrad-Waschstation.jpg?resize=400%2C300&amp;ssl=1 400w, https:\/\/i0.wp.com\/blog.kunstgriff.net\/wp-content\/uploads\/2017\/10\/perfekter-Fahrradkeller-mit-Fahrrad-Waschstation.jpg?w=1575&amp;ssl=1 1575w\" width=\"123\" height=\"93\" loading=\"lazy\" data-original-width=\"123\" data-original-height=\"93\" itemprop=\"http:\/\/schema.org\/image\" title=\"perfekter Fahrradkeller mit Fahrrad Waschstation\" alt=\"perfekter Fahrradkeller mit Fahrrad Waschstation\" style=\"width: 123px; height: 93px;\" \/> <\/a> <div class=\"tiled-gallery-caption\" itemprop=\"caption description\"> perfekter Fahrradkeller mit Fahrrad Waschstation <\/div> <\/div> <\/div> <!-- close group --> <div class=\"gallery-group images-1\" style=\"width: 127px; height: 97px;\" data-original-width=\"127\" data-original-height=\"97\" > <div class=\"tiled-gallery-item tiled-gallery-item-small\" itemprop=\"associatedMedia\" itemscope itemtype=\"http:\/\/schema.org\/ImageObject\"> <a href=\"https:\/\/i0.wp.com\/blog.kunstgriff.net\/wp-content\/uploads\/2017\/10\/nicht-mein-Abendessen.jpg?ssl=1\" border=\"0\" itemprop=\"url\"> <meta itemprop=\"width\" content=\"123\"> <meta itemprop=\"height\" content=\"93\"> <img decoding=\"async\" class=\"\" data-attachment-id=\"16863\" data-orig-file=\"https:\/\/blog.kunstgriff.net\/wp-content\/uploads\/2017\/10\/nicht-mein-Abendessen.jpg\" data-orig-size=\"2000,1500\" data-comments-opened=\"1\" data-image-meta=\"{&quot;aperture&quot;:&quot;1.8&quot;,&quot;credit&quot;:&quot;&quot;,&quot;camera&quot;:&quot;iPhone 7&quot;,&quot;caption&quot;:&quot;&quot;,&quot;created_timestamp&quot;:&quot;1506514740&quot;,&quot;copyright&quot;:&quot;&quot;,&quot;focal_length&quot;:&quot;3.99&quot;,&quot;iso&quot;:&quot;25&quot;,&quot;shutter_speed&quot;:&quot;0.03030303030303&quot;,&quot;title&quot;:&quot;&quot;,&quot;orientation&quot;:&quot;1&quot;}\" data-image-title=\"nicht mein Abendessen\" data-image-description=\"\" data-medium-file=\"https:\/\/i0.wp.com\/blog.kunstgriff.net\/wp-content\/uploads\/2017\/10\/nicht-mein-Abendessen.jpg?fit=300%2C225&#038;ssl=1\" data-large-file=\"https:\/\/i0.wp.com\/blog.kunstgriff.net\/wp-content\/uploads\/2017\/10\/nicht-mein-Abendessen.jpg?fit=1024%2C768&#038;ssl=1\" src=\"https:\/\/i0.wp.com\/blog.kunstgriff.net\/wp-content\/uploads\/2017\/10\/nicht-mein-Abendessen.jpg?w=123&#038;h=93&#038;ssl=1\" srcset=\"https:\/\/i0.wp.com\/blog.kunstgriff.net\/wp-content\/uploads\/2017\/10\/nicht-mein-Abendessen.jpg?w=2000&amp;ssl=1 2000w, https:\/\/i0.wp.com\/blog.kunstgriff.net\/wp-content\/uploads\/2017\/10\/nicht-mein-Abendessen.jpg?resize=300%2C225&amp;ssl=1 300w, https:\/\/i0.wp.com\/blog.kunstgriff.net\/wp-content\/uploads\/2017\/10\/nicht-mein-Abendessen.jpg?resize=768%2C576&amp;ssl=1 768w, https:\/\/i0.wp.com\/blog.kunstgriff.net\/wp-content\/uploads\/2017\/10\/nicht-mein-Abendessen.jpg?resize=1024%2C768&amp;ssl=1 1024w, https:\/\/i0.wp.com\/blog.kunstgriff.net\/wp-content\/uploads\/2017\/10\/nicht-mein-Abendessen.jpg?resize=400%2C300&amp;ssl=1 400w, https:\/\/i0.wp.com\/blog.kunstgriff.net\/wp-content\/uploads\/2017\/10\/nicht-mein-Abendessen.jpg?w=1575&amp;ssl=1 1575w\" width=\"123\" height=\"93\" loading=\"lazy\" data-original-width=\"123\" data-original-height=\"93\" itemprop=\"http:\/\/schema.org\/image\" title=\"nicht mein Abendessen\" alt=\"nicht mein Abendessen\" style=\"width: 123px; height: 93px;\" \/> <\/a> <div class=\"tiled-gallery-caption\" itemprop=\"caption description\"> nicht mein Abendessen <\/div> <\/div> <\/div> <!-- close group --> <\/div> <!-- close row --> <\/div>\n<p><iframe loading=\"lazy\" src=\"https:\/\/www.strava.com\/activities\/1212255056\/embed\/bbbccba67ad1a07cd8e3c936c29eb4ada8c44cd3\" width=\"590\" height=\"405\" frameborder=\"0\" scrolling=\"no\"><\/iframe><\/p>\n<div style=\"width: 525px;\" class=\"wp-video\"><video class=\"wp-video-shortcode\" id=\"video-16706-1\" width=\"525\" height=\"295\" preload=\"metadata\" controls=\"controls\"><source type=\"video\/mp4\" src=\"https:\/\/blog.kunstgriff.net\/wp-content\/uploads\/2017\/10\/Relive-ERT-2017-Pyren\u00e4en-9.-Etappe.mp4?_=1\" \/><a href=\"https:\/\/blog.kunstgriff.net\/wp-content\/uploads\/2017\/10\/Relive-ERT-2017-Pyren\u00e4en-9.-Etappe.mp4\">https:\/\/blog.kunstgriff.net\/wp-content\/uploads\/2017\/10\/Relive-ERT-2017-Pyren\u00e4en-9.-Etappe.mp4<\/a><\/video><\/div>\n","protected":false},"excerpt":{"rendered":"<p>Loudenvielle \u2013 Esterri d&#8217;\u00c0neu Heute war ich echt froh unser Apartment verlassen zu k\u00f6nnen: zu klein, zu muffig und zu viele Menschen auf zu wenig Raum. Da tr\u00f6stete es zwar ein wenig, dass ich von wirklich sehr feinen Menschen umgeben war, aber die Freiheit in der Natur wurde heute sehnlichst erwartet. Als ich dann nach &hellip; <\/p>\n<p class=\"link-more\"><a href=\"https:\/\/blog.kunstgriff.net\/?p=16706\" class=\"more-link\"><span class=\"screen-reader-text\">\u201eERT 2017: Pyren\u00e4en 9. Etappe\u201c <\/span>weiterlesen<\/a><\/p>\n","protected":false},"author":2,"featured_media":16865,"comment_status":"open","ping_status":"open","sticky":false,"template":"","format":"standard","meta":{"jetpack_post_was_ever_published":false,"_jetpack_newsletter_access":"","_jetpack_dont_email_post_to_subs":false,"_jetpack_newsletter_tier_id":0,"_jetpack_memberships_contains_paywalled_content":false,"_jetpack_memberships_contains_paid_content":false,"footnotes":""},"categories":[14,13,7,36],"tags":[],"class_list":["post-16706","post","type-post","status-publish","format-standard","has-post-thumbnail","hentry","category-radfahren","category-radreise","category-rennradfahren","category-veranstaltungen"],"jetpack_featured_media_url":"https:\/\/i0.wp.com\/blog.kunstgriff.net\/wp-content\/uploads\/2017\/10\/oben-im-n%C3%A4chsten-Tal-dann-die-Sonne.jpg?fit=2000%2C1333&ssl=1","jetpack_shortlink":"https:\/\/wp.me\/p8Cxe7-4ls","jetpack-related-posts":[{"id":5284,"url":"https:\/\/blog.kunstgriff.net\/?p=5284","url_meta":{"origin":16706,"position":0},"title":"Kurze Nordrunde \u00fcber Kremmen","author":"Georg","date":"Juli 18, 2011","format":false,"excerpt":"oder \u00bbPBZ pulverisiert\u00abZum Feierabend war ich unentschlossen, ob ich heute fahren sollte. Zum Einen f\u00fchlten sich die Beine nach der Laufeinheit gestern doch noch ein wenig m\u00fcde an, zum Anderen waren einige Regenfelder laut Regenradar im Anmarsch. Davon war aber nichts zu sehen und irgendwie\u00a0waren w\u00e4ren mir ein paar Tropfen\u2026","rel":"","context":"In &quot;Radfahren&quot;","block_context":{"text":"Radfahren","link":"https:\/\/blog.kunstgriff.net\/?cat=14"},"img":{"alt_text":"","src":"https:\/\/i0.wp.com\/blog.kunstgriff.net\/wp-content\/uploads\/2011\/07\/gewonnen1.png?resize=350%2C200","width":350,"height":200},"classes":[]},{"id":13493,"url":"https:\/\/blog.kunstgriff.net\/?p=13493","url_meta":{"origin":16706,"position":1},"title":"Ruhlsdorf-S\u00fcd-Runde","author":"Georg","date":"Mai 22, 2016","format":false,"excerpt":"oder \u00bbFahren heute eher langsam als schnell und eher k\u00fcrzer als l\u00e4nger\u00abKeine Ahnung, was mich das gestern Nacht geritten hat, bei Olegs-Sonntags-Tiri-Ausfahrts-Runde zuzusagen. Vielleicht die Antwort von Oleg, wie die Runde denn werden wird. (Antwort siehe Zwischen\u00fcberschrift). Die Aussage machte mich zuversichtlich, hoffnungsvoll und fr\u00f6hlich. Vorerst. Als ich dann bei\u2026","rel":"","context":"In &quot;Radfahren&quot;","block_context":{"text":"Radfahren","link":"https:\/\/blog.kunstgriff.net\/?cat=14"},"img":{"alt_text":"Endlich Kuchen bei R\u00f6hrig","src":"https:\/\/i0.wp.com\/blog.kunstgriff.net\/wp-content\/uploads\/2016\/05\/Endlich-Kuchen-bei-R%C3%B6hrig.jpg?fit=1200%2C900&ssl=1&resize=350%2C200","width":350,"height":200,"srcset":"https:\/\/i0.wp.com\/blog.kunstgriff.net\/wp-content\/uploads\/2016\/05\/Endlich-Kuchen-bei-R%C3%B6hrig.jpg?fit=1200%2C900&ssl=1&resize=350%2C200 1x, https:\/\/i0.wp.com\/blog.kunstgriff.net\/wp-content\/uploads\/2016\/05\/Endlich-Kuchen-bei-R%C3%B6hrig.jpg?fit=1200%2C900&ssl=1&resize=525%2C300 1.5x, https:\/\/i0.wp.com\/blog.kunstgriff.net\/wp-content\/uploads\/2016\/05\/Endlich-Kuchen-bei-R%C3%B6hrig.jpg?fit=1200%2C900&ssl=1&resize=700%2C400 2x, https:\/\/i0.wp.com\/blog.kunstgriff.net\/wp-content\/uploads\/2016\/05\/Endlich-Kuchen-bei-R%C3%B6hrig.jpg?fit=1200%2C900&ssl=1&resize=1050%2C600 3x"},"classes":[]},{"id":7870,"url":"https:\/\/blog.kunstgriff.net\/?p=7870","url_meta":{"origin":16706,"position":2},"title":"Oranienburg- > Usedom 2012","author":"Georg","date":"Mai 12, 2012","format":false,"excerpt":"oder \u00bb11 gegen den Wind\u00abEine Woche nicht auf dem Rad zu sitzen, ist sicher nicht die richtige Vorbereitung f\u00fcr das Vorhaben Usedom Fr\u00fchjahr 2012, und so machte ich mich mit einem mulmigen Gef\u00fchl um 5 Uhr auf den Weg nach Oranienburg. Fast alle Kettenbr\u00fcder waren im RegionalExpress zum Start, als\u2026","rel":"","context":"In &quot;200er&quot;","block_context":{"text":"200er","link":"https:\/\/blog.kunstgriff.net\/?cat=48"},"img":{"alt_text":"","src":"https:\/\/i0.wp.com\/blog.kunstgriff.net\/wp-content\/uploads\/2012\/05\/Kurz-vor-der-Abfahrt-in-Oranienburg-300x225.jpg?resize=350%2C200","width":350,"height":200},"classes":[]},{"id":12204,"url":"https:\/\/blog.kunstgriff.net\/?p=12204","url_meta":{"origin":16706,"position":3},"title":"Korsika 2014 &#8211; Tag 3","author":"Georg","date":"Oktober 12, 2014","format":false,"excerpt":"oder \u00bbLa route de la Castagniccia\u00ab Sonntag, genau der Richtige Zeitpunkt ein wenig k\u00fcrzer zu treten und eine lockere Runde einzulegen. So war zumindest der Plan. Wenig mehr als 100 km und ein bisschen\u00a0Berge. Mir wurde die Strecke als verkehrsarm und abwechslungsreich empfohlen \u2013 ich war gespannt. Es ging recht\u2026","rel":"","context":"In &quot;Radfahren&quot;","block_context":{"text":"Radfahren","link":"https:\/\/blog.kunstgriff.net\/?cat=14"},"img":{"alt_text":"","src":"https:\/\/i0.wp.com\/blog.kunstgriff.net\/wp-content\/uploads\/2014\/10\/La-route-de-la-Castagniccia.jpg?fit=1200%2C900&ssl=1&resize=350%2C200","width":350,"height":200,"srcset":"https:\/\/i0.wp.com\/blog.kunstgriff.net\/wp-content\/uploads\/2014\/10\/La-route-de-la-Castagniccia.jpg?fit=1200%2C900&ssl=1&resize=350%2C200 1x, https:\/\/i0.wp.com\/blog.kunstgriff.net\/wp-content\/uploads\/2014\/10\/La-route-de-la-Castagniccia.jpg?fit=1200%2C900&ssl=1&resize=525%2C300 1.5x, https:\/\/i0.wp.com\/blog.kunstgriff.net\/wp-content\/uploads\/2014\/10\/La-route-de-la-Castagniccia.jpg?fit=1200%2C900&ssl=1&resize=700%2C400 2x, https:\/\/i0.wp.com\/blog.kunstgriff.net\/wp-content\/uploads\/2014\/10\/La-route-de-la-Castagniccia.jpg?fit=1200%2C900&ssl=1&resize=1050%2C600 3x"},"classes":[]},{"id":22918,"url":"https:\/\/blog.kunstgriff.net\/?p=22918","url_meta":{"origin":16706,"position":4},"title":"WfF Slowenien Tour 2022 &#8211; Tag 5: Bovec nach Kranji","author":"Georg","date":"Mai 13, 2022","format":false,"excerpt":"Zweimal noch den Berg hoch Aufgrund des vorhergesagten Regens wollten wir eine halbe Stunde fr\u00fcher los. Gerne. Die Sachen waren schnell gepackt, denn fast eine Woche aus dem Rucksack zu leben, schafft eine gewisse Morgen-Routine, die ich mag. Dann aufs Rad. Ein Gef\u00fchl von Freiheit stellte sich schnell ein. Der\u2026","rel":"","context":"In &quot;Radfahren&quot;","block_context":{"text":"Radfahren","link":"https:\/\/blog.kunstgriff.net\/?cat=14"},"img":{"alt_text":"Auf den Spuren des Giro d'Italia","src":"https:\/\/i0.wp.com\/blog.kunstgriff.net\/wp-content\/uploads\/2022\/05\/Auf-den-Spuren-des-Giro-dItalia.jpg?fit=1200%2C800&ssl=1&resize=350%2C200","width":350,"height":200,"srcset":"https:\/\/i0.wp.com\/blog.kunstgriff.net\/wp-content\/uploads\/2022\/05\/Auf-den-Spuren-des-Giro-dItalia.jpg?fit=1200%2C800&ssl=1&resize=350%2C200 1x, https:\/\/i0.wp.com\/blog.kunstgriff.net\/wp-content\/uploads\/2022\/05\/Auf-den-Spuren-des-Giro-dItalia.jpg?fit=1200%2C800&ssl=1&resize=525%2C300 1.5x, https:\/\/i0.wp.com\/blog.kunstgriff.net\/wp-content\/uploads\/2022\/05\/Auf-den-Spuren-des-Giro-dItalia.jpg?fit=1200%2C800&ssl=1&resize=700%2C400 2x, https:\/\/i0.wp.com\/blog.kunstgriff.net\/wp-content\/uploads\/2022\/05\/Auf-den-Spuren-des-Giro-dItalia.jpg?fit=1200%2C800&ssl=1&resize=1050%2C600 3x"},"classes":[]},{"id":8495,"url":"https:\/\/blog.kunstgriff.net\/?p=8495","url_meta":{"origin":16706,"position":5},"title":"Bernds-Blankensee-Feierabendrunde v3","author":"Georg","date":"Juli 10, 2012","format":false,"excerpt":"oder \u00bbOhne Kraft bolzen \u2013 kann das gut gehen?\u00ab Als ich das letzte mal diese sch\u00f6ne Feierabendrunde gefahren bin waren wir nur zu dritt \u2013 heute waren es 11 Rennradler und 1 Liegeradler, die sich auf Bernds Runde machen wollten. Wie gewohnt ging es gleich flott die Krone herunter. Oliver\u2026","rel":"","context":"In &quot;Radfahren&quot;","block_context":{"text":"Radfahren","link":"https:\/\/blog.kunstgriff.net\/?cat=14"},"img":{"alt_text":"","src":"https:\/\/i0.wp.com\/blog.kunstgriff.net\/wp-content\/uploads\/2012\/07\/Zu-zw%C3%B6lft-bei-der-kurzen-Halbzeitpause-in-St%C3%BCcken-300x225.jpg?resize=350%2C200","width":350,"height":200},"classes":[]}],"jetpack_likes_enabled":true,"jetpack_sharing_enabled":true,"_links":{"self":[{"href":"https:\/\/blog.kunstgriff.net\/index.php?rest_route=\/wp\/v2\/posts\/16706","targetHints":{"allow":["GET"]}}],"collection":[{"href":"https:\/\/blog.kunstgriff.net\/index.php?rest_route=\/wp\/v2\/posts"}],"about":[{"href":"https:\/\/blog.kunstgriff.net\/index.php?rest_route=\/wp\/v2\/types\/post"}],"author":[{"embeddable":true,"href":"https:\/\/blog.kunstgriff.net\/index.php?rest_route=\/wp\/v2\/users\/2"}],"replies":[{"embeddable":true,"href":"https:\/\/blog.kunstgriff.net\/index.php?rest_route=%2Fwp%2Fv2%2Fcomments&post=16706"}],"version-history":[{"count":0,"href":"https:\/\/blog.kunstgriff.net\/index.php?rest_route=\/wp\/v2\/posts\/16706\/revisions"}],"wp:featuredmedia":[{"embeddable":true,"href":"https:\/\/blog.kunstgriff.net\/index.php?rest_route=\/wp\/v2\/media\/16865"}],"wp:attachment":[{"href":"https:\/\/blog.kunstgriff.net\/index.php?rest_route=%2Fwp%2Fv2%2Fmedia&parent=16706"}],"wp:term":[{"taxonomy":"category","embeddable":true,"href":"https:\/\/blog.kunstgriff.net\/index.php?rest_route=%2Fwp%2Fv2%2Fcategories&post=16706"},{"taxonomy":"post_tag","embeddable":true,"href":"https:\/\/blog.kunstgriff.net\/index.php?rest_route=%2Fwp%2Fv2%2Ftags&post=16706"}],"curies":[{"name":"wp","href":"https:\/\/api.w.org\/{rel}","templated":true}]}}