{"id":1675,"date":"2010-06-19T17:30:05","date_gmt":"2010-06-19T15:30:05","guid":{"rendered":"http:\/\/blog.kunstgriff.net\/?p=1675"},"modified":"2017-06-13T16:09:02","modified_gmt":"2017-06-13T14:09:02","slug":"beetzseerunde-mit-den-havellandriders","status":"publish","type":"post","link":"https:\/\/blog.kunstgriff.net\/?p=1675","title":{"rendered":"Beetzseerunde mit den Havellandriders"},"content":{"rendered":"<span class=\"span-reading-time rt-reading-time\" style=\"display: block;\"><span class=\"rt-label rt-prefix\">Lesezeit: <\/span> <span class=\"rt-time\"> &lt; 1<\/span> <span class=\"rt-label rt-postfix\">Minute<\/span><\/span><p>Heute war eine Beetzsee-Runde mit den <a href=\"http:\/\/www.havellandriders.de\/\" target=\"_blank\" rel=\"noopener\">Havellandridern<\/a> geplant. Wie immer am Treffpunkt Rathaus Falkensee. Kurz vor der Stadtgrenze fuhr Alexander auf und wir fuhren gemeinsam die letzten Kilometer zum Treffpunkt. Dort warteten schon einige mir unbekannte Radler. Um kurz nach halb erschienen dann auch der Gro\u00dfteil der <em>Regulars<\/em> und die <em>Chefin<\/em>. Kurze Begr\u00fc\u00dfung und dann Abfahrt, denn es begann zu nieseln. Da wo wir hin wollten &#8211; der Westen &#8211; sah der Himmel aber nicht mehr so grimmig aus und deshalb ging es auch geordnet in 2er-Reihen los. Keine Hatz, aber auch nicht all zu langsam rollten wir Richtung Nauen. Viele alte Bekannte und neue Gesichter, sehr angenehmes Feld.<\/p>\n<p>Der Niesel lie\u00df nach und so war klar das wir alle die Runde fahren w\u00fcrden.<\/p>\n<p>Nach der H\u00e4lfte wurde in einem sch\u00f6nen Gasthaus in Radewege, direkt am See eingekehrt. Sch\u00f6n windstill war es, aber wenn die Sonnen nicht hinter den Wolken hervor schauen wollte, wurde es richtig frisch. Gut das das Gasthaus Decken f\u00fcr uns Frierdende hatten. Nach St\u00e4rkung mit Kuchen und hei\u00dfer Schokolade ging es weiter, Richtung Heimat, oft mit Hilfe von ordentlich R\u00fcckenwind und ab und zu auch Sonnenschein.<\/p>\n<p><em>Fazit<\/em>: Eine sch\u00f6ne Runde mit den <a href=\"http:\/\/www.havellandriders.de\/\" target=\"_blank\" rel=\"noopener\">Havellandriders<\/a>. Gerne wieder!<\/p>\n<p><iframe height='405' width='590' frameborder='0' allowtransparency='true' scrolling='no' src='https:\/\/www.strava.com\/activities\/698647505\/embed\/8d5fda8c82e31955bef17e5fcaa44b5d13235d36'><\/iframe><\/p>\n","protected":false},"excerpt":{"rendered":"<p>Heute war eine Beetzsee-Runde mit den Havellandridern geplant. Wie immer am Treffpunkt Rathaus Falkensee. Kurz vor der Stadtgrenze fuhr Alexander auf und wir fuhren gemeinsam die letzten Kilometer zum Treffpunkt. Dort warteten schon einige mir unbekannte Radler. Um kurz nach halb erschienen dann auch der Gro\u00dfteil der Regulars und die Chefin. Kurze Begr\u00fc\u00dfung und dann &hellip; <\/p>\n<p class=\"link-more\"><a href=\"https:\/\/blog.kunstgriff.net\/?p=1675\" class=\"more-link\"><span class=\"screen-reader-text\">\u201eBeetzseerunde mit den Havellandriders\u201c <\/span>weiterlesen<\/a><\/p>\n","protected":false},"author":2,"featured_media":0,"comment_status":"open","ping_status":"open","sticky":false,"template":"","format":"standard","meta":{"jetpack_post_was_ever_published":false,"_jetpack_newsletter_access":"","_jetpack_dont_email_post_to_subs":false,"_jetpack_newsletter_tier_id":0,"_jetpack_memberships_contains_paywalled_content":false,"_jetpack_memberships_contains_paid_content":false,"footnotes":""},"categories":[14,7],"tags":[],"class_list":["post-1675","post","type-post","status-publish","format-standard","hentry","category-radfahren","category-rennradfahren"],"jetpack_featured_media_url":"","jetpack_shortlink":"https:\/\/wp.me\/p8Cxe7-r1","jetpack-related-posts":[{"id":20151,"url":"https:\/\/blog.kunstgriff.net\/?p=20151","url_meta":{"origin":1675,"position":0},"title":"P\u00e4wesin-Runde #09","author":"Georg","date":"Oktober 6, 2019","format":false,"excerpt":"Cakeride mit vielen Mitfahrer:innen Diese standard Runde hatte ich neben Strava auch noch in der Rennrad-Liste annonciert. Ich rechnete mit maximal acht Mitfahrer:innen. Als ich jedoch um kurz vor 10 Uhr am Treffpunkt an der Heerstrassenbr\u00fccke eintraf, staunte ich nicht schlecht: Insgesamt 18 Mitfahrer:innen hatten sich zu meiner Ausfahrt eingefunden.\u2026","rel":"","context":"In &quot;Cake-Ride&quot;","block_context":{"text":"Cake-Ride","link":"https:\/\/blog.kunstgriff.net\/?cat=34"},"img":{"alt_text":"Heimfahrt","src":"https:\/\/i0.wp.com\/blog.kunstgriff.net\/wp-content\/uploads\/2019\/10\/Heimfahrt.jpg?fit=1200%2C800&ssl=1&resize=350%2C200","width":350,"height":200,"srcset":"https:\/\/i0.wp.com\/blog.kunstgriff.net\/wp-content\/uploads\/2019\/10\/Heimfahrt.jpg?fit=1200%2C800&ssl=1&resize=350%2C200 1x, https:\/\/i0.wp.com\/blog.kunstgriff.net\/wp-content\/uploads\/2019\/10\/Heimfahrt.jpg?fit=1200%2C800&ssl=1&resize=525%2C300 1.5x, https:\/\/i0.wp.com\/blog.kunstgriff.net\/wp-content\/uploads\/2019\/10\/Heimfahrt.jpg?fit=1200%2C800&ssl=1&resize=700%2C400 2x, https:\/\/i0.wp.com\/blog.kunstgriff.net\/wp-content\/uploads\/2019\/10\/Heimfahrt.jpg?fit=1200%2C800&ssl=1&resize=1050%2C600 3x"},"classes":[]},{"id":10173,"url":"https:\/\/blog.kunstgriff.net\/?p=10173","url_meta":{"origin":1675,"position":1},"title":"Beetzsee-Runde","author":"Georg","date":"April 28, 2013","format":false,"excerpt":"oder \u00bbIn grosser Gruppe durchs Havelland\u00abHeute traf ich um 10:30 Uhr Alexander an der Metro um, wie schon letzten Sonntag, gemeinsam nach Falkensee zu fahren. Der Treffpunkt dort hat sich nicht nur wegen der guten Gesellschaft bew\u00e4hrt, auch wird dort sauber gefahren und es besteht wenig Gefahr zu st\u00fcrzen. Wir\u2026","rel":"","context":"In &quot;Radfahren&quot;","block_context":{"text":"Radfahren","link":"https:\/\/blog.kunstgriff.net\/?cat=14"},"img":{"alt_text":"","src":"https:\/\/i0.wp.com\/blog.kunstgriff.net\/wp-content\/uploads\/2013\/04\/Treffpunkt-Rathaus-Falkensee.jpg?fit=1000%2C750&ssl=1&resize=350%2C200","width":350,"height":200,"srcset":"https:\/\/i0.wp.com\/blog.kunstgriff.net\/wp-content\/uploads\/2013\/04\/Treffpunkt-Rathaus-Falkensee.jpg?fit=1000%2C750&ssl=1&resize=350%2C200 1x, https:\/\/i0.wp.com\/blog.kunstgriff.net\/wp-content\/uploads\/2013\/04\/Treffpunkt-Rathaus-Falkensee.jpg?fit=1000%2C750&ssl=1&resize=525%2C300 1.5x, https:\/\/i0.wp.com\/blog.kunstgriff.net\/wp-content\/uploads\/2013\/04\/Treffpunkt-Rathaus-Falkensee.jpg?fit=1000%2C750&ssl=1&resize=700%2C400 2x"},"classes":[]},{"id":20173,"url":"https:\/\/blog.kunstgriff.net\/?p=20173","url_meta":{"origin":1675,"position":2},"title":"Blankensee-Runde #2","author":"Georg","date":"Oktober 13, 2019","format":false,"excerpt":"Zu sechst zu R\u00f6hrig in kurz-kurz Das warme Herbstwetter mit Temperaturen jenseits der 20\u00b0C lud heute erneut zu einer Rennrad-Runde ein. Als wir am Treffpunkt eintrafen war eigentlich eitel Sonnenschein, aber irgendwie war ein Teil der Mannschaft grummelig und so wurde erstmal bis weit hinter Wannsee rumgest\u00e4nkert. Wurscht, denn Frust\u2026","rel":"","context":"In &quot;Laufen&quot;","block_context":{"text":"Laufen","link":"https:\/\/blog.kunstgriff.net\/?cat=10"},"img":{"alt_text":"vor G\u00fcterfelde","src":"https:\/\/i0.wp.com\/blog.kunstgriff.net\/wp-content\/uploads\/2019\/10\/vor-G%C3%BCterfelde.jpg?fit=1200%2C800&ssl=1&resize=350%2C200","width":350,"height":200,"srcset":"https:\/\/i0.wp.com\/blog.kunstgriff.net\/wp-content\/uploads\/2019\/10\/vor-G%C3%BCterfelde.jpg?fit=1200%2C800&ssl=1&resize=350%2C200 1x, https:\/\/i0.wp.com\/blog.kunstgriff.net\/wp-content\/uploads\/2019\/10\/vor-G%C3%BCterfelde.jpg?fit=1200%2C800&ssl=1&resize=525%2C300 1.5x, https:\/\/i0.wp.com\/blog.kunstgriff.net\/wp-content\/uploads\/2019\/10\/vor-G%C3%BCterfelde.jpg?fit=1200%2C800&ssl=1&resize=700%2C400 2x, https:\/\/i0.wp.com\/blog.kunstgriff.net\/wp-content\/uploads\/2019\/10\/vor-G%C3%BCterfelde.jpg?fit=1200%2C800&ssl=1&resize=1050%2C600 3x"},"classes":[]},{"id":19418,"url":"https:\/\/blog.kunstgriff.net\/?p=19418","url_meta":{"origin":1675,"position":3},"title":"P\u00e4wesin-Runde #03","author":"Georg","date":"Mai 26, 2019","format":false,"excerpt":"Mit Stefan und Manne nach P\u00e4wesin Da gestern schon Draussen-Fahren ausgefallen war, wollte ich heute unbedingt den Renner bewegen. Die Nacht war zwar kurz, aber Mannes Aufruf zu einer gem\u00fctlichen Runde nach Fehrbellin klang zu verlockend. Stefan H. hat ja auch immer Lust auf Kuchen im westlichen Havelland und so\u2026","rel":"","context":"In &quot;Cake-Ride&quot;","block_context":{"text":"Cake-Ride","link":"https:\/\/blog.kunstgriff.net\/?cat=34"},"img":{"alt_text":"Grinsen, dank R\u00fcckenwindes","src":"https:\/\/i0.wp.com\/blog.kunstgriff.net\/wp-content\/uploads\/2019\/05\/Grinsen-dank-R%C3%BCckenwindes.jpg?fit=1200%2C800&ssl=1&resize=350%2C200","width":350,"height":200,"srcset":"https:\/\/i0.wp.com\/blog.kunstgriff.net\/wp-content\/uploads\/2019\/05\/Grinsen-dank-R%C3%BCckenwindes.jpg?fit=1200%2C800&ssl=1&resize=350%2C200 1x, https:\/\/i0.wp.com\/blog.kunstgriff.net\/wp-content\/uploads\/2019\/05\/Grinsen-dank-R%C3%BCckenwindes.jpg?fit=1200%2C800&ssl=1&resize=525%2C300 1.5x, https:\/\/i0.wp.com\/blog.kunstgriff.net\/wp-content\/uploads\/2019\/05\/Grinsen-dank-R%C3%BCckenwindes.jpg?fit=1200%2C800&ssl=1&resize=700%2C400 2x, https:\/\/i0.wp.com\/blog.kunstgriff.net\/wp-content\/uploads\/2019\/05\/Grinsen-dank-R%C3%BCckenwindes.jpg?fit=1200%2C800&ssl=1&resize=1050%2C600 3x"},"classes":[]},{"id":5620,"url":"https:\/\/blog.kunstgriff.net\/?p=5620","url_meta":{"origin":1675,"position":4},"title":"Werbellinsee-Runde reloaded","author":"Georg","date":"August 21, 2011","format":false,"excerpt":"oder \u00bbWieder so eine sch\u00f6ne Runde wie in 2010?\u00abVor fast genau einem Jahr sind wir diese Runde klasse Runde um den See im hohen Osten schon gefahren. Mitte der Woche annoncierte Mike dann wieder diese Runde und mir war klar, das ich wieder dabei sein werde. Es gab drei Treffpunkte:\u2026","rel":"","context":"In &quot;200er&quot;","block_context":{"text":"200er","link":"https:\/\/blog.kunstgriff.net\/?cat=48"},"img":{"alt_text":"","src":"https:\/\/i0.wp.com\/blog.kunstgriff.net\/wp-content\/uploads\/2011\/08\/Schwitzen-am-Werbellinsee.jpg?resize=350%2C200","width":350,"height":200,"srcset":"https:\/\/i0.wp.com\/blog.kunstgriff.net\/wp-content\/uploads\/2011\/08\/Schwitzen-am-Werbellinsee.jpg?resize=350%2C200 1x, https:\/\/i0.wp.com\/blog.kunstgriff.net\/wp-content\/uploads\/2011\/08\/Schwitzen-am-Werbellinsee.jpg?resize=525%2C300 1.5x"},"classes":[]},{"id":9074,"url":"https:\/\/blog.kunstgriff.net\/?p=9074","url_meta":{"origin":1675,"position":5},"title":"Bernds-Blankensee-Feierabendrunde","author":"Georg","date":"September 4, 2012","format":false,"excerpt":"oder \u00bbImmer wieder Dienstags\u00abNeugierig, ob \u00fcberhaupt Mitfahrer zum Tunnel-Treffpunkt kommen w\u00fcrden, machte ich mich um kurz nach 17 Uhr auf den Weg dort hin. Die Runde war n\u00e4mlich nicht im Netz annonciert worden, und so war nicht klar ob sie \u00fcberhaupt statt finden w\u00fcrde. Als Fabian, Oleg und Stefan R.\u2026","rel":"","context":"In &quot;Radfahren&quot;","block_context":{"text":"Radfahren","link":"https:\/\/blog.kunstgriff.net\/?cat=14"},"img":{"alt_text":"","src":"https:\/\/i0.wp.com\/blog.kunstgriff.net\/wp-content\/uploads\/2012\/09\/Abzweig-hinter-Nudow.jpg?fit=1000%2C750&ssl=1&resize=350%2C200","width":350,"height":200,"srcset":"https:\/\/i0.wp.com\/blog.kunstgriff.net\/wp-content\/uploads\/2012\/09\/Abzweig-hinter-Nudow.jpg?fit=1000%2C750&ssl=1&resize=350%2C200 1x, https:\/\/i0.wp.com\/blog.kunstgriff.net\/wp-content\/uploads\/2012\/09\/Abzweig-hinter-Nudow.jpg?fit=1000%2C750&ssl=1&resize=525%2C300 1.5x, https:\/\/i0.wp.com\/blog.kunstgriff.net\/wp-content\/uploads\/2012\/09\/Abzweig-hinter-Nudow.jpg?fit=1000%2C750&ssl=1&resize=700%2C400 2x"},"classes":[]}],"jetpack_likes_enabled":true,"jetpack_sharing_enabled":true,"_links":{"self":[{"href":"https:\/\/blog.kunstgriff.net\/index.php?rest_route=\/wp\/v2\/posts\/1675","targetHints":{"allow":["GET"]}}],"collection":[{"href":"https:\/\/blog.kunstgriff.net\/index.php?rest_route=\/wp\/v2\/posts"}],"about":[{"href":"https:\/\/blog.kunstgriff.net\/index.php?rest_route=\/wp\/v2\/types\/post"}],"author":[{"embeddable":true,"href":"https:\/\/blog.kunstgriff.net\/index.php?rest_route=\/wp\/v2\/users\/2"}],"replies":[{"embeddable":true,"href":"https:\/\/blog.kunstgriff.net\/index.php?rest_route=%2Fwp%2Fv2%2Fcomments&post=1675"}],"version-history":[{"count":0,"href":"https:\/\/blog.kunstgriff.net\/index.php?rest_route=\/wp\/v2\/posts\/1675\/revisions"}],"wp:attachment":[{"href":"https:\/\/blog.kunstgriff.net\/index.php?rest_route=%2Fwp%2Fv2%2Fmedia&parent=1675"}],"wp:term":[{"taxonomy":"category","embeddable":true,"href":"https:\/\/blog.kunstgriff.net\/index.php?rest_route=%2Fwp%2Fv2%2Fcategories&post=1675"},{"taxonomy":"post_tag","embeddable":true,"href":"https:\/\/blog.kunstgriff.net\/index.php?rest_route=%2Fwp%2Fv2%2Ftags&post=1675"}],"curies":[{"name":"wp","href":"https:\/\/api.w.org\/{rel}","templated":true}]}}