{"id":1683,"date":"2010-06-20T19:59:08","date_gmt":"2010-06-20T17:59:08","guid":{"rendered":"http:\/\/blog.kunstgriff.net\/?p=1683"},"modified":"2017-06-13T16:07:50","modified_gmt":"2017-06-13T14:07:50","slug":"rg-hamburg-tour-2010-marathon-%c2%bbnordcup%c2%ab","status":"publish","type":"post","link":"https:\/\/blog.kunstgriff.net\/?p=1683","title":{"rendered":"RG Hamburg Tour 2010 &#8211; Marathon \u00bbNordCup\u00ab"},"content":{"rendered":"<span class=\"span-reading-time rt-reading-time\" style=\"display: block;\"><span class=\"rt-label rt-prefix\">Lesezeit: <\/span> <span class=\"rt-time\"> 2<\/span> <span class=\"rt-label rt-postfix\">Minuten<\/span><\/span><p>P\u00fcnktlich um 3 Uhr (!) klingelte am Sonntag Morgen der Wecker, denn heute stand vom <a href=\"http:\/\/www.rg-hamburg.de\/index.php?option=com_content&amp;view=category&amp;layout=blog&amp;id=93&amp;Itemid=89\" target=\"_blank\" rel=\"noopener\">RG Hamburg der Marathon \u00bbNordCup\u00ab<\/a> auf dem Programm. Ralph sollte mich um 3:55 Uhr mit seinem Saab Kombi abholen und ich wollte noch Kaffee trinken und meinen <em>Super-Size-Bowl-M\u00fcsli<\/em> mit <a href=\"http:\/\/de.wikipedia.org\/wiki\/Ovomaltine\" target=\"_blank\" rel=\"noopener\">Ovomaltine<\/a> und Eiweiss-Pulver essen. 55 Minuten sollten daf\u00fcr ausreichen denn der Rest war schon gepackt und so stand Ralph p\u00fcnktlich vor meiner Haust\u00fcr.<\/p>\n<p>Wir erreichten z\u00fcgig, dank sehr geringen Verkehrs &#8211; wen wundert&#8217;s um diese Uhrzeit -, die A24, die uns nach Hamburg f\u00fchren sollte. Der Himmel im Westen sah gar nicht sch\u00f6n aus: Graue Wolken wohin wir blickten, der Sonnenaufgang w\u00e4re hinter der dichten Wolkendecke fast unbemerkt geblieben. Wir fragten uns zum ersten aber nicht zum letzten Mal, was uns da wohl wieder geritten hatte, diese Wetter f\u00fcr <em>unseren<\/em> Sport in kauf zu nehmen. Man k\u00f6nnte doch so sch\u00f6ne andere Dinge an einem Sonntag morgen tun \u2026 aber ich schweife ab.<\/p>\n<p>Dank Ralphs Bleifuss erreichten wir mehr als eine Stunde zu fr\u00fch die Gesamtschule am Ahrensburger Weg, von wo es um 7:30 Uhr auf die 220 km lange Runde gehen sollte. Nach und nach kamen mehr Unerschrockene aus allen Himmelsrichtungen die bei diesen Temperaturen die lange Runde wagen wollten und so ging es p\u00fcnktlich los.<\/p>\n<p>Vom Start weg wurde recht ordentlich gefahren und nicht scharf attackiert. Das kam mir sehr gelegen, denn die b\u00f6sen Erinnerungen <a href=\"http:\/\/blog.kunstgriff.net\/?p=1620 \" target=\"_blank\" rel=\"noopener\">vom letzten Wochenende<\/a> steckten mir noch in den Knochen und ich wollte heute auf keinen Fall im Graben landen. Die vielen kleinen H\u00fcgel wurden ordentlich geb\u00fcgelt und so erreichten wir die erste Konbtrolle nach rund 40 km mit einem 34,8er Schnitt. Leider fuhren wieder viele schnell weiter, sodass diese nette gro\u00dfe Gruppe aufgegeben werden musste und Ralph und ich sich alleine mit dem teils heftigen Gegenwind auseinander setzten mussten.<\/p>\n<p>Bei Kilometer 65 wurden wir beiden dann aber von einer in grauer Tarn-Rad-Uniform gekleideten Gruppe \u00fcberholt: <a href=\"http:\/\/www.fcstpauli-radsport.de\/\" target=\"_blank\" rel=\"noopener\">Der FC St. Pauli Radsport <\/a> wollte an uns vorbei &#8211; <em>gerne doch<\/em> &#8211; diese Hinterr\u00e4der kamen wie gerufen. Wir rollten erst mal einige Kilometer hinten mit und nachdem wir uns erholt hatten, zeigten wir, das wir auch in der Hauptstadt wissen, wie in der Gruppe gefahren wird und wie man F\u00fchrungsarbeit leistet. Ich war sehr zufrieden und freute mich \u00fcber die kommenden gemeinsamen 150 km.<\/p>\n<p>Die Kontrollen wurden passiert, es gab leckeren Kuchen, Fr\u00fcchtejoghurt, Rosinenbrot und meine eigenen Riegel konnten verstaut bleiben. Leider war es aber nun mit der trockenen Stra\u00dfe vorbei und es begann immer wieder leicht zu nieseln. Gegen einen warmen Sommerregen h\u00e4tten wir alle sicher nichts einzuwenden gehabt, aber bei 12\u00b0C ist das nicht wirklich angenehm, besonders <em>un<\/em>angenehm wird es dann, wenn aus dem Niesel- auf einmal Starkregen wird. Zu dem Zeitpunkt lagen aber <em>nur noch<\/em> 50 km bis zum Ziel vor uns, und so lie\u00df sich das irgendwie ertragen. Nach der vorletzten Kontrolle schaltete ich meinen Garmin auf Countdown sodass ich sehen konnte wie viel Kilometer es bis zum Ziel sind. Das half ungemein die 216,63 km abzuspulen.<\/p>\n<p>Im Ziel gab es noch eine Bratwurst und ein weiteres St\u00fcck Kuchen zum Nachtisch bevor wir uns auf den Heimweg in die Hauptstadt machten.<\/p>\n<p><em>Fazit: <\/em>Ein sehr gut organisierter Marathon, man merkt das die RG Hamburg solche Veranstaltungen \u00f6fter ausrichtet, die Streckenf\u00fchrung und die vielen H\u00fcgel (\u00fcber 1.000 hm!) &nbsp;waren auch sehr kurzweilig. Dank der vier Fahrer vom <a href=\"http:\/\/www.fcstpauli-radsport.de\/\" target=\"_blank\" rel=\"noopener\">FC St. Pauli Radsport<\/a> auch eine tolle Gruppenfahrt, die ma\u00dfgeblich an dem guten Schnitt beteiligt war.<\/p>\n<p>Bei 30\u00b0C und Sonnenschein sicher eine perfekte Veranstaltung.<\/p>\n<p><iframe height='405' width='590' frameborder='0' allowtransparency='true' scrolling='no' src='https:\/\/www.strava.com\/activities\/698647522\/embed\/32f4067c5920a8f48647f688cedb240c153894dd'><\/iframe><\/p>\n","protected":false},"excerpt":{"rendered":"<p>P\u00fcnktlich um 3 Uhr (!) klingelte am Sonntag Morgen der Wecker, denn heute stand vom RG Hamburg der Marathon \u00bbNordCup\u00ab auf dem Programm. Ralph sollte mich um 3:55 Uhr mit seinem Saab Kombi abholen und ich wollte noch Kaffee trinken und meinen Super-Size-Bowl-M\u00fcsli mit Ovomaltine und Eiweiss-Pulver essen. 55 Minuten sollten daf\u00fcr ausreichen denn der &hellip; <\/p>\n<p class=\"link-more\"><a href=\"https:\/\/blog.kunstgriff.net\/?p=1683\" class=\"more-link\"><span class=\"screen-reader-text\">\u201eRG Hamburg Tour 2010 &#8211; Marathon \u00bbNordCup\u00ab\u201c <\/span>weiterlesen<\/a><\/p>\n","protected":false},"author":2,"featured_media":0,"comment_status":"open","ping_status":"open","sticky":false,"template":"","format":"standard","meta":{"jetpack_post_was_ever_published":false,"_jetpack_newsletter_access":"","_jetpack_dont_email_post_to_subs":false,"_jetpack_newsletter_tier_id":0,"_jetpack_memberships_contains_paywalled_content":false,"_jetpack_memberships_contains_paid_content":false,"footnotes":""},"categories":[14,13,7,36],"tags":[],"class_list":["post-1683","post","type-post","status-publish","format-standard","hentry","category-radfahren","category-radreise","category-rennradfahren","category-veranstaltungen"],"jetpack_featured_media_url":"","jetpack_shortlink":"https:\/\/wp.me\/p8Cxe7-r9","jetpack-related-posts":[{"id":1365,"url":"https:\/\/blog.kunstgriff.net\/?p=1365","url_meta":{"origin":1683,"position":0},"title":"Rh\u00f6n-RTF","author":"Georg","date":"Mai 22, 2010","format":false,"excerpt":"155,6 km | 2.295 H\u00f6henmeter Am Samstag morgen um 3:40 Uhr holte mich Ralph W. mit seinem Saab-Kombi ab, um gemeinsam nach Hessen zum Rh\u00f6n-Rad-Marathon zu fahren. Wir hatten uns viel f\u00fcr dieses Pfingstwochenende vorgenommen: In genau 4:20 Stunden wollten wir im rund 400 km entfernten Bimbach am Start zur\u2026","rel":"","context":"In &quot;Radfahren&quot;","block_context":{"text":"Radfahren","link":"https:\/\/blog.kunstgriff.net\/?cat=14"},"img":{"alt_text":"","src":"https:\/\/i0.wp.com\/blog.kunstgriff.net\/wp-content\/uploads\/2010\/05\/100_3002.jpg?fit=510%2C340&ssl=1&resize=350%2C200","width":350,"height":200},"classes":[]},{"id":2067,"url":"https:\/\/blog.kunstgriff.net\/?p=2067","url_meta":{"origin":1683,"position":1},"title":"Arber Radmarathon 2010","author":"Georg","date":"Juli 26, 2010","format":false,"excerpt":"oder \"Der Versuch die Zeit vom letzten Jahr zu verbessern\"Am Samstag morgen war es mal wieder soweit: Ein gro\u00dfe Zahl ambitionierter Radlerinnen und Radler versammelten sich auf dem Parkplatz von Zweirad Stadler, um die lange Busfahrt nach Regensburg zum \u00a026. Arber Radmarathon 2010 anzutreten. Die R\u00e4der waren dank gutem Werkzeug\u2026","rel":"","context":"In &quot;200er&quot;","block_context":{"text":"200er","link":"https:\/\/blog.kunstgriff.net\/?cat=48"},"img":{"alt_text":"","src":"https:\/\/i0.wp.com\/blog.kunstgriff.net\/wp-content\/uploads\/2010\/07\/IMG_3603.jpg?fit=800%2C600&ssl=1&resize=350%2C200","width":350,"height":200,"srcset":"https:\/\/i0.wp.com\/blog.kunstgriff.net\/wp-content\/uploads\/2010\/07\/IMG_3603.jpg?fit=800%2C600&ssl=1&resize=350%2C200 1x, https:\/\/i0.wp.com\/blog.kunstgriff.net\/wp-content\/uploads\/2010\/07\/IMG_3603.jpg?fit=800%2C600&ssl=1&resize=525%2C300 1.5x, https:\/\/i0.wp.com\/blog.kunstgriff.net\/wp-content\/uploads\/2010\/07\/IMG_3603.jpg?fit=800%2C600&ssl=1&resize=700%2C400 2x"},"classes":[]},{"id":4180,"url":"https:\/\/blog.kunstgriff.net\/?p=4180","url_meta":{"origin":1683,"position":2},"title":"Mallorca Trainingscamp &#8211; Tag 8 &#8211; Inselumrundung","author":"Georg","date":"April 12, 2011","format":false,"excerpt":"oder \u00bb6 Mann - 1 Plan\u00ab Schon im Trainingscamp 2010 wurde der Wunsch ge\u00e4u\u00dfert, mal die Insel zu umrunden, aber verworfen. In diesem Jahr wollten wir ernst machen und dieses Vorhaben in die Tat umsetzen. Ohne ausgiebige Planung war das nicht m\u00f6glich. Viele Parameter waren im Vorfeld zu besprechen und\u2026","rel":"","context":"In &quot;200er&quot;","block_context":{"text":"200er","link":"https:\/\/blog.kunstgriff.net\/?cat=48"},"img":{"alt_text":"","src":"https:\/\/i0.wp.com\/blog.kunstgriff.net\/wp-content\/uploads\/2011\/04\/IMG_1876.jpg?resize=350%2C200","width":350,"height":200,"srcset":"https:\/\/i0.wp.com\/blog.kunstgriff.net\/wp-content\/uploads\/2011\/04\/IMG_1876.jpg?resize=350%2C200 1x, https:\/\/i0.wp.com\/blog.kunstgriff.net\/wp-content\/uploads\/2011\/04\/IMG_1876.jpg?resize=525%2C300 1.5x, https:\/\/i0.wp.com\/blog.kunstgriff.net\/wp-content\/uploads\/2011\/04\/IMG_1876.jpg?resize=700%2C400 2x"},"classes":[]},{"id":6233,"url":"https:\/\/blog.kunstgriff.net\/?p=6233","url_meta":{"origin":1683,"position":3},"title":"Hamburg->Berlin 2011","author":"Georg","date":"Oktober 15, 2011","format":false,"excerpt":"oder \u00bbFab-Five auf neuen Wegen\u00ab Der Wecker klingelte p\u00fcnktlich um 5:20 Uhr, nach einer sehr unruhigen Nacht. Immer wieder wurden wir durch Ger\u00e4usche von drau\u00dfen durch das offene Fenster geweckt. Sicher war es auch die Aufregung Vorfreude, welche uns wenige Tiefschlafphasen bescherte. Egal, denn wir wollten ja p\u00fcnktlich auf der\u2026","rel":"","context":"In &quot;Besonderes Ereignis&quot;","block_context":{"text":"Besonderes Ereignis","link":"https:\/\/blog.kunstgriff.net\/?cat=25"},"img":{"alt_text":"","src":"https:\/\/i0.wp.com\/blog.kunstgriff.net\/wp-content\/uploads\/2011\/10\/Weiter-auf-dem-Deich-nach-Wittenberge.jpg?fit=900%2C675&ssl=1&resize=350%2C200","width":350,"height":200,"srcset":"https:\/\/i0.wp.com\/blog.kunstgriff.net\/wp-content\/uploads\/2011\/10\/Weiter-auf-dem-Deich-nach-Wittenberge.jpg?fit=900%2C675&ssl=1&resize=350%2C200 1x, https:\/\/i0.wp.com\/blog.kunstgriff.net\/wp-content\/uploads\/2011\/10\/Weiter-auf-dem-Deich-nach-Wittenberge.jpg?fit=900%2C675&ssl=1&resize=525%2C300 1.5x, https:\/\/i0.wp.com\/blog.kunstgriff.net\/wp-content\/uploads\/2011\/10\/Weiter-auf-dem-Deich-nach-Wittenberge.jpg?fit=900%2C675&ssl=1&resize=700%2C400 2x"},"classes":[]},{"id":9289,"url":"https:\/\/blog.kunstgriff.net\/?p=9289","url_meta":{"origin":1683,"position":4},"title":"Teamzeitfahren Hamburg->Berlin 2012","author":"Georg","date":"Oktober 14, 2012","format":false,"excerpt":"oder \u00bbBei Traumwetter zur\u00fcck in die Hauptstadt\u00abDer zweite Samstag im Oktober war auch, wie in den vier Jahren zuvor, f\u00fcr das Teamzeitfahren Hamburg -> Berlin reserviert. Obwohl sich bei meiner Organisation eine gewisse Routine eingestellt hat, gab es diesmal viel Durcheinander beim Team-Building. Der Eine hatte einen schweren Radunfall, der\u2026","rel":"","context":"In &quot;200er&quot;","block_context":{"text":"200er","link":"https:\/\/blog.kunstgriff.net\/?cat=48"},"img":{"alt_text":"","src":"https:\/\/i0.wp.com\/blog.kunstgriff.net\/wp-content\/uploads\/2012\/10\/Ralph-setzt-die-Pace.jpg?fit=1000%2C750&ssl=1&resize=350%2C200","width":350,"height":200,"srcset":"https:\/\/i0.wp.com\/blog.kunstgriff.net\/wp-content\/uploads\/2012\/10\/Ralph-setzt-die-Pace.jpg?fit=1000%2C750&ssl=1&resize=350%2C200 1x, https:\/\/i0.wp.com\/blog.kunstgriff.net\/wp-content\/uploads\/2012\/10\/Ralph-setzt-die-Pace.jpg?fit=1000%2C750&ssl=1&resize=525%2C300 1.5x, https:\/\/i0.wp.com\/blog.kunstgriff.net\/wp-content\/uploads\/2012\/10\/Ralph-setzt-die-Pace.jpg?fit=1000%2C750&ssl=1&resize=700%2C400 2x"},"classes":[]},{"id":2590,"url":"https:\/\/blog.kunstgriff.net\/?p=2590","url_meta":{"origin":1683,"position":5},"title":"Hamburg->Berlin 2010","author":"Georg","date":"Oktober 16, 2010","format":false,"excerpt":"oder \"Neun Mann gegen den Wind\"Wie in den drei Jahren zuvor w\u00e4hlten wir f\u00fcr die Anreise nach Hamburg wieder die Deutsche Bahn, die unsere R\u00e4der und uns mit Ihren komfortablen IC\u2019s sicher und unp\u00fcnktlich nach Hamburg bringen sollte. Im Zug, den ich erst in Berlin-Spandau bestieg, sa\u00dfen schon meine Teamkameraden\u2026","rel":"","context":"In &quot;Besonderes Ereignis&quot;","block_context":{"text":"Besonderes Ereignis","link":"https:\/\/blog.kunstgriff.net\/?cat=25"},"img":{"alt_text":"","src":"https:\/\/i0.wp.com\/blog.kunstgriff.net\/wp-content\/uploads\/2010\/10\/IMG_4039.jpg?fit=600%2C395&ssl=1&resize=350%2C200","width":350,"height":200,"srcset":"https:\/\/i0.wp.com\/blog.kunstgriff.net\/wp-content\/uploads\/2010\/10\/IMG_4039.jpg?fit=600%2C395&ssl=1&resize=350%2C200 1x, https:\/\/i0.wp.com\/blog.kunstgriff.net\/wp-content\/uploads\/2010\/10\/IMG_4039.jpg?fit=600%2C395&ssl=1&resize=525%2C300 1.5x"},"classes":[]}],"jetpack_likes_enabled":true,"jetpack_sharing_enabled":true,"_links":{"self":[{"href":"https:\/\/blog.kunstgriff.net\/index.php?rest_route=\/wp\/v2\/posts\/1683","targetHints":{"allow":["GET"]}}],"collection":[{"href":"https:\/\/blog.kunstgriff.net\/index.php?rest_route=\/wp\/v2\/posts"}],"about":[{"href":"https:\/\/blog.kunstgriff.net\/index.php?rest_route=\/wp\/v2\/types\/post"}],"author":[{"embeddable":true,"href":"https:\/\/blog.kunstgriff.net\/index.php?rest_route=\/wp\/v2\/users\/2"}],"replies":[{"embeddable":true,"href":"https:\/\/blog.kunstgriff.net\/index.php?rest_route=%2Fwp%2Fv2%2Fcomments&post=1683"}],"version-history":[{"count":0,"href":"https:\/\/blog.kunstgriff.net\/index.php?rest_route=\/wp\/v2\/posts\/1683\/revisions"}],"wp:attachment":[{"href":"https:\/\/blog.kunstgriff.net\/index.php?rest_route=%2Fwp%2Fv2%2Fmedia&parent=1683"}],"wp:term":[{"taxonomy":"category","embeddable":true,"href":"https:\/\/blog.kunstgriff.net\/index.php?rest_route=%2Fwp%2Fv2%2Fcategories&post=1683"},{"taxonomy":"post_tag","embeddable":true,"href":"https:\/\/blog.kunstgriff.net\/index.php?rest_route=%2Fwp%2Fv2%2Ftags&post=1683"}],"curies":[{"name":"wp","href":"https:\/\/api.w.org\/{rel}","templated":true}]}}