{"id":17018,"date":"2017-10-21T18:22:30","date_gmt":"2017-10-21T16:22:30","guid":{"rendered":"https:\/\/blog.kunstgriff.net\/?p=17018"},"modified":"2017-10-21T19:00:22","modified_gmt":"2017-10-21T17:00:22","slug":"paewesin-runde-rererererererereloaded-2","status":"publish","type":"post","link":"https:\/\/blog.kunstgriff.net\/?p=17018","title":{"rendered":"P\u00e4wesin-Runde rererererererereloaded"},"content":{"rendered":"<span class=\"span-reading-time rt-reading-time\" style=\"display: block;\"><span class=\"rt-label rt-prefix\">Lesezeit: <\/span> <span class=\"rt-time\"> &lt; 1<\/span> <span class=\"rt-label rt-postfix\">Minute<\/span><\/span><h4>Sporteln mit den Jungs<\/h4>\n<hr \/>\n<p>Obwohl heute Alternativ-Touren im Angebot waren, die zu anderen Kuchen-Destinationen f\u00fchrten, entschieden sich Marc und ich, wieder auf alt-bew\u00e4hrtes zu setzen. Auch Thilo war dem Vorhaben nicht abgeneigt und so hatten wir eine kleine, aber feine Gruppe beisammen, die im westlichen Havelland einen Cake-Ride vollziehen wollte.<\/p>\n<p>Vor der K\u00fcr kommt die Pflicht \u2013 die sah heute so aus, dass wir uns durch den einkaufsfreudigen Spandauer-Ortskern mit all seinen gro\u00dfen und kleinen <del>Blechkisten<\/del> PKW man\u00f6vrieren mussten. Hupkonzert gab es zum Gl\u00fcck wenig, obwohl ich immer wieder erleben muss, wie sonderbar sich doch die hier beheimateten Kraftfahrzeug-Lenker verhalten, nur um <del datetime=\"2017-10-21T16:18:47+00:00\">30<\/del> 7 Sekunden vor mir an der roten Ampel zu stehen.<\/p>\n<p>Gatow und Sacrow wurden irgendwann erreicht und es wurde ruhiger \u2013 vom Verkehr her, nicht von der sportlichen Belastung, denn Marc wollte unbedingt den jungen, Stahlrahmen fahrenden Hipster absch\u00fctteln und zog m\u00e4chtig an der Kette. Absch\u00fctteln gelang nicht, daf\u00fcr gab es eine sch\u00f6ne Hochpuls-Passage am Hinterrad von Marc.<\/p>\n<p>Vor Ketzin erwischte uns dann der Pannen-Teufel: Erst in meinem Hinterrad ein Schleicher, dann bei Marc entfleuchende Milch aus dem Vorderrad. Nach professioneller Reparatur ging es mit Kartuschen-CO2 in den Reifen und M\u00e4nteln weiter nach Westen.<\/p>\n<p>Spitzen wurden immer wieder gesetzt, bis dann die Kuchen-Theke in P\u00e4wesin erreicht war. Der Kuchen wurde heute drinnen verdr\u00fcckt und hinter Wachow erwischte mich dann wieder der gef\u00fcrchtete <a href=\"https:\/\/blog.kunstgriff.net\/?page_id=15669\" target=\"_blank\" rel=\"noopener\">Fresspuls<\/a>. Marc und Thilo brachten mich \u00fcber die qu\u00e4lenden Kilometer, in denen nicht viel ging und hinter dem B5-Center war dann die Welt wieder in Ordnung.<\/p>\n<p>Sch\u00f6ne, flotte Tour zu dritt. Danke f\u00fcr&#8217;s Mitnehmen! Mal sehen was morgen so geht!?<\/p>\n<div class=\"tiled-gallery type-rectangular tiled-gallery-unresized\" data-original-width=\"525\" data-carousel-extra='{&quot;blog_id&quot;:1,&quot;permalink&quot;:&quot;https:\\\/\\\/blog.kunstgriff.net\\\/?p=17018&quot;,&quot;likes_blog_id&quot;:127394879}' itemscope itemtype=\"http:\/\/schema.org\/ImageGallery\" > <div class=\"gallery-row\" style=\"width: 525px; height: 427px;\" data-original-width=\"525\" data-original-height=\"427\" > <div class=\"gallery-group images-3\" style=\"width: 203px; height: 427px;\" data-original-width=\"203\" data-original-height=\"427\" > <div class=\"tiled-gallery-item tiled-gallery-item-small\" itemprop=\"associatedMedia\" itemscope itemtype=\"http:\/\/schema.org\/ImageObject\"> <a href=\"https:\/\/i0.wp.com\/blog.kunstgriff.net\/wp-content\/uploads\/2017\/10\/ganz-sch%C3%B6n-duster.jpg?ssl=1\" border=\"0\" itemprop=\"url\"> <meta itemprop=\"width\" content=\"199\"> <meta itemprop=\"height\" content=\"133\"> <img decoding=\"async\" class=\"\" data-attachment-id=\"17010\" data-orig-file=\"https:\/\/blog.kunstgriff.net\/wp-content\/uploads\/2017\/10\/ganz-sch\u00f6n-duster.jpg\" data-orig-size=\"2000,1333\" data-comments-opened=\"1\" data-image-meta=\"{&quot;aperture&quot;:&quot;2.8&quot;,&quot;credit&quot;:&quot;&quot;,&quot;camera&quot;:&quot;TG-4&quot;,&quot;caption&quot;:&quot;OLYMPUS DIGITAL CAMERA&quot;,&quot;created_timestamp&quot;:&quot;1508586818&quot;,&quot;copyright&quot;:&quot;&quot;,&quot;focal_length&quot;:&quot;4.5&quot;,&quot;iso&quot;:&quot;100&quot;,&quot;shutter_speed&quot;:&quot;0.001&quot;,&quot;title&quot;:&quot;OLYMPUS DIGITAL CAMERA&quot;,&quot;orientation&quot;:&quot;1&quot;}\" data-image-title=\"ganz sch\u00f6n duster\" data-image-description=\"\" data-medium-file=\"https:\/\/i0.wp.com\/blog.kunstgriff.net\/wp-content\/uploads\/2017\/10\/ganz-sch%C3%B6n-duster.jpg?fit=300%2C200&#038;ssl=1\" data-large-file=\"https:\/\/i0.wp.com\/blog.kunstgriff.net\/wp-content\/uploads\/2017\/10\/ganz-sch%C3%B6n-duster.jpg?fit=1024%2C682&#038;ssl=1\" src=\"https:\/\/i0.wp.com\/blog.kunstgriff.net\/wp-content\/uploads\/2017\/10\/ganz-sch%C3%B6n-duster.jpg?w=199&#038;h=133&#038;ssl=1\" width=\"199\" height=\"133\" loading=\"lazy\" data-original-width=\"199\" data-original-height=\"133\" itemprop=\"http:\/\/schema.org\/image\" title=\"ganz sch\u00f6n duster\" alt=\"ganz sch\u00f6n duster\" style=\"width: 199px; height: 133px;\" \/> <\/a> <div class=\"tiled-gallery-caption\" itemprop=\"caption description\"> ganz sch\u00f6n duster <\/div> <\/div> <div class=\"tiled-gallery-item tiled-gallery-item-small\" itemprop=\"associatedMedia\" itemscope itemtype=\"http:\/\/schema.org\/ImageObject\"> <a href=\"https:\/\/i0.wp.com\/blog.kunstgriff.net\/wp-content\/uploads\/2017\/10\/Reifenreparatur-not-amused.jpg?ssl=1\" border=\"0\" itemprop=\"url\"> <meta itemprop=\"width\" content=\"199\"> <meta itemprop=\"height\" content=\"149\"> <img decoding=\"async\" class=\"\" data-attachment-id=\"17016\" data-orig-file=\"https:\/\/blog.kunstgriff.net\/wp-content\/uploads\/2017\/10\/Reifenreparatur-not-amused.jpg\" data-orig-size=\"2000,1500\" data-comments-opened=\"1\" data-image-meta=\"{&quot;aperture&quot;:&quot;2.2&quot;,&quot;credit&quot;:&quot;&quot;,&quot;camera&quot;:&quot;iPhone 6s&quot;,&quot;caption&quot;:&quot;&quot;,&quot;created_timestamp&quot;:&quot;1508588559&quot;,&quot;copyright&quot;:&quot;&quot;,&quot;focal_length&quot;:&quot;2.65&quot;,&quot;iso&quot;:&quot;32&quot;,&quot;shutter_speed&quot;:&quot;0.0071942446043165&quot;,&quot;title&quot;:&quot;&quot;,&quot;orientation&quot;:&quot;1&quot;}\" data-image-title=\"Reifenreparatur &amp;#8211; not amused\" data-image-description=\"\" data-medium-file=\"https:\/\/i0.wp.com\/blog.kunstgriff.net\/wp-content\/uploads\/2017\/10\/Reifenreparatur-not-amused.jpg?fit=300%2C225&#038;ssl=1\" data-large-file=\"https:\/\/i0.wp.com\/blog.kunstgriff.net\/wp-content\/uploads\/2017\/10\/Reifenreparatur-not-amused.jpg?fit=1024%2C768&#038;ssl=1\" src=\"https:\/\/i0.wp.com\/blog.kunstgriff.net\/wp-content\/uploads\/2017\/10\/Reifenreparatur-not-amused.jpg?w=199&#038;h=149&#038;ssl=1\" srcset=\"https:\/\/i0.wp.com\/blog.kunstgriff.net\/wp-content\/uploads\/2017\/10\/Reifenreparatur-not-amused.jpg?w=2000&amp;ssl=1 2000w, https:\/\/i0.wp.com\/blog.kunstgriff.net\/wp-content\/uploads\/2017\/10\/Reifenreparatur-not-amused.jpg?resize=300%2C225&amp;ssl=1 300w, https:\/\/i0.wp.com\/blog.kunstgriff.net\/wp-content\/uploads\/2017\/10\/Reifenreparatur-not-amused.jpg?resize=768%2C576&amp;ssl=1 768w, https:\/\/i0.wp.com\/blog.kunstgriff.net\/wp-content\/uploads\/2017\/10\/Reifenreparatur-not-amused.jpg?resize=1024%2C768&amp;ssl=1 1024w, https:\/\/i0.wp.com\/blog.kunstgriff.net\/wp-content\/uploads\/2017\/10\/Reifenreparatur-not-amused.jpg?resize=400%2C300&amp;ssl=1 400w, https:\/\/i0.wp.com\/blog.kunstgriff.net\/wp-content\/uploads\/2017\/10\/Reifenreparatur-not-amused.jpg?w=1575&amp;ssl=1 1575w\" width=\"199\" height=\"149\" loading=\"lazy\" data-original-width=\"199\" data-original-height=\"149\" itemprop=\"http:\/\/schema.org\/image\" title=\"Reifenreparatur - not amused\" alt=\"Reifenreparatur - not amused\" style=\"width: 199px; height: 149px;\" \/> <\/a> <div class=\"tiled-gallery-caption\" itemprop=\"caption description\"> Reifenreparatur &#8211; not amused <\/div> <\/div> <div class=\"tiled-gallery-item tiled-gallery-item-small\" itemprop=\"associatedMedia\" itemscope itemtype=\"http:\/\/schema.org\/ImageObject\"> <a href=\"https:\/\/i0.wp.com\/blog.kunstgriff.net\/wp-content\/uploads\/2017\/10\/Mark-mit-Milch-auf-dem-Asphalt-und-Loch-im-Mantel.jpg?ssl=1\" border=\"0\" itemprop=\"url\"> <meta itemprop=\"width\" content=\"199\"> <meta itemprop=\"height\" content=\"133\"> <img decoding=\"async\" class=\"\" data-attachment-id=\"17013\" data-orig-file=\"https:\/\/blog.kunstgriff.net\/wp-content\/uploads\/2017\/10\/Mark-mit-Milch-auf-dem-Asphalt-und-Loch-im-Mantel.jpg\" data-orig-size=\"2000,1333\" data-comments-opened=\"1\" data-image-meta=\"{&quot;aperture&quot;:&quot;2.8&quot;,&quot;credit&quot;:&quot;&quot;,&quot;camera&quot;:&quot;TG-4&quot;,&quot;caption&quot;:&quot;OLYMPUS DIGITAL CAMERA&quot;,&quot;created_timestamp&quot;:&quot;1508589520&quot;,&quot;copyright&quot;:&quot;&quot;,&quot;focal_length&quot;:&quot;4.5&quot;,&quot;iso&quot;:&quot;100&quot;,&quot;shutter_speed&quot;:&quot;0.005&quot;,&quot;title&quot;:&quot;OLYMPUS DIGITAL CAMERA&quot;,&quot;orientation&quot;:&quot;1&quot;}\" data-image-title=\"Mark mit Milch auf dem Asphalt und Loch im Mantel\" data-image-description=\"\" data-medium-file=\"https:\/\/i0.wp.com\/blog.kunstgriff.net\/wp-content\/uploads\/2017\/10\/Mark-mit-Milch-auf-dem-Asphalt-und-Loch-im-Mantel.jpg?fit=300%2C200&#038;ssl=1\" data-large-file=\"https:\/\/i0.wp.com\/blog.kunstgriff.net\/wp-content\/uploads\/2017\/10\/Mark-mit-Milch-auf-dem-Asphalt-und-Loch-im-Mantel.jpg?fit=1024%2C682&#038;ssl=1\" src=\"https:\/\/i0.wp.com\/blog.kunstgriff.net\/wp-content\/uploads\/2017\/10\/Mark-mit-Milch-auf-dem-Asphalt-und-Loch-im-Mantel.jpg?w=199&#038;h=133&#038;ssl=1\" srcset=\"https:\/\/i0.wp.com\/blog.kunstgriff.net\/wp-content\/uploads\/2017\/10\/Mark-mit-Milch-auf-dem-Asphalt-und-Loch-im-Mantel.jpg?w=2000&amp;ssl=1 2000w, https:\/\/i0.wp.com\/blog.kunstgriff.net\/wp-content\/uploads\/2017\/10\/Mark-mit-Milch-auf-dem-Asphalt-und-Loch-im-Mantel.jpg?resize=300%2C200&amp;ssl=1 300w, https:\/\/i0.wp.com\/blog.kunstgriff.net\/wp-content\/uploads\/2017\/10\/Mark-mit-Milch-auf-dem-Asphalt-und-Loch-im-Mantel.jpg?resize=768%2C512&amp;ssl=1 768w, https:\/\/i0.wp.com\/blog.kunstgriff.net\/wp-content\/uploads\/2017\/10\/Mark-mit-Milch-auf-dem-Asphalt-und-Loch-im-Mantel.jpg?resize=1024%2C682&amp;ssl=1 1024w, https:\/\/i0.wp.com\/blog.kunstgriff.net\/wp-content\/uploads\/2017\/10\/Mark-mit-Milch-auf-dem-Asphalt-und-Loch-im-Mantel.jpg?resize=450%2C300&amp;ssl=1 450w, https:\/\/i0.wp.com\/blog.kunstgriff.net\/wp-content\/uploads\/2017\/10\/Mark-mit-Milch-auf-dem-Asphalt-und-Loch-im-Mantel.jpg?w=1575&amp;ssl=1 1575w\" width=\"199\" height=\"133\" loading=\"lazy\" data-original-width=\"199\" data-original-height=\"133\" itemprop=\"http:\/\/schema.org\/image\" title=\"Mark mit Milch auf dem Asphalt und Loch im Mantel\" alt=\"Mark mit Milch auf dem Asphalt und Loch im Mantel\" style=\"width: 199px; height: 133px;\" \/> <\/a> <div class=\"tiled-gallery-caption\" itemprop=\"caption description\"> Mark mit Milch auf dem Asphalt und Loch im Mantel <\/div> <\/div> <\/div> <!-- close group --> <div class=\"gallery-group images-1\" style=\"width: 322px; height: 427px;\" data-original-width=\"322\" data-original-height=\"427\" > <div class=\"tiled-gallery-item tiled-gallery-item-large\" itemprop=\"associatedMedia\" itemscope itemtype=\"http:\/\/schema.org\/ImageObject\"> <a href=\"https:\/\/i0.wp.com\/blog.kunstgriff.net\/wp-content\/uploads\/2017\/10\/On-the-road.jpg?ssl=1\" border=\"0\" itemprop=\"url\"> <meta itemprop=\"width\" content=\"318\"> <meta itemprop=\"height\" content=\"423\"> <img decoding=\"async\" class=\"\" data-attachment-id=\"17015\" data-orig-file=\"https:\/\/blog.kunstgriff.net\/wp-content\/uploads\/2017\/10\/On-the-road.jpg\" data-orig-size=\"1537,2049\" data-comments-opened=\"1\" data-image-meta=\"{&quot;aperture&quot;:&quot;2.2&quot;,&quot;credit&quot;:&quot;&quot;,&quot;camera&quot;:&quot;iPhone 6s&quot;,&quot;caption&quot;:&quot;&quot;,&quot;created_timestamp&quot;:&quot;1508594102&quot;,&quot;copyright&quot;:&quot;&quot;,&quot;focal_length&quot;:&quot;4.15&quot;,&quot;iso&quot;:&quot;25&quot;,&quot;shutter_speed&quot;:&quot;0.0019880715705765&quot;,&quot;title&quot;:&quot;&quot;,&quot;orientation&quot;:&quot;1&quot;}\" data-image-title=\"On the road\" data-image-description=\"\" data-medium-file=\"https:\/\/i0.wp.com\/blog.kunstgriff.net\/wp-content\/uploads\/2017\/10\/On-the-road.jpg?fit=225%2C300&#038;ssl=1\" data-large-file=\"https:\/\/i0.wp.com\/blog.kunstgriff.net\/wp-content\/uploads\/2017\/10\/On-the-road.jpg?fit=768%2C1024&#038;ssl=1\" src=\"https:\/\/i0.wp.com\/blog.kunstgriff.net\/wp-content\/uploads\/2017\/10\/On-the-road.jpg?w=318&#038;h=423&#038;ssl=1\" srcset=\"https:\/\/i0.wp.com\/blog.kunstgriff.net\/wp-content\/uploads\/2017\/10\/On-the-road.jpg?w=1537&amp;ssl=1 1537w, https:\/\/i0.wp.com\/blog.kunstgriff.net\/wp-content\/uploads\/2017\/10\/On-the-road.jpg?resize=225%2C300&amp;ssl=1 225w, https:\/\/i0.wp.com\/blog.kunstgriff.net\/wp-content\/uploads\/2017\/10\/On-the-road.jpg?resize=768%2C1024&amp;ssl=1 768w, https:\/\/i0.wp.com\/blog.kunstgriff.net\/wp-content\/uploads\/2017\/10\/On-the-road.jpg?w=1050&amp;ssl=1 1050w\" width=\"318\" height=\"423\" loading=\"lazy\" data-original-width=\"318\" data-original-height=\"423\" itemprop=\"http:\/\/schema.org\/image\" title=\"On the road\" alt=\"On the road\" style=\"width: 318px; height: 423px;\" \/> <\/a> <div class=\"tiled-gallery-caption\" itemprop=\"caption description\"> On the road <\/div> <\/div> <\/div> <!-- close group --> <\/div> <!-- close row --> <div class=\"gallery-row\" style=\"width: 525px; height: 235px;\" data-original-width=\"525\" data-original-height=\"235\" > <div class=\"gallery-group images-1\" style=\"width: 351px; height: 235px;\" data-original-width=\"351\" data-original-height=\"235\" > <div class=\"tiled-gallery-item tiled-gallery-item-large\" itemprop=\"associatedMedia\" itemscope itemtype=\"http:\/\/schema.org\/ImageObject\"> <a href=\"https:\/\/i0.wp.com\/blog.kunstgriff.net\/wp-content\/uploads\/2017\/10\/Herbstliches-Brandenburg.jpg?ssl=1\" border=\"0\" itemprop=\"url\"> <meta itemprop=\"width\" content=\"347\"> <meta itemprop=\"height\" content=\"231\"> <img decoding=\"async\" class=\"\" data-attachment-id=\"17011\" data-orig-file=\"https:\/\/blog.kunstgriff.net\/wp-content\/uploads\/2017\/10\/Herbstliches-Brandenburg.jpg\" data-orig-size=\"2000,1333\" data-comments-opened=\"1\" data-image-meta=\"{&quot;aperture&quot;:&quot;2.8&quot;,&quot;credit&quot;:&quot;&quot;,&quot;camera&quot;:&quot;TG-4&quot;,&quot;caption&quot;:&quot;OLYMPUS DIGITAL CAMERA&quot;,&quot;created_timestamp&quot;:&quot;1508590399&quot;,&quot;copyright&quot;:&quot;&quot;,&quot;focal_length&quot;:&quot;4.5&quot;,&quot;iso&quot;:&quot;100&quot;,&quot;shutter_speed&quot;:&quot;0.002&quot;,&quot;title&quot;:&quot;OLYMPUS DIGITAL CAMERA&quot;,&quot;orientation&quot;:&quot;1&quot;}\" data-image-title=\"Herbstliches Brandenburg\" data-image-description=\"\" data-medium-file=\"https:\/\/i0.wp.com\/blog.kunstgriff.net\/wp-content\/uploads\/2017\/10\/Herbstliches-Brandenburg.jpg?fit=300%2C200&#038;ssl=1\" data-large-file=\"https:\/\/i0.wp.com\/blog.kunstgriff.net\/wp-content\/uploads\/2017\/10\/Herbstliches-Brandenburg.jpg?fit=1024%2C682&#038;ssl=1\" src=\"https:\/\/i0.wp.com\/blog.kunstgriff.net\/wp-content\/uploads\/2017\/10\/Herbstliches-Brandenburg.jpg?w=347&#038;h=231&#038;ssl=1\" srcset=\"https:\/\/i0.wp.com\/blog.kunstgriff.net\/wp-content\/uploads\/2017\/10\/Herbstliches-Brandenburg.jpg?w=2000&amp;ssl=1 2000w, https:\/\/i0.wp.com\/blog.kunstgriff.net\/wp-content\/uploads\/2017\/10\/Herbstliches-Brandenburg.jpg?resize=300%2C200&amp;ssl=1 300w, https:\/\/i0.wp.com\/blog.kunstgriff.net\/wp-content\/uploads\/2017\/10\/Herbstliches-Brandenburg.jpg?resize=768%2C512&amp;ssl=1 768w, https:\/\/i0.wp.com\/blog.kunstgriff.net\/wp-content\/uploads\/2017\/10\/Herbstliches-Brandenburg.jpg?resize=1024%2C682&amp;ssl=1 1024w, https:\/\/i0.wp.com\/blog.kunstgriff.net\/wp-content\/uploads\/2017\/10\/Herbstliches-Brandenburg.jpg?resize=450%2C300&amp;ssl=1 450w, https:\/\/i0.wp.com\/blog.kunstgriff.net\/wp-content\/uploads\/2017\/10\/Herbstliches-Brandenburg.jpg?w=1575&amp;ssl=1 1575w\" width=\"347\" height=\"231\" loading=\"lazy\" data-original-width=\"347\" data-original-height=\"231\" itemprop=\"http:\/\/schema.org\/image\" title=\"Herbstliches Brandenburg\" alt=\"Herbstliches Brandenburg\" style=\"width: 347px; height: 231px;\" \/> <\/a> <div class=\"tiled-gallery-caption\" itemprop=\"caption description\"> Herbstliches Brandenburg <\/div> <\/div> <\/div> <!-- close group --> <div class=\"gallery-group images-2\" style=\"width: 174px; height: 235px;\" data-original-width=\"174\" data-original-height=\"235\" > <div class=\"tiled-gallery-item tiled-gallery-item-small\" itemprop=\"associatedMedia\" itemscope itemtype=\"http:\/\/schema.org\/ImageObject\"> <a href=\"https:\/\/i0.wp.com\/blog.kunstgriff.net\/wp-content\/uploads\/2017\/10\/Kuchen-Auswahl-Backwahn-P%C3%A4wesin.jpg?ssl=1\" border=\"0\" itemprop=\"url\"> <meta itemprop=\"width\" content=\"170\"> <meta itemprop=\"height\" content=\"114\"> <img decoding=\"async\" class=\"\" data-attachment-id=\"17012\" data-orig-file=\"https:\/\/blog.kunstgriff.net\/wp-content\/uploads\/2017\/10\/Kuchen-Auswahl-Backwahn-P\u00e4wesin.jpg\" data-orig-size=\"2000,1333\" data-comments-opened=\"1\" data-image-meta=\"{&quot;aperture&quot;:&quot;2&quot;,&quot;credit&quot;:&quot;&quot;,&quot;camera&quot;:&quot;TG-4&quot;,&quot;caption&quot;:&quot;OLYMPUS DIGITAL CAMERA&quot;,&quot;created_timestamp&quot;:&quot;1508591681&quot;,&quot;copyright&quot;:&quot;&quot;,&quot;focal_length&quot;:&quot;4.5&quot;,&quot;iso&quot;:&quot;100&quot;,&quot;shutter_speed&quot;:&quot;0.01&quot;,&quot;title&quot;:&quot;OLYMPUS DIGITAL CAMERA&quot;,&quot;orientation&quot;:&quot;1&quot;}\" data-image-title=\"Kuchen-Auswahl-Backwahn-P\u00e4wesin\" data-image-description=\"\" data-medium-file=\"https:\/\/i0.wp.com\/blog.kunstgriff.net\/wp-content\/uploads\/2017\/10\/Kuchen-Auswahl-Backwahn-P%C3%A4wesin.jpg?fit=300%2C200&#038;ssl=1\" data-large-file=\"https:\/\/i0.wp.com\/blog.kunstgriff.net\/wp-content\/uploads\/2017\/10\/Kuchen-Auswahl-Backwahn-P%C3%A4wesin.jpg?fit=1024%2C682&#038;ssl=1\" src=\"https:\/\/i0.wp.com\/blog.kunstgriff.net\/wp-content\/uploads\/2017\/10\/Kuchen-Auswahl-Backwahn-P%C3%A4wesin.jpg?w=170&#038;h=114&#038;ssl=1\" width=\"170\" height=\"114\" loading=\"lazy\" data-original-width=\"170\" data-original-height=\"114\" itemprop=\"http:\/\/schema.org\/image\" title=\"Kuchen-Auswahl-Backwahn-P\u00e4wesin\" alt=\"Kuchen-Auswahl-Backwahn-P\u00e4wesin\" style=\"width: 170px; height: 114px;\" \/> <\/a> <div class=\"tiled-gallery-caption\" itemprop=\"caption description\"> Kuchen-Auswahl-Backwahn-P\u00e4wesin <\/div> <\/div> <div class=\"tiled-gallery-item tiled-gallery-item-small\" itemprop=\"associatedMedia\" itemscope itemtype=\"http:\/\/schema.org\/ImageObject\"> <a href=\"https:\/\/i0.wp.com\/blog.kunstgriff.net\/wp-content\/uploads\/2017\/10\/meine-zwei-St%C3%BCcken-Feuerwehr-und-gedeckten-Apfelkuchen.jpg?ssl=1\" border=\"0\" itemprop=\"url\"> <meta itemprop=\"width\" content=\"170\"> <meta itemprop=\"height\" content=\"113\"> <img decoding=\"async\" class=\"\" data-attachment-id=\"17014\" data-orig-file=\"https:\/\/blog.kunstgriff.net\/wp-content\/uploads\/2017\/10\/meine-zwei-St\u00fccken-Feuerwehr-und-gedeckten-Apfelkuchen.jpg\" data-orig-size=\"2000,1333\" data-comments-opened=\"1\" data-image-meta=\"{&quot;aperture&quot;:&quot;2&quot;,&quot;credit&quot;:&quot;&quot;,&quot;camera&quot;:&quot;TG-4&quot;,&quot;caption&quot;:&quot;OLYMPUS DIGITAL CAMERA&quot;,&quot;created_timestamp&quot;:&quot;1508591920&quot;,&quot;copyright&quot;:&quot;&quot;,&quot;focal_length&quot;:&quot;4.5&quot;,&quot;iso&quot;:&quot;200&quot;,&quot;shutter_speed&quot;:&quot;0.016666666666667&quot;,&quot;title&quot;:&quot;OLYMPUS DIGITAL CAMERA&quot;,&quot;orientation&quot;:&quot;1&quot;}\" data-image-title=\"meine zwei St\u00fccken &amp;#8211; Feuerwehr und gedeckten Apfelkuchen\" data-image-description=\"\" data-medium-file=\"https:\/\/i0.wp.com\/blog.kunstgriff.net\/wp-content\/uploads\/2017\/10\/meine-zwei-St%C3%BCcken-Feuerwehr-und-gedeckten-Apfelkuchen.jpg?fit=300%2C200&#038;ssl=1\" data-large-file=\"https:\/\/i0.wp.com\/blog.kunstgriff.net\/wp-content\/uploads\/2017\/10\/meine-zwei-St%C3%BCcken-Feuerwehr-und-gedeckten-Apfelkuchen.jpg?fit=1024%2C682&#038;ssl=1\" src=\"https:\/\/i0.wp.com\/blog.kunstgriff.net\/wp-content\/uploads\/2017\/10\/meine-zwei-St%C3%BCcken-Feuerwehr-und-gedeckten-Apfelkuchen.jpg?w=170&#038;h=113&#038;ssl=1\" width=\"170\" height=\"113\" loading=\"lazy\" data-original-width=\"170\" data-original-height=\"113\" itemprop=\"http:\/\/schema.org\/image\" title=\"meine zwei St\u00fccken - Feuerwehr und gedeckten Apfelkuchen\" alt=\"meine zwei St\u00fccken - Feuerwehr und gedeckten Apfelkuchen\" style=\"width: 170px; height: 113px;\" \/> <\/a> <div class=\"tiled-gallery-caption\" itemprop=\"caption description\"> meine zwei St\u00fccken &#8211; Feuerwehr und gedeckten Apfelkuchen <\/div> <\/div> <\/div> <!-- close group --> <\/div> <!-- close row --> <\/div>\n<div style=\"width: 525px;\" class=\"wp-video\"><video class=\"wp-video-shortcode\" id=\"video-17018-1\" width=\"525\" height=\"295\" preload=\"metadata\" controls=\"controls\"><source type=\"video\/mp4\" src=\"https:\/\/blog.kunstgriff.net\/wp-content\/uploads\/2017\/10\/TubeLessFlat.m4v?_=1\" \/><a href=\"https:\/\/blog.kunstgriff.net\/wp-content\/uploads\/2017\/10\/TubeLessFlat.m4v\">https:\/\/blog.kunstgriff.net\/wp-content\/uploads\/2017\/10\/TubeLessFlat.m4v<\/a><\/video><\/div>\n<p><iframe loading=\"lazy\" src=\"https:\/\/www.strava.com\/activities\/1240574793\/embed\/0db364529543cac2fc0b6d47a23e8be7d6fe10b4\" width=\"590\" height=\"405\" frameborder=\"0\" scrolling=\"no\"><\/iframe><\/p>\n<div style=\"width: 525px;\" class=\"wp-video\"><video class=\"wp-video-shortcode\" id=\"video-17018-2\" width=\"525\" height=\"295\" preload=\"metadata\" controls=\"controls\"><source type=\"video\/mp4\" src=\"https:\/\/blog.kunstgriff.net\/wp-content\/uploads\/2017\/10\/Relive-P\u00e4wesin-Runde-rererererererereloaded.mp4?_=2\" \/><a href=\"https:\/\/blog.kunstgriff.net\/wp-content\/uploads\/2017\/10\/Relive-P\u00e4wesin-Runde-rererererererereloaded.mp4\">https:\/\/blog.kunstgriff.net\/wp-content\/uploads\/2017\/10\/Relive-P\u00e4wesin-Runde-rererererererereloaded.mp4<\/a><\/video><\/div>\n","protected":false},"excerpt":{"rendered":"<p>Sporteln mit den Jungs Obwohl heute Alternativ-Touren im Angebot waren, die zu anderen Kuchen-Destinationen f\u00fchrten, entschieden sich Marc und ich, wieder auf alt-bew\u00e4hrtes zu setzen. Auch Thilo war dem Vorhaben nicht abgeneigt und so hatten wir eine kleine, aber feine Gruppe beisammen, die im westlichen Havelland einen Cake-Ride vollziehen wollte. Vor der K\u00fcr kommt die &hellip; <\/p>\n<p class=\"link-more\"><a href=\"https:\/\/blog.kunstgriff.net\/?p=17018\" class=\"more-link\"><span class=\"screen-reader-text\">\u201eP\u00e4wesin-Runde rererererererereloaded\u201c <\/span>weiterlesen<\/a><\/p>\n","protected":false},"author":2,"featured_media":17012,"comment_status":"open","ping_status":"open","sticky":false,"template":"","format":"standard","meta":{"jetpack_post_was_ever_published":false,"_jetpack_newsletter_access":"","_jetpack_dont_email_post_to_subs":false,"_jetpack_newsletter_tier_id":0,"_jetpack_memberships_contains_paywalled_content":false,"_jetpack_memberships_contains_paid_content":false,"footnotes":""},"categories":[34,14,7],"tags":[],"class_list":["post-17018","post","type-post","status-publish","format-standard","has-post-thumbnail","hentry","category-cake-ride","category-radfahren","category-rennradfahren"],"jetpack_featured_media_url":"https:\/\/i0.wp.com\/blog.kunstgriff.net\/wp-content\/uploads\/2017\/10\/Kuchen-Auswahl-Backwahn-P%C3%A4wesin.jpg?fit=2000%2C1333&ssl=1","jetpack_shortlink":"https:\/\/wp.me\/p8Cxe7-4qu","jetpack-related-posts":[{"id":19391,"url":"https:\/\/blog.kunstgriff.net\/?p=19391","url_meta":{"origin":17018,"position":0},"title":"P\u00e4wesin-Runde #02","author":"Georg","date":"Mai 12, 2019","format":false,"excerpt":"Kaffee-Fahrt mit der portugiesischen Bruderschaft Da ich in 2019 meinen Unterlagen zufolge erst 1x in P\u00e4wesin war, kam es mir sehr gelegen, da\u00df Stefan H. heute zum besten Cake-Ride rund um Berlin aufrief. Einige kamen um 10 Uhr an den Auerbachtunnel. Der Rennrad-Ausfahrts-Treffpunkt der Hauptstadt. Taktisch w\u00e4re es klug, wenn\u2026","rel":"","context":"In &quot;Cake-Ride&quot;","block_context":{"text":"Cake-Ride","link":"https:\/\/blog.kunstgriff.net\/?cat=34"},"img":{"alt_text":"Super Bande","src":"https:\/\/i0.wp.com\/blog.kunstgriff.net\/wp-content\/uploads\/2019\/05\/Super-Bande.jpg?fit=1200%2C800&ssl=1&resize=350%2C200","width":350,"height":200,"srcset":"https:\/\/i0.wp.com\/blog.kunstgriff.net\/wp-content\/uploads\/2019\/05\/Super-Bande.jpg?fit=1200%2C800&ssl=1&resize=350%2C200 1x, https:\/\/i0.wp.com\/blog.kunstgriff.net\/wp-content\/uploads\/2019\/05\/Super-Bande.jpg?fit=1200%2C800&ssl=1&resize=525%2C300 1.5x, https:\/\/i0.wp.com\/blog.kunstgriff.net\/wp-content\/uploads\/2019\/05\/Super-Bande.jpg?fit=1200%2C800&ssl=1&resize=700%2C400 2x, https:\/\/i0.wp.com\/blog.kunstgriff.net\/wp-content\/uploads\/2019\/05\/Super-Bande.jpg?fit=1200%2C800&ssl=1&resize=1050%2C600 3x"},"classes":[]},{"id":17093,"url":"https:\/\/blog.kunstgriff.net\/?p=17093","url_meta":{"origin":17018,"position":1},"title":"P\u00e4wesin-Runde mit der Bande aus dem Norden","author":"Georg","date":"Dezember 2, 2017","format":false,"excerpt":"Ganz sch\u00f6n k\u00fchl hier Nach einer gewissen Rennrad-Abstinenz war ich heute hoch motiviert, endlich mal wieder mein Lieblings-Sportger\u00e4t zu bewegen. Eigentlich wurde ich ja schon fast gen\u00f6tigt, diese Runde anzubieten und mit einer tollen Gruppe unter die R\u00e4der zu nehmen. Mit leichter Versp\u00e4tung ging es dann vom Treffpunkt erstmal Richtung\u2026","rel":"","context":"In &quot;Cake-Ride&quot;","block_context":{"text":"Cake-Ride","link":"https:\/\/blog.kunstgriff.net\/?cat=34"},"img":{"alt_text":"","src":"https:\/\/i0.wp.com\/blog.kunstgriff.net\/wp-content\/uploads\/2017\/12\/Treffpunkt-Nonnendammallee-ist-das-die-Sonne.jpg?fit=1200%2C800&ssl=1&resize=350%2C200","width":350,"height":200,"srcset":"https:\/\/i0.wp.com\/blog.kunstgriff.net\/wp-content\/uploads\/2017\/12\/Treffpunkt-Nonnendammallee-ist-das-die-Sonne.jpg?fit=1200%2C800&ssl=1&resize=350%2C200 1x, https:\/\/i0.wp.com\/blog.kunstgriff.net\/wp-content\/uploads\/2017\/12\/Treffpunkt-Nonnendammallee-ist-das-die-Sonne.jpg?fit=1200%2C800&ssl=1&resize=525%2C300 1.5x, https:\/\/i0.wp.com\/blog.kunstgriff.net\/wp-content\/uploads\/2017\/12\/Treffpunkt-Nonnendammallee-ist-das-die-Sonne.jpg?fit=1200%2C800&ssl=1&resize=700%2C400 2x, https:\/\/i0.wp.com\/blog.kunstgriff.net\/wp-content\/uploads\/2017\/12\/Treffpunkt-Nonnendammallee-ist-das-die-Sonne.jpg?fit=1200%2C800&ssl=1&resize=1050%2C600 3x"},"classes":[]},{"id":19024,"url":"https:\/\/blog.kunstgriff.net\/?p=19024","url_meta":{"origin":17018,"position":2},"title":"Trebbiner-Kuchen-Hunni","author":"Georg","date":"Februar 17, 2019","format":false,"excerpt":"mit den Jungs in den S\u00fcden Nach dem fulminanten Saison-Auftakt auf Brandenburgs Strassen, wollten wir heute erneut den Asphalt unter die schmalen Reifen nehmen. Tourenangebote gab es eigentlich genug. Leider, f\u00fcr meinen Geschmack, alle entweder zu lang oder zu langsam. Also sollte was eigenes gepostet werden. Ziel war der B\u00e4cker\u2026","rel":"","context":"In &quot;Cake-Ride&quot;","block_context":{"text":"Cake-Ride","link":"https:\/\/blog.kunstgriff.net\/?cat=34"},"img":{"alt_text":"","src":"https:\/\/i0.wp.com\/blog.kunstgriff.net\/wp-content\/uploads\/2019\/02\/Fr%C3%BChlingsimpressionen.jpg?fit=1200%2C800&ssl=1&resize=350%2C200","width":350,"height":200,"srcset":"https:\/\/i0.wp.com\/blog.kunstgriff.net\/wp-content\/uploads\/2019\/02\/Fr%C3%BChlingsimpressionen.jpg?fit=1200%2C800&ssl=1&resize=350%2C200 1x, https:\/\/i0.wp.com\/blog.kunstgriff.net\/wp-content\/uploads\/2019\/02\/Fr%C3%BChlingsimpressionen.jpg?fit=1200%2C800&ssl=1&resize=525%2C300 1.5x, https:\/\/i0.wp.com\/blog.kunstgriff.net\/wp-content\/uploads\/2019\/02\/Fr%C3%BChlingsimpressionen.jpg?fit=1200%2C800&ssl=1&resize=700%2C400 2x, https:\/\/i0.wp.com\/blog.kunstgriff.net\/wp-content\/uploads\/2019\/02\/Fr%C3%BChlingsimpressionen.jpg?fit=1200%2C800&ssl=1&resize=1050%2C600 3x"},"classes":[]},{"id":21068,"url":"https:\/\/blog.kunstgriff.net\/?p=21068","url_meta":{"origin":17018,"position":3},"title":"Zur Trebbiner-Kuchentheke","author":"Georg","date":"April 26, 2020","format":false,"excerpt":"Ohne Backwahn und Wind Gestern gab es nur Indoor-Sporteln auf die Beine und da wollte ich doch das herrliche Fr\u00fchlingswetter nutzen, um mal wieder drau\u00dfen zu fahren. Stefan und Marc planten in den S\u00fcden zu radeln und ich durfte mit. Also traditionell um 10 Uhr am Tunnel getroffen. Ganz schon\u2026","rel":"","context":"In &quot;Cake-Ride&quot;","block_context":{"text":"Cake-Ride","link":"https:\/\/blog.kunstgriff.net\/?cat=34"},"img":{"alt_text":"Feinster Radweg vor St\u00fccken","src":"https:\/\/i0.wp.com\/blog.kunstgriff.net\/wp-content\/uploads\/2020\/04\/Feinster-Radweg-vor-St%C3%BCcken.jpg?fit=1200%2C800&ssl=1&resize=350%2C200","width":350,"height":200,"srcset":"https:\/\/i0.wp.com\/blog.kunstgriff.net\/wp-content\/uploads\/2020\/04\/Feinster-Radweg-vor-St%C3%BCcken.jpg?fit=1200%2C800&ssl=1&resize=350%2C200 1x, https:\/\/i0.wp.com\/blog.kunstgriff.net\/wp-content\/uploads\/2020\/04\/Feinster-Radweg-vor-St%C3%BCcken.jpg?fit=1200%2C800&ssl=1&resize=525%2C300 1.5x, https:\/\/i0.wp.com\/blog.kunstgriff.net\/wp-content\/uploads\/2020\/04\/Feinster-Radweg-vor-St%C3%BCcken.jpg?fit=1200%2C800&ssl=1&resize=700%2C400 2x, https:\/\/i0.wp.com\/blog.kunstgriff.net\/wp-content\/uploads\/2020\/04\/Feinster-Radweg-vor-St%C3%BCcken.jpg?fit=1200%2C800&ssl=1&resize=1050%2C600 3x"},"classes":[]},{"id":21679,"url":"https:\/\/blog.kunstgriff.net\/?p=21679","url_meta":{"origin":17018,"position":4},"title":"P\u00e4wesin-Runde #09","author":"Georg","date":"August 15, 2020","format":false,"excerpt":"zu dritt ins Havelland W\u00e4hrend die Anderen heute grosses vor hatten und an den Brocken und zur\u00fcck fuhren, oder an die polnische Grenze, wollten wir es bei der Hitze sachte angehen lassen. Also unsere Definition von sachte entspricht einem Kuchen-Hunni. Was liegt da n\u00e4her als nach P\u00e4wesin zu fahren? Nichts!\u2026","rel":"","context":"In &quot;Cake-Ride&quot;","block_context":{"text":"Cake-Ride","link":"https:\/\/blog.kunstgriff.net\/?cat=34"},"img":{"alt_text":"Priort-wir kommen","src":"https:\/\/i0.wp.com\/blog.kunstgriff.net\/wp-content\/uploads\/2020\/08\/Priort-wir-kommen.jpg?fit=1200%2C800&ssl=1&resize=350%2C200","width":350,"height":200,"srcset":"https:\/\/i0.wp.com\/blog.kunstgriff.net\/wp-content\/uploads\/2020\/08\/Priort-wir-kommen.jpg?fit=1200%2C800&ssl=1&resize=350%2C200 1x, https:\/\/i0.wp.com\/blog.kunstgriff.net\/wp-content\/uploads\/2020\/08\/Priort-wir-kommen.jpg?fit=1200%2C800&ssl=1&resize=525%2C300 1.5x, https:\/\/i0.wp.com\/blog.kunstgriff.net\/wp-content\/uploads\/2020\/08\/Priort-wir-kommen.jpg?fit=1200%2C800&ssl=1&resize=700%2C400 2x, https:\/\/i0.wp.com\/blog.kunstgriff.net\/wp-content\/uploads\/2020\/08\/Priort-wir-kommen.jpg?fit=1200%2C800&ssl=1&resize=1050%2C600 3x"},"classes":[]},{"id":16610,"url":"https:\/\/blog.kunstgriff.net\/?p=16610","url_meta":{"origin":17018,"position":5},"title":"Ruhlsdorf-Runde mit den Tiris","author":"Georg","date":"August 20, 2017","format":false,"excerpt":"\u00bbmal wieder was Neues Altes ausprobieren\u00ab Nachdem ja nun P\u00e4wesin bekannt und gesch\u00e4tzt ist, musste heute mal wieder ein wenig Abwechslung her. Die Abwechslung bestand in einer alt bekannten Runde, runter in den S\u00fcden nach Ruhlsdorf. Schon oft gefahren, aber immer wieder gut. Mir gefiel die fr\u00fche Startzeit am Tunnel,\u2026","rel":"","context":"In &quot;Cake-Ride&quot;","block_context":{"text":"Cake-Ride","link":"https:\/\/blog.kunstgriff.net\/?cat=34"},"img":{"alt_text":"","src":"https:\/\/i0.wp.com\/blog.kunstgriff.net\/wp-content\/uploads\/2017\/08\/Kaffee-in-der-Sonne.jpg?fit=1200%2C800&ssl=1&resize=350%2C200","width":350,"height":200,"srcset":"https:\/\/i0.wp.com\/blog.kunstgriff.net\/wp-content\/uploads\/2017\/08\/Kaffee-in-der-Sonne.jpg?fit=1200%2C800&ssl=1&resize=350%2C200 1x, https:\/\/i0.wp.com\/blog.kunstgriff.net\/wp-content\/uploads\/2017\/08\/Kaffee-in-der-Sonne.jpg?fit=1200%2C800&ssl=1&resize=525%2C300 1.5x, https:\/\/i0.wp.com\/blog.kunstgriff.net\/wp-content\/uploads\/2017\/08\/Kaffee-in-der-Sonne.jpg?fit=1200%2C800&ssl=1&resize=700%2C400 2x, https:\/\/i0.wp.com\/blog.kunstgriff.net\/wp-content\/uploads\/2017\/08\/Kaffee-in-der-Sonne.jpg?fit=1200%2C800&ssl=1&resize=1050%2C600 3x"},"classes":[]}],"jetpack_likes_enabled":true,"jetpack_sharing_enabled":true,"_links":{"self":[{"href":"https:\/\/blog.kunstgriff.net\/index.php?rest_route=\/wp\/v2\/posts\/17018","targetHints":{"allow":["GET"]}}],"collection":[{"href":"https:\/\/blog.kunstgriff.net\/index.php?rest_route=\/wp\/v2\/posts"}],"about":[{"href":"https:\/\/blog.kunstgriff.net\/index.php?rest_route=\/wp\/v2\/types\/post"}],"author":[{"embeddable":true,"href":"https:\/\/blog.kunstgriff.net\/index.php?rest_route=\/wp\/v2\/users\/2"}],"replies":[{"embeddable":true,"href":"https:\/\/blog.kunstgriff.net\/index.php?rest_route=%2Fwp%2Fv2%2Fcomments&post=17018"}],"version-history":[{"count":0,"href":"https:\/\/blog.kunstgriff.net\/index.php?rest_route=\/wp\/v2\/posts\/17018\/revisions"}],"wp:featuredmedia":[{"embeddable":true,"href":"https:\/\/blog.kunstgriff.net\/index.php?rest_route=\/wp\/v2\/media\/17012"}],"wp:attachment":[{"href":"https:\/\/blog.kunstgriff.net\/index.php?rest_route=%2Fwp%2Fv2%2Fmedia&parent=17018"}],"wp:term":[{"taxonomy":"category","embeddable":true,"href":"https:\/\/blog.kunstgriff.net\/index.php?rest_route=%2Fwp%2Fv2%2Fcategories&post=17018"},{"taxonomy":"post_tag","embeddable":true,"href":"https:\/\/blog.kunstgriff.net\/index.php?rest_route=%2Fwp%2Fv2%2Ftags&post=17018"}],"curies":[{"name":"wp","href":"https:\/\/api.w.org\/{rel}","templated":true}]}}