{"id":17061,"date":"2017-11-04T18:56:02","date_gmt":"2017-11-04T17:56:02","guid":{"rendered":"https:\/\/blog.kunstgriff.net\/?p=17061"},"modified":"2017-11-04T23:21:10","modified_gmt":"2017-11-04T22:21:10","slug":"paewesin-runde-rerererererererereloaded","status":"publish","type":"post","link":"https:\/\/blog.kunstgriff.net\/?p=17061","title":{"rendered":"P\u00e4wesin-Runde rerererererererereloaded"},"content":{"rendered":"<span class=\"span-reading-time rt-reading-time\" style=\"display: block;\"><span class=\"rt-label rt-prefix\">Lesezeit: <\/span> <span class=\"rt-time\"> &lt; 1<\/span> <span class=\"rt-label rt-postfix\">Minute<\/span><\/span><h4>Backwahn geht immer!<\/h4>\n<hr \/>\n<p>Lange haderte ich, ob ich heute fahren sollte. Aber in Anbetracht des Sonnenscheins, musste ich, trotz <em>Kratzehals<\/em> auf die Strasse.<\/p>\n<p>Unten, vor der Haust\u00fcr, konnte ich erstmal nicht aufs kleine Blatt schalten, denn der Akku meiner DI2-Schaltung war leer. Also nochmal hoch und 20 Minuten aufladen. Verwundert war ich schon, da ich gerade das letzte mal aufgeladen hatte. Hoffentlich ist das nix ernstes\u2026<\/p>\n<p>Also mit etwas Versp\u00e4tung los. Die Autofahrer waren wieder total un-entspannt und <del>mussten<\/del> wollten mich durch Hupen belehren, auf dem Radweg zu fahren. Ich lie\u00df mich nicht beirren und steuerte Gatow auf der Fahrbahn aka <em>\u00bbStrasse\u00ab<\/em> an.<\/p>\n<p>Die Beine waren heute schwer und ich \u00fcberlegte schon abzuk\u00fcrzen. Dann w\u00fcrde es aber keinen Kuchen geben, also wurde diese Option verworfen.<\/p>\n<p>P\u00e4wesin wurde dann mit leichtem Schiebewind erreicht und Kuchen konsumiert. Am Nebentisch Rewe-Kassiererinnen beim Kaffee-Klatsch. Wie die \u00fcber (ihre) M\u00e4nner hergezogen haben: Ich w\u00fcrde mich nicht trauen in der \u00d6ffentlichkeit so \u00fcber die sch\u00f6nsten Wesen der Welt zu reden\u2026 Nachdem Ihre Rauch- und Tratsch-Lust nie erloschen war, machte ich mich auf den Weg, zur\u00fcck in die Hauptstadt. Anstrengend war es heute, sicher auch, weil ich schon lange nicht mehr trainiert habe.<\/p>\n<p>Zufrieden erreichte ich mit warmem Kopf, dank neuer Winterm\u00fctze die HomeBase. Jetzt erstmal K\u00e4se-Sp\u00e4tzle kochen\u2026<\/p>\n<div class=\"tiled-gallery type-rectangular tiled-gallery-unresized\" data-original-width=\"525\" data-carousel-extra='{&quot;blog_id&quot;:1,&quot;permalink&quot;:&quot;https:\\\/\\\/blog.kunstgriff.net\\\/?p=17061&quot;,&quot;likes_blog_id&quot;:127394879}' itemscope itemtype=\"http:\/\/schema.org\/ImageGallery\" > <div class=\"gallery-row\" style=\"width: 525px; height: 235px;\" data-original-width=\"525\" data-original-height=\"235\" > <div class=\"gallery-group images-1\" style=\"width: 351px; height: 235px;\" data-original-width=\"351\" data-original-height=\"235\" > <div class=\"tiled-gallery-item tiled-gallery-item-large\" itemprop=\"associatedMedia\" itemscope itemtype=\"http:\/\/schema.org\/ImageObject\"> <a href=\"https:\/\/i0.wp.com\/blog.kunstgriff.net\/wp-content\/uploads\/2017\/11\/Ortseinfahrt-Sacrow.jpg?ssl=1\" border=\"0\" itemprop=\"url\"> <meta itemprop=\"width\" content=\"347\"> <meta itemprop=\"height\" content=\"231\"> <img decoding=\"async\" class=\"\" data-attachment-id=\"17060\" data-orig-file=\"https:\/\/blog.kunstgriff.net\/wp-content\/uploads\/2017\/11\/Ortseinfahrt-Sacrow.jpg\" data-orig-size=\"2000,1333\" data-comments-opened=\"1\" data-image-meta=\"{&quot;aperture&quot;:&quot;2.8&quot;,&quot;credit&quot;:&quot;&quot;,&quot;camera&quot;:&quot;TG-4&quot;,&quot;caption&quot;:&quot;OLYMPUS DIGITAL CAMERA&quot;,&quot;created_timestamp&quot;:&quot;1509802677&quot;,&quot;copyright&quot;:&quot;&quot;,&quot;focal_length&quot;:&quot;4.5&quot;,&quot;iso&quot;:&quot;100&quot;,&quot;shutter_speed&quot;:&quot;0.004&quot;,&quot;title&quot;:&quot;OLYMPUS DIGITAL CAMERA&quot;,&quot;orientation&quot;:&quot;1&quot;}\" data-image-title=\"Ortseinfahrt Sacrow\" data-image-description=\"\" data-medium-file=\"https:\/\/i0.wp.com\/blog.kunstgriff.net\/wp-content\/uploads\/2017\/11\/Ortseinfahrt-Sacrow.jpg?fit=300%2C200&#038;ssl=1\" data-large-file=\"https:\/\/i0.wp.com\/blog.kunstgriff.net\/wp-content\/uploads\/2017\/11\/Ortseinfahrt-Sacrow.jpg?fit=1024%2C682&#038;ssl=1\" src=\"https:\/\/i0.wp.com\/blog.kunstgriff.net\/wp-content\/uploads\/2017\/11\/Ortseinfahrt-Sacrow.jpg?w=347&#038;h=231&#038;ssl=1\" srcset=\"https:\/\/i0.wp.com\/blog.kunstgriff.net\/wp-content\/uploads\/2017\/11\/Ortseinfahrt-Sacrow.jpg?w=2000&amp;ssl=1 2000w, https:\/\/i0.wp.com\/blog.kunstgriff.net\/wp-content\/uploads\/2017\/11\/Ortseinfahrt-Sacrow.jpg?resize=300%2C200&amp;ssl=1 300w, https:\/\/i0.wp.com\/blog.kunstgriff.net\/wp-content\/uploads\/2017\/11\/Ortseinfahrt-Sacrow.jpg?resize=768%2C512&amp;ssl=1 768w, https:\/\/i0.wp.com\/blog.kunstgriff.net\/wp-content\/uploads\/2017\/11\/Ortseinfahrt-Sacrow.jpg?resize=1024%2C682&amp;ssl=1 1024w, https:\/\/i0.wp.com\/blog.kunstgriff.net\/wp-content\/uploads\/2017\/11\/Ortseinfahrt-Sacrow.jpg?resize=450%2C300&amp;ssl=1 450w, https:\/\/i0.wp.com\/blog.kunstgriff.net\/wp-content\/uploads\/2017\/11\/Ortseinfahrt-Sacrow.jpg?w=1575&amp;ssl=1 1575w\" width=\"347\" height=\"231\" loading=\"lazy\" data-original-width=\"347\" data-original-height=\"231\" itemprop=\"http:\/\/schema.org\/image\" title=\"Ortseinfahrt Sacrow\" alt=\"Ortseinfahrt Sacrow\" style=\"width: 347px; height: 231px;\" \/> <\/a> <div class=\"tiled-gallery-caption\" itemprop=\"caption description\"> Ortseinfahrt Sacrow <\/div> <\/div> <\/div> <!-- close group --> <div class=\"gallery-group images-2\" style=\"width: 174px; height: 235px;\" data-original-width=\"174\" data-original-height=\"235\" > <div class=\"tiled-gallery-item tiled-gallery-item-small\" itemprop=\"associatedMedia\" itemscope itemtype=\"http:\/\/schema.org\/ImageObject\"> <a href=\"https:\/\/i0.wp.com\/blog.kunstgriff.net\/wp-content\/uploads\/2017\/11\/Biesschen-gequ%C3%A4lt-war-ich-schon.jpg?ssl=1\" border=\"0\" itemprop=\"url\"> <meta itemprop=\"width\" content=\"170\"> <meta itemprop=\"height\" content=\"114\"> <img decoding=\"async\" class=\"\" data-attachment-id=\"17057\" data-orig-file=\"https:\/\/blog.kunstgriff.net\/wp-content\/uploads\/2017\/11\/Biesschen-gequ\u00e4lt-war-ich-schon.jpg\" data-orig-size=\"2000,1333\" data-comments-opened=\"1\" data-image-meta=\"{&quot;aperture&quot;:&quot;2&quot;,&quot;credit&quot;:&quot;&quot;,&quot;camera&quot;:&quot;TG-4&quot;,&quot;caption&quot;:&quot;OLYMPUS DIGITAL CAMERA&quot;,&quot;created_timestamp&quot;:&quot;1509802933&quot;,&quot;copyright&quot;:&quot;&quot;,&quot;focal_length&quot;:&quot;4.5&quot;,&quot;iso&quot;:&quot;100&quot;,&quot;shutter_speed&quot;:&quot;0.01&quot;,&quot;title&quot;:&quot;OLYMPUS DIGITAL CAMERA&quot;,&quot;orientation&quot;:&quot;1&quot;}\" data-image-title=\"Biesschen gequ\u00e4lt war ich schon\" data-image-description=\"\" data-medium-file=\"https:\/\/i0.wp.com\/blog.kunstgriff.net\/wp-content\/uploads\/2017\/11\/Biesschen-gequ%C3%A4lt-war-ich-schon.jpg?fit=300%2C200&#038;ssl=1\" data-large-file=\"https:\/\/i0.wp.com\/blog.kunstgriff.net\/wp-content\/uploads\/2017\/11\/Biesschen-gequ%C3%A4lt-war-ich-schon.jpg?fit=1024%2C682&#038;ssl=1\" src=\"https:\/\/i0.wp.com\/blog.kunstgriff.net\/wp-content\/uploads\/2017\/11\/Biesschen-gequ%C3%A4lt-war-ich-schon.jpg?w=170&#038;h=114&#038;ssl=1\" width=\"170\" height=\"114\" loading=\"lazy\" data-original-width=\"170\" data-original-height=\"114\" itemprop=\"http:\/\/schema.org\/image\" title=\"Biesschen gequ\u00e4lt war ich schon\" alt=\"Biesschen gequ\u00e4lt war ich schon\" style=\"width: 170px; height: 114px;\" \/> <\/a> <div class=\"tiled-gallery-caption\" itemprop=\"caption description\"> Biesschen gequ\u00e4lt war ich schon <\/div> <\/div> <div class=\"tiled-gallery-item tiled-gallery-item-small\" itemprop=\"associatedMedia\" itemscope itemtype=\"http:\/\/schema.org\/ImageObject\"> <a href=\"https:\/\/i0.wp.com\/blog.kunstgriff.net\/wp-content\/uploads\/2017\/11\/Kurz-vor-P%C3%A4wesin.jpg?ssl=1\" border=\"0\" itemprop=\"url\"> <meta itemprop=\"width\" content=\"170\"> <meta itemprop=\"height\" content=\"113\"> <img decoding=\"async\" class=\"\" data-attachment-id=\"17059\" data-orig-file=\"https:\/\/blog.kunstgriff.net\/wp-content\/uploads\/2017\/11\/Kurz-vor-P\u00e4wesin.jpg\" data-orig-size=\"2000,1333\" data-comments-opened=\"1\" data-image-meta=\"{&quot;aperture&quot;:&quot;2.8&quot;,&quot;credit&quot;:&quot;&quot;,&quot;camera&quot;:&quot;TG-4&quot;,&quot;caption&quot;:&quot;OLYMPUS DIGITAL CAMERA&quot;,&quot;created_timestamp&quot;:&quot;1509807383&quot;,&quot;copyright&quot;:&quot;&quot;,&quot;focal_length&quot;:&quot;4.5&quot;,&quot;iso&quot;:&quot;100&quot;,&quot;shutter_speed&quot;:&quot;0.0015625&quot;,&quot;title&quot;:&quot;OLYMPUS DIGITAL CAMERA&quot;,&quot;orientation&quot;:&quot;1&quot;}\" data-image-title=\"Kurz vor P\u00e4wesin\" data-image-description=\"\" data-medium-file=\"https:\/\/i0.wp.com\/blog.kunstgriff.net\/wp-content\/uploads\/2017\/11\/Kurz-vor-P%C3%A4wesin.jpg?fit=300%2C200&#038;ssl=1\" data-large-file=\"https:\/\/i0.wp.com\/blog.kunstgriff.net\/wp-content\/uploads\/2017\/11\/Kurz-vor-P%C3%A4wesin.jpg?fit=1024%2C682&#038;ssl=1\" src=\"https:\/\/i0.wp.com\/blog.kunstgriff.net\/wp-content\/uploads\/2017\/11\/Kurz-vor-P%C3%A4wesin.jpg?w=170&#038;h=113&#038;ssl=1\" width=\"170\" height=\"113\" loading=\"lazy\" data-original-width=\"170\" data-original-height=\"113\" itemprop=\"http:\/\/schema.org\/image\" title=\"Kurz vor P\u00e4wesin\" alt=\"Kurz vor P\u00e4wesin\" style=\"width: 170px; height: 113px;\" \/> <\/a> <div class=\"tiled-gallery-caption\" itemprop=\"caption description\"> Kurz vor P\u00e4wesin <\/div> <\/div> <\/div> <!-- close group --> <\/div> <!-- close row --> <div class=\"gallery-row\" style=\"width: 525px; height: 176px;\" data-original-width=\"525\" data-original-height=\"176\" > <div class=\"gallery-group images-1\" style=\"width: 263px; height: 176px;\" data-original-width=\"263\" data-original-height=\"176\" > <div class=\"tiled-gallery-item tiled-gallery-item-large\" itemprop=\"associatedMedia\" itemscope itemtype=\"http:\/\/schema.org\/ImageObject\"> <a href=\"https:\/\/i0.wp.com\/blog.kunstgriff.net\/wp-content\/uploads\/2017\/11\/Kuchen-wie-immer.jpg?ssl=1\" border=\"0\" itemprop=\"url\"> <meta itemprop=\"width\" content=\"259\"> <meta itemprop=\"height\" content=\"172\"> <img decoding=\"async\" class=\"\" data-attachment-id=\"17058\" data-orig-file=\"https:\/\/blog.kunstgriff.net\/wp-content\/uploads\/2017\/11\/Kuchen-wie-immer.jpg\" data-orig-size=\"2000,1333\" data-comments-opened=\"1\" data-image-meta=\"{&quot;aperture&quot;:&quot;2.8&quot;,&quot;credit&quot;:&quot;&quot;,&quot;camera&quot;:&quot;TG-4&quot;,&quot;caption&quot;:&quot;OLYMPUS DIGITAL CAMERA&quot;,&quot;created_timestamp&quot;:&quot;1509808101&quot;,&quot;copyright&quot;:&quot;&quot;,&quot;focal_length&quot;:&quot;4.5&quot;,&quot;iso&quot;:&quot;100&quot;,&quot;shutter_speed&quot;:&quot;0.005&quot;,&quot;title&quot;:&quot;OLYMPUS DIGITAL CAMERA&quot;,&quot;orientation&quot;:&quot;1&quot;}\" data-image-title=\"Kuchen &amp;#8211; wie immer\" data-image-description=\"\" data-medium-file=\"https:\/\/i0.wp.com\/blog.kunstgriff.net\/wp-content\/uploads\/2017\/11\/Kuchen-wie-immer.jpg?fit=300%2C200&#038;ssl=1\" data-large-file=\"https:\/\/i0.wp.com\/blog.kunstgriff.net\/wp-content\/uploads\/2017\/11\/Kuchen-wie-immer.jpg?fit=1024%2C682&#038;ssl=1\" src=\"https:\/\/i0.wp.com\/blog.kunstgriff.net\/wp-content\/uploads\/2017\/11\/Kuchen-wie-immer.jpg?w=259&#038;h=172&#038;ssl=1\" srcset=\"https:\/\/i0.wp.com\/blog.kunstgriff.net\/wp-content\/uploads\/2017\/11\/Kuchen-wie-immer.jpg?w=2000&amp;ssl=1 2000w, https:\/\/i0.wp.com\/blog.kunstgriff.net\/wp-content\/uploads\/2017\/11\/Kuchen-wie-immer.jpg?resize=300%2C200&amp;ssl=1 300w, https:\/\/i0.wp.com\/blog.kunstgriff.net\/wp-content\/uploads\/2017\/11\/Kuchen-wie-immer.jpg?resize=768%2C512&amp;ssl=1 768w, https:\/\/i0.wp.com\/blog.kunstgriff.net\/wp-content\/uploads\/2017\/11\/Kuchen-wie-immer.jpg?resize=1024%2C682&amp;ssl=1 1024w, https:\/\/i0.wp.com\/blog.kunstgriff.net\/wp-content\/uploads\/2017\/11\/Kuchen-wie-immer.jpg?resize=450%2C300&amp;ssl=1 450w, https:\/\/i0.wp.com\/blog.kunstgriff.net\/wp-content\/uploads\/2017\/11\/Kuchen-wie-immer.jpg?w=1575&amp;ssl=1 1575w\" width=\"259\" height=\"172\" loading=\"lazy\" data-original-width=\"259\" data-original-height=\"172\" itemprop=\"http:\/\/schema.org\/image\" title=\"Kuchen - wie immer\" alt=\"Kuchen - wie immer\" style=\"width: 259px; height: 172px;\" \/> <\/a> <div class=\"tiled-gallery-caption\" itemprop=\"caption description\"> Kuchen &#8211; wie immer <\/div> <\/div> <\/div> <!-- close group --> <div class=\"gallery-group images-1\" style=\"width: 262px; height: 176px;\" data-original-width=\"262\" data-original-height=\"176\" > <div class=\"tiled-gallery-item tiled-gallery-item-large\" itemprop=\"associatedMedia\" itemscope itemtype=\"http:\/\/schema.org\/ImageObject\"> <a href=\"https:\/\/i0.wp.com\/blog.kunstgriff.net\/wp-content\/uploads\/2017\/11\/Beeindruckende-Wolkenformation-bei-Wustermark.jpg?ssl=1\" border=\"0\" itemprop=\"url\"> <meta itemprop=\"width\" content=\"258\"> <meta itemprop=\"height\" content=\"172\"> <img decoding=\"async\" class=\"\" data-attachment-id=\"17056\" data-orig-file=\"https:\/\/blog.kunstgriff.net\/wp-content\/uploads\/2017\/11\/Beeindruckende-Wolkenformation-bei-Wustermark.jpg\" data-orig-size=\"2000,1333\" data-comments-opened=\"1\" data-image-meta=\"{&quot;aperture&quot;:&quot;8&quot;,&quot;credit&quot;:&quot;&quot;,&quot;camera&quot;:&quot;TG-4&quot;,&quot;caption&quot;:&quot;OLYMPUS DIGITAL CAMERA&quot;,&quot;created_timestamp&quot;:&quot;1509811120&quot;,&quot;copyright&quot;:&quot;&quot;,&quot;focal_length&quot;:&quot;4.5&quot;,&quot;iso&quot;:&quot;100&quot;,&quot;shutter_speed&quot;:&quot;0.0015625&quot;,&quot;title&quot;:&quot;OLYMPUS DIGITAL CAMERA&quot;,&quot;orientation&quot;:&quot;1&quot;}\" data-image-title=\"Beeindruckende Wolkenformation bei Wustermark\" data-image-description=\"\" data-medium-file=\"https:\/\/i0.wp.com\/blog.kunstgriff.net\/wp-content\/uploads\/2017\/11\/Beeindruckende-Wolkenformation-bei-Wustermark.jpg?fit=300%2C200&#038;ssl=1\" data-large-file=\"https:\/\/i0.wp.com\/blog.kunstgriff.net\/wp-content\/uploads\/2017\/11\/Beeindruckende-Wolkenformation-bei-Wustermark.jpg?fit=1024%2C682&#038;ssl=1\" src=\"https:\/\/i0.wp.com\/blog.kunstgriff.net\/wp-content\/uploads\/2017\/11\/Beeindruckende-Wolkenformation-bei-Wustermark.jpg?w=258&#038;h=172&#038;ssl=1\" srcset=\"https:\/\/i0.wp.com\/blog.kunstgriff.net\/wp-content\/uploads\/2017\/11\/Beeindruckende-Wolkenformation-bei-Wustermark.jpg?w=2000&amp;ssl=1 2000w, https:\/\/i0.wp.com\/blog.kunstgriff.net\/wp-content\/uploads\/2017\/11\/Beeindruckende-Wolkenformation-bei-Wustermark.jpg?resize=300%2C200&amp;ssl=1 300w, https:\/\/i0.wp.com\/blog.kunstgriff.net\/wp-content\/uploads\/2017\/11\/Beeindruckende-Wolkenformation-bei-Wustermark.jpg?resize=768%2C512&amp;ssl=1 768w, https:\/\/i0.wp.com\/blog.kunstgriff.net\/wp-content\/uploads\/2017\/11\/Beeindruckende-Wolkenformation-bei-Wustermark.jpg?resize=1024%2C682&amp;ssl=1 1024w, https:\/\/i0.wp.com\/blog.kunstgriff.net\/wp-content\/uploads\/2017\/11\/Beeindruckende-Wolkenformation-bei-Wustermark.jpg?resize=450%2C300&amp;ssl=1 450w, https:\/\/i0.wp.com\/blog.kunstgriff.net\/wp-content\/uploads\/2017\/11\/Beeindruckende-Wolkenformation-bei-Wustermark.jpg?w=1575&amp;ssl=1 1575w\" width=\"258\" height=\"172\" loading=\"lazy\" data-original-width=\"258\" data-original-height=\"172\" itemprop=\"http:\/\/schema.org\/image\" title=\"Beeindruckende Wolkenformation bei Wustermark\" alt=\"Beeindruckende Wolkenformation bei Wustermark\" style=\"width: 258px; height: 172px;\" \/> <\/a> <div class=\"tiled-gallery-caption\" itemprop=\"caption description\"> Beeindruckende Wolkenformation bei Wustermark <\/div> <\/div> <\/div> <!-- close group --> <\/div> <!-- close row --> <\/div>\n<p><iframe loading=\"lazy\" src=\"https:\/\/www.strava.com\/activities\/1261089908\/embed\/2ccca432ec6bc6d9bd4d1a00aeaad337ba8546c0\" width=\"590\" height=\"405\" frameborder=\"0\" scrolling=\"no\"><\/iframe><\/p>\n<div style=\"width: 525px;\" class=\"wp-video\"><video class=\"wp-video-shortcode\" id=\"video-17061-1\" width=\"525\" height=\"295\" preload=\"metadata\" controls=\"controls\"><source type=\"video\/mp4\" src=\"https:\/\/blog.kunstgriff.net\/wp-content\/uploads\/2017\/11\/Relive-P\u00e4wesin-Runde-rerererererererereloaded.mp4?_=1\" \/><a href=\"https:\/\/blog.kunstgriff.net\/wp-content\/uploads\/2017\/11\/Relive-P\u00e4wesin-Runde-rerererererererereloaded.mp4\">https:\/\/blog.kunstgriff.net\/wp-content\/uploads\/2017\/11\/Relive-P\u00e4wesin-Runde-rerererererererereloaded.mp4<\/a><\/video><\/div>\n","protected":false},"excerpt":{"rendered":"<p>Backwahn geht immer! Lange haderte ich, ob ich heute fahren sollte. Aber in Anbetracht des Sonnenscheins, musste ich, trotz Kratzehals auf die Strasse. Unten, vor der Haust\u00fcr, konnte ich erstmal nicht aufs kleine Blatt schalten, denn der Akku meiner DI2-Schaltung war leer. Also nochmal hoch und 20 Minuten aufladen. Verwundert war ich schon, da ich &hellip; <\/p>\n<p class=\"link-more\"><a href=\"https:\/\/blog.kunstgriff.net\/?p=17061\" class=\"more-link\"><span class=\"screen-reader-text\">\u201eP\u00e4wesin-Runde rerererererererereloaded\u201c <\/span>weiterlesen<\/a><\/p>\n","protected":false},"author":2,"featured_media":17056,"comment_status":"open","ping_status":"open","sticky":false,"template":"","format":"standard","meta":{"jetpack_post_was_ever_published":false,"_jetpack_newsletter_access":"","_jetpack_dont_email_post_to_subs":false,"_jetpack_newsletter_tier_id":0,"_jetpack_memberships_contains_paywalled_content":false,"_jetpack_memberships_contains_paid_content":false,"footnotes":""},"categories":[34,14,7],"tags":[],"class_list":["post-17061","post","type-post","status-publish","format-standard","has-post-thumbnail","hentry","category-cake-ride","category-radfahren","category-rennradfahren"],"jetpack_featured_media_url":"https:\/\/i0.wp.com\/blog.kunstgriff.net\/wp-content\/uploads\/2017\/11\/Beeindruckende-Wolkenformation-bei-Wustermark.jpg?fit=2000%2C1333&ssl=1","jetpack_shortlink":"https:\/\/wp.me\/p8Cxe7-4rb","jetpack-related-posts":[{"id":17989,"url":"https:\/\/blog.kunstgriff.net\/?p=17989","url_meta":{"origin":17061,"position":0},"title":"P\u00e4wesin-Runde","author":"Georg","date":"Mai 21, 2018","format":false,"excerpt":"Mit Marc & Wind zum Backwahn Eigentlich f\u00e4hrt \u00bbman ja an Pfingsten in Bimbach\u00ab. Mein facebook ist zumindest voll von solchen Posts. Da ich vor 6.800 H\u00f6henmetern in zwei Touren\/Tagen in meinem Alter tats\u00e4chlich Angstschweiss nicht nur auf der Stirn bekomme, dachte ich mir, da\u00df das sicher auch in Berlin\u2026","rel":"","context":"In &quot;Cake-Ride&quot;","block_context":{"text":"Cake-Ride","link":"https:\/\/blog.kunstgriff.net\/?cat=34"},"img":{"alt_text":"","src":"https:\/\/i0.wp.com\/blog.kunstgriff.net\/wp-content\/uploads\/2018\/05\/Sehr-windig-in-Tremmen-Hill.jpg?fit=1200%2C799&ssl=1&resize=350%2C200","width":350,"height":200,"srcset":"https:\/\/i0.wp.com\/blog.kunstgriff.net\/wp-content\/uploads\/2018\/05\/Sehr-windig-in-Tremmen-Hill.jpg?fit=1200%2C799&ssl=1&resize=350%2C200 1x, https:\/\/i0.wp.com\/blog.kunstgriff.net\/wp-content\/uploads\/2018\/05\/Sehr-windig-in-Tremmen-Hill.jpg?fit=1200%2C799&ssl=1&resize=525%2C300 1.5x, https:\/\/i0.wp.com\/blog.kunstgriff.net\/wp-content\/uploads\/2018\/05\/Sehr-windig-in-Tremmen-Hill.jpg?fit=1200%2C799&ssl=1&resize=700%2C400 2x, https:\/\/i0.wp.com\/blog.kunstgriff.net\/wp-content\/uploads\/2018\/05\/Sehr-windig-in-Tremmen-Hill.jpg?fit=1200%2C799&ssl=1&resize=1050%2C600 3x"},"classes":[]},{"id":16482,"url":"https:\/\/blog.kunstgriff.net\/?p=16482","url_meta":{"origin":17061,"position":1},"title":"P\u00e4wesin-Runde rerereloaded","author":"Georg","date":"Juli 22, 2017","format":false,"excerpt":"\u00bbWiederholungst\u00e4ter mit Vorsatz\u00ab Das war heute gar nicht so einfach mit der Tourenfindung, denn ein kleines Regenfeld zog best\u00e4ndig auf Berlin zu. Diesem wollte ich mich auf keinen Fall aussetzen und so sagte ich den Treff mit den TiRis am Auerbachtunnel erstmal ab. Marc wollte mit Jule nach P\u00e4wesin \u2013\u2026","rel":"","context":"In &quot;Cake-Ride&quot;","block_context":{"text":"Cake-Ride","link":"https:\/\/blog.kunstgriff.net\/?cat=34"},"img":{"alt_text":"","src":"https:\/\/i0.wp.com\/blog.kunstgriff.net\/wp-content\/uploads\/2017\/07\/Wustermark-im-Wind.jpg?fit=1200%2C800&ssl=1&resize=350%2C200","width":350,"height":200,"srcset":"https:\/\/i0.wp.com\/blog.kunstgriff.net\/wp-content\/uploads\/2017\/07\/Wustermark-im-Wind.jpg?fit=1200%2C800&ssl=1&resize=350%2C200 1x, https:\/\/i0.wp.com\/blog.kunstgriff.net\/wp-content\/uploads\/2017\/07\/Wustermark-im-Wind.jpg?fit=1200%2C800&ssl=1&resize=525%2C300 1.5x, https:\/\/i0.wp.com\/blog.kunstgriff.net\/wp-content\/uploads\/2017\/07\/Wustermark-im-Wind.jpg?fit=1200%2C800&ssl=1&resize=700%2C400 2x, https:\/\/i0.wp.com\/blog.kunstgriff.net\/wp-content\/uploads\/2017\/07\/Wustermark-im-Wind.jpg?fit=1200%2C800&ssl=1&resize=1050%2C600 3x"},"classes":[]},{"id":18758,"url":"https:\/\/blog.kunstgriff.net\/?p=18758","url_meta":{"origin":17061,"position":2},"title":"P\u00e4wesin-Runde #7","author":"Georg","date":"September 1, 2018","format":false,"excerpt":"Kuchen-Hunni mit dem ESK Nicht mal 2 Wochen ist es her, da\u00df ich nach P\u00e4wesin geradelt bin. Eigentlich war ich heute unentschlossen und wusste nicht was ich fahren wollte. Die Eckdaten kannte ich aber: Relativ kurz, wegen kleinen Zeitfensters und fr\u00fch sollte es losgehen, damit ich auch zeitig wieder zur\u00fcck\u2026","rel":"","context":"In &quot;Cake-Ride&quot;","block_context":{"text":"Cake-Ride","link":"https:\/\/blog.kunstgriff.net\/?cat=34"},"img":{"alt_text":"","src":"https:\/\/i0.wp.com\/blog.kunstgriff.net\/wp-content\/uploads\/2018\/09\/Mit-dem-ESK-nach-Roskow.jpg?fit=1200%2C800&ssl=1&resize=350%2C200","width":350,"height":200,"srcset":"https:\/\/i0.wp.com\/blog.kunstgriff.net\/wp-content\/uploads\/2018\/09\/Mit-dem-ESK-nach-Roskow.jpg?fit=1200%2C800&ssl=1&resize=350%2C200 1x, https:\/\/i0.wp.com\/blog.kunstgriff.net\/wp-content\/uploads\/2018\/09\/Mit-dem-ESK-nach-Roskow.jpg?fit=1200%2C800&ssl=1&resize=525%2C300 1.5x, https:\/\/i0.wp.com\/blog.kunstgriff.net\/wp-content\/uploads\/2018\/09\/Mit-dem-ESK-nach-Roskow.jpg?fit=1200%2C800&ssl=1&resize=700%2C400 2x, https:\/\/i0.wp.com\/blog.kunstgriff.net\/wp-content\/uploads\/2018\/09\/Mit-dem-ESK-nach-Roskow.jpg?fit=1200%2C800&ssl=1&resize=1050%2C600 3x"},"classes":[]},{"id":15600,"url":"https:\/\/blog.kunstgriff.net\/?p=15600","url_meta":{"origin":17061,"position":3},"title":"P\u00e4wesin-Runde","author":"Georg","date":"Mai 21, 2017","format":false,"excerpt":"\u00bbAlleine nach Westen \u2013 in der Gruppe zur\u00fcck\u00ab Meine Beine waren am Morgen noch M\u00fcde und f\u00fchlten sich nicht nach Radfahren an. Je mehr ich allerdings aus dem Fenster sah, wurde mir klar, dass es heute keine alternativen zum Radfahren gab: Die Sonne schien und es war strahlend blauer Himmel.\u2026","rel":"","context":"In &quot;Cake-Ride&quot;","block_context":{"text":"Cake-Ride","link":"https:\/\/blog.kunstgriff.net\/?cat=34"},"img":{"alt_text":"","src":"https:\/\/i0.wp.com\/blog.kunstgriff.net\/wp-content\/uploads\/2017\/05\/Am-Sacrower-See-alles-gr%C3%BCnt.jpg?fit=1200%2C800&ssl=1&resize=350%2C200","width":350,"height":200,"srcset":"https:\/\/i0.wp.com\/blog.kunstgriff.net\/wp-content\/uploads\/2017\/05\/Am-Sacrower-See-alles-gr%C3%BCnt.jpg?fit=1200%2C800&ssl=1&resize=350%2C200 1x, https:\/\/i0.wp.com\/blog.kunstgriff.net\/wp-content\/uploads\/2017\/05\/Am-Sacrower-See-alles-gr%C3%BCnt.jpg?fit=1200%2C800&ssl=1&resize=525%2C300 1.5x, https:\/\/i0.wp.com\/blog.kunstgriff.net\/wp-content\/uploads\/2017\/05\/Am-Sacrower-See-alles-gr%C3%BCnt.jpg?fit=1200%2C800&ssl=1&resize=700%2C400 2x, https:\/\/i0.wp.com\/blog.kunstgriff.net\/wp-content\/uploads\/2017\/05\/Am-Sacrower-See-alles-gr%C3%BCnt.jpg?fit=1200%2C800&ssl=1&resize=1050%2C600 3x"},"classes":[]},{"id":16542,"url":"https:\/\/blog.kunstgriff.net\/?p=16542","url_meta":{"origin":17061,"position":4},"title":"P\u00e4wesin-Runde rerererereloaded","author":"Georg","date":"August 5, 2017","format":false,"excerpt":"\u00bbImmer wieder Samstags\u00ab In Ermangelung eines grossen Zeitfensters musste ich mich heute alleine auf die Socken machen und ein wenig den Staub der Woche abstrampeln. In letzter Zeit brauche ich da nicht mehr lange \u00fcberlegen, welche Runde gefahren wird \u2013 P\u00e4wesin - it is! Das Thermometer zeigte gleich mal 21\u00b0C\u2026","rel":"","context":"In &quot;Cake-Ride&quot;","block_context":{"text":"Cake-Ride","link":"https:\/\/blog.kunstgriff.net\/?cat=34"},"img":{"alt_text":"","src":"https:\/\/i0.wp.com\/blog.kunstgriff.net\/wp-content\/uploads\/2017\/08\/Halber-Kuchentresen.jpg?fit=1200%2C800&ssl=1&resize=350%2C200","width":350,"height":200,"srcset":"https:\/\/i0.wp.com\/blog.kunstgriff.net\/wp-content\/uploads\/2017\/08\/Halber-Kuchentresen.jpg?fit=1200%2C800&ssl=1&resize=350%2C200 1x, https:\/\/i0.wp.com\/blog.kunstgriff.net\/wp-content\/uploads\/2017\/08\/Halber-Kuchentresen.jpg?fit=1200%2C800&ssl=1&resize=525%2C300 1.5x, https:\/\/i0.wp.com\/blog.kunstgriff.net\/wp-content\/uploads\/2017\/08\/Halber-Kuchentresen.jpg?fit=1200%2C800&ssl=1&resize=700%2C400 2x, https:\/\/i0.wp.com\/blog.kunstgriff.net\/wp-content\/uploads\/2017\/08\/Halber-Kuchentresen.jpg?fit=1200%2C800&ssl=1&resize=1050%2C600 3x"},"classes":[]},{"id":12037,"url":"https:\/\/blog.kunstgriff.net\/?p=12037","url_meta":{"origin":17061,"position":5},"title":"P\u00e4wesin-Runde","author":"Georg","date":"August 2, 2014","format":false,"excerpt":"oder \u00bbZum Backwahn ins Havelland\u00ab Nach gef\u00fchlten Jahren an Rennrad-Abstinenz war es heute endlich wieder so weit und ich konnte auf die Jungfernfahrt mit meinem neu aufgebauten Rad gehen. Zu erst einmal wollte ich alleine Fahren, nicht nur wegen des neuen Renners, auch wegen des desolaten Fitness-Standes, wollte ich mich\u2026","rel":"","context":"In &quot;Radfahren&quot;","block_context":{"text":"Radfahren","link":"https:\/\/blog.kunstgriff.net\/?cat=14"},"img":{"alt_text":"","src":"https:\/\/i0.wp.com\/blog.kunstgriff.net\/wp-content\/uploads\/2014\/08\/Das-Korn-ist-geerntet.jpg?fit=1200%2C900&ssl=1&resize=350%2C200","width":350,"height":200,"srcset":"https:\/\/i0.wp.com\/blog.kunstgriff.net\/wp-content\/uploads\/2014\/08\/Das-Korn-ist-geerntet.jpg?fit=1200%2C900&ssl=1&resize=350%2C200 1x, https:\/\/i0.wp.com\/blog.kunstgriff.net\/wp-content\/uploads\/2014\/08\/Das-Korn-ist-geerntet.jpg?fit=1200%2C900&ssl=1&resize=525%2C300 1.5x, https:\/\/i0.wp.com\/blog.kunstgriff.net\/wp-content\/uploads\/2014\/08\/Das-Korn-ist-geerntet.jpg?fit=1200%2C900&ssl=1&resize=700%2C400 2x, https:\/\/i0.wp.com\/blog.kunstgriff.net\/wp-content\/uploads\/2014\/08\/Das-Korn-ist-geerntet.jpg?fit=1200%2C900&ssl=1&resize=1050%2C600 3x"},"classes":[]}],"jetpack_likes_enabled":true,"jetpack_sharing_enabled":true,"_links":{"self":[{"href":"https:\/\/blog.kunstgriff.net\/index.php?rest_route=\/wp\/v2\/posts\/17061","targetHints":{"allow":["GET"]}}],"collection":[{"href":"https:\/\/blog.kunstgriff.net\/index.php?rest_route=\/wp\/v2\/posts"}],"about":[{"href":"https:\/\/blog.kunstgriff.net\/index.php?rest_route=\/wp\/v2\/types\/post"}],"author":[{"embeddable":true,"href":"https:\/\/blog.kunstgriff.net\/index.php?rest_route=\/wp\/v2\/users\/2"}],"replies":[{"embeddable":true,"href":"https:\/\/blog.kunstgriff.net\/index.php?rest_route=%2Fwp%2Fv2%2Fcomments&post=17061"}],"version-history":[{"count":0,"href":"https:\/\/blog.kunstgriff.net\/index.php?rest_route=\/wp\/v2\/posts\/17061\/revisions"}],"wp:featuredmedia":[{"embeddable":true,"href":"https:\/\/blog.kunstgriff.net\/index.php?rest_route=\/wp\/v2\/media\/17056"}],"wp:attachment":[{"href":"https:\/\/blog.kunstgriff.net\/index.php?rest_route=%2Fwp%2Fv2%2Fmedia&parent=17061"}],"wp:term":[{"taxonomy":"category","embeddable":true,"href":"https:\/\/blog.kunstgriff.net\/index.php?rest_route=%2Fwp%2Fv2%2Fcategories&post=17061"},{"taxonomy":"post_tag","embeddable":true,"href":"https:\/\/blog.kunstgriff.net\/index.php?rest_route=%2Fwp%2Fv2%2Ftags&post=17061"}],"curies":[{"name":"wp","href":"https:\/\/api.w.org\/{rel}","templated":true}]}}