{"id":17079,"date":"2017-11-18T19:15:51","date_gmt":"2017-11-18T18:15:51","guid":{"rendered":"https:\/\/blog.kunstgriff.net\/?p=17079"},"modified":"2017-11-18T19:44:45","modified_gmt":"2017-11-18T18:44:45","slug":"eberswalder-kuchenrunde","status":"publish","type":"post","link":"https:\/\/blog.kunstgriff.net\/?p=17079","title":{"rendered":"Eberswalder Kuchenrunde"},"content":{"rendered":"<span class=\"span-reading-time rt-reading-time\" style=\"display: block;\"><span class=\"rt-label rt-prefix\">Lesezeit: <\/span> <span class=\"rt-time\"> 2<\/span> <span class=\"rt-label rt-postfix\">Minuten<\/span><\/span><h4>Wind und kalt ist unser Freund!<\/h4>\n<hr \/>\n<p>Beim Blick auf den Thermometer war ich kurz davor meinen Vorsatz \u00fcber Bord zu werfen und heute nicht radeln zu gehen. Zumindest nicht draussen. Aber dann kam mir wieder dieses<em> \u00bboutside is free\u00ab<\/em> und so in den Sinn und trocken sollte es auch bleiben. Zumindest bis zum Nachmittag. Also rin in die Radbuchse und bei 5\u00b0C den Renner startklar gemacht.<\/p>\n<p>Erstmal alleine zum Treffpunkt, zu dem ich eigentlich gar nicht eingeladen war. Eine Nord-Runden-Tour, auf dessen Verteiler ich wohl nicht war. Zum Gl\u00fcck hatte ich so meine Quellen und war dem \u00fcberraschten Christian dann doch sehr willkommen.<\/p>\n<p>Zum Start gab es einige Verwunderung wie rum gefahren werden sollte. Niemand au\u00dfer mir hatte den Track geladen. Ich wusste: Heute ging es gegen den Uhrzeigersinn. Auch mal sch\u00f6n.<\/p>\n<p>Der Hinweg nach Eberswalde gestaltet sich, bis auf einen Schleicher von Sascha, sehr komfortabel. Dies war nicht nur dem R\u00fcckenwind geschuldet, sondern auch der guten F\u00fchrungsarbeit der Gruppe. Schwups, sassen wir beim Kuchen. Herrlich! Die \u00fcblichen, heute nicht zu detaillierten Kettengespr\u00e4che und dieser Im-warmen-zuhause-auf-der-Stelle-in-der-S\u00fcdsee-radeln-erkl\u00e4r-Talk wurde auch abgehalten. Still not convinced.<\/p>\n<p>Dann ging es auf den R\u00fcckweg und nach&nbsp;<em>\u00bboutside is free\u00ab <\/em>kam<em>&nbsp;\u00bboutside is windy\u00ab<\/em> Nu aber richtig. Mein Puls war auch in der zweiten Reihe im anaeroben Bereich. Egal, trainiert werden sollte ja heute und so ging es bis Bernau. Dort verabschiedeten sich Sascha und Boris.<\/p>\n<p>Christian, Thilo und ich kurbelten auf dem klassischen Feierabend-Runden Track zur\u00fcck zur Agip Tankstelle, genau rechtzeitig bevor es dunkel wurde und der grosse Regen begann.<\/p>\n<p>Sch\u00f6ne Ausfahrt \u2013&nbsp;<em>\u00bboutside is cold &amp; windy\u00ab<\/em><\/p>\n<figure id=\"attachment_17081\" aria-describedby=\"caption-attachment-17081\" style=\"width: 2000px\" class=\"wp-caption aligncenter\"><a href=\"https:\/\/i0.wp.com\/blog.kunstgriff.net\/wp-content\/uploads\/2017\/11\/Bild-1.jpg?ssl=1\"><img data-recalc-dims=\"1\" loading=\"lazy\" decoding=\"async\" data-attachment-id=\"17081\" data-permalink=\"https:\/\/blog.kunstgriff.net\/?attachment_id=17081\" data-orig-file=\"https:\/\/i0.wp.com\/blog.kunstgriff.net\/wp-content\/uploads\/2017\/11\/Bild-1.jpg?fit=2000%2C1500&amp;ssl=1\" data-orig-size=\"2000,1500\" data-comments-opened=\"1\" data-image-meta=\"{&quot;aperture&quot;:&quot;1.8&quot;,&quot;credit&quot;:&quot;&quot;,&quot;camera&quot;:&quot;iPhone X&quot;,&quot;caption&quot;:&quot;&quot;,&quot;created_timestamp&quot;:&quot;1511007046&quot;,&quot;copyright&quot;:&quot;&quot;,&quot;focal_length&quot;:&quot;4&quot;,&quot;iso&quot;:&quot;40&quot;,&quot;shutter_speed&quot;:&quot;0.05&quot;,&quot;title&quot;:&quot;&quot;,&quot;orientation&quot;:&quot;1&quot;}\" data-image-title=\"Die Bande wartet auf Kuchen\" data-image-description=\"\" data-image-caption=\"&lt;p&gt;Die Bande wartet auf Kuchen&lt;\/p&gt;\n\" data-large-file=\"https:\/\/i0.wp.com\/blog.kunstgriff.net\/wp-content\/uploads\/2017\/11\/Bild-1.jpg?fit=1024%2C768&amp;ssl=1\" class=\"size-full wp-image-17081\" src=\"https:\/\/i0.wp.com\/blog.kunstgriff.net\/wp-content\/uploads\/2017\/11\/Bild-1.jpg?resize=525%2C394&#038;ssl=1\" alt=\"Die Bande wartet auf Kuchen\" width=\"525\" height=\"394\" srcset=\"https:\/\/i0.wp.com\/blog.kunstgriff.net\/wp-content\/uploads\/2017\/11\/Bild-1.jpg?w=2000&amp;ssl=1 2000w, https:\/\/i0.wp.com\/blog.kunstgriff.net\/wp-content\/uploads\/2017\/11\/Bild-1.jpg?resize=300%2C225&amp;ssl=1 300w, https:\/\/i0.wp.com\/blog.kunstgriff.net\/wp-content\/uploads\/2017\/11\/Bild-1.jpg?resize=768%2C576&amp;ssl=1 768w, https:\/\/i0.wp.com\/blog.kunstgriff.net\/wp-content\/uploads\/2017\/11\/Bild-1.jpg?resize=1024%2C768&amp;ssl=1 1024w, https:\/\/i0.wp.com\/blog.kunstgriff.net\/wp-content\/uploads\/2017\/11\/Bild-1.jpg?resize=400%2C300&amp;ssl=1 400w, https:\/\/i0.wp.com\/blog.kunstgriff.net\/wp-content\/uploads\/2017\/11\/Bild-1.jpg?w=1575&amp;ssl=1 1575w\" sizes=\"auto, (max-width: 767px) 89vw, (max-width: 1000px) 54vw, (max-width: 1071px) 543px, 580px\" \/><\/a><figcaption id=\"caption-attachment-17081\" class=\"wp-caption-text\">Die Bande wartet auf Kuchen<\/figcaption><\/figure>\n<p><iframe height='405' width='590' frameborder='0' allowtransparency='true' scrolling='no' src='https:\/\/www.strava.com\/activities\/1280594999\/embed\/47dbc07121d9baa62d076b3f46ee54eae603940c'><\/iframe><\/p>\n<div style=\"width: 525px;\" class=\"wp-video\"><video class=\"wp-video-shortcode\" id=\"video-17079-1\" width=\"525\" height=\"295\" preload=\"metadata\" controls=\"controls\"><source type=\"video\/mp4\" src=\"https:\/\/blog.kunstgriff.net\/wp-content\/uploads\/2017\/11\/Relive-Eberswalder-Kuchenrunde.mp4?_=1\" \/><a href=\"https:\/\/blog.kunstgriff.net\/wp-content\/uploads\/2017\/11\/Relive-Eberswalder-Kuchenrunde.mp4\">https:\/\/blog.kunstgriff.net\/wp-content\/uploads\/2017\/11\/Relive-Eberswalder-Kuchenrunde.mp4<\/a><\/video><\/div>\n","protected":false},"excerpt":{"rendered":"<p>Wind und kalt ist unser Freund! Beim Blick auf den Thermometer war ich kurz davor meinen Vorsatz \u00fcber Bord zu werfen und heute nicht radeln zu gehen. Zumindest nicht draussen. Aber dann kam mir wieder dieses \u00bboutside is free\u00ab und so in den Sinn und trocken sollte es auch bleiben. Zumindest bis zum Nachmittag. Also &hellip; <\/p>\n<p class=\"link-more\"><a href=\"https:\/\/blog.kunstgriff.net\/?p=17079\" class=\"more-link\"><span class=\"screen-reader-text\">\u201eEberswalder Kuchenrunde\u201c <\/span>weiterlesen<\/a><\/p>\n","protected":false},"author":2,"featured_media":17082,"comment_status":"open","ping_status":"open","sticky":false,"template":"","format":"standard","meta":{"jetpack_post_was_ever_published":false,"_jetpack_newsletter_access":"","_jetpack_dont_email_post_to_subs":false,"_jetpack_newsletter_tier_id":0,"_jetpack_memberships_contains_paywalled_content":false,"_jetpack_memberships_contains_paid_content":false,"footnotes":""},"categories":[34,14,7],"tags":[],"class_list":["post-17079","post","type-post","status-publish","format-standard","has-post-thumbnail","hentry","category-cake-ride","category-radfahren","category-rennradfahren"],"jetpack_featured_media_url":"https:\/\/i0.wp.com\/blog.kunstgriff.net\/wp-content\/uploads\/2017\/11\/Bild-2.jpg?fit=2000%2C1500&ssl=1","jetpack_shortlink":"https:\/\/wp.me\/p8Cxe7-4rt","jetpack-related-posts":[{"id":6517,"url":"https:\/\/blog.kunstgriff.net\/?p=6517","url_meta":{"origin":17079,"position":0},"title":"ErgoPlanet-Mallorca Tour","author":"Georg","date":"November 5, 2011","format":false,"excerpt":"oder \u00bbErst kein Spass \u2013 dann Randa\u00abDrau\u00dfen schien die Sonne bei milden 12\u00b0C. Ideales Rennradwetter und einige Touren waren heute auch im Internet im Angebot. Leider schmerzte meine Schulter immer noch und ich wollte es nicht riskieren, auf der Stra\u00dfe die Verletzung noch zu verschlimmern. So blieb mir nur der\u2026","rel":"","context":"In &quot;Ergometer Training&quot;","block_context":{"text":"Ergometer Training","link":"https:\/\/blog.kunstgriff.net\/?cat=15"},"img":{"alt_text":"","src":"","width":0,"height":0},"classes":[]},{"id":12072,"url":"https:\/\/blog.kunstgriff.net\/?p=12072","url_meta":{"origin":17079,"position":1},"title":"Tiri-Baruth-Petkus-Runde","author":"Georg","date":"August 10, 2014","format":false,"excerpt":"oder \u00bbVielleicht ein bisschen lang!?\u00abNach einer erneuten Woche Rennrad-Abstinenz \u00fcberlegte ich vor dem Losfahren ob es wohl eine gute Idee sei, heute bei den M\u00e4dels und Jungs am TiRi aufzuschlagen. Mein Zweifeln begleitete mich die ersten Kilometer, der sehr sch\u00f6nen Anfahrt durch die, bedingt durch die Sommerferien, fast autofreie und\u2026","rel":"","context":"In &quot;Radfahren&quot;","block_context":{"text":"Radfahren","link":"https:\/\/blog.kunstgriff.net\/?cat=14"},"img":{"alt_text":"","src":"https:\/\/i0.wp.com\/blog.kunstgriff.net\/wp-content\/uploads\/2014\/08\/we-love-cycling.jpg?fit=1200%2C900&ssl=1&resize=350%2C200","width":350,"height":200,"srcset":"https:\/\/i0.wp.com\/blog.kunstgriff.net\/wp-content\/uploads\/2014\/08\/we-love-cycling.jpg?fit=1200%2C900&ssl=1&resize=350%2C200 1x, https:\/\/i0.wp.com\/blog.kunstgriff.net\/wp-content\/uploads\/2014\/08\/we-love-cycling.jpg?fit=1200%2C900&ssl=1&resize=525%2C300 1.5x, https:\/\/i0.wp.com\/blog.kunstgriff.net\/wp-content\/uploads\/2014\/08\/we-love-cycling.jpg?fit=1200%2C900&ssl=1&resize=700%2C400 2x, https:\/\/i0.wp.com\/blog.kunstgriff.net\/wp-content\/uploads\/2014\/08\/we-love-cycling.jpg?fit=1200%2C900&ssl=1&resize=1050%2C600 3x"},"classes":[]},{"id":5284,"url":"https:\/\/blog.kunstgriff.net\/?p=5284","url_meta":{"origin":17079,"position":2},"title":"Kurze Nordrunde \u00fcber Kremmen","author":"Georg","date":"Juli 18, 2011","format":false,"excerpt":"oder \u00bbPBZ pulverisiert\u00abZum Feierabend war ich unentschlossen, ob ich heute fahren sollte. Zum Einen f\u00fchlten sich die Beine nach der Laufeinheit gestern doch noch ein wenig m\u00fcde an, zum Anderen waren einige Regenfelder laut Regenradar im Anmarsch. Davon war aber nichts zu sehen und irgendwie\u00a0waren w\u00e4ren mir ein paar Tropfen\u2026","rel":"","context":"In &quot;Radfahren&quot;","block_context":{"text":"Radfahren","link":"https:\/\/blog.kunstgriff.net\/?cat=14"},"img":{"alt_text":"","src":"https:\/\/i0.wp.com\/blog.kunstgriff.net\/wp-content\/uploads\/2011\/07\/gewonnen1.png?resize=350%2C200","width":350,"height":200},"classes":[]},{"id":1380,"url":"https:\/\/blog.kunstgriff.net\/?p=1380","url_meta":{"origin":17079,"position":3},"title":"Rh\u00f6n-Rad Marathon Super-Cup","author":"Georg","date":"Mai 23, 2010","format":false,"excerpt":"212,7 km | 3.726 H\u00f6henmeter Nach einer zweiten kurzen Nacht mit automatischem aufgeregten Aufwachen um 4:29 Uhr in einer komfortablen kleinen Pension in Bad Salzschlirf ging es nach einem recht \u00fcbersichtlichem Fr\u00fchst\u00fcck, bestehend aus drei Honigbr\u00f6tchen und drei Tassen Kaffee mit dem Auto ins 10 km entfernte Bimbach. Die freiwillige\u2026","rel":"","context":"In &quot;Radfahren&quot;","block_context":{"text":"Radfahren","link":"https:\/\/blog.kunstgriff.net\/?cat=14"},"img":{"alt_text":"","src":"https:\/\/i0.wp.com\/blog.kunstgriff.net\/wp-content\/uploads\/2010\/05\/100_3005.jpg?fit=510%2C340&ssl=1&resize=350%2C200","width":350,"height":200},"classes":[]},{"id":3983,"url":"https:\/\/blog.kunstgriff.net\/?p=3983","url_meta":{"origin":17079,"position":4},"title":"B\u00e4ckerrunde nach Fehrbellin","author":"Georg","date":"M\u00e4rz 20, 2011","format":false,"excerpt":"oder \u00bbVon 32 auf 0 in 36 Stunden\u00abDer Blick aus dem Fenster zeigte keine Sonne. Nebel, wohin das Auge blickte. Morgenraureif auf den Autos. Kein einladender Anblick, den ich f\u00fcr eine Rennradtour mit meiner Gang nach Fehrbellin ben\u00f6tigte. Was ich wollte, war die im Radio versprochene Sonne. Aber diese wollte\u2026","rel":"","context":"In &quot;Radfahren&quot;","block_context":{"text":"Radfahren","link":"https:\/\/blog.kunstgriff.net\/?cat=14"},"img":{"alt_text":"","src":"https:\/\/i0.wp.com\/blog.kunstgriff.net\/wp-content\/uploads\/2011\/03\/Schniedel.jpg?resize=350%2C200","width":350,"height":200,"srcset":"https:\/\/i0.wp.com\/blog.kunstgriff.net\/wp-content\/uploads\/2011\/03\/Schniedel.jpg?resize=350%2C200 1x, https:\/\/i0.wp.com\/blog.kunstgriff.net\/wp-content\/uploads\/2011\/03\/Schniedel.jpg?resize=525%2C300 1.5x"},"classes":[]},{"id":14056,"url":"https:\/\/blog.kunstgriff.net\/?p=14056","url_meta":{"origin":17079,"position":5},"title":"10-Uhr-Gruppe nach Ferch","author":"Georg","date":"August 6, 2016","format":false,"excerpt":"oder \u00bbLeider nicht mehr mein Niveau\u00ab Die halbe Rennrad-Fahr-Fraktion war in weit entfernten Bundesl\u00e4nder unterwegs und deshalb musste heute mal wieder die alt-bew\u00e4hrte 10-Uhr-Gruppe herhalten, um in den Genuss einer Gruppenausfahrt zu kommen. So war zumindest der Plan. Auch Uwe hatte sich zum Tunnel verirrt, die Sonne schien und alles\u2026","rel":"","context":"In &quot;Radfahren&quot;","block_context":{"text":"Radfahren","link":"https:\/\/blog.kunstgriff.net\/?cat=14"},"img":{"alt_text":"","src":"https:\/\/i0.wp.com\/blog.kunstgriff.net\/wp-content\/uploads\/2016\/08\/P8060001.jpg?fit=1200%2C800&ssl=1&resize=350%2C200","width":350,"height":200,"srcset":"https:\/\/i0.wp.com\/blog.kunstgriff.net\/wp-content\/uploads\/2016\/08\/P8060001.jpg?fit=1200%2C800&ssl=1&resize=350%2C200 1x, https:\/\/i0.wp.com\/blog.kunstgriff.net\/wp-content\/uploads\/2016\/08\/P8060001.jpg?fit=1200%2C800&ssl=1&resize=525%2C300 1.5x, https:\/\/i0.wp.com\/blog.kunstgriff.net\/wp-content\/uploads\/2016\/08\/P8060001.jpg?fit=1200%2C800&ssl=1&resize=700%2C400 2x, https:\/\/i0.wp.com\/blog.kunstgriff.net\/wp-content\/uploads\/2016\/08\/P8060001.jpg?fit=1200%2C800&ssl=1&resize=1050%2C600 3x"},"classes":[]}],"jetpack_likes_enabled":true,"jetpack_sharing_enabled":true,"_links":{"self":[{"href":"https:\/\/blog.kunstgriff.net\/index.php?rest_route=\/wp\/v2\/posts\/17079","targetHints":{"allow":["GET"]}}],"collection":[{"href":"https:\/\/blog.kunstgriff.net\/index.php?rest_route=\/wp\/v2\/posts"}],"about":[{"href":"https:\/\/blog.kunstgriff.net\/index.php?rest_route=\/wp\/v2\/types\/post"}],"author":[{"embeddable":true,"href":"https:\/\/blog.kunstgriff.net\/index.php?rest_route=\/wp\/v2\/users\/2"}],"replies":[{"embeddable":true,"href":"https:\/\/blog.kunstgriff.net\/index.php?rest_route=%2Fwp%2Fv2%2Fcomments&post=17079"}],"version-history":[{"count":0,"href":"https:\/\/blog.kunstgriff.net\/index.php?rest_route=\/wp\/v2\/posts\/17079\/revisions"}],"wp:featuredmedia":[{"embeddable":true,"href":"https:\/\/blog.kunstgriff.net\/index.php?rest_route=\/wp\/v2\/media\/17082"}],"wp:attachment":[{"href":"https:\/\/blog.kunstgriff.net\/index.php?rest_route=%2Fwp%2Fv2%2Fmedia&parent=17079"}],"wp:term":[{"taxonomy":"category","embeddable":true,"href":"https:\/\/blog.kunstgriff.net\/index.php?rest_route=%2Fwp%2Fv2%2Fcategories&post=17079"},{"taxonomy":"post_tag","embeddable":true,"href":"https:\/\/blog.kunstgriff.net\/index.php?rest_route=%2Fwp%2Fv2%2Ftags&post=17079"}],"curies":[{"name":"wp","href":"https:\/\/api.w.org\/{rel}","templated":true}]}}