{"id":1731,"date":"2010-06-25T22:20:10","date_gmt":"2010-06-25T20:20:10","guid":{"rendered":"http:\/\/blog.kunstgriff.net\/?p=1731"},"modified":"2017-06-13T16:02:48","modified_gmt":"2017-06-13T14:02:48","slug":"sachsische-schweiz-tag-1-freitag","status":"publish","type":"post","link":"https:\/\/blog.kunstgriff.net\/?p=1731","title":{"rendered":"S\u00e4chsische Schweiz &#8211; Tag 1 (Freitag)"},"content":{"rendered":"<span class=\"span-reading-time rt-reading-time\" style=\"display: block;\"><span class=\"rt-label rt-prefix\">Lesezeit: <\/span> <span class=\"rt-time\"> 2<\/span> <span class=\"rt-label rt-postfix\">Minuten<\/span><\/span><h4>146,7 km | 1.699 H\u00f6henmeter<\/h4>\n<hr \/>\n<p>Der Tag begann um 4:30 Uhr mit dem klingeln meines Weckers, denn wir waren um 5:50 Uhr verabredet um ins rund 200 km entfernte Pirna aufzubrechen. Dort sollte unser Quartier f\u00fcr das Trainingslager in der <a href=\"http:\/\/de.wikipedia.org\/wiki\/S\u00e4chsische_Schweiz\" target=\"_blank\" rel=\"noopener\">S\u00e4chsischen Schweiz<\/a> sein. Mina, Jasper, Oleg, Zeljo, Jan und ich waren p\u00fcnktlich am Sachsendamm und so machten wir uns auf die gut zweist\u00fcndige Autofahrt gen S\u00fcden.<\/p>\n<p>Wir kamen gut voran und waren um halb neun am Elbufer in unserer <a href=\"http:\/\/www.villahennes.de\/\" target=\"_blank\" rel=\"noopener\">Villa Hennes<\/a>. Nach einem reichhaltigen Fr\u00fchst\u00fcck auf der sonnengefluteten Terrasse ging es gegen halb elf auf die erste <em>Einrollrunde<\/em> \u00fcber 146 km.<\/p>\n<p>Es ging durch Pirna und dann gleich eine kurze knackige 16% Steigung hoch. Weiter \u00fcber sch\u00f6ne Nebenstra\u00dfen durch <a href=\"http:\/\/blog.kunstgriff.net\/wp-content\/uploads\/2010\/06\/DSCF1312.jpg\" target=\"_blank\" rel=\"noopener\">Ortschaften mit wahrlich skurillen Namen<\/a>, Richtung Tschechische Grenze nach <a href=\"http:\/\/de.wikipedia.org\/wiki\/Zinnwald-Georgenfeld\" target=\"_blank\" rel=\"noopener\">Zinnwald<\/a>&#8211;<em>Georg<\/em>enfeld und <a href=\"http:\/\/en.wikipedia.org\/wiki\/Dub%C3%AD\" target=\"_blank\" rel=\"noopener\">Dubi<\/a>. Es erwartete und allerdings vor der Landesgrenze noch unser l\u00e4ngster Anstieg, der aber nicht sonderlich Steil war und souver\u00e4n genommen wurde.<\/p>\n<p>Als wir endlich oben waren, gab es an einer Tankstelle zur Belohnung Kaffee und Cola. Der Wind blies steif und es war doch ein wenig k\u00e4lter als im Tal und Gewitterwolken zogen von Norden auf, so machten wir uns dann auch umgehend auf die sch\u00f6ne lange Abfahrt ins Tal nach <a href=\"http:\/\/en.wikipedia.org\/wiki\/Dub%C3%AD\" target=\"_blank\" rel=\"noopener\">Dubi<\/a>. Nun waren die l\u00e4ngsten Anstiege f\u00fcr heute geschafft und der letzte Sektor unserer heutigen Tour wurde in Angriff genommen: Viel R\u00fcckenwind und nette Senken begleiteten uns entlang des Elbufers, sodass wir den Schnitt doch noch ein wenig heben konnten.<\/p>\n<p>Leider begann es hinter <a href=\"http:\/\/de.wikipedia.org\/wiki\/Bad_Schandau\" target=\"_blank\" rel=\"noopener\">Bad Schandau<\/a> zu regnen, bei Temperaturen \u00fcber 20\u00b0C, R\u00fcckenwind und einem weniger als 10 km entfernten Tagesziel lie\u00df sich das aber relativ leicht ertragen. Trotzdem waren wir froh, unser Domizil nicht komplett durchgen\u00e4sst und frierend zu erreichen.<\/p>\n<p><em>Fazit: <\/em>Ein sch\u00f6ner langer erster Tag auf dem Rennrad in der s\u00e4chsischen Schweiz, der Lust auf weitere Exkursionen ins <a href=\"http:\/\/de.wikipedia.org\/wiki\/Elbsandsteingebirge\" target=\"_blank\" rel=\"noopener\">Elbsandsteingebirge<\/a> macht.<\/p>\n<div class=\"tiled-gallery type-rectangular tiled-gallery-unresized\" data-original-width=\"525\" data-carousel-extra='{&quot;blog_id&quot;:1,&quot;permalink&quot;:&quot;https:\\\/\\\/blog.kunstgriff.net\\\/?p=1731&quot;,&quot;likes_blog_id&quot;:127394879}' itemscope itemtype=\"http:\/\/schema.org\/ImageGallery\" > <div class=\"gallery-row\" style=\"width: 525px; height: 264px;\" data-original-width=\"525\" data-original-height=\"264\" > <div class=\"gallery-group images-1\" style=\"width: 350px; height: 264px;\" data-original-width=\"350\" data-original-height=\"264\" > <div class=\"tiled-gallery-item tiled-gallery-item-large\" itemprop=\"associatedMedia\" itemscope itemtype=\"http:\/\/schema.org\/ImageObject\"> <a href=\"https:\/\/i0.wp.com\/blog.kunstgriff.net\/wp-content\/uploads\/2010\/06\/DSCF1312.jpg?ssl=1\" border=\"0\" itemprop=\"url\"> <meta itemprop=\"width\" content=\"346\"> <meta itemprop=\"height\" content=\"260\"> <img decoding=\"async\" class=\"\" data-attachment-id=\"1744\" data-orig-file=\"https:\/\/blog.kunstgriff.net\/wp-content\/uploads\/2010\/06\/DSCF1312.jpg\" data-orig-size=\"1000,750\" data-comments-opened=\"1\" data-image-meta=\"{&quot;aperture&quot;:&quot;8&quot;,&quot;credit&quot;:&quot;&quot;,&quot;camera&quot;:&quot;FinePix Z33WP&quot;,&quot;caption&quot;:&quot;&quot;,&quot;created_timestamp&quot;:&quot;1277460325&quot;,&quot;copyright&quot;:&quot;&quot;,&quot;focal_length&quot;:&quot;6.3&quot;,&quot;iso&quot;:&quot;100&quot;,&quot;shutter_speed&quot;:&quot;0.0035714285714286&quot;,&quot;title&quot;:&quot;&quot;}\" data-image-title=\"DSCF1312\" data-image-description=\"\" data-medium-file=\"https:\/\/i0.wp.com\/blog.kunstgriff.net\/wp-content\/uploads\/2010\/06\/DSCF1312.jpg?fit=300%2C225&#038;ssl=1\" data-large-file=\"https:\/\/i0.wp.com\/blog.kunstgriff.net\/wp-content\/uploads\/2010\/06\/DSCF1312.jpg?fit=1000%2C750&#038;ssl=1\" src=\"https:\/\/i0.wp.com\/blog.kunstgriff.net\/wp-content\/uploads\/2010\/06\/DSCF1312.jpg?w=346&#038;h=260&#038;ssl=1\" srcset=\"https:\/\/i0.wp.com\/blog.kunstgriff.net\/wp-content\/uploads\/2010\/06\/DSCF1312.jpg?w=1000&amp;ssl=1 1000w, https:\/\/i0.wp.com\/blog.kunstgriff.net\/wp-content\/uploads\/2010\/06\/DSCF1312.jpg?resize=300%2C225&amp;ssl=1 300w\" width=\"346\" height=\"260\" loading=\"lazy\" data-original-width=\"346\" data-original-height=\"260\" itemprop=\"http:\/\/schema.org\/image\" title=\"DSCF1312\" alt=\"DSCF1312\" style=\"width: 346px; height: 260px;\" \/> <\/a> <\/div> <\/div> <!-- close group --> <div class=\"gallery-group images-2\" style=\"width: 175px; height: 264px;\" data-original-width=\"175\" data-original-height=\"264\" > <div class=\"tiled-gallery-item tiled-gallery-item-small\" itemprop=\"associatedMedia\" itemscope itemtype=\"http:\/\/schema.org\/ImageObject\"> <a href=\"https:\/\/i0.wp.com\/blog.kunstgriff.net\/wp-content\/uploads\/2010\/06\/DSCF1314.jpg?ssl=1\" border=\"0\" itemprop=\"url\"> <meta itemprop=\"width\" content=\"171\"> <meta itemprop=\"height\" content=\"128\"> <img decoding=\"async\" class=\"\" data-attachment-id=\"1745\" data-orig-file=\"https:\/\/blog.kunstgriff.net\/wp-content\/uploads\/2010\/06\/DSCF1314.jpg\" data-orig-size=\"1000,750\" data-comments-opened=\"1\" data-image-meta=\"{&quot;aperture&quot;:&quot;8&quot;,&quot;credit&quot;:&quot;&quot;,&quot;camera&quot;:&quot;FinePix Z33WP&quot;,&quot;caption&quot;:&quot;&quot;,&quot;created_timestamp&quot;:&quot;1277464671&quot;,&quot;copyright&quot;:&quot;&quot;,&quot;focal_length&quot;:&quot;6.3&quot;,&quot;iso&quot;:&quot;100&quot;,&quot;shutter_speed&quot;:&quot;0.0025&quot;,&quot;title&quot;:&quot;&quot;}\" data-image-title=\"DSCF1314\" data-image-description=\"\" data-medium-file=\"https:\/\/i0.wp.com\/blog.kunstgriff.net\/wp-content\/uploads\/2010\/06\/DSCF1314.jpg?fit=300%2C225&#038;ssl=1\" data-large-file=\"https:\/\/i0.wp.com\/blog.kunstgriff.net\/wp-content\/uploads\/2010\/06\/DSCF1314.jpg?fit=1000%2C750&#038;ssl=1\" src=\"https:\/\/i0.wp.com\/blog.kunstgriff.net\/wp-content\/uploads\/2010\/06\/DSCF1314.jpg?w=171&#038;h=128&#038;ssl=1\" srcset=\"https:\/\/i0.wp.com\/blog.kunstgriff.net\/wp-content\/uploads\/2010\/06\/DSCF1314.jpg?w=1000&amp;ssl=1 1000w, https:\/\/i0.wp.com\/blog.kunstgriff.net\/wp-content\/uploads\/2010\/06\/DSCF1314.jpg?resize=300%2C225&amp;ssl=1 300w\" width=\"171\" height=\"128\" loading=\"lazy\" data-original-width=\"171\" data-original-height=\"128\" itemprop=\"http:\/\/schema.org\/image\" title=\"DSCF1314\" alt=\"DSCF1314\" style=\"width: 171px; height: 128px;\" \/> <\/a> <\/div> <div class=\"tiled-gallery-item tiled-gallery-item-small\" itemprop=\"associatedMedia\" itemscope itemtype=\"http:\/\/schema.org\/ImageObject\"> <a href=\"https:\/\/i0.wp.com\/blog.kunstgriff.net\/wp-content\/uploads\/2010\/06\/DSCF1317.jpg?ssl=1\" border=\"0\" itemprop=\"url\"> <meta itemprop=\"width\" content=\"171\"> <meta itemprop=\"height\" content=\"128\"> <img decoding=\"async\" class=\"\" data-attachment-id=\"1746\" data-orig-file=\"https:\/\/blog.kunstgriff.net\/wp-content\/uploads\/2010\/06\/DSCF1317.jpg\" data-orig-size=\"1000,750\" data-comments-opened=\"1\" data-image-meta=\"{&quot;aperture&quot;:&quot;8&quot;,&quot;credit&quot;:&quot;&quot;,&quot;camera&quot;:&quot;FinePix Z33WP&quot;,&quot;caption&quot;:&quot;&quot;,&quot;created_timestamp&quot;:&quot;1277464688&quot;,&quot;copyright&quot;:&quot;&quot;,&quot;focal_length&quot;:&quot;6.3&quot;,&quot;iso&quot;:&quot;100&quot;,&quot;shutter_speed&quot;:&quot;0.0041666666666667&quot;,&quot;title&quot;:&quot;&quot;}\" data-image-title=\"DSCF1317\" data-image-description=\"\" data-medium-file=\"https:\/\/i0.wp.com\/blog.kunstgriff.net\/wp-content\/uploads\/2010\/06\/DSCF1317.jpg?fit=300%2C225&#038;ssl=1\" data-large-file=\"https:\/\/i0.wp.com\/blog.kunstgriff.net\/wp-content\/uploads\/2010\/06\/DSCF1317.jpg?fit=1000%2C750&#038;ssl=1\" src=\"https:\/\/i0.wp.com\/blog.kunstgriff.net\/wp-content\/uploads\/2010\/06\/DSCF1317.jpg?w=171&#038;h=128&#038;ssl=1\" srcset=\"https:\/\/i0.wp.com\/blog.kunstgriff.net\/wp-content\/uploads\/2010\/06\/DSCF1317.jpg?w=1000&amp;ssl=1 1000w, https:\/\/i0.wp.com\/blog.kunstgriff.net\/wp-content\/uploads\/2010\/06\/DSCF1317.jpg?resize=300%2C225&amp;ssl=1 300w\" width=\"171\" height=\"128\" loading=\"lazy\" data-original-width=\"171\" data-original-height=\"128\" itemprop=\"http:\/\/schema.org\/image\" title=\"DSCF1317\" alt=\"DSCF1317\" style=\"width: 171px; height: 128px;\" \/> <\/a> <\/div> <\/div> <!-- close group --> <\/div> <!-- close row --> <div class=\"gallery-row\" style=\"width: 525px; height: 132px;\" data-original-width=\"525\" data-original-height=\"132\" > <div class=\"gallery-group images-1\" style=\"width: 175px; height: 132px;\" data-original-width=\"175\" data-original-height=\"132\" > <div class=\"tiled-gallery-item tiled-gallery-item-small\" itemprop=\"associatedMedia\" itemscope itemtype=\"http:\/\/schema.org\/ImageObject\"> <a href=\"https:\/\/i0.wp.com\/blog.kunstgriff.net\/wp-content\/uploads\/2010\/06\/DSCF1325.jpg?ssl=1\" border=\"0\" itemprop=\"url\"> <meta itemprop=\"width\" content=\"171\"> <meta itemprop=\"height\" content=\"128\"> <img decoding=\"async\" class=\"\" data-attachment-id=\"1747\" data-orig-file=\"https:\/\/blog.kunstgriff.net\/wp-content\/uploads\/2010\/06\/DSCF1325.jpg\" data-orig-size=\"1000,750\" data-comments-opened=\"1\" data-image-meta=\"{&quot;aperture&quot;:&quot;4.9&quot;,&quot;credit&quot;:&quot;&quot;,&quot;camera&quot;:&quot;FinePix Z33WP&quot;,&quot;caption&quot;:&quot;&quot;,&quot;created_timestamp&quot;:&quot;1277470465&quot;,&quot;copyright&quot;:&quot;&quot;,&quot;focal_length&quot;:&quot;6.3&quot;,&quot;iso&quot;:&quot;100&quot;,&quot;shutter_speed&quot;:&quot;0.0014705882352941&quot;,&quot;title&quot;:&quot;&quot;}\" data-image-title=\"DSCF1325\" data-image-description=\"\" data-medium-file=\"https:\/\/i0.wp.com\/blog.kunstgriff.net\/wp-content\/uploads\/2010\/06\/DSCF1325.jpg?fit=300%2C225&#038;ssl=1\" data-large-file=\"https:\/\/i0.wp.com\/blog.kunstgriff.net\/wp-content\/uploads\/2010\/06\/DSCF1325.jpg?fit=1000%2C750&#038;ssl=1\" src=\"https:\/\/i0.wp.com\/blog.kunstgriff.net\/wp-content\/uploads\/2010\/06\/DSCF1325.jpg?w=171&#038;h=128&#038;ssl=1\" srcset=\"https:\/\/i0.wp.com\/blog.kunstgriff.net\/wp-content\/uploads\/2010\/06\/DSCF1325.jpg?w=1000&amp;ssl=1 1000w, https:\/\/i0.wp.com\/blog.kunstgriff.net\/wp-content\/uploads\/2010\/06\/DSCF1325.jpg?resize=300%2C225&amp;ssl=1 300w\" width=\"171\" height=\"128\" loading=\"lazy\" data-original-width=\"171\" data-original-height=\"128\" itemprop=\"http:\/\/schema.org\/image\" title=\"DSCF1325\" alt=\"DSCF1325\" style=\"width: 171px; height: 128px;\" \/> <\/a> <\/div> <\/div> <!-- close group --> <div class=\"gallery-group images-1\" style=\"width: 175px; height: 132px;\" data-original-width=\"175\" data-original-height=\"132\" > <div class=\"tiled-gallery-item tiled-gallery-item-small\" itemprop=\"associatedMedia\" itemscope itemtype=\"http:\/\/schema.org\/ImageObject\"> <a href=\"https:\/\/i0.wp.com\/blog.kunstgriff.net\/wp-content\/uploads\/2010\/06\/DSCF1333.jpg?ssl=1\" border=\"0\" itemprop=\"url\"> <meta itemprop=\"width\" content=\"171\"> <meta itemprop=\"height\" content=\"128\"> <img decoding=\"async\" class=\"\" data-attachment-id=\"1748\" data-orig-file=\"https:\/\/blog.kunstgriff.net\/wp-content\/uploads\/2010\/06\/DSCF1333.jpg\" data-orig-size=\"1000,750\" data-comments-opened=\"1\" data-image-meta=\"{&quot;aperture&quot;:&quot;4.2&quot;,&quot;credit&quot;:&quot;&quot;,&quot;camera&quot;:&quot;FinePix Z33WP&quot;,&quot;caption&quot;:&quot;&quot;,&quot;created_timestamp&quot;:&quot;1277470661&quot;,&quot;copyright&quot;:&quot;&quot;,&quot;focal_length&quot;:&quot;18.9&quot;,&quot;iso&quot;:&quot;100&quot;,&quot;shutter_speed&quot;:&quot;0.0033333333333333&quot;,&quot;title&quot;:&quot;&quot;}\" data-image-title=\"DSCF1333\" data-image-description=\"\" data-medium-file=\"https:\/\/i0.wp.com\/blog.kunstgriff.net\/wp-content\/uploads\/2010\/06\/DSCF1333.jpg?fit=300%2C225&#038;ssl=1\" data-large-file=\"https:\/\/i0.wp.com\/blog.kunstgriff.net\/wp-content\/uploads\/2010\/06\/DSCF1333.jpg?fit=1000%2C750&#038;ssl=1\" src=\"https:\/\/i0.wp.com\/blog.kunstgriff.net\/wp-content\/uploads\/2010\/06\/DSCF1333.jpg?w=171&#038;h=128&#038;ssl=1\" srcset=\"https:\/\/i0.wp.com\/blog.kunstgriff.net\/wp-content\/uploads\/2010\/06\/DSCF1333.jpg?w=1000&amp;ssl=1 1000w, https:\/\/i0.wp.com\/blog.kunstgriff.net\/wp-content\/uploads\/2010\/06\/DSCF1333.jpg?resize=300%2C225&amp;ssl=1 300w\" width=\"171\" height=\"128\" loading=\"lazy\" data-original-width=\"171\" data-original-height=\"128\" itemprop=\"http:\/\/schema.org\/image\" title=\"DSCF1333\" alt=\"DSCF1333\" style=\"width: 171px; height: 128px;\" \/> <\/a> <\/div> <\/div> <!-- close group --> <div class=\"gallery-group images-1\" style=\"width: 175px; height: 132px;\" data-original-width=\"175\" data-original-height=\"132\" > <div class=\"tiled-gallery-item tiled-gallery-item-small\" itemprop=\"associatedMedia\" itemscope itemtype=\"http:\/\/schema.org\/ImageObject\"> <a href=\"https:\/\/i0.wp.com\/blog.kunstgriff.net\/wp-content\/uploads\/2010\/06\/DSCF1337.jpg?ssl=1\" border=\"0\" itemprop=\"url\"> <meta itemprop=\"width\" content=\"171\"> <meta itemprop=\"height\" content=\"128\"> <img decoding=\"async\" class=\"\" data-attachment-id=\"1749\" data-orig-file=\"https:\/\/blog.kunstgriff.net\/wp-content\/uploads\/2010\/06\/DSCF1337.jpg\" data-orig-size=\"1000,750\" data-comments-opened=\"1\" data-image-meta=\"{&quot;aperture&quot;:&quot;3.7&quot;,&quot;credit&quot;:&quot;&quot;,&quot;camera&quot;:&quot;FinePix Z33WP&quot;,&quot;caption&quot;:&quot;&quot;,&quot;created_timestamp&quot;:&quot;1277472937&quot;,&quot;copyright&quot;:&quot;&quot;,&quot;focal_length&quot;:&quot;6.3&quot;,&quot;iso&quot;:&quot;100&quot;,&quot;shutter_speed&quot;:&quot;0.0035714285714286&quot;,&quot;title&quot;:&quot;&quot;}\" data-image-title=\"DSCF1337\" data-image-description=\"\" data-medium-file=\"https:\/\/i0.wp.com\/blog.kunstgriff.net\/wp-content\/uploads\/2010\/06\/DSCF1337.jpg?fit=300%2C225&#038;ssl=1\" data-large-file=\"https:\/\/i0.wp.com\/blog.kunstgriff.net\/wp-content\/uploads\/2010\/06\/DSCF1337.jpg?fit=1000%2C750&#038;ssl=1\" src=\"https:\/\/i0.wp.com\/blog.kunstgriff.net\/wp-content\/uploads\/2010\/06\/DSCF1337.jpg?w=171&#038;h=128&#038;ssl=1\" srcset=\"https:\/\/i0.wp.com\/blog.kunstgriff.net\/wp-content\/uploads\/2010\/06\/DSCF1337.jpg?w=1000&amp;ssl=1 1000w, https:\/\/i0.wp.com\/blog.kunstgriff.net\/wp-content\/uploads\/2010\/06\/DSCF1337.jpg?resize=300%2C225&amp;ssl=1 300w\" width=\"171\" height=\"128\" loading=\"lazy\" data-original-width=\"171\" data-original-height=\"128\" itemprop=\"http:\/\/schema.org\/image\" title=\"DSCF1337\" alt=\"DSCF1337\" style=\"width: 171px; height: 128px;\" \/> <\/a> <\/div> <\/div> <!-- close group --> <\/div> <!-- close row --> <\/div>\n<p><iframe loading=\"lazy\" src=\"https:\/\/www.strava.com\/activities\/698647501\/embed\/0359a2bc875db2addac4d1a56ddda560c291db9e\" width=\"590\" height=\"405\" frameborder=\"0\" scrolling=\"no\"><\/iframe><\/p>\n","protected":false},"excerpt":{"rendered":"<p>146,7 km | 1.699 H\u00f6henmeter Der Tag begann um 4:30 Uhr mit dem klingeln meines Weckers, denn wir waren um 5:50 Uhr verabredet um ins rund 200 km entfernte Pirna aufzubrechen. Dort sollte unser Quartier f\u00fcr das Trainingslager in der S\u00e4chsischen Schweiz sein. Mina, Jasper, Oleg, Zeljo, Jan und ich waren p\u00fcnktlich am Sachsendamm und &hellip; <\/p>\n<p class=\"link-more\"><a href=\"https:\/\/blog.kunstgriff.net\/?p=1731\" class=\"more-link\"><span class=\"screen-reader-text\">\u201eS\u00e4chsische Schweiz &#8211; Tag 1 (Freitag)\u201c <\/span>weiterlesen<\/a><\/p>\n","protected":false},"author":2,"featured_media":1744,"comment_status":"open","ping_status":"open","sticky":false,"template":"","format":"standard","meta":{"jetpack_post_was_ever_published":false,"_jetpack_newsletter_access":"","_jetpack_dont_email_post_to_subs":false,"_jetpack_newsletter_tier_id":0,"_jetpack_memberships_contains_paywalled_content":false,"_jetpack_memberships_contains_paid_content":false,"footnotes":""},"categories":[14,13,7],"tags":[],"class_list":["post-1731","post","type-post","status-publish","format-standard","has-post-thumbnail","hentry","category-radfahren","category-radreise","category-rennradfahren"],"jetpack_featured_media_url":"https:\/\/i0.wp.com\/blog.kunstgriff.net\/wp-content\/uploads\/2010\/06\/DSCF1312.jpg?fit=1000%2C750&ssl=1","jetpack_shortlink":"https:\/\/wp.me\/p8Cxe7-rV","jetpack-related-posts":[{"id":1753,"url":"https:\/\/blog.kunstgriff.net\/?p=1753","url_meta":{"origin":1731,"position":0},"title":"S\u00e4chsische Schweiz &#8211; Tag 2 (Samstag)","author":"Georg","date":"Juni 26, 2010","format":false,"excerpt":"148,3 km | 2.292 H\u00f6henmeter Der Tag begann ausgeruht, mit stark bew\u00f6lktem Himmel und einem sehr leckeren Fr\u00fchst\u00fcck um acht Uhr. Anschlie\u00dfend sollte es auf die rund 2.000 H\u00f6henmeter umfassende Tour gehen. Wir waren alle guter Dinge, denn die ersten Kilometer waren flach und die Steigungen begannen sehr moderat. Auch\u2026","rel":"","context":"In &quot;Allgemein&quot;","block_context":{"text":"Allgemein","link":"https:\/\/blog.kunstgriff.net\/?cat=1"},"img":{"alt_text":"","src":"https:\/\/i0.wp.com\/blog.kunstgriff.net\/wp-content\/uploads\/2010\/06\/DSCF1391.jpg?fit=750%2C1000&ssl=1&resize=350%2C200","width":350,"height":200,"srcset":"https:\/\/i0.wp.com\/blog.kunstgriff.net\/wp-content\/uploads\/2010\/06\/DSCF1391.jpg?fit=750%2C1000&ssl=1&resize=350%2C200 1x, https:\/\/i0.wp.com\/blog.kunstgriff.net\/wp-content\/uploads\/2010\/06\/DSCF1391.jpg?fit=750%2C1000&ssl=1&resize=525%2C300 1.5x, https:\/\/i0.wp.com\/blog.kunstgriff.net\/wp-content\/uploads\/2010\/06\/DSCF1391.jpg?fit=750%2C1000&ssl=1&resize=700%2C400 2x"},"classes":[]},{"id":450,"url":"https:\/\/blog.kunstgriff.net\/?p=450","url_meta":{"origin":1731,"position":1},"title":"ITF 2. Etappe Pirna -> Duchcov","author":"Georg","date":"Mai 21, 2009","format":false,"excerpt":"137,12 km \u2022\u00a01.992 H\u00f6henmeter Nach einem eher d\u00fcrftigen Fr\u00fchst\u00fccksbuffet in der Jugendherberge wurden die Rucks\u00e4cke gepackt und in den Fiat Ducato verladen. Dann trafen wir auf einem gro\u00dfen Parkplatz unweit der Jugendherberge auf viele weitere direkt angereiste Radfahrer die auch an der Friedensfahrt teilnehmen wollten. Der Sportreferent der Stadt Pirna\u2026","rel":"","context":"In &quot;Garmin&quot;","block_context":{"text":"Garmin","link":"https:\/\/blog.kunstgriff.net\/?cat=35"},"img":{"alt_text":"","src":"http:\/\/www.assoc-amazon.de\/e\/ir?t=&l=as2&o=3&a=B001690VC6","width":350,"height":200},"classes":[]},{"id":2002,"url":"https:\/\/blog.kunstgriff.net\/?p=2002","url_meta":{"origin":1731,"position":2},"title":"Harz-Tour 2010 &#8211; Tag 1","author":"Georg","date":"Juli 16, 2010","format":false,"excerpt":"oder \u00bbEinrollen bei 30\u00b0C und Spass dabei\u00abUm 7 Uhr trafen wir Christoph R. am Bahnhof Jungfernheide um mit seinem Firmen-Vito die 300 km in den Tannepark im Harz zu fahren. Wir waren p\u00fcnktlich um 10 Uhr an unserem Haus, wo schon Zeljo und Oleg eingecheckt hatten. Nach einem schnellen Fr\u00fchst\u00fcck\u2026","rel":"","context":"In &quot;Radfahren&quot;","block_context":{"text":"Radfahren","link":"https:\/\/blog.kunstgriff.net\/?cat=14"},"img":{"alt_text":"","src":"https:\/\/i0.wp.com\/blog.kunstgriff.net\/wp-content\/uploads\/2010\/07\/DSCF1501.jpg?fit=900%2C675&ssl=1&resize=350%2C200","width":350,"height":200,"srcset":"https:\/\/i0.wp.com\/blog.kunstgriff.net\/wp-content\/uploads\/2010\/07\/DSCF1501.jpg?fit=900%2C675&ssl=1&resize=350%2C200 1x, https:\/\/i0.wp.com\/blog.kunstgriff.net\/wp-content\/uploads\/2010\/07\/DSCF1501.jpg?fit=900%2C675&ssl=1&resize=525%2C300 1.5x, https:\/\/i0.wp.com\/blog.kunstgriff.net\/wp-content\/uploads\/2010\/07\/DSCF1501.jpg?fit=900%2C675&ssl=1&resize=700%2C400 2x"},"classes":[]},{"id":394,"url":"https:\/\/blog.kunstgriff.net\/?p=394","url_meta":{"origin":1731,"position":3},"title":"ITF 1. Etappe Ludwigsfelde -> Meissen","author":"Georg","date":"Mai 20, 2009","format":false,"excerpt":"162,6 km \u2022\u00a0412 H\u00f6henmeter Christoph und ich trafen uns um 8 Uhr auf dem Bahnhof Gesundbrunnen um mit unseren R\u00e4dern und R\u00fccks\u00e4cken den Regionalexpress nach Ludwigsfelde zu nehmen. Auf dem Bahnhofsvorplatz dort sollte der Start zur Friedensfahrt 2009 stattfinden. Es erwarteten uns schon ca. 20 Rennradfahrer. Die Meisten im etwas\u2026","rel":"","context":"In &quot;Garmin&quot;","block_context":{"text":"Garmin","link":"https:\/\/blog.kunstgriff.net\/?cat=35"},"img":{"alt_text":"","src":"http:\/\/www.assoc-amazon.de\/e\/ir?t=&l=as2&o=3&a=B001690VC6","width":350,"height":200},"classes":[]},{"id":2040,"url":"https:\/\/blog.kunstgriff.net\/?p=2040","url_meta":{"origin":1731,"position":4},"title":"Harz-Tour 2010 &#8211; Tag 3","author":"Georg","date":"Juli 18, 2010","format":false,"excerpt":"oder \u00bbEin Ungemach kommt selten allein\u00abDer Sonntag begann um 7:30 Uhr, denn wir wollten zeitig zu unserem letzten H\u00f6henmeter-Training vor dem Arber Radmarathon aufbrechen. Christoph musste um 19 Uhr wieder in Berlin sein und das Haus musste auch bis 10 Uhr verlassen sein. Dadurch herrschte emsige Betriebsamkeit und alle halfen\u2026","rel":"","context":"In &quot;Radfahren&quot;","block_context":{"text":"Radfahren","link":"https:\/\/blog.kunstgriff.net\/?cat=14"},"img":{"alt_text":"","src":"https:\/\/i0.wp.com\/blog.kunstgriff.net\/wp-content\/uploads\/2010\/07\/Bild0386.jpg?fit=900%2C675&ssl=1&resize=350%2C200","width":350,"height":200,"srcset":"https:\/\/i0.wp.com\/blog.kunstgriff.net\/wp-content\/uploads\/2010\/07\/Bild0386.jpg?fit=900%2C675&ssl=1&resize=350%2C200 1x, https:\/\/i0.wp.com\/blog.kunstgriff.net\/wp-content\/uploads\/2010\/07\/Bild0386.jpg?fit=900%2C675&ssl=1&resize=525%2C300 1.5x, https:\/\/i0.wp.com\/blog.kunstgriff.net\/wp-content\/uploads\/2010\/07\/Bild0386.jpg?fit=900%2C675&ssl=1&resize=700%2C400 2x"},"classes":[]},{"id":5652,"url":"https:\/\/blog.kunstgriff.net\/?p=5652","url_meta":{"origin":1731,"position":5},"title":"Harz-Tour 2011 &#8211; Tag 1","author":"Georg","date":"August 26, 2011","format":false,"excerpt":"oder \u00bbMal wieder Einrollen bei 28\u00b0C\u00abP\u00fcnktlich um 7:22 Uhr klingelte mein Handy und Erik stand mit seinem Caddy vor meiner T\u00fcr um mit mir und meinem Renner im Gep\u00e4ck, nach Tanne zu unserem Harz-Wochenende auf zu brechen. Die fahrt war entspannt und kurzeilig und als wir den Tanne-Park erreichten warteten\u2026","rel":"","context":"In &quot;Radfahren&quot;","block_context":{"text":"Radfahren","link":"https:\/\/blog.kunstgriff.net\/?cat=14"},"img":{"alt_text":"","src":"https:\/\/i0.wp.com\/blog.kunstgriff.net\/wp-content\/uploads\/2011\/08\/Das-notorische-Gruppenfoto.jpg?resize=350%2C200","width":350,"height":200,"srcset":"https:\/\/i0.wp.com\/blog.kunstgriff.net\/wp-content\/uploads\/2011\/08\/Das-notorische-Gruppenfoto.jpg?resize=350%2C200 1x, https:\/\/i0.wp.com\/blog.kunstgriff.net\/wp-content\/uploads\/2011\/08\/Das-notorische-Gruppenfoto.jpg?resize=525%2C300 1.5x"},"classes":[]}],"jetpack_likes_enabled":true,"jetpack_sharing_enabled":true,"_links":{"self":[{"href":"https:\/\/blog.kunstgriff.net\/index.php?rest_route=\/wp\/v2\/posts\/1731","targetHints":{"allow":["GET"]}}],"collection":[{"href":"https:\/\/blog.kunstgriff.net\/index.php?rest_route=\/wp\/v2\/posts"}],"about":[{"href":"https:\/\/blog.kunstgriff.net\/index.php?rest_route=\/wp\/v2\/types\/post"}],"author":[{"embeddable":true,"href":"https:\/\/blog.kunstgriff.net\/index.php?rest_route=\/wp\/v2\/users\/2"}],"replies":[{"embeddable":true,"href":"https:\/\/blog.kunstgriff.net\/index.php?rest_route=%2Fwp%2Fv2%2Fcomments&post=1731"}],"version-history":[{"count":0,"href":"https:\/\/blog.kunstgriff.net\/index.php?rest_route=\/wp\/v2\/posts\/1731\/revisions"}],"wp:featuredmedia":[{"embeddable":true,"href":"https:\/\/blog.kunstgriff.net\/index.php?rest_route=\/wp\/v2\/media\/1744"}],"wp:attachment":[{"href":"https:\/\/blog.kunstgriff.net\/index.php?rest_route=%2Fwp%2Fv2%2Fmedia&parent=1731"}],"wp:term":[{"taxonomy":"category","embeddable":true,"href":"https:\/\/blog.kunstgriff.net\/index.php?rest_route=%2Fwp%2Fv2%2Fcategories&post=1731"},{"taxonomy":"post_tag","embeddable":true,"href":"https:\/\/blog.kunstgriff.net\/index.php?rest_route=%2Fwp%2Fv2%2Ftags&post=1731"}],"curies":[{"name":"wp","href":"https:\/\/api.w.org\/{rel}","templated":true}]}}