{"id":17513,"date":"2018-02-05T07:42:16","date_gmt":"2018-02-05T06:42:16","guid":{"rendered":"https:\/\/blog.kunstgriff.net\/?p=17513"},"modified":"2018-03-11T12:47:55","modified_gmt":"2018-03-11T11:47:55","slug":"ich-hatte-mal-dsl-bei-11-das-ist-lange-her","status":"publish","type":"post","link":"https:\/\/blog.kunstgriff.net\/?p=17513","title":{"rendered":"Ich hatte mal DSL bei 1&#038;1 &#038; das ist lange her&#8230;"},"content":{"rendered":"<span class=\"span-reading-time rt-reading-time\" style=\"display: block;\"><span class=\"rt-label rt-prefix\">Lesezeit: <\/span> <span class=\"rt-time\"> 4<\/span> <span class=\"rt-label rt-postfix\">Minuten<\/span><\/span><p>Eine Warnung vorweg, diese Geschichte hat kein <em>\u201eHappy End\u201c<\/em> und hinterl\u00e4sst einen traurigen und w\u00fctenden Protagonisten. Aber der Reihe nach.<\/p>\n<p>Seit mehr als f\u00fcnf Jahren bin ich nun Kunde bei diesem Konzern aus Montabaur, mit eigenem ICE Bahnhof und katastrophen-sicher getrennten Rechenzentren. Ein dickes Schiff im InterNet-Meer der zahlreichen Anbieter. Schnelle Web-Knoten, kompetente Hotline, cleveres Marketing. Alles vorhanden. In diesen vergangenen 5 Jahren hatte ich mit meinem Anschluss eine gef\u00fchlte Verf\u00fcgbarkeit von 99,5%. So gut, dass ich sogar Freunden &amp; Bekannten diese Firma empfahl und daf\u00fcr eine kleine Provision erhielt. <em>\u201eWin-Win\u201c<\/em> k\u00f6nnte man meinen.<\/p>\n<p>Am 17.11.2017 war dann Schluss mit lustig oder Ende mit <em>\u201eWin-Win\u201c<\/em> oder wie es 1&amp;1 nennt \u201eAnpassung der Netz Infrastruktur an ihrem DSL Anschluss\u201c. Ungefragt, ungewollte flatterte eine nette Erkl\u00e4r-E-Mail in mein Postfach.<\/p>\n<p>Auszug aus der Mail gef\u00e4llig? Here we go: \u201eMit dieser Anpassung m\u00f6chten wir sicherstellen, dass Sie weiterhin von der Stabilit\u00e4t und Qualit\u00e4t unserer Leistung und unseres Netzes profitieren.\u201c<\/p>\n<p>Ein Schelm wer b\u00f6ses bei solch kraftvollem Satzbau vermutet. Insgeheim w\u00fcnschte ich nur, da\u00df alles so bleibt. Um es vorweg zu nehmen: Mein Wunsch wurde leider nicht erh\u00f6rt. Von nun an begann die <em>Chronologie-des-Schreckens.<\/em><\/p>\n<p>Die bezahlte Bandbreite von 50 MBit sank auf unter 16 MBit, der Anschluss blieb Stunden, dann Tage ohne Verbindung. Als \u00e4u\u00dferst verst\u00e4ndnisvoller Kunde lie\u00df ich mich bei der \u00e4u\u00dferst freundlichen und empatischen Hotline auch immer wieder beschwichtigen und am darauf folgenden Tag lief dann alles wieder.<\/p>\n<p>Zu bequem ist es auch, alles (DSL, Mobilfunk und Hosting) bei einem Anbieter zu haben, dachte ich mir.<\/p>\n<p>So freute ich mich riesig, als Ende Dezember 100 MBit an meinem Anschluss m\u00f6glich waren und ein neuer Router gleich mit im Angebot enthalten war. Vorbei der \u00c4rger, nun w\u00fcrde alles gut werden <del>w\u00fcnschte<\/del> dachte ich mir.<\/p>\n<p>Nach der Installation der neuen Technik lief dann auch alles ganze 2 (!) Tage zur vollsten Zufriedenheit und ohne Beanstandung. Herrlich.<\/p>\n<p>Dann, wenige Tage vor meiner Reise nach Taiwan wieder das rot blinkende L\u00e4mpchen an der nagelneuen Fritz!Box, was nichts Gutes verhei\u00dft: DSL-Totalausfall.<\/p>\n<p>Wieder waren die Kollegen an der Hotline sehr hilfsbereit und erkl\u00e4rten mir wie ich das DSL Kabel ziehen und wieder stecken sollte.<\/p>\n<p>Die Leitungsmessung brachte keinen Erfolg und so flog ich nach Asien: mit gestecktem Stecker und rot blinkendem Router.<\/p>\n<p>Erstmal Urlaub machen. Das kompetente Technik-Team von 1&amp;1 w\u00fcrde das schon hinkriegen. Nicht das ich nicht an die<em> \u201cPower aus Montabaur\u201d<\/em> glauben w\u00fcrde!<\/p>\n<p>Ich erhielt dann auch noch eine E-Mail in der ich in den Fern-Zugang zu meinem Router einwilligen sollte. Gerne best\u00e4tigte ich dies, wollte ich doch an einer L\u00f6sung des Problems <em>aktiv<\/em> mitwirken.<\/p>\n<p>Nach einer Woche im fernen Asien testete ich \u00fcber die superschnelle unlimited LTE prePay Karte aus Taiwan, ob \u201eMyFRITZ!\u201c Zugang zu meinem Router erhalten w\u00fcrde. Ein Test um zu sehen, ob alles wieder im Lot ist. Nach 3 Woche Totalausfall kann man ja mal gucken, oder?<\/p>\n<p>Resultat: \u201enegativ\u201c nicht erreichbar. Nun machte ich mir die M\u00fche, die Social-Media Kan\u00e4le von 1&amp;1 auf Twitter &amp; facebook zu kontaktieren. Sehr freundliche und beschwichtigende Antworten kamen durch den langen \u00c4ther.<\/p>\n<p>Bedauern wurde ausgedr\u00fcckte, aber da ich nicht vor Ort sei, k\u00f6nnen man mir nicht helfen. Auf meiner taiwanesischen Mobilfunknummer k\u00f6nne man mich auch nicht anrufen, so als Telefonanbieter ins Ausland telefonieren &#8211; dazu habe der Mitarbeiter keine Befugnis &#8211; wo kommen wir denn da hin!?<\/p>\n<p>Also kaputter Anschluss bis Heimkehr. Wir sind mittlerweile in Woche 4 (!) des Totalausfalls.<\/p>\n<p>Am 28.1. dann endlich mein Anruf bei der Hotline. Zum Gl\u00fcck war ich ja \u201eVor Ort\u201c so konnte ich erneut den Stecker meines Routers unter Anleitung des Hotline-Mitarbeiters ziehen und er konnte &#8211; wie schon vor 2 Wochen &#8211; best\u00e4tigen, dass der Anschluss nicht funktioniert. Gro\u00dfartig! Nun hatte ich endlich Gewissheit. 1&amp;1 hoffentlich auch. So hoffte ich zumindest.<\/p>\n<p>Schnelle L\u00f6sung wurde versprochen, aber Reaktionszeiten von 72 Stunden m\u00fcssen ja eingehalten werden. Klar habe ich Verst\u00e4ndnis. So nach 4 Wochen, braucht man nat\u00fcrlich Reaktionszeiten. Da kann man schon mal was verpennt haben.<\/p>\n<p>Als dann 3 Tage sp\u00e4ter immer noch nix ging, bestellte ich den Notfall-Surf-Stick, den 1&amp;1 f\u00fcr solche Notf\u00e4lle wohl bereit h\u00e4lt. Mein Datentarif auf dem iPhone war nat\u00fcrlich schon verbraucht, weil ja als pers\u00f6nlicher Hotspot genutzt.<\/p>\n<p>Sowas macht man ja auch eigentlich nicht. Mobile Gigabyte sind in Deutschland auch in 2018 ja mit Blattgold aufzuwiegen. Deshalb hat der Notfall-Surf-Stick auch nur 500 MB am Tag. Notfall. Klar. Habe ich nat\u00fcrlich vollstes Verst\u00e4ndnis. Das der ziemlich schnell leer war und der Tag nicht um 0 Uhr endet sondern dann wenn man das Volumen aufgebraucht hat ist auch klar. Dass wei\u00df ja heute jedes Kind.<\/p>\n<p>Letztes Update nach einem weiteren Wochenende ohne DSL: der 1&amp;1 Hotline Mitarbeiter meinte nur dass der \u201eNetzbetreiber\u201c (vermute T-com) einen Programmierfehler auf der Leitung h\u00e4tte und das Beheben schon bis Mittwoch dauern k\u00f6nne. Genaues wei\u00df er aber auch nicht. Versprach aber, genau wie der facebook-1&amp;1-Beauftragte einen R\u00fcckruf eines Vorgesetzten am Montag.<\/p>\n<p>Morgen beginnt dann die 5. Woche ohne DSL.<\/p>\n<p><em>Ob ich 1&amp;1 weiter empfehlen kann?\u00a0<\/em><\/p>\n<p>Bitte teile doch den Link zu diesem Blog-Post, sodass sich jeder selber seine Meinung BILDen kann.<\/p>\n<p>Update 05.02.2018: es ist kein R\u00fcckruf erfolgt. Auf meine Nachfrage (30 min\u00fctiges Telefonat) keine neuen Erkenntnisse.<\/p>\n<p>Liebe 1&amp;1-Support-Mitarbeiter, Team-Leiter, Entscheider, CFO, CTO, Inhaber: sollte ich hier etwas unrichtig, verf\u00e4lscht oder nicht korrekt berichtet haben, so bitte ich um Korrektur: die Kommentare sind ge\u00f6ffnet. Jede Reaktion ist willkommen! Du hast \u00e4hnliche Erfahrungen gemacht!? Positiv oder negativ?!<\/p>\n<p>Ein Austausch ist hier ausdr\u00fccklich erw\u00fcnscht. Danke.<\/p>\n<p>Update und Ausgang des Schlamassels:<\/p>\n<p>Nach 5,5 Wochen kam dann eine Techniker der T-Com in meine Wohnung, der tats\u00e4chlich feststellte, dass die Leitung nicht funktioniert. Nach wenigen Minuten am Schaltungsschrank vor meiner Haust\u00fcr war die Verschaltung lokalisiert und behoben.<\/p>\n<p>Im Endeffekt keine 5 Minute an Arbeit.<\/p>\n<p>Nach vielen weiteren Emails mit 1&amp;1 und dessen Support bot man mir einen monet\u00e4ren Ausgleich oder Gutschrift von exakt 41,32 \u20ac an.<\/p>\n<p>Der geneigte Leser m\u00f6ge bitte selber beurteilen, inwieweit die &#8222;Geste&#8220; als gro\u00dfz\u00fcgig, klein-kariert, unangemessen oder schlichtweg unversch\u00e4mt gelten kann.<\/p>\n<p>Ich f\u00fcr meinen Teil habe beschlossen, 1&amp;1 unter keinsten Umst\u00e4nden weiter zu empfehlen und nach meinen zwei weiteren Pflicht-Jahren den R\u00fccken zu kehren.<\/p>\n<blockquote class=\"wp-embedded-content\" data-secret=\"zOozE56B0h\"><p><a href=\"https:\/\/blog.kunstgriff.net\/?p=17513\">Ich hatte mal DSL bei 1&#038;1 &#038; das ist lange her&#8230;<\/a><\/p><\/blockquote>\n<p><iframe loading=\"lazy\" class=\"wp-embedded-content\" sandbox=\"allow-scripts\" security=\"restricted\" style=\"position: absolute; clip: rect(1px, 1px, 1px, 1px);\" title=\"&#8222;Ich hatte mal DSL bei 1&#038;1 &#038; das ist lange her&#8230;&#8220; &#8212; GABA\" src=\"https:\/\/blog.kunstgriff.net\/?p=17513&#038;embed=true#?secret=72eML0Ee47#?secret=zOozE56B0h\" data-secret=\"zOozE56B0h\" width=\"525\" height=\"296\" frameborder=\"0\" marginwidth=\"0\" marginheight=\"0\" scrolling=\"no\"><\/iframe><\/p>\n<p>Einige Fragen bleiben nat\u00fcrlich:<\/p>\n<ul>\n<li>Welche M\u00f6glichkeiten habe ich, wenn die Leitung so versagt?<\/li>\n<li>Gibt es einen kurzen Weg zu einer Beschwerdestelle?<\/li>\n<li>Warum ist man als Konsument so machtlos?<\/li>\n<\/ul>\n","protected":false},"excerpt":{"rendered":"<p>Eine Warnung vorweg, diese Geschichte hat kein \u201eHappy End\u201c und hinterl\u00e4sst einen traurigen und w\u00fctenden Protagonisten. Aber der Reihe nach. Seit mehr als f\u00fcnf Jahren bin ich nun Kunde bei diesem Konzern aus Montabaur, mit eigenem ICE Bahnhof und katastrophen-sicher getrennten Rechenzentren. Ein dickes Schiff im InterNet-Meer der zahlreichen Anbieter. Schnelle Web-Knoten, kompetente Hotline, cleveres &hellip; <\/p>\n<p class=\"link-more\"><a href=\"https:\/\/blog.kunstgriff.net\/?p=17513\" class=\"more-link\"><span class=\"screen-reader-text\">\u201eIch hatte mal DSL bei 1&#038;1 &#038; das ist lange her&#8230;\u201c <\/span>weiterlesen<\/a><\/p>\n","protected":false},"author":2,"featured_media":17512,"comment_status":"open","ping_status":"open","sticky":false,"template":"","format":"standard","meta":{"jetpack_post_was_ever_published":false,"_jetpack_newsletter_access":"","_jetpack_dont_email_post_to_subs":false,"_jetpack_newsletter_tier_id":0,"_jetpack_memberships_contains_paywalled_content":false,"_jetpack_memberships_contains_paid_content":false,"footnotes":""},"categories":[1,26,27],"tags":[],"class_list":["post-17513","post","type-post","status-publish","format-standard","has-post-thumbnail","hentry","category-allgemein","category-infotainment","category-technik"],"jetpack_featured_media_url":"https:\/\/i0.wp.com\/blog.kunstgriff.net\/wp-content\/uploads\/2018\/02\/11-DSL-no.png?fit=1145%2C251&ssl=1","jetpack_shortlink":"https:\/\/wp.me\/p8Cxe7-4yt","jetpack-related-posts":[{"id":2713,"url":"https:\/\/blog.kunstgriff.net\/?p=2713","url_meta":{"origin":17513,"position":0},"title":"ErgoPlanet-In the streets of San Francisco","author":"Georg","date":"November 5, 2010","format":false,"excerpt":"oder \"Ganz vergessen wie h\u00fcgelig es dort ist\"Da ich nach Feierabend nur eine Stunde Zeit hatte, bot sich diese gut 30 km lange Runde durch die Stra\u00dfen von San Francisco an. Eine tolle Strecke, die ersten Kilometer nach Fisherman's Wharf und Downtown SF bin ich vor 5 Jahren mal bei\u2026","rel":"","context":"In &quot;Ergometer Training&quot;","block_context":{"text":"Ergometer Training","link":"https:\/\/blog.kunstgriff.net\/?cat=15"},"img":{"alt_text":"","src":"https:\/\/i0.wp.com\/blog.kunstgriff.net\/wp-content\/uploads\/2010\/11\/SanFran.jpg?resize=350%2C200","width":350,"height":200,"srcset":"https:\/\/i0.wp.com\/blog.kunstgriff.net\/wp-content\/uploads\/2010\/11\/SanFran.jpg?resize=350%2C200 1x, https:\/\/i0.wp.com\/blog.kunstgriff.net\/wp-content\/uploads\/2010\/11\/SanFran.jpg?resize=525%2C300 1.5x"},"classes":[]},{"id":2169,"url":"https:\/\/blog.kunstgriff.net\/?p=2169","url_meta":{"origin":17513,"position":1},"title":"21. RTF \u00bbRund um Berlin\u00ab","author":"Georg","date":"August 8, 2010","format":false,"excerpt":"oder \"Wird es dieses Jahr wieder m\u00f6glich sein, unter 6 Stunden zu bleiben?\"Heute stand ja wieder so ein \u00bbJahreshighlight\u00ab an, auf das ich mich schon die ganze Woche freute, deshalb wachte ich auch f\u00fcnfzehn Minuten vor dem eigentlichen Weckerklingeln um 6 Uhr auf und toastete Br\u00f6tchen und bereitete Kaffee. Um\u2026","rel":"","context":"In &quot;Garmin&quot;","block_context":{"text":"Garmin","link":"https:\/\/blog.kunstgriff.net\/?cat=35"},"img":{"alt_text":"","src":"","width":0,"height":0},"classes":[]},{"id":8059,"url":"https:\/\/blog.kunstgriff.net\/?p=8059","url_meta":{"origin":17513,"position":2},"title":"Beelitz- &#038; Kloster-Lehnin-Runde am Pfingstmontag","author":"Georg","date":"Mai 28, 2012","format":false,"excerpt":"oder \u00bbOrdentliches Gebolze mit den Jungs\u00ab Sch\u00f6n, dass Mike diese Runde vom 14. August 2011 rausgekramt hatte und f\u00fcr heute anbot. Schade nur, dass er nicht erschien. Thomas telefonische Nachfrage um 11:07 Uhr ergab, dass Mike einen irreparablen Defekt an seinem Rad auf der langen Anfahrt hatte und deshalb nicht\u2026","rel":"","context":"In &quot;Radfahren&quot;","block_context":{"text":"Radfahren","link":"https:\/\/blog.kunstgriff.net\/?cat=14"},"img":{"alt_text":"","src":"http:\/\/www.assoc-amazon.de\/e\/ir?t=&l=as2&o=3&a=B00424LN5G","width":350,"height":200},"classes":[]},{"id":6268,"url":"https:\/\/blog.kunstgriff.net\/?p=6268","url_meta":{"origin":17513,"position":3},"title":"RTF \u00bbJenseits der Havel\u00ab","author":"Georg","date":"Oktober 16, 2011","format":false,"excerpt":"oder \u00bbSchon lange nicht mehr Rad gefahren\u00ab Um 9:15 Uhr war ich mit Christine und Alexander in der U-Bahn nach Spandau verabredet, um heute die letzte RTF des Jahres 2011, \u00bbJenseits der Havel\u00ab vom RSV-Spandau, zu fahren. Meine Beine waren von der gestrigen Fahrt allerdings schwer und kraftlos. Auch das\u2026","rel":"","context":"In &quot;Radfahren&quot;","block_context":{"text":"Radfahren","link":"https:\/\/blog.kunstgriff.net\/?cat=14"},"img":{"alt_text":"","src":"https:\/\/i0.wp.com\/blog.kunstgriff.net\/wp-content\/uploads\/2011\/10\/Vor-dem-Start.jpg?resize=350%2C200","width":350,"height":200,"srcset":"https:\/\/i0.wp.com\/blog.kunstgriff.net\/wp-content\/uploads\/2011\/10\/Vor-dem-Start.jpg?resize=350%2C200 1x, https:\/\/i0.wp.com\/blog.kunstgriff.net\/wp-content\/uploads\/2011\/10\/Vor-dem-Start.jpg?resize=525%2C300 1.5x, https:\/\/i0.wp.com\/blog.kunstgriff.net\/wp-content\/uploads\/2011\/10\/Vor-dem-Start.jpg?resize=700%2C400 2x"},"classes":[]},{"id":9209,"url":"https:\/\/blog.kunstgriff.net\/?p=9209","url_meta":{"origin":17513,"position":4},"title":"Top-Verpfleger beim 39. Berlin Marathon 2012","author":"Georg","date":"September 30, 2012","format":false,"excerpt":"oder \u00bbVerpflegung mit Hindernissen\u00ab Heute war es wieder soweit und ich durfte nach 2010 erneut mithelfen die Spitzenathleten mit ihren pers\u00f6nlichen Getr\u00e4nken zu versorgen. Der Blick um 6:30 Uhr aus dem Fenster lie\u00df auf herrliches Lauf-Wetter hoffen: Zwar etwas k\u00fchl mit 8\u00b0C aber wolkenloser Himmel. Also schnell \u2019nen Kaffee rein\u2026","rel":"","context":"In &quot;Laufen&quot;","block_context":{"text":"Laufen","link":"https:\/\/blog.kunstgriff.net\/?cat=10"},"img":{"alt_text":"","src":"https:\/\/i0.wp.com\/blog.kunstgriff.net\/wp-content\/uploads\/2012\/09\/Das-gro%C3%9Fe-Team-am-ersten-Verpflegungspunkt-in-Moabit.jpg?fit=1000%2C750&ssl=1&resize=350%2C200","width":350,"height":200,"srcset":"https:\/\/i0.wp.com\/blog.kunstgriff.net\/wp-content\/uploads\/2012\/09\/Das-gro%C3%9Fe-Team-am-ersten-Verpflegungspunkt-in-Moabit.jpg?fit=1000%2C750&ssl=1&resize=350%2C200 1x, https:\/\/i0.wp.com\/blog.kunstgriff.net\/wp-content\/uploads\/2012\/09\/Das-gro%C3%9Fe-Team-am-ersten-Verpflegungspunkt-in-Moabit.jpg?fit=1000%2C750&ssl=1&resize=525%2C300 1.5x, https:\/\/i0.wp.com\/blog.kunstgriff.net\/wp-content\/uploads\/2012\/09\/Das-gro%C3%9Fe-Team-am-ersten-Verpflegungspunkt-in-Moabit.jpg?fit=1000%2C750&ssl=1&resize=700%2C400 2x"},"classes":[]},{"id":12998,"url":"https:\/\/blog.kunstgriff.net\/?p=12998","url_meta":{"origin":17513,"position":5},"title":"Elite-Verpfleger beim 42. Berlin Marathon 2015","author":"Georg","date":"September 27, 2015","format":false,"excerpt":"oder \u00bbKein-neuer-Weltrekord-Sonntag\u00abWie auch schon in 2012, 2013 und 2014 hatte ich heute wieder die Ehre, die Top-L\u00e4uferInnen beim 42. BMW Berlin Marathon unterst\u00fctzen zu d\u00fcrfen. Claus-Henning begr\u00fcsste uns p\u00fcnktlich bei Top-Lauf-Wetter um 8:15 Uhr am Grossen Stern mit letzten Informationen zu unseren L\u00e4ufern. Mein Plan war es, heute mal keine\u2026","rel":"","context":"In &quot;Besonderes Ereignis&quot;","block_context":{"text":"Besonderes Ereignis","link":"https:\/\/blog.kunstgriff.net\/?cat=25"},"img":{"alt_text":"","src":"https:\/\/i0.wp.com\/blog.kunstgriff.net\/wp-content\/uploads\/2015\/08\/Top-Verpfleger-mit-Marc-Milde.jpg?fit=1200%2C900&ssl=1&resize=350%2C200","width":350,"height":200,"srcset":"https:\/\/i0.wp.com\/blog.kunstgriff.net\/wp-content\/uploads\/2015\/08\/Top-Verpfleger-mit-Marc-Milde.jpg?fit=1200%2C900&ssl=1&resize=350%2C200 1x, https:\/\/i0.wp.com\/blog.kunstgriff.net\/wp-content\/uploads\/2015\/08\/Top-Verpfleger-mit-Marc-Milde.jpg?fit=1200%2C900&ssl=1&resize=525%2C300 1.5x, https:\/\/i0.wp.com\/blog.kunstgriff.net\/wp-content\/uploads\/2015\/08\/Top-Verpfleger-mit-Marc-Milde.jpg?fit=1200%2C900&ssl=1&resize=700%2C400 2x, https:\/\/i0.wp.com\/blog.kunstgriff.net\/wp-content\/uploads\/2015\/08\/Top-Verpfleger-mit-Marc-Milde.jpg?fit=1200%2C900&ssl=1&resize=1050%2C600 3x"},"classes":[]}],"jetpack_likes_enabled":true,"jetpack_sharing_enabled":true,"_links":{"self":[{"href":"https:\/\/blog.kunstgriff.net\/index.php?rest_route=\/wp\/v2\/posts\/17513","targetHints":{"allow":["GET"]}}],"collection":[{"href":"https:\/\/blog.kunstgriff.net\/index.php?rest_route=\/wp\/v2\/posts"}],"about":[{"href":"https:\/\/blog.kunstgriff.net\/index.php?rest_route=\/wp\/v2\/types\/post"}],"author":[{"embeddable":true,"href":"https:\/\/blog.kunstgriff.net\/index.php?rest_route=\/wp\/v2\/users\/2"}],"replies":[{"embeddable":true,"href":"https:\/\/blog.kunstgriff.net\/index.php?rest_route=%2Fwp%2Fv2%2Fcomments&post=17513"}],"version-history":[{"count":0,"href":"https:\/\/blog.kunstgriff.net\/index.php?rest_route=\/wp\/v2\/posts\/17513\/revisions"}],"wp:featuredmedia":[{"embeddable":true,"href":"https:\/\/blog.kunstgriff.net\/index.php?rest_route=\/wp\/v2\/media\/17512"}],"wp:attachment":[{"href":"https:\/\/blog.kunstgriff.net\/index.php?rest_route=%2Fwp%2Fv2%2Fmedia&parent=17513"}],"wp:term":[{"taxonomy":"category","embeddable":true,"href":"https:\/\/blog.kunstgriff.net\/index.php?rest_route=%2Fwp%2Fv2%2Fcategories&post=17513"},{"taxonomy":"post_tag","embeddable":true,"href":"https:\/\/blog.kunstgriff.net\/index.php?rest_route=%2Fwp%2Fv2%2Ftags&post=17513"}],"curies":[{"name":"wp","href":"https:\/\/api.w.org\/{rel}","templated":true}]}}