{"id":1771,"date":"2010-06-27T22:37:25","date_gmt":"2010-06-27T20:37:25","guid":{"rendered":"http:\/\/blog.kunstgriff.net\/?p=1771"},"modified":"2017-06-13T15:55:58","modified_gmt":"2017-06-13T13:55:58","slug":"sachsische-schweiz-tag-3-sonntag","status":"publish","type":"post","link":"https:\/\/blog.kunstgriff.net\/?p=1771","title":{"rendered":"S\u00e4chsische Schweiz &#8211; Tag 3 (Sonntag)"},"content":{"rendered":"<span class=\"span-reading-time rt-reading-time\" style=\"display: block;\"><span class=\"rt-label rt-prefix\">Lesezeit: <\/span> <span class=\"rt-time\"> 2<\/span> <span class=\"rt-label rt-postfix\">Minuten<\/span><\/span><h4>184,3 km | 3.184 H\u00f6henmeter<\/h4>\n<hr \/>\n<p>Heute stand die K\u00f6nigsetappe auf dem Programm und es sollten noch mal rund 1.000 H\u00f6henmeter mehr als am Samstag werden.<\/p>\n<p>Nach einem relativ flotten Fr\u00fchst\u00fcck &#8211; wir wollten ja p\u00fcnktlich zur WM Partie Deutschland-England wieder zur\u00fcck sein, ging es los auf die geplanten 180 km. Kein <em>Flach-Einrollen<\/em> wie in den letzten beiden Tagen sondern gleich 230 H\u00f6henmeter nach oben zur Burg Hohnstein. Unser erstes Ziel war heute die rund 15 km lange Abfahrt im <a href=\"http:\/\/de.wikipedia.org\/wiki\/Kirnitzschtal\" target=\"_blank\">Kirnitzschtal.<\/a> Die Stra\u00dfe ist hier von so pr\u00e4chtiger Natur ges\u00e4umt wie man es in Deutschland nur sehr selten findet: Skurrile Felsformationen, teilweise mit \u00dcberhang \u00fcber die darunter liegende Stra\u00dfe einges\u00e4umt von herrlich sattgr\u00fcnen Nadelw\u00e4ldern. Ein echter Augenschmaus, diese Abfahrt!<\/p>\n<p>Im Tal in Bad Schandau wurde nochmal kurz pausiert und Nahrung aufgenommen, um den ersten langen Anstieg zu bestreiten. Oben in Markersbach merkten wir, das diese heutige lange anspruchsvolle Runde nicht gemeinsam zu bestreiten sein w\u00fcrde, denn die Gruppe fuhr immer wieder auseinander, was zu langen Wartezeiten f\u00fchrte. So trennten wir uns und Zeljo, Jan und ich machten uns zu dritt auf den langen Ritt.<\/p>\n<p>Die Grenze wurde erneut bei Petrovice passiert und danach ging es rechts ab auf den wundersch\u00f6nen Europaradweg hoch Richtung <a href=\"http:\/\/de.wikipedia.org\/wiki\/Fojtovice\" target=\"_blank\">Fojtovice<\/a>. Dort wurde ein kurzer Fotostop eingelegt und an die <a href=\"http:\/\/www.rennrad-news.de\/forum\/showpost.php?p=562423&amp;postcount=113\" target=\"_blank\"><em>Leiden des Horst<\/em><\/a> gedacht, bevor es die steile Abfahrt hinunter nach Krupka ging. Nun war erstmal wieder relativ flach fahren angesagt, aber auch das war nach 100 km Fahrt und \u00fcber 1.500 H\u00f6henmetern auch schon irgendwie weit entfernt von angenehm.<\/p>\n<p>Wirklich <em>un<\/em>angenehm wurde es dann in Loucha, wo es den Berg wieder hoch ins Erzgebirge ging. Die Auffahrt war wieder richtig <em>Bohemian-Style:<\/em> Wo man in Deutschland mit Serpentinen und Hinweisschildern auf die zweistelligen Steigungsprozente, den Berg versucht h\u00e4tte zu entsch\u00e4rfen, legt man hier die Asphaltbahn einfach gerade den Berg hoch, mixt noch rauhen Belag hinzu und schickt ein paar durchgeknallte Motorradfahrer ins Rennen und fertig ist das <em>Bohemian-Mountain-Pleasure.<\/em><\/p>\n<p>Zerm\u00fcrbt und grau erreichten wir den Kamm und dachten das nun das gr\u00f6bste an Steigungen erledigt sei, wir wurden aber umgehend eines besseren belehrt: Weiter ging es auf kurzen steilen Abfahrten, welche gleich wieder in fiese steile Rampen m\u00fcndeten. Die gefahrenen 160 km f\u00fchlten sich eher nach der doppelten Distanz an, und so wurde in Altenberg an einer D\u00f6nerbude am Bahnhof rast gemacht. Klar das die Besitzer schon mal in Berlin waren und uns knusprig getoastetes Brot, ColaZero und Apfelschorle verkauften. Das Deutschland 1:0 f\u00fchrte wurde uns auch mitgeteilt. Nun war klar, warum die Stra\u00dfen so leer waren.<\/p>\n<p>Gest\u00e4rkt wurden nun die letzten 25 km in Angriff genommen und p\u00fcnktlich zum Schlusspfiff wurde Pirna erreicht.<\/p>\n<p><em>Fazit:<\/em> Wahrlich eine echte K\u00f6nigsetappe, welche diesen Namen verdient. 3.015 H\u00f6henmeter auf 184,52 km. Das brauche ich nicht jeden Tag, aber ab und zu ist solch eine abwechslungsreiche Tour doch was feines.<\/p>\n<p>Ein herrlich sonniges Rennradwochenende, mit perfekte Unterkunft, einem klasse Team und herrlicher Landschaft. <em>Gerne wieder!<\/em><\/p>\n<div class=\"tiled-gallery type-rectangular tiled-gallery-unresized\" data-original-width=\"525\" data-carousel-extra='{&quot;blog_id&quot;:1,&quot;permalink&quot;:&quot;https:\\\/\\\/blog.kunstgriff.net\\\/?p=1771&quot;,&quot;likes_blog_id&quot;:127394879}' itemscope itemtype=\"http:\/\/schema.org\/ImageGallery\" > <div class=\"gallery-row\" style=\"width: 525px; height: 198px;\" data-original-width=\"525\" data-original-height=\"198\" > <div class=\"gallery-group images-1\" style=\"width: 263px; height: 198px;\" data-original-width=\"263\" data-original-height=\"198\" > <div class=\"tiled-gallery-item tiled-gallery-item-large\" itemprop=\"associatedMedia\" itemscope itemtype=\"http:\/\/schema.org\/ImageObject\"> <a href=\"https:\/\/i0.wp.com\/blog.kunstgriff.net\/wp-content\/uploads\/2010\/06\/Foto0045.jpg?ssl=1\" border=\"0\" itemprop=\"url\"> <meta itemprop=\"width\" content=\"259\"> <meta itemprop=\"height\" content=\"194\"> <img decoding=\"async\" class=\"\" data-attachment-id=\"1776\" data-orig-file=\"https:\/\/blog.kunstgriff.net\/wp-content\/uploads\/2010\/06\/Foto0045.jpg\" data-orig-size=\"1000,750\" data-comments-opened=\"1\" data-image-meta=\"{&quot;aperture&quot;:&quot;2.79&quot;,&quot;credit&quot;:&quot;&quot;,&quot;camera&quot;:&quot;GT-S8000&quot;,&quot;caption&quot;:&quot;&quot;,&quot;created_timestamp&quot;:&quot;1277639676&quot;,&quot;copyright&quot;:&quot;&quot;,&quot;focal_length&quot;:&quot;4.24&quot;,&quot;iso&quot;:&quot;32&quot;,&quot;shutter_speed&quot;:&quot;0.0012795905310301&quot;,&quot;title&quot;:&quot;&quot;}\" data-image-title=\"Foto0045\" data-image-description=\"\" data-medium-file=\"https:\/\/i0.wp.com\/blog.kunstgriff.net\/wp-content\/uploads\/2010\/06\/Foto0045.jpg?fit=300%2C225&#038;ssl=1\" data-large-file=\"https:\/\/i0.wp.com\/blog.kunstgriff.net\/wp-content\/uploads\/2010\/06\/Foto0045.jpg?fit=1000%2C750&#038;ssl=1\" src=\"https:\/\/i0.wp.com\/blog.kunstgriff.net\/wp-content\/uploads\/2010\/06\/Foto0045.jpg?w=259&#038;h=194&#038;ssl=1\" srcset=\"https:\/\/i0.wp.com\/blog.kunstgriff.net\/wp-content\/uploads\/2010\/06\/Foto0045.jpg?w=1000&amp;ssl=1 1000w, https:\/\/i0.wp.com\/blog.kunstgriff.net\/wp-content\/uploads\/2010\/06\/Foto0045.jpg?resize=300%2C225&amp;ssl=1 300w\" width=\"259\" height=\"194\" loading=\"lazy\" data-original-width=\"259\" data-original-height=\"194\" itemprop=\"http:\/\/schema.org\/image\" title=\"Foto0045\" alt=\"Foto0045\" style=\"width: 259px; height: 194px;\" \/> <\/a> <\/div> <\/div> <!-- close group --> <div class=\"gallery-group images-1\" style=\"width: 262px; height: 198px;\" data-original-width=\"262\" data-original-height=\"198\" > <div class=\"tiled-gallery-item tiled-gallery-item-large\" itemprop=\"associatedMedia\" itemscope itemtype=\"http:\/\/schema.org\/ImageObject\"> <a href=\"https:\/\/i0.wp.com\/blog.kunstgriff.net\/wp-content\/uploads\/2010\/06\/Foto0047.jpg?ssl=1\" border=\"0\" itemprop=\"url\"> <meta itemprop=\"width\" content=\"258\"> <meta itemprop=\"height\" content=\"194\"> <img decoding=\"async\" class=\"\" data-attachment-id=\"1777\" data-orig-file=\"https:\/\/blog.kunstgriff.net\/wp-content\/uploads\/2010\/06\/Foto0047.jpg\" data-orig-size=\"1000,750\" data-comments-opened=\"1\" data-image-meta=\"{&quot;aperture&quot;:&quot;2.79&quot;,&quot;credit&quot;:&quot;&quot;,&quot;camera&quot;:&quot;GT-S8000&quot;,&quot;caption&quot;:&quot;&quot;,&quot;created_timestamp&quot;:&quot;1277639715&quot;,&quot;copyright&quot;:&quot;&quot;,&quot;focal_length&quot;:&quot;4.24&quot;,&quot;iso&quot;:&quot;32&quot;,&quot;shutter_speed&quot;:&quot;0.0012886597938144&quot;,&quot;title&quot;:&quot;&quot;}\" data-image-title=\"Foto0047\" data-image-description=\"\" data-medium-file=\"https:\/\/i0.wp.com\/blog.kunstgriff.net\/wp-content\/uploads\/2010\/06\/Foto0047.jpg?fit=300%2C225&#038;ssl=1\" data-large-file=\"https:\/\/i0.wp.com\/blog.kunstgriff.net\/wp-content\/uploads\/2010\/06\/Foto0047.jpg?fit=1000%2C750&#038;ssl=1\" src=\"https:\/\/i0.wp.com\/blog.kunstgriff.net\/wp-content\/uploads\/2010\/06\/Foto0047.jpg?w=258&#038;h=194&#038;ssl=1\" srcset=\"https:\/\/i0.wp.com\/blog.kunstgriff.net\/wp-content\/uploads\/2010\/06\/Foto0047.jpg?w=1000&amp;ssl=1 1000w, https:\/\/i0.wp.com\/blog.kunstgriff.net\/wp-content\/uploads\/2010\/06\/Foto0047.jpg?resize=300%2C225&amp;ssl=1 300w\" width=\"258\" height=\"194\" loading=\"lazy\" data-original-width=\"258\" data-original-height=\"194\" itemprop=\"http:\/\/schema.org\/image\" title=\"Foto0047\" alt=\"Foto0047\" style=\"width: 258px; height: 194px;\" \/> <\/a> <\/div> <\/div> <!-- close group --> <\/div> <!-- close row --> <\/div>\n<p><iframe height='405' width='590' frameborder='0' allowtransparency='true' scrolling='no' src='https:\/\/www.strava.com\/activities\/698650689\/embed\/42df1b104023c2a48d2f592b783df8102fd0e86e'><\/iframe><\/p>\n","protected":false},"excerpt":{"rendered":"<p>184,3 km | 3.184 H\u00f6henmeter Heute stand die K\u00f6nigsetappe auf dem Programm und es sollten noch mal rund 1.000 H\u00f6henmeter mehr als am Samstag werden. Nach einem relativ flotten Fr\u00fchst\u00fcck &#8211; wir wollten ja p\u00fcnktlich zur WM Partie Deutschland-England wieder zur\u00fcck sein, ging es los auf die geplanten 180 km. Kein Flach-Einrollen wie in den &hellip; <\/p>\n<p class=\"link-more\"><a href=\"https:\/\/blog.kunstgriff.net\/?p=1771\" class=\"more-link\"><span class=\"screen-reader-text\">\u201eS\u00e4chsische Schweiz &#8211; Tag 3 (Sonntag)\u201c <\/span>weiterlesen<\/a><\/p>\n","protected":false},"author":2,"featured_media":1777,"comment_status":"open","ping_status":"open","sticky":false,"template":"","format":"standard","meta":{"jetpack_post_was_ever_published":false,"_jetpack_newsletter_access":"","_jetpack_dont_email_post_to_subs":false,"_jetpack_newsletter_tier_id":0,"_jetpack_memberships_contains_paywalled_content":false,"_jetpack_memberships_contains_paid_content":false,"footnotes":""},"categories":[14,13,7],"tags":[],"class_list":["post-1771","post","type-post","status-publish","format-standard","has-post-thumbnail","hentry","category-radfahren","category-radreise","category-rennradfahren"],"jetpack_featured_media_url":"https:\/\/i0.wp.com\/blog.kunstgriff.net\/wp-content\/uploads\/2010\/06\/Foto0047.jpg?fit=1000%2C750&ssl=1","jetpack_shortlink":"https:\/\/wp.me\/p8Cxe7-sz","jetpack-related-posts":[{"id":464,"url":"https:\/\/blog.kunstgriff.net\/?p=464","url_meta":{"origin":1771,"position":0},"title":"ITF 4. Etappe Mlad\u00e1 Boleslav -> Swierad\u00f3w-Zdr\u00f3j","author":"Georg","date":"Mai 23, 2009","format":false,"excerpt":"160 km \u2022\u00a02.447 H\u00f6henmeter Es stand die K\u00f6nigsetappe auf dem Programm, welche uns auf den Gipfel des Je\u0161t\u011bd und einige andere l\u00e4ngere Anstiege hinauf f\u00fchren sollte. Der Tag begann recht moderat und nicht gleich so steil wie der Vortag als aber der Je\u0161t\u011bd in Sichtweite kam, wurde mir klar, das\u2026","rel":"","context":"In &quot;Garmin&quot;","block_context":{"text":"Garmin","link":"https:\/\/blog.kunstgriff.net\/?cat=35"},"img":{"alt_text":"","src":"","width":0,"height":0},"classes":[]},{"id":23636,"url":"https:\/\/blog.kunstgriff.net\/?p=23636","url_meta":{"origin":1771,"position":1},"title":"ERT Vogesen 2024","author":"Georg","date":"Juli 21, 2024","format":false,"excerpt":"7 Tage - 7 Touren Gesamt: 835 km - 11.418 H\u00f6henmeter Wieder einmal war es soweit und mein Lieblings-Rad-Verein lud zu einer Radreise in die Vogesen. Die Vorfreude zog sich schon \u00fcber mehrere Monate und so war ich sehr froh, als ich am Samstag Morgen den ICE nach Freiburg besteigen\u2026","rel":"","context":"In &quot;Besonderes Ereignis&quot;","block_context":{"text":"Besonderes Ereignis","link":"https:\/\/blog.kunstgriff.net\/?cat=25"},"img":{"alt_text":"","src":"https:\/\/i0.wp.com\/blog.kunstgriff.net\/wp-content\/uploads\/2024\/07\/Abfahrt-in-Freiburg.jpeg?fit=1200%2C900&ssl=1&resize=350%2C200","width":350,"height":200,"srcset":"https:\/\/i0.wp.com\/blog.kunstgriff.net\/wp-content\/uploads\/2024\/07\/Abfahrt-in-Freiburg.jpeg?fit=1200%2C900&ssl=1&resize=350%2C200 1x, https:\/\/i0.wp.com\/blog.kunstgriff.net\/wp-content\/uploads\/2024\/07\/Abfahrt-in-Freiburg.jpeg?fit=1200%2C900&ssl=1&resize=525%2C300 1.5x, https:\/\/i0.wp.com\/blog.kunstgriff.net\/wp-content\/uploads\/2024\/07\/Abfahrt-in-Freiburg.jpeg?fit=1200%2C900&ssl=1&resize=700%2C400 2x, https:\/\/i0.wp.com\/blog.kunstgriff.net\/wp-content\/uploads\/2024\/07\/Abfahrt-in-Freiburg.jpeg?fit=1200%2C900&ssl=1&resize=1050%2C600 3x"},"classes":[]},{"id":22942,"url":"https:\/\/blog.kunstgriff.net\/?p=22942","url_meta":{"origin":1771,"position":2},"title":"Auf Friedensfahrt\u2013Kurs 2022 1. Tag: Chemnitz \u2013 Teplice","author":"Georg","date":"Mai 26, 2022","format":false,"excerpt":"120 km | 2.363 H\u00f6henmeter Nach drei Jahren \u00bbITF-Abstinenz\u00ab wollte ich doch mal wieder dabei sein und nach der doppelten Covid-Zwangspause die Berge in der tschechischen Grenzregion unter die R\u00e4der nehmen. Die Nacht war kurz, und die Autofahrt nach Chemnitz schnell erledigt. Ne Stunde vor Abfahrt hatte ich noch die\u2026","rel":"","context":"In &quot;Radfahren&quot;","block_context":{"text":"Radfahren","link":"https:\/\/blog.kunstgriff.net\/?cat=14"},"img":{"alt_text":"Da hinten ist die Augustusburg","src":"https:\/\/i0.wp.com\/blog.kunstgriff.net\/wp-content\/uploads\/2022\/05\/Da-hinten-ist-die-Augustusburg.jpg?fit=1200%2C800&ssl=1&resize=350%2C200","width":350,"height":200,"srcset":"https:\/\/i0.wp.com\/blog.kunstgriff.net\/wp-content\/uploads\/2022\/05\/Da-hinten-ist-die-Augustusburg.jpg?fit=1200%2C800&ssl=1&resize=350%2C200 1x, https:\/\/i0.wp.com\/blog.kunstgriff.net\/wp-content\/uploads\/2022\/05\/Da-hinten-ist-die-Augustusburg.jpg?fit=1200%2C800&ssl=1&resize=525%2C300 1.5x, https:\/\/i0.wp.com\/blog.kunstgriff.net\/wp-content\/uploads\/2022\/05\/Da-hinten-ist-die-Augustusburg.jpg?fit=1200%2C800&ssl=1&resize=700%2C400 2x, https:\/\/i0.wp.com\/blog.kunstgriff.net\/wp-content\/uploads\/2022\/05\/Da-hinten-ist-die-Augustusburg.jpg?fit=1200%2C800&ssl=1&resize=1050%2C600 3x"},"classes":[]},{"id":17800,"url":"https:\/\/blog.kunstgriff.net\/?p=17800","url_meta":{"origin":1771,"position":3},"title":"Auf Friedensfahrt\u2013Kurs 2018 2. Tag: Elsterwerda -> G\u00f6rlitz","author":"Georg","date":"Mai 9, 2018","format":false,"excerpt":"132 km | 999 H\u00f6henmeter Das Fr\u00fchst\u00fcck war \u00fcbersichtlich aber lecker in unserem Eurasischen Hotel. Im Anschluss ging es nach entspannter Morgen-Routine auf die Strecke. Nicht ganz, denn erstmal mussten die Nachk\u00f6mmlinge vom Bahnhof abgeholt werden. Das verz\u00f6gerte die Abfahrt um rund 45 Minuten. Danach konnte es endlich los gehen.\u2026","rel":"","context":"In &quot;Radfahren&quot;","block_context":{"text":"Radfahren","link":"https:\/\/blog.kunstgriff.net\/?cat=14"},"img":{"alt_text":"","src":"https:\/\/i0.wp.com\/blog.kunstgriff.net\/wp-content\/uploads\/2018\/05\/geschafft-vor-der-Jugendherberge-in-G%C3%B6rlitz.jpg?fit=1200%2C800&ssl=1&resize=350%2C200","width":350,"height":200,"srcset":"https:\/\/i0.wp.com\/blog.kunstgriff.net\/wp-content\/uploads\/2018\/05\/geschafft-vor-der-Jugendherberge-in-G%C3%B6rlitz.jpg?fit=1200%2C800&ssl=1&resize=350%2C200 1x, https:\/\/i0.wp.com\/blog.kunstgriff.net\/wp-content\/uploads\/2018\/05\/geschafft-vor-der-Jugendherberge-in-G%C3%B6rlitz.jpg?fit=1200%2C800&ssl=1&resize=525%2C300 1.5x, https:\/\/i0.wp.com\/blog.kunstgriff.net\/wp-content\/uploads\/2018\/05\/geschafft-vor-der-Jugendherberge-in-G%C3%B6rlitz.jpg?fit=1200%2C800&ssl=1&resize=700%2C400 2x, https:\/\/i0.wp.com\/blog.kunstgriff.net\/wp-content\/uploads\/2018\/05\/geschafft-vor-der-Jugendherberge-in-G%C3%B6rlitz.jpg?fit=1200%2C800&ssl=1&resize=1050%2C600 3x"},"classes":[]},{"id":4708,"url":"https:\/\/blog.kunstgriff.net\/?p=4708","url_meta":{"origin":1771,"position":4},"title":"Auf Friedensfahrt \u2013 Kurs 2011 3. Tag Altenberg -> M\u011bln\u00edk","author":"Georg","date":"Juni 3, 2011","format":false,"excerpt":"149,95 km | 1.424 H\u00f6henmeter\u00a0| 12,6 % maximale Steigung P\u00fcnktlich um 8:30 Uhr verliessen wir die Jugendherberge in Altenberg in Richtung Zinnwald. Nach der steilen Abfahrt ging es gleich mit einigen Prozenten in den Berg und das erste Anschwitzen im grossen Feld war f\u00e4llig, bevor es eine herrlich lange Abfahrt\u2026","rel":"","context":"In &quot;Besonderes Ereignis&quot;","block_context":{"text":"Besonderes Ereignis","link":"https:\/\/blog.kunstgriff.net\/?cat=25"},"img":{"alt_text":"","src":"https:\/\/i0.wp.com\/blog.kunstgriff.net\/wp-content\/uploads\/2011\/06\/Burg.jpg?resize=350%2C200","width":350,"height":200,"srcset":"https:\/\/i0.wp.com\/blog.kunstgriff.net\/wp-content\/uploads\/2011\/06\/Burg.jpg?resize=350%2C200 1x, https:\/\/i0.wp.com\/blog.kunstgriff.net\/wp-content\/uploads\/2011\/06\/Burg.jpg?resize=525%2C300 1.5x, https:\/\/i0.wp.com\/blog.kunstgriff.net\/wp-content\/uploads\/2011\/06\/Burg.jpg?resize=700%2C400 2x"},"classes":[]},{"id":21575,"url":"https:\/\/blog.kunstgriff.net\/?p=21575","url_meta":{"origin":1771,"position":5},"title":"WfF-Sommertour Th\u00fcringen 2020 &#8211; Tag 1","author":"Georg","date":"August 3, 2020","format":false,"excerpt":"149,5 km | 2.225 H\u00f6henmeter Heute war der erste Urlaubstag in Th\u00fcringen. Die Nacht im sch\u00f6nen Sport-St\u00fctzpunkt Hotel war gewohnt unruhig. Immer wenn ich wo neues penne. Egal, die Freude aufs Radfahren war relativ gro\u00df, da mir diese Region relativ unbekannt ist und ich gestern bei der Anfahrt schon bemerkte,\u2026","rel":"","context":"In &quot;Radfahren&quot;","block_context":{"text":"Radfahren","link":"https:\/\/blog.kunstgriff.net\/?cat=14"},"img":{"alt_text":"Abfahrt nach Bad Blankenburg","src":"https:\/\/i0.wp.com\/blog.kunstgriff.net\/wp-content\/uploads\/2020\/08\/Abfahrt-nach-Bad-Brandenburg.jpg?fit=1200%2C800&ssl=1&resize=350%2C200","width":350,"height":200,"srcset":"https:\/\/i0.wp.com\/blog.kunstgriff.net\/wp-content\/uploads\/2020\/08\/Abfahrt-nach-Bad-Brandenburg.jpg?fit=1200%2C800&ssl=1&resize=350%2C200 1x, https:\/\/i0.wp.com\/blog.kunstgriff.net\/wp-content\/uploads\/2020\/08\/Abfahrt-nach-Bad-Brandenburg.jpg?fit=1200%2C800&ssl=1&resize=525%2C300 1.5x, https:\/\/i0.wp.com\/blog.kunstgriff.net\/wp-content\/uploads\/2020\/08\/Abfahrt-nach-Bad-Brandenburg.jpg?fit=1200%2C800&ssl=1&resize=700%2C400 2x, https:\/\/i0.wp.com\/blog.kunstgriff.net\/wp-content\/uploads\/2020\/08\/Abfahrt-nach-Bad-Brandenburg.jpg?fit=1200%2C800&ssl=1&resize=1050%2C600 3x"},"classes":[]}],"jetpack_likes_enabled":true,"jetpack_sharing_enabled":true,"_links":{"self":[{"href":"https:\/\/blog.kunstgriff.net\/index.php?rest_route=\/wp\/v2\/posts\/1771","targetHints":{"allow":["GET"]}}],"collection":[{"href":"https:\/\/blog.kunstgriff.net\/index.php?rest_route=\/wp\/v2\/posts"}],"about":[{"href":"https:\/\/blog.kunstgriff.net\/index.php?rest_route=\/wp\/v2\/types\/post"}],"author":[{"embeddable":true,"href":"https:\/\/blog.kunstgriff.net\/index.php?rest_route=\/wp\/v2\/users\/2"}],"replies":[{"embeddable":true,"href":"https:\/\/blog.kunstgriff.net\/index.php?rest_route=%2Fwp%2Fv2%2Fcomments&post=1771"}],"version-history":[{"count":0,"href":"https:\/\/blog.kunstgriff.net\/index.php?rest_route=\/wp\/v2\/posts\/1771\/revisions"}],"wp:featuredmedia":[{"embeddable":true,"href":"https:\/\/blog.kunstgriff.net\/index.php?rest_route=\/wp\/v2\/media\/1777"}],"wp:attachment":[{"href":"https:\/\/blog.kunstgriff.net\/index.php?rest_route=%2Fwp%2Fv2%2Fmedia&parent=1771"}],"wp:term":[{"taxonomy":"category","embeddable":true,"href":"https:\/\/blog.kunstgriff.net\/index.php?rest_route=%2Fwp%2Fv2%2Fcategories&post=1771"},{"taxonomy":"post_tag","embeddable":true,"href":"https:\/\/blog.kunstgriff.net\/index.php?rest_route=%2Fwp%2Fv2%2Ftags&post=1771"}],"curies":[{"name":"wp","href":"https:\/\/api.w.org\/{rel}","templated":true}]}}