{"id":17800,"date":"2018-05-09T18:03:40","date_gmt":"2018-05-09T16:03:40","guid":{"rendered":"https:\/\/blog.kunstgriff.net\/?p=17800"},"modified":"2018-05-14T07:15:35","modified_gmt":"2018-05-14T05:15:35","slug":"auf-friedensfahrt-kurs-2018-2-tag-elsterwerda-goerlitz","status":"publish","type":"post","link":"https:\/\/blog.kunstgriff.net\/?p=17800","title":{"rendered":"Auf Friedensfahrt\u2013Kurs 2018 2. Tag: Elsterwerda -> G\u00f6rlitz"},"content":{"rendered":"<span class=\"span-reading-time rt-reading-time\" style=\"display: block;\"><span class=\"rt-label rt-prefix\">Lesezeit: <\/span> <span class=\"rt-time\"> 2<\/span> <span class=\"rt-label rt-postfix\">Minuten<\/span><\/span><h4>132 km | 999 H\u00f6henmeter<\/h4>\n<hr \/>\n<p>Das Fr\u00fchst\u00fcck war \u00fcbersichtlich aber lecker in unserem Eurasischen Hotel. Im Anschluss ging es nach entspannter Morgen-Routine auf die Strecke. Nicht ganz, denn erstmal mussten die Nachk\u00f6mmlinge vom Bahnhof abgeholt werden. Das verz\u00f6gerte die Abfahrt um rund 45 Minuten. Danach konnte es <del>endlich<\/del> los gehen.<\/p>\n<p>Ich begann mit Herbert in der F\u00fchrung und f\u00fchlte mich schlecht. Meine Lunge brannte und meine Beine waren kraftlos. Spa\u00df am Radfahren und der Bewegung hatte ich erstmal wenig. Die uns folgende Gruppe tat ihr \u00dcbriges um diesen Spa\u00df nicht zu erh\u00f6hen. Es wurde sehr unruhig und nicht ordentlich in Reihe gefahren. Viele versuchten, sich vor dem Fahren gegen den Wind zu dr\u00fccken. So machten sich quasi zwei Gruppen auf: 1x die F\u00fchrenden und dann die, die einfach nur hinten dran bleiben wollten um mitzuschwimmen. Das nervte mich und ich sehnte mich nach einer Gruppe, die gemeinsam gegen den Wind fuhr.<\/p>\n<p>Bis zur Pause nach 66 km sollte dies nicht passieren. Nach dem herzhaften Buffet im Klosterhof und einem Kaffee mit Kuchen von der Klosterb\u00e4ckerei fand sich dann endlich eine gute Formation, bestehend aus Alex, Christop, Herbert und mir. Es musste zwar \u00f6fters vorne gefahren werden, es f\u00fchlte sich aber gut an, f\u00fcr die anderen mit ordentlich Wind im Gesicht zu ackern.<\/p>\n<p>Allerdings war der Gegenwind heute so garstig, dass es sich sogar in der zweiten oder dritten Reihe nicht nach Windschattenfahren anf\u00fchlte.<\/p>\n<p>Als wir den riesen Knast in Bautzen passiert hatten gab es noch ein Schwipp-Schwapp vom Netto, bevor es die letzten 45 km nach G\u00f6rlitz ging. Keine Minute R\u00fcckenwind oder mal Erholung immer nur kr\u00e4ftig dr\u00fccken auch gegen die sich nun h\u00e4ufenden H\u00fcgel. Diese Kilometer waren nun z\u00e4h wie zu alter Kaugummi.<\/p>\n<p>Als das Ortsschild G\u00f6rlitz erreicht war, war ich sehr zufrieden und freute mich auf die Dusche in unserer Jugendherberge in dieser Grenzstadt.<\/p>\n<p>Morgen dann <del>noch<\/del> ein paar mehr H\u00f6henmeter.<\/p>\n<p><iframe loading=\"lazy\" src=\"https:\/\/www.strava.com\/activities\/1570795167\/embed\/39a9495b82a4d200b5218c2cd46dd85b0b3fbde2\" width=\"590\" height=\"405\" frameborder=\"0\" scrolling=\"no\"><\/iframe><\/p>\n<div class=\"tiled-gallery type-rectangular tiled-gallery-unresized\" data-original-width=\"525\" data-carousel-extra='{&quot;blog_id&quot;:1,&quot;permalink&quot;:&quot;https:\\\/\\\/blog.kunstgriff.net\\\/?p=17800&quot;,&quot;likes_blog_id&quot;:127394879}' itemscope itemtype=\"http:\/\/schema.org\/ImageGallery\" > <div class=\"gallery-row\" style=\"width: 525px; height: 235px;\" data-original-width=\"525\" data-original-height=\"235\" > <div class=\"gallery-group images-1\" style=\"width: 351px; height: 235px;\" data-original-width=\"351\" data-original-height=\"235\" > <div class=\"tiled-gallery-item tiled-gallery-item-large\" itemprop=\"associatedMedia\" itemscope itemtype=\"http:\/\/schema.org\/ImageObject\"> <a href=\"https:\/\/i0.wp.com\/blog.kunstgriff.net\/wp-content\/uploads\/2018\/05\/kurz-vor-Abfahrt-in-Elsterwerda.jpg?ssl=1\" border=\"0\" itemprop=\"url\"> <meta itemprop=\"width\" content=\"347\"> <meta itemprop=\"height\" content=\"231\"> <img decoding=\"async\" class=\"\" data-attachment-id=\"17835\" data-orig-file=\"https:\/\/blog.kunstgriff.net\/wp-content\/uploads\/2018\/05\/kurz-vor-Abfahrt-in-Elsterwerda.jpg\" data-orig-size=\"2500,1667\" data-comments-opened=\"1\" data-image-meta=\"{&quot;aperture&quot;:&quot;8&quot;,&quot;credit&quot;:&quot;&quot;,&quot;camera&quot;:&quot;TG-4&quot;,&quot;caption&quot;:&quot;OLYMPUS DIGITAL CAMERA&quot;,&quot;created_timestamp&quot;:&quot;1525857856&quot;,&quot;copyright&quot;:&quot;&quot;,&quot;focal_length&quot;:&quot;4.5&quot;,&quot;iso&quot;:&quot;100&quot;,&quot;shutter_speed&quot;:&quot;0.004&quot;,&quot;title&quot;:&quot;OLYMPUS DIGITAL CAMERA&quot;,&quot;orientation&quot;:&quot;1&quot;}\" data-image-title=\"kurz vor Abfahrt in Elsterwerda\" data-image-description=\"\" data-medium-file=\"https:\/\/i0.wp.com\/blog.kunstgriff.net\/wp-content\/uploads\/2018\/05\/kurz-vor-Abfahrt-in-Elsterwerda.jpg?fit=300%2C200&#038;ssl=1\" data-large-file=\"https:\/\/i0.wp.com\/blog.kunstgriff.net\/wp-content\/uploads\/2018\/05\/kurz-vor-Abfahrt-in-Elsterwerda.jpg?fit=1024%2C683&#038;ssl=1\" src=\"https:\/\/i0.wp.com\/blog.kunstgriff.net\/wp-content\/uploads\/2018\/05\/kurz-vor-Abfahrt-in-Elsterwerda.jpg?w=347&#038;h=231&#038;ssl=1\" srcset=\"https:\/\/i0.wp.com\/blog.kunstgriff.net\/wp-content\/uploads\/2018\/05\/kurz-vor-Abfahrt-in-Elsterwerda.jpg?w=2500&amp;ssl=1 2500w, https:\/\/i0.wp.com\/blog.kunstgriff.net\/wp-content\/uploads\/2018\/05\/kurz-vor-Abfahrt-in-Elsterwerda.jpg?resize=300%2C200&amp;ssl=1 300w, https:\/\/i0.wp.com\/blog.kunstgriff.net\/wp-content\/uploads\/2018\/05\/kurz-vor-Abfahrt-in-Elsterwerda.jpg?resize=768%2C512&amp;ssl=1 768w, https:\/\/i0.wp.com\/blog.kunstgriff.net\/wp-content\/uploads\/2018\/05\/kurz-vor-Abfahrt-in-Elsterwerda.jpg?resize=1024%2C683&amp;ssl=1 1024w, https:\/\/i0.wp.com\/blog.kunstgriff.net\/wp-content\/uploads\/2018\/05\/kurz-vor-Abfahrt-in-Elsterwerda.jpg?w=1575&amp;ssl=1 1575w\" width=\"347\" height=\"231\" loading=\"lazy\" data-original-width=\"347\" data-original-height=\"231\" itemprop=\"http:\/\/schema.org\/image\" title=\"kurz vor Abfahrt in Elsterwerda\" alt=\"kurz vor Abfahrt in Elsterwerda\" style=\"width: 347px; height: 231px;\" \/> <\/a> <div class=\"tiled-gallery-caption\" itemprop=\"caption description\"> kurz vor Abfahrt in Elsterwerda <\/div> <\/div> <\/div> <!-- close group --> <div class=\"gallery-group images-2\" style=\"width: 174px; height: 235px;\" data-original-width=\"174\" data-original-height=\"235\" > <div class=\"tiled-gallery-item tiled-gallery-item-small\" itemprop=\"associatedMedia\" itemscope itemtype=\"http:\/\/schema.org\/ImageObject\"> <a href=\"https:\/\/i0.wp.com\/blog.kunstgriff.net\/wp-content\/uploads\/2018\/05\/Bahnhofsidyll.jpg?ssl=1\" border=\"0\" itemprop=\"url\"> <meta itemprop=\"width\" content=\"170\"> <meta itemprop=\"height\" content=\"114\"> <img decoding=\"async\" class=\"\" data-attachment-id=\"17831\" data-orig-file=\"https:\/\/blog.kunstgriff.net\/wp-content\/uploads\/2018\/05\/Bahnhofsidyll.jpg\" data-orig-size=\"2500,1667\" data-comments-opened=\"1\" data-image-meta=\"{&quot;aperture&quot;:&quot;8&quot;,&quot;credit&quot;:&quot;&quot;,&quot;camera&quot;:&quot;TG-4&quot;,&quot;caption&quot;:&quot;OLYMPUS DIGITAL CAMERA&quot;,&quot;created_timestamp&quot;:&quot;1525858764&quot;,&quot;copyright&quot;:&quot;&quot;,&quot;focal_length&quot;:&quot;4.5&quot;,&quot;iso&quot;:&quot;100&quot;,&quot;shutter_speed&quot;:&quot;0.00625&quot;,&quot;title&quot;:&quot;OLYMPUS DIGITAL CAMERA&quot;,&quot;orientation&quot;:&quot;1&quot;}\" data-image-title=\"Bahnhofsidyll\" data-image-description=\"\" data-medium-file=\"https:\/\/i0.wp.com\/blog.kunstgriff.net\/wp-content\/uploads\/2018\/05\/Bahnhofsidyll.jpg?fit=300%2C200&#038;ssl=1\" data-large-file=\"https:\/\/i0.wp.com\/blog.kunstgriff.net\/wp-content\/uploads\/2018\/05\/Bahnhofsidyll.jpg?fit=1024%2C683&#038;ssl=1\" src=\"https:\/\/i0.wp.com\/blog.kunstgriff.net\/wp-content\/uploads\/2018\/05\/Bahnhofsidyll.jpg?w=170&#038;h=114&#038;ssl=1\" srcset=\"https:\/\/i0.wp.com\/blog.kunstgriff.net\/wp-content\/uploads\/2018\/05\/Bahnhofsidyll.jpg?w=2500&amp;ssl=1 2500w, https:\/\/i0.wp.com\/blog.kunstgriff.net\/wp-content\/uploads\/2018\/05\/Bahnhofsidyll.jpg?resize=300%2C200&amp;ssl=1 300w, https:\/\/i0.wp.com\/blog.kunstgriff.net\/wp-content\/uploads\/2018\/05\/Bahnhofsidyll.jpg?resize=768%2C512&amp;ssl=1 768w, https:\/\/i0.wp.com\/blog.kunstgriff.net\/wp-content\/uploads\/2018\/05\/Bahnhofsidyll.jpg?resize=1024%2C683&amp;ssl=1 1024w, https:\/\/i0.wp.com\/blog.kunstgriff.net\/wp-content\/uploads\/2018\/05\/Bahnhofsidyll.jpg?w=1575&amp;ssl=1 1575w\" width=\"170\" height=\"114\" loading=\"lazy\" data-original-width=\"170\" data-original-height=\"114\" itemprop=\"http:\/\/schema.org\/image\" title=\"Bahnhofsidyll\" alt=\"Bahnhofsidyll\" style=\"width: 170px; height: 114px;\" \/> <\/a> <div class=\"tiled-gallery-caption\" itemprop=\"caption description\"> Bahnhofsidyll <\/div> <\/div> <div class=\"tiled-gallery-item tiled-gallery-item-small\" itemprop=\"associatedMedia\" itemscope itemtype=\"http:\/\/schema.org\/ImageObject\"> <a href=\"https:\/\/i0.wp.com\/blog.kunstgriff.net\/wp-content\/uploads\/2018\/05\/auf-dem-Weg-nach-G%C3%B6rlitz.jpg?ssl=1\" border=\"0\" itemprop=\"url\"> <meta itemprop=\"width\" content=\"170\"> <meta itemprop=\"height\" content=\"113\"> <img decoding=\"async\" class=\"\" data-attachment-id=\"17830\" data-orig-file=\"https:\/\/blog.kunstgriff.net\/wp-content\/uploads\/2018\/05\/auf-dem-Weg-nach-G\u00f6rlitz.jpg\" data-orig-size=\"2500,1667\" data-comments-opened=\"1\" data-image-meta=\"{&quot;aperture&quot;:&quot;8&quot;,&quot;credit&quot;:&quot;&quot;,&quot;camera&quot;:&quot;TG-4&quot;,&quot;caption&quot;:&quot;OLYMPUS DIGITAL CAMERA&quot;,&quot;created_timestamp&quot;:&quot;1525861163&quot;,&quot;copyright&quot;:&quot;&quot;,&quot;focal_length&quot;:&quot;4.5&quot;,&quot;iso&quot;:&quot;100&quot;,&quot;shutter_speed&quot;:&quot;0.005&quot;,&quot;title&quot;:&quot;OLYMPUS DIGITAL CAMERA&quot;,&quot;orientation&quot;:&quot;1&quot;}\" data-image-title=\"auf dem Weg nach G\u00f6rlitz\" data-image-description=\"\" data-medium-file=\"https:\/\/i0.wp.com\/blog.kunstgriff.net\/wp-content\/uploads\/2018\/05\/auf-dem-Weg-nach-G%C3%B6rlitz.jpg?fit=300%2C200&#038;ssl=1\" data-large-file=\"https:\/\/i0.wp.com\/blog.kunstgriff.net\/wp-content\/uploads\/2018\/05\/auf-dem-Weg-nach-G%C3%B6rlitz.jpg?fit=1024%2C683&#038;ssl=1\" src=\"https:\/\/i0.wp.com\/blog.kunstgriff.net\/wp-content\/uploads\/2018\/05\/auf-dem-Weg-nach-G%C3%B6rlitz.jpg?w=170&#038;h=113&#038;ssl=1\" width=\"170\" height=\"113\" loading=\"lazy\" data-original-width=\"170\" data-original-height=\"113\" itemprop=\"http:\/\/schema.org\/image\" title=\"auf dem Weg nach G\u00f6rlitz\" alt=\"auf dem Weg nach G\u00f6rlitz\" style=\"width: 170px; height: 113px;\" \/> <\/a> <div class=\"tiled-gallery-caption\" itemprop=\"caption description\"> auf dem Weg nach G\u00f6rlitz <\/div> <\/div> <\/div> <!-- close group --> <\/div> <!-- close row --> <div class=\"gallery-row\" style=\"width: 525px; height: 118px;\" data-original-width=\"525\" data-original-height=\"118\" > <div class=\"gallery-group images-1\" style=\"width: 175px; height: 118px;\" data-original-width=\"175\" data-original-height=\"118\" > <div class=\"tiled-gallery-item tiled-gallery-item-small\" itemprop=\"associatedMedia\" itemscope itemtype=\"http:\/\/schema.org\/ImageObject\"> <a href=\"https:\/\/i0.wp.com\/blog.kunstgriff.net\/wp-content\/uploads\/2018\/05\/recht-grosse-Gruppe.jpg?ssl=1\" border=\"0\" itemprop=\"url\"> <meta itemprop=\"width\" content=\"171\"> <meta itemprop=\"height\" content=\"114\"> <img decoding=\"async\" class=\"\" data-attachment-id=\"17836\" data-orig-file=\"https:\/\/blog.kunstgriff.net\/wp-content\/uploads\/2018\/05\/recht-grosse-Gruppe.jpg\" data-orig-size=\"2500,1667\" data-comments-opened=\"1\" data-image-meta=\"{&quot;aperture&quot;:&quot;8&quot;,&quot;credit&quot;:&quot;&quot;,&quot;camera&quot;:&quot;TG-4&quot;,&quot;caption&quot;:&quot;OLYMPUS DIGITAL CAMERA&quot;,&quot;created_timestamp&quot;:&quot;1525866530&quot;,&quot;copyright&quot;:&quot;&quot;,&quot;focal_length&quot;:&quot;4.5&quot;,&quot;iso&quot;:&quot;100&quot;,&quot;shutter_speed&quot;:&quot;0.005&quot;,&quot;title&quot;:&quot;OLYMPUS DIGITAL CAMERA&quot;,&quot;orientation&quot;:&quot;1&quot;}\" data-image-title=\"recht grosse Gruppe\" data-image-description=\"\" data-medium-file=\"https:\/\/i0.wp.com\/blog.kunstgriff.net\/wp-content\/uploads\/2018\/05\/recht-grosse-Gruppe.jpg?fit=300%2C200&#038;ssl=1\" data-large-file=\"https:\/\/i0.wp.com\/blog.kunstgriff.net\/wp-content\/uploads\/2018\/05\/recht-grosse-Gruppe.jpg?fit=1024%2C683&#038;ssl=1\" src=\"https:\/\/i0.wp.com\/blog.kunstgriff.net\/wp-content\/uploads\/2018\/05\/recht-grosse-Gruppe.jpg?w=171&#038;h=114&#038;ssl=1\" srcset=\"https:\/\/i0.wp.com\/blog.kunstgriff.net\/wp-content\/uploads\/2018\/05\/recht-grosse-Gruppe.jpg?w=2500&amp;ssl=1 2500w, https:\/\/i0.wp.com\/blog.kunstgriff.net\/wp-content\/uploads\/2018\/05\/recht-grosse-Gruppe.jpg?resize=300%2C200&amp;ssl=1 300w, https:\/\/i0.wp.com\/blog.kunstgriff.net\/wp-content\/uploads\/2018\/05\/recht-grosse-Gruppe.jpg?resize=768%2C512&amp;ssl=1 768w, https:\/\/i0.wp.com\/blog.kunstgriff.net\/wp-content\/uploads\/2018\/05\/recht-grosse-Gruppe.jpg?resize=1024%2C683&amp;ssl=1 1024w, https:\/\/i0.wp.com\/blog.kunstgriff.net\/wp-content\/uploads\/2018\/05\/recht-grosse-Gruppe.jpg?w=1575&amp;ssl=1 1575w\" width=\"171\" height=\"114\" loading=\"lazy\" data-original-width=\"171\" data-original-height=\"114\" itemprop=\"http:\/\/schema.org\/image\" title=\"recht grosse Gruppe\" alt=\"recht grosse Gruppe\" style=\"width: 171px; height: 114px;\" \/> <\/a> <div class=\"tiled-gallery-caption\" itemprop=\"caption description\"> recht grosse Gruppe <\/div> <\/div> <\/div> <!-- close group --> <div class=\"gallery-group images-1\" style=\"width: 175px; height: 118px;\" data-original-width=\"175\" data-original-height=\"118\" > <div class=\"tiled-gallery-item tiled-gallery-item-small\" itemprop=\"associatedMedia\" itemscope itemtype=\"http:\/\/schema.org\/ImageObject\"> <a href=\"https:\/\/i0.wp.com\/blog.kunstgriff.net\/wp-content\/uploads\/2018\/05\/einfach-mal-rollen-lassen.jpg?ssl=1\" border=\"0\" itemprop=\"url\"> <meta itemprop=\"width\" content=\"171\"> <meta itemprop=\"height\" content=\"114\"> <img decoding=\"async\" class=\"\" data-attachment-id=\"17833\" data-orig-file=\"https:\/\/blog.kunstgriff.net\/wp-content\/uploads\/2018\/05\/einfach-mal-rollen-lassen.jpg\" data-orig-size=\"2500,1667\" data-comments-opened=\"1\" data-image-meta=\"{&quot;aperture&quot;:&quot;8&quot;,&quot;credit&quot;:&quot;&quot;,&quot;camera&quot;:&quot;TG-4&quot;,&quot;caption&quot;:&quot;OLYMPUS DIGITAL CAMERA&quot;,&quot;created_timestamp&quot;:&quot;1525867191&quot;,&quot;copyright&quot;:&quot;&quot;,&quot;focal_length&quot;:&quot;4.5&quot;,&quot;iso&quot;:&quot;100&quot;,&quot;shutter_speed&quot;:&quot;0.004&quot;,&quot;title&quot;:&quot;OLYMPUS DIGITAL CAMERA&quot;,&quot;orientation&quot;:&quot;1&quot;}\" data-image-title=\"einfach mal rollen lassen\" data-image-description=\"\" data-medium-file=\"https:\/\/i0.wp.com\/blog.kunstgriff.net\/wp-content\/uploads\/2018\/05\/einfach-mal-rollen-lassen.jpg?fit=300%2C200&#038;ssl=1\" data-large-file=\"https:\/\/i0.wp.com\/blog.kunstgriff.net\/wp-content\/uploads\/2018\/05\/einfach-mal-rollen-lassen.jpg?fit=1024%2C683&#038;ssl=1\" src=\"https:\/\/i0.wp.com\/blog.kunstgriff.net\/wp-content\/uploads\/2018\/05\/einfach-mal-rollen-lassen.jpg?w=171&#038;h=114&#038;ssl=1\" srcset=\"https:\/\/i0.wp.com\/blog.kunstgriff.net\/wp-content\/uploads\/2018\/05\/einfach-mal-rollen-lassen.jpg?w=2500&amp;ssl=1 2500w, https:\/\/i0.wp.com\/blog.kunstgriff.net\/wp-content\/uploads\/2018\/05\/einfach-mal-rollen-lassen.jpg?resize=300%2C200&amp;ssl=1 300w, https:\/\/i0.wp.com\/blog.kunstgriff.net\/wp-content\/uploads\/2018\/05\/einfach-mal-rollen-lassen.jpg?resize=768%2C512&amp;ssl=1 768w, https:\/\/i0.wp.com\/blog.kunstgriff.net\/wp-content\/uploads\/2018\/05\/einfach-mal-rollen-lassen.jpg?resize=1024%2C683&amp;ssl=1 1024w, https:\/\/i0.wp.com\/blog.kunstgriff.net\/wp-content\/uploads\/2018\/05\/einfach-mal-rollen-lassen.jpg?w=1575&amp;ssl=1 1575w\" width=\"171\" height=\"114\" loading=\"lazy\" data-original-width=\"171\" data-original-height=\"114\" itemprop=\"http:\/\/schema.org\/image\" title=\"einfach mal rollen lassen\" alt=\"einfach mal rollen lassen\" style=\"width: 171px; height: 114px;\" \/> <\/a> <div class=\"tiled-gallery-caption\" itemprop=\"caption description\"> einfach mal rollen lassen <\/div> <\/div> <\/div> <!-- close group --> <div class=\"gallery-group images-1\" style=\"width: 175px; height: 118px;\" data-original-width=\"175\" data-original-height=\"118\" > <div class=\"tiled-gallery-item tiled-gallery-item-small\" itemprop=\"associatedMedia\" itemscope itemtype=\"http:\/\/schema.org\/ImageObject\"> <a href=\"https:\/\/i0.wp.com\/blog.kunstgriff.net\/wp-content\/uploads\/2018\/05\/Salami-und-Schmalz-Stullen-Buffet-im-Schlosshof.jpg?ssl=1\" border=\"0\" itemprop=\"url\"> <meta itemprop=\"width\" content=\"171\"> <meta itemprop=\"height\" content=\"114\"> <img decoding=\"async\" class=\"\" data-attachment-id=\"17837\" data-orig-file=\"https:\/\/blog.kunstgriff.net\/wp-content\/uploads\/2018\/05\/Salami-und-Schmalz-Stullen-Buffet-im-Schlosshof.jpg\" data-orig-size=\"2500,1667\" data-comments-opened=\"1\" data-image-meta=\"{&quot;aperture&quot;:&quot;2.8&quot;,&quot;credit&quot;:&quot;&quot;,&quot;camera&quot;:&quot;TG-4&quot;,&quot;caption&quot;:&quot;OLYMPUS DIGITAL CAMERA&quot;,&quot;created_timestamp&quot;:&quot;1525868384&quot;,&quot;copyright&quot;:&quot;&quot;,&quot;focal_length&quot;:&quot;4.5&quot;,&quot;iso&quot;:&quot;100&quot;,&quot;shutter_speed&quot;:&quot;0.0015625&quot;,&quot;title&quot;:&quot;OLYMPUS DIGITAL CAMERA&quot;,&quot;orientation&quot;:&quot;1&quot;}\" data-image-title=\"Salami- und Schmalz Stullen-Buffet im Schlosshof\" data-image-description=\"\" data-medium-file=\"https:\/\/i0.wp.com\/blog.kunstgriff.net\/wp-content\/uploads\/2018\/05\/Salami-und-Schmalz-Stullen-Buffet-im-Schlosshof.jpg?fit=300%2C200&#038;ssl=1\" data-large-file=\"https:\/\/i0.wp.com\/blog.kunstgriff.net\/wp-content\/uploads\/2018\/05\/Salami-und-Schmalz-Stullen-Buffet-im-Schlosshof.jpg?fit=1024%2C683&#038;ssl=1\" src=\"https:\/\/i0.wp.com\/blog.kunstgriff.net\/wp-content\/uploads\/2018\/05\/Salami-und-Schmalz-Stullen-Buffet-im-Schlosshof.jpg?w=171&#038;h=114&#038;ssl=1\" srcset=\"https:\/\/i0.wp.com\/blog.kunstgriff.net\/wp-content\/uploads\/2018\/05\/Salami-und-Schmalz-Stullen-Buffet-im-Schlosshof.jpg?w=2500&amp;ssl=1 2500w, https:\/\/i0.wp.com\/blog.kunstgriff.net\/wp-content\/uploads\/2018\/05\/Salami-und-Schmalz-Stullen-Buffet-im-Schlosshof.jpg?resize=300%2C200&amp;ssl=1 300w, https:\/\/i0.wp.com\/blog.kunstgriff.net\/wp-content\/uploads\/2018\/05\/Salami-und-Schmalz-Stullen-Buffet-im-Schlosshof.jpg?resize=768%2C512&amp;ssl=1 768w, https:\/\/i0.wp.com\/blog.kunstgriff.net\/wp-content\/uploads\/2018\/05\/Salami-und-Schmalz-Stullen-Buffet-im-Schlosshof.jpg?resize=1024%2C683&amp;ssl=1 1024w, https:\/\/i0.wp.com\/blog.kunstgriff.net\/wp-content\/uploads\/2018\/05\/Salami-und-Schmalz-Stullen-Buffet-im-Schlosshof.jpg?w=1575&amp;ssl=1 1575w\" width=\"171\" height=\"114\" loading=\"lazy\" data-original-width=\"171\" data-original-height=\"114\" itemprop=\"http:\/\/schema.org\/image\" title=\"Salami- und Schmalz Stullen-Buffet im Schlosshof\" alt=\"Salami- und Schmalz Stullen-Buffet im Schlosshof\" style=\"width: 171px; height: 114px;\" \/> <\/a> <div class=\"tiled-gallery-caption\" itemprop=\"caption description\"> Salami- und Schmalz Stullen-Buffet im Schlosshof <\/div> <\/div> <\/div> <!-- close group --> <\/div> <!-- close row --> <div class=\"gallery-row\" style=\"width: 525px; height: 176px;\" data-original-width=\"525\" data-original-height=\"176\" > <div class=\"gallery-group images-1\" style=\"width: 263px; height: 176px;\" data-original-width=\"263\" data-original-height=\"176\" > <div class=\"tiled-gallery-item tiled-gallery-item-large\" itemprop=\"associatedMedia\" itemscope itemtype=\"http:\/\/schema.org\/ImageObject\"> <a href=\"https:\/\/i0.wp.com\/blog.kunstgriff.net\/wp-content\/uploads\/2018\/05\/bl%C3%BChende-Landschaften.jpg?ssl=1\" border=\"0\" itemprop=\"url\"> <meta itemprop=\"width\" content=\"259\"> <meta itemprop=\"height\" content=\"172\"> <img decoding=\"async\" class=\"\" data-attachment-id=\"17832\" data-orig-file=\"https:\/\/blog.kunstgriff.net\/wp-content\/uploads\/2018\/05\/bl\u00fchende-Landschaften.jpg\" data-orig-size=\"2500,1667\" data-comments-opened=\"1\" data-image-meta=\"{&quot;aperture&quot;:&quot;2.8&quot;,&quot;credit&quot;:&quot;&quot;,&quot;camera&quot;:&quot;TG-4&quot;,&quot;caption&quot;:&quot;OLYMPUS DIGITAL CAMERA&quot;,&quot;created_timestamp&quot;:&quot;1525879439&quot;,&quot;copyright&quot;:&quot;&quot;,&quot;focal_length&quot;:&quot;4.5&quot;,&quot;iso&quot;:&quot;100&quot;,&quot;shutter_speed&quot;:&quot;0.01&quot;,&quot;title&quot;:&quot;OLYMPUS DIGITAL CAMERA&quot;,&quot;orientation&quot;:&quot;1&quot;}\" data-image-title=\"bl\u00fchende Landschaften\" data-image-description=\"\" data-medium-file=\"https:\/\/i0.wp.com\/blog.kunstgriff.net\/wp-content\/uploads\/2018\/05\/bl%C3%BChende-Landschaften.jpg?fit=300%2C200&#038;ssl=1\" data-large-file=\"https:\/\/i0.wp.com\/blog.kunstgriff.net\/wp-content\/uploads\/2018\/05\/bl%C3%BChende-Landschaften.jpg?fit=1024%2C683&#038;ssl=1\" src=\"https:\/\/i0.wp.com\/blog.kunstgriff.net\/wp-content\/uploads\/2018\/05\/bl%C3%BChende-Landschaften.jpg?w=259&#038;h=172&#038;ssl=1\" width=\"259\" height=\"172\" loading=\"lazy\" data-original-width=\"259\" data-original-height=\"172\" itemprop=\"http:\/\/schema.org\/image\" title=\"bl\u00fchende Landschaften\" alt=\"bl\u00fchende Landschaften\" style=\"width: 259px; height: 172px;\" \/> <\/a> <div class=\"tiled-gallery-caption\" itemprop=\"caption description\"> bl\u00fchende Landschaften <\/div> <\/div> <\/div> <!-- close group --> <div class=\"gallery-group images-1\" style=\"width: 262px; height: 176px;\" data-original-width=\"262\" data-original-height=\"176\" > <div class=\"tiled-gallery-item tiled-gallery-item-large\" itemprop=\"associatedMedia\" itemscope itemtype=\"http:\/\/schema.org\/ImageObject\"> <a href=\"https:\/\/i0.wp.com\/blog.kunstgriff.net\/wp-content\/uploads\/2018\/05\/geschafft-vor-der-Jugendherberge-in-G%C3%B6rlitz.jpg?ssl=1\" border=\"0\" itemprop=\"url\"> <meta itemprop=\"width\" content=\"258\"> <meta itemprop=\"height\" content=\"172\"> <img decoding=\"async\" class=\"\" data-attachment-id=\"17834\" data-orig-file=\"https:\/\/blog.kunstgriff.net\/wp-content\/uploads\/2018\/05\/geschafft-vor-der-Jugendherberge-in-G\u00f6rlitz.jpg\" data-orig-size=\"2500,1667\" data-comments-opened=\"1\" data-image-meta=\"{&quot;aperture&quot;:&quot;2.8&quot;,&quot;credit&quot;:&quot;&quot;,&quot;camera&quot;:&quot;TG-4&quot;,&quot;caption&quot;:&quot;OLYMPUS DIGITAL CAMERA&quot;,&quot;created_timestamp&quot;:&quot;1525881376&quot;,&quot;copyright&quot;:&quot;&quot;,&quot;focal_length&quot;:&quot;4.5&quot;,&quot;iso&quot;:&quot;100&quot;,&quot;shutter_speed&quot;:&quot;0.005&quot;,&quot;title&quot;:&quot;OLYMPUS DIGITAL CAMERA&quot;,&quot;orientation&quot;:&quot;1&quot;}\" data-image-title=\"geschafft &amp;#8211; vor der Jugendherberge in G\u00f6rlitz\" data-image-description=\"\" data-medium-file=\"https:\/\/i0.wp.com\/blog.kunstgriff.net\/wp-content\/uploads\/2018\/05\/geschafft-vor-der-Jugendherberge-in-G%C3%B6rlitz.jpg?fit=300%2C200&#038;ssl=1\" data-large-file=\"https:\/\/i0.wp.com\/blog.kunstgriff.net\/wp-content\/uploads\/2018\/05\/geschafft-vor-der-Jugendherberge-in-G%C3%B6rlitz.jpg?fit=1024%2C683&#038;ssl=1\" src=\"https:\/\/i0.wp.com\/blog.kunstgriff.net\/wp-content\/uploads\/2018\/05\/geschafft-vor-der-Jugendherberge-in-G%C3%B6rlitz.jpg?w=258&#038;h=172&#038;ssl=1\" width=\"258\" height=\"172\" loading=\"lazy\" data-original-width=\"258\" data-original-height=\"172\" itemprop=\"http:\/\/schema.org\/image\" title=\"geschafft - vor der Jugendherberge in G\u00f6rlitz\" alt=\"geschafft - vor der Jugendherberge in G\u00f6rlitz\" style=\"width: 258px; height: 172px;\" \/> <\/a> <div class=\"tiled-gallery-caption\" itemprop=\"caption description\"> geschafft &#8211; vor der Jugendherberge in G\u00f6rlitz <\/div> <\/div> <\/div> <!-- close group --> <\/div> <!-- close row --> <\/div>\n","protected":false},"excerpt":{"rendered":"<p>132 km | 999 H\u00f6henmeter Das Fr\u00fchst\u00fcck war \u00fcbersichtlich aber lecker in unserem Eurasischen Hotel. Im Anschluss ging es nach entspannter Morgen-Routine auf die Strecke. Nicht ganz, denn erstmal mussten die Nachk\u00f6mmlinge vom Bahnhof abgeholt werden. Das verz\u00f6gerte die Abfahrt um rund 45 Minuten. Danach konnte es endlich los gehen. Ich begann mit Herbert in &hellip; <\/p>\n<p class=\"link-more\"><a href=\"https:\/\/blog.kunstgriff.net\/?p=17800\" class=\"more-link\"><span class=\"screen-reader-text\">\u201eAuf Friedensfahrt\u2013Kurs 2018 2. Tag: Elsterwerda -> G\u00f6rlitz\u201c <\/span>weiterlesen<\/a><\/p>\n","protected":false},"author":2,"featured_media":17834,"comment_status":"open","ping_status":"open","sticky":false,"template":"","format":"standard","meta":{"jetpack_post_was_ever_published":false,"_jetpack_newsletter_access":"","_jetpack_dont_email_post_to_subs":false,"_jetpack_newsletter_tier_id":0,"_jetpack_memberships_contains_paywalled_content":false,"_jetpack_memberships_contains_paid_content":false,"footnotes":""},"categories":[14,13,7,36],"tags":[],"class_list":["post-17800","post","type-post","status-publish","format-standard","has-post-thumbnail","hentry","category-radfahren","category-radreise","category-rennradfahren","category-veranstaltungen"],"jetpack_featured_media_url":"https:\/\/i0.wp.com\/blog.kunstgriff.net\/wp-content\/uploads\/2018\/05\/geschafft-vor-der-Jugendherberge-in-G%C3%B6rlitz.jpg?fit=2500%2C1667&ssl=1","jetpack_shortlink":"https:\/\/wp.me\/p8Cxe7-4D6","jetpack-related-posts":[{"id":13010,"url":"https:\/\/blog.kunstgriff.net\/?p=13010","url_meta":{"origin":17800,"position":0},"title":"Trebbin-Runde","author":"Georg","date":"Oktober 25, 2015","format":false,"excerpt":"oder \u00bbKurz mit der Tiri-Bande\u00abEine gef\u00fchlte Ewigkeit war ich schon nicht mehr mit dem Renner unterwegs und als die Damen bei der gestrigen Velonistas Party bekundeten, dass sie um 10 Uhr am Tunnel zu Olegs Runde stehen w\u00fcrden, konnte ich einfach nicht widerstehen. Milde 10\u00b0C lie\u00dfen die Anfahrt ohne Fr\u00f6steln\u2026","rel":"","context":"In &quot;Cake-Ride&quot;","block_context":{"text":"Cake-Ride","link":"https:\/\/blog.kunstgriff.net\/?cat=34"},"img":{"alt_text":"","src":"https:\/\/i0.wp.com\/blog.kunstgriff.net\/wp-content\/uploads\/2015\/09\/Brandenburg-Potsdam-Mittelmark-im-Herbst.jpg?fit=1200%2C900&ssl=1&resize=350%2C200","width":350,"height":200,"srcset":"https:\/\/i0.wp.com\/blog.kunstgriff.net\/wp-content\/uploads\/2015\/09\/Brandenburg-Potsdam-Mittelmark-im-Herbst.jpg?fit=1200%2C900&ssl=1&resize=350%2C200 1x, https:\/\/i0.wp.com\/blog.kunstgriff.net\/wp-content\/uploads\/2015\/09\/Brandenburg-Potsdam-Mittelmark-im-Herbst.jpg?fit=1200%2C900&ssl=1&resize=525%2C300 1.5x, https:\/\/i0.wp.com\/blog.kunstgriff.net\/wp-content\/uploads\/2015\/09\/Brandenburg-Potsdam-Mittelmark-im-Herbst.jpg?fit=1200%2C900&ssl=1&resize=700%2C400 2x, https:\/\/i0.wp.com\/blog.kunstgriff.net\/wp-content\/uploads\/2015\/09\/Brandenburg-Potsdam-Mittelmark-im-Herbst.jpg?fit=1200%2C900&ssl=1&resize=1050%2C600 3x"},"classes":[]},{"id":22543,"url":"https:\/\/blog.kunstgriff.net\/?p=22543","url_meta":{"origin":17800,"position":1},"title":"WfF Sommertour 2021 &#8211; Freiburg\/Breisgau &#8211; Tag 6","author":"admin","date":"September 10, 2021","format":false,"excerpt":"kurze Runde auf meinen Lieblingsberg Eigentlich sah es heute nicht gut aus, um unser liebstes Hobby, denn die Wetter- und Regenprognose war nicht gut. Deshalb sollte sp\u00e4ter gefahren werden. So nutzte ich die Zeit nach dem Fr\u00fchst\u00fcck f\u00fcr einen Spaziergang zum Freiburger PZ und auf dem R\u00fcckweg gab's noch eine\u2026","rel":"","context":"In &quot;Cake-Ride&quot;","block_context":{"text":"Cake-Ride","link":"https:\/\/blog.kunstgriff.net\/?cat=34"},"img":{"alt_text":"fast schon im Bofrost-Tunnel","src":"https:\/\/i0.wp.com\/blog.kunstgriff.net\/wp-content\/uploads\/2021\/09\/fast-schon-im-Bofrost-Tunnel.jpg?fit=1200%2C800&ssl=1&resize=350%2C200","width":350,"height":200,"srcset":"https:\/\/i0.wp.com\/blog.kunstgriff.net\/wp-content\/uploads\/2021\/09\/fast-schon-im-Bofrost-Tunnel.jpg?fit=1200%2C800&ssl=1&resize=350%2C200 1x, https:\/\/i0.wp.com\/blog.kunstgriff.net\/wp-content\/uploads\/2021\/09\/fast-schon-im-Bofrost-Tunnel.jpg?fit=1200%2C800&ssl=1&resize=525%2C300 1.5x, https:\/\/i0.wp.com\/blog.kunstgriff.net\/wp-content\/uploads\/2021\/09\/fast-schon-im-Bofrost-Tunnel.jpg?fit=1200%2C800&ssl=1&resize=700%2C400 2x, https:\/\/i0.wp.com\/blog.kunstgriff.net\/wp-content\/uploads\/2021\/09\/fast-schon-im-Bofrost-Tunnel.jpg?fit=1200%2C800&ssl=1&resize=1050%2C600 3x"},"classes":[]},{"id":17313,"url":"https:\/\/blog.kunstgriff.net\/?p=17313","url_meta":{"origin":17800,"position":2},"title":"ERT 2018: Taiwan Tour 9. Etappe","author":"Georg","date":"Januar 25, 2018","format":false,"excerpt":"Hualien \u2013 Su-ao Nach der schwei\u00dftreibenden Wanderung am gestrigen Ruhetag im faszinierenden Taroko Nationalpark durfte heute endlich wieder Rad gefahren werden. Und was f\u00fcr eine Etappe stand auf dem Programm! Auf dem Highway 9 immer der K\u00fcste folgend nach Norden hoch. Es gab viele sagenumwobene Geschichten rund um diese Strecke.\u2026","rel":"","context":"In &quot;Radfahren&quot;","block_context":{"text":"Radfahren","link":"https:\/\/blog.kunstgriff.net\/?cat=14"},"img":{"alt_text":"","src":"https:\/\/i0.wp.com\/blog.kunstgriff.net\/wp-content\/uploads\/2018\/02\/der-wilde-Pazifik.jpg?fit=1200%2C799&ssl=1&resize=350%2C200","width":350,"height":200,"srcset":"https:\/\/i0.wp.com\/blog.kunstgriff.net\/wp-content\/uploads\/2018\/02\/der-wilde-Pazifik.jpg?fit=1200%2C799&ssl=1&resize=350%2C200 1x, https:\/\/i0.wp.com\/blog.kunstgriff.net\/wp-content\/uploads\/2018\/02\/der-wilde-Pazifik.jpg?fit=1200%2C799&ssl=1&resize=525%2C300 1.5x, https:\/\/i0.wp.com\/blog.kunstgriff.net\/wp-content\/uploads\/2018\/02\/der-wilde-Pazifik.jpg?fit=1200%2C799&ssl=1&resize=700%2C400 2x, https:\/\/i0.wp.com\/blog.kunstgriff.net\/wp-content\/uploads\/2018\/02\/der-wilde-Pazifik.jpg?fit=1200%2C799&ssl=1&resize=1050%2C600 3x"},"classes":[]},{"id":5241,"url":"https:\/\/blog.kunstgriff.net\/?p=5241","url_meta":{"origin":17800,"position":3},"title":"Warnem\u00fcnde-Tour","author":"Georg","date":"Juli 16, 2011","format":false,"excerpt":"oder \u00bbMal wieder an die Ostsee\u00ab Vor zwei Wochen plante Mike eine Tour an die Ostsee. Diesmal nicht nach Usedom sondern \u00fcber Rostock nach Warnem\u00fcnde. Da ich diese Strecke noch nicht kannte, der Samstag noch nicht mit anderweitigen Aktivit\u00e4ten verplant war, sagte ich zu. Weitere Kettenbr\u00fcder und Schwestern wurden auf\u2026","rel":"","context":"In &quot;200er&quot;","block_context":{"text":"200er","link":"https:\/\/blog.kunstgriff.net\/?cat=48"},"img":{"alt_text":"","src":"https:\/\/i0.wp.com\/blog.kunstgriff.net\/wp-content\/uploads\/2011\/07\/Abfahrt-vom-Treffpunkt-in-B%C3%B6tzow-300x225.jpg?resize=350%2C200","width":350,"height":200},"classes":[]},{"id":15600,"url":"https:\/\/blog.kunstgriff.net\/?p=15600","url_meta":{"origin":17800,"position":4},"title":"P\u00e4wesin-Runde","author":"Georg","date":"Mai 21, 2017","format":false,"excerpt":"\u00bbAlleine nach Westen \u2013 in der Gruppe zur\u00fcck\u00ab Meine Beine waren am Morgen noch M\u00fcde und f\u00fchlten sich nicht nach Radfahren an. Je mehr ich allerdings aus dem Fenster sah, wurde mir klar, dass es heute keine alternativen zum Radfahren gab: Die Sonne schien und es war strahlend blauer Himmel.\u2026","rel":"","context":"In &quot;Cake-Ride&quot;","block_context":{"text":"Cake-Ride","link":"https:\/\/blog.kunstgriff.net\/?cat=34"},"img":{"alt_text":"","src":"https:\/\/i0.wp.com\/blog.kunstgriff.net\/wp-content\/uploads\/2017\/05\/Am-Sacrower-See-alles-gr%C3%BCnt.jpg?fit=1200%2C800&ssl=1&resize=350%2C200","width":350,"height":200,"srcset":"https:\/\/i0.wp.com\/blog.kunstgriff.net\/wp-content\/uploads\/2017\/05\/Am-Sacrower-See-alles-gr%C3%BCnt.jpg?fit=1200%2C800&ssl=1&resize=350%2C200 1x, https:\/\/i0.wp.com\/blog.kunstgriff.net\/wp-content\/uploads\/2017\/05\/Am-Sacrower-See-alles-gr%C3%BCnt.jpg?fit=1200%2C800&ssl=1&resize=525%2C300 1.5x, https:\/\/i0.wp.com\/blog.kunstgriff.net\/wp-content\/uploads\/2017\/05\/Am-Sacrower-See-alles-gr%C3%BCnt.jpg?fit=1200%2C800&ssl=1&resize=700%2C400 2x, https:\/\/i0.wp.com\/blog.kunstgriff.net\/wp-content\/uploads\/2017\/05\/Am-Sacrower-See-alles-gr%C3%BCnt.jpg?fit=1200%2C800&ssl=1&resize=1050%2C600 3x"},"classes":[]},{"id":6481,"url":"https:\/\/blog.kunstgriff.net\/?p=6481","url_meta":{"origin":17800,"position":5},"title":"Klaus-St\u00f6rtebeker-Ged\u00e4chtnis-Cup &#8211; Prolog","author":"Georg","date":"Oktober 29, 2011","format":false,"excerpt":"oder \u00bbKopflos durch den Park\u00abHeute stand der Prolog des Klaus-St\u00f6rtebeker-Ged\u00e4chtnis-Cup auf dem Programm und ich verabredete mich mit meinen Kettenbr\u00fcdern um an dem Spektakel teil zu nehmen. P\u00fcnktlich um 17:30 Uhr waren wir auf dem Gipfel, der unter den Kindern im Prenzlauer Berg und Lichtenberg bekannten Todesbahn. Auf eine Einf\u00fchrungsrunde\u2026","rel":"","context":"In &quot;Besonderes Ereignis&quot;","block_context":{"text":"Besonderes Ereignis","link":"https:\/\/blog.kunstgriff.net\/?cat=25"},"img":{"alt_text":"","src":"https:\/\/i0.wp.com\/blog.kunstgriff.net\/wp-content\/uploads\/2011\/10\/Siegerbier-wird-den-Berg-hinauf-getragen-300x225.jpg?resize=350%2C200","width":350,"height":200},"classes":[]}],"jetpack_likes_enabled":true,"jetpack_sharing_enabled":true,"_links":{"self":[{"href":"https:\/\/blog.kunstgriff.net\/index.php?rest_route=\/wp\/v2\/posts\/17800","targetHints":{"allow":["GET"]}}],"collection":[{"href":"https:\/\/blog.kunstgriff.net\/index.php?rest_route=\/wp\/v2\/posts"}],"about":[{"href":"https:\/\/blog.kunstgriff.net\/index.php?rest_route=\/wp\/v2\/types\/post"}],"author":[{"embeddable":true,"href":"https:\/\/blog.kunstgriff.net\/index.php?rest_route=\/wp\/v2\/users\/2"}],"replies":[{"embeddable":true,"href":"https:\/\/blog.kunstgriff.net\/index.php?rest_route=%2Fwp%2Fv2%2Fcomments&post=17800"}],"version-history":[{"count":0,"href":"https:\/\/blog.kunstgriff.net\/index.php?rest_route=\/wp\/v2\/posts\/17800\/revisions"}],"wp:featuredmedia":[{"embeddable":true,"href":"https:\/\/blog.kunstgriff.net\/index.php?rest_route=\/wp\/v2\/media\/17834"}],"wp:attachment":[{"href":"https:\/\/blog.kunstgriff.net\/index.php?rest_route=%2Fwp%2Fv2%2Fmedia&parent=17800"}],"wp:term":[{"taxonomy":"category","embeddable":true,"href":"https:\/\/blog.kunstgriff.net\/index.php?rest_route=%2Fwp%2Fv2%2Fcategories&post=17800"},{"taxonomy":"post_tag","embeddable":true,"href":"https:\/\/blog.kunstgriff.net\/index.php?rest_route=%2Fwp%2Fv2%2Ftags&post=17800"}],"curies":[{"name":"wp","href":"https:\/\/api.w.org\/{rel}","templated":true}]}}