{"id":17802,"date":"2018-05-10T22:48:46","date_gmt":"2018-05-10T20:48:46","guid":{"rendered":"https:\/\/blog.kunstgriff.net\/?p=17802"},"modified":"2018-05-15T07:07:44","modified_gmt":"2018-05-15T05:07:44","slug":"auf-friedensfahrt-kurs-2018-3-tag-goerlitz-jelenia-gora","status":"publish","type":"post","link":"https:\/\/blog.kunstgriff.net\/?p=17802","title":{"rendered":"Auf Friedensfahrt\u2013Kurs 2018 3. Tag: G\u00f6rlitz -> Jelenia G\u00f3ra"},"content":{"rendered":"<span class=\"span-reading-time rt-reading-time\" style=\"display: block;\"><span class=\"rt-label rt-prefix\">Lesezeit: <\/span> <span class=\"rt-time\"> 2<\/span> <span class=\"rt-label rt-postfix\">Minuten<\/span><\/span><h4>121 km | 1.903 H\u00f6henmeter<\/h4>\n<hr \/>\n<p>Heute ging es endlich los: der offizielle Teil der ITF 2018 begann. Nix mehr mit Prolog und \u201efahren zum Start\u201c. Heute begann es \u201ethe real thing\u201c und f\u00fcr mich sogar schon zum 9. mal. Habe ich glaube ich bereits erw\u00e4hnt. Egal. Es f\u00fchlte sich an, als w\u00fcrde ich das schon mein ganzes Leben lang machen\u2026<\/p>\n<p>Das Fr\u00fchst\u00fccks-Buffet in der Jugendherberge G\u00f6rlitz erinnerte schon fast in Umfang und Darbietung an deutsche Mittelklasse Hotels. Ein reichhaltiges Buffet wartete darauf von uns hungrigen Radlern leer gefegt zu werden. Daf\u00fcr, auf jeden Fall, \u201eDaumen hoch\u201c.<\/p>\n<p>Nach dem Gep\u00e4ck verladen machten Alex, Herbert, Christoph N. und ich gleich r\u00fcber auf die polnische Seite. Wir lie\u00dfen diesmal (ausnahmsweise) das <em>Begr\u00fc\u00dfungs-Komitee<\/em> am Bahnhof-G\u00f6rlitz aus. Schlicht und einfach weil es f\u00fcr uns niemanden zu begr\u00fc\u00dfen gab. Sorry Andi\u2026<\/p>\n<p>So ging es gleich entsprechend wellig durchs polnische Niederschlesien.\u00a0Die Laune war excellent, denn es musste heute nicht in gro\u00dfer Gruppe gefahren werden und dadurch ging der Vortrieb entsprechend entspannt von statten. Die Sonne brutzelte uns auf den Pelz und weit und breit keine Vatertags-Bollerwagen, Vormittags-Trinker oder Glasscherben durch zerborstene Bierflaschen auf dem Asphalt. Herrlich!<\/p>\n<p>Nach gut 30 km dann ein ge\u00f6ffneter Supermarkt am Stra\u00dfenrand, der uns zum zweiten Fr\u00fchst\u00fcck mit Krapfen und Cola animierte. Die Polen haben es wohl nicht so mit Himmelfahrt, Laden zu und Feiertag. Perfekter Tag &#8211; perfekte Gruppe.<\/p>\n<p>Nun wurde es h\u00fcgeliger und unsere Tages-Herausforderung lag vor uns. Das Skigebiet St\u00f3g Izerski, mit der <a href=\"http:\/\/www.quaeldich.de\/paesse\/heufuderbaude\/\" target=\"_blank\" rel=\"noopener\">Heufuderbaude auf 1.068 Meter<\/a>, wollte erreicht werden. Die Bergstation zeigte sich weit entfernt oberhalb der Baumwipfel.<\/p>\n<p>Alex, der schon zwei mal dort hinauf gefahren war, f\u00fchrte uns einen relativ moderat ansteigenden Weg durch den Wald hinauf. Insgesamt gibt es drei Anstiege. Wir w\u00e4hlten also den l\u00e4ngsten aber auch gem\u00fctlichsten, sofern man hier wirklich von gem\u00fctlich sprechen kann. Denn ab der Weggabelung wurde es dann doch mit Steigungen jenseits der 10% relativ ungem\u00fctlich. Irgendwann war dann die Gipfelstation trotzdem erreicht und Christoph gab ne Cola aus. Verdient!<\/p>\n<p>Auf dem Weg nach unten st\u00fcrzte ich mich mit Herbert in die steile Abfahrt. Christoph und Alex w\u00e4hlten den selben Weg auf dem wir gekommen waren.<\/p>\n<p>Nach knapp 10 km schneller Bergab-Sause war dann das Buffet erreicht. Im Ortskern reichte Peter unter einem Pavillion wieder Stullen und Riegel.<\/p>\n<p>Wir machte dann recht zeitnah weiter, denn uns gierte nach Kaffee und Kuchen und nicht nach Schmalz- und Salamistullen.<\/p>\n<p>H\u00fcgelig und mit zackigen Anstiegen ging es weiter. Aus der Suche nach Kaffee wurde eine fast verzweifelte Fragerei der Einheimischen. Kaffee und Kuchen: Fehlanzeige.<\/p>\n<p>Irgendwann lotsten uns dann zwei Schuljungen auf ihren R\u00e4dern zu einem Supermarkt der s\u00fc\u00dfe Teilchen und Cola feil bot. Die 4er-Bande konnte f\u00fcr knapp 5\u20ac versorgt werden. Das geht in Europa wohl nur (noch) in Polen!?<\/p>\n<p>Jetzt war es nicht mehr wirklich weit, denn wir <em>switchten<\/em> auf den mittleren Track der uns auf einem kleinen Umweg durch einen Regenguss zu unserem komfortablen Hotel Mercure brachte. Diesmal <em>dem Original<\/em> und nicht <a href=\"https:\/\/blog.kunstgriff.net\/?p=15618\" target=\"_blank\" rel=\"noopener\">der einfachen Kopie mit zwei Sternen in 2017 in Tschechien<\/a>.<\/p>\n<p>Wir freuten uns wie Bolle und genossen das umfangreiche Abendessen-Buffet mit einige Pivos, bevor es zeitig mit Regen vor der T\u00fcr in die Heija ging. Geiler Tag auf dem Renner, mal schauen, was morgen die m\u00fcden Beine so tun.<\/p>\n<p><iframe loading=\"lazy\" src=\"https:\/\/www.strava.com\/activities\/1572274443\/embed\/823663321e9a4a9e354b005c4c031c7434bcbc83\" width=\"590\" height=\"405\" frameborder=\"0\" scrolling=\"no\"><\/iframe><\/p>\n<div class=\"tiled-gallery type-rectangular tiled-gallery-unresized\" data-original-width=\"525\" data-carousel-extra='{&quot;blog_id&quot;:1,&quot;permalink&quot;:&quot;https:\\\/\\\/blog.kunstgriff.net\\\/?p=17802&quot;,&quot;likes_blog_id&quot;:127394879}' itemscope itemtype=\"http:\/\/schema.org\/ImageGallery\" > <div class=\"gallery-row\" style=\"width: 525px; height: 235px;\" data-original-width=\"525\" data-original-height=\"235\" > <div class=\"gallery-group images-1\" style=\"width: 351px; height: 235px;\" data-original-width=\"351\" data-original-height=\"235\" > <div class=\"tiled-gallery-item tiled-gallery-item-large\" itemprop=\"associatedMedia\" itemscope itemtype=\"http:\/\/schema.org\/ImageObject\"> <a href=\"https:\/\/i0.wp.com\/blog.kunstgriff.net\/wp-content\/uploads\/2018\/05\/Coole-Trikots-cooles-Trio.jpg?ssl=1\" border=\"0\" itemprop=\"url\"> <meta itemprop=\"width\" content=\"347\"> <meta itemprop=\"height\" content=\"231\"> <img decoding=\"async\" class=\"\" data-attachment-id=\"17848\" data-orig-file=\"https:\/\/blog.kunstgriff.net\/wp-content\/uploads\/2018\/05\/Coole-Trikots-cooles-Trio.jpg\" data-orig-size=\"2500,1667\" data-comments-opened=\"1\" data-image-meta=\"{&quot;aperture&quot;:&quot;8&quot;,&quot;credit&quot;:&quot;&quot;,&quot;camera&quot;:&quot;TG-4&quot;,&quot;caption&quot;:&quot;OLYMPUS DIGITAL CAMERA&quot;,&quot;created_timestamp&quot;:&quot;1525941274&quot;,&quot;copyright&quot;:&quot;&quot;,&quot;focal_length&quot;:&quot;4.5&quot;,&quot;iso&quot;:&quot;100&quot;,&quot;shutter_speed&quot;:&quot;0.005&quot;,&quot;title&quot;:&quot;OLYMPUS DIGITAL CAMERA&quot;,&quot;orientation&quot;:&quot;1&quot;}\" data-image-title=\"Coole Trikots &amp;#8211; cooles Trio\" data-image-description=\"\" data-medium-file=\"https:\/\/i0.wp.com\/blog.kunstgriff.net\/wp-content\/uploads\/2018\/05\/Coole-Trikots-cooles-Trio.jpg?fit=300%2C200&#038;ssl=1\" data-large-file=\"https:\/\/i0.wp.com\/blog.kunstgriff.net\/wp-content\/uploads\/2018\/05\/Coole-Trikots-cooles-Trio.jpg?fit=1024%2C683&#038;ssl=1\" src=\"https:\/\/i0.wp.com\/blog.kunstgriff.net\/wp-content\/uploads\/2018\/05\/Coole-Trikots-cooles-Trio.jpg?w=347&#038;h=231&#038;ssl=1\" srcset=\"https:\/\/i0.wp.com\/blog.kunstgriff.net\/wp-content\/uploads\/2018\/05\/Coole-Trikots-cooles-Trio.jpg?w=2500&amp;ssl=1 2500w, https:\/\/i0.wp.com\/blog.kunstgriff.net\/wp-content\/uploads\/2018\/05\/Coole-Trikots-cooles-Trio.jpg?resize=300%2C200&amp;ssl=1 300w, https:\/\/i0.wp.com\/blog.kunstgriff.net\/wp-content\/uploads\/2018\/05\/Coole-Trikots-cooles-Trio.jpg?resize=768%2C512&amp;ssl=1 768w, https:\/\/i0.wp.com\/blog.kunstgriff.net\/wp-content\/uploads\/2018\/05\/Coole-Trikots-cooles-Trio.jpg?resize=1024%2C683&amp;ssl=1 1024w, https:\/\/i0.wp.com\/blog.kunstgriff.net\/wp-content\/uploads\/2018\/05\/Coole-Trikots-cooles-Trio.jpg?w=1575&amp;ssl=1 1575w\" width=\"347\" height=\"231\" loading=\"lazy\" data-original-width=\"347\" data-original-height=\"231\" itemprop=\"http:\/\/schema.org\/image\" title=\"Coole Trikots - cooles Trio\" alt=\"Coole Trikots - cooles Trio\" style=\"width: 347px; height: 231px;\" \/> <\/a> <div class=\"tiled-gallery-caption\" itemprop=\"caption description\"> Coole Trikots &#8211; cooles Trio <\/div> <\/div> <\/div> <!-- close group --> <div class=\"gallery-group images-2\" style=\"width: 174px; height: 235px;\" data-original-width=\"174\" data-original-height=\"235\" > <div class=\"tiled-gallery-item tiled-gallery-item-small\" itemprop=\"associatedMedia\" itemscope itemtype=\"http:\/\/schema.org\/ImageObject\"> <a href=\"https:\/\/i0.wp.com\/blog.kunstgriff.net\/wp-content\/uploads\/2018\/05\/Kurz-vor-dem-Start-in-G%C3%B6rlitz.jpg?ssl=1\" border=\"0\" itemprop=\"url\"> <meta itemprop=\"width\" content=\"170\"> <meta itemprop=\"height\" content=\"114\"> <img decoding=\"async\" class=\"\" data-attachment-id=\"17850\" data-orig-file=\"https:\/\/blog.kunstgriff.net\/wp-content\/uploads\/2018\/05\/Kurz-vor-dem-Start-in-G\u00f6rlitz.jpg\" data-orig-size=\"2500,1667\" data-comments-opened=\"1\" data-image-meta=\"{&quot;aperture&quot;:&quot;4.5&quot;,&quot;credit&quot;:&quot;&quot;,&quot;camera&quot;:&quot;TG-4&quot;,&quot;caption&quot;:&quot;OLYMPUS DIGITAL CAMERA&quot;,&quot;created_timestamp&quot;:&quot;1525942529&quot;,&quot;copyright&quot;:&quot;&quot;,&quot;focal_length&quot;:&quot;8.41&quot;,&quot;iso&quot;:&quot;100&quot;,&quot;shutter_speed&quot;:&quot;0.004&quot;,&quot;title&quot;:&quot;OLYMPUS DIGITAL CAMERA&quot;,&quot;orientation&quot;:&quot;1&quot;}\" data-image-title=\"Kurz vor dem Start in G\u00f6rlitz\" data-image-description=\"\" data-medium-file=\"https:\/\/i0.wp.com\/blog.kunstgriff.net\/wp-content\/uploads\/2018\/05\/Kurz-vor-dem-Start-in-G%C3%B6rlitz.jpg?fit=300%2C200&#038;ssl=1\" data-large-file=\"https:\/\/i0.wp.com\/blog.kunstgriff.net\/wp-content\/uploads\/2018\/05\/Kurz-vor-dem-Start-in-G%C3%B6rlitz.jpg?fit=1024%2C683&#038;ssl=1\" src=\"https:\/\/i0.wp.com\/blog.kunstgriff.net\/wp-content\/uploads\/2018\/05\/Kurz-vor-dem-Start-in-G%C3%B6rlitz.jpg?w=170&#038;h=114&#038;ssl=1\" width=\"170\" height=\"114\" loading=\"lazy\" data-original-width=\"170\" data-original-height=\"114\" itemprop=\"http:\/\/schema.org\/image\" title=\"Kurz vor dem Start in G\u00f6rlitz\" alt=\"Kurz vor dem Start in G\u00f6rlitz\" style=\"width: 170px; height: 114px;\" \/> <\/a> <div class=\"tiled-gallery-caption\" itemprop=\"caption description\"> Kurz vor dem Start in G\u00f6rlitz <\/div> <\/div> <div class=\"tiled-gallery-item tiled-gallery-item-small\" itemprop=\"associatedMedia\" itemscope itemtype=\"http:\/\/schema.org\/ImageObject\"> <a href=\"https:\/\/i0.wp.com\/blog.kunstgriff.net\/wp-content\/uploads\/2018\/05\/%C3%9Cber-die-Br%C3%BCcke-nach-Polen.jpg?ssl=1\" border=\"0\" itemprop=\"url\"> <meta itemprop=\"width\" content=\"170\"> <meta itemprop=\"height\" content=\"113\"> <img decoding=\"async\" class=\"\" data-attachment-id=\"17854\" data-orig-file=\"https:\/\/blog.kunstgriff.net\/wp-content\/uploads\/2018\/05\/\u00dcber-die-Br\u00fccke-nach-Polen.jpg\" data-orig-size=\"2500,1667\" data-comments-opened=\"1\" data-image-meta=\"{&quot;aperture&quot;:&quot;8&quot;,&quot;credit&quot;:&quot;&quot;,&quot;camera&quot;:&quot;TG-4&quot;,&quot;caption&quot;:&quot;OLYMPUS DIGITAL CAMERA&quot;,&quot;created_timestamp&quot;:&quot;1525942643&quot;,&quot;copyright&quot;:&quot;&quot;,&quot;focal_length&quot;:&quot;4.5&quot;,&quot;iso&quot;:&quot;100&quot;,&quot;shutter_speed&quot;:&quot;0.005&quot;,&quot;title&quot;:&quot;OLYMPUS DIGITAL CAMERA&quot;,&quot;orientation&quot;:&quot;1&quot;}\" data-image-title=\"\u00dcber die Br\u00fccke nach Polen\" data-image-description=\"\" data-medium-file=\"https:\/\/i0.wp.com\/blog.kunstgriff.net\/wp-content\/uploads\/2018\/05\/%C3%9Cber-die-Br%C3%BCcke-nach-Polen.jpg?fit=300%2C200&#038;ssl=1\" data-large-file=\"https:\/\/i0.wp.com\/blog.kunstgriff.net\/wp-content\/uploads\/2018\/05\/%C3%9Cber-die-Br%C3%BCcke-nach-Polen.jpg?fit=1024%2C683&#038;ssl=1\" src=\"https:\/\/i0.wp.com\/blog.kunstgriff.net\/wp-content\/uploads\/2018\/05\/%C3%9Cber-die-Br%C3%BCcke-nach-Polen.jpg?w=170&#038;h=113&#038;ssl=1\" width=\"170\" height=\"113\" loading=\"lazy\" data-original-width=\"170\" data-original-height=\"113\" itemprop=\"http:\/\/schema.org\/image\" title=\"\u00dcber die Br\u00fccke nach Polen\" alt=\"\u00dcber die Br\u00fccke nach Polen\" style=\"width: 170px; height: 113px;\" \/> <\/a> <div class=\"tiled-gallery-caption\" itemprop=\"caption description\"> \u00dcber die Br\u00fccke nach Polen <\/div> <\/div> <\/div> <!-- close group --> <\/div> <!-- close row --> <div class=\"gallery-row\" style=\"width: 525px; height: 240px;\" data-original-width=\"525\" data-original-height=\"240\" > <div class=\"gallery-group images-2\" style=\"width: 168px; height: 240px;\" data-original-width=\"168\" data-original-height=\"240\" > <div class=\"tiled-gallery-item tiled-gallery-item-small\" itemprop=\"associatedMedia\" itemscope itemtype=\"http:\/\/schema.org\/ImageObject\"> <a href=\"https:\/\/i0.wp.com\/blog.kunstgriff.net\/wp-content\/uploads\/2018\/05\/Bisschen-Proviant-in-Polen-kaufen.jpg?ssl=1\" border=\"0\" itemprop=\"url\"> <meta itemprop=\"width\" content=\"164\"> <meta itemprop=\"height\" content=\"123\"> <img decoding=\"async\" class=\"\" data-attachment-id=\"17846\" data-orig-file=\"https:\/\/blog.kunstgriff.net\/wp-content\/uploads\/2018\/05\/Bisschen-Proviant-in-Polen-kaufen.jpg\" data-orig-size=\"2500,1875\" data-comments-opened=\"1\" data-image-meta=\"{&quot;aperture&quot;:&quot;2.2&quot;,&quot;credit&quot;:&quot;&quot;,&quot;camera&quot;:&quot;iPhone 6s&quot;,&quot;caption&quot;:&quot;&quot;,&quot;created_timestamp&quot;:&quot;1525947376&quot;,&quot;copyright&quot;:&quot;&quot;,&quot;focal_length&quot;:&quot;4.15&quot;,&quot;iso&quot;:&quot;50&quot;,&quot;shutter_speed&quot;:&quot;0.03030303030303&quot;,&quot;title&quot;:&quot;&quot;,&quot;orientation&quot;:&quot;1&quot;}\" data-image-title=\"Bisschen Proviant in Polen kaufen\" data-image-description=\"\" data-medium-file=\"https:\/\/i0.wp.com\/blog.kunstgriff.net\/wp-content\/uploads\/2018\/05\/Bisschen-Proviant-in-Polen-kaufen.jpg?fit=300%2C225&#038;ssl=1\" data-large-file=\"https:\/\/i0.wp.com\/blog.kunstgriff.net\/wp-content\/uploads\/2018\/05\/Bisschen-Proviant-in-Polen-kaufen.jpg?fit=1024%2C768&#038;ssl=1\" src=\"https:\/\/i0.wp.com\/blog.kunstgriff.net\/wp-content\/uploads\/2018\/05\/Bisschen-Proviant-in-Polen-kaufen.jpg?w=164&#038;h=123&#038;ssl=1\" srcset=\"https:\/\/i0.wp.com\/blog.kunstgriff.net\/wp-content\/uploads\/2018\/05\/Bisschen-Proviant-in-Polen-kaufen.jpg?w=2500&amp;ssl=1 2500w, https:\/\/i0.wp.com\/blog.kunstgriff.net\/wp-content\/uploads\/2018\/05\/Bisschen-Proviant-in-Polen-kaufen.jpg?resize=300%2C225&amp;ssl=1 300w, https:\/\/i0.wp.com\/blog.kunstgriff.net\/wp-content\/uploads\/2018\/05\/Bisschen-Proviant-in-Polen-kaufen.jpg?resize=768%2C576&amp;ssl=1 768w, https:\/\/i0.wp.com\/blog.kunstgriff.net\/wp-content\/uploads\/2018\/05\/Bisschen-Proviant-in-Polen-kaufen.jpg?resize=1024%2C768&amp;ssl=1 1024w, https:\/\/i0.wp.com\/blog.kunstgriff.net\/wp-content\/uploads\/2018\/05\/Bisschen-Proviant-in-Polen-kaufen.jpg?w=1575&amp;ssl=1 1575w\" width=\"164\" height=\"123\" loading=\"lazy\" data-original-width=\"164\" data-original-height=\"123\" itemprop=\"http:\/\/schema.org\/image\" title=\"Bisschen Proviant in Polen kaufen\" alt=\"Bisschen Proviant in Polen kaufen\" style=\"width: 164px; height: 123px;\" \/> <\/a> <\/div> <div class=\"tiled-gallery-item tiled-gallery-item-small\" itemprop=\"associatedMedia\" itemscope itemtype=\"http:\/\/schema.org\/ImageObject\"> <a href=\"https:\/\/i0.wp.com\/blog.kunstgriff.net\/wp-content\/uploads\/2018\/05\/Gest%C3%A4rkt-gehts-weiter.jpg?ssl=1\" border=\"0\" itemprop=\"url\"> <meta itemprop=\"width\" content=\"164\"> <meta itemprop=\"height\" content=\"109\"> <img decoding=\"async\" class=\"\" data-attachment-id=\"17849\" data-orig-file=\"https:\/\/blog.kunstgriff.net\/wp-content\/uploads\/2018\/05\/Gest\u00e4rkt-gehts-weiter.jpg\" data-orig-size=\"2500,1667\" data-comments-opened=\"1\" data-image-meta=\"{&quot;aperture&quot;:&quot;2.8&quot;,&quot;credit&quot;:&quot;&quot;,&quot;camera&quot;:&quot;TG-4&quot;,&quot;caption&quot;:&quot;OLYMPUS DIGITAL CAMERA&quot;,&quot;created_timestamp&quot;:&quot;1525948134&quot;,&quot;copyright&quot;:&quot;&quot;,&quot;focal_length&quot;:&quot;4.5&quot;,&quot;iso&quot;:&quot;100&quot;,&quot;shutter_speed&quot;:&quot;0.00125&quot;,&quot;title&quot;:&quot;OLYMPUS DIGITAL CAMERA&quot;,&quot;orientation&quot;:&quot;1&quot;}\" data-image-title=\"Gest\u00e4rkt gehts weiter in \u200e\u2068Le\u015bna\" data-image-description=\"\" data-medium-file=\"https:\/\/i0.wp.com\/blog.kunstgriff.net\/wp-content\/uploads\/2018\/05\/Gest%C3%A4rkt-gehts-weiter.jpg?fit=300%2C200&#038;ssl=1\" data-large-file=\"https:\/\/i0.wp.com\/blog.kunstgriff.net\/wp-content\/uploads\/2018\/05\/Gest%C3%A4rkt-gehts-weiter.jpg?fit=1024%2C683&#038;ssl=1\" src=\"https:\/\/i0.wp.com\/blog.kunstgriff.net\/wp-content\/uploads\/2018\/05\/Gest%C3%A4rkt-gehts-weiter.jpg?w=164&#038;h=109&#038;ssl=1\" width=\"164\" height=\"109\" loading=\"lazy\" data-original-width=\"164\" data-original-height=\"109\" itemprop=\"http:\/\/schema.org\/image\" title=\"Gest\u00e4rkt gehts weiter in \u200e\u2068Le\u015bna\" alt=\"Gest\u00e4rkt gehts weiter in \u200e\u2068Le\u015bna\" style=\"width: 164px; height: 109px;\" \/> <\/a> <div class=\"tiled-gallery-caption\" itemprop=\"caption description\"> Gest\u00e4rkt gehts weiter in \u200e\u2068Le\u015bna <\/div> <\/div> <\/div> <!-- close group --> <div class=\"gallery-group images-1\" style=\"width: 357px; height: 240px;\" data-original-width=\"357\" data-original-height=\"240\" > <div class=\"tiled-gallery-item tiled-gallery-item-large\" itemprop=\"associatedMedia\" itemscope itemtype=\"http:\/\/schema.org\/ImageObject\"> <a href=\"https:\/\/i0.wp.com\/blog.kunstgriff.net\/wp-content\/uploads\/2018\/05\/sch%C3%B6ner-Asphalt-in-Polen.jpg?ssl=1\" border=\"0\" itemprop=\"url\"> <meta itemprop=\"width\" content=\"353\"> <meta itemprop=\"height\" content=\"236\"> <img decoding=\"async\" class=\"\" data-attachment-id=\"17852\" data-orig-file=\"https:\/\/blog.kunstgriff.net\/wp-content\/uploads\/2018\/05\/sch\u00f6ner-Asphalt-in-Polen.jpg\" data-orig-size=\"2500,1667\" data-comments-opened=\"1\" data-image-meta=\"{&quot;aperture&quot;:&quot;8&quot;,&quot;credit&quot;:&quot;&quot;,&quot;camera&quot;:&quot;TG-4&quot;,&quot;caption&quot;:&quot;OLYMPUS DIGITAL CAMERA&quot;,&quot;created_timestamp&quot;:&quot;1525950734&quot;,&quot;copyright&quot;:&quot;&quot;,&quot;focal_length&quot;:&quot;4.5&quot;,&quot;iso&quot;:&quot;100&quot;,&quot;shutter_speed&quot;:&quot;0.008&quot;,&quot;title&quot;:&quot;OLYMPUS DIGITAL CAMERA&quot;,&quot;orientation&quot;:&quot;1&quot;}\" data-image-title=\"sch\u00f6ner Asphalt in Polen\" data-image-description=\"\" data-medium-file=\"https:\/\/i0.wp.com\/blog.kunstgriff.net\/wp-content\/uploads\/2018\/05\/sch%C3%B6ner-Asphalt-in-Polen.jpg?fit=300%2C200&#038;ssl=1\" data-large-file=\"https:\/\/i0.wp.com\/blog.kunstgriff.net\/wp-content\/uploads\/2018\/05\/sch%C3%B6ner-Asphalt-in-Polen.jpg?fit=1024%2C683&#038;ssl=1\" src=\"https:\/\/i0.wp.com\/blog.kunstgriff.net\/wp-content\/uploads\/2018\/05\/sch%C3%B6ner-Asphalt-in-Polen.jpg?w=353&#038;h=236&#038;ssl=1\" width=\"353\" height=\"236\" loading=\"lazy\" data-original-width=\"353\" data-original-height=\"236\" itemprop=\"http:\/\/schema.org\/image\" title=\"sch\u00f6ner Asphalt in Polen\" alt=\"sch\u00f6ner Asphalt in Polen\" style=\"width: 353px; height: 236px;\" \/> <\/a> <div class=\"tiled-gallery-caption\" itemprop=\"caption description\"> sch\u00f6ner Asphalt in Polen <\/div> <\/div> <\/div> <!-- close group --> <\/div> <!-- close row --> <div class=\"gallery-row\" style=\"width: 525px; height: 118px;\" data-original-width=\"525\" data-original-height=\"118\" > <div class=\"gallery-group images-1\" style=\"width: 175px; height: 118px;\" data-original-width=\"175\" data-original-height=\"118\" > <div class=\"tiled-gallery-item tiled-gallery-item-small\" itemprop=\"associatedMedia\" itemscope itemtype=\"http:\/\/schema.org\/ImageObject\"> <a href=\"https:\/\/i0.wp.com\/blog.kunstgriff.net\/wp-content\/uploads\/2018\/05\/toller-Asphalt-in-Polen-bin-begeistert.jpg?ssl=1\" border=\"0\" itemprop=\"url\"> <meta itemprop=\"width\" content=\"171\"> <meta itemprop=\"height\" content=\"114\"> <img decoding=\"async\" class=\"\" data-attachment-id=\"17853\" data-orig-file=\"https:\/\/blog.kunstgriff.net\/wp-content\/uploads\/2018\/05\/toller-Asphalt-in-Polen-bin-begeistert.jpg\" data-orig-size=\"2500,1667\" data-comments-opened=\"1\" data-image-meta=\"{&quot;aperture&quot;:&quot;2.8&quot;,&quot;credit&quot;:&quot;&quot;,&quot;camera&quot;:&quot;TG-4&quot;,&quot;caption&quot;:&quot;OLYMPUS DIGITAL CAMERA&quot;,&quot;created_timestamp&quot;:&quot;1525959383&quot;,&quot;copyright&quot;:&quot;&quot;,&quot;focal_length&quot;:&quot;4.5&quot;,&quot;iso&quot;:&quot;100&quot;,&quot;shutter_speed&quot;:&quot;0.00125&quot;,&quot;title&quot;:&quot;OLYMPUS DIGITAL CAMERA&quot;,&quot;orientation&quot;:&quot;1&quot;}\" data-image-title=\"toller Asphalt in Polen &amp;#8211; bin begeistert\" data-image-description=\"\" data-medium-file=\"https:\/\/i0.wp.com\/blog.kunstgriff.net\/wp-content\/uploads\/2018\/05\/toller-Asphalt-in-Polen-bin-begeistert.jpg?fit=300%2C200&#038;ssl=1\" data-large-file=\"https:\/\/i0.wp.com\/blog.kunstgriff.net\/wp-content\/uploads\/2018\/05\/toller-Asphalt-in-Polen-bin-begeistert.jpg?fit=1024%2C683&#038;ssl=1\" src=\"https:\/\/i0.wp.com\/blog.kunstgriff.net\/wp-content\/uploads\/2018\/05\/toller-Asphalt-in-Polen-bin-begeistert.jpg?w=171&#038;h=114&#038;ssl=1\" srcset=\"https:\/\/i0.wp.com\/blog.kunstgriff.net\/wp-content\/uploads\/2018\/05\/toller-Asphalt-in-Polen-bin-begeistert.jpg?w=2500&amp;ssl=1 2500w, https:\/\/i0.wp.com\/blog.kunstgriff.net\/wp-content\/uploads\/2018\/05\/toller-Asphalt-in-Polen-bin-begeistert.jpg?resize=300%2C200&amp;ssl=1 300w, https:\/\/i0.wp.com\/blog.kunstgriff.net\/wp-content\/uploads\/2018\/05\/toller-Asphalt-in-Polen-bin-begeistert.jpg?resize=768%2C512&amp;ssl=1 768w, https:\/\/i0.wp.com\/blog.kunstgriff.net\/wp-content\/uploads\/2018\/05\/toller-Asphalt-in-Polen-bin-begeistert.jpg?resize=1024%2C683&amp;ssl=1 1024w, https:\/\/i0.wp.com\/blog.kunstgriff.net\/wp-content\/uploads\/2018\/05\/toller-Asphalt-in-Polen-bin-begeistert.jpg?w=1575&amp;ssl=1 1575w\" width=\"171\" height=\"114\" loading=\"lazy\" data-original-width=\"171\" data-original-height=\"114\" itemprop=\"http:\/\/schema.org\/image\" title=\"toller Asphalt in Polen - bin begeistert\" alt=\"toller Asphalt in Polen - bin begeistert\" style=\"width: 171px; height: 114px;\" \/> <\/a> <div class=\"tiled-gallery-caption\" itemprop=\"caption description\"> toller Asphalt in Polen &#8211; bin begeistert <\/div> <\/div> <\/div> <!-- close group --> <div class=\"gallery-group images-1\" style=\"width: 175px; height: 118px;\" data-original-width=\"175\" data-original-height=\"118\" > <div class=\"tiled-gallery-item tiled-gallery-item-small\" itemprop=\"associatedMedia\" itemscope itemtype=\"http:\/\/schema.org\/ImageObject\"> <a href=\"https:\/\/i0.wp.com\/blog.kunstgriff.net\/wp-content\/uploads\/2018\/05\/Oben-im-Skigebiet.jpg?ssl=1\" border=\"0\" itemprop=\"url\"> <meta itemprop=\"width\" content=\"171\"> <meta itemprop=\"height\" content=\"114\"> <img decoding=\"async\" class=\"\" data-attachment-id=\"17851\" data-orig-file=\"https:\/\/blog.kunstgriff.net\/wp-content\/uploads\/2018\/05\/Oben-im-Skigebiet.jpg\" data-orig-size=\"2500,1667\" data-comments-opened=\"1\" data-image-meta=\"{&quot;aperture&quot;:&quot;8&quot;,&quot;credit&quot;:&quot;&quot;,&quot;camera&quot;:&quot;TG-4&quot;,&quot;caption&quot;:&quot;OLYMPUS DIGITAL CAMERA&quot;,&quot;created_timestamp&quot;:&quot;1525955527&quot;,&quot;copyright&quot;:&quot;&quot;,&quot;focal_length&quot;:&quot;4.5&quot;,&quot;iso&quot;:&quot;100&quot;,&quot;shutter_speed&quot;:&quot;0.004&quot;,&quot;title&quot;:&quot;OLYMPUS DIGITAL CAMERA&quot;,&quot;orientation&quot;:&quot;1&quot;}\" data-image-title=\"Oben im Skigebiet \u200e\u2068\u015awierad\u00f3w-Zdr\u00f3j\u2069, \u2068Niederschlesien\u2069, \u2068Polen\u2069\" data-image-description=\"\" data-medium-file=\"https:\/\/i0.wp.com\/blog.kunstgriff.net\/wp-content\/uploads\/2018\/05\/Oben-im-Skigebiet.jpg?fit=300%2C200&#038;ssl=1\" data-large-file=\"https:\/\/i0.wp.com\/blog.kunstgriff.net\/wp-content\/uploads\/2018\/05\/Oben-im-Skigebiet.jpg?fit=1024%2C683&#038;ssl=1\" src=\"https:\/\/i0.wp.com\/blog.kunstgriff.net\/wp-content\/uploads\/2018\/05\/Oben-im-Skigebiet.jpg?w=171&#038;h=114&#038;ssl=1\" srcset=\"https:\/\/i0.wp.com\/blog.kunstgriff.net\/wp-content\/uploads\/2018\/05\/Oben-im-Skigebiet.jpg?w=2500&amp;ssl=1 2500w, https:\/\/i0.wp.com\/blog.kunstgriff.net\/wp-content\/uploads\/2018\/05\/Oben-im-Skigebiet.jpg?resize=300%2C200&amp;ssl=1 300w, https:\/\/i0.wp.com\/blog.kunstgriff.net\/wp-content\/uploads\/2018\/05\/Oben-im-Skigebiet.jpg?resize=768%2C512&amp;ssl=1 768w, https:\/\/i0.wp.com\/blog.kunstgriff.net\/wp-content\/uploads\/2018\/05\/Oben-im-Skigebiet.jpg?resize=1024%2C683&amp;ssl=1 1024w, https:\/\/i0.wp.com\/blog.kunstgriff.net\/wp-content\/uploads\/2018\/05\/Oben-im-Skigebiet.jpg?w=1575&amp;ssl=1 1575w\" width=\"171\" height=\"114\" loading=\"lazy\" data-original-width=\"171\" data-original-height=\"114\" itemprop=\"http:\/\/schema.org\/image\" title=\"Oben im Skigebiet \u200e\u2068\u015awierad\u00f3w-Zdr\u00f3j\u2069, \u2068Niederschlesien\u2069, \u2068Polen\u2069\" alt=\"\u200e\u2068Oben im Skigebiet \u015awierad\u00f3w-Zdr\u00f3j\u2069, \u2068Niederschlesien\u2069, \u2068Polen\u2069\" style=\"width: 171px; height: 114px;\" \/> <\/a> <div class=\"tiled-gallery-caption\" itemprop=\"caption description\"> \u200e\u2068Oben im Skigebiet \u015awierad\u00f3w-Zdr\u00f3j\u2069, \u2068Niederschlesien\u2069, \u2068Polen\u2069 <\/div> <\/div> <\/div> <!-- close group --> <div class=\"gallery-group images-1\" style=\"width: 175px; height: 118px;\" data-original-width=\"175\" data-original-height=\"118\" > <div class=\"tiled-gallery-item tiled-gallery-item-small\" itemprop=\"associatedMedia\" itemscope itemtype=\"http:\/\/schema.org\/ImageObject\"> <a href=\"https:\/\/i0.wp.com\/blog.kunstgriff.net\/wp-content\/uploads\/2018\/05\/Verpflegung.jpg?ssl=1\" border=\"0\" itemprop=\"url\"> <meta itemprop=\"width\" content=\"171\"> <meta itemprop=\"height\" content=\"114\"> <img decoding=\"async\" class=\"\" data-attachment-id=\"17856\" data-orig-file=\"https:\/\/blog.kunstgriff.net\/wp-content\/uploads\/2018\/05\/Verpflegung.jpg\" data-orig-size=\"2500,1667\" data-comments-opened=\"1\" data-image-meta=\"{&quot;aperture&quot;:&quot;8&quot;,&quot;credit&quot;:&quot;&quot;,&quot;camera&quot;:&quot;TG-4&quot;,&quot;caption&quot;:&quot;OLYMPUS DIGITAL CAMERA&quot;,&quot;created_timestamp&quot;:&quot;1525957617&quot;,&quot;copyright&quot;:&quot;&quot;,&quot;focal_length&quot;:&quot;4.5&quot;,&quot;iso&quot;:&quot;100&quot;,&quot;shutter_speed&quot;:&quot;0.005&quot;,&quot;title&quot;:&quot;OLYMPUS DIGITAL CAMERA&quot;,&quot;orientation&quot;:&quot;1&quot;}\" data-image-title=\"Verpflegung in Mirsk\" data-image-description=\"\" data-medium-file=\"https:\/\/i0.wp.com\/blog.kunstgriff.net\/wp-content\/uploads\/2018\/05\/Verpflegung.jpg?fit=300%2C200&#038;ssl=1\" data-large-file=\"https:\/\/i0.wp.com\/blog.kunstgriff.net\/wp-content\/uploads\/2018\/05\/Verpflegung.jpg?fit=1024%2C683&#038;ssl=1\" src=\"https:\/\/i0.wp.com\/blog.kunstgriff.net\/wp-content\/uploads\/2018\/05\/Verpflegung.jpg?w=171&#038;h=114&#038;ssl=1\" srcset=\"https:\/\/i0.wp.com\/blog.kunstgriff.net\/wp-content\/uploads\/2018\/05\/Verpflegung.jpg?w=2500&amp;ssl=1 2500w, https:\/\/i0.wp.com\/blog.kunstgriff.net\/wp-content\/uploads\/2018\/05\/Verpflegung.jpg?resize=300%2C200&amp;ssl=1 300w, https:\/\/i0.wp.com\/blog.kunstgriff.net\/wp-content\/uploads\/2018\/05\/Verpflegung.jpg?resize=768%2C512&amp;ssl=1 768w, https:\/\/i0.wp.com\/blog.kunstgriff.net\/wp-content\/uploads\/2018\/05\/Verpflegung.jpg?resize=1024%2C683&amp;ssl=1 1024w, https:\/\/i0.wp.com\/blog.kunstgriff.net\/wp-content\/uploads\/2018\/05\/Verpflegung.jpg?w=1575&amp;ssl=1 1575w\" width=\"171\" height=\"114\" loading=\"lazy\" data-original-width=\"171\" data-original-height=\"114\" itemprop=\"http:\/\/schema.org\/image\" title=\"Verpflegung in Mirsk\" alt=\"Verpflegung in Mirsk\" style=\"width: 171px; height: 114px;\" \/> <\/a> <div class=\"tiled-gallery-caption\" itemprop=\"caption description\"> Verpflegung in Mirsk <\/div> <\/div> <\/div> <!-- close group --> <\/div> <!-- close row --> <div class=\"gallery-row\" style=\"width: 525px; height: 91px;\" data-original-width=\"525\" data-original-height=\"91\" > <div class=\"gallery-group images-1\" style=\"width: 135px; height: 91px;\" data-original-width=\"135\" data-original-height=\"91\" > <div class=\"tiled-gallery-item tiled-gallery-item-small\" itemprop=\"associatedMedia\" itemscope itemtype=\"http:\/\/schema.org\/ImageObject\"> <a href=\"https:\/\/i0.wp.com\/blog.kunstgriff.net\/wp-content\/uploads\/2018\/05\/Chillen-in-der-Sonne.jpg?ssl=1\" border=\"0\" itemprop=\"url\"> <meta itemprop=\"width\" content=\"131\"> <meta itemprop=\"height\" content=\"87\"> <img decoding=\"async\" class=\"\" data-attachment-id=\"17847\" data-orig-file=\"https:\/\/blog.kunstgriff.net\/wp-content\/uploads\/2018\/05\/Chillen-in-der-Sonne.jpg\" data-orig-size=\"2500,1667\" data-comments-opened=\"1\" data-image-meta=\"{&quot;aperture&quot;:&quot;8&quot;,&quot;credit&quot;:&quot;&quot;,&quot;camera&quot;:&quot;TG-4&quot;,&quot;caption&quot;:&quot;OLYMPUS DIGITAL CAMERA&quot;,&quot;created_timestamp&quot;:&quot;1525958085&quot;,&quot;copyright&quot;:&quot;&quot;,&quot;focal_length&quot;:&quot;4.5&quot;,&quot;iso&quot;:&quot;100&quot;,&quot;shutter_speed&quot;:&quot;0.005&quot;,&quot;title&quot;:&quot;OLYMPUS DIGITAL CAMERA&quot;,&quot;orientation&quot;:&quot;1&quot;}\" data-image-title=\"Chillen in der Sonne\" data-image-description=\"\" data-medium-file=\"https:\/\/i0.wp.com\/blog.kunstgriff.net\/wp-content\/uploads\/2018\/05\/Chillen-in-der-Sonne.jpg?fit=300%2C200&#038;ssl=1\" data-large-file=\"https:\/\/i0.wp.com\/blog.kunstgriff.net\/wp-content\/uploads\/2018\/05\/Chillen-in-der-Sonne.jpg?fit=1024%2C683&#038;ssl=1\" src=\"https:\/\/i0.wp.com\/blog.kunstgriff.net\/wp-content\/uploads\/2018\/05\/Chillen-in-der-Sonne.jpg?w=131&#038;h=87&#038;ssl=1\" srcset=\"https:\/\/i0.wp.com\/blog.kunstgriff.net\/wp-content\/uploads\/2018\/05\/Chillen-in-der-Sonne.jpg?w=2500&amp;ssl=1 2500w, https:\/\/i0.wp.com\/blog.kunstgriff.net\/wp-content\/uploads\/2018\/05\/Chillen-in-der-Sonne.jpg?resize=300%2C200&amp;ssl=1 300w, https:\/\/i0.wp.com\/blog.kunstgriff.net\/wp-content\/uploads\/2018\/05\/Chillen-in-der-Sonne.jpg?resize=768%2C512&amp;ssl=1 768w, https:\/\/i0.wp.com\/blog.kunstgriff.net\/wp-content\/uploads\/2018\/05\/Chillen-in-der-Sonne.jpg?resize=1024%2C683&amp;ssl=1 1024w, https:\/\/i0.wp.com\/blog.kunstgriff.net\/wp-content\/uploads\/2018\/05\/Chillen-in-der-Sonne.jpg?w=1575&amp;ssl=1 1575w\" width=\"131\" height=\"87\" loading=\"lazy\" data-original-width=\"131\" data-original-height=\"87\" itemprop=\"http:\/\/schema.org\/image\" title=\"Chillen in der Sonne\" alt=\"Chillen in der Sonne\" style=\"width: 131px; height: 87px;\" \/> <\/a> <div class=\"tiled-gallery-caption\" itemprop=\"caption description\"> Chillen in der Sonne <\/div> <\/div> <\/div> <!-- close group --> <div class=\"gallery-group images-1\" style=\"width: 135px; height: 91px;\" data-original-width=\"135\" data-original-height=\"91\" > <div class=\"tiled-gallery-item tiled-gallery-item-small\" itemprop=\"associatedMedia\" itemscope itemtype=\"http:\/\/schema.org\/ImageObject\"> <a href=\"https:\/\/i0.wp.com\/blog.kunstgriff.net\/wp-content\/uploads\/2018\/05\/wolang-des-Weges-meine-Herren.jpg?ssl=1\" border=\"0\" itemprop=\"url\"> <meta itemprop=\"width\" content=\"131\"> <meta itemprop=\"height\" content=\"87\"> <img decoding=\"async\" class=\"\" data-attachment-id=\"17857\" data-orig-file=\"https:\/\/blog.kunstgriff.net\/wp-content\/uploads\/2018\/05\/wolang-des-Weges-meine-Herren.jpg\" data-orig-size=\"2500,1667\" data-comments-opened=\"1\" data-image-meta=\"{&quot;aperture&quot;:&quot;2.8&quot;,&quot;credit&quot;:&quot;&quot;,&quot;camera&quot;:&quot;TG-4&quot;,&quot;caption&quot;:&quot;OLYMPUS DIGITAL CAMERA&quot;,&quot;created_timestamp&quot;:&quot;1525964953&quot;,&quot;copyright&quot;:&quot;&quot;,&quot;focal_length&quot;:&quot;4.5&quot;,&quot;iso&quot;:&quot;100&quot;,&quot;shutter_speed&quot;:&quot;0.002&quot;,&quot;title&quot;:&quot;OLYMPUS DIGITAL CAMERA&quot;,&quot;orientation&quot;:&quot;1&quot;}\" data-image-title=\"wolang des Weges, meine Herren?\" data-image-description=\"\" data-medium-file=\"https:\/\/i0.wp.com\/blog.kunstgriff.net\/wp-content\/uploads\/2018\/05\/wolang-des-Weges-meine-Herren.jpg?fit=300%2C200&#038;ssl=1\" data-large-file=\"https:\/\/i0.wp.com\/blog.kunstgriff.net\/wp-content\/uploads\/2018\/05\/wolang-des-Weges-meine-Herren.jpg?fit=1024%2C683&#038;ssl=1\" src=\"https:\/\/i0.wp.com\/blog.kunstgriff.net\/wp-content\/uploads\/2018\/05\/wolang-des-Weges-meine-Herren.jpg?w=131&#038;h=87&#038;ssl=1\" srcset=\"https:\/\/i0.wp.com\/blog.kunstgriff.net\/wp-content\/uploads\/2018\/05\/wolang-des-Weges-meine-Herren.jpg?w=2500&amp;ssl=1 2500w, https:\/\/i0.wp.com\/blog.kunstgriff.net\/wp-content\/uploads\/2018\/05\/wolang-des-Weges-meine-Herren.jpg?resize=300%2C200&amp;ssl=1 300w, https:\/\/i0.wp.com\/blog.kunstgriff.net\/wp-content\/uploads\/2018\/05\/wolang-des-Weges-meine-Herren.jpg?resize=768%2C512&amp;ssl=1 768w, https:\/\/i0.wp.com\/blog.kunstgriff.net\/wp-content\/uploads\/2018\/05\/wolang-des-Weges-meine-Herren.jpg?resize=1024%2C683&amp;ssl=1 1024w, https:\/\/i0.wp.com\/blog.kunstgriff.net\/wp-content\/uploads\/2018\/05\/wolang-des-Weges-meine-Herren.jpg?w=1575&amp;ssl=1 1575w\" width=\"131\" height=\"87\" loading=\"lazy\" data-original-width=\"131\" data-original-height=\"87\" itemprop=\"http:\/\/schema.org\/image\" title=\"wolang des Weges, meine Herren?\" alt=\"wolang des Weges, meine Herren?\" style=\"width: 131px; height: 87px;\" \/> <\/a> <div class=\"tiled-gallery-caption\" itemprop=\"caption description\"> wolang des Weges, meine Herren? <\/div> <\/div> <\/div> <!-- close group --> <div class=\"gallery-group images-1\" style=\"width: 120px; height: 91px;\" data-original-width=\"120\" data-original-height=\"91\" > <div class=\"tiled-gallery-item tiled-gallery-item-small\" itemprop=\"associatedMedia\" itemscope itemtype=\"http:\/\/schema.org\/ImageObject\"> <a href=\"https:\/\/i0.wp.com\/blog.kunstgriff.net\/wp-content\/uploads\/2018\/05\/%C3%BCberholt-werden-ist-Programm.jpg?ssl=1\" border=\"0\" itemprop=\"url\"> <meta itemprop=\"width\" content=\"116\"> <meta itemprop=\"height\" content=\"87\"> <img decoding=\"async\" class=\"\" data-attachment-id=\"17855\" data-orig-file=\"https:\/\/blog.kunstgriff.net\/wp-content\/uploads\/2018\/05\/\u00fcberholt-werden-ist-Programm.jpg\" data-orig-size=\"1152,864\" data-comments-opened=\"1\" data-image-meta=\"{&quot;aperture&quot;:&quot;0&quot;,&quot;credit&quot;:&quot;&quot;,&quot;camera&quot;:&quot;&quot;,&quot;caption&quot;:&quot;&quot;,&quot;created_timestamp&quot;:&quot;1525972192&quot;,&quot;copyright&quot;:&quot;&quot;,&quot;focal_length&quot;:&quot;0&quot;,&quot;iso&quot;:&quot;0&quot;,&quot;shutter_speed&quot;:&quot;0&quot;,&quot;title&quot;:&quot;&quot;,&quot;orientation&quot;:&quot;1&quot;}\" data-image-title=\"\u00fcberholt werden ist Programm\" data-image-description=\"\" data-medium-file=\"https:\/\/i0.wp.com\/blog.kunstgriff.net\/wp-content\/uploads\/2018\/05\/%C3%BCberholt-werden-ist-Programm.jpg?fit=300%2C225&#038;ssl=1\" data-large-file=\"https:\/\/i0.wp.com\/blog.kunstgriff.net\/wp-content\/uploads\/2018\/05\/%C3%BCberholt-werden-ist-Programm.jpg?fit=1024%2C768&#038;ssl=1\" src=\"https:\/\/i0.wp.com\/blog.kunstgriff.net\/wp-content\/uploads\/2018\/05\/%C3%BCberholt-werden-ist-Programm.jpg?w=116&#038;h=87&#038;ssl=1\" width=\"116\" height=\"87\" loading=\"lazy\" data-original-width=\"116\" data-original-height=\"87\" itemprop=\"http:\/\/schema.org\/image\" title=\"\u00fcberholt werden ist Programm\" alt=\"\u00fcberholt werden ist Programm\" style=\"width: 116px; height: 87px;\" \/> <\/a> <\/div> <\/div> <!-- close group --> <div class=\"gallery-group images-1\" style=\"width: 135px; height: 91px;\" data-original-width=\"135\" data-original-height=\"91\" > <div class=\"tiled-gallery-item tiled-gallery-item-small\" itemprop=\"associatedMedia\" itemscope itemtype=\"http:\/\/schema.org\/ImageObject\"> <a href=\"https:\/\/i0.wp.com\/blog.kunstgriff.net\/wp-content\/uploads\/2018\/05\/angekommen-im-Mercure.jpg?ssl=1\" border=\"0\" itemprop=\"url\"> <meta itemprop=\"width\" content=\"131\"> <meta itemprop=\"height\" content=\"87\"> <img decoding=\"async\" class=\"\" data-attachment-id=\"17845\" data-orig-file=\"https:\/\/blog.kunstgriff.net\/wp-content\/uploads\/2018\/05\/angekommen-im-Mercure.jpg\" data-orig-size=\"2500,1667\" data-comments-opened=\"1\" data-image-meta=\"{&quot;aperture&quot;:&quot;2.8&quot;,&quot;credit&quot;:&quot;&quot;,&quot;camera&quot;:&quot;TG-4&quot;,&quot;caption&quot;:&quot;OLYMPUS DIGITAL CAMERA&quot;,&quot;created_timestamp&quot;:&quot;1525967851&quot;,&quot;copyright&quot;:&quot;&quot;,&quot;focal_length&quot;:&quot;4.5&quot;,&quot;iso&quot;:&quot;100&quot;,&quot;shutter_speed&quot;:&quot;0.001&quot;,&quot;title&quot;:&quot;OLYMPUS DIGITAL CAMERA&quot;,&quot;orientation&quot;:&quot;1&quot;}\" data-image-title=\"angekommen im Mercure &amp;#8211; Jelenia G\u00f3ra\" data-image-description=\"\" data-medium-file=\"https:\/\/i0.wp.com\/blog.kunstgriff.net\/wp-content\/uploads\/2018\/05\/angekommen-im-Mercure.jpg?fit=300%2C200&#038;ssl=1\" data-large-file=\"https:\/\/i0.wp.com\/blog.kunstgriff.net\/wp-content\/uploads\/2018\/05\/angekommen-im-Mercure.jpg?fit=1024%2C683&#038;ssl=1\" src=\"https:\/\/i0.wp.com\/blog.kunstgriff.net\/wp-content\/uploads\/2018\/05\/angekommen-im-Mercure.jpg?w=131&#038;h=87&#038;ssl=1\" srcset=\"https:\/\/i0.wp.com\/blog.kunstgriff.net\/wp-content\/uploads\/2018\/05\/angekommen-im-Mercure.jpg?w=2500&amp;ssl=1 2500w, https:\/\/i0.wp.com\/blog.kunstgriff.net\/wp-content\/uploads\/2018\/05\/angekommen-im-Mercure.jpg?resize=300%2C200&amp;ssl=1 300w, https:\/\/i0.wp.com\/blog.kunstgriff.net\/wp-content\/uploads\/2018\/05\/angekommen-im-Mercure.jpg?resize=768%2C512&amp;ssl=1 768w, https:\/\/i0.wp.com\/blog.kunstgriff.net\/wp-content\/uploads\/2018\/05\/angekommen-im-Mercure.jpg?resize=1024%2C683&amp;ssl=1 1024w, https:\/\/i0.wp.com\/blog.kunstgriff.net\/wp-content\/uploads\/2018\/05\/angekommen-im-Mercure.jpg?w=1575&amp;ssl=1 1575w\" width=\"131\" height=\"87\" loading=\"lazy\" data-original-width=\"131\" data-original-height=\"87\" itemprop=\"http:\/\/schema.org\/image\" title=\"angekommen im Mercure - Jelenia G\u00f3ra\" alt=\"angekommen im Mercure - Jelenia G\u00f3ra\" style=\"width: 131px; height: 87px;\" \/> <\/a> <div class=\"tiled-gallery-caption\" itemprop=\"caption description\"> angekommen im Mercure &#8211; Jelenia G\u00f3ra <\/div> <\/div> <\/div> <!-- close group --> <\/div> <!-- close row --> <\/div>\n<div style=\"width: 525px;\" class=\"wp-video\"><video class=\"wp-video-shortcode\" id=\"video-17802-1\" width=\"525\" height=\"295\" preload=\"metadata\" controls=\"controls\"><source type=\"video\/mp4\" src=\"https:\/\/blog.kunstgriff.net\/wp-content\/uploads\/2018\/05\/Relive-Auf-Friedensfahrt\u2013Kurs-2018-3.-Tag-G\u00f6rlitz-Jelenia-G\u00f3ra.mp4?_=1\" \/><a href=\"https:\/\/blog.kunstgriff.net\/wp-content\/uploads\/2018\/05\/Relive-Auf-Friedensfahrt\u2013Kurs-2018-3.-Tag-G\u00f6rlitz-Jelenia-G\u00f3ra.mp4\">https:\/\/blog.kunstgriff.net\/wp-content\/uploads\/2018\/05\/Relive-Auf-Friedensfahrt\u2013Kurs-2018-3.-Tag-G\u00f6rlitz-Jelenia-G\u00f3ra.mp4<\/a><\/video><\/div>\n","protected":false},"excerpt":{"rendered":"<p>121 km | 1.903 H\u00f6henmeter Heute ging es endlich los: der offizielle Teil der ITF 2018 begann. Nix mehr mit Prolog und \u201efahren zum Start\u201c. Heute begann es \u201ethe real thing\u201c und f\u00fcr mich sogar schon zum 9. mal. Habe ich glaube ich bereits erw\u00e4hnt. Egal. Es f\u00fchlte sich an, als w\u00fcrde ich das schon &hellip; <\/p>\n<p class=\"link-more\"><a href=\"https:\/\/blog.kunstgriff.net\/?p=17802\" class=\"more-link\"><span class=\"screen-reader-text\">\u201eAuf Friedensfahrt\u2013Kurs 2018 3. Tag: G\u00f6rlitz -> Jelenia G\u00f3ra\u201c <\/span>weiterlesen<\/a><\/p>\n","protected":false},"author":2,"featured_media":17845,"comment_status":"open","ping_status":"open","sticky":false,"template":"","format":"standard","meta":{"jetpack_post_was_ever_published":false,"_jetpack_newsletter_access":"","_jetpack_dont_email_post_to_subs":false,"_jetpack_newsletter_tier_id":0,"_jetpack_memberships_contains_paywalled_content":false,"_jetpack_memberships_contains_paid_content":false,"footnotes":""},"categories":[14,13,7,36],"tags":[],"class_list":["post-17802","post","type-post","status-publish","format-standard","has-post-thumbnail","hentry","category-radfahren","category-radreise","category-rennradfahren","category-veranstaltungen"],"jetpack_featured_media_url":"https:\/\/i0.wp.com\/blog.kunstgriff.net\/wp-content\/uploads\/2018\/05\/angekommen-im-Mercure.jpg?fit=2500%2C1667&ssl=1","jetpack_shortlink":"https:\/\/wp.me\/p8Cxe7-4D8","jetpack-related-posts":[{"id":12564,"url":"https:\/\/blog.kunstgriff.net\/?p=12564","url_meta":{"origin":17802,"position":0},"title":"Auf Friedensfahrt\u2013Kurs 2015 5. Tag: Benecko &#8211; G\u00f6rlitz","author":"Georg","date":"Mai 17, 2015","format":false,"excerpt":"132 km | 2.084 H\u00f6henmeterAuch heute wollte ich wieder die lange Etappe fahren. So hie\u00df es gleich nach wenigen Kilometern bergab: Husch-husch: hoch in den Berg! Aua, die Beine schmerzten und die steile Wand vor mir wurde nicht k\u00fcrzer. iPod an, und im Rhythmus hochkurbeln. Das ging gut. Oben dann,\u2026","rel":"","context":"In &quot;Radfahren&quot;","block_context":{"text":"Radfahren","link":"https:\/\/blog.kunstgriff.net\/?cat=14"},"img":{"alt_text":"","src":"https:\/\/i0.wp.com\/blog.kunstgriff.net\/wp-content\/uploads\/2015\/05\/Der-erste-steile-H%C3%BCgel.jpg?fit=1200%2C900&ssl=1&resize=350%2C200","width":350,"height":200,"srcset":"https:\/\/i0.wp.com\/blog.kunstgriff.net\/wp-content\/uploads\/2015\/05\/Der-erste-steile-H%C3%BCgel.jpg?fit=1200%2C900&ssl=1&resize=350%2C200 1x, https:\/\/i0.wp.com\/blog.kunstgriff.net\/wp-content\/uploads\/2015\/05\/Der-erste-steile-H%C3%BCgel.jpg?fit=1200%2C900&ssl=1&resize=525%2C300 1.5x, https:\/\/i0.wp.com\/blog.kunstgriff.net\/wp-content\/uploads\/2015\/05\/Der-erste-steile-H%C3%BCgel.jpg?fit=1200%2C900&ssl=1&resize=700%2C400 2x, https:\/\/i0.wp.com\/blog.kunstgriff.net\/wp-content\/uploads\/2015\/05\/Der-erste-steile-H%C3%BCgel.jpg?fit=1200%2C900&ssl=1&resize=1050%2C600 3x"},"classes":[]},{"id":17800,"url":"https:\/\/blog.kunstgriff.net\/?p=17800","url_meta":{"origin":17802,"position":1},"title":"Auf Friedensfahrt\u2013Kurs 2018 2. Tag: Elsterwerda -> G\u00f6rlitz","author":"Georg","date":"Mai 9, 2018","format":false,"excerpt":"132 km | 999 H\u00f6henmeter Das Fr\u00fchst\u00fcck war \u00fcbersichtlich aber lecker in unserem Eurasischen Hotel. Im Anschluss ging es nach entspannter Morgen-Routine auf die Strecke. Nicht ganz, denn erstmal mussten die Nachk\u00f6mmlinge vom Bahnhof abgeholt werden. Das verz\u00f6gerte die Abfahrt um rund 45 Minuten. Danach konnte es endlich los gehen.\u2026","rel":"","context":"In &quot;Radfahren&quot;","block_context":{"text":"Radfahren","link":"https:\/\/blog.kunstgriff.net\/?cat=14"},"img":{"alt_text":"","src":"https:\/\/i0.wp.com\/blog.kunstgriff.net\/wp-content\/uploads\/2018\/05\/geschafft-vor-der-Jugendherberge-in-G%C3%B6rlitz.jpg?fit=1200%2C800&ssl=1&resize=350%2C200","width":350,"height":200,"srcset":"https:\/\/i0.wp.com\/blog.kunstgriff.net\/wp-content\/uploads\/2018\/05\/geschafft-vor-der-Jugendherberge-in-G%C3%B6rlitz.jpg?fit=1200%2C800&ssl=1&resize=350%2C200 1x, https:\/\/i0.wp.com\/blog.kunstgriff.net\/wp-content\/uploads\/2018\/05\/geschafft-vor-der-Jugendherberge-in-G%C3%B6rlitz.jpg?fit=1200%2C800&ssl=1&resize=525%2C300 1.5x, https:\/\/i0.wp.com\/blog.kunstgriff.net\/wp-content\/uploads\/2018\/05\/geschafft-vor-der-Jugendherberge-in-G%C3%B6rlitz.jpg?fit=1200%2C800&ssl=1&resize=700%2C400 2x, https:\/\/i0.wp.com\/blog.kunstgriff.net\/wp-content\/uploads\/2018\/05\/geschafft-vor-der-Jugendherberge-in-G%C3%B6rlitz.jpg?fit=1200%2C800&ssl=1&resize=1050%2C600 3x"},"classes":[]},{"id":13421,"url":"https:\/\/blog.kunstgriff.net\/?p=13421","url_meta":{"origin":17802,"position":2},"title":"Auf Friedensfahrt\u2013Kurs 2016 5. Tag: Karpacz -> G\u00f6rlitz","author":"Georg","date":"Mai 8, 2016","format":false,"excerpt":"110 km | 1.510 H\u00f6henmeter Ich war schon fr\u00fch wach, da unsere Unterkunft, das Hotel Apollo, keine Gardinen hatte. Auch stand Christian mit seiner wei\u00dfen Unterhose und einem langen Stock neben meinem Fenster. Ich rieb mir schlaftrunken die Augen und konnte mich an letzte Nacht erinnern: sein geliebtes \u00d6tztaler-Trikot war\u2026","rel":"","context":"In &quot;Radfahren&quot;","block_context":{"text":"Radfahren","link":"https:\/\/blog.kunstgriff.net\/?cat=14"},"img":{"alt_text":"","src":"https:\/\/i0.wp.com\/blog.kunstgriff.net\/wp-content\/uploads\/2016\/05\/32-vor-der-Abfahrt-Hotel-Apollo.jpg?fit=1200%2C266&ssl=1&resize=350%2C200","width":350,"height":200,"srcset":"https:\/\/i0.wp.com\/blog.kunstgriff.net\/wp-content\/uploads\/2016\/05\/32-vor-der-Abfahrt-Hotel-Apollo.jpg?fit=1200%2C266&ssl=1&resize=350%2C200 1x, https:\/\/i0.wp.com\/blog.kunstgriff.net\/wp-content\/uploads\/2016\/05\/32-vor-der-Abfahrt-Hotel-Apollo.jpg?fit=1200%2C266&ssl=1&resize=525%2C300 1.5x, https:\/\/i0.wp.com\/blog.kunstgriff.net\/wp-content\/uploads\/2016\/05\/32-vor-der-Abfahrt-Hotel-Apollo.jpg?fit=1200%2C266&ssl=1&resize=700%2C400 2x, https:\/\/i0.wp.com\/blog.kunstgriff.net\/wp-content\/uploads\/2016\/05\/32-vor-der-Abfahrt-Hotel-Apollo.jpg?fit=1200%2C266&ssl=1&resize=1050%2C600 3x"},"classes":[]},{"id":13410,"url":"https:\/\/blog.kunstgriff.net\/?p=13410","url_meta":{"origin":17802,"position":3},"title":"Auf Friedensfahrt\u2013Kurs 2016 1. Tag: Horka -> G\u00f6rlitz","author":"Georg","date":"Mai 4, 2016","format":false,"excerpt":"Mini-PrologMit dem Zug ging es morgens nach Cottbus. Leider begleitete uns die komplette Zugfahrt Regen. Auch in Cottbus sch\u00fcttete es in Str\u00f6men. Die angereisten Protagonisten st\u00f6rte das nur wenig. Der Gro\u00dfteil der Radler\/innen entschlossen sich, trotz des starken Regens ihre Taschen zu verladen und sich auf die Strecke zu machen.\u2026","rel":"","context":"In &quot;Radfahren&quot;","block_context":{"text":"Radfahren","link":"https:\/\/blog.kunstgriff.net\/?cat=14"},"img":{"alt_text":"","src":"","width":0,"height":0},"classes":[]},{"id":17809,"url":"https:\/\/blog.kunstgriff.net\/?p=17809","url_meta":{"origin":17802,"position":4},"title":"Auf Friedensfahrt\u2013Kurs 2018 6. Tag: Liberec -> G\u00f6rlitz","author":"Georg","date":"Mai 13, 2018","format":false,"excerpt":"114 km | 1.738 H\u00f6henmeter Nun ist sie fast schon wieder vorbei, die ITF 2018 und auf der letzten Etappe zur\u00fcck nach G\u00f6rlitz, ist es fast schon an der Zeit, zu res\u00fcmieren. Mach ich aber noch nicht, denn da ist dieser Kanten vor mir, mit dem sch\u00f6nen Namen \u00bbJe\u0161t\u011bd\u00ab. Ein\u2026","rel":"","context":"In &quot;Radfahren&quot;","block_context":{"text":"Radfahren","link":"https:\/\/blog.kunstgriff.net\/?cat=14"},"img":{"alt_text":"","src":"https:\/\/i0.wp.com\/blog.kunstgriff.net\/wp-content\/uploads\/2018\/05\/Schon-ein-paar-H%C3%B6henmeter-erklommen-zum-Je%C5%A1t%C4%9Bd.jpg?fit=1200%2C800&ssl=1&resize=350%2C200","width":350,"height":200,"srcset":"https:\/\/i0.wp.com\/blog.kunstgriff.net\/wp-content\/uploads\/2018\/05\/Schon-ein-paar-H%C3%B6henmeter-erklommen-zum-Je%C5%A1t%C4%9Bd.jpg?fit=1200%2C800&ssl=1&resize=350%2C200 1x, https:\/\/i0.wp.com\/blog.kunstgriff.net\/wp-content\/uploads\/2018\/05\/Schon-ein-paar-H%C3%B6henmeter-erklommen-zum-Je%C5%A1t%C4%9Bd.jpg?fit=1200%2C800&ssl=1&resize=525%2C300 1.5x, https:\/\/i0.wp.com\/blog.kunstgriff.net\/wp-content\/uploads\/2018\/05\/Schon-ein-paar-H%C3%B6henmeter-erklommen-zum-Je%C5%A1t%C4%9Bd.jpg?fit=1200%2C800&ssl=1&resize=700%2C400 2x, https:\/\/i0.wp.com\/blog.kunstgriff.net\/wp-content\/uploads\/2018\/05\/Schon-ein-paar-H%C3%B6henmeter-erklommen-zum-Je%C5%A1t%C4%9Bd.jpg?fit=1200%2C800&ssl=1&resize=1050%2C600 3x"},"classes":[]},{"id":12555,"url":"https:\/\/blog.kunstgriff.net\/?p=12555","url_meta":{"origin":17802,"position":5},"title":"Auf Friedensfahrt\u2013Kurs 2015 1. Tag: Elsterwerda -> G\u00f6rlitz","author":"Georg","date":"Mai 13, 2015","format":false,"excerpt":"135\u00a0km | 1.030 H\u00f6henmeterDank touch&travel ging es ohne einen Fahrschein zu l\u00f6sen erst mit der U-Bahn und dann mit dem Regional-Express ins knapp 2 Fahrstunden entfernte Elsterwerda. Die extra zu erwerbenden Fahrrad-Tix schenkte mir der Schaffner, da es ein Buchungsproblem bei der Bahn gab. So kann der Tag beginnen! Sonnenschein\u2026","rel":"","context":"In &quot;Radfahren&quot;","block_context":{"text":"Radfahren","link":"https:\/\/blog.kunstgriff.net\/?cat=14"},"img":{"alt_text":"","src":"https:\/\/i0.wp.com\/blog.kunstgriff.net\/wp-content\/uploads\/2015\/05\/Erstmal-Schotterpiste.jpg?fit=1200%2C900&ssl=1&resize=350%2C200","width":350,"height":200,"srcset":"https:\/\/i0.wp.com\/blog.kunstgriff.net\/wp-content\/uploads\/2015\/05\/Erstmal-Schotterpiste.jpg?fit=1200%2C900&ssl=1&resize=350%2C200 1x, https:\/\/i0.wp.com\/blog.kunstgriff.net\/wp-content\/uploads\/2015\/05\/Erstmal-Schotterpiste.jpg?fit=1200%2C900&ssl=1&resize=525%2C300 1.5x, https:\/\/i0.wp.com\/blog.kunstgriff.net\/wp-content\/uploads\/2015\/05\/Erstmal-Schotterpiste.jpg?fit=1200%2C900&ssl=1&resize=700%2C400 2x, https:\/\/i0.wp.com\/blog.kunstgriff.net\/wp-content\/uploads\/2015\/05\/Erstmal-Schotterpiste.jpg?fit=1200%2C900&ssl=1&resize=1050%2C600 3x"},"classes":[]}],"jetpack_likes_enabled":true,"jetpack_sharing_enabled":true,"_links":{"self":[{"href":"https:\/\/blog.kunstgriff.net\/index.php?rest_route=\/wp\/v2\/posts\/17802","targetHints":{"allow":["GET"]}}],"collection":[{"href":"https:\/\/blog.kunstgriff.net\/index.php?rest_route=\/wp\/v2\/posts"}],"about":[{"href":"https:\/\/blog.kunstgriff.net\/index.php?rest_route=\/wp\/v2\/types\/post"}],"author":[{"embeddable":true,"href":"https:\/\/blog.kunstgriff.net\/index.php?rest_route=\/wp\/v2\/users\/2"}],"replies":[{"embeddable":true,"href":"https:\/\/blog.kunstgriff.net\/index.php?rest_route=%2Fwp%2Fv2%2Fcomments&post=17802"}],"version-history":[{"count":0,"href":"https:\/\/blog.kunstgriff.net\/index.php?rest_route=\/wp\/v2\/posts\/17802\/revisions"}],"wp:featuredmedia":[{"embeddable":true,"href":"https:\/\/blog.kunstgriff.net\/index.php?rest_route=\/wp\/v2\/media\/17845"}],"wp:attachment":[{"href":"https:\/\/blog.kunstgriff.net\/index.php?rest_route=%2Fwp%2Fv2%2Fmedia&parent=17802"}],"wp:term":[{"taxonomy":"category","embeddable":true,"href":"https:\/\/blog.kunstgriff.net\/index.php?rest_route=%2Fwp%2Fv2%2Fcategories&post=17802"},{"taxonomy":"post_tag","embeddable":true,"href":"https:\/\/blog.kunstgriff.net\/index.php?rest_route=%2Fwp%2Fv2%2Ftags&post=17802"}],"curies":[{"name":"wp","href":"https:\/\/api.w.org\/{rel}","templated":true}]}}