{"id":17809,"date":"2018-05-13T21:02:26","date_gmt":"2018-05-13T19:02:26","guid":{"rendered":"https:\/\/blog.kunstgriff.net\/?p=17809"},"modified":"2018-05-18T23:04:36","modified_gmt":"2018-05-18T21:04:36","slug":"auf-friedensfahrt-kurs-2018-6-tag-liberec-goerlitz","status":"publish","type":"post","link":"https:\/\/blog.kunstgriff.net\/?p=17809","title":{"rendered":"Auf Friedensfahrt\u2013Kurs 2018 6. Tag: Liberec -> G\u00f6rlitz"},"content":{"rendered":"<span class=\"span-reading-time rt-reading-time\" style=\"display: block;\"><span class=\"rt-label rt-prefix\">Lesezeit: <\/span> <span class=\"rt-time\"> 2<\/span> <span class=\"rt-label rt-postfix\">Minuten<\/span><\/span><h4>114 km | 1.738 H\u00f6henmeter<\/h4>\n<hr \/>\n<p>Nun ist sie fast schon wieder vorbei, die ITF 2018 und auf der letzten Etappe zur\u00fcck nach G\u00f6rlitz, ist es fast schon an der Zeit, zu res\u00fcmieren. Mach ich aber <em>noch<\/em> nicht, denn da ist dieser Kanten vor mir, mit dem sch\u00f6nen Namen \u00bbJe\u0161t\u011bd\u00ab.<\/p>\n<p>Ein nicht all zu langer und hoher Anstieg, aber direkt<em> in die Kalten<\/em> das Ding zu fahren ist herausfordernd. Froh war ich dann, nach einiger Kraftanstrengung, endlich oben zu sein. Sonntags um halb zehn. Wo Andere nett beim Fr\u00fchst\u00fcck oder Brunch hocken, hatte ich schon einmal ordentlich angeschwitzt. <em>So muss das?<\/em> Ne so <em>kann das<\/em> oder so <em>darf das<\/em>.<\/p>\n<p>Die Freude war gross in der Abfahrt, denn irgendwie hatte ich in Erinnerung, dass es jetzt bis G\u00f6rlitz nur noch bergab gehen w\u00fcrde. Was soll ich sagen; meine Erinnerung t\u00e4uschte mich gewaltig und zu allem \u00dcbel in Form von H\u00fcgeln, kam auch noch garstiger Nordwind hinzu, der uns die letzte Etappe ganz sch\u00f6n K\u00f6rner kostete.<\/p>\n<p>Eigentlich wollten wir beim legend\u00e4ren und bew\u00e4hrten B\u00e4cker in Jonsdorf einkehren, der machte aber leider erst um 14 Uhr auf. Fast zwei Stunden h\u00e4tten wir warten m\u00fcssen und so gab es nur ne kleine Cola beim knurrigen Wirten.<\/p>\n<p>Auf den letzten 30 km gab es dann noch ein kleines Abstimmungsproblem und Christoph und Alex hingen sich an ein schnelles Team. Windschatten lutschen war ja doch bequemer. Ich \u00e4rgerte mich <del>ein wenig<\/del>, dass ich nicht mit-gebolzt hatte und so alleine in G\u00f6rlitz eintraf. Ohne mein Team.<\/p>\n<p>Am Bahnhof mussten dann alle eine Zwangspause einlegen, da der Koffertransporter das Rad einer gest\u00fcrzten Mitfahrerin einsammeln musste.<\/p>\n<p>Mit einiger Versp\u00e4tung und ohne Duschen ging es dann in den \u00fcberf\u00fcllten Zug der ODEG \u00fcber Cottbus zur\u00fcck in die Hauptstadt. Peinlich, dass man solch eine Strecke als Regionalexpress mit nur zwei Wagons bedient.<\/p>\n<p><em>Mein Res\u00fcmee zur ITF 2018:<\/em> Das Orga-Team rund um Christel und Peter Scheunemann hat sich erneut aller gr\u00f6\u00dfte M\u00fche gegeben, die 6 Tage f\u00fcr uns auf dem Rad so angenehm wie m\u00f6glich zu gestalten \u2013 vielen Dank daf\u00fcr!<\/p>\n<p>Viele Dinge haben hervorragend funktioniert, wie der Gep\u00e4cktransport und die Auswahl der Unterk\u00fcnfte. Einige Wermutstropfen bleiben aber. Wie zum Beispiel das nicht beachten der Wochen vorher kommunizierten Zimmer-Pr\u00e4ferenz. Unn\u00f6tig dass das fast jeden Abend wie eine Lotterie erschien, den richtigen Zimmer-Partner zu erwischen. Sehr unsch\u00f6n war, dass wir als \u00bbAlte Hasen\u00ab in Liberec in der Jugendherberge schlafen mussten, wohingegen Andere das komfortable Hotel nutzen durften.<\/p>\n<p>Die Streckenplanung war sehr sch\u00f6n und Abwechslungsreich. Besonders in Polen war ich \u00fcber den teilweise perfekten Asphalt \u00fcberrascht, wohingegen in Tschechien doch einige experimentelle Abschnitte dabei warnen, die eher Mountainbike-kompatibel erschienen.<\/p>\n<p>Alles in allem eine klasse Woche auf dem Rad mit super Gemeinschaft und wenig misanthropischem Koller. Mal sehen ob ich dann 2019 zum 10. mal auch wieder dabei bin\u2026<\/p>\n<p><iframe loading=\"lazy\" src=\"https:\/\/www.strava.com\/activities\/1580427736\/embed\/1f55dd0d2436262b07f451f68a36207d13e4cf34\" width=\"590\" height=\"405\" frameborder=\"0\" scrolling=\"no\"><\/iframe><\/p>\n<div class=\"tiled-gallery type-rectangular tiled-gallery-unresized\" data-original-width=\"525\" data-carousel-extra='{&quot;blog_id&quot;:1,&quot;permalink&quot;:&quot;https:\\\/\\\/blog.kunstgriff.net\\\/?p=17809&quot;,&quot;likes_blog_id&quot;:127394879}' itemscope itemtype=\"http:\/\/schema.org\/ImageGallery\" > <div class=\"gallery-row\" style=\"width: 525px; height: 235px;\" data-original-width=\"525\" data-original-height=\"235\" > <div class=\"gallery-group images-1\" style=\"width: 351px; height: 235px;\" data-original-width=\"351\" data-original-height=\"235\" > <div class=\"tiled-gallery-item tiled-gallery-item-large\" itemprop=\"associatedMedia\" itemscope itemtype=\"http:\/\/schema.org\/ImageObject\"> <a href=\"https:\/\/i0.wp.com\/blog.kunstgriff.net\/wp-content\/uploads\/2018\/05\/Blick-auf-den-Je%C5%A1t%C4%9Bd-von-unserem-Hotel-Jugendherberge.jpg?ssl=1\" border=\"0\" itemprop=\"url\"> <meta itemprop=\"width\" content=\"347\"> <meta itemprop=\"height\" content=\"231\"> <img decoding=\"async\" class=\"\" data-attachment-id=\"17920\" data-orig-file=\"https:\/\/blog.kunstgriff.net\/wp-content\/uploads\/2018\/05\/Blick-auf-den-Je\u0161t\u011bd-von-unserem-Hotel-Jugendherberge.jpg\" data-orig-size=\"2500,1666\" data-comments-opened=\"1\" data-image-meta=\"{&quot;aperture&quot;:&quot;6.3&quot;,&quot;credit&quot;:&quot;&quot;,&quot;camera&quot;:&quot;TG-4&quot;,&quot;caption&quot;:&quot;OLYMPUS DIGITAL CAMERA&quot;,&quot;created_timestamp&quot;:&quot;1526199298&quot;,&quot;copyright&quot;:&quot;&quot;,&quot;focal_length&quot;:&quot;18&quot;,&quot;iso&quot;:&quot;100&quot;,&quot;shutter_speed&quot;:&quot;0.0025&quot;,&quot;title&quot;:&quot;OLYMPUS DIGITAL CAMERA&quot;,&quot;orientation&quot;:&quot;1&quot;}\" data-image-title=\"Blick auf den Je\u0161t\u011bd von unserem Hotel-Jugendherberge\" data-image-description=\"\" data-medium-file=\"https:\/\/i0.wp.com\/blog.kunstgriff.net\/wp-content\/uploads\/2018\/05\/Blick-auf-den-Je%C5%A1t%C4%9Bd-von-unserem-Hotel-Jugendherberge.jpg?fit=300%2C200&#038;ssl=1\" data-large-file=\"https:\/\/i0.wp.com\/blog.kunstgriff.net\/wp-content\/uploads\/2018\/05\/Blick-auf-den-Je%C5%A1t%C4%9Bd-von-unserem-Hotel-Jugendherberge.jpg?fit=1024%2C682&#038;ssl=1\" src=\"https:\/\/i0.wp.com\/blog.kunstgriff.net\/wp-content\/uploads\/2018\/05\/Blick-auf-den-Je%C5%A1t%C4%9Bd-von-unserem-Hotel-Jugendherberge.jpg?w=347&#038;h=231&#038;ssl=1\" width=\"347\" height=\"231\" loading=\"lazy\" data-original-width=\"347\" data-original-height=\"231\" itemprop=\"http:\/\/schema.org\/image\" title=\"Blick auf den Je\u0161t\u011bd von unserem Hotel-Jugendherberge\" alt=\"Blick auf den Je\u0161t\u011bd von unserem Hotel-Jugendherberge\" style=\"width: 347px; height: 231px;\" \/> <\/a> <div class=\"tiled-gallery-caption\" itemprop=\"caption description\"> Blick auf den Je\u0161t\u011bd von unserem Hotel-Jugendherberge <\/div> <\/div> <\/div> <!-- close group --> <div class=\"gallery-group images-2\" style=\"width: 174px; height: 235px;\" data-original-width=\"174\" data-original-height=\"235\" > <div class=\"tiled-gallery-item tiled-gallery-item-small\" itemprop=\"associatedMedia\" itemscope itemtype=\"http:\/\/schema.org\/ImageObject\"> <a href=\"https:\/\/i0.wp.com\/blog.kunstgriff.net\/wp-content\/uploads\/2018\/05\/Die-Bande-wartet-in-sicherer-Entfernung-auf-mich.jpg?ssl=1\" border=\"0\" itemprop=\"url\"> <meta itemprop=\"width\" content=\"170\"> <meta itemprop=\"height\" content=\"114\"> <img decoding=\"async\" class=\"\" data-attachment-id=\"17923\" data-orig-file=\"https:\/\/blog.kunstgriff.net\/wp-content\/uploads\/2018\/05\/Die-Bande-wartet-in-sicherer-Entfernung-auf-mich.jpg\" data-orig-size=\"2500,1667\" data-comments-opened=\"1\" data-image-meta=\"{&quot;aperture&quot;:&quot;8&quot;,&quot;credit&quot;:&quot;&quot;,&quot;camera&quot;:&quot;TG-4&quot;,&quot;caption&quot;:&quot;OLYMPUS DIGITAL CAMERA&quot;,&quot;created_timestamp&quot;:&quot;1526199759&quot;,&quot;copyright&quot;:&quot;&quot;,&quot;focal_length&quot;:&quot;4.5&quot;,&quot;iso&quot;:&quot;100&quot;,&quot;shutter_speed&quot;:&quot;0.00625&quot;,&quot;title&quot;:&quot;OLYMPUS DIGITAL CAMERA&quot;,&quot;orientation&quot;:&quot;1&quot;}\" data-image-title=\"Die Bande wartet in sicherer Entfernung auf mich\" data-image-description=\"\" data-medium-file=\"https:\/\/i0.wp.com\/blog.kunstgriff.net\/wp-content\/uploads\/2018\/05\/Die-Bande-wartet-in-sicherer-Entfernung-auf-mich.jpg?fit=300%2C200&#038;ssl=1\" data-large-file=\"https:\/\/i0.wp.com\/blog.kunstgriff.net\/wp-content\/uploads\/2018\/05\/Die-Bande-wartet-in-sicherer-Entfernung-auf-mich.jpg?fit=1024%2C683&#038;ssl=1\" src=\"https:\/\/i0.wp.com\/blog.kunstgriff.net\/wp-content\/uploads\/2018\/05\/Die-Bande-wartet-in-sicherer-Entfernung-auf-mich.jpg?w=170&#038;h=114&#038;ssl=1\" srcset=\"https:\/\/i0.wp.com\/blog.kunstgriff.net\/wp-content\/uploads\/2018\/05\/Die-Bande-wartet-in-sicherer-Entfernung-auf-mich.jpg?w=2500&amp;ssl=1 2500w, https:\/\/i0.wp.com\/blog.kunstgriff.net\/wp-content\/uploads\/2018\/05\/Die-Bande-wartet-in-sicherer-Entfernung-auf-mich.jpg?resize=300%2C200&amp;ssl=1 300w, https:\/\/i0.wp.com\/blog.kunstgriff.net\/wp-content\/uploads\/2018\/05\/Die-Bande-wartet-in-sicherer-Entfernung-auf-mich.jpg?resize=768%2C512&amp;ssl=1 768w, https:\/\/i0.wp.com\/blog.kunstgriff.net\/wp-content\/uploads\/2018\/05\/Die-Bande-wartet-in-sicherer-Entfernung-auf-mich.jpg?resize=1024%2C683&amp;ssl=1 1024w, https:\/\/i0.wp.com\/blog.kunstgriff.net\/wp-content\/uploads\/2018\/05\/Die-Bande-wartet-in-sicherer-Entfernung-auf-mich.jpg?w=1575&amp;ssl=1 1575w\" width=\"170\" height=\"114\" loading=\"lazy\" data-original-width=\"170\" data-original-height=\"114\" itemprop=\"http:\/\/schema.org\/image\" title=\"Die Bande wartet in sicherer Entfernung auf mich\" alt=\"Die Bande wartet in sicherer Entfernung auf mich\" style=\"width: 170px; height: 114px;\" \/> <\/a> <div class=\"tiled-gallery-caption\" itemprop=\"caption description\"> Die Bande wartet in sicherer Entfernung auf mich <\/div> <\/div> <div class=\"tiled-gallery-item tiled-gallery-item-small\" itemprop=\"associatedMedia\" itemscope itemtype=\"http:\/\/schema.org\/ImageObject\"> <a href=\"https:\/\/i0.wp.com\/blog.kunstgriff.net\/wp-content\/uploads\/2018\/05\/Den-Gipfel-des-Je%C5%A1t%C4%9Bd-immer-im-Blick.jpg?ssl=1\" border=\"0\" itemprop=\"url\"> <meta itemprop=\"width\" content=\"170\"> <meta itemprop=\"height\" content=\"113\"> <img decoding=\"async\" class=\"\" data-attachment-id=\"17921\" data-orig-file=\"https:\/\/blog.kunstgriff.net\/wp-content\/uploads\/2018\/05\/Den-Gipfel-des-Je\u0161t\u011bd-immer-im-Blick.jpg\" data-orig-size=\"2500,1667\" data-comments-opened=\"1\" data-image-meta=\"{&quot;aperture&quot;:&quot;8&quot;,&quot;credit&quot;:&quot;&quot;,&quot;camera&quot;:&quot;TG-4&quot;,&quot;caption&quot;:&quot;OLYMPUS DIGITAL CAMERA&quot;,&quot;created_timestamp&quot;:&quot;1526200556&quot;,&quot;copyright&quot;:&quot;&quot;,&quot;focal_length&quot;:&quot;4.5&quot;,&quot;iso&quot;:&quot;100&quot;,&quot;shutter_speed&quot;:&quot;0.00625&quot;,&quot;title&quot;:&quot;OLYMPUS DIGITAL CAMERA&quot;,&quot;orientation&quot;:&quot;1&quot;}\" data-image-title=\"Den Gipfel des Je\u0161t\u011bd immer im Blick\" data-image-description=\"\" data-medium-file=\"https:\/\/i0.wp.com\/blog.kunstgriff.net\/wp-content\/uploads\/2018\/05\/Den-Gipfel-des-Je%C5%A1t%C4%9Bd-immer-im-Blick.jpg?fit=300%2C200&#038;ssl=1\" data-large-file=\"https:\/\/i0.wp.com\/blog.kunstgriff.net\/wp-content\/uploads\/2018\/05\/Den-Gipfel-des-Je%C5%A1t%C4%9Bd-immer-im-Blick.jpg?fit=1024%2C683&#038;ssl=1\" src=\"https:\/\/i0.wp.com\/blog.kunstgriff.net\/wp-content\/uploads\/2018\/05\/Den-Gipfel-des-Je%C5%A1t%C4%9Bd-immer-im-Blick.jpg?w=170&#038;h=113&#038;ssl=1\" width=\"170\" height=\"113\" loading=\"lazy\" data-original-width=\"170\" data-original-height=\"113\" itemprop=\"http:\/\/schema.org\/image\" title=\"Den Gipfel des Je\u0161t\u011bd immer im Blick\" alt=\"Den Gipfel des Je\u0161t\u011bd immer im Blick\" style=\"width: 170px; height: 113px;\" \/> <\/a> <div class=\"tiled-gallery-caption\" itemprop=\"caption description\"> Den Gipfel des Je\u0161t\u011bd immer im Blick <\/div> <\/div> <\/div> <!-- close group --> <\/div> <!-- close row --> <div class=\"gallery-row\" style=\"width: 525px; height: 254px;\" data-original-width=\"525\" data-original-height=\"254\" > <div class=\"gallery-group images-2\" style=\"width: 188px; height: 254px;\" data-original-width=\"188\" data-original-height=\"254\" > <div class=\"tiled-gallery-item tiled-gallery-item-small\" itemprop=\"associatedMedia\" itemscope itemtype=\"http:\/\/schema.org\/ImageObject\"> <a href=\"https:\/\/i0.wp.com\/blog.kunstgriff.net\/wp-content\/uploads\/2018\/05\/Schon-ein-paar-H%C3%B6henmeter-erklommen-zum-Je%C5%A1t%C4%9Bd.jpg?ssl=1\" border=\"0\" itemprop=\"url\"> <meta itemprop=\"width\" content=\"184\"> <meta itemprop=\"height\" content=\"123\"> <img decoding=\"async\" class=\"\" data-attachment-id=\"17929\" data-orig-file=\"https:\/\/blog.kunstgriff.net\/wp-content\/uploads\/2018\/05\/Schon-ein-paar-H\u00f6henmeter-erklommen-zum-Je\u0161t\u011bd.jpg\" data-orig-size=\"2500,1667\" data-comments-opened=\"1\" data-image-meta=\"{&quot;aperture&quot;:&quot;4&quot;,&quot;credit&quot;:&quot;&quot;,&quot;camera&quot;:&quot;TG-4&quot;,&quot;caption&quot;:&quot;OLYMPUS DIGITAL CAMERA&quot;,&quot;created_timestamp&quot;:&quot;1526200917&quot;,&quot;copyright&quot;:&quot;&quot;,&quot;focal_length&quot;:&quot;7.86&quot;,&quot;iso&quot;:&quot;100&quot;,&quot;shutter_speed&quot;:&quot;0.003125&quot;,&quot;title&quot;:&quot;OLYMPUS DIGITAL CAMERA&quot;,&quot;orientation&quot;:&quot;1&quot;}\" data-image-title=\"Schon ein paar H\u00f6henmeter erklommen zum Je\u0161t\u011bd\" data-image-description=\"\" data-medium-file=\"https:\/\/i0.wp.com\/blog.kunstgriff.net\/wp-content\/uploads\/2018\/05\/Schon-ein-paar-H%C3%B6henmeter-erklommen-zum-Je%C5%A1t%C4%9Bd.jpg?fit=300%2C200&#038;ssl=1\" data-large-file=\"https:\/\/i0.wp.com\/blog.kunstgriff.net\/wp-content\/uploads\/2018\/05\/Schon-ein-paar-H%C3%B6henmeter-erklommen-zum-Je%C5%A1t%C4%9Bd.jpg?fit=1024%2C683&#038;ssl=1\" src=\"https:\/\/i0.wp.com\/blog.kunstgriff.net\/wp-content\/uploads\/2018\/05\/Schon-ein-paar-H%C3%B6henmeter-erklommen-zum-Je%C5%A1t%C4%9Bd.jpg?w=184&#038;h=123&#038;ssl=1\" width=\"184\" height=\"123\" loading=\"lazy\" data-original-width=\"184\" data-original-height=\"123\" itemprop=\"http:\/\/schema.org\/image\" title=\"Schon ein paar H\u00f6henmeter erklommen zum Je\u0161t\u011bd\" alt=\"Schon ein paar H\u00f6henmeter erklommen zum Je\u0161t\u011bd\" style=\"width: 184px; height: 123px;\" \/> <\/a> <div class=\"tiled-gallery-caption\" itemprop=\"caption description\"> Schon ein paar H\u00f6henmeter erklommen zum Je\u0161t\u011bd <\/div> <\/div> <div class=\"tiled-gallery-item tiled-gallery-item-small\" itemprop=\"associatedMedia\" itemscope itemtype=\"http:\/\/schema.org\/ImageObject\"> <a href=\"https:\/\/i0.wp.com\/blog.kunstgriff.net\/wp-content\/uploads\/2018\/05\/der-eigentliche-Anstieg-zum-Je%C5%A1t%C4%9Bd.jpg?ssl=1\" border=\"0\" itemprop=\"url\"> <meta itemprop=\"width\" content=\"184\"> <meta itemprop=\"height\" content=\"123\"> <img decoding=\"async\" class=\"\" data-attachment-id=\"17922\" data-orig-file=\"https:\/\/blog.kunstgriff.net\/wp-content\/uploads\/2018\/05\/der-eigentliche-Anstieg-zum-Je\u0161t\u011bd.jpg\" data-orig-size=\"2500,1667\" data-comments-opened=\"1\" data-image-meta=\"{&quot;aperture&quot;:&quot;2.8&quot;,&quot;credit&quot;:&quot;&quot;,&quot;camera&quot;:&quot;TG-4&quot;,&quot;caption&quot;:&quot;OLYMPUS DIGITAL CAMERA&quot;,&quot;created_timestamp&quot;:&quot;1526202141&quot;,&quot;copyright&quot;:&quot;&quot;,&quot;focal_length&quot;:&quot;4.5&quot;,&quot;iso&quot;:&quot;100&quot;,&quot;shutter_speed&quot;:&quot;0.001&quot;,&quot;title&quot;:&quot;OLYMPUS DIGITAL CAMERA&quot;,&quot;orientation&quot;:&quot;1&quot;}\" data-image-title=\"der eigentliche Anstieg zum Je\u0161t\u011bd\" data-image-description=\"\" data-medium-file=\"https:\/\/i0.wp.com\/blog.kunstgriff.net\/wp-content\/uploads\/2018\/05\/der-eigentliche-Anstieg-zum-Je%C5%A1t%C4%9Bd.jpg?fit=300%2C200&#038;ssl=1\" data-large-file=\"https:\/\/i0.wp.com\/blog.kunstgriff.net\/wp-content\/uploads\/2018\/05\/der-eigentliche-Anstieg-zum-Je%C5%A1t%C4%9Bd.jpg?fit=1024%2C683&#038;ssl=1\" src=\"https:\/\/i0.wp.com\/blog.kunstgriff.net\/wp-content\/uploads\/2018\/05\/der-eigentliche-Anstieg-zum-Je%C5%A1t%C4%9Bd.jpg?w=184&#038;h=123&#038;ssl=1\" width=\"184\" height=\"123\" loading=\"lazy\" data-original-width=\"184\" data-original-height=\"123\" itemprop=\"http:\/\/schema.org\/image\" title=\"der eigentliche Anstieg zum Je\u0161t\u011bd\" alt=\"der eigentliche Anstieg zum Je\u0161t\u011bd\" style=\"width: 184px; height: 123px;\" \/> <\/a> <div class=\"tiled-gallery-caption\" itemprop=\"caption description\"> der eigentliche Anstieg zum Je\u0161t\u011bd <\/div> <\/div> <\/div> <!-- close group --> <div class=\"gallery-group images-1\" style=\"width: 337px; height: 254px;\" data-original-width=\"337\" data-original-height=\"254\" > <div class=\"tiled-gallery-item tiled-gallery-item-large\" itemprop=\"associatedMedia\" itemscope itemtype=\"http:\/\/schema.org\/ImageObject\"> <a href=\"https:\/\/i0.wp.com\/blog.kunstgriff.net\/wp-content\/uploads\/2018\/05\/tolle-Aussicht-auf-dem-Je%C5%A1t%C4%9Bd.jpg?ssl=1\" border=\"0\" itemprop=\"url\"> <meta itemprop=\"width\" content=\"333\"> <meta itemprop=\"height\" content=\"250\"> <img decoding=\"async\" class=\"\" data-attachment-id=\"17930\" data-orig-file=\"https:\/\/blog.kunstgriff.net\/wp-content\/uploads\/2018\/05\/tolle-Aussicht-auf-dem-Je\u0161t\u011bd.jpg\" data-orig-size=\"2500,1875\" data-comments-opened=\"1\" data-image-meta=\"{&quot;aperture&quot;:&quot;2.2&quot;,&quot;credit&quot;:&quot;&quot;,&quot;camera&quot;:&quot;iPhone 6s&quot;,&quot;caption&quot;:&quot;&quot;,&quot;created_timestamp&quot;:&quot;1526203159&quot;,&quot;copyright&quot;:&quot;&quot;,&quot;focal_length&quot;:&quot;4.15&quot;,&quot;iso&quot;:&quot;25&quot;,&quot;shutter_speed&quot;:&quot;0.00061087354917532&quot;,&quot;title&quot;:&quot;&quot;,&quot;orientation&quot;:&quot;1&quot;}\" data-image-title=\"tolle Aussicht auf dem Je\u0161t\u011bd\" data-image-description=\"\" data-medium-file=\"https:\/\/i0.wp.com\/blog.kunstgriff.net\/wp-content\/uploads\/2018\/05\/tolle-Aussicht-auf-dem-Je%C5%A1t%C4%9Bd.jpg?fit=300%2C225&#038;ssl=1\" data-large-file=\"https:\/\/i0.wp.com\/blog.kunstgriff.net\/wp-content\/uploads\/2018\/05\/tolle-Aussicht-auf-dem-Je%C5%A1t%C4%9Bd.jpg?fit=1024%2C768&#038;ssl=1\" src=\"https:\/\/i0.wp.com\/blog.kunstgriff.net\/wp-content\/uploads\/2018\/05\/tolle-Aussicht-auf-dem-Je%C5%A1t%C4%9Bd.jpg?w=333&#038;h=250&#038;ssl=1\" width=\"333\" height=\"250\" loading=\"lazy\" data-original-width=\"333\" data-original-height=\"250\" itemprop=\"http:\/\/schema.org\/image\" title=\"tolle Aussicht auf dem Je\u0161t\u011bd\" alt=\"tolle Aussicht auf dem Je\u0161t\u011bd\" style=\"width: 333px; height: 250px;\" \/> <\/a> <div class=\"tiled-gallery-caption\" itemprop=\"caption description\"> tolle Aussicht auf dem Je\u0161t\u011bd <\/div> <\/div> <\/div> <!-- close group --> <\/div> <!-- close row --> <div class=\"gallery-row\" style=\"width: 525px; height: 198px;\" data-original-width=\"525\" data-original-height=\"198\" > <div class=\"gallery-group images-1\" style=\"width: 263px; height: 198px;\" data-original-width=\"263\" data-original-height=\"198\" > <div class=\"tiled-gallery-item tiled-gallery-item-large\" itemprop=\"associatedMedia\" itemscope itemtype=\"http:\/\/schema.org\/ImageObject\"> <a href=\"https:\/\/i0.wp.com\/blog.kunstgriff.net\/wp-content\/uploads\/2018\/05\/oben-und-Abklatschen-auf-dem-Je%C5%A1t%C4%9Bd.jpg?ssl=1\" border=\"0\" itemprop=\"url\"> <meta itemprop=\"width\" content=\"259\"> <meta itemprop=\"height\" content=\"194\"> <img decoding=\"async\" class=\"\" data-attachment-id=\"17928\" data-orig-file=\"https:\/\/blog.kunstgriff.net\/wp-content\/uploads\/2018\/05\/oben-und-Abklatschen-auf-dem-Je\u0161t\u011bd.jpg\" data-orig-size=\"2500,1875\" data-comments-opened=\"1\" data-image-meta=\"{&quot;aperture&quot;:&quot;2.2&quot;,&quot;credit&quot;:&quot;&quot;,&quot;camera&quot;:&quot;iPhone 6s&quot;,&quot;caption&quot;:&quot;&quot;,&quot;created_timestamp&quot;:&quot;1526203038&quot;,&quot;copyright&quot;:&quot;&quot;,&quot;focal_length&quot;:&quot;4.15&quot;,&quot;iso&quot;:&quot;25&quot;,&quot;shutter_speed&quot;:&quot;0.00026001040041602&quot;,&quot;title&quot;:&quot;&quot;,&quot;orientation&quot;:&quot;1&quot;}\" data-image-title=\"oben und Abklatschen auf dem Je\u0161t\u011bd\" data-image-description=\"\" data-medium-file=\"https:\/\/i0.wp.com\/blog.kunstgriff.net\/wp-content\/uploads\/2018\/05\/oben-und-Abklatschen-auf-dem-Je%C5%A1t%C4%9Bd.jpg?fit=300%2C225&#038;ssl=1\" data-large-file=\"https:\/\/i0.wp.com\/blog.kunstgriff.net\/wp-content\/uploads\/2018\/05\/oben-und-Abklatschen-auf-dem-Je%C5%A1t%C4%9Bd.jpg?fit=1024%2C768&#038;ssl=1\" src=\"https:\/\/i0.wp.com\/blog.kunstgriff.net\/wp-content\/uploads\/2018\/05\/oben-und-Abklatschen-auf-dem-Je%C5%A1t%C4%9Bd.jpg?w=259&#038;h=194&#038;ssl=1\" width=\"259\" height=\"194\" loading=\"lazy\" data-original-width=\"259\" data-original-height=\"194\" itemprop=\"http:\/\/schema.org\/image\" title=\"oben und Abklatschen auf dem Je\u0161t\u011bd\" alt=\"oben und Abklatschen auf dem Je\u0161t\u011bd\" style=\"width: 259px; height: 194px;\" \/> <\/a> <div class=\"tiled-gallery-caption\" itemprop=\"caption description\"> oben und Abklatschen auf dem Je\u0161t\u011bd <\/div> <\/div> <\/div> <!-- close group --> <div class=\"gallery-group images-1\" style=\"width: 262px; height: 198px;\" data-original-width=\"262\" data-original-height=\"198\" > <div class=\"tiled-gallery-item tiled-gallery-item-large\" itemprop=\"associatedMedia\" itemscope itemtype=\"http:\/\/schema.org\/ImageObject\"> <a href=\"https:\/\/i0.wp.com\/blog.kunstgriff.net\/wp-content\/uploads\/2018\/05\/Gipfelst%C3%BCrmer-auf-dem-Je%C5%A1t%C4%9Bd.jpg?ssl=1\" border=\"0\" itemprop=\"url\"> <meta itemprop=\"width\" content=\"258\"> <meta itemprop=\"height\" content=\"194\"> <img decoding=\"async\" class=\"\" data-attachment-id=\"17924\" data-orig-file=\"https:\/\/blog.kunstgriff.net\/wp-content\/uploads\/2018\/05\/Gipfelst\u00fcrmer-auf-dem-Je\u0161t\u011bd.jpg\" data-orig-size=\"2500,1875\" data-comments-opened=\"1\" data-image-meta=\"{&quot;aperture&quot;:&quot;2.2&quot;,&quot;credit&quot;:&quot;&quot;,&quot;camera&quot;:&quot;iPhone 6s&quot;,&quot;caption&quot;:&quot;&quot;,&quot;created_timestamp&quot;:&quot;1526203141&quot;,&quot;copyright&quot;:&quot;&quot;,&quot;focal_length&quot;:&quot;2.65&quot;,&quot;iso&quot;:&quot;32&quot;,&quot;shutter_speed&quot;:&quot;0.00047801147227533&quot;,&quot;title&quot;:&quot;&quot;,&quot;orientation&quot;:&quot;1&quot;}\" data-image-title=\"Gipfelst\u00fcrmer auf dem Je\u0161t\u011bd\" data-image-description=\"\" data-medium-file=\"https:\/\/i0.wp.com\/blog.kunstgriff.net\/wp-content\/uploads\/2018\/05\/Gipfelst%C3%BCrmer-auf-dem-Je%C5%A1t%C4%9Bd.jpg?fit=300%2C225&#038;ssl=1\" data-large-file=\"https:\/\/i0.wp.com\/blog.kunstgriff.net\/wp-content\/uploads\/2018\/05\/Gipfelst%C3%BCrmer-auf-dem-Je%C5%A1t%C4%9Bd.jpg?fit=1024%2C768&#038;ssl=1\" src=\"https:\/\/i0.wp.com\/blog.kunstgriff.net\/wp-content\/uploads\/2018\/05\/Gipfelst%C3%BCrmer-auf-dem-Je%C5%A1t%C4%9Bd.jpg?w=258&#038;h=194&#038;ssl=1\" width=\"258\" height=\"194\" loading=\"lazy\" data-original-width=\"258\" data-original-height=\"194\" itemprop=\"http:\/\/schema.org\/image\" title=\"Gipfelst\u00fcrmer auf dem Je\u0161t\u011bd\" alt=\"Gipfelst\u00fcrmer auf dem Je\u0161t\u011bd\" style=\"width: 258px; height: 194px;\" \/> <\/a> <div class=\"tiled-gallery-caption\" itemprop=\"caption description\"> Gipfelst\u00fcrmer auf dem Je\u0161t\u011bd <\/div> <\/div> <\/div> <!-- close group --> <\/div> <!-- close row --> <div class=\"gallery-row\" style=\"width: 525px; height: 118px;\" data-original-width=\"525\" data-original-height=\"118\" > <div class=\"gallery-group images-1\" style=\"width: 175px; height: 118px;\" data-original-width=\"175\" data-original-height=\"118\" > <div class=\"tiled-gallery-item tiled-gallery-item-small\" itemprop=\"associatedMedia\" itemscope itemtype=\"http:\/\/schema.org\/ImageObject\"> <a href=\"https:\/\/i0.wp.com\/blog.kunstgriff.net\/wp-content\/uploads\/2018\/05\/noch-ein-paar-weitere-H%C3%BCgel.jpg?ssl=1\" border=\"0\" itemprop=\"url\"> <meta itemprop=\"width\" content=\"171\"> <meta itemprop=\"height\" content=\"114\"> <img decoding=\"async\" class=\"\" data-attachment-id=\"17927\" data-orig-file=\"https:\/\/blog.kunstgriff.net\/wp-content\/uploads\/2018\/05\/noch-ein-paar-weitere-H\u00fcgel.jpg\" data-orig-size=\"2500,1667\" data-comments-opened=\"1\" data-image-meta=\"{&quot;aperture&quot;:&quot;2.8&quot;,&quot;credit&quot;:&quot;&quot;,&quot;camera&quot;:&quot;TG-4&quot;,&quot;caption&quot;:&quot;OLYMPUS DIGITAL CAMERA&quot;,&quot;created_timestamp&quot;:&quot;1526209137&quot;,&quot;copyright&quot;:&quot;&quot;,&quot;focal_length&quot;:&quot;4.5&quot;,&quot;iso&quot;:&quot;100&quot;,&quot;shutter_speed&quot;:&quot;0.002&quot;,&quot;title&quot;:&quot;OLYMPUS DIGITAL CAMERA&quot;,&quot;orientation&quot;:&quot;1&quot;}\" data-image-title=\"noch ein paar weitere H\u00fcgel\" data-image-description=\"\" data-medium-file=\"https:\/\/i0.wp.com\/blog.kunstgriff.net\/wp-content\/uploads\/2018\/05\/noch-ein-paar-weitere-H%C3%BCgel.jpg?fit=300%2C200&#038;ssl=1\" data-large-file=\"https:\/\/i0.wp.com\/blog.kunstgriff.net\/wp-content\/uploads\/2018\/05\/noch-ein-paar-weitere-H%C3%BCgel.jpg?fit=1024%2C683&#038;ssl=1\" src=\"https:\/\/i0.wp.com\/blog.kunstgriff.net\/wp-content\/uploads\/2018\/05\/noch-ein-paar-weitere-H%C3%BCgel.jpg?w=171&#038;h=114&#038;ssl=1\" width=\"171\" height=\"114\" loading=\"lazy\" data-original-width=\"171\" data-original-height=\"114\" itemprop=\"http:\/\/schema.org\/image\" title=\"noch ein paar weitere H\u00fcgel\" alt=\"noch ein paar weitere H\u00fcgel\" style=\"width: 171px; height: 114px;\" \/> <\/a> <div class=\"tiled-gallery-caption\" itemprop=\"caption description\"> noch ein paar weitere H\u00fcgel <\/div> <\/div> <\/div> <!-- close group --> <div class=\"gallery-group images-1\" style=\"width: 175px; height: 118px;\" data-original-width=\"175\" data-original-height=\"118\" > <div class=\"tiled-gallery-item tiled-gallery-item-small\" itemprop=\"associatedMedia\" itemscope itemtype=\"http:\/\/schema.org\/ImageObject\"> <a href=\"https:\/\/i0.wp.com\/blog.kunstgriff.net\/wp-content\/uploads\/2018\/05\/imposantes-Gestein.jpg?ssl=1\" border=\"0\" itemprop=\"url\"> <meta itemprop=\"width\" content=\"171\"> <meta itemprop=\"height\" content=\"114\"> <img decoding=\"async\" class=\"\" data-attachment-id=\"17925\" data-orig-file=\"https:\/\/blog.kunstgriff.net\/wp-content\/uploads\/2018\/05\/imposantes-Gestein.jpg\" data-orig-size=\"2500,1667\" data-comments-opened=\"1\" data-image-meta=\"{&quot;aperture&quot;:&quot;2.8&quot;,&quot;credit&quot;:&quot;&quot;,&quot;camera&quot;:&quot;TG-4&quot;,&quot;caption&quot;:&quot;OLYMPUS DIGITAL CAMERA&quot;,&quot;created_timestamp&quot;:&quot;1526210443&quot;,&quot;copyright&quot;:&quot;&quot;,&quot;focal_length&quot;:&quot;4.5&quot;,&quot;iso&quot;:&quot;100&quot;,&quot;shutter_speed&quot;:&quot;0.004&quot;,&quot;title&quot;:&quot;OLYMPUS DIGITAL CAMERA&quot;,&quot;orientation&quot;:&quot;1&quot;}\" data-image-title=\"imposantes Gestein\" data-image-description=\"\" data-medium-file=\"https:\/\/i0.wp.com\/blog.kunstgriff.net\/wp-content\/uploads\/2018\/05\/imposantes-Gestein.jpg?fit=300%2C200&#038;ssl=1\" data-large-file=\"https:\/\/i0.wp.com\/blog.kunstgriff.net\/wp-content\/uploads\/2018\/05\/imposantes-Gestein.jpg?fit=1024%2C683&#038;ssl=1\" src=\"https:\/\/i0.wp.com\/blog.kunstgriff.net\/wp-content\/uploads\/2018\/05\/imposantes-Gestein.jpg?w=171&#038;h=114&#038;ssl=1\" srcset=\"https:\/\/i0.wp.com\/blog.kunstgriff.net\/wp-content\/uploads\/2018\/05\/imposantes-Gestein.jpg?w=2500&amp;ssl=1 2500w, https:\/\/i0.wp.com\/blog.kunstgriff.net\/wp-content\/uploads\/2018\/05\/imposantes-Gestein.jpg?resize=300%2C200&amp;ssl=1 300w, https:\/\/i0.wp.com\/blog.kunstgriff.net\/wp-content\/uploads\/2018\/05\/imposantes-Gestein.jpg?resize=768%2C512&amp;ssl=1 768w, https:\/\/i0.wp.com\/blog.kunstgriff.net\/wp-content\/uploads\/2018\/05\/imposantes-Gestein.jpg?resize=1024%2C683&amp;ssl=1 1024w, https:\/\/i0.wp.com\/blog.kunstgriff.net\/wp-content\/uploads\/2018\/05\/imposantes-Gestein.jpg?w=1575&amp;ssl=1 1575w\" width=\"171\" height=\"114\" loading=\"lazy\" data-original-width=\"171\" data-original-height=\"114\" itemprop=\"http:\/\/schema.org\/image\" title=\"imposantes Gestein\" alt=\"imposantes Gestein\" style=\"width: 171px; height: 114px;\" \/> <\/a> <div class=\"tiled-gallery-caption\" itemprop=\"caption description\"> imposantes Gestein <\/div> <\/div> <\/div> <!-- close group --> <div class=\"gallery-group images-1\" style=\"width: 175px; height: 118px;\" data-original-width=\"175\" data-original-height=\"118\" > <div class=\"tiled-gallery-item tiled-gallery-item-small\" itemprop=\"associatedMedia\" itemscope itemtype=\"http:\/\/schema.org\/ImageObject\"> <a href=\"https:\/\/i0.wp.com\/blog.kunstgriff.net\/wp-content\/uploads\/2018\/05\/letztes-Buffet-der-ITF-2018.jpg?ssl=1\" border=\"0\" itemprop=\"url\"> <meta itemprop=\"width\" content=\"171\"> <meta itemprop=\"height\" content=\"114\"> <img decoding=\"async\" class=\"\" data-attachment-id=\"17926\" data-orig-file=\"https:\/\/blog.kunstgriff.net\/wp-content\/uploads\/2018\/05\/letztes-Buffet-der-ITF-2018.jpg\" data-orig-size=\"2500,1667\" data-comments-opened=\"1\" data-image-meta=\"{&quot;aperture&quot;:&quot;2.8&quot;,&quot;credit&quot;:&quot;&quot;,&quot;camera&quot;:&quot;TG-4&quot;,&quot;caption&quot;:&quot;OLYMPUS DIGITAL CAMERA&quot;,&quot;created_timestamp&quot;:&quot;1526211303&quot;,&quot;copyright&quot;:&quot;&quot;,&quot;focal_length&quot;:&quot;4.5&quot;,&quot;iso&quot;:&quot;100&quot;,&quot;shutter_speed&quot;:&quot;0.0125&quot;,&quot;title&quot;:&quot;OLYMPUS DIGITAL CAMERA&quot;,&quot;orientation&quot;:&quot;1&quot;}\" data-image-title=\"letztes Buffet der ITF 2018\" data-image-description=\"\" data-medium-file=\"https:\/\/i0.wp.com\/blog.kunstgriff.net\/wp-content\/uploads\/2018\/05\/letztes-Buffet-der-ITF-2018.jpg?fit=300%2C200&#038;ssl=1\" data-large-file=\"https:\/\/i0.wp.com\/blog.kunstgriff.net\/wp-content\/uploads\/2018\/05\/letztes-Buffet-der-ITF-2018.jpg?fit=1024%2C683&#038;ssl=1\" src=\"https:\/\/i0.wp.com\/blog.kunstgriff.net\/wp-content\/uploads\/2018\/05\/letztes-Buffet-der-ITF-2018.jpg?w=171&#038;h=114&#038;ssl=1\" srcset=\"https:\/\/i0.wp.com\/blog.kunstgriff.net\/wp-content\/uploads\/2018\/05\/letztes-Buffet-der-ITF-2018.jpg?w=2500&amp;ssl=1 2500w, https:\/\/i0.wp.com\/blog.kunstgriff.net\/wp-content\/uploads\/2018\/05\/letztes-Buffet-der-ITF-2018.jpg?resize=300%2C200&amp;ssl=1 300w, https:\/\/i0.wp.com\/blog.kunstgriff.net\/wp-content\/uploads\/2018\/05\/letztes-Buffet-der-ITF-2018.jpg?resize=768%2C512&amp;ssl=1 768w, https:\/\/i0.wp.com\/blog.kunstgriff.net\/wp-content\/uploads\/2018\/05\/letztes-Buffet-der-ITF-2018.jpg?resize=1024%2C683&amp;ssl=1 1024w, https:\/\/i0.wp.com\/blog.kunstgriff.net\/wp-content\/uploads\/2018\/05\/letztes-Buffet-der-ITF-2018.jpg?w=1575&amp;ssl=1 1575w\" width=\"171\" height=\"114\" loading=\"lazy\" data-original-width=\"171\" data-original-height=\"114\" itemprop=\"http:\/\/schema.org\/image\" title=\"letztes Buffet der ITF 2018\" alt=\"letztes Buffet der ITF 2018\" style=\"width: 171px; height: 114px;\" \/> <\/a> <div class=\"tiled-gallery-caption\" itemprop=\"caption description\"> letztes Buffet der ITF 2018 <\/div> <\/div> <\/div> <!-- close group --> <\/div> <!-- close row --> <\/div>\n<p><a href=\"https:\/\/i0.wp.com\/blog.kunstgriff.net\/wp-content\/uploads\/2018\/05\/Strecke-der-ITF-2018.png?ssl=1\"><img data-recalc-dims=\"1\" loading=\"lazy\" decoding=\"async\" data-attachment-id=\"17933\" data-permalink=\"https:\/\/blog.kunstgriff.net\/?attachment_id=17933\" data-orig-file=\"https:\/\/i0.wp.com\/blog.kunstgriff.net\/wp-content\/uploads\/2018\/05\/Strecke-der-ITF-2018.png?fit=1462%2C1348&amp;ssl=1\" data-orig-size=\"1462,1348\" data-comments-opened=\"1\" data-image-meta=\"{&quot;aperture&quot;:&quot;0&quot;,&quot;credit&quot;:&quot;&quot;,&quot;camera&quot;:&quot;&quot;,&quot;caption&quot;:&quot;&quot;,&quot;created_timestamp&quot;:&quot;0&quot;,&quot;copyright&quot;:&quot;&quot;,&quot;focal_length&quot;:&quot;0&quot;,&quot;iso&quot;:&quot;0&quot;,&quot;shutter_speed&quot;:&quot;0&quot;,&quot;title&quot;:&quot;&quot;,&quot;orientation&quot;:&quot;0&quot;}\" data-image-title=\"Strecke der ITF 2018\" data-image-description=\"\" data-image-caption=\"\" data-large-file=\"https:\/\/i0.wp.com\/blog.kunstgriff.net\/wp-content\/uploads\/2018\/05\/Strecke-der-ITF-2018.png?fit=1024%2C944&amp;ssl=1\" class=\"aligncenter size-full wp-image-17933\" src=\"https:\/\/i0.wp.com\/blog.kunstgriff.net\/wp-content\/uploads\/2018\/05\/Strecke-der-ITF-2018.png?resize=525%2C484&#038;ssl=1\" alt=\"\" width=\"525\" height=\"484\" srcset=\"https:\/\/i0.wp.com\/blog.kunstgriff.net\/wp-content\/uploads\/2018\/05\/Strecke-der-ITF-2018.png?w=1462&amp;ssl=1 1462w, https:\/\/i0.wp.com\/blog.kunstgriff.net\/wp-content\/uploads\/2018\/05\/Strecke-der-ITF-2018.png?resize=300%2C277&amp;ssl=1 300w, https:\/\/i0.wp.com\/blog.kunstgriff.net\/wp-content\/uploads\/2018\/05\/Strecke-der-ITF-2018.png?resize=768%2C708&amp;ssl=1 768w, https:\/\/i0.wp.com\/blog.kunstgriff.net\/wp-content\/uploads\/2018\/05\/Strecke-der-ITF-2018.png?resize=1024%2C944&amp;ssl=1 1024w\" sizes=\"auto, (max-width: 767px) 89vw, (max-width: 1000px) 54vw, (max-width: 1071px) 543px, 580px\" \/><\/a><\/p>\n<div style=\"width: 525px;\" class=\"wp-video\"><video class=\"wp-video-shortcode\" id=\"video-17809-1\" width=\"525\" height=\"295\" preload=\"metadata\" controls=\"controls\"><source type=\"video\/mp4\" src=\"https:\/\/blog.kunstgriff.net\/wp-content\/uploads\/2018\/05\/Relive-Auf-Friedensfahrt\u2013Kurs-2018-6.-Tag-Liberec-G\u00f6rlitz.mp4?_=1\" \/><a href=\"https:\/\/blog.kunstgriff.net\/wp-content\/uploads\/2018\/05\/Relive-Auf-Friedensfahrt\u2013Kurs-2018-6.-Tag-Liberec-G\u00f6rlitz.mp4\">https:\/\/blog.kunstgriff.net\/wp-content\/uploads\/2018\/05\/Relive-Auf-Friedensfahrt\u2013Kurs-2018-6.-Tag-Liberec-G\u00f6rlitz.mp4<\/a><\/video><\/div>\n<p>&nbsp;<\/p>\n","protected":false},"excerpt":{"rendered":"<p>114 km | 1.738 H\u00f6henmeter Nun ist sie fast schon wieder vorbei, die ITF 2018 und auf der letzten Etappe zur\u00fcck nach G\u00f6rlitz, ist es fast schon an der Zeit, zu res\u00fcmieren. Mach ich aber noch nicht, denn da ist dieser Kanten vor mir, mit dem sch\u00f6nen Namen \u00bbJe\u0161t\u011bd\u00ab. Ein nicht all zu langer und &hellip; <\/p>\n<p class=\"link-more\"><a href=\"https:\/\/blog.kunstgriff.net\/?p=17809\" class=\"more-link\"><span class=\"screen-reader-text\">\u201eAuf Friedensfahrt\u2013Kurs 2018 6. Tag: Liberec -> G\u00f6rlitz\u201c <\/span>weiterlesen<\/a><\/p>\n","protected":false},"author":2,"featured_media":17929,"comment_status":"open","ping_status":"open","sticky":false,"template":"","format":"standard","meta":{"jetpack_post_was_ever_published":false,"_jetpack_newsletter_access":"","_jetpack_dont_email_post_to_subs":false,"_jetpack_newsletter_tier_id":0,"_jetpack_memberships_contains_paywalled_content":false,"_jetpack_memberships_contains_paid_content":false,"footnotes":""},"categories":[14,13,7,36],"tags":[],"class_list":["post-17809","post","type-post","status-publish","format-standard","has-post-thumbnail","hentry","category-radfahren","category-radreise","category-rennradfahren","category-veranstaltungen"],"jetpack_featured_media_url":"https:\/\/i0.wp.com\/blog.kunstgriff.net\/wp-content\/uploads\/2018\/05\/Schon-ein-paar-H%C3%B6henmeter-erklommen-zum-Je%C5%A1t%C4%9Bd.jpg?fit=2500%2C1667&ssl=1","jetpack_shortlink":"https:\/\/wp.me\/p8Cxe7-4Df","jetpack-related-posts":[{"id":13421,"url":"https:\/\/blog.kunstgriff.net\/?p=13421","url_meta":{"origin":17809,"position":0},"title":"Auf Friedensfahrt\u2013Kurs 2016 5. Tag: Karpacz -> G\u00f6rlitz","author":"Georg","date":"Mai 8, 2016","format":false,"excerpt":"110 km | 1.510 H\u00f6henmeter Ich war schon fr\u00fch wach, da unsere Unterkunft, das Hotel Apollo, keine Gardinen hatte. Auch stand Christian mit seiner wei\u00dfen Unterhose und einem langen Stock neben meinem Fenster. Ich rieb mir schlaftrunken die Augen und konnte mich an letzte Nacht erinnern: sein geliebtes \u00d6tztaler-Trikot war\u2026","rel":"","context":"In &quot;Radfahren&quot;","block_context":{"text":"Radfahren","link":"https:\/\/blog.kunstgriff.net\/?cat=14"},"img":{"alt_text":"","src":"https:\/\/i0.wp.com\/blog.kunstgriff.net\/wp-content\/uploads\/2016\/05\/32-vor-der-Abfahrt-Hotel-Apollo.jpg?fit=1200%2C266&ssl=1&resize=350%2C200","width":350,"height":200,"srcset":"https:\/\/i0.wp.com\/blog.kunstgriff.net\/wp-content\/uploads\/2016\/05\/32-vor-der-Abfahrt-Hotel-Apollo.jpg?fit=1200%2C266&ssl=1&resize=350%2C200 1x, https:\/\/i0.wp.com\/blog.kunstgriff.net\/wp-content\/uploads\/2016\/05\/32-vor-der-Abfahrt-Hotel-Apollo.jpg?fit=1200%2C266&ssl=1&resize=525%2C300 1.5x, https:\/\/i0.wp.com\/blog.kunstgriff.net\/wp-content\/uploads\/2016\/05\/32-vor-der-Abfahrt-Hotel-Apollo.jpg?fit=1200%2C266&ssl=1&resize=700%2C400 2x, https:\/\/i0.wp.com\/blog.kunstgriff.net\/wp-content\/uploads\/2016\/05\/32-vor-der-Abfahrt-Hotel-Apollo.jpg?fit=1200%2C266&ssl=1&resize=1050%2C600 3x"},"classes":[]},{"id":12564,"url":"https:\/\/blog.kunstgriff.net\/?p=12564","url_meta":{"origin":17809,"position":1},"title":"Auf Friedensfahrt\u2013Kurs 2015 5. Tag: Benecko &#8211; G\u00f6rlitz","author":"Georg","date":"Mai 17, 2015","format":false,"excerpt":"132 km | 2.084 H\u00f6henmeterAuch heute wollte ich wieder die lange Etappe fahren. So hie\u00df es gleich nach wenigen Kilometern bergab: Husch-husch: hoch in den Berg! Aua, die Beine schmerzten und die steile Wand vor mir wurde nicht k\u00fcrzer. iPod an, und im Rhythmus hochkurbeln. Das ging gut. Oben dann,\u2026","rel":"","context":"In &quot;Radfahren&quot;","block_context":{"text":"Radfahren","link":"https:\/\/blog.kunstgriff.net\/?cat=14"},"img":{"alt_text":"","src":"https:\/\/i0.wp.com\/blog.kunstgriff.net\/wp-content\/uploads\/2015\/05\/Der-erste-steile-H%C3%BCgel.jpg?fit=1200%2C900&ssl=1&resize=350%2C200","width":350,"height":200,"srcset":"https:\/\/i0.wp.com\/blog.kunstgriff.net\/wp-content\/uploads\/2015\/05\/Der-erste-steile-H%C3%BCgel.jpg?fit=1200%2C900&ssl=1&resize=350%2C200 1x, https:\/\/i0.wp.com\/blog.kunstgriff.net\/wp-content\/uploads\/2015\/05\/Der-erste-steile-H%C3%BCgel.jpg?fit=1200%2C900&ssl=1&resize=525%2C300 1.5x, https:\/\/i0.wp.com\/blog.kunstgriff.net\/wp-content\/uploads\/2015\/05\/Der-erste-steile-H%C3%BCgel.jpg?fit=1200%2C900&ssl=1&resize=700%2C400 2x, https:\/\/i0.wp.com\/blog.kunstgriff.net\/wp-content\/uploads\/2015\/05\/Der-erste-steile-H%C3%BCgel.jpg?fit=1200%2C900&ssl=1&resize=1050%2C600 3x"},"classes":[]},{"id":17800,"url":"https:\/\/blog.kunstgriff.net\/?p=17800","url_meta":{"origin":17809,"position":2},"title":"Auf Friedensfahrt\u2013Kurs 2018 2. Tag: Elsterwerda -> G\u00f6rlitz","author":"Georg","date":"Mai 9, 2018","format":false,"excerpt":"132 km | 999 H\u00f6henmeter Das Fr\u00fchst\u00fcck war \u00fcbersichtlich aber lecker in unserem Eurasischen Hotel. Im Anschluss ging es nach entspannter Morgen-Routine auf die Strecke. Nicht ganz, denn erstmal mussten die Nachk\u00f6mmlinge vom Bahnhof abgeholt werden. Das verz\u00f6gerte die Abfahrt um rund 45 Minuten. Danach konnte es endlich los gehen.\u2026","rel":"","context":"In &quot;Radfahren&quot;","block_context":{"text":"Radfahren","link":"https:\/\/blog.kunstgriff.net\/?cat=14"},"img":{"alt_text":"","src":"https:\/\/i0.wp.com\/blog.kunstgriff.net\/wp-content\/uploads\/2018\/05\/geschafft-vor-der-Jugendherberge-in-G%C3%B6rlitz.jpg?fit=1200%2C800&ssl=1&resize=350%2C200","width":350,"height":200,"srcset":"https:\/\/i0.wp.com\/blog.kunstgriff.net\/wp-content\/uploads\/2018\/05\/geschafft-vor-der-Jugendherberge-in-G%C3%B6rlitz.jpg?fit=1200%2C800&ssl=1&resize=350%2C200 1x, https:\/\/i0.wp.com\/blog.kunstgriff.net\/wp-content\/uploads\/2018\/05\/geschafft-vor-der-Jugendherberge-in-G%C3%B6rlitz.jpg?fit=1200%2C800&ssl=1&resize=525%2C300 1.5x, https:\/\/i0.wp.com\/blog.kunstgriff.net\/wp-content\/uploads\/2018\/05\/geschafft-vor-der-Jugendherberge-in-G%C3%B6rlitz.jpg?fit=1200%2C800&ssl=1&resize=700%2C400 2x, https:\/\/i0.wp.com\/blog.kunstgriff.net\/wp-content\/uploads\/2018\/05\/geschafft-vor-der-Jugendherberge-in-G%C3%B6rlitz.jpg?fit=1200%2C800&ssl=1&resize=1050%2C600 3x"},"classes":[]},{"id":13415,"url":"https:\/\/blog.kunstgriff.net\/?p=13415","url_meta":{"origin":17809,"position":3},"title":"Auf Friedensfahrt\u2013Kurs 2016 2. Tag: G\u00f6rlitz -> Liberec","author":"Georg","date":"Mai 5, 2016","format":false,"excerpt":"117 km | 1.891 H\u00f6henmeterNach dem entspannten Fr\u00fchst\u00fcck wurde um 9 Uhr das Gep\u00e4ck verladen. Dann ging es zum Hauptbahnhof um die restlichen 100 Mitfahrer zu begr\u00fc\u00dfen. Nach Peters Ansprache gingen dann die mehr als 100 Radlerinnen und Radler\u00a0auf die Strecke. Ein imposanter Anblick. Erst zur Landeskrone, dann gen S\u00fcden.\u2026","rel":"","context":"In &quot;Besonderes Ereignis&quot;","block_context":{"text":"Besonderes Ereignis","link":"https:\/\/blog.kunstgriff.net\/?cat=25"},"img":{"alt_text":"","src":"https:\/\/i0.wp.com\/blog.kunstgriff.net\/wp-content\/uploads\/2016\/05\/07-Heftige-Anstiege-mit-17.jpg?fit=1200%2C900&ssl=1&resize=350%2C200","width":350,"height":200,"srcset":"https:\/\/i0.wp.com\/blog.kunstgriff.net\/wp-content\/uploads\/2016\/05\/07-Heftige-Anstiege-mit-17.jpg?fit=1200%2C900&ssl=1&resize=350%2C200 1x, https:\/\/i0.wp.com\/blog.kunstgriff.net\/wp-content\/uploads\/2016\/05\/07-Heftige-Anstiege-mit-17.jpg?fit=1200%2C900&ssl=1&resize=525%2C300 1.5x, https:\/\/i0.wp.com\/blog.kunstgriff.net\/wp-content\/uploads\/2016\/05\/07-Heftige-Anstiege-mit-17.jpg?fit=1200%2C900&ssl=1&resize=700%2C400 2x, https:\/\/i0.wp.com\/blog.kunstgriff.net\/wp-content\/uploads\/2016\/05\/07-Heftige-Anstiege-mit-17.jpg?fit=1200%2C900&ssl=1&resize=1050%2C600 3x"},"classes":[]},{"id":17802,"url":"https:\/\/blog.kunstgriff.net\/?p=17802","url_meta":{"origin":17809,"position":4},"title":"Auf Friedensfahrt\u2013Kurs 2018 3. Tag: G\u00f6rlitz -> Jelenia G\u00f3ra","author":"Georg","date":"Mai 10, 2018","format":false,"excerpt":"121 km | 1.903 H\u00f6henmeter Heute ging es endlich los: der offizielle Teil der ITF 2018 begann. Nix mehr mit Prolog und \u201efahren zum Start\u201c. Heute begann es \u201ethe real thing\u201c und f\u00fcr mich sogar schon zum 9. mal. Habe ich glaube ich bereits erw\u00e4hnt. Egal. Es f\u00fchlte sich an,\u2026","rel":"","context":"In &quot;Radfahren&quot;","block_context":{"text":"Radfahren","link":"https:\/\/blog.kunstgriff.net\/?cat=14"},"img":{"alt_text":"","src":"https:\/\/i0.wp.com\/blog.kunstgriff.net\/wp-content\/uploads\/2018\/05\/angekommen-im-Mercure.jpg?fit=1200%2C800&ssl=1&resize=350%2C200","width":350,"height":200,"srcset":"https:\/\/i0.wp.com\/blog.kunstgriff.net\/wp-content\/uploads\/2018\/05\/angekommen-im-Mercure.jpg?fit=1200%2C800&ssl=1&resize=350%2C200 1x, https:\/\/i0.wp.com\/blog.kunstgriff.net\/wp-content\/uploads\/2018\/05\/angekommen-im-Mercure.jpg?fit=1200%2C800&ssl=1&resize=525%2C300 1.5x, https:\/\/i0.wp.com\/blog.kunstgriff.net\/wp-content\/uploads\/2018\/05\/angekommen-im-Mercure.jpg?fit=1200%2C800&ssl=1&resize=700%2C400 2x, https:\/\/i0.wp.com\/blog.kunstgriff.net\/wp-content\/uploads\/2018\/05\/angekommen-im-Mercure.jpg?fit=1200%2C800&ssl=1&resize=1050%2C600 3x"},"classes":[]},{"id":13419,"url":"https:\/\/blog.kunstgriff.net\/?p=13419","url_meta":{"origin":17809,"position":5},"title":"Auf Friedensfahrt\u2013Kurs 2016 4. Tag: Ji\u010d\u00edn -> Karpacz","author":"Georg","date":"Mai 7, 2016","format":false,"excerpt":"134 km | 2.446 H\u00f6henmeter Der Tag begann spannend, denn eigentlich waren es zu viele Biere in der Nach zuvor so waren nicht nur die Beine schwer, sondern auch der K\u00f6rper. Kopfschmerztabletten waren auf Grund der hohen Qualit\u00e4t des tschechischen Bieres gl\u00fccklicherweise\u00a0nicht n\u00f6tig. Auch nach dem ausgiebigen Fr\u00fchst\u00fcck, welches ein\u2026","rel":"","context":"In &quot;Radfahren&quot;","block_context":{"text":"Radfahren","link":"https:\/\/blog.kunstgriff.net\/?cat=14"},"img":{"alt_text":"","src":"https:\/\/i0.wp.com\/blog.kunstgriff.net\/wp-content\/uploads\/2016\/05\/22-Gruppenfoto-vor-der-Abfahrt-in-Ji%C4%8D%C3%ADn.jpg?fit=1200%2C900&ssl=1&resize=350%2C200","width":350,"height":200,"srcset":"https:\/\/i0.wp.com\/blog.kunstgriff.net\/wp-content\/uploads\/2016\/05\/22-Gruppenfoto-vor-der-Abfahrt-in-Ji%C4%8D%C3%ADn.jpg?fit=1200%2C900&ssl=1&resize=350%2C200 1x, https:\/\/i0.wp.com\/blog.kunstgriff.net\/wp-content\/uploads\/2016\/05\/22-Gruppenfoto-vor-der-Abfahrt-in-Ji%C4%8D%C3%ADn.jpg?fit=1200%2C900&ssl=1&resize=525%2C300 1.5x, https:\/\/i0.wp.com\/blog.kunstgriff.net\/wp-content\/uploads\/2016\/05\/22-Gruppenfoto-vor-der-Abfahrt-in-Ji%C4%8D%C3%ADn.jpg?fit=1200%2C900&ssl=1&resize=700%2C400 2x, https:\/\/i0.wp.com\/blog.kunstgriff.net\/wp-content\/uploads\/2016\/05\/22-Gruppenfoto-vor-der-Abfahrt-in-Ji%C4%8D%C3%ADn.jpg?fit=1200%2C900&ssl=1&resize=1050%2C600 3x"},"classes":[]}],"jetpack_likes_enabled":true,"jetpack_sharing_enabled":true,"_links":{"self":[{"href":"https:\/\/blog.kunstgriff.net\/index.php?rest_route=\/wp\/v2\/posts\/17809","targetHints":{"allow":["GET"]}}],"collection":[{"href":"https:\/\/blog.kunstgriff.net\/index.php?rest_route=\/wp\/v2\/posts"}],"about":[{"href":"https:\/\/blog.kunstgriff.net\/index.php?rest_route=\/wp\/v2\/types\/post"}],"author":[{"embeddable":true,"href":"https:\/\/blog.kunstgriff.net\/index.php?rest_route=\/wp\/v2\/users\/2"}],"replies":[{"embeddable":true,"href":"https:\/\/blog.kunstgriff.net\/index.php?rest_route=%2Fwp%2Fv2%2Fcomments&post=17809"}],"version-history":[{"count":0,"href":"https:\/\/blog.kunstgriff.net\/index.php?rest_route=\/wp\/v2\/posts\/17809\/revisions"}],"wp:featuredmedia":[{"embeddable":true,"href":"https:\/\/blog.kunstgriff.net\/index.php?rest_route=\/wp\/v2\/media\/17929"}],"wp:attachment":[{"href":"https:\/\/blog.kunstgriff.net\/index.php?rest_route=%2Fwp%2Fv2%2Fmedia&parent=17809"}],"wp:term":[{"taxonomy":"category","embeddable":true,"href":"https:\/\/blog.kunstgriff.net\/index.php?rest_route=%2Fwp%2Fv2%2Fcategories&post=17809"},{"taxonomy":"post_tag","embeddable":true,"href":"https:\/\/blog.kunstgriff.net\/index.php?rest_route=%2Fwp%2Fv2%2Ftags&post=17809"}],"curies":[{"name":"wp","href":"https:\/\/api.w.org\/{rel}","templated":true}]}}