{"id":18168,"date":"2018-06-23T18:06:00","date_gmt":"2018-06-23T16:06:00","guid":{"rendered":"https:\/\/blog.kunstgriff.net\/?p=18168"},"modified":"2018-06-24T19:04:45","modified_gmt":"2018-06-24T17:04:45","slug":"schwielowsee-runde-5","status":"publish","type":"post","link":"https:\/\/blog.kunstgriff.net\/?p=18168","title":{"rendered":"Schwielowsee-Runde"},"content":{"rendered":"<span class=\"span-reading-time rt-reading-time\" style=\"display: block;\"><span class=\"rt-label rt-prefix\">Lesezeit: <\/span> <span class=\"rt-time\"> 2<\/span> <span class=\"rt-label rt-postfix\">Minuten<\/span><\/span><h4>Entschlossen unentschlossen<\/h4>\n<hr \/>\n<p>Der Plan war um 10 Uhr an den Tiri zu fahren. Leider kreuzten Regenwolken den Plan und so bat Oleg eine Stunde sp\u00e4ter zum Auerbach-Tunnel. Erstmal kam keiner. So fasste ich den Plan, <del>die<\/del> meine Schwielowsee-Runde zu fahren. <a href=\"https:\/\/blog.kunstgriff.net\/?p=16991\" target=\"_blank\" rel=\"noopener\">Zu lange<\/a> war ich dort nicht mehr unterwegs gewesen. Zu gerne erinnere ich mich, da\u00df ich dort fast w\u00f6chentlich unterwegs war. Sch\u00f6ner See \u2013 sch\u00f6ne Runde.<\/p>\n<p>Als ich eigentlich schon losfahren wollte erschienen dann, um irgendwas nach 11 der Oleg und sp\u00e4ter noch der Bernd mit ein paar Kameraden. Nach l\u00e4nglicher Verhandlung war der Plan<em>, nicht<\/em> die Krone zu fahren, weil noch nass und statt dessen \u00fcber Postfenn die Havelchaussee hoch. Dann nochmal gucken. Ok, von mir aus!<\/p>\n<p>Nach gemeinsamem <em>H\u00fcgeln<\/em> dann erneuter Stopp an der Tanke in Wannsee. Bernd wollte mit seinen Mannen nach Gro\u00dfbeeren, Oleg die Jule am Tunnel abholen. Also ging es f\u00fcr mich alleine \u00fcber den Sch\u00e4ferberg nach Potsdam.<\/p>\n<p>Dort blieb das \u00fcbliche Durcheinander erstmal aus. Aber ohne Vorkommnisse blieb auch dieser Sektor nicht: Ein Autofahrer meinte im Stau, der immer <em>Am Neuen Garten<\/em> ist, auf meinem \u00a0Radschutz-Streifen fahren zu m\u00fcssen, so da\u00df ich ihn links \u00fcberholen musste. Ich klopfte vorsichtig mit meinem Kn\u00f6chel an seine Scheibe und wies in darauf hin, da\u00df er mir die Weiterfahrt erschwerte. Aufgeschrocken zuckte er von seinem Smart-Phone hoch, welches auf seinem Schoss lag und anscheinend seine volle Aufmerksamkeit erforderte. Er begann zu p\u00f6beln. Ich in die Pedale zu treten. Schade nur, da\u00df er nicht mal Einsicht gezeigt hat.<\/p>\n<p>Mit extra Vorsicht und viel Sonne habe ich dann Potsdam hinter mir gelassen. Am Schwielowsee dann das gewohnte Gef\u00fchl von Freiheit und Urlaubs-Feeling. Klasse!<\/p>\n<p>Am westlichsten Punkt in Ferch begann es dann st\u00e4rker zu nieseln und ich stellte mich kurz an einer Bushaltestelle unter bevor es weiter ging. Nun half mir Westwind, den weg zur\u00fcck in die Hauptstadt zu finden. Wieder den Willy mitgenommen und\u00a0<span style=\"font-size: 1rem;\">nicht ohne\u00a0<\/span><span style=\"font-size: 1rem;\">auf den letzten Kilometern noch einmal eine ordentliche Sch\u00fctte zu bekommen, wurde die\u00a0<\/span><span style=\"font-size: 1rem;\">die Home-Base zufrieden, aber auch <em>ausgepowert,<\/em> erreicht.<\/span><\/p>\n<p>Egal, tolle Ausfahrt!<\/p>\n<p><iframe loading=\"lazy\" src=\"https:\/\/www.strava.com\/activities\/1657051445\/embed\/0871d7e627eaa67c6e25c457b5d26081fa440286\" width=\"590\" height=\"405\" frameborder=\"0\" scrolling=\"no\"><\/iframe><\/p>\n<div class=\"tiled-gallery type-rectangular tiled-gallery-unresized\" data-original-width=\"525\" data-carousel-extra='{&quot;blog_id&quot;:1,&quot;permalink&quot;:&quot;https:\\\/\\\/blog.kunstgriff.net\\\/?p=18168&quot;,&quot;likes_blog_id&quot;:127394879}' itemscope itemtype=\"http:\/\/schema.org\/ImageGallery\" > <div class=\"gallery-row\" style=\"width: 525px; height: 351px;\" data-original-width=\"525\" data-original-height=\"351\" > <div class=\"gallery-group images-2\" style=\"width: 261px; height: 351px;\" data-original-width=\"261\" data-original-height=\"351\" > <div class=\"tiled-gallery-item tiled-gallery-item-large\" itemprop=\"associatedMedia\" itemscope itemtype=\"http:\/\/schema.org\/ImageObject\"> <a href=\"https:\/\/i0.wp.com\/blog.kunstgriff.net\/wp-content\/uploads\/2018\/06\/unentschlossen-am-Tunnel.jpg?ssl=1\" border=\"0\" itemprop=\"url\"> <meta itemprop=\"width\" content=\"257\"> <meta itemprop=\"height\" content=\"172\"> <img decoding=\"async\" class=\"\" data-attachment-id=\"18167\" data-orig-file=\"https:\/\/blog.kunstgriff.net\/wp-content\/uploads\/2018\/06\/unentschlossen-am-Tunnel.jpg\" data-orig-size=\"2500,1667\" data-comments-opened=\"1\" data-image-meta=\"{&quot;aperture&quot;:&quot;3.4&quot;,&quot;credit&quot;:&quot;&quot;,&quot;camera&quot;:&quot;TG-4&quot;,&quot;caption&quot;:&quot;OLYMPUS DIGITAL CAMERA&quot;,&quot;created_timestamp&quot;:&quot;1529752756&quot;,&quot;copyright&quot;:&quot;&quot;,&quot;focal_length&quot;:&quot;9.61&quot;,&quot;iso&quot;:&quot;200&quot;,&quot;shutter_speed&quot;:&quot;0.01&quot;,&quot;title&quot;:&quot;OLYMPUS DIGITAL CAMERA&quot;,&quot;orientation&quot;:&quot;1&quot;}\" data-image-title=\"unentschlossen am Tunnel\" data-image-description=\"\" data-medium-file=\"https:\/\/i0.wp.com\/blog.kunstgriff.net\/wp-content\/uploads\/2018\/06\/unentschlossen-am-Tunnel.jpg?fit=300%2C200&#038;ssl=1\" data-large-file=\"https:\/\/i0.wp.com\/blog.kunstgriff.net\/wp-content\/uploads\/2018\/06\/unentschlossen-am-Tunnel.jpg?fit=1024%2C683&#038;ssl=1\" src=\"https:\/\/i0.wp.com\/blog.kunstgriff.net\/wp-content\/uploads\/2018\/06\/unentschlossen-am-Tunnel.jpg?w=257&#038;h=172&#038;ssl=1\" srcset=\"https:\/\/i0.wp.com\/blog.kunstgriff.net\/wp-content\/uploads\/2018\/06\/unentschlossen-am-Tunnel.jpg?w=2500&amp;ssl=1 2500w, https:\/\/i0.wp.com\/blog.kunstgriff.net\/wp-content\/uploads\/2018\/06\/unentschlossen-am-Tunnel.jpg?resize=300%2C200&amp;ssl=1 300w, https:\/\/i0.wp.com\/blog.kunstgriff.net\/wp-content\/uploads\/2018\/06\/unentschlossen-am-Tunnel.jpg?resize=768%2C512&amp;ssl=1 768w, https:\/\/i0.wp.com\/blog.kunstgriff.net\/wp-content\/uploads\/2018\/06\/unentschlossen-am-Tunnel.jpg?resize=1024%2C683&amp;ssl=1 1024w, https:\/\/i0.wp.com\/blog.kunstgriff.net\/wp-content\/uploads\/2018\/06\/unentschlossen-am-Tunnel.jpg?w=1575&amp;ssl=1 1575w\" width=\"257\" height=\"172\" loading=\"lazy\" data-original-width=\"257\" data-original-height=\"172\" itemprop=\"http:\/\/schema.org\/image\" title=\"unentschlossen am Tunnel\" alt=\"unentschlossen am Tunnel\" style=\"width: 257px; height: 172px;\" \/> <\/a> <div class=\"tiled-gallery-caption\" itemprop=\"caption description\"> unentschlossen am Tunnel <\/div> <\/div> <div class=\"tiled-gallery-item tiled-gallery-item-large\" itemprop=\"associatedMedia\" itemscope itemtype=\"http:\/\/schema.org\/ImageObject\"> <a href=\"https:\/\/i0.wp.com\/blog.kunstgriff.net\/wp-content\/uploads\/2018\/06\/entschlossen-auf-der-Heerstrasse.jpg?ssl=1\" border=\"0\" itemprop=\"url\"> <meta itemprop=\"width\" content=\"257\"> <meta itemprop=\"height\" content=\"171\"> <img decoding=\"async\" class=\"\" data-attachment-id=\"18163\" data-orig-file=\"https:\/\/blog.kunstgriff.net\/wp-content\/uploads\/2018\/06\/entschlossen-auf-der-Heerstrasse.jpg\" data-orig-size=\"2500,1667\" data-comments-opened=\"1\" data-image-meta=\"{&quot;aperture&quot;:&quot;2&quot;,&quot;credit&quot;:&quot;&quot;,&quot;camera&quot;:&quot;TG-4&quot;,&quot;caption&quot;:&quot;OLYMPUS DIGITAL CAMERA&quot;,&quot;created_timestamp&quot;:&quot;1529753359&quot;,&quot;copyright&quot;:&quot;&quot;,&quot;focal_length&quot;:&quot;4.5&quot;,&quot;iso&quot;:&quot;100&quot;,&quot;shutter_speed&quot;:&quot;0.003125&quot;,&quot;title&quot;:&quot;OLYMPUS DIGITAL CAMERA&quot;,&quot;orientation&quot;:&quot;1&quot;}\" data-image-title=\"entschlossen auf der Heerstrasse\" data-image-description=\"\" data-medium-file=\"https:\/\/i0.wp.com\/blog.kunstgriff.net\/wp-content\/uploads\/2018\/06\/entschlossen-auf-der-Heerstrasse.jpg?fit=300%2C200&#038;ssl=1\" data-large-file=\"https:\/\/i0.wp.com\/blog.kunstgriff.net\/wp-content\/uploads\/2018\/06\/entschlossen-auf-der-Heerstrasse.jpg?fit=1024%2C683&#038;ssl=1\" src=\"https:\/\/i0.wp.com\/blog.kunstgriff.net\/wp-content\/uploads\/2018\/06\/entschlossen-auf-der-Heerstrasse.jpg?w=257&#038;h=171&#038;ssl=1\" srcset=\"https:\/\/i0.wp.com\/blog.kunstgriff.net\/wp-content\/uploads\/2018\/06\/entschlossen-auf-der-Heerstrasse.jpg?w=2500&amp;ssl=1 2500w, https:\/\/i0.wp.com\/blog.kunstgriff.net\/wp-content\/uploads\/2018\/06\/entschlossen-auf-der-Heerstrasse.jpg?resize=300%2C200&amp;ssl=1 300w, https:\/\/i0.wp.com\/blog.kunstgriff.net\/wp-content\/uploads\/2018\/06\/entschlossen-auf-der-Heerstrasse.jpg?resize=768%2C512&amp;ssl=1 768w, https:\/\/i0.wp.com\/blog.kunstgriff.net\/wp-content\/uploads\/2018\/06\/entschlossen-auf-der-Heerstrasse.jpg?resize=1024%2C683&amp;ssl=1 1024w, https:\/\/i0.wp.com\/blog.kunstgriff.net\/wp-content\/uploads\/2018\/06\/entschlossen-auf-der-Heerstrasse.jpg?w=1575&amp;ssl=1 1575w\" width=\"257\" height=\"171\" loading=\"lazy\" data-original-width=\"257\" data-original-height=\"171\" itemprop=\"http:\/\/schema.org\/image\" title=\"entschlossen auf der Heerstrasse\" alt=\"entschlossen auf der Heerstrasse\" style=\"width: 257px; height: 171px;\" \/> <\/a> <div class=\"tiled-gallery-caption\" itemprop=\"caption description\"> entschlossen auf der Heerstrasse <\/div> <\/div> <\/div> <!-- close group --> <div class=\"gallery-group images-1\" style=\"width: 264px; height: 351px;\" data-original-width=\"264\" data-original-height=\"351\" > <div class=\"tiled-gallery-item tiled-gallery-item-large\" itemprop=\"associatedMedia\" itemscope itemtype=\"http:\/\/schema.org\/ImageObject\"> <a href=\"https:\/\/i0.wp.com\/blog.kunstgriff.net\/wp-content\/uploads\/2018\/06\/gemeinsam-die-Havelchausee.jpeg?ssl=1\" border=\"0\" itemprop=\"url\"> <meta itemprop=\"width\" content=\"260\"> <meta itemprop=\"height\" content=\"347\"> <img decoding=\"async\" class=\"\" data-attachment-id=\"18165\" data-orig-file=\"https:\/\/blog.kunstgriff.net\/wp-content\/uploads\/2018\/06\/gemeinsam-die-Havelchausee.jpeg\" data-orig-size=\"1200,1600\" data-comments-opened=\"1\" data-image-meta=\"{&quot;aperture&quot;:&quot;0&quot;,&quot;credit&quot;:&quot;&quot;,&quot;camera&quot;:&quot;&quot;,&quot;caption&quot;:&quot;&quot;,&quot;created_timestamp&quot;:&quot;0&quot;,&quot;copyright&quot;:&quot;&quot;,&quot;focal_length&quot;:&quot;0&quot;,&quot;iso&quot;:&quot;0&quot;,&quot;shutter_speed&quot;:&quot;0&quot;,&quot;title&quot;:&quot;&quot;,&quot;orientation&quot;:&quot;0&quot;}\" data-image-title=\"gemeinsam die Havelchausee\" data-image-description=\"\" data-medium-file=\"https:\/\/i0.wp.com\/blog.kunstgriff.net\/wp-content\/uploads\/2018\/06\/gemeinsam-die-Havelchausee.jpeg?fit=225%2C300&#038;ssl=1\" data-large-file=\"https:\/\/i0.wp.com\/blog.kunstgriff.net\/wp-content\/uploads\/2018\/06\/gemeinsam-die-Havelchausee.jpeg?fit=768%2C1024&#038;ssl=1\" src=\"https:\/\/i0.wp.com\/blog.kunstgriff.net\/wp-content\/uploads\/2018\/06\/gemeinsam-die-Havelchausee.jpeg?w=260&#038;h=347&#038;ssl=1\" srcset=\"https:\/\/i0.wp.com\/blog.kunstgriff.net\/wp-content\/uploads\/2018\/06\/gemeinsam-die-Havelchausee.jpeg?w=1200&amp;ssl=1 1200w, https:\/\/i0.wp.com\/blog.kunstgriff.net\/wp-content\/uploads\/2018\/06\/gemeinsam-die-Havelchausee.jpeg?resize=225%2C300&amp;ssl=1 225w, https:\/\/i0.wp.com\/blog.kunstgriff.net\/wp-content\/uploads\/2018\/06\/gemeinsam-die-Havelchausee.jpeg?resize=768%2C1024&amp;ssl=1 768w, https:\/\/i0.wp.com\/blog.kunstgriff.net\/wp-content\/uploads\/2018\/06\/gemeinsam-die-Havelchausee.jpeg?w=1050&amp;ssl=1 1050w\" width=\"260\" height=\"347\" loading=\"lazy\" data-original-width=\"260\" data-original-height=\"347\" itemprop=\"http:\/\/schema.org\/image\" title=\"gemeinsam die Havelchausee\" alt=\"gemeinsam die Havelchausee\" style=\"width: 260px; height: 347px;\" \/> <\/a> <div class=\"tiled-gallery-caption\" itemprop=\"caption description\"> gemeinsam die Havelchausee <\/div> <\/div> <\/div> <!-- close group --> <\/div> <!-- close row --> <div class=\"gallery-row\" style=\"width: 525px; height: 176px;\" data-original-width=\"525\" data-original-height=\"176\" > <div class=\"gallery-group images-1\" style=\"width: 263px; height: 176px;\" data-original-width=\"263\" data-original-height=\"176\" > <div class=\"tiled-gallery-item tiled-gallery-item-large\" itemprop=\"associatedMedia\" itemscope itemtype=\"http:\/\/schema.org\/ImageObject\"> <a href=\"https:\/\/i0.wp.com\/blog.kunstgriff.net\/wp-content\/uploads\/2018\/06\/sonniges-Potsdam.jpg?ssl=1\" border=\"0\" itemprop=\"url\"> <meta itemprop=\"width\" content=\"259\"> <meta itemprop=\"height\" content=\"172\"> <img decoding=\"async\" class=\"\" data-attachment-id=\"18166\" data-orig-file=\"https:\/\/blog.kunstgriff.net\/wp-content\/uploads\/2018\/06\/sonniges-Potsdam.jpg\" data-orig-size=\"2500,1667\" data-comments-opened=\"1\" data-image-meta=\"{&quot;aperture&quot;:&quot;2.8&quot;,&quot;credit&quot;:&quot;&quot;,&quot;camera&quot;:&quot;TG-4&quot;,&quot;caption&quot;:&quot;OLYMPUS DIGITAL CAMERA&quot;,&quot;created_timestamp&quot;:&quot;1529757152&quot;,&quot;copyright&quot;:&quot;&quot;,&quot;focal_length&quot;:&quot;4.5&quot;,&quot;iso&quot;:&quot;100&quot;,&quot;shutter_speed&quot;:&quot;0.002&quot;,&quot;title&quot;:&quot;OLYMPUS DIGITAL CAMERA&quot;,&quot;orientation&quot;:&quot;1&quot;}\" data-image-title=\"sonniges Potsdam\" data-image-description=\"\" data-medium-file=\"https:\/\/i0.wp.com\/blog.kunstgriff.net\/wp-content\/uploads\/2018\/06\/sonniges-Potsdam.jpg?fit=300%2C200&#038;ssl=1\" data-large-file=\"https:\/\/i0.wp.com\/blog.kunstgriff.net\/wp-content\/uploads\/2018\/06\/sonniges-Potsdam.jpg?fit=1024%2C683&#038;ssl=1\" src=\"https:\/\/i0.wp.com\/blog.kunstgriff.net\/wp-content\/uploads\/2018\/06\/sonniges-Potsdam.jpg?w=259&#038;h=172&#038;ssl=1\" srcset=\"https:\/\/i0.wp.com\/blog.kunstgriff.net\/wp-content\/uploads\/2018\/06\/sonniges-Potsdam.jpg?w=2500&amp;ssl=1 2500w, https:\/\/i0.wp.com\/blog.kunstgriff.net\/wp-content\/uploads\/2018\/06\/sonniges-Potsdam.jpg?resize=300%2C200&amp;ssl=1 300w, https:\/\/i0.wp.com\/blog.kunstgriff.net\/wp-content\/uploads\/2018\/06\/sonniges-Potsdam.jpg?resize=768%2C512&amp;ssl=1 768w, https:\/\/i0.wp.com\/blog.kunstgriff.net\/wp-content\/uploads\/2018\/06\/sonniges-Potsdam.jpg?resize=1024%2C683&amp;ssl=1 1024w, https:\/\/i0.wp.com\/blog.kunstgriff.net\/wp-content\/uploads\/2018\/06\/sonniges-Potsdam.jpg?w=1575&amp;ssl=1 1575w\" width=\"259\" height=\"172\" loading=\"lazy\" data-original-width=\"259\" data-original-height=\"172\" itemprop=\"http:\/\/schema.org\/image\" title=\"sonniges Potsdam\" alt=\"sonniges Potsdam\" style=\"width: 259px; height: 172px;\" \/> <\/a> <div class=\"tiled-gallery-caption\" itemprop=\"caption description\"> sonniges Potsdam <\/div> <\/div> <\/div> <!-- close group --> <div class=\"gallery-group images-1\" style=\"width: 262px; height: 176px;\" data-original-width=\"262\" data-original-height=\"176\" > <div class=\"tiled-gallery-item tiled-gallery-item-large\" itemprop=\"associatedMedia\" itemscope itemtype=\"http:\/\/schema.org\/ImageObject\"> <a href=\"https:\/\/i0.wp.com\/blog.kunstgriff.net\/wp-content\/uploads\/2018\/06\/Freude-am-Fahren.jpg?ssl=1\" border=\"0\" itemprop=\"url\"> <meta itemprop=\"width\" content=\"258\"> <meta itemprop=\"height\" content=\"172\"> <img decoding=\"async\" class=\"\" data-attachment-id=\"18164\" data-orig-file=\"https:\/\/blog.kunstgriff.net\/wp-content\/uploads\/2018\/06\/Freude-am-Fahren.jpg\" data-orig-size=\"2500,1667\" data-comments-opened=\"1\" data-image-meta=\"{&quot;aperture&quot;:&quot;2.8&quot;,&quot;credit&quot;:&quot;&quot;,&quot;camera&quot;:&quot;TG-4&quot;,&quot;caption&quot;:&quot;OLYMPUS DIGITAL CAMERA&quot;,&quot;created_timestamp&quot;:&quot;1529757181&quot;,&quot;copyright&quot;:&quot;&quot;,&quot;focal_length&quot;:&quot;4.5&quot;,&quot;iso&quot;:&quot;100&quot;,&quot;shutter_speed&quot;:&quot;0.0015625&quot;,&quot;title&quot;:&quot;OLYMPUS DIGITAL CAMERA&quot;,&quot;orientation&quot;:&quot;1&quot;}\" data-image-title=\"Freude am Fahren\" data-image-description=\"\" data-medium-file=\"https:\/\/i0.wp.com\/blog.kunstgriff.net\/wp-content\/uploads\/2018\/06\/Freude-am-Fahren.jpg?fit=300%2C200&#038;ssl=1\" data-large-file=\"https:\/\/i0.wp.com\/blog.kunstgriff.net\/wp-content\/uploads\/2018\/06\/Freude-am-Fahren.jpg?fit=1024%2C683&#038;ssl=1\" src=\"https:\/\/i0.wp.com\/blog.kunstgriff.net\/wp-content\/uploads\/2018\/06\/Freude-am-Fahren.jpg?w=258&#038;h=172&#038;ssl=1\" srcset=\"https:\/\/i0.wp.com\/blog.kunstgriff.net\/wp-content\/uploads\/2018\/06\/Freude-am-Fahren.jpg?w=2500&amp;ssl=1 2500w, https:\/\/i0.wp.com\/blog.kunstgriff.net\/wp-content\/uploads\/2018\/06\/Freude-am-Fahren.jpg?resize=300%2C200&amp;ssl=1 300w, https:\/\/i0.wp.com\/blog.kunstgriff.net\/wp-content\/uploads\/2018\/06\/Freude-am-Fahren.jpg?resize=768%2C512&amp;ssl=1 768w, https:\/\/i0.wp.com\/blog.kunstgriff.net\/wp-content\/uploads\/2018\/06\/Freude-am-Fahren.jpg?resize=1024%2C683&amp;ssl=1 1024w, https:\/\/i0.wp.com\/blog.kunstgriff.net\/wp-content\/uploads\/2018\/06\/Freude-am-Fahren.jpg?w=1575&amp;ssl=1 1575w\" width=\"258\" height=\"172\" loading=\"lazy\" data-original-width=\"258\" data-original-height=\"172\" itemprop=\"http:\/\/schema.org\/image\" title=\"Freude am Fahren\" alt=\"Freude am Fahren\" style=\"width: 258px; height: 172px;\" \/> <\/a> <div class=\"tiled-gallery-caption\" itemprop=\"caption description\"> Freude am Fahren <\/div> <\/div> <\/div> <!-- close group --> <\/div> <!-- close row --> <\/div>\n<div style=\"width: 525px;\" class=\"wp-video\"><video class=\"wp-video-shortcode\" id=\"video-18168-1\" width=\"525\" height=\"295\" preload=\"metadata\" controls=\"controls\"><source type=\"video\/mp4\" src=\"https:\/\/blog.kunstgriff.net\/wp-content\/uploads\/2018\/06\/Relive-Schwielowsee-Runde.mp4?_=1\" \/><a href=\"https:\/\/blog.kunstgriff.net\/wp-content\/uploads\/2018\/06\/Relive-Schwielowsee-Runde.mp4\">https:\/\/blog.kunstgriff.net\/wp-content\/uploads\/2018\/06\/Relive-Schwielowsee-Runde.mp4<\/a><\/video><\/div>\n","protected":false},"excerpt":{"rendered":"<p>Entschlossen unentschlossen Der Plan war um 10 Uhr an den Tiri zu fahren. Leider kreuzten Regenwolken den Plan und so bat Oleg eine Stunde sp\u00e4ter zum Auerbach-Tunnel. Erstmal kam keiner. So fasste ich den Plan, die meine Schwielowsee-Runde zu fahren. Zu lange war ich dort nicht mehr unterwegs gewesen. Zu gerne erinnere ich mich, da\u00df &hellip; <\/p>\n<p class=\"link-more\"><a href=\"https:\/\/blog.kunstgriff.net\/?p=18168\" class=\"more-link\"><span class=\"screen-reader-text\">\u201eSchwielowsee-Runde\u201c <\/span>weiterlesen<\/a><\/p>\n","protected":false},"author":2,"featured_media":18166,"comment_status":"open","ping_status":"open","sticky":false,"template":"","format":"standard","meta":{"jetpack_post_was_ever_published":false,"_jetpack_newsletter_access":"","_jetpack_dont_email_post_to_subs":false,"_jetpack_newsletter_tier_id":0,"_jetpack_memberships_contains_paywalled_content":false,"_jetpack_memberships_contains_paid_content":false,"footnotes":""},"categories":[14,7],"tags":[],"class_list":["post-18168","post","type-post","status-publish","format-standard","has-post-thumbnail","hentry","category-radfahren","category-rennradfahren"],"jetpack_featured_media_url":"https:\/\/i0.wp.com\/blog.kunstgriff.net\/wp-content\/uploads\/2018\/06\/sonniges-Potsdam.jpg?fit=2500%2C1667&ssl=1","jetpack_shortlink":"https:\/\/wp.me\/p8Cxe7-4J2","jetpack-related-posts":[{"id":9074,"url":"https:\/\/blog.kunstgriff.net\/?p=9074","url_meta":{"origin":18168,"position":0},"title":"Bernds-Blankensee-Feierabendrunde","author":"Georg","date":"September 4, 2012","format":false,"excerpt":"oder \u00bbImmer wieder Dienstags\u00abNeugierig, ob \u00fcberhaupt Mitfahrer zum Tunnel-Treffpunkt kommen w\u00fcrden, machte ich mich um kurz nach 17 Uhr auf den Weg dort hin. Die Runde war n\u00e4mlich nicht im Netz annonciert worden, und so war nicht klar ob sie \u00fcberhaupt statt finden w\u00fcrde. Als Fabian, Oleg und Stefan R.\u2026","rel":"","context":"In &quot;Radfahren&quot;","block_context":{"text":"Radfahren","link":"https:\/\/blog.kunstgriff.net\/?cat=14"},"img":{"alt_text":"","src":"https:\/\/i0.wp.com\/blog.kunstgriff.net\/wp-content\/uploads\/2012\/09\/Abzweig-hinter-Nudow.jpg?fit=1000%2C750&ssl=1&resize=350%2C200","width":350,"height":200,"srcset":"https:\/\/i0.wp.com\/blog.kunstgriff.net\/wp-content\/uploads\/2012\/09\/Abzweig-hinter-Nudow.jpg?fit=1000%2C750&ssl=1&resize=350%2C200 1x, https:\/\/i0.wp.com\/blog.kunstgriff.net\/wp-content\/uploads\/2012\/09\/Abzweig-hinter-Nudow.jpg?fit=1000%2C750&ssl=1&resize=525%2C300 1.5x, https:\/\/i0.wp.com\/blog.kunstgriff.net\/wp-content\/uploads\/2012\/09\/Abzweig-hinter-Nudow.jpg?fit=1000%2C750&ssl=1&resize=700%2C400 2x"},"classes":[]},{"id":12287,"url":"https:\/\/blog.kunstgriff.net\/?p=12287","url_meta":{"origin":18168,"position":1},"title":"Schwielowsee-Runde reverse","author":"Georg","date":"M\u00e4rz 7, 2015","format":false,"excerpt":"oder \u00bbErste Gruppenausfahrt in 2015\u00abEndlich wieder mit der Gruppe Rad fahren! 2015 ist ja schon weit fortgeschritten aber so richtig Kilometer habe ich bisher noch nicht auf die Strasse gebracht. Das es in weniger als 10 Tagen nach Mallorca geht, hat mich wach ger\u00fcttelt: Es muss an der Radfahr-Kondition gearbeitet\u2026","rel":"","context":"In &quot;Radfahren&quot;","block_context":{"text":"Radfahren","link":"https:\/\/blog.kunstgriff.net\/?cat=14"},"img":{"alt_text":"","src":"https:\/\/i0.wp.com\/blog.kunstgriff.net\/wp-content\/uploads\/2015\/03\/GroupShot-in-Phillipstal.jpg?fit=1200%2C900&ssl=1&resize=350%2C200","width":350,"height":200,"srcset":"https:\/\/i0.wp.com\/blog.kunstgriff.net\/wp-content\/uploads\/2015\/03\/GroupShot-in-Phillipstal.jpg?fit=1200%2C900&ssl=1&resize=350%2C200 1x, https:\/\/i0.wp.com\/blog.kunstgriff.net\/wp-content\/uploads\/2015\/03\/GroupShot-in-Phillipstal.jpg?fit=1200%2C900&ssl=1&resize=525%2C300 1.5x, https:\/\/i0.wp.com\/blog.kunstgriff.net\/wp-content\/uploads\/2015\/03\/GroupShot-in-Phillipstal.jpg?fit=1200%2C900&ssl=1&resize=700%2C400 2x, https:\/\/i0.wp.com\/blog.kunstgriff.net\/wp-content\/uploads\/2015\/03\/GroupShot-in-Phillipstal.jpg?fit=1200%2C900&ssl=1&resize=1050%2C600 3x"},"classes":[]},{"id":18702,"url":"https:\/\/blog.kunstgriff.net\/?p=18702","url_meta":{"origin":18168,"position":2},"title":"P\u00e4wesin-Runde #6","author":"Georg","date":"August 19, 2018","format":false,"excerpt":"Kuchen-Hunni mit Oliver, Sebastian und Oleg Nach der doch recht belastenden gestrigen Einheit\u00a0wollte ich es heute etwas ruhiger angehen. Alleine sollte es aber trotzdem nicht auf die Piste gehen, und so bot ich meine P\u00e4wesin-Runde auf den bekannten Kan\u00e4len an. Zu viert ging es dann \u00fcber Gatow raus aus der\u2026","rel":"","context":"In &quot;Cake-Ride&quot;","block_context":{"text":"Cake-Ride","link":"https:\/\/blog.kunstgriff.net\/?cat=34"},"img":{"alt_text":"","src":"https:\/\/i0.wp.com\/blog.kunstgriff.net\/wp-content\/uploads\/2018\/08\/kurz-vor-Wustermark.jpg?fit=1200%2C800&ssl=1&resize=350%2C200","width":350,"height":200,"srcset":"https:\/\/i0.wp.com\/blog.kunstgriff.net\/wp-content\/uploads\/2018\/08\/kurz-vor-Wustermark.jpg?fit=1200%2C800&ssl=1&resize=350%2C200 1x, https:\/\/i0.wp.com\/blog.kunstgriff.net\/wp-content\/uploads\/2018\/08\/kurz-vor-Wustermark.jpg?fit=1200%2C800&ssl=1&resize=525%2C300 1.5x, https:\/\/i0.wp.com\/blog.kunstgriff.net\/wp-content\/uploads\/2018\/08\/kurz-vor-Wustermark.jpg?fit=1200%2C800&ssl=1&resize=700%2C400 2x, https:\/\/i0.wp.com\/blog.kunstgriff.net\/wp-content\/uploads\/2018\/08\/kurz-vor-Wustermark.jpg?fit=1200%2C800&ssl=1&resize=1050%2C600 3x"},"classes":[]},{"id":7698,"url":"https:\/\/blog.kunstgriff.net\/?p=7698","url_meta":{"origin":18168,"position":3},"title":"1. Erweiterte Schwielowsee-Runde 2012","author":"Georg","date":"April 9, 2012","format":false,"excerpt":"oder \u00bbOstermontag-Tour mit super Truppe\u00ab In den letzen Tagen schloss ich mich ja den Touren von Oleg an, heute wollte ich selber wieder einen Vorschlag machen, den ich auch auf der Rennradliste annoncierte: Die Schwielowsee-Runde stand das erste Mal in 2012 auf dem Zettel. Um 11:20 Uhr fanden sich am\u2026","rel":"","context":"In &quot;Radfahren&quot;","block_context":{"text":"Radfahren","link":"https:\/\/blog.kunstgriff.net\/?cat=14"},"img":{"alt_text":"","src":"https:\/\/i0.wp.com\/blog.kunstgriff.net\/wp-content\/uploads\/2012\/04\/D%C3%A9j%C3%A0-vu-beim-B%C3%A4cker-R%C3%B6hrig.jpg?fit=1000%2C750&ssl=1&resize=350%2C200","width":350,"height":200,"srcset":"https:\/\/i0.wp.com\/blog.kunstgriff.net\/wp-content\/uploads\/2012\/04\/D%C3%A9j%C3%A0-vu-beim-B%C3%A4cker-R%C3%B6hrig.jpg?fit=1000%2C750&ssl=1&resize=350%2C200 1x, https:\/\/i0.wp.com\/blog.kunstgriff.net\/wp-content\/uploads\/2012\/04\/D%C3%A9j%C3%A0-vu-beim-B%C3%A4cker-R%C3%B6hrig.jpg?fit=1000%2C750&ssl=1&resize=525%2C300 1.5x, https:\/\/i0.wp.com\/blog.kunstgriff.net\/wp-content\/uploads\/2012\/04\/D%C3%A9j%C3%A0-vu-beim-B%C3%A4cker-R%C3%B6hrig.jpg?fit=1000%2C750&ssl=1&resize=700%2C400 2x"},"classes":[]},{"id":8088,"url":"https:\/\/blog.kunstgriff.net\/?p=8088","url_meta":{"origin":18168,"position":4},"title":"Tirschenreuther-Ring-Runde v4","author":"Georg","date":"Juni 2, 2012","format":false,"excerpt":"oder \u00bbHeute mal mit der 'Alten-Garde'\u00abHeute waren einige Tourenangebote im Netz, ich entschloss mich aber f\u00fcr diese relativ kurze Runde mit Oleg im S\u00fcden der Stadt. Zum Einen wollte ich nicht alle K\u00f6rner vor der langen, welligen Runde am Sonntag lassen, zum Anderen bin ich die ganze Woche nicht gefahren\u2026","rel":"","context":"In &quot;Radfahren&quot;","block_context":{"text":"Radfahren","link":"https:\/\/blog.kunstgriff.net\/?cat=14"},"img":{"alt_text":"","src":"https:\/\/i0.wp.com\/blog.kunstgriff.net\/wp-content\/uploads\/2012\/06\/Nach-der-Pause-in-Blankensee.jpg?resize=350%2C200","width":350,"height":200,"srcset":"https:\/\/i0.wp.com\/blog.kunstgriff.net\/wp-content\/uploads\/2012\/06\/Nach-der-Pause-in-Blankensee.jpg?resize=350%2C200 1x, https:\/\/i0.wp.com\/blog.kunstgriff.net\/wp-content\/uploads\/2012\/06\/Nach-der-Pause-in-Blankensee.jpg?resize=525%2C300 1.5x"},"classes":[]},{"id":13318,"url":"https:\/\/blog.kunstgriff.net\/?p=13318","url_meta":{"origin":18168,"position":5},"title":"Viertel-Vor-Zehn-Gruppen-S\u00fcd-Runde","author":"Georg","date":"April 9, 2016","format":false,"excerpt":"oder \u00bbRollen mit der grossen Gruppe\u00ab [gcmap act=\"1119285056\" class=\"alignright\"]Eigentlich war geplant mit Oleg nach Treuenbrietzen zu fahren. Der Track war geladen und der Treffpunkt am Tunnel vereinbart. Als dann nur Oleg, Julia und Ralph am Tunnel standen, wurde mir ein wenig mulmig und ich entschloss mich mit der 10-Uhr-Gruppe aus\u2026","rel":"","context":"In &quot;Radfahren&quot;","block_context":{"text":"Radfahren","link":"https:\/\/blog.kunstgriff.net\/?cat=14"},"img":{"alt_text":"","src":"https:\/\/i0.wp.com\/blog.kunstgriff.net\/wp-content\/uploads\/2016\/04\/Nach-Zachwitz.jpg?fit=1200%2C900&ssl=1&resize=350%2C200","width":350,"height":200,"srcset":"https:\/\/i0.wp.com\/blog.kunstgriff.net\/wp-content\/uploads\/2016\/04\/Nach-Zachwitz.jpg?fit=1200%2C900&ssl=1&resize=350%2C200 1x, https:\/\/i0.wp.com\/blog.kunstgriff.net\/wp-content\/uploads\/2016\/04\/Nach-Zachwitz.jpg?fit=1200%2C900&ssl=1&resize=525%2C300 1.5x, https:\/\/i0.wp.com\/blog.kunstgriff.net\/wp-content\/uploads\/2016\/04\/Nach-Zachwitz.jpg?fit=1200%2C900&ssl=1&resize=700%2C400 2x, https:\/\/i0.wp.com\/blog.kunstgriff.net\/wp-content\/uploads\/2016\/04\/Nach-Zachwitz.jpg?fit=1200%2C900&ssl=1&resize=1050%2C600 3x"},"classes":[]}],"jetpack_likes_enabled":true,"jetpack_sharing_enabled":true,"_links":{"self":[{"href":"https:\/\/blog.kunstgriff.net\/index.php?rest_route=\/wp\/v2\/posts\/18168","targetHints":{"allow":["GET"]}}],"collection":[{"href":"https:\/\/blog.kunstgriff.net\/index.php?rest_route=\/wp\/v2\/posts"}],"about":[{"href":"https:\/\/blog.kunstgriff.net\/index.php?rest_route=\/wp\/v2\/types\/post"}],"author":[{"embeddable":true,"href":"https:\/\/blog.kunstgriff.net\/index.php?rest_route=\/wp\/v2\/users\/2"}],"replies":[{"embeddable":true,"href":"https:\/\/blog.kunstgriff.net\/index.php?rest_route=%2Fwp%2Fv2%2Fcomments&post=18168"}],"version-history":[{"count":0,"href":"https:\/\/blog.kunstgriff.net\/index.php?rest_route=\/wp\/v2\/posts\/18168\/revisions"}],"wp:featuredmedia":[{"embeddable":true,"href":"https:\/\/blog.kunstgriff.net\/index.php?rest_route=\/wp\/v2\/media\/18166"}],"wp:attachment":[{"href":"https:\/\/blog.kunstgriff.net\/index.php?rest_route=%2Fwp%2Fv2%2Fmedia&parent=18168"}],"wp:term":[{"taxonomy":"category","embeddable":true,"href":"https:\/\/blog.kunstgriff.net\/index.php?rest_route=%2Fwp%2Fv2%2Fcategories&post=18168"},{"taxonomy":"post_tag","embeddable":true,"href":"https:\/\/blog.kunstgriff.net\/index.php?rest_route=%2Fwp%2Fv2%2Ftags&post=18168"}],"curies":[{"name":"wp","href":"https:\/\/api.w.org\/{rel}","templated":true}]}}