{"id":18383,"date":"2018-07-25T21:16:35","date_gmt":"2018-07-25T19:16:35","guid":{"rendered":"https:\/\/blog.kunstgriff.net\/?p=18383"},"modified":"2018-08-07T07:04:02","modified_gmt":"2018-08-07T05:04:02","slug":"ert-2018-belgien-4-etappe","status":"publish","type":"post","link":"https:\/\/blog.kunstgriff.net\/?p=18383","title":{"rendered":"ERT 2018: Belgien 4. Etappe"},"content":{"rendered":"<span class=\"span-reading-time rt-reading-time\" style=\"display: block;\"><span class=\"rt-label rt-prefix\">Lesezeit: <\/span> <span class=\"rt-time\"> 2<\/span> <span class=\"rt-label rt-postfix\">Minuten<\/span><\/span><h4>Maubeuge \u2013 Roubaix<\/h4>\n<hr \/>\n<p>Heute stand eine ganz besondere Etappe auf dem Programm: Es sollte auf traditionsbehafteten Kopfsteinpflaster-Passagen nach Roubaix gehen! Johannes, unser Strecken-Pabst, hatte keine M\u00fche gescheut und genau die Segmente aus dem Fr\u00fchjahres-Klassiker Paris\u2013Roubaix eingebaut, welche die Profis sonst auch unter die R\u00e4der nehmen.<\/p>\n<p>Bis zum Buffet war aber erstmal toller Asphalt, der f\u00fcr erstklassigen Vortrieb sorgte. Es ging durch viele kleinen franz\u00f6sische Ortschaften und unz\u00e4hlige Kreisverkehre, die meine volle Aufmerksamkeit erforderten. Einmal h\u00e4tte es fast gescheppert, denn in einem Mini-Kreisverkehr, den ich f\u00fcr eine normale Kreuzung hielt, kam ein Auto von Links, welchem ich nur durch eine Vollbremsung ausweichen konnte. Gl\u00fcck gehabt und Ermahnung an mich selbst, zu mehr Konzentration im Verkehr.<\/p>\n<p>Das Buffet war heute genau an der Einfahrt zum\u00a0<a href=\"https:\/\/de.wikipedia.org\/wiki\/Trou\u00e9e_d\u2019Arenberg\" target=\"_blank\" rel=\"noopener\">Wald von Arenberg<\/a>, welcher einen tollen Blick auf das brutale Pflaster bot.<\/p>\n<p>Nach diesem Sektor warteten insgesamt 9 Kilometer <del>feinstes<\/del> gr\u00f6bstes Kopfsteinpflaster auf uns, immer wieder sch\u00f6n, schon im Vorfeld, von Johannes auf dem Garmin-Track warnend gekennzeichnet. Ich versuchte rechts oder links des Pflasters zu fahren, was aber in vielen Situationen nicht gelang. Brutalst, was die Profis da aushalten m\u00fcssen!<\/p>\n<p>Ich kam auch an der Stelle vorbei, an welcher der Froom vor 10 Tage in eine Hecke abgeflogen war. Unglaublich, wie man da so \u00fcber das Pflaster hinwegbolzen kann!<\/p>\n<p>Irgendwann war dann das Pflaster erledigt. Richtig ungl\u00fccklich war ich dar\u00fcber nicht. Nun gab es nur noch Gegenwind nach Roubaix.<\/p>\n<p>Aber auch der wurde bew\u00e4ltigt und mehr als zufrieden erreichte ich diese Pilgerst\u00e4tte des Radsports.<\/p>\n<p>Der Strecken-Pabst hatte den Track so gelegt, da\u00df wir im <a href=\"https:\/\/de.wikipedia.org\/wiki\/Radrennbahn_von_Roubaix\" target=\"_blank\" rel=\"noopener\"><em>v\u00e9lodrome de Roubaix,<\/em><\/a>\u00a0in welcher die letzte Runde des Rennens gefahren wird, auch einmal entlang fahren konnten.<\/p>\n<p>Ein bewegender Moment, das Oval zu umrunden!<\/p>\n<p>Jetzt nur noch 4 Kilometer zum Hotel-BB am Bahnhof und auch dieser <del>tolle<\/del> unvergessliche Tag auf dem Rad geht zu Ende!<\/p>\n<p>Hammer! Was soll jetzt noch kommen?<\/p>\n<div style=\"width: 525px;\" class=\"wp-video\"><video class=\"wp-video-shortcode\" id=\"video-18383-1\" width=\"525\" height=\"295\" preload=\"metadata\" controls=\"controls\"><source type=\"video\/mp4\" src=\"https:\/\/blog.kunstgriff.net\/wp-content\/uploads\/2018\/08\/Im-Oval-von-Roubaix-1-1.m4v?_=1\" \/><a href=\"https:\/\/blog.kunstgriff.net\/wp-content\/uploads\/2018\/08\/Im-Oval-von-Roubaix-1-1.m4v\">https:\/\/blog.kunstgriff.net\/wp-content\/uploads\/2018\/08\/Im-Oval-von-Roubaix-1-1.m4v<\/a><\/video><\/div>\n<div class=\"tiled-gallery type-rectangular tiled-gallery-unresized\" data-original-width=\"525\" data-carousel-extra='{&quot;blog_id&quot;:1,&quot;permalink&quot;:&quot;https:\\\/\\\/blog.kunstgriff.net\\\/?p=18383&quot;,&quot;likes_blog_id&quot;:127394879}' itemscope itemtype=\"http:\/\/schema.org\/ImageGallery\" > <div class=\"gallery-row\" style=\"width: 525px; height: 235px;\" data-original-width=\"525\" data-original-height=\"235\" > <div class=\"gallery-group images-1\" style=\"width: 351px; height: 235px;\" data-original-width=\"351\" data-original-height=\"235\" > <div class=\"tiled-gallery-item tiled-gallery-item-large\" itemprop=\"associatedMedia\" itemscope itemtype=\"http:\/\/schema.org\/ImageObject\"> <a href=\"https:\/\/i0.wp.com\/blog.kunstgriff.net\/wp-content\/uploads\/2018\/08\/Abfahrt-aus-dem-Ibis-in-Maubeuge.jpg?ssl=1\" border=\"0\" itemprop=\"url\"> <meta itemprop=\"width\" content=\"347\"> <meta itemprop=\"height\" content=\"231\"> <img decoding=\"async\" class=\"\" data-attachment-id=\"18387\" data-orig-file=\"https:\/\/blog.kunstgriff.net\/wp-content\/uploads\/2018\/08\/Abfahrt-aus-dem-Ibis-in-Maubeuge.jpg\" data-orig-size=\"2500,1667\" data-comments-opened=\"1\" data-image-meta=\"{&quot;aperture&quot;:&quot;2.8&quot;,&quot;credit&quot;:&quot;&quot;,&quot;camera&quot;:&quot;TG-4&quot;,&quot;caption&quot;:&quot;OLYMPUS DIGITAL CAMERA&quot;,&quot;created_timestamp&quot;:&quot;1532508540&quot;,&quot;copyright&quot;:&quot;&quot;,&quot;focal_length&quot;:&quot;4.5&quot;,&quot;iso&quot;:&quot;100&quot;,&quot;shutter_speed&quot;:&quot;0.01&quot;,&quot;title&quot;:&quot;OLYMPUS DIGITAL CAMERA&quot;,&quot;orientation&quot;:&quot;1&quot;}\" data-image-title=\"Abfahrt aus dem Ibis in Maubeuge\" data-image-description=\"\" data-medium-file=\"https:\/\/i0.wp.com\/blog.kunstgriff.net\/wp-content\/uploads\/2018\/08\/Abfahrt-aus-dem-Ibis-in-Maubeuge.jpg?fit=300%2C200&#038;ssl=1\" data-large-file=\"https:\/\/i0.wp.com\/blog.kunstgriff.net\/wp-content\/uploads\/2018\/08\/Abfahrt-aus-dem-Ibis-in-Maubeuge.jpg?fit=1024%2C683&#038;ssl=1\" src=\"https:\/\/i0.wp.com\/blog.kunstgriff.net\/wp-content\/uploads\/2018\/08\/Abfahrt-aus-dem-Ibis-in-Maubeuge.jpg?w=347&#038;h=231&#038;ssl=1\" srcset=\"https:\/\/i0.wp.com\/blog.kunstgriff.net\/wp-content\/uploads\/2018\/08\/Abfahrt-aus-dem-Ibis-in-Maubeuge.jpg?w=2500&amp;ssl=1 2500w, https:\/\/i0.wp.com\/blog.kunstgriff.net\/wp-content\/uploads\/2018\/08\/Abfahrt-aus-dem-Ibis-in-Maubeuge.jpg?resize=300%2C200&amp;ssl=1 300w, https:\/\/i0.wp.com\/blog.kunstgriff.net\/wp-content\/uploads\/2018\/08\/Abfahrt-aus-dem-Ibis-in-Maubeuge.jpg?resize=768%2C512&amp;ssl=1 768w, https:\/\/i0.wp.com\/blog.kunstgriff.net\/wp-content\/uploads\/2018\/08\/Abfahrt-aus-dem-Ibis-in-Maubeuge.jpg?resize=1024%2C683&amp;ssl=1 1024w, https:\/\/i0.wp.com\/blog.kunstgriff.net\/wp-content\/uploads\/2018\/08\/Abfahrt-aus-dem-Ibis-in-Maubeuge.jpg?w=1575&amp;ssl=1 1575w\" width=\"347\" height=\"231\" loading=\"lazy\" data-original-width=\"347\" data-original-height=\"231\" itemprop=\"http:\/\/schema.org\/image\" title=\"Abfahrt aus dem Ibis in Maubeuge\" alt=\"Abfahrt aus dem Ibis in Maubeuge\" style=\"width: 347px; height: 231px;\" \/> <\/a> <div class=\"tiled-gallery-caption\" itemprop=\"caption description\"> Abfahrt aus dem Ibis in Maubeuge <\/div> <\/div> <\/div> <!-- close group --> <div class=\"gallery-group images-2\" style=\"width: 174px; height: 235px;\" data-original-width=\"174\" data-original-height=\"235\" > <div class=\"tiled-gallery-item tiled-gallery-item-small\" itemprop=\"associatedMedia\" itemscope itemtype=\"http:\/\/schema.org\/ImageObject\"> <a href=\"https:\/\/i0.wp.com\/blog.kunstgriff.net\/wp-content\/uploads\/2018\/08\/Stefan-und-Sonne-lachen.jpg?ssl=1\" border=\"0\" itemprop=\"url\"> <meta itemprop=\"width\" content=\"170\"> <meta itemprop=\"height\" content=\"114\"> <img decoding=\"async\" class=\"\" data-attachment-id=\"18399\" data-orig-file=\"https:\/\/blog.kunstgriff.net\/wp-content\/uploads\/2018\/08\/Stefan-und-Sonne-lachen.jpg\" data-orig-size=\"2500,1667\" data-comments-opened=\"1\" data-image-meta=\"{&quot;aperture&quot;:&quot;2.8&quot;,&quot;credit&quot;:&quot;&quot;,&quot;camera&quot;:&quot;TG-4&quot;,&quot;caption&quot;:&quot;OLYMPUS DIGITAL CAMERA&quot;,&quot;created_timestamp&quot;:&quot;1532508570&quot;,&quot;copyright&quot;:&quot;&quot;,&quot;focal_length&quot;:&quot;4.5&quot;,&quot;iso&quot;:&quot;100&quot;,&quot;shutter_speed&quot;:&quot;0.001&quot;,&quot;title&quot;:&quot;OLYMPUS DIGITAL CAMERA&quot;,&quot;orientation&quot;:&quot;1&quot;}\" data-image-title=\"Stefan und Sonne lachen\" data-image-description=\"\" data-medium-file=\"https:\/\/i0.wp.com\/blog.kunstgriff.net\/wp-content\/uploads\/2018\/08\/Stefan-und-Sonne-lachen.jpg?fit=300%2C200&#038;ssl=1\" data-large-file=\"https:\/\/i0.wp.com\/blog.kunstgriff.net\/wp-content\/uploads\/2018\/08\/Stefan-und-Sonne-lachen.jpg?fit=1024%2C683&#038;ssl=1\" src=\"https:\/\/i0.wp.com\/blog.kunstgriff.net\/wp-content\/uploads\/2018\/08\/Stefan-und-Sonne-lachen.jpg?w=170&#038;h=114&#038;ssl=1\" srcset=\"https:\/\/i0.wp.com\/blog.kunstgriff.net\/wp-content\/uploads\/2018\/08\/Stefan-und-Sonne-lachen.jpg?w=2500&amp;ssl=1 2500w, https:\/\/i0.wp.com\/blog.kunstgriff.net\/wp-content\/uploads\/2018\/08\/Stefan-und-Sonne-lachen.jpg?resize=300%2C200&amp;ssl=1 300w, https:\/\/i0.wp.com\/blog.kunstgriff.net\/wp-content\/uploads\/2018\/08\/Stefan-und-Sonne-lachen.jpg?resize=768%2C512&amp;ssl=1 768w, https:\/\/i0.wp.com\/blog.kunstgriff.net\/wp-content\/uploads\/2018\/08\/Stefan-und-Sonne-lachen.jpg?resize=1024%2C683&amp;ssl=1 1024w, https:\/\/i0.wp.com\/blog.kunstgriff.net\/wp-content\/uploads\/2018\/08\/Stefan-und-Sonne-lachen.jpg?w=1575&amp;ssl=1 1575w\" width=\"170\" height=\"114\" loading=\"lazy\" data-original-width=\"170\" data-original-height=\"114\" itemprop=\"http:\/\/schema.org\/image\" title=\"Stefan und Sonne lachen\" alt=\"Stefan und Sonne lachen\" style=\"width: 170px; height: 114px;\" \/> <\/a> <div class=\"tiled-gallery-caption\" itemprop=\"caption description\"> Stefan und Sonne lachen <\/div> <\/div> <div class=\"tiled-gallery-item tiled-gallery-item-small\" itemprop=\"associatedMedia\" itemscope itemtype=\"http:\/\/schema.org\/ImageObject\"> <a href=\"https:\/\/i0.wp.com\/blog.kunstgriff.net\/wp-content\/uploads\/2018\/08\/Die-Bande-macht-sich-erstmal-aus-dem-Staub.jpg?ssl=1\" border=\"0\" itemprop=\"url\"> <meta itemprop=\"width\" content=\"170\"> <meta itemprop=\"height\" content=\"113\"> <img decoding=\"async\" class=\"\" data-attachment-id=\"18391\" data-orig-file=\"https:\/\/blog.kunstgriff.net\/wp-content\/uploads\/2018\/08\/Die-Bande-macht-sich-erstmal-aus-dem-Staub.jpg\" data-orig-size=\"2500,1667\" data-comments-opened=\"1\" data-image-meta=\"{&quot;aperture&quot;:&quot;8&quot;,&quot;credit&quot;:&quot;&quot;,&quot;camera&quot;:&quot;TG-4&quot;,&quot;caption&quot;:&quot;OLYMPUS DIGITAL CAMERA&quot;,&quot;created_timestamp&quot;:&quot;1532511982&quot;,&quot;copyright&quot;:&quot;&quot;,&quot;focal_length&quot;:&quot;4.5&quot;,&quot;iso&quot;:&quot;100&quot;,&quot;shutter_speed&quot;:&quot;0.00625&quot;,&quot;title&quot;:&quot;OLYMPUS DIGITAL CAMERA&quot;,&quot;orientation&quot;:&quot;1&quot;}\" data-image-title=\"Die Bande macht sich erstmal aus dem Staub\" data-image-description=\"\" data-medium-file=\"https:\/\/i0.wp.com\/blog.kunstgriff.net\/wp-content\/uploads\/2018\/08\/Die-Bande-macht-sich-erstmal-aus-dem-Staub.jpg?fit=300%2C200&#038;ssl=1\" data-large-file=\"https:\/\/i0.wp.com\/blog.kunstgriff.net\/wp-content\/uploads\/2018\/08\/Die-Bande-macht-sich-erstmal-aus-dem-Staub.jpg?fit=1024%2C683&#038;ssl=1\" src=\"https:\/\/i0.wp.com\/blog.kunstgriff.net\/wp-content\/uploads\/2018\/08\/Die-Bande-macht-sich-erstmal-aus-dem-Staub.jpg?w=170&#038;h=113&#038;ssl=1\" srcset=\"https:\/\/i0.wp.com\/blog.kunstgriff.net\/wp-content\/uploads\/2018\/08\/Die-Bande-macht-sich-erstmal-aus-dem-Staub.jpg?w=2500&amp;ssl=1 2500w, https:\/\/i0.wp.com\/blog.kunstgriff.net\/wp-content\/uploads\/2018\/08\/Die-Bande-macht-sich-erstmal-aus-dem-Staub.jpg?resize=300%2C200&amp;ssl=1 300w, https:\/\/i0.wp.com\/blog.kunstgriff.net\/wp-content\/uploads\/2018\/08\/Die-Bande-macht-sich-erstmal-aus-dem-Staub.jpg?resize=768%2C512&amp;ssl=1 768w, https:\/\/i0.wp.com\/blog.kunstgriff.net\/wp-content\/uploads\/2018\/08\/Die-Bande-macht-sich-erstmal-aus-dem-Staub.jpg?resize=1024%2C683&amp;ssl=1 1024w, https:\/\/i0.wp.com\/blog.kunstgriff.net\/wp-content\/uploads\/2018\/08\/Die-Bande-macht-sich-erstmal-aus-dem-Staub.jpg?w=1575&amp;ssl=1 1575w\" width=\"170\" height=\"113\" loading=\"lazy\" data-original-width=\"170\" data-original-height=\"113\" itemprop=\"http:\/\/schema.org\/image\" title=\"Die Bande macht sich erstmal aus dem Staub\" alt=\"Die Bande macht sich erstmal aus dem Staub\" style=\"width: 170px; height: 113px;\" \/> <\/a> <div class=\"tiled-gallery-caption\" itemprop=\"caption description\"> Die Bande macht sich erstmal aus dem Staub <\/div> <\/div> <\/div> <!-- close group --> <\/div> <!-- close row --> <div class=\"gallery-row\" style=\"width: 525px; height: 118px;\" data-original-width=\"525\" data-original-height=\"118\" > <div class=\"gallery-group images-1\" style=\"width: 175px; height: 118px;\" data-original-width=\"175\" data-original-height=\"118\" > <div class=\"tiled-gallery-item tiled-gallery-item-small\" itemprop=\"associatedMedia\" itemscope itemtype=\"http:\/\/schema.org\/ImageObject\"> <a href=\"https:\/\/i0.wp.com\/blog.kunstgriff.net\/wp-content\/uploads\/2018\/08\/Tolle-Radwege.jpg?ssl=1\" border=\"0\" itemprop=\"url\"> <meta itemprop=\"width\" content=\"171\"> <meta itemprop=\"height\" content=\"114\"> <img decoding=\"async\" class=\"\" data-attachment-id=\"18400\" data-orig-file=\"https:\/\/blog.kunstgriff.net\/wp-content\/uploads\/2018\/08\/Tolle-Radwege.jpg\" data-orig-size=\"2500,1667\" data-comments-opened=\"1\" data-image-meta=\"{&quot;aperture&quot;:&quot;2.8&quot;,&quot;credit&quot;:&quot;&quot;,&quot;camera&quot;:&quot;TG-4&quot;,&quot;caption&quot;:&quot;OLYMPUS DIGITAL CAMERA&quot;,&quot;created_timestamp&quot;:&quot;1532513527&quot;,&quot;copyright&quot;:&quot;&quot;,&quot;focal_length&quot;:&quot;4.5&quot;,&quot;iso&quot;:&quot;100&quot;,&quot;shutter_speed&quot;:&quot;0.004&quot;,&quot;title&quot;:&quot;OLYMPUS DIGITAL CAMERA&quot;,&quot;orientation&quot;:&quot;1&quot;}\" data-image-title=\"Tolle Radwege\" data-image-description=\"\" data-medium-file=\"https:\/\/i0.wp.com\/blog.kunstgriff.net\/wp-content\/uploads\/2018\/08\/Tolle-Radwege.jpg?fit=300%2C200&#038;ssl=1\" data-large-file=\"https:\/\/i0.wp.com\/blog.kunstgriff.net\/wp-content\/uploads\/2018\/08\/Tolle-Radwege.jpg?fit=1024%2C683&#038;ssl=1\" src=\"https:\/\/i0.wp.com\/blog.kunstgriff.net\/wp-content\/uploads\/2018\/08\/Tolle-Radwege.jpg?w=171&#038;h=114&#038;ssl=1\" srcset=\"https:\/\/i0.wp.com\/blog.kunstgriff.net\/wp-content\/uploads\/2018\/08\/Tolle-Radwege.jpg?w=2500&amp;ssl=1 2500w, https:\/\/i0.wp.com\/blog.kunstgriff.net\/wp-content\/uploads\/2018\/08\/Tolle-Radwege.jpg?resize=300%2C200&amp;ssl=1 300w, https:\/\/i0.wp.com\/blog.kunstgriff.net\/wp-content\/uploads\/2018\/08\/Tolle-Radwege.jpg?resize=768%2C512&amp;ssl=1 768w, https:\/\/i0.wp.com\/blog.kunstgriff.net\/wp-content\/uploads\/2018\/08\/Tolle-Radwege.jpg?resize=1024%2C683&amp;ssl=1 1024w, https:\/\/i0.wp.com\/blog.kunstgriff.net\/wp-content\/uploads\/2018\/08\/Tolle-Radwege.jpg?w=1575&amp;ssl=1 1575w\" width=\"171\" height=\"114\" loading=\"lazy\" data-original-width=\"171\" data-original-height=\"114\" itemprop=\"http:\/\/schema.org\/image\" title=\"Tolle Radwege\" alt=\"Tolle Radwege\" style=\"width: 171px; height: 114px;\" \/> <\/a> <div class=\"tiled-gallery-caption\" itemprop=\"caption description\"> Tolle Radwege <\/div> <\/div> <\/div> <!-- close group --> <div class=\"gallery-group images-1\" style=\"width: 175px; height: 118px;\" data-original-width=\"175\" data-original-height=\"118\" > <div class=\"tiled-gallery-item tiled-gallery-item-small\" itemprop=\"associatedMedia\" itemscope itemtype=\"http:\/\/schema.org\/ImageObject\"> <a href=\"https:\/\/i0.wp.com\/blog.kunstgriff.net\/wp-content\/uploads\/2018\/08\/So-liebe-ich-die-Auslagen.jpg?ssl=1\" border=\"0\" itemprop=\"url\"> <meta itemprop=\"width\" content=\"171\"> <meta itemprop=\"height\" content=\"114\"> <img decoding=\"async\" class=\"\" data-attachment-id=\"18397\" data-orig-file=\"https:\/\/blog.kunstgriff.net\/wp-content\/uploads\/2018\/08\/So-liebe-ich-die-Auslagen.jpg\" data-orig-size=\"2500,1667\" data-comments-opened=\"1\" data-image-meta=\"{&quot;aperture&quot;:&quot;2.8&quot;,&quot;credit&quot;:&quot;&quot;,&quot;camera&quot;:&quot;TG-4&quot;,&quot;caption&quot;:&quot;OLYMPUS DIGITAL CAMERA&quot;,&quot;created_timestamp&quot;:&quot;1532515733&quot;,&quot;copyright&quot;:&quot;&quot;,&quot;focal_length&quot;:&quot;4.5&quot;,&quot;iso&quot;:&quot;100&quot;,&quot;shutter_speed&quot;:&quot;0.0125&quot;,&quot;title&quot;:&quot;OLYMPUS DIGITAL CAMERA&quot;,&quot;orientation&quot;:&quot;1&quot;}\" data-image-title=\"So liebe ich die Auslagen\" data-image-description=\"\" data-medium-file=\"https:\/\/i0.wp.com\/blog.kunstgriff.net\/wp-content\/uploads\/2018\/08\/So-liebe-ich-die-Auslagen.jpg?fit=300%2C200&#038;ssl=1\" data-large-file=\"https:\/\/i0.wp.com\/blog.kunstgriff.net\/wp-content\/uploads\/2018\/08\/So-liebe-ich-die-Auslagen.jpg?fit=1024%2C683&#038;ssl=1\" src=\"https:\/\/i0.wp.com\/blog.kunstgriff.net\/wp-content\/uploads\/2018\/08\/So-liebe-ich-die-Auslagen.jpg?w=171&#038;h=114&#038;ssl=1\" srcset=\"https:\/\/i0.wp.com\/blog.kunstgriff.net\/wp-content\/uploads\/2018\/08\/So-liebe-ich-die-Auslagen.jpg?w=2500&amp;ssl=1 2500w, https:\/\/i0.wp.com\/blog.kunstgriff.net\/wp-content\/uploads\/2018\/08\/So-liebe-ich-die-Auslagen.jpg?resize=300%2C200&amp;ssl=1 300w, https:\/\/i0.wp.com\/blog.kunstgriff.net\/wp-content\/uploads\/2018\/08\/So-liebe-ich-die-Auslagen.jpg?resize=768%2C512&amp;ssl=1 768w, https:\/\/i0.wp.com\/blog.kunstgriff.net\/wp-content\/uploads\/2018\/08\/So-liebe-ich-die-Auslagen.jpg?resize=1024%2C683&amp;ssl=1 1024w, https:\/\/i0.wp.com\/blog.kunstgriff.net\/wp-content\/uploads\/2018\/08\/So-liebe-ich-die-Auslagen.jpg?w=1575&amp;ssl=1 1575w\" width=\"171\" height=\"114\" loading=\"lazy\" data-original-width=\"171\" data-original-height=\"114\" itemprop=\"http:\/\/schema.org\/image\" title=\"So liebe ich die Auslagen\" alt=\"So liebe ich die Auslagen\" style=\"width: 171px; height: 114px;\" \/> <\/a> <div class=\"tiled-gallery-caption\" itemprop=\"caption description\"> So liebe ich die Auslagen <\/div> <\/div> <\/div> <!-- close group --> <div class=\"gallery-group images-1\" style=\"width: 175px; height: 118px;\" data-original-width=\"175\" data-original-height=\"118\" > <div class=\"tiled-gallery-item tiled-gallery-item-small\" itemprop=\"associatedMedia\" itemscope itemtype=\"http:\/\/schema.org\/ImageObject\"> <a href=\"https:\/\/i0.wp.com\/blog.kunstgriff.net\/wp-content\/uploads\/2018\/08\/Schranken-zum-Wald-von-Arenberg.jpg?ssl=1\" border=\"0\" itemprop=\"url\"> <meta itemprop=\"width\" content=\"171\"> <meta itemprop=\"height\" content=\"114\"> <img decoding=\"async\" class=\"\" data-attachment-id=\"18396\" data-orig-file=\"https:\/\/blog.kunstgriff.net\/wp-content\/uploads\/2018\/08\/Schranken-zum-Wald-von-Arenberg.jpg\" data-orig-size=\"2500,1667\" data-comments-opened=\"1\" data-image-meta=\"{&quot;aperture&quot;:&quot;8&quot;,&quot;credit&quot;:&quot;&quot;,&quot;camera&quot;:&quot;TG-4&quot;,&quot;caption&quot;:&quot;OLYMPUS DIGITAL CAMERA&quot;,&quot;created_timestamp&quot;:&quot;1532519895&quot;,&quot;copyright&quot;:&quot;&quot;,&quot;focal_length&quot;:&quot;4.5&quot;,&quot;iso&quot;:&quot;100&quot;,&quot;shutter_speed&quot;:&quot;0.00625&quot;,&quot;title&quot;:&quot;OLYMPUS DIGITAL CAMERA&quot;,&quot;orientation&quot;:&quot;1&quot;}\" data-image-title=\"Schranken zum Wald von Arenberg\" data-image-description=\"\" data-medium-file=\"https:\/\/i0.wp.com\/blog.kunstgriff.net\/wp-content\/uploads\/2018\/08\/Schranken-zum-Wald-von-Arenberg.jpg?fit=300%2C200&#038;ssl=1\" data-large-file=\"https:\/\/i0.wp.com\/blog.kunstgriff.net\/wp-content\/uploads\/2018\/08\/Schranken-zum-Wald-von-Arenberg.jpg?fit=1024%2C683&#038;ssl=1\" src=\"https:\/\/i0.wp.com\/blog.kunstgriff.net\/wp-content\/uploads\/2018\/08\/Schranken-zum-Wald-von-Arenberg.jpg?w=171&#038;h=114&#038;ssl=1\" srcset=\"https:\/\/i0.wp.com\/blog.kunstgriff.net\/wp-content\/uploads\/2018\/08\/Schranken-zum-Wald-von-Arenberg.jpg?w=2500&amp;ssl=1 2500w, https:\/\/i0.wp.com\/blog.kunstgriff.net\/wp-content\/uploads\/2018\/08\/Schranken-zum-Wald-von-Arenberg.jpg?resize=300%2C200&amp;ssl=1 300w, https:\/\/i0.wp.com\/blog.kunstgriff.net\/wp-content\/uploads\/2018\/08\/Schranken-zum-Wald-von-Arenberg.jpg?resize=768%2C512&amp;ssl=1 768w, https:\/\/i0.wp.com\/blog.kunstgriff.net\/wp-content\/uploads\/2018\/08\/Schranken-zum-Wald-von-Arenberg.jpg?resize=1024%2C683&amp;ssl=1 1024w, https:\/\/i0.wp.com\/blog.kunstgriff.net\/wp-content\/uploads\/2018\/08\/Schranken-zum-Wald-von-Arenberg.jpg?w=1575&amp;ssl=1 1575w\" width=\"171\" height=\"114\" loading=\"lazy\" data-original-width=\"171\" data-original-height=\"114\" itemprop=\"http:\/\/schema.org\/image\" title=\"Schranken zum Wald von Arenberg\" alt=\"Schranken zum Wald von Arenberg\" style=\"width: 171px; height: 114px;\" \/> <\/a> <div class=\"tiled-gallery-caption\" itemprop=\"caption description\"> Schranken zum Wald von Arenberg <\/div> <\/div> <\/div> <!-- close group --> <\/div> <!-- close row --> <div class=\"gallery-row\" style=\"width: 525px; height: 235px;\" data-original-width=\"525\" data-original-height=\"235\" > <div class=\"gallery-group images-2\" style=\"width: 174px; height: 235px;\" data-original-width=\"174\" data-original-height=\"235\" > <div class=\"tiled-gallery-item tiled-gallery-item-small\" itemprop=\"associatedMedia\" itemscope itemtype=\"http:\/\/schema.org\/ImageObject\"> <a href=\"https:\/\/i0.wp.com\/blog.kunstgriff.net\/wp-content\/uploads\/2018\/08\/Beginn-des-Pav%C3%A9es-zum-Wald-von-Arenberg.jpg.jpg?ssl=1\" border=\"0\" itemprop=\"url\"> <meta itemprop=\"width\" content=\"170\"> <meta itemprop=\"height\" content=\"114\"> <img decoding=\"async\" class=\"\" data-attachment-id=\"18390\" data-orig-file=\"https:\/\/blog.kunstgriff.net\/wp-content\/uploads\/2018\/08\/Beginn-des-Pav\u00e9es-zum-Wald-von-Arenberg.jpg.jpg\" data-orig-size=\"2500,1667\" data-comments-opened=\"1\" data-image-meta=\"{&quot;aperture&quot;:&quot;2.8&quot;,&quot;credit&quot;:&quot;&quot;,&quot;camera&quot;:&quot;TG-4&quot;,&quot;caption&quot;:&quot;OLYMPUS DIGITAL CAMERA&quot;,&quot;created_timestamp&quot;:&quot;1532519923&quot;,&quot;copyright&quot;:&quot;&quot;,&quot;focal_length&quot;:&quot;4.5&quot;,&quot;iso&quot;:&quot;100&quot;,&quot;shutter_speed&quot;:&quot;0.001&quot;,&quot;title&quot;:&quot;OLYMPUS DIGITAL CAMERA&quot;,&quot;orientation&quot;:&quot;1&quot;}\" data-image-title=\"Beginn des Pav\u00e9es zum Wald von Arenberg.jpg\" data-image-description=\"\" data-medium-file=\"https:\/\/i0.wp.com\/blog.kunstgriff.net\/wp-content\/uploads\/2018\/08\/Beginn-des-Pav%C3%A9es-zum-Wald-von-Arenberg.jpg.jpg?fit=300%2C200&#038;ssl=1\" data-large-file=\"https:\/\/i0.wp.com\/blog.kunstgriff.net\/wp-content\/uploads\/2018\/08\/Beginn-des-Pav%C3%A9es-zum-Wald-von-Arenberg.jpg.jpg?fit=1024%2C683&#038;ssl=1\" src=\"https:\/\/i0.wp.com\/blog.kunstgriff.net\/wp-content\/uploads\/2018\/08\/Beginn-des-Pav%C3%A9es-zum-Wald-von-Arenberg.jpg.jpg?w=170&#038;h=114&#038;ssl=1\" width=\"170\" height=\"114\" loading=\"lazy\" data-original-width=\"170\" data-original-height=\"114\" itemprop=\"http:\/\/schema.org\/image\" title=\"Beginn des Pav\u00e9es zum Wald von Arenberg.jpg\" alt=\"Beginn des Pav\u00e9es zum Wald von Arenberg.jpg\" style=\"width: 170px; height: 114px;\" \/> <\/a> <div class=\"tiled-gallery-caption\" itemprop=\"caption description\"> Beginn des Pav\u00e9es zum Wald von Arenberg.jpg <\/div> <\/div> <div class=\"tiled-gallery-item tiled-gallery-item-small\" itemprop=\"associatedMedia\" itemscope itemtype=\"http:\/\/schema.org\/ImageObject\"> <a href=\"https:\/\/i0.wp.com\/blog.kunstgriff.net\/wp-content\/uploads\/2018\/08\/Beeindruckendes-Pflaster-im-Wald-von-Arenberg.jpg.jpg?ssl=1\" border=\"0\" itemprop=\"url\"> <meta itemprop=\"width\" content=\"170\"> <meta itemprop=\"height\" content=\"113\"> <img decoding=\"async\" class=\"\" data-attachment-id=\"18389\" data-orig-file=\"https:\/\/blog.kunstgriff.net\/wp-content\/uploads\/2018\/08\/Beeindruckendes-Pflaster-im-Wald-von-Arenberg.jpg.jpg\" data-orig-size=\"2500,1666\" data-comments-opened=\"1\" data-image-meta=\"{&quot;aperture&quot;:&quot;8&quot;,&quot;credit&quot;:&quot;&quot;,&quot;camera&quot;:&quot;TG-4&quot;,&quot;caption&quot;:&quot;OLYMPUS DIGITAL CAMERA&quot;,&quot;created_timestamp&quot;:&quot;1532519993&quot;,&quot;copyright&quot;:&quot;&quot;,&quot;focal_length&quot;:&quot;4.5&quot;,&quot;iso&quot;:&quot;100&quot;,&quot;shutter_speed&quot;:&quot;0.004&quot;,&quot;title&quot;:&quot;OLYMPUS DIGITAL CAMERA&quot;,&quot;orientation&quot;:&quot;1&quot;}\" data-image-title=\"Beeindruckendes Pflaster im Wald von Arenberg.jpg\" data-image-description=\"\" data-medium-file=\"https:\/\/i0.wp.com\/blog.kunstgriff.net\/wp-content\/uploads\/2018\/08\/Beeindruckendes-Pflaster-im-Wald-von-Arenberg.jpg.jpg?fit=300%2C200&#038;ssl=1\" data-large-file=\"https:\/\/i0.wp.com\/blog.kunstgriff.net\/wp-content\/uploads\/2018\/08\/Beeindruckendes-Pflaster-im-Wald-von-Arenberg.jpg.jpg?fit=1024%2C682&#038;ssl=1\" src=\"https:\/\/i0.wp.com\/blog.kunstgriff.net\/wp-content\/uploads\/2018\/08\/Beeindruckendes-Pflaster-im-Wald-von-Arenberg.jpg.jpg?w=170&#038;h=113&#038;ssl=1\" srcset=\"https:\/\/i0.wp.com\/blog.kunstgriff.net\/wp-content\/uploads\/2018\/08\/Beeindruckendes-Pflaster-im-Wald-von-Arenberg.jpg.jpg?w=2500&amp;ssl=1 2500w, https:\/\/i0.wp.com\/blog.kunstgriff.net\/wp-content\/uploads\/2018\/08\/Beeindruckendes-Pflaster-im-Wald-von-Arenberg.jpg.jpg?resize=300%2C200&amp;ssl=1 300w, https:\/\/i0.wp.com\/blog.kunstgriff.net\/wp-content\/uploads\/2018\/08\/Beeindruckendes-Pflaster-im-Wald-von-Arenberg.jpg.jpg?resize=768%2C512&amp;ssl=1 768w, https:\/\/i0.wp.com\/blog.kunstgriff.net\/wp-content\/uploads\/2018\/08\/Beeindruckendes-Pflaster-im-Wald-von-Arenberg.jpg.jpg?resize=1024%2C682&amp;ssl=1 1024w, https:\/\/i0.wp.com\/blog.kunstgriff.net\/wp-content\/uploads\/2018\/08\/Beeindruckendes-Pflaster-im-Wald-von-Arenberg.jpg.jpg?w=1575&amp;ssl=1 1575w\" width=\"170\" height=\"113\" loading=\"lazy\" data-original-width=\"170\" data-original-height=\"113\" itemprop=\"http:\/\/schema.org\/image\" title=\"Beeindruckendes Pflaster im Wald von Arenberg.jpg\" alt=\"Beeindruckendes Pflaster im Wald von Arenberg.jpg\" style=\"width: 170px; height: 113px;\" \/> <\/a> <div class=\"tiled-gallery-caption\" itemprop=\"caption description\"> Beeindruckendes Pflaster im Wald von Arenberg.jpg <\/div> <\/div> <\/div> <!-- close group --> <div class=\"gallery-group images-1\" style=\"width: 351px; height: 235px;\" data-original-width=\"351\" data-original-height=\"235\" > <div class=\"tiled-gallery-item tiled-gallery-item-large\" itemprop=\"associatedMedia\" itemscope itemtype=\"http:\/\/schema.org\/ImageObject\"> <a href=\"https:\/\/i0.wp.com\/blog.kunstgriff.net\/wp-content\/uploads\/2018\/08\/Atom-Idyll.jpg?ssl=1\" border=\"0\" itemprop=\"url\"> <meta itemprop=\"width\" content=\"347\"> <meta itemprop=\"height\" content=\"231\"> <img decoding=\"async\" class=\"\" data-attachment-id=\"18388\" data-orig-file=\"https:\/\/blog.kunstgriff.net\/wp-content\/uploads\/2018\/08\/Atom-Idyll.jpg\" data-orig-size=\"2500,1667\" data-comments-opened=\"1\" data-image-meta=\"{&quot;aperture&quot;:&quot;8&quot;,&quot;credit&quot;:&quot;&quot;,&quot;camera&quot;:&quot;TG-4&quot;,&quot;caption&quot;:&quot;OLYMPUS DIGITAL CAMERA&quot;,&quot;created_timestamp&quot;:&quot;1532522702&quot;,&quot;copyright&quot;:&quot;&quot;,&quot;focal_length&quot;:&quot;4.5&quot;,&quot;iso&quot;:&quot;100&quot;,&quot;shutter_speed&quot;:&quot;0.005&quot;,&quot;title&quot;:&quot;OLYMPUS DIGITAL CAMERA&quot;,&quot;orientation&quot;:&quot;1&quot;}\" data-image-title=\"Atom-Idyll\" data-image-description=\"\" data-medium-file=\"https:\/\/i0.wp.com\/blog.kunstgriff.net\/wp-content\/uploads\/2018\/08\/Atom-Idyll.jpg?fit=300%2C200&#038;ssl=1\" data-large-file=\"https:\/\/i0.wp.com\/blog.kunstgriff.net\/wp-content\/uploads\/2018\/08\/Atom-Idyll.jpg?fit=1024%2C683&#038;ssl=1\" src=\"https:\/\/i0.wp.com\/blog.kunstgriff.net\/wp-content\/uploads\/2018\/08\/Atom-Idyll.jpg?w=347&#038;h=231&#038;ssl=1\" srcset=\"https:\/\/i0.wp.com\/blog.kunstgriff.net\/wp-content\/uploads\/2018\/08\/Atom-Idyll.jpg?w=2500&amp;ssl=1 2500w, https:\/\/i0.wp.com\/blog.kunstgriff.net\/wp-content\/uploads\/2018\/08\/Atom-Idyll.jpg?resize=300%2C200&amp;ssl=1 300w, https:\/\/i0.wp.com\/blog.kunstgriff.net\/wp-content\/uploads\/2018\/08\/Atom-Idyll.jpg?resize=768%2C512&amp;ssl=1 768w, https:\/\/i0.wp.com\/blog.kunstgriff.net\/wp-content\/uploads\/2018\/08\/Atom-Idyll.jpg?resize=1024%2C683&amp;ssl=1 1024w, https:\/\/i0.wp.com\/blog.kunstgriff.net\/wp-content\/uploads\/2018\/08\/Atom-Idyll.jpg?w=1575&amp;ssl=1 1575w\" width=\"347\" height=\"231\" loading=\"lazy\" data-original-width=\"347\" data-original-height=\"231\" itemprop=\"http:\/\/schema.org\/image\" title=\"Atom-Idyll\" alt=\"Atom-Idyll\" style=\"width: 347px; height: 231px;\" \/> <\/a> <div class=\"tiled-gallery-caption\" itemprop=\"caption description\"> Atom-Idyll <\/div> <\/div> <\/div> <!-- close group --> <\/div> <!-- close row --> <div class=\"gallery-row\" style=\"width: 525px; height: 176px;\" data-original-width=\"525\" data-original-height=\"176\" > <div class=\"gallery-group images-1\" style=\"width: 263px; height: 176px;\" data-original-width=\"263\" data-original-height=\"176\" > <div class=\"tiled-gallery-item tiled-gallery-item-large\" itemprop=\"associatedMedia\" itemscope itemtype=\"http:\/\/schema.org\/ImageObject\"> <a href=\"https:\/\/i0.wp.com\/blog.kunstgriff.net\/wp-content\/uploads\/2018\/08\/hartes-Pflaster.jpg?ssl=1\" border=\"0\" itemprop=\"url\"> <meta itemprop=\"width\" content=\"259\"> <meta itemprop=\"height\" content=\"172\"> <img decoding=\"async\" class=\"\" data-attachment-id=\"18393\" data-orig-file=\"https:\/\/blog.kunstgriff.net\/wp-content\/uploads\/2018\/08\/hartes-Pflaster.jpg\" data-orig-size=\"2500,1667\" data-comments-opened=\"1\" data-image-meta=\"{&quot;aperture&quot;:&quot;8&quot;,&quot;credit&quot;:&quot;&quot;,&quot;camera&quot;:&quot;TG-4&quot;,&quot;caption&quot;:&quot;OLYMPUS DIGITAL CAMERA&quot;,&quot;created_timestamp&quot;:&quot;1532522929&quot;,&quot;copyright&quot;:&quot;&quot;,&quot;focal_length&quot;:&quot;4.5&quot;,&quot;iso&quot;:&quot;100&quot;,&quot;shutter_speed&quot;:&quot;0.005&quot;,&quot;title&quot;:&quot;OLYMPUS DIGITAL CAMERA&quot;,&quot;orientation&quot;:&quot;1&quot;}\" data-image-title=\"hartes Pflaster\" data-image-description=\"\" data-medium-file=\"https:\/\/i0.wp.com\/blog.kunstgriff.net\/wp-content\/uploads\/2018\/08\/hartes-Pflaster.jpg?fit=300%2C200&#038;ssl=1\" data-large-file=\"https:\/\/i0.wp.com\/blog.kunstgriff.net\/wp-content\/uploads\/2018\/08\/hartes-Pflaster.jpg?fit=1024%2C683&#038;ssl=1\" src=\"https:\/\/i0.wp.com\/blog.kunstgriff.net\/wp-content\/uploads\/2018\/08\/hartes-Pflaster.jpg?w=259&#038;h=172&#038;ssl=1\" srcset=\"https:\/\/i0.wp.com\/blog.kunstgriff.net\/wp-content\/uploads\/2018\/08\/hartes-Pflaster.jpg?w=2500&amp;ssl=1 2500w, https:\/\/i0.wp.com\/blog.kunstgriff.net\/wp-content\/uploads\/2018\/08\/hartes-Pflaster.jpg?resize=300%2C200&amp;ssl=1 300w, https:\/\/i0.wp.com\/blog.kunstgriff.net\/wp-content\/uploads\/2018\/08\/hartes-Pflaster.jpg?resize=768%2C512&amp;ssl=1 768w, https:\/\/i0.wp.com\/blog.kunstgriff.net\/wp-content\/uploads\/2018\/08\/hartes-Pflaster.jpg?resize=1024%2C683&amp;ssl=1 1024w, https:\/\/i0.wp.com\/blog.kunstgriff.net\/wp-content\/uploads\/2018\/08\/hartes-Pflaster.jpg?w=1575&amp;ssl=1 1575w\" width=\"259\" height=\"172\" loading=\"lazy\" data-original-width=\"259\" data-original-height=\"172\" itemprop=\"http:\/\/schema.org\/image\" title=\"hartes Pflaster\" alt=\"hartes Pflaster\" style=\"width: 259px; height: 172px;\" \/> <\/a> <div class=\"tiled-gallery-caption\" itemprop=\"caption description\"> hartes Pflaster <\/div> <\/div> <\/div> <!-- close group --> <div class=\"gallery-group images-1\" style=\"width: 262px; height: 176px;\" data-original-width=\"262\" data-original-height=\"176\" > <div class=\"tiled-gallery-item tiled-gallery-item-large\" itemprop=\"associatedMedia\" itemscope itemtype=\"http:\/\/schema.org\/ImageObject\"> <a href=\"https:\/\/i0.wp.com\/blog.kunstgriff.net\/wp-content\/uploads\/2018\/08\/Ups-hier-hat-sich-der-Froom-bei-der-TdF-gelegt.jpg?ssl=1\" border=\"0\" itemprop=\"url\"> <meta itemprop=\"width\" content=\"258\"> <meta itemprop=\"height\" content=\"172\"> <img decoding=\"async\" class=\"\" data-attachment-id=\"18401\" data-orig-file=\"https:\/\/blog.kunstgriff.net\/wp-content\/uploads\/2018\/08\/Ups-hier-hat-sich-der-Froom-bei-der-TdF-gelegt.jpg\" data-orig-size=\"2500,1667\" data-comments-opened=\"1\" data-image-meta=\"{&quot;aperture&quot;:&quot;8&quot;,&quot;credit&quot;:&quot;&quot;,&quot;camera&quot;:&quot;TG-4&quot;,&quot;caption&quot;:&quot;OLYMPUS DIGITAL CAMERA&quot;,&quot;created_timestamp&quot;:&quot;1532524941&quot;,&quot;copyright&quot;:&quot;&quot;,&quot;focal_length&quot;:&quot;4.5&quot;,&quot;iso&quot;:&quot;100&quot;,&quot;shutter_speed&quot;:&quot;0.0025&quot;,&quot;title&quot;:&quot;OLYMPUS DIGITAL CAMERA&quot;,&quot;orientation&quot;:&quot;1&quot;}\" data-image-title=\"Ups-hier hat sich der Froom bei der TdF gelegt\" data-image-description=\"\" data-medium-file=\"https:\/\/i0.wp.com\/blog.kunstgriff.net\/wp-content\/uploads\/2018\/08\/Ups-hier-hat-sich-der-Froom-bei-der-TdF-gelegt.jpg?fit=300%2C200&#038;ssl=1\" data-large-file=\"https:\/\/i0.wp.com\/blog.kunstgriff.net\/wp-content\/uploads\/2018\/08\/Ups-hier-hat-sich-der-Froom-bei-der-TdF-gelegt.jpg?fit=1024%2C683&#038;ssl=1\" src=\"https:\/\/i0.wp.com\/blog.kunstgriff.net\/wp-content\/uploads\/2018\/08\/Ups-hier-hat-sich-der-Froom-bei-der-TdF-gelegt.jpg?w=258&#038;h=172&#038;ssl=1\" srcset=\"https:\/\/i0.wp.com\/blog.kunstgriff.net\/wp-content\/uploads\/2018\/08\/Ups-hier-hat-sich-der-Froom-bei-der-TdF-gelegt.jpg?w=2500&amp;ssl=1 2500w, https:\/\/i0.wp.com\/blog.kunstgriff.net\/wp-content\/uploads\/2018\/08\/Ups-hier-hat-sich-der-Froom-bei-der-TdF-gelegt.jpg?resize=300%2C200&amp;ssl=1 300w, https:\/\/i0.wp.com\/blog.kunstgriff.net\/wp-content\/uploads\/2018\/08\/Ups-hier-hat-sich-der-Froom-bei-der-TdF-gelegt.jpg?resize=768%2C512&amp;ssl=1 768w, https:\/\/i0.wp.com\/blog.kunstgriff.net\/wp-content\/uploads\/2018\/08\/Ups-hier-hat-sich-der-Froom-bei-der-TdF-gelegt.jpg?resize=1024%2C683&amp;ssl=1 1024w, https:\/\/i0.wp.com\/blog.kunstgriff.net\/wp-content\/uploads\/2018\/08\/Ups-hier-hat-sich-der-Froom-bei-der-TdF-gelegt.jpg?w=1575&amp;ssl=1 1575w\" width=\"258\" height=\"172\" loading=\"lazy\" data-original-width=\"258\" data-original-height=\"172\" itemprop=\"http:\/\/schema.org\/image\" title=\"Ups-hier hat sich der Froom bei der TdF gelegt\" alt=\"Ups-hier hat sich der Froom bei der TdF gelegt\" style=\"width: 258px; height: 172px;\" \/> <\/a> <div class=\"tiled-gallery-caption\" itemprop=\"caption description\"> Ups-hier hat sich der Froom bei der TdF gelegt <\/div> <\/div> <\/div> <!-- close group --> <\/div> <!-- close row --> <div class=\"gallery-row\" style=\"width: 525px; height: 234px;\" data-original-width=\"525\" data-original-height=\"234\" > <div class=\"gallery-group images-1\" style=\"width: 177px; height: 234px;\" data-original-width=\"177\" data-original-height=\"234\" > <div class=\"tiled-gallery-item tiled-gallery-item-small\" itemprop=\"associatedMedia\" itemscope itemtype=\"http:\/\/schema.org\/ImageObject\"> <a href=\"https:\/\/i0.wp.com\/blog.kunstgriff.net\/wp-content\/uploads\/2018\/08\/Endlich-im-Rad-Olymp-Roubaix.jpg?ssl=1\" border=\"0\" itemprop=\"url\"> <meta itemprop=\"width\" content=\"173\"> <meta itemprop=\"height\" content=\"230\"> <img decoding=\"async\" class=\"\" data-attachment-id=\"18392\" data-orig-file=\"https:\/\/blog.kunstgriff.net\/wp-content\/uploads\/2018\/08\/Endlich-im-Rad-Olymp-Roubaix.jpg\" data-orig-size=\"2320,3088\" data-comments-opened=\"1\" data-image-meta=\"{&quot;aperture&quot;:&quot;2.2&quot;,&quot;credit&quot;:&quot;&quot;,&quot;camera&quot;:&quot;iPhone X&quot;,&quot;caption&quot;:&quot;&quot;,&quot;created_timestamp&quot;:&quot;1532531030&quot;,&quot;copyright&quot;:&quot;&quot;,&quot;focal_length&quot;:&quot;2.87&quot;,&quot;iso&quot;:&quot;20&quot;,&quot;shutter_speed&quot;:&quot;0.0019646365422397&quot;,&quot;title&quot;:&quot;&quot;,&quot;orientation&quot;:&quot;1&quot;}\" data-image-title=\"Endlich im Rad-Olymp &amp;#8211; Roubaix\" data-image-description=\"\" data-medium-file=\"https:\/\/i0.wp.com\/blog.kunstgriff.net\/wp-content\/uploads\/2018\/08\/Endlich-im-Rad-Olymp-Roubaix.jpg?fit=225%2C300&#038;ssl=1\" data-large-file=\"https:\/\/i0.wp.com\/blog.kunstgriff.net\/wp-content\/uploads\/2018\/08\/Endlich-im-Rad-Olymp-Roubaix.jpg?fit=769%2C1024&#038;ssl=1\" src=\"https:\/\/i0.wp.com\/blog.kunstgriff.net\/wp-content\/uploads\/2018\/08\/Endlich-im-Rad-Olymp-Roubaix.jpg?w=173&#038;h=230&#038;ssl=1\" srcset=\"https:\/\/i0.wp.com\/blog.kunstgriff.net\/wp-content\/uploads\/2018\/08\/Endlich-im-Rad-Olymp-Roubaix.jpg?w=2320&amp;ssl=1 2320w, https:\/\/i0.wp.com\/blog.kunstgriff.net\/wp-content\/uploads\/2018\/08\/Endlich-im-Rad-Olymp-Roubaix.jpg?resize=225%2C300&amp;ssl=1 225w, https:\/\/i0.wp.com\/blog.kunstgriff.net\/wp-content\/uploads\/2018\/08\/Endlich-im-Rad-Olymp-Roubaix.jpg?resize=768%2C1022&amp;ssl=1 768w, https:\/\/i0.wp.com\/blog.kunstgriff.net\/wp-content\/uploads\/2018\/08\/Endlich-im-Rad-Olymp-Roubaix.jpg?resize=769%2C1024&amp;ssl=1 769w, https:\/\/i0.wp.com\/blog.kunstgriff.net\/wp-content\/uploads\/2018\/08\/Endlich-im-Rad-Olymp-Roubaix.jpg?w=1050&amp;ssl=1 1050w, https:\/\/i0.wp.com\/blog.kunstgriff.net\/wp-content\/uploads\/2018\/08\/Endlich-im-Rad-Olymp-Roubaix.jpg?w=1575&amp;ssl=1 1575w\" width=\"173\" height=\"230\" loading=\"lazy\" data-original-width=\"173\" data-original-height=\"230\" itemprop=\"http:\/\/schema.org\/image\" title=\"Endlich im Rad-Olymp - Roubaix\" alt=\"Endlich im Rad-Olymp - Roubaix\" style=\"width: 173px; height: 230px;\" \/> <\/a> <div class=\"tiled-gallery-caption\" itemprop=\"caption description\"> Endlich im Rad-Olymp &#8211; Roubaix <\/div> <\/div> <\/div> <!-- close group --> <div class=\"gallery-group images-1\" style=\"width: 348px; height: 234px;\" data-original-width=\"348\" data-original-height=\"234\" > <div class=\"tiled-gallery-item tiled-gallery-item-large\" itemprop=\"associatedMedia\" itemscope itemtype=\"http:\/\/schema.org\/ImageObject\"> <a href=\"https:\/\/i0.wp.com\/blog.kunstgriff.net\/wp-content\/uploads\/2018\/08\/Le-v%C3%A9lodrome-de-Roubaix.jpg?ssl=1\" border=\"0\" itemprop=\"url\"> <meta itemprop=\"width\" content=\"344\"> <meta itemprop=\"height\" content=\"230\"> <img decoding=\"async\" class=\"\" data-attachment-id=\"18395\" data-orig-file=\"https:\/\/blog.kunstgriff.net\/wp-content\/uploads\/2018\/08\/Le-v\u00e9lodrome-de-Roubaix.jpg\" data-orig-size=\"2500,1667\" data-comments-opened=\"1\" data-image-meta=\"{&quot;aperture&quot;:&quot;8&quot;,&quot;credit&quot;:&quot;&quot;,&quot;camera&quot;:&quot;TG-4&quot;,&quot;caption&quot;:&quot;OLYMPUS DIGITAL CAMERA&quot;,&quot;created_timestamp&quot;:&quot;1532531518&quot;,&quot;copyright&quot;:&quot;&quot;,&quot;focal_length&quot;:&quot;4.5&quot;,&quot;iso&quot;:&quot;100&quot;,&quot;shutter_speed&quot;:&quot;0.004&quot;,&quot;title&quot;:&quot;OLYMPUS DIGITAL CAMERA&quot;,&quot;orientation&quot;:&quot;1&quot;}\" data-image-title=\"Le v\u00e9lodrome de Roubaix\" data-image-description=\"\" data-medium-file=\"https:\/\/i0.wp.com\/blog.kunstgriff.net\/wp-content\/uploads\/2018\/08\/Le-v%C3%A9lodrome-de-Roubaix.jpg?fit=300%2C200&#038;ssl=1\" data-large-file=\"https:\/\/i0.wp.com\/blog.kunstgriff.net\/wp-content\/uploads\/2018\/08\/Le-v%C3%A9lodrome-de-Roubaix.jpg?fit=1024%2C683&#038;ssl=1\" src=\"https:\/\/i0.wp.com\/blog.kunstgriff.net\/wp-content\/uploads\/2018\/08\/Le-v%C3%A9lodrome-de-Roubaix.jpg?w=344&#038;h=230&#038;ssl=1\" width=\"344\" height=\"230\" loading=\"lazy\" data-original-width=\"344\" data-original-height=\"230\" itemprop=\"http:\/\/schema.org\/image\" title=\"Le v\u00e9lodrome de Roubaix\" alt=\"Le v\u00e9lodrome de Roubaix\" style=\"width: 344px; height: 230px;\" \/> <\/a> <div class=\"tiled-gallery-caption\" itemprop=\"caption description\"> Le v\u00e9lodrome de Roubaix <\/div> <\/div> <\/div> <!-- close group --> <\/div> <!-- close row --> <div class=\"gallery-row\" style=\"width: 525px; height: 699px;\" data-original-width=\"525\" data-original-height=\"699\" > <div class=\"gallery-group images-1\" style=\"width: 525px; height: 699px;\" data-original-width=\"525\" data-original-height=\"699\" > <div class=\"tiled-gallery-item tiled-gallery-item-large\" itemprop=\"associatedMedia\" itemscope itemtype=\"http:\/\/schema.org\/ImageObject\"> <a href=\"https:\/\/i0.wp.com\/blog.kunstgriff.net\/wp-content\/uploads\/2018\/08\/Sonnenuntergang.jpg?ssl=1\" border=\"0\" itemprop=\"url\"> <meta itemprop=\"width\" content=\"521\"> <meta itemprop=\"height\" content=\"695\"> <img decoding=\"async\" class=\"\" data-attachment-id=\"18398\" data-orig-file=\"https:\/\/blog.kunstgriff.net\/wp-content\/uploads\/2018\/08\/Sonnenuntergang.jpg\" data-orig-size=\"2500,3333\" data-comments-opened=\"1\" data-image-meta=\"{&quot;aperture&quot;:&quot;2.4&quot;,&quot;credit&quot;:&quot;&quot;,&quot;camera&quot;:&quot;iPhone X&quot;,&quot;caption&quot;:&quot;&quot;,&quot;created_timestamp&quot;:&quot;1532553681&quot;,&quot;copyright&quot;:&quot;&quot;,&quot;focal_length&quot;:&quot;6&quot;,&quot;iso&quot;:&quot;16&quot;,&quot;shutter_speed&quot;:&quot;0.0072992700729927&quot;,&quot;title&quot;:&quot;&quot;,&quot;orientation&quot;:&quot;1&quot;}\" data-image-title=\"Sonnenuntergang\" data-image-description=\"\" data-medium-file=\"https:\/\/i0.wp.com\/blog.kunstgriff.net\/wp-content\/uploads\/2018\/08\/Sonnenuntergang.jpg?fit=225%2C300&#038;ssl=1\" data-large-file=\"https:\/\/i0.wp.com\/blog.kunstgriff.net\/wp-content\/uploads\/2018\/08\/Sonnenuntergang.jpg?fit=768%2C1024&#038;ssl=1\" src=\"https:\/\/i0.wp.com\/blog.kunstgriff.net\/wp-content\/uploads\/2018\/08\/Sonnenuntergang.jpg?w=521&#038;h=695&#038;ssl=1\" srcset=\"https:\/\/i0.wp.com\/blog.kunstgriff.net\/wp-content\/uploads\/2018\/08\/Sonnenuntergang.jpg?w=2500&amp;ssl=1 2500w, https:\/\/i0.wp.com\/blog.kunstgriff.net\/wp-content\/uploads\/2018\/08\/Sonnenuntergang.jpg?resize=225%2C300&amp;ssl=1 225w, https:\/\/i0.wp.com\/blog.kunstgriff.net\/wp-content\/uploads\/2018\/08\/Sonnenuntergang.jpg?resize=768%2C1024&amp;ssl=1 768w, https:\/\/i0.wp.com\/blog.kunstgriff.net\/wp-content\/uploads\/2018\/08\/Sonnenuntergang.jpg?w=1050&amp;ssl=1 1050w, https:\/\/i0.wp.com\/blog.kunstgriff.net\/wp-content\/uploads\/2018\/08\/Sonnenuntergang.jpg?w=1575&amp;ssl=1 1575w\" width=\"521\" height=\"695\" loading=\"lazy\" data-original-width=\"521\" data-original-height=\"695\" itemprop=\"http:\/\/schema.org\/image\" title=\"Sonnenuntergang\" alt=\"Sonnenuntergang\" style=\"width: 521px; height: 695px;\" \/> <\/a> <div class=\"tiled-gallery-caption\" itemprop=\"caption description\"> Sonnenuntergang <\/div> <\/div> <\/div> <!-- close group --> <\/div> <!-- close row --> <\/div>\n<div style=\"width: 525px;\" class=\"wp-video\"><video class=\"wp-video-shortcode\" id=\"video-18383-2\" width=\"525\" height=\"295\" preload=\"metadata\" controls=\"controls\"><source type=\"video\/mp4\" src=\"https:\/\/blog.kunstgriff.net\/wp-content\/uploads\/2018\/08\/Relive-Fahrt-am-Morgen-25-07.mp4?_=2\" \/><a href=\"https:\/\/blog.kunstgriff.net\/wp-content\/uploads\/2018\/08\/Relive-Fahrt-am-Morgen-25-07.mp4\">https:\/\/blog.kunstgriff.net\/wp-content\/uploads\/2018\/08\/Relive-Fahrt-am-Morgen-25-07.mp4<\/a><\/video><\/div>\n<p>&nbsp;<\/p>\n","protected":false},"excerpt":{"rendered":"<p>Maubeuge \u2013 Roubaix Heute stand eine ganz besondere Etappe auf dem Programm: Es sollte auf traditionsbehafteten Kopfsteinpflaster-Passagen nach Roubaix gehen! Johannes, unser Strecken-Pabst, hatte keine M\u00fche gescheut und genau die Segmente aus dem Fr\u00fchjahres-Klassiker Paris\u2013Roubaix eingebaut, welche die Profis sonst auch unter die R\u00e4der nehmen. Bis zum Buffet war aber erstmal toller Asphalt, der f\u00fcr &hellip; <\/p>\n<p class=\"link-more\"><a href=\"https:\/\/blog.kunstgriff.net\/?p=18383\" class=\"more-link\"><span class=\"screen-reader-text\">\u201eERT 2018: Belgien 4. Etappe\u201c <\/span>weiterlesen<\/a><\/p>\n","protected":false},"author":2,"featured_media":18389,"comment_status":"open","ping_status":"open","sticky":false,"template":"","format":"standard","meta":{"jetpack_post_was_ever_published":false,"_jetpack_newsletter_access":"","_jetpack_dont_email_post_to_subs":false,"_jetpack_newsletter_tier_id":0,"_jetpack_memberships_contains_paywalled_content":false,"_jetpack_memberships_contains_paid_content":false,"footnotes":""},"categories":[14,13,7],"tags":[],"class_list":["post-18383","post","type-post","status-publish","format-standard","has-post-thumbnail","hentry","category-radfahren","category-radreise","category-rennradfahren"],"jetpack_featured_media_url":"https:\/\/i0.wp.com\/blog.kunstgriff.net\/wp-content\/uploads\/2018\/08\/Beeindruckendes-Pflaster-im-Wald-von-Arenberg.jpg.jpg?fit=2500%2C1666&ssl=1","jetpack_shortlink":"https:\/\/wp.me\/p8Cxe7-4Mv","jetpack-related-posts":[{"id":18409,"url":"https:\/\/blog.kunstgriff.net\/?p=18409","url_meta":{"origin":18383,"position":0},"title":"ERT 2018: Belgien 5. Etappe","author":"Georg","date":"Juli 26, 2018","format":false,"excerpt":"Roubaix \u2013 Oostende Der Tag begann mit einem typisch \u00fcbersichtlichen franz\u00f6sischen Fr\u00fchst\u00fccksb\u00fcffet ohne Wurst & K\u00e4se. Mir wars egal, dem Marc nicht. Daf\u00fcr ging es mit zwei Nutella-Croissants intus f\u00fcr mich auf die Piste. Landschaftlich erstmal eher unspektakul\u00e4r, allerdings an jeder Ecke sehr geschichtstr\u00e4chtige Spots. Vor ziemlich genau 100 Jahren\u2026","rel":"","context":"In &quot;Radfahren&quot;","block_context":{"text":"Radfahren","link":"https:\/\/blog.kunstgriff.net\/?cat=14"},"img":{"alt_text":"","src":"https:\/\/i0.wp.com\/blog.kunstgriff.net\/wp-content\/uploads\/2018\/08\/Hier-war-vor-100-Jahren-bitterer-Krieg.jpg?fit=1200%2C800&ssl=1&resize=350%2C200","width":350,"height":200,"srcset":"https:\/\/i0.wp.com\/blog.kunstgriff.net\/wp-content\/uploads\/2018\/08\/Hier-war-vor-100-Jahren-bitterer-Krieg.jpg?fit=1200%2C800&ssl=1&resize=350%2C200 1x, https:\/\/i0.wp.com\/blog.kunstgriff.net\/wp-content\/uploads\/2018\/08\/Hier-war-vor-100-Jahren-bitterer-Krieg.jpg?fit=1200%2C800&ssl=1&resize=525%2C300 1.5x, https:\/\/i0.wp.com\/blog.kunstgriff.net\/wp-content\/uploads\/2018\/08\/Hier-war-vor-100-Jahren-bitterer-Krieg.jpg?fit=1200%2C800&ssl=1&resize=700%2C400 2x, https:\/\/i0.wp.com\/blog.kunstgriff.net\/wp-content\/uploads\/2018\/08\/Hier-war-vor-100-Jahren-bitterer-Krieg.jpg?fit=1200%2C800&ssl=1&resize=1050%2C600 3x"},"classes":[]},{"id":11455,"url":"https:\/\/blog.kunstgriff.net\/?p=11455","url_meta":{"origin":18383,"position":1},"title":"ErgoPlanet-Paris Brest Paris &#8211; Etappe 5","author":"Georg","date":"M\u00e4rz 15, 2014","format":false,"excerpt":"oder \u00bbAngst vor dem Wetter\u00ab In der Nacht zog ein grosse Regenfront durch, die mich vom Laufen mit Papa und von der 1. RTF von M\u00f6we Britz abhielt. Was tun? Bewegung musste sein! Der Entschluss war schnell gefasst: Mein geliebtes ErgoBike musste f\u00fcr eine weitere Etappe herhalten. Eigentlich hatte ich\u2026","rel":"","context":"In &quot;Ergometer Training&quot;","block_context":{"text":"Ergometer Training","link":"https:\/\/blog.kunstgriff.net\/?cat=15"},"img":{"alt_text":"","src":"","width":0,"height":0},"classes":[]},{"id":18377,"url":"https:\/\/blog.kunstgriff.net\/?p=18377","url_meta":{"origin":18383,"position":2},"title":"ERT 2018: Belgien 3. Etappe","author":"Georg","date":"Juli 24, 2018","format":false,"excerpt":"Namur \u2013 Maubeuge Nach dem leckeren und erneut sehr umfangreichen Fr\u00fchst\u00fcck ging es heute auf die lange Strecke, die mit 178 km annonciert war. \u00dcberschaubare 2.000 H\u00f6henmeter waren inklusive. Mein Plan war, wieder alleine zu fahren. Ein willkommene Abwechslung zum Truppen-Trubel. Die ersten Kilometer fuhr ich dann doch mit Marc,\u2026","rel":"","context":"In &quot;Radfahren&quot;","block_context":{"text":"Radfahren","link":"https:\/\/blog.kunstgriff.net\/?cat=14"},"img":{"alt_text":"","src":"https:\/\/i0.wp.com\/blog.kunstgriff.net\/wp-content\/uploads\/2018\/08\/da-lacht-das-Herz-keine-Autos-weit-breit.jpg?fit=1200%2C800&ssl=1&resize=350%2C200","width":350,"height":200,"srcset":"https:\/\/i0.wp.com\/blog.kunstgriff.net\/wp-content\/uploads\/2018\/08\/da-lacht-das-Herz-keine-Autos-weit-breit.jpg?fit=1200%2C800&ssl=1&resize=350%2C200 1x, https:\/\/i0.wp.com\/blog.kunstgriff.net\/wp-content\/uploads\/2018\/08\/da-lacht-das-Herz-keine-Autos-weit-breit.jpg?fit=1200%2C800&ssl=1&resize=525%2C300 1.5x, https:\/\/i0.wp.com\/blog.kunstgriff.net\/wp-content\/uploads\/2018\/08\/da-lacht-das-Herz-keine-Autos-weit-breit.jpg?fit=1200%2C800&ssl=1&resize=700%2C400 2x, https:\/\/i0.wp.com\/blog.kunstgriff.net\/wp-content\/uploads\/2018\/08\/da-lacht-das-Herz-keine-Autos-weit-breit.jpg?fit=1200%2C800&ssl=1&resize=1050%2C600 3x"},"classes":[]},{"id":16712,"url":"https:\/\/blog.kunstgriff.net\/?p=16712","url_meta":{"origin":18383,"position":3},"title":"ERT 2017: Pyren\u00e4en 12. Etappe","author":"Georg","date":"September 30, 2017","format":false,"excerpt":"Berga \u2013 Barcelona Sehr schade, denn die diesj\u00e4hrige Europa-Rad-Tour des WfF geht mit dieser Etappe zu Ende. Aber erstmal m\u00fcssen wir ja zur\u00fcck nach Barcelona. Ein kurzer Blick auf das Streckenprofil offenbarte, da\u00df dieses Vorhaben nicht all zu herausfordernd werden w\u00fcrde, denn es ging tendenziell eher bergab. Allerdings hatte der\u2026","rel":"","context":"In &quot;Radfahren&quot;","block_context":{"text":"Radfahren","link":"https:\/\/blog.kunstgriff.net\/?cat=14"},"img":{"alt_text":"","src":"https:\/\/i0.wp.com\/blog.kunstgriff.net\/wp-content\/uploads\/2017\/10\/Letztes-Gruppenfoto-vor-der-letzten-Etappe.jpg?fit=1200%2C800&ssl=1&resize=350%2C200","width":350,"height":200,"srcset":"https:\/\/i0.wp.com\/blog.kunstgriff.net\/wp-content\/uploads\/2017\/10\/Letztes-Gruppenfoto-vor-der-letzten-Etappe.jpg?fit=1200%2C800&ssl=1&resize=350%2C200 1x, https:\/\/i0.wp.com\/blog.kunstgriff.net\/wp-content\/uploads\/2017\/10\/Letztes-Gruppenfoto-vor-der-letzten-Etappe.jpg?fit=1200%2C800&ssl=1&resize=525%2C300 1.5x, https:\/\/i0.wp.com\/blog.kunstgriff.net\/wp-content\/uploads\/2017\/10\/Letztes-Gruppenfoto-vor-der-letzten-Etappe.jpg?fit=1200%2C800&ssl=1&resize=700%2C400 2x, https:\/\/i0.wp.com\/blog.kunstgriff.net\/wp-content\/uploads\/2017\/10\/Letztes-Gruppenfoto-vor-der-letzten-Etappe.jpg?fit=1200%2C800&ssl=1&resize=1050%2C600 3x"},"classes":[]},{"id":18274,"url":"https:\/\/blog.kunstgriff.net\/?p=18274","url_meta":{"origin":18383,"position":4},"title":"P\u00e4wesin-Runde #4","author":"Georg","date":"Juli 15, 2018","format":false,"excerpt":"Kuchen-Hunni mit Alex Nachdem ich ja gestern etwas l\u00e4nger unterwegs war, wollte ich heute auch fahren, aber nur eine etwas k\u00fcrzere Runde. Alex wollte auch mal wieder nach P\u00e4wesin zum Backwahn und so stand der Plan. Obwohl wir diese Runde auf Cake-Ride annonciert, fanden sich keine weiteren MitfahrerInnen. Schade. Um\u2026","rel":"","context":"In &quot;Cake-Ride&quot;","block_context":{"text":"Cake-Ride","link":"https:\/\/blog.kunstgriff.net\/?cat=34"},"img":{"alt_text":"","src":"https:\/\/i0.wp.com\/blog.kunstgriff.net\/wp-content\/uploads\/2018\/07\/Den-Karsten-eingesammelt.jpg?fit=1200%2C800&ssl=1&resize=350%2C200","width":350,"height":200,"srcset":"https:\/\/i0.wp.com\/blog.kunstgriff.net\/wp-content\/uploads\/2018\/07\/Den-Karsten-eingesammelt.jpg?fit=1200%2C800&ssl=1&resize=350%2C200 1x, https:\/\/i0.wp.com\/blog.kunstgriff.net\/wp-content\/uploads\/2018\/07\/Den-Karsten-eingesammelt.jpg?fit=1200%2C800&ssl=1&resize=525%2C300 1.5x, https:\/\/i0.wp.com\/blog.kunstgriff.net\/wp-content\/uploads\/2018\/07\/Den-Karsten-eingesammelt.jpg?fit=1200%2C800&ssl=1&resize=700%2C400 2x, https:\/\/i0.wp.com\/blog.kunstgriff.net\/wp-content\/uploads\/2018\/07\/Den-Karsten-eingesammelt.jpg?fit=1200%2C800&ssl=1&resize=1050%2C600 3x"},"classes":[]},{"id":17313,"url":"https:\/\/blog.kunstgriff.net\/?p=17313","url_meta":{"origin":18383,"position":5},"title":"ERT 2018: Taiwan Tour 9. Etappe","author":"Georg","date":"Januar 25, 2018","format":false,"excerpt":"Hualien \u2013 Su-ao Nach der schwei\u00dftreibenden Wanderung am gestrigen Ruhetag im faszinierenden Taroko Nationalpark durfte heute endlich wieder Rad gefahren werden. Und was f\u00fcr eine Etappe stand auf dem Programm! Auf dem Highway 9 immer der K\u00fcste folgend nach Norden hoch. Es gab viele sagenumwobene Geschichten rund um diese Strecke.\u2026","rel":"","context":"In &quot;Radfahren&quot;","block_context":{"text":"Radfahren","link":"https:\/\/blog.kunstgriff.net\/?cat=14"},"img":{"alt_text":"","src":"https:\/\/i0.wp.com\/blog.kunstgriff.net\/wp-content\/uploads\/2018\/02\/der-wilde-Pazifik.jpg?fit=1200%2C799&ssl=1&resize=350%2C200","width":350,"height":200,"srcset":"https:\/\/i0.wp.com\/blog.kunstgriff.net\/wp-content\/uploads\/2018\/02\/der-wilde-Pazifik.jpg?fit=1200%2C799&ssl=1&resize=350%2C200 1x, https:\/\/i0.wp.com\/blog.kunstgriff.net\/wp-content\/uploads\/2018\/02\/der-wilde-Pazifik.jpg?fit=1200%2C799&ssl=1&resize=525%2C300 1.5x, https:\/\/i0.wp.com\/blog.kunstgriff.net\/wp-content\/uploads\/2018\/02\/der-wilde-Pazifik.jpg?fit=1200%2C799&ssl=1&resize=700%2C400 2x, https:\/\/i0.wp.com\/blog.kunstgriff.net\/wp-content\/uploads\/2018\/02\/der-wilde-Pazifik.jpg?fit=1200%2C799&ssl=1&resize=1050%2C600 3x"},"classes":[]}],"jetpack_likes_enabled":true,"jetpack_sharing_enabled":true,"_links":{"self":[{"href":"https:\/\/blog.kunstgriff.net\/index.php?rest_route=\/wp\/v2\/posts\/18383","targetHints":{"allow":["GET"]}}],"collection":[{"href":"https:\/\/blog.kunstgriff.net\/index.php?rest_route=\/wp\/v2\/posts"}],"about":[{"href":"https:\/\/blog.kunstgriff.net\/index.php?rest_route=\/wp\/v2\/types\/post"}],"author":[{"embeddable":true,"href":"https:\/\/blog.kunstgriff.net\/index.php?rest_route=\/wp\/v2\/users\/2"}],"replies":[{"embeddable":true,"href":"https:\/\/blog.kunstgriff.net\/index.php?rest_route=%2Fwp%2Fv2%2Fcomments&post=18383"}],"version-history":[{"count":0,"href":"https:\/\/blog.kunstgriff.net\/index.php?rest_route=\/wp\/v2\/posts\/18383\/revisions"}],"wp:featuredmedia":[{"embeddable":true,"href":"https:\/\/blog.kunstgriff.net\/index.php?rest_route=\/wp\/v2\/media\/18389"}],"wp:attachment":[{"href":"https:\/\/blog.kunstgriff.net\/index.php?rest_route=%2Fwp%2Fv2%2Fmedia&parent=18383"}],"wp:term":[{"taxonomy":"category","embeddable":true,"href":"https:\/\/blog.kunstgriff.net\/index.php?rest_route=%2Fwp%2Fv2%2Fcategories&post=18383"},{"taxonomy":"post_tag","embeddable":true,"href":"https:\/\/blog.kunstgriff.net\/index.php?rest_route=%2Fwp%2Fv2%2Ftags&post=18383"}],"curies":[{"name":"wp","href":"https:\/\/api.w.org\/{rel}","templated":true}]}}