{"id":18409,"date":"2018-07-26T22:07:19","date_gmt":"2018-07-26T20:07:19","guid":{"rendered":"https:\/\/blog.kunstgriff.net\/?p=18409"},"modified":"2018-08-08T07:17:42","modified_gmt":"2018-08-08T05:17:42","slug":"ert-2018-belgien-5-etappe","status":"publish","type":"post","link":"https:\/\/blog.kunstgriff.net\/?p=18409","title":{"rendered":"ERT 2018: Belgien 5. Etappe"},"content":{"rendered":"<span class=\"span-reading-time rt-reading-time\" style=\"display: block;\"><span class=\"rt-label rt-prefix\">Lesezeit: <\/span> <span class=\"rt-time\"> 2<\/span> <span class=\"rt-label rt-postfix\">Minuten<\/span><\/span><h4>Roubaix \u2013 Oostende<\/h4>\n<hr \/>\n<p>Der Tag begann mit einem typisch \u00fcbersichtlichen franz\u00f6sischen Fr\u00fchst\u00fccksb\u00fcffet ohne Wurst &amp; K\u00e4se. Mir wars egal, dem Marc nicht. Daf\u00fcr ging es mit zwei Nutella-Croissants intus f\u00fcr mich auf die Piste.<\/p>\n<p>Landschaftlich erstmal eher unspektakul\u00e4r, allerdings an jeder Ecke sehr geschichtstr\u00e4chtige Spots. Vor ziemlich genau 100 Jahren hatte hier ein barbarischer Krieg gew\u00fctet, der eigentlich nur Verlierer kannte &#8211; wie fast jeder Krieg.<\/p>\n<p>Viele Kriegsgr\u00e4ber und Info-Tafeln s\u00e4umten den Weg. Auch gab es die erhaltene Sch\u00fctzengr\u00e4ben zu begehen. Das war mir dann doch ein wenig \u00bbzu nah dran\u00ab. Alleine die Vorstellung das hier Menschen einmal von Bomben zerfetzt oder Giftgas vergiftet hier sterbend herum lagen, lie\u00df mich erschauern.<\/p>\n<p>Aber es gab auch steile H\u00fcgel, die mich dann wieder auf andere Gedanken kommen lie\u00dfen. Johannes hatte sich wieder an Original-Strecken bedient, die es in sich hatten.<\/p>\n<p>Der H\u00fcgel hoch zum Ketterberg mit Kopfsteinpflaster lie\u00df die Waden zittern. Auf der langen Strecke d\u00fcrfen solche \u00bbBon-Bons\u00ab aber auch sein!<\/p>\n<p>So langsam begann ich mich nun nach dem Buffet zu sehnen. Die Gegend war auch nicht sonderlich stark besiedelt und in den kleinen Ortschaften gab es keine Superm\u00e4rkte oder die B\u00e4cker waren geschlossen. Also durchhalten!<\/p>\n<p>Der Weg f\u00fchrte nun immer entlang des Leperlee-Kanal, auf einem sch\u00f6n ausgebauten Radweg.<\/p>\n<p>Irgendwann tauchte, wie aus dem Nichts, das Buffet auf. Ich trank erstmal eine Wasserflasche leer und g\u00f6nnte mir zwei Nutella-Stullen. Gibts ja zuhause nicht!<\/p>\n<p>Nach ausgiebigen Gespr\u00e4chen machte ich mich erneut alleine auf den Weg zur K\u00fcste. Gut 40 km waren noch zum Etappenziel zu absolvieren. Die K\u00fcste war schneller als gedacht erreicht und ich g\u00f6nnte mir erstmal eine ColaZero in einer \u00fcbelst nach Frittierfett m\u00fcffelnden <em>Fritterie<\/em> zu 2,30\u20ac.<\/p>\n<p>Gest\u00e4rkt ging es nun auf die knapp 15 km lange Strandpromenade. Ich traute meinen Augen nicht, welch \u00bbV\u00f6lkerwanderungen\u00ab hier von statten gingen. Es wirkte als w\u00e4re ganz Belgien auf diesem Streifen Strandpromenade unterwegs. Das dies keine Flaniermeile wie Venice Beach sein w\u00fcrde, h\u00e4tte ich vorher wissen m\u00fcssen, da\u00df allerdings der Ballermann auf Mallorca hiergegen wie der Strand von San Tropez wirkte, gegen das was meinen Augen hier geboten wurde: selten so viele fettleibige Menschen an einem Ort erlebt wie hier.<\/p>\n<p><em>White-Trash-Oostende:<\/em> Blo\u00df keinen An- oder Umfahren. Schnell Weg hier! <em>Alles geben<\/em>\u00a0gegen den Wind im Ausweichen- und Bremsen-Modus.<\/p>\n<p>Unser Hotel machte es dann nicht besser: die zwei Sterne sind sicher aus einer anderen Galaxie, denn die Zimmer waren so klein, da\u00df nicht mal unsere Sachen ausgepackt werden konnten und die Zimmer so oll, weil die H\u00fctte wohl unter Denkmalschutz steht. Das Frittierfett sicher auch, dass hier aus allen Ecken in die Nase wehte. Morgen gehts zum Gl\u00fcck schon weiter. Hoffentlich gibts dann wieder sch\u00f6nes Belgien!?<\/p>\n<p><iframe loading=\"lazy\" src=\"https:\/\/www.strava.com\/activities\/1754169321\/embed\/c7f3a8e86d403d41ab0da62563127b31aee82388\" width=\"590\" height=\"405\" frameborder=\"0\" scrolling=\"no\"><\/iframe><\/p>\n<div class=\"tiled-gallery type-rectangular tiled-gallery-unresized\" data-original-width=\"525\" data-carousel-extra='{&quot;blog_id&quot;:1,&quot;permalink&quot;:&quot;https:\\\/\\\/blog.kunstgriff.net\\\/?p=18409&quot;,&quot;likes_blog_id&quot;:127394879}' itemscope itemtype=\"http:\/\/schema.org\/ImageGallery\" > <div class=\"gallery-row\" style=\"width: 525px; height: 235px;\" data-original-width=\"525\" data-original-height=\"235\" > <div class=\"gallery-group images-1\" style=\"width: 351px; height: 235px;\" data-original-width=\"351\" data-original-height=\"235\" > <div class=\"tiled-gallery-item tiled-gallery-item-large\" itemprop=\"associatedMedia\" itemscope itemtype=\"http:\/\/schema.org\/ImageObject\"> <a href=\"https:\/\/i0.wp.com\/blog.kunstgriff.net\/wp-content\/uploads\/2018\/08\/Abfahrt-in-Roubaix.jpg?ssl=1\" border=\"0\" itemprop=\"url\"> <meta itemprop=\"width\" content=\"347\"> <meta itemprop=\"height\" content=\"231\"> <img decoding=\"async\" class=\"\" data-attachment-id=\"18412\" data-orig-file=\"https:\/\/blog.kunstgriff.net\/wp-content\/uploads\/2018\/08\/Abfahrt-in-Roubaix.jpg\" data-orig-size=\"2500,1667\" data-comments-opened=\"1\" data-image-meta=\"{&quot;aperture&quot;:&quot;2.8&quot;,&quot;credit&quot;:&quot;&quot;,&quot;camera&quot;:&quot;TG-4&quot;,&quot;caption&quot;:&quot;OLYMPUS DIGITAL CAMERA&quot;,&quot;created_timestamp&quot;:&quot;1532590941&quot;,&quot;copyright&quot;:&quot;&quot;,&quot;focal_length&quot;:&quot;4.5&quot;,&quot;iso&quot;:&quot;100&quot;,&quot;shutter_speed&quot;:&quot;0.004&quot;,&quot;title&quot;:&quot;OLYMPUS DIGITAL CAMERA&quot;,&quot;orientation&quot;:&quot;1&quot;}\" data-image-title=\"Abfahrt in Roubaix\" data-image-description=\"\" data-medium-file=\"https:\/\/i0.wp.com\/blog.kunstgriff.net\/wp-content\/uploads\/2018\/08\/Abfahrt-in-Roubaix.jpg?fit=300%2C200&#038;ssl=1\" data-large-file=\"https:\/\/i0.wp.com\/blog.kunstgriff.net\/wp-content\/uploads\/2018\/08\/Abfahrt-in-Roubaix.jpg?fit=1024%2C683&#038;ssl=1\" src=\"https:\/\/i0.wp.com\/blog.kunstgriff.net\/wp-content\/uploads\/2018\/08\/Abfahrt-in-Roubaix.jpg?w=347&#038;h=231&#038;ssl=1\" srcset=\"https:\/\/i0.wp.com\/blog.kunstgriff.net\/wp-content\/uploads\/2018\/08\/Abfahrt-in-Roubaix.jpg?w=2500&amp;ssl=1 2500w, https:\/\/i0.wp.com\/blog.kunstgriff.net\/wp-content\/uploads\/2018\/08\/Abfahrt-in-Roubaix.jpg?resize=300%2C200&amp;ssl=1 300w, https:\/\/i0.wp.com\/blog.kunstgriff.net\/wp-content\/uploads\/2018\/08\/Abfahrt-in-Roubaix.jpg?resize=768%2C512&amp;ssl=1 768w, https:\/\/i0.wp.com\/blog.kunstgriff.net\/wp-content\/uploads\/2018\/08\/Abfahrt-in-Roubaix.jpg?resize=1024%2C683&amp;ssl=1 1024w, https:\/\/i0.wp.com\/blog.kunstgriff.net\/wp-content\/uploads\/2018\/08\/Abfahrt-in-Roubaix.jpg?w=1575&amp;ssl=1 1575w\" width=\"347\" height=\"231\" loading=\"lazy\" data-original-width=\"347\" data-original-height=\"231\" itemprop=\"http:\/\/schema.org\/image\" title=\"Abfahrt in Roubaix\" alt=\"Abfahrt in Roubaix\" style=\"width: 347px; height: 231px;\" \/> <\/a> <div class=\"tiled-gallery-caption\" itemprop=\"caption description\"> Abfahrt in Roubaix <\/div> <\/div> <\/div> <!-- close group --> <div class=\"gallery-group images-2\" style=\"width: 174px; height: 235px;\" data-original-width=\"174\" data-original-height=\"235\" > <div class=\"tiled-gallery-item tiled-gallery-item-small\" itemprop=\"associatedMedia\" itemscope itemtype=\"http:\/\/schema.org\/ImageObject\"> <a href=\"https:\/\/i0.wp.com\/blog.kunstgriff.net\/wp-content\/uploads\/2018\/08\/Raus-aus-Roubaix.jpg?ssl=1\" border=\"0\" itemprop=\"url\"> <meta itemprop=\"width\" content=\"170\"> <meta itemprop=\"height\" content=\"114\"> <img decoding=\"async\" class=\"\" data-attachment-id=\"18422\" data-orig-file=\"https:\/\/blog.kunstgriff.net\/wp-content\/uploads\/2018\/08\/Raus-aus-Roubaix.jpg\" data-orig-size=\"2500,1667\" data-comments-opened=\"1\" data-image-meta=\"{&quot;aperture&quot;:&quot;8&quot;,&quot;credit&quot;:&quot;&quot;,&quot;camera&quot;:&quot;TG-4&quot;,&quot;caption&quot;:&quot;OLYMPUS DIGITAL CAMERA&quot;,&quot;created_timestamp&quot;:&quot;1532593909&quot;,&quot;copyright&quot;:&quot;&quot;,&quot;focal_length&quot;:&quot;4.5&quot;,&quot;iso&quot;:&quot;100&quot;,&quot;shutter_speed&quot;:&quot;0.005&quot;,&quot;title&quot;:&quot;OLYMPUS DIGITAL CAMERA&quot;,&quot;orientation&quot;:&quot;1&quot;}\" data-image-title=\"Raus aus Roubaix\" data-image-description=\"\" data-medium-file=\"https:\/\/i0.wp.com\/blog.kunstgriff.net\/wp-content\/uploads\/2018\/08\/Raus-aus-Roubaix.jpg?fit=300%2C200&#038;ssl=1\" data-large-file=\"https:\/\/i0.wp.com\/blog.kunstgriff.net\/wp-content\/uploads\/2018\/08\/Raus-aus-Roubaix.jpg?fit=1024%2C683&#038;ssl=1\" src=\"https:\/\/i0.wp.com\/blog.kunstgriff.net\/wp-content\/uploads\/2018\/08\/Raus-aus-Roubaix.jpg?w=170&#038;h=114&#038;ssl=1\" srcset=\"https:\/\/i0.wp.com\/blog.kunstgriff.net\/wp-content\/uploads\/2018\/08\/Raus-aus-Roubaix.jpg?w=2500&amp;ssl=1 2500w, https:\/\/i0.wp.com\/blog.kunstgriff.net\/wp-content\/uploads\/2018\/08\/Raus-aus-Roubaix.jpg?resize=300%2C200&amp;ssl=1 300w, https:\/\/i0.wp.com\/blog.kunstgriff.net\/wp-content\/uploads\/2018\/08\/Raus-aus-Roubaix.jpg?resize=768%2C512&amp;ssl=1 768w, https:\/\/i0.wp.com\/blog.kunstgriff.net\/wp-content\/uploads\/2018\/08\/Raus-aus-Roubaix.jpg?resize=1024%2C683&amp;ssl=1 1024w, https:\/\/i0.wp.com\/blog.kunstgriff.net\/wp-content\/uploads\/2018\/08\/Raus-aus-Roubaix.jpg?w=1575&amp;ssl=1 1575w\" width=\"170\" height=\"114\" loading=\"lazy\" data-original-width=\"170\" data-original-height=\"114\" itemprop=\"http:\/\/schema.org\/image\" title=\"Raus aus Roubaix\" alt=\"Raus aus Roubaix\" style=\"width: 170px; height: 114px;\" \/> <\/a> <div class=\"tiled-gallery-caption\" itemprop=\"caption description\"> Raus aus Roubaix <\/div> <\/div> <div class=\"tiled-gallery-item tiled-gallery-item-small\" itemprop=\"associatedMedia\" itemscope itemtype=\"http:\/\/schema.org\/ImageObject\"> <a href=\"https:\/\/i0.wp.com\/blog.kunstgriff.net\/wp-content\/uploads\/2018\/08\/Belgisches-morgen-Idyll.jpg?ssl=1\" border=\"0\" itemprop=\"url\"> <meta itemprop=\"width\" content=\"170\"> <meta itemprop=\"height\" content=\"113\"> <img decoding=\"async\" class=\"\" data-attachment-id=\"18413\" data-orig-file=\"https:\/\/blog.kunstgriff.net\/wp-content\/uploads\/2018\/08\/Belgisches-morgen-Idyll.jpg\" data-orig-size=\"2500,1667\" data-comments-opened=\"1\" data-image-meta=\"{&quot;aperture&quot;:&quot;8&quot;,&quot;credit&quot;:&quot;&quot;,&quot;camera&quot;:&quot;TG-4&quot;,&quot;caption&quot;:&quot;OLYMPUS DIGITAL CAMERA&quot;,&quot;created_timestamp&quot;:&quot;1532593919&quot;,&quot;copyright&quot;:&quot;&quot;,&quot;focal_length&quot;:&quot;4.5&quot;,&quot;iso&quot;:&quot;100&quot;,&quot;shutter_speed&quot;:&quot;0.008&quot;,&quot;title&quot;:&quot;OLYMPUS DIGITAL CAMERA&quot;,&quot;orientation&quot;:&quot;1&quot;}\" data-image-title=\"Belgisches morgen Idyll\" data-image-description=\"\" data-medium-file=\"https:\/\/i0.wp.com\/blog.kunstgriff.net\/wp-content\/uploads\/2018\/08\/Belgisches-morgen-Idyll.jpg?fit=300%2C200&#038;ssl=1\" data-large-file=\"https:\/\/i0.wp.com\/blog.kunstgriff.net\/wp-content\/uploads\/2018\/08\/Belgisches-morgen-Idyll.jpg?fit=1024%2C683&#038;ssl=1\" src=\"https:\/\/i0.wp.com\/blog.kunstgriff.net\/wp-content\/uploads\/2018\/08\/Belgisches-morgen-Idyll.jpg?w=170&#038;h=113&#038;ssl=1\" srcset=\"https:\/\/i0.wp.com\/blog.kunstgriff.net\/wp-content\/uploads\/2018\/08\/Belgisches-morgen-Idyll.jpg?w=2500&amp;ssl=1 2500w, https:\/\/i0.wp.com\/blog.kunstgriff.net\/wp-content\/uploads\/2018\/08\/Belgisches-morgen-Idyll.jpg?resize=300%2C200&amp;ssl=1 300w, https:\/\/i0.wp.com\/blog.kunstgriff.net\/wp-content\/uploads\/2018\/08\/Belgisches-morgen-Idyll.jpg?resize=768%2C512&amp;ssl=1 768w, https:\/\/i0.wp.com\/blog.kunstgriff.net\/wp-content\/uploads\/2018\/08\/Belgisches-morgen-Idyll.jpg?resize=1024%2C683&amp;ssl=1 1024w, https:\/\/i0.wp.com\/blog.kunstgriff.net\/wp-content\/uploads\/2018\/08\/Belgisches-morgen-Idyll.jpg?w=1575&amp;ssl=1 1575w\" width=\"170\" height=\"113\" loading=\"lazy\" data-original-width=\"170\" data-original-height=\"113\" itemprop=\"http:\/\/schema.org\/image\" title=\"Belgisches morgen Idyll\" alt=\"Belgisches morgen Idyll\" style=\"width: 170px; height: 113px;\" \/> <\/a> <div class=\"tiled-gallery-caption\" itemprop=\"caption description\"> Belgisches morgen Idyll <\/div> <\/div> <\/div> <!-- close group --> <\/div> <!-- close row --> <div class=\"gallery-row\" style=\"width: 525px; height: 118px;\" data-original-width=\"525\" data-original-height=\"118\" > <div class=\"gallery-group images-1\" style=\"width: 175px; height: 118px;\" data-original-width=\"175\" data-original-height=\"118\" > <div class=\"tiled-gallery-item tiled-gallery-item-small\" itemprop=\"associatedMedia\" itemscope itemtype=\"http:\/\/schema.org\/ImageObject\"> <a href=\"https:\/\/i0.wp.com\/blog.kunstgriff.net\/wp-content\/uploads\/2018\/08\/tolle-Radwege.jpg?ssl=1\" border=\"0\" itemprop=\"url\"> <meta itemprop=\"width\" content=\"171\"> <meta itemprop=\"height\" content=\"114\"> <img decoding=\"async\" class=\"\" data-attachment-id=\"18426\" data-orig-file=\"https:\/\/blog.kunstgriff.net\/wp-content\/uploads\/2018\/08\/tolle-Radwege.jpg\" data-orig-size=\"2500,1667\" data-comments-opened=\"1\" data-image-meta=\"{&quot;aperture&quot;:&quot;2.8&quot;,&quot;credit&quot;:&quot;&quot;,&quot;camera&quot;:&quot;TG-4&quot;,&quot;caption&quot;:&quot;OLYMPUS DIGITAL CAMERA&quot;,&quot;created_timestamp&quot;:&quot;1532594225&quot;,&quot;copyright&quot;:&quot;&quot;,&quot;focal_length&quot;:&quot;4.5&quot;,&quot;iso&quot;:&quot;100&quot;,&quot;shutter_speed&quot;:&quot;0.001&quot;,&quot;title&quot;:&quot;OLYMPUS DIGITAL CAMERA&quot;,&quot;orientation&quot;:&quot;1&quot;}\" data-image-title=\"tolle Radwege\" data-image-description=\"\" data-medium-file=\"https:\/\/i0.wp.com\/blog.kunstgriff.net\/wp-content\/uploads\/2018\/08\/tolle-Radwege.jpg?fit=300%2C200&#038;ssl=1\" data-large-file=\"https:\/\/i0.wp.com\/blog.kunstgriff.net\/wp-content\/uploads\/2018\/08\/tolle-Radwege.jpg?fit=1024%2C683&#038;ssl=1\" src=\"https:\/\/i0.wp.com\/blog.kunstgriff.net\/wp-content\/uploads\/2018\/08\/tolle-Radwege.jpg?w=171&#038;h=114&#038;ssl=1\" srcset=\"https:\/\/i0.wp.com\/blog.kunstgriff.net\/wp-content\/uploads\/2018\/08\/tolle-Radwege.jpg?w=2500&amp;ssl=1 2500w, https:\/\/i0.wp.com\/blog.kunstgriff.net\/wp-content\/uploads\/2018\/08\/tolle-Radwege.jpg?resize=300%2C200&amp;ssl=1 300w, https:\/\/i0.wp.com\/blog.kunstgriff.net\/wp-content\/uploads\/2018\/08\/tolle-Radwege.jpg?resize=768%2C512&amp;ssl=1 768w, https:\/\/i0.wp.com\/blog.kunstgriff.net\/wp-content\/uploads\/2018\/08\/tolle-Radwege.jpg?resize=1024%2C683&amp;ssl=1 1024w, https:\/\/i0.wp.com\/blog.kunstgriff.net\/wp-content\/uploads\/2018\/08\/tolle-Radwege.jpg?w=1575&amp;ssl=1 1575w\" width=\"171\" height=\"114\" loading=\"lazy\" data-original-width=\"171\" data-original-height=\"114\" itemprop=\"http:\/\/schema.org\/image\" title=\"tolle Radwege\" alt=\"tolle Radwege\" style=\"width: 171px; height: 114px;\" \/> <\/a> <div class=\"tiled-gallery-caption\" itemprop=\"caption description\"> tolle Radwege <\/div> <\/div> <\/div> <!-- close group --> <div class=\"gallery-group images-1\" style=\"width: 175px; height: 118px;\" data-original-width=\"175\" data-original-height=\"118\" > <div class=\"tiled-gallery-item tiled-gallery-item-small\" itemprop=\"associatedMedia\" itemscope itemtype=\"http:\/\/schema.org\/ImageObject\"> <a href=\"https:\/\/i0.wp.com\/blog.kunstgriff.net\/wp-content\/uploads\/2018\/08\/super-Alleen.jpg?ssl=1\" border=\"0\" itemprop=\"url\"> <meta itemprop=\"width\" content=\"171\"> <meta itemprop=\"height\" content=\"114\"> <img decoding=\"async\" class=\"\" data-attachment-id=\"18425\" data-orig-file=\"https:\/\/blog.kunstgriff.net\/wp-content\/uploads\/2018\/08\/super-Alleen.jpg\" data-orig-size=\"2500,1667\" data-comments-opened=\"1\" data-image-meta=\"{&quot;aperture&quot;:&quot;2.8&quot;,&quot;credit&quot;:&quot;&quot;,&quot;camera&quot;:&quot;TG-4&quot;,&quot;caption&quot;:&quot;OLYMPUS DIGITAL CAMERA&quot;,&quot;created_timestamp&quot;:&quot;1532594645&quot;,&quot;copyright&quot;:&quot;&quot;,&quot;focal_length&quot;:&quot;4.5&quot;,&quot;iso&quot;:&quot;100&quot;,&quot;shutter_speed&quot;:&quot;0.002&quot;,&quot;title&quot;:&quot;OLYMPUS DIGITAL CAMERA&quot;,&quot;orientation&quot;:&quot;1&quot;}\" data-image-title=\"super Alleen\" data-image-description=\"\" data-medium-file=\"https:\/\/i0.wp.com\/blog.kunstgriff.net\/wp-content\/uploads\/2018\/08\/super-Alleen.jpg?fit=300%2C200&#038;ssl=1\" data-large-file=\"https:\/\/i0.wp.com\/blog.kunstgriff.net\/wp-content\/uploads\/2018\/08\/super-Alleen.jpg?fit=1024%2C683&#038;ssl=1\" src=\"https:\/\/i0.wp.com\/blog.kunstgriff.net\/wp-content\/uploads\/2018\/08\/super-Alleen.jpg?w=171&#038;h=114&#038;ssl=1\" srcset=\"https:\/\/i0.wp.com\/blog.kunstgriff.net\/wp-content\/uploads\/2018\/08\/super-Alleen.jpg?w=2500&amp;ssl=1 2500w, https:\/\/i0.wp.com\/blog.kunstgriff.net\/wp-content\/uploads\/2018\/08\/super-Alleen.jpg?resize=300%2C200&amp;ssl=1 300w, https:\/\/i0.wp.com\/blog.kunstgriff.net\/wp-content\/uploads\/2018\/08\/super-Alleen.jpg?resize=768%2C512&amp;ssl=1 768w, https:\/\/i0.wp.com\/blog.kunstgriff.net\/wp-content\/uploads\/2018\/08\/super-Alleen.jpg?resize=1024%2C683&amp;ssl=1 1024w, https:\/\/i0.wp.com\/blog.kunstgriff.net\/wp-content\/uploads\/2018\/08\/super-Alleen.jpg?w=1575&amp;ssl=1 1575w\" width=\"171\" height=\"114\" loading=\"lazy\" data-original-width=\"171\" data-original-height=\"114\" itemprop=\"http:\/\/schema.org\/image\" title=\"super Alleen\" alt=\"super Alleen\" style=\"width: 171px; height: 114px;\" \/> <\/a> <div class=\"tiled-gallery-caption\" itemprop=\"caption description\"> super Alleen <\/div> <\/div> <\/div> <!-- close group --> <div class=\"gallery-group images-1\" style=\"width: 175px; height: 118px;\" data-original-width=\"175\" data-original-height=\"118\" > <div class=\"tiled-gallery-item tiled-gallery-item-small\" itemprop=\"associatedMedia\" itemscope itemtype=\"http:\/\/schema.org\/ImageObject\"> <a href=\"https:\/\/i0.wp.com\/blog.kunstgriff.net\/wp-content\/uploads\/2018\/08\/Selfie-1.jpg?ssl=1\" border=\"0\" itemprop=\"url\"> <meta itemprop=\"width\" content=\"171\"> <meta itemprop=\"height\" content=\"114\"> <img decoding=\"async\" class=\"\" data-attachment-id=\"18423\" data-orig-file=\"https:\/\/blog.kunstgriff.net\/wp-content\/uploads\/2018\/08\/Selfie-1.jpg\" data-orig-size=\"2500,1667\" data-comments-opened=\"1\" data-image-meta=\"{&quot;aperture&quot;:&quot;2.8&quot;,&quot;credit&quot;:&quot;&quot;,&quot;camera&quot;:&quot;TG-4&quot;,&quot;caption&quot;:&quot;OLYMPUS DIGITAL CAMERA&quot;,&quot;created_timestamp&quot;:&quot;1532595824&quot;,&quot;copyright&quot;:&quot;&quot;,&quot;focal_length&quot;:&quot;4.5&quot;,&quot;iso&quot;:&quot;100&quot;,&quot;shutter_speed&quot;:&quot;0.004&quot;,&quot;title&quot;:&quot;OLYMPUS DIGITAL CAMERA&quot;,&quot;orientation&quot;:&quot;1&quot;}\" data-image-title=\"Selfie\" data-image-description=\"\" data-medium-file=\"https:\/\/i0.wp.com\/blog.kunstgriff.net\/wp-content\/uploads\/2018\/08\/Selfie-1.jpg?fit=300%2C200&#038;ssl=1\" data-large-file=\"https:\/\/i0.wp.com\/blog.kunstgriff.net\/wp-content\/uploads\/2018\/08\/Selfie-1.jpg?fit=1024%2C683&#038;ssl=1\" src=\"https:\/\/i0.wp.com\/blog.kunstgriff.net\/wp-content\/uploads\/2018\/08\/Selfie-1.jpg?w=171&#038;h=114&#038;ssl=1\" srcset=\"https:\/\/i0.wp.com\/blog.kunstgriff.net\/wp-content\/uploads\/2018\/08\/Selfie-1.jpg?w=2500&amp;ssl=1 2500w, https:\/\/i0.wp.com\/blog.kunstgriff.net\/wp-content\/uploads\/2018\/08\/Selfie-1.jpg?resize=300%2C200&amp;ssl=1 300w, https:\/\/i0.wp.com\/blog.kunstgriff.net\/wp-content\/uploads\/2018\/08\/Selfie-1.jpg?resize=768%2C512&amp;ssl=1 768w, https:\/\/i0.wp.com\/blog.kunstgriff.net\/wp-content\/uploads\/2018\/08\/Selfie-1.jpg?resize=1024%2C683&amp;ssl=1 1024w, https:\/\/i0.wp.com\/blog.kunstgriff.net\/wp-content\/uploads\/2018\/08\/Selfie-1.jpg?w=1575&amp;ssl=1 1575w\" width=\"171\" height=\"114\" loading=\"lazy\" data-original-width=\"171\" data-original-height=\"114\" itemprop=\"http:\/\/schema.org\/image\" title=\"Selfie\" alt=\"Selfie\" style=\"width: 171px; height: 114px;\" \/> <\/a> <div class=\"tiled-gallery-caption\" itemprop=\"caption description\"> Selfie <\/div> <\/div> <\/div> <!-- close group --> <\/div> <!-- close row --> <div class=\"gallery-row\" style=\"width: 525px; height: 235px;\" data-original-width=\"525\" data-original-height=\"235\" > <div class=\"gallery-group images-2\" style=\"width: 174px; height: 235px;\" data-original-width=\"174\" data-original-height=\"235\" > <div class=\"tiled-gallery-item tiled-gallery-item-small\" itemprop=\"associatedMedia\" itemscope itemtype=\"http:\/\/schema.org\/ImageObject\"> <a href=\"https:\/\/i0.wp.com\/blog.kunstgriff.net\/wp-content\/uploads\/2018\/08\/Hier-war-vor-100-Jahren-bitterer-Krieg.jpg?ssl=1\" border=\"0\" itemprop=\"url\"> <meta itemprop=\"width\" content=\"170\"> <meta itemprop=\"height\" content=\"114\"> <img decoding=\"async\" class=\"\" data-attachment-id=\"18417\" data-orig-file=\"https:\/\/blog.kunstgriff.net\/wp-content\/uploads\/2018\/08\/Hier-war-vor-100-Jahren-bitterer-Krieg.jpg\" data-orig-size=\"2500,1667\" data-comments-opened=\"1\" data-image-meta=\"{&quot;aperture&quot;:&quot;2.8&quot;,&quot;credit&quot;:&quot;&quot;,&quot;camera&quot;:&quot;TG-4&quot;,&quot;caption&quot;:&quot;OLYMPUS DIGITAL CAMERA&quot;,&quot;created_timestamp&quot;:&quot;1532595865&quot;,&quot;copyright&quot;:&quot;&quot;,&quot;focal_length&quot;:&quot;4.5&quot;,&quot;iso&quot;:&quot;100&quot;,&quot;shutter_speed&quot;:&quot;0.0015625&quot;,&quot;title&quot;:&quot;OLYMPUS DIGITAL CAMERA&quot;,&quot;orientation&quot;:&quot;1&quot;}\" data-image-title=\"Hier war vor 100 Jahren bitterer Krieg\" data-image-description=\"\" data-medium-file=\"https:\/\/i0.wp.com\/blog.kunstgriff.net\/wp-content\/uploads\/2018\/08\/Hier-war-vor-100-Jahren-bitterer-Krieg.jpg?fit=300%2C200&#038;ssl=1\" data-large-file=\"https:\/\/i0.wp.com\/blog.kunstgriff.net\/wp-content\/uploads\/2018\/08\/Hier-war-vor-100-Jahren-bitterer-Krieg.jpg?fit=1024%2C683&#038;ssl=1\" src=\"https:\/\/i0.wp.com\/blog.kunstgriff.net\/wp-content\/uploads\/2018\/08\/Hier-war-vor-100-Jahren-bitterer-Krieg.jpg?w=170&#038;h=114&#038;ssl=1\" srcset=\"https:\/\/i0.wp.com\/blog.kunstgriff.net\/wp-content\/uploads\/2018\/08\/Hier-war-vor-100-Jahren-bitterer-Krieg.jpg?w=2500&amp;ssl=1 2500w, https:\/\/i0.wp.com\/blog.kunstgriff.net\/wp-content\/uploads\/2018\/08\/Hier-war-vor-100-Jahren-bitterer-Krieg.jpg?resize=300%2C200&amp;ssl=1 300w, https:\/\/i0.wp.com\/blog.kunstgriff.net\/wp-content\/uploads\/2018\/08\/Hier-war-vor-100-Jahren-bitterer-Krieg.jpg?resize=768%2C512&amp;ssl=1 768w, https:\/\/i0.wp.com\/blog.kunstgriff.net\/wp-content\/uploads\/2018\/08\/Hier-war-vor-100-Jahren-bitterer-Krieg.jpg?resize=1024%2C683&amp;ssl=1 1024w, https:\/\/i0.wp.com\/blog.kunstgriff.net\/wp-content\/uploads\/2018\/08\/Hier-war-vor-100-Jahren-bitterer-Krieg.jpg?w=1575&amp;ssl=1 1575w\" width=\"170\" height=\"114\" loading=\"lazy\" data-original-width=\"170\" data-original-height=\"114\" itemprop=\"http:\/\/schema.org\/image\" title=\"Hier war vor 100 Jahren bitterer Krieg\" alt=\"Hier war vor 100 Jahren bitterer Krieg\" style=\"width: 170px; height: 114px;\" \/> <\/a> <div class=\"tiled-gallery-caption\" itemprop=\"caption description\"> Hier war vor 100 Jahren bitterer Krieg <\/div> <\/div> <div class=\"tiled-gallery-item tiled-gallery-item-small\" itemprop=\"associatedMedia\" itemscope itemtype=\"http:\/\/schema.org\/ImageObject\"> <a href=\"https:\/\/i0.wp.com\/blog.kunstgriff.net\/wp-content\/uploads\/2018\/08\/Feinster-Asphalt-f%C3%BCr-feinstes-belgisches-Radrennen.jpg?ssl=1\" border=\"0\" itemprop=\"url\"> <meta itemprop=\"width\" content=\"170\"> <meta itemprop=\"height\" content=\"113\"> <img decoding=\"async\" class=\"\" data-attachment-id=\"18416\" data-orig-file=\"https:\/\/blog.kunstgriff.net\/wp-content\/uploads\/2018\/08\/Feinster-Asphalt-f\u00fcr-feinstes-belgisches-Radrennen.jpg\" data-orig-size=\"2500,1667\" data-comments-opened=\"1\" data-image-meta=\"{&quot;aperture&quot;:&quot;8&quot;,&quot;credit&quot;:&quot;&quot;,&quot;camera&quot;:&quot;TG-4&quot;,&quot;caption&quot;:&quot;OLYMPUS DIGITAL CAMERA&quot;,&quot;created_timestamp&quot;:&quot;1532601773&quot;,&quot;copyright&quot;:&quot;&quot;,&quot;focal_length&quot;:&quot;4.5&quot;,&quot;iso&quot;:&quot;100&quot;,&quot;shutter_speed&quot;:&quot;0.002&quot;,&quot;title&quot;:&quot;OLYMPUS DIGITAL CAMERA&quot;,&quot;orientation&quot;:&quot;1&quot;}\" data-image-title=\"Feinster Asphalt f\u00fcr feinstes belgisches Radrennen\" data-image-description=\"\" data-medium-file=\"https:\/\/i0.wp.com\/blog.kunstgriff.net\/wp-content\/uploads\/2018\/08\/Feinster-Asphalt-f%C3%BCr-feinstes-belgisches-Radrennen.jpg?fit=300%2C200&#038;ssl=1\" data-large-file=\"https:\/\/i0.wp.com\/blog.kunstgriff.net\/wp-content\/uploads\/2018\/08\/Feinster-Asphalt-f%C3%BCr-feinstes-belgisches-Radrennen.jpg?fit=1024%2C683&#038;ssl=1\" src=\"https:\/\/i0.wp.com\/blog.kunstgriff.net\/wp-content\/uploads\/2018\/08\/Feinster-Asphalt-f%C3%BCr-feinstes-belgisches-Radrennen.jpg?w=170&#038;h=113&#038;ssl=1\" width=\"170\" height=\"113\" loading=\"lazy\" data-original-width=\"170\" data-original-height=\"113\" itemprop=\"http:\/\/schema.org\/image\" title=\"Feinster Asphalt f\u00fcr feinstes belgisches Radrennen\" alt=\"Feinster Asphalt f\u00fcr feinstes belgisches Radrennen\" style=\"width: 170px; height: 113px;\" \/> <\/a> <div class=\"tiled-gallery-caption\" itemprop=\"caption description\"> Feinster Asphalt f\u00fcr feinstes belgisches Radrennen <\/div> <\/div> <\/div> <!-- close group --> <div class=\"gallery-group images-1\" style=\"width: 351px; height: 235px;\" data-original-width=\"351\" data-original-height=\"235\" > <div class=\"tiled-gallery-item tiled-gallery-item-large\" itemprop=\"associatedMedia\" itemscope itemtype=\"http:\/\/schema.org\/ImageObject\"> <a href=\"https:\/\/i0.wp.com\/blog.kunstgriff.net\/wp-content\/uploads\/2018\/08\/Ufer-Radweg.jpg?ssl=1\" border=\"0\" itemprop=\"url\"> <meta itemprop=\"width\" content=\"347\"> <meta itemprop=\"height\" content=\"231\"> <img decoding=\"async\" class=\"\" data-attachment-id=\"18427\" data-orig-file=\"https:\/\/blog.kunstgriff.net\/wp-content\/uploads\/2018\/08\/Ufer-Radweg.jpg\" data-orig-size=\"2500,1667\" data-comments-opened=\"1\" data-image-meta=\"{&quot;aperture&quot;:&quot;8&quot;,&quot;credit&quot;:&quot;&quot;,&quot;camera&quot;:&quot;TG-4&quot;,&quot;caption&quot;:&quot;OLYMPUS DIGITAL CAMERA&quot;,&quot;created_timestamp&quot;:&quot;1532603838&quot;,&quot;copyright&quot;:&quot;&quot;,&quot;focal_length&quot;:&quot;4.5&quot;,&quot;iso&quot;:&quot;100&quot;,&quot;shutter_speed&quot;:&quot;0.00625&quot;,&quot;title&quot;:&quot;OLYMPUS DIGITAL CAMERA&quot;,&quot;orientation&quot;:&quot;1&quot;}\" data-image-title=\"Ufer-Radweg\" data-image-description=\"\" data-medium-file=\"https:\/\/i0.wp.com\/blog.kunstgriff.net\/wp-content\/uploads\/2018\/08\/Ufer-Radweg.jpg?fit=300%2C200&#038;ssl=1\" data-large-file=\"https:\/\/i0.wp.com\/blog.kunstgriff.net\/wp-content\/uploads\/2018\/08\/Ufer-Radweg.jpg?fit=1024%2C683&#038;ssl=1\" src=\"https:\/\/i0.wp.com\/blog.kunstgriff.net\/wp-content\/uploads\/2018\/08\/Ufer-Radweg.jpg?w=347&#038;h=231&#038;ssl=1\" srcset=\"https:\/\/i0.wp.com\/blog.kunstgriff.net\/wp-content\/uploads\/2018\/08\/Ufer-Radweg.jpg?w=2500&amp;ssl=1 2500w, https:\/\/i0.wp.com\/blog.kunstgriff.net\/wp-content\/uploads\/2018\/08\/Ufer-Radweg.jpg?resize=300%2C200&amp;ssl=1 300w, https:\/\/i0.wp.com\/blog.kunstgriff.net\/wp-content\/uploads\/2018\/08\/Ufer-Radweg.jpg?resize=768%2C512&amp;ssl=1 768w, https:\/\/i0.wp.com\/blog.kunstgriff.net\/wp-content\/uploads\/2018\/08\/Ufer-Radweg.jpg?resize=1024%2C683&amp;ssl=1 1024w, https:\/\/i0.wp.com\/blog.kunstgriff.net\/wp-content\/uploads\/2018\/08\/Ufer-Radweg.jpg?w=1575&amp;ssl=1 1575w\" width=\"347\" height=\"231\" loading=\"lazy\" data-original-width=\"347\" data-original-height=\"231\" itemprop=\"http:\/\/schema.org\/image\" title=\"Ufer-Radweg\" alt=\"Ufer-Radweg\" style=\"width: 347px; height: 231px;\" \/> <\/a> <div class=\"tiled-gallery-caption\" itemprop=\"caption description\"> Ufer-Radweg <\/div> <\/div> <\/div> <!-- close group --> <\/div> <!-- close row --> <div class=\"gallery-row\" style=\"width: 525px; height: 176px;\" data-original-width=\"525\" data-original-height=\"176\" > <div class=\"gallery-group images-1\" style=\"width: 263px; height: 176px;\" data-original-width=\"263\" data-original-height=\"176\" > <div class=\"tiled-gallery-item tiled-gallery-item-large\" itemprop=\"associatedMedia\" itemscope itemtype=\"http:\/\/schema.org\/ImageObject\"> <a href=\"https:\/\/i0.wp.com\/blog.kunstgriff.net\/wp-content\/uploads\/2018\/08\/Stefan-und-Mandy-beim-Pausen-Volleyball.jpg?ssl=1\" border=\"0\" itemprop=\"url\"> <meta itemprop=\"width\" content=\"259\"> <meta itemprop=\"height\" content=\"172\"> <img decoding=\"async\" class=\"\" data-attachment-id=\"18424\" data-orig-file=\"https:\/\/blog.kunstgriff.net\/wp-content\/uploads\/2018\/08\/Stefan-und-Mandy-beim-Pausen-Volleyball.jpg\" data-orig-size=\"2500,1667\" data-comments-opened=\"1\" data-image-meta=\"{&quot;aperture&quot;:&quot;8&quot;,&quot;credit&quot;:&quot;&quot;,&quot;camera&quot;:&quot;TG-4&quot;,&quot;caption&quot;:&quot;OLYMPUS DIGITAL CAMERA&quot;,&quot;created_timestamp&quot;:&quot;1532607681&quot;,&quot;copyright&quot;:&quot;&quot;,&quot;focal_length&quot;:&quot;4.5&quot;,&quot;iso&quot;:&quot;100&quot;,&quot;shutter_speed&quot;:&quot;0.003125&quot;,&quot;title&quot;:&quot;OLYMPUS DIGITAL CAMERA&quot;,&quot;orientation&quot;:&quot;1&quot;}\" data-image-title=\"Stefan und Mandy beim Pausen-Volleyball\" data-image-description=\"\" data-medium-file=\"https:\/\/i0.wp.com\/blog.kunstgriff.net\/wp-content\/uploads\/2018\/08\/Stefan-und-Mandy-beim-Pausen-Volleyball.jpg?fit=300%2C200&#038;ssl=1\" data-large-file=\"https:\/\/i0.wp.com\/blog.kunstgriff.net\/wp-content\/uploads\/2018\/08\/Stefan-und-Mandy-beim-Pausen-Volleyball.jpg?fit=1024%2C683&#038;ssl=1\" src=\"https:\/\/i0.wp.com\/blog.kunstgriff.net\/wp-content\/uploads\/2018\/08\/Stefan-und-Mandy-beim-Pausen-Volleyball.jpg?w=259&#038;h=172&#038;ssl=1\" srcset=\"https:\/\/i0.wp.com\/blog.kunstgriff.net\/wp-content\/uploads\/2018\/08\/Stefan-und-Mandy-beim-Pausen-Volleyball.jpg?w=2500&amp;ssl=1 2500w, https:\/\/i0.wp.com\/blog.kunstgriff.net\/wp-content\/uploads\/2018\/08\/Stefan-und-Mandy-beim-Pausen-Volleyball.jpg?resize=300%2C200&amp;ssl=1 300w, https:\/\/i0.wp.com\/blog.kunstgriff.net\/wp-content\/uploads\/2018\/08\/Stefan-und-Mandy-beim-Pausen-Volleyball.jpg?resize=768%2C512&amp;ssl=1 768w, https:\/\/i0.wp.com\/blog.kunstgriff.net\/wp-content\/uploads\/2018\/08\/Stefan-und-Mandy-beim-Pausen-Volleyball.jpg?resize=1024%2C683&amp;ssl=1 1024w, https:\/\/i0.wp.com\/blog.kunstgriff.net\/wp-content\/uploads\/2018\/08\/Stefan-und-Mandy-beim-Pausen-Volleyball.jpg?w=1575&amp;ssl=1 1575w\" width=\"259\" height=\"172\" loading=\"lazy\" data-original-width=\"259\" data-original-height=\"172\" itemprop=\"http:\/\/schema.org\/image\" title=\"Stefan und Mandy beim Pausen-Volleyball\" alt=\"Stefan und Mandy beim Pausen-Volleyball\" style=\"width: 259px; height: 172px;\" \/> <\/a> <div class=\"tiled-gallery-caption\" itemprop=\"caption description\"> Stefan und Mandy beim Pausen-Volleyball <\/div> <\/div> <\/div> <!-- close group --> <div class=\"gallery-group images-1\" style=\"width: 262px; height: 176px;\" data-original-width=\"262\" data-original-height=\"176\" > <div class=\"tiled-gallery-item tiled-gallery-item-large\" itemprop=\"associatedMedia\" itemscope itemtype=\"http:\/\/schema.org\/ImageObject\"> <a href=\"https:\/\/i0.wp.com\/blog.kunstgriff.net\/wp-content\/uploads\/2018\/08\/Ralph-h%C3%A4lt-Wache.jpg?ssl=1\" border=\"0\" itemprop=\"url\"> <meta itemprop=\"width\" content=\"258\"> <meta itemprop=\"height\" content=\"172\"> <img decoding=\"async\" class=\"\" data-attachment-id=\"18421\" data-orig-file=\"https:\/\/blog.kunstgriff.net\/wp-content\/uploads\/2018\/08\/Ralph-h\u00e4lt-Wache.jpg\" data-orig-size=\"2500,1667\" data-comments-opened=\"1\" data-image-meta=\"{&quot;aperture&quot;:&quot;8&quot;,&quot;credit&quot;:&quot;&quot;,&quot;camera&quot;:&quot;TG-4&quot;,&quot;caption&quot;:&quot;OLYMPUS DIGITAL CAMERA&quot;,&quot;created_timestamp&quot;:&quot;1532607878&quot;,&quot;copyright&quot;:&quot;&quot;,&quot;focal_length&quot;:&quot;4.5&quot;,&quot;iso&quot;:&quot;100&quot;,&quot;shutter_speed&quot;:&quot;0.005&quot;,&quot;title&quot;:&quot;OLYMPUS DIGITAL CAMERA&quot;,&quot;orientation&quot;:&quot;1&quot;}\" data-image-title=\"Ralph h\u00e4lt Wache\" data-image-description=\"\" data-medium-file=\"https:\/\/i0.wp.com\/blog.kunstgriff.net\/wp-content\/uploads\/2018\/08\/Ralph-h%C3%A4lt-Wache.jpg?fit=300%2C200&#038;ssl=1\" data-large-file=\"https:\/\/i0.wp.com\/blog.kunstgriff.net\/wp-content\/uploads\/2018\/08\/Ralph-h%C3%A4lt-Wache.jpg?fit=1024%2C683&#038;ssl=1\" src=\"https:\/\/i0.wp.com\/blog.kunstgriff.net\/wp-content\/uploads\/2018\/08\/Ralph-h%C3%A4lt-Wache.jpg?w=258&#038;h=172&#038;ssl=1\" width=\"258\" height=\"172\" loading=\"lazy\" data-original-width=\"258\" data-original-height=\"172\" itemprop=\"http:\/\/schema.org\/image\" title=\"Ralph h\u00e4lt Wache\" alt=\"Ralph h\u00e4lt Wache\" style=\"width: 258px; height: 172px;\" \/> <\/a> <div class=\"tiled-gallery-caption\" itemprop=\"caption description\"> Ralph h\u00e4lt Wache <\/div> <\/div> <\/div> <!-- close group --> <\/div> <!-- close row --> <div class=\"gallery-row\" style=\"width: 525px; height: 235px;\" data-original-width=\"525\" data-original-height=\"235\" > <div class=\"gallery-group images-1\" style=\"width: 351px; height: 235px;\" data-original-width=\"351\" data-original-height=\"235\" > <div class=\"tiled-gallery-item tiled-gallery-item-large\" itemprop=\"associatedMedia\" itemscope itemtype=\"http:\/\/schema.org\/ImageObject\"> <a href=\"https:\/\/i0.wp.com\/blog.kunstgriff.net\/wp-content\/uploads\/2018\/08\/Der-Kemmelberg-liegt-hinter-mir.jpg?ssl=1\" border=\"0\" itemprop=\"url\"> <meta itemprop=\"width\" content=\"347\"> <meta itemprop=\"height\" content=\"231\"> <img decoding=\"async\" class=\"\" data-attachment-id=\"18414\" data-orig-file=\"https:\/\/blog.kunstgriff.net\/wp-content\/uploads\/2018\/08\/Der-Kemmelberg-liegt-hinter-mir.jpg\" data-orig-size=\"2500,1667\" data-comments-opened=\"1\" data-image-meta=\"{&quot;aperture&quot;:&quot;8&quot;,&quot;credit&quot;:&quot;&quot;,&quot;camera&quot;:&quot;TG-4&quot;,&quot;caption&quot;:&quot;OLYMPUS DIGITAL CAMERA&quot;,&quot;created_timestamp&quot;:&quot;1532597212&quot;,&quot;copyright&quot;:&quot;&quot;,&quot;focal_length&quot;:&quot;4.5&quot;,&quot;iso&quot;:&quot;100&quot;,&quot;shutter_speed&quot;:&quot;0.008&quot;,&quot;title&quot;:&quot;OLYMPUS DIGITAL CAMERA&quot;,&quot;orientation&quot;:&quot;1&quot;}\" data-image-title=\"Der Kemmelberg liegt hinter mir\" data-image-description=\"\" data-medium-file=\"https:\/\/i0.wp.com\/blog.kunstgriff.net\/wp-content\/uploads\/2018\/08\/Der-Kemmelberg-liegt-hinter-mir.jpg?fit=300%2C200&#038;ssl=1\" data-large-file=\"https:\/\/i0.wp.com\/blog.kunstgriff.net\/wp-content\/uploads\/2018\/08\/Der-Kemmelberg-liegt-hinter-mir.jpg?fit=1024%2C683&#038;ssl=1\" src=\"https:\/\/i0.wp.com\/blog.kunstgriff.net\/wp-content\/uploads\/2018\/08\/Der-Kemmelberg-liegt-hinter-mir.jpg?w=347&#038;h=231&#038;ssl=1\" srcset=\"https:\/\/i0.wp.com\/blog.kunstgriff.net\/wp-content\/uploads\/2018\/08\/Der-Kemmelberg-liegt-hinter-mir.jpg?w=2500&amp;ssl=1 2500w, https:\/\/i0.wp.com\/blog.kunstgriff.net\/wp-content\/uploads\/2018\/08\/Der-Kemmelberg-liegt-hinter-mir.jpg?resize=300%2C200&amp;ssl=1 300w, https:\/\/i0.wp.com\/blog.kunstgriff.net\/wp-content\/uploads\/2018\/08\/Der-Kemmelberg-liegt-hinter-mir.jpg?resize=768%2C512&amp;ssl=1 768w, https:\/\/i0.wp.com\/blog.kunstgriff.net\/wp-content\/uploads\/2018\/08\/Der-Kemmelberg-liegt-hinter-mir.jpg?resize=1024%2C683&amp;ssl=1 1024w, https:\/\/i0.wp.com\/blog.kunstgriff.net\/wp-content\/uploads\/2018\/08\/Der-Kemmelberg-liegt-hinter-mir.jpg?w=1575&amp;ssl=1 1575w\" width=\"347\" height=\"231\" loading=\"lazy\" data-original-width=\"347\" data-original-height=\"231\" itemprop=\"http:\/\/schema.org\/image\" title=\"Der Kemmelberg liegt hinter mir\" alt=\"Der Kemmelberg liegt hinter mir\" style=\"width: 347px; height: 231px;\" \/> <\/a> <div class=\"tiled-gallery-caption\" itemprop=\"caption description\"> Der Kemmelberg liegt hinter mir <\/div> <\/div> <\/div> <!-- close group --> <div class=\"gallery-group images-2\" style=\"width: 174px; height: 235px;\" data-original-width=\"174\" data-original-height=\"235\" > <div class=\"tiled-gallery-item tiled-gallery-item-small\" itemprop=\"associatedMedia\" itemscope itemtype=\"http:\/\/schema.org\/ImageObject\"> <a href=\"https:\/\/i0.wp.com\/blog.kunstgriff.net\/wp-content\/uploads\/2018\/08\/Immer-am-Wasser-entlang.jpg?ssl=1\" border=\"0\" itemprop=\"url\"> <meta itemprop=\"width\" content=\"170\"> <meta itemprop=\"height\" content=\"114\"> <img decoding=\"async\" class=\"\" data-attachment-id=\"18418\" data-orig-file=\"https:\/\/blog.kunstgriff.net\/wp-content\/uploads\/2018\/08\/Immer-am-Wasser-entlang.jpg\" data-orig-size=\"2500,1667\" data-comments-opened=\"1\" data-image-meta=\"{&quot;aperture&quot;:&quot;8&quot;,&quot;credit&quot;:&quot;&quot;,&quot;camera&quot;:&quot;TG-4&quot;,&quot;caption&quot;:&quot;OLYMPUS DIGITAL CAMERA&quot;,&quot;created_timestamp&quot;:&quot;1532611138&quot;,&quot;copyright&quot;:&quot;&quot;,&quot;focal_length&quot;:&quot;4.5&quot;,&quot;iso&quot;:&quot;100&quot;,&quot;shutter_speed&quot;:&quot;0.003125&quot;,&quot;title&quot;:&quot;OLYMPUS DIGITAL CAMERA&quot;,&quot;orientation&quot;:&quot;1&quot;}\" data-image-title=\"Immer am Wasser entlang\" data-image-description=\"\" data-medium-file=\"https:\/\/i0.wp.com\/blog.kunstgriff.net\/wp-content\/uploads\/2018\/08\/Immer-am-Wasser-entlang.jpg?fit=300%2C200&#038;ssl=1\" data-large-file=\"https:\/\/i0.wp.com\/blog.kunstgriff.net\/wp-content\/uploads\/2018\/08\/Immer-am-Wasser-entlang.jpg?fit=1024%2C683&#038;ssl=1\" src=\"https:\/\/i0.wp.com\/blog.kunstgriff.net\/wp-content\/uploads\/2018\/08\/Immer-am-Wasser-entlang.jpg?w=170&#038;h=114&#038;ssl=1\" srcset=\"https:\/\/i0.wp.com\/blog.kunstgriff.net\/wp-content\/uploads\/2018\/08\/Immer-am-Wasser-entlang.jpg?w=2500&amp;ssl=1 2500w, https:\/\/i0.wp.com\/blog.kunstgriff.net\/wp-content\/uploads\/2018\/08\/Immer-am-Wasser-entlang.jpg?resize=300%2C200&amp;ssl=1 300w, https:\/\/i0.wp.com\/blog.kunstgriff.net\/wp-content\/uploads\/2018\/08\/Immer-am-Wasser-entlang.jpg?resize=768%2C512&amp;ssl=1 768w, https:\/\/i0.wp.com\/blog.kunstgriff.net\/wp-content\/uploads\/2018\/08\/Immer-am-Wasser-entlang.jpg?resize=1024%2C683&amp;ssl=1 1024w, https:\/\/i0.wp.com\/blog.kunstgriff.net\/wp-content\/uploads\/2018\/08\/Immer-am-Wasser-entlang.jpg?w=1575&amp;ssl=1 1575w\" width=\"170\" height=\"114\" loading=\"lazy\" data-original-width=\"170\" data-original-height=\"114\" itemprop=\"http:\/\/schema.org\/image\" title=\"Immer am Wasser entlang\" alt=\"Immer am Wasser entlang\" style=\"width: 170px; height: 114px;\" \/> <\/a> <div class=\"tiled-gallery-caption\" itemprop=\"caption description\"> Immer am Wasser entlang <\/div> <\/div> <div class=\"tiled-gallery-item tiled-gallery-item-small\" itemprop=\"associatedMedia\" itemscope itemtype=\"http:\/\/schema.org\/ImageObject\"> <a href=\"https:\/\/i0.wp.com\/blog.kunstgriff.net\/wp-content\/uploads\/2018\/08\/Endlose-Strasse-ans-Meer.jpg?ssl=1\" border=\"0\" itemprop=\"url\"> <meta itemprop=\"width\" content=\"170\"> <meta itemprop=\"height\" content=\"113\"> <img decoding=\"async\" class=\"\" data-attachment-id=\"18415\" data-orig-file=\"https:\/\/blog.kunstgriff.net\/wp-content\/uploads\/2018\/08\/Endlose-Strasse-ans-Meer.jpg\" data-orig-size=\"2500,1667\" data-comments-opened=\"1\" data-image-meta=\"{&quot;aperture&quot;:&quot;8&quot;,&quot;credit&quot;:&quot;&quot;,&quot;camera&quot;:&quot;TG-4&quot;,&quot;caption&quot;:&quot;OLYMPUS DIGITAL CAMERA&quot;,&quot;created_timestamp&quot;:&quot;1532611172&quot;,&quot;copyright&quot;:&quot;&quot;,&quot;focal_length&quot;:&quot;4.5&quot;,&quot;iso&quot;:&quot;100&quot;,&quot;shutter_speed&quot;:&quot;0.003125&quot;,&quot;title&quot;:&quot;OLYMPUS DIGITAL CAMERA&quot;,&quot;orientation&quot;:&quot;1&quot;}\" data-image-title=\"Endlose Strasse ans Meer\" data-image-description=\"\" data-medium-file=\"https:\/\/i0.wp.com\/blog.kunstgriff.net\/wp-content\/uploads\/2018\/08\/Endlose-Strasse-ans-Meer.jpg?fit=300%2C200&#038;ssl=1\" data-large-file=\"https:\/\/i0.wp.com\/blog.kunstgriff.net\/wp-content\/uploads\/2018\/08\/Endlose-Strasse-ans-Meer.jpg?fit=1024%2C683&#038;ssl=1\" src=\"https:\/\/i0.wp.com\/blog.kunstgriff.net\/wp-content\/uploads\/2018\/08\/Endlose-Strasse-ans-Meer.jpg?w=170&#038;h=113&#038;ssl=1\" srcset=\"https:\/\/i0.wp.com\/blog.kunstgriff.net\/wp-content\/uploads\/2018\/08\/Endlose-Strasse-ans-Meer.jpg?w=2500&amp;ssl=1 2500w, https:\/\/i0.wp.com\/blog.kunstgriff.net\/wp-content\/uploads\/2018\/08\/Endlose-Strasse-ans-Meer.jpg?resize=300%2C200&amp;ssl=1 300w, https:\/\/i0.wp.com\/blog.kunstgriff.net\/wp-content\/uploads\/2018\/08\/Endlose-Strasse-ans-Meer.jpg?resize=768%2C512&amp;ssl=1 768w, https:\/\/i0.wp.com\/blog.kunstgriff.net\/wp-content\/uploads\/2018\/08\/Endlose-Strasse-ans-Meer.jpg?resize=1024%2C683&amp;ssl=1 1024w, https:\/\/i0.wp.com\/blog.kunstgriff.net\/wp-content\/uploads\/2018\/08\/Endlose-Strasse-ans-Meer.jpg?w=1575&amp;ssl=1 1575w\" width=\"170\" height=\"113\" loading=\"lazy\" data-original-width=\"170\" data-original-height=\"113\" itemprop=\"http:\/\/schema.org\/image\" title=\"Endlose Strasse ans Meer\" alt=\"Endlose Strasse ans Meer\" style=\"width: 170px; height: 113px;\" \/> <\/a> <div class=\"tiled-gallery-caption\" itemprop=\"caption description\"> Endlose Strasse ans Meer <\/div> <\/div> <\/div> <!-- close group --> <\/div> <!-- close row --> <div class=\"gallery-row\" style=\"width: 525px; height: 91px;\" data-original-width=\"525\" data-original-height=\"91\" > <div class=\"gallery-group images-1\" style=\"width: 135px; height: 91px;\" data-original-width=\"135\" data-original-height=\"91\" > <div class=\"tiled-gallery-item tiled-gallery-item-small\" itemprop=\"associatedMedia\" itemscope itemtype=\"http:\/\/schema.org\/ImageObject\"> <a href=\"https:\/\/i0.wp.com\/blog.kunstgriff.net\/wp-content\/uploads\/2018\/08\/Was-Kriege-alles-so-hervorbringen.jpg?ssl=1\" border=\"0\" itemprop=\"url\"> <meta itemprop=\"width\" content=\"131\"> <meta itemprop=\"height\" content=\"87\"> <img decoding=\"async\" class=\"\" data-attachment-id=\"18429\" data-orig-file=\"https:\/\/blog.kunstgriff.net\/wp-content\/uploads\/2018\/08\/Was-Kriege-alles-so-hervorbringen.jpg\" data-orig-size=\"2500,1667\" data-comments-opened=\"1\" data-image-meta=\"{&quot;aperture&quot;:&quot;8&quot;,&quot;credit&quot;:&quot;&quot;,&quot;camera&quot;:&quot;TG-4&quot;,&quot;caption&quot;:&quot;OLYMPUS DIGITAL CAMERA&quot;,&quot;created_timestamp&quot;:&quot;1532609167&quot;,&quot;copyright&quot;:&quot;&quot;,&quot;focal_length&quot;:&quot;4.5&quot;,&quot;iso&quot;:&quot;100&quot;,&quot;shutter_speed&quot;:&quot;0.004&quot;,&quot;title&quot;:&quot;OLYMPUS DIGITAL CAMERA&quot;,&quot;orientation&quot;:&quot;1&quot;}\" data-image-title=\"Was Kriege alles so hervorbringen?\" data-image-description=\"\" data-medium-file=\"https:\/\/i0.wp.com\/blog.kunstgriff.net\/wp-content\/uploads\/2018\/08\/Was-Kriege-alles-so-hervorbringen.jpg?fit=300%2C200&#038;ssl=1\" data-large-file=\"https:\/\/i0.wp.com\/blog.kunstgriff.net\/wp-content\/uploads\/2018\/08\/Was-Kriege-alles-so-hervorbringen.jpg?fit=1024%2C683&#038;ssl=1\" src=\"https:\/\/i0.wp.com\/blog.kunstgriff.net\/wp-content\/uploads\/2018\/08\/Was-Kriege-alles-so-hervorbringen.jpg?w=131&#038;h=87&#038;ssl=1\" srcset=\"https:\/\/i0.wp.com\/blog.kunstgriff.net\/wp-content\/uploads\/2018\/08\/Was-Kriege-alles-so-hervorbringen.jpg?w=2500&amp;ssl=1 2500w, https:\/\/i0.wp.com\/blog.kunstgriff.net\/wp-content\/uploads\/2018\/08\/Was-Kriege-alles-so-hervorbringen.jpg?resize=300%2C200&amp;ssl=1 300w, https:\/\/i0.wp.com\/blog.kunstgriff.net\/wp-content\/uploads\/2018\/08\/Was-Kriege-alles-so-hervorbringen.jpg?resize=768%2C512&amp;ssl=1 768w, https:\/\/i0.wp.com\/blog.kunstgriff.net\/wp-content\/uploads\/2018\/08\/Was-Kriege-alles-so-hervorbringen.jpg?resize=1024%2C683&amp;ssl=1 1024w, https:\/\/i0.wp.com\/blog.kunstgriff.net\/wp-content\/uploads\/2018\/08\/Was-Kriege-alles-so-hervorbringen.jpg?w=1575&amp;ssl=1 1575w\" width=\"131\" height=\"87\" loading=\"lazy\" data-original-width=\"131\" data-original-height=\"87\" itemprop=\"http:\/\/schema.org\/image\" title=\"Was Kriege alles so hervorbringen?\" alt=\"Was Kriege alles so hervorbringen?\" style=\"width: 131px; height: 87px;\" \/> <\/a> <div class=\"tiled-gallery-caption\" itemprop=\"caption description\"> Was Kriege alles so hervorbringen? <\/div> <\/div> <\/div> <!-- close group --> <div class=\"gallery-group images-1\" style=\"width: 135px; height: 91px;\" data-original-width=\"135\" data-original-height=\"91\" > <div class=\"tiled-gallery-item tiled-gallery-item-small\" itemprop=\"associatedMedia\" itemscope itemtype=\"http:\/\/schema.org\/ImageObject\"> <a href=\"https:\/\/i0.wp.com\/blog.kunstgriff.net\/wp-content\/uploads\/2018\/08\/Warten-auf-die-Zimmerschl%C3%BCsel.jpg?ssl=1\" border=\"0\" itemprop=\"url\"> <meta itemprop=\"width\" content=\"131\"> <meta itemprop=\"height\" content=\"87\"> <img decoding=\"async\" class=\"\" data-attachment-id=\"18428\" data-orig-file=\"https:\/\/blog.kunstgriff.net\/wp-content\/uploads\/2018\/08\/Warten-auf-die-Zimmerschl\u00fcsel.jpg\" data-orig-size=\"2500,1667\" data-comments-opened=\"1\" data-image-meta=\"{&quot;aperture&quot;:&quot;4.9&quot;,&quot;credit&quot;:&quot;&quot;,&quot;camera&quot;:&quot;TG-4&quot;,&quot;caption&quot;:&quot;OLYMPUS DIGITAL CAMERA&quot;,&quot;created_timestamp&quot;:&quot;1532616892&quot;,&quot;copyright&quot;:&quot;&quot;,&quot;focal_length&quot;:&quot;18&quot;,&quot;iso&quot;:&quot;250&quot;,&quot;shutter_speed&quot;:&quot;0.01&quot;,&quot;title&quot;:&quot;OLYMPUS DIGITAL CAMERA&quot;,&quot;orientation&quot;:&quot;1&quot;}\" data-image-title=\"Warten auf die Zimmerschl\u00fcssel\" data-image-description=\"\" data-medium-file=\"https:\/\/i0.wp.com\/blog.kunstgriff.net\/wp-content\/uploads\/2018\/08\/Warten-auf-die-Zimmerschl%C3%BCsel.jpg?fit=300%2C200&#038;ssl=1\" data-large-file=\"https:\/\/i0.wp.com\/blog.kunstgriff.net\/wp-content\/uploads\/2018\/08\/Warten-auf-die-Zimmerschl%C3%BCsel.jpg?fit=1024%2C683&#038;ssl=1\" src=\"https:\/\/i0.wp.com\/blog.kunstgriff.net\/wp-content\/uploads\/2018\/08\/Warten-auf-die-Zimmerschl%C3%BCsel.jpg?w=131&#038;h=87&#038;ssl=1\" width=\"131\" height=\"87\" loading=\"lazy\" data-original-width=\"131\" data-original-height=\"87\" itemprop=\"http:\/\/schema.org\/image\" title=\"Warten auf die Zimmerschl\u00fcssel\" alt=\"Warten auf die Zimmerschl\u00fcssel\" style=\"width: 131px; height: 87px;\" \/> <\/a> <div class=\"tiled-gallery-caption\" itemprop=\"caption description\"> Warten auf die Zimmerschl\u00fcssel <\/div> <\/div> <\/div> <!-- close group --> <div class=\"gallery-group images-1\" style=\"width: 135px; height: 91px;\" data-original-width=\"135\" data-original-height=\"91\" > <div class=\"tiled-gallery-item tiled-gallery-item-small\" itemprop=\"associatedMedia\" itemscope itemtype=\"http:\/\/schema.org\/ImageObject\"> <a href=\"https:\/\/i0.wp.com\/blog.kunstgriff.net\/wp-content\/uploads\/2018\/08\/Kleinstes-Doppelbett-von-Oostende.jpg?ssl=1\" border=\"0\" itemprop=\"url\"> <meta itemprop=\"width\" content=\"131\"> <meta itemprop=\"height\" content=\"87\"> <img decoding=\"async\" class=\"\" data-attachment-id=\"18419\" data-orig-file=\"https:\/\/blog.kunstgriff.net\/wp-content\/uploads\/2018\/08\/Kleinstes-Doppelbett-von-Oostende.jpg\" data-orig-size=\"2500,1667\" data-comments-opened=\"1\" data-image-meta=\"{&quot;aperture&quot;:&quot;2&quot;,&quot;credit&quot;:&quot;&quot;,&quot;camera&quot;:&quot;TG-4&quot;,&quot;caption&quot;:&quot;OLYMPUS DIGITAL CAMERA&quot;,&quot;created_timestamp&quot;:&quot;1532618791&quot;,&quot;copyright&quot;:&quot;&quot;,&quot;focal_length&quot;:&quot;4.5&quot;,&quot;iso&quot;:&quot;200&quot;,&quot;shutter_speed&quot;:&quot;0.02&quot;,&quot;title&quot;:&quot;OLYMPUS DIGITAL CAMERA&quot;,&quot;orientation&quot;:&quot;1&quot;}\" data-image-title=\"Kleinstes Doppelbett von Oostende\" data-image-description=\"\" data-medium-file=\"https:\/\/i0.wp.com\/blog.kunstgriff.net\/wp-content\/uploads\/2018\/08\/Kleinstes-Doppelbett-von-Oostende.jpg?fit=300%2C200&#038;ssl=1\" data-large-file=\"https:\/\/i0.wp.com\/blog.kunstgriff.net\/wp-content\/uploads\/2018\/08\/Kleinstes-Doppelbett-von-Oostende.jpg?fit=1024%2C683&#038;ssl=1\" src=\"https:\/\/i0.wp.com\/blog.kunstgriff.net\/wp-content\/uploads\/2018\/08\/Kleinstes-Doppelbett-von-Oostende.jpg?w=131&#038;h=87&#038;ssl=1\" srcset=\"https:\/\/i0.wp.com\/blog.kunstgriff.net\/wp-content\/uploads\/2018\/08\/Kleinstes-Doppelbett-von-Oostende.jpg?w=2500&amp;ssl=1 2500w, https:\/\/i0.wp.com\/blog.kunstgriff.net\/wp-content\/uploads\/2018\/08\/Kleinstes-Doppelbett-von-Oostende.jpg?resize=300%2C200&amp;ssl=1 300w, https:\/\/i0.wp.com\/blog.kunstgriff.net\/wp-content\/uploads\/2018\/08\/Kleinstes-Doppelbett-von-Oostende.jpg?resize=768%2C512&amp;ssl=1 768w, https:\/\/i0.wp.com\/blog.kunstgriff.net\/wp-content\/uploads\/2018\/08\/Kleinstes-Doppelbett-von-Oostende.jpg?resize=1024%2C683&amp;ssl=1 1024w, https:\/\/i0.wp.com\/blog.kunstgriff.net\/wp-content\/uploads\/2018\/08\/Kleinstes-Doppelbett-von-Oostende.jpg?w=1575&amp;ssl=1 1575w\" width=\"131\" height=\"87\" loading=\"lazy\" data-original-width=\"131\" data-original-height=\"87\" itemprop=\"http:\/\/schema.org\/image\" title=\"Kleinstes Doppelbett von Oostende\" alt=\"Kleinstes Doppelbett von Oostende\" style=\"width: 131px; height: 87px;\" \/> <\/a> <div class=\"tiled-gallery-caption\" itemprop=\"caption description\"> Kleinstes Doppelbett von Oostende <\/div> <\/div> <\/div> <!-- close group --> <div class=\"gallery-group images-1\" style=\"width: 120px; height: 91px;\" data-original-width=\"120\" data-original-height=\"91\" > <div class=\"tiled-gallery-item tiled-gallery-item-small\" itemprop=\"associatedMedia\" itemscope itemtype=\"http:\/\/schema.org\/ImageObject\"> <a href=\"https:\/\/i0.wp.com\/blog.kunstgriff.net\/wp-content\/uploads\/2018\/08\/Nicht-mein-Strand.jpg?ssl=1\" border=\"0\" itemprop=\"url\"> <meta itemprop=\"width\" content=\"116\"> <meta itemprop=\"height\" content=\"87\"> <img decoding=\"async\" class=\"\" data-attachment-id=\"18420\" data-orig-file=\"https:\/\/blog.kunstgriff.net\/wp-content\/uploads\/2018\/08\/Nicht-mein-Strand.jpg\" data-orig-size=\"2500,1878\" data-comments-opened=\"1\" data-image-meta=\"{&quot;aperture&quot;:&quot;2.2&quot;,&quot;credit&quot;:&quot;&quot;,&quot;camera&quot;:&quot;iPhone X&quot;,&quot;caption&quot;:&quot;&quot;,&quot;created_timestamp&quot;:&quot;1532624125&quot;,&quot;copyright&quot;:&quot;&quot;,&quot;focal_length&quot;:&quot;2.87&quot;,&quot;iso&quot;:&quot;20&quot;,&quot;shutter_speed&quot;:&quot;0.00059311981020166&quot;,&quot;title&quot;:&quot;&quot;,&quot;orientation&quot;:&quot;1&quot;}\" data-image-title=\"Nicht mein Strand\" data-image-description=\"\" data-medium-file=\"https:\/\/i0.wp.com\/blog.kunstgriff.net\/wp-content\/uploads\/2018\/08\/Nicht-mein-Strand.jpg?fit=300%2C225&#038;ssl=1\" data-large-file=\"https:\/\/i0.wp.com\/blog.kunstgriff.net\/wp-content\/uploads\/2018\/08\/Nicht-mein-Strand.jpg?fit=1024%2C769&#038;ssl=1\" src=\"https:\/\/i0.wp.com\/blog.kunstgriff.net\/wp-content\/uploads\/2018\/08\/Nicht-mein-Strand.jpg?w=116&#038;h=87&#038;ssl=1\" srcset=\"https:\/\/i0.wp.com\/blog.kunstgriff.net\/wp-content\/uploads\/2018\/08\/Nicht-mein-Strand.jpg?w=2500&amp;ssl=1 2500w, https:\/\/i0.wp.com\/blog.kunstgriff.net\/wp-content\/uploads\/2018\/08\/Nicht-mein-Strand.jpg?resize=300%2C225&amp;ssl=1 300w, https:\/\/i0.wp.com\/blog.kunstgriff.net\/wp-content\/uploads\/2018\/08\/Nicht-mein-Strand.jpg?resize=768%2C577&amp;ssl=1 768w, https:\/\/i0.wp.com\/blog.kunstgriff.net\/wp-content\/uploads\/2018\/08\/Nicht-mein-Strand.jpg?resize=1024%2C769&amp;ssl=1 1024w, https:\/\/i0.wp.com\/blog.kunstgriff.net\/wp-content\/uploads\/2018\/08\/Nicht-mein-Strand.jpg?w=1575&amp;ssl=1 1575w\" width=\"116\" height=\"87\" loading=\"lazy\" data-original-width=\"116\" data-original-height=\"87\" itemprop=\"http:\/\/schema.org\/image\" title=\"Nicht mein Strand\" alt=\"Nicht mein Strand\" style=\"width: 116px; height: 87px;\" \/> <\/a> <div class=\"tiled-gallery-caption\" itemprop=\"caption description\"> Nicht mein Strand <\/div> <\/div> <\/div> <!-- close group --> <\/div> <!-- close row --> <\/div>\n<div style=\"width: 525px;\" class=\"wp-video\"><video class=\"wp-video-shortcode\" id=\"video-18409-1\" width=\"525\" height=\"295\" preload=\"metadata\" controls=\"controls\"><source type=\"video\/mp4\" src=\"https:\/\/blog.kunstgriff.net\/wp-content\/uploads\/2018\/08\/Relive-ERT-2018-Belgien-5.-Etappe-Roubaix-\u2013-Oostende.mp4?_=1\" \/><a href=\"https:\/\/blog.kunstgriff.net\/wp-content\/uploads\/2018\/08\/Relive-ERT-2018-Belgien-5.-Etappe-Roubaix-\u2013-Oostende.mp4\">https:\/\/blog.kunstgriff.net\/wp-content\/uploads\/2018\/08\/Relive-ERT-2018-Belgien-5.-Etappe-Roubaix-\u2013-Oostende.mp4<\/a><\/video><\/div>\n","protected":false},"excerpt":{"rendered":"<p>Roubaix \u2013 Oostende Der Tag begann mit einem typisch \u00fcbersichtlichen franz\u00f6sischen Fr\u00fchst\u00fccksb\u00fcffet ohne Wurst &amp; K\u00e4se. Mir wars egal, dem Marc nicht. Daf\u00fcr ging es mit zwei Nutella-Croissants intus f\u00fcr mich auf die Piste. Landschaftlich erstmal eher unspektakul\u00e4r, allerdings an jeder Ecke sehr geschichtstr\u00e4chtige Spots. Vor ziemlich genau 100 Jahren hatte hier ein barbarischer Krieg &hellip; <\/p>\n<p class=\"link-more\"><a href=\"https:\/\/blog.kunstgriff.net\/?p=18409\" class=\"more-link\"><span class=\"screen-reader-text\">\u201eERT 2018: Belgien 5. Etappe\u201c <\/span>weiterlesen<\/a><\/p>\n","protected":false},"author":2,"featured_media":18417,"comment_status":"open","ping_status":"open","sticky":false,"template":"","format":"standard","meta":{"jetpack_post_was_ever_published":false,"_jetpack_newsletter_access":"","_jetpack_dont_email_post_to_subs":false,"_jetpack_newsletter_tier_id":0,"_jetpack_memberships_contains_paywalled_content":false,"_jetpack_memberships_contains_paid_content":false,"footnotes":""},"categories":[14,13,7],"tags":[],"class_list":["post-18409","post","type-post","status-publish","format-standard","has-post-thumbnail","hentry","category-radfahren","category-radreise","category-rennradfahren"],"jetpack_featured_media_url":"https:\/\/i0.wp.com\/blog.kunstgriff.net\/wp-content\/uploads\/2018\/08\/Hier-war-vor-100-Jahren-bitterer-Krieg.jpg?fit=2500%2C1667&ssl=1","jetpack_shortlink":"https:\/\/wp.me\/p8Cxe7-4MV","jetpack-related-posts":[{"id":22742,"url":"https:\/\/blog.kunstgriff.net\/?p=22742","url_meta":{"origin":18409,"position":0},"title":"Mallorca Trainingscamp 2022 &#8211; Tag 5 &#8211; Santa Maria-Runde","author":"Georg","date":"April 5, 2022","format":false,"excerpt":"Flach kann ganz sch\u00f6n anstrengend sein Nachdem gestern (verordneter) Ruhetag inklusive ausgedehntem Spaziergang war, sollte heute wieder an der Kurbel gedreht werden. Die Santa-Maria-Runde lag erneut auf dem Touren-Tablett. Nicht zu viele H\u00f6henmeter, und trotzdem \u00fcber 100 km stand in der Track-Beschreibung. Bew\u00f6lkt und nicht zu k\u00fchl ging es wieder\u2026","rel":"","context":"In &quot;Cake-Ride&quot;","block_context":{"text":"Cake-Ride","link":"https:\/\/blog.kunstgriff.net\/?cat=34"},"img":{"alt_text":"Finischer-Foto","src":"https:\/\/i0.wp.com\/blog.kunstgriff.net\/wp-content\/uploads\/2022\/04\/Finischer-Foto.jpg?fit=1200%2C900&ssl=1&resize=350%2C200","width":350,"height":200,"srcset":"https:\/\/i0.wp.com\/blog.kunstgriff.net\/wp-content\/uploads\/2022\/04\/Finischer-Foto.jpg?fit=1200%2C900&ssl=1&resize=350%2C200 1x, https:\/\/i0.wp.com\/blog.kunstgriff.net\/wp-content\/uploads\/2022\/04\/Finischer-Foto.jpg?fit=1200%2C900&ssl=1&resize=525%2C300 1.5x, https:\/\/i0.wp.com\/blog.kunstgriff.net\/wp-content\/uploads\/2022\/04\/Finischer-Foto.jpg?fit=1200%2C900&ssl=1&resize=700%2C400 2x, https:\/\/i0.wp.com\/blog.kunstgriff.net\/wp-content\/uploads\/2022\/04\/Finischer-Foto.jpg?fit=1200%2C900&ssl=1&resize=1050%2C600 3x"},"classes":[]},{"id":19300,"url":"https:\/\/blog.kunstgriff.net\/?p=19300","url_meta":{"origin":18409,"position":1},"title":"Am Ostersamstag zum Schiffshebewerk in Niederfinow","author":"Georg","date":"April 20, 2019","format":false,"excerpt":"Im Norden gibt es auch Kuchen Irgendwie war heute vor Abfahrt der Wurm drin und ich musste noch in letzter Minute die CR2032-Batterie meines Leistungsmessers wechseln. Genau die 4 Minuten, welche ich zu sp\u00e4t zum Startpunkt kam. Zum Gl\u00fcck rief ich bei Alex an und k\u00fcndigte meine kurze Versp\u00e4tung an.\u2026","rel":"","context":"In &quot;Cake-Ride&quot;","block_context":{"text":"Cake-Ride","link":"https:\/\/blog.kunstgriff.net\/?cat=34"},"img":{"alt_text":"","src":"https:\/\/i0.wp.com\/blog.kunstgriff.net\/wp-content\/uploads\/2019\/04\/Niederfinow.jpg?fit=1200%2C800&ssl=1&resize=350%2C200","width":350,"height":200,"srcset":"https:\/\/i0.wp.com\/blog.kunstgriff.net\/wp-content\/uploads\/2019\/04\/Niederfinow.jpg?fit=1200%2C800&ssl=1&resize=350%2C200 1x, https:\/\/i0.wp.com\/blog.kunstgriff.net\/wp-content\/uploads\/2019\/04\/Niederfinow.jpg?fit=1200%2C800&ssl=1&resize=525%2C300 1.5x, https:\/\/i0.wp.com\/blog.kunstgriff.net\/wp-content\/uploads\/2019\/04\/Niederfinow.jpg?fit=1200%2C800&ssl=1&resize=700%2C400 2x, https:\/\/i0.wp.com\/blog.kunstgriff.net\/wp-content\/uploads\/2019\/04\/Niederfinow.jpg?fit=1200%2C800&ssl=1&resize=1050%2C600 3x"},"classes":[]},{"id":23739,"url":"https:\/\/blog.kunstgriff.net\/?p=23739","url_meta":{"origin":18409,"position":2},"title":"ERT Savoyer-Alpen 2024","author":"Georg","date":"September 1, 2024","format":false,"excerpt":"Eine Woche radfahren: 694 km - 16.963 H\u00f6henmeter Als ich am 24. August mit Ilja nach Genf aufbrach, um am darauffolgenden Tag unsere Savoyer-Alpen-Tour mit dem WfF in Grenoble zu starten, war mir bereits bewusst, auf was f\u00fcr ein Abenteuer ich mich da eingelassen hatte. Dank der perfekt ausgearbeiteten Micro-Site\u2026","rel":"","context":"In &quot;Radfahren&quot;","block_context":{"text":"Radfahren","link":"https:\/\/blog.kunstgriff.net\/?cat=14"},"img":{"alt_text":"Gruppenfoto in L\u2019Alpe d\u2018Huez","src":"https:\/\/i0.wp.com\/blog.kunstgriff.net\/wp-content\/uploads\/2024\/09\/Gruppenfoto-in-LAlpe-d%E2%80%98Huez-.jpeg?fit=1200%2C900&ssl=1&resize=350%2C200","width":350,"height":200,"srcset":"https:\/\/i0.wp.com\/blog.kunstgriff.net\/wp-content\/uploads\/2024\/09\/Gruppenfoto-in-LAlpe-d%E2%80%98Huez-.jpeg?fit=1200%2C900&ssl=1&resize=350%2C200 1x, https:\/\/i0.wp.com\/blog.kunstgriff.net\/wp-content\/uploads\/2024\/09\/Gruppenfoto-in-LAlpe-d%E2%80%98Huez-.jpeg?fit=1200%2C900&ssl=1&resize=525%2C300 1.5x, https:\/\/i0.wp.com\/blog.kunstgriff.net\/wp-content\/uploads\/2024\/09\/Gruppenfoto-in-LAlpe-d%E2%80%98Huez-.jpeg?fit=1200%2C900&ssl=1&resize=700%2C400 2x, https:\/\/i0.wp.com\/blog.kunstgriff.net\/wp-content\/uploads\/2024\/09\/Gruppenfoto-in-LAlpe-d%E2%80%98Huez-.jpeg?fit=1200%2C900&ssl=1&resize=1050%2C600 3x"},"classes":[]},{"id":20677,"url":"https:\/\/blog.kunstgriff.net\/?p=20677","url_meta":{"origin":18409,"position":3},"title":"ERT 2020: Portugal\/Algarve 3. Tag","author":"Georg","date":"M\u00e4rz 3, 2020","format":false,"excerpt":"von S\u00e3o Br\u00e1s de Alportel nach Caldas de Monchique Obwohl der vergangene Abend mit ohne Alkohol genossen wurde, fiel mir das Radfahren heute schwer. Drei Tage in Reihe ist f\u00fcr so morsche Knochen auch ein relativ hartes Unterfangen. Egal, \u00bbwas muss das muss\u00ab, haben schon die Seem\u00e4nner gesagt. Also rein\u2026","rel":"","context":"In &quot;Radfahren&quot;","block_context":{"text":"Radfahren","link":"https:\/\/blog.kunstgriff.net\/?cat=14"},"img":{"alt_text":"Abfahrt zum Stausee","src":"https:\/\/i0.wp.com\/blog.kunstgriff.net\/wp-content\/uploads\/2020\/03\/Abfahrt-zum-Stausee-scaled.jpg?fit=1200%2C800&ssl=1&resize=350%2C200","width":350,"height":200,"srcset":"https:\/\/i0.wp.com\/blog.kunstgriff.net\/wp-content\/uploads\/2020\/03\/Abfahrt-zum-Stausee-scaled.jpg?fit=1200%2C800&ssl=1&resize=350%2C200 1x, https:\/\/i0.wp.com\/blog.kunstgriff.net\/wp-content\/uploads\/2020\/03\/Abfahrt-zum-Stausee-scaled.jpg?fit=1200%2C800&ssl=1&resize=525%2C300 1.5x, https:\/\/i0.wp.com\/blog.kunstgriff.net\/wp-content\/uploads\/2020\/03\/Abfahrt-zum-Stausee-scaled.jpg?fit=1200%2C800&ssl=1&resize=700%2C400 2x, https:\/\/i0.wp.com\/blog.kunstgriff.net\/wp-content\/uploads\/2020\/03\/Abfahrt-zum-Stausee-scaled.jpg?fit=1200%2C800&ssl=1&resize=1050%2C600 3x"},"classes":[]},{"id":19152,"url":"https:\/\/blog.kunstgriff.net\/?p=19152","url_meta":{"origin":18409,"position":4},"title":"Mallorca Trainingscamp 2019 &#8211; Tag 4 &#8211; Orient","author":"Georg","date":"April 5, 2019","format":false,"excerpt":"noch mehr Berge Nachdem wir in den vergangenen Tagen ja bereits ausgiebig wellig gefahren sind, sollten heute wieder ein paar H\u00f6henmeter gesammelt werden. Nicht all zu viel, aber drei Kanten standen auf dem Programm. Zum einen war da der nun schon fast legend\u00e4re Col de Campagnet, der Anstieg am MA-2110\u2026","rel":"","context":"In &quot;Cake-Ride&quot;","block_context":{"text":"Cake-Ride","link":"https:\/\/blog.kunstgriff.net\/?cat=34"},"img":{"alt_text":"","src":"https:\/\/i0.wp.com\/blog.kunstgriff.net\/wp-content\/uploads\/2019\/04\/Orient-oben.jpg?fit=1200%2C800&ssl=1&resize=350%2C200","width":350,"height":200,"srcset":"https:\/\/i0.wp.com\/blog.kunstgriff.net\/wp-content\/uploads\/2019\/04\/Orient-oben.jpg?fit=1200%2C800&ssl=1&resize=350%2C200 1x, https:\/\/i0.wp.com\/blog.kunstgriff.net\/wp-content\/uploads\/2019\/04\/Orient-oben.jpg?fit=1200%2C800&ssl=1&resize=525%2C300 1.5x, https:\/\/i0.wp.com\/blog.kunstgriff.net\/wp-content\/uploads\/2019\/04\/Orient-oben.jpg?fit=1200%2C800&ssl=1&resize=700%2C400 2x, https:\/\/i0.wp.com\/blog.kunstgriff.net\/wp-content\/uploads\/2019\/04\/Orient-oben.jpg?fit=1200%2C800&ssl=1&resize=1050%2C600 3x"},"classes":[]},{"id":13672,"url":"https:\/\/blog.kunstgriff.net\/?p=13672","url_meta":{"origin":18409,"position":5},"title":"Kurze Nordrunde \u00fcber Kremmen","author":"Georg","date":"Juli 2, 2016","format":false,"excerpt":"oder \u00bbLange nicht mehr hier gewesen\u00ab Einer meiner Lieblingsrunden und meist-gefahrenen, sollte heute mal wieder unter die R\u00e4der genommen werden. Dem Gruppen-Fahren ein wenig \u00fcberdr\u00fcssig machte ich mich um kurz nach 8 auf die noch sauberen Socken nach Norden. Zuletzt bin ich die Runde vor\u00a0\u00fcber einem Jahr gefahren und so\u2026","rel":"","context":"In &quot;Radfahren&quot;","block_context":{"text":"Radfahren","link":"https:\/\/blog.kunstgriff.net\/?cat=14"},"img":{"alt_text":"","src":"https:\/\/i0.wp.com\/blog.kunstgriff.net\/wp-content\/uploads\/2016\/07\/Verhangener-Himmel-im-Eiskeller.jpg?fit=1200%2C800&ssl=1&resize=350%2C200","width":350,"height":200,"srcset":"https:\/\/i0.wp.com\/blog.kunstgriff.net\/wp-content\/uploads\/2016\/07\/Verhangener-Himmel-im-Eiskeller.jpg?fit=1200%2C800&ssl=1&resize=350%2C200 1x, https:\/\/i0.wp.com\/blog.kunstgriff.net\/wp-content\/uploads\/2016\/07\/Verhangener-Himmel-im-Eiskeller.jpg?fit=1200%2C800&ssl=1&resize=525%2C300 1.5x, https:\/\/i0.wp.com\/blog.kunstgriff.net\/wp-content\/uploads\/2016\/07\/Verhangener-Himmel-im-Eiskeller.jpg?fit=1200%2C800&ssl=1&resize=700%2C400 2x, https:\/\/i0.wp.com\/blog.kunstgriff.net\/wp-content\/uploads\/2016\/07\/Verhangener-Himmel-im-Eiskeller.jpg?fit=1200%2C800&ssl=1&resize=1050%2C600 3x"},"classes":[]}],"jetpack_likes_enabled":true,"jetpack_sharing_enabled":true,"_links":{"self":[{"href":"https:\/\/blog.kunstgriff.net\/index.php?rest_route=\/wp\/v2\/posts\/18409","targetHints":{"allow":["GET"]}}],"collection":[{"href":"https:\/\/blog.kunstgriff.net\/index.php?rest_route=\/wp\/v2\/posts"}],"about":[{"href":"https:\/\/blog.kunstgriff.net\/index.php?rest_route=\/wp\/v2\/types\/post"}],"author":[{"embeddable":true,"href":"https:\/\/blog.kunstgriff.net\/index.php?rest_route=\/wp\/v2\/users\/2"}],"replies":[{"embeddable":true,"href":"https:\/\/blog.kunstgriff.net\/index.php?rest_route=%2Fwp%2Fv2%2Fcomments&post=18409"}],"version-history":[{"count":0,"href":"https:\/\/blog.kunstgriff.net\/index.php?rest_route=\/wp\/v2\/posts\/18409\/revisions"}],"wp:featuredmedia":[{"embeddable":true,"href":"https:\/\/blog.kunstgriff.net\/index.php?rest_route=\/wp\/v2\/media\/18417"}],"wp:attachment":[{"href":"https:\/\/blog.kunstgriff.net\/index.php?rest_route=%2Fwp%2Fv2%2Fmedia&parent=18409"}],"wp:term":[{"taxonomy":"category","embeddable":true,"href":"https:\/\/blog.kunstgriff.net\/index.php?rest_route=%2Fwp%2Fv2%2Fcategories&post=18409"},{"taxonomy":"post_tag","embeddable":true,"href":"https:\/\/blog.kunstgriff.net\/index.php?rest_route=%2Fwp%2Fv2%2Ftags&post=18409"}],"curies":[{"name":"wp","href":"https:\/\/api.w.org\/{rel}","templated":true}]}}