{"id":18526,"date":"2018-07-31T22:39:17","date_gmt":"2018-07-31T20:39:17","guid":{"rendered":"https:\/\/blog.kunstgriff.net\/?p=18526"},"modified":"2018-08-11T08:39:53","modified_gmt":"2018-08-11T06:39:53","slug":"ert-2018-breisgau-2-tag","status":"publish","type":"post","link":"https:\/\/blog.kunstgriff.net\/?p=18526","title":{"rendered":"ERT 2018: Breisgau 2. Tag"},"content":{"rendered":"<span class=\"span-reading-time rt-reading-time\" style=\"display: block;\"><span class=\"rt-label rt-prefix\">Lesezeit: <\/span> <span class=\"rt-time\"> 2<\/span> <span class=\"rt-label rt-postfix\">Minuten<\/span><\/span><h4>Schauinsland und Belchen<\/h4>\n<hr \/>\n<p>Was stand heute auf dem Programm? Nat\u00fcrlich Radfahren! Nach dem pers\u00f6nlich, mit im REWE gekauften Blaubeeren und Kiwi, verfeinerten M\u00fcsli am Fr\u00fchst\u00fcckstisch, war die mittlere Strecke von allen f\u00fcr gut befunden worden.<\/p>\n<p>Zwar entging uns so der Feldberg \u2013 immerhin h\u00f6chster Berg im Schwarzwald \u2013 aber es gab weit attraktivere Anstiege, um auf entsprechende H\u00f6henmeter zu kommen. Aber dazu sp\u00e4ter mehr\u2026<\/p>\n<p>Erstmal musste der Kaiserstuhl durchfahren werden, bevor es in den langen z\u00e4hen Anstieg durchs M\u00fcnstertal ging. Fr\u00fch war es vorbei mit \u00bbGruppenharmonie\u00ab und ich fuhr mal wieder alleine. Nicht weiter schlimm, denn der steile Anstieg \u00fcber Stohren hoch zum Schauinsland kann man auch gut &amp; gerne solo fahren.<\/p>\n<p>Oben angekommen, nach der ungleichm\u00e4\u00dfigen Kneterei war die Freude wieder \u00fcberschw\u00e4nglich und riesig, diesen Anstieg bezwungen zu haben. Die Sonne brannte mir auf die Haut und der Fahrtwind k\u00fchlte leicht, denn nun ging es auch schon steil bergab nach Todtnau.<\/p>\n<p>Wenig sp\u00e4ter in Utzenfeld gab&#8217;s dann leckeres Buffet im Schatten. Nach viel zu langer Pause schlug Herbert vor, doch noch den Belchen mitzunehmen. Zweith\u00f6chster Berg im Schwarzwald, relativ gleichm\u00e4\u00dfige Steigung: gebongt.<\/p>\n<p>In der prallen Mittagshitze war das Vorhaben aber dann doch kr\u00e4ftezehrender als gedacht und auf den letzten Kilometern hoch zur Liftstation hatte ich trotz Powerbar-Gels das Gef\u00fchl das mich die Kr\u00e4fte verlassen w\u00fcrden und mein Kreislauf kollabieren w\u00fcrde \u2013 was er zum Gl\u00fcck dann aber nicht tat.<\/p>\n<p>Ziemlich ersch\u00f6pft kam ich oben an und freute mich \u00fcber das kalte Wasser aus dem Hahn der dort ans\u00e4ssigen Gastronomie-Toilette.<\/p>\n<p>Jetzt ging es eigentlich nur noch runter, zur\u00fcck ins M\u00fcnstertal, w\u00e4re da nicht der kurze, knackige Anstieg hoch zum Wiedener-Eck, der uns von der langen Abfahrt zum Kuchen-B\u00e4cker trennte.<\/p>\n<p>Als dieser verdr\u00fcckt war waren noch knapp 20 km zur\u00fcck zur <em>Base<\/em> zu absolvieren und ein herrlich schwei\u00dftreibender Tag auf dem Rad geht zu Ende.<\/p>\n<p>Morgen dann \u00fcber den Rhein, nach Frankreich. Ich bin gespannt!<\/p>\n<p><iframe loading=\"lazy\" src=\"https:\/\/www.strava.com\/activities\/1762156186\/embed\/1aa52b70b7fb2cc7f72606f93b2e8df80b58ca13\" width=\"590\" height=\"405\" frameborder=\"0\" scrolling=\"no\"><\/iframe><\/p>\n<div class=\"tiled-gallery type-rectangular tiled-gallery-unresized\" data-original-width=\"525\" data-carousel-extra='{&quot;blog_id&quot;:1,&quot;permalink&quot;:&quot;https:\\\/\\\/blog.kunstgriff.net\\\/?p=18526&quot;,&quot;likes_blog_id&quot;:127394879}' itemscope itemtype=\"http:\/\/schema.org\/ImageGallery\" > <div class=\"gallery-row\" style=\"width: 525px; height: 235px;\" data-original-width=\"525\" data-original-height=\"235\" > <div class=\"gallery-group images-1\" style=\"width: 351px; height: 235px;\" data-original-width=\"351\" data-original-height=\"235\" > <div class=\"tiled-gallery-item tiled-gallery-item-large\" itemprop=\"associatedMedia\" itemscope itemtype=\"http:\/\/schema.org\/ImageObject\"> <a href=\"https:\/\/i0.wp.com\/blog.kunstgriff.net\/wp-content\/uploads\/2018\/08\/Auf-ins-M%C3%BCnstertal.jpg?ssl=1\" border=\"0\" itemprop=\"url\"> <meta itemprop=\"width\" content=\"347\"> <meta itemprop=\"height\" content=\"231\"> <img decoding=\"async\" class=\"\" data-attachment-id=\"18530\" data-orig-file=\"https:\/\/blog.kunstgriff.net\/wp-content\/uploads\/2018\/08\/Auf-ins-M\u00fcnstertal.jpg\" data-orig-size=\"2500,1666\" data-comments-opened=\"1\" data-image-meta=\"{&quot;aperture&quot;:&quot;8&quot;,&quot;credit&quot;:&quot;&quot;,&quot;camera&quot;:&quot;TG-4&quot;,&quot;caption&quot;:&quot;OLYMPUS DIGITAL CAMERA&quot;,&quot;created_timestamp&quot;:&quot;1533028857&quot;,&quot;copyright&quot;:&quot;&quot;,&quot;focal_length&quot;:&quot;4.5&quot;,&quot;iso&quot;:&quot;100&quot;,&quot;shutter_speed&quot;:&quot;0.0025&quot;,&quot;title&quot;:&quot;OLYMPUS DIGITAL CAMERA&quot;,&quot;orientation&quot;:&quot;1&quot;}\" data-image-title=\"Auf ins M\u00fcnstertal\" data-image-description=\"\" data-medium-file=\"https:\/\/i0.wp.com\/blog.kunstgriff.net\/wp-content\/uploads\/2018\/08\/Auf-ins-M%C3%BCnstertal.jpg?fit=300%2C200&#038;ssl=1\" data-large-file=\"https:\/\/i0.wp.com\/blog.kunstgriff.net\/wp-content\/uploads\/2018\/08\/Auf-ins-M%C3%BCnstertal.jpg?fit=1024%2C682&#038;ssl=1\" src=\"https:\/\/i0.wp.com\/blog.kunstgriff.net\/wp-content\/uploads\/2018\/08\/Auf-ins-M%C3%BCnstertal.jpg?w=347&#038;h=231&#038;ssl=1\" width=\"347\" height=\"231\" loading=\"lazy\" data-original-width=\"347\" data-original-height=\"231\" itemprop=\"http:\/\/schema.org\/image\" title=\"Auf ins M\u00fcnstertal\" alt=\"Auf ins M\u00fcnstertal\" style=\"width: 347px; height: 231px;\" \/> <\/a> <div class=\"tiled-gallery-caption\" itemprop=\"caption description\"> Auf ins M\u00fcnstertal <\/div> <\/div> <\/div> <!-- close group --> <div class=\"gallery-group images-2\" style=\"width: 174px; height: 235px;\" data-original-width=\"174\" data-original-height=\"235\" > <div class=\"tiled-gallery-item tiled-gallery-item-small\" itemprop=\"associatedMedia\" itemscope itemtype=\"http:\/\/schema.org\/ImageObject\"> <a href=\"https:\/\/i0.wp.com\/blog.kunstgriff.net\/wp-content\/uploads\/2018\/08\/Buffet-im-Schatten.jpg?ssl=1\" border=\"0\" itemprop=\"url\"> <meta itemprop=\"width\" content=\"170\"> <meta itemprop=\"height\" content=\"114\"> <img decoding=\"async\" class=\"\" data-attachment-id=\"18531\" data-orig-file=\"https:\/\/blog.kunstgriff.net\/wp-content\/uploads\/2018\/08\/Buffet-im-Schatten.jpg\" data-orig-size=\"2500,1667\" data-comments-opened=\"1\" data-image-meta=\"{&quot;aperture&quot;:&quot;2.8&quot;,&quot;credit&quot;:&quot;&quot;,&quot;camera&quot;:&quot;TG-4&quot;,&quot;caption&quot;:&quot;OLYMPUS DIGITAL CAMERA&quot;,&quot;created_timestamp&quot;:&quot;1533036377&quot;,&quot;copyright&quot;:&quot;&quot;,&quot;focal_length&quot;:&quot;4.5&quot;,&quot;iso&quot;:&quot;100&quot;,&quot;shutter_speed&quot;:&quot;0.002&quot;,&quot;title&quot;:&quot;OLYMPUS DIGITAL CAMERA&quot;,&quot;orientation&quot;:&quot;1&quot;}\" data-image-title=\"Buffet im Schatten\" data-image-description=\"\" data-medium-file=\"https:\/\/i0.wp.com\/blog.kunstgriff.net\/wp-content\/uploads\/2018\/08\/Buffet-im-Schatten.jpg?fit=300%2C200&#038;ssl=1\" data-large-file=\"https:\/\/i0.wp.com\/blog.kunstgriff.net\/wp-content\/uploads\/2018\/08\/Buffet-im-Schatten.jpg?fit=1024%2C683&#038;ssl=1\" src=\"https:\/\/i0.wp.com\/blog.kunstgriff.net\/wp-content\/uploads\/2018\/08\/Buffet-im-Schatten.jpg?w=170&#038;h=114&#038;ssl=1\" srcset=\"https:\/\/i0.wp.com\/blog.kunstgriff.net\/wp-content\/uploads\/2018\/08\/Buffet-im-Schatten.jpg?w=2500&amp;ssl=1 2500w, https:\/\/i0.wp.com\/blog.kunstgriff.net\/wp-content\/uploads\/2018\/08\/Buffet-im-Schatten.jpg?resize=300%2C200&amp;ssl=1 300w, https:\/\/i0.wp.com\/blog.kunstgriff.net\/wp-content\/uploads\/2018\/08\/Buffet-im-Schatten.jpg?resize=768%2C512&amp;ssl=1 768w, https:\/\/i0.wp.com\/blog.kunstgriff.net\/wp-content\/uploads\/2018\/08\/Buffet-im-Schatten.jpg?resize=1024%2C683&amp;ssl=1 1024w, https:\/\/i0.wp.com\/blog.kunstgriff.net\/wp-content\/uploads\/2018\/08\/Buffet-im-Schatten.jpg?w=1575&amp;ssl=1 1575w\" width=\"170\" height=\"114\" loading=\"lazy\" data-original-width=\"170\" data-original-height=\"114\" itemprop=\"http:\/\/schema.org\/image\" title=\"Buffet im Schatten\" alt=\"Buffet im Schatten\" style=\"width: 170px; height: 114px;\" \/> <\/a> <div class=\"tiled-gallery-caption\" itemprop=\"caption description\"> Buffet im Schatten <\/div> <\/div> <div class=\"tiled-gallery-item tiled-gallery-item-small\" itemprop=\"associatedMedia\" itemscope itemtype=\"http:\/\/schema.org\/ImageObject\"> <a href=\"https:\/\/i0.wp.com\/blog.kunstgriff.net\/wp-content\/uploads\/2018\/08\/Wiedener-Eck-ein-Traum.jpg?ssl=1\" border=\"0\" itemprop=\"url\"> <meta itemprop=\"width\" content=\"170\"> <meta itemprop=\"height\" content=\"113\"> <img decoding=\"async\" class=\"\" data-attachment-id=\"18536\" data-orig-file=\"https:\/\/blog.kunstgriff.net\/wp-content\/uploads\/2018\/08\/Wiedener-Eck-ein-Traum.jpg\" data-orig-size=\"2500,1667\" data-comments-opened=\"1\" data-image-meta=\"{&quot;aperture&quot;:&quot;8&quot;,&quot;credit&quot;:&quot;&quot;,&quot;camera&quot;:&quot;TG-4&quot;,&quot;caption&quot;:&quot;OLYMPUS DIGITAL CAMERA&quot;,&quot;created_timestamp&quot;:&quot;1533045051&quot;,&quot;copyright&quot;:&quot;&quot;,&quot;focal_length&quot;:&quot;4.5&quot;,&quot;iso&quot;:&quot;100&quot;,&quot;shutter_speed&quot;:&quot;0.005&quot;,&quot;title&quot;:&quot;OLYMPUS DIGITAL CAMERA&quot;,&quot;orientation&quot;:&quot;1&quot;}\" data-image-title=\"Wiedener Eck &amp;#8211; ein Traum\" data-image-description=\"\" data-medium-file=\"https:\/\/i0.wp.com\/blog.kunstgriff.net\/wp-content\/uploads\/2018\/08\/Wiedener-Eck-ein-Traum.jpg?fit=300%2C200&#038;ssl=1\" data-large-file=\"https:\/\/i0.wp.com\/blog.kunstgriff.net\/wp-content\/uploads\/2018\/08\/Wiedener-Eck-ein-Traum.jpg?fit=1024%2C683&#038;ssl=1\" src=\"https:\/\/i0.wp.com\/blog.kunstgriff.net\/wp-content\/uploads\/2018\/08\/Wiedener-Eck-ein-Traum.jpg?w=170&#038;h=113&#038;ssl=1\" srcset=\"https:\/\/i0.wp.com\/blog.kunstgriff.net\/wp-content\/uploads\/2018\/08\/Wiedener-Eck-ein-Traum.jpg?w=2500&amp;ssl=1 2500w, https:\/\/i0.wp.com\/blog.kunstgriff.net\/wp-content\/uploads\/2018\/08\/Wiedener-Eck-ein-Traum.jpg?resize=300%2C200&amp;ssl=1 300w, https:\/\/i0.wp.com\/blog.kunstgriff.net\/wp-content\/uploads\/2018\/08\/Wiedener-Eck-ein-Traum.jpg?resize=768%2C512&amp;ssl=1 768w, https:\/\/i0.wp.com\/blog.kunstgriff.net\/wp-content\/uploads\/2018\/08\/Wiedener-Eck-ein-Traum.jpg?resize=1024%2C683&amp;ssl=1 1024w, https:\/\/i0.wp.com\/blog.kunstgriff.net\/wp-content\/uploads\/2018\/08\/Wiedener-Eck-ein-Traum.jpg?w=1575&amp;ssl=1 1575w\" width=\"170\" height=\"113\" loading=\"lazy\" data-original-width=\"170\" data-original-height=\"113\" itemprop=\"http:\/\/schema.org\/image\" title=\"Wiedener Eck - ein Traum\" alt=\"Wiedener Eck - ein Traum\" style=\"width: 170px; height: 113px;\" \/> <\/a> <div class=\"tiled-gallery-caption\" itemprop=\"caption description\"> Wiedener Eck &#8211; ein Traum <\/div> <\/div> <\/div> <!-- close group --> <\/div> <!-- close row --> <div class=\"gallery-row\" style=\"width: 525px; height: 235px;\" data-original-width=\"525\" data-original-height=\"235\" > <div class=\"gallery-group images-2\" style=\"width: 174px; height: 235px;\" data-original-width=\"174\" data-original-height=\"235\" > <div class=\"tiled-gallery-item tiled-gallery-item-small\" itemprop=\"associatedMedia\" itemscope itemtype=\"http:\/\/schema.org\/ImageObject\"> <a href=\"https:\/\/i0.wp.com\/blog.kunstgriff.net\/wp-content\/uploads\/2018\/08\/Die-Belchen-Qual-geschafft.jpg?ssl=1\" border=\"0\" itemprop=\"url\"> <meta itemprop=\"width\" content=\"170\"> <meta itemprop=\"height\" content=\"114\"> <img decoding=\"async\" class=\"\" data-attachment-id=\"18532\" data-orig-file=\"https:\/\/blog.kunstgriff.net\/wp-content\/uploads\/2018\/08\/Die-Belchen-Qual-geschafft.jpg\" data-orig-size=\"2500,1667\" data-comments-opened=\"1\" data-image-meta=\"{&quot;aperture&quot;:&quot;8&quot;,&quot;credit&quot;:&quot;&quot;,&quot;camera&quot;:&quot;TG-4&quot;,&quot;caption&quot;:&quot;OLYMPUS DIGITAL CAMERA&quot;,&quot;created_timestamp&quot;:&quot;1533042091&quot;,&quot;copyright&quot;:&quot;&quot;,&quot;focal_length&quot;:&quot;4.5&quot;,&quot;iso&quot;:&quot;100&quot;,&quot;shutter_speed&quot;:&quot;0.004&quot;,&quot;title&quot;:&quot;OLYMPUS DIGITAL CAMERA&quot;,&quot;orientation&quot;:&quot;1&quot;}\" data-image-title=\"Die Belchen-Qual geschafft\" data-image-description=\"\" data-medium-file=\"https:\/\/i0.wp.com\/blog.kunstgriff.net\/wp-content\/uploads\/2018\/08\/Die-Belchen-Qual-geschafft.jpg?fit=300%2C200&#038;ssl=1\" data-large-file=\"https:\/\/i0.wp.com\/blog.kunstgriff.net\/wp-content\/uploads\/2018\/08\/Die-Belchen-Qual-geschafft.jpg?fit=1024%2C683&#038;ssl=1\" src=\"https:\/\/i0.wp.com\/blog.kunstgriff.net\/wp-content\/uploads\/2018\/08\/Die-Belchen-Qual-geschafft.jpg?w=170&#038;h=114&#038;ssl=1\" srcset=\"https:\/\/i0.wp.com\/blog.kunstgriff.net\/wp-content\/uploads\/2018\/08\/Die-Belchen-Qual-geschafft.jpg?w=2500&amp;ssl=1 2500w, https:\/\/i0.wp.com\/blog.kunstgriff.net\/wp-content\/uploads\/2018\/08\/Die-Belchen-Qual-geschafft.jpg?resize=300%2C200&amp;ssl=1 300w, https:\/\/i0.wp.com\/blog.kunstgriff.net\/wp-content\/uploads\/2018\/08\/Die-Belchen-Qual-geschafft.jpg?resize=768%2C512&amp;ssl=1 768w, https:\/\/i0.wp.com\/blog.kunstgriff.net\/wp-content\/uploads\/2018\/08\/Die-Belchen-Qual-geschafft.jpg?resize=1024%2C683&amp;ssl=1 1024w, https:\/\/i0.wp.com\/blog.kunstgriff.net\/wp-content\/uploads\/2018\/08\/Die-Belchen-Qual-geschafft.jpg?w=1575&amp;ssl=1 1575w\" width=\"170\" height=\"114\" loading=\"lazy\" data-original-width=\"170\" data-original-height=\"114\" itemprop=\"http:\/\/schema.org\/image\" title=\"Die Belchen-Qual geschafft\" alt=\"Die Belchen-Qual geschafft\" style=\"width: 170px; height: 114px;\" \/> <\/a> <div class=\"tiled-gallery-caption\" itemprop=\"caption description\"> Die Belchen-Qual geschafft <\/div> <\/div> <div class=\"tiled-gallery-item tiled-gallery-item-small\" itemprop=\"associatedMedia\" itemscope itemtype=\"http:\/\/schema.org\/ImageObject\"> <a href=\"https:\/\/i0.wp.com\/blog.kunstgriff.net\/wp-content\/uploads\/2018\/08\/Gipfelfoto-Belchen.jpg?ssl=1\" border=\"0\" itemprop=\"url\"> <meta itemprop=\"width\" content=\"170\"> <meta itemprop=\"height\" content=\"113\"> <img decoding=\"async\" class=\"\" data-attachment-id=\"18533\" data-orig-file=\"https:\/\/blog.kunstgriff.net\/wp-content\/uploads\/2018\/08\/Gipfelfoto-Belchen.jpg\" data-orig-size=\"2500,1667\" data-comments-opened=\"1\" data-image-meta=\"{&quot;aperture&quot;:&quot;8&quot;,&quot;credit&quot;:&quot;&quot;,&quot;camera&quot;:&quot;TG-4&quot;,&quot;caption&quot;:&quot;OLYMPUS DIGITAL CAMERA&quot;,&quot;created_timestamp&quot;:&quot;1533043235&quot;,&quot;copyright&quot;:&quot;&quot;,&quot;focal_length&quot;:&quot;4.5&quot;,&quot;iso&quot;:&quot;100&quot;,&quot;shutter_speed&quot;:&quot;0.003125&quot;,&quot;title&quot;:&quot;OLYMPUS DIGITAL CAMERA&quot;,&quot;orientation&quot;:&quot;1&quot;}\" data-image-title=\"Gipfelfoto Belchen\" data-image-description=\"\" data-medium-file=\"https:\/\/i0.wp.com\/blog.kunstgriff.net\/wp-content\/uploads\/2018\/08\/Gipfelfoto-Belchen.jpg?fit=300%2C200&#038;ssl=1\" data-large-file=\"https:\/\/i0.wp.com\/blog.kunstgriff.net\/wp-content\/uploads\/2018\/08\/Gipfelfoto-Belchen.jpg?fit=1024%2C683&#038;ssl=1\" src=\"https:\/\/i0.wp.com\/blog.kunstgriff.net\/wp-content\/uploads\/2018\/08\/Gipfelfoto-Belchen.jpg?w=170&#038;h=113&#038;ssl=1\" srcset=\"https:\/\/i0.wp.com\/blog.kunstgriff.net\/wp-content\/uploads\/2018\/08\/Gipfelfoto-Belchen.jpg?w=2500&amp;ssl=1 2500w, https:\/\/i0.wp.com\/blog.kunstgriff.net\/wp-content\/uploads\/2018\/08\/Gipfelfoto-Belchen.jpg?resize=300%2C200&amp;ssl=1 300w, https:\/\/i0.wp.com\/blog.kunstgriff.net\/wp-content\/uploads\/2018\/08\/Gipfelfoto-Belchen.jpg?resize=768%2C512&amp;ssl=1 768w, https:\/\/i0.wp.com\/blog.kunstgriff.net\/wp-content\/uploads\/2018\/08\/Gipfelfoto-Belchen.jpg?resize=1024%2C683&amp;ssl=1 1024w, https:\/\/i0.wp.com\/blog.kunstgriff.net\/wp-content\/uploads\/2018\/08\/Gipfelfoto-Belchen.jpg?w=1575&amp;ssl=1 1575w\" width=\"170\" height=\"113\" loading=\"lazy\" data-original-width=\"170\" data-original-height=\"113\" itemprop=\"http:\/\/schema.org\/image\" title=\"Gipfelfoto Belchen\" alt=\"Gipfelfoto Belchen\" style=\"width: 170px; height: 113px;\" \/> <\/a> <div class=\"tiled-gallery-caption\" itemprop=\"caption description\"> Gipfelfoto Belchen <\/div> <\/div> <\/div> <!-- close group --> <div class=\"gallery-group images-1\" style=\"width: 351px; height: 235px;\" data-original-width=\"351\" data-original-height=\"235\" > <div class=\"tiled-gallery-item tiled-gallery-item-large\" itemprop=\"associatedMedia\" itemscope itemtype=\"http:\/\/schema.org\/ImageObject\"> <a href=\"https:\/\/i0.wp.com\/blog.kunstgriff.net\/wp-content\/uploads\/2018\/08\/Herbert-kassieren.jpg?ssl=1\" border=\"0\" itemprop=\"url\"> <meta itemprop=\"width\" content=\"347\"> <meta itemprop=\"height\" content=\"231\"> <img decoding=\"async\" class=\"\" data-attachment-id=\"18534\" data-orig-file=\"https:\/\/blog.kunstgriff.net\/wp-content\/uploads\/2018\/08\/Herbert-kassieren.jpg\" data-orig-size=\"2500,1667\" data-comments-opened=\"1\" data-image-meta=\"{&quot;aperture&quot;:&quot;8&quot;,&quot;credit&quot;:&quot;&quot;,&quot;camera&quot;:&quot;TG-4&quot;,&quot;caption&quot;:&quot;OLYMPUS DIGITAL CAMERA&quot;,&quot;created_timestamp&quot;:&quot;1533044439&quot;,&quot;copyright&quot;:&quot;&quot;,&quot;focal_length&quot;:&quot;4.5&quot;,&quot;iso&quot;:&quot;100&quot;,&quot;shutter_speed&quot;:&quot;0.00625&quot;,&quot;title&quot;:&quot;OLYMPUS DIGITAL CAMERA&quot;,&quot;orientation&quot;:&quot;1&quot;}\" data-image-title=\"Herbert kassieren\" data-image-description=\"\" data-medium-file=\"https:\/\/i0.wp.com\/blog.kunstgriff.net\/wp-content\/uploads\/2018\/08\/Herbert-kassieren.jpg?fit=300%2C200&#038;ssl=1\" data-large-file=\"https:\/\/i0.wp.com\/blog.kunstgriff.net\/wp-content\/uploads\/2018\/08\/Herbert-kassieren.jpg?fit=1024%2C683&#038;ssl=1\" src=\"https:\/\/i0.wp.com\/blog.kunstgriff.net\/wp-content\/uploads\/2018\/08\/Herbert-kassieren.jpg?w=347&#038;h=231&#038;ssl=1\" srcset=\"https:\/\/i0.wp.com\/blog.kunstgriff.net\/wp-content\/uploads\/2018\/08\/Herbert-kassieren.jpg?w=2500&amp;ssl=1 2500w, https:\/\/i0.wp.com\/blog.kunstgriff.net\/wp-content\/uploads\/2018\/08\/Herbert-kassieren.jpg?resize=300%2C200&amp;ssl=1 300w, https:\/\/i0.wp.com\/blog.kunstgriff.net\/wp-content\/uploads\/2018\/08\/Herbert-kassieren.jpg?resize=768%2C512&amp;ssl=1 768w, https:\/\/i0.wp.com\/blog.kunstgriff.net\/wp-content\/uploads\/2018\/08\/Herbert-kassieren.jpg?resize=1024%2C683&amp;ssl=1 1024w, https:\/\/i0.wp.com\/blog.kunstgriff.net\/wp-content\/uploads\/2018\/08\/Herbert-kassieren.jpg?w=1575&amp;ssl=1 1575w\" width=\"347\" height=\"231\" loading=\"lazy\" data-original-width=\"347\" data-original-height=\"231\" itemprop=\"http:\/\/schema.org\/image\" title=\"Herbert kassieren\" alt=\"Herbert kassieren\" style=\"width: 347px; height: 231px;\" \/> <\/a> <div class=\"tiled-gallery-caption\" itemprop=\"caption description\"> Herbert kassieren <\/div> <\/div> <\/div> <!-- close group --> <\/div> <!-- close row --> <div class=\"gallery-row\" style=\"width: 525px; height: 118px;\" data-original-width=\"525\" data-original-height=\"118\" > <div class=\"gallery-group images-1\" style=\"width: 175px; height: 118px;\" data-original-width=\"175\" data-original-height=\"118\" > <div class=\"tiled-gallery-item tiled-gallery-item-small\" itemprop=\"associatedMedia\" itemscope itemtype=\"http:\/\/schema.org\/ImageObject\"> <a href=\"https:\/\/i0.wp.com\/blog.kunstgriff.net\/wp-content\/uploads\/2018\/08\/Herbert-kassiert.jpg?ssl=1\" border=\"0\" itemprop=\"url\"> <meta itemprop=\"width\" content=\"171\"> <meta itemprop=\"height\" content=\"114\"> <img decoding=\"async\" class=\"\" data-attachment-id=\"18535\" data-orig-file=\"https:\/\/blog.kunstgriff.net\/wp-content\/uploads\/2018\/08\/Herbert-kassiert.jpg\" data-orig-size=\"2500,1667\" data-comments-opened=\"1\" data-image-meta=\"{&quot;aperture&quot;:&quot;2.8&quot;,&quot;credit&quot;:&quot;&quot;,&quot;camera&quot;:&quot;TG-4&quot;,&quot;caption&quot;:&quot;OLYMPUS DIGITAL CAMERA&quot;,&quot;created_timestamp&quot;:&quot;1533044448&quot;,&quot;copyright&quot;:&quot;&quot;,&quot;focal_length&quot;:&quot;4.5&quot;,&quot;iso&quot;:&quot;100&quot;,&quot;shutter_speed&quot;:&quot;0.002&quot;,&quot;title&quot;:&quot;OLYMPUS DIGITAL CAMERA&quot;,&quot;orientation&quot;:&quot;1&quot;}\" data-image-title=\"Herbert kassiert\" data-image-description=\"\" data-medium-file=\"https:\/\/i0.wp.com\/blog.kunstgriff.net\/wp-content\/uploads\/2018\/08\/Herbert-kassiert.jpg?fit=300%2C200&#038;ssl=1\" data-large-file=\"https:\/\/i0.wp.com\/blog.kunstgriff.net\/wp-content\/uploads\/2018\/08\/Herbert-kassiert.jpg?fit=1024%2C683&#038;ssl=1\" src=\"https:\/\/i0.wp.com\/blog.kunstgriff.net\/wp-content\/uploads\/2018\/08\/Herbert-kassiert.jpg?w=171&#038;h=114&#038;ssl=1\" srcset=\"https:\/\/i0.wp.com\/blog.kunstgriff.net\/wp-content\/uploads\/2018\/08\/Herbert-kassiert.jpg?w=2500&amp;ssl=1 2500w, https:\/\/i0.wp.com\/blog.kunstgriff.net\/wp-content\/uploads\/2018\/08\/Herbert-kassiert.jpg?resize=300%2C200&amp;ssl=1 300w, https:\/\/i0.wp.com\/blog.kunstgriff.net\/wp-content\/uploads\/2018\/08\/Herbert-kassiert.jpg?resize=768%2C512&amp;ssl=1 768w, https:\/\/i0.wp.com\/blog.kunstgriff.net\/wp-content\/uploads\/2018\/08\/Herbert-kassiert.jpg?resize=1024%2C683&amp;ssl=1 1024w, https:\/\/i0.wp.com\/blog.kunstgriff.net\/wp-content\/uploads\/2018\/08\/Herbert-kassiert.jpg?w=1575&amp;ssl=1 1575w\" width=\"171\" height=\"114\" loading=\"lazy\" data-original-width=\"171\" data-original-height=\"114\" itemprop=\"http:\/\/schema.org\/image\" title=\"Herbert kassiert\" alt=\"Herbert kassiert\" style=\"width: 171px; height: 114px;\" \/> <\/a> <div class=\"tiled-gallery-caption\" itemprop=\"caption description\"> Herbert kassiert <\/div> <\/div> <\/div> <!-- close group --> <div class=\"gallery-group images-1\" style=\"width: 175px; height: 118px;\" data-original-width=\"175\" data-original-height=\"118\" > <div class=\"tiled-gallery-item tiled-gallery-item-small\" itemprop=\"associatedMedia\" itemscope itemtype=\"http:\/\/schema.org\/ImageObject\"> <a href=\"https:\/\/i0.wp.com\/blog.kunstgriff.net\/wp-content\/uploads\/2018\/08\/Abfahrt-zum-Kuchen.jpg?ssl=1\" border=\"0\" itemprop=\"url\"> <meta itemprop=\"width\" content=\"171\"> <meta itemprop=\"height\" content=\"114\"> <img decoding=\"async\" class=\"\" data-attachment-id=\"18528\" data-orig-file=\"https:\/\/blog.kunstgriff.net\/wp-content\/uploads\/2018\/08\/Abfahrt-zum-Kuchen.jpg\" data-orig-size=\"2500,1667\" data-comments-opened=\"1\" data-image-meta=\"{&quot;aperture&quot;:&quot;8&quot;,&quot;credit&quot;:&quot;&quot;,&quot;camera&quot;:&quot;TG-4&quot;,&quot;caption&quot;:&quot;OLYMPUS DIGITAL CAMERA&quot;,&quot;created_timestamp&quot;:&quot;1533045562&quot;,&quot;copyright&quot;:&quot;&quot;,&quot;focal_length&quot;:&quot;4.5&quot;,&quot;iso&quot;:&quot;100&quot;,&quot;shutter_speed&quot;:&quot;0.004&quot;,&quot;title&quot;:&quot;OLYMPUS DIGITAL CAMERA&quot;,&quot;orientation&quot;:&quot;1&quot;}\" data-image-title=\"Abfahrt zum Kuchen\" data-image-description=\"\" data-medium-file=\"https:\/\/i0.wp.com\/blog.kunstgriff.net\/wp-content\/uploads\/2018\/08\/Abfahrt-zum-Kuchen.jpg?fit=300%2C200&#038;ssl=1\" data-large-file=\"https:\/\/i0.wp.com\/blog.kunstgriff.net\/wp-content\/uploads\/2018\/08\/Abfahrt-zum-Kuchen.jpg?fit=1024%2C683&#038;ssl=1\" src=\"https:\/\/i0.wp.com\/blog.kunstgriff.net\/wp-content\/uploads\/2018\/08\/Abfahrt-zum-Kuchen.jpg?w=171&#038;h=114&#038;ssl=1\" srcset=\"https:\/\/i0.wp.com\/blog.kunstgriff.net\/wp-content\/uploads\/2018\/08\/Abfahrt-zum-Kuchen.jpg?w=2500&amp;ssl=1 2500w, https:\/\/i0.wp.com\/blog.kunstgriff.net\/wp-content\/uploads\/2018\/08\/Abfahrt-zum-Kuchen.jpg?resize=300%2C200&amp;ssl=1 300w, https:\/\/i0.wp.com\/blog.kunstgriff.net\/wp-content\/uploads\/2018\/08\/Abfahrt-zum-Kuchen.jpg?resize=768%2C512&amp;ssl=1 768w, https:\/\/i0.wp.com\/blog.kunstgriff.net\/wp-content\/uploads\/2018\/08\/Abfahrt-zum-Kuchen.jpg?resize=1024%2C683&amp;ssl=1 1024w, https:\/\/i0.wp.com\/blog.kunstgriff.net\/wp-content\/uploads\/2018\/08\/Abfahrt-zum-Kuchen.jpg?w=1575&amp;ssl=1 1575w\" width=\"171\" height=\"114\" loading=\"lazy\" data-original-width=\"171\" data-original-height=\"114\" itemprop=\"http:\/\/schema.org\/image\" title=\"Abfahrt zum Kuchen\" alt=\"Abfahrt zum Kuchen\" style=\"width: 171px; height: 114px;\" \/> <\/a> <div class=\"tiled-gallery-caption\" itemprop=\"caption description\"> Abfahrt zum Kuchen <\/div> <\/div> <\/div> <!-- close group --> <div class=\"gallery-group images-1\" style=\"width: 175px; height: 118px;\" data-original-width=\"175\" data-original-height=\"118\" > <div class=\"tiled-gallery-item tiled-gallery-item-small\" itemprop=\"associatedMedia\" itemscope itemtype=\"http:\/\/schema.org\/ImageObject\"> <a href=\"https:\/\/i0.wp.com\/blog.kunstgriff.net\/wp-content\/uploads\/2018\/08\/Andocken-beim-B%C3%A4cker.jpg?ssl=1\" border=\"0\" itemprop=\"url\"> <meta itemprop=\"width\" content=\"171\"> <meta itemprop=\"height\" content=\"114\"> <img decoding=\"async\" class=\"\" data-attachment-id=\"18529\" data-orig-file=\"https:\/\/blog.kunstgriff.net\/wp-content\/uploads\/2018\/08\/Andocken-beim-B\u00e4cker.jpg\" data-orig-size=\"2500,1667\" data-comments-opened=\"1\" data-image-meta=\"{&quot;aperture&quot;:&quot;8&quot;,&quot;credit&quot;:&quot;&quot;,&quot;camera&quot;:&quot;TG-4&quot;,&quot;caption&quot;:&quot;OLYMPUS DIGITAL CAMERA&quot;,&quot;created_timestamp&quot;:&quot;1533046242&quot;,&quot;copyright&quot;:&quot;&quot;,&quot;focal_length&quot;:&quot;4.5&quot;,&quot;iso&quot;:&quot;100&quot;,&quot;shutter_speed&quot;:&quot;0.005&quot;,&quot;title&quot;:&quot;OLYMPUS DIGITAL CAMERA&quot;,&quot;orientation&quot;:&quot;1&quot;}\" data-image-title=\"Andocken beim B\u00e4cker\" data-image-description=\"\" data-medium-file=\"https:\/\/i0.wp.com\/blog.kunstgriff.net\/wp-content\/uploads\/2018\/08\/Andocken-beim-B%C3%A4cker.jpg?fit=300%2C200&#038;ssl=1\" data-large-file=\"https:\/\/i0.wp.com\/blog.kunstgriff.net\/wp-content\/uploads\/2018\/08\/Andocken-beim-B%C3%A4cker.jpg?fit=1024%2C683&#038;ssl=1\" src=\"https:\/\/i0.wp.com\/blog.kunstgriff.net\/wp-content\/uploads\/2018\/08\/Andocken-beim-B%C3%A4cker.jpg?w=171&#038;h=114&#038;ssl=1\" width=\"171\" height=\"114\" loading=\"lazy\" data-original-width=\"171\" data-original-height=\"114\" itemprop=\"http:\/\/schema.org\/image\" title=\"Andocken beim B\u00e4cker\" alt=\"Andocken beim B\u00e4cker\" style=\"width: 171px; height: 114px;\" \/> <\/a> <div class=\"tiled-gallery-caption\" itemprop=\"caption description\"> Andocken beim B\u00e4cker <\/div> <\/div> <\/div> <!-- close group --> <\/div> <!-- close row --> <\/div>\n<div style=\"width: 525px;\" class=\"wp-video\"><video class=\"wp-video-shortcode\" id=\"video-18526-1\" width=\"525\" height=\"295\" preload=\"metadata\" controls=\"controls\"><source type=\"video\/mp4\" src=\"https:\/\/blog.kunstgriff.net\/wp-content\/uploads\/2018\/08\/Relive-ERT-2018-Breisgau-2.-Tag-Schauinsland-und-Belchen.mp4?_=1\" \/><a href=\"https:\/\/blog.kunstgriff.net\/wp-content\/uploads\/2018\/08\/Relive-ERT-2018-Breisgau-2.-Tag-Schauinsland-und-Belchen.mp4\">https:\/\/blog.kunstgriff.net\/wp-content\/uploads\/2018\/08\/Relive-ERT-2018-Breisgau-2.-Tag-Schauinsland-und-Belchen.mp4<\/a><\/video><\/div>\n","protected":false},"excerpt":{"rendered":"<p>Schauinsland und Belchen Was stand heute auf dem Programm? Nat\u00fcrlich Radfahren! Nach dem pers\u00f6nlich, mit im REWE gekauften Blaubeeren und Kiwi, verfeinerten M\u00fcsli am Fr\u00fchst\u00fcckstisch, war die mittlere Strecke von allen f\u00fcr gut befunden worden. Zwar entging uns so der Feldberg \u2013 immerhin h\u00f6chster Berg im Schwarzwald \u2013 aber es gab weit attraktivere Anstiege, um &hellip; <\/p>\n<p class=\"link-more\"><a href=\"https:\/\/blog.kunstgriff.net\/?p=18526\" class=\"more-link\"><span class=\"screen-reader-text\">\u201eERT 2018: Breisgau 2. Tag\u201c <\/span>weiterlesen<\/a><\/p>\n","protected":false},"author":2,"featured_media":18533,"comment_status":"open","ping_status":"open","sticky":false,"template":"","format":"standard","meta":{"jetpack_post_was_ever_published":false,"_jetpack_newsletter_access":"","_jetpack_dont_email_post_to_subs":false,"_jetpack_newsletter_tier_id":0,"_jetpack_memberships_contains_paywalled_content":false,"_jetpack_memberships_contains_paid_content":false,"footnotes":""},"categories":[14,13,7],"tags":[],"class_list":["post-18526","post","type-post","status-publish","format-standard","has-post-thumbnail","hentry","category-radfahren","category-radreise","category-rennradfahren"],"jetpack_featured_media_url":"https:\/\/i0.wp.com\/blog.kunstgriff.net\/wp-content\/uploads\/2018\/08\/Gipfelfoto-Belchen.jpg?fit=2500%2C1667&ssl=1","jetpack_shortlink":"https:\/\/wp.me\/p8Cxe7-4OO","jetpack-related-posts":[{"id":1497,"url":"https:\/\/blog.kunstgriff.net\/?p=1497","url_meta":{"origin":18526,"position":0},"title":"Breisgau Tour 2010 &#8211; Tag 2 &#8211; B\u00f6tzingen->K\u00e4lbelescheuer->M\u00fcnsterthal","author":"Georg","date":"Juni 6, 2010","format":false,"excerpt":"Der Tag begann um 8 Uhr mit einem tollen Sportlerfr\u00fchst\u00fcck am B\u00fcffet unseres Hotels zur Krone in B\u00f6tzingen. Ich hatte super geschlafen und freute mich auf die heutige Tour und die vielen H\u00f6henmeter, die uns erwarten w\u00fcrden. Wir wollten heute schon vor 10 Uhr losfahren, da f\u00fcr den Nachmittag Regen\u2026","rel":"","context":"In &quot;Radfahren&quot;","block_context":{"text":"Radfahren","link":"https:\/\/blog.kunstgriff.net\/?cat=14"},"img":{"alt_text":"","src":"https:\/\/i0.wp.com\/blog.kunstgriff.net\/wp-content\/uploads\/2010\/06\/DSC00102.jpg?fit=800%2C600&ssl=1&resize=350%2C200","width":350,"height":200,"srcset":"https:\/\/i0.wp.com\/blog.kunstgriff.net\/wp-content\/uploads\/2010\/06\/DSC00102.jpg?fit=800%2C600&ssl=1&resize=350%2C200 1x, https:\/\/i0.wp.com\/blog.kunstgriff.net\/wp-content\/uploads\/2010\/06\/DSC00102.jpg?fit=800%2C600&ssl=1&resize=525%2C300 1.5x, https:\/\/i0.wp.com\/blog.kunstgriff.net\/wp-content\/uploads\/2010\/06\/DSC00102.jpg?fit=800%2C600&ssl=1&resize=700%2C400 2x"},"classes":[]},{"id":22543,"url":"https:\/\/blog.kunstgriff.net\/?p=22543","url_meta":{"origin":18526,"position":1},"title":"WfF Sommertour 2021 &#8211; Freiburg\/Breisgau &#8211; Tag 6","author":"admin","date":"September 10, 2021","format":false,"excerpt":"kurze Runde auf meinen Lieblingsberg Eigentlich sah es heute nicht gut aus, um unser liebstes Hobby, denn die Wetter- und Regenprognose war nicht gut. Deshalb sollte sp\u00e4ter gefahren werden. So nutzte ich die Zeit nach dem Fr\u00fchst\u00fcck f\u00fcr einen Spaziergang zum Freiburger PZ und auf dem R\u00fcckweg gab's noch eine\u2026","rel":"","context":"In &quot;Cake-Ride&quot;","block_context":{"text":"Cake-Ride","link":"https:\/\/blog.kunstgriff.net\/?cat=34"},"img":{"alt_text":"fast schon im Bofrost-Tunnel","src":"https:\/\/i0.wp.com\/blog.kunstgriff.net\/wp-content\/uploads\/2021\/09\/fast-schon-im-Bofrost-Tunnel.jpg?fit=1200%2C800&ssl=1&resize=350%2C200","width":350,"height":200,"srcset":"https:\/\/i0.wp.com\/blog.kunstgriff.net\/wp-content\/uploads\/2021\/09\/fast-schon-im-Bofrost-Tunnel.jpg?fit=1200%2C800&ssl=1&resize=350%2C200 1x, https:\/\/i0.wp.com\/blog.kunstgriff.net\/wp-content\/uploads\/2021\/09\/fast-schon-im-Bofrost-Tunnel.jpg?fit=1200%2C800&ssl=1&resize=525%2C300 1.5x, https:\/\/i0.wp.com\/blog.kunstgriff.net\/wp-content\/uploads\/2021\/09\/fast-schon-im-Bofrost-Tunnel.jpg?fit=1200%2C800&ssl=1&resize=700%2C400 2x, https:\/\/i0.wp.com\/blog.kunstgriff.net\/wp-content\/uploads\/2021\/09\/fast-schon-im-Bofrost-Tunnel.jpg?fit=1200%2C800&ssl=1&resize=1050%2C600 3x"},"classes":[]},{"id":992,"url":"https:\/\/blog.kunstgriff.net\/?p=992","url_meta":{"origin":18526,"position":2},"title":"Mallorca Trainingslager 6. Tag &#8211; San Salvador","author":"Georg","date":"M\u00e4rz 11, 2010","format":false,"excerpt":"Heute stand trotz bedeckten Himmels die lange Etappe nach San Salvador an. Sie war im letzten Jahr 136 km lang und hatte \u00fcber 1.000 H\u00f6henmeter. Also recht knackig. Bedauernswerter Weise starteten wir bei leichtem Nieselregen und ca. 4\u02daC, was nicht besonders gut f\u00fcr die Stimmung im Feld war. Ich brauchte\u2026","rel":"","context":"In &quot;Radfahren&quot;","block_context":{"text":"Radfahren","link":"https:\/\/blog.kunstgriff.net\/?cat=14"},"img":{"alt_text":"Schnee bedeckte Berge auf Mallorca am 10.03.2010","src":"https:\/\/i0.wp.com\/blog.kunstgriff.net\/wp-content\/uploads\/2010\/03\/IMG_6339.jpg?fit=600%2C400&ssl=1&resize=350%2C200","width":350,"height":200,"srcset":"https:\/\/i0.wp.com\/blog.kunstgriff.net\/wp-content\/uploads\/2010\/03\/IMG_6339.jpg?fit=600%2C400&ssl=1&resize=350%2C200 1x, https:\/\/i0.wp.com\/blog.kunstgriff.net\/wp-content\/uploads\/2010\/03\/IMG_6339.jpg?fit=600%2C400&ssl=1&resize=525%2C300 1.5x"},"classes":[]},{"id":18499,"url":"https:\/\/blog.kunstgriff.net\/?p=18499","url_meta":{"origin":18526,"position":3},"title":"ERT 2018: Breisgau 1. Tag","author":"Georg","date":"Juli 30, 2018","format":false,"excerpt":"Kandel und Schauinsland Nachdem gestrigen Anreisetag in unsere, doch recht verlebte und einfache, Pension \u00bbKeller\u00ab stand heute zum Gl\u00fcck wieder Radfahren auf dem Programm. Zuerst einmal musste ich mich aber aus meinem 4 m\u00b2\u00a0gro\u00dfen Einzelzimmer unter dem Dach sch\u00e4len. Als Monteurs-Zimmer sicher gut geeignet; um dort eine Woche Urlaub zu\u2026","rel":"","context":"In &quot;Radfahren&quot;","block_context":{"text":"Radfahren","link":"https:\/\/blog.kunstgriff.net\/?cat=14"},"img":{"alt_text":"","src":"https:\/\/i0.wp.com\/blog.kunstgriff.net\/wp-content\/uploads\/2018\/08\/Schauinsland-Auffahrt.jpg?fit=1200%2C800&ssl=1&resize=350%2C200","width":350,"height":200,"srcset":"https:\/\/i0.wp.com\/blog.kunstgriff.net\/wp-content\/uploads\/2018\/08\/Schauinsland-Auffahrt.jpg?fit=1200%2C800&ssl=1&resize=350%2C200 1x, https:\/\/i0.wp.com\/blog.kunstgriff.net\/wp-content\/uploads\/2018\/08\/Schauinsland-Auffahrt.jpg?fit=1200%2C800&ssl=1&resize=525%2C300 1.5x, https:\/\/i0.wp.com\/blog.kunstgriff.net\/wp-content\/uploads\/2018\/08\/Schauinsland-Auffahrt.jpg?fit=1200%2C800&ssl=1&resize=700%2C400 2x, https:\/\/i0.wp.com\/blog.kunstgriff.net\/wp-content\/uploads\/2018\/08\/Schauinsland-Auffahrt.jpg?fit=1200%2C800&ssl=1&resize=1050%2C600 3x"},"classes":[]},{"id":11653,"url":"https:\/\/blog.kunstgriff.net\/?p=11653","url_meta":{"origin":18526,"position":4},"title":"Mallorca Trainingscamp 2014 &#8211; Tag 7 &#8211; Soller &#8211; Orient","author":"Georg","date":"April 8, 2014","format":false,"excerpt":"oder \u00bbDrei Anstiege, also eigentlich nur flach\u00abDa ja morgen die K\u00f6nigs-Etappe folgen soll, wollten wir heute nicht ganz so viele H\u00f6henmeter sammeln. Meine Beine f\u00fchlten sich nicht gut an und auch mein unterer R\u00fccken war noch nicht wieder ganz beschwerdefrei. Entsprechend brummig ging ich in den ersten langen Anstieg. Eigentlich\u2026","rel":"","context":"In &quot;Radfahren&quot;","block_context":{"text":"Radfahren","link":"https:\/\/blog.kunstgriff.net\/?cat=14"},"img":{"alt_text":"","src":"https:\/\/i0.wp.com\/blog.kunstgriff.net\/wp-content\/uploads\/2014\/04\/Gorg-Blau-bei-herrlichen-20-Grad-C.jpg?fit=1200%2C900&ssl=1&resize=350%2C200","width":350,"height":200,"srcset":"https:\/\/i0.wp.com\/blog.kunstgriff.net\/wp-content\/uploads\/2014\/04\/Gorg-Blau-bei-herrlichen-20-Grad-C.jpg?fit=1200%2C900&ssl=1&resize=350%2C200 1x, https:\/\/i0.wp.com\/blog.kunstgriff.net\/wp-content\/uploads\/2014\/04\/Gorg-Blau-bei-herrlichen-20-Grad-C.jpg?fit=1200%2C900&ssl=1&resize=525%2C300 1.5x, https:\/\/i0.wp.com\/blog.kunstgriff.net\/wp-content\/uploads\/2014\/04\/Gorg-Blau-bei-herrlichen-20-Grad-C.jpg?fit=1200%2C900&ssl=1&resize=700%2C400 2x, https:\/\/i0.wp.com\/blog.kunstgriff.net\/wp-content\/uploads\/2014\/04\/Gorg-Blau-bei-herrlichen-20-Grad-C.jpg?fit=1200%2C900&ssl=1&resize=1050%2C600 3x"},"classes":[]},{"id":23282,"url":"https:\/\/blog.kunstgriff.net\/?p=23282","url_meta":{"origin":18526,"position":5},"title":"ERT Andalusien 2023 &#8211; Tag 5 &#8211; Ronda -> Alcal\u00e1 del Valle","author":"Georg","date":"M\u00e4rz 23, 2023","format":false,"excerpt":"107 km - 2.384 H\u00f6henmeter Nach dem recht unterhaltsamen Ruhetag in dem historischen Stierkampf-Ort Ronda durfte ich heute endlich wieder Rad fahren. Bewusst w\u00e4hlte ich die kurze Strecke. Kurz ist beim WfF jetzt mindestens 100 Kilometer und mindestens 2.000 H\u00f6henmeter. F\u00fcr meine Verh\u00e4ltnisse viel zu ambitioniert f\u00fcr den Saisonanfang. Dazu\u2026","rel":"","context":"In &quot;Radfahren&quot;","block_context":{"text":"Radfahren","link":"https:\/\/blog.kunstgriff.net\/?cat=14"},"img":{"alt_text":"was f\u00fcr ein Ausblick","src":"https:\/\/i0.wp.com\/blog.kunstgriff.net\/wp-content\/uploads\/2023\/03\/was-fuer-ein-Ausblick.jpeg?fit=1200%2C800&ssl=1&resize=350%2C200","width":350,"height":200,"srcset":"https:\/\/i0.wp.com\/blog.kunstgriff.net\/wp-content\/uploads\/2023\/03\/was-fuer-ein-Ausblick.jpeg?fit=1200%2C800&ssl=1&resize=350%2C200 1x, https:\/\/i0.wp.com\/blog.kunstgriff.net\/wp-content\/uploads\/2023\/03\/was-fuer-ein-Ausblick.jpeg?fit=1200%2C800&ssl=1&resize=525%2C300 1.5x, https:\/\/i0.wp.com\/blog.kunstgriff.net\/wp-content\/uploads\/2023\/03\/was-fuer-ein-Ausblick.jpeg?fit=1200%2C800&ssl=1&resize=700%2C400 2x, https:\/\/i0.wp.com\/blog.kunstgriff.net\/wp-content\/uploads\/2023\/03\/was-fuer-ein-Ausblick.jpeg?fit=1200%2C800&ssl=1&resize=1050%2C600 3x"},"classes":[]}],"jetpack_likes_enabled":true,"jetpack_sharing_enabled":true,"_links":{"self":[{"href":"https:\/\/blog.kunstgriff.net\/index.php?rest_route=\/wp\/v2\/posts\/18526","targetHints":{"allow":["GET"]}}],"collection":[{"href":"https:\/\/blog.kunstgriff.net\/index.php?rest_route=\/wp\/v2\/posts"}],"about":[{"href":"https:\/\/blog.kunstgriff.net\/index.php?rest_route=\/wp\/v2\/types\/post"}],"author":[{"embeddable":true,"href":"https:\/\/blog.kunstgriff.net\/index.php?rest_route=\/wp\/v2\/users\/2"}],"replies":[{"embeddable":true,"href":"https:\/\/blog.kunstgriff.net\/index.php?rest_route=%2Fwp%2Fv2%2Fcomments&post=18526"}],"version-history":[{"count":0,"href":"https:\/\/blog.kunstgriff.net\/index.php?rest_route=\/wp\/v2\/posts\/18526\/revisions"}],"wp:featuredmedia":[{"embeddable":true,"href":"https:\/\/blog.kunstgriff.net\/index.php?rest_route=\/wp\/v2\/media\/18533"}],"wp:attachment":[{"href":"https:\/\/blog.kunstgriff.net\/index.php?rest_route=%2Fwp%2Fv2%2Fmedia&parent=18526"}],"wp:term":[{"taxonomy":"category","embeddable":true,"href":"https:\/\/blog.kunstgriff.net\/index.php?rest_route=%2Fwp%2Fv2%2Fcategories&post=18526"},{"taxonomy":"post_tag","embeddable":true,"href":"https:\/\/blog.kunstgriff.net\/index.php?rest_route=%2Fwp%2Fv2%2Ftags&post=18526"}],"curies":[{"name":"wp","href":"https:\/\/api.w.org\/{rel}","templated":true}]}}