{"id":1910,"date":"2010-06-30T21:30:19","date_gmt":"2010-06-30T19:30:19","guid":{"rendered":"http:\/\/blog.kunstgriff.net\/?p=1910"},"modified":"2017-06-13T15:52:37","modified_gmt":"2017-06-13T13:52:37","slug":"feierabenrunde-nonne-ferch","status":"publish","type":"post","link":"https:\/\/blog.kunstgriff.net\/?p=1910","title":{"rendered":"Feierabenrunde Nonne -> Ferch"},"content":{"rendered":"<span class=\"span-reading-time rt-reading-time\" style=\"display: block;\"><span class=\"rt-label rt-prefix\">Lesezeit: <\/span> <span class=\"rt-time\"> 2<\/span> <span class=\"rt-label rt-postfix\">Minuten<\/span><\/span><h4>oder &#8222;Wie man den Schweinehund mit moderner Fitnesssoftware \u00fcberlisten kann&#8220;<\/h4>\n<hr \/>\n<p>Eigentlich war mir heute gar nicht nach Training: Da waren zum einen die 6.700 H\u00f6henmeter vom Wochenende, welche mir noch in den Beinen steckten, zum anderen war es irgendwie einfach zu warm um heute einen <em>100er<\/em> zu fahren. Auch hatte ich meine <em>Schwielowsee-Runde<\/em> nicht ausgerufen, insofern gab es auch keinen Gruppenzwang. Gr\u00fcnde findet <a href=\"http:\/\/de.wikipedia.org\/wiki\/Innerer_Schweinehund\" target=\"_blank\">der Schweinehund<\/a> ja immer ganz schnell!<\/p>\n<p>Nun gab es aber doch einen Umstand der mich schlussendlich doch motivierte, einen<em> 100er<\/em> zu fahren: Meine Kilometerleistung f\u00fcr den Monat Juni <a href=\"https:\/\/i0.wp.com\/blog.kunstgriff.net\/wp-content\/uploads\/2010\/06\/Kilometer2010.png\"><img data-recalc-dims=\"1\" loading=\"lazy\" decoding=\"async\" data-attachment-id=\"1914\" data-permalink=\"https:\/\/blog.kunstgriff.net\/?attachment_id=1914\" data-orig-file=\"https:\/\/i0.wp.com\/blog.kunstgriff.net\/wp-content\/uploads\/2010\/06\/Kilometer2010.png?fit=217%2C173&amp;ssl=1\" data-orig-size=\"217,173\" data-comments-opened=\"1\" data-image-meta=\"{&quot;aperture&quot;:&quot;0&quot;,&quot;credit&quot;:&quot;&quot;,&quot;camera&quot;:&quot;&quot;,&quot;caption&quot;:&quot;&quot;,&quot;created_timestamp&quot;:&quot;0&quot;,&quot;copyright&quot;:&quot;&quot;,&quot;focal_length&quot;:&quot;0&quot;,&quot;iso&quot;:&quot;0&quot;,&quot;shutter_speed&quot;:&quot;0&quot;,&quot;title&quot;:&quot;&quot;}\" data-image-title=\"Kilometer2010\" data-image-description=\"\" data-image-caption=\"\" data-large-file=\"https:\/\/i0.wp.com\/blog.kunstgriff.net\/wp-content\/uploads\/2010\/06\/Kilometer2010.png?fit=217%2C173&amp;ssl=1\" class=\"alignleft size-full wp-image-1914\" style=\"margin: 5px; border: 5px solid white;\" title=\"Kilometer2010\" src=\"https:\/\/i0.wp.com\/blog.kunstgriff.net\/wp-content\/uploads\/2010\/06\/Kilometer2010.png?resize=217%2C173\" alt=\"\" width=\"217\" height=\"173\" \/><\/a>.<\/p>\n<p>Wie sch\u00f6n w\u00e4re es denn, wenn vorne wieder eine 2 statt einer 1 stehen w\u00fcrde? Im Mai gelang mir das, und warum so kurz vor dem Ziel im Juni scheitern? Es blieb mir nur heute, denn morgen ist schon der 1. Juli.<\/p>\n<p>So machte ich mich auf, streifte mein liebstes Garmin Trikot \u00fcber und los ging es Richtung Gatow, raus ins Havelland. Diese Runde \u00fcber Geltow, Ferch, Schwielowsee, Michendorf, Potsdam, Sch\u00e4ferberg und Willy bin ich im letzten Jahr sehr oft alleine zum Feierabend gefahren.<\/p>\n<p><a href=\"https:\/\/i0.wp.com\/blog.kunstgriff.net\/wp-content\/uploads\/2010\/06\/Kilometer2010B.png\"><img data-recalc-dims=\"1\" loading=\"lazy\" decoding=\"async\" data-attachment-id=\"1917\" data-permalink=\"https:\/\/blog.kunstgriff.net\/?attachment_id=1917\" data-orig-file=\"https:\/\/i0.wp.com\/blog.kunstgriff.net\/wp-content\/uploads\/2010\/06\/Kilometer2010B.png?fit=197%2C171&amp;ssl=1\" data-orig-size=\"197,171\" data-comments-opened=\"1\" data-image-meta=\"{&quot;aperture&quot;:&quot;0&quot;,&quot;credit&quot;:&quot;&quot;,&quot;camera&quot;:&quot;&quot;,&quot;caption&quot;:&quot;&quot;,&quot;created_timestamp&quot;:&quot;0&quot;,&quot;copyright&quot;:&quot;&quot;,&quot;focal_length&quot;:&quot;0&quot;,&quot;iso&quot;:&quot;0&quot;,&quot;shutter_speed&quot;:&quot;0&quot;,&quot;title&quot;:&quot;&quot;}\" data-image-title=\"Kilometer2010B\" data-image-description=\"\" data-image-caption=\"\" data-large-file=\"https:\/\/i0.wp.com\/blog.kunstgriff.net\/wp-content\/uploads\/2010\/06\/Kilometer2010B.png?fit=197%2C171&amp;ssl=1\" class=\"alignright size-full wp-image-1917\" title=\"Kilometer2010B\" src=\"https:\/\/i0.wp.com\/blog.kunstgriff.net\/wp-content\/uploads\/2010\/06\/Kilometer2010B.png?resize=197%2C171\" alt=\"\" width=\"197\" height=\"171\" \/><\/a>Dieses Jahr noch nie und so war klar, da diese Runde heute einfach dran sein musste. Den virtuellen Partner lie\u00df ich bewusst aus, denn ich wollte mich nicht unter Druck setzten. Das war auch gut so, denn meine Zeit blieb weit hinter meiner Bestzeit vom letzten Jahr zur\u00fcck. Richtig stark f\u00fchlte ich mich nicht, was mich doch ein wenig verwunderte, aber gro\u00dfen Spass gemacht hat es trotzdem die Runde abzuspulen. Bei diesem herrlichen Wetter muss ich einfach den Feierabend aktiv auf dem Rad verbringen!<\/p>\n<p>Und nun stimmen die Zahlen auch wieder in meiner <a href=\"http:\/\/www.montebellosoftware.com\/\" target=\"_blank\">Traininssoftware Ascent:<\/a> Die 2.000 Kilometer sind geschafft. Mal schauen ob mir das im Juli auch wieder gelingen kann. Viel vor habe ich ja mit meinem Alu-Esel: Es bleibt spannend!<\/p>\n<p><iframe height='405' width='590' frameborder='0' allowtransparency='true' scrolling='no' src='https:\/\/www.strava.com\/activities\/698650669\/embed\/d7b87720988433a2578eb08ad7f57a0faa4bbc32'><\/iframe><\/p>\n","protected":false},"excerpt":{"rendered":"<p>oder &#8222;Wie man den Schweinehund mit moderner Fitnesssoftware \u00fcberlisten kann&#8220; Eigentlich war mir heute gar nicht nach Training: Da waren zum einen die 6.700 H\u00f6henmeter vom Wochenende, welche mir noch in den Beinen steckten, zum anderen war es irgendwie einfach zu warm um heute einen 100er zu fahren. Auch hatte ich meine Schwielowsee-Runde nicht ausgerufen, &hellip; <\/p>\n<p class=\"link-more\"><a href=\"https:\/\/blog.kunstgriff.net\/?p=1910\" class=\"more-link\"><span class=\"screen-reader-text\">\u201eFeierabenrunde Nonne -> Ferch\u201c <\/span>weiterlesen<\/a><\/p>\n","protected":false},"author":2,"featured_media":0,"comment_status":"open","ping_status":"open","sticky":false,"template":"","format":"standard","meta":{"jetpack_post_was_ever_published":false,"_jetpack_newsletter_access":"","_jetpack_dont_email_post_to_subs":false,"_jetpack_newsletter_tier_id":0,"_jetpack_memberships_contains_paywalled_content":false,"_jetpack_memberships_contains_paid_content":false,"footnotes":""},"categories":[35,14,7],"tags":[],"class_list":["post-1910","post","type-post","status-publish","format-standard","hentry","category-garmin","category-radfahren","category-rennradfahren"],"jetpack_featured_media_url":"","jetpack_shortlink":"https:\/\/wp.me\/p8Cxe7-uO","jetpack-related-posts":[{"id":18862,"url":"https:\/\/blog.kunstgriff.net\/?p=18862","url_meta":{"origin":1910,"position":0},"title":"P\u00e4wesin-Runde #9","author":"Georg","date":"September 30, 2018","format":false,"excerpt":"wolkenlos & Sonnenschein Nachdem ich gestern einen 100er auf dem Ergometer zur\u00fcck gelegt hatte, der sich r\u00fcckblickend recht anstrengend angef\u00fchlt hat, wollte ich heute drau\u00dfen fahren um mal zu vergleichen, wie die Trainingsbelastung sich so Indoor & Outdoor unterscheidet. Um 8 Uhr war ich aber erstmal hart unmotiviert. Der Balkon\u2026","rel":"","context":"In &quot;Radfahren&quot;","block_context":{"text":"Radfahren","link":"https:\/\/blog.kunstgriff.net\/?cat=14"},"img":{"alt_text":"","src":"https:\/\/i0.wp.com\/blog.kunstgriff.net\/wp-content\/uploads\/2018\/09\/Kurz-vor-Ketzin-klasse-Radweg.jpg?fit=1200%2C799&ssl=1&resize=350%2C200","width":350,"height":200,"srcset":"https:\/\/i0.wp.com\/blog.kunstgriff.net\/wp-content\/uploads\/2018\/09\/Kurz-vor-Ketzin-klasse-Radweg.jpg?fit=1200%2C799&ssl=1&resize=350%2C200 1x, https:\/\/i0.wp.com\/blog.kunstgriff.net\/wp-content\/uploads\/2018\/09\/Kurz-vor-Ketzin-klasse-Radweg.jpg?fit=1200%2C799&ssl=1&resize=525%2C300 1.5x, https:\/\/i0.wp.com\/blog.kunstgriff.net\/wp-content\/uploads\/2018\/09\/Kurz-vor-Ketzin-klasse-Radweg.jpg?fit=1200%2C799&ssl=1&resize=700%2C400 2x, https:\/\/i0.wp.com\/blog.kunstgriff.net\/wp-content\/uploads\/2018\/09\/Kurz-vor-Ketzin-klasse-Radweg.jpg?fit=1200%2C799&ssl=1&resize=1050%2C600 3x"},"classes":[]},{"id":4567,"url":"https:\/\/blog.kunstgriff.net\/?p=4567","url_meta":{"origin":1910,"position":1},"title":"Gro\u00dfe B\u00e4cker-Runde nach Fehrbellin","author":"Georg","date":"Mai 14, 2011","format":false,"excerpt":"oder \u00bbHammer Ausfahrt\u00abHeute konnte ich eine sehr interessante Erfahrung machen, die mich wahrlich verbl\u00fcfft hat. Daf\u00fcr muss ich ein wenig ausholen. Auf dem Dr. Strunz Seminar, welches ich am letzten Wochenende besucht habe,\u00a0wurde uns erkl\u00e4rt das man t\u00e4glich Laufen soll. Am Besten am Morgen und dann n\u00fcchtern. Ganz wichtig, ohne\u2026","rel":"","context":"In &quot;Ern\u00e4hrung&quot;","block_context":{"text":"Ern\u00e4hrung","link":"https:\/\/blog.kunstgriff.net\/?cat=12"},"img":{"alt_text":"","src":"","width":0,"height":0},"classes":[]},{"id":13141,"url":"https:\/\/blog.kunstgriff.net\/?p=13141","url_meta":{"origin":1910,"position":2},"title":"Kuba 2016 \u2013 Tag 6: Varadero- Playa Larga","author":"Georg","date":"Februar 25, 2016","format":false,"excerpt":"oder \u00bbVom Mistwetter zur Schweinebucht\u00abIch schlief schlecht, was sicher an einer Mischung aus zu viel Rum, keinem Trinkwasser auf dem Zimmer, Vollmond und heftigen Winden mit Regen lag. Meine Laune war so d\u00fcster wie der Morgenhimmel. Ich hatte keine Lust zum Radfahren. Die Camerados versuchten mich zwar zu motivieren, vergeblich:\u2026","rel":"","context":"In &quot;Besonderes Ereignis&quot;","block_context":{"text":"Besonderes Ereignis","link":"https:\/\/blog.kunstgriff.net\/?cat=25"},"img":{"alt_text":"","src":"https:\/\/i0.wp.com\/blog.kunstgriff.net\/wp-content\/uploads\/2016\/03\/Windschatten-f%C3%BCr-mich.jpg?fit=1200%2C900&ssl=1&resize=350%2C200","width":350,"height":200,"srcset":"https:\/\/i0.wp.com\/blog.kunstgriff.net\/wp-content\/uploads\/2016\/03\/Windschatten-f%C3%BCr-mich.jpg?fit=1200%2C900&ssl=1&resize=350%2C200 1x, https:\/\/i0.wp.com\/blog.kunstgriff.net\/wp-content\/uploads\/2016\/03\/Windschatten-f%C3%BCr-mich.jpg?fit=1200%2C900&ssl=1&resize=525%2C300 1.5x, https:\/\/i0.wp.com\/blog.kunstgriff.net\/wp-content\/uploads\/2016\/03\/Windschatten-f%C3%BCr-mich.jpg?fit=1200%2C900&ssl=1&resize=700%2C400 2x, https:\/\/i0.wp.com\/blog.kunstgriff.net\/wp-content\/uploads\/2016\/03\/Windschatten-f%C3%BCr-mich.jpg?fit=1200%2C900&ssl=1&resize=1050%2C600 3x"},"classes":[]},{"id":15468,"url":"https:\/\/blog.kunstgriff.net\/?p=15468","url_meta":{"origin":1910,"position":3},"title":"Mit den Tiris nach Trebbin","author":"Georg","date":"April 29, 2017","format":false,"excerpt":"\u00bbk\u00fchler 100er\u00ab Zwei Touren waren im Angebot, ich entschloss mich f\u00fcr die Tiri-Bande. Nach dem vergangenen, eher durchwachsenen beiderseitigem \u00bbFahrvergn\u00fcgen\u00ab, wollte ich es heute noch einmal probieren. Gute Entscheidung, wie sich sp\u00e4ter herausstellte. Denn wenn man diszipliniertes Gruppenfahren lernen oder vertiefen m\u00f6chte, ist man hier richtig. Also auf ein neues.\u2026","rel":"","context":"In &quot;Cake-Ride&quot;","block_context":{"text":"Cake-Ride","link":"https:\/\/blog.kunstgriff.net\/?cat=34"},"img":{"alt_text":"","src":"https:\/\/i0.wp.com\/blog.kunstgriff.net\/wp-content\/uploads\/2017\/04\/Brandenburg.jpg?fit=1200%2C800&ssl=1&resize=350%2C200","width":350,"height":200,"srcset":"https:\/\/i0.wp.com\/blog.kunstgriff.net\/wp-content\/uploads\/2017\/04\/Brandenburg.jpg?fit=1200%2C800&ssl=1&resize=350%2C200 1x, https:\/\/i0.wp.com\/blog.kunstgriff.net\/wp-content\/uploads\/2017\/04\/Brandenburg.jpg?fit=1200%2C800&ssl=1&resize=525%2C300 1.5x, https:\/\/i0.wp.com\/blog.kunstgriff.net\/wp-content\/uploads\/2017\/04\/Brandenburg.jpg?fit=1200%2C800&ssl=1&resize=700%2C400 2x, https:\/\/i0.wp.com\/blog.kunstgriff.net\/wp-content\/uploads\/2017\/04\/Brandenburg.jpg?fit=1200%2C800&ssl=1&resize=1050%2C600 3x"},"classes":[]},{"id":21219,"url":"https:\/\/blog.kunstgriff.net\/?p=21219","url_meta":{"origin":1910,"position":4},"title":"Tiri-Pfingst-Sonntags-Ausfahrt","author":"Georg","date":"Mai 31, 2020","format":false,"excerpt":"Fahren bis Einer heult Ach was freute ich mich auf eine echte Gruppenausfahrt! Endlich wieder mit ein paar mehr Leuten unterwegs sein. Oleg bot einen lockeren 100er an, der genau in mein Programm passte. Herrlich! Also um kurz nach Neun auf den Renner und durch die Stadt nach S\u00fcden. Ganz\u2026","rel":"","context":"In &quot;Radfahren&quot;","block_context":{"text":"Radfahren","link":"https:\/\/blog.kunstgriff.net\/?cat=14"},"img":{"alt_text":"Kurz vor Tyrow","src":"https:\/\/i0.wp.com\/blog.kunstgriff.net\/wp-content\/uploads\/2020\/05\/Kurz-vor-Tyrow.jpg?fit=1200%2C800&ssl=1&resize=350%2C200","width":350,"height":200,"srcset":"https:\/\/i0.wp.com\/blog.kunstgriff.net\/wp-content\/uploads\/2020\/05\/Kurz-vor-Tyrow.jpg?fit=1200%2C800&ssl=1&resize=350%2C200 1x, https:\/\/i0.wp.com\/blog.kunstgriff.net\/wp-content\/uploads\/2020\/05\/Kurz-vor-Tyrow.jpg?fit=1200%2C800&ssl=1&resize=525%2C300 1.5x, https:\/\/i0.wp.com\/blog.kunstgriff.net\/wp-content\/uploads\/2020\/05\/Kurz-vor-Tyrow.jpg?fit=1200%2C800&ssl=1&resize=700%2C400 2x, https:\/\/i0.wp.com\/blog.kunstgriff.net\/wp-content\/uploads\/2020\/05\/Kurz-vor-Tyrow.jpg?fit=1200%2C800&ssl=1&resize=1050%2C600 3x"},"classes":[]},{"id":17079,"url":"https:\/\/blog.kunstgriff.net\/?p=17079","url_meta":{"origin":1910,"position":5},"title":"Eberswalder Kuchenrunde","author":"Georg","date":"November 18, 2017","format":false,"excerpt":"Wind und kalt ist unser Freund! Beim Blick auf den Thermometer war ich kurz davor meinen Vorsatz \u00fcber Bord zu werfen und heute nicht radeln zu gehen. Zumindest nicht draussen. Aber dann kam mir wieder dieses \u00bboutside is free\u00ab und so in den Sinn und trocken sollte es auch bleiben.\u2026","rel":"","context":"In &quot;Cake-Ride&quot;","block_context":{"text":"Cake-Ride","link":"https:\/\/blog.kunstgriff.net\/?cat=34"},"img":{"alt_text":"Blick auf Downtown Eberswalde","src":"https:\/\/i0.wp.com\/blog.kunstgriff.net\/wp-content\/uploads\/2017\/11\/Bild-2.jpg?fit=1200%2C900&ssl=1&resize=350%2C200","width":350,"height":200,"srcset":"https:\/\/i0.wp.com\/blog.kunstgriff.net\/wp-content\/uploads\/2017\/11\/Bild-2.jpg?fit=1200%2C900&ssl=1&resize=350%2C200 1x, https:\/\/i0.wp.com\/blog.kunstgriff.net\/wp-content\/uploads\/2017\/11\/Bild-2.jpg?fit=1200%2C900&ssl=1&resize=525%2C300 1.5x, https:\/\/i0.wp.com\/blog.kunstgriff.net\/wp-content\/uploads\/2017\/11\/Bild-2.jpg?fit=1200%2C900&ssl=1&resize=700%2C400 2x, https:\/\/i0.wp.com\/blog.kunstgriff.net\/wp-content\/uploads\/2017\/11\/Bild-2.jpg?fit=1200%2C900&ssl=1&resize=1050%2C600 3x"},"classes":[]}],"jetpack_likes_enabled":true,"jetpack_sharing_enabled":true,"_links":{"self":[{"href":"https:\/\/blog.kunstgriff.net\/index.php?rest_route=\/wp\/v2\/posts\/1910","targetHints":{"allow":["GET"]}}],"collection":[{"href":"https:\/\/blog.kunstgriff.net\/index.php?rest_route=\/wp\/v2\/posts"}],"about":[{"href":"https:\/\/blog.kunstgriff.net\/index.php?rest_route=\/wp\/v2\/types\/post"}],"author":[{"embeddable":true,"href":"https:\/\/blog.kunstgriff.net\/index.php?rest_route=\/wp\/v2\/users\/2"}],"replies":[{"embeddable":true,"href":"https:\/\/blog.kunstgriff.net\/index.php?rest_route=%2Fwp%2Fv2%2Fcomments&post=1910"}],"version-history":[{"count":0,"href":"https:\/\/blog.kunstgriff.net\/index.php?rest_route=\/wp\/v2\/posts\/1910\/revisions"}],"wp:attachment":[{"href":"https:\/\/blog.kunstgriff.net\/index.php?rest_route=%2Fwp%2Fv2%2Fmedia&parent=1910"}],"wp:term":[{"taxonomy":"category","embeddable":true,"href":"https:\/\/blog.kunstgriff.net\/index.php?rest_route=%2Fwp%2Fv2%2Fcategories&post=1910"},{"taxonomy":"post_tag","embeddable":true,"href":"https:\/\/blog.kunstgriff.net\/index.php?rest_route=%2Fwp%2Fv2%2Ftags&post=1910"}],"curies":[{"name":"wp","href":"https:\/\/api.w.org\/{rel}","templated":true}]}}