{"id":1924,"date":"2010-07-01T22:09:17","date_gmt":"2010-07-01T20:09:17","guid":{"rendered":"http:\/\/blog.kunstgriff.net\/?p=1924"},"modified":"2017-06-13T15:51:51","modified_gmt":"2017-06-13T13:51:51","slug":"feierabendrunde-nonne-kremmen","status":"publish","type":"post","link":"https:\/\/blog.kunstgriff.net\/?p=1924","title":{"rendered":"Feierabendrunde Nonne->Kremmen"},"content":{"rendered":"<span class=\"span-reading-time rt-reading-time\" style=\"display: block;\"><span class=\"rt-label rt-prefix\">Lesezeit: <\/span> <span class=\"rt-time\"> 2<\/span> <span class=\"rt-label rt-postfix\">Minuten<\/span><\/span><h4>oder &#8222;Die ersten knapp 90 im Juli&#8220;<\/h4>\n<hr \/>\n<p>Heute war ich unentschlossen, welche Runde ich fahren sollte: Zum einen boten die <a href=\"http:\/\/www.havellandriders.de\/\" target=\"_blank\">Havellandriders<\/a> eine Tour mit anschlie\u00dfendem Eisessen an, welche sehr verlockend klang, mir aber mit Start ab Rathaus Falkensee um 18:30 Uhr zu sp\u00e4t und mit 40 km zu kurz war. Erfreulicherweise bot dann Bernd auf der Rennradliste eine Sub-100er Tour an, mit moderatem Tempo. Genau das Richtig um meinen Leihsattel weiter zu testen und die Beine ein wenig zu lockern, dachte ich.<\/p>\n<p>Ich wartete hinter Gartenfelde auf Bernd und David und es ging gleich flott raus nach Henningsdorf. Bernd machte ordentlich Druck und der Garmin pendelte sich bei 36 km\/h ein. Schon ein Tempo welches ich gehen konnte, aber eigentlich nicht wollte und ich sah auch, wie unser neuer Mitfahrer David zu k\u00e4mpfen hatte. Kurz vor Henningsdorf stie\u00df noch Jens mit seinem Tria-TREK hinzu, um uns zu verst\u00e4rken. Nun ging es Richtung Germenskrug. Ich fuhr ganz hinten und ich erinnerte mich an die <em>Bahngleise-der-Schrecken<\/em> am Gewerbegebiet am Heidekrug bei Velten. Diese Gleise die in einem sehr spitzen Winkel zur Fahrbahn verlaufen haben schon bei einigen Ausfahrten zu St\u00fcrzen gef\u00fchrt, und so rief ich noch von hinten: <em>\u00bbAchtung &#8211; gef\u00e4hrliche Gleise<\/em>\u00ab \u2026 leider wohl zu sp\u00e4t: Den vor mir legte sich erst David und dann der direkt hinter ihm fahrende Bernd, der dem vor ihm rutschenden nicht mehr ausweichen konnte, auf die Stra\u00dfe. Mir gelang mit aller M\u00fche noch ein Haken um die Beiden herum \u2013 gar nicht so einfach, denn da waren neben den auf der Stra\u00dfe liegenden Radlern auch noch die Gleise die genommen werden wollten. Aber das fast Unm\u00f6gliche gelang und ich kam auf zwei R\u00e4dern zum stehen.<\/p>\n<p>Bernd hatte sich den Ellenbogen aufgeschlagen und das Rad war weitestgehend heil geblieben. David hatte es aber b\u00f6ser erwischt: Sein Unterarm und Wade waren aufgesch\u00fcrft und bluteten leicht. Auch war sein Schaltauge verbogen. Er entschied sich, Richtung Spandau umzukehren und die Tour mit uns nicht fortzusetzten.<\/p>\n<p>Wir fuhren weiter durch gr\u00fcne W\u00e4lder und recht verkehrsarme Stra\u00dfe, allerdings machte uns der schlechte Asphalt in einigen Sektoren echt zu schaffen. Da besteht noch <em>Streckenoptimierungsbedarf. <\/em>Besonders \u00fcbel war das St\u00fcck zwischen Paaren und Sch\u00f6nwalde. In Sch\u00f6nwalde verabschiedeten wir uns von Jens, der zur\u00fcck nach Velten d\u00fcste und Bernd und ich fuhren hinter Sch\u00f6nwalde noch den Mauerradweg nach Falkenhagen, wo an einem <a href=\"http:\/\/www.rewe.de\/\" target=\"_blank\">Rewe<\/a> noch kurz Wegzehrung gekauft wurde, bevor die letzten Kilometer in Angriff genommen wurden.<\/p>\n<p>Heute f\u00fchlte ich mich viel besser als gestern, sicher hat es mich auch motiviert meine beiden Mitfahrer mit 35 km\/h im Wind zu f\u00fchren und auch mal wieder in der Ebene hinten baumeln lassen zu k\u00f6nnen. Sehr sch\u00f6n, auch oder gerade solche eine kleine kompakte Gruppe.<\/p>\n<p>Gerne wieder, ich freu mich auf Samstag! Morgen Ruhetag.<\/p>\n<p><iframe height='405' width='590' frameborder='0' allowtransparency='true' scrolling='no' src='https:\/\/www.strava.com\/activities\/698650571\/embed\/0d41787f6414a92f9d221e4ca4d78152e3765e1e'><\/iframe><\/p>\n","protected":false},"excerpt":{"rendered":"<p>oder &#8222;Die ersten knapp 90 im Juli&#8220; Heute war ich unentschlossen, welche Runde ich fahren sollte: Zum einen boten die Havellandriders eine Tour mit anschlie\u00dfendem Eisessen an, welche sehr verlockend klang, mir aber mit Start ab Rathaus Falkensee um 18:30 Uhr zu sp\u00e4t und mit 40 km zu kurz war. Erfreulicherweise bot dann Bernd auf &hellip; <\/p>\n<p class=\"link-more\"><a href=\"https:\/\/blog.kunstgriff.net\/?p=1924\" class=\"more-link\"><span class=\"screen-reader-text\">\u201eFeierabendrunde Nonne->Kremmen\u201c <\/span>weiterlesen<\/a><\/p>\n","protected":false},"author":2,"featured_media":0,"comment_status":"open","ping_status":"open","sticky":false,"template":"","format":"standard","meta":{"jetpack_post_was_ever_published":false,"_jetpack_newsletter_access":"","_jetpack_dont_email_post_to_subs":false,"_jetpack_newsletter_tier_id":0,"_jetpack_memberships_contains_paywalled_content":false,"_jetpack_memberships_contains_paid_content":false,"footnotes":""},"categories":[14,7],"tags":[],"class_list":["post-1924","post","type-post","status-publish","format-standard","hentry","category-radfahren","category-rennradfahren"],"jetpack_featured_media_url":"","jetpack_shortlink":"https:\/\/wp.me\/p8Cxe7-v2","jetpack-related-posts":[{"id":8996,"url":"https:\/\/blog.kunstgriff.net\/?p=8996","url_meta":{"origin":1924,"position":0},"title":"Kleine B\u00e4ckerrunde nach Fehrbellin","author":"Georg","date":"August 26, 2012","format":false,"excerpt":"oder \u00bbwie aus einer GA2-Runde dann doch nur GA1 wurde\u00abNachdem wir gestern ein wenig l\u00e4nger unterwegs waren, sollte es heute eine Geniesser-GA2-Runde werden. Alexander und Christian passten mich um \u00bd-10 an der Metro ab und wir machten uns gemeinsam auf die Anreise zum Rathaus Falkensee. Dort wartete schon Adrian und\u2026","rel":"","context":"In &quot;Radfahren&quot;","block_context":{"text":"Radfahren","link":"https:\/\/blog.kunstgriff.net\/?cat=14"},"img":{"alt_text":"","src":"https:\/\/i0.wp.com\/blog.kunstgriff.net\/wp-content\/uploads\/2012\/08\/Lecker-Kuchen-bei-Konditor-Schmiedel.jpg?fit=1000%2C750&ssl=1&resize=350%2C200","width":350,"height":200,"srcset":"https:\/\/i0.wp.com\/blog.kunstgriff.net\/wp-content\/uploads\/2012\/08\/Lecker-Kuchen-bei-Konditor-Schmiedel.jpg?fit=1000%2C750&ssl=1&resize=350%2C200 1x, https:\/\/i0.wp.com\/blog.kunstgriff.net\/wp-content\/uploads\/2012\/08\/Lecker-Kuchen-bei-Konditor-Schmiedel.jpg?fit=1000%2C750&ssl=1&resize=525%2C300 1.5x, https:\/\/i0.wp.com\/blog.kunstgriff.net\/wp-content\/uploads\/2012\/08\/Lecker-Kuchen-bei-Konditor-Schmiedel.jpg?fit=1000%2C750&ssl=1&resize=700%2C400 2x"},"classes":[]},{"id":10818,"url":"https:\/\/blog.kunstgriff.net\/?p=10818","url_meta":{"origin":1924,"position":1},"title":"\u00bbRad am Ring\u00ab 2013 3.&#038; 4. Wechsel","author":"Georg","date":"September 8, 2013","format":false,"excerpt":"oder \u00bbNachtfahrt und Fr\u00fchsport\u00abUm 22:40 Uhr seine 100 km Ausfahrt mit \u00fcber 2.000 H\u00f6henmetern zu beginnen, hat schon was. Da ist es ganz wichtig, sich motivieren zu k\u00f6nnen und den richtigen Film im Kopfkino einzulegen, sonst scheitert das Vorhaben schon bei km 12 auf dem Weg, hoch zur Hohen Acht.\u2026","rel":"","context":"In &quot;Besonderes Ereignis&quot;","block_context":{"text":"Besonderes Ereignis","link":"https:\/\/blog.kunstgriff.net\/?cat=25"},"img":{"alt_text":"Rad am Ring 2013 ist f\u00fcr mich Geschichte","src":"https:\/\/i0.wp.com\/blog.kunstgriff.net\/wp-content\/uploads\/2013\/09\/Rad-am-Ring-2013-ist-f%C3%BCr-mich-Geschichte.jpg?resize=350%2C200","width":350,"height":200,"srcset":"https:\/\/i0.wp.com\/blog.kunstgriff.net\/wp-content\/uploads\/2013\/09\/Rad-am-Ring-2013-ist-f%C3%BCr-mich-Geschichte.jpg?resize=350%2C200 1x, https:\/\/i0.wp.com\/blog.kunstgriff.net\/wp-content\/uploads\/2013\/09\/Rad-am-Ring-2013-ist-f%C3%BCr-mich-Geschichte.jpg?resize=525%2C300 1.5x, https:\/\/i0.wp.com\/blog.kunstgriff.net\/wp-content\/uploads\/2013\/09\/Rad-am-Ring-2013-ist-f%C3%BCr-mich-Geschichte.jpg?resize=700%2C400 2x, https:\/\/i0.wp.com\/blog.kunstgriff.net\/wp-content\/uploads\/2013\/09\/Rad-am-Ring-2013-ist-f%C3%BCr-mich-Geschichte.jpg?resize=1050%2C600 3x"},"classes":[]},{"id":1944,"url":"https:\/\/blog.kunstgriff.net\/?p=1944","url_meta":{"origin":1924,"position":2},"title":"Sonntags-Tour zum Scharm\u00fctzelsee","author":"Georg","date":"Juli 4, 2010","format":false,"excerpt":"oder \"Der Garmin weiss nicht immer den rechten Weg\"Heute hatte Ralf H. von Rennradtraining zu dieser Tour an den Scharm\u00fctzelsee aufgerufen. Es ging erst recht sp\u00e4t um 10 Uhr vom Bahnhof Neuk\u00f6lln los, zu dem ich mit der S-Bahn anreiste. Dort waren schon einige Radler versammelt: Ralf H., Antje, Dirk,\u2026","rel":"","context":"In &quot;Garmin&quot;","block_context":{"text":"Garmin","link":"https:\/\/blog.kunstgriff.net\/?cat=35"},"img":{"alt_text":"","src":"https:\/\/i0.wp.com\/blog.kunstgriff.net\/wp-content\/uploads\/2010\/07\/Bildschirmfoto-2010-07-04-um-19.37.13.png?resize=350%2C200","width":350,"height":200},"classes":[]},{"id":1309,"url":"https:\/\/blog.kunstgriff.net\/?p=1309","url_meta":{"origin":1924,"position":3},"title":"Luckenwalde Rennradrunde","author":"Georg","date":"Mai 8, 2010","format":false,"excerpt":"Eigentlich lud das Wetter nicht zum Rennradfahren ein: Bedeckter Himmel und k\u00fchle 8\u00b0C um 7:45 Uhr - aber ich hatte schon gestern Bernd zugesagt, mit ihm auf eine gro\u00dfe Runde zu starten. Am Auerbachtunnel fanden sich dann noch Jan, Uwe und Till f\u00fcr die 180 km-Tour ein. Keine besonders gro\u00dfe\u2026","rel":"","context":"In &quot;200er&quot;","block_context":{"text":"200er","link":"https:\/\/blog.kunstgriff.net\/?cat=48"},"img":{"alt_text":"","src":"","width":0,"height":0},"classes":[]},{"id":5158,"url":"https:\/\/blog.kunstgriff.net\/?p=5158","url_meta":{"origin":1924,"position":4},"title":"8-Br\u00fccken-Feierabendrunde reloaded","author":"Georg","date":"Juni 28, 2011","format":false,"excerpt":"oder \u00bbRadfahren macht immer noch Spass!\u00ab Nach 72 Stunden Erholung von Fichkona wollte ich mal sehen ob Radfahren immer noch Spass macht und ob mein K\u00f6rper mit der Bewegung noch klar kommt. Alles einwandfrei und die ersten Meter f\u00fchlten sich gleich klasse an, keine Schmerzen - so muss das sein!\u2026","rel":"","context":"In &quot;Radfahren&quot;","block_context":{"text":"Radfahren","link":"https:\/\/blog.kunstgriff.net\/?cat=14"},"img":{"alt_text":"","src":"","width":0,"height":0},"classes":[]},{"id":2117,"url":"https:\/\/blog.kunstgriff.net\/?p=2117","url_meta":{"origin":1924,"position":5},"title":"Werbellinsee-Runde","author":"Georg","date":"Juli 31, 2010","format":false,"excerpt":"oder \"Gehen die 2.000 doch noch im Juli?\"Mike hatte auf rennrad-news.de zu dieser sch\u00f6nen langen Runde ausgerufen und Tom, Eric, Alexander, Wolfgang H. und Frank wollten mitfahren. Da ich mit dieser netten Truppe schon lange nicht mehr geradelt bin, war das die Gelegenheit viele Kilometer in sehr netter Gesellschaft zu\u2026","rel":"","context":"In &quot;Radfahren&quot;","block_context":{"text":"Radfahren","link":"https:\/\/blog.kunstgriff.net\/?cat=14"},"img":{"alt_text":"ZielJuli2010","src":"https:\/\/i0.wp.com\/blog.kunstgriff.net\/Bilda\/ZielJuli2010.png?resize=350%2C200","width":350,"height":200},"classes":[]}],"jetpack_likes_enabled":true,"jetpack_sharing_enabled":true,"_links":{"self":[{"href":"https:\/\/blog.kunstgriff.net\/index.php?rest_route=\/wp\/v2\/posts\/1924","targetHints":{"allow":["GET"]}}],"collection":[{"href":"https:\/\/blog.kunstgriff.net\/index.php?rest_route=\/wp\/v2\/posts"}],"about":[{"href":"https:\/\/blog.kunstgriff.net\/index.php?rest_route=\/wp\/v2\/types\/post"}],"author":[{"embeddable":true,"href":"https:\/\/blog.kunstgriff.net\/index.php?rest_route=\/wp\/v2\/users\/2"}],"replies":[{"embeddable":true,"href":"https:\/\/blog.kunstgriff.net\/index.php?rest_route=%2Fwp%2Fv2%2Fcomments&post=1924"}],"version-history":[{"count":0,"href":"https:\/\/blog.kunstgriff.net\/index.php?rest_route=\/wp\/v2\/posts\/1924\/revisions"}],"wp:attachment":[{"href":"https:\/\/blog.kunstgriff.net\/index.php?rest_route=%2Fwp%2Fv2%2Fmedia&parent=1924"}],"wp:term":[{"taxonomy":"category","embeddable":true,"href":"https:\/\/blog.kunstgriff.net\/index.php?rest_route=%2Fwp%2Fv2%2Fcategories&post=1924"},{"taxonomy":"post_tag","embeddable":true,"href":"https:\/\/blog.kunstgriff.net\/index.php?rest_route=%2Fwp%2Fv2%2Ftags&post=1924"}],"curies":[{"name":"wp","href":"https:\/\/api.w.org\/{rel}","templated":true}]}}