{"id":19244,"date":"2019-04-13T09:36:26","date_gmt":"2019-04-13T07:36:26","guid":{"rendered":"https:\/\/blog.kunstgriff.net\/?p=19244"},"modified":"2019-04-13T09:36:26","modified_gmt":"2019-04-13T07:36:26","slug":"mallorca-trainingscamp-2019-tag-9-abschlusstour-nach-can-picaford","status":"publish","type":"post","link":"https:\/\/blog.kunstgriff.net\/?p=19244","title":{"rendered":"Mallorca Trainingscamp 2019 &#8211; Tag 9 &#8211; Abschlusstour nach Can Picaford"},"content":{"rendered":"<span class=\"span-reading-time rt-reading-time\" style=\"display: block;\"><span class=\"rt-label rt-prefix\">Lesezeit: <\/span> <span class=\"rt-time\"> &lt; 1<\/span> <span class=\"rt-label rt-postfix\">Minute<\/span><\/span><h4>\u00bbErdbeerkuchen &amp; Meeresrauschen\u00ab<\/h4>\n<hr \/>\n<p>Am Abreisetag ist es eine lange Tradition eine Abschlusstour zu fahren. Diese darf nicht all zu lang sein, um eine stressfreie Abreise zu gew\u00e4hrleisten. Also haben wir am Vorabend schnell, beim letzten San Miguel, eine 60-km-Route zusammen geklickt. Ein bisschen neues Terrain und einen Sektor, den wir schon lange nicht gefahren sind, gepaart mit Erdbeerkuchen in Can Picaford und fertig war die Abschlusstour.<\/p>\n<p>Der Himmel sah nicht besonders einladend aus und ich \u00fcberlegte glatt, ob ich mit lang\u00e4rmeligem Trikot fahren wollte. Das Vorhaben verwarf ich dann zum Gl\u00fcck, denn nach dem Schilf kam die Sonne hervor. Nachdem Muro hinter uns gelassen war ging es wellig zur K\u00fcste. Wir waren froh, die Strecke nicht in die andere Richtung fahren zu m\u00fcssen. Der Erdbeerkuchen in Can Picaford wurde in vollen Z\u00fcgen genossen und wir versuchten, diesen Moment einzufrieren: Die Meeresbriese, der Sonnenschein, der Blick auf die Gischt und die Berge im Hintergrund. Diesen Moment mitnehmen, in die folgenden Wochen und Monate, bis wir wieder hier sein d\u00fcrfen \u2013 auf <em>unserer<\/em> Rennrad-Insel.<\/p>\n<p><iframe height='405' width='590' frameborder='0' allowtransparency='true' scrolling='no' src='https:\/\/www.strava.com\/activities\/2285647102\/embed\/01979187471f3faa3ca0208a66865446cbcb953a'><\/iframe><\/p>\n<div class=\"tiled-gallery type-rectangular tiled-gallery-unresized\" data-original-width=\"525\" data-carousel-extra='{&quot;blog_id&quot;:1,&quot;permalink&quot;:&quot;https:\\\/\\\/blog.kunstgriff.net\\\/?p=19244&quot;,&quot;likes_blog_id&quot;:127394879}' itemscope itemtype=\"http:\/\/schema.org\/ImageGallery\" > <div class=\"gallery-row\" style=\"width: 525px; height: 235px;\" data-original-width=\"525\" data-original-height=\"235\" > <div class=\"gallery-group images-1\" style=\"width: 351px; height: 235px;\" data-original-width=\"351\" data-original-height=\"235\" > <div class=\"tiled-gallery-item tiled-gallery-item-large\" itemprop=\"associatedMedia\" itemscope itemtype=\"http:\/\/schema.org\/ImageObject\"> <a href=\"https:\/\/i0.wp.com\/blog.kunstgriff.net\/wp-content\/uploads\/2019\/04\/Abfahrt-zur-letzten-Tour.jpg?ssl=1\" border=\"0\" itemprop=\"url\"> <meta itemprop=\"width\" content=\"347\"> <meta itemprop=\"height\" content=\"231\"> <img decoding=\"async\" class=\"\" data-attachment-id=\"19246\" data-orig-file=\"https:\/\/blog.kunstgriff.net\/wp-content\/uploads\/2019\/04\/Abfahrt-zur-letzten-Tour.jpg\" data-orig-size=\"2500,1667\" data-comments-opened=\"1\" data-image-meta=\"{&quot;aperture&quot;:&quot;8&quot;,&quot;credit&quot;:&quot;&quot;,&quot;camera&quot;:&quot;TG-4&quot;,&quot;caption&quot;:&quot;OLYMPUS DIGITAL CAMERA&quot;,&quot;created_timestamp&quot;:&quot;1555062141&quot;,&quot;copyright&quot;:&quot;&quot;,&quot;focal_length&quot;:&quot;4.5&quot;,&quot;iso&quot;:&quot;100&quot;,&quot;shutter_speed&quot;:&quot;0.005&quot;,&quot;title&quot;:&quot;OLYMPUS DIGITAL CAMERA&quot;,&quot;orientation&quot;:&quot;1&quot;}\" data-image-title=\"Abfahrt zur letzten Tour\" data-image-description=\"\" data-medium-file=\"https:\/\/i0.wp.com\/blog.kunstgriff.net\/wp-content\/uploads\/2019\/04\/Abfahrt-zur-letzten-Tour.jpg?fit=300%2C200&#038;ssl=1\" data-large-file=\"https:\/\/i0.wp.com\/blog.kunstgriff.net\/wp-content\/uploads\/2019\/04\/Abfahrt-zur-letzten-Tour.jpg?fit=1024%2C683&#038;ssl=1\" src=\"https:\/\/i0.wp.com\/blog.kunstgriff.net\/wp-content\/uploads\/2019\/04\/Abfahrt-zur-letzten-Tour.jpg?w=347&#038;h=231&#038;ssl=1\" srcset=\"https:\/\/i0.wp.com\/blog.kunstgriff.net\/wp-content\/uploads\/2019\/04\/Abfahrt-zur-letzten-Tour.jpg?w=2500&amp;ssl=1 2500w, https:\/\/i0.wp.com\/blog.kunstgriff.net\/wp-content\/uploads\/2019\/04\/Abfahrt-zur-letzten-Tour.jpg?resize=300%2C200&amp;ssl=1 300w, https:\/\/i0.wp.com\/blog.kunstgriff.net\/wp-content\/uploads\/2019\/04\/Abfahrt-zur-letzten-Tour.jpg?resize=768%2C512&amp;ssl=1 768w, https:\/\/i0.wp.com\/blog.kunstgriff.net\/wp-content\/uploads\/2019\/04\/Abfahrt-zur-letzten-Tour.jpg?resize=1024%2C683&amp;ssl=1 1024w, https:\/\/i0.wp.com\/blog.kunstgriff.net\/wp-content\/uploads\/2019\/04\/Abfahrt-zur-letzten-Tour.jpg?w=1575&amp;ssl=1 1575w\" width=\"347\" height=\"231\" loading=\"lazy\" data-original-width=\"347\" data-original-height=\"231\" itemprop=\"http:\/\/schema.org\/image\" title=\"Abfahrt zur letzten Tour\" alt=\"Abfahrt zur letzten Tour\" style=\"width: 347px; height: 231px;\" \/> <\/a> <div class=\"tiled-gallery-caption\" itemprop=\"caption description\"> Abfahrt zur letzten Tour <\/div> <\/div> <\/div> <!-- close group --> <div class=\"gallery-group images-2\" style=\"width: 174px; height: 235px;\" data-original-width=\"174\" data-original-height=\"235\" > <div class=\"tiled-gallery-item tiled-gallery-item-small\" itemprop=\"associatedMedia\" itemscope itemtype=\"http:\/\/schema.org\/ImageObject\"> <a href=\"https:\/\/i0.wp.com\/blog.kunstgriff.net\/wp-content\/uploads\/2019\/04\/Die-Wand-von-Muro-vor-uns.jpg?ssl=1\" border=\"0\" itemprop=\"url\"> <meta itemprop=\"width\" content=\"170\"> <meta itemprop=\"height\" content=\"114\"> <img decoding=\"async\" class=\"\" data-attachment-id=\"19248\" data-orig-file=\"https:\/\/blog.kunstgriff.net\/wp-content\/uploads\/2019\/04\/Die-Wand-von-Muro-vor-uns.jpg\" data-orig-size=\"2500,1667\" data-comments-opened=\"1\" data-image-meta=\"{&quot;aperture&quot;:&quot;2.8&quot;,&quot;credit&quot;:&quot;&quot;,&quot;camera&quot;:&quot;TG-4&quot;,&quot;caption&quot;:&quot;OLYMPUS DIGITAL CAMERA&quot;,&quot;created_timestamp&quot;:&quot;1555064739&quot;,&quot;copyright&quot;:&quot;&quot;,&quot;focal_length&quot;:&quot;4.5&quot;,&quot;iso&quot;:&quot;100&quot;,&quot;shutter_speed&quot;:&quot;0.001&quot;,&quot;title&quot;:&quot;OLYMPUS DIGITAL CAMERA&quot;,&quot;orientation&quot;:&quot;1&quot;}\" data-image-title=\"Die Wand von Muro vor uns\" data-image-description=\"\" data-medium-file=\"https:\/\/i0.wp.com\/blog.kunstgriff.net\/wp-content\/uploads\/2019\/04\/Die-Wand-von-Muro-vor-uns.jpg?fit=300%2C200&#038;ssl=1\" data-large-file=\"https:\/\/i0.wp.com\/blog.kunstgriff.net\/wp-content\/uploads\/2019\/04\/Die-Wand-von-Muro-vor-uns.jpg?fit=1024%2C683&#038;ssl=1\" src=\"https:\/\/i0.wp.com\/blog.kunstgriff.net\/wp-content\/uploads\/2019\/04\/Die-Wand-von-Muro-vor-uns.jpg?w=170&#038;h=114&#038;ssl=1\" srcset=\"https:\/\/i0.wp.com\/blog.kunstgriff.net\/wp-content\/uploads\/2019\/04\/Die-Wand-von-Muro-vor-uns.jpg?w=2500&amp;ssl=1 2500w, https:\/\/i0.wp.com\/blog.kunstgriff.net\/wp-content\/uploads\/2019\/04\/Die-Wand-von-Muro-vor-uns.jpg?resize=300%2C200&amp;ssl=1 300w, https:\/\/i0.wp.com\/blog.kunstgriff.net\/wp-content\/uploads\/2019\/04\/Die-Wand-von-Muro-vor-uns.jpg?resize=768%2C512&amp;ssl=1 768w, https:\/\/i0.wp.com\/blog.kunstgriff.net\/wp-content\/uploads\/2019\/04\/Die-Wand-von-Muro-vor-uns.jpg?resize=1024%2C683&amp;ssl=1 1024w, https:\/\/i0.wp.com\/blog.kunstgriff.net\/wp-content\/uploads\/2019\/04\/Die-Wand-von-Muro-vor-uns.jpg?w=1575&amp;ssl=1 1575w\" width=\"170\" height=\"114\" loading=\"lazy\" data-original-width=\"170\" data-original-height=\"114\" itemprop=\"http:\/\/schema.org\/image\" title=\"Die Wand von Muro vor uns\" alt=\"Die Wand von Muro vor uns\" style=\"width: 170px; height: 114px;\" \/> <\/a> <div class=\"tiled-gallery-caption\" itemprop=\"caption description\"> Die Wand von Muro vor uns <\/div> <\/div> <div class=\"tiled-gallery-item tiled-gallery-item-small\" itemprop=\"associatedMedia\" itemscope itemtype=\"http:\/\/schema.org\/ImageObject\"> <a href=\"https:\/\/i0.wp.com\/blog.kunstgriff.net\/wp-content\/uploads\/2019\/04\/Wellig-an-die-K%C3%BCste-ohne-Wellblech.jpg?ssl=1\" border=\"0\" itemprop=\"url\"> <meta itemprop=\"width\" content=\"170\"> <meta itemprop=\"height\" content=\"113\"> <img decoding=\"async\" class=\"\" data-attachment-id=\"19252\" data-orig-file=\"https:\/\/blog.kunstgriff.net\/wp-content\/uploads\/2019\/04\/Wellig-an-die-K\u00fcste-ohne-Wellblech.jpg\" data-orig-size=\"2500,1667\" data-comments-opened=\"1\" data-image-meta=\"{&quot;aperture&quot;:&quot;8&quot;,&quot;credit&quot;:&quot;&quot;,&quot;camera&quot;:&quot;TG-4&quot;,&quot;caption&quot;:&quot;OLYMPUS DIGITAL CAMERA&quot;,&quot;created_timestamp&quot;:&quot;1555066905&quot;,&quot;copyright&quot;:&quot;&quot;,&quot;focal_length&quot;:&quot;4.5&quot;,&quot;iso&quot;:&quot;100&quot;,&quot;shutter_speed&quot;:&quot;0.004&quot;,&quot;title&quot;:&quot;OLYMPUS DIGITAL CAMERA&quot;,&quot;orientation&quot;:&quot;1&quot;}\" data-image-title=\"Wellig an die K\u00fcste ohne Wellblech\" data-image-description=\"\" data-medium-file=\"https:\/\/i0.wp.com\/blog.kunstgriff.net\/wp-content\/uploads\/2019\/04\/Wellig-an-die-K%C3%BCste-ohne-Wellblech.jpg?fit=300%2C200&#038;ssl=1\" data-large-file=\"https:\/\/i0.wp.com\/blog.kunstgriff.net\/wp-content\/uploads\/2019\/04\/Wellig-an-die-K%C3%BCste-ohne-Wellblech.jpg?fit=1024%2C683&#038;ssl=1\" src=\"https:\/\/i0.wp.com\/blog.kunstgriff.net\/wp-content\/uploads\/2019\/04\/Wellig-an-die-K%C3%BCste-ohne-Wellblech.jpg?w=170&#038;h=113&#038;ssl=1\" width=\"170\" height=\"113\" loading=\"lazy\" data-original-width=\"170\" data-original-height=\"113\" itemprop=\"http:\/\/schema.org\/image\" title=\"Wellig an die K\u00fcste ohne Wellblech\" alt=\"Wellig an die K\u00fcste ohne Wellblech\" style=\"width: 170px; height: 113px;\" \/> <\/a> <div class=\"tiled-gallery-caption\" itemprop=\"caption description\"> Wellig an die K\u00fcste ohne Wellblech <\/div> <\/div> <\/div> <!-- close group --> <\/div> <!-- close row --> <div class=\"gallery-row\" style=\"width: 525px; height: 89px;\" data-original-width=\"525\" data-original-height=\"89\" > <div class=\"gallery-group images-1\" style=\"width: 132px; height: 89px;\" data-original-width=\"132\" data-original-height=\"89\" > <div class=\"tiled-gallery-item tiled-gallery-item-small\" itemprop=\"associatedMedia\" itemscope itemtype=\"http:\/\/schema.org\/ImageObject\"> <a href=\"https:\/\/i0.wp.com\/blog.kunstgriff.net\/wp-content\/uploads\/2019\/04\/Das-Rad-und-das-Meer.jpg?ssl=1\" border=\"0\" itemprop=\"url\"> <meta itemprop=\"width\" content=\"128\"> <meta itemprop=\"height\" content=\"85\"> <img decoding=\"async\" class=\"\" data-attachment-id=\"19247\" data-orig-file=\"https:\/\/blog.kunstgriff.net\/wp-content\/uploads\/2019\/04\/Das-Rad-und-das-Meer.jpg\" data-orig-size=\"2500,1666\" data-comments-opened=\"1\" data-image-meta=\"{&quot;aperture&quot;:&quot;4.5&quot;,&quot;credit&quot;:&quot;&quot;,&quot;camera&quot;:&quot;TG-4&quot;,&quot;caption&quot;:&quot;OLYMPUS DIGITAL CAMERA&quot;,&quot;created_timestamp&quot;:&quot;1555068260&quot;,&quot;copyright&quot;:&quot;&quot;,&quot;focal_length&quot;:&quot;8.41&quot;,&quot;iso&quot;:&quot;100&quot;,&quot;shutter_speed&quot;:&quot;0.001&quot;,&quot;title&quot;:&quot;OLYMPUS DIGITAL CAMERA&quot;,&quot;orientation&quot;:&quot;1&quot;}\" data-image-title=\"Das Rad und das Meer\" data-image-description=\"\" data-medium-file=\"https:\/\/i0.wp.com\/blog.kunstgriff.net\/wp-content\/uploads\/2019\/04\/Das-Rad-und-das-Meer.jpg?fit=300%2C200&#038;ssl=1\" data-large-file=\"https:\/\/i0.wp.com\/blog.kunstgriff.net\/wp-content\/uploads\/2019\/04\/Das-Rad-und-das-Meer.jpg?fit=1024%2C682&#038;ssl=1\" src=\"https:\/\/i0.wp.com\/blog.kunstgriff.net\/wp-content\/uploads\/2019\/04\/Das-Rad-und-das-Meer.jpg?w=128&#038;h=85&#038;ssl=1\" srcset=\"https:\/\/i0.wp.com\/blog.kunstgriff.net\/wp-content\/uploads\/2019\/04\/Das-Rad-und-das-Meer.jpg?w=2500&amp;ssl=1 2500w, https:\/\/i0.wp.com\/blog.kunstgriff.net\/wp-content\/uploads\/2019\/04\/Das-Rad-und-das-Meer.jpg?resize=300%2C200&amp;ssl=1 300w, https:\/\/i0.wp.com\/blog.kunstgriff.net\/wp-content\/uploads\/2019\/04\/Das-Rad-und-das-Meer.jpg?resize=768%2C512&amp;ssl=1 768w, https:\/\/i0.wp.com\/blog.kunstgriff.net\/wp-content\/uploads\/2019\/04\/Das-Rad-und-das-Meer.jpg?resize=1024%2C682&amp;ssl=1 1024w, https:\/\/i0.wp.com\/blog.kunstgriff.net\/wp-content\/uploads\/2019\/04\/Das-Rad-und-das-Meer.jpg?w=1575&amp;ssl=1 1575w\" width=\"128\" height=\"85\" loading=\"lazy\" data-original-width=\"128\" data-original-height=\"85\" itemprop=\"http:\/\/schema.org\/image\" title=\"Das Rad und das Meer\" alt=\"Das Rad und das Meer\" style=\"width: 128px; height: 85px;\" \/> <\/a> <div class=\"tiled-gallery-caption\" itemprop=\"caption description\"> Das Rad und das Meer <\/div> <\/div> <\/div> <!-- close group --> <div class=\"gallery-group images-1\" style=\"width: 131px; height: 89px;\" data-original-width=\"131\" data-original-height=\"89\" > <div class=\"tiled-gallery-item tiled-gallery-item-small\" itemprop=\"associatedMedia\" itemscope itemtype=\"http:\/\/schema.org\/ImageObject\"> <a href=\"https:\/\/i0.wp.com\/blog.kunstgriff.net\/wp-content\/uploads\/2019\/04\/Warten-auf-den-Erdbeerkuchen.jpg?ssl=1\" border=\"0\" itemprop=\"url\"> <meta itemprop=\"width\" content=\"127\"> <meta itemprop=\"height\" content=\"85\"> <img decoding=\"async\" class=\"\" data-attachment-id=\"19251\" data-orig-file=\"https:\/\/blog.kunstgriff.net\/wp-content\/uploads\/2019\/04\/Warten-auf-den-Erdbeerkuchen.jpg\" data-orig-size=\"2500,1667\" data-comments-opened=\"1\" data-image-meta=\"{&quot;aperture&quot;:&quot;8&quot;,&quot;credit&quot;:&quot;&quot;,&quot;camera&quot;:&quot;TG-4&quot;,&quot;caption&quot;:&quot;OLYMPUS DIGITAL CAMERA&quot;,&quot;created_timestamp&quot;:&quot;1555068418&quot;,&quot;copyright&quot;:&quot;&quot;,&quot;focal_length&quot;:&quot;4.5&quot;,&quot;iso&quot;:&quot;100&quot;,&quot;shutter_speed&quot;:&quot;0.005&quot;,&quot;title&quot;:&quot;OLYMPUS DIGITAL CAMERA&quot;,&quot;orientation&quot;:&quot;1&quot;}\" data-image-title=\"Warten auf den Erdbeerkuchen\" data-image-description=\"\" data-medium-file=\"https:\/\/i0.wp.com\/blog.kunstgriff.net\/wp-content\/uploads\/2019\/04\/Warten-auf-den-Erdbeerkuchen.jpg?fit=300%2C200&#038;ssl=1\" data-large-file=\"https:\/\/i0.wp.com\/blog.kunstgriff.net\/wp-content\/uploads\/2019\/04\/Warten-auf-den-Erdbeerkuchen.jpg?fit=1024%2C683&#038;ssl=1\" src=\"https:\/\/i0.wp.com\/blog.kunstgriff.net\/wp-content\/uploads\/2019\/04\/Warten-auf-den-Erdbeerkuchen.jpg?w=127&#038;h=85&#038;ssl=1\" srcset=\"https:\/\/i0.wp.com\/blog.kunstgriff.net\/wp-content\/uploads\/2019\/04\/Warten-auf-den-Erdbeerkuchen.jpg?w=2500&amp;ssl=1 2500w, https:\/\/i0.wp.com\/blog.kunstgriff.net\/wp-content\/uploads\/2019\/04\/Warten-auf-den-Erdbeerkuchen.jpg?resize=300%2C200&amp;ssl=1 300w, https:\/\/i0.wp.com\/blog.kunstgriff.net\/wp-content\/uploads\/2019\/04\/Warten-auf-den-Erdbeerkuchen.jpg?resize=768%2C512&amp;ssl=1 768w, https:\/\/i0.wp.com\/blog.kunstgriff.net\/wp-content\/uploads\/2019\/04\/Warten-auf-den-Erdbeerkuchen.jpg?resize=1024%2C683&amp;ssl=1 1024w, https:\/\/i0.wp.com\/blog.kunstgriff.net\/wp-content\/uploads\/2019\/04\/Warten-auf-den-Erdbeerkuchen.jpg?w=1575&amp;ssl=1 1575w\" width=\"127\" height=\"85\" loading=\"lazy\" data-original-width=\"127\" data-original-height=\"85\" itemprop=\"http:\/\/schema.org\/image\" title=\"Warten auf den Erdbeerkuchen\" alt=\"Warten auf den Erdbeerkuchen\" style=\"width: 127px; height: 85px;\" \/> <\/a> <div class=\"tiled-gallery-caption\" itemprop=\"caption description\"> Warten auf den Erdbeerkuchen <\/div> <\/div> <\/div> <!-- close group --> <div class=\"gallery-group images-1\" style=\"width: 131px; height: 89px;\" data-original-width=\"131\" data-original-height=\"89\" > <div class=\"tiled-gallery-item tiled-gallery-item-small\" itemprop=\"associatedMedia\" itemscope itemtype=\"http:\/\/schema.org\/ImageObject\"> <a href=\"https:\/\/i0.wp.com\/blog.kunstgriff.net\/wp-content\/uploads\/2019\/04\/Endlich-Erdbeerkuchen.jpg?ssl=1\" border=\"0\" itemprop=\"url\"> <meta itemprop=\"width\" content=\"127\"> <meta itemprop=\"height\" content=\"85\"> <img decoding=\"async\" class=\"\" data-attachment-id=\"19249\" data-orig-file=\"https:\/\/blog.kunstgriff.net\/wp-content\/uploads\/2019\/04\/Endlich-Erdbeerkuchen.jpg\" data-orig-size=\"2500,1667\" data-comments-opened=\"1\" data-image-meta=\"{&quot;aperture&quot;:&quot;8&quot;,&quot;credit&quot;:&quot;&quot;,&quot;camera&quot;:&quot;TG-4&quot;,&quot;caption&quot;:&quot;OLYMPUS DIGITAL CAMERA&quot;,&quot;created_timestamp&quot;:&quot;1555068538&quot;,&quot;copyright&quot;:&quot;&quot;,&quot;focal_length&quot;:&quot;4.5&quot;,&quot;iso&quot;:&quot;100&quot;,&quot;shutter_speed&quot;:&quot;0.002&quot;,&quot;title&quot;:&quot;OLYMPUS DIGITAL CAMERA&quot;,&quot;orientation&quot;:&quot;1&quot;}\" data-image-title=\"Endlich Erdbeerkuchen\" data-image-description=\"\" data-medium-file=\"https:\/\/i0.wp.com\/blog.kunstgriff.net\/wp-content\/uploads\/2019\/04\/Endlich-Erdbeerkuchen.jpg?fit=300%2C200&#038;ssl=1\" data-large-file=\"https:\/\/i0.wp.com\/blog.kunstgriff.net\/wp-content\/uploads\/2019\/04\/Endlich-Erdbeerkuchen.jpg?fit=1024%2C683&#038;ssl=1\" src=\"https:\/\/i0.wp.com\/blog.kunstgriff.net\/wp-content\/uploads\/2019\/04\/Endlich-Erdbeerkuchen.jpg?w=127&#038;h=85&#038;ssl=1\" srcset=\"https:\/\/i0.wp.com\/blog.kunstgriff.net\/wp-content\/uploads\/2019\/04\/Endlich-Erdbeerkuchen.jpg?w=2500&amp;ssl=1 2500w, https:\/\/i0.wp.com\/blog.kunstgriff.net\/wp-content\/uploads\/2019\/04\/Endlich-Erdbeerkuchen.jpg?resize=300%2C200&amp;ssl=1 300w, https:\/\/i0.wp.com\/blog.kunstgriff.net\/wp-content\/uploads\/2019\/04\/Endlich-Erdbeerkuchen.jpg?resize=768%2C512&amp;ssl=1 768w, https:\/\/i0.wp.com\/blog.kunstgriff.net\/wp-content\/uploads\/2019\/04\/Endlich-Erdbeerkuchen.jpg?resize=1024%2C683&amp;ssl=1 1024w, https:\/\/i0.wp.com\/blog.kunstgriff.net\/wp-content\/uploads\/2019\/04\/Endlich-Erdbeerkuchen.jpg?w=1575&amp;ssl=1 1575w\" width=\"127\" height=\"85\" loading=\"lazy\" data-original-width=\"127\" data-original-height=\"85\" itemprop=\"http:\/\/schema.org\/image\" title=\"Endlich Erdbeerkuchen\" alt=\"Endlich Erdbeerkuchen\" style=\"width: 127px; height: 85px;\" \/> <\/a> <div class=\"tiled-gallery-caption\" itemprop=\"caption description\"> Endlich Erdbeerkuchen <\/div> <\/div> <\/div> <!-- close group --> <div class=\"gallery-group images-1\" style=\"width: 131px; height: 89px;\" data-original-width=\"131\" data-original-height=\"89\" > <div class=\"tiled-gallery-item tiled-gallery-item-small\" itemprop=\"associatedMedia\" itemscope itemtype=\"http:\/\/schema.org\/ImageObject\"> <a href=\"https:\/\/i0.wp.com\/blog.kunstgriff.net\/wp-content\/uploads\/2019\/04\/Geschafft-sturz-und-pannenfrei.jpg?ssl=1\" border=\"0\" itemprop=\"url\"> <meta itemprop=\"width\" content=\"127\"> <meta itemprop=\"height\" content=\"85\"> <img decoding=\"async\" class=\"\" data-attachment-id=\"19250\" data-orig-file=\"https:\/\/blog.kunstgriff.net\/wp-content\/uploads\/2019\/04\/Geschafft-sturz-und-pannenfrei.jpg\" data-orig-size=\"2500,1667\" data-comments-opened=\"1\" data-image-meta=\"{&quot;aperture&quot;:&quot;8&quot;,&quot;credit&quot;:&quot;&quot;,&quot;camera&quot;:&quot;TG-4&quot;,&quot;caption&quot;:&quot;OLYMPUS DIGITAL CAMERA&quot;,&quot;created_timestamp&quot;:&quot;1555071639&quot;,&quot;copyright&quot;:&quot;&quot;,&quot;focal_length&quot;:&quot;4.5&quot;,&quot;iso&quot;:&quot;100&quot;,&quot;shutter_speed&quot;:&quot;0.00625&quot;,&quot;title&quot;:&quot;OLYMPUS DIGITAL CAMERA&quot;,&quot;orientation&quot;:&quot;1&quot;}\" data-image-title=\"Geschafft &amp;#8211; sturz und pannenfrei\" data-image-description=\"\" data-medium-file=\"https:\/\/i0.wp.com\/blog.kunstgriff.net\/wp-content\/uploads\/2019\/04\/Geschafft-sturz-und-pannenfrei.jpg?fit=300%2C200&#038;ssl=1\" data-large-file=\"https:\/\/i0.wp.com\/blog.kunstgriff.net\/wp-content\/uploads\/2019\/04\/Geschafft-sturz-und-pannenfrei.jpg?fit=1024%2C683&#038;ssl=1\" src=\"https:\/\/i0.wp.com\/blog.kunstgriff.net\/wp-content\/uploads\/2019\/04\/Geschafft-sturz-und-pannenfrei.jpg?w=127&#038;h=85&#038;ssl=1\" srcset=\"https:\/\/i0.wp.com\/blog.kunstgriff.net\/wp-content\/uploads\/2019\/04\/Geschafft-sturz-und-pannenfrei.jpg?w=2500&amp;ssl=1 2500w, https:\/\/i0.wp.com\/blog.kunstgriff.net\/wp-content\/uploads\/2019\/04\/Geschafft-sturz-und-pannenfrei.jpg?resize=300%2C200&amp;ssl=1 300w, https:\/\/i0.wp.com\/blog.kunstgriff.net\/wp-content\/uploads\/2019\/04\/Geschafft-sturz-und-pannenfrei.jpg?resize=768%2C512&amp;ssl=1 768w, https:\/\/i0.wp.com\/blog.kunstgriff.net\/wp-content\/uploads\/2019\/04\/Geschafft-sturz-und-pannenfrei.jpg?resize=1024%2C683&amp;ssl=1 1024w, https:\/\/i0.wp.com\/blog.kunstgriff.net\/wp-content\/uploads\/2019\/04\/Geschafft-sturz-und-pannenfrei.jpg?w=1575&amp;ssl=1 1575w\" width=\"127\" height=\"85\" loading=\"lazy\" data-original-width=\"127\" data-original-height=\"85\" itemprop=\"http:\/\/schema.org\/image\" title=\"Geschafft - sturz und pannenfrei\" alt=\"Geschafft - sturz und pannenfrei\" style=\"width: 127px; height: 85px;\" \/> <\/a> <div class=\"tiled-gallery-caption\" itemprop=\"caption description\"> Geschafft &#8211; sturz und pannenfrei <\/div> <\/div> <\/div> <!-- close group --> <\/div> <!-- close row --> <\/div>\n","protected":false},"excerpt":{"rendered":"<p>\u00bbErdbeerkuchen &amp; Meeresrauschen\u00ab Am Abreisetag ist es eine lange Tradition eine Abschlusstour zu fahren. Diese darf nicht all zu lang sein, um eine stressfreie Abreise zu gew\u00e4hrleisten. Also haben wir am Vorabend schnell, beim letzten San Miguel, eine 60-km-Route zusammen geklickt. Ein bisschen neues Terrain und einen Sektor, den wir schon lange nicht gefahren sind, &hellip; <\/p>\n<p class=\"link-more\"><a href=\"https:\/\/blog.kunstgriff.net\/?p=19244\" class=\"more-link\"><span class=\"screen-reader-text\">\u201eMallorca Trainingscamp 2019 &#8211; Tag 9 &#8211; Abschlusstour nach Can Picaford\u201c <\/span>weiterlesen<\/a><\/p>\n","protected":false},"author":2,"featured_media":19247,"comment_status":"open","ping_status":"open","sticky":false,"template":"","format":"standard","meta":{"jetpack_post_was_ever_published":false,"_jetpack_newsletter_access":"","_jetpack_dont_email_post_to_subs":false,"_jetpack_newsletter_tier_id":0,"_jetpack_memberships_contains_paywalled_content":false,"_jetpack_memberships_contains_paid_content":false,"footnotes":""},"categories":[34,14,13,7],"tags":[],"class_list":["post-19244","post","type-post","status-publish","format-standard","has-post-thumbnail","hentry","category-cake-ride","category-radfahren","category-radreise","category-rennradfahren"],"jetpack_featured_media_url":"https:\/\/i0.wp.com\/blog.kunstgriff.net\/wp-content\/uploads\/2019\/04\/Das-Rad-und-das-Meer.jpg?fit=2500%2C1666&ssl=1","jetpack_shortlink":"https:\/\/wp.me\/p8Cxe7-50o","jetpack-related-posts":[{"id":4284,"url":"https:\/\/blog.kunstgriff.net\/?p=4284","url_meta":{"origin":19244,"position":0},"title":"Mallorca Trainingscamp &#8211; Tag 11 &#8211; Petra Abschlusstour","author":"Georg","date":"April 16, 2011","format":false,"excerpt":"oder \u00bbAusrollen und Resum\u00e9\u00ab Der letzte Tag f\u00fcr dieses Jahr auf Mallorca sollte f\u00fcr eine ruhige Ausroll-Runde genutzt werden. Das Trainings-Camp-Teilnehmerfeld war schon m\u00e4chtig ausged\u00fcnnt. Auch Karsten verabschiedete sich vor unserem Start und so machten wir uns zu F\u00fcnft auf den Weg, relativ flach, nach Petra. Ordentlich regeneriert hatte ich\u2026","rel":"","context":"In &quot;Radfahren&quot;","block_context":{"text":"Radfahren","link":"https:\/\/blog.kunstgriff.net\/?cat=14"},"img":{"alt_text":"","src":"https:\/\/i0.wp.com\/blog.kunstgriff.net\/wp-content\/uploads\/2011\/04\/IMG_2074.jpg?resize=350%2C200","width":350,"height":200,"srcset":"https:\/\/i0.wp.com\/blog.kunstgriff.net\/wp-content\/uploads\/2011\/04\/IMG_2074.jpg?resize=350%2C200 1x, https:\/\/i0.wp.com\/blog.kunstgriff.net\/wp-content\/uploads\/2011\/04\/IMG_2074.jpg?resize=525%2C300 1.5x"},"classes":[]},{"id":12242,"url":"https:\/\/blog.kunstgriff.net\/?p=12242","url_meta":{"origin":19244,"position":1},"title":"Korsika 2014 &#8211; Tag 5","author":"Georg","date":"Oktober 17, 2014","format":false,"excerpt":"oder \u00bbLa route de la Castagniccia pour le troisi\u00e8me temps\u00ab Ja was soll ich sagen schreiben: Die selbst-geklickte Strecke\u00a0\u00bbLa route de la Castagniccia\u00ab hatte es mir derma\u00dfen angetan, dass ich nicht lange \u00fcberlegte, welche Abschlusstour ich heute fahren wollte. Sie bot alles, nachdem mir momentan war: H\u00f6henmeter, nicht zu steil\u2026","rel":"","context":"In &quot;Radfahren&quot;","block_context":{"text":"Radfahren","link":"https:\/\/blog.kunstgriff.net\/?cat=14"},"img":{"alt_text":"","src":"https:\/\/i0.wp.com\/blog.kunstgriff.net\/wp-content\/uploads\/2014\/10\/Dorfidylle-bei-Croce.jpg?fit=1200%2C900&ssl=1&resize=350%2C200","width":350,"height":200,"srcset":"https:\/\/i0.wp.com\/blog.kunstgriff.net\/wp-content\/uploads\/2014\/10\/Dorfidylle-bei-Croce.jpg?fit=1200%2C900&ssl=1&resize=350%2C200 1x, https:\/\/i0.wp.com\/blog.kunstgriff.net\/wp-content\/uploads\/2014\/10\/Dorfidylle-bei-Croce.jpg?fit=1200%2C900&ssl=1&resize=525%2C300 1.5x, https:\/\/i0.wp.com\/blog.kunstgriff.net\/wp-content\/uploads\/2014\/10\/Dorfidylle-bei-Croce.jpg?fit=1200%2C900&ssl=1&resize=700%2C400 2x, https:\/\/i0.wp.com\/blog.kunstgriff.net\/wp-content\/uploads\/2014\/10\/Dorfidylle-bei-Croce.jpg?fit=1200%2C900&ssl=1&resize=1050%2C600 3x"},"classes":[]},{"id":9937,"url":"https:\/\/blog.kunstgriff.net\/?p=9937","url_meta":{"origin":19244,"position":2},"title":"Mallorca Trainingscamp 2013 &#8211; Tag 7 &#8211; Muro-Petra-Can Picafort","author":"Georg","date":"M\u00e4rz 17, 2013","format":false,"excerpt":"oder \u00bbErdbeerkuchen-Runde\u00abDa heute Abreisetag war, standen\u00a0traditionell keine langen Touren mehr auf dem Zettel. Alexander und Christian reisten schon nach dem Fr\u00fchst\u00fcck ab, so war f\u00fcr sie eine Mitfahrt nicht mehr m\u00f6glich. Schade, denn sobald Herbert, Yosra und ich Alcudia in Richtung Muro verlie\u00dfen, brach der Himmel auf und die Sonne\u2026","rel":"","context":"In &quot;Radfahren&quot;","block_context":{"text":"Radfahren","link":"https:\/\/blog.kunstgriff.net\/?cat=14"},"img":{"alt_text":"","src":"https:\/\/i0.wp.com\/blog.kunstgriff.net\/wp-content\/uploads\/2013\/03\/Abschlussfoto.jpg?fit=1000%2C750&ssl=1&resize=350%2C200","width":350,"height":200,"srcset":"https:\/\/i0.wp.com\/blog.kunstgriff.net\/wp-content\/uploads\/2013\/03\/Abschlussfoto.jpg?fit=1000%2C750&ssl=1&resize=350%2C200 1x, https:\/\/i0.wp.com\/blog.kunstgriff.net\/wp-content\/uploads\/2013\/03\/Abschlussfoto.jpg?fit=1000%2C750&ssl=1&resize=525%2C300 1.5x, https:\/\/i0.wp.com\/blog.kunstgriff.net\/wp-content\/uploads\/2013\/03\/Abschlussfoto.jpg?fit=1000%2C750&ssl=1&resize=700%2C400 2x"},"classes":[]},{"id":4132,"url":"https:\/\/blog.kunstgriff.net\/?p=4132","url_meta":{"origin":19244,"position":3},"title":"Mallorca Trainingscamp &#8211; Tag 6 &#8211; San Salvador","author":"Georg","date":"April 9, 2011","format":false,"excerpt":"oder \u00bbAuch bei sch\u00f6nem Wetter \u2019ne anstrengende Runde\u00ab Die erste Woche des Trainingscamps ist vor\u00fcber und so hie\u00df es von einigen Rennrad-Freunden abschied nehmen. Ein letztes gemeinsames Erinnerungsfoto und schon ging es f\u00fcr das A- und das B-Team auf die geplanten Ausfahrts-Runden. F\u00fcr uns stand heute San Salvador auf dem\u2026","rel":"","context":"In &quot;Radfahren&quot;","block_context":{"text":"Radfahren","link":"https:\/\/blog.kunstgriff.net\/?cat=14"},"img":{"alt_text":"","src":"https:\/\/i0.wp.com\/blog.kunstgriff.net\/wp-content\/uploads\/2011\/04\/IMG_1831.jpg?resize=350%2C200","width":350,"height":200,"srcset":"https:\/\/i0.wp.com\/blog.kunstgriff.net\/wp-content\/uploads\/2011\/04\/IMG_1831.jpg?resize=350%2C200 1x, https:\/\/i0.wp.com\/blog.kunstgriff.net\/wp-content\/uploads\/2011\/04\/IMG_1831.jpg?resize=525%2C300 1.5x, https:\/\/i0.wp.com\/blog.kunstgriff.net\/wp-content\/uploads\/2011\/04\/IMG_1831.jpg?resize=700%2C400 2x"},"classes":[]},{"id":6268,"url":"https:\/\/blog.kunstgriff.net\/?p=6268","url_meta":{"origin":19244,"position":4},"title":"RTF \u00bbJenseits der Havel\u00ab","author":"Georg","date":"Oktober 16, 2011","format":false,"excerpt":"oder \u00bbSchon lange nicht mehr Rad gefahren\u00ab Um 9:15 Uhr war ich mit Christine und Alexander in der U-Bahn nach Spandau verabredet, um heute die letzte RTF des Jahres 2011, \u00bbJenseits der Havel\u00ab vom RSV-Spandau, zu fahren. Meine Beine waren von der gestrigen Fahrt allerdings schwer und kraftlos. Auch das\u2026","rel":"","context":"In &quot;Radfahren&quot;","block_context":{"text":"Radfahren","link":"https:\/\/blog.kunstgriff.net\/?cat=14"},"img":{"alt_text":"","src":"https:\/\/i0.wp.com\/blog.kunstgriff.net\/wp-content\/uploads\/2011\/10\/Vor-dem-Start.jpg?resize=350%2C200","width":350,"height":200,"srcset":"https:\/\/i0.wp.com\/blog.kunstgriff.net\/wp-content\/uploads\/2011\/10\/Vor-dem-Start.jpg?resize=350%2C200 1x, https:\/\/i0.wp.com\/blog.kunstgriff.net\/wp-content\/uploads\/2011\/10\/Vor-dem-Start.jpg?resize=525%2C300 1.5x, https:\/\/i0.wp.com\/blog.kunstgriff.net\/wp-content\/uploads\/2011\/10\/Vor-dem-Start.jpg?resize=700%2C400 2x"},"classes":[]},{"id":13318,"url":"https:\/\/blog.kunstgriff.net\/?p=13318","url_meta":{"origin":19244,"position":5},"title":"Viertel-Vor-Zehn-Gruppen-S\u00fcd-Runde","author":"Georg","date":"April 9, 2016","format":false,"excerpt":"oder \u00bbRollen mit der grossen Gruppe\u00ab [gcmap act=\"1119285056\" class=\"alignright\"]Eigentlich war geplant mit Oleg nach Treuenbrietzen zu fahren. Der Track war geladen und der Treffpunkt am Tunnel vereinbart. Als dann nur Oleg, Julia und Ralph am Tunnel standen, wurde mir ein wenig mulmig und ich entschloss mich mit der 10-Uhr-Gruppe aus\u2026","rel":"","context":"In &quot;Radfahren&quot;","block_context":{"text":"Radfahren","link":"https:\/\/blog.kunstgriff.net\/?cat=14"},"img":{"alt_text":"","src":"https:\/\/i0.wp.com\/blog.kunstgriff.net\/wp-content\/uploads\/2016\/04\/Nach-Zachwitz.jpg?fit=1200%2C900&ssl=1&resize=350%2C200","width":350,"height":200,"srcset":"https:\/\/i0.wp.com\/blog.kunstgriff.net\/wp-content\/uploads\/2016\/04\/Nach-Zachwitz.jpg?fit=1200%2C900&ssl=1&resize=350%2C200 1x, https:\/\/i0.wp.com\/blog.kunstgriff.net\/wp-content\/uploads\/2016\/04\/Nach-Zachwitz.jpg?fit=1200%2C900&ssl=1&resize=525%2C300 1.5x, https:\/\/i0.wp.com\/blog.kunstgriff.net\/wp-content\/uploads\/2016\/04\/Nach-Zachwitz.jpg?fit=1200%2C900&ssl=1&resize=700%2C400 2x, https:\/\/i0.wp.com\/blog.kunstgriff.net\/wp-content\/uploads\/2016\/04\/Nach-Zachwitz.jpg?fit=1200%2C900&ssl=1&resize=1050%2C600 3x"},"classes":[]}],"jetpack_likes_enabled":true,"jetpack_sharing_enabled":true,"_links":{"self":[{"href":"https:\/\/blog.kunstgriff.net\/index.php?rest_route=\/wp\/v2\/posts\/19244","targetHints":{"allow":["GET"]}}],"collection":[{"href":"https:\/\/blog.kunstgriff.net\/index.php?rest_route=\/wp\/v2\/posts"}],"about":[{"href":"https:\/\/blog.kunstgriff.net\/index.php?rest_route=\/wp\/v2\/types\/post"}],"author":[{"embeddable":true,"href":"https:\/\/blog.kunstgriff.net\/index.php?rest_route=\/wp\/v2\/users\/2"}],"replies":[{"embeddable":true,"href":"https:\/\/blog.kunstgriff.net\/index.php?rest_route=%2Fwp%2Fv2%2Fcomments&post=19244"}],"version-history":[{"count":0,"href":"https:\/\/blog.kunstgriff.net\/index.php?rest_route=\/wp\/v2\/posts\/19244\/revisions"}],"wp:featuredmedia":[{"embeddable":true,"href":"https:\/\/blog.kunstgriff.net\/index.php?rest_route=\/wp\/v2\/media\/19247"}],"wp:attachment":[{"href":"https:\/\/blog.kunstgriff.net\/index.php?rest_route=%2Fwp%2Fv2%2Fmedia&parent=19244"}],"wp:term":[{"taxonomy":"category","embeddable":true,"href":"https:\/\/blog.kunstgriff.net\/index.php?rest_route=%2Fwp%2Fv2%2Fcategories&post=19244"},{"taxonomy":"post_tag","embeddable":true,"href":"https:\/\/blog.kunstgriff.net\/index.php?rest_route=%2Fwp%2Fv2%2Ftags&post=19244"}],"curies":[{"name":"wp","href":"https:\/\/api.w.org\/{rel}","templated":true}]}}