{"id":1934,"date":"2010-07-03T19:23:18","date_gmt":"2010-07-03T17:23:18","guid":{"rendered":"http:\/\/blog.kunstgriff.net\/?p=1934"},"modified":"2017-06-13T15:51:02","modified_gmt":"2017-06-13T13:51:02","slug":"nonne-pankow-niederfinow-eberswalde","status":"publish","type":"post","link":"https:\/\/blog.kunstgriff.net\/?p=1934","title":{"rendered":"Nonne-> Pankow-> Niederfinow-> Eberswalde"},"content":{"rendered":"<span class=\"span-reading-time rt-reading-time\" style=\"display: block;\"><span class=\"rt-label rt-prefix\">Lesezeit: <\/span> <span class=\"rt-time\"> 2<\/span> <span class=\"rt-label rt-postfix\">Minuten<\/span><\/span><h4>oder &#8222;Warum fahren so viele bei Hitze ohne Helm?&#8220;<\/h4>\n<hr \/>\n<p>Um 8:26 Uhr bin ich zuhause aufgebrochen, um p\u00fcnktlich um 9 Uhr den Treffpunkt in Pankow zu erreichen. Dort traf ich auf Christoph R., Jan M., Wolfgang H. und Dirk S..<\/p>\n<p>Wir brachen dann p\u00fcnktlich um f\u00fcnf nach Neun Richtung Panketal auf. Diese Runde bin ich im Oktober 2009 schon einmal gefahren und sie zeichnet sich durch recht wenig Verkehr und guten Asphalt aus.<\/p>\n<p>Es ging hinter der Stadtgrenze gleich recht ambitioniert los mit Tacho immer \u00fcber 35 km\/h. Die Wechsel folgten fl\u00fcssig und wir F\u00fcnf harmonierten sehr gut. Die Hitze begann uns nun doch ein wenig zu schaffen zu machen &#8211; heute war ja der heisseste Tag des Jahres.<\/p>\n<p>Immer wieder kamen uns kleine Gruppen mit Rennradlern entgegen, auch Einzelfahrer und die Mehrzahl hatte <em>keinen<\/em> Helm auf. Ich war sehr verwundert. Eigentlich kann ich mir das nur durch die gro\u00dfe Hitze erkl\u00e4ren: Vielleicht ist es den Fahrern zu heiss unter dem Helm? Vielleicht ist der Asphalt bei den Temperaturen weicher, wenn man mit seiner Birne dort raufknallt? Zwei von mir bei St\u00fcrze geborstene Helme haben mir eine Lektion gelehrt: <em>Nie mehr ohne Helm auf dem Rennrad auch wenn es \u00fcber 40\u00b0C haben sollte.<\/em><\/p>\n<p>Nach etwa der H\u00e4lfte der Strecke in Niederfienow wollten wir an der \u00bb<a href=\"http:\/\/www.schleusentreppe.com\/\" target=\"_blank\">Schleusentreppe\u00ab&nbsp;bei Frau K\u00fchn <\/a>eigentlich unsere Flaschen f\u00fcllen &#8211; diese waren nach 70 km bereits leer &#8211; aber es war geschlossen und alle Rolll\u00e4den unten. Gl\u00fccklicherweise half uns ein Nachbar mit seinem Wasseranschluss im Garten, der Wasser aus einem 26 Meter tiefen Brunnen in unsere Flaschen bef\u00f6rderte. Sehr beruhigend und erfrischend:<em> Frisches, klares Wasser!<\/em><\/p>\n<p>So ging es hydriert weiter Richtung Eberwalde. Es wurde, den Temperaturen geschuldet, ein wenig an Tempo rausgenommen und mit einem letzten Erfrischungsstop beim Schlecker, Pankow angesteuert, wo wir uns verabschiedeten und jeder seinen &nbsp;Weg nach Hause nahm. Die Nationalelf w\u00fcrde gegen Argentinien nicht auf uns warten.<\/p>\n<p><em>Fazit:<\/em> Eine sch\u00f6ne harmonische Runde, die bei diesen Temperaturen doch relativ wenig K\u00f6rner gekostet hat. &nbsp;Frage mich nun nur: <em>Wo fahre ich morgen?<\/em><\/p>\n<p><iframe height='405' width='590' frameborder='0' allowtransparency='true' scrolling='no' src='https:\/\/www.strava.com\/activities\/698650619\/embed\/454d47cbf816a5513ffdbfa0b99df0bbc95dd5d5'><\/iframe><\/p>\n","protected":false},"excerpt":{"rendered":"<p>oder &#8222;Warum fahren so viele bei Hitze ohne Helm?&#8220; Um 8:26 Uhr bin ich zuhause aufgebrochen, um p\u00fcnktlich um 9 Uhr den Treffpunkt in Pankow zu erreichen. Dort traf ich auf Christoph R., Jan M., Wolfgang H. und Dirk S.. Wir brachen dann p\u00fcnktlich um f\u00fcnf nach Neun Richtung Panketal auf. Diese Runde bin ich &hellip; <\/p>\n<p class=\"link-more\"><a href=\"https:\/\/blog.kunstgriff.net\/?p=1934\" class=\"more-link\"><span class=\"screen-reader-text\">\u201eNonne-> Pankow-> Niederfinow-> Eberswalde\u201c <\/span>weiterlesen<\/a><\/p>\n","protected":false},"author":2,"featured_media":0,"comment_status":"open","ping_status":"open","sticky":false,"template":"","format":"standard","meta":{"jetpack_post_was_ever_published":false,"_jetpack_newsletter_access":"","_jetpack_dont_email_post_to_subs":false,"_jetpack_newsletter_tier_id":0,"_jetpack_memberships_contains_paywalled_content":false,"_jetpack_memberships_contains_paid_content":false,"footnotes":""},"categories":[14,7],"tags":[],"class_list":["post-1934","post","type-post","status-publish","format-standard","hentry","category-radfahren","category-rennradfahren"],"jetpack_featured_media_url":"","jetpack_shortlink":"https:\/\/wp.me\/p8Cxe7-vc","jetpack-related-posts":[{"id":529,"url":"https:\/\/blog.kunstgriff.net\/?p=529","url_meta":{"origin":1934,"position":0},"title":"lange Herbstrunde um den Werbelinsee","author":"Georg","date":"Dezember 5, 2009","format":false,"excerpt":"Irgendwie konnte ich mich fast gar nicht aufraffen um heute eine Tour zu fahren. Zum Einen liegt mir die Anfahrt nach Pankow durch die Stadt nicht sonderlich, zum Anderen machte der Blick auf den Au\u00dfenthermometer die Sache auch nicht einfacher: 2\u00b0C. Also ich dann um 9 Uhr zum B\u00e4cker ging\u2026","rel":"","context":"In &quot;Garmin&quot;","block_context":{"text":"Garmin","link":"https:\/\/blog.kunstgriff.net\/?cat=35"},"img":{"alt_text":"","src":"","width":0,"height":0},"classes":[]},{"id":5565,"url":"https:\/\/blog.kunstgriff.net\/?p=5565","url_meta":{"origin":1934,"position":1},"title":"Feierabendrunde durchs M\u00fchlenbecker Land","author":"Georg","date":"August 16, 2011","format":false,"excerpt":"oder \u00bbZu dritt Dampf ablassen\u00abDienstags ist ja klassischer Feierabendrunden-Tag. Heute wollte ich mal nicht mit den Havellandriders die Nauen-Runde drehen, sondern in den hohen Norden aufbrechen und mit meinem S\u00fcdafrika-Kettenbruder Christian P. fahren. Die Sektoren kennen ich dort oben zwar alle, aber genau so bin ich die Strecke noch nicht\u2026","rel":"","context":"In &quot;Radfahren&quot;","block_context":{"text":"Radfahren","link":"https:\/\/blog.kunstgriff.net\/?cat=14"},"img":{"alt_text":"","src":"https:\/\/i0.wp.com\/blog.kunstgriff.net\/wp-content\/uploads\/2011\/08\/hinter-Wandlitz-vor-Bernau.jpg?resize=350%2C200","width":350,"height":200},"classes":[]},{"id":18260,"url":"https:\/\/blog.kunstgriff.net\/?p=18260","url_meta":{"origin":1934,"position":2},"title":"RuB &#8211; Rund um Berlin","author":"Georg","date":"Juli 14, 2018","format":false,"excerpt":"Einmal rum zu viert Die Einen waren heute auf dem langen Weg zum Brocken, die Anderen mit dem Auto an der Ostsee und ich war bis Ende der Woche relativ ideenlos bez\u00fcglich der \u00fcblichen Rennrad-Wochenend-Touren-Planung. Da kam es sehr gelegen, da\u00df am Freitag Nachmittag der Alex vorschlug, mal wieder Rund\u2026","rel":"","context":"In &quot;200er&quot;","block_context":{"text":"200er","link":"https:\/\/blog.kunstgriff.net\/?cat=48"},"img":{"alt_text":"","src":"https:\/\/i0.wp.com\/blog.kunstgriff.net\/wp-content\/uploads\/2018\/07\/Geschafft-einmal-rum.jpg?fit=1200%2C800&ssl=1&resize=350%2C200","width":350,"height":200,"srcset":"https:\/\/i0.wp.com\/blog.kunstgriff.net\/wp-content\/uploads\/2018\/07\/Geschafft-einmal-rum.jpg?fit=1200%2C800&ssl=1&resize=350%2C200 1x, https:\/\/i0.wp.com\/blog.kunstgriff.net\/wp-content\/uploads\/2018\/07\/Geschafft-einmal-rum.jpg?fit=1200%2C800&ssl=1&resize=525%2C300 1.5x, https:\/\/i0.wp.com\/blog.kunstgriff.net\/wp-content\/uploads\/2018\/07\/Geschafft-einmal-rum.jpg?fit=1200%2C800&ssl=1&resize=700%2C400 2x, https:\/\/i0.wp.com\/blog.kunstgriff.net\/wp-content\/uploads\/2018\/07\/Geschafft-einmal-rum.jpg?fit=1200%2C800&ssl=1&resize=1050%2C600 3x"},"classes":[]},{"id":5652,"url":"https:\/\/blog.kunstgriff.net\/?p=5652","url_meta":{"origin":1934,"position":3},"title":"Harz-Tour 2011 &#8211; Tag 1","author":"Georg","date":"August 26, 2011","format":false,"excerpt":"oder \u00bbMal wieder Einrollen bei 28\u00b0C\u00abP\u00fcnktlich um 7:22 Uhr klingelte mein Handy und Erik stand mit seinem Caddy vor meiner T\u00fcr um mit mir und meinem Renner im Gep\u00e4ck, nach Tanne zu unserem Harz-Wochenende auf zu brechen. Die fahrt war entspannt und kurzeilig und als wir den Tanne-Park erreichten warteten\u2026","rel":"","context":"In &quot;Radfahren&quot;","block_context":{"text":"Radfahren","link":"https:\/\/blog.kunstgriff.net\/?cat=14"},"img":{"alt_text":"","src":"https:\/\/i0.wp.com\/blog.kunstgriff.net\/wp-content\/uploads\/2011\/08\/Das-notorische-Gruppenfoto.jpg?resize=350%2C200","width":350,"height":200,"srcset":"https:\/\/i0.wp.com\/blog.kunstgriff.net\/wp-content\/uploads\/2011\/08\/Das-notorische-Gruppenfoto.jpg?resize=350%2C200 1x, https:\/\/i0.wp.com\/blog.kunstgriff.net\/wp-content\/uploads\/2011\/08\/Das-notorische-Gruppenfoto.jpg?resize=525%2C300 1.5x"},"classes":[]},{"id":15036,"url":"https:\/\/blog.kunstgriff.net\/?p=15036","url_meta":{"origin":1934,"position":4},"title":"Pankow- > Usedom 2016 v2","author":"Georg","date":"September 10, 2016","format":false,"excerpt":"oder \u00bbAb an die K\u00fcste\u00ab Als mich Mitte der Woche die Nachfrage von Alex erreichte, ob ich zum Saisonabschluss mal wieder nach Usedom mitwolle, hielt sich meine Begeisterung in Grenzen. Zum Ende der Arbeitswoche festigte sich aber der Plan, die sch\u00f6ne Strecke mal wieder mit zu rollen. Vor gut 4\u2026","rel":"","context":"In &quot;200er&quot;","block_context":{"text":"200er","link":"https:\/\/blog.kunstgriff.net\/?cat=48"},"img":{"alt_text":"","src":"https:\/\/i0.wp.com\/blog.kunstgriff.net\/wp-content\/uploads\/2016\/09\/Geschafft-in-Ueckeritz.jpg?fit=1200%2C800&ssl=1&resize=350%2C200","width":350,"height":200,"srcset":"https:\/\/i0.wp.com\/blog.kunstgriff.net\/wp-content\/uploads\/2016\/09\/Geschafft-in-Ueckeritz.jpg?fit=1200%2C800&ssl=1&resize=350%2C200 1x, https:\/\/i0.wp.com\/blog.kunstgriff.net\/wp-content\/uploads\/2016\/09\/Geschafft-in-Ueckeritz.jpg?fit=1200%2C800&ssl=1&resize=525%2C300 1.5x, https:\/\/i0.wp.com\/blog.kunstgriff.net\/wp-content\/uploads\/2016\/09\/Geschafft-in-Ueckeritz.jpg?fit=1200%2C800&ssl=1&resize=700%2C400 2x, https:\/\/i0.wp.com\/blog.kunstgriff.net\/wp-content\/uploads\/2016\/09\/Geschafft-in-Ueckeritz.jpg?fit=1200%2C800&ssl=1&resize=1050%2C600 3x"},"classes":[]},{"id":330,"url":"https:\/\/blog.kunstgriff.net\/?p=330","url_meta":{"origin":1934,"position":5},"title":"Bericht vom Arber Radmarathon 2009","author":"Georg","date":"Juli 26, 2009","format":false,"excerpt":"Alle Radreiseutensilien waren sicher im Rucksack verstaut, der Helm auf dem Kopf und so konnte ich mich am Samstag Morgen um 8 Uhr auf meinem Rennrad bei leichtem Regen auf den Weg zum 3,5 km entfernten Zweirad Stadler machen. Stadler bot diese Radreise bereits im M\u00e4rz an. Enthalten sind: Anreise\u2026","rel":"","context":"In &quot;Radfahren&quot;","block_context":{"text":"Radfahren","link":"https:\/\/blog.kunstgriff.net\/?cat=14"},"img":{"alt_text":"","src":"https:\/\/i0.wp.com\/blog.kunstgriff.net\/wp-content\/uploads\/2009\/07\/image007.png?fit=548%2C372&ssl=1&resize=350%2C200","width":350,"height":200,"srcset":"https:\/\/i0.wp.com\/blog.kunstgriff.net\/wp-content\/uploads\/2009\/07\/image007.png?fit=548%2C372&ssl=1&resize=350%2C200 1x, https:\/\/i0.wp.com\/blog.kunstgriff.net\/wp-content\/uploads\/2009\/07\/image007.png?fit=548%2C372&ssl=1&resize=525%2C300 1.5x"},"classes":[]}],"jetpack_likes_enabled":true,"jetpack_sharing_enabled":true,"_links":{"self":[{"href":"https:\/\/blog.kunstgriff.net\/index.php?rest_route=\/wp\/v2\/posts\/1934","targetHints":{"allow":["GET"]}}],"collection":[{"href":"https:\/\/blog.kunstgriff.net\/index.php?rest_route=\/wp\/v2\/posts"}],"about":[{"href":"https:\/\/blog.kunstgriff.net\/index.php?rest_route=\/wp\/v2\/types\/post"}],"author":[{"embeddable":true,"href":"https:\/\/blog.kunstgriff.net\/index.php?rest_route=\/wp\/v2\/users\/2"}],"replies":[{"embeddable":true,"href":"https:\/\/blog.kunstgriff.net\/index.php?rest_route=%2Fwp%2Fv2%2Fcomments&post=1934"}],"version-history":[{"count":0,"href":"https:\/\/blog.kunstgriff.net\/index.php?rest_route=\/wp\/v2\/posts\/1934\/revisions"}],"wp:attachment":[{"href":"https:\/\/blog.kunstgriff.net\/index.php?rest_route=%2Fwp%2Fv2%2Fmedia&parent=1934"}],"wp:term":[{"taxonomy":"category","embeddable":true,"href":"https:\/\/blog.kunstgriff.net\/index.php?rest_route=%2Fwp%2Fv2%2Fcategories&post=1934"},{"taxonomy":"post_tag","embeddable":true,"href":"https:\/\/blog.kunstgriff.net\/index.php?rest_route=%2Fwp%2Fv2%2Ftags&post=1934"}],"curies":[{"name":"wp","href":"https:\/\/api.w.org\/{rel}","templated":true}]}}