{"id":19418,"date":"2019-05-26T17:00:20","date_gmt":"2019-05-26T15:00:20","guid":{"rendered":"https:\/\/blog.kunstgriff.net\/?p=19418"},"modified":"2019-05-26T17:09:34","modified_gmt":"2019-05-26T15:09:34","slug":"paewesin-runde-03","status":"publish","type":"post","link":"https:\/\/blog.kunstgriff.net\/?p=19418","title":{"rendered":"P\u00e4wesin-Runde #03"},"content":{"rendered":"<span class=\"span-reading-time rt-reading-time\" style=\"display: block;\"><span class=\"rt-label rt-prefix\">Lesezeit: <\/span> <span class=\"rt-time\"> &lt; 1<\/span> <span class=\"rt-label rt-postfix\">Minute<\/span><\/span><h4>Mit Stefan und Manne nach P\u00e4wesin<\/h4>\n<hr \/>\n<p>Da gestern schon <em>Draussen-Fahren<\/em> ausgefallen war, wollte ich heute unbedingt den Renner bewegen. Die Nacht war zwar kurz, aber Mannes Aufruf zu einer gem\u00fctlichen Runde nach Fehrbellin klang zu verlockend. Stefan H. hat ja auch immer Lust auf Kuchen im westlichen Havelland und so wollten wir zu dritt den <em>Kuchen-Hunni<\/em> unter die R\u00e4der nehmen.<\/p>\n<p>Treffpunkt und Fahrstrecke war leicht modifiziert, aber Abwechslung schadet ja nie und neue Strecken kennen lernen ist auch nach meinem Geschmack. Stefan H. \u00fcbernahm die F\u00fchrung raus aus der Stadt und wollte sie auch nicht mehr abgeben. Sehr beindruckend, besonders weil es richtig starken Gegenwind gab. Dieser ging exakt bis zur Kuchentheken. Trotzdem hatten wir bis dorthin einen 30er-Schnitt. W\u00e4re ich diese Sektoren heute alleine gefahren, ich w\u00e4hre elendig <del>verreckt<\/del> verk\u00fcmmert. <em>Mega-Kudos<\/em> auf diesem Weg an Stefan! Manne war auch sichtlich beeindruckt von der Fitness meines Wassertr\u00e4gers.<\/p>\n<p>Die Schlange im Backwahn war heute \u00fcberschaubar und so kamen wir schnell zu unserem Kuchenteller. Nach guten Gespr\u00e4chen ging es dann mit ordentlich R\u00fcckenwind in Richtung Wustermark. Beeindruckend mit welcher relativen Leichtigkeit man doch 50 km\/h auf dem Rad fahren kann. Aber irgendwann war auch dieser Bonus, zumindest bei mir, verbraucht und ich musste ganz sch\u00f6n k\u00e4mpfen, den Weg in die Hauptstadt zur\u00fcck zu finden. Manne zeigte uns dann noch einen klasse verkehrsarmen, gr\u00fcnen Weg durch Spandau, der uns geradewegs zur\u00fcck zum Rathaus brachte.<\/p>\n<p>Klasse Sonntag auf dem Renner, mit grossem Sport und super Begleitung! Danke f\u00fcrs Mitnehmen, M\u00e4nner!<\/p>\n<p><iframe height='405' width='590' frameborder='0' allowtransparency='true' scrolling='no' src='https:\/\/www.strava.com\/activities\/2399176420\/embed\/6bc8128ffaf06c3a8efd708abfefc1b7dcba568c'><\/iframe><\/p>\n<div class=\"tiled-gallery type-rectangular tiled-gallery-unresized\" data-original-width=\"525\" data-carousel-extra='{&quot;blog_id&quot;:1,&quot;permalink&quot;:&quot;https:\\\/\\\/blog.kunstgriff.net\\\/?p=19418&quot;,&quot;likes_blog_id&quot;:127394879}' itemscope itemtype=\"http:\/\/schema.org\/ImageGallery\" > <div class=\"gallery-row\" style=\"width: 525px; height: 235px;\" data-original-width=\"525\" data-original-height=\"235\" > <div class=\"gallery-group images-1\" style=\"width: 351px; height: 235px;\" data-original-width=\"351\" data-original-height=\"235\" > <div class=\"tiled-gallery-item tiled-gallery-item-large\" itemprop=\"associatedMedia\" itemscope itemtype=\"http:\/\/schema.org\/ImageObject\"> <a href=\"https:\/\/i0.wp.com\/blog.kunstgriff.net\/wp-content\/uploads\/2019\/05\/Hinter-Priort.jpg?ssl=1\" border=\"0\" itemprop=\"url\"> <meta itemprop=\"width\" content=\"347\"> <meta itemprop=\"height\" content=\"231\"> <img decoding=\"async\" class=\"\" data-attachment-id=\"19417\" data-orig-file=\"https:\/\/blog.kunstgriff.net\/wp-content\/uploads\/2019\/05\/Hinter-Priort.jpg\" data-orig-size=\"2500,1667\" data-comments-opened=\"1\" data-image-meta=\"{&quot;aperture&quot;:&quot;2.8&quot;,&quot;credit&quot;:&quot;&quot;,&quot;camera&quot;:&quot;TG-4&quot;,&quot;caption&quot;:&quot;OLYMPUS DIGITAL CAMERA&quot;,&quot;created_timestamp&quot;:&quot;1558870447&quot;,&quot;copyright&quot;:&quot;&quot;,&quot;focal_length&quot;:&quot;4.5&quot;,&quot;iso&quot;:&quot;100&quot;,&quot;shutter_speed&quot;:&quot;0.0015625&quot;,&quot;title&quot;:&quot;OLYMPUS DIGITAL CAMERA&quot;,&quot;orientation&quot;:&quot;1&quot;}\" data-image-title=\"Hinter Priort\" data-image-description=\"\" data-medium-file=\"https:\/\/i0.wp.com\/blog.kunstgriff.net\/wp-content\/uploads\/2019\/05\/Hinter-Priort.jpg?fit=300%2C200&#038;ssl=1\" data-large-file=\"https:\/\/i0.wp.com\/blog.kunstgriff.net\/wp-content\/uploads\/2019\/05\/Hinter-Priort.jpg?fit=1024%2C683&#038;ssl=1\" src=\"https:\/\/i0.wp.com\/blog.kunstgriff.net\/wp-content\/uploads\/2019\/05\/Hinter-Priort.jpg?w=347&#038;h=231&#038;ssl=1\" srcset=\"https:\/\/i0.wp.com\/blog.kunstgriff.net\/wp-content\/uploads\/2019\/05\/Hinter-Priort.jpg?w=2500&amp;ssl=1 2500w, https:\/\/i0.wp.com\/blog.kunstgriff.net\/wp-content\/uploads\/2019\/05\/Hinter-Priort.jpg?resize=300%2C200&amp;ssl=1 300w, https:\/\/i0.wp.com\/blog.kunstgriff.net\/wp-content\/uploads\/2019\/05\/Hinter-Priort.jpg?resize=768%2C512&amp;ssl=1 768w, https:\/\/i0.wp.com\/blog.kunstgriff.net\/wp-content\/uploads\/2019\/05\/Hinter-Priort.jpg?resize=1024%2C683&amp;ssl=1 1024w, https:\/\/i0.wp.com\/blog.kunstgriff.net\/wp-content\/uploads\/2019\/05\/Hinter-Priort.jpg?w=1575&amp;ssl=1 1575w\" width=\"347\" height=\"231\" loading=\"lazy\" data-original-width=\"347\" data-original-height=\"231\" itemprop=\"http:\/\/schema.org\/image\" title=\"Hinter Priort\" alt=\"Hinter Priort\" style=\"width: 347px; height: 231px;\" \/> <\/a> <div class=\"tiled-gallery-caption\" itemprop=\"caption description\"> Hinter Priort <\/div> <\/div> <\/div> <!-- close group --> <div class=\"gallery-group images-2\" style=\"width: 174px; height: 235px;\" data-original-width=\"174\" data-original-height=\"235\" > <div class=\"tiled-gallery-item tiled-gallery-item-small\" itemprop=\"associatedMedia\" itemscope itemtype=\"http:\/\/schema.org\/ImageObject\"> <a href=\"https:\/\/i0.wp.com\/blog.kunstgriff.net\/wp-content\/uploads\/2019\/05\/Heute-man-mal-Neues.jpg?ssl=1\" border=\"0\" itemprop=\"url\"> <meta itemprop=\"width\" content=\"170\"> <meta itemprop=\"height\" content=\"114\"> <img decoding=\"async\" class=\"\" data-attachment-id=\"19416\" data-orig-file=\"https:\/\/blog.kunstgriff.net\/wp-content\/uploads\/2019\/05\/Heute-man-mal-Neues.jpg\" data-orig-size=\"2500,1667\" data-comments-opened=\"1\" data-image-meta=\"{&quot;aperture&quot;:&quot;2.8&quot;,&quot;credit&quot;:&quot;&quot;,&quot;camera&quot;:&quot;TG-4&quot;,&quot;caption&quot;:&quot;OLYMPUS DIGITAL CAMERA&quot;,&quot;created_timestamp&quot;:&quot;1558874066&quot;,&quot;copyright&quot;:&quot;&quot;,&quot;focal_length&quot;:&quot;4.5&quot;,&quot;iso&quot;:&quot;100&quot;,&quot;shutter_speed&quot;:&quot;0.00125&quot;,&quot;title&quot;:&quot;OLYMPUS DIGITAL CAMERA&quot;,&quot;orientation&quot;:&quot;1&quot;}\" data-image-title=\"Heute man mal Neues\" data-image-description=\"\" data-medium-file=\"https:\/\/i0.wp.com\/blog.kunstgriff.net\/wp-content\/uploads\/2019\/05\/Heute-man-mal-Neues.jpg?fit=300%2C200&#038;ssl=1\" data-large-file=\"https:\/\/i0.wp.com\/blog.kunstgriff.net\/wp-content\/uploads\/2019\/05\/Heute-man-mal-Neues.jpg?fit=1024%2C683&#038;ssl=1\" src=\"https:\/\/i0.wp.com\/blog.kunstgriff.net\/wp-content\/uploads\/2019\/05\/Heute-man-mal-Neues.jpg?w=170&#038;h=114&#038;ssl=1\" srcset=\"https:\/\/i0.wp.com\/blog.kunstgriff.net\/wp-content\/uploads\/2019\/05\/Heute-man-mal-Neues.jpg?w=2500&amp;ssl=1 2500w, https:\/\/i0.wp.com\/blog.kunstgriff.net\/wp-content\/uploads\/2019\/05\/Heute-man-mal-Neues.jpg?resize=300%2C200&amp;ssl=1 300w, https:\/\/i0.wp.com\/blog.kunstgriff.net\/wp-content\/uploads\/2019\/05\/Heute-man-mal-Neues.jpg?resize=768%2C512&amp;ssl=1 768w, https:\/\/i0.wp.com\/blog.kunstgriff.net\/wp-content\/uploads\/2019\/05\/Heute-man-mal-Neues.jpg?resize=1024%2C683&amp;ssl=1 1024w, https:\/\/i0.wp.com\/blog.kunstgriff.net\/wp-content\/uploads\/2019\/05\/Heute-man-mal-Neues.jpg?w=1575&amp;ssl=1 1575w\" width=\"170\" height=\"114\" loading=\"lazy\" data-original-width=\"170\" data-original-height=\"114\" itemprop=\"http:\/\/schema.org\/image\" title=\"Heute man mal Neues\" alt=\"Heute man mal Neues\" style=\"width: 170px; height: 114px;\" \/> <\/a> <div class=\"tiled-gallery-caption\" itemprop=\"caption description\"> Heute man mal Neues <\/div> <\/div> <div class=\"tiled-gallery-item tiled-gallery-item-small\" itemprop=\"associatedMedia\" itemscope itemtype=\"http:\/\/schema.org\/ImageObject\"> <a href=\"https:\/\/i0.wp.com\/blog.kunstgriff.net\/wp-content\/uploads\/2019\/05\/Grinsen-dank-R%C3%BCckenwindes.jpg?ssl=1\" border=\"0\" itemprop=\"url\"> <meta itemprop=\"width\" content=\"170\"> <meta itemprop=\"height\" content=\"113\"> <img decoding=\"async\" class=\"\" data-attachment-id=\"19415\" data-orig-file=\"https:\/\/blog.kunstgriff.net\/wp-content\/uploads\/2019\/05\/Grinsen-dank-R\u00fcckenwindes.jpg\" data-orig-size=\"2500,1667\" data-comments-opened=\"1\" data-image-meta=\"{&quot;aperture&quot;:&quot;8&quot;,&quot;credit&quot;:&quot;&quot;,&quot;camera&quot;:&quot;TG-4&quot;,&quot;caption&quot;:&quot;OLYMPUS DIGITAL CAMERA&quot;,&quot;created_timestamp&quot;:&quot;1558876754&quot;,&quot;copyright&quot;:&quot;&quot;,&quot;focal_length&quot;:&quot;4.5&quot;,&quot;iso&quot;:&quot;100&quot;,&quot;shutter_speed&quot;:&quot;0.004&quot;,&quot;title&quot;:&quot;OLYMPUS DIGITAL CAMERA&quot;,&quot;orientation&quot;:&quot;1&quot;}\" data-image-title=\"Grinsen, dank R\u00fcckenwindes\" data-image-description=\"\" data-medium-file=\"https:\/\/i0.wp.com\/blog.kunstgriff.net\/wp-content\/uploads\/2019\/05\/Grinsen-dank-R%C3%BCckenwindes.jpg?fit=300%2C200&#038;ssl=1\" data-large-file=\"https:\/\/i0.wp.com\/blog.kunstgriff.net\/wp-content\/uploads\/2019\/05\/Grinsen-dank-R%C3%BCckenwindes.jpg?fit=1024%2C683&#038;ssl=1\" src=\"https:\/\/i0.wp.com\/blog.kunstgriff.net\/wp-content\/uploads\/2019\/05\/Grinsen-dank-R%C3%BCckenwindes.jpg?w=170&#038;h=113&#038;ssl=1\" width=\"170\" height=\"113\" loading=\"lazy\" data-original-width=\"170\" data-original-height=\"113\" itemprop=\"http:\/\/schema.org\/image\" title=\"Grinsen, dank R\u00fcckenwindes\" alt=\"Grinsen, dank R\u00fcckenwindes\" style=\"width: 170px; height: 113px;\" \/> <\/a> <div class=\"tiled-gallery-caption\" itemprop=\"caption description\"> Grinsen, dank R\u00fcckenwindes <\/div> <\/div> <\/div> <!-- close group --> <\/div> <!-- close row --> <\/div>\n","protected":false},"excerpt":{"rendered":"<p>Mit Stefan und Manne nach P\u00e4wesin Da gestern schon Draussen-Fahren ausgefallen war, wollte ich heute unbedingt den Renner bewegen. Die Nacht war zwar kurz, aber Mannes Aufruf zu einer gem\u00fctlichen Runde nach Fehrbellin klang zu verlockend. Stefan H. hat ja auch immer Lust auf Kuchen im westlichen Havelland und so wollten wir zu dritt den &hellip; <\/p>\n<p class=\"link-more\"><a href=\"https:\/\/blog.kunstgriff.net\/?p=19418\" class=\"more-link\"><span class=\"screen-reader-text\">\u201eP\u00e4wesin-Runde #03\u201c <\/span>weiterlesen<\/a><\/p>\n","protected":false},"author":2,"featured_media":19415,"comment_status":"open","ping_status":"open","sticky":false,"template":"","format":"standard","meta":{"jetpack_post_was_ever_published":false,"_jetpack_newsletter_access":"","_jetpack_dont_email_post_to_subs":false,"_jetpack_newsletter_tier_id":0,"_jetpack_memberships_contains_paywalled_content":false,"_jetpack_memberships_contains_paid_content":false,"footnotes":""},"categories":[34,14,7],"tags":[],"class_list":["post-19418","post","type-post","status-publish","format-standard","has-post-thumbnail","hentry","category-cake-ride","category-radfahren","category-rennradfahren"],"jetpack_featured_media_url":"https:\/\/i0.wp.com\/blog.kunstgriff.net\/wp-content\/uploads\/2019\/05\/Grinsen-dank-R%C3%BCckenwindes.jpg?fit=2500%2C1667&ssl=1","jetpack_shortlink":"https:\/\/wp.me\/p8Cxe7-53c","jetpack-related-posts":[{"id":20046,"url":"https:\/\/blog.kunstgriff.net\/?p=20046","url_meta":{"origin":19418,"position":0},"title":"P\u00e4wesin-Runde #08","author":"Georg","date":"September 1, 2019","format":false,"excerpt":"Cakeride in der Sommerhitze Nach der, doch recht anstrengenden, gestrigen Hitze-Schlacht, wollte ich es heute eigentlich ein wenig ruhiger angehen lassen. Mit Stefan H. nach P\u00e4wesin zu fahren, war daf\u00fcr wohl nicht der beste Plan. Als dritter Mann sprang dann noch der Manne ein und so ging es gut gelaunt\u2026","rel":"","context":"In &quot;Cake-Ride&quot;","block_context":{"text":"Cake-Ride","link":"https:\/\/blog.kunstgriff.net\/?cat=34"},"img":{"alt_text":"Toskana Brandenburgs","src":"https:\/\/i0.wp.com\/blog.kunstgriff.net\/wp-content\/uploads\/2019\/09\/Toskana-Brandenburgs.jpg?fit=1200%2C800&ssl=1&resize=350%2C200","width":350,"height":200,"srcset":"https:\/\/i0.wp.com\/blog.kunstgriff.net\/wp-content\/uploads\/2019\/09\/Toskana-Brandenburgs.jpg?fit=1200%2C800&ssl=1&resize=350%2C200 1x, https:\/\/i0.wp.com\/blog.kunstgriff.net\/wp-content\/uploads\/2019\/09\/Toskana-Brandenburgs.jpg?fit=1200%2C800&ssl=1&resize=525%2C300 1.5x, https:\/\/i0.wp.com\/blog.kunstgriff.net\/wp-content\/uploads\/2019\/09\/Toskana-Brandenburgs.jpg?fit=1200%2C800&ssl=1&resize=700%2C400 2x, https:\/\/i0.wp.com\/blog.kunstgriff.net\/wp-content\/uploads\/2019\/09\/Toskana-Brandenburgs.jpg?fit=1200%2C800&ssl=1&resize=1050%2C600 3x"},"classes":[]},{"id":18274,"url":"https:\/\/blog.kunstgriff.net\/?p=18274","url_meta":{"origin":19418,"position":1},"title":"P\u00e4wesin-Runde #4","author":"Georg","date":"Juli 15, 2018","format":false,"excerpt":"Kuchen-Hunni mit Alex Nachdem ich ja gestern etwas l\u00e4nger unterwegs war, wollte ich heute auch fahren, aber nur eine etwas k\u00fcrzere Runde. Alex wollte auch mal wieder nach P\u00e4wesin zum Backwahn und so stand der Plan. Obwohl wir diese Runde auf Cake-Ride annonciert, fanden sich keine weiteren MitfahrerInnen. Schade. Um\u2026","rel":"","context":"In &quot;Cake-Ride&quot;","block_context":{"text":"Cake-Ride","link":"https:\/\/blog.kunstgriff.net\/?cat=34"},"img":{"alt_text":"","src":"https:\/\/i0.wp.com\/blog.kunstgriff.net\/wp-content\/uploads\/2018\/07\/Den-Karsten-eingesammelt.jpg?fit=1200%2C800&ssl=1&resize=350%2C200","width":350,"height":200,"srcset":"https:\/\/i0.wp.com\/blog.kunstgriff.net\/wp-content\/uploads\/2018\/07\/Den-Karsten-eingesammelt.jpg?fit=1200%2C800&ssl=1&resize=350%2C200 1x, https:\/\/i0.wp.com\/blog.kunstgriff.net\/wp-content\/uploads\/2018\/07\/Den-Karsten-eingesammelt.jpg?fit=1200%2C800&ssl=1&resize=525%2C300 1.5x, https:\/\/i0.wp.com\/blog.kunstgriff.net\/wp-content\/uploads\/2018\/07\/Den-Karsten-eingesammelt.jpg?fit=1200%2C800&ssl=1&resize=700%2C400 2x, https:\/\/i0.wp.com\/blog.kunstgriff.net\/wp-content\/uploads\/2018\/07\/Den-Karsten-eingesammelt.jpg?fit=1200%2C800&ssl=1&resize=1050%2C600 3x"},"classes":[]},{"id":19391,"url":"https:\/\/blog.kunstgriff.net\/?p=19391","url_meta":{"origin":19418,"position":2},"title":"P\u00e4wesin-Runde #02","author":"Georg","date":"Mai 12, 2019","format":false,"excerpt":"Kaffee-Fahrt mit der portugiesischen Bruderschaft Da ich in 2019 meinen Unterlagen zufolge erst 1x in P\u00e4wesin war, kam es mir sehr gelegen, da\u00df Stefan H. heute zum besten Cake-Ride rund um Berlin aufrief. Einige kamen um 10 Uhr an den Auerbachtunnel. Der Rennrad-Ausfahrts-Treffpunkt der Hauptstadt. Taktisch w\u00e4re es klug, wenn\u2026","rel":"","context":"In &quot;Cake-Ride&quot;","block_context":{"text":"Cake-Ride","link":"https:\/\/blog.kunstgriff.net\/?cat=34"},"img":{"alt_text":"Super Bande","src":"https:\/\/i0.wp.com\/blog.kunstgriff.net\/wp-content\/uploads\/2019\/05\/Super-Bande.jpg?fit=1200%2C800&ssl=1&resize=350%2C200","width":350,"height":200,"srcset":"https:\/\/i0.wp.com\/blog.kunstgriff.net\/wp-content\/uploads\/2019\/05\/Super-Bande.jpg?fit=1200%2C800&ssl=1&resize=350%2C200 1x, https:\/\/i0.wp.com\/blog.kunstgriff.net\/wp-content\/uploads\/2019\/05\/Super-Bande.jpg?fit=1200%2C800&ssl=1&resize=525%2C300 1.5x, https:\/\/i0.wp.com\/blog.kunstgriff.net\/wp-content\/uploads\/2019\/05\/Super-Bande.jpg?fit=1200%2C800&ssl=1&resize=700%2C400 2x, https:\/\/i0.wp.com\/blog.kunstgriff.net\/wp-content\/uploads\/2019\/05\/Super-Bande.jpg?fit=1200%2C800&ssl=1&resize=1050%2C600 3x"},"classes":[]},{"id":13781,"url":"https:\/\/blog.kunstgriff.net\/?p=13781","url_meta":{"origin":19418,"position":3},"title":"P\u00e4wesin-Runde","author":"Georg","date":"Juli 24, 2016","format":false,"excerpt":"oder \u00bbMit dicken Beinen nach Westen\u00ab Nach der gestrigen, doch etwas l\u00e4ngeren Runde, wollte ich es heute ein wenig ruhiger angehen lassen. Die Touren-Angebote von Karsten und Oleg waren zwar verlockend, verlockender war heute aber, das Kuchenbuffet in P\u00e4wesin mit eigener Kraft und ohne Windschatten zu erreichen. Der war auch\u2026","rel":"","context":"In &quot;Cake-Ride&quot;","block_context":{"text":"Cake-Ride","link":"https:\/\/blog.kunstgriff.net\/?cat=34"},"img":{"alt_text":"","src":"https:\/\/i0.wp.com\/blog.kunstgriff.net\/wp-content\/uploads\/2016\/07\/Hinter-Sacrow.jpg?fit=1200%2C800&ssl=1&resize=350%2C200","width":350,"height":200,"srcset":"https:\/\/i0.wp.com\/blog.kunstgriff.net\/wp-content\/uploads\/2016\/07\/Hinter-Sacrow.jpg?fit=1200%2C800&ssl=1&resize=350%2C200 1x, https:\/\/i0.wp.com\/blog.kunstgriff.net\/wp-content\/uploads\/2016\/07\/Hinter-Sacrow.jpg?fit=1200%2C800&ssl=1&resize=525%2C300 1.5x, https:\/\/i0.wp.com\/blog.kunstgriff.net\/wp-content\/uploads\/2016\/07\/Hinter-Sacrow.jpg?fit=1200%2C800&ssl=1&resize=700%2C400 2x, https:\/\/i0.wp.com\/blog.kunstgriff.net\/wp-content\/uploads\/2016\/07\/Hinter-Sacrow.jpg?fit=1200%2C800&ssl=1&resize=1050%2C600 3x"},"classes":[]},{"id":17989,"url":"https:\/\/blog.kunstgriff.net\/?p=17989","url_meta":{"origin":19418,"position":4},"title":"P\u00e4wesin-Runde","author":"Georg","date":"Mai 21, 2018","format":false,"excerpt":"Mit Marc & Wind zum Backwahn Eigentlich f\u00e4hrt \u00bbman ja an Pfingsten in Bimbach\u00ab. Mein facebook ist zumindest voll von solchen Posts. Da ich vor 6.800 H\u00f6henmetern in zwei Touren\/Tagen in meinem Alter tats\u00e4chlich Angstschweiss nicht nur auf der Stirn bekomme, dachte ich mir, da\u00df das sicher auch in Berlin\u2026","rel":"","context":"In &quot;Cake-Ride&quot;","block_context":{"text":"Cake-Ride","link":"https:\/\/blog.kunstgriff.net\/?cat=34"},"img":{"alt_text":"","src":"https:\/\/i0.wp.com\/blog.kunstgriff.net\/wp-content\/uploads\/2018\/05\/Sehr-windig-in-Tremmen-Hill.jpg?fit=1200%2C799&ssl=1&resize=350%2C200","width":350,"height":200,"srcset":"https:\/\/i0.wp.com\/blog.kunstgriff.net\/wp-content\/uploads\/2018\/05\/Sehr-windig-in-Tremmen-Hill.jpg?fit=1200%2C799&ssl=1&resize=350%2C200 1x, https:\/\/i0.wp.com\/blog.kunstgriff.net\/wp-content\/uploads\/2018\/05\/Sehr-windig-in-Tremmen-Hill.jpg?fit=1200%2C799&ssl=1&resize=525%2C300 1.5x, https:\/\/i0.wp.com\/blog.kunstgriff.net\/wp-content\/uploads\/2018\/05\/Sehr-windig-in-Tremmen-Hill.jpg?fit=1200%2C799&ssl=1&resize=700%2C400 2x, https:\/\/i0.wp.com\/blog.kunstgriff.net\/wp-content\/uploads\/2018\/05\/Sehr-windig-in-Tremmen-Hill.jpg?fit=1200%2C799&ssl=1&resize=1050%2C600 3x"},"classes":[]},{"id":21827,"url":"https:\/\/blog.kunstgriff.net\/?p=21827","url_meta":{"origin":19418,"position":5},"title":"P\u00e4wesin-Runde #11","author":"Georg","date":"Oktober 3, 2020","format":false,"excerpt":"Kuchen - verdient! In Ermangelung von Touren-Angeboten in der N\u00e4he, entschlossen sich Stefan und ich, mal wieder nach P\u00e4wesin zu fahren. Ohne Kuchen war keine Option, deshalb: Ab ins Havelland. Der Treffpunkt und die Strecke sind bekannt, nur war heute zur Abwechslung mal richtig scharfer Ostwind (>20 km\/h). Deshalb kam\u2026","rel":"","context":"In &quot;Cake-Ride&quot;","block_context":{"text":"Cake-Ride","link":"https:\/\/blog.kunstgriff.net\/?cat=34"},"img":{"alt_text":"Haselnuss-Sahne-Torte","src":"https:\/\/i0.wp.com\/blog.kunstgriff.net\/wp-content\/uploads\/2020\/10\/IMG_2849.jpg?resize=350%2C200","width":350,"height":200,"srcset":"https:\/\/i0.wp.com\/blog.kunstgriff.net\/wp-content\/uploads\/2020\/10\/IMG_2849.jpg?resize=350%2C200 1x, https:\/\/i0.wp.com\/blog.kunstgriff.net\/wp-content\/uploads\/2020\/10\/IMG_2849.jpg?resize=525%2C300 1.5x, https:\/\/i0.wp.com\/blog.kunstgriff.net\/wp-content\/uploads\/2020\/10\/IMG_2849.jpg?resize=700%2C400 2x, https:\/\/i0.wp.com\/blog.kunstgriff.net\/wp-content\/uploads\/2020\/10\/IMG_2849.jpg?resize=1050%2C600 3x, https:\/\/i0.wp.com\/blog.kunstgriff.net\/wp-content\/uploads\/2020\/10\/IMG_2849.jpg?resize=1400%2C800 4x"},"classes":[]}],"jetpack_likes_enabled":true,"jetpack_sharing_enabled":true,"_links":{"self":[{"href":"https:\/\/blog.kunstgriff.net\/index.php?rest_route=\/wp\/v2\/posts\/19418","targetHints":{"allow":["GET"]}}],"collection":[{"href":"https:\/\/blog.kunstgriff.net\/index.php?rest_route=\/wp\/v2\/posts"}],"about":[{"href":"https:\/\/blog.kunstgriff.net\/index.php?rest_route=\/wp\/v2\/types\/post"}],"author":[{"embeddable":true,"href":"https:\/\/blog.kunstgriff.net\/index.php?rest_route=\/wp\/v2\/users\/2"}],"replies":[{"embeddable":true,"href":"https:\/\/blog.kunstgriff.net\/index.php?rest_route=%2Fwp%2Fv2%2Fcomments&post=19418"}],"version-history":[{"count":0,"href":"https:\/\/blog.kunstgriff.net\/index.php?rest_route=\/wp\/v2\/posts\/19418\/revisions"}],"wp:featuredmedia":[{"embeddable":true,"href":"https:\/\/blog.kunstgriff.net\/index.php?rest_route=\/wp\/v2\/media\/19415"}],"wp:attachment":[{"href":"https:\/\/blog.kunstgriff.net\/index.php?rest_route=%2Fwp%2Fv2%2Fmedia&parent=19418"}],"wp:term":[{"taxonomy":"category","embeddable":true,"href":"https:\/\/blog.kunstgriff.net\/index.php?rest_route=%2Fwp%2Fv2%2Fcategories&post=19418"},{"taxonomy":"post_tag","embeddable":true,"href":"https:\/\/blog.kunstgriff.net\/index.php?rest_route=%2Fwp%2Fv2%2Ftags&post=19418"}],"curies":[{"name":"wp","href":"https:\/\/api.w.org\/{rel}","templated":true}]}}