{"id":1944,"date":"2010-07-04T20:02:52","date_gmt":"2010-07-04T18:02:52","guid":{"rendered":"http:\/\/blog.kunstgriff.net\/?p=1944"},"modified":"2017-06-13T15:48:25","modified_gmt":"2017-06-13T13:48:25","slug":"sonntags-tour-zum-scharmutzelsee","status":"publish","type":"post","link":"https:\/\/blog.kunstgriff.net\/?p=1944","title":{"rendered":"Sonntags-Tour zum Scharm\u00fctzelsee"},"content":{"rendered":"<span class=\"span-reading-time rt-reading-time\" style=\"display: block;\"><span class=\"rt-label rt-prefix\">Lesezeit: <\/span> <span class=\"rt-time\"> 3<\/span> <span class=\"rt-label rt-postfix\">Minuten<\/span><\/span><h4>oder &#8222;Der Garmin weiss nicht immer den rechten Weg&#8220;<\/h4>\n<hr \/>\n<p>Heute hatte Ralf H. von <a href=\"http:\/\/www.rennradtraining.de\/\">Rennradtraining<\/a> zu dieser Tour an den Scharm\u00fctzelsee aufgerufen. Es ging erst recht sp\u00e4t um 10 Uhr vom Bahnhof Neuk\u00f6lln los, zu dem ich mit der S-Bahn anreiste. Dort waren schon einige Radler versammelt: Ralf H., Antje, Dirk, Bernd, J\u00f6rg, ein Radler aus Regensburg, dessen Namen ich leider nicht weiss und Heinrich.<\/p>\n<p>Es ging raus \u00fcber die Krone und ich bemerkte ein merkw\u00fcrdiges <em>Wobbeln<\/em> an meinem Hinterrad. Es machte den Eindruck als h\u00e4tte der Mantel einen Produktionsfehler oder eine Speiche locker. Nach einer visuellen Kontrolle konnte ich aber keinen Fehler finden.<\/p>\n<p>So ging es hoch auf den <a href=\"http:\/\/de.wikipedia.org\/wiki\/M\u00fcggelberge\" target=\"_blank\">M\u00fcggelberg<\/a>. Dort war ich noch nie und so lernte ich heute einen neue Erh\u00f6hung der Hauptstadt kennen. Weiter ging es auf relativ direktem Weg nach Bad Saarow am Scharm\u00fctzelsee. Ich war dort schon einmal mit dem Rad bei einer RTF, das noble Ambiente dieses sch\u00f6nen Ortes erstaunte mich aber erneut.<\/p>\n<p>Nun war es an der Zeit f\u00fcr eine Einkehr, denn alle wollten bei der Hitze nur eins:<em> Eis<\/em>. Nach der St\u00e4rkung in einem Caf\u00e9 an schattigen Tischen ging es weiter um den See. Meine Beine f\u00fchlten sich gut an und so ging ich wieder in die F\u00fchrung, als es auf einmal einen wirklich lauten Knall tat und ich auf meiner Felge fuhr. Ich bef\u00fcrchtete das Schlimmste, das der Mantel geborsten war. Dieser war aber zum Gl\u00fcck unbesch\u00e4digt und nur den Schlauch zierte ein etwa 5 cm langer Riss. Sowas ist mir auch noch nicht passiert! Nun war Schlauch wechseln angesagt und nach diesem <em>Boxenstop<\/em> ging es dann ohne <em>Wobbeln<\/em> weiter. Da muss ich wohl beim letzten mal Schlauch einsetzten zuhause einen echten <em>Anf\u00e4ngerfehler<\/em> gemacht haben und den Mantel irgendwo eingeklemmt haben. <em>Wie peinlich!<\/em> Aber nun ist ja alles wieder gut. Komisch nur, das mir das gestern noch nicht aufgefallen ist, das war n\u00e4mlich die erste Ausfahrt mit dem neuen Mantel und Schlauch hinten.<\/p>\n<p><a href=\"https:\/\/i0.wp.com\/blog.kunstgriff.net\/wp-content\/uploads\/2010\/07\/Bildschirmfoto-2010-07-04-um-19.37.13.png\"><img data-recalc-dims=\"1\" loading=\"lazy\" decoding=\"async\" data-attachment-id=\"1949\" data-permalink=\"https:\/\/blog.kunstgriff.net\/?attachment_id=1949\" data-orig-file=\"https:\/\/i0.wp.com\/blog.kunstgriff.net\/wp-content\/uploads\/2010\/07\/Bildschirmfoto-2010-07-04-um-19.37.13.png?fit=359%2C255&amp;ssl=1\" data-orig-size=\"359,255\" data-comments-opened=\"1\" data-image-meta=\"{&quot;aperture&quot;:&quot;0&quot;,&quot;credit&quot;:&quot;&quot;,&quot;camera&quot;:&quot;&quot;,&quot;caption&quot;:&quot;&quot;,&quot;created_timestamp&quot;:&quot;0&quot;,&quot;copyright&quot;:&quot;&quot;,&quot;focal_length&quot;:&quot;0&quot;,&quot;iso&quot;:&quot;0&quot;,&quot;shutter_speed&quot;:&quot;0&quot;,&quot;title&quot;:&quot;&quot;}\" data-image-title=\"Bildschirmfoto 2010-07-04 um 19.37.13\" data-image-description=\"\" data-image-caption=\"\" data-large-file=\"https:\/\/i0.wp.com\/blog.kunstgriff.net\/wp-content\/uploads\/2010\/07\/Bildschirmfoto-2010-07-04-um-19.37.13.png?fit=359%2C255&amp;ssl=1\" class=\"alignleft size-full wp-image-1949\" style=\"margin: 5px; border: 5px solid white;\" title=\"Bildschirmfoto 2010-07-04 um 19.37.13\" src=\"https:\/\/i0.wp.com\/blog.kunstgriff.net\/wp-content\/uploads\/2010\/07\/Bildschirmfoto-2010-07-04-um-19.37.13.png?resize=359%2C255\" alt=\"\" width=\"359\" height=\"255\" srcset=\"https:\/\/i0.wp.com\/blog.kunstgriff.net\/wp-content\/uploads\/2010\/07\/Bildschirmfoto-2010-07-04-um-19.37.13.png?w=359&amp;ssl=1 359w, https:\/\/i0.wp.com\/blog.kunstgriff.net\/wp-content\/uploads\/2010\/07\/Bildschirmfoto-2010-07-04-um-19.37.13.png?resize=300%2C213&amp;ssl=1 300w\" sizes=\"auto, (max-width: 359px) 100vw, 359px\" \/><\/a>In Reichenwalde trennten wir uns und Bernd und ich wollten einen anderen Weg in den Westen der Hauptstadt nehmen. Ich hatte keine Lust, von Neuk\u00f6lln einmal quer durch die Stadt nach Hause zu fahren, au\u00dferdem kamen mir ein paar extra Kilometer gerade recht. Bernd wollte mit mir mitfahren, war aber schon ein wenig grau und so nahm ich ihn in den Windschatten und legte los. Die Route war schon zuhause geplant, allerdings habe ich wohl zu wenig Wegepunkte gesetzt und so wollte uns der <a href=\"http:\/\/www.amazon.de\/gp\/product\/B001690VC6\/ref=as_li_ss_tl?ie=UTF8&#038;tag=gaba08-21&#038;linkCode=as2&#038;camp=1638&#038;creative=19454&#038;creativeASIN=B001690VC6\">Garmin Edge 705<\/a><img loading=\"lazy\" decoding=\"async\" src=\"http:\/\/www.assoc-amazon.de\/e\/ir?t=&#038;l=as2&#038;o=3&#038;a=B001690VC6\" width=\"1\" height=\"1\" border=\"0\" alt=\"\" style=\"border:none !important; margin:0px !important;\" \/> \u00fcber Feldwege leiten. Jetzt musste eine Nase gefahren werden. Nun wurde es auch f\u00fcr mich sehr anstrengend und ich h\u00e4tte mir ein wenig Abwechslung bei der F\u00fchrungsarbeit gew\u00fcnscht. Bei Brusendorf kam uns Heiko K. entgegen, der wendete um einen kurzen Plausch mit mir zu halten. Bernd war schon alleine weiter gefahren.<\/p>\n<p>Vor Diedersdorf hatte ich dann Bernd wieder eingeholt und bog nun alleine nach Birkholz ab. Dort ging es auf die neu gebaute Autostra\u00dfe. Das K<a href=\"http:\/\/de.wikipedia.org\/wiki\/Datei:Zeichen_331.svg\" target=\"_blank\">raftfahrstra\u00dfen-Schild<\/a> war noch durchgestrichen, aber auch ein <a href=\"http:\/\/de.wikipedia.org\/wiki\/Datei:Zeichen_254.svg\" target=\"_blank\">Fahrradfahren Verboten Schild<\/a> war angebracht. Ich entschied mich jedoch f\u00fcr eine letzte Fahrt auf dem Standstreifen \u00fcber diese sch\u00f6ne Stra\u00dfe. Ein fahrbahnbegleitender Radweg war leider nicht zu sehen. Da haben die Verkehrsplaner wohl was vergessen. Sehr unsch\u00f6n.<\/p>\n<p>Meine Flaschen waren nun schon wieder leer. Ich hatte bereits 5 Liter getrunken und musste nachtanken. An einer Tankstelle in Teltow gab es dann zum letzten mal einen <em>Refill<\/em> mit Apfelsaft, verd\u00fcnnt mit <em>kaltem klarem Wasser.<\/em><\/p>\n<p>Als ich die Berliner Stadtgrenze erreicht war ich heute doch ein wenig erleichtert, denn ich h\u00e4tte keinen weiteren Schlauch dabei gehabt. Jetzt war nur noch der Grunewald zu durchquerend. 170 km bei der Hitze waren dann doch kr\u00e4ftezehrender als ich erwartet hatte.<\/p>\n<p><iframe height='405' width='590' frameborder='0' allowtransparency='true' scrolling='no' src='https:\/\/www.strava.com\/activities\/1034520789\/embed\/b7c605c968a77cbbb9b8664417028fe77f67bb73'><\/iframe><\/p>\n","protected":false},"excerpt":{"rendered":"<p>oder &#8222;Der Garmin weiss nicht immer den rechten Weg&#8220; Heute hatte Ralf H. von Rennradtraining zu dieser Tour an den Scharm\u00fctzelsee aufgerufen. Es ging erst recht sp\u00e4t um 10 Uhr vom Bahnhof Neuk\u00f6lln los, zu dem ich mit der S-Bahn anreiste. Dort waren schon einige Radler versammelt: Ralf H., Antje, Dirk, Bernd, J\u00f6rg, ein Radler &hellip; <\/p>\n<p class=\"link-more\"><a href=\"https:\/\/blog.kunstgriff.net\/?p=1944\" class=\"more-link\"><span class=\"screen-reader-text\">\u201eSonntags-Tour zum Scharm\u00fctzelsee\u201c <\/span>weiterlesen<\/a><\/p>\n","protected":false},"author":2,"featured_media":0,"comment_status":"open","ping_status":"open","sticky":false,"template":"","format":"standard","meta":{"jetpack_post_was_ever_published":false,"_jetpack_newsletter_access":"","_jetpack_dont_email_post_to_subs":false,"_jetpack_newsletter_tier_id":0,"_jetpack_memberships_contains_paywalled_content":false,"_jetpack_memberships_contains_paid_content":false,"footnotes":""},"categories":[35,14,7],"tags":[],"class_list":["post-1944","post","type-post","status-publish","format-standard","hentry","category-garmin","category-radfahren","category-rennradfahren"],"jetpack_featured_media_url":"","jetpack_shortlink":"https:\/\/wp.me\/p8Cxe7-vm","jetpack-related-posts":[{"id":5284,"url":"https:\/\/blog.kunstgriff.net\/?p=5284","url_meta":{"origin":1944,"position":0},"title":"Kurze Nordrunde \u00fcber Kremmen","author":"Georg","date":"Juli 18, 2011","format":false,"excerpt":"oder \u00bbPBZ pulverisiert\u00abZum Feierabend war ich unentschlossen, ob ich heute fahren sollte. Zum Einen f\u00fchlten sich die Beine nach der Laufeinheit gestern doch noch ein wenig m\u00fcde an, zum Anderen waren einige Regenfelder laut Regenradar im Anmarsch. Davon war aber nichts zu sehen und irgendwie\u00a0waren w\u00e4ren mir ein paar Tropfen\u2026","rel":"","context":"In &quot;Radfahren&quot;","block_context":{"text":"Radfahren","link":"https:\/\/blog.kunstgriff.net\/?cat=14"},"img":{"alt_text":"","src":"https:\/\/i0.wp.com\/blog.kunstgriff.net\/wp-content\/uploads\/2011\/07\/gewonnen1.png?resize=350%2C200","width":350,"height":200},"classes":[]},{"id":3698,"url":"https:\/\/blog.kunstgriff.net\/?p=3698","url_meta":{"origin":1944,"position":1},"title":"In die Rauener-Berge","author":"Georg","date":"Februar 26, 2011","format":false,"excerpt":"oder \"Winterausfahrt mit der Rennradliste\" Heute sollte mich meine Rennradbegeisterung mal wieder an den S-Bhf. Neuk\u00f6lln verschlagen, denn Ralf H. von der Rennradliste.de hatte zu einer gemeinsamen Ausfahrt gerufen. Als ich um 10 vor 10 aus der relativ warmen U-Bahn am Treffpunkt ankam, war noch niemand dort. Schnell kamen aber\u2026","rel":"","context":"In &quot;Radfahren&quot;","block_context":{"text":"Radfahren","link":"https:\/\/blog.kunstgriff.net\/?cat=14"},"img":{"alt_text":"","src":"https:\/\/i0.wp.com\/blog.kunstgriff.net\/wp-content\/uploads\/2011\/02\/100_0435.jpg?fit=640%2C426&ssl=1&resize=350%2C200","width":350,"height":200,"srcset":"https:\/\/i0.wp.com\/blog.kunstgriff.net\/wp-content\/uploads\/2011\/02\/100_0435.jpg?fit=640%2C426&ssl=1&resize=350%2C200 1x, https:\/\/i0.wp.com\/blog.kunstgriff.net\/wp-content\/uploads\/2011\/02\/100_0435.jpg?fit=640%2C426&ssl=1&resize=525%2C300 1.5x"},"classes":[]},{"id":10173,"url":"https:\/\/blog.kunstgriff.net\/?p=10173","url_meta":{"origin":1944,"position":2},"title":"Beetzsee-Runde","author":"Georg","date":"April 28, 2013","format":false,"excerpt":"oder \u00bbIn grosser Gruppe durchs Havelland\u00abHeute traf ich um 10:30 Uhr Alexander an der Metro um, wie schon letzten Sonntag, gemeinsam nach Falkensee zu fahren. Der Treffpunkt dort hat sich nicht nur wegen der guten Gesellschaft bew\u00e4hrt, auch wird dort sauber gefahren und es besteht wenig Gefahr zu st\u00fcrzen. Wir\u2026","rel":"","context":"In &quot;Radfahren&quot;","block_context":{"text":"Radfahren","link":"https:\/\/blog.kunstgriff.net\/?cat=14"},"img":{"alt_text":"","src":"https:\/\/i0.wp.com\/blog.kunstgriff.net\/wp-content\/uploads\/2013\/04\/Treffpunkt-Rathaus-Falkensee.jpg?fit=1000%2C750&ssl=1&resize=350%2C200","width":350,"height":200,"srcset":"https:\/\/i0.wp.com\/blog.kunstgriff.net\/wp-content\/uploads\/2013\/04\/Treffpunkt-Rathaus-Falkensee.jpg?fit=1000%2C750&ssl=1&resize=350%2C200 1x, https:\/\/i0.wp.com\/blog.kunstgriff.net\/wp-content\/uploads\/2013\/04\/Treffpunkt-Rathaus-Falkensee.jpg?fit=1000%2C750&ssl=1&resize=525%2C300 1.5x, https:\/\/i0.wp.com\/blog.kunstgriff.net\/wp-content\/uploads\/2013\/04\/Treffpunkt-Rathaus-Falkensee.jpg?fit=1000%2C750&ssl=1&resize=700%2C400 2x"},"classes":[]},{"id":6135,"url":"https:\/\/blog.kunstgriff.net\/?p=6135","url_meta":{"origin":1944,"position":3},"title":"Havellandriders-Tour zum Tag der deutschen Einheit","author":"Georg","date":"Oktober 3, 2011","format":false,"excerpt":"oder \u00bbSonnenfahrt im Havelland\u00ab [gcmap act=\"118966768\" class=\"alignright\"]Heute luden die Havellandriders zu einer Tour durchs sch\u00f6ne Havelland. Woraufhin ich mich um halb Elf, mit Christine, Alexander und Matthias aus Siemensstadt auf den Weg zum Rathaus nach Falkensee machte. Dort erwarteten uns schon eine gro\u00dfe Schar an gut bekannten Feiertags-Rennradlern. Nach freudiger\u2026","rel":"","context":"In &quot;Radfahren&quot;","block_context":{"text":"Radfahren","link":"https:\/\/blog.kunstgriff.net\/?cat=14"},"img":{"alt_text":"","src":"https:\/\/i0.wp.com\/blog.kunstgriff.net\/wp-content\/uploads\/2011\/10\/Gruppenfoto-am-Rathaus-Falkensee-300x225.jpg?resize=350%2C200","width":350,"height":200},"classes":[]},{"id":5878,"url":"https:\/\/blog.kunstgriff.net\/?p=5878","url_meta":{"origin":1944,"position":4},"title":"Durchs L\u00f6wenberger Land","author":"Georg","date":"September 11, 2011","format":false,"excerpt":"oder \u00bbSonntags-Tour in grosser Gruppe\u00ab Heute war Startzeit erst um High-Noon f\u00fcr eine Runde ins L\u00f6wenberger Land. Eigentlich zu sp\u00e4t f\u00fcr eine 100-Kilometer-Plus-Runde, aber auf die gute Gesellschaft wollte ich heute nicht verzichten und so machte ich mich erst am sp\u00e4ten Vormittag zum Rathaus Falkensee auf. Dort warteten bereits eine\u2026","rel":"","context":"In &quot;Radfahren&quot;","block_context":{"text":"Radfahren","link":"https:\/\/blog.kunstgriff.net\/?cat=14"},"img":{"alt_text":"","src":"https:\/\/i0.wp.com\/blog.kunstgriff.net\/wp-content\/uploads\/2011\/09\/Gruppenfoto-am-Rathaus-Falkensee.jpg?resize=350%2C200","width":350,"height":200,"srcset":"https:\/\/i0.wp.com\/blog.kunstgriff.net\/wp-content\/uploads\/2011\/09\/Gruppenfoto-am-Rathaus-Falkensee.jpg?resize=350%2C200 1x, https:\/\/i0.wp.com\/blog.kunstgriff.net\/wp-content\/uploads\/2011\/09\/Gruppenfoto-am-Rathaus-Falkensee.jpg?resize=525%2C300 1.5x, https:\/\/i0.wp.com\/blog.kunstgriff.net\/wp-content\/uploads\/2011\/09\/Gruppenfoto-am-Rathaus-Falkensee.jpg?resize=700%2C400 2x"},"classes":[]},{"id":2366,"url":"https:\/\/blog.kunstgriff.net\/?p=2366","url_meta":{"origin":1944,"position":5},"title":"Niederfinow-Frau K\u00fchn-Tour","author":"Georg","date":"September 11, 2010","format":false,"excerpt":"oder \"Viel Schweiss f\u00fcr ein paar Kartoffelpuffer\"Eigentlich wollte ich heute am Bodensee den Marathon fahren, aber da meine B\u00e4ren gestern so fr\u00fch los fahren wollten und ich viel Arbeit in meiner Firma zu erledigen hatte, musste dieses Event leider auf 2011 verschoben werden. Der Samstag war aber frei, das Wetter\u2026","rel":"","context":"In &quot;Rennradfahren&quot;","block_context":{"text":"Rennradfahren","link":"https:\/\/blog.kunstgriff.net\/?cat=7"},"img":{"alt_text":"","src":"","width":0,"height":0},"classes":[]}],"jetpack_likes_enabled":true,"jetpack_sharing_enabled":true,"_links":{"self":[{"href":"https:\/\/blog.kunstgriff.net\/index.php?rest_route=\/wp\/v2\/posts\/1944","targetHints":{"allow":["GET"]}}],"collection":[{"href":"https:\/\/blog.kunstgriff.net\/index.php?rest_route=\/wp\/v2\/posts"}],"about":[{"href":"https:\/\/blog.kunstgriff.net\/index.php?rest_route=\/wp\/v2\/types\/post"}],"author":[{"embeddable":true,"href":"https:\/\/blog.kunstgriff.net\/index.php?rest_route=\/wp\/v2\/users\/2"}],"replies":[{"embeddable":true,"href":"https:\/\/blog.kunstgriff.net\/index.php?rest_route=%2Fwp%2Fv2%2Fcomments&post=1944"}],"version-history":[{"count":0,"href":"https:\/\/blog.kunstgriff.net\/index.php?rest_route=\/wp\/v2\/posts\/1944\/revisions"}],"wp:attachment":[{"href":"https:\/\/blog.kunstgriff.net\/index.php?rest_route=%2Fwp%2Fv2%2Fmedia&parent=1944"}],"wp:term":[{"taxonomy":"category","embeddable":true,"href":"https:\/\/blog.kunstgriff.net\/index.php?rest_route=%2Fwp%2Fv2%2Fcategories&post=1944"},{"taxonomy":"post_tag","embeddable":true,"href":"https:\/\/blog.kunstgriff.net\/index.php?rest_route=%2Fwp%2Fv2%2Ftags&post=1944"}],"curies":[{"name":"wp","href":"https:\/\/api.w.org\/{rel}","templated":true}]}}