{"id":1964,"date":"2010-07-10T22:20:50","date_gmt":"2010-07-10T20:20:50","guid":{"rendered":"http:\/\/blog.kunstgriff.net\/?p=1964"},"modified":"2017-06-13T15:35:47","modified_gmt":"2017-06-13T13:35:47","slug":"gros-glockner-hochstrasse","status":"publish","type":"post","link":"https:\/\/blog.kunstgriff.net\/?p=1964","title":{"rendered":"Gro\u00df Glockner Hochstrasse"},"content":{"rendered":"<span class=\"span-reading-time rt-reading-time\" style=\"display: block;\"><span class=\"rt-label rt-prefix\">Lesezeit: <\/span> <span class=\"rt-time\"> 3<\/span> <span class=\"rt-label rt-postfix\">Minuten<\/span><\/span><h4>oder &#8222;Ohne Hochalpen feht Dir was&#8220;<\/h4>\n<hr \/>\n<p>Heute war f\u00fcr mich ja eine echte Premiere geplant: <em>Ich wollte und sollte zum ersten mal in meinem Leben mit dem Rennrad in den Hochalpen fahren!<\/em><\/p>\n<p>Die Vorfreude war fast wie bei einem kleinen Kind vor Heilig Abend! Aber auch die \u00fcbliche Nervosit\u00e4t begann, je weiter wir mit Thomas G&#8217;s 1er der \u00f6sterreichischen Grenze und der Gro\u00df Glockner Hochstrasse kamen.<\/p>\n<p>Nach rund 2 Stunden Fahrt erreichten wir Fusch, wo wir den Wagen parkten und unsere R\u00e4der bergfertig machten. Thomas versprach mir das wir erst einmal einrollen w\u00fcrden. Dem war aber nicht so und es ging gleich mit 5 bis 7% hoch zur Tal-Maut-Stelle der Gro\u00df Glockner Hochstrasse.<\/p>\n<p>Thomas verschwand schnell und es best\u00e4tigte sich wieder einmal, das Berge einfach nicht mein Revier sind. An der Maut-Station wartete er auf mich. Ich schaute mir den \u00f6sterreichischen Stop-O-Mat an, welcher kostenpflichtig und defekt war, dann ging es los auf eine Rampe, welche gleich zeigte wo es die n\u00e4chsten 13 km lang gehen wir: Nach oben und immer zweistellig, erstmal standen kontinuierlich 10% Steigung auf dem Garmin.<\/p>\n<p>Das lie\u00df sich ok an, denn ich dachte, das es sicher bald wieder flachere Passagen zur Regeneration geben w\u00fcrde. Aber ich hatte die Rechnung ohne den Wirt gemacht: Das hier ist ein Hochalpen-Pass und kein Wunschkonzert: Nur in den engen Kehren war die Stra\u00dfe flach. Zu wenig Zeit zum regenerieren aber genug Zeit einen gro\u00dfen Schluck aus der Getr\u00e4nkeflasche zu nehmen, denn es war Mittag und die Sonne schien gnadenlos. Das grandiose Alpenpanorama und der wenige Verkehr stimmten mich aber sehr positiv und lie\u00df die Strapazen, den Schwei\u00df und die brennenden Beine schnell vergessen und mich zu meinem Fluss finden. Leider konnte ich zu keinem Zeitpunkt den Gipfel oder die Edelweissh\u00fctte am Ende des Passes sehen und musste einfach darauf hoffen, das nach der n\u00e4chsten Kehre weit \u00fcber mir eine H\u00fctte zu sehen sein wird. Dem sollte aber f\u00fcr die n\u00e4chsten 90 Minuten nicht so sein: Es ging einfach immer im zweistelligen Prozentbereich aufw\u00e4rts. Ohne Gnade, ohne Schn\u00f6rkel. <em>Das<\/em> war neu f\u00fcr mich.<\/p>\n<p>Die Kehren hatten nun Namen und Nummern. Auch waren die H\u00f6henmeter angegeben. Leider wusste ich aber nicht, wie weit es noch sein w\u00fcrde. Ich brauchte nun dringend einen dieser Strohhalme, die mir helfen k\u00f6nnten das Kopfkino am Laufen zu halten. Da entdeckte ich an einem der Kehrenschilder ein kleines rotes Email-Schild, welches auf eine Radveranstaltung aufmerksam machte und das es noch 6,9 km seien.&nbsp;Ich \u00fcberlegte wieviel Kehren, H\u00f6henmeter, Kurbelumdrehungen das wohl noch sein werden: das Kopfkino lief wieder.<\/p>\n<p>Dann nach gut 100 Minuten war die Qual fast beendet und ich war am Hochplateau, wo wir kaltes Iso-Getr\u00e4nk und Pepsi-Cola f\u00fcr 1,60 \u20ac kauften. Sehr preiswert f\u00fcr 2.415 m \u00fc. d. M. Nun stand uns noch ein kurzes knackiger Anstieg \u00fcber Kopfsteinpflaster bevor, der uns zur <a href=\"http:\/\/www.edelweissspitze.at\/geschichte.htm\" target=\"_blank\" rel=\"noopener\">Edelweissh\u00fctte<\/a> f\u00fchren sollte.<\/p>\n<p>Dort gab es dann f\u00fcr Thomas Speckkn\u00f6del und f\u00fcr mich Kaiserschmarn, ein <em>Russ<\/em> wurde auch getrunken und dann die herrliche Abfahrt zur\u00fcck nach Fusch in Angriff genommen. Auf den langen Geraden lie\u00df ich es einfach rollen und beschleunigte ohne M\u00fche auf 85 km\/h. Die \u00fcbersichtlichen Kehren mit tollem Asphalt konnten schnell gefahren werden. Es zahlt sich doch aus, wenn Auto und Motorradfahrer f\u00fcr die Stra\u00dfenerhaltung in Form von Maut zur Kasse gebeten werden!<\/p>\n<p>Kurz vor dem Tal passierten wir noch ein Verkehrskommando, welches die \u00dcberreste eines Motorradunfalls von der Stra\u00dfe r\u00e4umte. Der Anblick <em>groundete<\/em> mich dann doch ein wenig und ich nahm raus und reduzierte das Tempo.<\/p>\n<p>In Fusch wurden die R\u00e4der verladen und die &nbsp;R\u00fcckfahrt nach M\u00fcnchen angetreten.<\/p>\n<p>Ein herrlicher Tag in <em>echten<\/em> Bergen, eigentlich dachte ich eine 43 km lange Radtour k\u00f6nne mich nicht fordern &#8211; ich wurde eines Besseren belehrt. <em>Danke Thomas.<\/em><\/p>\n<h4><\/h4>\n<div class=\"tiled-gallery type-rectangular tiled-gallery-unresized\" data-original-width=\"525\" data-carousel-extra='{&quot;blog_id&quot;:1,&quot;permalink&quot;:&quot;https:\\\/\\\/blog.kunstgriff.net\\\/?p=1964&quot;,&quot;likes_blog_id&quot;:127394879}' itemscope itemtype=\"http:\/\/schema.org\/ImageGallery\" > <div class=\"gallery-row\" style=\"width: 525px; height: 242px;\" data-original-width=\"525\" data-original-height=\"242\" > <div class=\"gallery-group images-1\" style=\"width: 183px; height: 242px;\" data-original-width=\"183\" data-original-height=\"242\" > <div class=\"tiled-gallery-item tiled-gallery-item-small\" itemprop=\"associatedMedia\" itemscope itemtype=\"http:\/\/schema.org\/ImageObject\"> <a href=\"https:\/\/i0.wp.com\/blog.kunstgriff.net\/wp-content\/uploads\/2010\/07\/IMG_0010.jpg?ssl=1\" border=\"0\" itemprop=\"url\"> <meta itemprop=\"width\" content=\"179\"> <meta itemprop=\"height\" content=\"238\"> <img decoding=\"async\" class=\"\" data-attachment-id=\"1971\" data-orig-file=\"https:\/\/blog.kunstgriff.net\/wp-content\/uploads\/2010\/07\/IMG_0010.jpg\" data-orig-size=\"750,1000\" data-comments-opened=\"1\" data-image-meta=\"{&quot;aperture&quot;:&quot;2.8&quot;,&quot;credit&quot;:&quot;&quot;,&quot;camera&quot;:&quot;iPhone 3G&quot;,&quot;caption&quot;:&quot;&quot;,&quot;created_timestamp&quot;:&quot;1278771063&quot;,&quot;copyright&quot;:&quot;&quot;,&quot;focal_length&quot;:&quot;0&quot;,&quot;iso&quot;:&quot;0&quot;,&quot;shutter_speed&quot;:&quot;0&quot;,&quot;title&quot;:&quot;&quot;}\" data-image-title=\"IMG_0010\" data-image-description=\"\" data-medium-file=\"https:\/\/i0.wp.com\/blog.kunstgriff.net\/wp-content\/uploads\/2010\/07\/IMG_0010.jpg?fit=225%2C300&#038;ssl=1\" data-large-file=\"https:\/\/i0.wp.com\/blog.kunstgriff.net\/wp-content\/uploads\/2010\/07\/IMG_0010.jpg?fit=750%2C1000&#038;ssl=1\" src=\"https:\/\/i0.wp.com\/blog.kunstgriff.net\/wp-content\/uploads\/2010\/07\/IMG_0010.jpg?w=179&#038;h=238&#038;ssl=1\" srcset=\"https:\/\/i0.wp.com\/blog.kunstgriff.net\/wp-content\/uploads\/2010\/07\/IMG_0010.jpg?w=750&amp;ssl=1 750w, https:\/\/i0.wp.com\/blog.kunstgriff.net\/wp-content\/uploads\/2010\/07\/IMG_0010.jpg?resize=225%2C300&amp;ssl=1 225w\" width=\"179\" height=\"238\" loading=\"lazy\" data-original-width=\"179\" data-original-height=\"238\" itemprop=\"http:\/\/schema.org\/image\" title=\"IMG_0010\" alt=\"IMG_0010\" style=\"width: 179px; height: 238px;\" \/> <\/a> <\/div> <\/div> <!-- close group --> <div class=\"gallery-group images-2\" style=\"width: 160px; height: 242px;\" data-original-width=\"160\" data-original-height=\"242\" > <div class=\"tiled-gallery-item tiled-gallery-item-small\" itemprop=\"associatedMedia\" itemscope itemtype=\"http:\/\/schema.org\/ImageObject\"> <a href=\"https:\/\/i0.wp.com\/blog.kunstgriff.net\/wp-content\/uploads\/2010\/07\/IMG_0013.jpg?ssl=1\" border=\"0\" itemprop=\"url\"> <meta itemprop=\"width\" content=\"156\"> <meta itemprop=\"height\" content=\"117\"> <img decoding=\"async\" class=\"\" data-attachment-id=\"1972\" data-orig-file=\"https:\/\/blog.kunstgriff.net\/wp-content\/uploads\/2010\/07\/IMG_0013.jpg\" data-orig-size=\"1000,750\" data-comments-opened=\"1\" data-image-meta=\"{&quot;aperture&quot;:&quot;2.8&quot;,&quot;credit&quot;:&quot;&quot;,&quot;camera&quot;:&quot;iPhone 3G&quot;,&quot;caption&quot;:&quot;&quot;,&quot;created_timestamp&quot;:&quot;1278773295&quot;,&quot;copyright&quot;:&quot;&quot;,&quot;focal_length&quot;:&quot;0&quot;,&quot;iso&quot;:&quot;0&quot;,&quot;shutter_speed&quot;:&quot;0&quot;,&quot;title&quot;:&quot;&quot;}\" data-image-title=\"IMG_0013\" data-image-description=\"\" data-medium-file=\"https:\/\/i0.wp.com\/blog.kunstgriff.net\/wp-content\/uploads\/2010\/07\/IMG_0013.jpg?fit=300%2C225&#038;ssl=1\" data-large-file=\"https:\/\/i0.wp.com\/blog.kunstgriff.net\/wp-content\/uploads\/2010\/07\/IMG_0013.jpg?fit=1000%2C750&#038;ssl=1\" src=\"https:\/\/i0.wp.com\/blog.kunstgriff.net\/wp-content\/uploads\/2010\/07\/IMG_0013.jpg?w=156&#038;h=117&#038;ssl=1\" srcset=\"https:\/\/i0.wp.com\/blog.kunstgriff.net\/wp-content\/uploads\/2010\/07\/IMG_0013.jpg?w=1000&amp;ssl=1 1000w, https:\/\/i0.wp.com\/blog.kunstgriff.net\/wp-content\/uploads\/2010\/07\/IMG_0013.jpg?resize=300%2C225&amp;ssl=1 300w\" width=\"156\" height=\"117\" loading=\"lazy\" data-original-width=\"156\" data-original-height=\"117\" itemprop=\"http:\/\/schema.org\/image\" title=\"IMG_0013\" alt=\"IMG_0013\" style=\"width: 156px; height: 117px;\" \/> <\/a> <\/div> <div class=\"tiled-gallery-item tiled-gallery-item-small\" itemprop=\"associatedMedia\" itemscope itemtype=\"http:\/\/schema.org\/ImageObject\"> <a href=\"https:\/\/i0.wp.com\/blog.kunstgriff.net\/wp-content\/uploads\/2010\/07\/IMG_0014.jpg?ssl=1\" border=\"0\" itemprop=\"url\"> <meta itemprop=\"width\" content=\"156\"> <meta itemprop=\"height\" content=\"117\"> <img decoding=\"async\" class=\"\" data-attachment-id=\"1973\" data-orig-file=\"https:\/\/blog.kunstgriff.net\/wp-content\/uploads\/2010\/07\/IMG_0014.jpg\" data-orig-size=\"1000,750\" data-comments-opened=\"1\" data-image-meta=\"{&quot;aperture&quot;:&quot;2.8&quot;,&quot;credit&quot;:&quot;&quot;,&quot;camera&quot;:&quot;iPhone 3G&quot;,&quot;caption&quot;:&quot;&quot;,&quot;created_timestamp&quot;:&quot;1278773329&quot;,&quot;copyright&quot;:&quot;&quot;,&quot;focal_length&quot;:&quot;0&quot;,&quot;iso&quot;:&quot;0&quot;,&quot;shutter_speed&quot;:&quot;0&quot;,&quot;title&quot;:&quot;&quot;}\" data-image-title=\"IMG_0014\" data-image-description=\"\" data-medium-file=\"https:\/\/i0.wp.com\/blog.kunstgriff.net\/wp-content\/uploads\/2010\/07\/IMG_0014.jpg?fit=300%2C225&#038;ssl=1\" data-large-file=\"https:\/\/i0.wp.com\/blog.kunstgriff.net\/wp-content\/uploads\/2010\/07\/IMG_0014.jpg?fit=1000%2C750&#038;ssl=1\" src=\"https:\/\/i0.wp.com\/blog.kunstgriff.net\/wp-content\/uploads\/2010\/07\/IMG_0014.jpg?w=156&#038;h=117&#038;ssl=1\" srcset=\"https:\/\/i0.wp.com\/blog.kunstgriff.net\/wp-content\/uploads\/2010\/07\/IMG_0014.jpg?w=1000&amp;ssl=1 1000w, https:\/\/i0.wp.com\/blog.kunstgriff.net\/wp-content\/uploads\/2010\/07\/IMG_0014.jpg?resize=300%2C225&amp;ssl=1 300w\" width=\"156\" height=\"117\" loading=\"lazy\" data-original-width=\"156\" data-original-height=\"117\" itemprop=\"http:\/\/schema.org\/image\" title=\"IMG_0014\" alt=\"IMG_0014\" style=\"width: 156px; height: 117px;\" \/> <\/a> <\/div> <\/div> <!-- close group --> <div class=\"gallery-group images-1\" style=\"width: 182px; height: 242px;\" data-original-width=\"182\" data-original-height=\"242\" > <div class=\"tiled-gallery-item tiled-gallery-item-small\" itemprop=\"associatedMedia\" itemscope itemtype=\"http:\/\/schema.org\/ImageObject\"> <a href=\"https:\/\/i0.wp.com\/blog.kunstgriff.net\/wp-content\/uploads\/2010\/07\/IMG_0009.jpg?ssl=1\" border=\"0\" itemprop=\"url\"> <meta itemprop=\"width\" content=\"178\"> <meta itemprop=\"height\" content=\"238\"> <img decoding=\"async\" class=\"\" data-attachment-id=\"1970\" data-orig-file=\"https:\/\/blog.kunstgriff.net\/wp-content\/uploads\/2010\/07\/IMG_0009.jpg\" data-orig-size=\"750,1000\" data-comments-opened=\"1\" data-image-meta=\"{&quot;aperture&quot;:&quot;2.8&quot;,&quot;credit&quot;:&quot;&quot;,&quot;camera&quot;:&quot;iPhone 3G&quot;,&quot;caption&quot;:&quot;&quot;,&quot;created_timestamp&quot;:&quot;1278771043&quot;,&quot;copyright&quot;:&quot;&quot;,&quot;focal_length&quot;:&quot;0&quot;,&quot;iso&quot;:&quot;0&quot;,&quot;shutter_speed&quot;:&quot;0&quot;,&quot;title&quot;:&quot;&quot;}\" data-image-title=\"IMG_0009\" data-image-description=\"\" data-medium-file=\"https:\/\/i0.wp.com\/blog.kunstgriff.net\/wp-content\/uploads\/2010\/07\/IMG_0009.jpg?fit=225%2C300&#038;ssl=1\" data-large-file=\"https:\/\/i0.wp.com\/blog.kunstgriff.net\/wp-content\/uploads\/2010\/07\/IMG_0009.jpg?fit=750%2C1000&#038;ssl=1\" src=\"https:\/\/i0.wp.com\/blog.kunstgriff.net\/wp-content\/uploads\/2010\/07\/IMG_0009.jpg?w=178&#038;h=238&#038;ssl=1\" srcset=\"https:\/\/i0.wp.com\/blog.kunstgriff.net\/wp-content\/uploads\/2010\/07\/IMG_0009.jpg?w=750&amp;ssl=1 750w, https:\/\/i0.wp.com\/blog.kunstgriff.net\/wp-content\/uploads\/2010\/07\/IMG_0009.jpg?resize=225%2C300&amp;ssl=1 225w\" width=\"178\" height=\"238\" loading=\"lazy\" data-original-width=\"178\" data-original-height=\"238\" itemprop=\"http:\/\/schema.org\/image\" title=\"IMG_0009\" alt=\"IMG_0009\" style=\"width: 178px; height: 238px;\" \/> <\/a> <\/div> <\/div> <!-- close group --> <\/div> <!-- close row --> <\/div>\n<p><iframe loading=\"lazy\" src=\"https:\/\/www.strava.com\/activities\/698650666\/embed\/72d125f5dabb7f4185044265b85faca355cfe344\" width=\"590\" height=\"405\" frameborder=\"0\" scrolling=\"no\"><\/iframe><\/p>\n","protected":false},"excerpt":{"rendered":"<p>oder &#8222;Ohne Hochalpen feht Dir was&#8220; Heute war f\u00fcr mich ja eine echte Premiere geplant: Ich wollte und sollte zum ersten mal in meinem Leben mit dem Rennrad in den Hochalpen fahren! Die Vorfreude war fast wie bei einem kleinen Kind vor Heilig Abend! Aber auch die \u00fcbliche Nervosit\u00e4t begann, je weiter wir mit Thomas &hellip; <\/p>\n<p class=\"link-more\"><a href=\"https:\/\/blog.kunstgriff.net\/?p=1964\" class=\"more-link\"><span class=\"screen-reader-text\">\u201eGro\u00df Glockner Hochstrasse\u201c <\/span>weiterlesen<\/a><\/p>\n","protected":false},"author":2,"featured_media":0,"comment_status":"open","ping_status":"open","sticky":false,"template":"","format":"standard","meta":{"jetpack_post_was_ever_published":false,"_jetpack_newsletter_access":"","_jetpack_dont_email_post_to_subs":false,"_jetpack_newsletter_tier_id":0,"_jetpack_memberships_contains_paywalled_content":false,"_jetpack_memberships_contains_paid_content":false,"footnotes":""},"categories":[35,14,13,7],"tags":[],"class_list":["post-1964","post","type-post","status-publish","format-standard","hentry","category-garmin","category-radfahren","category-radreise","category-rennradfahren"],"jetpack_featured_media_url":"","jetpack_shortlink":"https:\/\/wp.me\/p8Cxe7-vG","jetpack-related-posts":[{"id":10572,"url":"https:\/\/blog.kunstgriff.net\/?p=10572","url_meta":{"origin":1964,"position":0},"title":"St. Ulrich -> Brixen","author":"Georg","date":"Juni 27, 2013","format":false,"excerpt":"oder \u00bbVon wegen Ruhetag!\u00ab Meine Rennradkollegen waren schon abfahrbereit und ich hatte eigentlich vor einen Ruhetag einzulegen, dann entschloss ich mich doch noch mitzufahren. Das Wetter war einfach zu freundlich und die Aussicht auf eine Einkehr und kurze Stadtbesichtigung in Brixen war dann doch sehr verlockend. Also schnell Sonnencreme auf\u2026","rel":"","context":"In &quot;Radfahren&quot;","block_context":{"text":"Radfahren","link":"https:\/\/blog.kunstgriff.net\/?cat=14"},"img":{"alt_text":"","src":"https:\/\/i0.wp.com\/blog.kunstgriff.net\/wp-content\/uploads\/2013\/06\/Jetzt-gehts-runter.jpg?fit=1200%2C900&ssl=1&resize=350%2C200","width":350,"height":200,"srcset":"https:\/\/i0.wp.com\/blog.kunstgriff.net\/wp-content\/uploads\/2013\/06\/Jetzt-gehts-runter.jpg?fit=1200%2C900&ssl=1&resize=350%2C200 1x, https:\/\/i0.wp.com\/blog.kunstgriff.net\/wp-content\/uploads\/2013\/06\/Jetzt-gehts-runter.jpg?fit=1200%2C900&ssl=1&resize=525%2C300 1.5x, https:\/\/i0.wp.com\/blog.kunstgriff.net\/wp-content\/uploads\/2013\/06\/Jetzt-gehts-runter.jpg?fit=1200%2C900&ssl=1&resize=700%2C400 2x, https:\/\/i0.wp.com\/blog.kunstgriff.net\/wp-content\/uploads\/2013\/06\/Jetzt-gehts-runter.jpg?fit=1200%2C900&ssl=1&resize=1050%2C600 3x"},"classes":[]},{"id":8299,"url":"https:\/\/blog.kunstgriff.net\/?p=8299","url_meta":{"origin":1964,"position":1},"title":"Kaunertaler Gletscherkaiser 2012","author":"Georg","date":"Juni 21, 2012","format":false,"excerpt":"oder \u00bbMein erstes echtes Bergrennen\u00abUm 5:45 Uhr klingelte der Wecker und die Sonne lachte bereits \u00fcber den gegen\u00fcberliegenden Bergkamm unseres Quartiers. Ideale Bedingungen f\u00fcr unsere heutige Veranstaltung. Fr\u00fchst\u00fcck, M\u00fcsli und Yoghurt rein, R\u00e4der in den Vito und los nach Feichten im Kaunertal. Dort noch schnell das \u00dcbliche erledigt und in\u2026","rel":"","context":"In &quot;Besonderes Ereignis&quot;","block_context":{"text":"Besonderes Ereignis","link":"https:\/\/blog.kunstgriff.net\/?cat=25"},"img":{"alt_text":"","src":"https:\/\/i0.wp.com\/blog.kunstgriff.net\/wp-content\/uploads\/2012\/06\/Da-war-uns-noch-zu-lachen-zumute-300x225.jpg?resize=350%2C200","width":350,"height":200},"classes":[]},{"id":1959,"url":"https:\/\/blog.kunstgriff.net\/?p=1959","url_meta":{"origin":1964,"position":2},"title":"M\u00fcnchen -> Kloster Andechs","author":"Georg","date":"Juli 9, 2010","format":false,"excerpt":"oder \"Traumhaftes Rennradrevier s\u00fcdlich von M\u00fcnchen\"Der Tag begann f\u00fcr mich heute sehr fr\u00fch, genau genommen klingelte der Wecker um 3.20 Uhr, denn um 4 Uhr sollte mich mein Papa abholen um gemeinsam mit seinem Wagen und meinem Rennrad nach M\u00fcnchen zu fahren. Um 9:30 Uhr konnte ich es kaum erwarten,\u2026","rel":"","context":"In &quot;Radfahren&quot;","block_context":{"text":"Radfahren","link":"https:\/\/blog.kunstgriff.net\/?cat=14"},"img":{"alt_text":"","src":"","width":0,"height":0},"classes":[]},{"id":16376,"url":"https:\/\/blog.kunstgriff.net\/?p=16376","url_meta":{"origin":1964,"position":3},"title":"Tiri-Bork-Runde","author":"Georg","date":"Juli 2, 2017","format":false,"excerpt":"\u00bbheute gab\u2019s f\u00fcr mich richtig was auf die Beine\u00ab Eigentlich h\u00e4tte ich es ja besser wissen sollen m\u00fcssen, als Bernd gestern eine Tour in den S\u00fcden ausrief. Eine Ecke in die wir nicht w\u00f6chentlich rollern, insofern eine willkommene Abwechslung, die mich motivierte, um 10 am Tunnel zu sein. Die Borkheide\u2026","rel":"","context":"In &quot;Radfahren&quot;","block_context":{"text":"Radfahren","link":"https:\/\/blog.kunstgriff.net\/?cat=14"},"img":{"alt_text":"","src":"https:\/\/i0.wp.com\/blog.kunstgriff.net\/wp-content\/uploads\/2017\/07\/Falsch-abgezweigte-f%C3%BCrs-Gruppenfoto.jpg?fit=1200%2C800&ssl=1&resize=350%2C200","width":350,"height":200,"srcset":"https:\/\/i0.wp.com\/blog.kunstgriff.net\/wp-content\/uploads\/2017\/07\/Falsch-abgezweigte-f%C3%BCrs-Gruppenfoto.jpg?fit=1200%2C800&ssl=1&resize=350%2C200 1x, https:\/\/i0.wp.com\/blog.kunstgriff.net\/wp-content\/uploads\/2017\/07\/Falsch-abgezweigte-f%C3%BCrs-Gruppenfoto.jpg?fit=1200%2C800&ssl=1&resize=525%2C300 1.5x, https:\/\/i0.wp.com\/blog.kunstgriff.net\/wp-content\/uploads\/2017\/07\/Falsch-abgezweigte-f%C3%BCrs-Gruppenfoto.jpg?fit=1200%2C800&ssl=1&resize=700%2C400 2x, https:\/\/i0.wp.com\/blog.kunstgriff.net\/wp-content\/uploads\/2017\/07\/Falsch-abgezweigte-f%C3%BCrs-Gruppenfoto.jpg?fit=1200%2C800&ssl=1&resize=1050%2C600 3x"},"classes":[]},{"id":7091,"url":"https:\/\/blog.kunstgriff.net\/?p=7091","url_meta":{"origin":1964,"position":4},"title":"Mein Sportjahr 2011 &#8211; Eine Retrospektive","author":"Georg","date":"Dezember 31, 2011","format":false,"excerpt":"Was f\u00fcr ein Jahr! Seit 2005 bin ich regelm\u00e4\u00dfig am Sporteln, aber in keinem der letzten sechs aktiven Jahr habe ich so viel unternommen und sportliches geleistet wie in 2011. Klasse ist das ich mich trotz der vielen Kilometer und Stunden, die ich geradelt und gelaufen bin in keinster Weise\u2026","rel":"","context":"In &quot;Allgemein&quot;","block_context":{"text":"Allgemein","link":"https:\/\/blog.kunstgriff.net\/?cat=1"},"img":{"alt_text":"","src":"https:\/\/i0.wp.com\/blog.kunstgriff.net\/wp-content\/uploads\/2011\/12\/Jahreskilometer2011.png?resize=350%2C200","width":350,"height":200},"classes":[]},{"id":5929,"url":"https:\/\/blog.kunstgriff.net\/?p=5929","url_meta":{"origin":1964,"position":5},"title":"Radmarathon \u00bbVon Britz zum Fl\u00e4ming\u00ab 2011","author":"Georg","date":"September 17, 2011","format":false,"excerpt":"oder \"Wo alles begann\"Heute war wieder der Radmarathon dran, mein Klassiker. Vor 6 Jahren bin ich hier meine erste RTF gefahren. An den Marathon habe ich mich damals noch nicht heran gewagt. Dieses Jahr fahre ich nun den Marathon zum 5. mal in in Folge. Die Vorfreude war gro\u00df und\u2026","rel":"","context":"In &quot;200er&quot;","block_context":{"text":"200er","link":"https:\/\/blog.kunstgriff.net\/?cat=48"},"img":{"alt_text":"","src":"https:\/\/i0.wp.com\/blog.kunstgriff.net\/wp-content\/uploads\/2011\/09\/Kurz-vor-dem-Start-Christoph-Ruden-Schule.jpg?resize=350%2C200","width":350,"height":200,"srcset":"https:\/\/i0.wp.com\/blog.kunstgriff.net\/wp-content\/uploads\/2011\/09\/Kurz-vor-dem-Start-Christoph-Ruden-Schule.jpg?resize=350%2C200 1x, https:\/\/i0.wp.com\/blog.kunstgriff.net\/wp-content\/uploads\/2011\/09\/Kurz-vor-dem-Start-Christoph-Ruden-Schule.jpg?resize=525%2C300 1.5x, https:\/\/i0.wp.com\/blog.kunstgriff.net\/wp-content\/uploads\/2011\/09\/Kurz-vor-dem-Start-Christoph-Ruden-Schule.jpg?resize=700%2C400 2x"},"classes":[]}],"jetpack_likes_enabled":true,"jetpack_sharing_enabled":true,"_links":{"self":[{"href":"https:\/\/blog.kunstgriff.net\/index.php?rest_route=\/wp\/v2\/posts\/1964","targetHints":{"allow":["GET"]}}],"collection":[{"href":"https:\/\/blog.kunstgriff.net\/index.php?rest_route=\/wp\/v2\/posts"}],"about":[{"href":"https:\/\/blog.kunstgriff.net\/index.php?rest_route=\/wp\/v2\/types\/post"}],"author":[{"embeddable":true,"href":"https:\/\/blog.kunstgriff.net\/index.php?rest_route=\/wp\/v2\/users\/2"}],"replies":[{"embeddable":true,"href":"https:\/\/blog.kunstgriff.net\/index.php?rest_route=%2Fwp%2Fv2%2Fcomments&post=1964"}],"version-history":[{"count":0,"href":"https:\/\/blog.kunstgriff.net\/index.php?rest_route=\/wp\/v2\/posts\/1964\/revisions"}],"wp:attachment":[{"href":"https:\/\/blog.kunstgriff.net\/index.php?rest_route=%2Fwp%2Fv2%2Fmedia&parent=1964"}],"wp:term":[{"taxonomy":"category","embeddable":true,"href":"https:\/\/blog.kunstgriff.net\/index.php?rest_route=%2Fwp%2Fv2%2Fcategories&post=1964"},{"taxonomy":"post_tag","embeddable":true,"href":"https:\/\/blog.kunstgriff.net\/index.php?rest_route=%2Fwp%2Fv2%2Ftags&post=1964"}],"curies":[{"name":"wp","href":"https:\/\/api.w.org\/{rel}","templated":true}]}}