{"id":19770,"date":"2019-07-13T16:44:46","date_gmt":"2019-07-13T14:44:46","guid":{"rendered":"https:\/\/blog.kunstgriff.net\/?p=19770"},"modified":"2019-07-13T16:44:46","modified_gmt":"2019-07-13T14:44:46","slug":"kurze-nordrunde-ueber-kremmen-02","status":"publish","type":"post","link":"https:\/\/blog.kunstgriff.net\/?p=19770","title":{"rendered":"Kurze Nordrunde \u00fcber Kremmen #02"},"content":{"rendered":"<span class=\"span-reading-time rt-reading-time\" style=\"display: block;\"><span class=\"rt-label rt-prefix\">Lesezeit: <\/span> <span class=\"rt-time\"> &lt; 1<\/span> <span class=\"rt-label rt-postfix\">Minute<\/span><\/span><h4>Single-Training vor dem Regen<\/h4>\n<hr \/>\n<p>Lust auf Gruppenfahren h\u00e4tte ich schon gehabt, aber passende Runden waren heute nicht auf meinem Radar. Also selber, relativ sp\u00e4t, den Renner gesattelt. P\u00e4wesin wollte ich mir f\u00fcr Sonntag aufheben, deshalb heute <del>leider<\/del> <em>nix mit Kuchen.<\/em><\/p>\n<p>Vor zwei Wochen war ich ja auf diesem Tr\u00e4ck bereits unterwegs, von daher gab es auch heute wenig \u00dcberraschendes. Au\u00dfer dass ich mich ziemlich un-fit f\u00fchlte. Aber richtig k\u00e4mpfen musste ich auch nicht. Habe einfach das Tempo ein wenig verringert und dann lief es. Deshalb wurde auch das Spandauer-Forst-Segment nicht geballert. Au\u00dfer Puste war ich trotzdem, als der 3,6 km lange Mauerstreifen hinter mir war und ich wieder in den Gro\u00dfstadt-Dschungel eintauchte.<\/p>\n<p>Am Ende gelang mir die Heimkehr vor dem Regen. Ich war froh, mich heute nicht f\u00fcr den Night-Ride nach Hamburg angemeldet zu haben. Das w\u00e4re nix geworden. Mal sehen was morgen so geht!?<\/p>\n<p><iframe height='405' width='590' frameborder='0' allowtransparency='true' scrolling='no' src='https:\/\/www.strava.com\/activities\/2528615286\/embed\/90539a893403eac876becc4cc8a5c34f4fa8351b'><\/iframe><\/p>\n<div class=\"tiled-gallery type-rectangular tiled-gallery-unresized\" data-original-width=\"525\" data-carousel-extra='{&quot;blog_id&quot;:1,&quot;permalink&quot;:&quot;https:\\\/\\\/blog.kunstgriff.net\\\/?p=19770&quot;,&quot;likes_blog_id&quot;:127394879}' itemscope itemtype=\"http:\/\/schema.org\/ImageGallery\" > <div class=\"gallery-row\" style=\"width: 525px; height: 235px;\" data-original-width=\"525\" data-original-height=\"235\" > <div class=\"gallery-group images-1\" style=\"width: 351px; height: 235px;\" data-original-width=\"351\" data-original-height=\"235\" > <div class=\"tiled-gallery-item tiled-gallery-item-large\" itemprop=\"associatedMedia\" itemscope itemtype=\"http:\/\/schema.org\/ImageObject\"> <a href=\"https:\/\/i0.wp.com\/blog.kunstgriff.net\/wp-content\/uploads\/2019\/07\/Schwante-ich-komme.jpg?ssl=1\" border=\"0\" itemprop=\"url\"> <meta itemprop=\"width\" content=\"347\"> <meta itemprop=\"height\" content=\"231\"> <img decoding=\"async\" class=\"\" data-attachment-id=\"19768\" data-orig-file=\"https:\/\/blog.kunstgriff.net\/wp-content\/uploads\/2019\/07\/Schwante-ich-komme.jpg\" data-orig-size=\"2500,1667\" data-comments-opened=\"1\" data-image-meta=\"{&quot;aperture&quot;:&quot;2.8&quot;,&quot;credit&quot;:&quot;&quot;,&quot;camera&quot;:&quot;TG-4&quot;,&quot;caption&quot;:&quot;OLYMPUS DIGITAL CAMERA&quot;,&quot;created_timestamp&quot;:&quot;1563020517&quot;,&quot;copyright&quot;:&quot;&quot;,&quot;focal_length&quot;:&quot;4.5&quot;,&quot;iso&quot;:&quot;100&quot;,&quot;shutter_speed&quot;:&quot;0.002&quot;,&quot;title&quot;:&quot;OLYMPUS DIGITAL CAMERA&quot;,&quot;orientation&quot;:&quot;1&quot;}\" data-image-title=\"Schwante &amp;#8211; ich komme\" data-image-description=\"\" data-medium-file=\"https:\/\/i0.wp.com\/blog.kunstgriff.net\/wp-content\/uploads\/2019\/07\/Schwante-ich-komme.jpg?fit=300%2C200&#038;ssl=1\" data-large-file=\"https:\/\/i0.wp.com\/blog.kunstgriff.net\/wp-content\/uploads\/2019\/07\/Schwante-ich-komme.jpg?fit=1024%2C683&#038;ssl=1\" src=\"https:\/\/i0.wp.com\/blog.kunstgriff.net\/wp-content\/uploads\/2019\/07\/Schwante-ich-komme.jpg?w=347&#038;h=231&#038;ssl=1\" srcset=\"https:\/\/i0.wp.com\/blog.kunstgriff.net\/wp-content\/uploads\/2019\/07\/Schwante-ich-komme.jpg?w=2500&amp;ssl=1 2500w, https:\/\/i0.wp.com\/blog.kunstgriff.net\/wp-content\/uploads\/2019\/07\/Schwante-ich-komme.jpg?resize=300%2C200&amp;ssl=1 300w, https:\/\/i0.wp.com\/blog.kunstgriff.net\/wp-content\/uploads\/2019\/07\/Schwante-ich-komme.jpg?resize=768%2C512&amp;ssl=1 768w, https:\/\/i0.wp.com\/blog.kunstgriff.net\/wp-content\/uploads\/2019\/07\/Schwante-ich-komme.jpg?resize=1024%2C683&amp;ssl=1 1024w, https:\/\/i0.wp.com\/blog.kunstgriff.net\/wp-content\/uploads\/2019\/07\/Schwante-ich-komme.jpg?w=1575&amp;ssl=1 1575w\" width=\"347\" height=\"231\" loading=\"lazy\" data-original-width=\"347\" data-original-height=\"231\" itemprop=\"http:\/\/schema.org\/image\" title=\"Schwante - ich komme\" alt=\"Schwante - ich komme\" style=\"width: 347px; height: 231px;\" \/> <\/a> <div class=\"tiled-gallery-caption\" itemprop=\"caption description\"> Schwante &#8211; ich komme <\/div> <\/div> <\/div> <!-- close group --> <div class=\"gallery-group images-2\" style=\"width: 174px; height: 235px;\" data-original-width=\"174\" data-original-height=\"235\" > <div class=\"tiled-gallery-item tiled-gallery-item-small\" itemprop=\"associatedMedia\" itemscope itemtype=\"http:\/\/schema.org\/ImageObject\"> <a href=\"https:\/\/i0.wp.com\/blog.kunstgriff.net\/wp-content\/uploads\/2019\/07\/Selfie.jpg?ssl=1\" border=\"0\" itemprop=\"url\"> <meta itemprop=\"width\" content=\"170\"> <meta itemprop=\"height\" content=\"114\"> <img decoding=\"async\" class=\"\" data-attachment-id=\"19769\" data-orig-file=\"https:\/\/blog.kunstgriff.net\/wp-content\/uploads\/2019\/07\/Selfie.jpg\" data-orig-size=\"2500,1667\" data-comments-opened=\"1\" data-image-meta=\"{&quot;aperture&quot;:&quot;2.8&quot;,&quot;credit&quot;:&quot;&quot;,&quot;camera&quot;:&quot;TG-4&quot;,&quot;caption&quot;:&quot;OLYMPUS DIGITAL CAMERA&quot;,&quot;created_timestamp&quot;:&quot;1563020528&quot;,&quot;copyright&quot;:&quot;&quot;,&quot;focal_length&quot;:&quot;4.5&quot;,&quot;iso&quot;:&quot;100&quot;,&quot;shutter_speed&quot;:&quot;0.0025&quot;,&quot;title&quot;:&quot;OLYMPUS DIGITAL CAMERA&quot;,&quot;orientation&quot;:&quot;1&quot;}\" data-image-title=\"Selfie\" data-image-description=\"\" data-medium-file=\"https:\/\/i0.wp.com\/blog.kunstgriff.net\/wp-content\/uploads\/2019\/07\/Selfie.jpg?fit=300%2C200&#038;ssl=1\" data-large-file=\"https:\/\/i0.wp.com\/blog.kunstgriff.net\/wp-content\/uploads\/2019\/07\/Selfie.jpg?fit=1024%2C683&#038;ssl=1\" src=\"https:\/\/i0.wp.com\/blog.kunstgriff.net\/wp-content\/uploads\/2019\/07\/Selfie.jpg?w=170&#038;h=114&#038;ssl=1\" srcset=\"https:\/\/i0.wp.com\/blog.kunstgriff.net\/wp-content\/uploads\/2019\/07\/Selfie.jpg?w=2500&amp;ssl=1 2500w, https:\/\/i0.wp.com\/blog.kunstgriff.net\/wp-content\/uploads\/2019\/07\/Selfie.jpg?resize=300%2C200&amp;ssl=1 300w, https:\/\/i0.wp.com\/blog.kunstgriff.net\/wp-content\/uploads\/2019\/07\/Selfie.jpg?resize=768%2C512&amp;ssl=1 768w, https:\/\/i0.wp.com\/blog.kunstgriff.net\/wp-content\/uploads\/2019\/07\/Selfie.jpg?resize=1024%2C683&amp;ssl=1 1024w, https:\/\/i0.wp.com\/blog.kunstgriff.net\/wp-content\/uploads\/2019\/07\/Selfie.jpg?w=1575&amp;ssl=1 1575w\" width=\"170\" height=\"114\" loading=\"lazy\" data-original-width=\"170\" data-original-height=\"114\" itemprop=\"http:\/\/schema.org\/image\" title=\"Selfie\" alt=\"Selfie\" style=\"width: 170px; height: 114px;\" \/> <\/a> <div class=\"tiled-gallery-caption\" itemprop=\"caption description\"> Selfie <\/div> <\/div> <div class=\"tiled-gallery-item tiled-gallery-item-small\" itemprop=\"associatedMedia\" itemscope itemtype=\"http:\/\/schema.org\/ImageObject\"> <a href=\"https:\/\/i0.wp.com\/blog.kunstgriff.net\/wp-content\/uploads\/2019\/07\/Kurzer-Boxenstop-hinter-B%C3%B6rnicke.jpg?ssl=1\" border=\"0\" itemprop=\"url\"> <meta itemprop=\"width\" content=\"170\"> <meta itemprop=\"height\" content=\"113\"> <img decoding=\"async\" class=\"\" data-attachment-id=\"19767\" data-orig-file=\"https:\/\/blog.kunstgriff.net\/wp-content\/uploads\/2019\/07\/Kurzer-Boxenstop-hinter-B\u00f6rnicke.jpg\" data-orig-size=\"2500,1667\" data-comments-opened=\"1\" data-image-meta=\"{&quot;aperture&quot;:&quot;8&quot;,&quot;credit&quot;:&quot;&quot;,&quot;camera&quot;:&quot;TG-4&quot;,&quot;caption&quot;:&quot;OLYMPUS DIGITAL CAMERA&quot;,&quot;created_timestamp&quot;:&quot;1563023455&quot;,&quot;copyright&quot;:&quot;&quot;,&quot;focal_length&quot;:&quot;4.5&quot;,&quot;iso&quot;:&quot;100&quot;,&quot;shutter_speed&quot;:&quot;0.008&quot;,&quot;title&quot;:&quot;OLYMPUS DIGITAL CAMERA&quot;,&quot;orientation&quot;:&quot;1&quot;}\" data-image-title=\"Kurzer Boxenstop hinter B\u00f6rnicke\" data-image-description=\"\" data-medium-file=\"https:\/\/i0.wp.com\/blog.kunstgriff.net\/wp-content\/uploads\/2019\/07\/Kurzer-Boxenstop-hinter-B%C3%B6rnicke.jpg?fit=300%2C200&#038;ssl=1\" data-large-file=\"https:\/\/i0.wp.com\/blog.kunstgriff.net\/wp-content\/uploads\/2019\/07\/Kurzer-Boxenstop-hinter-B%C3%B6rnicke.jpg?fit=1024%2C683&#038;ssl=1\" src=\"https:\/\/i0.wp.com\/blog.kunstgriff.net\/wp-content\/uploads\/2019\/07\/Kurzer-Boxenstop-hinter-B%C3%B6rnicke.jpg?w=170&#038;h=113&#038;ssl=1\" width=\"170\" height=\"113\" loading=\"lazy\" data-original-width=\"170\" data-original-height=\"113\" itemprop=\"http:\/\/schema.org\/image\" title=\"Kurzer Boxenstop hinter B\u00f6rnicke\" alt=\"Kurzer Boxenstop hinter B\u00f6rnicke\" style=\"width: 170px; height: 113px;\" \/> <\/a> <div class=\"tiled-gallery-caption\" itemprop=\"caption description\"> Kurzer Boxenstop hinter B\u00f6rnicke <\/div> <\/div> <\/div> <!-- close group --> <\/div> <!-- close row --> <\/div>\n","protected":false},"excerpt":{"rendered":"<p>Single-Training vor dem Regen Lust auf Gruppenfahren h\u00e4tte ich schon gehabt, aber passende Runden waren heute nicht auf meinem Radar. Also selber, relativ sp\u00e4t, den Renner gesattelt. P\u00e4wesin wollte ich mir f\u00fcr Sonntag aufheben, deshalb heute leider nix mit Kuchen. Vor zwei Wochen war ich ja auf diesem Tr\u00e4ck bereits unterwegs, von daher gab es &hellip; <\/p>\n<p class=\"link-more\"><a href=\"https:\/\/blog.kunstgriff.net\/?p=19770\" class=\"more-link\"><span class=\"screen-reader-text\">\u201eKurze Nordrunde \u00fcber Kremmen #02\u201c <\/span>weiterlesen<\/a><\/p>\n","protected":false},"author":2,"featured_media":19768,"comment_status":"open","ping_status":"open","sticky":false,"template":"","format":"standard","meta":{"jetpack_post_was_ever_published":false,"_jetpack_newsletter_access":"","_jetpack_dont_email_post_to_subs":false,"_jetpack_newsletter_tier_id":0,"_jetpack_memberships_contains_paywalled_content":false,"_jetpack_memberships_contains_paid_content":false,"footnotes":""},"categories":[14,7],"tags":[],"class_list":["post-19770","post","type-post","status-publish","format-standard","has-post-thumbnail","hentry","category-radfahren","category-rennradfahren"],"jetpack_featured_media_url":"https:\/\/i0.wp.com\/blog.kunstgriff.net\/wp-content\/uploads\/2019\/07\/Schwante-ich-komme.jpg?fit=2500%2C1667&ssl=1","jetpack_shortlink":"https:\/\/wp.me\/p8Cxe7-58S","jetpack-related-posts":[{"id":3324,"url":"https:\/\/blog.kunstgriff.net\/?p=3324","url_meta":{"origin":19770,"position":0},"title":"ErgoPlanet-Paris Brest Paris &#8211; Etappe 5","author":"Georg","date":"Januar 13, 2011","format":false,"excerpt":"oder \u00bbJa bin ich hier in Nordkorea?\u00abHeute wollte ich meinem Ziel Brest doch ein wenig n\u00e4her kommen und deshalb entschied ich die 5. Etappe in Angriff zu nehmen. Den Sattel, welchen ich an meinem neuen Renner montiert hatte wollte ich auch mal auf einer Ausfahrt im Trockenen ausprobieren und so\u2026","rel":"","context":"In &quot;Ergometer Training&quot;","block_context":{"text":"Ergometer Training","link":"https:\/\/blog.kunstgriff.net\/?cat=15"},"img":{"alt_text":"","src":"","width":0,"height":0},"classes":[]},{"id":2214,"url":"https:\/\/blog.kunstgriff.net\/?p=2214","url_meta":{"origin":19770,"position":1},"title":"Kurze Nordrunde \u00fcber Kremmen","author":"Georg","date":"August 18, 2010","format":false,"excerpt":"oder \"Letztes Training vor Rad am Ring inklusive Foto mit rotem Blitz in Boernicke\"Die klassische Feierabendrunden-Hatz am Mittwoch mit meinen Rennrad-Buddies musste heute ausfallen. Zum einen war das Wetter zu unbest\u00e4ndig und zum Anderen, viel wichtiger, wollte ich heute auf keinen Fall mehr Bolzen und mir die Beine kaputt fahren\u2026","rel":"","context":"In &quot;Garmin&quot;","block_context":{"text":"Garmin","link":"https:\/\/blog.kunstgriff.net\/?cat=35"},"img":{"alt_text":"","src":"https:\/\/i0.wp.com\/blog.kunstgriff.net\/wp-content\/uploads\/2010\/08\/BoernickeBlitzer.png?resize=350%2C200","width":350,"height":200,"srcset":"https:\/\/i0.wp.com\/blog.kunstgriff.net\/wp-content\/uploads\/2010\/08\/BoernickeBlitzer.png?resize=350%2C200 1x, https:\/\/i0.wp.com\/blog.kunstgriff.net\/wp-content\/uploads\/2010\/08\/BoernickeBlitzer.png?resize=525%2C300 1.5x"},"classes":[]},{"id":4552,"url":"https:\/\/blog.kunstgriff.net\/?p=4552","url_meta":{"origin":19770,"position":2},"title":"Tiergarten-Morgenlauf mit Papa #17","author":"Georg","date":"Mai 11, 2011","format":false,"excerpt":"oder \u00bbWenig Spass & Sonnenschein\u00abNach der Radeinheit gestern fiel es mir heute sehr schwer in einen runden Tritt zu kommen. Ich \u00a0merkte schon auf den ersten Metern das die Beine schmerzten und sich gegen den Lauf wehrten. Dementsprechend ged\u00e4mpft war meine Laune. Der Tag erwachte mit einer herrlichen blauen Stunde,\u2026","rel":"","context":"In &quot;Fr\u00fchsport&quot;","block_context":{"text":"Fr\u00fchsport","link":"https:\/\/blog.kunstgriff.net\/?cat=16"},"img":{"alt_text":"","src":"","width":0,"height":0},"classes":[]},{"id":16542,"url":"https:\/\/blog.kunstgriff.net\/?p=16542","url_meta":{"origin":19770,"position":3},"title":"P\u00e4wesin-Runde rerererereloaded","author":"Georg","date":"August 5, 2017","format":false,"excerpt":"\u00bbImmer wieder Samstags\u00ab In Ermangelung eines grossen Zeitfensters musste ich mich heute alleine auf die Socken machen und ein wenig den Staub der Woche abstrampeln. In letzter Zeit brauche ich da nicht mehr lange \u00fcberlegen, welche Runde gefahren wird \u2013 P\u00e4wesin - it is! Das Thermometer zeigte gleich mal 21\u00b0C\u2026","rel":"","context":"In &quot;Cake-Ride&quot;","block_context":{"text":"Cake-Ride","link":"https:\/\/blog.kunstgriff.net\/?cat=34"},"img":{"alt_text":"","src":"https:\/\/i0.wp.com\/blog.kunstgriff.net\/wp-content\/uploads\/2017\/08\/Halber-Kuchentresen.jpg?fit=1200%2C800&ssl=1&resize=350%2C200","width":350,"height":200,"srcset":"https:\/\/i0.wp.com\/blog.kunstgriff.net\/wp-content\/uploads\/2017\/08\/Halber-Kuchentresen.jpg?fit=1200%2C800&ssl=1&resize=350%2C200 1x, https:\/\/i0.wp.com\/blog.kunstgriff.net\/wp-content\/uploads\/2017\/08\/Halber-Kuchentresen.jpg?fit=1200%2C800&ssl=1&resize=525%2C300 1.5x, https:\/\/i0.wp.com\/blog.kunstgriff.net\/wp-content\/uploads\/2017\/08\/Halber-Kuchentresen.jpg?fit=1200%2C800&ssl=1&resize=700%2C400 2x, https:\/\/i0.wp.com\/blog.kunstgriff.net\/wp-content\/uploads\/2017\/08\/Halber-Kuchentresen.jpg?fit=1200%2C800&ssl=1&resize=1050%2C600 3x"},"classes":[]},{"id":2866,"url":"https:\/\/blog.kunstgriff.net\/?p=2866","url_meta":{"origin":19770,"position":4},"title":"Ferch-Runde","author":"Georg","date":"November 14, 2010","format":false,"excerpt":"oder \"Radfahren im November bei Fr\u00fchlingstemperaturen\"Meine Beine f\u00fchlten sich schwer an. Die beiden Einheiten vom Samstag hingen mir noch in den Knochen Muskeln. Der Blick aus dem Fenster und das anschlie\u00dfende \u00f6ffnen der Balkont\u00fcr pr\u00e4sentierte aber herrliches Kaiserwetter, welches pr\u00e4destiniert f\u00fcr eine Rad-Ausfahrt war. Ich haderte, dachte mir aber, das\u2026","rel":"","context":"In &quot;Rennradfahren&quot;","block_context":{"text":"Rennradfahren","link":"https:\/\/blog.kunstgriff.net\/?cat=7"},"img":{"alt_text":"","src":"https:\/\/i0.wp.com\/blog.kunstgriff.net\/wp-content\/uploads\/2010\/11\/GA1.png?resize=350%2C200","width":350,"height":200},"classes":[]},{"id":3526,"url":"https:\/\/blog.kunstgriff.net\/?p=3526","url_meta":{"origin":19770,"position":5},"title":"ErgoPlanet-City-Tour Boston","author":"Georg","date":"Februar 5, 2011","format":false,"excerpt":"oder \u00bbGerade noch die Kurve gekriegt\u00ab Die halben Vormittag habe ich damit verbracht, mir zu \u00fcberlegen, welche Strecke ich denn heute auf meinem Ergometer fahren werde. Die Entscheidung viel nicht leicht, da ich mich in einer Kampfphase mit meinem Schweinehund befinde. Nach neuen Rekorden war mir auch nicht zumute und\u2026","rel":"","context":"In &quot;Ergometer Training&quot;","block_context":{"text":"Ergometer Training","link":"https:\/\/blog.kunstgriff.net\/?cat=15"},"img":{"alt_text":"","src":"https:\/\/i0.wp.com\/blog.kunstgriff.net\/wp-content\/uploads\/2011\/02\/dfv.png?resize=350%2C200","width":350,"height":200},"classes":[]}],"jetpack_likes_enabled":true,"jetpack_sharing_enabled":true,"_links":{"self":[{"href":"https:\/\/blog.kunstgriff.net\/index.php?rest_route=\/wp\/v2\/posts\/19770","targetHints":{"allow":["GET"]}}],"collection":[{"href":"https:\/\/blog.kunstgriff.net\/index.php?rest_route=\/wp\/v2\/posts"}],"about":[{"href":"https:\/\/blog.kunstgriff.net\/index.php?rest_route=\/wp\/v2\/types\/post"}],"author":[{"embeddable":true,"href":"https:\/\/blog.kunstgriff.net\/index.php?rest_route=\/wp\/v2\/users\/2"}],"replies":[{"embeddable":true,"href":"https:\/\/blog.kunstgriff.net\/index.php?rest_route=%2Fwp%2Fv2%2Fcomments&post=19770"}],"version-history":[{"count":0,"href":"https:\/\/blog.kunstgriff.net\/index.php?rest_route=\/wp\/v2\/posts\/19770\/revisions"}],"wp:featuredmedia":[{"embeddable":true,"href":"https:\/\/blog.kunstgriff.net\/index.php?rest_route=\/wp\/v2\/media\/19768"}],"wp:attachment":[{"href":"https:\/\/blog.kunstgriff.net\/index.php?rest_route=%2Fwp%2Fv2%2Fmedia&parent=19770"}],"wp:term":[{"taxonomy":"category","embeddable":true,"href":"https:\/\/blog.kunstgriff.net\/index.php?rest_route=%2Fwp%2Fv2%2Fcategories&post=19770"},{"taxonomy":"post_tag","embeddable":true,"href":"https:\/\/blog.kunstgriff.net\/index.php?rest_route=%2Fwp%2Fv2%2Ftags&post=19770"}],"curies":[{"name":"wp","href":"https:\/\/api.w.org\/{rel}","templated":true}]}}