{"id":19953,"date":"2019-08-21T18:00:50","date_gmt":"2019-08-21T16:00:50","guid":{"rendered":"https:\/\/blog.kunstgriff.net\/?p=19953"},"modified":"2019-08-21T18:00:50","modified_gmt":"2019-08-21T16:00:50","slug":"nauders-reschen-ofenpass-engadin-und-norbertshoehe","status":"publish","type":"post","link":"https:\/\/blog.kunstgriff.net\/?p=19953","title":{"rendered":"Nauders, Reschen- &#038; Ofenpass, Engadin und Norbertsh\u00f6he"},"content":{"rendered":"<span class=\"span-reading-time rt-reading-time\" style=\"display: block;\"><span class=\"rt-label rt-prefix\">Lesezeit: <\/span> <span class=\"rt-time\"> 2<\/span> <span class=\"rt-label rt-postfix\">Minuten<\/span><\/span><h4>wollte es heute mal wieder wissen<\/h4>\n<hr \/>\n<p>Gestern haben wir wegen des Regens einen Ausflug nach St. Moritz unternommen. Heute hofften wir auf besseres Wetter. Das sah erstmal nicht so aus, denn es hatte die ganze Nacht geregnet und auch zum Fr\u00fchst\u00fcck nieselte es noch. Ich lie\u00df mich aber nicht beirren, denn das Regenradar zeigte zum Gl\u00fcck da\u00df, das Wasser von oben gegen 9 Uhr ein Ende haben w\u00fcrde.<\/p>\n<p>Also 9:30 Treffen bei Herbert oben am Reschenpass auf seinem Campingplatz. So konnte ich mich schon ein wenig einfahren. Fein.<\/p>\n<p>Mit Herbert im Gep\u00e4ck ging es dann den Reschenradweg runter. Ich mag diesen ja sehr, da er durch sch\u00f6ne Natur f\u00fchrt und weit weg vom Autoverkehr trotzdem recht guten Asphalt bietet. Fast ewig bergab geht es auch noch \u2026 prima.<\/p>\n<p>Aber irgendwann war dann aber Schlu\u00df mit rollen lassen und es ging bergauf. Erstmal ein wenig bis nach Santa Maria, dann immer steiler und auf den letzten Kilometer hoch, das Weltkulturerbe, dann durchgehend 9 bis 10% Steigung. Ich war ganz sch\u00f6n am ackern, denn ich wollte sehen, wie nahe ich meiner Zeit von 2012 kommen w\u00fcrde.<\/p>\n<p>Oben dann warten auf Herbert. Ungewohnt. Er hatte bedingt durch seinen Unfall im Fr\u00fchjahr allerdings erheblich weniger Trainingskilometer als ich. Also nicht wirklich verwunderlich. Trotzdem ungewohnt &#8211; und kalt.<\/p>\n<p>Irgendwann st\u00fcrzten wir uns dann in die Abfahrt nach Zernez. Dort ging es dann durch das <a href=\"https:\/\/de.wikipedia.org\/wiki\/Engadin\" target=\"_blank\" rel=\"noopener noreferrer\">Engadin<\/a>. Immer leicht bergab. Eigentlich sch\u00f6n zu fahren, w\u00e4re da nicht der garstige Gegenwind, welcher uns auf der kompletten Strecke begleitete. Nach vielen Kilometer schwand die Lust am Radeln. Fr\u00fcher&#x2122; w\u00e4re ich sowas locker gefahren, dachte ich mir.<\/p>\n<p>Dann endlich die Schweizer Landesgrenze und der letzte Anstieg: Die Norbertsh\u00f6he. Ein klasse Benchmark um zu sehen was geht und wie ich fahren kann. Eigentlich sagten die Beine nein, aber der Kopf wollte unbedingt nochmal bestimmen und die letzten K\u00f6rner auf die Passstrasse werfen. Gelungen! Zufrieden und platt bin ich dann den H\u00fcgel zur\u00fcck in die HomeBase herunter gerollt. Sp\u00e4ter dann Nudeln aufm Camping-Platz. Kohldampf!<\/p>\n<p><iframe height='405' width='590' frameborder='0' allowtransparency='true' scrolling='no' src='https:\/\/www.strava.com\/activities\/2638648101\/embed\/e90dd2c4152a581c4593bdf493e0f2d47db41993'><\/iframe><\/p>\n<div class=\"tiled-gallery type-rectangular tiled-gallery-unresized\" data-original-width=\"525\" data-carousel-extra='{&quot;blog_id&quot;:1,&quot;permalink&quot;:&quot;https:\\\/\\\/blog.kunstgriff.net\\\/?p=19953&quot;,&quot;likes_blog_id&quot;:127394879}' itemscope itemtype=\"http:\/\/schema.org\/ImageGallery\" > <div class=\"gallery-row\" style=\"width: 525px; height: 235px;\" data-original-width=\"525\" data-original-height=\"235\" > <div class=\"gallery-group images-1\" style=\"width: 351px; height: 235px;\" data-original-width=\"351\" data-original-height=\"235\" > <div class=\"tiled-gallery-item tiled-gallery-item-large\" itemprop=\"associatedMedia\" itemscope itemtype=\"http:\/\/schema.org\/ImageObject\"> <a href=\"https:\/\/i0.wp.com\/blog.kunstgriff.net\/wp-content\/uploads\/2019\/08\/Abfahrt-von-der-PensionTirol.jpg?ssl=1\" border=\"0\" itemprop=\"url\"> <meta itemprop=\"width\" content=\"347\"> <meta itemprop=\"height\" content=\"231\"> <img decoding=\"async\" class=\"\" data-attachment-id=\"19941\" data-orig-file=\"https:\/\/blog.kunstgriff.net\/wp-content\/uploads\/2019\/08\/Abfahrt-von-der-PensionTirol.jpg\" data-orig-size=\"2500,1667\" data-comments-opened=\"1\" data-image-meta=\"{&quot;aperture&quot;:&quot;2.8&quot;,&quot;credit&quot;:&quot;&quot;,&quot;camera&quot;:&quot;TG-4&quot;,&quot;caption&quot;:&quot;OLYMPUS DIGITAL CAMERA&quot;,&quot;created_timestamp&quot;:&quot;1566379037&quot;,&quot;copyright&quot;:&quot;&quot;,&quot;focal_length&quot;:&quot;4.5&quot;,&quot;iso&quot;:&quot;100&quot;,&quot;shutter_speed&quot;:&quot;0.005&quot;,&quot;title&quot;:&quot;OLYMPUS DIGITAL CAMERA&quot;,&quot;orientation&quot;:&quot;1&quot;}\" data-image-title=\"Abfahrt von der PensionTirol\" data-image-description=\"\" data-medium-file=\"https:\/\/i0.wp.com\/blog.kunstgriff.net\/wp-content\/uploads\/2019\/08\/Abfahrt-von-der-PensionTirol.jpg?fit=300%2C200&#038;ssl=1\" data-large-file=\"https:\/\/i0.wp.com\/blog.kunstgriff.net\/wp-content\/uploads\/2019\/08\/Abfahrt-von-der-PensionTirol.jpg?fit=1024%2C683&#038;ssl=1\" src=\"https:\/\/i0.wp.com\/blog.kunstgriff.net\/wp-content\/uploads\/2019\/08\/Abfahrt-von-der-PensionTirol.jpg?w=347&#038;h=231&#038;ssl=1\" srcset=\"https:\/\/i0.wp.com\/blog.kunstgriff.net\/wp-content\/uploads\/2019\/08\/Abfahrt-von-der-PensionTirol.jpg?w=2500&amp;ssl=1 2500w, https:\/\/i0.wp.com\/blog.kunstgriff.net\/wp-content\/uploads\/2019\/08\/Abfahrt-von-der-PensionTirol.jpg?resize=300%2C200&amp;ssl=1 300w, https:\/\/i0.wp.com\/blog.kunstgriff.net\/wp-content\/uploads\/2019\/08\/Abfahrt-von-der-PensionTirol.jpg?resize=768%2C512&amp;ssl=1 768w, https:\/\/i0.wp.com\/blog.kunstgriff.net\/wp-content\/uploads\/2019\/08\/Abfahrt-von-der-PensionTirol.jpg?resize=1024%2C683&amp;ssl=1 1024w, https:\/\/i0.wp.com\/blog.kunstgriff.net\/wp-content\/uploads\/2019\/08\/Abfahrt-von-der-PensionTirol.jpg?w=1575&amp;ssl=1 1575w\" width=\"347\" height=\"231\" loading=\"lazy\" data-original-width=\"347\" data-original-height=\"231\" itemprop=\"http:\/\/schema.org\/image\" title=\"Abfahrt von der PensionTirol\" alt=\"Abfahrt von der PensionTirol\" style=\"width: 347px; height: 231px;\" \/> <\/a> <div class=\"tiled-gallery-caption\" itemprop=\"caption description\"> Abfahrt von der PensionTirol <\/div> <\/div> <\/div> <!-- close group --> <div class=\"gallery-group images-2\" style=\"width: 174px; height: 235px;\" data-original-width=\"174\" data-original-height=\"235\" > <div class=\"tiled-gallery-item tiled-gallery-item-small\" itemprop=\"associatedMedia\" itemscope itemtype=\"http:\/\/schema.org\/ImageObject\"> <a href=\"https:\/\/i0.wp.com\/blog.kunstgriff.net\/wp-content\/uploads\/2019\/08\/Reschenpass-auch-sehr-beliebt-bei-e-bikern.jpg?ssl=1\" border=\"0\" itemprop=\"url\"> <meta itemprop=\"width\" content=\"170\"> <meta itemprop=\"height\" content=\"114\"> <img decoding=\"async\" class=\"\" data-attachment-id=\"19948\" data-orig-file=\"https:\/\/blog.kunstgriff.net\/wp-content\/uploads\/2019\/08\/Reschenpass-auch-sehr-beliebt-bei-e-bikern.jpg\" data-orig-size=\"2500,1667\" data-comments-opened=\"1\" data-image-meta=\"{&quot;aperture&quot;:&quot;8&quot;,&quot;credit&quot;:&quot;&quot;,&quot;camera&quot;:&quot;TG-4&quot;,&quot;caption&quot;:&quot;OLYMPUS DIGITAL CAMERA&quot;,&quot;created_timestamp&quot;:&quot;1566380703&quot;,&quot;copyright&quot;:&quot;&quot;,&quot;focal_length&quot;:&quot;4.5&quot;,&quot;iso&quot;:&quot;100&quot;,&quot;shutter_speed&quot;:&quot;0.005&quot;,&quot;title&quot;:&quot;OLYMPUS DIGITAL CAMERA&quot;,&quot;orientation&quot;:&quot;1&quot;}\" data-image-title=\"Reschenpass auch sehr beliebt bei e-bikern\" data-image-description=\"\" data-medium-file=\"https:\/\/i0.wp.com\/blog.kunstgriff.net\/wp-content\/uploads\/2019\/08\/Reschenpass-auch-sehr-beliebt-bei-e-bikern.jpg?fit=300%2C200&#038;ssl=1\" data-large-file=\"https:\/\/i0.wp.com\/blog.kunstgriff.net\/wp-content\/uploads\/2019\/08\/Reschenpass-auch-sehr-beliebt-bei-e-bikern.jpg?fit=1024%2C683&#038;ssl=1\" src=\"https:\/\/i0.wp.com\/blog.kunstgriff.net\/wp-content\/uploads\/2019\/08\/Reschenpass-auch-sehr-beliebt-bei-e-bikern.jpg?w=170&#038;h=114&#038;ssl=1\" srcset=\"https:\/\/i0.wp.com\/blog.kunstgriff.net\/wp-content\/uploads\/2019\/08\/Reschenpass-auch-sehr-beliebt-bei-e-bikern.jpg?w=2500&amp;ssl=1 2500w, https:\/\/i0.wp.com\/blog.kunstgriff.net\/wp-content\/uploads\/2019\/08\/Reschenpass-auch-sehr-beliebt-bei-e-bikern.jpg?resize=300%2C200&amp;ssl=1 300w, https:\/\/i0.wp.com\/blog.kunstgriff.net\/wp-content\/uploads\/2019\/08\/Reschenpass-auch-sehr-beliebt-bei-e-bikern.jpg?resize=768%2C512&amp;ssl=1 768w, https:\/\/i0.wp.com\/blog.kunstgriff.net\/wp-content\/uploads\/2019\/08\/Reschenpass-auch-sehr-beliebt-bei-e-bikern.jpg?resize=1024%2C683&amp;ssl=1 1024w, https:\/\/i0.wp.com\/blog.kunstgriff.net\/wp-content\/uploads\/2019\/08\/Reschenpass-auch-sehr-beliebt-bei-e-bikern.jpg?w=1575&amp;ssl=1 1575w\" width=\"170\" height=\"114\" loading=\"lazy\" data-original-width=\"170\" data-original-height=\"114\" itemprop=\"http:\/\/schema.org\/image\" title=\"Reschenpass auch sehr beliebt bei e-bikern\" alt=\"Reschenpass auch sehr beliebt bei e-bikern\" style=\"width: 170px; height: 114px;\" \/> <\/a> <div class=\"tiled-gallery-caption\" itemprop=\"caption description\"> Reschenpass auch sehr beliebt bei e-bikern <\/div> <\/div> <div class=\"tiled-gallery-item tiled-gallery-item-small\" itemprop=\"associatedMedia\" itemscope itemtype=\"http:\/\/schema.org\/ImageObject\"> <a href=\"https:\/\/i0.wp.com\/blog.kunstgriff.net\/wp-content\/uploads\/2019\/08\/Reschensee.jpg?ssl=1\" border=\"0\" itemprop=\"url\"> <meta itemprop=\"width\" content=\"170\"> <meta itemprop=\"height\" content=\"113\"> <img decoding=\"async\" class=\"\" data-attachment-id=\"19950\" data-orig-file=\"https:\/\/blog.kunstgriff.net\/wp-content\/uploads\/2019\/08\/Reschensee.jpg\" data-orig-size=\"2500,1667\" data-comments-opened=\"1\" data-image-meta=\"{&quot;aperture&quot;:&quot;8&quot;,&quot;credit&quot;:&quot;&quot;,&quot;camera&quot;:&quot;TG-4&quot;,&quot;caption&quot;:&quot;OLYMPUS DIGITAL CAMERA&quot;,&quot;created_timestamp&quot;:&quot;1566381568&quot;,&quot;copyright&quot;:&quot;&quot;,&quot;focal_length&quot;:&quot;4.5&quot;,&quot;iso&quot;:&quot;100&quot;,&quot;shutter_speed&quot;:&quot;0.005&quot;,&quot;title&quot;:&quot;OLYMPUS DIGITAL CAMERA&quot;,&quot;orientation&quot;:&quot;1&quot;}\" data-image-title=\"Reschensee\" data-image-description=\"\" data-medium-file=\"https:\/\/i0.wp.com\/blog.kunstgriff.net\/wp-content\/uploads\/2019\/08\/Reschensee.jpg?fit=300%2C200&#038;ssl=1\" data-large-file=\"https:\/\/i0.wp.com\/blog.kunstgriff.net\/wp-content\/uploads\/2019\/08\/Reschensee.jpg?fit=1024%2C683&#038;ssl=1\" src=\"https:\/\/i0.wp.com\/blog.kunstgriff.net\/wp-content\/uploads\/2019\/08\/Reschensee.jpg?w=170&#038;h=113&#038;ssl=1\" srcset=\"https:\/\/i0.wp.com\/blog.kunstgriff.net\/wp-content\/uploads\/2019\/08\/Reschensee.jpg?w=2500&amp;ssl=1 2500w, https:\/\/i0.wp.com\/blog.kunstgriff.net\/wp-content\/uploads\/2019\/08\/Reschensee.jpg?resize=300%2C200&amp;ssl=1 300w, https:\/\/i0.wp.com\/blog.kunstgriff.net\/wp-content\/uploads\/2019\/08\/Reschensee.jpg?resize=768%2C512&amp;ssl=1 768w, https:\/\/i0.wp.com\/blog.kunstgriff.net\/wp-content\/uploads\/2019\/08\/Reschensee.jpg?resize=1024%2C683&amp;ssl=1 1024w, https:\/\/i0.wp.com\/blog.kunstgriff.net\/wp-content\/uploads\/2019\/08\/Reschensee.jpg?w=1575&amp;ssl=1 1575w\" width=\"170\" height=\"113\" loading=\"lazy\" data-original-width=\"170\" data-original-height=\"113\" itemprop=\"http:\/\/schema.org\/image\" title=\"Reschensee\" alt=\"Reschensee\" style=\"width: 170px; height: 113px;\" \/> <\/a> <div class=\"tiled-gallery-caption\" itemprop=\"caption description\"> Reschensee <\/div> <\/div> <\/div> <!-- close group --> <\/div> <!-- close row --> <div class=\"gallery-row\" style=\"width: 525px; height: 235px;\" data-original-width=\"525\" data-original-height=\"235\" > <div class=\"gallery-group images-2\" style=\"width: 174px; height: 235px;\" data-original-width=\"174\" data-original-height=\"235\" > <div class=\"tiled-gallery-item tiled-gallery-item-small\" itemprop=\"associatedMedia\" itemscope itemtype=\"http:\/\/schema.org\/ImageObject\"> <a href=\"https:\/\/i0.wp.com\/blog.kunstgriff.net\/wp-content\/uploads\/2019\/08\/Reschenpass-Fahrradstrasse.jpg?ssl=1\" border=\"0\" itemprop=\"url\"> <meta itemprop=\"width\" content=\"170\"> <meta itemprop=\"height\" content=\"114\"> <img decoding=\"async\" class=\"\" data-attachment-id=\"19949\" data-orig-file=\"https:\/\/blog.kunstgriff.net\/wp-content\/uploads\/2019\/08\/Reschenpass-Fahrradstrasse.jpg\" data-orig-size=\"2500,1667\" data-comments-opened=\"1\" data-image-meta=\"{&quot;aperture&quot;:&quot;8&quot;,&quot;credit&quot;:&quot;&quot;,&quot;camera&quot;:&quot;TG-4&quot;,&quot;caption&quot;:&quot;OLYMPUS DIGITAL CAMERA&quot;,&quot;created_timestamp&quot;:&quot;1566383700&quot;,&quot;copyright&quot;:&quot;&quot;,&quot;focal_length&quot;:&quot;4.5&quot;,&quot;iso&quot;:&quot;100&quot;,&quot;shutter_speed&quot;:&quot;0.00625&quot;,&quot;title&quot;:&quot;OLYMPUS DIGITAL CAMERA&quot;,&quot;orientation&quot;:&quot;1&quot;}\" data-image-title=\"Reschenpass Fahrradstrasse\" data-image-description=\"\" data-medium-file=\"https:\/\/i0.wp.com\/blog.kunstgriff.net\/wp-content\/uploads\/2019\/08\/Reschenpass-Fahrradstrasse.jpg?fit=300%2C200&#038;ssl=1\" data-large-file=\"https:\/\/i0.wp.com\/blog.kunstgriff.net\/wp-content\/uploads\/2019\/08\/Reschenpass-Fahrradstrasse.jpg?fit=1024%2C683&#038;ssl=1\" src=\"https:\/\/i0.wp.com\/blog.kunstgriff.net\/wp-content\/uploads\/2019\/08\/Reschenpass-Fahrradstrasse.jpg?w=170&#038;h=114&#038;ssl=1\" srcset=\"https:\/\/i0.wp.com\/blog.kunstgriff.net\/wp-content\/uploads\/2019\/08\/Reschenpass-Fahrradstrasse.jpg?w=2500&amp;ssl=1 2500w, https:\/\/i0.wp.com\/blog.kunstgriff.net\/wp-content\/uploads\/2019\/08\/Reschenpass-Fahrradstrasse.jpg?resize=300%2C200&amp;ssl=1 300w, https:\/\/i0.wp.com\/blog.kunstgriff.net\/wp-content\/uploads\/2019\/08\/Reschenpass-Fahrradstrasse.jpg?resize=768%2C512&amp;ssl=1 768w, https:\/\/i0.wp.com\/blog.kunstgriff.net\/wp-content\/uploads\/2019\/08\/Reschenpass-Fahrradstrasse.jpg?resize=1024%2C683&amp;ssl=1 1024w, https:\/\/i0.wp.com\/blog.kunstgriff.net\/wp-content\/uploads\/2019\/08\/Reschenpass-Fahrradstrasse.jpg?w=1575&amp;ssl=1 1575w\" width=\"170\" height=\"114\" loading=\"lazy\" data-original-width=\"170\" data-original-height=\"114\" itemprop=\"http:\/\/schema.org\/image\" title=\"Reschenpass Fahrradstrasse\" alt=\"Reschenpass Fahrradstrasse\" style=\"width: 170px; height: 114px;\" \/> <\/a> <div class=\"tiled-gallery-caption\" itemprop=\"caption description\"> Reschenpass Fahrradstrasse <\/div> <\/div> <div class=\"tiled-gallery-item tiled-gallery-item-small\" itemprop=\"associatedMedia\" itemscope itemtype=\"http:\/\/schema.org\/ImageObject\"> <a href=\"https:\/\/i0.wp.com\/blog.kunstgriff.net\/wp-content\/uploads\/2019\/08\/Einziger-Kuchen-heute.jpg?ssl=1\" border=\"0\" itemprop=\"url\"> <meta itemprop=\"width\" content=\"170\"> <meta itemprop=\"height\" content=\"113\"> <img decoding=\"async\" class=\"\" data-attachment-id=\"19942\" data-orig-file=\"https:\/\/blog.kunstgriff.net\/wp-content\/uploads\/2019\/08\/Einziger-Kuchen-heute.jpg\" data-orig-size=\"2500,1667\" data-comments-opened=\"1\" data-image-meta=\"{&quot;aperture&quot;:&quot;2.8&quot;,&quot;credit&quot;:&quot;&quot;,&quot;camera&quot;:&quot;TG-4&quot;,&quot;caption&quot;:&quot;OLYMPUS DIGITAL CAMERA&quot;,&quot;created_timestamp&quot;:&quot;1566383953&quot;,&quot;copyright&quot;:&quot;&quot;,&quot;focal_length&quot;:&quot;4.5&quot;,&quot;iso&quot;:&quot;100&quot;,&quot;shutter_speed&quot;:&quot;0.002&quot;,&quot;title&quot;:&quot;OLYMPUS DIGITAL CAMERA&quot;,&quot;orientation&quot;:&quot;1&quot;}\" data-image-title=\"Einziger Kuchen heute\" data-image-description=\"\" data-medium-file=\"https:\/\/i0.wp.com\/blog.kunstgriff.net\/wp-content\/uploads\/2019\/08\/Einziger-Kuchen-heute.jpg?fit=300%2C200&#038;ssl=1\" data-large-file=\"https:\/\/i0.wp.com\/blog.kunstgriff.net\/wp-content\/uploads\/2019\/08\/Einziger-Kuchen-heute.jpg?fit=1024%2C683&#038;ssl=1\" src=\"https:\/\/i0.wp.com\/blog.kunstgriff.net\/wp-content\/uploads\/2019\/08\/Einziger-Kuchen-heute.jpg?w=170&#038;h=113&#038;ssl=1\" srcset=\"https:\/\/i0.wp.com\/blog.kunstgriff.net\/wp-content\/uploads\/2019\/08\/Einziger-Kuchen-heute.jpg?w=2500&amp;ssl=1 2500w, https:\/\/i0.wp.com\/blog.kunstgriff.net\/wp-content\/uploads\/2019\/08\/Einziger-Kuchen-heute.jpg?resize=300%2C200&amp;ssl=1 300w, https:\/\/i0.wp.com\/blog.kunstgriff.net\/wp-content\/uploads\/2019\/08\/Einziger-Kuchen-heute.jpg?resize=768%2C512&amp;ssl=1 768w, https:\/\/i0.wp.com\/blog.kunstgriff.net\/wp-content\/uploads\/2019\/08\/Einziger-Kuchen-heute.jpg?resize=1024%2C683&amp;ssl=1 1024w, https:\/\/i0.wp.com\/blog.kunstgriff.net\/wp-content\/uploads\/2019\/08\/Einziger-Kuchen-heute.jpg?w=1575&amp;ssl=1 1575w\" width=\"170\" height=\"113\" loading=\"lazy\" data-original-width=\"170\" data-original-height=\"113\" itemprop=\"http:\/\/schema.org\/image\" title=\"Einziger Kuchen heute\" alt=\"Einziger Kuchen heute\" style=\"width: 170px; height: 113px;\" \/> <\/a> <div class=\"tiled-gallery-caption\" itemprop=\"caption description\"> Einziger Kuchen heute <\/div> <\/div> <\/div> <!-- close group --> <div class=\"gallery-group images-1\" style=\"width: 351px; height: 235px;\" data-original-width=\"351\" data-original-height=\"235\" > <div class=\"tiled-gallery-item tiled-gallery-item-large\" itemprop=\"associatedMedia\" itemscope itemtype=\"http:\/\/schema.org\/ImageObject\"> <a href=\"https:\/\/i0.wp.com\/blog.kunstgriff.net\/wp-content\/uploads\/2019\/08\/Ofenpass-Unesco-Weltkulturerbe.jpg?ssl=1\" border=\"0\" itemprop=\"url\"> <meta itemprop=\"width\" content=\"347\"> <meta itemprop=\"height\" content=\"231\"> <img decoding=\"async\" class=\"\" data-attachment-id=\"19947\" data-orig-file=\"https:\/\/blog.kunstgriff.net\/wp-content\/uploads\/2019\/08\/Ofenpass-Unesco-Weltkulturerbe.jpg\" data-orig-size=\"2500,1666\" data-comments-opened=\"1\" data-image-meta=\"{&quot;aperture&quot;:&quot;8&quot;,&quot;credit&quot;:&quot;&quot;,&quot;camera&quot;:&quot;TG-4&quot;,&quot;caption&quot;:&quot;OLYMPUS DIGITAL CAMERA&quot;,&quot;created_timestamp&quot;:&quot;1566386334&quot;,&quot;copyright&quot;:&quot;&quot;,&quot;focal_length&quot;:&quot;4.5&quot;,&quot;iso&quot;:&quot;100&quot;,&quot;shutter_speed&quot;:&quot;0.004&quot;,&quot;title&quot;:&quot;OLYMPUS DIGITAL CAMERA&quot;,&quot;orientation&quot;:&quot;1&quot;}\" data-image-title=\"Ofenpass Unesco Weltkulturerbe\" data-image-description=\"\" data-medium-file=\"https:\/\/i0.wp.com\/blog.kunstgriff.net\/wp-content\/uploads\/2019\/08\/Ofenpass-Unesco-Weltkulturerbe.jpg?fit=300%2C200&#038;ssl=1\" data-large-file=\"https:\/\/i0.wp.com\/blog.kunstgriff.net\/wp-content\/uploads\/2019\/08\/Ofenpass-Unesco-Weltkulturerbe.jpg?fit=1024%2C682&#038;ssl=1\" src=\"https:\/\/i0.wp.com\/blog.kunstgriff.net\/wp-content\/uploads\/2019\/08\/Ofenpass-Unesco-Weltkulturerbe.jpg?w=347&#038;h=231&#038;ssl=1\" srcset=\"https:\/\/i0.wp.com\/blog.kunstgriff.net\/wp-content\/uploads\/2019\/08\/Ofenpass-Unesco-Weltkulturerbe.jpg?w=2500&amp;ssl=1 2500w, https:\/\/i0.wp.com\/blog.kunstgriff.net\/wp-content\/uploads\/2019\/08\/Ofenpass-Unesco-Weltkulturerbe.jpg?resize=300%2C200&amp;ssl=1 300w, https:\/\/i0.wp.com\/blog.kunstgriff.net\/wp-content\/uploads\/2019\/08\/Ofenpass-Unesco-Weltkulturerbe.jpg?resize=768%2C512&amp;ssl=1 768w, https:\/\/i0.wp.com\/blog.kunstgriff.net\/wp-content\/uploads\/2019\/08\/Ofenpass-Unesco-Weltkulturerbe.jpg?resize=1024%2C682&amp;ssl=1 1024w, https:\/\/i0.wp.com\/blog.kunstgriff.net\/wp-content\/uploads\/2019\/08\/Ofenpass-Unesco-Weltkulturerbe.jpg?w=1575&amp;ssl=1 1575w\" width=\"347\" height=\"231\" loading=\"lazy\" data-original-width=\"347\" data-original-height=\"231\" itemprop=\"http:\/\/schema.org\/image\" title=\"Ofenpass Unesco Weltkulturerbe\" alt=\"Ofenpass Unesco Weltkulturerbe\" style=\"width: 347px; height: 231px;\" \/> <\/a> <div class=\"tiled-gallery-caption\" itemprop=\"caption description\"> Ofenpass Unesco Weltkulturerbe <\/div> <\/div> <\/div> <!-- close group --> <\/div> <!-- close row --> <div class=\"gallery-row\" style=\"width: 525px; height: 122px;\" data-original-width=\"525\" data-original-height=\"122\" > <div class=\"gallery-group images-1\" style=\"width: 182px; height: 122px;\" data-original-width=\"182\" data-original-height=\"122\" > <div class=\"tiled-gallery-item tiled-gallery-item-small\" itemprop=\"associatedMedia\" itemscope itemtype=\"http:\/\/schema.org\/ImageObject\"> <a href=\"https:\/\/i0.wp.com\/blog.kunstgriff.net\/wp-content\/uploads\/2019\/08\/toller-Blick-oben-am-Ofenpass.jpg?ssl=1\" border=\"0\" itemprop=\"url\"> <meta itemprop=\"width\" content=\"178\"> <meta itemprop=\"height\" content=\"118\"> <img decoding=\"async\" class=\"\" data-attachment-id=\"19952\" data-orig-file=\"https:\/\/blog.kunstgriff.net\/wp-content\/uploads\/2019\/08\/toller-Blick-oben-am-Ofenpass.jpg\" data-orig-size=\"2500,1667\" data-comments-opened=\"1\" data-image-meta=\"{&quot;aperture&quot;:&quot;8&quot;,&quot;credit&quot;:&quot;&quot;,&quot;camera&quot;:&quot;TG-4&quot;,&quot;caption&quot;:&quot;OLYMPUS DIGITAL CAMERA&quot;,&quot;created_timestamp&quot;:&quot;1566391151&quot;,&quot;copyright&quot;:&quot;&quot;,&quot;focal_length&quot;:&quot;4.5&quot;,&quot;iso&quot;:&quot;100&quot;,&quot;shutter_speed&quot;:&quot;0.003125&quot;,&quot;title&quot;:&quot;OLYMPUS DIGITAL CAMERA&quot;,&quot;orientation&quot;:&quot;1&quot;}\" data-image-title=\"toller Blick oben am Ofenpass\" data-image-description=\"\" data-medium-file=\"https:\/\/i0.wp.com\/blog.kunstgriff.net\/wp-content\/uploads\/2019\/08\/toller-Blick-oben-am-Ofenpass.jpg?fit=300%2C200&#038;ssl=1\" data-large-file=\"https:\/\/i0.wp.com\/blog.kunstgriff.net\/wp-content\/uploads\/2019\/08\/toller-Blick-oben-am-Ofenpass.jpg?fit=1024%2C683&#038;ssl=1\" src=\"https:\/\/i0.wp.com\/blog.kunstgriff.net\/wp-content\/uploads\/2019\/08\/toller-Blick-oben-am-Ofenpass.jpg?w=178&#038;h=118&#038;ssl=1\" srcset=\"https:\/\/i0.wp.com\/blog.kunstgriff.net\/wp-content\/uploads\/2019\/08\/toller-Blick-oben-am-Ofenpass.jpg?w=2500&amp;ssl=1 2500w, https:\/\/i0.wp.com\/blog.kunstgriff.net\/wp-content\/uploads\/2019\/08\/toller-Blick-oben-am-Ofenpass.jpg?resize=300%2C200&amp;ssl=1 300w, https:\/\/i0.wp.com\/blog.kunstgriff.net\/wp-content\/uploads\/2019\/08\/toller-Blick-oben-am-Ofenpass.jpg?resize=768%2C512&amp;ssl=1 768w, https:\/\/i0.wp.com\/blog.kunstgriff.net\/wp-content\/uploads\/2019\/08\/toller-Blick-oben-am-Ofenpass.jpg?resize=1024%2C683&amp;ssl=1 1024w, https:\/\/i0.wp.com\/blog.kunstgriff.net\/wp-content\/uploads\/2019\/08\/toller-Blick-oben-am-Ofenpass.jpg?w=1575&amp;ssl=1 1575w\" width=\"178\" height=\"118\" loading=\"lazy\" data-original-width=\"178\" data-original-height=\"118\" itemprop=\"http:\/\/schema.org\/image\" title=\"toller Blick oben am Ofenpass\" alt=\"toller Blick oben am Ofenpass\" style=\"width: 178px; height: 118px;\" \/> <\/a> <div class=\"tiled-gallery-caption\" itemprop=\"caption description\"> toller Blick oben am Ofenpass <\/div> <\/div> <\/div> <!-- close group --> <div class=\"gallery-group images-1\" style=\"width: 162px; height: 122px;\" data-original-width=\"162\" data-original-height=\"122\" > <div class=\"tiled-gallery-item tiled-gallery-item-small\" itemprop=\"associatedMedia\" itemscope itemtype=\"http:\/\/schema.org\/ImageObject\"> <a href=\"https:\/\/i0.wp.com\/blog.kunstgriff.net\/wp-content\/uploads\/2019\/08\/oben-am-Ofen.jpg?ssl=1\" border=\"0\" itemprop=\"url\"> <meta itemprop=\"width\" content=\"158\"> <meta itemprop=\"height\" content=\"118\"> <img decoding=\"async\" class=\"\" data-attachment-id=\"19951\" data-orig-file=\"https:\/\/blog.kunstgriff.net\/wp-content\/uploads\/2019\/08\/oben-am-Ofen.jpg\" data-orig-size=\"2500,1875\" data-comments-opened=\"1\" data-image-meta=\"{&quot;aperture&quot;:&quot;1.8&quot;,&quot;credit&quot;:&quot;&quot;,&quot;camera&quot;:&quot;iPhone XS Max&quot;,&quot;caption&quot;:&quot;&quot;,&quot;created_timestamp&quot;:&quot;1566392587&quot;,&quot;copyright&quot;:&quot;&quot;,&quot;focal_length&quot;:&quot;4.25&quot;,&quot;iso&quot;:&quot;25&quot;,&quot;shutter_speed&quot;:&quot;0.00036297640653358&quot;,&quot;title&quot;:&quot;&quot;,&quot;orientation&quot;:&quot;1&quot;}\" data-image-title=\"oben am Ofen\" data-image-description=\"\" data-medium-file=\"https:\/\/i0.wp.com\/blog.kunstgriff.net\/wp-content\/uploads\/2019\/08\/oben-am-Ofen.jpg?fit=300%2C225&#038;ssl=1\" data-large-file=\"https:\/\/i0.wp.com\/blog.kunstgriff.net\/wp-content\/uploads\/2019\/08\/oben-am-Ofen.jpg?fit=1024%2C768&#038;ssl=1\" src=\"https:\/\/i0.wp.com\/blog.kunstgriff.net\/wp-content\/uploads\/2019\/08\/oben-am-Ofen.jpg?w=158&#038;h=118&#038;ssl=1\" srcset=\"https:\/\/i0.wp.com\/blog.kunstgriff.net\/wp-content\/uploads\/2019\/08\/oben-am-Ofen.jpg?w=2500&amp;ssl=1 2500w, https:\/\/i0.wp.com\/blog.kunstgriff.net\/wp-content\/uploads\/2019\/08\/oben-am-Ofen.jpg?resize=300%2C225&amp;ssl=1 300w, https:\/\/i0.wp.com\/blog.kunstgriff.net\/wp-content\/uploads\/2019\/08\/oben-am-Ofen.jpg?resize=768%2C576&amp;ssl=1 768w, https:\/\/i0.wp.com\/blog.kunstgriff.net\/wp-content\/uploads\/2019\/08\/oben-am-Ofen.jpg?resize=1024%2C768&amp;ssl=1 1024w, https:\/\/i0.wp.com\/blog.kunstgriff.net\/wp-content\/uploads\/2019\/08\/oben-am-Ofen.jpg?w=1575&amp;ssl=1 1575w\" width=\"158\" height=\"118\" loading=\"lazy\" data-original-width=\"158\" data-original-height=\"118\" itemprop=\"http:\/\/schema.org\/image\" title=\"oben am Ofen\" alt=\"oben am Ofen\" style=\"width: 158px; height: 118px;\" \/> <\/a> <div class=\"tiled-gallery-caption\" itemprop=\"caption description\"> oben am Ofen <\/div> <\/div> <\/div> <!-- close group --> <div class=\"gallery-group images-1\" style=\"width: 181px; height: 122px;\" data-original-width=\"181\" data-original-height=\"122\" > <div class=\"tiled-gallery-item tiled-gallery-item-small\" itemprop=\"associatedMedia\" itemscope itemtype=\"http:\/\/schema.org\/ImageObject\"> <a href=\"https:\/\/i0.wp.com\/blog.kunstgriff.net\/wp-content\/uploads\/2019\/08\/geile-Abfahrt.jpg?ssl=1\" border=\"0\" itemprop=\"url\"> <meta itemprop=\"width\" content=\"177\"> <meta itemprop=\"height\" content=\"118\"> <img decoding=\"async\" class=\"\" data-attachment-id=\"19943\" data-orig-file=\"https:\/\/blog.kunstgriff.net\/wp-content\/uploads\/2019\/08\/geile-Abfahrt.jpg\" data-orig-size=\"2500,1667\" data-comments-opened=\"1\" data-image-meta=\"{&quot;aperture&quot;:&quot;8&quot;,&quot;credit&quot;:&quot;&quot;,&quot;camera&quot;:&quot;TG-4&quot;,&quot;caption&quot;:&quot;OLYMPUS DIGITAL CAMERA&quot;,&quot;created_timestamp&quot;:&quot;1566392990&quot;,&quot;copyright&quot;:&quot;&quot;,&quot;focal_length&quot;:&quot;4.5&quot;,&quot;iso&quot;:&quot;100&quot;,&quot;shutter_speed&quot;:&quot;0.005&quot;,&quot;title&quot;:&quot;OLYMPUS DIGITAL CAMERA&quot;,&quot;orientation&quot;:&quot;1&quot;}\" data-image-title=\"geile Abfahrt\" data-image-description=\"\" data-medium-file=\"https:\/\/i0.wp.com\/blog.kunstgriff.net\/wp-content\/uploads\/2019\/08\/geile-Abfahrt.jpg?fit=300%2C200&#038;ssl=1\" data-large-file=\"https:\/\/i0.wp.com\/blog.kunstgriff.net\/wp-content\/uploads\/2019\/08\/geile-Abfahrt.jpg?fit=1024%2C683&#038;ssl=1\" src=\"https:\/\/i0.wp.com\/blog.kunstgriff.net\/wp-content\/uploads\/2019\/08\/geile-Abfahrt.jpg?w=177&#038;h=118&#038;ssl=1\" srcset=\"https:\/\/i0.wp.com\/blog.kunstgriff.net\/wp-content\/uploads\/2019\/08\/geile-Abfahrt.jpg?w=2500&amp;ssl=1 2500w, https:\/\/i0.wp.com\/blog.kunstgriff.net\/wp-content\/uploads\/2019\/08\/geile-Abfahrt.jpg?resize=300%2C200&amp;ssl=1 300w, https:\/\/i0.wp.com\/blog.kunstgriff.net\/wp-content\/uploads\/2019\/08\/geile-Abfahrt.jpg?resize=768%2C512&amp;ssl=1 768w, https:\/\/i0.wp.com\/blog.kunstgriff.net\/wp-content\/uploads\/2019\/08\/geile-Abfahrt.jpg?resize=1024%2C683&amp;ssl=1 1024w, https:\/\/i0.wp.com\/blog.kunstgriff.net\/wp-content\/uploads\/2019\/08\/geile-Abfahrt.jpg?w=1575&amp;ssl=1 1575w\" width=\"177\" height=\"118\" loading=\"lazy\" data-original-width=\"177\" data-original-height=\"118\" itemprop=\"http:\/\/schema.org\/image\" title=\"geile Abfahrt\" alt=\"geile Abfahrt\" style=\"width: 177px; height: 118px;\" \/> <\/a> <div class=\"tiled-gallery-caption\" itemprop=\"caption description\"> geile Abfahrt <\/div> <\/div> <\/div> <!-- close group --> <\/div> <!-- close row --> <div class=\"gallery-row\" style=\"width: 525px; height: 176px;\" data-original-width=\"525\" data-original-height=\"176\" > <div class=\"gallery-group images-1\" style=\"width: 262px; height: 176px;\" data-original-width=\"262\" data-original-height=\"176\" > <div class=\"tiled-gallery-item tiled-gallery-item-large\" itemprop=\"associatedMedia\" itemscope itemtype=\"http:\/\/schema.org\/ImageObject\"> <a href=\"https:\/\/i0.wp.com\/blog.kunstgriff.net\/wp-content\/uploads\/2019\/08\/heute-nicht-nach-Sankt-Moritz.jpg?ssl=1\" border=\"0\" itemprop=\"url\"> <meta itemprop=\"width\" content=\"258\"> <meta itemprop=\"height\" content=\"172\"> <img decoding=\"async\" class=\"\" data-attachment-id=\"19944\" data-orig-file=\"https:\/\/blog.kunstgriff.net\/wp-content\/uploads\/2019\/08\/heute-nicht-nach-Sankt-Moritz.jpg\" data-orig-size=\"2500,1667\" data-comments-opened=\"1\" data-image-meta=\"{&quot;aperture&quot;:&quot;13&quot;,&quot;credit&quot;:&quot;&quot;,&quot;camera&quot;:&quot;TG-4&quot;,&quot;caption&quot;:&quot;OLYMPUS DIGITAL CAMERA&quot;,&quot;created_timestamp&quot;:&quot;1566395295&quot;,&quot;copyright&quot;:&quot;&quot;,&quot;focal_length&quot;:&quot;8.99&quot;,&quot;iso&quot;:&quot;100&quot;,&quot;shutter_speed&quot;:&quot;0.00625&quot;,&quot;title&quot;:&quot;OLYMPUS DIGITAL CAMERA&quot;,&quot;orientation&quot;:&quot;1&quot;}\" data-image-title=\"heute nicht nach Sankt Moritz\" data-image-description=\"\" data-medium-file=\"https:\/\/i0.wp.com\/blog.kunstgriff.net\/wp-content\/uploads\/2019\/08\/heute-nicht-nach-Sankt-Moritz.jpg?fit=300%2C200&#038;ssl=1\" data-large-file=\"https:\/\/i0.wp.com\/blog.kunstgriff.net\/wp-content\/uploads\/2019\/08\/heute-nicht-nach-Sankt-Moritz.jpg?fit=1024%2C683&#038;ssl=1\" src=\"https:\/\/i0.wp.com\/blog.kunstgriff.net\/wp-content\/uploads\/2019\/08\/heute-nicht-nach-Sankt-Moritz.jpg?w=258&#038;h=172&#038;ssl=1\" srcset=\"https:\/\/i0.wp.com\/blog.kunstgriff.net\/wp-content\/uploads\/2019\/08\/heute-nicht-nach-Sankt-Moritz.jpg?w=2500&amp;ssl=1 2500w, https:\/\/i0.wp.com\/blog.kunstgriff.net\/wp-content\/uploads\/2019\/08\/heute-nicht-nach-Sankt-Moritz.jpg?resize=300%2C200&amp;ssl=1 300w, https:\/\/i0.wp.com\/blog.kunstgriff.net\/wp-content\/uploads\/2019\/08\/heute-nicht-nach-Sankt-Moritz.jpg?resize=768%2C512&amp;ssl=1 768w, https:\/\/i0.wp.com\/blog.kunstgriff.net\/wp-content\/uploads\/2019\/08\/heute-nicht-nach-Sankt-Moritz.jpg?resize=1024%2C683&amp;ssl=1 1024w, https:\/\/i0.wp.com\/blog.kunstgriff.net\/wp-content\/uploads\/2019\/08\/heute-nicht-nach-Sankt-Moritz.jpg?w=1575&amp;ssl=1 1575w\" width=\"258\" height=\"172\" loading=\"lazy\" data-original-width=\"258\" data-original-height=\"172\" itemprop=\"http:\/\/schema.org\/image\" title=\"heute nicht nach Sankt Moritz\" alt=\"heute nicht nach Sankt Moritz\" style=\"width: 258px; height: 172px;\" \/> <\/a> <div class=\"tiled-gallery-caption\" itemprop=\"caption description\"> heute nicht nach Sankt Moritz <\/div> <\/div> <\/div> <!-- close group --> <div class=\"gallery-group images-1\" style=\"width: 263px; height: 176px;\" data-original-width=\"263\" data-original-height=\"176\" > <div class=\"tiled-gallery-item tiled-gallery-item-large\" itemprop=\"associatedMedia\" itemscope itemtype=\"http:\/\/schema.org\/ImageObject\"> <a href=\"https:\/\/i0.wp.com\/blog.kunstgriff.net\/wp-content\/uploads\/2019\/08\/Nicht-mehr-weit.jpg?ssl=1\" border=\"0\" itemprop=\"url\"> <meta itemprop=\"width\" content=\"259\"> <meta itemprop=\"height\" content=\"172\"> <img decoding=\"async\" class=\"\" data-attachment-id=\"19945\" data-orig-file=\"https:\/\/blog.kunstgriff.net\/wp-content\/uploads\/2019\/08\/Nicht-mehr-weit.jpg\" data-orig-size=\"2500,1666\" data-comments-opened=\"1\" data-image-meta=\"{&quot;aperture&quot;:&quot;8&quot;,&quot;credit&quot;:&quot;&quot;,&quot;camera&quot;:&quot;TG-4&quot;,&quot;caption&quot;:&quot;OLYMPUS DIGITAL CAMERA&quot;,&quot;created_timestamp&quot;:&quot;1566398288&quot;,&quot;copyright&quot;:&quot;&quot;,&quot;focal_length&quot;:&quot;4.5&quot;,&quot;iso&quot;:&quot;100&quot;,&quot;shutter_speed&quot;:&quot;0.004&quot;,&quot;title&quot;:&quot;OLYMPUS DIGITAL CAMERA&quot;,&quot;orientation&quot;:&quot;1&quot;}\" data-image-title=\"Nicht mehr weit\" data-image-description=\"\" data-medium-file=\"https:\/\/i0.wp.com\/blog.kunstgriff.net\/wp-content\/uploads\/2019\/08\/Nicht-mehr-weit.jpg?fit=300%2C200&#038;ssl=1\" data-large-file=\"https:\/\/i0.wp.com\/blog.kunstgriff.net\/wp-content\/uploads\/2019\/08\/Nicht-mehr-weit.jpg?fit=1024%2C682&#038;ssl=1\" src=\"https:\/\/i0.wp.com\/blog.kunstgriff.net\/wp-content\/uploads\/2019\/08\/Nicht-mehr-weit.jpg?w=259&#038;h=172&#038;ssl=1\" srcset=\"https:\/\/i0.wp.com\/blog.kunstgriff.net\/wp-content\/uploads\/2019\/08\/Nicht-mehr-weit.jpg?w=2500&amp;ssl=1 2500w, https:\/\/i0.wp.com\/blog.kunstgriff.net\/wp-content\/uploads\/2019\/08\/Nicht-mehr-weit.jpg?resize=300%2C200&amp;ssl=1 300w, https:\/\/i0.wp.com\/blog.kunstgriff.net\/wp-content\/uploads\/2019\/08\/Nicht-mehr-weit.jpg?resize=768%2C512&amp;ssl=1 768w, https:\/\/i0.wp.com\/blog.kunstgriff.net\/wp-content\/uploads\/2019\/08\/Nicht-mehr-weit.jpg?resize=1024%2C682&amp;ssl=1 1024w, https:\/\/i0.wp.com\/blog.kunstgriff.net\/wp-content\/uploads\/2019\/08\/Nicht-mehr-weit.jpg?w=1575&amp;ssl=1 1575w\" width=\"259\" height=\"172\" loading=\"lazy\" data-original-width=\"259\" data-original-height=\"172\" itemprop=\"http:\/\/schema.org\/image\" title=\"Nicht mehr weit\" alt=\"Nicht mehr weit\" style=\"width: 259px; height: 172px;\" \/> <\/a> <div class=\"tiled-gallery-caption\" itemprop=\"caption description\"> Nicht mehr weit <\/div> <\/div> <\/div> <!-- close group --> <\/div> <!-- close row --> <\/div>\n","protected":false},"excerpt":{"rendered":"<p>wollte es heute mal wieder wissen Gestern haben wir wegen des Regens einen Ausflug nach St. Moritz unternommen. Heute hofften wir auf besseres Wetter. Das sah erstmal nicht so aus, denn es hatte die ganze Nacht geregnet und auch zum Fr\u00fchst\u00fcck nieselte es noch. Ich lie\u00df mich aber nicht beirren, denn das Regenradar zeigte zum &hellip; <\/p>\n<p class=\"link-more\"><a href=\"https:\/\/blog.kunstgriff.net\/?p=19953\" class=\"more-link\"><span class=\"screen-reader-text\">\u201eNauders, Reschen- &#038; Ofenpass, Engadin und Norbertsh\u00f6he\u201c <\/span>weiterlesen<\/a><\/p>\n","protected":false},"author":2,"featured_media":19947,"comment_status":"open","ping_status":"open","sticky":false,"template":"","format":"standard","meta":{"jetpack_post_was_ever_published":false,"_jetpack_newsletter_access":"","_jetpack_dont_email_post_to_subs":false,"_jetpack_newsletter_tier_id":0,"_jetpack_memberships_contains_paywalled_content":false,"_jetpack_memberships_contains_paid_content":false,"footnotes":""},"categories":[14,13,7],"tags":[],"class_list":["post-19953","post","type-post","status-publish","format-standard","has-post-thumbnail","hentry","category-radfahren","category-radreise","category-rennradfahren"],"jetpack_featured_media_url":"https:\/\/i0.wp.com\/blog.kunstgriff.net\/wp-content\/uploads\/2019\/08\/Ofenpass-Unesco-Weltkulturerbe.jpg?fit=2500%2C1666&ssl=1","jetpack_shortlink":"https:\/\/wp.me\/p8Cxe7-5bP","jetpack-related-posts":[{"id":18526,"url":"https:\/\/blog.kunstgriff.net\/?p=18526","url_meta":{"origin":19953,"position":0},"title":"ERT 2018: Breisgau 2. Tag","author":"Georg","date":"Juli 31, 2018","format":false,"excerpt":"Schauinsland und Belchen Was stand heute auf dem Programm? Nat\u00fcrlich Radfahren! Nach dem pers\u00f6nlich, mit im REWE gekauften Blaubeeren und Kiwi, verfeinerten M\u00fcsli am Fr\u00fchst\u00fcckstisch, war die mittlere Strecke von allen f\u00fcr gut befunden worden. Zwar entging uns so der Feldberg \u2013 immerhin h\u00f6chster Berg im Schwarzwald \u2013 aber es\u2026","rel":"","context":"In &quot;Radfahren&quot;","block_context":{"text":"Radfahren","link":"https:\/\/blog.kunstgriff.net\/?cat=14"},"img":{"alt_text":"","src":"https:\/\/i0.wp.com\/blog.kunstgriff.net\/wp-content\/uploads\/2018\/08\/Gipfelfoto-Belchen.jpg?fit=1200%2C800&ssl=1&resize=350%2C200","width":350,"height":200,"srcset":"https:\/\/i0.wp.com\/blog.kunstgriff.net\/wp-content\/uploads\/2018\/08\/Gipfelfoto-Belchen.jpg?fit=1200%2C800&ssl=1&resize=350%2C200 1x, https:\/\/i0.wp.com\/blog.kunstgriff.net\/wp-content\/uploads\/2018\/08\/Gipfelfoto-Belchen.jpg?fit=1200%2C800&ssl=1&resize=525%2C300 1.5x, https:\/\/i0.wp.com\/blog.kunstgriff.net\/wp-content\/uploads\/2018\/08\/Gipfelfoto-Belchen.jpg?fit=1200%2C800&ssl=1&resize=700%2C400 2x, https:\/\/i0.wp.com\/blog.kunstgriff.net\/wp-content\/uploads\/2018\/08\/Gipfelfoto-Belchen.jpg?fit=1200%2C800&ssl=1&resize=1050%2C600 3x"},"classes":[]},{"id":1380,"url":"https:\/\/blog.kunstgriff.net\/?p=1380","url_meta":{"origin":19953,"position":1},"title":"Rh\u00f6n-Rad Marathon Super-Cup","author":"Georg","date":"Mai 23, 2010","format":false,"excerpt":"212,7 km | 3.726 H\u00f6henmeter Nach einer zweiten kurzen Nacht mit automatischem aufgeregten Aufwachen um 4:29 Uhr in einer komfortablen kleinen Pension in Bad Salzschlirf ging es nach einem recht \u00fcbersichtlichem Fr\u00fchst\u00fcck, bestehend aus drei Honigbr\u00f6tchen und drei Tassen Kaffee mit dem Auto ins 10 km entfernte Bimbach. Die freiwillige\u2026","rel":"","context":"In &quot;Radfahren&quot;","block_context":{"text":"Radfahren","link":"https:\/\/blog.kunstgriff.net\/?cat=14"},"img":{"alt_text":"","src":"https:\/\/i0.wp.com\/blog.kunstgriff.net\/wp-content\/uploads\/2010\/05\/100_3005.jpg?fit=510%2C340&ssl=1&resize=350%2C200","width":350,"height":200},"classes":[]},{"id":11586,"url":"https:\/\/blog.kunstgriff.net\/?p=11586","url_meta":{"origin":19953,"position":2},"title":"Mallorca Trainingscamp 2014 &#8211; Tag 3 &#8211; Randa","author":"Georg","date":"April 2, 2014","format":false,"excerpt":"oder \u00bbNur 1x wirklich hoch\u00abHeute war der dritten Trainingstag auf der Insel und nicht nur meine Beine zwackten ein wenig, sondern auch mein unterer R\u00fccken machte mir Sorgen. Die ganze Zeit Schmerzen. Laufen tat weh, aber ich war ja zum Radfahren hier. Radfahren klang gut, die Fahrt hoch nach Randa\u2026","rel":"","context":"In &quot;Radfahren&quot;","block_context":{"text":"Radfahren","link":"https:\/\/blog.kunstgriff.net\/?cat=14"},"img":{"alt_text":"","src":"https:\/\/i0.wp.com\/blog.kunstgriff.net\/wp-content\/uploads\/2014\/04\/Oben-im-Caf%C3%A9-in-Randa.jpg?fit=1200%2C900&ssl=1&resize=350%2C200","width":350,"height":200,"srcset":"https:\/\/i0.wp.com\/blog.kunstgriff.net\/wp-content\/uploads\/2014\/04\/Oben-im-Caf%C3%A9-in-Randa.jpg?fit=1200%2C900&ssl=1&resize=350%2C200 1x, https:\/\/i0.wp.com\/blog.kunstgriff.net\/wp-content\/uploads\/2014\/04\/Oben-im-Caf%C3%A9-in-Randa.jpg?fit=1200%2C900&ssl=1&resize=525%2C300 1.5x, https:\/\/i0.wp.com\/blog.kunstgriff.net\/wp-content\/uploads\/2014\/04\/Oben-im-Caf%C3%A9-in-Randa.jpg?fit=1200%2C900&ssl=1&resize=700%2C400 2x, https:\/\/i0.wp.com\/blog.kunstgriff.net\/wp-content\/uploads\/2014\/04\/Oben-im-Caf%C3%A9-in-Randa.jpg?fit=1200%2C900&ssl=1&resize=1050%2C600 3x"},"classes":[]},{"id":15781,"url":"https:\/\/blog.kunstgriff.net\/?p=15781","url_meta":{"origin":19953,"position":3},"title":"ERT 2017 Cles \u2013 Bormio","author":"Georg","date":"Juni 7, 2017","format":false,"excerpt":"103,8 km | 2.752 H\u00f6henmeter Der Blick aus dem Fenster unseres Bed&Breakfast zauberte ein breites L\u00e4cheln auf Iljas und mein Gesicht: fast wolkenloser Himmel und Sonnenschein soweit das Auge reichte. Nach den Regenfahrten der vergangenen Tage eine riesen Freude und die willkommenste \u00a0denkbare Abwechslung! Das von Rosario und seiner Mutter\u2026","rel":"","context":"In &quot;Radreise&quot;","block_context":{"text":"Radreise","link":"https:\/\/blog.kunstgriff.net\/?cat=13"},"img":{"alt_text":"","src":"https:\/\/i0.wp.com\/blog.kunstgriff.net\/wp-content\/uploads\/2017\/06\/Oben-am-Passo-Gavia.jpg?fit=1200%2C800&ssl=1&resize=350%2C200","width":350,"height":200,"srcset":"https:\/\/i0.wp.com\/blog.kunstgriff.net\/wp-content\/uploads\/2017\/06\/Oben-am-Passo-Gavia.jpg?fit=1200%2C800&ssl=1&resize=350%2C200 1x, https:\/\/i0.wp.com\/blog.kunstgriff.net\/wp-content\/uploads\/2017\/06\/Oben-am-Passo-Gavia.jpg?fit=1200%2C800&ssl=1&resize=525%2C300 1.5x, https:\/\/i0.wp.com\/blog.kunstgriff.net\/wp-content\/uploads\/2017\/06\/Oben-am-Passo-Gavia.jpg?fit=1200%2C800&ssl=1&resize=700%2C400 2x, https:\/\/i0.wp.com\/blog.kunstgriff.net\/wp-content\/uploads\/2017\/06\/Oben-am-Passo-Gavia.jpg?fit=1200%2C800&ssl=1&resize=1050%2C600 3x"},"classes":[]},{"id":8100,"url":"https:\/\/blog.kunstgriff.net\/?p=8100","url_meta":{"origin":19953,"position":4},"title":"Oderbruch-Runde","author":"Georg","date":"Juni 3, 2012","format":false,"excerpt":"oder \u00bbKilometer- und H\u00f6henmeter-fressen\u00abF\u00fcr heute bot Sascha eine Tour in den Oderbruch an. Ordentlich Kilometer und auch ein paar H\u00f6henmeter standen auf dem Zettel. Genau das richtige als letzte, umfangreiche Velothonvorbereitung. Ich war positiv \u00fcberrascht als um 10:30 Uhr viele bekannte Gesichter am zweiten Treffpunkt Landsberger Allee\/Weissenseerstrasse auftauchten. Neben Sasche,\u2026","rel":"","context":"In &quot;200er&quot;","block_context":{"text":"200er","link":"https:\/\/blog.kunstgriff.net\/?cat=48"},"img":{"alt_text":"","src":"https:\/\/i0.wp.com\/blog.kunstgriff.net\/wp-content\/uploads\/2012\/06\/Noch-scheint-die-Sonne-hinter-Hirschfelde-300x225.jpg?resize=350%2C200","width":350,"height":200},"classes":[]},{"id":13538,"url":"https:\/\/blog.kunstgriff.net\/?p=13538","url_meta":{"origin":19953,"position":5},"title":"Spargel-Tour mit den Havellandriders 2016","author":"Georg","date":"Juni 5, 2016","format":false,"excerpt":"oder \u00bbTraditions-Ausflug zu neuem Spargel-Mittagstisch\u00abHeute war es wieder soweit und die Warterei auf Spargel hatte ein Ende! Es ging zur traditionellen Spargeltour. Diesmal scoutete uns Susanne eine neue Location die erprobt werden wollte: Den Spargelhof Kremmen. Allerdings musste erst einmal ein wenig an der Kurbel gedreht werden, bevor wir uns\u2026","rel":"","context":"In &quot;Radfahren&quot;","block_context":{"text":"Radfahren","link":"https:\/\/blog.kunstgriff.net\/?cat=14"},"img":{"alt_text":"Durch das wilde Brandenburg","src":"https:\/\/i0.wp.com\/blog.kunstgriff.net\/wp-content\/uploads\/2016\/06\/Durch-das-wilde-Brandenburg.jpg?fit=1200%2C900&ssl=1&resize=350%2C200","width":350,"height":200,"srcset":"https:\/\/i0.wp.com\/blog.kunstgriff.net\/wp-content\/uploads\/2016\/06\/Durch-das-wilde-Brandenburg.jpg?fit=1200%2C900&ssl=1&resize=350%2C200 1x, https:\/\/i0.wp.com\/blog.kunstgriff.net\/wp-content\/uploads\/2016\/06\/Durch-das-wilde-Brandenburg.jpg?fit=1200%2C900&ssl=1&resize=525%2C300 1.5x, https:\/\/i0.wp.com\/blog.kunstgriff.net\/wp-content\/uploads\/2016\/06\/Durch-das-wilde-Brandenburg.jpg?fit=1200%2C900&ssl=1&resize=700%2C400 2x, https:\/\/i0.wp.com\/blog.kunstgriff.net\/wp-content\/uploads\/2016\/06\/Durch-das-wilde-Brandenburg.jpg?fit=1200%2C900&ssl=1&resize=1050%2C600 3x"},"classes":[]}],"jetpack_likes_enabled":true,"jetpack_sharing_enabled":true,"_links":{"self":[{"href":"https:\/\/blog.kunstgriff.net\/index.php?rest_route=\/wp\/v2\/posts\/19953","targetHints":{"allow":["GET"]}}],"collection":[{"href":"https:\/\/blog.kunstgriff.net\/index.php?rest_route=\/wp\/v2\/posts"}],"about":[{"href":"https:\/\/blog.kunstgriff.net\/index.php?rest_route=\/wp\/v2\/types\/post"}],"author":[{"embeddable":true,"href":"https:\/\/blog.kunstgriff.net\/index.php?rest_route=\/wp\/v2\/users\/2"}],"replies":[{"embeddable":true,"href":"https:\/\/blog.kunstgriff.net\/index.php?rest_route=%2Fwp%2Fv2%2Fcomments&post=19953"}],"version-history":[{"count":0,"href":"https:\/\/blog.kunstgriff.net\/index.php?rest_route=\/wp\/v2\/posts\/19953\/revisions"}],"wp:featuredmedia":[{"embeddable":true,"href":"https:\/\/blog.kunstgriff.net\/index.php?rest_route=\/wp\/v2\/media\/19947"}],"wp:attachment":[{"href":"https:\/\/blog.kunstgriff.net\/index.php?rest_route=%2Fwp%2Fv2%2Fmedia&parent=19953"}],"wp:term":[{"taxonomy":"category","embeddable":true,"href":"https:\/\/blog.kunstgriff.net\/index.php?rest_route=%2Fwp%2Fv2%2Fcategories&post=19953"},{"taxonomy":"post_tag","embeddable":true,"href":"https:\/\/blog.kunstgriff.net\/index.php?rest_route=%2Fwp%2Fv2%2Ftags&post=19953"}],"curies":[{"name":"wp","href":"https:\/\/api.w.org\/{rel}","templated":true}]}}