{"id":20046,"date":"2019-09-01T15:18:45","date_gmt":"2019-09-01T13:18:45","guid":{"rendered":"https:\/\/blog.kunstgriff.net\/?p=20046"},"modified":"2019-09-01T15:18:45","modified_gmt":"2019-09-01T13:18:45","slug":"paewesin-runde-08","status":"publish","type":"post","link":"https:\/\/blog.kunstgriff.net\/?p=20046","title":{"rendered":"P\u00e4wesin-Runde #08"},"content":{"rendered":"<span class=\"span-reading-time rt-reading-time\" style=\"display: block;\"><span class=\"rt-label rt-prefix\">Lesezeit: <\/span> <span class=\"rt-time\"> &lt; 1<\/span> <span class=\"rt-label rt-postfix\">Minute<\/span><\/span><h4>Cakeride in der Sommerhitze<\/h4>\n<hr \/>\n<p>Nach der, doch recht anstrengenden, gestrigen Hitze-Schlacht, wollte ich es heute <del datetime=\"2019-09-01T12:55:48+00:00\">eigentlich<\/del> ein wenig ruhiger angehen lassen. Mit Stefan H. nach P\u00e4wesin zu fahren, war daf\u00fcr wohl nicht der beste Plan. Als dritter Mann sprang dann noch der Manne ein und so ging es gut gelaunt bei sch\u00f6nem Sommer-Sonnen-Wetter nach Westen.<\/p>\n<p>Erstmal knackig gegen den Wind, aber ich hatte ja <em>Wing-Man<\/em> Stefan im Gep\u00e4ck und so lief es wunderbar. Ich musste nur 1x <em>\u00bbruhiger\u00ab<\/em> rufen\u2026<\/p>\n<p>Hinter Ketzin konnten wir uns dann noch in den Windschatten eines Omnibus hocken, der uns mit 40 bis 50 km\/h locker pedallierend weit hinaus ins Havelland brachte. Genau mein Geschmack.<\/p>\n<p>In P\u00e4wesin trauten wir unseren Augen kaum, denn alle Tische waren leer und es gab keine Schlange. Auf meine Nachfrage hin, ob das <em>die Ruhe vor dem Sturm<\/em> sei, sagte man uns, dass wir genau dazwischen gelandet seien. Hervorragend: Sonntag Mittags um 11:30 Uhr scheint die perfekte Kuchenzeit in P\u00e4wesin zu sein!<\/p>\n<p>Nachdem wir Platz genommen hatten f\u00fcllte sich die B\u00e4ckerei auch stetig und es war die gewohnte Schlange vor der T\u00fcr.<\/p>\n<p>Genau der richtige Zeitpunkt aufzubrechen und den R\u00fcck<del>wind<\/del>weg mit ordentlich Schiebewind anzutreten. Die Grenze der Hauptstadt war schnell erreicht und die Vorfreude auf das gemeinsame Abendessen beim Kroaten stellte sich ein.<\/p>\n<p>Eine tolle Sonntagstour mit Sport.<\/p>\n<p><iframe loading=\"lazy\" src=\"https:\/\/www.strava.com\/activities\/2670470314\/embed\/2f0999673a71ee7d74ca76897f1d603bf77d6a24\" width=\"590\" height=\"405\" frameborder=\"0\" scrolling=\"no\"><\/iframe><\/p>\n<div class=\"tiled-gallery type-rectangular tiled-gallery-unresized\" data-original-width=\"525\" data-carousel-extra='{&quot;blog_id&quot;:1,&quot;permalink&quot;:&quot;https:\\\/\\\/blog.kunstgriff.net\\\/?p=20046&quot;,&quot;likes_blog_id&quot;:127394879}' itemscope itemtype=\"http:\/\/schema.org\/ImageGallery\" > <div class=\"gallery-row\" style=\"width: 525px; height: 235px;\" data-original-width=\"525\" data-original-height=\"235\" > <div class=\"gallery-group images-1\" style=\"width: 351px; height: 235px;\" data-original-width=\"351\" data-original-height=\"235\" > <div class=\"tiled-gallery-item tiled-gallery-item-large\" itemprop=\"associatedMedia\" itemscope itemtype=\"http:\/\/schema.org\/ImageObject\"> <a href=\"https:\/\/i0.wp.com\/blog.kunstgriff.net\/wp-content\/uploads\/2019\/09\/Durch-den-Sacrower-Wald.jpg?ssl=1\" border=\"0\" itemprop=\"url\"> <meta itemprop=\"width\" content=\"347\"> <meta itemprop=\"height\" content=\"231\"> <img decoding=\"async\" class=\"\" data-attachment-id=\"20042\" data-orig-file=\"https:\/\/blog.kunstgriff.net\/wp-content\/uploads\/2019\/09\/Durch-den-Sacrower-Wald.jpg\" data-orig-size=\"2500,1666\" data-comments-opened=\"1\" data-image-meta=\"{&quot;aperture&quot;:&quot;2.8&quot;,&quot;credit&quot;:&quot;&quot;,&quot;camera&quot;:&quot;TG-4&quot;,&quot;caption&quot;:&quot;OLYMPUS DIGITAL CAMERA&quot;,&quot;created_timestamp&quot;:&quot;1567333023&quot;,&quot;copyright&quot;:&quot;&quot;,&quot;focal_length&quot;:&quot;4.5&quot;,&quot;iso&quot;:&quot;100&quot;,&quot;shutter_speed&quot;:&quot;0.016666666666667&quot;,&quot;title&quot;:&quot;OLYMPUS DIGITAL CAMERA&quot;,&quot;orientation&quot;:&quot;1&quot;}\" data-image-title=\"Durch den Sacrower Wald\" data-image-description=\"\" data-medium-file=\"https:\/\/i0.wp.com\/blog.kunstgriff.net\/wp-content\/uploads\/2019\/09\/Durch-den-Sacrower-Wald.jpg?fit=300%2C200&#038;ssl=1\" data-large-file=\"https:\/\/i0.wp.com\/blog.kunstgriff.net\/wp-content\/uploads\/2019\/09\/Durch-den-Sacrower-Wald.jpg?fit=1024%2C682&#038;ssl=1\" src=\"https:\/\/i0.wp.com\/blog.kunstgriff.net\/wp-content\/uploads\/2019\/09\/Durch-den-Sacrower-Wald.jpg?w=347&#038;h=231&#038;ssl=1\" srcset=\"https:\/\/i0.wp.com\/blog.kunstgriff.net\/wp-content\/uploads\/2019\/09\/Durch-den-Sacrower-Wald.jpg?w=2500&amp;ssl=1 2500w, https:\/\/i0.wp.com\/blog.kunstgriff.net\/wp-content\/uploads\/2019\/09\/Durch-den-Sacrower-Wald.jpg?resize=300%2C200&amp;ssl=1 300w, https:\/\/i0.wp.com\/blog.kunstgriff.net\/wp-content\/uploads\/2019\/09\/Durch-den-Sacrower-Wald.jpg?resize=768%2C512&amp;ssl=1 768w, https:\/\/i0.wp.com\/blog.kunstgriff.net\/wp-content\/uploads\/2019\/09\/Durch-den-Sacrower-Wald.jpg?resize=1024%2C682&amp;ssl=1 1024w, https:\/\/i0.wp.com\/blog.kunstgriff.net\/wp-content\/uploads\/2019\/09\/Durch-den-Sacrower-Wald.jpg?w=1575&amp;ssl=1 1575w\" width=\"347\" height=\"231\" loading=\"lazy\" data-original-width=\"347\" data-original-height=\"231\" itemprop=\"http:\/\/schema.org\/image\" title=\"Durch den Sacrower Wald\" alt=\"Durch den Sacrower Wald\" style=\"width: 347px; height: 231px;\" \/> <\/a> <div class=\"tiled-gallery-caption\" itemprop=\"caption description\"> Durch den Sacrower Wald <\/div> <\/div> <\/div> <!-- close group --> <div class=\"gallery-group images-2\" style=\"width: 174px; height: 235px;\" data-original-width=\"174\" data-original-height=\"235\" > <div class=\"tiled-gallery-item tiled-gallery-item-small\" itemprop=\"associatedMedia\" itemscope itemtype=\"http:\/\/schema.org\/ImageObject\"> <a href=\"https:\/\/i0.wp.com\/blog.kunstgriff.net\/wp-content\/uploads\/2019\/09\/vor-Priort.jpg?ssl=1\" border=\"0\" itemprop=\"url\"> <meta itemprop=\"width\" content=\"170\"> <meta itemprop=\"height\" content=\"113\"> <img decoding=\"async\" class=\"\" data-attachment-id=\"20045\" data-orig-file=\"https:\/\/blog.kunstgriff.net\/wp-content\/uploads\/2019\/09\/vor-Priort.jpg\" data-orig-size=\"2500,1665\" data-comments-opened=\"1\" data-image-meta=\"{&quot;aperture&quot;:&quot;8&quot;,&quot;credit&quot;:&quot;&quot;,&quot;camera&quot;:&quot;TG-4&quot;,&quot;caption&quot;:&quot;OLYMPUS DIGITAL CAMERA&quot;,&quot;created_timestamp&quot;:&quot;1567334610&quot;,&quot;copyright&quot;:&quot;&quot;,&quot;focal_length&quot;:&quot;4.5&quot;,&quot;iso&quot;:&quot;100&quot;,&quot;shutter_speed&quot;:&quot;0.004&quot;,&quot;title&quot;:&quot;OLYMPUS DIGITAL CAMERA&quot;,&quot;orientation&quot;:&quot;1&quot;}\" data-image-title=\"vor Priort\" data-image-description=\"\" data-medium-file=\"https:\/\/i0.wp.com\/blog.kunstgriff.net\/wp-content\/uploads\/2019\/09\/vor-Priort.jpg?fit=300%2C200&#038;ssl=1\" data-large-file=\"https:\/\/i0.wp.com\/blog.kunstgriff.net\/wp-content\/uploads\/2019\/09\/vor-Priort.jpg?fit=1024%2C682&#038;ssl=1\" src=\"https:\/\/i0.wp.com\/blog.kunstgriff.net\/wp-content\/uploads\/2019\/09\/vor-Priort.jpg?w=170&#038;h=113&#038;ssl=1\" srcset=\"https:\/\/i0.wp.com\/blog.kunstgriff.net\/wp-content\/uploads\/2019\/09\/vor-Priort.jpg?w=2500&amp;ssl=1 2500w, https:\/\/i0.wp.com\/blog.kunstgriff.net\/wp-content\/uploads\/2019\/09\/vor-Priort.jpg?resize=300%2C200&amp;ssl=1 300w, https:\/\/i0.wp.com\/blog.kunstgriff.net\/wp-content\/uploads\/2019\/09\/vor-Priort.jpg?resize=768%2C511&amp;ssl=1 768w, https:\/\/i0.wp.com\/blog.kunstgriff.net\/wp-content\/uploads\/2019\/09\/vor-Priort.jpg?resize=1024%2C682&amp;ssl=1 1024w, https:\/\/i0.wp.com\/blog.kunstgriff.net\/wp-content\/uploads\/2019\/09\/vor-Priort.jpg?w=1575&amp;ssl=1 1575w\" width=\"170\" height=\"113\" loading=\"lazy\" data-original-width=\"170\" data-original-height=\"113\" itemprop=\"http:\/\/schema.org\/image\" title=\"vor Priort\" alt=\"vor Priort\" style=\"width: 170px; height: 113px;\" \/> <\/a> <div class=\"tiled-gallery-caption\" itemprop=\"caption description\"> vor Priort <\/div> <\/div> <div class=\"tiled-gallery-item tiled-gallery-item-small\" itemprop=\"associatedMedia\" itemscope itemtype=\"http:\/\/schema.org\/ImageObject\"> <a href=\"https:\/\/i0.wp.com\/blog.kunstgriff.net\/wp-content\/uploads\/2019\/09\/Toskana-Brandenburgs.jpg?ssl=1\" border=\"0\" itemprop=\"url\"> <meta itemprop=\"width\" content=\"170\"> <meta itemprop=\"height\" content=\"114\"> <img decoding=\"async\" class=\"\" data-attachment-id=\"20044\" data-orig-file=\"https:\/\/blog.kunstgriff.net\/wp-content\/uploads\/2019\/09\/Toskana-Brandenburgs.jpg\" data-orig-size=\"2500,1667\" data-comments-opened=\"1\" data-image-meta=\"{&quot;aperture&quot;:&quot;8&quot;,&quot;credit&quot;:&quot;&quot;,&quot;camera&quot;:&quot;TG-4&quot;,&quot;caption&quot;:&quot;OLYMPUS DIGITAL CAMERA&quot;,&quot;created_timestamp&quot;:&quot;1567334780&quot;,&quot;copyright&quot;:&quot;&quot;,&quot;focal_length&quot;:&quot;4.5&quot;,&quot;iso&quot;:&quot;100&quot;,&quot;shutter_speed&quot;:&quot;0.00625&quot;,&quot;title&quot;:&quot;OLYMPUS DIGITAL CAMERA&quot;,&quot;orientation&quot;:&quot;1&quot;}\" data-image-title=\"Toskana Brandenburgs\" data-image-description=\"\" data-medium-file=\"https:\/\/i0.wp.com\/blog.kunstgriff.net\/wp-content\/uploads\/2019\/09\/Toskana-Brandenburgs.jpg?fit=300%2C200&#038;ssl=1\" data-large-file=\"https:\/\/i0.wp.com\/blog.kunstgriff.net\/wp-content\/uploads\/2019\/09\/Toskana-Brandenburgs.jpg?fit=1024%2C683&#038;ssl=1\" src=\"https:\/\/i0.wp.com\/blog.kunstgriff.net\/wp-content\/uploads\/2019\/09\/Toskana-Brandenburgs.jpg?w=170&#038;h=114&#038;ssl=1\" srcset=\"https:\/\/i0.wp.com\/blog.kunstgriff.net\/wp-content\/uploads\/2019\/09\/Toskana-Brandenburgs.jpg?w=2500&amp;ssl=1 2500w, https:\/\/i0.wp.com\/blog.kunstgriff.net\/wp-content\/uploads\/2019\/09\/Toskana-Brandenburgs.jpg?resize=300%2C200&amp;ssl=1 300w, https:\/\/i0.wp.com\/blog.kunstgriff.net\/wp-content\/uploads\/2019\/09\/Toskana-Brandenburgs.jpg?resize=768%2C512&amp;ssl=1 768w, https:\/\/i0.wp.com\/blog.kunstgriff.net\/wp-content\/uploads\/2019\/09\/Toskana-Brandenburgs.jpg?resize=1024%2C683&amp;ssl=1 1024w, https:\/\/i0.wp.com\/blog.kunstgriff.net\/wp-content\/uploads\/2019\/09\/Toskana-Brandenburgs.jpg?w=1575&amp;ssl=1 1575w\" width=\"170\" height=\"114\" loading=\"lazy\" data-original-width=\"170\" data-original-height=\"114\" itemprop=\"http:\/\/schema.org\/image\" title=\"Toskana Brandenburgs\" alt=\"Toskana Brandenburgs\" style=\"width: 170px; height: 114px;\" \/> <\/a> <div class=\"tiled-gallery-caption\" itemprop=\"caption description\"> Toskana Brandenburgs <\/div> <\/div> <\/div> <!-- close group --> <\/div> <!-- close row --> <div class=\"gallery-row\" style=\"width: 525px; height: 351px;\" data-original-width=\"525\" data-original-height=\"351\" > <div class=\"gallery-group images-1\" style=\"width: 525px; height: 351px;\" data-original-width=\"525\" data-original-height=\"351\" > <div class=\"tiled-gallery-item tiled-gallery-item-large\" itemprop=\"associatedMedia\" itemscope itemtype=\"http:\/\/schema.org\/ImageObject\"> <a href=\"https:\/\/i0.wp.com\/blog.kunstgriff.net\/wp-content\/uploads\/2019\/09\/endlich-Kuchen.jpg?ssl=1\" border=\"0\" itemprop=\"url\"> <meta itemprop=\"width\" content=\"521\"> <meta itemprop=\"height\" content=\"347\"> <img decoding=\"async\" class=\"\" data-attachment-id=\"20043\" data-orig-file=\"https:\/\/blog.kunstgriff.net\/wp-content\/uploads\/2019\/09\/endlich-Kuchen.jpg\" data-orig-size=\"2500,1667\" data-comments-opened=\"1\" data-image-meta=\"{&quot;aperture&quot;:&quot;2.8&quot;,&quot;credit&quot;:&quot;&quot;,&quot;camera&quot;:&quot;TG-4&quot;,&quot;caption&quot;:&quot;OLYMPUS DIGITAL CAMERA&quot;,&quot;created_timestamp&quot;:&quot;1567337903&quot;,&quot;copyright&quot;:&quot;&quot;,&quot;focal_length&quot;:&quot;4.5&quot;,&quot;iso&quot;:&quot;100&quot;,&quot;shutter_speed&quot;:&quot;0.001&quot;,&quot;title&quot;:&quot;OLYMPUS DIGITAL CAMERA&quot;,&quot;orientation&quot;:&quot;1&quot;}\" data-image-title=\"endlich Kuchen\" data-image-description=\"\" data-medium-file=\"https:\/\/i0.wp.com\/blog.kunstgriff.net\/wp-content\/uploads\/2019\/09\/endlich-Kuchen.jpg?fit=300%2C200&#038;ssl=1\" data-large-file=\"https:\/\/i0.wp.com\/blog.kunstgriff.net\/wp-content\/uploads\/2019\/09\/endlich-Kuchen.jpg?fit=1024%2C683&#038;ssl=1\" src=\"https:\/\/i0.wp.com\/blog.kunstgriff.net\/wp-content\/uploads\/2019\/09\/endlich-Kuchen.jpg?w=521&#038;h=347&#038;ssl=1\" srcset=\"https:\/\/i0.wp.com\/blog.kunstgriff.net\/wp-content\/uploads\/2019\/09\/endlich-Kuchen.jpg?w=2500&amp;ssl=1 2500w, https:\/\/i0.wp.com\/blog.kunstgriff.net\/wp-content\/uploads\/2019\/09\/endlich-Kuchen.jpg?resize=300%2C200&amp;ssl=1 300w, https:\/\/i0.wp.com\/blog.kunstgriff.net\/wp-content\/uploads\/2019\/09\/endlich-Kuchen.jpg?resize=768%2C512&amp;ssl=1 768w, https:\/\/i0.wp.com\/blog.kunstgriff.net\/wp-content\/uploads\/2019\/09\/endlich-Kuchen.jpg?resize=1024%2C683&amp;ssl=1 1024w, https:\/\/i0.wp.com\/blog.kunstgriff.net\/wp-content\/uploads\/2019\/09\/endlich-Kuchen.jpg?w=1575&amp;ssl=1 1575w\" width=\"521\" height=\"347\" loading=\"lazy\" data-original-width=\"521\" data-original-height=\"347\" itemprop=\"http:\/\/schema.org\/image\" title=\"endlich Kuchen\" alt=\"endlich Kuchen\" style=\"width: 521px; height: 347px;\" \/> <\/a> <div class=\"tiled-gallery-caption\" itemprop=\"caption description\"> endlich Kuchen <\/div> <\/div> <\/div> <!-- close group --> <\/div> <!-- close row --> <\/div>\n","protected":false},"excerpt":{"rendered":"<p>Cakeride in der Sommerhitze Nach der, doch recht anstrengenden, gestrigen Hitze-Schlacht, wollte ich es heute eigentlich ein wenig ruhiger angehen lassen. Mit Stefan H. nach P\u00e4wesin zu fahren, war daf\u00fcr wohl nicht der beste Plan. Als dritter Mann sprang dann noch der Manne ein und so ging es gut gelaunt bei sch\u00f6nem Sommer-Sonnen-Wetter nach Westen. &hellip; <\/p>\n<p class=\"link-more\"><a href=\"https:\/\/blog.kunstgriff.net\/?p=20046\" class=\"more-link\"><span class=\"screen-reader-text\">\u201eP\u00e4wesin-Runde #08\u201c <\/span>weiterlesen<\/a><\/p>\n","protected":false},"author":2,"featured_media":20044,"comment_status":"open","ping_status":"open","sticky":false,"template":"","format":"standard","meta":{"jetpack_post_was_ever_published":false,"_jetpack_newsletter_access":"","_jetpack_dont_email_post_to_subs":false,"_jetpack_newsletter_tier_id":0,"_jetpack_memberships_contains_paywalled_content":false,"_jetpack_memberships_contains_paid_content":false,"footnotes":""},"categories":[34,14,7],"tags":[],"class_list":["post-20046","post","type-post","status-publish","format-standard","has-post-thumbnail","hentry","category-cake-ride","category-radfahren","category-rennradfahren"],"jetpack_featured_media_url":"https:\/\/i0.wp.com\/blog.kunstgriff.net\/wp-content\/uploads\/2019\/09\/Toskana-Brandenburgs.jpg?fit=2500%2C1667&ssl=1","jetpack_shortlink":"https:\/\/wp.me\/p8Cxe7-5dk","jetpack-related-posts":[{"id":21321,"url":"https:\/\/blog.kunstgriff.net\/?p=21321","url_meta":{"origin":20046,"position":0},"title":"P\u00e4wesin-Runde #06","author":"Georg","date":"Juni 14, 2020","format":false,"excerpt":"Heute ging es um den Wind Nach der gestrigen, doch etwas l\u00e4ngeren, Ausfahrt wollte ich heute ein wenig k\u00fcrzer fahren. Stefan auch und so taten wir uns zusammen. Einen Tr\u00e4ck hatte ich schon im Hinterkopf, denn ich wollte gerne schauen, was am Rathaus Falkensee so gehen w\u00fcrde, da war heute\u2026","rel":"","context":"In &quot;Cake-Ride&quot;","block_context":{"text":"Cake-Ride","link":"https:\/\/blog.kunstgriff.net\/?cat=34"},"img":{"alt_text":"","src":"https:\/\/i0.wp.com\/blog.kunstgriff.net\/wp-content\/uploads\/2020\/06\/Falkensee-Flux-Zeitfahren.jpg?fit=1200%2C800&ssl=1&resize=350%2C200","width":350,"height":200,"srcset":"https:\/\/i0.wp.com\/blog.kunstgriff.net\/wp-content\/uploads\/2020\/06\/Falkensee-Flux-Zeitfahren.jpg?fit=1200%2C800&ssl=1&resize=350%2C200 1x, https:\/\/i0.wp.com\/blog.kunstgriff.net\/wp-content\/uploads\/2020\/06\/Falkensee-Flux-Zeitfahren.jpg?fit=1200%2C800&ssl=1&resize=525%2C300 1.5x, https:\/\/i0.wp.com\/blog.kunstgriff.net\/wp-content\/uploads\/2020\/06\/Falkensee-Flux-Zeitfahren.jpg?fit=1200%2C800&ssl=1&resize=700%2C400 2x, https:\/\/i0.wp.com\/blog.kunstgriff.net\/wp-content\/uploads\/2020\/06\/Falkensee-Flux-Zeitfahren.jpg?fit=1200%2C800&ssl=1&resize=1050%2C600 3x"},"classes":[]},{"id":21031,"url":"https:\/\/blog.kunstgriff.net\/?p=21031","url_meta":{"origin":20046,"position":1},"title":"P\u00e4wesin-Runde #03 &#8211; extended","author":"Georg","date":"April 19, 2020","format":false,"excerpt":"Backwahn-Double Da uns der gestrige Ritt ins Havelland, zu unserem allerliebsten Havellandb\u00e4cker, solch einen Spa\u00df gemacht hat, war heute das selbe Ziel auf dem Plan. Mit modifizierter, sprich verl\u00e4ngerter, Strecke und einem getauschten Mitfahrer. Der Alexander hatte besseres vor (geht das?) und so sprang der Marc kurzerhand ein. Wieder Dreier-Bande,\u2026","rel":"","context":"In &quot;Cake-Ride&quot;","block_context":{"text":"Cake-Ride","link":"https:\/\/blog.kunstgriff.net\/?cat=34"},"img":{"alt_text":"gleich gibts Kuchen","src":"https:\/\/i0.wp.com\/blog.kunstgriff.net\/wp-content\/uploads\/2020\/04\/gleich-gibts-Kuchen.jpg?fit=1200%2C800&ssl=1&resize=350%2C200","width":350,"height":200,"srcset":"https:\/\/i0.wp.com\/blog.kunstgriff.net\/wp-content\/uploads\/2020\/04\/gleich-gibts-Kuchen.jpg?fit=1200%2C800&ssl=1&resize=350%2C200 1x, https:\/\/i0.wp.com\/blog.kunstgriff.net\/wp-content\/uploads\/2020\/04\/gleich-gibts-Kuchen.jpg?fit=1200%2C800&ssl=1&resize=525%2C300 1.5x, https:\/\/i0.wp.com\/blog.kunstgriff.net\/wp-content\/uploads\/2020\/04\/gleich-gibts-Kuchen.jpg?fit=1200%2C800&ssl=1&resize=700%2C400 2x, https:\/\/i0.wp.com\/blog.kunstgriff.net\/wp-content\/uploads\/2020\/04\/gleich-gibts-Kuchen.jpg?fit=1200%2C800&ssl=1&resize=1050%2C600 3x"},"classes":[]},{"id":21423,"url":"https:\/\/blog.kunstgriff.net\/?p=21423","url_meta":{"origin":20046,"position":2},"title":"P\u00e4wesin-Runde #07","author":"Georg","date":"Juli 5, 2020","format":false,"excerpt":"Mit F\u00e4hre und ordentlich Wind zum Backwahn Nachdem es gestern schon Kuchen gab, sollte heute der Kuchen-Stop nicht fehlen. Welche Location bietet sich da mehr an als \u2026? Klaro! Der Klassiker nach P\u00e4wesin! Also mit Stefan H. schon um 9:30 Uhr am Tunnel getroffen und \u00fcber die eigentlich sch\u00f6nste Strecke\u2026","rel":"","context":"In &quot;Cake-Ride&quot;","block_context":{"text":"Cake-Ride","link":"https:\/\/blog.kunstgriff.net\/?cat=34"},"img":{"alt_text":"Tremmen-Hill mit R\u00fcckenwind","src":"https:\/\/i0.wp.com\/blog.kunstgriff.net\/wp-content\/uploads\/2020\/07\/Tremmen-Hill-mit-R%C3%BCckenwind.jpg?fit=1200%2C800&ssl=1&resize=350%2C200","width":350,"height":200,"srcset":"https:\/\/i0.wp.com\/blog.kunstgriff.net\/wp-content\/uploads\/2020\/07\/Tremmen-Hill-mit-R%C3%BCckenwind.jpg?fit=1200%2C800&ssl=1&resize=350%2C200 1x, https:\/\/i0.wp.com\/blog.kunstgriff.net\/wp-content\/uploads\/2020\/07\/Tremmen-Hill-mit-R%C3%BCckenwind.jpg?fit=1200%2C800&ssl=1&resize=525%2C300 1.5x, https:\/\/i0.wp.com\/blog.kunstgriff.net\/wp-content\/uploads\/2020\/07\/Tremmen-Hill-mit-R%C3%BCckenwind.jpg?fit=1200%2C800&ssl=1&resize=700%2C400 2x, https:\/\/i0.wp.com\/blog.kunstgriff.net\/wp-content\/uploads\/2020\/07\/Tremmen-Hill-mit-R%C3%BCckenwind.jpg?fit=1200%2C800&ssl=1&resize=1050%2C600 3x"},"classes":[]},{"id":19418,"url":"https:\/\/blog.kunstgriff.net\/?p=19418","url_meta":{"origin":20046,"position":3},"title":"P\u00e4wesin-Runde #03","author":"Georg","date":"Mai 26, 2019","format":false,"excerpt":"Mit Stefan und Manne nach P\u00e4wesin Da gestern schon Draussen-Fahren ausgefallen war, wollte ich heute unbedingt den Renner bewegen. Die Nacht war zwar kurz, aber Mannes Aufruf zu einer gem\u00fctlichen Runde nach Fehrbellin klang zu verlockend. Stefan H. hat ja auch immer Lust auf Kuchen im westlichen Havelland und so\u2026","rel":"","context":"In &quot;Cake-Ride&quot;","block_context":{"text":"Cake-Ride","link":"https:\/\/blog.kunstgriff.net\/?cat=34"},"img":{"alt_text":"Grinsen, dank R\u00fcckenwindes","src":"https:\/\/i0.wp.com\/blog.kunstgriff.net\/wp-content\/uploads\/2019\/05\/Grinsen-dank-R%C3%BCckenwindes.jpg?fit=1200%2C800&ssl=1&resize=350%2C200","width":350,"height":200,"srcset":"https:\/\/i0.wp.com\/blog.kunstgriff.net\/wp-content\/uploads\/2019\/05\/Grinsen-dank-R%C3%BCckenwindes.jpg?fit=1200%2C800&ssl=1&resize=350%2C200 1x, https:\/\/i0.wp.com\/blog.kunstgriff.net\/wp-content\/uploads\/2019\/05\/Grinsen-dank-R%C3%BCckenwindes.jpg?fit=1200%2C800&ssl=1&resize=525%2C300 1.5x, https:\/\/i0.wp.com\/blog.kunstgriff.net\/wp-content\/uploads\/2019\/05\/Grinsen-dank-R%C3%BCckenwindes.jpg?fit=1200%2C800&ssl=1&resize=700%2C400 2x, https:\/\/i0.wp.com\/blog.kunstgriff.net\/wp-content\/uploads\/2019\/05\/Grinsen-dank-R%C3%BCckenwindes.jpg?fit=1200%2C800&ssl=1&resize=1050%2C600 3x"},"classes":[]},{"id":19003,"url":"https:\/\/blog.kunstgriff.net\/?p=19003","url_meta":{"origin":20046,"position":4},"title":"P\u00e4wesin-Runde #01","author":"Georg","date":"Februar 16, 2019","format":false,"excerpt":"bester vorstellbarer Drau\u00dfen-Saisonstart Was habe ich mich seit Mitte der Woche auf den Samstag gefreut: Zweistellige Temperaturen waren vorhergesagt und der Sonnenschein am Freitag bot schon einen Vorgeschmack auf den verfr\u00fchten Fr\u00fchlingsanfang. Alle fuhren irgendwo anders, ich wollte aber nach P\u00e4wesin. Neun mal bin ich diese Runde in 2018 gefahren.\u2026","rel":"","context":"In &quot;Cake-Ride&quot;","block_context":{"text":"Cake-Ride","link":"https:\/\/blog.kunstgriff.net\/?cat=34"},"img":{"alt_text":"","src":"https:\/\/i0.wp.com\/blog.kunstgriff.net\/wp-content\/uploads\/2019\/02\/Idyllischer-See.jpg?fit=1200%2C800&ssl=1&resize=350%2C200","width":350,"height":200,"srcset":"https:\/\/i0.wp.com\/blog.kunstgriff.net\/wp-content\/uploads\/2019\/02\/Idyllischer-See.jpg?fit=1200%2C800&ssl=1&resize=350%2C200 1x, https:\/\/i0.wp.com\/blog.kunstgriff.net\/wp-content\/uploads\/2019\/02\/Idyllischer-See.jpg?fit=1200%2C800&ssl=1&resize=525%2C300 1.5x, https:\/\/i0.wp.com\/blog.kunstgriff.net\/wp-content\/uploads\/2019\/02\/Idyllischer-See.jpg?fit=1200%2C800&ssl=1&resize=700%2C400 2x, https:\/\/i0.wp.com\/blog.kunstgriff.net\/wp-content\/uploads\/2019\/02\/Idyllischer-See.jpg?fit=1200%2C800&ssl=1&resize=1050%2C600 3x"},"classes":[]},{"id":21154,"url":"https:\/\/blog.kunstgriff.net\/?p=21154","url_meta":{"origin":20046,"position":5},"title":"P\u00e4wesin-Runde #05","author":"Georg","date":"Mai 16, 2020","format":false,"excerpt":"Werder ohne Kirschbl\u00fcten In der Woche 10 nach\u00a0der Corona-Krise, sollten es in Ermangelung anderer interessanter Ziele, erneut nach P\u00e4wesin gehen. Um es nicht all zu dr\u00f6ge zu gestalten und Alex mal was neues zu zeigen, w\u00e4hlten Stefan und ich heute den Weg \u00fcber Potsdam, Werder und die F\u00e4hre nach Ketzin\u2026","rel":"","context":"In &quot;Cake-Ride&quot;","block_context":{"text":"Cake-Ride","link":"https:\/\/blog.kunstgriff.net\/?cat=34"},"img":{"alt_text":"Blowin in the wind","src":"https:\/\/i0.wp.com\/blog.kunstgriff.net\/wp-content\/uploads\/2020\/05\/Blowin-in-the-wind.jpg?fit=1200%2C800&ssl=1&resize=350%2C200","width":350,"height":200,"srcset":"https:\/\/i0.wp.com\/blog.kunstgriff.net\/wp-content\/uploads\/2020\/05\/Blowin-in-the-wind.jpg?fit=1200%2C800&ssl=1&resize=350%2C200 1x, https:\/\/i0.wp.com\/blog.kunstgriff.net\/wp-content\/uploads\/2020\/05\/Blowin-in-the-wind.jpg?fit=1200%2C800&ssl=1&resize=525%2C300 1.5x, https:\/\/i0.wp.com\/blog.kunstgriff.net\/wp-content\/uploads\/2020\/05\/Blowin-in-the-wind.jpg?fit=1200%2C800&ssl=1&resize=700%2C400 2x, https:\/\/i0.wp.com\/blog.kunstgriff.net\/wp-content\/uploads\/2020\/05\/Blowin-in-the-wind.jpg?fit=1200%2C800&ssl=1&resize=1050%2C600 3x"},"classes":[]}],"jetpack_likes_enabled":true,"jetpack_sharing_enabled":true,"_links":{"self":[{"href":"https:\/\/blog.kunstgriff.net\/index.php?rest_route=\/wp\/v2\/posts\/20046","targetHints":{"allow":["GET"]}}],"collection":[{"href":"https:\/\/blog.kunstgriff.net\/index.php?rest_route=\/wp\/v2\/posts"}],"about":[{"href":"https:\/\/blog.kunstgriff.net\/index.php?rest_route=\/wp\/v2\/types\/post"}],"author":[{"embeddable":true,"href":"https:\/\/blog.kunstgriff.net\/index.php?rest_route=\/wp\/v2\/users\/2"}],"replies":[{"embeddable":true,"href":"https:\/\/blog.kunstgriff.net\/index.php?rest_route=%2Fwp%2Fv2%2Fcomments&post=20046"}],"version-history":[{"count":0,"href":"https:\/\/blog.kunstgriff.net\/index.php?rest_route=\/wp\/v2\/posts\/20046\/revisions"}],"wp:featuredmedia":[{"embeddable":true,"href":"https:\/\/blog.kunstgriff.net\/index.php?rest_route=\/wp\/v2\/media\/20044"}],"wp:attachment":[{"href":"https:\/\/blog.kunstgriff.net\/index.php?rest_route=%2Fwp%2Fv2%2Fmedia&parent=20046"}],"wp:term":[{"taxonomy":"category","embeddable":true,"href":"https:\/\/blog.kunstgriff.net\/index.php?rest_route=%2Fwp%2Fv2%2Fcategories&post=20046"},{"taxonomy":"post_tag","embeddable":true,"href":"https:\/\/blog.kunstgriff.net\/index.php?rest_route=%2Fwp%2Fv2%2Ftags&post=20046"}],"curies":[{"name":"wp","href":"https:\/\/api.w.org\/{rel}","templated":true}]}}