{"id":20068,"date":"2019-09-07T23:08:29","date_gmt":"2019-09-07T21:08:29","guid":{"rendered":"https:\/\/blog.kunstgriff.net\/?p=20068"},"modified":"2019-09-07T23:08:29","modified_gmt":"2019-09-07T21:08:29","slug":"rund-um-berlin-auf-dem-mauerweg-die-dritte","status":"publish","type":"post","link":"https:\/\/blog.kunstgriff.net\/?p=20068","title":{"rendered":"Rund um Berlin auf dem Mauerweg &#8211; die Dritte"},"content":{"rendered":"<span class=\"span-reading-time rt-reading-time\" style=\"display: block;\"><span class=\"rt-label rt-prefix\">Lesezeit: <\/span> <span class=\"rt-time\"> 2<\/span> <span class=\"rt-label rt-postfix\">Minuten<\/span><\/span><h4>\u00bb6 Mann \u2013 1 Plan\u00ab<\/h4>\n<hr \/>\n<p>Heute war es wieder soweit und der Michael lud von Teltow aus zur Berlin-Umrundung \u00fcber den Mauerweg. Nachdem wir <a href=\"https:\/\/blog.kunstgriff.net\/?p=18139\" target=\"_blank\" rel=\"noopener noreferrer\">diese Tour in 2018<\/a> schon im Uhrzeigersinn gefahren sind, sollte es nun anders herum gehen.<\/p>\n<p>Treffpunkt war 7 Uhr in Teltow vor Michas Haust\u00fcr. Dies bedeutete eine einst\u00fcndige Anreise mit der Bahn, was 5 Uhr Bettflucht bedeutete. Klasse. Start dann nach erfolgreicher Anreise gegl\u00fcckt und so wollten sich insgesamt 6 Mann dann relativ p\u00fcnktlich auf den Weg machen.<\/p>\n<p>Schnell wurde mir klar, dass ich definitiv meine Handschuhe h\u00e4tte mitnehmen sollen, denn das Garmin Thermometer zeigte eine mindest Temperatur von 2\u00b0C. Nicht sch\u00f6n. Also des \u00f6fteren freih\u00e4ndige Fahren und H\u00e4nde unter den Armen w\u00e4rmen. Irgendwie war dies aber auch keine L\u00f6sung und so freute ich mich sehr, als ne gute Stunde sp\u00e4ter auf der Neuk\u00f6llner Krone dann ein wenig die Sonne heraus kam und nicht nur den Asphalt erw\u00e4rmte.<\/p>\n<p>Irgendwie ging es heute relativ flott voran, was sicher nicht nur am Westwind lag, der uns ins Zentrum der Hauptstadt blies. Nachdem die nach Urin stinkende Party-Meile rund um die Oberbaumbr\u00fccke passiert war und wir uns der Mitte stetig n\u00e4herten stieg auch die Vorfreude auf unsere erste Pause. Michael, der Strecken-Meister und Touren-Guide, machte es heute aber besonders spannend, denn die Einkehr Location wurde so lange wie m\u00f6glich geheim gehalten.<\/p>\n<p>Als das Caf\u00e9 Mirabelle dann endlich pr\u00e4sentiert war, wollte ein Teil der Bande lieber zum Supermarkt, was mir sehr recht war. Dieser war dann leider erheblich umeinladender und bot nur einen tristen Parkplatz umringt von klarem Sprit trinkenden Alkoholkranken. Kein sch\u00f6nes Ambiente f\u00fcr unsere ersten Stop. Im n\u00e4chsten Jahr dann sicher woanders!<\/p>\n<p>Nun wurde L\u00fcbars passiert und es ging in den hohen Norden. Auf einem \u00a0fiesen Kopfsteinpflaster-St\u00fcck verabschiedete sich meine nicht-original Garmin Halterung. Der Garmin fiel zu Boden, blieb aber gl\u00fccklicherweise unbesch\u00e4digt. Nun musste es so ohne Navi-Pfeil weiter gehen. Aufzeichnen konnte ich zum Gl\u00fcck weiter, da er in der Trikottasche auch ein Satelliten-Signal empfangen konnte.<\/p>\n<p>Die eigentlich geplante Supermarkt-Pause in Hennigsdorf wurde ausgelassen, da alle noch bei Kr\u00e4ften waren. Sehr sch\u00f6n. Ein weiteren Stop gab es dann bei Hahneberg, der uns dann half den letzten langen Sektor zur\u00fcck nach Teltow zu bew\u00e4ltigen.<\/p>\n<p>Michaels Haus erreichten wir in einer neuer Rekord-Zeit. Dieser wurde dann bei eiskaltem Augustiner Hell und herrlichen Grill-Waren entsprechend gew\u00fcrdigt.<\/p>\n<p>Eine klasse Tour mit sehr netten Mitfahrern. Sicher h\u00e4tte es an der ein oder anderen Passage noch etwas <del>schneller<\/del> sportlicher laufen k\u00f6nnen, aber der Spass an der Bewegung stand erneut im Vordergrund! Hoffentlich l\u00e4uft da wieder was in 2020!?<\/p>\n<p><iframe height='405' width='590' frameborder='0' allowtransparency='true' scrolling='no' src='https:\/\/www.strava.com\/activities\/2688624954\/embed\/27c3bffd360df772ffc32cc86defb01f52df316c'><\/iframe><\/p>\n<div class=\"tiled-gallery type-rectangular tiled-gallery-unresized\" data-original-width=\"525\" data-carousel-extra='{&quot;blog_id&quot;:1,&quot;permalink&quot;:&quot;https:\\\/\\\/blog.kunstgriff.net\\\/?p=20068&quot;,&quot;likes_blog_id&quot;:127394879}' itemscope itemtype=\"http:\/\/schema.org\/ImageGallery\" > <div class=\"gallery-row\" style=\"width: 525px; height: 235px;\" data-original-width=\"525\" data-original-height=\"235\" > <div class=\"gallery-group images-1\" style=\"width: 351px; height: 235px;\" data-original-width=\"351\" data-original-height=\"235\" > <div class=\"tiled-gallery-item tiled-gallery-item-large\" itemprop=\"associatedMedia\" itemscope itemtype=\"http:\/\/schema.org\/ImageObject\"> <a href=\"https:\/\/i0.wp.com\/blog.kunstgriff.net\/wp-content\/uploads\/2019\/09\/Raus-aus-Teltow-bei-4-Grad-Celsius.jpg?ssl=1\" border=\"0\" itemprop=\"url\"> <meta itemprop=\"width\" content=\"347\"> <meta itemprop=\"height\" content=\"231\"> <img decoding=\"async\" class=\"\" data-attachment-id=\"20075\" data-orig-file=\"https:\/\/blog.kunstgriff.net\/wp-content\/uploads\/2019\/09\/Raus-aus-Teltow-bei-4-Grad-Celsius.jpg\" data-orig-size=\"2500,1667\" data-comments-opened=\"1\" data-image-meta=\"{&quot;aperture&quot;:&quot;2&quot;,&quot;credit&quot;:&quot;&quot;,&quot;camera&quot;:&quot;TG-4&quot;,&quot;caption&quot;:&quot;OLYMPUS DIGITAL CAMERA&quot;,&quot;created_timestamp&quot;:&quot;1567842144&quot;,&quot;copyright&quot;:&quot;&quot;,&quot;focal_length&quot;:&quot;4.5&quot;,&quot;iso&quot;:&quot;200&quot;,&quot;shutter_speed&quot;:&quot;0.016666666666667&quot;,&quot;title&quot;:&quot;OLYMPUS DIGITAL CAMERA&quot;,&quot;orientation&quot;:&quot;1&quot;}\" data-image-title=\"Raus aus Teltow bei 4 Grad Celsius\" data-image-description=\"\" data-medium-file=\"https:\/\/i0.wp.com\/blog.kunstgriff.net\/wp-content\/uploads\/2019\/09\/Raus-aus-Teltow-bei-4-Grad-Celsius.jpg?fit=300%2C200&#038;ssl=1\" data-large-file=\"https:\/\/i0.wp.com\/blog.kunstgriff.net\/wp-content\/uploads\/2019\/09\/Raus-aus-Teltow-bei-4-Grad-Celsius.jpg?fit=1024%2C683&#038;ssl=1\" src=\"https:\/\/i0.wp.com\/blog.kunstgriff.net\/wp-content\/uploads\/2019\/09\/Raus-aus-Teltow-bei-4-Grad-Celsius.jpg?w=347&#038;h=231&#038;ssl=1\" srcset=\"https:\/\/i0.wp.com\/blog.kunstgriff.net\/wp-content\/uploads\/2019\/09\/Raus-aus-Teltow-bei-4-Grad-Celsius.jpg?w=2500&amp;ssl=1 2500w, https:\/\/i0.wp.com\/blog.kunstgriff.net\/wp-content\/uploads\/2019\/09\/Raus-aus-Teltow-bei-4-Grad-Celsius.jpg?resize=300%2C200&amp;ssl=1 300w, https:\/\/i0.wp.com\/blog.kunstgriff.net\/wp-content\/uploads\/2019\/09\/Raus-aus-Teltow-bei-4-Grad-Celsius.jpg?resize=768%2C512&amp;ssl=1 768w, https:\/\/i0.wp.com\/blog.kunstgriff.net\/wp-content\/uploads\/2019\/09\/Raus-aus-Teltow-bei-4-Grad-Celsius.jpg?resize=1024%2C683&amp;ssl=1 1024w, https:\/\/i0.wp.com\/blog.kunstgriff.net\/wp-content\/uploads\/2019\/09\/Raus-aus-Teltow-bei-4-Grad-Celsius.jpg?w=1575&amp;ssl=1 1575w\" width=\"347\" height=\"231\" loading=\"lazy\" data-original-width=\"347\" data-original-height=\"231\" itemprop=\"http:\/\/schema.org\/image\" title=\"Raus aus Teltow bei 4 Grad Celsius\" alt=\"Raus aus Teltow bei 4 Grad Celsius\" style=\"width: 347px; height: 231px;\" \/> <\/a> <div class=\"tiled-gallery-caption\" itemprop=\"caption description\"> Raus aus Teltow bei 4 Grad Celsius <\/div> <\/div> <\/div> <!-- close group --> <div class=\"gallery-group images-2\" style=\"width: 174px; height: 235px;\" data-original-width=\"174\" data-original-height=\"235\" > <div class=\"tiled-gallery-item tiled-gallery-item-small\" itemprop=\"associatedMedia\" itemscope itemtype=\"http:\/\/schema.org\/ImageObject\"> <a href=\"https:\/\/i0.wp.com\/blog.kunstgriff.net\/wp-content\/uploads\/2019\/09\/Angekommen-am-Brandenburger-Tor-schon-ein-wenig-w%C3%A4rmer.jpg?ssl=1\" border=\"0\" itemprop=\"url\"> <meta itemprop=\"width\" content=\"170\"> <meta itemprop=\"height\" content=\"114\"> <img decoding=\"async\" class=\"\" data-attachment-id=\"20071\" data-orig-file=\"https:\/\/blog.kunstgriff.net\/wp-content\/uploads\/2019\/09\/Angekommen-am-Brandenburger-Tor-schon-ein-wenig-w\u00e4rmer.jpg\" data-orig-size=\"2500,1667\" data-comments-opened=\"1\" data-image-meta=\"{&quot;aperture&quot;:&quot;2.8&quot;,&quot;credit&quot;:&quot;&quot;,&quot;camera&quot;:&quot;TG-4&quot;,&quot;caption&quot;:&quot;OLYMPUS DIGITAL CAMERA&quot;,&quot;created_timestamp&quot;:&quot;1567849086&quot;,&quot;copyright&quot;:&quot;&quot;,&quot;focal_length&quot;:&quot;4.5&quot;,&quot;iso&quot;:&quot;100&quot;,&quot;shutter_speed&quot;:&quot;0.001&quot;,&quot;title&quot;:&quot;OLYMPUS DIGITAL CAMERA&quot;,&quot;orientation&quot;:&quot;1&quot;}\" data-image-title=\"Angekommen am Brandenburger Tor &amp;#8211; schon ein wenig w\u00e4rmer\" data-image-description=\"\" data-medium-file=\"https:\/\/i0.wp.com\/blog.kunstgriff.net\/wp-content\/uploads\/2019\/09\/Angekommen-am-Brandenburger-Tor-schon-ein-wenig-w%C3%A4rmer.jpg?fit=300%2C200&#038;ssl=1\" data-large-file=\"https:\/\/i0.wp.com\/blog.kunstgriff.net\/wp-content\/uploads\/2019\/09\/Angekommen-am-Brandenburger-Tor-schon-ein-wenig-w%C3%A4rmer.jpg?fit=1024%2C683&#038;ssl=1\" src=\"https:\/\/i0.wp.com\/blog.kunstgriff.net\/wp-content\/uploads\/2019\/09\/Angekommen-am-Brandenburger-Tor-schon-ein-wenig-w%C3%A4rmer.jpg?w=170&#038;h=114&#038;ssl=1\" width=\"170\" height=\"114\" loading=\"lazy\" data-original-width=\"170\" data-original-height=\"114\" itemprop=\"http:\/\/schema.org\/image\" title=\"Angekommen am Brandenburger Tor - schon ein wenig w\u00e4rmer\" alt=\"Angekommen am Brandenburger Tor - schon ein wenig w\u00e4rmer\" style=\"width: 170px; height: 114px;\" \/> <\/a> <div class=\"tiled-gallery-caption\" itemprop=\"caption description\"> Angekommen am Brandenburger Tor &#8211; schon ein wenig w\u00e4rmer <\/div> <\/div> <div class=\"tiled-gallery-item tiled-gallery-item-small\" itemprop=\"associatedMedia\" itemscope itemtype=\"http:\/\/schema.org\/ImageObject\"> <a href=\"https:\/\/i0.wp.com\/blog.kunstgriff.net\/wp-content\/uploads\/2019\/09\/Caf%C3%A9-Mirabell-heute-nicht-erste-Wahl.jpg?ssl=1\" border=\"0\" itemprop=\"url\"> <meta itemprop=\"width\" content=\"170\"> <meta itemprop=\"height\" content=\"113\"> <img decoding=\"async\" class=\"\" data-attachment-id=\"20072\" data-orig-file=\"https:\/\/blog.kunstgriff.net\/wp-content\/uploads\/2019\/09\/Caf\u00e9-Mirabell-heute-nicht-erste-Wahl.jpg\" data-orig-size=\"2500,1667\" data-comments-opened=\"1\" data-image-meta=\"{&quot;aperture&quot;:&quot;2.8&quot;,&quot;credit&quot;:&quot;&quot;,&quot;camera&quot;:&quot;TG-4&quot;,&quot;caption&quot;:&quot;OLYMPUS DIGITAL CAMERA&quot;,&quot;created_timestamp&quot;:&quot;1567851594&quot;,&quot;copyright&quot;:&quot;&quot;,&quot;focal_length&quot;:&quot;4.5&quot;,&quot;iso&quot;:&quot;100&quot;,&quot;shutter_speed&quot;:&quot;0.005&quot;,&quot;title&quot;:&quot;OLYMPUS DIGITAL CAMERA&quot;,&quot;orientation&quot;:&quot;1&quot;}\" data-image-title=\"Caf\u00e9 Mirabell &amp;#8211; heute nicht erste Wahl\" data-image-description=\"\" data-medium-file=\"https:\/\/i0.wp.com\/blog.kunstgriff.net\/wp-content\/uploads\/2019\/09\/Caf%C3%A9-Mirabell-heute-nicht-erste-Wahl.jpg?fit=300%2C200&#038;ssl=1\" data-large-file=\"https:\/\/i0.wp.com\/blog.kunstgriff.net\/wp-content\/uploads\/2019\/09\/Caf%C3%A9-Mirabell-heute-nicht-erste-Wahl.jpg?fit=1024%2C683&#038;ssl=1\" src=\"https:\/\/i0.wp.com\/blog.kunstgriff.net\/wp-content\/uploads\/2019\/09\/Caf%C3%A9-Mirabell-heute-nicht-erste-Wahl.jpg?w=170&#038;h=113&#038;ssl=1\" width=\"170\" height=\"113\" loading=\"lazy\" data-original-width=\"170\" data-original-height=\"113\" itemprop=\"http:\/\/schema.org\/image\" title=\"Caf\u00e9 Mirabell - heute nicht erste Wahl\" alt=\"Caf\u00e9 Mirabell - heute nicht erste Wahl\" style=\"width: 170px; height: 113px;\" \/> <\/a> <div class=\"tiled-gallery-caption\" itemprop=\"caption description\"> Caf\u00e9 Mirabell &#8211; heute nicht erste Wahl <\/div> <\/div> <\/div> <!-- close group --> <\/div> <!-- close row --> <div class=\"gallery-row\" style=\"width: 525px; height: 118px;\" data-original-width=\"525\" data-original-height=\"118\" > <div class=\"gallery-group images-1\" style=\"width: 175px; height: 118px;\" data-original-width=\"175\" data-original-height=\"118\" > <div class=\"tiled-gallery-item tiled-gallery-item-small\" itemprop=\"associatedMedia\" itemscope itemtype=\"http:\/\/schema.org\/ImageObject\"> <a href=\"https:\/\/i0.wp.com\/blog.kunstgriff.net\/wp-content\/uploads\/2019\/09\/Durchs-M%C3%A4rkische-Viertel.jpg?ssl=1\" border=\"0\" itemprop=\"url\"> <meta itemprop=\"width\" content=\"171\"> <meta itemprop=\"height\" content=\"114\"> <img decoding=\"async\" class=\"\" data-attachment-id=\"20073\" data-orig-file=\"https:\/\/blog.kunstgriff.net\/wp-content\/uploads\/2019\/09\/Durchs-M\u00e4rkische-Viertel.jpg\" data-orig-size=\"2500,1667\" data-comments-opened=\"1\" data-image-meta=\"{&quot;aperture&quot;:&quot;2&quot;,&quot;credit&quot;:&quot;&quot;,&quot;camera&quot;:&quot;TG-4&quot;,&quot;caption&quot;:&quot;OLYMPUS DIGITAL CAMERA&quot;,&quot;created_timestamp&quot;:&quot;1567854444&quot;,&quot;copyright&quot;:&quot;&quot;,&quot;focal_length&quot;:&quot;4.5&quot;,&quot;iso&quot;:&quot;160&quot;,&quot;shutter_speed&quot;:&quot;0.00625&quot;,&quot;title&quot;:&quot;OLYMPUS DIGITAL CAMERA&quot;,&quot;orientation&quot;:&quot;1&quot;}\" data-image-title=\"Durchs M\u00e4rkische Viertel\" data-image-description=\"\" data-medium-file=\"https:\/\/i0.wp.com\/blog.kunstgriff.net\/wp-content\/uploads\/2019\/09\/Durchs-M%C3%A4rkische-Viertel.jpg?fit=300%2C200&#038;ssl=1\" data-large-file=\"https:\/\/i0.wp.com\/blog.kunstgriff.net\/wp-content\/uploads\/2019\/09\/Durchs-M%C3%A4rkische-Viertel.jpg?fit=1024%2C683&#038;ssl=1\" src=\"https:\/\/i0.wp.com\/blog.kunstgriff.net\/wp-content\/uploads\/2019\/09\/Durchs-M%C3%A4rkische-Viertel.jpg?w=171&#038;h=114&#038;ssl=1\" width=\"171\" height=\"114\" loading=\"lazy\" data-original-width=\"171\" data-original-height=\"114\" itemprop=\"http:\/\/schema.org\/image\" title=\"Durchs M\u00e4rkische Viertel\" alt=\"Durchs M\u00e4rkische Viertel\" style=\"width: 171px; height: 114px;\" \/> <\/a> <div class=\"tiled-gallery-caption\" itemprop=\"caption description\"> Durchs M\u00e4rkische Viertel <\/div> <\/div> <\/div> <!-- close group --> <div class=\"gallery-group images-1\" style=\"width: 175px; height: 118px;\" data-original-width=\"175\" data-original-height=\"118\" > <div class=\"tiled-gallery-item tiled-gallery-item-small\" itemprop=\"associatedMedia\" itemscope itemtype=\"http:\/\/schema.org\/ImageObject\"> <a href=\"https:\/\/i0.wp.com\/blog.kunstgriff.net\/wp-content\/uploads\/2019\/09\/soso-der-Radweg-geht-die-Treppe-hoch.jpg?ssl=1\" border=\"0\" itemprop=\"url\"> <meta itemprop=\"width\" content=\"171\"> <meta itemprop=\"height\" content=\"114\"> <img decoding=\"async\" class=\"\" data-attachment-id=\"20076\" data-orig-file=\"https:\/\/blog.kunstgriff.net\/wp-content\/uploads\/2019\/09\/soso-der-Radweg-geht-die-Treppe-hoch.jpg\" data-orig-size=\"2500,1667\" data-comments-opened=\"1\" data-image-meta=\"{&quot;aperture&quot;:&quot;2.8&quot;,&quot;credit&quot;:&quot;&quot;,&quot;camera&quot;:&quot;TG-4&quot;,&quot;caption&quot;:&quot;OLYMPUS DIGITAL CAMERA&quot;,&quot;created_timestamp&quot;:&quot;1567870039&quot;,&quot;copyright&quot;:&quot;&quot;,&quot;focal_length&quot;:&quot;4.5&quot;,&quot;iso&quot;:&quot;100&quot;,&quot;shutter_speed&quot;:&quot;0.0025&quot;,&quot;title&quot;:&quot;OLYMPUS DIGITAL CAMERA&quot;,&quot;orientation&quot;:&quot;1&quot;}\" data-image-title=\"soso &amp;#8211; der Radweg geht die Treppe hoch\" data-image-description=\"\" data-medium-file=\"https:\/\/i0.wp.com\/blog.kunstgriff.net\/wp-content\/uploads\/2019\/09\/soso-der-Radweg-geht-die-Treppe-hoch.jpg?fit=300%2C200&#038;ssl=1\" data-large-file=\"https:\/\/i0.wp.com\/blog.kunstgriff.net\/wp-content\/uploads\/2019\/09\/soso-der-Radweg-geht-die-Treppe-hoch.jpg?fit=1024%2C683&#038;ssl=1\" src=\"https:\/\/i0.wp.com\/blog.kunstgriff.net\/wp-content\/uploads\/2019\/09\/soso-der-Radweg-geht-die-Treppe-hoch.jpg?w=171&#038;h=114&#038;ssl=1\" srcset=\"https:\/\/i0.wp.com\/blog.kunstgriff.net\/wp-content\/uploads\/2019\/09\/soso-der-Radweg-geht-die-Treppe-hoch.jpg?w=2500&amp;ssl=1 2500w, https:\/\/i0.wp.com\/blog.kunstgriff.net\/wp-content\/uploads\/2019\/09\/soso-der-Radweg-geht-die-Treppe-hoch.jpg?resize=300%2C200&amp;ssl=1 300w, https:\/\/i0.wp.com\/blog.kunstgriff.net\/wp-content\/uploads\/2019\/09\/soso-der-Radweg-geht-die-Treppe-hoch.jpg?resize=768%2C512&amp;ssl=1 768w, https:\/\/i0.wp.com\/blog.kunstgriff.net\/wp-content\/uploads\/2019\/09\/soso-der-Radweg-geht-die-Treppe-hoch.jpg?resize=1024%2C683&amp;ssl=1 1024w, https:\/\/i0.wp.com\/blog.kunstgriff.net\/wp-content\/uploads\/2019\/09\/soso-der-Radweg-geht-die-Treppe-hoch.jpg?w=1575&amp;ssl=1 1575w\" width=\"171\" height=\"114\" loading=\"lazy\" data-original-width=\"171\" data-original-height=\"114\" itemprop=\"http:\/\/schema.org\/image\" title=\"soso - der Radweg geht die Treppe hoch\" alt=\"soso - der Radweg geht die Treppe hoch\" style=\"width: 171px; height: 114px;\" \/> <\/a> <div class=\"tiled-gallery-caption\" itemprop=\"caption description\"> soso &#8211; der Radweg geht die Treppe hoch <\/div> <\/div> <\/div> <!-- close group --> <div class=\"gallery-group images-1\" style=\"width: 175px; height: 118px;\" data-original-width=\"175\" data-original-height=\"118\" > <div class=\"tiled-gallery-item tiled-gallery-item-small\" itemprop=\"associatedMedia\" itemscope itemtype=\"http:\/\/schema.org\/ImageObject\"> <a href=\"https:\/\/i0.wp.com\/blog.kunstgriff.net\/wp-content\/uploads\/2019\/09\/Glienicker-Br%C3%BCcke.jpg?ssl=1\" border=\"0\" itemprop=\"url\"> <meta itemprop=\"width\" content=\"171\"> <meta itemprop=\"height\" content=\"114\"> <img decoding=\"async\" class=\"\" data-attachment-id=\"20074\" data-orig-file=\"https:\/\/blog.kunstgriff.net\/wp-content\/uploads\/2019\/09\/Glienicker-Br\u00fccke.jpg\" data-orig-size=\"2500,1667\" data-comments-opened=\"1\" data-image-meta=\"{&quot;aperture&quot;:&quot;8&quot;,&quot;credit&quot;:&quot;&quot;,&quot;camera&quot;:&quot;TG-4&quot;,&quot;caption&quot;:&quot;OLYMPUS DIGITAL CAMERA&quot;,&quot;created_timestamp&quot;:&quot;1567870991&quot;,&quot;copyright&quot;:&quot;&quot;,&quot;focal_length&quot;:&quot;4.5&quot;,&quot;iso&quot;:&quot;100&quot;,&quot;shutter_speed&quot;:&quot;0.00625&quot;,&quot;title&quot;:&quot;OLYMPUS DIGITAL CAMERA&quot;,&quot;orientation&quot;:&quot;1&quot;}\" data-image-title=\"Glienicker Br\u00fccke\" data-image-description=\"\" data-medium-file=\"https:\/\/i0.wp.com\/blog.kunstgriff.net\/wp-content\/uploads\/2019\/09\/Glienicker-Br%C3%BCcke.jpg?fit=300%2C200&#038;ssl=1\" data-large-file=\"https:\/\/i0.wp.com\/blog.kunstgriff.net\/wp-content\/uploads\/2019\/09\/Glienicker-Br%C3%BCcke.jpg?fit=1024%2C683&#038;ssl=1\" src=\"https:\/\/i0.wp.com\/blog.kunstgriff.net\/wp-content\/uploads\/2019\/09\/Glienicker-Br%C3%BCcke.jpg?w=171&#038;h=114&#038;ssl=1\" width=\"171\" height=\"114\" loading=\"lazy\" data-original-width=\"171\" data-original-height=\"114\" itemprop=\"http:\/\/schema.org\/image\" title=\"Glienicker Br\u00fccke\" alt=\"Glienicker Br\u00fccke\" style=\"width: 171px; height: 114px;\" \/> <\/a> <div class=\"tiled-gallery-caption\" itemprop=\"caption description\"> Glienicker Br\u00fccke <\/div> <\/div> <\/div> <!-- close group --> <\/div> <!-- close row --> <\/div>\n","protected":false},"excerpt":{"rendered":"<p>\u00bb6 Mann \u2013 1 Plan\u00ab Heute war es wieder soweit und der Michael lud von Teltow aus zur Berlin-Umrundung \u00fcber den Mauerweg. Nachdem wir diese Tour in 2018 schon im Uhrzeigersinn gefahren sind, sollte es nun anders herum gehen. Treffpunkt war 7 Uhr in Teltow vor Michas Haust\u00fcr. Dies bedeutete eine einst\u00fcndige Anreise mit der &hellip; <\/p>\n<p class=\"link-more\"><a href=\"https:\/\/blog.kunstgriff.net\/?p=20068\" class=\"more-link\"><span class=\"screen-reader-text\">\u201eRund um Berlin auf dem Mauerweg &#8211; die Dritte\u201c <\/span>weiterlesen<\/a><\/p>\n","protected":false},"author":2,"featured_media":20071,"comment_status":"open","ping_status":"open","sticky":false,"template":"","format":"standard","meta":{"jetpack_post_was_ever_published":false,"_jetpack_newsletter_access":"","_jetpack_dont_email_post_to_subs":false,"_jetpack_newsletter_tier_id":0,"_jetpack_memberships_contains_paywalled_content":false,"_jetpack_memberships_contains_paid_content":false,"footnotes":""},"categories":[34,14],"tags":[],"class_list":["post-20068","post","type-post","status-publish","format-standard","has-post-thumbnail","hentry","category-cake-ride","category-radfahren"],"jetpack_featured_media_url":"https:\/\/i0.wp.com\/blog.kunstgriff.net\/wp-content\/uploads\/2019\/09\/Angekommen-am-Brandenburger-Tor-schon-ein-wenig-w%C3%A4rmer.jpg?fit=2500%2C1667&ssl=1","jetpack_shortlink":"https:\/\/wp.me\/p8Cxe7-5dG","jetpack-related-posts":[{"id":7828,"url":"https:\/\/blog.kunstgriff.net\/?p=7828","url_meta":{"origin":20068,"position":0},"title":"1. Mai-Ausfahrt nach Luckenwalde","author":"Georg","date":"Mai 1, 2012","format":false,"excerpt":"oder \u00bbGro\u00dfer Sport in kleinem Team\u00abDas heutige Tourenangebot im Web war \u00fcbersichtlich und so entschloss ich mich, runter zum Tirschenreuther-Ring zu fahren. Ein klasse Ausgangspunkt f\u00fcr Rennradtouren in den Brandenburger Landkreis Teltow-Fl\u00e4ming. Mit einer Anreise von 17,2 km ist ein genaues Timing f\u00fcr ein p\u00fcnktliches Erscheinen erforderlich, aber mit den\u2026","rel":"","context":"In &quot;Radfahren&quot;","block_context":{"text":"Radfahren","link":"https:\/\/blog.kunstgriff.net\/?cat=14"},"img":{"alt_text":"","src":"https:\/\/i0.wp.com\/blog.kunstgriff.net\/wp-content\/uploads\/2012\/05\/Auf-dem-Weg-nach-Luckenwalde.jpg?resize=350%2C200","width":350,"height":200,"srcset":"https:\/\/i0.wp.com\/blog.kunstgriff.net\/wp-content\/uploads\/2012\/05\/Auf-dem-Weg-nach-Luckenwalde.jpg?resize=350%2C200 1x, https:\/\/i0.wp.com\/blog.kunstgriff.net\/wp-content\/uploads\/2012\/05\/Auf-dem-Weg-nach-Luckenwalde.jpg?resize=525%2C300 1.5x"},"classes":[]},{"id":16352,"url":"https:\/\/blog.kunstgriff.net\/?p=16352","url_meta":{"origin":20068,"position":1},"title":"Rund um Berlin auf dem Mauerweg","author":"Georg","date":"Juni 24, 2017","format":false,"excerpt":"\u00bbRad-Tour-Extrem\u00ab Vor \u00fcber sechs Monaten kam uns die Idee beim Kartenspielen, da\u00df wir doch mal was\u00a0episches auf dem Rad machen sollten. Nachdem wir schon mal einen Teil des Mauerradweges gefahren waren, wollten wir nun mal die komplette Runde wagen. Knapp 170 km h\u00f6rten sich erstmal f\u00fcr mich nicht, wie 'ne\u2026","rel":"","context":"In &quot;Besonderes Ereignis&quot;","block_context":{"text":"Besonderes Ereignis","link":"https:\/\/blog.kunstgriff.net\/?cat=25"},"img":{"alt_text":"","src":"https:\/\/i0.wp.com\/blog.kunstgriff.net\/wp-content\/uploads\/2017\/06\/Vor-Abfahrt-in-Wannsee.jpg?fit=1200%2C800&ssl=1&resize=350%2C200","width":350,"height":200,"srcset":"https:\/\/i0.wp.com\/blog.kunstgriff.net\/wp-content\/uploads\/2017\/06\/Vor-Abfahrt-in-Wannsee.jpg?fit=1200%2C800&ssl=1&resize=350%2C200 1x, https:\/\/i0.wp.com\/blog.kunstgriff.net\/wp-content\/uploads\/2017\/06\/Vor-Abfahrt-in-Wannsee.jpg?fit=1200%2C800&ssl=1&resize=525%2C300 1.5x, https:\/\/i0.wp.com\/blog.kunstgriff.net\/wp-content\/uploads\/2017\/06\/Vor-Abfahrt-in-Wannsee.jpg?fit=1200%2C800&ssl=1&resize=700%2C400 2x, https:\/\/i0.wp.com\/blog.kunstgriff.net\/wp-content\/uploads\/2017\/06\/Vor-Abfahrt-in-Wannsee.jpg?fit=1200%2C800&ssl=1&resize=1050%2C600 3x"},"classes":[]},{"id":18139,"url":"https:\/\/blog.kunstgriff.net\/?p=18139","url_meta":{"origin":20068,"position":2},"title":"Rund um Berlin auf dem Mauerweg &#8211; die Zweite","author":"Georg","date":"Juni 16, 2018","format":false,"excerpt":"\u00bbImmer wieder gerne\u00ab Nach meiner ersten Umrundung West-Berlins auf dem Mauerweg in 2017, wollte ich es in 2018 wieder tun. Neues Team, gleiche Strecke. Wieder im Uhrzeigersinn, wieder Start in Wannsee. P\u00fcnktlich um 7 Uhr ging es dann auch auf die Strecke. Sehr gleichm\u00e4\u00dfig und ruhig kurbelten alle los. Die\u2026","rel":"","context":"In &quot;Cake-Ride&quot;","block_context":{"text":"Cake-Ride","link":"https:\/\/blog.kunstgriff.net\/?cat=34"},"img":{"alt_text":"","src":"https:\/\/i0.wp.com\/blog.kunstgriff.net\/wp-content\/uploads\/2018\/06\/die-letzten-Kilometer-bei-Teltow.jpg?fit=1200%2C800&ssl=1&resize=350%2C200","width":350,"height":200,"srcset":"https:\/\/i0.wp.com\/blog.kunstgriff.net\/wp-content\/uploads\/2018\/06\/die-letzten-Kilometer-bei-Teltow.jpg?fit=1200%2C800&ssl=1&resize=350%2C200 1x, https:\/\/i0.wp.com\/blog.kunstgriff.net\/wp-content\/uploads\/2018\/06\/die-letzten-Kilometer-bei-Teltow.jpg?fit=1200%2C800&ssl=1&resize=525%2C300 1.5x, https:\/\/i0.wp.com\/blog.kunstgriff.net\/wp-content\/uploads\/2018\/06\/die-letzten-Kilometer-bei-Teltow.jpg?fit=1200%2C800&ssl=1&resize=700%2C400 2x, https:\/\/i0.wp.com\/blog.kunstgriff.net\/wp-content\/uploads\/2018\/06\/die-letzten-Kilometer-bei-Teltow.jpg?fit=1200%2C800&ssl=1&resize=1050%2C600 3x"},"classes":[]},{"id":6207,"url":"https:\/\/blog.kunstgriff.net\/?p=6207","url_meta":{"origin":20068,"position":3},"title":"\u00bbEarly-bird\u00ab-Samstags-Runde","author":"Georg","date":"Oktober 8, 2011","format":false,"excerpt":"oder \u00bbZu viert zum B\u00e4cker nach Blankensee\u00abDas Tourenangebot war heute recht \u00fcberschaubar. Niels bot eine sch\u00f6ne Runde um 8.30 Uhr in den S\u00fcden, in den Landkreis Teltow-Fl\u00e4ming an. Eine Einkehr beim B\u00e4cker in Blankensee war auch vorgesehen. Genau das Richtige f\u00fcr mich an einem Herbst-Samstag-Vormittag. Um 9 Uhr traf ich\u2026","rel":"","context":"In &quot;Radfahren&quot;","block_context":{"text":"Radfahren","link":"https:\/\/blog.kunstgriff.net\/?cat=14"},"img":{"alt_text":"","src":"https:\/\/i0.wp.com\/blog.kunstgriff.net\/wp-content\/uploads\/2011\/10\/Treffpunkt-Auerbachtunnel.jpg?resize=350%2C200","width":350,"height":200,"srcset":"https:\/\/i0.wp.com\/blog.kunstgriff.net\/wp-content\/uploads\/2011\/10\/Treffpunkt-Auerbachtunnel.jpg?resize=350%2C200 1x, https:\/\/i0.wp.com\/blog.kunstgriff.net\/wp-content\/uploads\/2011\/10\/Treffpunkt-Auerbachtunnel.jpg?resize=525%2C300 1.5x, https:\/\/i0.wp.com\/blog.kunstgriff.net\/wp-content\/uploads\/2011\/10\/Treffpunkt-Auerbachtunnel.jpg?resize=700%2C400 2x"},"classes":[]},{"id":18260,"url":"https:\/\/blog.kunstgriff.net\/?p=18260","url_meta":{"origin":20068,"position":4},"title":"RuB &#8211; Rund um Berlin","author":"Georg","date":"Juli 14, 2018","format":false,"excerpt":"Einmal rum zu viert Die Einen waren heute auf dem langen Weg zum Brocken, die Anderen mit dem Auto an der Ostsee und ich war bis Ende der Woche relativ ideenlos bez\u00fcglich der \u00fcblichen Rennrad-Wochenend-Touren-Planung. Da kam es sehr gelegen, da\u00df am Freitag Nachmittag der Alex vorschlug, mal wieder Rund\u2026","rel":"","context":"In &quot;200er&quot;","block_context":{"text":"200er","link":"https:\/\/blog.kunstgriff.net\/?cat=48"},"img":{"alt_text":"","src":"https:\/\/i0.wp.com\/blog.kunstgriff.net\/wp-content\/uploads\/2018\/07\/Geschafft-einmal-rum.jpg?fit=1200%2C800&ssl=1&resize=350%2C200","width":350,"height":200,"srcset":"https:\/\/i0.wp.com\/blog.kunstgriff.net\/wp-content\/uploads\/2018\/07\/Geschafft-einmal-rum.jpg?fit=1200%2C800&ssl=1&resize=350%2C200 1x, https:\/\/i0.wp.com\/blog.kunstgriff.net\/wp-content\/uploads\/2018\/07\/Geschafft-einmal-rum.jpg?fit=1200%2C800&ssl=1&resize=525%2C300 1.5x, https:\/\/i0.wp.com\/blog.kunstgriff.net\/wp-content\/uploads\/2018\/07\/Geschafft-einmal-rum.jpg?fit=1200%2C800&ssl=1&resize=700%2C400 2x, https:\/\/i0.wp.com\/blog.kunstgriff.net\/wp-content\/uploads\/2018\/07\/Geschafft-einmal-rum.jpg?fit=1200%2C800&ssl=1&resize=1050%2C600 3x"},"classes":[]},{"id":20009,"url":"https:\/\/blog.kunstgriff.net\/?p=20009","url_meta":{"origin":20068,"position":5},"title":"Wendelstein Rundfahrt 2019","author":"Georg","date":"August 24, 2019","format":false,"excerpt":"Zwei mal 211 Kilometer Diese Rundfahrt wollte ich schon seit mehr als neun Jahren unter die R\u00e4der nehmen. Damals,\u00a0im Mai 2010 beim Rh\u00f6n Marathon schw\u00e4rmte mir Ralph W. vor, da\u00df er diese Rundfahrt unbedingt mal machen wollen w\u00fcrde. Da mir diese Radfahr-Region auch g\u00e4nzlich unbekannt ist, ich den Tegernsee unter\u2026","rel":"","context":"In &quot;Besonderes Ereignis&quot;","block_context":{"text":"Besonderes Ereignis","link":"https:\/\/blog.kunstgriff.net\/?cat=25"},"img":{"alt_text":"tolle Stimmung am Morgen","src":"https:\/\/i0.wp.com\/blog.kunstgriff.net\/wp-content\/uploads\/2019\/08\/tolle-Stimmung-am-Morgen.jpg?fit=1200%2C800&ssl=1&resize=350%2C200","width":350,"height":200,"srcset":"https:\/\/i0.wp.com\/blog.kunstgriff.net\/wp-content\/uploads\/2019\/08\/tolle-Stimmung-am-Morgen.jpg?fit=1200%2C800&ssl=1&resize=350%2C200 1x, https:\/\/i0.wp.com\/blog.kunstgriff.net\/wp-content\/uploads\/2019\/08\/tolle-Stimmung-am-Morgen.jpg?fit=1200%2C800&ssl=1&resize=525%2C300 1.5x, https:\/\/i0.wp.com\/blog.kunstgriff.net\/wp-content\/uploads\/2019\/08\/tolle-Stimmung-am-Morgen.jpg?fit=1200%2C800&ssl=1&resize=700%2C400 2x, https:\/\/i0.wp.com\/blog.kunstgriff.net\/wp-content\/uploads\/2019\/08\/tolle-Stimmung-am-Morgen.jpg?fit=1200%2C800&ssl=1&resize=1050%2C600 3x"},"classes":[]}],"jetpack_likes_enabled":true,"jetpack_sharing_enabled":true,"_links":{"self":[{"href":"https:\/\/blog.kunstgriff.net\/index.php?rest_route=\/wp\/v2\/posts\/20068","targetHints":{"allow":["GET"]}}],"collection":[{"href":"https:\/\/blog.kunstgriff.net\/index.php?rest_route=\/wp\/v2\/posts"}],"about":[{"href":"https:\/\/blog.kunstgriff.net\/index.php?rest_route=\/wp\/v2\/types\/post"}],"author":[{"embeddable":true,"href":"https:\/\/blog.kunstgriff.net\/index.php?rest_route=\/wp\/v2\/users\/2"}],"replies":[{"embeddable":true,"href":"https:\/\/blog.kunstgriff.net\/index.php?rest_route=%2Fwp%2Fv2%2Fcomments&post=20068"}],"version-history":[{"count":0,"href":"https:\/\/blog.kunstgriff.net\/index.php?rest_route=\/wp\/v2\/posts\/20068\/revisions"}],"wp:featuredmedia":[{"embeddable":true,"href":"https:\/\/blog.kunstgriff.net\/index.php?rest_route=\/wp\/v2\/media\/20071"}],"wp:attachment":[{"href":"https:\/\/blog.kunstgriff.net\/index.php?rest_route=%2Fwp%2Fv2%2Fmedia&parent=20068"}],"wp:term":[{"taxonomy":"category","embeddable":true,"href":"https:\/\/blog.kunstgriff.net\/index.php?rest_route=%2Fwp%2Fv2%2Fcategories&post=20068"},{"taxonomy":"post_tag","embeddable":true,"href":"https:\/\/blog.kunstgriff.net\/index.php?rest_route=%2Fwp%2Fv2%2Ftags&post=20068"}],"curies":[{"name":"wp","href":"https:\/\/api.w.org\/{rel}","templated":true}]}}