{"id":20091,"date":"2019-09-23T21:59:07","date_gmt":"2019-09-23T19:59:07","guid":{"rendered":"https:\/\/blog.kunstgriff.net\/?p=20091"},"modified":"2019-09-23T21:59:07","modified_gmt":"2019-09-23T19:59:07","slug":"trebbin-runde-3","status":"publish","type":"post","link":"https:\/\/blog.kunstgriff.net\/?p=20091","title":{"rendered":"Trebbin-Runde"},"content":{"rendered":"<span class=\"span-reading-time rt-reading-time\" style=\"display: block;\"><span class=\"rt-label rt-prefix\">Lesezeit: <\/span> <span class=\"rt-time\"> &lt; 1<\/span> <span class=\"rt-label rt-postfix\">Minute<\/span><\/span><h4>Kuchen-Hunni zum Konrad<\/h4>\n<hr \/>\n<p>Nach einer Woche kompletter Sport-Abstinenz musste heute unbedingt der Renner bewegt werden. Angenehme fr\u00fchherbstliche Temperaturen und Sonnenschein luden ebenfalls zum \u00bbDrau\u00dfen-Fahren\u00ab ein.<\/p>\n<p>Es lief zuerst sehr gut und ich konnte einige Watt auf die Pedale bringen. Ob es am Wind oder der Woche Pause lag: Keine Ahnung. Nach etwas zwei Stunden wurde es dann doch sehr z\u00e4h und ich sehnte mich nach der Kuchen-Pause.<\/p>\n<p>Dort wurden dann zwei St\u00fcck verdr\u00fcckt, die mir mehr Schwierigkeiten machten, als Vortrieb boten. Ich hatte \u00bb<a href=\"https:\/\/blog.kunstgriff.net\/?page_id=15669\" target=\"_blank\" rel=\"noopener noreferrer\">Fresspuls\u00ab<\/a> vom \u00fcbelsten und mir war so durcheinander, da\u00df ich anhalten musste und ersthaft \u00fcberlegte ob und wie ich mich abholen lassen sollte. <em>Mega-Mist!<\/em><\/p>\n<p>Ich fuhr dann im Schneckentempo weiter, was half, wieder zu Kr\u00e4ften zu kommen. Just in dem Moment, als es wieder gut lief \u00fcberholte mich eine Cabrio-Fahrerin so eng, da\u00df mich fast ihr rechter Au\u00dfenspiegel ber\u00fchrte.<\/p>\n<p>Da auf dem Weg von G\u00fcterfelde nach Stahnsdorf immer Stau ist, sah ich sie in diesem wieder und sprach sie mit folgenden Worten an:<\/p>\n<blockquote><p><strong>\u00bbGuten Tag, ich m\u00f6chte Sie aufs h\u00f6flichste darauf hinweisen, da\u00df Ihr enges \u00dcberholen mein Leben gef\u00e4hrdet. <\/strong><strong>Sie sind laut StVO dazu verpflichtet, mindestens einen Sicherheitsabstand von 1,50 Metern einzuhalten. K\u00f6nnen Sie dies nicht, d\u00fcrfen Sie nicht \u00fcberholen.\u00ab<\/strong><\/p><\/blockquote>\n<p>Daraufhin nahm sie ihre Sonnenbrille ab, \u00fcberlegte kurz und sagte:<\/p>\n<blockquote><p><strong>\u00bbDa hinten ist doch ein Radweg.\u00ab<\/strong><\/p><\/blockquote>\n<p>Alltag auf Brandenburgs Strassen. Leider. Das n\u00e4chste mal z\u00fccke ich nach solch frecher Antwort mein iPhone. Photographiere die Person und sage ihr sachlich, da\u00df ich sie aufgrund der uneinsichtigen Antwort anzeigen werde.<\/p>\n<p>Der Rest der Heimfahrt verlief dann ohne Zwischenf\u00e4lle.<\/p>\n<p><iframe height='405' width='590' frameborder='0' allowtransparency='true' scrolling='no' src='https:\/\/www.strava.com\/activities\/2734321236\/embed\/1713f707b8dcb12f7ef3b15e52fb40901c095cdc'><\/iframe><\/p>\n<div class=\"tiled-gallery type-rectangular tiled-gallery-unresized\" data-original-width=\"525\" data-carousel-extra='{&quot;blog_id&quot;:1,&quot;permalink&quot;:&quot;https:\\\/\\\/blog.kunstgriff.net\\\/?p=20091&quot;,&quot;likes_blog_id&quot;:127394879}' itemscope itemtype=\"http:\/\/schema.org\/ImageGallery\" > <div class=\"gallery-row\" style=\"width: 525px; height: 235px;\" data-original-width=\"525\" data-original-height=\"235\" > <div class=\"gallery-group images-1\" style=\"width: 351px; height: 235px;\" data-original-width=\"351\" data-original-height=\"235\" > <div class=\"tiled-gallery-item tiled-gallery-item-large\" itemprop=\"associatedMedia\" itemscope itemtype=\"http:\/\/schema.org\/ImageObject\"> <a href=\"https:\/\/i0.wp.com\/blog.kunstgriff.net\/wp-content\/uploads\/2019\/09\/Herbstliches-Philipstal.jpg?ssl=1\" border=\"0\" itemprop=\"url\"> <meta itemprop=\"width\" content=\"347\"> <meta itemprop=\"height\" content=\"231\"> <img decoding=\"async\" class=\"\" data-attachment-id=\"20089\" data-orig-file=\"https:\/\/blog.kunstgriff.net\/wp-content\/uploads\/2019\/09\/Herbstliches-Philipstal.jpg\" data-orig-size=\"2500,1666\" data-comments-opened=\"1\" data-image-meta=\"{&quot;aperture&quot;:&quot;2.8&quot;,&quot;credit&quot;:&quot;&quot;,&quot;camera&quot;:&quot;TG-4&quot;,&quot;caption&quot;:&quot;OLYMPUS DIGITAL CAMERA&quot;,&quot;created_timestamp&quot;:&quot;1569245595&quot;,&quot;copyright&quot;:&quot;&quot;,&quot;focal_length&quot;:&quot;4.5&quot;,&quot;iso&quot;:&quot;100&quot;,&quot;shutter_speed&quot;:&quot;0.0015625&quot;,&quot;title&quot;:&quot;OLYMPUS DIGITAL CAMERA&quot;,&quot;orientation&quot;:&quot;1&quot;}\" data-image-title=\"Herbstliches Philipstal\" data-image-description=\"\" data-medium-file=\"https:\/\/i0.wp.com\/blog.kunstgriff.net\/wp-content\/uploads\/2019\/09\/Herbstliches-Philipstal.jpg?fit=300%2C200&#038;ssl=1\" data-large-file=\"https:\/\/i0.wp.com\/blog.kunstgriff.net\/wp-content\/uploads\/2019\/09\/Herbstliches-Philipstal.jpg?fit=1024%2C682&#038;ssl=1\" src=\"https:\/\/i0.wp.com\/blog.kunstgriff.net\/wp-content\/uploads\/2019\/09\/Herbstliches-Philipstal.jpg?w=347&#038;h=231&#038;ssl=1\" srcset=\"https:\/\/i0.wp.com\/blog.kunstgriff.net\/wp-content\/uploads\/2019\/09\/Herbstliches-Philipstal.jpg?w=2500&amp;ssl=1 2500w, https:\/\/i0.wp.com\/blog.kunstgriff.net\/wp-content\/uploads\/2019\/09\/Herbstliches-Philipstal.jpg?resize=300%2C200&amp;ssl=1 300w, https:\/\/i0.wp.com\/blog.kunstgriff.net\/wp-content\/uploads\/2019\/09\/Herbstliches-Philipstal.jpg?resize=768%2C512&amp;ssl=1 768w, https:\/\/i0.wp.com\/blog.kunstgriff.net\/wp-content\/uploads\/2019\/09\/Herbstliches-Philipstal.jpg?resize=1024%2C682&amp;ssl=1 1024w, https:\/\/i0.wp.com\/blog.kunstgriff.net\/wp-content\/uploads\/2019\/09\/Herbstliches-Philipstal.jpg?w=1575&amp;ssl=1 1575w\" width=\"347\" height=\"231\" loading=\"lazy\" data-original-width=\"347\" data-original-height=\"231\" itemprop=\"http:\/\/schema.org\/image\" title=\"Herbstliches Philipstal\" alt=\"Herbstliches Philipstal\" style=\"width: 347px; height: 231px;\" \/> <\/a> <div class=\"tiled-gallery-caption\" itemprop=\"caption description\"> Herbstliches Philipstal <\/div> <\/div> <\/div> <!-- close group --> <div class=\"gallery-group images-2\" style=\"width: 174px; height: 235px;\" data-original-width=\"174\" data-original-height=\"235\" > <div class=\"tiled-gallery-item tiled-gallery-item-small\" itemprop=\"associatedMedia\" itemscope itemtype=\"http:\/\/schema.org\/ImageObject\"> <a href=\"https:\/\/i0.wp.com\/blog.kunstgriff.net\/wp-content\/uploads\/2019\/09\/Kuchen-bei-Konrad.jpg?ssl=1\" border=\"0\" itemprop=\"url\"> <meta itemprop=\"width\" content=\"170\"> <meta itemprop=\"height\" content=\"114\"> <img decoding=\"async\" class=\"\" data-attachment-id=\"20090\" data-orig-file=\"https:\/\/blog.kunstgriff.net\/wp-content\/uploads\/2019\/09\/Kuchen-bei-Konrad.jpg\" data-orig-size=\"2500,1667\" data-comments-opened=\"1\" data-image-meta=\"{&quot;aperture&quot;:&quot;2.8&quot;,&quot;credit&quot;:&quot;&quot;,&quot;camera&quot;:&quot;TG-4&quot;,&quot;caption&quot;:&quot;OLYMPUS DIGITAL CAMERA&quot;,&quot;created_timestamp&quot;:&quot;1569249946&quot;,&quot;copyright&quot;:&quot;&quot;,&quot;focal_length&quot;:&quot;4.5&quot;,&quot;iso&quot;:&quot;100&quot;,&quot;shutter_speed&quot;:&quot;0.001&quot;,&quot;title&quot;:&quot;OLYMPUS DIGITAL CAMERA&quot;,&quot;orientation&quot;:&quot;1&quot;}\" data-image-title=\"Kuchen bei Konrad\" data-image-description=\"\" data-medium-file=\"https:\/\/i0.wp.com\/blog.kunstgriff.net\/wp-content\/uploads\/2019\/09\/Kuchen-bei-Konrad.jpg?fit=300%2C200&#038;ssl=1\" data-large-file=\"https:\/\/i0.wp.com\/blog.kunstgriff.net\/wp-content\/uploads\/2019\/09\/Kuchen-bei-Konrad.jpg?fit=1024%2C683&#038;ssl=1\" src=\"https:\/\/i0.wp.com\/blog.kunstgriff.net\/wp-content\/uploads\/2019\/09\/Kuchen-bei-Konrad.jpg?w=170&#038;h=114&#038;ssl=1\" srcset=\"https:\/\/i0.wp.com\/blog.kunstgriff.net\/wp-content\/uploads\/2019\/09\/Kuchen-bei-Konrad.jpg?w=2500&amp;ssl=1 2500w, https:\/\/i0.wp.com\/blog.kunstgriff.net\/wp-content\/uploads\/2019\/09\/Kuchen-bei-Konrad.jpg?resize=300%2C200&amp;ssl=1 300w, https:\/\/i0.wp.com\/blog.kunstgriff.net\/wp-content\/uploads\/2019\/09\/Kuchen-bei-Konrad.jpg?resize=768%2C512&amp;ssl=1 768w, https:\/\/i0.wp.com\/blog.kunstgriff.net\/wp-content\/uploads\/2019\/09\/Kuchen-bei-Konrad.jpg?resize=1024%2C683&amp;ssl=1 1024w, https:\/\/i0.wp.com\/blog.kunstgriff.net\/wp-content\/uploads\/2019\/09\/Kuchen-bei-Konrad.jpg?w=1575&amp;ssl=1 1575w\" width=\"170\" height=\"114\" loading=\"lazy\" data-original-width=\"170\" data-original-height=\"114\" itemprop=\"http:\/\/schema.org\/image\" title=\"Kuchen bei Konrad\" alt=\"Kuchen bei Konrad\" style=\"width: 170px; height: 114px;\" \/> <\/a> <div class=\"tiled-gallery-caption\" itemprop=\"caption description\"> Kuchen bei Konrad <\/div> <\/div> <div class=\"tiled-gallery-item tiled-gallery-item-small\" itemprop=\"associatedMedia\" itemscope itemtype=\"http:\/\/schema.org\/ImageObject\"> <a href=\"https:\/\/i0.wp.com\/blog.kunstgriff.net\/wp-content\/uploads\/2019\/09\/Havelchaussee-Fresspuls-%C3%BCberstanden.jpg?ssl=1\" border=\"0\" itemprop=\"url\"> <meta itemprop=\"width\" content=\"170\"> <meta itemprop=\"height\" content=\"113\"> <img decoding=\"async\" class=\"\" data-attachment-id=\"20088\" data-orig-file=\"https:\/\/blog.kunstgriff.net\/wp-content\/uploads\/2019\/09\/Havelchaussee-Fresspuls-\u00fcberstanden.jpg\" data-orig-size=\"2500,1667\" data-comments-opened=\"1\" data-image-meta=\"{&quot;aperture&quot;:&quot;2&quot;,&quot;credit&quot;:&quot;&quot;,&quot;camera&quot;:&quot;TG-4&quot;,&quot;caption&quot;:&quot;OLYMPUS DIGITAL CAMERA&quot;,&quot;created_timestamp&quot;:&quot;1569256508&quot;,&quot;copyright&quot;:&quot;&quot;,&quot;focal_length&quot;:&quot;4.5&quot;,&quot;iso&quot;:&quot;100&quot;,&quot;shutter_speed&quot;:&quot;0.01&quot;,&quot;title&quot;:&quot;OLYMPUS DIGITAL CAMERA&quot;,&quot;orientation&quot;:&quot;1&quot;}\" data-image-title=\"Havelchaussee &amp;#8211; Fresspuls \u00fcberstanden\" data-image-description=\"\" data-medium-file=\"https:\/\/i0.wp.com\/blog.kunstgriff.net\/wp-content\/uploads\/2019\/09\/Havelchaussee-Fresspuls-%C3%BCberstanden.jpg?fit=300%2C200&#038;ssl=1\" data-large-file=\"https:\/\/i0.wp.com\/blog.kunstgriff.net\/wp-content\/uploads\/2019\/09\/Havelchaussee-Fresspuls-%C3%BCberstanden.jpg?fit=1024%2C683&#038;ssl=1\" src=\"https:\/\/i0.wp.com\/blog.kunstgriff.net\/wp-content\/uploads\/2019\/09\/Havelchaussee-Fresspuls-%C3%BCberstanden.jpg?w=170&#038;h=113&#038;ssl=1\" width=\"170\" height=\"113\" loading=\"lazy\" data-original-width=\"170\" data-original-height=\"113\" itemprop=\"http:\/\/schema.org\/image\" title=\"Havelchaussee - Fresspuls \u00fcberstanden\" alt=\"Havelchaussee - Fresspuls \u00fcberstanden\" style=\"width: 170px; height: 113px;\" \/> <\/a> <div class=\"tiled-gallery-caption\" itemprop=\"caption description\"> Havelchaussee &#8211; Fresspuls \u00fcberstanden <\/div> <\/div> <\/div> <!-- close group --> <\/div> <!-- close row --> <\/div>\n","protected":false},"excerpt":{"rendered":"<p>Kuchen-Hunni zum Konrad Nach einer Woche kompletter Sport-Abstinenz musste heute unbedingt der Renner bewegt werden. Angenehme fr\u00fchherbstliche Temperaturen und Sonnenschein luden ebenfalls zum \u00bbDrau\u00dfen-Fahren\u00ab ein. Es lief zuerst sehr gut und ich konnte einige Watt auf die Pedale bringen. Ob es am Wind oder der Woche Pause lag: Keine Ahnung. Nach etwas zwei Stunden wurde &hellip; <\/p>\n<p class=\"link-more\"><a href=\"https:\/\/blog.kunstgriff.net\/?p=20091\" class=\"more-link\"><span class=\"screen-reader-text\">\u201eTrebbin-Runde\u201c <\/span>weiterlesen<\/a><\/p>\n","protected":false},"author":2,"featured_media":20089,"comment_status":"open","ping_status":"open","sticky":false,"template":"","format":"standard","meta":{"jetpack_post_was_ever_published":false,"_jetpack_newsletter_access":"","_jetpack_dont_email_post_to_subs":false,"_jetpack_newsletter_tier_id":0,"_jetpack_memberships_contains_paywalled_content":false,"_jetpack_memberships_contains_paid_content":false,"footnotes":""},"categories":[34,14,7],"tags":[],"class_list":["post-20091","post","type-post","status-publish","format-standard","has-post-thumbnail","hentry","category-cake-ride","category-radfahren","category-rennradfahren"],"jetpack_featured_media_url":"https:\/\/i0.wp.com\/blog.kunstgriff.net\/wp-content\/uploads\/2019\/09\/Herbstliches-Philipstal.jpg?fit=2500%2C1666&ssl=1","jetpack_shortlink":"https:\/\/wp.me\/p8Cxe7-5e3","jetpack-related-posts":[{"id":19898,"url":"https:\/\/blog.kunstgriff.net\/?p=19898","url_meta":{"origin":20091,"position":0},"title":"Pankow \u2013 \u00dcckeritz \u2013 Usedom 2019 v1","author":"Georg","date":"August 10, 2019","format":false,"excerpt":"\u00bbK\u00fcstenritt auf neuen Wegen\u00ab Nach der\u00a0gesundheitlich\u00a0eher sehr durchwachsenen Woche, f\u00fchlte ich mich eigentlich nicht nach einer Ostsee-Tour. Auf der anderen Seite hatte ich die Fahrt im Mai bereits verpasst und mir war klar, da\u00df es wohl nicht mehr viele Gelegenheiten in 2019 geben wird, diesen Klassiker zu fahren. Nach der\u2026","rel":"","context":"In &quot;200er&quot;","block_context":{"text":"200er","link":"https:\/\/blog.kunstgriff.net\/?cat=48"},"img":{"alt_text":"Angekommen am Meer","src":"https:\/\/i0.wp.com\/blog.kunstgriff.net\/wp-content\/uploads\/2019\/08\/Angekommen-am-Meer.jpg?fit=1200%2C800&ssl=1&resize=350%2C200","width":350,"height":200,"srcset":"https:\/\/i0.wp.com\/blog.kunstgriff.net\/wp-content\/uploads\/2019\/08\/Angekommen-am-Meer.jpg?fit=1200%2C800&ssl=1&resize=350%2C200 1x, https:\/\/i0.wp.com\/blog.kunstgriff.net\/wp-content\/uploads\/2019\/08\/Angekommen-am-Meer.jpg?fit=1200%2C800&ssl=1&resize=525%2C300 1.5x, https:\/\/i0.wp.com\/blog.kunstgriff.net\/wp-content\/uploads\/2019\/08\/Angekommen-am-Meer.jpg?fit=1200%2C800&ssl=1&resize=700%2C400 2x, https:\/\/i0.wp.com\/blog.kunstgriff.net\/wp-content\/uploads\/2019\/08\/Angekommen-am-Meer.jpg?fit=1200%2C800&ssl=1&resize=1050%2C600 3x"},"classes":[]},{"id":19811,"url":"https:\/\/blog.kunstgriff.net\/?p=19811","url_meta":{"origin":20091,"position":1},"title":"Tiri-Burg Rabenstein 2019","author":"Georg","date":"Juli 20, 2019","format":false,"excerpt":"harter 200er Schon Mitte der Woche hat mich Alex gebeten doch mal wieder beim Tiri zur Burg Rabenstein mitzufahren. Da ich wusste, da\u00df die Woche anstrengend werden w\u00fcrde und ich 200er eher nicht mehr so lieb habe, sagte ich dann trotzdem zu. Schon eine gef\u00fchlte Ewigkeit war ich da nicht\u2026","rel":"","context":"In &quot;200er&quot;","block_context":{"text":"200er","link":"https:\/\/blog.kunstgriff.net\/?cat=48"},"img":{"alt_text":"hoch zur Burg - Sport frei","src":"https:\/\/i0.wp.com\/blog.kunstgriff.net\/wp-content\/uploads\/2019\/07\/hoch-zur-Burg-Sport-frei.jpg?fit=1200%2C800&ssl=1&resize=350%2C200","width":350,"height":200,"srcset":"https:\/\/i0.wp.com\/blog.kunstgriff.net\/wp-content\/uploads\/2019\/07\/hoch-zur-Burg-Sport-frei.jpg?fit=1200%2C800&ssl=1&resize=350%2C200 1x, https:\/\/i0.wp.com\/blog.kunstgriff.net\/wp-content\/uploads\/2019\/07\/hoch-zur-Burg-Sport-frei.jpg?fit=1200%2C800&ssl=1&resize=525%2C300 1.5x, https:\/\/i0.wp.com\/blog.kunstgriff.net\/wp-content\/uploads\/2019\/07\/hoch-zur-Burg-Sport-frei.jpg?fit=1200%2C800&ssl=1&resize=700%2C400 2x, https:\/\/i0.wp.com\/blog.kunstgriff.net\/wp-content\/uploads\/2019\/07\/hoch-zur-Burg-Sport-frei.jpg?fit=1200%2C800&ssl=1&resize=1050%2C600 3x"},"classes":[]},{"id":19266,"url":"https:\/\/blog.kunstgriff.net\/?p=19266","url_meta":{"origin":20091,"position":2},"title":"Nach Motzen und Trebbin mit den TiRis","author":"Georg","date":"April 19, 2019","format":false,"excerpt":"Fast kein Kuchen in Brandenburg Heute war mal wieder Tiri angesagt. Mit An- & Abreise satte 174 km. Eigentlich zuviel f\u00fcr den Einstieg ins Osterwochenende. Aber ich wollte mal wieder mit der G\u00e4ng fahren und so musste ich da durch. Die Anfahrt verlief routiniert, au\u00dfer da\u00df ich mich heute mal\u2026","rel":"","context":"In &quot;Cake-Ride&quot;","block_context":{"text":"Cake-Ride","link":"https:\/\/blog.kunstgriff.net\/?cat=34"},"img":{"alt_text":"","src":"https:\/\/i0.wp.com\/blog.kunstgriff.net\/wp-content\/uploads\/2019\/04\/Bl%C3%BChendes-Trebbin.jpg?fit=1200%2C800&ssl=1&resize=350%2C200","width":350,"height":200,"srcset":"https:\/\/i0.wp.com\/blog.kunstgriff.net\/wp-content\/uploads\/2019\/04\/Bl%C3%BChendes-Trebbin.jpg?fit=1200%2C800&ssl=1&resize=350%2C200 1x, https:\/\/i0.wp.com\/blog.kunstgriff.net\/wp-content\/uploads\/2019\/04\/Bl%C3%BChendes-Trebbin.jpg?fit=1200%2C800&ssl=1&resize=525%2C300 1.5x, https:\/\/i0.wp.com\/blog.kunstgriff.net\/wp-content\/uploads\/2019\/04\/Bl%C3%BChendes-Trebbin.jpg?fit=1200%2C800&ssl=1&resize=700%2C400 2x, https:\/\/i0.wp.com\/blog.kunstgriff.net\/wp-content\/uploads\/2019\/04\/Bl%C3%BChendes-Trebbin.jpg?fit=1200%2C800&ssl=1&resize=1050%2C600 3x"},"classes":[]},{"id":16648,"url":"https:\/\/blog.kunstgriff.net\/?p=16648","url_meta":{"origin":20091,"position":3},"title":"Mit der Nordgruppe ins L\u00f6wenberger Land","author":"Georg","date":"September 3, 2017","format":false,"excerpt":"\u00bbGrosse Gruppe - flotte Runde\u00ab Schon seit Freitag freute ich mich auf diese Runde, denn Sascha T. lud in den Norden. Der Track war von Alex geplant und so war eine hohe Touren-Qualit\u00e4t gewiss. Mit Marc C. fuhr ich locker zum Treffpunkt in Pankow, wo wir uns um kurz nach\u2026","rel":"","context":"In &quot;Cake-Ride&quot;","block_context":{"text":"Cake-Ride","link":"https:\/\/blog.kunstgriff.net\/?cat=34"},"img":{"alt_text":"","src":"https:\/\/i0.wp.com\/blog.kunstgriff.net\/wp-content\/uploads\/2017\/09\/Treffpunkt-AGIP-Dietzgenstrasse.jpg?fit=1200%2C800&ssl=1&resize=350%2C200","width":350,"height":200,"srcset":"https:\/\/i0.wp.com\/blog.kunstgriff.net\/wp-content\/uploads\/2017\/09\/Treffpunkt-AGIP-Dietzgenstrasse.jpg?fit=1200%2C800&ssl=1&resize=350%2C200 1x, https:\/\/i0.wp.com\/blog.kunstgriff.net\/wp-content\/uploads\/2017\/09\/Treffpunkt-AGIP-Dietzgenstrasse.jpg?fit=1200%2C800&ssl=1&resize=525%2C300 1.5x, https:\/\/i0.wp.com\/blog.kunstgriff.net\/wp-content\/uploads\/2017\/09\/Treffpunkt-AGIP-Dietzgenstrasse.jpg?fit=1200%2C800&ssl=1&resize=700%2C400 2x, https:\/\/i0.wp.com\/blog.kunstgriff.net\/wp-content\/uploads\/2017\/09\/Treffpunkt-AGIP-Dietzgenstrasse.jpg?fit=1200%2C800&ssl=1&resize=1050%2C600 3x"},"classes":[]},{"id":20186,"url":"https:\/\/blog.kunstgriff.net\/?p=20186","url_meta":{"origin":20091,"position":4},"title":"Schwielowsee- &#038; Beelitz-Runde","author":"Georg","date":"Oktober 20, 2019","format":false,"excerpt":"Ohne Kuchen alleine nen Hunderter Nach den Gruppenausfahrten der vergangenen Wochen wollte ich heute mal wieder alleine fahren. Das birgt einige Nachteile aber auch Vorteile, die nicht zu untersch\u00e4tzen sind. Zum Beispiel freie Streckenwahl und Pause wann immer es einem beliebt. Auch ist man Herr \u00fcber sein eigenes Tempo, was\u2026","rel":"","context":"In &quot;Radfahren&quot;","block_context":{"text":"Radfahren","link":"https:\/\/blog.kunstgriff.net\/?cat=14"},"img":{"alt_text":"Der R1 Radweg - gut befahrbar","src":"https:\/\/i0.wp.com\/blog.kunstgriff.net\/wp-content\/uploads\/2019\/10\/Der-R1-Radweg-gut-befahrbar.jpg?fit=1200%2C800&ssl=1&resize=350%2C200","width":350,"height":200,"srcset":"https:\/\/i0.wp.com\/blog.kunstgriff.net\/wp-content\/uploads\/2019\/10\/Der-R1-Radweg-gut-befahrbar.jpg?fit=1200%2C800&ssl=1&resize=350%2C200 1x, https:\/\/i0.wp.com\/blog.kunstgriff.net\/wp-content\/uploads\/2019\/10\/Der-R1-Radweg-gut-befahrbar.jpg?fit=1200%2C800&ssl=1&resize=525%2C300 1.5x, https:\/\/i0.wp.com\/blog.kunstgriff.net\/wp-content\/uploads\/2019\/10\/Der-R1-Radweg-gut-befahrbar.jpg?fit=1200%2C800&ssl=1&resize=700%2C400 2x, https:\/\/i0.wp.com\/blog.kunstgriff.net\/wp-content\/uploads\/2019\/10\/Der-R1-Radweg-gut-befahrbar.jpg?fit=1200%2C800&ssl=1&resize=1050%2C600 3x"},"classes":[]},{"id":15036,"url":"https:\/\/blog.kunstgriff.net\/?p=15036","url_meta":{"origin":20091,"position":5},"title":"Pankow- > Usedom 2016 v2","author":"Georg","date":"September 10, 2016","format":false,"excerpt":"oder \u00bbAb an die K\u00fcste\u00ab Als mich Mitte der Woche die Nachfrage von Alex erreichte, ob ich zum Saisonabschluss mal wieder nach Usedom mitwolle, hielt sich meine Begeisterung in Grenzen. Zum Ende der Arbeitswoche festigte sich aber der Plan, die sch\u00f6ne Strecke mal wieder mit zu rollen. Vor gut 4\u2026","rel":"","context":"In &quot;200er&quot;","block_context":{"text":"200er","link":"https:\/\/blog.kunstgriff.net\/?cat=48"},"img":{"alt_text":"","src":"https:\/\/i0.wp.com\/blog.kunstgriff.net\/wp-content\/uploads\/2016\/09\/Geschafft-in-Ueckeritz.jpg?fit=1200%2C800&ssl=1&resize=350%2C200","width":350,"height":200,"srcset":"https:\/\/i0.wp.com\/blog.kunstgriff.net\/wp-content\/uploads\/2016\/09\/Geschafft-in-Ueckeritz.jpg?fit=1200%2C800&ssl=1&resize=350%2C200 1x, https:\/\/i0.wp.com\/blog.kunstgriff.net\/wp-content\/uploads\/2016\/09\/Geschafft-in-Ueckeritz.jpg?fit=1200%2C800&ssl=1&resize=525%2C300 1.5x, https:\/\/i0.wp.com\/blog.kunstgriff.net\/wp-content\/uploads\/2016\/09\/Geschafft-in-Ueckeritz.jpg?fit=1200%2C800&ssl=1&resize=700%2C400 2x, https:\/\/i0.wp.com\/blog.kunstgriff.net\/wp-content\/uploads\/2016\/09\/Geschafft-in-Ueckeritz.jpg?fit=1200%2C800&ssl=1&resize=1050%2C600 3x"},"classes":[]}],"jetpack_likes_enabled":true,"jetpack_sharing_enabled":true,"_links":{"self":[{"href":"https:\/\/blog.kunstgriff.net\/index.php?rest_route=\/wp\/v2\/posts\/20091","targetHints":{"allow":["GET"]}}],"collection":[{"href":"https:\/\/blog.kunstgriff.net\/index.php?rest_route=\/wp\/v2\/posts"}],"about":[{"href":"https:\/\/blog.kunstgriff.net\/index.php?rest_route=\/wp\/v2\/types\/post"}],"author":[{"embeddable":true,"href":"https:\/\/blog.kunstgriff.net\/index.php?rest_route=\/wp\/v2\/users\/2"}],"replies":[{"embeddable":true,"href":"https:\/\/blog.kunstgriff.net\/index.php?rest_route=%2Fwp%2Fv2%2Fcomments&post=20091"}],"version-history":[{"count":0,"href":"https:\/\/blog.kunstgriff.net\/index.php?rest_route=\/wp\/v2\/posts\/20091\/revisions"}],"wp:featuredmedia":[{"embeddable":true,"href":"https:\/\/blog.kunstgriff.net\/index.php?rest_route=\/wp\/v2\/media\/20089"}],"wp:attachment":[{"href":"https:\/\/blog.kunstgriff.net\/index.php?rest_route=%2Fwp%2Fv2%2Fmedia&parent=20091"}],"wp:term":[{"taxonomy":"category","embeddable":true,"href":"https:\/\/blog.kunstgriff.net\/index.php?rest_route=%2Fwp%2Fv2%2Fcategories&post=20091"},{"taxonomy":"post_tag","embeddable":true,"href":"https:\/\/blog.kunstgriff.net\/index.php?rest_route=%2Fwp%2Fv2%2Ftags&post=20091"}],"curies":[{"name":"wp","href":"https:\/\/api.w.org\/{rel}","templated":true}]}}