{"id":2015,"date":"2010-07-17T21:59:01","date_gmt":"2010-07-17T19:59:01","guid":{"rendered":"http:\/\/blog.kunstgriff.net\/?p=2015"},"modified":"2017-06-13T15:28:36","modified_gmt":"2017-06-13T13:28:36","slug":"harz-tour-2010-tag-2","status":"publish","type":"post","link":"https:\/\/blog.kunstgriff.net\/?p=2015","title":{"rendered":"Harz-Tour 2010 &#8211; Tag 2"},"content":{"rendered":"<span class=\"span-reading-time rt-reading-time\" style=\"display: block;\"><span class=\"rt-label rt-prefix\">Lesezeit: <\/span> <span class=\"rt-time\"> 2<\/span> <span class=\"rt-label rt-postfix\">Minuten<\/span><\/span><h4>oder \u00bbKein Essen nach 20 Uhr\u00ab<\/h4>\n<hr \/>\n<p>Heute sollte unsere K\u00f6nigsetappe gefahren werden. Um es noch ein wenig interessanter zu machen, pr\u00e4parierten wir gestern die Strecke noch mit zus\u00e4tzlichen H\u00f6henmetern durch einen extra Anstieg vom Siebertal einen gut asphaltierten Forstweg entlang der Sieber hoch zum Sonnenberg.<\/p>\n<p>Leider zeigte sich die Region wieder einmal von seiner typischen Seite: Es begann oben am St. Andreasberg zu nieseln. Dieses Nieseln sollte uns dann die n\u00e4chsten 20 km begleiten. So entschlossen wir uns schon recht fr\u00fch f\u00fcr eine Einkehr in Altenau. Wir hockten dort recht lange und wollten nicht mehr wirklich weiterfahren, denn es nieselte auch nach dem <em>Lunch<\/em> noch weiter. In Claustal-Zellerfeld war der Himmel dann so furchteinfl\u00f6\u00dfend dunkel das wir dar\u00fcber nachdachten die Runde zu verk\u00fcrzen. Zum Gl\u00fcck taten wir das nicht, denn Peter wusste das dieser Ort eine klassische Wetterscheide ist und wir ggf. dem Wolkenbruch entkommen w\u00fcrden. So war es dann auch und wir sollten heute keine Tropfen mehr von oben abbekommen. <em>Sauber!<\/em><\/p>\n<p>Nach der langen Abfahrt runter nach Osterode und noch weiteren 52 km bis zum Ziel fuhren wir sauber <em>Zweierreihe<\/em> um K\u00f6rner zu sparen und schnell zum letzten giftigen Anstieg zu gelangen: Von Zorge hoch zur Hohen Gei\u00df, fast alpine Verh\u00e4ltnisse: 300 H\u00f6henmeter auf 3 km. Dann ging es noch entspannt zur\u00fcck nach Benneckenstein und Tanne. 1 km vor dem Ziel platze Jasper noch der Reifen, zum Gl\u00fcck der einzige Defekt heute, abgesehen von Jans sinnlosem Hinfaller in Braunlage nach weniger als 10 km.<\/p>\n<p>Die Kombination aus sp\u00e4ter Abfahrt, langer Regenpause und Ignoranz der \u00f6rtlichen Gastronomie, w\u00e4re es uns beinahe unm\u00f6glich geworden noch ein warmes Abendessen zu erhalten. Die Rennradgruppe aus der Hauptstadt wollte n\u00e4mlich erst um 20 Uhr zu Abend essen, was im Tanne-Blick am Samstag Abend nicht erw\u00fcnscht ist. Eigentlich schon erstaunlich das der Umsatz mit 12 hungrigen Radlern verschm\u00e4ht wurden, nur weil mir nicht um 18:30 Uhr den Tisch nehmen konnten, sondern erst um 20 Uhr. Unser Hotel hatte erbarmen mit uns und wir bekamen auch um 21 Uhr noch leckere Pasta.<\/p>\n<p>Mal sehen was morgen noch so wird. Hoffentlich kein Regen.<br \/>\n<div class=\"tiled-gallery type-rectangular tiled-gallery-unresized\" data-original-width=\"525\" data-carousel-extra='{&quot;blog_id&quot;:1,&quot;permalink&quot;:&quot;https:\\\/\\\/blog.kunstgriff.net\\\/?p=2015&quot;,&quot;likes_blog_id&quot;:127394879}' itemscope itemtype=\"http:\/\/schema.org\/ImageGallery\" > <div class=\"gallery-row\" style=\"width: 525px; height: 264px;\" data-original-width=\"525\" data-original-height=\"264\" > <div class=\"gallery-group images-1\" style=\"width: 350px; height: 264px;\" data-original-width=\"350\" data-original-height=\"264\" > <div class=\"tiled-gallery-item tiled-gallery-item-large\" itemprop=\"associatedMedia\" itemscope itemtype=\"http:\/\/schema.org\/ImageObject\"> <a href=\"https:\/\/blog.kunstgriff.net\/?attachment_id=2018\" border=\"0\" itemprop=\"url\"> <meta itemprop=\"width\" content=\"346\"> <meta itemprop=\"height\" content=\"260\"> <img decoding=\"async\" class=\"\" data-attachment-id=\"2018\" data-orig-file=\"https:\/\/blog.kunstgriff.net\/wp-content\/uploads\/2010\/07\/DSCF1528.jpg\" data-orig-size=\"900,675\" data-comments-opened=\"1\" data-image-meta=\"{&quot;aperture&quot;:&quot;8&quot;,&quot;credit&quot;:&quot;&quot;,&quot;camera&quot;:&quot;FinePix Z33WP&quot;,&quot;caption&quot;:&quot;&quot;,&quot;created_timestamp&quot;:&quot;1279352826&quot;,&quot;copyright&quot;:&quot;&quot;,&quot;focal_length&quot;:&quot;6.3&quot;,&quot;iso&quot;:&quot;100&quot;,&quot;shutter_speed&quot;:&quot;0.004&quot;,&quot;title&quot;:&quot;&quot;}\" data-image-title=\"DSCF1528\" data-image-description=\"\" data-medium-file=\"https:\/\/i0.wp.com\/blog.kunstgriff.net\/wp-content\/uploads\/2010\/07\/DSCF1528.jpg?fit=300%2C225&#038;ssl=1\" data-large-file=\"https:\/\/i0.wp.com\/blog.kunstgriff.net\/wp-content\/uploads\/2010\/07\/DSCF1528.jpg?fit=900%2C675&#038;ssl=1\" src=\"https:\/\/i0.wp.com\/blog.kunstgriff.net\/wp-content\/uploads\/2010\/07\/DSCF1528.jpg?w=346&#038;h=260&#038;ssl=1\" srcset=\"https:\/\/i0.wp.com\/blog.kunstgriff.net\/wp-content\/uploads\/2010\/07\/DSCF1528.jpg?w=900&amp;ssl=1 900w, https:\/\/i0.wp.com\/blog.kunstgriff.net\/wp-content\/uploads\/2010\/07\/DSCF1528.jpg?resize=300%2C225&amp;ssl=1 300w\" width=\"346\" height=\"260\" loading=\"lazy\" data-original-width=\"346\" data-original-height=\"260\" itemprop=\"http:\/\/schema.org\/image\" title=\"DSCF1528\" alt=\"DSCF1528\" style=\"width: 346px; height: 260px;\" \/> <\/a> <\/div> <\/div> <!-- close group --> <div class=\"gallery-group images-2\" style=\"width: 175px; height: 264px;\" data-original-width=\"175\" data-original-height=\"264\" > <div class=\"tiled-gallery-item tiled-gallery-item-small\" itemprop=\"associatedMedia\" itemscope itemtype=\"http:\/\/schema.org\/ImageObject\"> <a href=\"https:\/\/blog.kunstgriff.net\/?attachment_id=2019\" border=\"0\" itemprop=\"url\"> <meta itemprop=\"width\" content=\"171\"> <meta itemprop=\"height\" content=\"128\"> <img decoding=\"async\" class=\"\" data-attachment-id=\"2019\" data-orig-file=\"https:\/\/blog.kunstgriff.net\/wp-content\/uploads\/2010\/07\/DSCF1534.jpg\" data-orig-size=\"900,675\" data-comments-opened=\"1\" data-image-meta=\"{&quot;aperture&quot;:&quot;3.7&quot;,&quot;credit&quot;:&quot;&quot;,&quot;camera&quot;:&quot;FinePix Z33WP&quot;,&quot;caption&quot;:&quot;&quot;,&quot;created_timestamp&quot;:&quot;1279353109&quot;,&quot;copyright&quot;:&quot;&quot;,&quot;focal_length&quot;:&quot;6.3&quot;,&quot;iso&quot;:&quot;100&quot;,&quot;shutter_speed&quot;:&quot;0.0028571428571429&quot;,&quot;title&quot;:&quot;&quot;}\" data-image-title=\"DSCF1534\" data-image-description=\"\" data-medium-file=\"https:\/\/i0.wp.com\/blog.kunstgriff.net\/wp-content\/uploads\/2010\/07\/DSCF1534.jpg?fit=300%2C225&#038;ssl=1\" data-large-file=\"https:\/\/i0.wp.com\/blog.kunstgriff.net\/wp-content\/uploads\/2010\/07\/DSCF1534.jpg?fit=900%2C675&#038;ssl=1\" src=\"https:\/\/i0.wp.com\/blog.kunstgriff.net\/wp-content\/uploads\/2010\/07\/DSCF1534.jpg?w=171&#038;h=128&#038;ssl=1\" srcset=\"https:\/\/i0.wp.com\/blog.kunstgriff.net\/wp-content\/uploads\/2010\/07\/DSCF1534.jpg?w=900&amp;ssl=1 900w, https:\/\/i0.wp.com\/blog.kunstgriff.net\/wp-content\/uploads\/2010\/07\/DSCF1534.jpg?resize=300%2C225&amp;ssl=1 300w\" width=\"171\" height=\"128\" loading=\"lazy\" data-original-width=\"171\" data-original-height=\"128\" itemprop=\"http:\/\/schema.org\/image\" title=\"DSCF1534\" alt=\"DSCF1534\" style=\"width: 171px; height: 128px;\" \/> <\/a> <\/div> <div class=\"tiled-gallery-item tiled-gallery-item-small\" itemprop=\"associatedMedia\" itemscope itemtype=\"http:\/\/schema.org\/ImageObject\"> <a href=\"https:\/\/blog.kunstgriff.net\/?attachment_id=2020\" border=\"0\" itemprop=\"url\"> <meta itemprop=\"width\" content=\"171\"> <meta itemprop=\"height\" content=\"128\"> <img decoding=\"async\" class=\"\" data-attachment-id=\"2020\" data-orig-file=\"https:\/\/blog.kunstgriff.net\/wp-content\/uploads\/2010\/07\/DSCF1547.jpg\" data-orig-size=\"900,675\" data-comments-opened=\"1\" data-image-meta=\"{&quot;aperture&quot;:&quot;3.7&quot;,&quot;credit&quot;:&quot;&quot;,&quot;camera&quot;:&quot;FinePix Z33WP&quot;,&quot;caption&quot;:&quot;&quot;,&quot;created_timestamp&quot;:&quot;1279360224&quot;,&quot;copyright&quot;:&quot;&quot;,&quot;focal_length&quot;:&quot;6.3&quot;,&quot;iso&quot;:&quot;200&quot;,&quot;shutter_speed&quot;:&quot;0.01&quot;,&quot;title&quot;:&quot;&quot;}\" data-image-title=\"DSCF1547\" data-image-description=\"\" data-medium-file=\"https:\/\/i0.wp.com\/blog.kunstgriff.net\/wp-content\/uploads\/2010\/07\/DSCF1547.jpg?fit=300%2C225&#038;ssl=1\" data-large-file=\"https:\/\/i0.wp.com\/blog.kunstgriff.net\/wp-content\/uploads\/2010\/07\/DSCF1547.jpg?fit=900%2C675&#038;ssl=1\" src=\"https:\/\/i0.wp.com\/blog.kunstgriff.net\/wp-content\/uploads\/2010\/07\/DSCF1547.jpg?w=171&#038;h=128&#038;ssl=1\" srcset=\"https:\/\/i0.wp.com\/blog.kunstgriff.net\/wp-content\/uploads\/2010\/07\/DSCF1547.jpg?w=900&amp;ssl=1 900w, https:\/\/i0.wp.com\/blog.kunstgriff.net\/wp-content\/uploads\/2010\/07\/DSCF1547.jpg?resize=300%2C225&amp;ssl=1 300w\" width=\"171\" height=\"128\" loading=\"lazy\" data-original-width=\"171\" data-original-height=\"128\" itemprop=\"http:\/\/schema.org\/image\" title=\"DSCF1547\" alt=\"DSCF1547\" style=\"width: 171px; height: 128px;\" \/> <\/a> <\/div> <\/div> <!-- close group --> <\/div> <!-- close row --> <div class=\"gallery-row\" style=\"width: 525px; height: 132px;\" data-original-width=\"525\" data-original-height=\"132\" > <div class=\"gallery-group images-1\" style=\"width: 175px; height: 132px;\" data-original-width=\"175\" data-original-height=\"132\" > <div class=\"tiled-gallery-item tiled-gallery-item-small\" itemprop=\"associatedMedia\" itemscope itemtype=\"http:\/\/schema.org\/ImageObject\"> <a href=\"https:\/\/blog.kunstgriff.net\/?attachment_id=2021\" border=\"0\" itemprop=\"url\"> <meta itemprop=\"width\" content=\"171\"> <meta itemprop=\"height\" content=\"128\"> <img decoding=\"async\" class=\"\" data-attachment-id=\"2021\" data-orig-file=\"https:\/\/blog.kunstgriff.net\/wp-content\/uploads\/2010\/07\/DSCF1552.jpg\" data-orig-size=\"900,675\" data-comments-opened=\"1\" data-image-meta=\"{&quot;aperture&quot;:&quot;3.7&quot;,&quot;credit&quot;:&quot;&quot;,&quot;camera&quot;:&quot;FinePix Z33WP&quot;,&quot;caption&quot;:&quot;&quot;,&quot;created_timestamp&quot;:&quot;1279360266&quot;,&quot;copyright&quot;:&quot;&quot;,&quot;focal_length&quot;:&quot;6.3&quot;,&quot;iso&quot;:&quot;100&quot;,&quot;shutter_speed&quot;:&quot;0.014285714285714&quot;,&quot;title&quot;:&quot;&quot;}\" data-image-title=\"DSCF1552\" data-image-description=\"\" data-medium-file=\"https:\/\/i0.wp.com\/blog.kunstgriff.net\/wp-content\/uploads\/2010\/07\/DSCF1552.jpg?fit=300%2C225&#038;ssl=1\" data-large-file=\"https:\/\/i0.wp.com\/blog.kunstgriff.net\/wp-content\/uploads\/2010\/07\/DSCF1552.jpg?fit=900%2C675&#038;ssl=1\" src=\"https:\/\/i0.wp.com\/blog.kunstgriff.net\/wp-content\/uploads\/2010\/07\/DSCF1552.jpg?w=171&#038;h=128&#038;ssl=1\" srcset=\"https:\/\/i0.wp.com\/blog.kunstgriff.net\/wp-content\/uploads\/2010\/07\/DSCF1552.jpg?w=900&amp;ssl=1 900w, https:\/\/i0.wp.com\/blog.kunstgriff.net\/wp-content\/uploads\/2010\/07\/DSCF1552.jpg?resize=300%2C225&amp;ssl=1 300w\" width=\"171\" height=\"128\" loading=\"lazy\" data-original-width=\"171\" data-original-height=\"128\" itemprop=\"http:\/\/schema.org\/image\" title=\"DSCF1552\" alt=\"DSCF1552\" style=\"width: 171px; height: 128px;\" \/> <\/a> <\/div> <\/div> <!-- close group --> <div class=\"gallery-group images-1\" style=\"width: 175px; height: 132px;\" data-original-width=\"175\" data-original-height=\"132\" > <div class=\"tiled-gallery-item tiled-gallery-item-small\" itemprop=\"associatedMedia\" itemscope itemtype=\"http:\/\/schema.org\/ImageObject\"> <a href=\"https:\/\/blog.kunstgriff.net\/?attachment_id=2022\" border=\"0\" itemprop=\"url\"> <meta itemprop=\"width\" content=\"171\"> <meta itemprop=\"height\" content=\"128\"> <img decoding=\"async\" class=\"\" data-attachment-id=\"2022\" data-orig-file=\"https:\/\/blog.kunstgriff.net\/wp-content\/uploads\/2010\/07\/DSCF1554.jpg\" data-orig-size=\"900,675\" data-comments-opened=\"1\" data-image-meta=\"{&quot;aperture&quot;:&quot;3.7&quot;,&quot;credit&quot;:&quot;&quot;,&quot;camera&quot;:&quot;FinePix Z33WP&quot;,&quot;caption&quot;:&quot;&quot;,&quot;created_timestamp&quot;:&quot;1279365504&quot;,&quot;copyright&quot;:&quot;&quot;,&quot;focal_length&quot;:&quot;6.3&quot;,&quot;iso&quot;:&quot;100&quot;,&quot;shutter_speed&quot;:&quot;0.0083333333333333&quot;,&quot;title&quot;:&quot;&quot;}\" data-image-title=\"DSCF1554\" data-image-description=\"\" data-medium-file=\"https:\/\/i0.wp.com\/blog.kunstgriff.net\/wp-content\/uploads\/2010\/07\/DSCF1554.jpg?fit=300%2C225&#038;ssl=1\" data-large-file=\"https:\/\/i0.wp.com\/blog.kunstgriff.net\/wp-content\/uploads\/2010\/07\/DSCF1554.jpg?fit=900%2C675&#038;ssl=1\" src=\"https:\/\/i0.wp.com\/blog.kunstgriff.net\/wp-content\/uploads\/2010\/07\/DSCF1554.jpg?w=171&#038;h=128&#038;ssl=1\" srcset=\"https:\/\/i0.wp.com\/blog.kunstgriff.net\/wp-content\/uploads\/2010\/07\/DSCF1554.jpg?w=900&amp;ssl=1 900w, https:\/\/i0.wp.com\/blog.kunstgriff.net\/wp-content\/uploads\/2010\/07\/DSCF1554.jpg?resize=300%2C225&amp;ssl=1 300w\" width=\"171\" height=\"128\" loading=\"lazy\" data-original-width=\"171\" data-original-height=\"128\" itemprop=\"http:\/\/schema.org\/image\" title=\"DSCF1554\" alt=\"DSCF1554\" style=\"width: 171px; height: 128px;\" \/> <\/a> <\/div> <\/div> <!-- close group --> <div class=\"gallery-group images-1\" style=\"width: 175px; height: 132px;\" data-original-width=\"175\" data-original-height=\"132\" > <div class=\"tiled-gallery-item tiled-gallery-item-small\" itemprop=\"associatedMedia\" itemscope itemtype=\"http:\/\/schema.org\/ImageObject\"> <a href=\"https:\/\/blog.kunstgriff.net\/?attachment_id=2023\" border=\"0\" itemprop=\"url\"> <meta itemprop=\"width\" content=\"171\"> <meta itemprop=\"height\" content=\"128\"> <img decoding=\"async\" class=\"\" data-attachment-id=\"2023\" data-orig-file=\"https:\/\/blog.kunstgriff.net\/wp-content\/uploads\/2010\/07\/DSCF1566.jpg\" data-orig-size=\"900,675\" data-comments-opened=\"1\" data-image-meta=\"{&quot;aperture&quot;:&quot;4.9&quot;,&quot;credit&quot;:&quot;&quot;,&quot;camera&quot;:&quot;FinePix Z33WP&quot;,&quot;caption&quot;:&quot;&quot;,&quot;created_timestamp&quot;:&quot;1279380428&quot;,&quot;copyright&quot;:&quot;&quot;,&quot;focal_length&quot;:&quot;6.3&quot;,&quot;iso&quot;:&quot;100&quot;,&quot;shutter_speed&quot;:&quot;0.0025&quot;,&quot;title&quot;:&quot;&quot;}\" data-image-title=\"DSCF1566\" data-image-description=\"\" data-medium-file=\"https:\/\/i0.wp.com\/blog.kunstgriff.net\/wp-content\/uploads\/2010\/07\/DSCF1566.jpg?fit=300%2C225&#038;ssl=1\" data-large-file=\"https:\/\/i0.wp.com\/blog.kunstgriff.net\/wp-content\/uploads\/2010\/07\/DSCF1566.jpg?fit=900%2C675&#038;ssl=1\" src=\"https:\/\/i0.wp.com\/blog.kunstgriff.net\/wp-content\/uploads\/2010\/07\/DSCF1566.jpg?w=171&#038;h=128&#038;ssl=1\" srcset=\"https:\/\/i0.wp.com\/blog.kunstgriff.net\/wp-content\/uploads\/2010\/07\/DSCF1566.jpg?w=900&amp;ssl=1 900w, https:\/\/i0.wp.com\/blog.kunstgriff.net\/wp-content\/uploads\/2010\/07\/DSCF1566.jpg?resize=300%2C225&amp;ssl=1 300w\" width=\"171\" height=\"128\" loading=\"lazy\" data-original-width=\"171\" data-original-height=\"128\" itemprop=\"http:\/\/schema.org\/image\" title=\"DSCF1566\" alt=\"DSCF1566\" style=\"width: 171px; height: 128px;\" \/> <\/a> <\/div> <\/div> <!-- close group --> <\/div> <!-- close row --> <div class=\"gallery-row\" style=\"width: 525px; height: 198px;\" data-original-width=\"525\" data-original-height=\"198\" > <div class=\"gallery-group images-1\" style=\"width: 263px; height: 198px;\" data-original-width=\"263\" data-original-height=\"198\" > <div class=\"tiled-gallery-item tiled-gallery-item-large\" itemprop=\"associatedMedia\" itemscope itemtype=\"http:\/\/schema.org\/ImageObject\"> <a href=\"https:\/\/blog.kunstgriff.net\/?attachment_id=2024\" border=\"0\" itemprop=\"url\"> <meta itemprop=\"width\" content=\"259\"> <meta itemprop=\"height\" content=\"194\"> <img decoding=\"async\" class=\"\" data-attachment-id=\"2024\" data-orig-file=\"https:\/\/blog.kunstgriff.net\/wp-content\/uploads\/2010\/07\/DSCF1590.jpg\" data-orig-size=\"900,675\" data-comments-opened=\"1\" data-image-meta=\"{&quot;aperture&quot;:&quot;5.5&quot;,&quot;credit&quot;:&quot;&quot;,&quot;camera&quot;:&quot;FinePix Z33WP&quot;,&quot;caption&quot;:&quot;&quot;,&quot;created_timestamp&quot;:&quot;1279383667&quot;,&quot;copyright&quot;:&quot;&quot;,&quot;focal_length&quot;:&quot;11.6&quot;,&quot;iso&quot;:&quot;100&quot;,&quot;shutter_speed&quot;:&quot;0.0029411764705882&quot;,&quot;title&quot;:&quot;&quot;}\" data-image-title=\"DSCF1590\" data-image-description=\"\" data-medium-file=\"https:\/\/i0.wp.com\/blog.kunstgriff.net\/wp-content\/uploads\/2010\/07\/DSCF1590.jpg?fit=300%2C225&#038;ssl=1\" data-large-file=\"https:\/\/i0.wp.com\/blog.kunstgriff.net\/wp-content\/uploads\/2010\/07\/DSCF1590.jpg?fit=900%2C675&#038;ssl=1\" src=\"https:\/\/i0.wp.com\/blog.kunstgriff.net\/wp-content\/uploads\/2010\/07\/DSCF1590.jpg?w=259&#038;h=194&#038;ssl=1\" srcset=\"https:\/\/i0.wp.com\/blog.kunstgriff.net\/wp-content\/uploads\/2010\/07\/DSCF1590.jpg?w=900&amp;ssl=1 900w, https:\/\/i0.wp.com\/blog.kunstgriff.net\/wp-content\/uploads\/2010\/07\/DSCF1590.jpg?resize=300%2C225&amp;ssl=1 300w\" width=\"259\" height=\"194\" loading=\"lazy\" data-original-width=\"259\" data-original-height=\"194\" itemprop=\"http:\/\/schema.org\/image\" title=\"DSCF1590\" alt=\"DSCF1590\" style=\"width: 259px; height: 194px;\" \/> <\/a> <\/div> <\/div> <!-- close group --> <div class=\"gallery-group images-1\" style=\"width: 262px; height: 198px;\" data-original-width=\"262\" data-original-height=\"198\" > <div class=\"tiled-gallery-item tiled-gallery-item-large\" itemprop=\"associatedMedia\" itemscope itemtype=\"http:\/\/schema.org\/ImageObject\"> <a href=\"https:\/\/blog.kunstgriff.net\/?attachment_id=2025\" border=\"0\" itemprop=\"url\"> <meta itemprop=\"width\" content=\"258\"> <meta itemprop=\"height\" content=\"194\"> <img decoding=\"async\" class=\"\" data-attachment-id=\"2025\" data-orig-file=\"https:\/\/blog.kunstgriff.net\/wp-content\/uploads\/2010\/07\/DSCF1596.jpg\" data-orig-size=\"900,675\" data-comments-opened=\"1\" data-image-meta=\"{&quot;aperture&quot;:&quot;4.9&quot;,&quot;credit&quot;:&quot;&quot;,&quot;camera&quot;:&quot;FinePix Z33WP&quot;,&quot;caption&quot;:&quot;&quot;,&quot;created_timestamp&quot;:&quot;1279384927&quot;,&quot;copyright&quot;:&quot;&quot;,&quot;focal_length&quot;:&quot;6.3&quot;,&quot;iso&quot;:&quot;100&quot;,&quot;shutter_speed&quot;:&quot;0.0028571428571429&quot;,&quot;title&quot;:&quot;&quot;}\" data-image-title=\"DSCF1596\" data-image-description=\"\" data-medium-file=\"https:\/\/i0.wp.com\/blog.kunstgriff.net\/wp-content\/uploads\/2010\/07\/DSCF1596.jpg?fit=300%2C225&#038;ssl=1\" data-large-file=\"https:\/\/i0.wp.com\/blog.kunstgriff.net\/wp-content\/uploads\/2010\/07\/DSCF1596.jpg?fit=900%2C675&#038;ssl=1\" src=\"https:\/\/i0.wp.com\/blog.kunstgriff.net\/wp-content\/uploads\/2010\/07\/DSCF1596.jpg?w=258&#038;h=194&#038;ssl=1\" srcset=\"https:\/\/i0.wp.com\/blog.kunstgriff.net\/wp-content\/uploads\/2010\/07\/DSCF1596.jpg?w=900&amp;ssl=1 900w, https:\/\/i0.wp.com\/blog.kunstgriff.net\/wp-content\/uploads\/2010\/07\/DSCF1596.jpg?resize=300%2C225&amp;ssl=1 300w\" width=\"258\" height=\"194\" loading=\"lazy\" data-original-width=\"258\" data-original-height=\"194\" itemprop=\"http:\/\/schema.org\/image\" title=\"DSCF1596\" alt=\"DSCF1596\" style=\"width: 258px; height: 194px;\" \/> <\/a> <\/div> <\/div> <!-- close group --> <\/div> <!-- close row --> <\/div><\/p>\n<p><iframe height='405' width='590' frameborder='0' allowtransparency='true' scrolling='no' src='https:\/\/www.strava.com\/activities\/698650621\/embed\/b344237df4ff59ff44a651bdf775c61e39f52f5b'><\/iframe><\/p>\n","protected":false},"excerpt":{"rendered":"<p>oder \u00bbKein Essen nach 20 Uhr\u00ab Heute sollte unsere K\u00f6nigsetappe gefahren werden. Um es noch ein wenig interessanter zu machen, pr\u00e4parierten wir gestern die Strecke noch mit zus\u00e4tzlichen H\u00f6henmetern durch einen extra Anstieg vom Siebertal einen gut asphaltierten Forstweg entlang der Sieber hoch zum Sonnenberg. Leider zeigte sich die Region wieder einmal von seiner typischen &hellip; <\/p>\n<p class=\"link-more\"><a href=\"https:\/\/blog.kunstgriff.net\/?p=2015\" class=\"more-link\"><span class=\"screen-reader-text\">\u201eHarz-Tour 2010 &#8211; Tag 2\u201c <\/span>weiterlesen<\/a><\/p>\n","protected":false},"author":2,"featured_media":2018,"comment_status":"open","ping_status":"open","sticky":false,"template":"","format":"standard","meta":{"jetpack_post_was_ever_published":false,"_jetpack_newsletter_access":"","_jetpack_dont_email_post_to_subs":false,"_jetpack_newsletter_tier_id":0,"_jetpack_memberships_contains_paywalled_content":false,"_jetpack_memberships_contains_paid_content":false,"footnotes":""},"categories":[14,13,7],"tags":[],"class_list":["post-2015","post","type-post","status-publish","format-standard","has-post-thumbnail","hentry","category-radfahren","category-radreise","category-rennradfahren"],"jetpack_featured_media_url":"https:\/\/i0.wp.com\/blog.kunstgriff.net\/wp-content\/uploads\/2010\/07\/DSCF1528.jpg?fit=900%2C675&ssl=1","jetpack_shortlink":"https:\/\/wp.me\/p8Cxe7-wv","jetpack-related-posts":[{"id":1683,"url":"https:\/\/blog.kunstgriff.net\/?p=1683","url_meta":{"origin":2015,"position":0},"title":"RG Hamburg Tour 2010 &#8211; Marathon \u00bbNordCup\u00ab","author":"Georg","date":"Juni 20, 2010","format":false,"excerpt":"P\u00fcnktlich um 3 Uhr (!) klingelte am Sonntag Morgen der Wecker, denn heute stand vom RG Hamburg der Marathon \u00bbNordCup\u00ab auf dem Programm. Ralph sollte mich um 3:55 Uhr mit seinem Saab Kombi abholen und ich wollte noch Kaffee trinken und meinen Super-Size-Bowl-M\u00fcsli mit Ovomaltine und Eiweiss-Pulver essen. 55 Minuten\u2026","rel":"","context":"In &quot;Radfahren&quot;","block_context":{"text":"Radfahren","link":"https:\/\/blog.kunstgriff.net\/?cat=14"},"img":{"alt_text":"","src":"","width":0,"height":0},"classes":[]},{"id":13085,"url":"https:\/\/blog.kunstgriff.net\/?p=13085","url_meta":{"origin":2015,"position":1},"title":"Kuba 2016 \u2013 Tag 4: Havanna \u2013 Matanzas","author":"Georg","date":"Februar 23, 2016","format":false,"excerpt":"oder \u00bbHeute mal richtig anabschwitzen\u00abErst einmal musste der Tunnel nach Westen aus Havanna passiert werden. F\u00fcr diesen galt ein stricktes Fahrrad-Verbot. Deshalb mussten die R\u00e4der in den Bus verladen werden um dann etwa 15 Minuten aus Havanna raus zu fahren. Auf einem gro\u00dfen Parkplatz hielten wir und montierten unsere R\u00e4der\u2026","rel":"","context":"In &quot;Besonderes Ereignis&quot;","block_context":{"text":"Besonderes Ereignis","link":"https:\/\/blog.kunstgriff.net\/?cat=25"},"img":{"alt_text":"","src":"https:\/\/i0.wp.com\/blog.kunstgriff.net\/wp-content\/uploads\/2016\/03\/K%C3%BCstenstrasse.jpg?fit=1200%2C900&ssl=1&resize=350%2C200","width":350,"height":200,"srcset":"https:\/\/i0.wp.com\/blog.kunstgriff.net\/wp-content\/uploads\/2016\/03\/K%C3%BCstenstrasse.jpg?fit=1200%2C900&ssl=1&resize=350%2C200 1x, https:\/\/i0.wp.com\/blog.kunstgriff.net\/wp-content\/uploads\/2016\/03\/K%C3%BCstenstrasse.jpg?fit=1200%2C900&ssl=1&resize=525%2C300 1.5x, https:\/\/i0.wp.com\/blog.kunstgriff.net\/wp-content\/uploads\/2016\/03\/K%C3%BCstenstrasse.jpg?fit=1200%2C900&ssl=1&resize=700%2C400 2x, https:\/\/i0.wp.com\/blog.kunstgriff.net\/wp-content\/uploads\/2016\/03\/K%C3%BCstenstrasse.jpg?fit=1200%2C900&ssl=1&resize=1050%2C600 3x"},"classes":[]},{"id":12347,"url":"https:\/\/blog.kunstgriff.net\/?p=12347","url_meta":{"origin":2015,"position":2},"title":"Mallorca Trainingscamp 2015 &#8211; Tag 3 &#8211; Randa in the rain","author":"Georg","date":"M\u00e4rz 20, 2015","format":false,"excerpt":"oder \u00bbDas Wetter war auch schon mal besser hier\u00abRichtig begeistert war ich nicht, mich heute nach dem Fr\u00fchst\u00fcck auf den Renner zu schwingen. Nicht nur dass der Himmel sich grau in grau zeigte, auch blies ein sehr starker Wind, der uns das Fahren sicher nur auf einigen wenigen Passagen erleichtern\u2026","rel":"","context":"In &quot;Radfahren&quot;","block_context":{"text":"Radfahren","link":"https:\/\/blog.kunstgriff.net\/?cat=14"},"img":{"alt_text":"","src":"https:\/\/i0.wp.com\/blog.kunstgriff.net\/wp-content\/uploads\/2015\/03\/Titel.jpg?fit=1200%2C612&ssl=1&resize=350%2C200","width":350,"height":200,"srcset":"https:\/\/i0.wp.com\/blog.kunstgriff.net\/wp-content\/uploads\/2015\/03\/Titel.jpg?fit=1200%2C612&ssl=1&resize=350%2C200 1x, https:\/\/i0.wp.com\/blog.kunstgriff.net\/wp-content\/uploads\/2015\/03\/Titel.jpg?fit=1200%2C612&ssl=1&resize=525%2C300 1.5x, https:\/\/i0.wp.com\/blog.kunstgriff.net\/wp-content\/uploads\/2015\/03\/Titel.jpg?fit=1200%2C612&ssl=1&resize=700%2C400 2x, https:\/\/i0.wp.com\/blog.kunstgriff.net\/wp-content\/uploads\/2015\/03\/Titel.jpg?fit=1200%2C612&ssl=1&resize=1050%2C600 3x"},"classes":[]},{"id":11762,"url":"https:\/\/blog.kunstgriff.net\/?p=11762","url_meta":{"origin":2015,"position":3},"title":"Quer durch den Schluckenauer Zipfel","author":"Georg","date":"Mai 1, 2014","format":false,"excerpt":"oder \u00bbH\u00f6henmeter mit dicken Beinen\u00abNach etwas umst\u00e4ndlicher und sp\u00e4ter Anreise gestern sollte es heute fr\u00fch auf die R\u00e4der gehen. Relativ fr\u00fch: Sieben Uhr Aufstehen und 8:30 Uhr Abfahrt. So war die Vorgabe von der Rennleitung, denn am Nachmittag wurde Regen erwarten und da wollten wir dann schon wieder in unserem\u2026","rel":"","context":"In &quot;Radfahren&quot;","block_context":{"text":"Radfahren","link":"https:\/\/blog.kunstgriff.net\/?cat=14"},"img":{"alt_text":"","src":"https:\/\/i0.wp.com\/blog.kunstgriff.net\/wp-content\/uploads\/2014\/05\/Klasse-Wege-in-Tschechien.jpg?fit=1200%2C900&ssl=1&resize=350%2C200","width":350,"height":200,"srcset":"https:\/\/i0.wp.com\/blog.kunstgriff.net\/wp-content\/uploads\/2014\/05\/Klasse-Wege-in-Tschechien.jpg?fit=1200%2C900&ssl=1&resize=350%2C200 1x, https:\/\/i0.wp.com\/blog.kunstgriff.net\/wp-content\/uploads\/2014\/05\/Klasse-Wege-in-Tschechien.jpg?fit=1200%2C900&ssl=1&resize=525%2C300 1.5x, https:\/\/i0.wp.com\/blog.kunstgriff.net\/wp-content\/uploads\/2014\/05\/Klasse-Wege-in-Tschechien.jpg?fit=1200%2C900&ssl=1&resize=700%2C400 2x, https:\/\/i0.wp.com\/blog.kunstgriff.net\/wp-content\/uploads\/2014\/05\/Klasse-Wege-in-Tschechien.jpg?fit=1200%2C900&ssl=1&resize=1050%2C600 3x"},"classes":[]},{"id":8775,"url":"https:\/\/blog.kunstgriff.net\/?p=8775","url_meta":{"origin":2015,"position":4},"title":"Arber Radmarathon 2012","author":"Georg","date":"Juli 29, 2012","format":false,"excerpt":"oder \u00bbMal wieder ein unvergessliches Rennradwochenende!\u00ab Die Wetteraussichten f\u00fcr das Arber-Radmarathonwochende waren, wie auch schon im letzten Jahr, \u00e4u\u00dferst bescheiden und so verwunderte es nicht, dass viele Protagonisten der Berliner-Rennradszene nicht im komfortablen Reisebus in die Oberpflalz-Metropole sa\u00dfen. Die unerschrockenen Dreiundzwanzig genossen dadurch viel Beinfreiheit und eine gewohnt entspannte Atmosph\u00e4re\u2026","rel":"","context":"In &quot;200er&quot;","block_context":{"text":"200er","link":"https:\/\/blog.kunstgriff.net\/?cat=48"},"img":{"alt_text":"","src":"https:\/\/i0.wp.com\/blog.kunstgriff.net\/wp-content\/uploads\/2012\/07\/Die-Walhalla-wird-passiert.jpg?fit=1000%2C750&ssl=1&resize=350%2C200","width":350,"height":200,"srcset":"https:\/\/i0.wp.com\/blog.kunstgriff.net\/wp-content\/uploads\/2012\/07\/Die-Walhalla-wird-passiert.jpg?fit=1000%2C750&ssl=1&resize=350%2C200 1x, https:\/\/i0.wp.com\/blog.kunstgriff.net\/wp-content\/uploads\/2012\/07\/Die-Walhalla-wird-passiert.jpg?fit=1000%2C750&ssl=1&resize=525%2C300 1.5x, https:\/\/i0.wp.com\/blog.kunstgriff.net\/wp-content\/uploads\/2012\/07\/Die-Walhalla-wird-passiert.jpg?fit=1000%2C750&ssl=1&resize=700%2C400 2x"},"classes":[]},{"id":7870,"url":"https:\/\/blog.kunstgriff.net\/?p=7870","url_meta":{"origin":2015,"position":5},"title":"Oranienburg- > Usedom 2012","author":"Georg","date":"Mai 12, 2012","format":false,"excerpt":"oder \u00bb11 gegen den Wind\u00abEine Woche nicht auf dem Rad zu sitzen, ist sicher nicht die richtige Vorbereitung f\u00fcr das Vorhaben Usedom Fr\u00fchjahr 2012, und so machte ich mich mit einem mulmigen Gef\u00fchl um 5 Uhr auf den Weg nach Oranienburg. Fast alle Kettenbr\u00fcder waren im RegionalExpress zum Start, als\u2026","rel":"","context":"In &quot;200er&quot;","block_context":{"text":"200er","link":"https:\/\/blog.kunstgriff.net\/?cat=48"},"img":{"alt_text":"","src":"https:\/\/i0.wp.com\/blog.kunstgriff.net\/wp-content\/uploads\/2012\/05\/Kurz-vor-der-Abfahrt-in-Oranienburg-300x225.jpg?resize=350%2C200","width":350,"height":200},"classes":[]}],"jetpack_likes_enabled":true,"jetpack_sharing_enabled":true,"_links":{"self":[{"href":"https:\/\/blog.kunstgriff.net\/index.php?rest_route=\/wp\/v2\/posts\/2015","targetHints":{"allow":["GET"]}}],"collection":[{"href":"https:\/\/blog.kunstgriff.net\/index.php?rest_route=\/wp\/v2\/posts"}],"about":[{"href":"https:\/\/blog.kunstgriff.net\/index.php?rest_route=\/wp\/v2\/types\/post"}],"author":[{"embeddable":true,"href":"https:\/\/blog.kunstgriff.net\/index.php?rest_route=\/wp\/v2\/users\/2"}],"replies":[{"embeddable":true,"href":"https:\/\/blog.kunstgriff.net\/index.php?rest_route=%2Fwp%2Fv2%2Fcomments&post=2015"}],"version-history":[{"count":0,"href":"https:\/\/blog.kunstgriff.net\/index.php?rest_route=\/wp\/v2\/posts\/2015\/revisions"}],"wp:featuredmedia":[{"embeddable":true,"href":"https:\/\/blog.kunstgriff.net\/index.php?rest_route=\/wp\/v2\/media\/2018"}],"wp:attachment":[{"href":"https:\/\/blog.kunstgriff.net\/index.php?rest_route=%2Fwp%2Fv2%2Fmedia&parent=2015"}],"wp:term":[{"taxonomy":"category","embeddable":true,"href":"https:\/\/blog.kunstgriff.net\/index.php?rest_route=%2Fwp%2Fv2%2Fcategories&post=2015"},{"taxonomy":"post_tag","embeddable":true,"href":"https:\/\/blog.kunstgriff.net\/index.php?rest_route=%2Fwp%2Fv2%2Ftags&post=2015"}],"curies":[{"name":"wp","href":"https:\/\/api.w.org\/{rel}","templated":true}]}}