{"id":20173,"date":"2019-10-13T18:06:27","date_gmt":"2019-10-13T16:06:27","guid":{"rendered":"https:\/\/blog.kunstgriff.net\/?p=20173"},"modified":"2019-10-13T18:06:27","modified_gmt":"2019-10-13T16:06:27","slug":"blankensee-runde-2-2","status":"publish","type":"post","link":"https:\/\/blog.kunstgriff.net\/?p=20173","title":{"rendered":"Blankensee-Runde #2"},"content":{"rendered":"<span class=\"span-reading-time rt-reading-time\" style=\"display: block;\"><span class=\"rt-label rt-prefix\">Lesezeit: <\/span> <span class=\"rt-time\"> &lt; 1<\/span> <span class=\"rt-label rt-postfix\">Minute<\/span><\/span><h4>Zu sechst zu R\u00f6hrig in kurz-kurz<\/h4>\n<hr \/>\n<p>Das warme Herbstwetter mit Temperaturen jenseits der 20\u00b0C lud heute <a href=\"https:\/\/blog.kunstgriff.net\/?p=20168\" target=\"_blank\" rel=\"noopener noreferrer\">erneut<\/a> zu einer Rennrad-Runde ein. Als wir am Treffpunkt eintrafen war eigentlich <em>eitel Sonnenschein<\/em>, aber irgendwie war ein Teil der Mannschaft grummelig und so wurde erstmal bis weit hinter Wannsee rumgest\u00e4nkert.<\/p>\n<p>Wurscht, denn Frust ablassen kann man auch mal verbal, nicht immer nur mit den Beinen. Die Runde <a href=\"https:\/\/blog.kunstgriff.net\/?p=20106\" target=\"_blank\" rel=\"noopener noreferrer\">war bekannt<\/a> und hat sich bew\u00e4hrt. Der Kuchen ebenfalls. Recht generisches Material, was es da f\u00fcr 5,80 \u20ac auf den Teller oder in die Tasse gibt. Aber f\u00fcr die tolle Atmosph\u00e4re auf dem Hof ist das schon in Ordnung. Auf meiner Kuchenskala in Brandenburg trotzdem der vorletzte Platz.<\/p>\n<p>Egal, wir waren ja zum Radfahren unterwegs und so ging es dann mit ordentlich Schiebewind zur\u00fcck in die Hauptstadt. Nicht ohne nach geb\u00fcgeltem <em>Willy<\/em> noch ein Erdinger-Alkfrei an der Heerstrassenbr\u00fccke zu genie\u00dfen.<\/p>\n<p>Eine tolle Ausfahrt mit einigem Rumgemoser aber am Ende dann doch <em>Happy-End!<\/em><\/p>\n<p><iframe height='405' width='590' frameborder='0' allowtransparency='true' scrolling='no' src='https:\/\/www.strava.com\/activities\/2785396027\/embed\/d53752843b24e03459d1fd4cc55882e28f2d8f78'><\/iframe><\/p>\n<div class=\"tiled-gallery type-rectangular tiled-gallery-unresized\" data-original-width=\"525\" data-carousel-extra='{&quot;blog_id&quot;:1,&quot;permalink&quot;:&quot;https:\\\/\\\/blog.kunstgriff.net\\\/?p=20173&quot;,&quot;likes_blog_id&quot;:127394879}' itemscope itemtype=\"http:\/\/schema.org\/ImageGallery\" > <div class=\"gallery-row\" style=\"width: 525px; height: 235px;\" data-original-width=\"525\" data-original-height=\"235\" > <div class=\"gallery-group images-1\" style=\"width: 351px; height: 235px;\" data-original-width=\"351\" data-original-height=\"235\" > <div class=\"tiled-gallery-item tiled-gallery-item-large\" itemprop=\"associatedMedia\" itemscope itemtype=\"http:\/\/schema.org\/ImageObject\"> <a href=\"https:\/\/i0.wp.com\/blog.kunstgriff.net\/wp-content\/uploads\/2019\/10\/Avanti-am-Tunnel.jpg?ssl=1\" border=\"0\" itemprop=\"url\"> <meta itemprop=\"width\" content=\"347\"> <meta itemprop=\"height\" content=\"231\"> <img decoding=\"async\" class=\"\" data-attachment-id=\"20175\" data-orig-file=\"https:\/\/blog.kunstgriff.net\/wp-content\/uploads\/2019\/10\/Avanti-am-Tunnel.jpg\" data-orig-size=\"2500,1667\" data-comments-opened=\"1\" data-image-meta=\"{&quot;aperture&quot;:&quot;2.8&quot;,&quot;credit&quot;:&quot;&quot;,&quot;camera&quot;:&quot;TG-4&quot;,&quot;caption&quot;:&quot;OLYMPUS DIGITAL CAMERA&quot;,&quot;created_timestamp&quot;:&quot;1570960688&quot;,&quot;copyright&quot;:&quot;&quot;,&quot;focal_length&quot;:&quot;4.5&quot;,&quot;iso&quot;:&quot;100&quot;,&quot;shutter_speed&quot;:&quot;0.0025&quot;,&quot;title&quot;:&quot;OLYMPUS DIGITAL CAMERA&quot;,&quot;orientation&quot;:&quot;1&quot;}\" data-image-title=\"Avanti am Tunnel\" data-image-description=\"\" data-medium-file=\"https:\/\/i0.wp.com\/blog.kunstgriff.net\/wp-content\/uploads\/2019\/10\/Avanti-am-Tunnel.jpg?fit=300%2C200&#038;ssl=1\" data-large-file=\"https:\/\/i0.wp.com\/blog.kunstgriff.net\/wp-content\/uploads\/2019\/10\/Avanti-am-Tunnel.jpg?fit=1024%2C683&#038;ssl=1\" src=\"https:\/\/i0.wp.com\/blog.kunstgriff.net\/wp-content\/uploads\/2019\/10\/Avanti-am-Tunnel.jpg?w=347&#038;h=231&#038;ssl=1\" srcset=\"https:\/\/i0.wp.com\/blog.kunstgriff.net\/wp-content\/uploads\/2019\/10\/Avanti-am-Tunnel.jpg?w=2500&amp;ssl=1 2500w, https:\/\/i0.wp.com\/blog.kunstgriff.net\/wp-content\/uploads\/2019\/10\/Avanti-am-Tunnel.jpg?resize=300%2C200&amp;ssl=1 300w, https:\/\/i0.wp.com\/blog.kunstgriff.net\/wp-content\/uploads\/2019\/10\/Avanti-am-Tunnel.jpg?resize=768%2C512&amp;ssl=1 768w, https:\/\/i0.wp.com\/blog.kunstgriff.net\/wp-content\/uploads\/2019\/10\/Avanti-am-Tunnel.jpg?resize=1024%2C683&amp;ssl=1 1024w, https:\/\/i0.wp.com\/blog.kunstgriff.net\/wp-content\/uploads\/2019\/10\/Avanti-am-Tunnel.jpg?w=1575&amp;ssl=1 1575w\" width=\"347\" height=\"231\" loading=\"lazy\" data-original-width=\"347\" data-original-height=\"231\" itemprop=\"http:\/\/schema.org\/image\" title=\"Avanti am Tunnel\" alt=\"Avanti am Tunnel\" style=\"width: 347px; height: 231px;\" \/> <\/a> <div class=\"tiled-gallery-caption\" itemprop=\"caption description\"> Avanti am Tunnel <\/div> <\/div> <\/div> <!-- close group --> <div class=\"gallery-group images-2\" style=\"width: 174px; height: 235px;\" data-original-width=\"174\" data-original-height=\"235\" > <div class=\"tiled-gallery-item tiled-gallery-item-small\" itemprop=\"associatedMedia\" itemscope itemtype=\"http:\/\/schema.org\/ImageObject\"> <a href=\"https:\/\/i0.wp.com\/blog.kunstgriff.net\/wp-content\/uploads\/2019\/10\/vor-G%C3%BCterfelde.jpg?ssl=1\" border=\"0\" itemprop=\"url\"> <meta itemprop=\"width\" content=\"170\"> <meta itemprop=\"height\" content=\"114\"> <img decoding=\"async\" class=\"\" data-attachment-id=\"20181\" data-orig-file=\"https:\/\/blog.kunstgriff.net\/wp-content\/uploads\/2019\/10\/vor-G\u00fcterfelde.jpg\" data-orig-size=\"2500,1667\" data-comments-opened=\"1\" data-image-meta=\"{&quot;aperture&quot;:&quot;2.8&quot;,&quot;credit&quot;:&quot;&quot;,&quot;camera&quot;:&quot;TG-4&quot;,&quot;caption&quot;:&quot;OLYMPUS DIGITAL CAMERA&quot;,&quot;created_timestamp&quot;:&quot;1570963485&quot;,&quot;copyright&quot;:&quot;&quot;,&quot;focal_length&quot;:&quot;4.5&quot;,&quot;iso&quot;:&quot;100&quot;,&quot;shutter_speed&quot;:&quot;0.0015625&quot;,&quot;title&quot;:&quot;OLYMPUS DIGITAL CAMERA&quot;,&quot;orientation&quot;:&quot;1&quot;}\" data-image-title=\"vor G\u00fcterfelde\" data-image-description=\"\" data-medium-file=\"https:\/\/i0.wp.com\/blog.kunstgriff.net\/wp-content\/uploads\/2019\/10\/vor-G%C3%BCterfelde.jpg?fit=300%2C200&#038;ssl=1\" data-large-file=\"https:\/\/i0.wp.com\/blog.kunstgriff.net\/wp-content\/uploads\/2019\/10\/vor-G%C3%BCterfelde.jpg?fit=1024%2C683&#038;ssl=1\" src=\"https:\/\/i0.wp.com\/blog.kunstgriff.net\/wp-content\/uploads\/2019\/10\/vor-G%C3%BCterfelde.jpg?w=170&#038;h=114&#038;ssl=1\" width=\"170\" height=\"114\" loading=\"lazy\" data-original-width=\"170\" data-original-height=\"114\" itemprop=\"http:\/\/schema.org\/image\" title=\"vor G\u00fcterfelde\" alt=\"vor G\u00fcterfelde\" style=\"width: 170px; height: 114px;\" \/> <\/a> <div class=\"tiled-gallery-caption\" itemprop=\"caption description\"> vor G\u00fcterfelde <\/div> <\/div> <div class=\"tiled-gallery-item tiled-gallery-item-small\" itemprop=\"associatedMedia\" itemscope itemtype=\"http:\/\/schema.org\/ImageObject\"> <a href=\"https:\/\/i0.wp.com\/blog.kunstgriff.net\/wp-content\/uploads\/2019\/10\/P-Pause.jpg?ssl=1\" border=\"0\" itemprop=\"url\"> <meta itemprop=\"width\" content=\"170\"> <meta itemprop=\"height\" content=\"113\"> <img decoding=\"async\" class=\"\" data-attachment-id=\"20179\" data-orig-file=\"https:\/\/blog.kunstgriff.net\/wp-content\/uploads\/2019\/10\/P-Pause.jpg\" data-orig-size=\"2500,1667\" data-comments-opened=\"1\" data-image-meta=\"{&quot;aperture&quot;:&quot;8&quot;,&quot;credit&quot;:&quot;&quot;,&quot;camera&quot;:&quot;TG-4&quot;,&quot;caption&quot;:&quot;OLYMPUS DIGITAL CAMERA&quot;,&quot;created_timestamp&quot;:&quot;1570964171&quot;,&quot;copyright&quot;:&quot;&quot;,&quot;focal_length&quot;:&quot;4.5&quot;,&quot;iso&quot;:&quot;100&quot;,&quot;shutter_speed&quot;:&quot;0.004&quot;,&quot;title&quot;:&quot;OLYMPUS DIGITAL CAMERA&quot;,&quot;orientation&quot;:&quot;1&quot;}\" data-image-title=\"P-Pause\" data-image-description=\"\" data-medium-file=\"https:\/\/i0.wp.com\/blog.kunstgriff.net\/wp-content\/uploads\/2019\/10\/P-Pause.jpg?fit=300%2C200&#038;ssl=1\" data-large-file=\"https:\/\/i0.wp.com\/blog.kunstgriff.net\/wp-content\/uploads\/2019\/10\/P-Pause.jpg?fit=1024%2C683&#038;ssl=1\" src=\"https:\/\/i0.wp.com\/blog.kunstgriff.net\/wp-content\/uploads\/2019\/10\/P-Pause.jpg?w=170&#038;h=113&#038;ssl=1\" srcset=\"https:\/\/i0.wp.com\/blog.kunstgriff.net\/wp-content\/uploads\/2019\/10\/P-Pause.jpg?w=2500&amp;ssl=1 2500w, https:\/\/i0.wp.com\/blog.kunstgriff.net\/wp-content\/uploads\/2019\/10\/P-Pause.jpg?resize=300%2C200&amp;ssl=1 300w, https:\/\/i0.wp.com\/blog.kunstgriff.net\/wp-content\/uploads\/2019\/10\/P-Pause.jpg?resize=768%2C512&amp;ssl=1 768w, https:\/\/i0.wp.com\/blog.kunstgriff.net\/wp-content\/uploads\/2019\/10\/P-Pause.jpg?resize=1024%2C683&amp;ssl=1 1024w, https:\/\/i0.wp.com\/blog.kunstgriff.net\/wp-content\/uploads\/2019\/10\/P-Pause.jpg?w=1575&amp;ssl=1 1575w\" width=\"170\" height=\"113\" loading=\"lazy\" data-original-width=\"170\" data-original-height=\"113\" itemprop=\"http:\/\/schema.org\/image\" title=\"P-Pause\" alt=\"P-Pause\" style=\"width: 170px; height: 113px;\" \/> <\/a> <div class=\"tiled-gallery-caption\" itemprop=\"caption description\"> P-Pause <\/div> <\/div> <\/div> <!-- close group --> <\/div> <!-- close row --> <div class=\"gallery-row\" style=\"width: 525px; height: 89px;\" data-original-width=\"525\" data-original-height=\"89\" > <div class=\"gallery-group images-1\" style=\"width: 132px; height: 89px;\" data-original-width=\"132\" data-original-height=\"89\" > <div class=\"tiled-gallery-item tiled-gallery-item-small\" itemprop=\"associatedMedia\" itemscope itemtype=\"http:\/\/schema.org\/ImageObject\"> <a href=\"https:\/\/i0.wp.com\/blog.kunstgriff.net\/wp-content\/uploads\/2019\/10\/gl%C3%BCckliche-K%C3%BChe-in-Brandenburg.jpg?ssl=1\" border=\"0\" itemprop=\"url\"> <meta itemprop=\"width\" content=\"128\"> <meta itemprop=\"height\" content=\"85\"> <img decoding=\"async\" class=\"\" data-attachment-id=\"20178\" data-orig-file=\"https:\/\/blog.kunstgriff.net\/wp-content\/uploads\/2019\/10\/gl\u00fcckliche-K\u00fche-in-Brandenburg.jpg\" data-orig-size=\"2500,1667\" data-comments-opened=\"1\" data-image-meta=\"{&quot;aperture&quot;:&quot;8&quot;,&quot;credit&quot;:&quot;&quot;,&quot;camera&quot;:&quot;TG-4&quot;,&quot;caption&quot;:&quot;OLYMPUS DIGITAL CAMERA&quot;,&quot;created_timestamp&quot;:&quot;1570965995&quot;,&quot;copyright&quot;:&quot;&quot;,&quot;focal_length&quot;:&quot;4.5&quot;,&quot;iso&quot;:&quot;100&quot;,&quot;shutter_speed&quot;:&quot;0.005&quot;,&quot;title&quot;:&quot;OLYMPUS DIGITAL CAMERA&quot;,&quot;orientation&quot;:&quot;1&quot;}\" data-image-title=\"gl\u00fcckliche K\u00fche in Brandenburg\" data-image-description=\"\" data-medium-file=\"https:\/\/i0.wp.com\/blog.kunstgriff.net\/wp-content\/uploads\/2019\/10\/gl%C3%BCckliche-K%C3%BChe-in-Brandenburg.jpg?fit=300%2C200&#038;ssl=1\" data-large-file=\"https:\/\/i0.wp.com\/blog.kunstgriff.net\/wp-content\/uploads\/2019\/10\/gl%C3%BCckliche-K%C3%BChe-in-Brandenburg.jpg?fit=1024%2C683&#038;ssl=1\" src=\"https:\/\/i0.wp.com\/blog.kunstgriff.net\/wp-content\/uploads\/2019\/10\/gl%C3%BCckliche-K%C3%BChe-in-Brandenburg.jpg?w=128&#038;h=85&#038;ssl=1\" width=\"128\" height=\"85\" loading=\"lazy\" data-original-width=\"128\" data-original-height=\"85\" itemprop=\"http:\/\/schema.org\/image\" title=\"gl\u00fcckliche K\u00fche in Brandenburg\" alt=\"gl\u00fcckliche K\u00fche in Brandenburg\" style=\"width: 128px; height: 85px;\" \/> <\/a> <div class=\"tiled-gallery-caption\" itemprop=\"caption description\"> gl\u00fcckliche K\u00fche in Brandenburg <\/div> <\/div> <\/div> <!-- close group --> <div class=\"gallery-group images-1\" style=\"width: 131px; height: 89px;\" data-original-width=\"131\" data-original-height=\"89\" > <div class=\"tiled-gallery-item tiled-gallery-item-small\" itemprop=\"associatedMedia\" itemscope itemtype=\"http:\/\/schema.org\/ImageObject\"> <a href=\"https:\/\/i0.wp.com\/blog.kunstgriff.net\/wp-content\/uploads\/2019\/10\/Blankensee.jpg?ssl=1\" border=\"0\" itemprop=\"url\"> <meta itemprop=\"width\" content=\"127\"> <meta itemprop=\"height\" content=\"85\"> <img decoding=\"async\" class=\"\" data-attachment-id=\"20176\" data-orig-file=\"https:\/\/blog.kunstgriff.net\/wp-content\/uploads\/2019\/10\/Blankensee.jpg\" data-orig-size=\"2500,1667\" data-comments-opened=\"1\" data-image-meta=\"{&quot;aperture&quot;:&quot;2.8&quot;,&quot;credit&quot;:&quot;&quot;,&quot;camera&quot;:&quot;TG-4&quot;,&quot;caption&quot;:&quot;OLYMPUS DIGITAL CAMERA&quot;,&quot;created_timestamp&quot;:&quot;1570966191&quot;,&quot;copyright&quot;:&quot;&quot;,&quot;focal_length&quot;:&quot;4.5&quot;,&quot;iso&quot;:&quot;100&quot;,&quot;shutter_speed&quot;:&quot;0.001&quot;,&quot;title&quot;:&quot;OLYMPUS DIGITAL CAMERA&quot;,&quot;orientation&quot;:&quot;1&quot;}\" data-image-title=\"Blankensee\" data-image-description=\"\" data-medium-file=\"https:\/\/i0.wp.com\/blog.kunstgriff.net\/wp-content\/uploads\/2019\/10\/Blankensee.jpg?fit=300%2C200&#038;ssl=1\" data-large-file=\"https:\/\/i0.wp.com\/blog.kunstgriff.net\/wp-content\/uploads\/2019\/10\/Blankensee.jpg?fit=1024%2C683&#038;ssl=1\" src=\"https:\/\/i0.wp.com\/blog.kunstgriff.net\/wp-content\/uploads\/2019\/10\/Blankensee.jpg?w=127&#038;h=85&#038;ssl=1\" srcset=\"https:\/\/i0.wp.com\/blog.kunstgriff.net\/wp-content\/uploads\/2019\/10\/Blankensee.jpg?w=2500&amp;ssl=1 2500w, https:\/\/i0.wp.com\/blog.kunstgriff.net\/wp-content\/uploads\/2019\/10\/Blankensee.jpg?resize=300%2C200&amp;ssl=1 300w, https:\/\/i0.wp.com\/blog.kunstgriff.net\/wp-content\/uploads\/2019\/10\/Blankensee.jpg?resize=768%2C512&amp;ssl=1 768w, https:\/\/i0.wp.com\/blog.kunstgriff.net\/wp-content\/uploads\/2019\/10\/Blankensee.jpg?resize=1024%2C683&amp;ssl=1 1024w, https:\/\/i0.wp.com\/blog.kunstgriff.net\/wp-content\/uploads\/2019\/10\/Blankensee.jpg?w=1575&amp;ssl=1 1575w\" width=\"127\" height=\"85\" loading=\"lazy\" data-original-width=\"127\" data-original-height=\"85\" itemprop=\"http:\/\/schema.org\/image\" title=\"Blankensee\" alt=\"Blankensee\" style=\"width: 127px; height: 85px;\" \/> <\/a> <div class=\"tiled-gallery-caption\" itemprop=\"caption description\"> Blankensee <\/div> <\/div> <\/div> <!-- close group --> <div class=\"gallery-group images-1\" style=\"width: 131px; height: 89px;\" data-original-width=\"131\" data-original-height=\"89\" > <div class=\"tiled-gallery-item tiled-gallery-item-small\" itemprop=\"associatedMedia\" itemscope itemtype=\"http:\/\/schema.org\/ImageObject\"> <a href=\"https:\/\/i0.wp.com\/blog.kunstgriff.net\/wp-content\/uploads\/2019\/10\/generischer-Kuchenteller-bei-R%C3%B6hrig.jpg?ssl=1\" border=\"0\" itemprop=\"url\"> <meta itemprop=\"width\" content=\"127\"> <meta itemprop=\"height\" content=\"85\"> <img decoding=\"async\" class=\"\" data-attachment-id=\"20177\" data-orig-file=\"https:\/\/blog.kunstgriff.net\/wp-content\/uploads\/2019\/10\/generischer-Kuchenteller-bei-R\u00f6hrig.jpg\" data-orig-size=\"2500,1667\" data-comments-opened=\"1\" data-image-meta=\"{&quot;aperture&quot;:&quot;2.8&quot;,&quot;credit&quot;:&quot;&quot;,&quot;camera&quot;:&quot;TG-4&quot;,&quot;caption&quot;:&quot;OLYMPUS DIGITAL CAMERA&quot;,&quot;created_timestamp&quot;:&quot;1570966567&quot;,&quot;copyright&quot;:&quot;&quot;,&quot;focal_length&quot;:&quot;4.5&quot;,&quot;iso&quot;:&quot;100&quot;,&quot;shutter_speed&quot;:&quot;0.002&quot;,&quot;title&quot;:&quot;OLYMPUS DIGITAL CAMERA&quot;,&quot;orientation&quot;:&quot;1&quot;}\" data-image-title=\"generischer Kuchenteller bei R\u00f6hrig\" data-image-description=\"\" data-medium-file=\"https:\/\/i0.wp.com\/blog.kunstgriff.net\/wp-content\/uploads\/2019\/10\/generischer-Kuchenteller-bei-R%C3%B6hrig.jpg?fit=300%2C200&#038;ssl=1\" data-large-file=\"https:\/\/i0.wp.com\/blog.kunstgriff.net\/wp-content\/uploads\/2019\/10\/generischer-Kuchenteller-bei-R%C3%B6hrig.jpg?fit=1024%2C683&#038;ssl=1\" src=\"https:\/\/i0.wp.com\/blog.kunstgriff.net\/wp-content\/uploads\/2019\/10\/generischer-Kuchenteller-bei-R%C3%B6hrig.jpg?w=127&#038;h=85&#038;ssl=1\" width=\"127\" height=\"85\" loading=\"lazy\" data-original-width=\"127\" data-original-height=\"85\" itemprop=\"http:\/\/schema.org\/image\" title=\"generischer Kuchenteller bei R\u00f6hrig\" alt=\"generischer Kuchenteller bei R\u00f6hrig\" style=\"width: 127px; height: 85px;\" \/> <\/a> <div class=\"tiled-gallery-caption\" itemprop=\"caption description\"> generischer Kuchenteller bei R\u00f6hrig <\/div> <\/div> <\/div> <!-- close group --> <div class=\"gallery-group images-1\" style=\"width: 131px; height: 89px;\" data-original-width=\"131\" data-original-height=\"89\" > <div class=\"tiled-gallery-item tiled-gallery-item-small\" itemprop=\"associatedMedia\" itemscope itemtype=\"http:\/\/schema.org\/ImageObject\"> <a href=\"https:\/\/i0.wp.com\/blog.kunstgriff.net\/wp-content\/uploads\/2019\/10\/Teller-leer-Abfahrt.jpg?ssl=1\" border=\"0\" itemprop=\"url\"> <meta itemprop=\"width\" content=\"127\"> <meta itemprop=\"height\" content=\"85\"> <img decoding=\"async\" class=\"\" data-attachment-id=\"20180\" data-orig-file=\"https:\/\/blog.kunstgriff.net\/wp-content\/uploads\/2019\/10\/Teller-leer-Abfahrt.jpg\" data-orig-size=\"2500,1667\" data-comments-opened=\"1\" data-image-meta=\"{&quot;aperture&quot;:&quot;2.8&quot;,&quot;credit&quot;:&quot;&quot;,&quot;camera&quot;:&quot;TG-4&quot;,&quot;caption&quot;:&quot;OLYMPUS DIGITAL CAMERA&quot;,&quot;created_timestamp&quot;:&quot;1570967500&quot;,&quot;copyright&quot;:&quot;&quot;,&quot;focal_length&quot;:&quot;4.5&quot;,&quot;iso&quot;:&quot;100&quot;,&quot;shutter_speed&quot;:&quot;0.0025&quot;,&quot;title&quot;:&quot;OLYMPUS DIGITAL CAMERA&quot;,&quot;orientation&quot;:&quot;1&quot;}\" data-image-title=\"Teller leer &amp;#8211; Abfahrt\" data-image-description=\"\" data-medium-file=\"https:\/\/i0.wp.com\/blog.kunstgriff.net\/wp-content\/uploads\/2019\/10\/Teller-leer-Abfahrt.jpg?fit=300%2C200&#038;ssl=1\" data-large-file=\"https:\/\/i0.wp.com\/blog.kunstgriff.net\/wp-content\/uploads\/2019\/10\/Teller-leer-Abfahrt.jpg?fit=1024%2C683&#038;ssl=1\" src=\"https:\/\/i0.wp.com\/blog.kunstgriff.net\/wp-content\/uploads\/2019\/10\/Teller-leer-Abfahrt.jpg?w=127&#038;h=85&#038;ssl=1\" srcset=\"https:\/\/i0.wp.com\/blog.kunstgriff.net\/wp-content\/uploads\/2019\/10\/Teller-leer-Abfahrt.jpg?w=2500&amp;ssl=1 2500w, https:\/\/i0.wp.com\/blog.kunstgriff.net\/wp-content\/uploads\/2019\/10\/Teller-leer-Abfahrt.jpg?resize=300%2C200&amp;ssl=1 300w, https:\/\/i0.wp.com\/blog.kunstgriff.net\/wp-content\/uploads\/2019\/10\/Teller-leer-Abfahrt.jpg?resize=768%2C512&amp;ssl=1 768w, https:\/\/i0.wp.com\/blog.kunstgriff.net\/wp-content\/uploads\/2019\/10\/Teller-leer-Abfahrt.jpg?resize=1024%2C683&amp;ssl=1 1024w, https:\/\/i0.wp.com\/blog.kunstgriff.net\/wp-content\/uploads\/2019\/10\/Teller-leer-Abfahrt.jpg?w=1575&amp;ssl=1 1575w\" width=\"127\" height=\"85\" loading=\"lazy\" data-original-width=\"127\" data-original-height=\"85\" itemprop=\"http:\/\/schema.org\/image\" title=\"Teller leer - Abfahrt\" alt=\"Teller leer - Abfahrt\" style=\"width: 127px; height: 85px;\" \/> <\/a> <div class=\"tiled-gallery-caption\" itemprop=\"caption description\"> Teller leer &#8211; Abfahrt <\/div> <\/div> <\/div> <!-- close group --> <\/div> <!-- close row --> <\/div>\n","protected":false},"excerpt":{"rendered":"<p>Zu sechst zu R\u00f6hrig in kurz-kurz Das warme Herbstwetter mit Temperaturen jenseits der 20\u00b0C lud heute erneut zu einer Rennrad-Runde ein. Als wir am Treffpunkt eintrafen war eigentlich eitel Sonnenschein, aber irgendwie war ein Teil der Mannschaft grummelig und so wurde erstmal bis weit hinter Wannsee rumgest\u00e4nkert. Wurscht, denn Frust ablassen kann man auch mal &hellip; <\/p>\n<p class=\"link-more\"><a href=\"https:\/\/blog.kunstgriff.net\/?p=20173\" class=\"more-link\"><span class=\"screen-reader-text\">\u201eBlankensee-Runde #2\u201c <\/span>weiterlesen<\/a><\/p>\n","protected":false},"author":2,"featured_media":20181,"comment_status":"open","ping_status":"open","sticky":false,"template":"","format":"standard","meta":{"jetpack_post_was_ever_published":false,"_jetpack_newsletter_access":"","_jetpack_dont_email_post_to_subs":false,"_jetpack_newsletter_tier_id":0,"_jetpack_memberships_contains_paywalled_content":false,"_jetpack_memberships_contains_paid_content":false,"footnotes":""},"categories":[10,14,7],"tags":[],"class_list":["post-20173","post","type-post","status-publish","format-standard","has-post-thumbnail","hentry","category-laufen","category-radfahren","category-rennradfahren"],"jetpack_featured_media_url":"https:\/\/i0.wp.com\/blog.kunstgriff.net\/wp-content\/uploads\/2019\/10\/vor-G%C3%BCterfelde.jpg?fit=2500%2C1667&ssl=1","jetpack_shortlink":"https:\/\/wp.me\/p8Cxe7-5fn","jetpack-related-posts":[{"id":1675,"url":"https:\/\/blog.kunstgriff.net\/?p=1675","url_meta":{"origin":20173,"position":0},"title":"Beetzseerunde mit den Havellandriders","author":"Georg","date":"Juni 19, 2010","format":false,"excerpt":"Heute war eine Beetzsee-Runde mit den Havellandridern geplant. Wie immer am Treffpunkt Rathaus Falkensee. Kurz vor der Stadtgrenze fuhr Alexander auf und wir fuhren gemeinsam die letzten Kilometer zum Treffpunkt. Dort warteten schon einige mir unbekannte Radler. Um kurz nach halb erschienen dann auch der Gro\u00dfteil der Regulars und die\u2026","rel":"","context":"In &quot;Radfahren&quot;","block_context":{"text":"Radfahren","link":"https:\/\/blog.kunstgriff.net\/?cat=14"},"img":{"alt_text":"","src":"","width":0,"height":0},"classes":[]},{"id":12114,"url":"https:\/\/blog.kunstgriff.net\/?p=12114","url_meta":{"origin":20173,"position":1},"title":"Ruhlsdorf-Grossbeeren-Runde","author":"Georg","date":"September 6, 2014","format":false,"excerpt":"oder \u00bbHarte Nummer mit den Tiris\u00abBei 17 Voranmeldungen f\u00fcr Olegs Runde ging ich davon aus, dass heute nicht all zu oft im Wind gefahren werden m\u00fcsste und eine lockere Runde auf dem Plan stand. So die Vermutung. Die Realit\u00e4t sah dann aber leider ein wenig anderes aus. Raus aus dem\u2026","rel":"","context":"In &quot;Radfahren&quot;","block_context":{"text":"Radfahren","link":"https:\/\/blog.kunstgriff.net\/?cat=14"},"img":{"alt_text":"","src":"https:\/\/i0.wp.com\/blog.kunstgriff.net\/wp-content\/uploads\/2014\/09\/Ganz-sch%C3%B6n-grosse-Gruppe.jpg?fit=1200%2C900&ssl=1&resize=350%2C200","width":350,"height":200,"srcset":"https:\/\/i0.wp.com\/blog.kunstgriff.net\/wp-content\/uploads\/2014\/09\/Ganz-sch%C3%B6n-grosse-Gruppe.jpg?fit=1200%2C900&ssl=1&resize=350%2C200 1x, https:\/\/i0.wp.com\/blog.kunstgriff.net\/wp-content\/uploads\/2014\/09\/Ganz-sch%C3%B6n-grosse-Gruppe.jpg?fit=1200%2C900&ssl=1&resize=525%2C300 1.5x, https:\/\/i0.wp.com\/blog.kunstgriff.net\/wp-content\/uploads\/2014\/09\/Ganz-sch%C3%B6n-grosse-Gruppe.jpg?fit=1200%2C900&ssl=1&resize=700%2C400 2x, https:\/\/i0.wp.com\/blog.kunstgriff.net\/wp-content\/uploads\/2014\/09\/Ganz-sch%C3%B6n-grosse-Gruppe.jpg?fit=1200%2C900&ssl=1&resize=1050%2C600 3x"},"classes":[]},{"id":8516,"url":"https:\/\/blog.kunstgriff.net\/?p=8516","url_meta":{"origin":20173,"position":2},"title":"Harz-Tour 2012 &#8211; Tag 1","author":"Georg","date":"Juli 13, 2012","format":false,"excerpt":"oder \u00bbWarten auf den Regen\u00abSchon um kurz nach 10 Uhr erreichten wir Tanne. Unser Haus hing in tiefen, dunklen Regenwolken. Leider nicht die Begr\u00fc\u00dfung, die wir uns f\u00fcr unser Rennradwochenene hier gew\u00fcnscht hatten. Der Plan, gleich auf die Bikes zu steigen wurde verworfen. EuroSport wurde eingeschaltet, denn die TdF \u00dcbertragung\u2026","rel":"","context":"In &quot;Radfahren&quot;","block_context":{"text":"Radfahren","link":"https:\/\/blog.kunstgriff.net\/?cat=14"},"img":{"alt_text":"","src":"","width":0,"height":0},"classes":[]},{"id":8523,"url":"https:\/\/blog.kunstgriff.net\/?p=8523","url_meta":{"origin":20173,"position":3},"title":"Harz-Tour 2012 &#8211; Tag 3","author":"Georg","date":"Juli 15, 2012","format":false,"excerpt":"oder \u00bbHeute mal kein Regen?\u00abDie Wettervorhersage versprach Regen mit einer 92%igen Wahrscheinlichkeit. Bei solchen Aussichten setzte ich mich eigentlich nicht auf mein Rennrad. Herbert und Otto reisten gleich nach dem Fr\u00fchst\u00fcck ab \u2013 vern\u00fcnftig. Die Mehrzahl meiner Mit-Rennfahrer wollte es aber unbedingt wagen, noch ein paar H\u00f6henmeter zu sammeln und\u2026","rel":"","context":"In &quot;Radfahren&quot;","block_context":{"text":"Radfahren","link":"https:\/\/blog.kunstgriff.net\/?cat=14"},"img":{"alt_text":"","src":"https:\/\/i0.wp.com\/blog.kunstgriff.net\/wp-content\/uploads\/2012\/07\/Stefan-f%C3%BChrt-uns-zur%C3%BCck-nach-Tanne1.jpg?fit=1000%2C750&ssl=1&resize=350%2C200","width":350,"height":200,"srcset":"https:\/\/i0.wp.com\/blog.kunstgriff.net\/wp-content\/uploads\/2012\/07\/Stefan-f%C3%BChrt-uns-zur%C3%BCck-nach-Tanne1.jpg?fit=1000%2C750&ssl=1&resize=350%2C200 1x, https:\/\/i0.wp.com\/blog.kunstgriff.net\/wp-content\/uploads\/2012\/07\/Stefan-f%C3%BChrt-uns-zur%C3%BCck-nach-Tanne1.jpg?fit=1000%2C750&ssl=1&resize=525%2C300 1.5x, https:\/\/i0.wp.com\/blog.kunstgriff.net\/wp-content\/uploads\/2012\/07\/Stefan-f%C3%BChrt-uns-zur%C3%BCck-nach-Tanne1.jpg?fit=1000%2C750&ssl=1&resize=700%2C400 2x"},"classes":[]},{"id":11869,"url":"https:\/\/blog.kunstgriff.net\/?p=11869","url_meta":{"origin":20173,"position":4},"title":"Viertel-Vor-Zehn-Gruppen-P\u00e4wesin-Runde","author":"Georg","date":"Juni 1, 2014","format":false,"excerpt":"oder \u00bbPerfekte-Kuchen-Runde\u00abAus Ermangelung eigener Kreativit\u00e4t und Tourenvorschl\u00e4gen aus dem Netz machte ich mich um kurz nach Neun auf, zum Auerbachtunnel. Wohlwissend, dass dort am Sonntag immer eine feine Gruppe zu einer Trainings-Ausfahrt bereit steht. So war es denn auch heute wieder. Der schwere Unfall inklusive\u00a0Rettungs-Helikopter vom letzten Wochenende steckten einigen\u2026","rel":"","context":"In &quot;Radfahren&quot;","block_context":{"text":"Radfahren","link":"https:\/\/blog.kunstgriff.net\/?cat=14"},"img":{"alt_text":"","src":"https:\/\/i0.wp.com\/blog.kunstgriff.net\/wp-content\/uploads\/2014\/06\/Grosse-Gruppe-auf-dem-Weg-nach-P%C3%A4wesin.jpg?fit=1200%2C900&ssl=1&resize=350%2C200","width":350,"height":200,"srcset":"https:\/\/i0.wp.com\/blog.kunstgriff.net\/wp-content\/uploads\/2014\/06\/Grosse-Gruppe-auf-dem-Weg-nach-P%C3%A4wesin.jpg?fit=1200%2C900&ssl=1&resize=350%2C200 1x, https:\/\/i0.wp.com\/blog.kunstgriff.net\/wp-content\/uploads\/2014\/06\/Grosse-Gruppe-auf-dem-Weg-nach-P%C3%A4wesin.jpg?fit=1200%2C900&ssl=1&resize=525%2C300 1.5x, https:\/\/i0.wp.com\/blog.kunstgriff.net\/wp-content\/uploads\/2014\/06\/Grosse-Gruppe-auf-dem-Weg-nach-P%C3%A4wesin.jpg?fit=1200%2C900&ssl=1&resize=700%2C400 2x, https:\/\/i0.wp.com\/blog.kunstgriff.net\/wp-content\/uploads\/2014\/06\/Grosse-Gruppe-auf-dem-Weg-nach-P%C3%A4wesin.jpg?fit=1200%2C900&ssl=1&resize=1050%2C600 3x"},"classes":[]},{"id":2448,"url":"https:\/\/blog.kunstgriff.net\/?p=2448","url_meta":{"origin":20173,"position":5},"title":"Schwielowsee-Feierabendrunde","author":"Georg","date":"September 22, 2010","format":false,"excerpt":"oder \"13 Mann, eine Frau und kein Wind\"Am Sonntag, nachdem ich die Wettervorhersage f\u00fcr diese Woche geh\u00f6rt hatte, musste ich gleich auf allen Internet-Kan\u00e4len zu meiner Schwielosee-Feierabendrunde ausrufen. So wurde ich um 16:38 Uhr schon von 4 Radlern am Tunnel erwartet, obwohl es erst um 17 Uhr los gehen sollte.\u2026","rel":"","context":"In &quot;Allgemein&quot;","block_context":{"text":"Allgemein","link":"https:\/\/blog.kunstgriff.net\/?cat=1"},"img":{"alt_text":"","src":"","width":0,"height":0},"classes":[]}],"jetpack_likes_enabled":true,"jetpack_sharing_enabled":true,"_links":{"self":[{"href":"https:\/\/blog.kunstgriff.net\/index.php?rest_route=\/wp\/v2\/posts\/20173","targetHints":{"allow":["GET"]}}],"collection":[{"href":"https:\/\/blog.kunstgriff.net\/index.php?rest_route=\/wp\/v2\/posts"}],"about":[{"href":"https:\/\/blog.kunstgriff.net\/index.php?rest_route=\/wp\/v2\/types\/post"}],"author":[{"embeddable":true,"href":"https:\/\/blog.kunstgriff.net\/index.php?rest_route=\/wp\/v2\/users\/2"}],"replies":[{"embeddable":true,"href":"https:\/\/blog.kunstgriff.net\/index.php?rest_route=%2Fwp%2Fv2%2Fcomments&post=20173"}],"version-history":[{"count":0,"href":"https:\/\/blog.kunstgriff.net\/index.php?rest_route=\/wp\/v2\/posts\/20173\/revisions"}],"wp:featuredmedia":[{"embeddable":true,"href":"https:\/\/blog.kunstgriff.net\/index.php?rest_route=\/wp\/v2\/media\/20181"}],"wp:attachment":[{"href":"https:\/\/blog.kunstgriff.net\/index.php?rest_route=%2Fwp%2Fv2%2Fmedia&parent=20173"}],"wp:term":[{"taxonomy":"category","embeddable":true,"href":"https:\/\/blog.kunstgriff.net\/index.php?rest_route=%2Fwp%2Fv2%2Fcategories&post=20173"},{"taxonomy":"post_tag","embeddable":true,"href":"https:\/\/blog.kunstgriff.net\/index.php?rest_route=%2Fwp%2Fv2%2Ftags&post=20173"}],"curies":[{"name":"wp","href":"https:\/\/api.w.org\/{rel}","templated":true}]}}