{"id":20186,"date":"2019-10-20T18:09:03","date_gmt":"2019-10-20T16:09:03","guid":{"rendered":"https:\/\/blog.kunstgriff.net\/?p=20186"},"modified":"2019-10-20T18:09:03","modified_gmt":"2019-10-20T16:09:03","slug":"schwielowsee-beelitz-runde-2","status":"publish","type":"post","link":"https:\/\/blog.kunstgriff.net\/?p=20186","title":{"rendered":"Schwielowsee- &#038; Beelitz-Runde"},"content":{"rendered":"<span class=\"span-reading-time rt-reading-time\" style=\"display: block;\"><span class=\"rt-label rt-prefix\">Lesezeit: <\/span> <span class=\"rt-time\"> 2<\/span> <span class=\"rt-label rt-postfix\">Minuten<\/span><\/span><h4>Ohne Kuchen alleine nen Hunderter<\/h4>\n<hr \/>\n<p>Nach den Gruppenausfahrten der vergangenen Wochen wollte ich heute mal wieder alleine fahren. Das birgt einige Nachteile aber auch Vorteile, die nicht zu untersch\u00e4tzen sind. Zum Beispiel freie Streckenwahl und Pause wann immer es einem beliebt. Auch ist man Herr \u00fcber sein eigenes Tempo, was diese Art des Trainings auf seine Weise interessant macht.<\/p>\n<p>Also \u00fcber Potsdam raus aus der Stadt. In Ferch, am Ende des Schwielowsees wollte ich dann entscheiden, ob ich die lange Nase \u00fcber Beelitz fahren w\u00fcrde, oder am See entlang \u00fcber Michendorf und Langerwisch wieder zur\u00fcck.<\/p>\n<p>Da die Sonne so sch\u00f6n schien und die Temperaturen auch sehr angenehm waren, entschied ich mich f\u00fcr die l\u00e4ngere Strecke. Gute Wahl, w\u00e4re da nicht der <del>bekloppte<\/del> Autofahrer gewesen, der mich mit 15 cm Abstand auf der Landstrasse \u00fcberholen musste. Freundlich fragte ich ihn an dem wenige Kilometer entfernten Einsenbahnschranken, ob er das mit Absicht tun w\u00fcrde. Als Antwort kam, da\u00df er Berufskraftfahrer sei und es verboten sei, die Strasse mit dem Rennrad als Trainingsgel\u00e4nde zu nutzen. Das &#8222;Dutzen&#8220; verbat ich mir zu allererst, dann kl\u00e4rte ich ihn \u00fcber die Benutzungspflicht von Radwegen auf. Er war sehr uneinsichtig also fuhr ich ohne weiter Diskussion nach vorne zur Schranke, nicht ohne noch ein<em> \u00bbArschloch\u00ab<\/em> hinterher gerufen zu bekommen. <em>Oh well.<\/em> Auch freundlich funktioniert nicht.<\/p>\n<p>In Beelitz nahm ich dann den Radweg, wegen Blauem-Schild und so und keinen Kilometer weiter parkte die Polizei das Ende diesen zu, sodass man die Furt, welche auf die Strasse f\u00fchrte nicht nehmen konnte. Alles nicht so toll in der Beelitzer Spargelstadt.<\/p>\n<p>Auf dem weiteren Heimweg blieben mir weitere Zwischenf\u00e4lle erspart, au\u00dfer da\u00df ich den Sebastian auf der Heerstrasse traf und wir gemeinsam nach Siemensstadt pedallierten.<\/p>\n<p>Eine sch\u00f6ne Ausfahrt ohne Gruppe aber trotzdem mit Sport. Demn\u00e4chst dann wieder mit Verst\u00e4rkung!<\/p>\n<p><iframe loading=\"lazy\" src=\"https:\/\/www.strava.com\/activities\/2803948598\/embed\/1c2fa9c0ea9029439aebaa5133f23f055c987ed5\" width=\"590\" height=\"405\" frameborder=\"0\" scrolling=\"no\"><\/iframe><\/p>\n<div class=\"tiled-gallery type-rectangular tiled-gallery-unresized\" data-original-width=\"525\" data-carousel-extra='{&quot;blog_id&quot;:1,&quot;permalink&quot;:&quot;https:\\\/\\\/blog.kunstgriff.net\\\/?p=20186&quot;,&quot;likes_blog_id&quot;:127394879}' itemscope itemtype=\"http:\/\/schema.org\/ImageGallery\" > <div class=\"gallery-row\" style=\"width: 525px; height: 235px;\" data-original-width=\"525\" data-original-height=\"235\" > <div class=\"gallery-group images-1\" style=\"width: 351px; height: 235px;\" data-original-width=\"351\" data-original-height=\"235\" > <div class=\"tiled-gallery-item tiled-gallery-item-large\" itemprop=\"associatedMedia\" itemscope itemtype=\"http:\/\/schema.org\/ImageObject\"> <a href=\"https:\/\/i0.wp.com\/blog.kunstgriff.net\/wp-content\/uploads\/2019\/10\/Die-Krone-im-Herbst-2019.jpg?ssl=1\" border=\"0\" itemprop=\"url\"> <meta itemprop=\"width\" content=\"347\"> <meta itemprop=\"height\" content=\"231\"> <img decoding=\"async\" class=\"\" data-attachment-id=\"20190\" data-orig-file=\"https:\/\/blog.kunstgriff.net\/wp-content\/uploads\/2019\/10\/Die-Krone-im-Herbst-2019.jpg\" data-orig-size=\"2500,1667\" data-comments-opened=\"1\" data-image-meta=\"{&quot;aperture&quot;:&quot;2.8&quot;,&quot;credit&quot;:&quot;&quot;,&quot;camera&quot;:&quot;TG-4&quot;,&quot;caption&quot;:&quot;OLYMPUS DIGITAL CAMERA&quot;,&quot;created_timestamp&quot;:&quot;1571569282&quot;,&quot;copyright&quot;:&quot;&quot;,&quot;focal_length&quot;:&quot;4.5&quot;,&quot;iso&quot;:&quot;100&quot;,&quot;shutter_speed&quot;:&quot;0.005&quot;,&quot;title&quot;:&quot;OLYMPUS DIGITAL CAMERA&quot;,&quot;orientation&quot;:&quot;1&quot;}\" data-image-title=\"Die Krone im Herbst 2019\" data-image-description=\"\" data-medium-file=\"https:\/\/i0.wp.com\/blog.kunstgriff.net\/wp-content\/uploads\/2019\/10\/Die-Krone-im-Herbst-2019.jpg?fit=300%2C200&#038;ssl=1\" data-large-file=\"https:\/\/i0.wp.com\/blog.kunstgriff.net\/wp-content\/uploads\/2019\/10\/Die-Krone-im-Herbst-2019.jpg?fit=1024%2C683&#038;ssl=1\" src=\"https:\/\/i0.wp.com\/blog.kunstgriff.net\/wp-content\/uploads\/2019\/10\/Die-Krone-im-Herbst-2019.jpg?w=347&#038;h=231&#038;ssl=1\" srcset=\"https:\/\/i0.wp.com\/blog.kunstgriff.net\/wp-content\/uploads\/2019\/10\/Die-Krone-im-Herbst-2019.jpg?w=2500&amp;ssl=1 2500w, https:\/\/i0.wp.com\/blog.kunstgriff.net\/wp-content\/uploads\/2019\/10\/Die-Krone-im-Herbst-2019.jpg?resize=300%2C200&amp;ssl=1 300w, https:\/\/i0.wp.com\/blog.kunstgriff.net\/wp-content\/uploads\/2019\/10\/Die-Krone-im-Herbst-2019.jpg?resize=768%2C512&amp;ssl=1 768w, https:\/\/i0.wp.com\/blog.kunstgriff.net\/wp-content\/uploads\/2019\/10\/Die-Krone-im-Herbst-2019.jpg?resize=1024%2C683&amp;ssl=1 1024w, https:\/\/i0.wp.com\/blog.kunstgriff.net\/wp-content\/uploads\/2019\/10\/Die-Krone-im-Herbst-2019.jpg?w=1575&amp;ssl=1 1575w\" width=\"347\" height=\"231\" loading=\"lazy\" data-original-width=\"347\" data-original-height=\"231\" itemprop=\"http:\/\/schema.org\/image\" title=\"Die Krone im Herbst 2019\" alt=\"Die Krone im Herbst 2019\" style=\"width: 347px; height: 231px;\" \/> <\/a> <div class=\"tiled-gallery-caption\" itemprop=\"caption description\"> Die Krone im Herbst 2019 <\/div> <\/div> <\/div> <!-- close group --> <div class=\"gallery-group images-2\" style=\"width: 174px; height: 235px;\" data-original-width=\"174\" data-original-height=\"235\" > <div class=\"tiled-gallery-item tiled-gallery-item-small\" itemprop=\"associatedMedia\" itemscope itemtype=\"http:\/\/schema.org\/ImageObject\"> <a href=\"https:\/\/i0.wp.com\/blog.kunstgriff.net\/wp-content\/uploads\/2019\/10\/%C3%9Cber-die-Glienicker-Br%C3%BCcke.jpg?ssl=1\" border=\"0\" itemprop=\"url\"> <meta itemprop=\"width\" content=\"170\"> <meta itemprop=\"height\" content=\"114\"> <img decoding=\"async\" class=\"\" data-attachment-id=\"20192\" data-orig-file=\"https:\/\/blog.kunstgriff.net\/wp-content\/uploads\/2019\/10\/\u00dcber-die-Glienicker-Br\u00fccke.jpg\" data-orig-size=\"2500,1667\" data-comments-opened=\"1\" data-image-meta=\"{&quot;aperture&quot;:&quot;8&quot;,&quot;credit&quot;:&quot;&quot;,&quot;camera&quot;:&quot;TG-4&quot;,&quot;caption&quot;:&quot;OLYMPUS DIGITAL CAMERA&quot;,&quot;created_timestamp&quot;:&quot;1571570468&quot;,&quot;copyright&quot;:&quot;&quot;,&quot;focal_length&quot;:&quot;4.5&quot;,&quot;iso&quot;:&quot;100&quot;,&quot;shutter_speed&quot;:&quot;0.003125&quot;,&quot;title&quot;:&quot;OLYMPUS DIGITAL CAMERA&quot;,&quot;orientation&quot;:&quot;1&quot;}\" data-image-title=\"\u00dcber die Glienicker Br\u00fccke\" data-image-description=\"\" data-medium-file=\"https:\/\/i0.wp.com\/blog.kunstgriff.net\/wp-content\/uploads\/2019\/10\/%C3%9Cber-die-Glienicker-Br%C3%BCcke.jpg?fit=300%2C200&#038;ssl=1\" data-large-file=\"https:\/\/i0.wp.com\/blog.kunstgriff.net\/wp-content\/uploads\/2019\/10\/%C3%9Cber-die-Glienicker-Br%C3%BCcke.jpg?fit=1024%2C683&#038;ssl=1\" src=\"https:\/\/i0.wp.com\/blog.kunstgriff.net\/wp-content\/uploads\/2019\/10\/%C3%9Cber-die-Glienicker-Br%C3%BCcke.jpg?w=170&#038;h=114&#038;ssl=1\" width=\"170\" height=\"114\" loading=\"lazy\" data-original-width=\"170\" data-original-height=\"114\" itemprop=\"http:\/\/schema.org\/image\" title=\"\u00dcber die Glienicker Br\u00fccke\" alt=\"\u00dcber die Glienicker Br\u00fccke\" style=\"width: 170px; height: 114px;\" \/> <\/a> <div class=\"tiled-gallery-caption\" itemprop=\"caption description\"> \u00dcber die Glienicker Br\u00fccke <\/div> <\/div> <div class=\"tiled-gallery-item tiled-gallery-item-small\" itemprop=\"associatedMedia\" itemscope itemtype=\"http:\/\/schema.org\/ImageObject\"> <a href=\"https:\/\/i0.wp.com\/blog.kunstgriff.net\/wp-content\/uploads\/2019\/10\/Habe-m%C3%A4chtig-Spass.jpg?ssl=1\" border=\"0\" itemprop=\"url\"> <meta itemprop=\"width\" content=\"170\"> <meta itemprop=\"height\" content=\"113\"> <img decoding=\"async\" class=\"\" data-attachment-id=\"20191\" data-orig-file=\"https:\/\/blog.kunstgriff.net\/wp-content\/uploads\/2019\/10\/Habe-m\u00e4chtig-Spass.jpg\" data-orig-size=\"2500,1667\" data-comments-opened=\"1\" data-image-meta=\"{&quot;aperture&quot;:&quot;2.8&quot;,&quot;credit&quot;:&quot;&quot;,&quot;camera&quot;:&quot;TG-4&quot;,&quot;caption&quot;:&quot;OLYMPUS DIGITAL CAMERA&quot;,&quot;created_timestamp&quot;:&quot;1571574453&quot;,&quot;copyright&quot;:&quot;&quot;,&quot;focal_length&quot;:&quot;4.5&quot;,&quot;iso&quot;:&quot;100&quot;,&quot;shutter_speed&quot;:&quot;0.005&quot;,&quot;title&quot;:&quot;OLYMPUS DIGITAL CAMERA&quot;,&quot;orientation&quot;:&quot;1&quot;}\" data-image-title=\"Habe m\u00e4chtig Spass\" data-image-description=\"\" data-medium-file=\"https:\/\/i0.wp.com\/blog.kunstgriff.net\/wp-content\/uploads\/2019\/10\/Habe-m%C3%A4chtig-Spass.jpg?fit=300%2C200&#038;ssl=1\" data-large-file=\"https:\/\/i0.wp.com\/blog.kunstgriff.net\/wp-content\/uploads\/2019\/10\/Habe-m%C3%A4chtig-Spass.jpg?fit=1024%2C683&#038;ssl=1\" src=\"https:\/\/i0.wp.com\/blog.kunstgriff.net\/wp-content\/uploads\/2019\/10\/Habe-m%C3%A4chtig-Spass.jpg?w=170&#038;h=113&#038;ssl=1\" width=\"170\" height=\"113\" loading=\"lazy\" data-original-width=\"170\" data-original-height=\"113\" itemprop=\"http:\/\/schema.org\/image\" title=\"Habe m\u00e4chtig Spass\" alt=\"Habe m\u00e4chtig Spass\" style=\"width: 170px; height: 113px;\" \/> <\/a> <div class=\"tiled-gallery-caption\" itemprop=\"caption description\"> Habe m\u00e4chtig Spass <\/div> <\/div> <\/div> <!-- close group --> <\/div> <!-- close row --> <div class=\"gallery-row\" style=\"width: 525px; height: 351px;\" data-original-width=\"525\" data-original-height=\"351\" > <div class=\"gallery-group images-1\" style=\"width: 525px; height: 351px;\" data-original-width=\"525\" data-original-height=\"351\" > <div class=\"tiled-gallery-item tiled-gallery-item-large\" itemprop=\"associatedMedia\" itemscope itemtype=\"http:\/\/schema.org\/ImageObject\"> <a href=\"https:\/\/i0.wp.com\/blog.kunstgriff.net\/wp-content\/uploads\/2019\/10\/Der-R1-Radweg-gut-befahrbar.jpg?ssl=1\" border=\"0\" itemprop=\"url\"> <meta itemprop=\"width\" content=\"521\"> <meta itemprop=\"height\" content=\"347\"> <img decoding=\"async\" class=\"\" data-attachment-id=\"20189\" data-orig-file=\"https:\/\/blog.kunstgriff.net\/wp-content\/uploads\/2019\/10\/Der-R1-Radweg-gut-befahrbar.jpg\" data-orig-size=\"2500,1667\" data-comments-opened=\"1\" data-image-meta=\"{&quot;aperture&quot;:&quot;2.8&quot;,&quot;credit&quot;:&quot;&quot;,&quot;camera&quot;:&quot;TG-4&quot;,&quot;caption&quot;:&quot;OLYMPUS DIGITAL CAMERA&quot;,&quot;created_timestamp&quot;:&quot;1571574444&quot;,&quot;copyright&quot;:&quot;&quot;,&quot;focal_length&quot;:&quot;4.5&quot;,&quot;iso&quot;:&quot;100&quot;,&quot;shutter_speed&quot;:&quot;0.004&quot;,&quot;title&quot;:&quot;OLYMPUS DIGITAL CAMERA&quot;,&quot;orientation&quot;:&quot;1&quot;}\" data-image-title=\"Der R1 Radweg &amp;#8211; gut befahrbar\" data-image-description=\"\" data-medium-file=\"https:\/\/i0.wp.com\/blog.kunstgriff.net\/wp-content\/uploads\/2019\/10\/Der-R1-Radweg-gut-befahrbar.jpg?fit=300%2C200&#038;ssl=1\" data-large-file=\"https:\/\/i0.wp.com\/blog.kunstgriff.net\/wp-content\/uploads\/2019\/10\/Der-R1-Radweg-gut-befahrbar.jpg?fit=1024%2C683&#038;ssl=1\" src=\"https:\/\/i0.wp.com\/blog.kunstgriff.net\/wp-content\/uploads\/2019\/10\/Der-R1-Radweg-gut-befahrbar.jpg?w=521&#038;h=347&#038;ssl=1\" srcset=\"https:\/\/i0.wp.com\/blog.kunstgriff.net\/wp-content\/uploads\/2019\/10\/Der-R1-Radweg-gut-befahrbar.jpg?w=2500&amp;ssl=1 2500w, https:\/\/i0.wp.com\/blog.kunstgriff.net\/wp-content\/uploads\/2019\/10\/Der-R1-Radweg-gut-befahrbar.jpg?resize=300%2C200&amp;ssl=1 300w, https:\/\/i0.wp.com\/blog.kunstgriff.net\/wp-content\/uploads\/2019\/10\/Der-R1-Radweg-gut-befahrbar.jpg?resize=768%2C512&amp;ssl=1 768w, https:\/\/i0.wp.com\/blog.kunstgriff.net\/wp-content\/uploads\/2019\/10\/Der-R1-Radweg-gut-befahrbar.jpg?resize=1024%2C683&amp;ssl=1 1024w, https:\/\/i0.wp.com\/blog.kunstgriff.net\/wp-content\/uploads\/2019\/10\/Der-R1-Radweg-gut-befahrbar.jpg?w=1575&amp;ssl=1 1575w\" width=\"521\" height=\"347\" loading=\"lazy\" data-original-width=\"521\" data-original-height=\"347\" itemprop=\"http:\/\/schema.org\/image\" title=\"Der R1 Radweg - gut befahrbar\" alt=\"Der R1 Radweg - gut befahrbar\" style=\"width: 521px; height: 347px;\" \/> <\/a> <div class=\"tiled-gallery-caption\" itemprop=\"caption description\"> Der R1 Radweg &#8211; gut befahrbar <\/div> <\/div> <\/div> <!-- close group --> <\/div> <!-- close row --> <\/div>\n","protected":false},"excerpt":{"rendered":"<p>Ohne Kuchen alleine nen Hunderter Nach den Gruppenausfahrten der vergangenen Wochen wollte ich heute mal wieder alleine fahren. Das birgt einige Nachteile aber auch Vorteile, die nicht zu untersch\u00e4tzen sind. Zum Beispiel freie Streckenwahl und Pause wann immer es einem beliebt. Auch ist man Herr \u00fcber sein eigenes Tempo, was diese Art des Trainings auf &hellip; <\/p>\n<p class=\"link-more\"><a href=\"https:\/\/blog.kunstgriff.net\/?p=20186\" class=\"more-link\"><span class=\"screen-reader-text\">\u201eSchwielowsee- &#038; Beelitz-Runde\u201c <\/span>weiterlesen<\/a><\/p>\n","protected":false},"author":2,"featured_media":20189,"comment_status":"open","ping_status":"open","sticky":false,"template":"","format":"standard","meta":{"jetpack_post_was_ever_published":false,"_jetpack_newsletter_access":"","_jetpack_dont_email_post_to_subs":false,"_jetpack_newsletter_tier_id":0,"_jetpack_memberships_contains_paywalled_content":false,"_jetpack_memberships_contains_paid_content":false,"footnotes":""},"categories":[14,7],"tags":[],"class_list":["post-20186","post","type-post","status-publish","format-standard","has-post-thumbnail","hentry","category-radfahren","category-rennradfahren"],"jetpack_featured_media_url":"https:\/\/i0.wp.com\/blog.kunstgriff.net\/wp-content\/uploads\/2019\/10\/Der-R1-Radweg-gut-befahrbar.jpg?fit=2500%2C1667&ssl=1","jetpack_shortlink":"https:\/\/wp.me\/p8Cxe7-5fA","jetpack-related-posts":[{"id":22402,"url":"https:\/\/blog.kunstgriff.net\/?p=22402","url_meta":{"origin":20186,"position":0},"title":"Beelitz-Runde","author":"Georg","date":"Juli 31, 2021","format":false,"excerpt":"Alleine fahren ist manchmal auch ganz o.k. Eigentlich wollte ich heute mit der Bande nach Fehrbellin zum Schmiedel fahren. In Ermangelung von Mitfahrer:innen wurde die Tour leider kurzerhand abgesagt. Ok. F\u00fcr die 10-Uhr-Gruppe oder die Tiris h\u00e4tte ich fr\u00fcher aufstehen m\u00fcssen, also alleine raus aus der Stadt. Ganz gem\u00fctlich. Die\u2026","rel":"","context":"In &quot;Radfahren&quot;","block_context":{"text":"Radfahren","link":"https:\/\/blog.kunstgriff.net\/?cat=14"},"img":{"alt_text":"","src":"https:\/\/i0.wp.com\/blog.kunstgriff.net\/wp-content\/uploads\/2021\/07\/Sonnenblumenfeld.jpg?fit=1200%2C800&ssl=1&resize=350%2C200","width":350,"height":200,"srcset":"https:\/\/i0.wp.com\/blog.kunstgriff.net\/wp-content\/uploads\/2021\/07\/Sonnenblumenfeld.jpg?fit=1200%2C800&ssl=1&resize=350%2C200 1x, https:\/\/i0.wp.com\/blog.kunstgriff.net\/wp-content\/uploads\/2021\/07\/Sonnenblumenfeld.jpg?fit=1200%2C800&ssl=1&resize=525%2C300 1.5x, https:\/\/i0.wp.com\/blog.kunstgriff.net\/wp-content\/uploads\/2021\/07\/Sonnenblumenfeld.jpg?fit=1200%2C800&ssl=1&resize=700%2C400 2x, https:\/\/i0.wp.com\/blog.kunstgriff.net\/wp-content\/uploads\/2021\/07\/Sonnenblumenfeld.jpg?fit=1200%2C800&ssl=1&resize=1050%2C600 3x"},"classes":[]},{"id":12037,"url":"https:\/\/blog.kunstgriff.net\/?p=12037","url_meta":{"origin":20186,"position":1},"title":"P\u00e4wesin-Runde","author":"Georg","date":"August 2, 2014","format":false,"excerpt":"oder \u00bbZum Backwahn ins Havelland\u00ab Nach gef\u00fchlten Jahren an Rennrad-Abstinenz war es heute endlich wieder so weit und ich konnte auf die Jungfernfahrt mit meinem neu aufgebauten Rad gehen. Zu erst einmal wollte ich alleine Fahren, nicht nur wegen des neuen Renners, auch wegen des desolaten Fitness-Standes, wollte ich mich\u2026","rel":"","context":"In &quot;Radfahren&quot;","block_context":{"text":"Radfahren","link":"https:\/\/blog.kunstgriff.net\/?cat=14"},"img":{"alt_text":"","src":"https:\/\/i0.wp.com\/blog.kunstgriff.net\/wp-content\/uploads\/2014\/08\/Das-Korn-ist-geerntet.jpg?fit=1200%2C900&ssl=1&resize=350%2C200","width":350,"height":200,"srcset":"https:\/\/i0.wp.com\/blog.kunstgriff.net\/wp-content\/uploads\/2014\/08\/Das-Korn-ist-geerntet.jpg?fit=1200%2C900&ssl=1&resize=350%2C200 1x, https:\/\/i0.wp.com\/blog.kunstgriff.net\/wp-content\/uploads\/2014\/08\/Das-Korn-ist-geerntet.jpg?fit=1200%2C900&ssl=1&resize=525%2C300 1.5x, https:\/\/i0.wp.com\/blog.kunstgriff.net\/wp-content\/uploads\/2014\/08\/Das-Korn-ist-geerntet.jpg?fit=1200%2C900&ssl=1&resize=700%2C400 2x, https:\/\/i0.wp.com\/blog.kunstgriff.net\/wp-content\/uploads\/2014\/08\/Das-Korn-ist-geerntet.jpg?fit=1200%2C900&ssl=1&resize=1050%2C600 3x"},"classes":[]},{"id":14056,"url":"https:\/\/blog.kunstgriff.net\/?p=14056","url_meta":{"origin":20186,"position":2},"title":"10-Uhr-Gruppe nach Ferch","author":"Georg","date":"August 6, 2016","format":false,"excerpt":"oder \u00bbLeider nicht mehr mein Niveau\u00ab Die halbe Rennrad-Fahr-Fraktion war in weit entfernten Bundesl\u00e4nder unterwegs und deshalb musste heute mal wieder die alt-bew\u00e4hrte 10-Uhr-Gruppe herhalten, um in den Genuss einer Gruppenausfahrt zu kommen. So war zumindest der Plan. Auch Uwe hatte sich zum Tunnel verirrt, die Sonne schien und alles\u2026","rel":"","context":"In &quot;Radfahren&quot;","block_context":{"text":"Radfahren","link":"https:\/\/blog.kunstgriff.net\/?cat=14"},"img":{"alt_text":"","src":"https:\/\/i0.wp.com\/blog.kunstgriff.net\/wp-content\/uploads\/2016\/08\/P8060001.jpg?fit=1200%2C800&ssl=1&resize=350%2C200","width":350,"height":200,"srcset":"https:\/\/i0.wp.com\/blog.kunstgriff.net\/wp-content\/uploads\/2016\/08\/P8060001.jpg?fit=1200%2C800&ssl=1&resize=350%2C200 1x, https:\/\/i0.wp.com\/blog.kunstgriff.net\/wp-content\/uploads\/2016\/08\/P8060001.jpg?fit=1200%2C800&ssl=1&resize=525%2C300 1.5x, https:\/\/i0.wp.com\/blog.kunstgriff.net\/wp-content\/uploads\/2016\/08\/P8060001.jpg?fit=1200%2C800&ssl=1&resize=700%2C400 2x, https:\/\/i0.wp.com\/blog.kunstgriff.net\/wp-content\/uploads\/2016\/08\/P8060001.jpg?fit=1200%2C800&ssl=1&resize=1050%2C600 3x"},"classes":[]},{"id":14965,"url":"https:\/\/blog.kunstgriff.net\/?p=14965","url_meta":{"origin":20186,"position":3},"title":"Schwielowsee-Beelitz-Trebbin-Runde","author":"Georg","date":"September 2, 2016","format":false,"excerpt":"oder \u00bbAlleine fahren \u2013 geht noch\u00ab Auf den \u00fcblichen Kan\u00e4len gab es f\u00fcr heute keine Tourenangebote und so entschloss ich mich bei diesem Kaiser-Wetter mal wieder alleine in die Pedale zu treten. Die Strecke hatte ich im Kopf es musste nix zusammengeklickt werden. Der Plan ging so: Auf den Berlitz-Europaradweg\u2026","rel":"","context":"In &quot;Radfahren&quot;","block_context":{"text":"Radfahren","link":"https:\/\/blog.kunstgriff.net\/?cat=14"},"img":{"alt_text":"","src":"https:\/\/i0.wp.com\/blog.kunstgriff.net\/wp-content\/uploads\/2016\/09\/Autofrei-wegen-Strassensperrung-in-Sch%C3%B6nhagen.jpg?fit=1200%2C800&ssl=1&resize=350%2C200","width":350,"height":200,"srcset":"https:\/\/i0.wp.com\/blog.kunstgriff.net\/wp-content\/uploads\/2016\/09\/Autofrei-wegen-Strassensperrung-in-Sch%C3%B6nhagen.jpg?fit=1200%2C800&ssl=1&resize=350%2C200 1x, https:\/\/i0.wp.com\/blog.kunstgriff.net\/wp-content\/uploads\/2016\/09\/Autofrei-wegen-Strassensperrung-in-Sch%C3%B6nhagen.jpg?fit=1200%2C800&ssl=1&resize=525%2C300 1.5x, https:\/\/i0.wp.com\/blog.kunstgriff.net\/wp-content\/uploads\/2016\/09\/Autofrei-wegen-Strassensperrung-in-Sch%C3%B6nhagen.jpg?fit=1200%2C800&ssl=1&resize=700%2C400 2x, https:\/\/i0.wp.com\/blog.kunstgriff.net\/wp-content\/uploads\/2016\/09\/Autofrei-wegen-Strassensperrung-in-Sch%C3%B6nhagen.jpg?fit=1200%2C800&ssl=1&resize=1050%2C600 3x"},"classes":[]},{"id":14201,"url":"https:\/\/blog.kunstgriff.net\/?p=14201","url_meta":{"origin":20186,"position":4},"title":"Tiri-Burg Rabenstein","author":"Georg","date":"August 27, 2016","format":false,"excerpt":"oder \u00bbmal wieder ein 200er\u00ab Nach der gestrigen Kollegen-Verabschiedung mit ein paar fl\u00fcssigen \u00bbRadlern\u00ab zu viel, war die Entscheidung heute mit der Bande aus dem S\u00fcden einen 200er zu fahren schon ein wenig gewagt. Am Treffpunkt waren dann auch nur erstmal vier Mitstreiter, sp\u00e4ter kamen gl\u00fccklicherweise noch Zwei hinzu, die\u2026","rel":"","context":"In &quot;200er&quot;","block_context":{"text":"200er","link":"https:\/\/blog.kunstgriff.net\/?cat=48"},"img":{"alt_text":"","src":"https:\/\/i0.wp.com\/blog.kunstgriff.net\/wp-content\/uploads\/2016\/08\/P8270002.jpg?fit=1200%2C800&ssl=1&resize=350%2C200","width":350,"height":200,"srcset":"https:\/\/i0.wp.com\/blog.kunstgriff.net\/wp-content\/uploads\/2016\/08\/P8270002.jpg?fit=1200%2C800&ssl=1&resize=350%2C200 1x, https:\/\/i0.wp.com\/blog.kunstgriff.net\/wp-content\/uploads\/2016\/08\/P8270002.jpg?fit=1200%2C800&ssl=1&resize=525%2C300 1.5x, https:\/\/i0.wp.com\/blog.kunstgriff.net\/wp-content\/uploads\/2016\/08\/P8270002.jpg?fit=1200%2C800&ssl=1&resize=700%2C400 2x, https:\/\/i0.wp.com\/blog.kunstgriff.net\/wp-content\/uploads\/2016\/08\/P8270002.jpg?fit=1200%2C800&ssl=1&resize=1050%2C600 3x"},"classes":[]},{"id":10691,"url":"https:\/\/blog.kunstgriff.net\/?p=10691","url_meta":{"origin":20186,"position":5},"title":"Beelitz-Runde","author":"Georg","date":"August 4, 2013","format":false,"excerpt":"oder \u00bbHat ganz sch\u00f6n gesaugt!\u00abDie ganze Woche plagten mich schon Kopfschmerzen und gestern war erst um 20 Uhr Feierabend. Keine guten Voraussetzungen um heute ordentlich abzustrampeln. Trotzdem ich recht fr\u00fch auf war, dauerte es ewig bis ich mich motivieren konnte, die Flaschen zu f\u00fcllen und die Dackelschneider auf 8,5 bar\u2026","rel":"","context":"In &quot;Radfahren&quot;","block_context":{"text":"Radfahren","link":"https:\/\/blog.kunstgriff.net\/?cat=14"},"img":{"alt_text":"","src":"","width":0,"height":0},"classes":[]}],"jetpack_likes_enabled":true,"jetpack_sharing_enabled":true,"_links":{"self":[{"href":"https:\/\/blog.kunstgriff.net\/index.php?rest_route=\/wp\/v2\/posts\/20186","targetHints":{"allow":["GET"]}}],"collection":[{"href":"https:\/\/blog.kunstgriff.net\/index.php?rest_route=\/wp\/v2\/posts"}],"about":[{"href":"https:\/\/blog.kunstgriff.net\/index.php?rest_route=\/wp\/v2\/types\/post"}],"author":[{"embeddable":true,"href":"https:\/\/blog.kunstgriff.net\/index.php?rest_route=\/wp\/v2\/users\/2"}],"replies":[{"embeddable":true,"href":"https:\/\/blog.kunstgriff.net\/index.php?rest_route=%2Fwp%2Fv2%2Fcomments&post=20186"}],"version-history":[{"count":0,"href":"https:\/\/blog.kunstgriff.net\/index.php?rest_route=\/wp\/v2\/posts\/20186\/revisions"}],"wp:featuredmedia":[{"embeddable":true,"href":"https:\/\/blog.kunstgriff.net\/index.php?rest_route=\/wp\/v2\/media\/20189"}],"wp:attachment":[{"href":"https:\/\/blog.kunstgriff.net\/index.php?rest_route=%2Fwp%2Fv2%2Fmedia&parent=20186"}],"wp:term":[{"taxonomy":"category","embeddable":true,"href":"https:\/\/blog.kunstgriff.net\/index.php?rest_route=%2Fwp%2Fv2%2Fcategories&post=20186"},{"taxonomy":"post_tag","embeddable":true,"href":"https:\/\/blog.kunstgriff.net\/index.php?rest_route=%2Fwp%2Fv2%2Ftags&post=20186"}],"curies":[{"name":"wp","href":"https:\/\/api.w.org\/{rel}","templated":true}]}}