{"id":20203,"date":"2019-10-26T16:26:00","date_gmt":"2019-10-26T14:26:00","guid":{"rendered":"https:\/\/blog.kunstgriff.net\/?p=20203"},"modified":"2019-10-26T16:26:00","modified_gmt":"2019-10-26T14:26:00","slug":"schwielowsee-beelitz-runde-2-2","status":"publish","type":"post","link":"https:\/\/blog.kunstgriff.net\/?p=20203","title":{"rendered":"Schwielowsee- &#038; Beelitz-Runde #2"},"content":{"rendered":"<span class=\"span-reading-time rt-reading-time\" style=\"display: block;\"><span class=\"rt-label rt-prefix\">Lesezeit: <\/span> <span class=\"rt-time\"> &lt; 1<\/span> <span class=\"rt-label rt-postfix\">Minute<\/span><\/span><h4>Mit Manne und dem Wind<\/h4>\n<hr \/>\n<p>Am Vorabend las ich recht sp\u00e4t, da\u00df Manne eine Tour nach S\u00fcden geplant hatte. Genau mein Ding f\u00fcr den heutigen, recht warmen Samstag. Also trafen wir uns Gatower-\/Ecke Heerstrasse und es ging zu zweit raus aus der Stadt.<\/p>\n<p>Manne zog ganz sch\u00f6n an der Kette, soda\u00df ich einige male reissen lie\u00df. Hinter Fahrland zeigte er mir dann eine sehr interessante Streckenvariation, die mir nicht bekannt war. Und am Schwielowsee ging es dann gleich nochmal auf neuen Wegen nach Caputh. Sehr sch\u00f6n.<\/p>\n<p>Hinter Beelitz freute ich mich dann nicht nur \u00fcber den Schiebewind, auch da\u00df wir einen Kuchenstop in der Sonne bei R\u00f6hrig vereinbart hatten. Dort waren wir dann auch recht flott und freuten uns \u00fcber die Tiri-Bande, welche auch von ihrer Runde dort einkehrte. Nach den \u00fcblichen Kettengespr\u00e4chen ging es gemeinsam zur\u00fcck in die Hauptstadt, nicht ohne noch den Willy und das Postfenn zu b\u00fcgeln.<\/p>\n<p>Klasse Ausfahrt an einem herrlichen Sp\u00e4tsommertag Ende Oktober.<\/p>\n<p><iframe height='405' width='590' frameborder='0' allowtransparency='true' scrolling='no' src='https:\/\/www.strava.com\/activities\/2817983370\/embed\/62a31b941045a467fd881dc1260ff5c78ba10a56'><\/iframe><\/p>\n<div class=\"tiled-gallery type-rectangular tiled-gallery-unresized\" data-original-width=\"525\" data-carousel-extra='{&quot;blog_id&quot;:1,&quot;permalink&quot;:&quot;https:\\\/\\\/blog.kunstgriff.net\\\/?p=20203&quot;,&quot;likes_blog_id&quot;:127394879}' itemscope itemtype=\"http:\/\/schema.org\/ImageGallery\" > <div class=\"gallery-row\" style=\"width: 525px; height: 235px;\" data-original-width=\"525\" data-original-height=\"235\" > <div class=\"gallery-group images-1\" style=\"width: 351px; height: 235px;\" data-original-width=\"351\" data-original-height=\"235\" > <div class=\"tiled-gallery-item tiled-gallery-item-large\" itemprop=\"associatedMedia\" itemscope itemtype=\"http:\/\/schema.org\/ImageObject\"> <a href=\"https:\/\/i0.wp.com\/blog.kunstgriff.net\/wp-content\/uploads\/2019\/10\/Hinter-Golm.jpg?ssl=1\" border=\"0\" itemprop=\"url\"> <meta itemprop=\"width\" content=\"347\"> <meta itemprop=\"height\" content=\"231\"> <img decoding=\"async\" class=\"\" data-attachment-id=\"20199\" data-orig-file=\"https:\/\/blog.kunstgriff.net\/wp-content\/uploads\/2019\/10\/Hinter-Golm.jpg\" data-orig-size=\"2500,1667\" data-comments-opened=\"1\" data-image-meta=\"{&quot;aperture&quot;:&quot;8&quot;,&quot;credit&quot;:&quot;&quot;,&quot;camera&quot;:&quot;TG-4&quot;,&quot;caption&quot;:&quot;OLYMPUS DIGITAL CAMERA&quot;,&quot;created_timestamp&quot;:&quot;1572086835&quot;,&quot;copyright&quot;:&quot;&quot;,&quot;focal_length&quot;:&quot;4.5&quot;,&quot;iso&quot;:&quot;100&quot;,&quot;shutter_speed&quot;:&quot;0.00125&quot;,&quot;title&quot;:&quot;OLYMPUS DIGITAL CAMERA&quot;,&quot;orientation&quot;:&quot;1&quot;}\" data-image-title=\"Hinter Golm\" data-image-description=\"\" data-medium-file=\"https:\/\/i0.wp.com\/blog.kunstgriff.net\/wp-content\/uploads\/2019\/10\/Hinter-Golm.jpg?fit=2500%2C1667&#038;ssl=1\" data-large-file=\"https:\/\/i0.wp.com\/blog.kunstgriff.net\/wp-content\/uploads\/2019\/10\/Hinter-Golm.jpg?fit=2500%2C1667&#038;ssl=1\" src=\"https:\/\/i0.wp.com\/blog.kunstgriff.net\/wp-content\/uploads\/2019\/10\/Hinter-Golm.jpg?w=347&#038;h=231&#038;ssl=1\" srcset=\"https:\/\/i0.wp.com\/blog.kunstgriff.net\/wp-content\/uploads\/2019\/10\/Hinter-Golm.jpg?w=2500&amp;ssl=1 2500w, https:\/\/i0.wp.com\/blog.kunstgriff.net\/wp-content\/uploads\/2019\/10\/Hinter-Golm.jpg?resize=768%2C512&amp;ssl=1 768w, https:\/\/i0.wp.com\/blog.kunstgriff.net\/wp-content\/uploads\/2019\/10\/Hinter-Golm.jpg?w=1050&amp;ssl=1 1050w, https:\/\/i0.wp.com\/blog.kunstgriff.net\/wp-content\/uploads\/2019\/10\/Hinter-Golm.jpg?w=1575&amp;ssl=1 1575w\" width=\"347\" height=\"231\" loading=\"lazy\" data-original-width=\"347\" data-original-height=\"231\" itemprop=\"http:\/\/schema.org\/image\" title=\"Hinter Golm\" alt=\"Hinter Golm\" style=\"width: 347px; height: 231px;\" \/> <\/a> <div class=\"tiled-gallery-caption\" itemprop=\"caption description\"> Hinter Golm <\/div> <\/div> <\/div> <!-- close group --> <div class=\"gallery-group images-2\" style=\"width: 174px; height: 235px;\" data-original-width=\"174\" data-original-height=\"235\" > <div class=\"tiled-gallery-item tiled-gallery-item-small\" itemprop=\"associatedMedia\" itemscope itemtype=\"http:\/\/schema.org\/ImageObject\"> <a href=\"https:\/\/i0.wp.com\/blog.kunstgriff.net\/wp-content\/uploads\/2019\/10\/Mit-Manne-auf-neuen-Wegen-nach-Caputh.jpg?ssl=1\" border=\"0\" itemprop=\"url\"> <meta itemprop=\"width\" content=\"170\"> <meta itemprop=\"height\" content=\"114\"> <img decoding=\"async\" class=\"\" data-attachment-id=\"20202\" data-orig-file=\"https:\/\/blog.kunstgriff.net\/wp-content\/uploads\/2019\/10\/Mit-Manne-auf-neuen-Wegen-nach-Caputh.jpg\" data-orig-size=\"2500,1667\" data-comments-opened=\"1\" data-image-meta=\"{&quot;aperture&quot;:&quot;2.8&quot;,&quot;credit&quot;:&quot;&quot;,&quot;camera&quot;:&quot;TG-4&quot;,&quot;caption&quot;:&quot;OLYMPUS DIGITAL CAMERA&quot;,&quot;created_timestamp&quot;:&quot;1572086839&quot;,&quot;copyright&quot;:&quot;&quot;,&quot;focal_length&quot;:&quot;4.5&quot;,&quot;iso&quot;:&quot;100&quot;,&quot;shutter_speed&quot;:&quot;0.002&quot;,&quot;title&quot;:&quot;OLYMPUS DIGITAL CAMERA&quot;,&quot;orientation&quot;:&quot;1&quot;}\" data-image-title=\"Mit Manne auf neuen Wegen nach Caputh\" data-image-description=\"\" data-medium-file=\"https:\/\/i0.wp.com\/blog.kunstgriff.net\/wp-content\/uploads\/2019\/10\/Mit-Manne-auf-neuen-Wegen-nach-Caputh.jpg?fit=2500%2C1667&#038;ssl=1\" data-large-file=\"https:\/\/i0.wp.com\/blog.kunstgriff.net\/wp-content\/uploads\/2019\/10\/Mit-Manne-auf-neuen-Wegen-nach-Caputh.jpg?fit=2500%2C1667&#038;ssl=1\" src=\"https:\/\/i0.wp.com\/blog.kunstgriff.net\/wp-content\/uploads\/2019\/10\/Mit-Manne-auf-neuen-Wegen-nach-Caputh.jpg?w=170&#038;h=114&#038;ssl=1\" srcset=\"https:\/\/i0.wp.com\/blog.kunstgriff.net\/wp-content\/uploads\/2019\/10\/Mit-Manne-auf-neuen-Wegen-nach-Caputh.jpg?w=2500&amp;ssl=1 2500w, https:\/\/i0.wp.com\/blog.kunstgriff.net\/wp-content\/uploads\/2019\/10\/Mit-Manne-auf-neuen-Wegen-nach-Caputh.jpg?resize=768%2C512&amp;ssl=1 768w, https:\/\/i0.wp.com\/blog.kunstgriff.net\/wp-content\/uploads\/2019\/10\/Mit-Manne-auf-neuen-Wegen-nach-Caputh.jpg?w=1050&amp;ssl=1 1050w, https:\/\/i0.wp.com\/blog.kunstgriff.net\/wp-content\/uploads\/2019\/10\/Mit-Manne-auf-neuen-Wegen-nach-Caputh.jpg?w=1575&amp;ssl=1 1575w\" width=\"170\" height=\"114\" loading=\"lazy\" data-original-width=\"170\" data-original-height=\"114\" itemprop=\"http:\/\/schema.org\/image\" title=\"Mit Manne auf neuen Wegen nach Caputh\" alt=\"Mit Manne auf neuen Wegen nach Caputh\" style=\"width: 170px; height: 114px;\" \/> <\/a> <div class=\"tiled-gallery-caption\" itemprop=\"caption description\"> Mit Manne auf neuen Wegen nach Caputh <\/div> <\/div> <div class=\"tiled-gallery-item tiled-gallery-item-small\" itemprop=\"associatedMedia\" itemscope itemtype=\"http:\/\/schema.org\/ImageObject\"> <a href=\"https:\/\/i0.wp.com\/blog.kunstgriff.net\/wp-content\/uploads\/2019\/10\/Kuchen-bei-R%C3%B6hrig.jpg?ssl=1\" border=\"0\" itemprop=\"url\"> <meta itemprop=\"width\" content=\"170\"> <meta itemprop=\"height\" content=\"113\"> <img decoding=\"async\" class=\"\" data-attachment-id=\"20200\" data-orig-file=\"https:\/\/blog.kunstgriff.net\/wp-content\/uploads\/2019\/10\/Kuchen-bei-R\u00f6hrig.jpg\" data-orig-size=\"2500,1667\" data-comments-opened=\"1\" data-image-meta=\"{&quot;aperture&quot;:&quot;2.8&quot;,&quot;credit&quot;:&quot;&quot;,&quot;camera&quot;:&quot;TG-4&quot;,&quot;caption&quot;:&quot;OLYMPUS DIGITAL CAMERA&quot;,&quot;created_timestamp&quot;:&quot;1572093612&quot;,&quot;copyright&quot;:&quot;&quot;,&quot;focal_length&quot;:&quot;4.5&quot;,&quot;iso&quot;:&quot;100&quot;,&quot;shutter_speed&quot;:&quot;0.0015625&quot;,&quot;title&quot;:&quot;OLYMPUS DIGITAL CAMERA&quot;,&quot;orientation&quot;:&quot;1&quot;}\" data-image-title=\"Kuchen bei R\u00f6hrig\" data-image-description=\"\" data-medium-file=\"https:\/\/i0.wp.com\/blog.kunstgriff.net\/wp-content\/uploads\/2019\/10\/Kuchen-bei-R%C3%B6hrig.jpg?fit=2500%2C1667&#038;ssl=1\" data-large-file=\"https:\/\/i0.wp.com\/blog.kunstgriff.net\/wp-content\/uploads\/2019\/10\/Kuchen-bei-R%C3%B6hrig.jpg?fit=2500%2C1667&#038;ssl=1\" src=\"https:\/\/i0.wp.com\/blog.kunstgriff.net\/wp-content\/uploads\/2019\/10\/Kuchen-bei-R%C3%B6hrig.jpg?w=170&#038;h=113&#038;ssl=1\" width=\"170\" height=\"113\" loading=\"lazy\" data-original-width=\"170\" data-original-height=\"113\" itemprop=\"http:\/\/schema.org\/image\" title=\"Kuchen bei R\u00f6hrig\" alt=\"Kuchen bei R\u00f6hrig\" style=\"width: 170px; height: 113px;\" \/> <\/a> <div class=\"tiled-gallery-caption\" itemprop=\"caption description\"> Kuchen bei R\u00f6hrig <\/div> <\/div> <\/div> <!-- close group --> <\/div> <!-- close row --> <div class=\"gallery-row\" style=\"width: 525px; height: 351px;\" data-original-width=\"525\" data-original-height=\"351\" > <div class=\"gallery-group images-1\" style=\"width: 525px; height: 351px;\" data-original-width=\"525\" data-original-height=\"351\" > <div class=\"tiled-gallery-item tiled-gallery-item-large\" itemprop=\"associatedMedia\" itemscope itemtype=\"http:\/\/schema.org\/ImageObject\"> <a href=\"https:\/\/i0.wp.com\/blog.kunstgriff.net\/wp-content\/uploads\/2019\/10\/Mit-den-Tiris-heimw%C3%A4rts.jpg?ssl=1\" border=\"0\" itemprop=\"url\"> <meta itemprop=\"width\" content=\"521\"> <meta itemprop=\"height\" content=\"347\"> <img decoding=\"async\" class=\"\" data-attachment-id=\"20201\" data-orig-file=\"https:\/\/blog.kunstgriff.net\/wp-content\/uploads\/2019\/10\/Mit-den-Tiris-heimw\u00e4rts.jpg\" data-orig-size=\"2500,1667\" data-comments-opened=\"1\" data-image-meta=\"{&quot;aperture&quot;:&quot;2.8&quot;,&quot;credit&quot;:&quot;&quot;,&quot;camera&quot;:&quot;TG-4&quot;,&quot;caption&quot;:&quot;OLYMPUS DIGITAL CAMERA&quot;,&quot;created_timestamp&quot;:&quot;1572095616&quot;,&quot;copyright&quot;:&quot;&quot;,&quot;focal_length&quot;:&quot;4.5&quot;,&quot;iso&quot;:&quot;100&quot;,&quot;shutter_speed&quot;:&quot;0.003125&quot;,&quot;title&quot;:&quot;OLYMPUS DIGITAL CAMERA&quot;,&quot;orientation&quot;:&quot;1&quot;}\" data-image-title=\"Mit den Tiris heimw\u00e4rts\" data-image-description=\"\" data-medium-file=\"https:\/\/i0.wp.com\/blog.kunstgriff.net\/wp-content\/uploads\/2019\/10\/Mit-den-Tiris-heimw%C3%A4rts.jpg?fit=2500%2C1667&#038;ssl=1\" data-large-file=\"https:\/\/i0.wp.com\/blog.kunstgriff.net\/wp-content\/uploads\/2019\/10\/Mit-den-Tiris-heimw%C3%A4rts.jpg?fit=2500%2C1667&#038;ssl=1\" src=\"https:\/\/i0.wp.com\/blog.kunstgriff.net\/wp-content\/uploads\/2019\/10\/Mit-den-Tiris-heimw%C3%A4rts.jpg?w=521&#038;h=347&#038;ssl=1\" width=\"521\" height=\"347\" loading=\"lazy\" data-original-width=\"521\" data-original-height=\"347\" itemprop=\"http:\/\/schema.org\/image\" title=\"Mit den Tiris heimw\u00e4rts\" alt=\"Mit den Tiris heimw\u00e4rts\" style=\"width: 521px; height: 347px;\" \/> <\/a> <div class=\"tiled-gallery-caption\" itemprop=\"caption description\"> Mit den Tiris heimw\u00e4rts <\/div> <\/div> <\/div> <!-- close group --> <\/div> <!-- close row --> <\/div>\n<p>&nbsp;<\/p>\n","protected":false},"excerpt":{"rendered":"<p>Mit Manne und dem Wind Am Vorabend las ich recht sp\u00e4t, da\u00df Manne eine Tour nach S\u00fcden geplant hatte. Genau mein Ding f\u00fcr den heutigen, recht warmen Samstag. Also trafen wir uns Gatower-\/Ecke Heerstrasse und es ging zu zweit raus aus der Stadt. Manne zog ganz sch\u00f6n an der Kette, soda\u00df ich einige male reissen &hellip; <\/p>\n<p class=\"link-more\"><a href=\"https:\/\/blog.kunstgriff.net\/?p=20203\" class=\"more-link\"><span class=\"screen-reader-text\">\u201eSchwielowsee- &#038; Beelitz-Runde #2\u201c <\/span>weiterlesen<\/a><\/p>\n","protected":false},"author":2,"featured_media":20199,"comment_status":"open","ping_status":"open","sticky":false,"template":"","format":"standard","meta":{"jetpack_post_was_ever_published":false,"_jetpack_newsletter_access":"","_jetpack_dont_email_post_to_subs":false,"_jetpack_newsletter_tier_id":0,"_jetpack_memberships_contains_paywalled_content":false,"_jetpack_memberships_contains_paid_content":false,"footnotes":""},"categories":[34,14,7],"tags":[],"class_list":["post-20203","post","type-post","status-publish","format-standard","has-post-thumbnail","hentry","category-cake-ride","category-radfahren","category-rennradfahren"],"jetpack_featured_media_url":"https:\/\/i0.wp.com\/blog.kunstgriff.net\/wp-content\/uploads\/2019\/10\/Hinter-Golm.jpg?fit=2500%2C1667&ssl=1","jetpack_shortlink":"https:\/\/wp.me\/p8Cxe7-5fR","jetpack-related-posts":[{"id":19696,"url":"https:\/\/blog.kunstgriff.net\/?p=19696","url_meta":{"origin":20203,"position":0},"title":"Sonntags-Schwielowsee-Runde","author":"Georg","date":"Juni 23, 2019","format":false,"excerpt":"mit Alex & Stefan nen Kuchen-Hunni rollen Nach der relativ kr\u00e4ftezehrenden Samstags-Runde wollte wir es heute eigentlich ein wenig ruhiger angehen lassen: Lockere 100 km rollen ohne viel Watt. Deshalb habe wir uns auch keiner anderen Gruppe angeschlossen und die Angebote im Internet ignoriert. Soweit, so gut. Erstens kommt es\u2026","rel":"","context":"In &quot;Cake-Ride&quot;","block_context":{"text":"Cake-Ride","link":"https:\/\/blog.kunstgriff.net\/?cat=34"},"img":{"alt_text":"Nach Golm","src":"https:\/\/i0.wp.com\/blog.kunstgriff.net\/wp-content\/uploads\/2019\/06\/Nach-Golm.jpg?fit=1200%2C800&ssl=1&resize=350%2C200","width":350,"height":200,"srcset":"https:\/\/i0.wp.com\/blog.kunstgriff.net\/wp-content\/uploads\/2019\/06\/Nach-Golm.jpg?fit=1200%2C800&ssl=1&resize=350%2C200 1x, https:\/\/i0.wp.com\/blog.kunstgriff.net\/wp-content\/uploads\/2019\/06\/Nach-Golm.jpg?fit=1200%2C800&ssl=1&resize=525%2C300 1.5x, https:\/\/i0.wp.com\/blog.kunstgriff.net\/wp-content\/uploads\/2019\/06\/Nach-Golm.jpg?fit=1200%2C800&ssl=1&resize=700%2C400 2x, https:\/\/i0.wp.com\/blog.kunstgriff.net\/wp-content\/uploads\/2019\/06\/Nach-Golm.jpg?fit=1200%2C800&ssl=1&resize=1050%2C600 3x"},"classes":[]},{"id":7698,"url":"https:\/\/blog.kunstgriff.net\/?p=7698","url_meta":{"origin":20203,"position":1},"title":"1. Erweiterte Schwielowsee-Runde 2012","author":"Georg","date":"April 9, 2012","format":false,"excerpt":"oder \u00bbOstermontag-Tour mit super Truppe\u00ab In den letzen Tagen schloss ich mich ja den Touren von Oleg an, heute wollte ich selber wieder einen Vorschlag machen, den ich auch auf der Rennradliste annoncierte: Die Schwielowsee-Runde stand das erste Mal in 2012 auf dem Zettel. Um 11:20 Uhr fanden sich am\u2026","rel":"","context":"In &quot;Radfahren&quot;","block_context":{"text":"Radfahren","link":"https:\/\/blog.kunstgriff.net\/?cat=14"},"img":{"alt_text":"","src":"https:\/\/i0.wp.com\/blog.kunstgriff.net\/wp-content\/uploads\/2012\/04\/D%C3%A9j%C3%A0-vu-beim-B%C3%A4cker-R%C3%B6hrig.jpg?fit=1000%2C750&ssl=1&resize=350%2C200","width":350,"height":200,"srcset":"https:\/\/i0.wp.com\/blog.kunstgriff.net\/wp-content\/uploads\/2012\/04\/D%C3%A9j%C3%A0-vu-beim-B%C3%A4cker-R%C3%B6hrig.jpg?fit=1000%2C750&ssl=1&resize=350%2C200 1x, https:\/\/i0.wp.com\/blog.kunstgriff.net\/wp-content\/uploads\/2012\/04\/D%C3%A9j%C3%A0-vu-beim-B%C3%A4cker-R%C3%B6hrig.jpg?fit=1000%2C750&ssl=1&resize=525%2C300 1.5x, https:\/\/i0.wp.com\/blog.kunstgriff.net\/wp-content\/uploads\/2012\/04\/D%C3%A9j%C3%A0-vu-beim-B%C3%A4cker-R%C3%B6hrig.jpg?fit=1000%2C750&ssl=1&resize=700%2C400 2x"},"classes":[]},{"id":22340,"url":"https:\/\/blog.kunstgriff.net\/?p=22340","url_meta":{"origin":20203,"position":2},"title":"Schwielowsee-Runde","author":"Georg","date":"Juli 4, 2021","format":false,"excerpt":"ungeplanter Cake-Ride Eigentlich wollte ich heute gar nicht drau\u00dfen fahren. Ne Stunde Zwift und dann faulenzen oder Sportwagen fahren. Das Wetter war dann doch zu verlockend um nicht den Renner, nach der anstrengenden gestrigen Tour erneut auf der Strasse zu bewegen. Auf dem Plan war meine FAR (Feierabendrunde). Knapp 60\u2026","rel":"","context":"In &quot;Cake-Ride&quot;","block_context":{"text":"Cake-Ride","link":"https:\/\/blog.kunstgriff.net\/?cat=34"},"img":{"alt_text":"Brandenburg kann auch ganz sch\u00f6n sein","src":"https:\/\/i0.wp.com\/blog.kunstgriff.net\/wp-content\/uploads\/2021\/07\/Brandenburg-kann-auch-ganz-schoen-sein.jpg?fit=1200%2C800&ssl=1&resize=350%2C200","width":350,"height":200,"srcset":"https:\/\/i0.wp.com\/blog.kunstgriff.net\/wp-content\/uploads\/2021\/07\/Brandenburg-kann-auch-ganz-schoen-sein.jpg?fit=1200%2C800&ssl=1&resize=350%2C200 1x, https:\/\/i0.wp.com\/blog.kunstgriff.net\/wp-content\/uploads\/2021\/07\/Brandenburg-kann-auch-ganz-schoen-sein.jpg?fit=1200%2C800&ssl=1&resize=525%2C300 1.5x, https:\/\/i0.wp.com\/blog.kunstgriff.net\/wp-content\/uploads\/2021\/07\/Brandenburg-kann-auch-ganz-schoen-sein.jpg?fit=1200%2C800&ssl=1&resize=700%2C400 2x, https:\/\/i0.wp.com\/blog.kunstgriff.net\/wp-content\/uploads\/2021\/07\/Brandenburg-kann-auch-ganz-schoen-sein.jpg?fit=1200%2C800&ssl=1&resize=1050%2C600 3x"},"classes":[]},{"id":4679,"url":"https:\/\/blog.kunstgriff.net\/?p=4679","url_meta":{"origin":20203,"position":3},"title":"Golzow-Runde","author":"Georg","date":"Mai 27, 2011","format":false,"excerpt":"oder \u00bb190 km auf dem Rad in bester Begleitung\u00abUm 9 Uhr war ich heute mit Isabell, Andi S., Dirk P. und Dirk S. auf der Br\u00fccke am S-Bhf. Heerstra\u00dfe zu meiner langen Runde verabredet. Um kurz nach 9 ging es los Richtung Westen. Mit Andi musste ich eine Weile plaudern,\u2026","rel":"","context":"In &quot;Radfahren&quot;","block_context":{"text":"Radfahren","link":"https:\/\/blog.kunstgriff.net\/?cat=14"},"img":{"alt_text":"","src":"","width":0,"height":0},"classes":[]},{"id":5548,"url":"https:\/\/blog.kunstgriff.net\/?p=5548","url_meta":{"origin":20203,"position":4},"title":"Havellandriders-Beelitz-Tour","author":"Georg","date":"August 14, 2011","format":false,"excerpt":"oder \u00bbZu Elft durch den wilden Westen\u00ab Heute sollte das s\u00fcdliche Havelland erkundet werden und Frank baldowerte mit Mike eine Strecke zum Schwielowsee aus. Treffpunkt war, wie immer, das Rathaus Falkensee. Dort wurde erstmal das notorische Gruppenfoto geschossen, bevor es Richtung Brieselang raus aus dem Ort ging. Etwa zwei Kilometer\u2026","rel":"","context":"In &quot;Allgemein&quot;","block_context":{"text":"Allgemein","link":"https:\/\/blog.kunstgriff.net\/?cat=1"},"img":{"alt_text":"","src":"https:\/\/i0.wp.com\/blog.kunstgriff.net\/wp-content\/uploads\/2011\/08\/Notorisches-Gruppenfoto-am-Treffpunkt-Rathaus-Falkensee.jpg?resize=350%2C200","width":350,"height":200,"srcset":"https:\/\/i0.wp.com\/blog.kunstgriff.net\/wp-content\/uploads\/2011\/08\/Notorisches-Gruppenfoto-am-Treffpunkt-Rathaus-Falkensee.jpg?resize=350%2C200 1x, https:\/\/i0.wp.com\/blog.kunstgriff.net\/wp-content\/uploads\/2011\/08\/Notorisches-Gruppenfoto-am-Treffpunkt-Rathaus-Falkensee.jpg?resize=525%2C300 1.5x, https:\/\/i0.wp.com\/blog.kunstgriff.net\/wp-content\/uploads\/2011\/08\/Notorisches-Gruppenfoto-am-Treffpunkt-Rathaus-Falkensee.jpg?resize=700%2C400 2x"},"classes":[]},{"id":9056,"url":"https:\/\/blog.kunstgriff.net\/?p=9056","url_meta":{"origin":20203,"position":5},"title":"Schwielowsee-Kloster-Lehnin-Runde","author":"Georg","date":"September 2, 2012","format":false,"excerpt":"oder \u00bbLockere Ausfahrt mit den Havellandriders\u00ab Nachdem gestern ein wenig h\u00e4rter trainiert wurde, kam mir der Tourenaufruf von Frankie heute gerade recht. Es sollte die gleiche Runde wie am Pfingstmontag werden, nur ohne das Gebolze. Um mir die Anreise zum Rathaus Falkensee zu sparen meldete ich mich zum bekannten Treffpunkt\u2026","rel":"","context":"In &quot;Radfahren&quot;","block_context":{"text":"Radfahren","link":"https:\/\/blog.kunstgriff.net\/?cat=14"},"img":{"alt_text":"","src":"https:\/\/i0.wp.com\/blog.kunstgriff.net\/wp-content\/uploads\/2012\/09\/R1-Radweg-Richtung-Beelitz.jpg?fit=1000%2C750&ssl=1&resize=350%2C200","width":350,"height":200,"srcset":"https:\/\/i0.wp.com\/blog.kunstgriff.net\/wp-content\/uploads\/2012\/09\/R1-Radweg-Richtung-Beelitz.jpg?fit=1000%2C750&ssl=1&resize=350%2C200 1x, https:\/\/i0.wp.com\/blog.kunstgriff.net\/wp-content\/uploads\/2012\/09\/R1-Radweg-Richtung-Beelitz.jpg?fit=1000%2C750&ssl=1&resize=525%2C300 1.5x, https:\/\/i0.wp.com\/blog.kunstgriff.net\/wp-content\/uploads\/2012\/09\/R1-Radweg-Richtung-Beelitz.jpg?fit=1000%2C750&ssl=1&resize=700%2C400 2x"},"classes":[]}],"jetpack_likes_enabled":true,"jetpack_sharing_enabled":true,"_links":{"self":[{"href":"https:\/\/blog.kunstgriff.net\/index.php?rest_route=\/wp\/v2\/posts\/20203","targetHints":{"allow":["GET"]}}],"collection":[{"href":"https:\/\/blog.kunstgriff.net\/index.php?rest_route=\/wp\/v2\/posts"}],"about":[{"href":"https:\/\/blog.kunstgriff.net\/index.php?rest_route=\/wp\/v2\/types\/post"}],"author":[{"embeddable":true,"href":"https:\/\/blog.kunstgriff.net\/index.php?rest_route=\/wp\/v2\/users\/2"}],"replies":[{"embeddable":true,"href":"https:\/\/blog.kunstgriff.net\/index.php?rest_route=%2Fwp%2Fv2%2Fcomments&post=20203"}],"version-history":[{"count":0,"href":"https:\/\/blog.kunstgriff.net\/index.php?rest_route=\/wp\/v2\/posts\/20203\/revisions"}],"wp:featuredmedia":[{"embeddable":true,"href":"https:\/\/blog.kunstgriff.net\/index.php?rest_route=\/wp\/v2\/media\/20199"}],"wp:attachment":[{"href":"https:\/\/blog.kunstgriff.net\/index.php?rest_route=%2Fwp%2Fv2%2Fmedia&parent=20203"}],"wp:term":[{"taxonomy":"category","embeddable":true,"href":"https:\/\/blog.kunstgriff.net\/index.php?rest_route=%2Fwp%2Fv2%2Fcategories&post=20203"},{"taxonomy":"post_tag","embeddable":true,"href":"https:\/\/blog.kunstgriff.net\/index.php?rest_route=%2Fwp%2Fv2%2Ftags&post=20203"}],"curies":[{"name":"wp","href":"https:\/\/api.w.org\/{rel}","templated":true}]}}