{"id":20863,"date":"2020-03-28T16:42:13","date_gmt":"2020-03-28T15:42:13","guid":{"rendered":"https:\/\/blog.kunstgriff.net\/?p=20863"},"modified":"2020-03-29T10:35:31","modified_gmt":"2020-03-29T08:35:31","slug":"kurze-nordrunde-ueber-kremmen-1","status":"publish","type":"post","link":"https:\/\/blog.kunstgriff.net\/?p=20863","title":{"rendered":"Kurze Nordrunde \u00fcber Kremmen #1"},"content":{"rendered":"<span class=\"span-reading-time rt-reading-time\" style=\"display: block;\"><span class=\"rt-label rt-prefix\">Lesezeit: <\/span> <span class=\"rt-time\"> &lt; 1<\/span> <span class=\"rt-label rt-postfix\">Minute<\/span><\/span><h4>Erste Berlin-Ausfahrt 2020<\/h4>\n<hr \/>\n<p>Eigentlich m\u00fcsste ich mich sch\u00e4men, dass ich mich bis kurz vor Ostern mit meiner ersten Ausfahrt in Berlin geziert habe. Klar ich war schon ordentlich in Portugal unterwegs, aber der milde Winter h\u00e4tte mich eigentlich schon fr\u00fcher auf den Renner bewegen k\u00f6nnen. Wer ist schuld? Nat\u00fcrlich <a href=\"https:\/\/blog.kunstgriff.net\/?page_id=17117\" target=\"_blank\" rel=\"noopener noreferrer\">Zwift<\/a>. Aber warum immer zur\u00fcck blicken, gerade in der <del>Corona-<\/del>Kriese lohnt der Blick nach vorne!<\/p>\n<p>Vorne war erstmal heute da, wo der Wind herkam. Und zwar aus Nord-Ost. Sehr unangenehm; zum Gl\u00fcck nicht wirklich kalt. Unser Vortrieb wurde aber nicht nur durch diesen reduziert, auch machten uns Bauarbeiten an der Stra\u00dfe unter der BAB in Velten den Plan zunichte, \u00fcber Germendorf nach Kremmen zu gelangen. Aus der Traum und Umleitung \u00fcber Marwitz und Vehlefanz gew\u00e4hlt. Nicht so sch\u00f6n, aber verkehrsarm war heute irgendwie sowieso nicht drin. Ganz Berlin und Brandenburg schien die vier R\u00e4der heute zu ben\u00f6tigen, um irgendwo hin zu fahren. Spassbremsend f\u00fcr uns Radler.<\/p>\n<p>Hinter Kremmen wurde es dann aber angenehmer, da es zum einen weniger Wind von vorne gab und auch in den Havelradweg abgebogen werden konnte. Dieser war nur von freizeitelnden Bundesb\u00fcrgern belegt. Aber zum Gl\u00fcck fast nichts motorisiertes. Nach rund 60 Kilometern verlie\u00df nicht nur mich die Lust am Radeln. Wir waren ganz sch\u00f6n ausbelastet und hatten beide\u00a0<del>unteren-<\/del>R\u00fccken. Sprich keine wirkliche Lust mehr aufs Radeln. Aber wer nun schneller f\u00e4hrt, ist auch schneller zuhause. Dies taten wir dann auch und genossen noch ein gemeinsames alkoholfreies Bier. Mit gen\u00fcgend Sicherheitsabstand auf dem Siemens Freizeit Gel\u00e4nde in der Sonne. Sch\u00f6ne Radausfahrt mit Marc. An meiner Fitness muss noch ein wenig geschraubt werden\u2026<\/p>\n<p><iframe height='405' width='590' frameborder='0' allowtransparency='true' scrolling='no' src='https:\/\/www.strava.com\/activities\/3227856689\/embed\/cae8c5c6664cf9e307ec7876df4d25a45e3db5fe'><\/iframe><\/p>\n<div class=\"tiled-gallery type-rectangular tiled-gallery-unresized\" data-original-width=\"525\" data-carousel-extra='{&quot;blog_id&quot;:1,&quot;permalink&quot;:&quot;https:\\\/\\\/blog.kunstgriff.net\\\/?p=20863&quot;,&quot;likes_blog_id&quot;:127394879}' itemscope itemtype=\"http:\/\/schema.org\/ImageGallery\" > <div class=\"gallery-row\" style=\"width: 525px; height: 235px;\" data-original-width=\"525\" data-original-height=\"235\" > <div class=\"gallery-group images-1\" style=\"width: 351px; height: 235px;\" data-original-width=\"351\" data-original-height=\"235\" > <div class=\"tiled-gallery-item tiled-gallery-item-large\" itemprop=\"associatedMedia\" itemscope itemtype=\"http:\/\/schema.org\/ImageObject\"> <a href=\"https:\/\/i0.wp.com\/blog.kunstgriff.net\/wp-content\/uploads\/2020\/03\/Der-Marc-erwartet-mich-schon-bei-seinem-Rewe.jpg?ssl=1\" border=\"0\" itemprop=\"url\"> <meta itemprop=\"width\" content=\"347\"> <meta itemprop=\"height\" content=\"231\"> <img decoding=\"async\" class=\"\" data-attachment-id=\"20859\" data-orig-file=\"https:\/\/blog.kunstgriff.net\/wp-content\/uploads\/2020\/03\/Der-Marc-erwartet-mich-schon-bei-seinem-Rewe.jpg\" data-orig-size=\"2560,1707\" data-comments-opened=\"1\" data-image-meta=\"{&quot;aperture&quot;:&quot;8&quot;,&quot;credit&quot;:&quot;&quot;,&quot;camera&quot;:&quot;TG-4&quot;,&quot;caption&quot;:&quot;OLYMPUS DIGITAL CAMERA&quot;,&quot;created_timestamp&quot;:&quot;1585393260&quot;,&quot;copyright&quot;:&quot;&quot;,&quot;focal_length&quot;:&quot;4.5&quot;,&quot;iso&quot;:&quot;100&quot;,&quot;shutter_speed&quot;:&quot;0.00625&quot;,&quot;title&quot;:&quot;OLYMPUS DIGITAL CAMERA&quot;,&quot;orientation&quot;:&quot;1&quot;}\" data-image-title=\"Der Marc erwartet mich schon bei seinem Rewe\" data-image-description=\"\" data-medium-file=\"https:\/\/i0.wp.com\/blog.kunstgriff.net\/wp-content\/uploads\/2020\/03\/Der-Marc-erwartet-mich-schon-bei-seinem-Rewe.jpg?fit=2560%2C1707&#038;ssl=1\" data-large-file=\"https:\/\/i0.wp.com\/blog.kunstgriff.net\/wp-content\/uploads\/2020\/03\/Der-Marc-erwartet-mich-schon-bei-seinem-Rewe.jpg?fit=2560%2C1707&#038;ssl=1\" src=\"https:\/\/i0.wp.com\/blog.kunstgriff.net\/wp-content\/uploads\/2020\/03\/Der-Marc-erwartet-mich-schon-bei-seinem-Rewe.jpg?w=347&#038;h=231&#038;ssl=1\" srcset=\"https:\/\/i0.wp.com\/blog.kunstgriff.net\/wp-content\/uploads\/2020\/03\/Der-Marc-erwartet-mich-schon-bei-seinem-Rewe.jpg?w=2560&amp;ssl=1 2560w, https:\/\/i0.wp.com\/blog.kunstgriff.net\/wp-content\/uploads\/2020\/03\/Der-Marc-erwartet-mich-schon-bei-seinem-Rewe.jpg?resize=768%2C512&amp;ssl=1 768w, https:\/\/i0.wp.com\/blog.kunstgriff.net\/wp-content\/uploads\/2020\/03\/Der-Marc-erwartet-mich-schon-bei-seinem-Rewe.jpg?resize=1536%2C1024&amp;ssl=1 1536w, https:\/\/i0.wp.com\/blog.kunstgriff.net\/wp-content\/uploads\/2020\/03\/Der-Marc-erwartet-mich-schon-bei-seinem-Rewe.jpg?resize=2048%2C1366&amp;ssl=1 2048w, https:\/\/i0.wp.com\/blog.kunstgriff.net\/wp-content\/uploads\/2020\/03\/Der-Marc-erwartet-mich-schon-bei-seinem-Rewe.jpg?w=1050&amp;ssl=1 1050w\" width=\"347\" height=\"231\" loading=\"lazy\" data-original-width=\"347\" data-original-height=\"231\" itemprop=\"http:\/\/schema.org\/image\" title=\"Der Marc erwartet mich schon bei seinem Rewe\" alt=\"Der Marc erwartet mich schon bei seinem Rewe\" style=\"width: 347px; height: 231px;\" \/> <\/a> <div class=\"tiled-gallery-caption\" itemprop=\"caption description\"> Der Marc erwartet mich schon bei seinem Rewe <\/div> <\/div> <\/div> <!-- close group --> <div class=\"gallery-group images-2\" style=\"width: 174px; height: 235px;\" data-original-width=\"174\" data-original-height=\"235\" > <div class=\"tiled-gallery-item tiled-gallery-item-small\" itemprop=\"associatedMedia\" itemscope itemtype=\"http:\/\/schema.org\/ImageObject\"> <a href=\"https:\/\/i0.wp.com\/blog.kunstgriff.net\/wp-content\/uploads\/2020\/03\/Kurze-Riegelpause-hinter-Kremmen.jpg?ssl=1\" border=\"0\" itemprop=\"url\"> <meta itemprop=\"width\" content=\"170\"> <meta itemprop=\"height\" content=\"114\"> <img decoding=\"async\" class=\"\" data-attachment-id=\"20860\" data-orig-file=\"https:\/\/blog.kunstgriff.net\/wp-content\/uploads\/2020\/03\/Kurze-Riegelpause-hinter-Kremmen.jpg\" data-orig-size=\"2560,1707\" data-comments-opened=\"1\" data-image-meta=\"{&quot;aperture&quot;:&quot;3.5&quot;,&quot;credit&quot;:&quot;&quot;,&quot;camera&quot;:&quot;TG-4&quot;,&quot;caption&quot;:&quot;OLYMPUS DIGITAL CAMERA&quot;,&quot;created_timestamp&quot;:&quot;1585399343&quot;,&quot;copyright&quot;:&quot;&quot;,&quot;focal_length&quot;:&quot;6.42&quot;,&quot;iso&quot;:&quot;100&quot;,&quot;shutter_speed&quot;:&quot;0.0025&quot;,&quot;title&quot;:&quot;OLYMPUS DIGITAL CAMERA&quot;,&quot;orientation&quot;:&quot;1&quot;}\" data-image-title=\"Kurze Riegelpause hinter Kremmen\" data-image-description=\"\" data-medium-file=\"https:\/\/i0.wp.com\/blog.kunstgriff.net\/wp-content\/uploads\/2020\/03\/Kurze-Riegelpause-hinter-Kremmen.jpg?fit=2560%2C1707&#038;ssl=1\" data-large-file=\"https:\/\/i0.wp.com\/blog.kunstgriff.net\/wp-content\/uploads\/2020\/03\/Kurze-Riegelpause-hinter-Kremmen.jpg?fit=2560%2C1707&#038;ssl=1\" src=\"https:\/\/i0.wp.com\/blog.kunstgriff.net\/wp-content\/uploads\/2020\/03\/Kurze-Riegelpause-hinter-Kremmen.jpg?w=170&#038;h=114&#038;ssl=1\" srcset=\"https:\/\/i0.wp.com\/blog.kunstgriff.net\/wp-content\/uploads\/2020\/03\/Kurze-Riegelpause-hinter-Kremmen.jpg?w=2560&amp;ssl=1 2560w, https:\/\/i0.wp.com\/blog.kunstgriff.net\/wp-content\/uploads\/2020\/03\/Kurze-Riegelpause-hinter-Kremmen.jpg?resize=768%2C512&amp;ssl=1 768w, https:\/\/i0.wp.com\/blog.kunstgriff.net\/wp-content\/uploads\/2020\/03\/Kurze-Riegelpause-hinter-Kremmen.jpg?resize=1536%2C1024&amp;ssl=1 1536w, https:\/\/i0.wp.com\/blog.kunstgriff.net\/wp-content\/uploads\/2020\/03\/Kurze-Riegelpause-hinter-Kremmen.jpg?resize=2048%2C1366&amp;ssl=1 2048w, https:\/\/i0.wp.com\/blog.kunstgriff.net\/wp-content\/uploads\/2020\/03\/Kurze-Riegelpause-hinter-Kremmen.jpg?w=1050&amp;ssl=1 1050w\" width=\"170\" height=\"114\" loading=\"lazy\" data-original-width=\"170\" data-original-height=\"114\" itemprop=\"http:\/\/schema.org\/image\" title=\"Kurze Riegelpause hinter Kremmen\" alt=\"Kurze Riegelpause hinter Kremmen\" style=\"width: 170px; height: 114px;\" \/> <\/a> <div class=\"tiled-gallery-caption\" itemprop=\"caption description\"> Kurze Riegelpause hinter Kremmen <\/div> <\/div> <div class=\"tiled-gallery-item tiled-gallery-item-small\" itemprop=\"associatedMedia\" itemscope itemtype=\"http:\/\/schema.org\/ImageObject\"> <a href=\"https:\/\/i0.wp.com\/blog.kunstgriff.net\/wp-content\/uploads\/2020\/03\/Neuer-Radweg-nach-Boernicke.jpg?ssl=1\" border=\"0\" itemprop=\"url\"> <meta itemprop=\"width\" content=\"170\"> <meta itemprop=\"height\" content=\"113\"> <img decoding=\"async\" class=\"\" data-attachment-id=\"20861\" data-orig-file=\"https:\/\/blog.kunstgriff.net\/wp-content\/uploads\/2020\/03\/Neuer-Radweg-nach-Boernicke.jpg\" data-orig-size=\"2560,1707\" data-comments-opened=\"1\" data-image-meta=\"{&quot;aperture&quot;:&quot;8&quot;,&quot;credit&quot;:&quot;&quot;,&quot;camera&quot;:&quot;TG-4&quot;,&quot;caption&quot;:&quot;OLYMPUS DIGITAL CAMERA&quot;,&quot;created_timestamp&quot;:&quot;1585400270&quot;,&quot;copyright&quot;:&quot;&quot;,&quot;focal_length&quot;:&quot;4.5&quot;,&quot;iso&quot;:&quot;100&quot;,&quot;shutter_speed&quot;:&quot;0.005&quot;,&quot;title&quot;:&quot;OLYMPUS DIGITAL CAMERA&quot;,&quot;orientation&quot;:&quot;1&quot;}\" data-image-title=\"Neuer Radweg nach Boernicke\" data-image-description=\"\" data-medium-file=\"https:\/\/i0.wp.com\/blog.kunstgriff.net\/wp-content\/uploads\/2020\/03\/Neuer-Radweg-nach-Boernicke.jpg?fit=2560%2C1707&#038;ssl=1\" data-large-file=\"https:\/\/i0.wp.com\/blog.kunstgriff.net\/wp-content\/uploads\/2020\/03\/Neuer-Radweg-nach-Boernicke.jpg?fit=2560%2C1707&#038;ssl=1\" src=\"https:\/\/i0.wp.com\/blog.kunstgriff.net\/wp-content\/uploads\/2020\/03\/Neuer-Radweg-nach-Boernicke.jpg?w=170&#038;h=113&#038;ssl=1\" srcset=\"https:\/\/i0.wp.com\/blog.kunstgriff.net\/wp-content\/uploads\/2020\/03\/Neuer-Radweg-nach-Boernicke.jpg?w=2560&amp;ssl=1 2560w, https:\/\/i0.wp.com\/blog.kunstgriff.net\/wp-content\/uploads\/2020\/03\/Neuer-Radweg-nach-Boernicke.jpg?resize=768%2C512&amp;ssl=1 768w, https:\/\/i0.wp.com\/blog.kunstgriff.net\/wp-content\/uploads\/2020\/03\/Neuer-Radweg-nach-Boernicke.jpg?resize=1536%2C1024&amp;ssl=1 1536w, https:\/\/i0.wp.com\/blog.kunstgriff.net\/wp-content\/uploads\/2020\/03\/Neuer-Radweg-nach-Boernicke.jpg?resize=2048%2C1366&amp;ssl=1 2048w, https:\/\/i0.wp.com\/blog.kunstgriff.net\/wp-content\/uploads\/2020\/03\/Neuer-Radweg-nach-Boernicke.jpg?w=1050&amp;ssl=1 1050w\" width=\"170\" height=\"113\" loading=\"lazy\" data-original-width=\"170\" data-original-height=\"113\" itemprop=\"http:\/\/schema.org\/image\" title=\"Neuer Radweg nach Boernicke\" alt=\"Neuer Radweg nach Boernicke\" style=\"width: 170px; height: 113px;\" \/> <\/a> <div class=\"tiled-gallery-caption\" itemprop=\"caption description\"> Neuer Radweg nach Boernicke <\/div> <\/div> <\/div> <!-- close group --> <\/div> <!-- close row --> <div class=\"gallery-row\" style=\"width: 525px; height: 176px;\" data-original-width=\"525\" data-original-height=\"176\" > <div class=\"gallery-group images-1\" style=\"width: 263px; height: 176px;\" data-original-width=\"263\" data-original-height=\"176\" > <div class=\"tiled-gallery-item tiled-gallery-item-large\" itemprop=\"associatedMedia\" itemscope itemtype=\"http:\/\/schema.org\/ImageObject\"> <a href=\"https:\/\/i0.wp.com\/blog.kunstgriff.net\/wp-content\/uploads\/2020\/03\/Sonne-und-Wind-um-die-Nase.jpg?ssl=1\" border=\"0\" itemprop=\"url\"> <meta itemprop=\"width\" content=\"259\"> <meta itemprop=\"height\" content=\"172\"> <img decoding=\"async\" class=\"\" data-attachment-id=\"20862\" data-orig-file=\"https:\/\/blog.kunstgriff.net\/wp-content\/uploads\/2020\/03\/Sonne-und-Wind-um-die-Nase.jpg\" data-orig-size=\"2560,1707\" data-comments-opened=\"1\" data-image-meta=\"{&quot;aperture&quot;:&quot;8&quot;,&quot;credit&quot;:&quot;&quot;,&quot;camera&quot;:&quot;TG-4&quot;,&quot;caption&quot;:&quot;OLYMPUS DIGITAL CAMERA&quot;,&quot;created_timestamp&quot;:&quot;1585400281&quot;,&quot;copyright&quot;:&quot;&quot;,&quot;focal_length&quot;:&quot;4.5&quot;,&quot;iso&quot;:&quot;100&quot;,&quot;shutter_speed&quot;:&quot;0.008&quot;,&quot;title&quot;:&quot;OLYMPUS DIGITAL CAMERA&quot;,&quot;orientation&quot;:&quot;1&quot;}\" data-image-title=\"Sonne und Wind um die Nase\" data-image-description=\"\" data-medium-file=\"https:\/\/i0.wp.com\/blog.kunstgriff.net\/wp-content\/uploads\/2020\/03\/Sonne-und-Wind-um-die-Nase.jpg?fit=2560%2C1707&#038;ssl=1\" data-large-file=\"https:\/\/i0.wp.com\/blog.kunstgriff.net\/wp-content\/uploads\/2020\/03\/Sonne-und-Wind-um-die-Nase.jpg?fit=2560%2C1707&#038;ssl=1\" src=\"https:\/\/i0.wp.com\/blog.kunstgriff.net\/wp-content\/uploads\/2020\/03\/Sonne-und-Wind-um-die-Nase.jpg?w=259&#038;h=172&#038;ssl=1\" srcset=\"https:\/\/i0.wp.com\/blog.kunstgriff.net\/wp-content\/uploads\/2020\/03\/Sonne-und-Wind-um-die-Nase.jpg?w=2560&amp;ssl=1 2560w, https:\/\/i0.wp.com\/blog.kunstgriff.net\/wp-content\/uploads\/2020\/03\/Sonne-und-Wind-um-die-Nase.jpg?resize=768%2C512&amp;ssl=1 768w, https:\/\/i0.wp.com\/blog.kunstgriff.net\/wp-content\/uploads\/2020\/03\/Sonne-und-Wind-um-die-Nase.jpg?resize=1536%2C1024&amp;ssl=1 1536w, https:\/\/i0.wp.com\/blog.kunstgriff.net\/wp-content\/uploads\/2020\/03\/Sonne-und-Wind-um-die-Nase.jpg?resize=2048%2C1366&amp;ssl=1 2048w, https:\/\/i0.wp.com\/blog.kunstgriff.net\/wp-content\/uploads\/2020\/03\/Sonne-und-Wind-um-die-Nase.jpg?w=1050&amp;ssl=1 1050w\" width=\"259\" height=\"172\" loading=\"lazy\" data-original-width=\"259\" data-original-height=\"172\" itemprop=\"http:\/\/schema.org\/image\" title=\"Sonne und Wind um die Nase\" alt=\"Sonne und Wind um die Nase\" style=\"width: 259px; height: 172px;\" \/> <\/a> <div class=\"tiled-gallery-caption\" itemprop=\"caption description\"> Sonne und Wind um die Nase <\/div> <\/div> <\/div> <!-- close group --> <div class=\"gallery-group images-1\" style=\"width: 262px; height: 176px;\" data-original-width=\"262\" data-original-height=\"176\" > <div class=\"tiled-gallery-item tiled-gallery-item-large\" itemprop=\"associatedMedia\" itemscope itemtype=\"http:\/\/schema.org\/ImageObject\"> <a href=\"https:\/\/i0.wp.com\/blog.kunstgriff.net\/wp-content\/uploads\/2020\/03\/Abflug-im-Kreisverkehr.jpg?ssl=1\" border=\"0\" itemprop=\"url\"> <meta itemprop=\"width\" content=\"258\"> <meta itemprop=\"height\" content=\"172\"> <img decoding=\"async\" class=\"\" data-attachment-id=\"20858\" data-orig-file=\"https:\/\/blog.kunstgriff.net\/wp-content\/uploads\/2020\/03\/Abflug-im-Kreisverkehr.jpg\" data-orig-size=\"2560,1707\" data-comments-opened=\"1\" data-image-meta=\"{&quot;aperture&quot;:&quot;8&quot;,&quot;credit&quot;:&quot;&quot;,&quot;camera&quot;:&quot;TG-4&quot;,&quot;caption&quot;:&quot;OLYMPUS DIGITAL CAMERA&quot;,&quot;created_timestamp&quot;:&quot;1585400458&quot;,&quot;copyright&quot;:&quot;&quot;,&quot;focal_length&quot;:&quot;4.5&quot;,&quot;iso&quot;:&quot;100&quot;,&quot;shutter_speed&quot;:&quot;0.005&quot;,&quot;title&quot;:&quot;OLYMPUS DIGITAL CAMERA&quot;,&quot;orientation&quot;:&quot;1&quot;}\" data-image-title=\"Abflug im Kreisverkehr\" data-image-description=\"\" data-medium-file=\"https:\/\/i0.wp.com\/blog.kunstgriff.net\/wp-content\/uploads\/2020\/03\/Abflug-im-Kreisverkehr.jpg?fit=2560%2C1707&#038;ssl=1\" data-large-file=\"https:\/\/i0.wp.com\/blog.kunstgriff.net\/wp-content\/uploads\/2020\/03\/Abflug-im-Kreisverkehr.jpg?fit=2560%2C1707&#038;ssl=1\" src=\"https:\/\/i0.wp.com\/blog.kunstgriff.net\/wp-content\/uploads\/2020\/03\/Abflug-im-Kreisverkehr.jpg?w=258&#038;h=172&#038;ssl=1\" srcset=\"https:\/\/i0.wp.com\/blog.kunstgriff.net\/wp-content\/uploads\/2020\/03\/Abflug-im-Kreisverkehr.jpg?w=2560&amp;ssl=1 2560w, https:\/\/i0.wp.com\/blog.kunstgriff.net\/wp-content\/uploads\/2020\/03\/Abflug-im-Kreisverkehr.jpg?resize=768%2C512&amp;ssl=1 768w, https:\/\/i0.wp.com\/blog.kunstgriff.net\/wp-content\/uploads\/2020\/03\/Abflug-im-Kreisverkehr.jpg?resize=1536%2C1024&amp;ssl=1 1536w, https:\/\/i0.wp.com\/blog.kunstgriff.net\/wp-content\/uploads\/2020\/03\/Abflug-im-Kreisverkehr.jpg?resize=2048%2C1366&amp;ssl=1 2048w, https:\/\/i0.wp.com\/blog.kunstgriff.net\/wp-content\/uploads\/2020\/03\/Abflug-im-Kreisverkehr.jpg?w=1050&amp;ssl=1 1050w\" width=\"258\" height=\"172\" loading=\"lazy\" data-original-width=\"258\" data-original-height=\"172\" itemprop=\"http:\/\/schema.org\/image\" title=\"Abflug im Kreisverkehr\" alt=\"Abflug im Kreisverkehr\" style=\"width: 258px; height: 172px;\" \/> <\/a> <div class=\"tiled-gallery-caption\" itemprop=\"caption description\"> Abflug im Kreisverkehr <\/div> <\/div> <\/div> <!-- close group --> <\/div> <!-- close row --> <\/div>\n<div style=\"width: 525px;\" class=\"wp-video\"><video class=\"wp-video-shortcode\" id=\"video-20863-1\" width=\"525\" height=\"295\" preload=\"metadata\" controls=\"controls\"><source type=\"video\/mp4\" src=\"https:\/\/blog.kunstgriff.net\/wp-content\/uploads\/2020\/03\/Relive-Nordrunde-\u00fcber-Kremmen.mp4?_=1\" \/><a href=\"https:\/\/blog.kunstgriff.net\/wp-content\/uploads\/2020\/03\/Relive-Nordrunde-\u00fcber-Kremmen.mp4\">https:\/\/blog.kunstgriff.net\/wp-content\/uploads\/2020\/03\/Relive-Nordrunde-\u00fcber-Kremmen.mp4<\/a><\/video><\/div>\n","protected":false},"excerpt":{"rendered":"<p>Erste Berlin-Ausfahrt 2020 Eigentlich m\u00fcsste ich mich sch\u00e4men, dass ich mich bis kurz vor Ostern mit meiner ersten Ausfahrt in Berlin geziert habe. Klar ich war schon ordentlich in Portugal unterwegs, aber der milde Winter h\u00e4tte mich eigentlich schon fr\u00fcher auf den Renner bewegen k\u00f6nnen. Wer ist schuld? Nat\u00fcrlich Zwift. Aber warum immer zur\u00fcck blicken, &hellip; <\/p>\n<p class=\"link-more\"><a href=\"https:\/\/blog.kunstgriff.net\/?p=20863\" class=\"more-link\"><span class=\"screen-reader-text\">\u201eKurze Nordrunde \u00fcber Kremmen #1\u201c <\/span>weiterlesen<\/a><\/p>\n","protected":false},"author":2,"featured_media":20860,"comment_status":"open","ping_status":"open","sticky":false,"template":"","format":"standard","meta":{"jetpack_post_was_ever_published":false,"_jetpack_newsletter_access":"","_jetpack_dont_email_post_to_subs":false,"_jetpack_newsletter_tier_id":0,"_jetpack_memberships_contains_paywalled_content":false,"_jetpack_memberships_contains_paid_content":false,"footnotes":""},"categories":[14],"tags":[],"class_list":["post-20863","post","type-post","status-publish","format-standard","has-post-thumbnail","hentry","category-radfahren"],"jetpack_featured_media_url":"https:\/\/i0.wp.com\/blog.kunstgriff.net\/wp-content\/uploads\/2020\/03\/Kurze-Riegelpause-hinter-Kremmen.jpg?fit=2560%2C1707&ssl=1","jetpack_shortlink":"https:\/\/wp.me\/p8Cxe7-5qv","jetpack-related-posts":[{"id":9106,"url":"https:\/\/blog.kunstgriff.net\/?p=9106","url_meta":{"origin":20863,"position":0},"title":"Kurze Nordrunde \u00fcber Kremmen","author":"Georg","date":"September 11, 2012","format":false,"excerpt":"oder \u00bbNo punch - no glory\u00abDer geneigte Leser k\u00f6nnte glatt denken: \u00bbJetzt f\u00e4hrt der schon wieder da lang!\u00ab. Das habe ich mir n\u00e4mlich auf den ersten Kilometer auch gedacht, aber der Reihe nach: Angefixt von der Wettervorhersage f\u00fcr die n\u00e4chsten Tage, dass der Sommer nun wirklich\u00a0morgen vorbei sei, wollte ich\u2026","rel":"","context":"In &quot;Radfahren&quot;","block_context":{"text":"Radfahren","link":"https:\/\/blog.kunstgriff.net\/?cat=14"},"img":{"alt_text":"","src":"https:\/\/i0.wp.com\/blog.kunstgriff.net\/wp-content\/uploads\/2012\/09\/Kurz-vor-dem-Mauerradweg-hinter-Sch%C3%B6nwalde.jpg?fit=1000%2C750&ssl=1&resize=350%2C200","width":350,"height":200,"srcset":"https:\/\/i0.wp.com\/blog.kunstgriff.net\/wp-content\/uploads\/2012\/09\/Kurz-vor-dem-Mauerradweg-hinter-Sch%C3%B6nwalde.jpg?fit=1000%2C750&ssl=1&resize=350%2C200 1x, https:\/\/i0.wp.com\/blog.kunstgriff.net\/wp-content\/uploads\/2012\/09\/Kurz-vor-dem-Mauerradweg-hinter-Sch%C3%B6nwalde.jpg?fit=1000%2C750&ssl=1&resize=525%2C300 1.5x, https:\/\/i0.wp.com\/blog.kunstgriff.net\/wp-content\/uploads\/2012\/09\/Kurz-vor-dem-Mauerradweg-hinter-Sch%C3%B6nwalde.jpg?fit=1000%2C750&ssl=1&resize=700%2C400 2x"},"classes":[]},{"id":7768,"url":"https:\/\/blog.kunstgriff.net\/?p=7768","url_meta":{"origin":20863,"position":1},"title":"Nordrunde \u00fcber Kremmen","author":"Georg","date":"April 22, 2012","format":false,"excerpt":"oder \u00bbHeute gleich zwei Premieren in 2012\u00abEigentlich war heute geplant mit einigen Radlern aus der Rennradgruppe den Oderbruch zu erkunden. Um 8:45 Uhr konnte ich mich aber nicht aufraffen, denn der Himmel war grau und ich war irgendwie unmotiviert, mich auf meinen geputzten und gewarteten Renner zu setzten. Aber auch\u2026","rel":"","context":"In &quot;Radfahren&quot;","block_context":{"text":"Radfahren","link":"https:\/\/blog.kunstgriff.net\/?cat=14"},"img":{"alt_text":"","src":"https:\/\/i0.wp.com\/blog.kunstgriff.net\/wp-content\/uploads\/2012\/04\/Fast-trockene-Wege-bei-Paaren-im-Glien.jpg?resize=350%2C200","width":350,"height":200,"srcset":"https:\/\/i0.wp.com\/blog.kunstgriff.net\/wp-content\/uploads\/2012\/04\/Fast-trockene-Wege-bei-Paaren-im-Glien.jpg?resize=350%2C200 1x, https:\/\/i0.wp.com\/blog.kunstgriff.net\/wp-content\/uploads\/2012\/04\/Fast-trockene-Wege-bei-Paaren-im-Glien.jpg?resize=525%2C300 1.5x"},"classes":[]},{"id":12746,"url":"https:\/\/blog.kunstgriff.net\/?p=12746","url_meta":{"origin":20863,"position":2},"title":"Gro\u00dfe B\u00e4cker-Runde nach Fehrbellin","author":"Georg","date":"August 2, 2015","format":false,"excerpt":"oder \u00bbFlott, lang & heiss\u00abNach der gestrigen, doch ein wenig frustrierenden Alleine-Fahrt, wollte ich heute auf jeden Fall mal wieder einen Group-Ride wagen. In Ermangelung toller Angebote, bot ich selber eine Runde an. Nur auf facebook ganz Exklusiv, keine Mailing-Liste, kein Forum. Und siehe da, es kamen genau die Richtigen!\u2026","rel":"","context":"In &quot;Cake-Ride&quot;","block_context":{"text":"Cake-Ride","link":"https:\/\/blog.kunstgriff.net\/?cat=34"},"img":{"alt_text":"","src":"https:\/\/i0.wp.com\/blog.kunstgriff.net\/wp-content\/uploads\/2015\/08\/Lets-roll.jpg?fit=1200%2C900&ssl=1&resize=350%2C200","width":350,"height":200,"srcset":"https:\/\/i0.wp.com\/blog.kunstgriff.net\/wp-content\/uploads\/2015\/08\/Lets-roll.jpg?fit=1200%2C900&ssl=1&resize=350%2C200 1x, https:\/\/i0.wp.com\/blog.kunstgriff.net\/wp-content\/uploads\/2015\/08\/Lets-roll.jpg?fit=1200%2C900&ssl=1&resize=525%2C300 1.5x, https:\/\/i0.wp.com\/blog.kunstgriff.net\/wp-content\/uploads\/2015\/08\/Lets-roll.jpg?fit=1200%2C900&ssl=1&resize=700%2C400 2x, https:\/\/i0.wp.com\/blog.kunstgriff.net\/wp-content\/uploads\/2015\/08\/Lets-roll.jpg?fit=1200%2C900&ssl=1&resize=1050%2C600 3x"},"classes":[]},{"id":3658,"url":"https:\/\/blog.kunstgriff.net\/?p=3658","url_meta":{"origin":20863,"position":3},"title":"Kurze Nordrunde \u00fcber Kremmen","author":"Georg","date":"Februar 20, 2011","format":false,"excerpt":"oder \"Training unter harten Bedingungen\"Eigentlich h\u00e4tte ich es ja besser wissen m\u00fcssen Minusgrade auf dem Thermometer sind keine Rennradausfahrtstemperaturen. Der Sonnenschein und die trockenen Strasse lie\u00dfen mich trotz minus 3\u00b0C doch in meine Rennradwintermontur schl\u00fcpfen und meine geliebte kurze Nordrunde \u00fcber Kremmen in Angriff nehmen. Es ging auf bekannten Wegen\u2026","rel":"","context":"In &quot;Radfahren&quot;","block_context":{"text":"Radfahren","link":"https:\/\/blog.kunstgriff.net\/?cat=14"},"img":{"alt_text":"","src":"","width":0,"height":0},"classes":[]},{"id":15406,"url":"https:\/\/blog.kunstgriff.net\/?p=15406","url_meta":{"origin":20863,"position":4},"title":"Gro\u00dfe B\u00e4cker Runde nach Fehrbellin","author":"Georg","date":"April 9, 2017","format":false,"excerpt":"\u00bbSch\u00f6ner Sport im Havelland\u00ab Heute waren ja fr\u00fchlingshafte Temperaturen prognostiziert und eine klassische lange B\u00e4ckerrunde ausgerufen, da fragte ich mich, wer denn da Paris-Roubax, Hertha gegen Augsburg oder gar ausschlafen wollte!? Flaschen f\u00fcllen und rauf aufs Rad war auch heute wieder das Motto und so traf ich nach knapp zehn\u2026","rel":"","context":"In &quot;Cake-Ride&quot;","block_context":{"text":"Cake-Ride","link":"https:\/\/blog.kunstgriff.net\/?cat=34"},"img":{"alt_text":"","src":"https:\/\/i0.wp.com\/blog.kunstgriff.net\/wp-content\/uploads\/2017\/04\/Treffpunkt-Rathaus-Falkensee.jpg?fit=1200%2C800&ssl=1&resize=350%2C200","width":350,"height":200,"srcset":"https:\/\/i0.wp.com\/blog.kunstgriff.net\/wp-content\/uploads\/2017\/04\/Treffpunkt-Rathaus-Falkensee.jpg?fit=1200%2C800&ssl=1&resize=350%2C200 1x, https:\/\/i0.wp.com\/blog.kunstgriff.net\/wp-content\/uploads\/2017\/04\/Treffpunkt-Rathaus-Falkensee.jpg?fit=1200%2C800&ssl=1&resize=525%2C300 1.5x, https:\/\/i0.wp.com\/blog.kunstgriff.net\/wp-content\/uploads\/2017\/04\/Treffpunkt-Rathaus-Falkensee.jpg?fit=1200%2C800&ssl=1&resize=700%2C400 2x, https:\/\/i0.wp.com\/blog.kunstgriff.net\/wp-content\/uploads\/2017\/04\/Treffpunkt-Rathaus-Falkensee.jpg?fit=1200%2C800&ssl=1&resize=1050%2C600 3x"},"classes":[]},{"id":5510,"url":"https:\/\/blog.kunstgriff.net\/?p=5510","url_meta":{"origin":20863,"position":5},"title":"Nordrunde \u00fcber Kremmen","author":"Georg","date":"August 6, 2011","format":false,"excerpt":"oder \u00bbNeue PBZ!?\u00abDie Sonne schien und von dem vorhergesagten Regen war auf dem Radar nichts zu sehen, also raus, auf den Renner und meine gro\u00dfe Nordrunde fahren. Sehr neugierig war ich, zu sehen, was geht. Ohne zu viel vorweg zu nehmen: Es ging Einiges. Der Wind half mir bis Germendorf\u2026","rel":"","context":"In &quot;Radfahren&quot;","block_context":{"text":"Radfahren","link":"https:\/\/blog.kunstgriff.net\/?cat=14"},"img":{"alt_text":"","src":"https:\/\/i0.wp.com\/blog.kunstgriff.net\/wp-content\/uploads\/2011\/08\/VP-Vorsprung.png?resize=350%2C200","width":350,"height":200},"classes":[]}],"jetpack_likes_enabled":true,"jetpack_sharing_enabled":true,"_links":{"self":[{"href":"https:\/\/blog.kunstgriff.net\/index.php?rest_route=\/wp\/v2\/posts\/20863","targetHints":{"allow":["GET"]}}],"collection":[{"href":"https:\/\/blog.kunstgriff.net\/index.php?rest_route=\/wp\/v2\/posts"}],"about":[{"href":"https:\/\/blog.kunstgriff.net\/index.php?rest_route=\/wp\/v2\/types\/post"}],"author":[{"embeddable":true,"href":"https:\/\/blog.kunstgriff.net\/index.php?rest_route=\/wp\/v2\/users\/2"}],"replies":[{"embeddable":true,"href":"https:\/\/blog.kunstgriff.net\/index.php?rest_route=%2Fwp%2Fv2%2Fcomments&post=20863"}],"version-history":[{"count":8,"href":"https:\/\/blog.kunstgriff.net\/index.php?rest_route=\/wp\/v2\/posts\/20863\/revisions"}],"predecessor-version":[{"id":20870,"href":"https:\/\/blog.kunstgriff.net\/index.php?rest_route=\/wp\/v2\/posts\/20863\/revisions\/20870"}],"wp:featuredmedia":[{"embeddable":true,"href":"https:\/\/blog.kunstgriff.net\/index.php?rest_route=\/wp\/v2\/media\/20860"}],"wp:attachment":[{"href":"https:\/\/blog.kunstgriff.net\/index.php?rest_route=%2Fwp%2Fv2%2Fmedia&parent=20863"}],"wp:term":[{"taxonomy":"category","embeddable":true,"href":"https:\/\/blog.kunstgriff.net\/index.php?rest_route=%2Fwp%2Fv2%2Fcategories&post=20863"},{"taxonomy":"post_tag","embeddable":true,"href":"https:\/\/blog.kunstgriff.net\/index.php?rest_route=%2Fwp%2Fv2%2Ftags&post=20863"}],"curies":[{"name":"wp","href":"https:\/\/api.w.org\/{rel}","templated":true}]}}