{"id":20962,"date":"2020-04-12T15:38:23","date_gmt":"2020-04-12T13:38:23","guid":{"rendered":"https:\/\/blog.kunstgriff.net\/?p=20962"},"modified":"2020-04-12T15:38:23","modified_gmt":"2020-04-12T13:38:23","slug":"blankensee-runde-1","status":"publish","type":"post","link":"https:\/\/blog.kunstgriff.net\/?p=20962","title":{"rendered":"Blankensee-Runde #1"},"content":{"rendered":"<span class=\"span-reading-time rt-reading-time\" style=\"display: block;\"><span class=\"rt-label rt-prefix\">Lesezeit: <\/span> <span class=\"rt-time\"> &lt; 1<\/span> <span class=\"rt-label rt-postfix\">Minute<\/span><\/span><h4>Ostersonntags-Dreier<\/h4>\n<hr \/>\n<p>Heute wurde versucht, halbwegs wieder zur Normalit\u00e4t zur\u00fcck zu kehren. Wir wollten uns auf eine minimalistische Gruppenausfahrt wagen. Nat\u00fcrlich immer mit entsprechendem Sicherheitsabstand. Nur nix verbotenes tun, in dieser angespannten Zeit.<\/p>\n<p>Marc traf ich quasi vor meiner Haust\u00fcr, Alex sammelten wir am ICC ein. Raus \u00fcber die Krone, die frisch gefegt schien und um kurz nach zehn noch wenig Freizeitsportler beherbergte. Fein. Es lief trotz leichten Windes ganz ok. Ich hielt mich viel hinten auf uns lie\u00df die beiden Jungen machen. Zu<del>r<\/del>m Kuchen<del>theke<\/del>wagen war es heute auch nicht sonderlich weit. Nichtmal 50 km mussten dorthin gestrampelt werden. Alles machbar. Trotz Sonnenscheins und bester Gesellschaft war meine Laune heute trotzdem nicht die Beste. Warum wusste ich auch nicht genau, vielleicht nervte mich meine desolate Fitness und ich \u00e4rgerte mich \u00fcber mich, dass ich mit den Beiden nicht so mitspringen konnte.<\/p>\n<p>Das eine St\u00fcck Kuchen, welches auf der Bordsteinkante verzehrt wurde, entsch\u00e4digte dann ein wenig und auf dem R\u00fcckweg gab es dann auch noch Schiebewind, der uns zur\u00fcck in die Hauptstadt blies.<\/p>\n<p>Auf das traditionelle Abschieds-Radler an der Heerstrassenbr\u00fccke musste der Marc heute leider verzichten, da er mit seiner Familie zum rum\u00e4nisch gestochenen Spargelessen verabredet war. Auch gut. F\u00fcr ihn.<\/p>\n<p>Ich genoss mit Alex noch das lecker kalte Radler, welches er spendierte! Doch ein klasse Ostersonntag auf dem Rad. Muss mich wohl erst wieder ein wenig <em>eingrooven<\/em>. Mal sehen, was noch so passiert\u2026<\/p>\n<p><iframe loading=\"lazy\" src=\"https:\/\/www.strava.com\/activities\/3289128600\/embed\/c5aaddc0084fc9162d5e88b44de95219f805f2c8\" width=\"590\" height=\"405\" frameborder=\"0\" scrolling=\"no\"><\/iframe><\/p>\n<div class=\"tiled-gallery type-rectangular tiled-gallery-unresized\" data-original-width=\"525\" data-carousel-extra='{&quot;blog_id&quot;:1,&quot;permalink&quot;:&quot;https:\\\/\\\/blog.kunstgriff.net\\\/?p=20962&quot;,&quot;likes_blog_id&quot;:127394879}' itemscope itemtype=\"http:\/\/schema.org\/ImageGallery\" > <div class=\"gallery-row\" style=\"width: 525px; height: 235px;\" data-original-width=\"525\" data-original-height=\"235\" > <div class=\"gallery-group images-1\" style=\"width: 351px; height: 235px;\" data-original-width=\"351\" data-original-height=\"235\" > <div class=\"tiled-gallery-item tiled-gallery-item-large\" itemprop=\"associatedMedia\" itemscope itemtype=\"http:\/\/schema.org\/ImageObject\"> <a href=\"https:\/\/i0.wp.com\/blog.kunstgriff.net\/wp-content\/uploads\/2020\/04\/mit-Abstand-nach-G%C3%BCterfelde.jpg?ssl=1\" border=\"0\" itemprop=\"url\"> <meta itemprop=\"width\" content=\"347\"> <meta itemprop=\"height\" content=\"231\"> <img decoding=\"async\" class=\"\" data-attachment-id=\"20960\" data-orig-file=\"https:\/\/blog.kunstgriff.net\/wp-content\/uploads\/2020\/04\/mit-Abstand-nach-G\u00fcterfelde.jpg\" data-orig-size=\"2560,1707\" data-comments-opened=\"1\" data-image-meta=\"{&quot;aperture&quot;:&quot;8&quot;,&quot;credit&quot;:&quot;&quot;,&quot;camera&quot;:&quot;TG-4&quot;,&quot;caption&quot;:&quot;OLYMPUS DIGITAL CAMERA&quot;,&quot;created_timestamp&quot;:&quot;1586685833&quot;,&quot;copyright&quot;:&quot;&quot;,&quot;focal_length&quot;:&quot;4.5&quot;,&quot;iso&quot;:&quot;100&quot;,&quot;shutter_speed&quot;:&quot;0.005&quot;,&quot;title&quot;:&quot;OLYMPUS DIGITAL CAMERA&quot;,&quot;orientation&quot;:&quot;1&quot;}\" data-image-title=\"mit Abstand nach G\u00fcterfelde\" data-image-description=\"\" data-medium-file=\"https:\/\/i0.wp.com\/blog.kunstgriff.net\/wp-content\/uploads\/2020\/04\/mit-Abstand-nach-G%C3%BCterfelde.jpg?fit=2560%2C1707&#038;ssl=1\" data-large-file=\"https:\/\/i0.wp.com\/blog.kunstgriff.net\/wp-content\/uploads\/2020\/04\/mit-Abstand-nach-G%C3%BCterfelde.jpg?fit=2560%2C1707&#038;ssl=1\" src=\"https:\/\/i0.wp.com\/blog.kunstgriff.net\/wp-content\/uploads\/2020\/04\/mit-Abstand-nach-G%C3%BCterfelde.jpg?w=347&#038;h=231&#038;ssl=1\" width=\"347\" height=\"231\" loading=\"lazy\" data-original-width=\"347\" data-original-height=\"231\" itemprop=\"http:\/\/schema.org\/image\" title=\"mit Abstand nach G\u00fcterfelde\" alt=\"mit Abstand nach G\u00fcterfelde\" style=\"width: 347px; height: 231px;\" \/> <\/a> <div class=\"tiled-gallery-caption\" itemprop=\"caption description\"> mit Abstand nach G\u00fcterfelde <\/div> <\/div> <\/div> <!-- close group --> <div class=\"gallery-group images-2\" style=\"width: 174px; height: 235px;\" data-original-width=\"174\" data-original-height=\"235\" > <div class=\"tiled-gallery-item tiled-gallery-item-small\" itemprop=\"associatedMedia\" itemscope itemtype=\"http:\/\/schema.org\/ImageObject\"> <a href=\"https:\/\/i0.wp.com\/blog.kunstgriff.net\/wp-content\/uploads\/2020\/04\/4-km-zum-Kuchen.jpg?ssl=1\" border=\"0\" itemprop=\"url\"> <meta itemprop=\"width\" content=\"170\"> <meta itemprop=\"height\" content=\"114\"> <img decoding=\"async\" class=\"\" data-attachment-id=\"20958\" data-orig-file=\"https:\/\/blog.kunstgriff.net\/wp-content\/uploads\/2020\/04\/4-km-zum-Kuchen.jpg\" data-orig-size=\"2560,1707\" data-comments-opened=\"1\" data-image-meta=\"{&quot;aperture&quot;:&quot;8&quot;,&quot;credit&quot;:&quot;&quot;,&quot;camera&quot;:&quot;TG-4&quot;,&quot;caption&quot;:&quot;OLYMPUS DIGITAL CAMERA&quot;,&quot;created_timestamp&quot;:&quot;1586688314&quot;,&quot;copyright&quot;:&quot;&quot;,&quot;focal_length&quot;:&quot;4.5&quot;,&quot;iso&quot;:&quot;100&quot;,&quot;shutter_speed&quot;:&quot;0.003125&quot;,&quot;title&quot;:&quot;OLYMPUS DIGITAL CAMERA&quot;,&quot;orientation&quot;:&quot;1&quot;}\" data-image-title=\"4 km zum Kuchen\" data-image-description=\"\" data-medium-file=\"https:\/\/i0.wp.com\/blog.kunstgriff.net\/wp-content\/uploads\/2020\/04\/4-km-zum-Kuchen.jpg?fit=2560%2C1707&#038;ssl=1\" data-large-file=\"https:\/\/i0.wp.com\/blog.kunstgriff.net\/wp-content\/uploads\/2020\/04\/4-km-zum-Kuchen.jpg?fit=2560%2C1707&#038;ssl=1\" src=\"https:\/\/i0.wp.com\/blog.kunstgriff.net\/wp-content\/uploads\/2020\/04\/4-km-zum-Kuchen.jpg?w=170&#038;h=114&#038;ssl=1\" srcset=\"https:\/\/i0.wp.com\/blog.kunstgriff.net\/wp-content\/uploads\/2020\/04\/4-km-zum-Kuchen.jpg?w=2560&amp;ssl=1 2560w, https:\/\/i0.wp.com\/blog.kunstgriff.net\/wp-content\/uploads\/2020\/04\/4-km-zum-Kuchen.jpg?resize=768%2C512&amp;ssl=1 768w, https:\/\/i0.wp.com\/blog.kunstgriff.net\/wp-content\/uploads\/2020\/04\/4-km-zum-Kuchen.jpg?resize=1536%2C1024&amp;ssl=1 1536w, https:\/\/i0.wp.com\/blog.kunstgriff.net\/wp-content\/uploads\/2020\/04\/4-km-zum-Kuchen.jpg?resize=2048%2C1366&amp;ssl=1 2048w, https:\/\/i0.wp.com\/blog.kunstgriff.net\/wp-content\/uploads\/2020\/04\/4-km-zum-Kuchen.jpg?w=1050&amp;ssl=1 1050w\" width=\"170\" height=\"114\" loading=\"lazy\" data-original-width=\"170\" data-original-height=\"114\" itemprop=\"http:\/\/schema.org\/image\" title=\"4 km zum Kuchen\" alt=\"4 km zum Kuchen\" style=\"width: 170px; height: 114px;\" \/> <\/a> <div class=\"tiled-gallery-caption\" itemprop=\"caption description\"> 4 km zum Kuchen <\/div> <\/div> <div class=\"tiled-gallery-item tiled-gallery-item-small\" itemprop=\"associatedMedia\" itemscope itemtype=\"http:\/\/schema.org\/ImageObject\"> <a href=\"https:\/\/i0.wp.com\/blog.kunstgriff.net\/wp-content\/uploads\/2020\/04\/Immer-ein-paar-Handbreit-zwischen-uns.jpg?ssl=1\" border=\"0\" itemprop=\"url\"> <meta itemprop=\"width\" content=\"170\"> <meta itemprop=\"height\" content=\"113\"> <img decoding=\"async\" class=\"\" data-attachment-id=\"20959\" data-orig-file=\"https:\/\/blog.kunstgriff.net\/wp-content\/uploads\/2020\/04\/Immer-ein-paar-Handbreit-zwischen-uns.jpg\" data-orig-size=\"2560,1707\" data-comments-opened=\"1\" data-image-meta=\"{&quot;aperture&quot;:&quot;2.8&quot;,&quot;credit&quot;:&quot;&quot;,&quot;camera&quot;:&quot;TG-4&quot;,&quot;caption&quot;:&quot;OLYMPUS DIGITAL CAMERA&quot;,&quot;created_timestamp&quot;:&quot;1586689708&quot;,&quot;copyright&quot;:&quot;&quot;,&quot;focal_length&quot;:&quot;4.5&quot;,&quot;iso&quot;:&quot;100&quot;,&quot;shutter_speed&quot;:&quot;0.002&quot;,&quot;title&quot;:&quot;OLYMPUS DIGITAL CAMERA&quot;,&quot;orientation&quot;:&quot;1&quot;}\" data-image-title=\"Immer ein paar Handbreit zwischen uns\" data-image-description=\"\" data-medium-file=\"https:\/\/i0.wp.com\/blog.kunstgriff.net\/wp-content\/uploads\/2020\/04\/Immer-ein-paar-Handbreit-zwischen-uns.jpg?fit=2560%2C1707&#038;ssl=1\" data-large-file=\"https:\/\/i0.wp.com\/blog.kunstgriff.net\/wp-content\/uploads\/2020\/04\/Immer-ein-paar-Handbreit-zwischen-uns.jpg?fit=2560%2C1707&#038;ssl=1\" src=\"https:\/\/i0.wp.com\/blog.kunstgriff.net\/wp-content\/uploads\/2020\/04\/Immer-ein-paar-Handbreit-zwischen-uns.jpg?w=170&#038;h=113&#038;ssl=1\" srcset=\"https:\/\/i0.wp.com\/blog.kunstgriff.net\/wp-content\/uploads\/2020\/04\/Immer-ein-paar-Handbreit-zwischen-uns.jpg?w=2560&amp;ssl=1 2560w, https:\/\/i0.wp.com\/blog.kunstgriff.net\/wp-content\/uploads\/2020\/04\/Immer-ein-paar-Handbreit-zwischen-uns.jpg?resize=768%2C512&amp;ssl=1 768w, https:\/\/i0.wp.com\/blog.kunstgriff.net\/wp-content\/uploads\/2020\/04\/Immer-ein-paar-Handbreit-zwischen-uns.jpg?resize=1536%2C1024&amp;ssl=1 1536w, https:\/\/i0.wp.com\/blog.kunstgriff.net\/wp-content\/uploads\/2020\/04\/Immer-ein-paar-Handbreit-zwischen-uns.jpg?resize=2048%2C1366&amp;ssl=1 2048w, https:\/\/i0.wp.com\/blog.kunstgriff.net\/wp-content\/uploads\/2020\/04\/Immer-ein-paar-Handbreit-zwischen-uns.jpg?w=1050&amp;ssl=1 1050w\" width=\"170\" height=\"113\" loading=\"lazy\" data-original-width=\"170\" data-original-height=\"113\" itemprop=\"http:\/\/schema.org\/image\" title=\"Immer ein paar Handbreit zwischen uns\" alt=\"Immer ein paar Handbreit zwischen uns\" style=\"width: 170px; height: 113px;\" \/> <\/a> <div class=\"tiled-gallery-caption\" itemprop=\"caption description\"> Immer ein paar Handbreit zwischen uns <\/div> <\/div> <\/div> <!-- close group --> <\/div> <!-- close row --> <div class=\"gallery-row\" style=\"width: 525px; height: 351px;\" data-original-width=\"525\" data-original-height=\"351\" > <div class=\"gallery-group images-1\" style=\"width: 525px; height: 351px;\" data-original-width=\"525\" data-original-height=\"351\" > <div class=\"tiled-gallery-item tiled-gallery-item-large\" itemprop=\"associatedMedia\" itemscope itemtype=\"http:\/\/schema.org\/ImageObject\"> <a href=\"https:\/\/i0.wp.com\/blog.kunstgriff.net\/wp-content\/uploads\/2020\/04\/Nu-habe-ich-sie-verloren.jpg?ssl=1\" border=\"0\" itemprop=\"url\"> <meta itemprop=\"width\" content=\"521\"> <meta itemprop=\"height\" content=\"347\"> <img decoding=\"async\" class=\"\" data-attachment-id=\"20961\" data-orig-file=\"https:\/\/blog.kunstgriff.net\/wp-content\/uploads\/2020\/04\/Nu-habe-ich-sie-verloren.jpg\" data-orig-size=\"2560,1706\" data-comments-opened=\"1\" data-image-meta=\"{&quot;aperture&quot;:&quot;8&quot;,&quot;credit&quot;:&quot;&quot;,&quot;camera&quot;:&quot;TG-4&quot;,&quot;caption&quot;:&quot;OLYMPUS DIGITAL CAMERA&quot;,&quot;created_timestamp&quot;:&quot;1586690238&quot;,&quot;copyright&quot;:&quot;&quot;,&quot;focal_length&quot;:&quot;4.5&quot;,&quot;iso&quot;:&quot;100&quot;,&quot;shutter_speed&quot;:&quot;0.005&quot;,&quot;title&quot;:&quot;OLYMPUS DIGITAL CAMERA&quot;,&quot;orientation&quot;:&quot;1&quot;}\" data-image-title=\"Nu habe ich sie verloren\" data-image-description=\"\" data-medium-file=\"https:\/\/i0.wp.com\/blog.kunstgriff.net\/wp-content\/uploads\/2020\/04\/Nu-habe-ich-sie-verloren.jpg?fit=2560%2C1706&#038;ssl=1\" data-large-file=\"https:\/\/i0.wp.com\/blog.kunstgriff.net\/wp-content\/uploads\/2020\/04\/Nu-habe-ich-sie-verloren.jpg?fit=2560%2C1706&#038;ssl=1\" src=\"https:\/\/i0.wp.com\/blog.kunstgriff.net\/wp-content\/uploads\/2020\/04\/Nu-habe-ich-sie-verloren.jpg?w=521&#038;h=347&#038;ssl=1\" srcset=\"https:\/\/i0.wp.com\/blog.kunstgriff.net\/wp-content\/uploads\/2020\/04\/Nu-habe-ich-sie-verloren.jpg?w=2560&amp;ssl=1 2560w, https:\/\/i0.wp.com\/blog.kunstgriff.net\/wp-content\/uploads\/2020\/04\/Nu-habe-ich-sie-verloren.jpg?resize=768%2C512&amp;ssl=1 768w, https:\/\/i0.wp.com\/blog.kunstgriff.net\/wp-content\/uploads\/2020\/04\/Nu-habe-ich-sie-verloren.jpg?resize=1536%2C1024&amp;ssl=1 1536w, https:\/\/i0.wp.com\/blog.kunstgriff.net\/wp-content\/uploads\/2020\/04\/Nu-habe-ich-sie-verloren.jpg?resize=2048%2C1365&amp;ssl=1 2048w, https:\/\/i0.wp.com\/blog.kunstgriff.net\/wp-content\/uploads\/2020\/04\/Nu-habe-ich-sie-verloren.jpg?w=1050&amp;ssl=1 1050w\" width=\"521\" height=\"347\" loading=\"lazy\" data-original-width=\"521\" data-original-height=\"347\" itemprop=\"http:\/\/schema.org\/image\" title=\"Nu habe ich sie verloren\" alt=\"Nu habe ich sie verloren\" style=\"width: 521px; height: 347px;\" \/> <\/a> <div class=\"tiled-gallery-caption\" itemprop=\"caption description\"> Nu habe ich sie verloren <\/div> <\/div> <\/div> <!-- close group --> <\/div> <!-- close row --> <\/div>\n","protected":false},"excerpt":{"rendered":"<p>Ostersonntags-Dreier Heute wurde versucht, halbwegs wieder zur Normalit\u00e4t zur\u00fcck zu kehren. Wir wollten uns auf eine minimalistische Gruppenausfahrt wagen. Nat\u00fcrlich immer mit entsprechendem Sicherheitsabstand. Nur nix verbotenes tun, in dieser angespannten Zeit. Marc traf ich quasi vor meiner Haust\u00fcr, Alex sammelten wir am ICC ein. Raus \u00fcber die Krone, die frisch gefegt schien und um &hellip; <\/p>\n<p class=\"link-more\"><a href=\"https:\/\/blog.kunstgriff.net\/?p=20962\" class=\"more-link\"><span class=\"screen-reader-text\">\u201eBlankensee-Runde #1\u201c <\/span>weiterlesen<\/a><\/p>\n","protected":false},"author":2,"featured_media":20961,"comment_status":"open","ping_status":"open","sticky":false,"template":"","format":"standard","meta":{"jetpack_post_was_ever_published":false,"_jetpack_newsletter_access":"","_jetpack_dont_email_post_to_subs":false,"_jetpack_newsletter_tier_id":0,"_jetpack_memberships_contains_paywalled_content":false,"_jetpack_memberships_contains_paid_content":false,"footnotes":""},"categories":[34,14,7],"tags":[],"class_list":["post-20962","post","type-post","status-publish","format-standard","has-post-thumbnail","hentry","category-cake-ride","category-radfahren","category-rennradfahren"],"jetpack_featured_media_url":"https:\/\/i0.wp.com\/blog.kunstgriff.net\/wp-content\/uploads\/2020\/04\/Nu-habe-ich-sie-verloren.jpg?fit=2560%2C1706&ssl=1","jetpack_shortlink":"https:\/\/wp.me\/p8Cxe7-5s6","jetpack-related-posts":[{"id":19161,"url":"https:\/\/blog.kunstgriff.net\/?p=19161","url_meta":{"origin":20962,"position":0},"title":"Mallorca Trainingscamp 2019 &#8211; Tag 5 &#8211; Esporles, Dei\u00e0 und Soll\u00e9r","author":"Georg","date":"April 6, 2019","format":false,"excerpt":"\u00fcber die Berge an die Westk\u00fcste Heute wurde es zum ersten Mal kompliziert mit der Tourenplanung. Einem Mitfahrer war die Strecke zu lang, dem Anderen zu kalt und dem Dritten zu viele Berge. Schlussendlich konnte wir uns trotzdem auf die Runde einigen. Als wir uns um 10 Uhr vor dem\u2026","rel":"","context":"In &quot;Cake-Ride&quot;","block_context":{"text":"Cake-Ride","link":"https:\/\/blog.kunstgriff.net\/?cat=34"},"img":{"alt_text":"","src":"https:\/\/i0.wp.com\/blog.kunstgriff.net\/wp-content\/uploads\/2019\/04\/Abfahrt-am-Hotel.jpg?fit=1200%2C800&ssl=1&resize=350%2C200","width":350,"height":200,"srcset":"https:\/\/i0.wp.com\/blog.kunstgriff.net\/wp-content\/uploads\/2019\/04\/Abfahrt-am-Hotel.jpg?fit=1200%2C800&ssl=1&resize=350%2C200 1x, https:\/\/i0.wp.com\/blog.kunstgriff.net\/wp-content\/uploads\/2019\/04\/Abfahrt-am-Hotel.jpg?fit=1200%2C800&ssl=1&resize=525%2C300 1.5x, https:\/\/i0.wp.com\/blog.kunstgriff.net\/wp-content\/uploads\/2019\/04\/Abfahrt-am-Hotel.jpg?fit=1200%2C800&ssl=1&resize=700%2C400 2x, https:\/\/i0.wp.com\/blog.kunstgriff.net\/wp-content\/uploads\/2019\/04\/Abfahrt-am-Hotel.jpg?fit=1200%2C800&ssl=1&resize=1050%2C600 3x"},"classes":[]},{"id":22139,"url":"https:\/\/blog.kunstgriff.net\/?p=22139","url_meta":{"origin":20962,"position":1},"title":"P\u00e4wesin-Runde #1","author":"Georg","date":"April 11, 2021","format":false,"excerpt":"Saisonauftakt zum Backwahn Bedingt durch Pandemie und komisches Wetter, hat meine pers\u00f6nliche Saison-Er\u00f6ffnung in 2021 bis nach Ostern gedauert. Eigentlich bin ich in den vergangenen 10 Jahren nie so sp\u00e4t eingestiegen. Da gab es auch kein Zwift und kein COVID. Besser sp\u00e4t als nie\u2026also heute raus auf den realen Asphalt!\u2026","rel":"","context":"In &quot;Cake-Ride&quot;","block_context":{"text":"Cake-Ride","link":"https:\/\/blog.kunstgriff.net\/?cat=34"},"img":{"alt_text":"Kuchen-Happy","src":"https:\/\/i0.wp.com\/blog.kunstgriff.net\/wp-content\/uploads\/2021\/04\/Kuchen-Happy.jpg?fit=1200%2C900&ssl=1&resize=350%2C200","width":350,"height":200,"srcset":"https:\/\/i0.wp.com\/blog.kunstgriff.net\/wp-content\/uploads\/2021\/04\/Kuchen-Happy.jpg?fit=1200%2C900&ssl=1&resize=350%2C200 1x, https:\/\/i0.wp.com\/blog.kunstgriff.net\/wp-content\/uploads\/2021\/04\/Kuchen-Happy.jpg?fit=1200%2C900&ssl=1&resize=525%2C300 1.5x, https:\/\/i0.wp.com\/blog.kunstgriff.net\/wp-content\/uploads\/2021\/04\/Kuchen-Happy.jpg?fit=1200%2C900&ssl=1&resize=700%2C400 2x, https:\/\/i0.wp.com\/blog.kunstgriff.net\/wp-content\/uploads\/2021\/04\/Kuchen-Happy.jpg?fit=1200%2C900&ssl=1&resize=1050%2C600 3x"},"classes":[]},{"id":21164,"url":"https:\/\/blog.kunstgriff.net\/?p=21164","url_meta":{"origin":20962,"position":2},"title":"An die Trebbiner-Kuchentheke #2","author":"Georg","date":"Mai 17, 2020","format":false,"excerpt":"alternativlos Brandenburg Gerne w\u00fcrde ich mal wieder hier im Blog den Kategorieknopf \u00bbRadreise\u00ab oder gar \u00bbbesonderes Ereignis\u00ab klicken. Aber is nicht. Trotz Urlaubs, Sonnenscheins und guter Laune. Planbar ist so etwas aktuell nicht. Eigentlich wollte ich mit meinem Cousin Alpenp\u00e4sse motorisiert unsicher machen. Alles f\u00fcr die Katz. Was bleibt da?\u2026","rel":"","context":"In &quot;Cake-Ride&quot;","block_context":{"text":"Cake-Ride","link":"https:\/\/blog.kunstgriff.net\/?cat=34"},"img":{"alt_text":"Brandenburg bl\u00fcht","src":"https:\/\/i0.wp.com\/blog.kunstgriff.net\/wp-content\/uploads\/2020\/05\/Brandenburg-bl%C3%BCht.jpg?fit=1200%2C800&ssl=1&resize=350%2C200","width":350,"height":200,"srcset":"https:\/\/i0.wp.com\/blog.kunstgriff.net\/wp-content\/uploads\/2020\/05\/Brandenburg-bl%C3%BCht.jpg?fit=1200%2C800&ssl=1&resize=350%2C200 1x, https:\/\/i0.wp.com\/blog.kunstgriff.net\/wp-content\/uploads\/2020\/05\/Brandenburg-bl%C3%BCht.jpg?fit=1200%2C800&ssl=1&resize=525%2C300 1.5x, https:\/\/i0.wp.com\/blog.kunstgriff.net\/wp-content\/uploads\/2020\/05\/Brandenburg-bl%C3%BCht.jpg?fit=1200%2C800&ssl=1&resize=700%2C400 2x, https:\/\/i0.wp.com\/blog.kunstgriff.net\/wp-content\/uploads\/2020\/05\/Brandenburg-bl%C3%BCht.jpg?fit=1200%2C800&ssl=1&resize=1050%2C600 3x"},"classes":[]},{"id":2432,"url":"https:\/\/blog.kunstgriff.net\/?p=2432","url_meta":{"origin":20962,"position":3},"title":"Mal wieder: Kurze Nordrunde \u00fcber Kremmen","author":"Georg","date":"September 20, 2010","format":false,"excerpt":"oder \"Regenradar sagt nicht fahren - ich sage fahren!\"Vielleicht war ich bedingt durch die leckere K\u00fcrbissuppe und den hausgemachten Apfelkuchen, welche meine Mutter uns heute in die Firma brachte so voller Energie, das ich heute trotz nicht gerade herrlichen Wetteraussichten eine Feierabendrunde drehen wollte musste. Die Temperaturen waren auch h\u00f6her\u2026","rel":"","context":"In &quot;Radfahren&quot;","block_context":{"text":"Radfahren","link":"https:\/\/blog.kunstgriff.net\/?cat=14"},"img":{"alt_text":"","src":"https:\/\/i0.wp.com\/blog.kunstgriff.net\/wp-content\/uploads\/2010\/09\/Nordrunde.png?resize=350%2C200","width":350,"height":200},"classes":[]},{"id":8519,"url":"https:\/\/blog.kunstgriff.net\/?p=8519","url_meta":{"origin":20962,"position":4},"title":"Harz-Tour 2012 &#8211; Tag 2","author":"Georg","date":"Juli 14, 2012","format":false,"excerpt":"oder \u00bbHeute mal mein echter Rennrad-Blues\u00abDie ganze Nacht prasselte der Regen auf unsere Fensterbank und auch beim Br\u00f6tchen holen nach dem Aufstehen wurden wir ordentlich eingeregnet. Suboptimale Bedingungen f\u00fcr einen sch\u00f6nen Tag auf unseren Rennern. Uns blieb nicht anderes \u00fcbrig, als ausgiebig zu Fr\u00fchst\u00fccken und auf Regenl\u00f6cher bzw. ein abziehendes\u2026","rel":"","context":"In &quot;Radfahren&quot;","block_context":{"text":"Radfahren","link":"https:\/\/blog.kunstgriff.net\/?cat=14"},"img":{"alt_text":"","src":"https:\/\/i0.wp.com\/blog.kunstgriff.net\/wp-content\/uploads\/2012\/07\/Noch-scheint-die-Sonne-150x150.jpg?resize=350%2C200","width":350,"height":200},"classes":[]},{"id":974,"url":"https:\/\/blog.kunstgriff.net\/?p=974","url_meta":{"origin":20962,"position":5},"title":"Trainingslager Mallorca 4. Tag","author":"Georg","date":"M\u00e4rz 9, 2010","format":false,"excerpt":"Gestern, am Montag, war ja Ruhetag, welchen wir zu F\u00fcnft f\u00fcr eine Fahrt mit einem Mietwagen nach Palma de Mallorca und Anthrax nutzten. Wir hatten Gl\u00fcck mit dem Wetter und wurden, obwohl es recht k\u00fchl war, nicht nass. Heute stand wieder Rennradtraining auf dem Programm. Die geplante Route sollte uns,\u2026","rel":"","context":"In &quot;Radfahren&quot;","block_context":{"text":"Radfahren","link":"https:\/\/blog.kunstgriff.net\/?cat=14"},"img":{"alt_text":"","src":"","width":0,"height":0},"classes":[]}],"jetpack_likes_enabled":true,"jetpack_sharing_enabled":true,"_links":{"self":[{"href":"https:\/\/blog.kunstgriff.net\/index.php?rest_route=\/wp\/v2\/posts\/20962","targetHints":{"allow":["GET"]}}],"collection":[{"href":"https:\/\/blog.kunstgriff.net\/index.php?rest_route=\/wp\/v2\/posts"}],"about":[{"href":"https:\/\/blog.kunstgriff.net\/index.php?rest_route=\/wp\/v2\/types\/post"}],"author":[{"embeddable":true,"href":"https:\/\/blog.kunstgriff.net\/index.php?rest_route=\/wp\/v2\/users\/2"}],"replies":[{"embeddable":true,"href":"https:\/\/blog.kunstgriff.net\/index.php?rest_route=%2Fwp%2Fv2%2Fcomments&post=20962"}],"version-history":[{"count":5,"href":"https:\/\/blog.kunstgriff.net\/index.php?rest_route=\/wp\/v2\/posts\/20962\/revisions"}],"predecessor-version":[{"id":20969,"href":"https:\/\/blog.kunstgriff.net\/index.php?rest_route=\/wp\/v2\/posts\/20962\/revisions\/20969"}],"wp:featuredmedia":[{"embeddable":true,"href":"https:\/\/blog.kunstgriff.net\/index.php?rest_route=\/wp\/v2\/media\/20961"}],"wp:attachment":[{"href":"https:\/\/blog.kunstgriff.net\/index.php?rest_route=%2Fwp%2Fv2%2Fmedia&parent=20962"}],"wp:term":[{"taxonomy":"category","embeddable":true,"href":"https:\/\/blog.kunstgriff.net\/index.php?rest_route=%2Fwp%2Fv2%2Fcategories&post=20962"},{"taxonomy":"post_tag","embeddable":true,"href":"https:\/\/blog.kunstgriff.net\/index.php?rest_route=%2Fwp%2Fv2%2Ftags&post=20962"}],"curies":[{"name":"wp","href":"https:\/\/api.w.org\/{rel}","templated":true}]}}