{"id":21068,"date":"2020-04-26T16:07:43","date_gmt":"2020-04-26T14:07:43","guid":{"rendered":"https:\/\/blog.kunstgriff.net\/?p=21068"},"modified":"2020-04-26T16:07:43","modified_gmt":"2020-04-26T14:07:43","slug":"zur-trebbiner-kuchentheke","status":"publish","type":"post","link":"https:\/\/blog.kunstgriff.net\/?p=21068","title":{"rendered":"Zur Trebbiner-Kuchentheke"},"content":{"rendered":"<span class=\"span-reading-time rt-reading-time\" style=\"display: block;\"><span class=\"rt-label rt-prefix\">Lesezeit: <\/span> <span class=\"rt-time\"> 2<\/span> <span class=\"rt-label rt-postfix\">Minuten<\/span><\/span><h4>Ohne Backwahn und Wind<\/h4>\n<hr \/>\n<p>Gestern gab es nur Indoor-Sporteln auf die Beine und da wollte ich doch das herrliche Fr\u00fchlingswetter nutzen, um mal wieder drau\u00dfen zu fahren.<\/p>\n<p>Stefan und Marc planten in den S\u00fcden zu radeln und ich durfte mit. Also traditionell um 10 Uhr am Tunnel getroffen. Ganz schon was los hier. Auch die Krone war von Freizeit-AktivistInnen und Sportlern recht \u00fcberf\u00fcllt. Man merkt den Sonnenschein und da\u00df der <em>Lock-Down<\/em> sich wohl bald dem Ende n\u00e4hert. Aber nichts genaues wei\u00df man nicht, au\u00dfer dass wir auf dem k\u00fcrzesten Weg nach Trebbin wollten, um uns dort an der Kuchentheke zu bedienen.<\/p>\n<p>Der Stadtrand war schnell erreicht und von vorne h\u00f6rte ich des \u00f6fteren, da\u00df es doch recht windig sei. Am Geschwindigkeitsmesser konnte ich dies nicht feststellen, denn wir waren meist im oberen 30er Bereich unterwegs. Frank L. wurde kassiert und er fragte h\u00f6flich ob er sich ein wenig hinten reinh\u00e4ngen d\u00fcrfe, ohne F\u00fchrung zu fahren. Genehmigt.<\/p>\n<p>In Fresdorf gabs dann den ersten Boxenstop in der Sonne, umgeben von herrlich gelb bl\u00fchenden Rapsfeldern. Brandenburg, Du kannst auch sch\u00f6n! Manchmal\u2026<\/p>\n<p>Blankensee wurde heute nur eines kurzen Blickes auf den Imbisswagen gew\u00fcrdigt. Einkehren wollten wir dort heute nicht. Die Kuchenkreationen \u00fcberzeugten uns bei unserem letzten Besuch nicht wirklich und so ging es noch etwa 6 km weiter nach Trebbin. Immer sch\u00f6n mit Wind im Gesicht, den Stefan und Marc dankenswerterweise von mir fern hielten. So gelang es mir dann auch ohne viel M\u00fche, aus diesem sicheren Versteck, da\u00df Ortsschild &#8222;Trebbin&#8220; f\u00fcr mich zu holen. Gro\u00dfer Sport.<\/p>\n<p>Als wir gerade unsere Kuchenpappen geleert hatten, tauchten noch Bernd, Jonas und ein weiterer Freizeitsportler auf. Mit entsprechendem Sicherheitsabstand wurde in der Sonne gekl\u00f6nt. Fr\u00fcher&#x2122; w\u00e4re man gemeinsam weiter gefahren. Heutzutage ist Gruppenfahren nicht mehr <em>en vogue<\/em>. So fuhren zwei Dreiergr\u00fcppchen in unterschiedliche Himmelsrichtungen davon.<\/p>\n<p>Der Heimweg war dann hinter den beiden Wind-Mauern relativ unbeschwert obwohl der <a href=\"https:\/\/blog.kunstgriff.net\/?page_id=15669\" target=\"_blank\" rel=\"noopener noreferrer\">Fresspuls<\/a> auf einigen Kilometern wieder zuschlug und mir ganz sch\u00f6n mulmig war. Puls war aber im aeroben Bereich, also keine wirkliche Gefahr.<\/p>\n<p>In Stahnsdorf w\u00e4hlten wir dann einen neuen Heimweg, da uns die Krone und der Willy um diese Uhrzeit einfach zu voll waren.<\/p>\n<p>Erst Clayallee, dann Onkel-Tom und dann Hagenplatz. Ein verkehrsarmer R\u00fcckweg durch die Stadt! An der Heerstrassenbr\u00fccke gab es dann noch ein Kaltgetr\u00e4nk, bevor wir uns f\u00fcr heute Abend zum Essen verabredeten.<\/p>\n<p>Herrliche Sonntagsausfahrt mit klasse Kettenbr\u00fcdern! Danke f\u00fcrs Mitnehmen!<\/p>\n<p><iframe height='405' width='590' frameborder='0' allowtransparency='true' scrolling='no' src='https:\/\/www.strava.com\/activities\/3356457591\/embed\/0aa78245414624699ea8a5388479fadb5c636ee9'><\/iframe><\/p>\n<div class=\"tiled-gallery type-rectangular tiled-gallery-unresized\" data-original-width=\"525\" data-carousel-extra='{&quot;blog_id&quot;:1,&quot;permalink&quot;:&quot;https:\\\/\\\/blog.kunstgriff.net\\\/?p=21068&quot;,&quot;likes_blog_id&quot;:127394879}' itemscope itemtype=\"http:\/\/schema.org\/ImageGallery\" > <div class=\"gallery-row\" style=\"width: 525px; height: 235px;\" data-original-width=\"525\" data-original-height=\"235\" > <div class=\"gallery-group images-1\" style=\"width: 351px; height: 235px;\" data-original-width=\"351\" data-original-height=\"235\" > <div class=\"tiled-gallery-item tiled-gallery-item-large\" itemprop=\"associatedMedia\" itemscope itemtype=\"http:\/\/schema.org\/ImageObject\"> <a href=\"https:\/\/i0.wp.com\/blog.kunstgriff.net\/wp-content\/uploads\/2020\/04\/Zwei-Sportler-am-Tunnel.jpg?ssl=1\" border=\"0\" itemprop=\"url\"> <meta itemprop=\"width\" content=\"347\"> <meta itemprop=\"height\" content=\"231\"> <img decoding=\"async\" class=\"\" data-attachment-id=\"21067\" data-orig-file=\"https:\/\/blog.kunstgriff.net\/wp-content\/uploads\/2020\/04\/Zwei-Sportler-am-Tunnel.jpg\" data-orig-size=\"2560,1707\" data-comments-opened=\"1\" data-image-meta=\"{&quot;aperture&quot;:&quot;2.8&quot;,&quot;credit&quot;:&quot;&quot;,&quot;camera&quot;:&quot;TG-4&quot;,&quot;caption&quot;:&quot;OLYMPUS DIGITAL CAMERA&quot;,&quot;created_timestamp&quot;:&quot;1587895402&quot;,&quot;copyright&quot;:&quot;&quot;,&quot;focal_length&quot;:&quot;4.5&quot;,&quot;iso&quot;:&quot;100&quot;,&quot;shutter_speed&quot;:&quot;0.0015625&quot;,&quot;title&quot;:&quot;OLYMPUS DIGITAL CAMERA&quot;,&quot;orientation&quot;:&quot;1&quot;}\" data-image-title=\"Zwei Sportler am Tunnel\" data-image-description=\"\" data-medium-file=\"https:\/\/i0.wp.com\/blog.kunstgriff.net\/wp-content\/uploads\/2020\/04\/Zwei-Sportler-am-Tunnel.jpg?fit=2560%2C1707&#038;ssl=1\" data-large-file=\"https:\/\/i0.wp.com\/blog.kunstgriff.net\/wp-content\/uploads\/2020\/04\/Zwei-Sportler-am-Tunnel.jpg?fit=2560%2C1707&#038;ssl=1\" src=\"https:\/\/i0.wp.com\/blog.kunstgriff.net\/wp-content\/uploads\/2020\/04\/Zwei-Sportler-am-Tunnel.jpg?w=347&#038;h=231&#038;ssl=1\" srcset=\"https:\/\/i0.wp.com\/blog.kunstgriff.net\/wp-content\/uploads\/2020\/04\/Zwei-Sportler-am-Tunnel.jpg?w=2560&amp;ssl=1 2560w, https:\/\/i0.wp.com\/blog.kunstgriff.net\/wp-content\/uploads\/2020\/04\/Zwei-Sportler-am-Tunnel.jpg?resize=768%2C512&amp;ssl=1 768w, https:\/\/i0.wp.com\/blog.kunstgriff.net\/wp-content\/uploads\/2020\/04\/Zwei-Sportler-am-Tunnel.jpg?resize=1536%2C1024&amp;ssl=1 1536w, https:\/\/i0.wp.com\/blog.kunstgriff.net\/wp-content\/uploads\/2020\/04\/Zwei-Sportler-am-Tunnel.jpg?resize=2048%2C1366&amp;ssl=1 2048w, https:\/\/i0.wp.com\/blog.kunstgriff.net\/wp-content\/uploads\/2020\/04\/Zwei-Sportler-am-Tunnel.jpg?w=1050&amp;ssl=1 1050w\" width=\"347\" height=\"231\" loading=\"lazy\" data-original-width=\"347\" data-original-height=\"231\" itemprop=\"http:\/\/schema.org\/image\" title=\"Zwei Sportler am Tunnel\" alt=\"Zwei Sportler am Tunnel\" style=\"width: 347px; height: 231px;\" \/> <\/a> <div class=\"tiled-gallery-caption\" itemprop=\"caption description\"> Zwei Sportler am Tunnel <\/div> <\/div> <\/div> <!-- close group --> <div class=\"gallery-group images-2\" style=\"width: 174px; height: 235px;\" data-original-width=\"174\" data-original-height=\"235\" > <div class=\"tiled-gallery-item tiled-gallery-item-small\" itemprop=\"associatedMedia\" itemscope itemtype=\"http:\/\/schema.org\/ImageObject\"> <a href=\"https:\/\/i0.wp.com\/blog.kunstgriff.net\/wp-content\/uploads\/2020\/04\/Feinster-Radweg-vor-St%C3%BCcken.jpg?ssl=1\" border=\"0\" itemprop=\"url\"> <meta itemprop=\"width\" content=\"170\"> <meta itemprop=\"height\" content=\"114\"> <img decoding=\"async\" class=\"\" data-attachment-id=\"21063\" data-orig-file=\"https:\/\/blog.kunstgriff.net\/wp-content\/uploads\/2020\/04\/Feinster-Radweg-vor-St\u00fccken.jpg\" data-orig-size=\"2560,1707\" data-comments-opened=\"1\" data-image-meta=\"{&quot;aperture&quot;:&quot;8&quot;,&quot;credit&quot;:&quot;&quot;,&quot;camera&quot;:&quot;TG-4&quot;,&quot;caption&quot;:&quot;OLYMPUS DIGITAL CAMERA&quot;,&quot;created_timestamp&quot;:&quot;1587900215&quot;,&quot;copyright&quot;:&quot;&quot;,&quot;focal_length&quot;:&quot;4.5&quot;,&quot;iso&quot;:&quot;100&quot;,&quot;shutter_speed&quot;:&quot;0.008&quot;,&quot;title&quot;:&quot;OLYMPUS DIGITAL CAMERA&quot;,&quot;orientation&quot;:&quot;1&quot;}\" data-image-title=\"Feinster Radweg vor St\u00fccken\" data-image-description=\"\" data-medium-file=\"https:\/\/i0.wp.com\/blog.kunstgriff.net\/wp-content\/uploads\/2020\/04\/Feinster-Radweg-vor-St%C3%BCcken.jpg?fit=2560%2C1707&#038;ssl=1\" data-large-file=\"https:\/\/i0.wp.com\/blog.kunstgriff.net\/wp-content\/uploads\/2020\/04\/Feinster-Radweg-vor-St%C3%BCcken.jpg?fit=2560%2C1707&#038;ssl=1\" src=\"https:\/\/i0.wp.com\/blog.kunstgriff.net\/wp-content\/uploads\/2020\/04\/Feinster-Radweg-vor-St%C3%BCcken.jpg?w=170&#038;h=114&#038;ssl=1\" width=\"170\" height=\"114\" loading=\"lazy\" data-original-width=\"170\" data-original-height=\"114\" itemprop=\"http:\/\/schema.org\/image\" title=\"Feinster Radweg vor St\u00fccken\" alt=\"Feinster Radweg vor St\u00fccken\" style=\"width: 170px; height: 114px;\" \/> <\/a> <div class=\"tiled-gallery-caption\" itemprop=\"caption description\"> Feinster Radweg vor St\u00fccken <\/div> <\/div> <div class=\"tiled-gallery-item tiled-gallery-item-small\" itemprop=\"associatedMedia\" itemscope itemtype=\"http:\/\/schema.org\/ImageObject\"> <a href=\"https:\/\/i0.wp.com\/blog.kunstgriff.net\/wp-content\/uploads\/2020\/04\/Ordentiche-Kuchenauswahl-beim-Konrad-in-Trebbin.jpg?ssl=1\" border=\"0\" itemprop=\"url\"> <meta itemprop=\"width\" content=\"170\"> <meta itemprop=\"height\" content=\"113\"> <img decoding=\"async\" class=\"\" data-attachment-id=\"21066\" data-orig-file=\"https:\/\/blog.kunstgriff.net\/wp-content\/uploads\/2020\/04\/Ordentiche-Kuchenauswahl-beim-Konrad-in-Trebbin.jpg\" data-orig-size=\"2560,1707\" data-comments-opened=\"1\" data-image-meta=\"{&quot;aperture&quot;:&quot;2.8&quot;,&quot;credit&quot;:&quot;&quot;,&quot;camera&quot;:&quot;TG-4&quot;,&quot;caption&quot;:&quot;OLYMPUS DIGITAL CAMERA&quot;,&quot;created_timestamp&quot;:&quot;1587901652&quot;,&quot;copyright&quot;:&quot;&quot;,&quot;focal_length&quot;:&quot;4.5&quot;,&quot;iso&quot;:&quot;100&quot;,&quot;shutter_speed&quot;:&quot;0.00625&quot;,&quot;title&quot;:&quot;OLYMPUS DIGITAL CAMERA&quot;,&quot;orientation&quot;:&quot;1&quot;}\" data-image-title=\"Ordentiche Kuchenauswahl beim Konrad in Trebbin\" data-image-description=\"\" data-medium-file=\"https:\/\/i0.wp.com\/blog.kunstgriff.net\/wp-content\/uploads\/2020\/04\/Ordentiche-Kuchenauswahl-beim-Konrad-in-Trebbin.jpg?fit=2560%2C1707&#038;ssl=1\" data-large-file=\"https:\/\/i0.wp.com\/blog.kunstgriff.net\/wp-content\/uploads\/2020\/04\/Ordentiche-Kuchenauswahl-beim-Konrad-in-Trebbin.jpg?fit=2560%2C1707&#038;ssl=1\" src=\"https:\/\/i0.wp.com\/blog.kunstgriff.net\/wp-content\/uploads\/2020\/04\/Ordentiche-Kuchenauswahl-beim-Konrad-in-Trebbin.jpg?w=170&#038;h=113&#038;ssl=1\" srcset=\"https:\/\/i0.wp.com\/blog.kunstgriff.net\/wp-content\/uploads\/2020\/04\/Ordentiche-Kuchenauswahl-beim-Konrad-in-Trebbin.jpg?w=2560&amp;ssl=1 2560w, https:\/\/i0.wp.com\/blog.kunstgriff.net\/wp-content\/uploads\/2020\/04\/Ordentiche-Kuchenauswahl-beim-Konrad-in-Trebbin.jpg?resize=768%2C512&amp;ssl=1 768w, https:\/\/i0.wp.com\/blog.kunstgriff.net\/wp-content\/uploads\/2020\/04\/Ordentiche-Kuchenauswahl-beim-Konrad-in-Trebbin.jpg?resize=1536%2C1024&amp;ssl=1 1536w, https:\/\/i0.wp.com\/blog.kunstgriff.net\/wp-content\/uploads\/2020\/04\/Ordentiche-Kuchenauswahl-beim-Konrad-in-Trebbin.jpg?resize=2048%2C1366&amp;ssl=1 2048w, https:\/\/i0.wp.com\/blog.kunstgriff.net\/wp-content\/uploads\/2020\/04\/Ordentiche-Kuchenauswahl-beim-Konrad-in-Trebbin.jpg?w=1050&amp;ssl=1 1050w\" width=\"170\" height=\"113\" loading=\"lazy\" data-original-width=\"170\" data-original-height=\"113\" itemprop=\"http:\/\/schema.org\/image\" title=\"Ordentiche Kuchenauswahl beim Konrad in Trebbin\" alt=\"Ordentiche Kuchenauswahl beim Konrad in Trebbin\" style=\"width: 170px; height: 113px;\" \/> <\/a> <div class=\"tiled-gallery-caption\" itemprop=\"caption description\"> Ordentiche Kuchenauswahl beim Konrad in Trebbin <\/div> <\/div> <\/div> <!-- close group --> <\/div> <!-- close row --> <div class=\"gallery-row\" style=\"width: 525px; height: 118px;\" data-original-width=\"525\" data-original-height=\"118\" > <div class=\"gallery-group images-1\" style=\"width: 175px; height: 118px;\" data-original-width=\"175\" data-original-height=\"118\" > <div class=\"tiled-gallery-item tiled-gallery-item-small\" itemprop=\"associatedMedia\" itemscope itemtype=\"http:\/\/schema.org\/ImageObject\"> <a href=\"https:\/\/i0.wp.com\/blog.kunstgriff.net\/wp-content\/uploads\/2020\/04\/Die-sind-es-dann-geworden.jpg?ssl=1\" border=\"0\" itemprop=\"url\"> <meta itemprop=\"width\" content=\"171\"> <meta itemprop=\"height\" content=\"114\"> <img decoding=\"async\" class=\"\" data-attachment-id=\"21062\" data-orig-file=\"https:\/\/blog.kunstgriff.net\/wp-content\/uploads\/2020\/04\/Die-sind-es-dann-geworden.jpg\" data-orig-size=\"2560,1707\" data-comments-opened=\"1\" data-image-meta=\"{&quot;aperture&quot;:&quot;2.8&quot;,&quot;credit&quot;:&quot;&quot;,&quot;camera&quot;:&quot;TG-4&quot;,&quot;caption&quot;:&quot;OLYMPUS DIGITAL CAMERA&quot;,&quot;created_timestamp&quot;:&quot;1587901965&quot;,&quot;copyright&quot;:&quot;&quot;,&quot;focal_length&quot;:&quot;4.5&quot;,&quot;iso&quot;:&quot;100&quot;,&quot;shutter_speed&quot;:&quot;0.00125&quot;,&quot;title&quot;:&quot;OLYMPUS DIGITAL CAMERA&quot;,&quot;orientation&quot;:&quot;1&quot;}\" data-image-title=\"Die sind es dann geworden\" data-image-description=\"\" data-medium-file=\"https:\/\/i0.wp.com\/blog.kunstgriff.net\/wp-content\/uploads\/2020\/04\/Die-sind-es-dann-geworden.jpg?fit=2560%2C1707&#038;ssl=1\" data-large-file=\"https:\/\/i0.wp.com\/blog.kunstgriff.net\/wp-content\/uploads\/2020\/04\/Die-sind-es-dann-geworden.jpg?fit=2560%2C1707&#038;ssl=1\" src=\"https:\/\/i0.wp.com\/blog.kunstgriff.net\/wp-content\/uploads\/2020\/04\/Die-sind-es-dann-geworden.jpg?w=171&#038;h=114&#038;ssl=1\" srcset=\"https:\/\/i0.wp.com\/blog.kunstgriff.net\/wp-content\/uploads\/2020\/04\/Die-sind-es-dann-geworden.jpg?w=2560&amp;ssl=1 2560w, https:\/\/i0.wp.com\/blog.kunstgriff.net\/wp-content\/uploads\/2020\/04\/Die-sind-es-dann-geworden.jpg?resize=768%2C512&amp;ssl=1 768w, https:\/\/i0.wp.com\/blog.kunstgriff.net\/wp-content\/uploads\/2020\/04\/Die-sind-es-dann-geworden.jpg?resize=1536%2C1024&amp;ssl=1 1536w, https:\/\/i0.wp.com\/blog.kunstgriff.net\/wp-content\/uploads\/2020\/04\/Die-sind-es-dann-geworden.jpg?resize=2048%2C1366&amp;ssl=1 2048w, https:\/\/i0.wp.com\/blog.kunstgriff.net\/wp-content\/uploads\/2020\/04\/Die-sind-es-dann-geworden.jpg?w=1050&amp;ssl=1 1050w\" width=\"171\" height=\"114\" loading=\"lazy\" data-original-width=\"171\" data-original-height=\"114\" itemprop=\"http:\/\/schema.org\/image\" title=\"Die sind es dann geworden\" alt=\"Die sind es dann geworden\" style=\"width: 171px; height: 114px;\" \/> <\/a> <div class=\"tiled-gallery-caption\" itemprop=\"caption description\"> Die sind es dann geworden <\/div> <\/div> <\/div> <!-- close group --> <div class=\"gallery-group images-1\" style=\"width: 175px; height: 118px;\" data-original-width=\"175\" data-original-height=\"118\" > <div class=\"tiled-gallery-item tiled-gallery-item-small\" itemprop=\"associatedMedia\" itemscope itemtype=\"http:\/\/schema.org\/ImageObject\"> <a href=\"https:\/\/i0.wp.com\/blog.kunstgriff.net\/wp-content\/uploads\/2020\/04\/Heimweg.jpg?ssl=1\" border=\"0\" itemprop=\"url\"> <meta itemprop=\"width\" content=\"171\"> <meta itemprop=\"height\" content=\"114\"> <img decoding=\"async\" class=\"\" data-attachment-id=\"21064\" data-orig-file=\"https:\/\/blog.kunstgriff.net\/wp-content\/uploads\/2020\/04\/Heimweg.jpg\" data-orig-size=\"2560,1707\" data-comments-opened=\"1\" data-image-meta=\"{&quot;aperture&quot;:&quot;2.8&quot;,&quot;credit&quot;:&quot;&quot;,&quot;camera&quot;:&quot;TG-4&quot;,&quot;caption&quot;:&quot;OLYMPUS DIGITAL CAMERA&quot;,&quot;created_timestamp&quot;:&quot;1587904688&quot;,&quot;copyright&quot;:&quot;&quot;,&quot;focal_length&quot;:&quot;4.5&quot;,&quot;iso&quot;:&quot;100&quot;,&quot;shutter_speed&quot;:&quot;0.003125&quot;,&quot;title&quot;:&quot;OLYMPUS DIGITAL CAMERA&quot;,&quot;orientation&quot;:&quot;1&quot;}\" data-image-title=\"Heimweg\" data-image-description=\"\" data-medium-file=\"https:\/\/i0.wp.com\/blog.kunstgriff.net\/wp-content\/uploads\/2020\/04\/Heimweg.jpg?fit=2560%2C1707&#038;ssl=1\" data-large-file=\"https:\/\/i0.wp.com\/blog.kunstgriff.net\/wp-content\/uploads\/2020\/04\/Heimweg.jpg?fit=2560%2C1707&#038;ssl=1\" src=\"https:\/\/i0.wp.com\/blog.kunstgriff.net\/wp-content\/uploads\/2020\/04\/Heimweg.jpg?w=171&#038;h=114&#038;ssl=1\" srcset=\"https:\/\/i0.wp.com\/blog.kunstgriff.net\/wp-content\/uploads\/2020\/04\/Heimweg.jpg?w=2560&amp;ssl=1 2560w, https:\/\/i0.wp.com\/blog.kunstgriff.net\/wp-content\/uploads\/2020\/04\/Heimweg.jpg?resize=768%2C512&amp;ssl=1 768w, https:\/\/i0.wp.com\/blog.kunstgriff.net\/wp-content\/uploads\/2020\/04\/Heimweg.jpg?resize=1536%2C1024&amp;ssl=1 1536w, https:\/\/i0.wp.com\/blog.kunstgriff.net\/wp-content\/uploads\/2020\/04\/Heimweg.jpg?resize=2048%2C1366&amp;ssl=1 2048w, https:\/\/i0.wp.com\/blog.kunstgriff.net\/wp-content\/uploads\/2020\/04\/Heimweg.jpg?w=1050&amp;ssl=1 1050w\" width=\"171\" height=\"114\" loading=\"lazy\" data-original-width=\"171\" data-original-height=\"114\" itemprop=\"http:\/\/schema.org\/image\" title=\"Heimweg\" alt=\"Heimweg\" style=\"width: 171px; height: 114px;\" \/> <\/a> <div class=\"tiled-gallery-caption\" itemprop=\"caption description\"> Heimweg <\/div> <\/div> <\/div> <!-- close group --> <div class=\"gallery-group images-1\" style=\"width: 175px; height: 118px;\" data-original-width=\"175\" data-original-height=\"118\" > <div class=\"tiled-gallery-item tiled-gallery-item-small\" itemprop=\"associatedMedia\" itemscope itemtype=\"http:\/\/schema.org\/ImageObject\"> <a href=\"https:\/\/i0.wp.com\/blog.kunstgriff.net\/wp-content\/uploads\/2020\/04\/Heute-mal-Clayallee.jpg?ssl=1\" border=\"0\" itemprop=\"url\"> <meta itemprop=\"width\" content=\"171\"> <meta itemprop=\"height\" content=\"114\"> <img decoding=\"async\" class=\"\" data-attachment-id=\"21065\" data-orig-file=\"https:\/\/blog.kunstgriff.net\/wp-content\/uploads\/2020\/04\/Heute-mal-Clayallee.jpg\" data-orig-size=\"2560,1707\" data-comments-opened=\"1\" data-image-meta=\"{&quot;aperture&quot;:&quot;8&quot;,&quot;credit&quot;:&quot;&quot;,&quot;camera&quot;:&quot;TG-4&quot;,&quot;caption&quot;:&quot;OLYMPUS DIGITAL CAMERA&quot;,&quot;created_timestamp&quot;:&quot;1587907706&quot;,&quot;copyright&quot;:&quot;&quot;,&quot;focal_length&quot;:&quot;4.5&quot;,&quot;iso&quot;:&quot;100&quot;,&quot;shutter_speed&quot;:&quot;0.00625&quot;,&quot;title&quot;:&quot;OLYMPUS DIGITAL CAMERA&quot;,&quot;orientation&quot;:&quot;1&quot;}\" data-image-title=\"Heute mal Clayallee\" data-image-description=\"\" data-medium-file=\"https:\/\/i0.wp.com\/blog.kunstgriff.net\/wp-content\/uploads\/2020\/04\/Heute-mal-Clayallee.jpg?fit=2560%2C1707&#038;ssl=1\" data-large-file=\"https:\/\/i0.wp.com\/blog.kunstgriff.net\/wp-content\/uploads\/2020\/04\/Heute-mal-Clayallee.jpg?fit=2560%2C1707&#038;ssl=1\" src=\"https:\/\/i0.wp.com\/blog.kunstgriff.net\/wp-content\/uploads\/2020\/04\/Heute-mal-Clayallee.jpg?w=171&#038;h=114&#038;ssl=1\" srcset=\"https:\/\/i0.wp.com\/blog.kunstgriff.net\/wp-content\/uploads\/2020\/04\/Heute-mal-Clayallee.jpg?w=2560&amp;ssl=1 2560w, https:\/\/i0.wp.com\/blog.kunstgriff.net\/wp-content\/uploads\/2020\/04\/Heute-mal-Clayallee.jpg?resize=768%2C512&amp;ssl=1 768w, https:\/\/i0.wp.com\/blog.kunstgriff.net\/wp-content\/uploads\/2020\/04\/Heute-mal-Clayallee.jpg?resize=1536%2C1024&amp;ssl=1 1536w, https:\/\/i0.wp.com\/blog.kunstgriff.net\/wp-content\/uploads\/2020\/04\/Heute-mal-Clayallee.jpg?resize=2048%2C1366&amp;ssl=1 2048w, https:\/\/i0.wp.com\/blog.kunstgriff.net\/wp-content\/uploads\/2020\/04\/Heute-mal-Clayallee.jpg?w=1050&amp;ssl=1 1050w\" width=\"171\" height=\"114\" loading=\"lazy\" data-original-width=\"171\" data-original-height=\"114\" itemprop=\"http:\/\/schema.org\/image\" title=\"Heute mal Clayallee\" alt=\"Heute mal Clayallee\" style=\"width: 171px; height: 114px;\" \/> <\/a> <div class=\"tiled-gallery-caption\" itemprop=\"caption description\"> Heute mal Clayallee <\/div> <\/div> <\/div> <!-- close group --> <\/div> <!-- close row --> <\/div>\n","protected":false},"excerpt":{"rendered":"<p>Ohne Backwahn und Wind Gestern gab es nur Indoor-Sporteln auf die Beine und da wollte ich doch das herrliche Fr\u00fchlingswetter nutzen, um mal wieder drau\u00dfen zu fahren. Stefan und Marc planten in den S\u00fcden zu radeln und ich durfte mit. Also traditionell um 10 Uhr am Tunnel getroffen. Ganz schon was los hier. Auch die &hellip; <\/p>\n<p class=\"link-more\"><a href=\"https:\/\/blog.kunstgriff.net\/?p=21068\" class=\"more-link\"><span class=\"screen-reader-text\">\u201eZur Trebbiner-Kuchentheke\u201c <\/span>weiterlesen<\/a><\/p>\n","protected":false},"author":2,"featured_media":21063,"comment_status":"open","ping_status":"open","sticky":false,"template":"","format":"standard","meta":{"jetpack_post_was_ever_published":false,"_jetpack_newsletter_access":"","_jetpack_dont_email_post_to_subs":false,"_jetpack_newsletter_tier_id":0,"_jetpack_memberships_contains_paywalled_content":false,"_jetpack_memberships_contains_paid_content":false,"footnotes":""},"categories":[34,14,7],"tags":[],"class_list":["post-21068","post","type-post","status-publish","format-standard","has-post-thumbnail","hentry","category-cake-ride","category-radfahren","category-rennradfahren"],"jetpack_featured_media_url":"https:\/\/i0.wp.com\/blog.kunstgriff.net\/wp-content\/uploads\/2020\/04\/Feinster-Radweg-vor-St%C3%BCcken.jpg?fit=2560%2C1707&ssl=1","jetpack_shortlink":"https:\/\/wp.me\/p8Cxe7-5tO","jetpack-related-posts":[{"id":23191,"url":"https:\/\/blog.kunstgriff.net\/?p=23191","url_meta":{"origin":21068,"position":0},"title":"Herbsttour nach P\u00e4wesin","author":"Georg","date":"Oktober 29, 2022","format":false,"excerpt":"Christians-Samstagstraining Nachdem die letzte Gruppenausfahrt zwar gro\u00dfen Spass gemacht hat, ich allerdings am Ende hinten rausgeflogen bin, wollte ich heute noch mal schauen, ob es vielleicht doch mit der Mitfahrt bis zu Ende klappt!? Die Vorzeichen waren recht gut, denn ich hatte gen\u00fcgend Schlaf und auch das Wetter zeigte sich\u2026","rel":"","context":"In &quot;Cake-Ride&quot;","block_context":{"text":"Cake-Ride","link":"https:\/\/blog.kunstgriff.net\/?cat=34"},"img":{"alt_text":"Die Truppe rollt","src":"https:\/\/i0.wp.com\/blog.kunstgriff.net\/wp-content\/uploads\/2022\/10\/Die-Truppe-rollt.jpeg?fit=1200%2C800&ssl=1&resize=350%2C200","width":350,"height":200,"srcset":"https:\/\/i0.wp.com\/blog.kunstgriff.net\/wp-content\/uploads\/2022\/10\/Die-Truppe-rollt.jpeg?fit=1200%2C800&ssl=1&resize=350%2C200 1x, https:\/\/i0.wp.com\/blog.kunstgriff.net\/wp-content\/uploads\/2022\/10\/Die-Truppe-rollt.jpeg?fit=1200%2C800&ssl=1&resize=525%2C300 1.5x, https:\/\/i0.wp.com\/blog.kunstgriff.net\/wp-content\/uploads\/2022\/10\/Die-Truppe-rollt.jpeg?fit=1200%2C800&ssl=1&resize=700%2C400 2x, https:\/\/i0.wp.com\/blog.kunstgriff.net\/wp-content\/uploads\/2022\/10\/Die-Truppe-rollt.jpeg?fit=1200%2C800&ssl=1&resize=1050%2C600 3x"},"classes":[]},{"id":20032,"url":"https:\/\/blog.kunstgriff.net\/?p=20032","url_meta":{"origin":21068,"position":1},"title":"Zum Konditor Schmiedel nach Fehrbellin #1","author":"Georg","date":"August 31, 2019","format":false,"excerpt":"Cake-Ride zu viert Wie ich meinem Blog entnehmen kann, war ich in 2019 noch kein mal in Fehrbellin beim Konditor Schmiedel! So kam es sehr gelegen, da\u00df der Alexander diese Tour gestern vorschlug. Schnell war sie auf den \u00fcblichen Kan\u00e4len annonciert und es kamen noch der Christoph und der Basti.\u2026","rel":"","context":"In &quot;Cake-Ride&quot;","block_context":{"text":"Cake-Ride","link":"https:\/\/blog.kunstgriff.net\/?cat=34"},"img":{"alt_text":"Hinter Germendorf","src":"https:\/\/i0.wp.com\/blog.kunstgriff.net\/wp-content\/uploads\/2019\/08\/Hinter-Germendorf.jpg?fit=1200%2C800&ssl=1&resize=350%2C200","width":350,"height":200,"srcset":"https:\/\/i0.wp.com\/blog.kunstgriff.net\/wp-content\/uploads\/2019\/08\/Hinter-Germendorf.jpg?fit=1200%2C800&ssl=1&resize=350%2C200 1x, https:\/\/i0.wp.com\/blog.kunstgriff.net\/wp-content\/uploads\/2019\/08\/Hinter-Germendorf.jpg?fit=1200%2C800&ssl=1&resize=525%2C300 1.5x, https:\/\/i0.wp.com\/blog.kunstgriff.net\/wp-content\/uploads\/2019\/08\/Hinter-Germendorf.jpg?fit=1200%2C800&ssl=1&resize=700%2C400 2x, https:\/\/i0.wp.com\/blog.kunstgriff.net\/wp-content\/uploads\/2019\/08\/Hinter-Germendorf.jpg?fit=1200%2C800&ssl=1&resize=1050%2C600 3x"},"classes":[]},{"id":18028,"url":"https:\/\/blog.kunstgriff.net\/?p=18028","url_meta":{"origin":21068,"position":2},"title":"Brocken-Tour","author":"Georg","date":"Mai 26, 2018","format":false,"excerpt":"epischer Samstag im Mai Schon lange hegte ich den Plan, eine Tour von der Haust\u00fcr ab zum Brocken im Harz zu fahren. Immer mal wieder wurde sie mir angeboten, jedes mal kam etwas dazwischen oder ich f\u00fchlte mich einfach nicht fit genug, diesen doch recht anspruchsvollen Ritt unter meine schmalen\u2026","rel":"","context":"In &quot;200er&quot;","block_context":{"text":"200er","link":"https:\/\/blog.kunstgriff.net\/?cat=48"},"img":{"alt_text":"","src":"https:\/\/i0.wp.com\/blog.kunstgriff.net\/wp-content\/uploads\/2018\/05\/Weiter-gehts-zur-Elbe.jpg?fit=1200%2C800&ssl=1&resize=350%2C200","width":350,"height":200,"srcset":"https:\/\/i0.wp.com\/blog.kunstgriff.net\/wp-content\/uploads\/2018\/05\/Weiter-gehts-zur-Elbe.jpg?fit=1200%2C800&ssl=1&resize=350%2C200 1x, https:\/\/i0.wp.com\/blog.kunstgriff.net\/wp-content\/uploads\/2018\/05\/Weiter-gehts-zur-Elbe.jpg?fit=1200%2C800&ssl=1&resize=525%2C300 1.5x, https:\/\/i0.wp.com\/blog.kunstgriff.net\/wp-content\/uploads\/2018\/05\/Weiter-gehts-zur-Elbe.jpg?fit=1200%2C800&ssl=1&resize=700%2C400 2x, https:\/\/i0.wp.com\/blog.kunstgriff.net\/wp-content\/uploads\/2018\/05\/Weiter-gehts-zur-Elbe.jpg?fit=1200%2C800&ssl=1&resize=1050%2C600 3x"},"classes":[]},{"id":22215,"url":"https:\/\/blog.kunstgriff.net\/?p=22215","url_meta":{"origin":21068,"position":3},"title":"P\u00e4wesin-Runde #4","author":"Georg","date":"Mai 30, 2021","format":false,"excerpt":"Sonnt\u00e4gliche Mini-Gruppenausfahrt Kreativit\u00e4t ist bei der Wahl der Ausfahrt-Ziele gerade nicht meine top Kompetenz und nachdem Alex fragte ob wir am Sonntag mit dem Renner wo hin wollen, war klar, da\u00df es mal wieder P\u00e4wesin werden w\u00fcrde. Nie verkehrt. Auf den \u00fcblichen Kan\u00e4len annoncierte ich die Runde und um 10:45\u2026","rel":"","context":"In &quot;Cake-Ride&quot;","block_context":{"text":"Cake-Ride","link":"https:\/\/blog.kunstgriff.net\/?cat=34"},"img":{"alt_text":"\u00dcber Gatow raus aus der Stadt","src":"https:\/\/i0.wp.com\/blog.kunstgriff.net\/wp-content\/uploads\/2021\/05\/Ueber-Gatow-raus-aus-der-Stadt.jpg?fit=1200%2C800&ssl=1&resize=350%2C200","width":350,"height":200,"srcset":"https:\/\/i0.wp.com\/blog.kunstgriff.net\/wp-content\/uploads\/2021\/05\/Ueber-Gatow-raus-aus-der-Stadt.jpg?fit=1200%2C800&ssl=1&resize=350%2C200 1x, https:\/\/i0.wp.com\/blog.kunstgriff.net\/wp-content\/uploads\/2021\/05\/Ueber-Gatow-raus-aus-der-Stadt.jpg?fit=1200%2C800&ssl=1&resize=525%2C300 1.5x, https:\/\/i0.wp.com\/blog.kunstgriff.net\/wp-content\/uploads\/2021\/05\/Ueber-Gatow-raus-aus-der-Stadt.jpg?fit=1200%2C800&ssl=1&resize=700%2C400 2x, https:\/\/i0.wp.com\/blog.kunstgriff.net\/wp-content\/uploads\/2021\/05\/Ueber-Gatow-raus-aus-der-Stadt.jpg?fit=1200%2C800&ssl=1&resize=1050%2C600 3x"},"classes":[]},{"id":11794,"url":"https:\/\/blog.kunstgriff.net\/?p=11794","url_meta":{"origin":21068,"position":4},"title":"B\u00f6hmische Brezel","author":"Georg","date":"Mai 3, 2014","format":false,"excerpt":"oder \u00bbWintertraining die Zweite\u00ab Nach dem Aufwachen war mein erster Gedanke: \u00bbHeute Ruhetag und gut\u00ab. Als ich mich jedoch dem Fr\u00fchst\u00fcckstisch n\u00e4herte und meine Mitreisenden wild \u00fcber die heutige Tourenplanung berieten, kam doch Interesse auf. Nicht zu lang sollte gefahren werden und auch Ausstiegspunkte waren wichtig, da es eventuell Regnen\u2026","rel":"","context":"In &quot;Radfahren&quot;","block_context":{"text":"Radfahren","link":"https:\/\/blog.kunstgriff.net\/?cat=14"},"img":{"alt_text":"","src":"https:\/\/i0.wp.com\/blog.kunstgriff.net\/wp-content\/uploads\/2014\/05\/Durch-sch%C3%B6ne-W%C3%A4lder-und-Anstiege.jpg?fit=1200%2C900&ssl=1&resize=350%2C200","width":350,"height":200,"srcset":"https:\/\/i0.wp.com\/blog.kunstgriff.net\/wp-content\/uploads\/2014\/05\/Durch-sch%C3%B6ne-W%C3%A4lder-und-Anstiege.jpg?fit=1200%2C900&ssl=1&resize=350%2C200 1x, https:\/\/i0.wp.com\/blog.kunstgriff.net\/wp-content\/uploads\/2014\/05\/Durch-sch%C3%B6ne-W%C3%A4lder-und-Anstiege.jpg?fit=1200%2C900&ssl=1&resize=525%2C300 1.5x, https:\/\/i0.wp.com\/blog.kunstgriff.net\/wp-content\/uploads\/2014\/05\/Durch-sch%C3%B6ne-W%C3%A4lder-und-Anstiege.jpg?fit=1200%2C900&ssl=1&resize=700%2C400 2x, https:\/\/i0.wp.com\/blog.kunstgriff.net\/wp-content\/uploads\/2014\/05\/Durch-sch%C3%B6ne-W%C3%A4lder-und-Anstiege.jpg?fit=1200%2C900&ssl=1&resize=1050%2C600 3x"},"classes":[]},{"id":11532,"url":"https:\/\/blog.kunstgriff.net\/?p=11532","url_meta":{"origin":21068,"position":5},"title":"34. Vattenfall Berliner Halbmarathon","author":"Georg","date":"M\u00e4rz 30, 2014","format":false,"excerpt":"oder \u00bbLaufen mit einer Mission\u00abSchon vor gut sechs Monaten hatten Papa und ich uns zum\u00a034. Vattenfall Berliner Halbmarathon angemeldet. Zum Einen um gut motiviert \u00fcber den Winter zu kommen, zum Anderen um mal wieder gemeinsam an einer sch\u00f6nen Laufveranstaltung teil zu nehmen. W\u00e4hrend unserer vielen gemeinsamen Trainings schmiedeten wir Pl\u00e4nen\u2026","rel":"","context":"In &quot;Besonderes Ereignis&quot;","block_context":{"text":"Besonderes Ereignis","link":"https:\/\/blog.kunstgriff.net\/?cat=25"},"img":{"alt_text":"Da war ich noch ausgeruht frisch und entspannt","src":"https:\/\/i0.wp.com\/blog.kunstgriff.net\/wp-content\/uploads\/2014\/03\/Da-war-ich-noch-ausgeruht-frisch-und-entspannt-152x300.jpg?resize=350%2C200","width":350,"height":200},"classes":[]}],"jetpack_likes_enabled":true,"jetpack_sharing_enabled":true,"_links":{"self":[{"href":"https:\/\/blog.kunstgriff.net\/index.php?rest_route=\/wp\/v2\/posts\/21068","targetHints":{"allow":["GET"]}}],"collection":[{"href":"https:\/\/blog.kunstgriff.net\/index.php?rest_route=\/wp\/v2\/posts"}],"about":[{"href":"https:\/\/blog.kunstgriff.net\/index.php?rest_route=\/wp\/v2\/types\/post"}],"author":[{"embeddable":true,"href":"https:\/\/blog.kunstgriff.net\/index.php?rest_route=\/wp\/v2\/users\/2"}],"replies":[{"embeddable":true,"href":"https:\/\/blog.kunstgriff.net\/index.php?rest_route=%2Fwp%2Fv2%2Fcomments&post=21068"}],"version-history":[{"count":4,"href":"https:\/\/blog.kunstgriff.net\/index.php?rest_route=\/wp\/v2\/posts\/21068\/revisions"}],"predecessor-version":[{"id":21072,"href":"https:\/\/blog.kunstgriff.net\/index.php?rest_route=\/wp\/v2\/posts\/21068\/revisions\/21072"}],"wp:featuredmedia":[{"embeddable":true,"href":"https:\/\/blog.kunstgriff.net\/index.php?rest_route=\/wp\/v2\/media\/21063"}],"wp:attachment":[{"href":"https:\/\/blog.kunstgriff.net\/index.php?rest_route=%2Fwp%2Fv2%2Fmedia&parent=21068"}],"wp:term":[{"taxonomy":"category","embeddable":true,"href":"https:\/\/blog.kunstgriff.net\/index.php?rest_route=%2Fwp%2Fv2%2Fcategories&post=21068"},{"taxonomy":"post_tag","embeddable":true,"href":"https:\/\/blog.kunstgriff.net\/index.php?rest_route=%2Fwp%2Fv2%2Ftags&post=21068"}],"curies":[{"name":"wp","href":"https:\/\/api.w.org\/{rel}","templated":true}]}}