{"id":21102,"date":"2020-05-08T17:53:09","date_gmt":"2020-05-08T15:53:09","guid":{"rendered":"https:\/\/blog.kunstgriff.net\/?p=21102"},"modified":"2020-05-08T17:53:09","modified_gmt":"2020-05-08T15:53:09","slug":"zum-konditor-schmiedel-nach-fehrbellin-1-2","status":"publish","type":"post","link":"https:\/\/blog.kunstgriff.net\/?p=21102","title":{"rendered":"Zum Konditor Schmiedel nach Fehrbellin #1"},"content":{"rendered":"<span class=\"span-reading-time rt-reading-time\" style=\"display: block;\"><span class=\"rt-label rt-prefix\">Lesezeit: <\/span> <span class=\"rt-time\"> 2<\/span> <span class=\"rt-label rt-postfix\">Minuten<\/span><\/span><h4>Cake-Ride zu zweit<\/h4>\n<hr \/>\n<p>Eigentlich die Top-Kuchen-Adresse in der Destination Ostprignitz-Ruppin: <a href=\"https:\/\/www.konditorei-schmiedel.de\" target=\"_blank\" rel=\"noopener noreferrer\">Konditorei Schmiedel<\/a>. Wie ich <a href=\"https:\/\/blog.kunstgriff.net\/?p=20032\" target=\"_blank\" rel=\"noopener noreferrer\">meinen Unterlagen<\/a> entnehmen kann, wurde dieser Ort in der Vergangenheit notorisch vom Kuchen-Radar getilgt. Das sollte sich heute unbedingt \u00e4ndern, denn Alexander und ich wollten, mit geb\u00fchrendem Sicherheitsabstand, diesen ostprignitzer Kuchen-HotSpot wieder einmal anfahren. Da wir es in 2019 nur einmal geschafft hatten, wollten wir f\u00fcr 2020 heute eine Marke setzten.<\/p>\n<p>Aber erstmal die Arbeit: Track planen. Das ging so: Einmal auf dem k\u00fcrzesten Weg nach Fehrbellin und dann um 10:15 Uhr mit Alexander in Tegel verabredet. Weitere MitfahrerInnen waren heute unerw\u00fcnscht, wegen Gruppengr\u00f6\u00dfe und <em>Rona<\/em> und so.<\/p>\n<p>Das Wetter war hervorragend und nur eine leichte Briese wehte aus Westen. Also erstmal Gegenwind. Fein, auf dem R\u00fcckweg w\u00fcrden wir dan belohnt bzw. entlastet werden.<\/p>\n<p>Die Fahrt war verlief nicht wirklich z\u00e4h und wir erreichten recht schnell Fehrbellin. Die Freude war riesig als wir unsere beiden <del>alten<\/del> Kettenbr\u00fcder Erik und Tom auf dem nahen Parkplatz entdeckten. Der Kuchen wurde geholt und die Mitarbeiterin erz\u00e4hlte uns auf Nachfrage wehm\u00fctig wie das Gesch\u00e4ft unter <em>Rona<\/em> litt.<\/p>\n<p>Dann r\u00fcber auf den Parkplatz und Kuchen und Kaffee in der Sonne auf dem Randstein genossen. Mal sehen wie lange das noch so geht!?<\/p>\n<p>Tolle Gespr\u00e4che mit den Beiden Vehlefanzern gef\u00fchrt und dann trennten sich auch schon unsere Wege. Die beiden wollten da lang, wo wir hergekommen sind und wir auf ihrem Anfahrtsweg zur\u00fcck. Fein. Social-Distancing zum Besten. Der Jens w\u00e4re stolz auf uns gewesen!<\/p>\n<p>Nicht zu hurtig ging es nach Hause. Allerdings verlor ich meine Kraft. Wir mussten noch mal kurz pausieren und Alex spendierte mir etwas Iso aus seiner frischen Flasche. Meine waren leider leer.<\/p>\n<p>Mit frischem Zucker im Blut ging es dann weiter nach Nauen, wo wir an einem Getr\u00e4nkemarkt noch einmal halt machten. Die vielen Leute, die Masken und die Einkaufswagenpflicht nervten. Also nicht lange dort aufhalten, sondern weiter. Nun waren es noch 30 km zu <em>Home-Base<\/em> und die sollten dann auch noch<del> laufen<\/del> zu fahren sein. In Falkensee war dann ein riesen Stau, denn dort durfte man am heutigen Berliner-Feiertag eingekauft werden. Gut, da\u00df wir mit dem Rad unterwegs waren und so das Verkehrs-Durcheinander gekonnt umfahren konnten.<\/p>\n<p>Sch\u00f6ne, anstrengende Tour in bester Gesellschaft. Meine Fitness ist ausbaubar.<\/p>\n<p><iframe loading=\"lazy\" src=\"https:\/\/www.strava.com\/activities\/3419322202\/embed\/eb6ec579d2465d4f026dd1e4c8ef671609565987\" width=\"590\" height=\"405\" frameborder=\"0\" scrolling=\"no\"><\/iframe><\/p>\n<div class=\"tiled-gallery type-rectangular tiled-gallery-unresized\" data-original-width=\"525\" data-carousel-extra='{&quot;blog_id&quot;:1,&quot;permalink&quot;:&quot;https:\\\/\\\/blog.kunstgriff.net\\\/?p=21102&quot;,&quot;likes_blog_id&quot;:127394879}' itemscope itemtype=\"http:\/\/schema.org\/ImageGallery\" > <div class=\"gallery-row\" style=\"width: 525px; height: 235px;\" data-original-width=\"525\" data-original-height=\"235\" > <div class=\"gallery-group images-1\" style=\"width: 351px; height: 235px;\" data-original-width=\"351\" data-original-height=\"235\" > <div class=\"tiled-gallery-item tiled-gallery-item-large\" itemprop=\"associatedMedia\" itemscope itemtype=\"http:\/\/schema.org\/ImageObject\"> <a href=\"https:\/\/i0.wp.com\/blog.kunstgriff.net\/wp-content\/uploads\/2020\/05\/Germendorf-the-rona-distance.jpg?ssl=1\" border=\"0\" itemprop=\"url\"> <meta itemprop=\"width\" content=\"347\"> <meta itemprop=\"height\" content=\"231\"> <img decoding=\"async\" class=\"\" data-attachment-id=\"21105\" data-orig-file=\"https:\/\/blog.kunstgriff.net\/wp-content\/uploads\/2020\/05\/Germendorf-the-rona-distance.jpg\" data-orig-size=\"2560,1707\" data-comments-opened=\"1\" data-image-meta=\"{&quot;aperture&quot;:&quot;8&quot;,&quot;credit&quot;:&quot;&quot;,&quot;camera&quot;:&quot;TG-4&quot;,&quot;caption&quot;:&quot;OLYMPUS DIGITAL CAMERA&quot;,&quot;created_timestamp&quot;:&quot;1588936203&quot;,&quot;copyright&quot;:&quot;&quot;,&quot;focal_length&quot;:&quot;4.5&quot;,&quot;iso&quot;:&quot;100&quot;,&quot;shutter_speed&quot;:&quot;0.008&quot;,&quot;title&quot;:&quot;OLYMPUS DIGITAL CAMERA&quot;,&quot;orientation&quot;:&quot;1&quot;}\" data-image-title=\"Germendorf &amp;#8211; the rona-distance\" data-image-description=\"\" data-medium-file=\"https:\/\/i0.wp.com\/blog.kunstgriff.net\/wp-content\/uploads\/2020\/05\/Germendorf-the-rona-distance.jpg?fit=2560%2C1707&#038;ssl=1\" data-large-file=\"https:\/\/i0.wp.com\/blog.kunstgriff.net\/wp-content\/uploads\/2020\/05\/Germendorf-the-rona-distance.jpg?fit=2560%2C1707&#038;ssl=1\" src=\"https:\/\/i0.wp.com\/blog.kunstgriff.net\/wp-content\/uploads\/2020\/05\/Germendorf-the-rona-distance.jpg?w=347&#038;h=231&#038;ssl=1\" srcset=\"https:\/\/i0.wp.com\/blog.kunstgriff.net\/wp-content\/uploads\/2020\/05\/Germendorf-the-rona-distance.jpg?w=2560&amp;ssl=1 2560w, https:\/\/i0.wp.com\/blog.kunstgriff.net\/wp-content\/uploads\/2020\/05\/Germendorf-the-rona-distance.jpg?resize=768%2C512&amp;ssl=1 768w, https:\/\/i0.wp.com\/blog.kunstgriff.net\/wp-content\/uploads\/2020\/05\/Germendorf-the-rona-distance.jpg?resize=1536%2C1024&amp;ssl=1 1536w, https:\/\/i0.wp.com\/blog.kunstgriff.net\/wp-content\/uploads\/2020\/05\/Germendorf-the-rona-distance.jpg?resize=2048%2C1366&amp;ssl=1 2048w, https:\/\/i0.wp.com\/blog.kunstgriff.net\/wp-content\/uploads\/2020\/05\/Germendorf-the-rona-distance.jpg?w=1050&amp;ssl=1 1050w\" width=\"347\" height=\"231\" loading=\"lazy\" data-original-width=\"347\" data-original-height=\"231\" itemprop=\"http:\/\/schema.org\/image\" title=\"Germendorf - the rona-distance\" alt=\"Germendorf - the rona-distance\" style=\"width: 347px; height: 231px;\" \/> <\/a> <div class=\"tiled-gallery-caption\" itemprop=\"caption description\"> Germendorf &#8211; the rona-distance <\/div> <\/div> <\/div> <!-- close group --> <div class=\"gallery-group images-2\" style=\"width: 174px; height: 235px;\" data-original-width=\"174\" data-original-height=\"235\" > <div class=\"tiled-gallery-item tiled-gallery-item-small\" itemprop=\"associatedMedia\" itemscope itemtype=\"http:\/\/schema.org\/ImageObject\"> <a href=\"https:\/\/i0.wp.com\/blog.kunstgriff.net\/wp-content\/uploads\/2020\/05\/Freude-am-Fahren-in-der-Sonne.jpg?ssl=1\" border=\"0\" itemprop=\"url\"> <meta itemprop=\"width\" content=\"170\"> <meta itemprop=\"height\" content=\"114\"> <img decoding=\"async\" class=\"\" data-attachment-id=\"21104\" data-orig-file=\"https:\/\/blog.kunstgriff.net\/wp-content\/uploads\/2020\/05\/Freude-am-Fahren-in-der-Sonne.jpg\" data-orig-size=\"2560,1707\" data-comments-opened=\"1\" data-image-meta=\"{&quot;aperture&quot;:&quot;2.8&quot;,&quot;credit&quot;:&quot;&quot;,&quot;camera&quot;:&quot;TG-4&quot;,&quot;caption&quot;:&quot;OLYMPUS DIGITAL CAMERA&quot;,&quot;created_timestamp&quot;:&quot;1588936212&quot;,&quot;copyright&quot;:&quot;&quot;,&quot;focal_length&quot;:&quot;4.5&quot;,&quot;iso&quot;:&quot;100&quot;,&quot;shutter_speed&quot;:&quot;0.00125&quot;,&quot;title&quot;:&quot;OLYMPUS DIGITAL CAMERA&quot;,&quot;orientation&quot;:&quot;1&quot;}\" data-image-title=\"Freude am Fahren in der Sonne\" data-image-description=\"\" data-medium-file=\"https:\/\/i0.wp.com\/blog.kunstgriff.net\/wp-content\/uploads\/2020\/05\/Freude-am-Fahren-in-der-Sonne.jpg?fit=2560%2C1707&#038;ssl=1\" data-large-file=\"https:\/\/i0.wp.com\/blog.kunstgriff.net\/wp-content\/uploads\/2020\/05\/Freude-am-Fahren-in-der-Sonne.jpg?fit=2560%2C1707&#038;ssl=1\" src=\"https:\/\/i0.wp.com\/blog.kunstgriff.net\/wp-content\/uploads\/2020\/05\/Freude-am-Fahren-in-der-Sonne.jpg?w=170&#038;h=114&#038;ssl=1\" srcset=\"https:\/\/i0.wp.com\/blog.kunstgriff.net\/wp-content\/uploads\/2020\/05\/Freude-am-Fahren-in-der-Sonne.jpg?w=2560&amp;ssl=1 2560w, https:\/\/i0.wp.com\/blog.kunstgriff.net\/wp-content\/uploads\/2020\/05\/Freude-am-Fahren-in-der-Sonne.jpg?resize=768%2C512&amp;ssl=1 768w, https:\/\/i0.wp.com\/blog.kunstgriff.net\/wp-content\/uploads\/2020\/05\/Freude-am-Fahren-in-der-Sonne.jpg?resize=1536%2C1024&amp;ssl=1 1536w, https:\/\/i0.wp.com\/blog.kunstgriff.net\/wp-content\/uploads\/2020\/05\/Freude-am-Fahren-in-der-Sonne.jpg?resize=2048%2C1366&amp;ssl=1 2048w, https:\/\/i0.wp.com\/blog.kunstgriff.net\/wp-content\/uploads\/2020\/05\/Freude-am-Fahren-in-der-Sonne.jpg?w=1050&amp;ssl=1 1050w\" width=\"170\" height=\"114\" loading=\"lazy\" data-original-width=\"170\" data-original-height=\"114\" itemprop=\"http:\/\/schema.org\/image\" title=\"Freude am Fahren in der Sonne\" alt=\"Freude am Fahren in der Sonne\" style=\"width: 170px; height: 114px;\" \/> <\/a> <div class=\"tiled-gallery-caption\" itemprop=\"caption description\"> Freude am Fahren in der Sonne <\/div> <\/div> <div class=\"tiled-gallery-item tiled-gallery-item-small\" itemprop=\"associatedMedia\" itemscope itemtype=\"http:\/\/schema.org\/ImageObject\"> <a href=\"https:\/\/i0.wp.com\/blog.kunstgriff.net\/wp-content\/uploads\/2020\/05\/Bl%C3%BChende-Landschaften.jpg?ssl=1\" border=\"0\" itemprop=\"url\"> <meta itemprop=\"width\" content=\"170\"> <meta itemprop=\"height\" content=\"113\"> <img decoding=\"async\" class=\"\" data-attachment-id=\"21103\" data-orig-file=\"https:\/\/blog.kunstgriff.net\/wp-content\/uploads\/2020\/05\/Bl\u00fchende-Landschaften.jpg\" data-orig-size=\"2560,1707\" data-comments-opened=\"1\" data-image-meta=\"{&quot;aperture&quot;:&quot;2.8&quot;,&quot;credit&quot;:&quot;&quot;,&quot;camera&quot;:&quot;TG-4&quot;,&quot;caption&quot;:&quot;OLYMPUS DIGITAL CAMERA&quot;,&quot;created_timestamp&quot;:&quot;1588939594&quot;,&quot;copyright&quot;:&quot;&quot;,&quot;focal_length&quot;:&quot;4.5&quot;,&quot;iso&quot;:&quot;100&quot;,&quot;shutter_speed&quot;:&quot;0.0008&quot;,&quot;title&quot;:&quot;OLYMPUS DIGITAL CAMERA&quot;,&quot;orientation&quot;:&quot;1&quot;}\" data-image-title=\"Bl\u00fchende Landschaften\" data-image-description=\"\" data-medium-file=\"https:\/\/i0.wp.com\/blog.kunstgriff.net\/wp-content\/uploads\/2020\/05\/Bl%C3%BChende-Landschaften.jpg?fit=2560%2C1707&#038;ssl=1\" data-large-file=\"https:\/\/i0.wp.com\/blog.kunstgriff.net\/wp-content\/uploads\/2020\/05\/Bl%C3%BChende-Landschaften.jpg?fit=2560%2C1707&#038;ssl=1\" src=\"https:\/\/i0.wp.com\/blog.kunstgriff.net\/wp-content\/uploads\/2020\/05\/Bl%C3%BChende-Landschaften.jpg?w=170&#038;h=113&#038;ssl=1\" width=\"170\" height=\"113\" loading=\"lazy\" data-original-width=\"170\" data-original-height=\"113\" itemprop=\"http:\/\/schema.org\/image\" title=\"Bl\u00fchende Landschaften\" alt=\"Bl\u00fchende Landschaften\" style=\"width: 170px; height: 113px;\" \/> <\/a> <div class=\"tiled-gallery-caption\" itemprop=\"caption description\"> Bl\u00fchende Landschaften <\/div> <\/div> <\/div> <!-- close group --> <\/div> <!-- close row --> <div class=\"gallery-row\" style=\"width: 525px; height: 118px;\" data-original-width=\"525\" data-original-height=\"118\" > <div class=\"gallery-group images-1\" style=\"width: 175px; height: 118px;\" data-original-width=\"175\" data-original-height=\"118\" > <div class=\"tiled-gallery-item tiled-gallery-item-small\" itemprop=\"associatedMedia\" itemscope itemtype=\"http:\/\/schema.org\/ImageObject\"> <a href=\"https:\/\/i0.wp.com\/blog.kunstgriff.net\/wp-content\/uploads\/2020\/05\/Kaffee-und-Kuchen-in-sicherer-Distanz.jpg?ssl=1\" border=\"0\" itemprop=\"url\"> <meta itemprop=\"width\" content=\"171\"> <meta itemprop=\"height\" content=\"114\"> <img decoding=\"async\" class=\"\" data-attachment-id=\"21106\" data-orig-file=\"https:\/\/blog.kunstgriff.net\/wp-content\/uploads\/2020\/05\/Kaffee-und-Kuchen-in-sicherer-Distanz.jpg\" data-orig-size=\"2560,1707\" data-comments-opened=\"1\" data-image-meta=\"{&quot;aperture&quot;:&quot;8&quot;,&quot;credit&quot;:&quot;&quot;,&quot;camera&quot;:&quot;TG-4&quot;,&quot;caption&quot;:&quot;OLYMPUS DIGITAL CAMERA&quot;,&quot;created_timestamp&quot;:&quot;1588940808&quot;,&quot;copyright&quot;:&quot;&quot;,&quot;focal_length&quot;:&quot;4.5&quot;,&quot;iso&quot;:&quot;100&quot;,&quot;shutter_speed&quot;:&quot;0.005&quot;,&quot;title&quot;:&quot;OLYMPUS DIGITAL CAMERA&quot;,&quot;orientation&quot;:&quot;1&quot;}\" data-image-title=\"Kaffee und Kuchen in sicherer Distanz\" data-image-description=\"\" data-medium-file=\"https:\/\/i0.wp.com\/blog.kunstgriff.net\/wp-content\/uploads\/2020\/05\/Kaffee-und-Kuchen-in-sicherer-Distanz.jpg?fit=2560%2C1707&#038;ssl=1\" data-large-file=\"https:\/\/i0.wp.com\/blog.kunstgriff.net\/wp-content\/uploads\/2020\/05\/Kaffee-und-Kuchen-in-sicherer-Distanz.jpg?fit=2560%2C1707&#038;ssl=1\" src=\"https:\/\/i0.wp.com\/blog.kunstgriff.net\/wp-content\/uploads\/2020\/05\/Kaffee-und-Kuchen-in-sicherer-Distanz.jpg?w=171&#038;h=114&#038;ssl=1\" srcset=\"https:\/\/i0.wp.com\/blog.kunstgriff.net\/wp-content\/uploads\/2020\/05\/Kaffee-und-Kuchen-in-sicherer-Distanz.jpg?w=2560&amp;ssl=1 2560w, https:\/\/i0.wp.com\/blog.kunstgriff.net\/wp-content\/uploads\/2020\/05\/Kaffee-und-Kuchen-in-sicherer-Distanz.jpg?resize=768%2C512&amp;ssl=1 768w, https:\/\/i0.wp.com\/blog.kunstgriff.net\/wp-content\/uploads\/2020\/05\/Kaffee-und-Kuchen-in-sicherer-Distanz.jpg?resize=1536%2C1024&amp;ssl=1 1536w, https:\/\/i0.wp.com\/blog.kunstgriff.net\/wp-content\/uploads\/2020\/05\/Kaffee-und-Kuchen-in-sicherer-Distanz.jpg?resize=2048%2C1366&amp;ssl=1 2048w, https:\/\/i0.wp.com\/blog.kunstgriff.net\/wp-content\/uploads\/2020\/05\/Kaffee-und-Kuchen-in-sicherer-Distanz.jpg?w=1050&amp;ssl=1 1050w\" width=\"171\" height=\"114\" loading=\"lazy\" data-original-width=\"171\" data-original-height=\"114\" itemprop=\"http:\/\/schema.org\/image\" title=\"Kaffee und Kuchen in sicherer Distanz\" alt=\"Kaffee und Kuchen in sicherer Distanz\" style=\"width: 171px; height: 114px;\" \/> <\/a> <div class=\"tiled-gallery-caption\" itemprop=\"caption description\"> Kaffee und Kuchen in sicherer Distanz <\/div> <\/div> <\/div> <!-- close group --> <div class=\"gallery-group images-1\" style=\"width: 175px; height: 118px;\" data-original-width=\"175\" data-original-height=\"118\" > <div class=\"tiled-gallery-item tiled-gallery-item-small\" itemprop=\"associatedMedia\" itemscope itemtype=\"http:\/\/schema.org\/ImageObject\"> <a href=\"https:\/\/i0.wp.com\/blog.kunstgriff.net\/wp-content\/uploads\/2020\/05\/Schmiedels-Bester.jpg?ssl=1\" border=\"0\" itemprop=\"url\"> <meta itemprop=\"width\" content=\"171\"> <meta itemprop=\"height\" content=\"114\"> <img decoding=\"async\" class=\"\" data-attachment-id=\"21108\" data-orig-file=\"https:\/\/blog.kunstgriff.net\/wp-content\/uploads\/2020\/05\/Schmiedels-Bester.jpg\" data-orig-size=\"2560,1707\" data-comments-opened=\"1\" data-image-meta=\"{&quot;aperture&quot;:&quot;8&quot;,&quot;credit&quot;:&quot;&quot;,&quot;camera&quot;:&quot;TG-4&quot;,&quot;caption&quot;:&quot;OLYMPUS DIGITAL CAMERA&quot;,&quot;created_timestamp&quot;:&quot;1588940850&quot;,&quot;copyright&quot;:&quot;&quot;,&quot;focal_length&quot;:&quot;4.5&quot;,&quot;iso&quot;:&quot;100&quot;,&quot;shutter_speed&quot;:&quot;0.0025&quot;,&quot;title&quot;:&quot;OLYMPUS DIGITAL CAMERA&quot;,&quot;orientation&quot;:&quot;1&quot;}\" data-image-title=\"Schmiedels Bester\" data-image-description=\"\" data-medium-file=\"https:\/\/i0.wp.com\/blog.kunstgriff.net\/wp-content\/uploads\/2020\/05\/Schmiedels-Bester.jpg?fit=2560%2C1707&#038;ssl=1\" data-large-file=\"https:\/\/i0.wp.com\/blog.kunstgriff.net\/wp-content\/uploads\/2020\/05\/Schmiedels-Bester.jpg?fit=2560%2C1707&#038;ssl=1\" src=\"https:\/\/i0.wp.com\/blog.kunstgriff.net\/wp-content\/uploads\/2020\/05\/Schmiedels-Bester.jpg?w=171&#038;h=114&#038;ssl=1\" srcset=\"https:\/\/i0.wp.com\/blog.kunstgriff.net\/wp-content\/uploads\/2020\/05\/Schmiedels-Bester.jpg?w=2560&amp;ssl=1 2560w, https:\/\/i0.wp.com\/blog.kunstgriff.net\/wp-content\/uploads\/2020\/05\/Schmiedels-Bester.jpg?resize=768%2C512&amp;ssl=1 768w, https:\/\/i0.wp.com\/blog.kunstgriff.net\/wp-content\/uploads\/2020\/05\/Schmiedels-Bester.jpg?resize=1536%2C1024&amp;ssl=1 1536w, https:\/\/i0.wp.com\/blog.kunstgriff.net\/wp-content\/uploads\/2020\/05\/Schmiedels-Bester.jpg?resize=2048%2C1366&amp;ssl=1 2048w, https:\/\/i0.wp.com\/blog.kunstgriff.net\/wp-content\/uploads\/2020\/05\/Schmiedels-Bester.jpg?w=1050&amp;ssl=1 1050w\" width=\"171\" height=\"114\" loading=\"lazy\" data-original-width=\"171\" data-original-height=\"114\" itemprop=\"http:\/\/schema.org\/image\" title=\"Schmiedels Bester\" alt=\"Schmiedels Bester\" style=\"width: 171px; height: 114px;\" \/> <\/a> <div class=\"tiled-gallery-caption\" itemprop=\"caption description\"> Schmiedels Bester <\/div> <\/div> <\/div> <!-- close group --> <div class=\"gallery-group images-1\" style=\"width: 175px; height: 118px;\" data-original-width=\"175\" data-original-height=\"118\" > <div class=\"tiled-gallery-item tiled-gallery-item-small\" itemprop=\"associatedMedia\" itemscope itemtype=\"http:\/\/schema.org\/ImageObject\"> <a href=\"https:\/\/i0.wp.com\/blog.kunstgriff.net\/wp-content\/uploads\/2020\/05\/Lets-ride-not-together.jpg?ssl=1\" border=\"0\" itemprop=\"url\"> <meta itemprop=\"width\" content=\"171\"> <meta itemprop=\"height\" content=\"114\"> <img decoding=\"async\" class=\"\" data-attachment-id=\"21107\" data-orig-file=\"https:\/\/blog.kunstgriff.net\/wp-content\/uploads\/2020\/05\/Lets-ride-not-together.jpg\" data-orig-size=\"2560,1707\" data-comments-opened=\"1\" data-image-meta=\"{&quot;aperture&quot;:&quot;5.6&quot;,&quot;credit&quot;:&quot;&quot;,&quot;camera&quot;:&quot;TG-4&quot;,&quot;caption&quot;:&quot;OLYMPUS DIGITAL CAMERA&quot;,&quot;created_timestamp&quot;:&quot;1588942242&quot;,&quot;copyright&quot;:&quot;&quot;,&quot;focal_length&quot;:&quot;4.5&quot;,&quot;iso&quot;:&quot;100&quot;,&quot;shutter_speed&quot;:&quot;0.004&quot;,&quot;title&quot;:&quot;OLYMPUS DIGITAL CAMERA&quot;,&quot;orientation&quot;:&quot;1&quot;}\" data-image-title=\"Lets ride not together\" data-image-description=\"\" data-medium-file=\"https:\/\/i0.wp.com\/blog.kunstgriff.net\/wp-content\/uploads\/2020\/05\/Lets-ride-not-together.jpg?fit=2560%2C1707&#038;ssl=1\" data-large-file=\"https:\/\/i0.wp.com\/blog.kunstgriff.net\/wp-content\/uploads\/2020\/05\/Lets-ride-not-together.jpg?fit=2560%2C1707&#038;ssl=1\" src=\"https:\/\/i0.wp.com\/blog.kunstgriff.net\/wp-content\/uploads\/2020\/05\/Lets-ride-not-together.jpg?w=171&#038;h=114&#038;ssl=1\" srcset=\"https:\/\/i0.wp.com\/blog.kunstgriff.net\/wp-content\/uploads\/2020\/05\/Lets-ride-not-together.jpg?w=2560&amp;ssl=1 2560w, https:\/\/i0.wp.com\/blog.kunstgriff.net\/wp-content\/uploads\/2020\/05\/Lets-ride-not-together.jpg?resize=768%2C512&amp;ssl=1 768w, https:\/\/i0.wp.com\/blog.kunstgriff.net\/wp-content\/uploads\/2020\/05\/Lets-ride-not-together.jpg?resize=1536%2C1024&amp;ssl=1 1536w, https:\/\/i0.wp.com\/blog.kunstgriff.net\/wp-content\/uploads\/2020\/05\/Lets-ride-not-together.jpg?resize=2048%2C1366&amp;ssl=1 2048w, https:\/\/i0.wp.com\/blog.kunstgriff.net\/wp-content\/uploads\/2020\/05\/Lets-ride-not-together.jpg?w=1050&amp;ssl=1 1050w\" width=\"171\" height=\"114\" loading=\"lazy\" data-original-width=\"171\" data-original-height=\"114\" itemprop=\"http:\/\/schema.org\/image\" title=\"Lets ride not together\" alt=\"Lets ride not together\" style=\"width: 171px; height: 114px;\" \/> <\/a> <div class=\"tiled-gallery-caption\" itemprop=\"caption description\"> Lets ride not together <\/div> <\/div> <\/div> <!-- close group --> <\/div> <!-- close row --> <\/div>\n","protected":false},"excerpt":{"rendered":"<p>Cake-Ride zu zweit Eigentlich die Top-Kuchen-Adresse in der Destination Ostprignitz-Ruppin: Konditorei Schmiedel. Wie ich meinen Unterlagen entnehmen kann, wurde dieser Ort in der Vergangenheit notorisch vom Kuchen-Radar getilgt. Das sollte sich heute unbedingt \u00e4ndern, denn Alexander und ich wollten, mit geb\u00fchrendem Sicherheitsabstand, diesen ostprignitzer Kuchen-HotSpot wieder einmal anfahren. Da wir es in 2019 nur einmal &hellip; <\/p>\n<p class=\"link-more\"><a href=\"https:\/\/blog.kunstgriff.net\/?p=21102\" class=\"more-link\"><span class=\"screen-reader-text\">\u201eZum Konditor Schmiedel nach Fehrbellin #1\u201c <\/span>weiterlesen<\/a><\/p>\n","protected":false},"author":2,"featured_media":21103,"comment_status":"open","ping_status":"open","sticky":false,"template":"","format":"standard","meta":{"jetpack_post_was_ever_published":false,"_jetpack_newsletter_access":"","_jetpack_dont_email_post_to_subs":false,"_jetpack_newsletter_tier_id":0,"_jetpack_memberships_contains_paywalled_content":false,"_jetpack_memberships_contains_paid_content":false,"footnotes":""},"categories":[34,14,7],"tags":[],"class_list":["post-21102","post","type-post","status-publish","format-standard","has-post-thumbnail","hentry","category-cake-ride","category-radfahren","category-rennradfahren"],"jetpack_featured_media_url":"https:\/\/i0.wp.com\/blog.kunstgriff.net\/wp-content\/uploads\/2020\/05\/Bl%C3%BChende-Landschaften.jpg?fit=2560%2C1707&ssl=1","jetpack_shortlink":"https:\/\/wp.me\/p8Cxe7-5um","jetpack-related-posts":[{"id":2124,"url":"https:\/\/blog.kunstgriff.net\/?p=2124","url_meta":{"origin":21102,"position":0},"title":"Gro\u00dfe B\u00e4cker-Runde nach Fehrbellin","author":"Georg","date":"August 1, 2010","format":false,"excerpt":"oder \"78 km Anfahrt f\u00fcr zwei St\u00fcck Kuchen\"Die Wettervorhersage k\u00fcndigte leichten Regen f\u00fcr das westliche Havelland an - und genau dort wollte ich heute mit anderen schnellen Havellandridern die gro\u00dfe B\u00e4cker-Runde nach Fehrbellin fahren. Ein kurzer Blick auf das Regenradar zeigte aber, das wir nur sehr kurz nass werden w\u00fcrden\u2026","rel":"","context":"In &quot;Cake-Ride&quot;","block_context":{"text":"Cake-Ride","link":"https:\/\/blog.kunstgriff.net\/?cat=34"},"img":{"alt_text":"","src":"","width":0,"height":0},"classes":[]},{"id":21227,"url":"https:\/\/blog.kunstgriff.net\/?p=21227","url_meta":{"origin":21102,"position":1},"title":"Doppel-Kuchenstop am Pfingstmontag im Havelland","author":"Georg","date":"Juni 1, 2020","format":false,"excerpt":"Das Experiment: Zwei Kuchenstops Nachdem es ja bekanntlich gestern gar keinen Kuchen gab, musste das heute unbedingt nachgeholt werden. Und dann gleich mal im Doppel-Pack. Hatte ich noch nicht unternommen in meiner mehr als zehn Jahre alten Rennrad-Ausfahrten-Historie; also Zeit f\u00fcr was Neues. Und mit wem lie\u00dfe sich das besser\u2026","rel":"","context":"In &quot;Cake-Ride&quot;","block_context":{"text":"Cake-Ride","link":"https:\/\/blog.kunstgriff.net\/?cat=34"},"img":{"alt_text":"Fehrbellin - wir kommen","src":"https:\/\/i0.wp.com\/blog.kunstgriff.net\/wp-content\/uploads\/2020\/06\/Fehrbellin-wir-kommen.jpg?fit=1200%2C800&ssl=1&resize=350%2C200","width":350,"height":200,"srcset":"https:\/\/i0.wp.com\/blog.kunstgriff.net\/wp-content\/uploads\/2020\/06\/Fehrbellin-wir-kommen.jpg?fit=1200%2C800&ssl=1&resize=350%2C200 1x, https:\/\/i0.wp.com\/blog.kunstgriff.net\/wp-content\/uploads\/2020\/06\/Fehrbellin-wir-kommen.jpg?fit=1200%2C800&ssl=1&resize=525%2C300 1.5x, https:\/\/i0.wp.com\/blog.kunstgriff.net\/wp-content\/uploads\/2020\/06\/Fehrbellin-wir-kommen.jpg?fit=1200%2C800&ssl=1&resize=700%2C400 2x, https:\/\/i0.wp.com\/blog.kunstgriff.net\/wp-content\/uploads\/2020\/06\/Fehrbellin-wir-kommen.jpg?fit=1200%2C800&ssl=1&resize=1050%2C600 3x"},"classes":[]},{"id":9137,"url":"https:\/\/blog.kunstgriff.net\/?p=9137","url_meta":{"origin":21102,"position":2},"title":"Kleine B\u00e4ckerrunde nach Fehrbellin","author":"Georg","date":"September 16, 2012","format":false,"excerpt":"oder \u00bbVierundzwanzig Radler wollen nur Eins: Kuchen\u00ab Heute stand wieder eine entspannte B\u00e4ckerrunde auf dem Zettel, zu der Alexander und ich uns um 10:30 Uhr auf den Weg zum bekannten Treffpunkt am Rathaus Falkensee machten. Wir staunten nicht schlecht, \u00fcber die gro\u00dfe Zahl an Radlern die heute die Konditorei Schmiedel\u2026","rel":"","context":"In &quot;Radfahren&quot;","block_context":{"text":"Radfahren","link":"https:\/\/blog.kunstgriff.net\/?cat=14"},"img":{"alt_text":"","src":"https:\/\/i0.wp.com\/blog.kunstgriff.net\/wp-content\/uploads\/2012\/09\/Rathaus-Gruppenfoto-mit-24-Radlern.jpg?fit=1000%2C750&ssl=1&resize=350%2C200","width":350,"height":200,"srcset":"https:\/\/i0.wp.com\/blog.kunstgriff.net\/wp-content\/uploads\/2012\/09\/Rathaus-Gruppenfoto-mit-24-Radlern.jpg?fit=1000%2C750&ssl=1&resize=350%2C200 1x, https:\/\/i0.wp.com\/blog.kunstgriff.net\/wp-content\/uploads\/2012\/09\/Rathaus-Gruppenfoto-mit-24-Radlern.jpg?fit=1000%2C750&ssl=1&resize=525%2C300 1.5x, https:\/\/i0.wp.com\/blog.kunstgriff.net\/wp-content\/uploads\/2012\/09\/Rathaus-Gruppenfoto-mit-24-Radlern.jpg?fit=1000%2C750&ssl=1&resize=700%2C400 2x"},"classes":[]},{"id":13033,"url":"https:\/\/blog.kunstgriff.net\/?p=13033","url_meta":{"origin":21102,"position":3},"title":"B\u00e4ckerrunde nach Fehrbellin","author":"Georg","date":"November 8, 2015","format":false,"excerpt":"oder \u00bbKleine Gruppe \u2013 grosser Wind v2.0\u00abTom R. rief und alle wenig kamen. Als ich mich mit enormen Gegenwind zum Rathaus Falkensee vorgek\u00e4mpft hatte, war ich doch ein wenig verwundert, dass es mir nur so wenig Protagonisten gleich getan hatten und das herrliche Sp\u00e4tsommer-Wetter im November genutzt hatten, um zum\u2026","rel":"","context":"In &quot;Cake-Ride&quot;","block_context":{"text":"Cake-Ride","link":"https:\/\/blog.kunstgriff.net\/?cat=34"},"img":{"alt_text":"","src":"https:\/\/i0.wp.com\/blog.kunstgriff.net\/wp-content\/uploads\/2015\/09\/Verkehrsarme-Strasse-in-Havelland.jpg?fit=1200%2C900&ssl=1&resize=350%2C200","width":350,"height":200,"srcset":"https:\/\/i0.wp.com\/blog.kunstgriff.net\/wp-content\/uploads\/2015\/09\/Verkehrsarme-Strasse-in-Havelland.jpg?fit=1200%2C900&ssl=1&resize=350%2C200 1x, https:\/\/i0.wp.com\/blog.kunstgriff.net\/wp-content\/uploads\/2015\/09\/Verkehrsarme-Strasse-in-Havelland.jpg?fit=1200%2C900&ssl=1&resize=525%2C300 1.5x, https:\/\/i0.wp.com\/blog.kunstgriff.net\/wp-content\/uploads\/2015\/09\/Verkehrsarme-Strasse-in-Havelland.jpg?fit=1200%2C900&ssl=1&resize=700%2C400 2x, https:\/\/i0.wp.com\/blog.kunstgriff.net\/wp-content\/uploads\/2015\/09\/Verkehrsarme-Strasse-in-Havelland.jpg?fit=1200%2C900&ssl=1&resize=1050%2C600 3x"},"classes":[]},{"id":15501,"url":"https:\/\/blog.kunstgriff.net\/?p=15501","url_meta":{"origin":21102,"position":4},"title":"Kleine B\u00e4cker Runde nach Fehrbellin 2.0","author":"Georg","date":"Mai 1, 2017","format":false,"excerpt":"\u00bbLots of headwind ahead\u00ab Nach dem gestrigen 200er kam mir der Tourenvorschlag von Alexander sehr recht, locker nach Fehrbellin zu radeln, Kuchen zu konsumieren und wieder heimw\u00e4rts zu rollern. Auch Christian und M\u00fctze hatten mit Alexander gestern einen anstrengenden Tag auf dem Rad bei der RTF in Buch erlebt und\u2026","rel":"","context":"In &quot;Cake-Ride&quot;","block_context":{"text":"Cake-Ride","link":"https:\/\/blog.kunstgriff.net\/?cat=34"},"img":{"alt_text":"","src":"https:\/\/i0.wp.com\/blog.kunstgriff.net\/wp-content\/uploads\/2017\/05\/Noch-haben-wir-gut-lachen.jpg?fit=1200%2C800&ssl=1&resize=350%2C200","width":350,"height":200,"srcset":"https:\/\/i0.wp.com\/blog.kunstgriff.net\/wp-content\/uploads\/2017\/05\/Noch-haben-wir-gut-lachen.jpg?fit=1200%2C800&ssl=1&resize=350%2C200 1x, https:\/\/i0.wp.com\/blog.kunstgriff.net\/wp-content\/uploads\/2017\/05\/Noch-haben-wir-gut-lachen.jpg?fit=1200%2C800&ssl=1&resize=525%2C300 1.5x, https:\/\/i0.wp.com\/blog.kunstgriff.net\/wp-content\/uploads\/2017\/05\/Noch-haben-wir-gut-lachen.jpg?fit=1200%2C800&ssl=1&resize=700%2C400 2x, https:\/\/i0.wp.com\/blog.kunstgriff.net\/wp-content\/uploads\/2017\/05\/Noch-haben-wir-gut-lachen.jpg?fit=1200%2C800&ssl=1&resize=1050%2C600 3x"},"classes":[]},{"id":20032,"url":"https:\/\/blog.kunstgriff.net\/?p=20032","url_meta":{"origin":21102,"position":5},"title":"Zum Konditor Schmiedel nach Fehrbellin #1","author":"Georg","date":"August 31, 2019","format":false,"excerpt":"Cake-Ride zu viert Wie ich meinem Blog entnehmen kann, war ich in 2019 noch kein mal in Fehrbellin beim Konditor Schmiedel! So kam es sehr gelegen, da\u00df der Alexander diese Tour gestern vorschlug. Schnell war sie auf den \u00fcblichen Kan\u00e4len annonciert und es kamen noch der Christoph und der Basti.\u2026","rel":"","context":"In &quot;Cake-Ride&quot;","block_context":{"text":"Cake-Ride","link":"https:\/\/blog.kunstgriff.net\/?cat=34"},"img":{"alt_text":"Hinter Germendorf","src":"https:\/\/i0.wp.com\/blog.kunstgriff.net\/wp-content\/uploads\/2019\/08\/Hinter-Germendorf.jpg?fit=1200%2C800&ssl=1&resize=350%2C200","width":350,"height":200,"srcset":"https:\/\/i0.wp.com\/blog.kunstgriff.net\/wp-content\/uploads\/2019\/08\/Hinter-Germendorf.jpg?fit=1200%2C800&ssl=1&resize=350%2C200 1x, https:\/\/i0.wp.com\/blog.kunstgriff.net\/wp-content\/uploads\/2019\/08\/Hinter-Germendorf.jpg?fit=1200%2C800&ssl=1&resize=525%2C300 1.5x, https:\/\/i0.wp.com\/blog.kunstgriff.net\/wp-content\/uploads\/2019\/08\/Hinter-Germendorf.jpg?fit=1200%2C800&ssl=1&resize=700%2C400 2x, https:\/\/i0.wp.com\/blog.kunstgriff.net\/wp-content\/uploads\/2019\/08\/Hinter-Germendorf.jpg?fit=1200%2C800&ssl=1&resize=1050%2C600 3x"},"classes":[]}],"jetpack_likes_enabled":true,"jetpack_sharing_enabled":true,"_links":{"self":[{"href":"https:\/\/blog.kunstgriff.net\/index.php?rest_route=\/wp\/v2\/posts\/21102","targetHints":{"allow":["GET"]}}],"collection":[{"href":"https:\/\/blog.kunstgriff.net\/index.php?rest_route=\/wp\/v2\/posts"}],"about":[{"href":"https:\/\/blog.kunstgriff.net\/index.php?rest_route=\/wp\/v2\/types\/post"}],"author":[{"embeddable":true,"href":"https:\/\/blog.kunstgriff.net\/index.php?rest_route=\/wp\/v2\/users\/2"}],"replies":[{"embeddable":true,"href":"https:\/\/blog.kunstgriff.net\/index.php?rest_route=%2Fwp%2Fv2%2Fcomments&post=21102"}],"version-history":[{"count":7,"href":"https:\/\/blog.kunstgriff.net\/index.php?rest_route=\/wp\/v2\/posts\/21102\/revisions"}],"predecessor-version":[{"id":21116,"href":"https:\/\/blog.kunstgriff.net\/index.php?rest_route=\/wp\/v2\/posts\/21102\/revisions\/21116"}],"wp:featuredmedia":[{"embeddable":true,"href":"https:\/\/blog.kunstgriff.net\/index.php?rest_route=\/wp\/v2\/media\/21103"}],"wp:attachment":[{"href":"https:\/\/blog.kunstgriff.net\/index.php?rest_route=%2Fwp%2Fv2%2Fmedia&parent=21102"}],"wp:term":[{"taxonomy":"category","embeddable":true,"href":"https:\/\/blog.kunstgriff.net\/index.php?rest_route=%2Fwp%2Fv2%2Fcategories&post=21102"},{"taxonomy":"post_tag","embeddable":true,"href":"https:\/\/blog.kunstgriff.net\/index.php?rest_route=%2Fwp%2Fv2%2Ftags&post=21102"}],"curies":[{"name":"wp","href":"https:\/\/api.w.org\/{rel}","templated":true}]}}