{"id":21119,"date":"2020-05-10T16:22:02","date_gmt":"2020-05-10T14:22:02","guid":{"rendered":"https:\/\/blog.kunstgriff.net\/?p=21119"},"modified":"2020-05-10T19:21:41","modified_gmt":"2020-05-10T17:21:41","slug":"paewesin-runde-04-2","status":"publish","type":"post","link":"https:\/\/blog.kunstgriff.net\/?p=21119","title":{"rendered":"P\u00e4wesin-Runde #04"},"content":{"rendered":"<span class=\"span-reading-time rt-reading-time\" style=\"display: block;\"><span class=\"rt-label rt-prefix\">Lesezeit: <\/span> <span class=\"rt-time\"> 2<\/span> <span class=\"rt-label rt-postfix\">Minuten<\/span><\/span><h4>Sonntags-Backwahn-Radler<\/h4>\n<hr \/>\n<p>Wie an den meisten Sonntagen der vergangenen Dekade gab es heute wieder mal einen bekannten Programmpunkt, und der hie\u00df: <em>Rennrad fahren.<\/em><\/p>\n<p>Die Verabredung war schnell erledigt. Ist ja schon fast Familie, mit den Jungs zu fahren. Wer sich auskennt wei\u00df, da\u00df dies ein wichtiges Merkmal f\u00fcr gesetztes-konforme Freizeitgestaltung in diesen Tagen ist.<\/p>\n<p>10 Uhr Metro &#8211; die Beiden warteten um 10:02 Uhr schon mit scharrenden Hufen auf mich. Einen Spruch musste ich mir auch wegen der Versp\u00e4tung anh\u00f6ren. Zurecht. <a href=\"http:\/\/www.velominati.com\/general\/the-ride-starts-on-time-no-exceptions\/\" target=\"_blank\" rel=\"noopener noreferrer\">Rule#87<\/a> ist Gesetz.<\/p>\n<p>Erstmal raus aus der Stadt \u00fcber heute herrlich verkehrsarme Strassen in Berlin-Spandau. Grandios &#8211; das war neu! Frische Luft und Sonnenschein gab es dann wenig sp\u00e4ter, nachdem Gatow hinter uns gelassen war und wir die Stadtgrenze passiert hatten.<\/p>\n<p>Kuchenhunger machte sich relativ fr\u00fch breit, denn ich war wieder mal n\u00fcchtern los gefahren. Bei gut 60 km Fahrt kein Problem. Trainierte <a href=\"https:\/\/de.wikipedia.org\/wiki\/Glykogenspeicher\" target=\"_blank\" rel=\"noopener noreferrer\">Glykogenspeicher<\/a> sei dank. Trotzdem war ich froh, die Beiden dabei gehabt zu haben, denn so fuhr es sich einfach fl\u00fcssiger und z\u00fcgiger. Einem Autofahrer war das aber heute wohl nicht z\u00fcgig genug und er meinte, nachdem er seinen wei\u00dfen Mercedes geparkt hatte, auf uns spucken zu m\u00fcssen. Seine Rechenk\u00fcnste zur <a href=\"https:\/\/de.wikipedia.org\/wiki\/Au\u00dfenballistik\" target=\"_blank\" rel=\"noopener noreferrer\">Au\u00dfenballistik<\/a> waren aber nicht sehr ausgepr\u00e4gt und so landete sein abgesondertes Sekret nicht &#8211; wie sicherlich gew\u00fcnscht &#8211; auf uns, sondern knapp vor der Motorhaube seines Mercedes. Wenn er denn w\u00fcsste, welch armseliges Schauspiel er da ablieferte und was wohl seine Frau gedacht haben muss?!<\/p>\n<p>Nun aber volle Konzentration auf den bevorstehenden Kuchenstop:<\/p>\n<ul>\n<li>W\u00fcrde eine lange Schlange vor uns sein?<\/li>\n<li>Ein St\u00fcck oder zwei?<\/li>\n<li>W\u00fcrde es wieder R\u00fcbli-Kuchen geben?<\/li>\n<li>Werden wir wieder unsere Flaschen auf der Toilette f\u00fcllen d\u00fcrfen?<\/li>\n<li>W\u00fcrden wir vielleicht schon wieder auf der Terrasse platz nehmen k\u00f6nnen?<\/li>\n<\/ul>\n<p><em>Das<\/em> waren die wichtigen Fragen, die uns nun besch\u00e4ftigten, nicht rotzende Autofahrer. Um es kurz zu machen: Zwei St\u00fcck Kuchen wurden auf der Wiese vor dem B\u00e4cker konsumiert und die Schlange war, als wir ankamen \u00fcberschaubar. Als wir unseren Kuchen genossen nicht mehr &#8211; siehe Foto. Leider war es ein St\u00fcck zu viel f\u00fcr mich. Ich h\u00e4tte doch auf Marlene h\u00f6ren sollen. Nach Abfahrt war mir richtig schlecht und Kraft auf die Pedale konnte ich nicht bringen. Zum Gl\u00fcck hatte ich die beiden Mitfahrer dabei, hinter denen ich mich relativ lange verstecken durfte. Vor Tremmen konnte ich dann aber nochmal zeigen was in mir steckte und ich konnte auch nochmal vorne mitackern. Nicht ohne Folgen starker Ersch\u00f6pfung.<\/p>\n<p>Aber als weiteres Zwischenziel hatten wir uns heute, bei \u00d8\u00a022,0 \u00b0C\u00a0Au\u00dfentemperatur, die ARAL am B5 Center auserkoren, an der Alexander noch seine Urlaubslage in Form eines Kaltgetr\u00e4nkes spendieren wollte. Lecker und Danke!<\/p>\n<p>Der Rest der Strecke war dann reine Routine und ich freute mich auf meine HomeBase und meinen K\u00fchlschrank mit vorgekochten K\u00e4sesp\u00e4tzle mit R\u00f6stzwiebeln. Lecker!<\/p>\n<p>Sch\u00f6ne Runde &#8211; Danke Jungs!<\/p>\n<p><iframe loading=\"lazy\" src=\"https:\/\/www.strava.com\/activities\/3430113678\/embed\/0f4de5944519975593d7cde04f1f82d3f212b22c\" width=\"590\" height=\"405\" frameborder=\"0\" scrolling=\"no\"><\/iframe><\/p>\n<div class=\"tiled-gallery type-rectangular tiled-gallery-unresized\" data-original-width=\"525\" data-carousel-extra='{&quot;blog_id&quot;:1,&quot;permalink&quot;:&quot;https:\\\/\\\/blog.kunstgriff.net\\\/?p=21119&quot;,&quot;likes_blog_id&quot;:127394879}' itemscope itemtype=\"http:\/\/schema.org\/ImageGallery\" > <div class=\"gallery-row\" style=\"width: 525px; height: 235px;\" data-original-width=\"525\" data-original-height=\"235\" > <div class=\"gallery-group images-1\" style=\"width: 351px; height: 235px;\" data-original-width=\"351\" data-original-height=\"235\" > <div class=\"tiled-gallery-item tiled-gallery-item-large\" itemprop=\"associatedMedia\" itemscope itemtype=\"http:\/\/schema.org\/ImageObject\"> <a href=\"https:\/\/i0.wp.com\/blog.kunstgriff.net\/wp-content\/uploads\/2020\/05\/Treffpunkt-Metro-10-Uhr-am-Sonntag.jpg?ssl=1\" border=\"0\" itemprop=\"url\"> <meta itemprop=\"width\" content=\"347\"> <meta itemprop=\"height\" content=\"231\"> <img decoding=\"async\" class=\"\" data-attachment-id=\"21127\" data-orig-file=\"https:\/\/blog.kunstgriff.net\/wp-content\/uploads\/2020\/05\/Treffpunkt-Metro-10-Uhr-am-Sonntag.jpg\" data-orig-size=\"2560,1707\" data-comments-opened=\"1\" data-image-meta=\"{&quot;aperture&quot;:&quot;8&quot;,&quot;credit&quot;:&quot;&quot;,&quot;camera&quot;:&quot;TG-4&quot;,&quot;caption&quot;:&quot;OLYMPUS DIGITAL CAMERA&quot;,&quot;created_timestamp&quot;:&quot;1589105070&quot;,&quot;copyright&quot;:&quot;&quot;,&quot;focal_length&quot;:&quot;4.5&quot;,&quot;iso&quot;:&quot;100&quot;,&quot;shutter_speed&quot;:&quot;0.005&quot;,&quot;title&quot;:&quot;OLYMPUS DIGITAL CAMERA&quot;,&quot;orientation&quot;:&quot;1&quot;}\" data-image-title=\"Treffpunkt Metro 10 Uhr am Sonntag\" data-image-description=\"\" data-medium-file=\"https:\/\/i0.wp.com\/blog.kunstgriff.net\/wp-content\/uploads\/2020\/05\/Treffpunkt-Metro-10-Uhr-am-Sonntag.jpg?fit=2560%2C1707&#038;ssl=1\" data-large-file=\"https:\/\/i0.wp.com\/blog.kunstgriff.net\/wp-content\/uploads\/2020\/05\/Treffpunkt-Metro-10-Uhr-am-Sonntag.jpg?fit=2560%2C1707&#038;ssl=1\" src=\"https:\/\/i0.wp.com\/blog.kunstgriff.net\/wp-content\/uploads\/2020\/05\/Treffpunkt-Metro-10-Uhr-am-Sonntag.jpg?w=347&#038;h=231&#038;ssl=1\" srcset=\"https:\/\/i0.wp.com\/blog.kunstgriff.net\/wp-content\/uploads\/2020\/05\/Treffpunkt-Metro-10-Uhr-am-Sonntag.jpg?w=2560&amp;ssl=1 2560w, https:\/\/i0.wp.com\/blog.kunstgriff.net\/wp-content\/uploads\/2020\/05\/Treffpunkt-Metro-10-Uhr-am-Sonntag.jpg?resize=768%2C512&amp;ssl=1 768w, https:\/\/i0.wp.com\/blog.kunstgriff.net\/wp-content\/uploads\/2020\/05\/Treffpunkt-Metro-10-Uhr-am-Sonntag.jpg?resize=1536%2C1024&amp;ssl=1 1536w, https:\/\/i0.wp.com\/blog.kunstgriff.net\/wp-content\/uploads\/2020\/05\/Treffpunkt-Metro-10-Uhr-am-Sonntag.jpg?resize=2048%2C1366&amp;ssl=1 2048w, https:\/\/i0.wp.com\/blog.kunstgriff.net\/wp-content\/uploads\/2020\/05\/Treffpunkt-Metro-10-Uhr-am-Sonntag.jpg?w=1050&amp;ssl=1 1050w\" width=\"347\" height=\"231\" loading=\"lazy\" data-original-width=\"347\" data-original-height=\"231\" itemprop=\"http:\/\/schema.org\/image\" title=\"Treffpunkt Metro 10 Uhr am Sonntag\" alt=\"Treffpunkt Metro 10 Uhr am Sonntag\" style=\"width: 347px; height: 231px;\" \/> <\/a> <div class=\"tiled-gallery-caption\" itemprop=\"caption description\"> Treffpunkt Metro 10 Uhr am Sonntag <\/div> <\/div> <\/div> <!-- close group --> <div class=\"gallery-group images-2\" style=\"width: 174px; height: 235px;\" data-original-width=\"174\" data-original-height=\"235\" > <div class=\"tiled-gallery-item tiled-gallery-item-small\" itemprop=\"associatedMedia\" itemscope itemtype=\"http:\/\/schema.org\/ImageObject\"> <a href=\"https:\/\/i0.wp.com\/blog.kunstgriff.net\/wp-content\/uploads\/2020\/05\/Die-Jungs-ziehen-mich-ab-am-Sakrower-See.jpg?ssl=1\" border=\"0\" itemprop=\"url\"> <meta itemprop=\"width\" content=\"170\"> <meta itemprop=\"height\" content=\"114\"> <img decoding=\"async\" class=\"\" data-attachment-id=\"21122\" data-orig-file=\"https:\/\/blog.kunstgriff.net\/wp-content\/uploads\/2020\/05\/Die-Jungs-ziehen-mich-ab-am-Sakrower-See.jpg\" data-orig-size=\"2560,1707\" data-comments-opened=\"1\" data-image-meta=\"{&quot;aperture&quot;:&quot;2.8&quot;,&quot;credit&quot;:&quot;&quot;,&quot;camera&quot;:&quot;TG-4&quot;,&quot;caption&quot;:&quot;OLYMPUS DIGITAL CAMERA&quot;,&quot;created_timestamp&quot;:&quot;1589107680&quot;,&quot;copyright&quot;:&quot;&quot;,&quot;focal_length&quot;:&quot;4.5&quot;,&quot;iso&quot;:&quot;100&quot;,&quot;shutter_speed&quot;:&quot;0.005&quot;,&quot;title&quot;:&quot;OLYMPUS DIGITAL CAMERA&quot;,&quot;orientation&quot;:&quot;1&quot;}\" data-image-title=\"Die Jungs ziehen mich ab am Sakrower See\" data-image-description=\"\" data-medium-file=\"https:\/\/i0.wp.com\/blog.kunstgriff.net\/wp-content\/uploads\/2020\/05\/Die-Jungs-ziehen-mich-ab-am-Sakrower-See.jpg?fit=2560%2C1707&#038;ssl=1\" data-large-file=\"https:\/\/i0.wp.com\/blog.kunstgriff.net\/wp-content\/uploads\/2020\/05\/Die-Jungs-ziehen-mich-ab-am-Sakrower-See.jpg?fit=2560%2C1707&#038;ssl=1\" src=\"https:\/\/i0.wp.com\/blog.kunstgriff.net\/wp-content\/uploads\/2020\/05\/Die-Jungs-ziehen-mich-ab-am-Sakrower-See.jpg?w=170&#038;h=114&#038;ssl=1\" srcset=\"https:\/\/i0.wp.com\/blog.kunstgriff.net\/wp-content\/uploads\/2020\/05\/Die-Jungs-ziehen-mich-ab-am-Sakrower-See.jpg?w=2560&amp;ssl=1 2560w, https:\/\/i0.wp.com\/blog.kunstgriff.net\/wp-content\/uploads\/2020\/05\/Die-Jungs-ziehen-mich-ab-am-Sakrower-See.jpg?resize=768%2C512&amp;ssl=1 768w, https:\/\/i0.wp.com\/blog.kunstgriff.net\/wp-content\/uploads\/2020\/05\/Die-Jungs-ziehen-mich-ab-am-Sakrower-See.jpg?resize=1536%2C1024&amp;ssl=1 1536w, https:\/\/i0.wp.com\/blog.kunstgriff.net\/wp-content\/uploads\/2020\/05\/Die-Jungs-ziehen-mich-ab-am-Sakrower-See.jpg?resize=2048%2C1366&amp;ssl=1 2048w, https:\/\/i0.wp.com\/blog.kunstgriff.net\/wp-content\/uploads\/2020\/05\/Die-Jungs-ziehen-mich-ab-am-Sakrower-See.jpg?w=1050&amp;ssl=1 1050w\" width=\"170\" height=\"114\" loading=\"lazy\" data-original-width=\"170\" data-original-height=\"114\" itemprop=\"http:\/\/schema.org\/image\" title=\"Die Jungs ziehen mich ab am Sakrower See\" alt=\"Die Jungs ziehen mich ab am Sakrower See\" style=\"width: 170px; height: 114px;\" \/> <\/a> <div class=\"tiled-gallery-caption\" itemprop=\"caption description\"> Die Jungs ziehen mich ab am Sakrower See <\/div> <\/div> <div class=\"tiled-gallery-item tiled-gallery-item-small\" itemprop=\"associatedMedia\" itemscope itemtype=\"http:\/\/schema.org\/ImageObject\"> <a href=\"https:\/\/i0.wp.com\/blog.kunstgriff.net\/wp-content\/uploads\/2020\/05\/kurzer-Boxenstop-hinter-den-Schienen.jpg?ssl=1\" border=\"0\" itemprop=\"url\"> <meta itemprop=\"width\" content=\"170\"> <meta itemprop=\"height\" content=\"113\"> <img decoding=\"async\" class=\"\" data-attachment-id=\"21125\" data-orig-file=\"https:\/\/blog.kunstgriff.net\/wp-content\/uploads\/2020\/05\/kurzer-Boxenstop-hinter-den-Schienen.jpg\" data-orig-size=\"2560,1707\" data-comments-opened=\"1\" data-image-meta=\"{&quot;aperture&quot;:&quot;8&quot;,&quot;credit&quot;:&quot;&quot;,&quot;camera&quot;:&quot;TG-4&quot;,&quot;caption&quot;:&quot;OLYMPUS DIGITAL CAMERA&quot;,&quot;created_timestamp&quot;:&quot;1589109418&quot;,&quot;copyright&quot;:&quot;&quot;,&quot;focal_length&quot;:&quot;4.5&quot;,&quot;iso&quot;:&quot;100&quot;,&quot;shutter_speed&quot;:&quot;0.004&quot;,&quot;title&quot;:&quot;OLYMPUS DIGITAL CAMERA&quot;,&quot;orientation&quot;:&quot;1&quot;}\" data-image-title=\"kurzer Boxenstop hinter den Schienen\" data-image-description=\"\" data-medium-file=\"https:\/\/i0.wp.com\/blog.kunstgriff.net\/wp-content\/uploads\/2020\/05\/kurzer-Boxenstop-hinter-den-Schienen.jpg?fit=2560%2C1707&#038;ssl=1\" data-large-file=\"https:\/\/i0.wp.com\/blog.kunstgriff.net\/wp-content\/uploads\/2020\/05\/kurzer-Boxenstop-hinter-den-Schienen.jpg?fit=2560%2C1707&#038;ssl=1\" src=\"https:\/\/i0.wp.com\/blog.kunstgriff.net\/wp-content\/uploads\/2020\/05\/kurzer-Boxenstop-hinter-den-Schienen.jpg?w=170&#038;h=113&#038;ssl=1\" srcset=\"https:\/\/i0.wp.com\/blog.kunstgriff.net\/wp-content\/uploads\/2020\/05\/kurzer-Boxenstop-hinter-den-Schienen.jpg?w=2560&amp;ssl=1 2560w, https:\/\/i0.wp.com\/blog.kunstgriff.net\/wp-content\/uploads\/2020\/05\/kurzer-Boxenstop-hinter-den-Schienen.jpg?resize=768%2C512&amp;ssl=1 768w, https:\/\/i0.wp.com\/blog.kunstgriff.net\/wp-content\/uploads\/2020\/05\/kurzer-Boxenstop-hinter-den-Schienen.jpg?resize=1536%2C1024&amp;ssl=1 1536w, https:\/\/i0.wp.com\/blog.kunstgriff.net\/wp-content\/uploads\/2020\/05\/kurzer-Boxenstop-hinter-den-Schienen.jpg?resize=2048%2C1366&amp;ssl=1 2048w, https:\/\/i0.wp.com\/blog.kunstgriff.net\/wp-content\/uploads\/2020\/05\/kurzer-Boxenstop-hinter-den-Schienen.jpg?w=1050&amp;ssl=1 1050w\" width=\"170\" height=\"113\" loading=\"lazy\" data-original-width=\"170\" data-original-height=\"113\" itemprop=\"http:\/\/schema.org\/image\" title=\"kurzer Boxenstop hinter den Schienen\" alt=\"kurzer Boxenstop hinter den Schienen\" style=\"width: 170px; height: 113px;\" \/> <\/a> <div class=\"tiled-gallery-caption\" itemprop=\"caption description\"> kurzer Boxenstop hinter den Schienen <\/div> <\/div> <\/div> <!-- close group --> <\/div> <!-- close row --> <div class=\"gallery-row\" style=\"width: 525px; height: 89px;\" data-original-width=\"525\" data-original-height=\"89\" > <div class=\"gallery-group images-1\" style=\"width: 131px; height: 89px;\" data-original-width=\"131\" data-original-height=\"89\" > <div class=\"tiled-gallery-item tiled-gallery-item-small\" itemprop=\"associatedMedia\" itemscope itemtype=\"http:\/\/schema.org\/ImageObject\"> <a href=\"https:\/\/i0.wp.com\/blog.kunstgriff.net\/wp-content\/uploads\/2020\/05\/Gute-Fahrt.jpg?ssl=1\" border=\"0\" itemprop=\"url\"> <meta itemprop=\"width\" content=\"127\"> <meta itemprop=\"height\" content=\"85\"> <img decoding=\"async\" class=\"\" data-attachment-id=\"21123\" data-orig-file=\"https:\/\/blog.kunstgriff.net\/wp-content\/uploads\/2020\/05\/Gute-Fahrt.jpg\" data-orig-size=\"2560,1707\" data-comments-opened=\"1\" data-image-meta=\"{&quot;aperture&quot;:&quot;8&quot;,&quot;credit&quot;:&quot;&quot;,&quot;camera&quot;:&quot;TG-4&quot;,&quot;caption&quot;:&quot;OLYMPUS DIGITAL CAMERA&quot;,&quot;created_timestamp&quot;:&quot;1589109727&quot;,&quot;copyright&quot;:&quot;&quot;,&quot;focal_length&quot;:&quot;4.5&quot;,&quot;iso&quot;:&quot;100&quot;,&quot;shutter_speed&quot;:&quot;0.00625&quot;,&quot;title&quot;:&quot;OLYMPUS DIGITAL CAMERA&quot;,&quot;orientation&quot;:&quot;1&quot;}\" data-image-title=\"Gute Fahrt\" data-image-description=\"\" data-medium-file=\"https:\/\/i0.wp.com\/blog.kunstgriff.net\/wp-content\/uploads\/2020\/05\/Gute-Fahrt.jpg?fit=2560%2C1707&#038;ssl=1\" data-large-file=\"https:\/\/i0.wp.com\/blog.kunstgriff.net\/wp-content\/uploads\/2020\/05\/Gute-Fahrt.jpg?fit=2560%2C1707&#038;ssl=1\" src=\"https:\/\/i0.wp.com\/blog.kunstgriff.net\/wp-content\/uploads\/2020\/05\/Gute-Fahrt.jpg?w=127&#038;h=85&#038;ssl=1\" srcset=\"https:\/\/i0.wp.com\/blog.kunstgriff.net\/wp-content\/uploads\/2020\/05\/Gute-Fahrt.jpg?w=2560&amp;ssl=1 2560w, https:\/\/i0.wp.com\/blog.kunstgriff.net\/wp-content\/uploads\/2020\/05\/Gute-Fahrt.jpg?resize=768%2C512&amp;ssl=1 768w, https:\/\/i0.wp.com\/blog.kunstgriff.net\/wp-content\/uploads\/2020\/05\/Gute-Fahrt.jpg?resize=1536%2C1024&amp;ssl=1 1536w, https:\/\/i0.wp.com\/blog.kunstgriff.net\/wp-content\/uploads\/2020\/05\/Gute-Fahrt.jpg?resize=2048%2C1366&amp;ssl=1 2048w, https:\/\/i0.wp.com\/blog.kunstgriff.net\/wp-content\/uploads\/2020\/05\/Gute-Fahrt.jpg?w=1050&amp;ssl=1 1050w\" width=\"127\" height=\"85\" loading=\"lazy\" data-original-width=\"127\" data-original-height=\"85\" itemprop=\"http:\/\/schema.org\/image\" title=\"Gute Fahrt\" alt=\"Gute Fahrt\" style=\"width: 127px; height: 85px;\" \/> <\/a> <div class=\"tiled-gallery-caption\" itemprop=\"caption description\"> Gute Fahrt <\/div> <\/div> <\/div> <!-- close group --> <div class=\"gallery-group images-1\" style=\"width: 132px; height: 89px;\" data-original-width=\"132\" data-original-height=\"89\" > <div class=\"tiled-gallery-item tiled-gallery-item-small\" itemprop=\"associatedMedia\" itemscope itemtype=\"http:\/\/schema.org\/ImageObject\"> <a href=\"https:\/\/i0.wp.com\/blog.kunstgriff.net\/wp-content\/uploads\/2020\/05\/Next-exit-Golzow.jpg?ssl=1\" border=\"0\" itemprop=\"url\"> <meta itemprop=\"width\" content=\"128\"> <meta itemprop=\"height\" content=\"85\"> <img decoding=\"async\" class=\"\" data-attachment-id=\"21126\" data-orig-file=\"https:\/\/blog.kunstgriff.net\/wp-content\/uploads\/2020\/05\/Next-exit-Golzow.jpg\" data-orig-size=\"2560,1705\" data-comments-opened=\"1\" data-image-meta=\"{&quot;aperture&quot;:&quot;8&quot;,&quot;credit&quot;:&quot;&quot;,&quot;camera&quot;:&quot;TG-4&quot;,&quot;caption&quot;:&quot;OLYMPUS DIGITAL CAMERA&quot;,&quot;created_timestamp&quot;:&quot;1589111872&quot;,&quot;copyright&quot;:&quot;&quot;,&quot;focal_length&quot;:&quot;4.5&quot;,&quot;iso&quot;:&quot;100&quot;,&quot;shutter_speed&quot;:&quot;0.008&quot;,&quot;title&quot;:&quot;OLYMPUS DIGITAL CAMERA&quot;,&quot;orientation&quot;:&quot;1&quot;}\" data-image-title=\"Next exit Golzow\" data-image-description=\"\" data-medium-file=\"https:\/\/i0.wp.com\/blog.kunstgriff.net\/wp-content\/uploads\/2020\/05\/Next-exit-Golzow.jpg?fit=2560%2C1705&#038;ssl=1\" data-large-file=\"https:\/\/i0.wp.com\/blog.kunstgriff.net\/wp-content\/uploads\/2020\/05\/Next-exit-Golzow.jpg?fit=2560%2C1705&#038;ssl=1\" src=\"https:\/\/i0.wp.com\/blog.kunstgriff.net\/wp-content\/uploads\/2020\/05\/Next-exit-Golzow.jpg?w=128&#038;h=85&#038;ssl=1\" srcset=\"https:\/\/i0.wp.com\/blog.kunstgriff.net\/wp-content\/uploads\/2020\/05\/Next-exit-Golzow.jpg?w=2560&amp;ssl=1 2560w, https:\/\/i0.wp.com\/blog.kunstgriff.net\/wp-content\/uploads\/2020\/05\/Next-exit-Golzow.jpg?resize=768%2C512&amp;ssl=1 768w, https:\/\/i0.wp.com\/blog.kunstgriff.net\/wp-content\/uploads\/2020\/05\/Next-exit-Golzow.jpg?resize=1536%2C1023&amp;ssl=1 1536w, https:\/\/i0.wp.com\/blog.kunstgriff.net\/wp-content\/uploads\/2020\/05\/Next-exit-Golzow.jpg?resize=2048%2C1364&amp;ssl=1 2048w, https:\/\/i0.wp.com\/blog.kunstgriff.net\/wp-content\/uploads\/2020\/05\/Next-exit-Golzow.jpg?w=1050&amp;ssl=1 1050w\" width=\"128\" height=\"85\" loading=\"lazy\" data-original-width=\"128\" data-original-height=\"85\" itemprop=\"http:\/\/schema.org\/image\" title=\"Next exit Golzow\" alt=\"Next exit Golzow\" style=\"width: 128px; height: 85px;\" \/> <\/a> <div class=\"tiled-gallery-caption\" itemprop=\"caption description\"> Next exit Golzow <\/div> <\/div> <\/div> <!-- close group --> <div class=\"gallery-group images-1\" style=\"width: 131px; height: 89px;\" data-original-width=\"131\" data-original-height=\"89\" > <div class=\"tiled-gallery-item tiled-gallery-item-small\" itemprop=\"associatedMedia\" itemscope itemtype=\"http:\/\/schema.org\/ImageObject\"> <a href=\"https:\/\/i0.wp.com\/blog.kunstgriff.net\/wp-content\/uploads\/2020\/05\/Kuchenpause-wieder-zu-viel.jpg?ssl=1\" border=\"0\" itemprop=\"url\"> <meta itemprop=\"width\" content=\"127\"> <meta itemprop=\"height\" content=\"85\"> <img decoding=\"async\" class=\"\" data-attachment-id=\"21124\" data-orig-file=\"https:\/\/blog.kunstgriff.net\/wp-content\/uploads\/2020\/05\/Kuchenpause-wieder-zu-viel.jpg\" data-orig-size=\"2560,1707\" data-comments-opened=\"1\" data-image-meta=\"{&quot;aperture&quot;:&quot;8&quot;,&quot;credit&quot;:&quot;&quot;,&quot;camera&quot;:&quot;TG-4&quot;,&quot;caption&quot;:&quot;OLYMPUS DIGITAL CAMERA&quot;,&quot;created_timestamp&quot;:&quot;1589113827&quot;,&quot;copyright&quot;:&quot;&quot;,&quot;focal_length&quot;:&quot;4.5&quot;,&quot;iso&quot;:&quot;100&quot;,&quot;shutter_speed&quot;:&quot;0.005&quot;,&quot;title&quot;:&quot;OLYMPUS DIGITAL CAMERA&quot;,&quot;orientation&quot;:&quot;1&quot;}\" data-image-title=\"Kuchenpause &amp;#8211; wieder zu viel\" data-image-description=\"\" data-medium-file=\"https:\/\/i0.wp.com\/blog.kunstgriff.net\/wp-content\/uploads\/2020\/05\/Kuchenpause-wieder-zu-viel.jpg?fit=2560%2C1707&#038;ssl=1\" data-large-file=\"https:\/\/i0.wp.com\/blog.kunstgriff.net\/wp-content\/uploads\/2020\/05\/Kuchenpause-wieder-zu-viel.jpg?fit=2560%2C1707&#038;ssl=1\" src=\"https:\/\/i0.wp.com\/blog.kunstgriff.net\/wp-content\/uploads\/2020\/05\/Kuchenpause-wieder-zu-viel.jpg?w=127&#038;h=85&#038;ssl=1\" srcset=\"https:\/\/i0.wp.com\/blog.kunstgriff.net\/wp-content\/uploads\/2020\/05\/Kuchenpause-wieder-zu-viel.jpg?w=2560&amp;ssl=1 2560w, https:\/\/i0.wp.com\/blog.kunstgriff.net\/wp-content\/uploads\/2020\/05\/Kuchenpause-wieder-zu-viel.jpg?resize=768%2C512&amp;ssl=1 768w, https:\/\/i0.wp.com\/blog.kunstgriff.net\/wp-content\/uploads\/2020\/05\/Kuchenpause-wieder-zu-viel.jpg?resize=1536%2C1024&amp;ssl=1 1536w, https:\/\/i0.wp.com\/blog.kunstgriff.net\/wp-content\/uploads\/2020\/05\/Kuchenpause-wieder-zu-viel.jpg?resize=2048%2C1366&amp;ssl=1 2048w, https:\/\/i0.wp.com\/blog.kunstgriff.net\/wp-content\/uploads\/2020\/05\/Kuchenpause-wieder-zu-viel.jpg?w=1050&amp;ssl=1 1050w\" width=\"127\" height=\"85\" loading=\"lazy\" data-original-width=\"127\" data-original-height=\"85\" itemprop=\"http:\/\/schema.org\/image\" title=\"Kuchenpause - wieder zu viel\" alt=\"Kuchenpause - wieder zu viel\" style=\"width: 127px; height: 85px;\" \/> <\/a> <div class=\"tiled-gallery-caption\" itemprop=\"caption description\"> Kuchenpause &#8211; wieder zu viel <\/div> <\/div> <\/div> <!-- close group --> <div class=\"gallery-group images-1\" style=\"width: 131px; height: 89px;\" data-original-width=\"131\" data-original-height=\"89\" > <div class=\"tiled-gallery-item tiled-gallery-item-small\" itemprop=\"associatedMedia\" itemscope itemtype=\"http:\/\/schema.org\/ImageObject\"> <a href=\"https:\/\/i0.wp.com\/blog.kunstgriff.net\/wp-content\/uploads\/2020\/05\/B%C3%A4ckerschlange.jpg?ssl=1\" border=\"0\" itemprop=\"url\"> <meta itemprop=\"width\" content=\"127\"> <meta itemprop=\"height\" content=\"85\"> <img decoding=\"async\" class=\"\" data-attachment-id=\"21121\" data-orig-file=\"https:\/\/blog.kunstgriff.net\/wp-content\/uploads\/2020\/05\/B\u00e4ckerschlange.jpg\" data-orig-size=\"2560,1707\" data-comments-opened=\"1\" data-image-meta=\"{&quot;aperture&quot;:&quot;3.5&quot;,&quot;credit&quot;:&quot;&quot;,&quot;camera&quot;:&quot;TG-4&quot;,&quot;caption&quot;:&quot;OLYMPUS DIGITAL CAMERA&quot;,&quot;created_timestamp&quot;:&quot;1589114740&quot;,&quot;copyright&quot;:&quot;&quot;,&quot;focal_length&quot;:&quot;6.42&quot;,&quot;iso&quot;:&quot;100&quot;,&quot;shutter_speed&quot;:&quot;0.00125&quot;,&quot;title&quot;:&quot;OLYMPUS DIGITAL CAMERA&quot;,&quot;orientation&quot;:&quot;1&quot;}\" data-image-title=\"B\u00e4ckerschlange\" data-image-description=\"\" data-medium-file=\"https:\/\/i0.wp.com\/blog.kunstgriff.net\/wp-content\/uploads\/2020\/05\/B%C3%A4ckerschlange.jpg?fit=2560%2C1707&#038;ssl=1\" data-large-file=\"https:\/\/i0.wp.com\/blog.kunstgriff.net\/wp-content\/uploads\/2020\/05\/B%C3%A4ckerschlange.jpg?fit=2560%2C1707&#038;ssl=1\" src=\"https:\/\/i0.wp.com\/blog.kunstgriff.net\/wp-content\/uploads\/2020\/05\/B%C3%A4ckerschlange.jpg?w=127&#038;h=85&#038;ssl=1\" width=\"127\" height=\"85\" loading=\"lazy\" data-original-width=\"127\" data-original-height=\"85\" itemprop=\"http:\/\/schema.org\/image\" title=\"B\u00e4ckerschlange\" alt=\"B\u00e4ckerschlange\" style=\"width: 127px; height: 85px;\" \/> <\/a> <div class=\"tiled-gallery-caption\" itemprop=\"caption description\"> B\u00e4ckerschlange <\/div> <\/div> <\/div> <!-- close group --> <\/div> <!-- close row --> <\/div>\n","protected":false},"excerpt":{"rendered":"<p>Sonntags-Backwahn-Radler Wie an den meisten Sonntagen der vergangenen Dekade gab es heute wieder mal einen bekannten Programmpunkt, und der hie\u00df: Rennrad fahren. Die Verabredung war schnell erledigt. Ist ja schon fast Familie, mit den Jungs zu fahren. Wer sich auskennt wei\u00df, da\u00df dies ein wichtiges Merkmal f\u00fcr gesetztes-konforme Freizeitgestaltung in diesen Tagen ist. 10 Uhr &hellip; <\/p>\n<p class=\"link-more\"><a href=\"https:\/\/blog.kunstgriff.net\/?p=21119\" class=\"more-link\"><span class=\"screen-reader-text\">\u201eP\u00e4wesin-Runde #04\u201c <\/span>weiterlesen<\/a><\/p>\n","protected":false},"author":2,"featured_media":21122,"comment_status":"open","ping_status":"open","sticky":false,"template":"","format":"standard","meta":{"jetpack_post_was_ever_published":false,"_jetpack_newsletter_access":"","_jetpack_dont_email_post_to_subs":false,"_jetpack_newsletter_tier_id":0,"_jetpack_memberships_contains_paywalled_content":false,"_jetpack_memberships_contains_paid_content":false,"footnotes":""},"categories":[34,14,7],"tags":[],"class_list":["post-21119","post","type-post","status-publish","format-standard","has-post-thumbnail","hentry","category-cake-ride","category-radfahren","category-rennradfahren"],"jetpack_featured_media_url":"https:\/\/i0.wp.com\/blog.kunstgriff.net\/wp-content\/uploads\/2020\/05\/Die-Jungs-ziehen-mich-ab-am-Sakrower-See.jpg?fit=2560%2C1707&ssl=1","jetpack_shortlink":"https:\/\/wp.me\/p8Cxe7-5uD","jetpack-related-posts":[{"id":21899,"url":"https:\/\/blog.kunstgriff.net\/?p=21899","url_meta":{"origin":21119,"position":0},"title":"P\u00e4wesin-Runde #12","author":"Georg","date":"Oktober 25, 2020","format":false,"excerpt":"Heute wieder mit F\u00e4hrfahrt Nachdem ich in letzter Zeit ausschlie\u00dflich auf Zwift unterwegs war, war heute Wetter und Mitfahrer so hervorragend, da\u00df ich das Drau\u00dfen-Fahren nicht verweigern konnte. Trotz der Komfortzone von den eigenen Vier-W\u00e4nden und dem darin komfortabel abzuhaltenden Training als Alternativprogramm. Erstmal gab es schon vor der Haust\u00fcr\u2026","rel":"","context":"In &quot;Cake-Ride&quot;","block_context":{"text":"Cake-Ride","link":"https:\/\/blog.kunstgriff.net\/?cat=34"},"img":{"alt_text":"Die Bande am Tunnel","src":"https:\/\/i0.wp.com\/blog.kunstgriff.net\/wp-content\/uploads\/2020\/10\/Die-Bande-am-Tunnel.jpg?fit=1200%2C800&ssl=1&resize=350%2C200","width":350,"height":200,"srcset":"https:\/\/i0.wp.com\/blog.kunstgriff.net\/wp-content\/uploads\/2020\/10\/Die-Bande-am-Tunnel.jpg?fit=1200%2C800&ssl=1&resize=350%2C200 1x, https:\/\/i0.wp.com\/blog.kunstgriff.net\/wp-content\/uploads\/2020\/10\/Die-Bande-am-Tunnel.jpg?fit=1200%2C800&ssl=1&resize=525%2C300 1.5x, https:\/\/i0.wp.com\/blog.kunstgriff.net\/wp-content\/uploads\/2020\/10\/Die-Bande-am-Tunnel.jpg?fit=1200%2C800&ssl=1&resize=700%2C400 2x, https:\/\/i0.wp.com\/blog.kunstgriff.net\/wp-content\/uploads\/2020\/10\/Die-Bande-am-Tunnel.jpg?fit=1200%2C800&ssl=1&resize=1050%2C600 3x"},"classes":[]},{"id":7768,"url":"https:\/\/blog.kunstgriff.net\/?p=7768","url_meta":{"origin":21119,"position":1},"title":"Nordrunde \u00fcber Kremmen","author":"Georg","date":"April 22, 2012","format":false,"excerpt":"oder \u00bbHeute gleich zwei Premieren in 2012\u00abEigentlich war heute geplant mit einigen Radlern aus der Rennradgruppe den Oderbruch zu erkunden. Um 8:45 Uhr konnte ich mich aber nicht aufraffen, denn der Himmel war grau und ich war irgendwie unmotiviert, mich auf meinen geputzten und gewarteten Renner zu setzten. Aber auch\u2026","rel":"","context":"In &quot;Radfahren&quot;","block_context":{"text":"Radfahren","link":"https:\/\/blog.kunstgriff.net\/?cat=14"},"img":{"alt_text":"","src":"https:\/\/i0.wp.com\/blog.kunstgriff.net\/wp-content\/uploads\/2012\/04\/Fast-trockene-Wege-bei-Paaren-im-Glien.jpg?resize=350%2C200","width":350,"height":200,"srcset":"https:\/\/i0.wp.com\/blog.kunstgriff.net\/wp-content\/uploads\/2012\/04\/Fast-trockene-Wege-bei-Paaren-im-Glien.jpg?resize=350%2C200 1x, https:\/\/i0.wp.com\/blog.kunstgriff.net\/wp-content\/uploads\/2012\/04\/Fast-trockene-Wege-bei-Paaren-im-Glien.jpg?resize=525%2C300 1.5x"},"classes":[]},{"id":7870,"url":"https:\/\/blog.kunstgriff.net\/?p=7870","url_meta":{"origin":21119,"position":2},"title":"Oranienburg- > Usedom 2012","author":"Georg","date":"Mai 12, 2012","format":false,"excerpt":"oder \u00bb11 gegen den Wind\u00abEine Woche nicht auf dem Rad zu sitzen, ist sicher nicht die richtige Vorbereitung f\u00fcr das Vorhaben Usedom Fr\u00fchjahr 2012, und so machte ich mich mit einem mulmigen Gef\u00fchl um 5 Uhr auf den Weg nach Oranienburg. Fast alle Kettenbr\u00fcder waren im RegionalExpress zum Start, als\u2026","rel":"","context":"In &quot;200er&quot;","block_context":{"text":"200er","link":"https:\/\/blog.kunstgriff.net\/?cat=48"},"img":{"alt_text":"","src":"https:\/\/i0.wp.com\/blog.kunstgriff.net\/wp-content\/uploads\/2012\/05\/Kurz-vor-der-Abfahrt-in-Oranienburg-300x225.jpg?resize=350%2C200","width":350,"height":200},"classes":[]},{"id":5721,"url":"https:\/\/blog.kunstgriff.net\/?p=5721","url_meta":{"origin":21119,"position":3},"title":"Oranienburg -> \u00dcckeritz auf Usedom 2011","author":"Georg","date":"September 3, 2011","format":false,"excerpt":"oder \u00bbBestes Wetter & Team\u00ab Erstes September-Wochenende und auf dem Zettel steht, ja schon fast traditionell, die Fahrt nach Usedom. Da die Schulferien nun beendet und der goldene Herbst beginnt, sind die Voraussetzung f\u00fcr dieses Vorhaben ideal: Wenig Verkehr auf den Stra\u00dfen und keine \u00fcberf\u00fcllten Regionalz\u00fcge auf der R\u00fcckfahrt von\u2026","rel":"","context":"In &quot;Besonderes Ereignis&quot;","block_context":{"text":"Besonderes Ereignis","link":"https:\/\/blog.kunstgriff.net\/?cat=25"},"img":{"alt_text":"","src":"https:\/\/i0.wp.com\/blog.kunstgriff.net\/wp-content\/uploads\/2011\/09\/6-Uhr-17-Abfahrt-in-Oranienburg.jpg?resize=350%2C200","width":350,"height":200,"srcset":"https:\/\/i0.wp.com\/blog.kunstgriff.net\/wp-content\/uploads\/2011\/09\/6-Uhr-17-Abfahrt-in-Oranienburg.jpg?resize=350%2C200 1x, https:\/\/i0.wp.com\/blog.kunstgriff.net\/wp-content\/uploads\/2011\/09\/6-Uhr-17-Abfahrt-in-Oranienburg.jpg?resize=525%2C300 1.5x, https:\/\/i0.wp.com\/blog.kunstgriff.net\/wp-content\/uploads\/2011\/09\/6-Uhr-17-Abfahrt-in-Oranienburg.jpg?resize=700%2C400 2x"},"classes":[]},{"id":13515,"url":"https:\/\/blog.kunstgriff.net\/?p=13515","url_meta":{"origin":21119,"position":4},"title":"10-Uhr-Gruppen-S\u00fcd-Runde","author":"Georg","date":"Mai 28, 2016","format":false,"excerpt":"oder \u00bbFlotte Runde mit den Starken\u00abAm Vorabend Geburtstag mit Freunden feiern und dann zur 10-Uhr-Gruppe fahren, ist eigentlich keine gute Kombi. Ich wollte aber unbedingt heute in der Gruppe fahren, also blieb mir nix anderes \u00fcbrig als um 10 Uhr am Tunnel zu sein. Die \u00fcblich grosse Gruppe brach gen\u2026","rel":"","context":"In &quot;Radfahren&quot;","block_context":{"text":"Radfahren","link":"https:\/\/blog.kunstgriff.net\/?cat=14"},"img":{"alt_text":"","src":"","width":0,"height":0},"classes":[]},{"id":7528,"url":"https:\/\/blog.kunstgriff.net\/?p=7528","url_meta":{"origin":21119,"position":5},"title":"Mallorca Trainingscamp 2012 &#8211; Tag 6 &#8211; K\u00fcstenklassiker","author":"Georg","date":"M\u00e4rz 15, 2012","format":false,"excerpt":"oder \u00bbK\u00f6nigs-Etappe\u00abHeute stand die lange K\u00fcstenstrasse auf dem Programm. Aufgrund der langen Strecke war der Start schon auf 8:30 Uhr gelegt, was dazu f\u00fchrte das ausnahmsweise eine Stunde vorher im Fr\u00fchst\u00fccksraum schon rege Betriebsamkeit herrschte. Es war neblig und frisch und so war es nicht wirklich leicht, eine richtige Garderobenwahl\u2026","rel":"","context":"In &quot;200er&quot;","block_context":{"text":"200er","link":"https:\/\/blog.kunstgriff.net\/?cat=48"},"img":{"alt_text":"","src":"https:\/\/i0.wp.com\/blog.kunstgriff.net\/wp-content\/uploads\/2012\/03\/Boxentstop-hinter-Santa-Maria.jpg?resize=350%2C200","width":350,"height":200,"srcset":"https:\/\/i0.wp.com\/blog.kunstgriff.net\/wp-content\/uploads\/2012\/03\/Boxentstop-hinter-Santa-Maria.jpg?resize=350%2C200 1x, https:\/\/i0.wp.com\/blog.kunstgriff.net\/wp-content\/uploads\/2012\/03\/Boxentstop-hinter-Santa-Maria.jpg?resize=525%2C300 1.5x, https:\/\/i0.wp.com\/blog.kunstgriff.net\/wp-content\/uploads\/2012\/03\/Boxentstop-hinter-Santa-Maria.jpg?resize=700%2C400 2x"},"classes":[]}],"jetpack_likes_enabled":true,"jetpack_sharing_enabled":true,"_links":{"self":[{"href":"https:\/\/blog.kunstgriff.net\/index.php?rest_route=\/wp\/v2\/posts\/21119","targetHints":{"allow":["GET"]}}],"collection":[{"href":"https:\/\/blog.kunstgriff.net\/index.php?rest_route=\/wp\/v2\/posts"}],"about":[{"href":"https:\/\/blog.kunstgriff.net\/index.php?rest_route=\/wp\/v2\/types\/post"}],"author":[{"embeddable":true,"href":"https:\/\/blog.kunstgriff.net\/index.php?rest_route=\/wp\/v2\/users\/2"}],"replies":[{"embeddable":true,"href":"https:\/\/blog.kunstgriff.net\/index.php?rest_route=%2Fwp%2Fv2%2Fcomments&post=21119"}],"version-history":[{"count":9,"href":"https:\/\/blog.kunstgriff.net\/index.php?rest_route=\/wp\/v2\/posts\/21119\/revisions"}],"predecessor-version":[{"id":21135,"href":"https:\/\/blog.kunstgriff.net\/index.php?rest_route=\/wp\/v2\/posts\/21119\/revisions\/21135"}],"wp:featuredmedia":[{"embeddable":true,"href":"https:\/\/blog.kunstgriff.net\/index.php?rest_route=\/wp\/v2\/media\/21122"}],"wp:attachment":[{"href":"https:\/\/blog.kunstgriff.net\/index.php?rest_route=%2Fwp%2Fv2%2Fmedia&parent=21119"}],"wp:term":[{"taxonomy":"category","embeddable":true,"href":"https:\/\/blog.kunstgriff.net\/index.php?rest_route=%2Fwp%2Fv2%2Fcategories&post=21119"},{"taxonomy":"post_tag","embeddable":true,"href":"https:\/\/blog.kunstgriff.net\/index.php?rest_route=%2Fwp%2Fv2%2Ftags&post=21119"}],"curies":[{"name":"wp","href":"https:\/\/api.w.org\/{rel}","templated":true}]}}