{"id":21154,"date":"2020-05-16T18:22:46","date_gmt":"2020-05-16T16:22:46","guid":{"rendered":"https:\/\/blog.kunstgriff.net\/?p=21154"},"modified":"2020-05-16T18:22:46","modified_gmt":"2020-05-16T16:22:46","slug":"paewesin-runde-05-2","status":"publish","type":"post","link":"https:\/\/blog.kunstgriff.net\/?p=21154","title":{"rendered":"P\u00e4wesin-Runde #05"},"content":{"rendered":"<span class=\"span-reading-time rt-reading-time\" style=\"display: block;\"><span class=\"rt-label rt-prefix\">Lesezeit: <\/span> <span class=\"rt-time\"> 2<\/span> <span class=\"rt-label rt-postfix\">Minuten<\/span><\/span><h4>Werder ohne Kirschbl\u00fcten<\/h4>\n<hr \/>\n<p>In der Woche 10 <del datetime=\"2020-05-16T16:01:08+00:00\">nach<\/del>\u00a0der Corona-Krise, sollten es in Ermangelung anderer interessanter Ziele, erneut nach P\u00e4wesin gehen.<\/p>\n<p>Um es nicht all zu dr\u00f6ge zu gestalten und Alex mal was neues zu zeigen, w\u00e4hlten Stefan und ich heute den Weg \u00fcber Potsdam, Werder und die F\u00e4hre nach Ketzin \u00fcber die Havel. Schon mal gemacht, aber lange wars her und so wollten wir heute mal wieder so das Havelland erkunden. Es lief, trotz stetigen Gegenwindes, recht gut. Das lag haupts\u00e4chlich an der kontinuierlichen F\u00fchrungsarbeit von Stefan. Grosses Kino!<\/p>\n<p>So erreichten wir relativ unbeschadet die F\u00e4hre nach Ketzin. Leider war diese schon am ablegen und hatte unser Ufer schon einige Meter in Richtung Havel-Mitte verlassen. Erstaunlicherweise machte der Kapit\u00e4n kehrt und kam kurzerhand zu uns zur\u00fcck um uns noch aufzunehmen. Welch Luxus! Nicht vorzustellen, wie sowas in Berlin ablaufen k\u00f6nnte, da braucht der Bus noch nichtmal rollen und es gibt kein Reinkommen mehr. Das sch\u00f6ne Brandenburg uns seine Einwohner sind immer f\u00fcr eine \u00dcberraschung gut!<\/p>\n<p>Von Ketzin aus ging es dann schnurstracks zu unserem geliebten Pausenort, dem Backwahn in P\u00e4wesin. Heute wieder mit wenig Menschen vor uns in der Schlange. Perfektes Timing und auf Anhieb konnten wir auch einen Tisch ergattern, der nun wieder besetzt werden durfte. Aber nur eine Stunde! (siehe Foto). Dies sollte machbar sein, obwohl das Aufbrechen erneut schwer fiel. Allerdings versprach der R\u00fcckweg heute Schiebewind und so ging es dann doch mit ordentlich Tempo zur\u00fcck in die Hauptstadt. Segmente wurden angefahren und es lief auch f\u00fcr mich, trotz der zwei St\u00fcck Kuchen, erstaunlich gut. Vielleicht kommt ja so langsam doch meine Form wieder!?<\/p>\n<p>An der ARAL am B5 Center gabs dann noch ne Cola f\u00fcr die letzten Kilometer. Ein Habitus der sich bei der letzten Ausfahrt etabliert hat. Mal sehen ob wir das beibehalten?!<\/p>\n<p>Klasse Runde! Mal sehen, was morgen so geht? Hoffentlich kein Regen!<\/p>\n<p><iframe loading=\"lazy\" src=\"https:\/\/www.strava.com\/activities\/3461107856\/embed\/22ea76a777157c05f93cf8551c875e2edbd917da\" width=\"590\" height=\"405\" frameborder=\"0\" scrolling=\"no\"><\/iframe><\/p>\n<div class=\"tiled-gallery type-rectangular tiled-gallery-unresized\" data-original-width=\"525\" data-carousel-extra='{&quot;blog_id&quot;:1,&quot;permalink&quot;:&quot;https:\\\/\\\/blog.kunstgriff.net\\\/?p=21154&quot;,&quot;likes_blog_id&quot;:127394879}' itemscope itemtype=\"http:\/\/schema.org\/ImageGallery\" > <div class=\"gallery-row\" style=\"width: 525px; height: 235px;\" data-original-width=\"525\" data-original-height=\"235\" > <div class=\"gallery-group images-1\" style=\"width: 351px; height: 235px;\" data-original-width=\"351\" data-original-height=\"235\" > <div class=\"tiled-gallery-item tiled-gallery-item-large\" itemprop=\"associatedMedia\" itemscope itemtype=\"http:\/\/schema.org\/ImageObject\"> <a href=\"https:\/\/i0.wp.com\/blog.kunstgriff.net\/wp-content\/uploads\/2020\/05\/Sch%C3%A4ferberg-Hochochseln.jpg?ssl=1\" border=\"0\" itemprop=\"url\"> <meta itemprop=\"width\" content=\"347\"> <meta itemprop=\"height\" content=\"231\"> <img decoding=\"async\" class=\"\" data-attachment-id=\"21153\" data-orig-file=\"https:\/\/blog.kunstgriff.net\/wp-content\/uploads\/2020\/05\/Sch\u00e4ferberg-Hochochseln.jpg\" data-orig-size=\"2560,1707\" data-comments-opened=\"1\" data-image-meta=\"{&quot;aperture&quot;:&quot;8&quot;,&quot;credit&quot;:&quot;&quot;,&quot;camera&quot;:&quot;TG-4&quot;,&quot;caption&quot;:&quot;OLYMPUS DIGITAL CAMERA&quot;,&quot;created_timestamp&quot;:&quot;1589625064&quot;,&quot;copyright&quot;:&quot;&quot;,&quot;focal_length&quot;:&quot;4.5&quot;,&quot;iso&quot;:&quot;100&quot;,&quot;shutter_speed&quot;:&quot;0.008&quot;,&quot;title&quot;:&quot;OLYMPUS DIGITAL CAMERA&quot;,&quot;orientation&quot;:&quot;1&quot;}\" data-image-title=\"Sch\u00e4ferberg Hochochsen\" data-image-description=\"\" data-medium-file=\"https:\/\/i0.wp.com\/blog.kunstgriff.net\/wp-content\/uploads\/2020\/05\/Sch%C3%A4ferberg-Hochochseln.jpg?fit=2560%2C1707&#038;ssl=1\" data-large-file=\"https:\/\/i0.wp.com\/blog.kunstgriff.net\/wp-content\/uploads\/2020\/05\/Sch%C3%A4ferberg-Hochochseln.jpg?fit=2560%2C1707&#038;ssl=1\" src=\"https:\/\/i0.wp.com\/blog.kunstgriff.net\/wp-content\/uploads\/2020\/05\/Sch%C3%A4ferberg-Hochochseln.jpg?w=347&#038;h=231&#038;ssl=1\" width=\"347\" height=\"231\" loading=\"lazy\" data-original-width=\"347\" data-original-height=\"231\" itemprop=\"http:\/\/schema.org\/image\" title=\"Sch\u00e4ferberg Hochochsen\" alt=\"Sch\u00e4ferberg Hochochsen\" style=\"width: 347px; height: 231px;\" \/> <\/a> <div class=\"tiled-gallery-caption\" itemprop=\"caption description\"> Sch\u00e4ferberg Hochochsen <\/div> <\/div> <\/div> <!-- close group --> <div class=\"gallery-group images-2\" style=\"width: 174px; height: 235px;\" data-original-width=\"174\" data-original-height=\"235\" > <div class=\"tiled-gallery-item tiled-gallery-item-small\" itemprop=\"associatedMedia\" itemscope itemtype=\"http:\/\/schema.org\/ImageObject\"> <a href=\"https:\/\/i0.wp.com\/blog.kunstgriff.net\/wp-content\/uploads\/2020\/05\/Auf-der-F%C3%A4hre-nach-Ketzin.jpg?ssl=1\" border=\"0\" itemprop=\"url\"> <meta itemprop=\"width\" content=\"170\"> <meta itemprop=\"height\" content=\"114\"> <img decoding=\"async\" class=\"\" data-attachment-id=\"21149\" data-orig-file=\"https:\/\/blog.kunstgriff.net\/wp-content\/uploads\/2020\/05\/Auf-der-F\u00e4hre-nach-Ketzin.jpg\" data-orig-size=\"2560,1707\" data-comments-opened=\"1\" data-image-meta=\"{&quot;aperture&quot;:&quot;2.8&quot;,&quot;credit&quot;:&quot;&quot;,&quot;camera&quot;:&quot;TG-4&quot;,&quot;caption&quot;:&quot;OLYMPUS DIGITAL CAMERA&quot;,&quot;created_timestamp&quot;:&quot;1589629375&quot;,&quot;copyright&quot;:&quot;&quot;,&quot;focal_length&quot;:&quot;4.5&quot;,&quot;iso&quot;:&quot;100&quot;,&quot;shutter_speed&quot;:&quot;0.0015625&quot;,&quot;title&quot;:&quot;OLYMPUS DIGITAL CAMERA&quot;,&quot;orientation&quot;:&quot;1&quot;}\" data-image-title=\"Auf der F\u00e4hre nach Ketzin\" data-image-description=\"\" data-medium-file=\"https:\/\/i0.wp.com\/blog.kunstgriff.net\/wp-content\/uploads\/2020\/05\/Auf-der-F%C3%A4hre-nach-Ketzin.jpg?fit=2560%2C1707&#038;ssl=1\" data-large-file=\"https:\/\/i0.wp.com\/blog.kunstgriff.net\/wp-content\/uploads\/2020\/05\/Auf-der-F%C3%A4hre-nach-Ketzin.jpg?fit=2560%2C1707&#038;ssl=1\" src=\"https:\/\/i0.wp.com\/blog.kunstgriff.net\/wp-content\/uploads\/2020\/05\/Auf-der-F%C3%A4hre-nach-Ketzin.jpg?w=170&#038;h=114&#038;ssl=1\" width=\"170\" height=\"114\" loading=\"lazy\" data-original-width=\"170\" data-original-height=\"114\" itemprop=\"http:\/\/schema.org\/image\" title=\"Auf der F\u00e4hre nach Ketzin\" alt=\"Auf der F\u00e4hre nach Ketzin\" style=\"width: 170px; height: 114px;\" \/> <\/a> <div class=\"tiled-gallery-caption\" itemprop=\"caption description\"> Auf der F\u00e4hre nach Ketzin <\/div> <\/div> <div class=\"tiled-gallery-item tiled-gallery-item-small\" itemprop=\"associatedMedia\" itemscope itemtype=\"http:\/\/schema.org\/ImageObject\"> <a href=\"https:\/\/i0.wp.com\/blog.kunstgriff.net\/wp-content\/uploads\/2020\/05\/Havel-bei-Ketzin.jpg?ssl=1\" border=\"0\" itemprop=\"url\"> <meta itemprop=\"width\" content=\"170\"> <meta itemprop=\"height\" content=\"113\"> <img decoding=\"async\" class=\"\" data-attachment-id=\"21152\" data-orig-file=\"https:\/\/blog.kunstgriff.net\/wp-content\/uploads\/2020\/05\/Havel-bei-Ketzin.jpg\" data-orig-size=\"2560,1707\" data-comments-opened=\"1\" data-image-meta=\"{&quot;aperture&quot;:&quot;8&quot;,&quot;credit&quot;:&quot;&quot;,&quot;camera&quot;:&quot;TG-4&quot;,&quot;caption&quot;:&quot;OLYMPUS DIGITAL CAMERA&quot;,&quot;created_timestamp&quot;:&quot;1589629625&quot;,&quot;copyright&quot;:&quot;&quot;,&quot;focal_length&quot;:&quot;4.5&quot;,&quot;iso&quot;:&quot;100&quot;,&quot;shutter_speed&quot;:&quot;0.005&quot;,&quot;title&quot;:&quot;OLYMPUS DIGITAL CAMERA&quot;,&quot;orientation&quot;:&quot;1&quot;}\" data-image-title=\"Havel bei Ketzin\" data-image-description=\"\" data-medium-file=\"https:\/\/i0.wp.com\/blog.kunstgriff.net\/wp-content\/uploads\/2020\/05\/Havel-bei-Ketzin.jpg?fit=2560%2C1707&#038;ssl=1\" data-large-file=\"https:\/\/i0.wp.com\/blog.kunstgriff.net\/wp-content\/uploads\/2020\/05\/Havel-bei-Ketzin.jpg?fit=2560%2C1707&#038;ssl=1\" src=\"https:\/\/i0.wp.com\/blog.kunstgriff.net\/wp-content\/uploads\/2020\/05\/Havel-bei-Ketzin.jpg?w=170&#038;h=113&#038;ssl=1\" srcset=\"https:\/\/i0.wp.com\/blog.kunstgriff.net\/wp-content\/uploads\/2020\/05\/Havel-bei-Ketzin.jpg?w=2560&amp;ssl=1 2560w, https:\/\/i0.wp.com\/blog.kunstgriff.net\/wp-content\/uploads\/2020\/05\/Havel-bei-Ketzin.jpg?resize=768%2C512&amp;ssl=1 768w, https:\/\/i0.wp.com\/blog.kunstgriff.net\/wp-content\/uploads\/2020\/05\/Havel-bei-Ketzin.jpg?resize=1536%2C1024&amp;ssl=1 1536w, https:\/\/i0.wp.com\/blog.kunstgriff.net\/wp-content\/uploads\/2020\/05\/Havel-bei-Ketzin.jpg?resize=2048%2C1366&amp;ssl=1 2048w, https:\/\/i0.wp.com\/blog.kunstgriff.net\/wp-content\/uploads\/2020\/05\/Havel-bei-Ketzin.jpg?w=1050&amp;ssl=1 1050w\" width=\"170\" height=\"113\" loading=\"lazy\" data-original-width=\"170\" data-original-height=\"113\" itemprop=\"http:\/\/schema.org\/image\" title=\"Havel bei Ketzin\" alt=\"Havel bei Ketzin\" style=\"width: 170px; height: 113px;\" \/> <\/a> <div class=\"tiled-gallery-caption\" itemprop=\"caption description\"> Havel bei Ketzin <\/div> <\/div> <\/div> <!-- close group --> <\/div> <!-- close row --> <div class=\"gallery-row\" style=\"width: 525px; height: 176px;\" data-original-width=\"525\" data-original-height=\"176\" > <div class=\"gallery-group images-1\" style=\"width: 263px; height: 176px;\" data-original-width=\"263\" data-original-height=\"176\" > <div class=\"tiled-gallery-item tiled-gallery-item-large\" itemprop=\"associatedMedia\" itemscope itemtype=\"http:\/\/schema.org\/ImageObject\"> <a href=\"https:\/\/i0.wp.com\/blog.kunstgriff.net\/wp-content\/uploads\/2020\/05\/Endlich-Kuchen-am-Tisch.jpg?ssl=1\" border=\"0\" itemprop=\"url\"> <meta itemprop=\"width\" content=\"259\"> <meta itemprop=\"height\" content=\"172\"> <img decoding=\"async\" class=\"\" data-attachment-id=\"21151\" data-orig-file=\"https:\/\/blog.kunstgriff.net\/wp-content\/uploads\/2020\/05\/Endlich-Kuchen-am-Tisch.jpg\" data-orig-size=\"2560,1707\" data-comments-opened=\"1\" data-image-meta=\"{&quot;aperture&quot;:&quot;8&quot;,&quot;credit&quot;:&quot;&quot;,&quot;camera&quot;:&quot;TG-4&quot;,&quot;caption&quot;:&quot;OLYMPUS DIGITAL CAMERA&quot;,&quot;created_timestamp&quot;:&quot;1589632125&quot;,&quot;copyright&quot;:&quot;&quot;,&quot;focal_length&quot;:&quot;4.5&quot;,&quot;iso&quot;:&quot;100&quot;,&quot;shutter_speed&quot;:&quot;0.00625&quot;,&quot;title&quot;:&quot;OLYMPUS DIGITAL CAMERA&quot;,&quot;orientation&quot;:&quot;1&quot;}\" data-image-title=\"Endlich Kuchen am Tisch\" data-image-description=\"\" data-medium-file=\"https:\/\/i0.wp.com\/blog.kunstgriff.net\/wp-content\/uploads\/2020\/05\/Endlich-Kuchen-am-Tisch.jpg?fit=2560%2C1707&#038;ssl=1\" data-large-file=\"https:\/\/i0.wp.com\/blog.kunstgriff.net\/wp-content\/uploads\/2020\/05\/Endlich-Kuchen-am-Tisch.jpg?fit=2560%2C1707&#038;ssl=1\" src=\"https:\/\/i0.wp.com\/blog.kunstgriff.net\/wp-content\/uploads\/2020\/05\/Endlich-Kuchen-am-Tisch.jpg?w=259&#038;h=172&#038;ssl=1\" srcset=\"https:\/\/i0.wp.com\/blog.kunstgriff.net\/wp-content\/uploads\/2020\/05\/Endlich-Kuchen-am-Tisch.jpg?w=2560&amp;ssl=1 2560w, https:\/\/i0.wp.com\/blog.kunstgriff.net\/wp-content\/uploads\/2020\/05\/Endlich-Kuchen-am-Tisch.jpg?resize=768%2C512&amp;ssl=1 768w, https:\/\/i0.wp.com\/blog.kunstgriff.net\/wp-content\/uploads\/2020\/05\/Endlich-Kuchen-am-Tisch.jpg?resize=1536%2C1024&amp;ssl=1 1536w, https:\/\/i0.wp.com\/blog.kunstgriff.net\/wp-content\/uploads\/2020\/05\/Endlich-Kuchen-am-Tisch.jpg?resize=2048%2C1366&amp;ssl=1 2048w, https:\/\/i0.wp.com\/blog.kunstgriff.net\/wp-content\/uploads\/2020\/05\/Endlich-Kuchen-am-Tisch.jpg?w=1050&amp;ssl=1 1050w\" width=\"259\" height=\"172\" loading=\"lazy\" data-original-width=\"259\" data-original-height=\"172\" itemprop=\"http:\/\/schema.org\/image\" title=\"Endlich Kuchen am Tisch\" alt=\"Endlich Kuchen am Tisch\" style=\"width: 259px; height: 172px;\" \/> <\/a> <div class=\"tiled-gallery-caption\" itemprop=\"caption description\"> Endlich Kuchen am Tisch <\/div> <\/div> <\/div> <!-- close group --> <div class=\"gallery-group images-1\" style=\"width: 262px; height: 176px;\" data-original-width=\"262\" data-original-height=\"176\" > <div class=\"tiled-gallery-item tiled-gallery-item-large\" itemprop=\"associatedMedia\" itemscope itemtype=\"http:\/\/schema.org\/ImageObject\"> <a href=\"https:\/\/i0.wp.com\/blog.kunstgriff.net\/wp-content\/uploads\/2020\/05\/Blowin-in-the-wind.jpg?ssl=1\" border=\"0\" itemprop=\"url\"> <meta itemprop=\"width\" content=\"258\"> <meta itemprop=\"height\" content=\"172\"> <img decoding=\"async\" class=\"\" data-attachment-id=\"21150\" data-orig-file=\"https:\/\/blog.kunstgriff.net\/wp-content\/uploads\/2020\/05\/Blowin-in-the-wind.jpg\" data-orig-size=\"2560,1707\" data-comments-opened=\"1\" data-image-meta=\"{&quot;aperture&quot;:&quot;8&quot;,&quot;credit&quot;:&quot;&quot;,&quot;camera&quot;:&quot;TG-4&quot;,&quot;caption&quot;:&quot;OLYMPUS DIGITAL CAMERA&quot;,&quot;created_timestamp&quot;:&quot;1589635131&quot;,&quot;copyright&quot;:&quot;&quot;,&quot;focal_length&quot;:&quot;4.5&quot;,&quot;iso&quot;:&quot;100&quot;,&quot;shutter_speed&quot;:&quot;0.005&quot;,&quot;title&quot;:&quot;OLYMPUS DIGITAL CAMERA&quot;,&quot;orientation&quot;:&quot;1&quot;}\" data-image-title=\"Blowin in the wind\" data-image-description=\"\" data-medium-file=\"https:\/\/i0.wp.com\/blog.kunstgriff.net\/wp-content\/uploads\/2020\/05\/Blowin-in-the-wind.jpg?fit=2560%2C1707&#038;ssl=1\" data-large-file=\"https:\/\/i0.wp.com\/blog.kunstgriff.net\/wp-content\/uploads\/2020\/05\/Blowin-in-the-wind.jpg?fit=2560%2C1707&#038;ssl=1\" src=\"https:\/\/i0.wp.com\/blog.kunstgriff.net\/wp-content\/uploads\/2020\/05\/Blowin-in-the-wind.jpg?w=258&#038;h=172&#038;ssl=1\" srcset=\"https:\/\/i0.wp.com\/blog.kunstgriff.net\/wp-content\/uploads\/2020\/05\/Blowin-in-the-wind.jpg?w=2560&amp;ssl=1 2560w, https:\/\/i0.wp.com\/blog.kunstgriff.net\/wp-content\/uploads\/2020\/05\/Blowin-in-the-wind.jpg?resize=768%2C512&amp;ssl=1 768w, https:\/\/i0.wp.com\/blog.kunstgriff.net\/wp-content\/uploads\/2020\/05\/Blowin-in-the-wind.jpg?resize=1536%2C1024&amp;ssl=1 1536w, https:\/\/i0.wp.com\/blog.kunstgriff.net\/wp-content\/uploads\/2020\/05\/Blowin-in-the-wind.jpg?resize=2048%2C1366&amp;ssl=1 2048w, https:\/\/i0.wp.com\/blog.kunstgriff.net\/wp-content\/uploads\/2020\/05\/Blowin-in-the-wind.jpg?w=1050&amp;ssl=1 1050w\" width=\"258\" height=\"172\" loading=\"lazy\" data-original-width=\"258\" data-original-height=\"172\" itemprop=\"http:\/\/schema.org\/image\" title=\"Blowin in the wind\" alt=\"Blowin in the wind\" style=\"width: 258px; height: 172px;\" \/> <\/a> <div class=\"tiled-gallery-caption\" itemprop=\"caption description\"> Blowin in the wind <\/div> <\/div> <\/div> <!-- close group --> <\/div> <!-- close row --> <\/div>\n","protected":false},"excerpt":{"rendered":"<p>Werder ohne Kirschbl\u00fcten In der Woche 10 nach\u00a0der Corona-Krise, sollten es in Ermangelung anderer interessanter Ziele, erneut nach P\u00e4wesin gehen. Um es nicht all zu dr\u00f6ge zu gestalten und Alex mal was neues zu zeigen, w\u00e4hlten Stefan und ich heute den Weg \u00fcber Potsdam, Werder und die F\u00e4hre nach Ketzin \u00fcber die Havel. Schon mal &hellip; <\/p>\n<p class=\"link-more\"><a href=\"https:\/\/blog.kunstgriff.net\/?p=21154\" class=\"more-link\"><span class=\"screen-reader-text\">\u201eP\u00e4wesin-Runde #05\u201c <\/span>weiterlesen<\/a><\/p>\n","protected":false},"author":2,"featured_media":21150,"comment_status":"open","ping_status":"open","sticky":false,"template":"","format":"standard","meta":{"jetpack_post_was_ever_published":false,"_jetpack_newsletter_access":"","_jetpack_dont_email_post_to_subs":false,"_jetpack_newsletter_tier_id":0,"_jetpack_memberships_contains_paywalled_content":false,"_jetpack_memberships_contains_paid_content":false,"footnotes":""},"categories":[34,14,7],"tags":[],"class_list":["post-21154","post","type-post","status-publish","format-standard","has-post-thumbnail","hentry","category-cake-ride","category-radfahren","category-rennradfahren"],"jetpack_featured_media_url":"https:\/\/i0.wp.com\/blog.kunstgriff.net\/wp-content\/uploads\/2020\/05\/Blowin-in-the-wind.jpg?fit=2560%2C1707&ssl=1","jetpack_shortlink":"https:\/\/wp.me\/p8Cxe7-5vc","jetpack-related-posts":[{"id":21423,"url":"https:\/\/blog.kunstgriff.net\/?p=21423","url_meta":{"origin":21154,"position":0},"title":"P\u00e4wesin-Runde #07","author":"Georg","date":"Juli 5, 2020","format":false,"excerpt":"Mit F\u00e4hre und ordentlich Wind zum Backwahn Nachdem es gestern schon Kuchen gab, sollte heute der Kuchen-Stop nicht fehlen. Welche Location bietet sich da mehr an als \u2026? Klaro! Der Klassiker nach P\u00e4wesin! Also mit Stefan H. schon um 9:30 Uhr am Tunnel getroffen und \u00fcber die eigentlich sch\u00f6nste Strecke\u2026","rel":"","context":"In &quot;Cake-Ride&quot;","block_context":{"text":"Cake-Ride","link":"https:\/\/blog.kunstgriff.net\/?cat=34"},"img":{"alt_text":"Tremmen-Hill mit R\u00fcckenwind","src":"https:\/\/i0.wp.com\/blog.kunstgriff.net\/wp-content\/uploads\/2020\/07\/Tremmen-Hill-mit-R%C3%BCckenwind.jpg?fit=1200%2C800&ssl=1&resize=350%2C200","width":350,"height":200,"srcset":"https:\/\/i0.wp.com\/blog.kunstgriff.net\/wp-content\/uploads\/2020\/07\/Tremmen-Hill-mit-R%C3%BCckenwind.jpg?fit=1200%2C800&ssl=1&resize=350%2C200 1x, https:\/\/i0.wp.com\/blog.kunstgriff.net\/wp-content\/uploads\/2020\/07\/Tremmen-Hill-mit-R%C3%BCckenwind.jpg?fit=1200%2C800&ssl=1&resize=525%2C300 1.5x, https:\/\/i0.wp.com\/blog.kunstgriff.net\/wp-content\/uploads\/2020\/07\/Tremmen-Hill-mit-R%C3%BCckenwind.jpg?fit=1200%2C800&ssl=1&resize=700%2C400 2x, https:\/\/i0.wp.com\/blog.kunstgriff.net\/wp-content\/uploads\/2020\/07\/Tremmen-Hill-mit-R%C3%BCckenwind.jpg?fit=1200%2C800&ssl=1&resize=1050%2C600 3x"},"classes":[]},{"id":22361,"url":"https:\/\/blog.kunstgriff.net\/?p=22361","url_meta":{"origin":21154,"position":1},"title":"P\u00e4wesin-Runde #5","author":"Georg","date":"Juli 11, 2021","format":false,"excerpt":"Backwahn geht immer! Als Stefan mich am Freitag fragte ob P\u00e4wesin am Sonntag eine Option sein, war meine Antwort gleich: \u00bbYeah!\u00ab Noch ein paar Leuten bescheid gesagt und uns um 10 Uhr am Tunnel getroffen. Eigentlich ein typischer Sommer-Sonntag. Eine kleine Abwechslung bot die Nase \u00fcber Moorlake und Herberts Einwand,\u2026","rel":"","context":"In &quot;Cake-Ride&quot;","block_context":{"text":"Cake-Ride","link":"https:\/\/blog.kunstgriff.net\/?cat=34"},"img":{"alt_text":"Auf der F\u00e4hre nach Ketzin","src":"https:\/\/i0.wp.com\/blog.kunstgriff.net\/wp-content\/uploads\/2021\/07\/Auf-der-Faehre-nach-Ketzin.jpg?fit=1200%2C800&ssl=1&resize=350%2C200","width":350,"height":200,"srcset":"https:\/\/i0.wp.com\/blog.kunstgriff.net\/wp-content\/uploads\/2021\/07\/Auf-der-Faehre-nach-Ketzin.jpg?fit=1200%2C800&ssl=1&resize=350%2C200 1x, https:\/\/i0.wp.com\/blog.kunstgriff.net\/wp-content\/uploads\/2021\/07\/Auf-der-Faehre-nach-Ketzin.jpg?fit=1200%2C800&ssl=1&resize=525%2C300 1.5x, https:\/\/i0.wp.com\/blog.kunstgriff.net\/wp-content\/uploads\/2021\/07\/Auf-der-Faehre-nach-Ketzin.jpg?fit=1200%2C800&ssl=1&resize=700%2C400 2x, https:\/\/i0.wp.com\/blog.kunstgriff.net\/wp-content\/uploads\/2021\/07\/Auf-der-Faehre-nach-Ketzin.jpg?fit=1200%2C800&ssl=1&resize=1050%2C600 3x"},"classes":[]},{"id":6761,"url":"https:\/\/blog.kunstgriff.net\/?p=6761","url_meta":{"origin":21154,"position":2},"title":"Potsdam-Ketzin-Runde","author":"Georg","date":"November 27, 2011","format":false,"excerpt":"oder \u00bb1. Advents-Ausfahrt ins sch\u00f6ne Havelland\u00ab Heute hatte Hans-Werner Z. zu einer Rennrad-Tour nach Ketzin geladen. Das Interesse war m\u00e4\u00dfig und es kamen nur f\u00fcnf weitere Radler zum Treffpunkt um 11 Uhr am Auerbachtunnel. Viele Radler haben heute, am 1. Advent sicher famili\u00e4re Verpflichtungen; die widrigen Bedingungen lie\u00dfen einen auch\u2026","rel":"","context":"In &quot;Radfahren&quot;","block_context":{"text":"Radfahren","link":"https:\/\/blog.kunstgriff.net\/?cat=14"},"img":{"alt_text":"","src":"https:\/\/i0.wp.com\/blog.kunstgriff.net\/wp-content\/uploads\/2011\/11\/Auf-der-Ketzin-Havel-F%C3%A4hre.jpg?resize=350%2C200","width":350,"height":200,"srcset":"https:\/\/i0.wp.com\/blog.kunstgriff.net\/wp-content\/uploads\/2011\/11\/Auf-der-Ketzin-Havel-F%C3%A4hre.jpg?resize=350%2C200 1x, https:\/\/i0.wp.com\/blog.kunstgriff.net\/wp-content\/uploads\/2011\/11\/Auf-der-Ketzin-Havel-F%C3%A4hre.jpg?resize=525%2C300 1.5x, https:\/\/i0.wp.com\/blog.kunstgriff.net\/wp-content\/uploads\/2011\/11\/Auf-der-Ketzin-Havel-F%C3%A4hre.jpg?resize=700%2C400 2x"},"classes":[]},{"id":21184,"url":"https:\/\/blog.kunstgriff.net\/?p=21184","url_meta":{"origin":21154,"position":3},"title":"P\u00e4wesin-Runde #06","author":"Georg","date":"Mai 21, 2020","format":false,"excerpt":"Vaddertags-Variation Klar w\u00e4re ich an Christi-Himmelfahrt lieber, wie gewohnt, irgendwo im nahen Ausland unterwegs. Wie die vielen Jahre zuvor. Geht aber gerade nicht. Covid-19 sei Dank. Also das Beste draus machen war angesagt! Die Sonne schien und so konnte die Rennradausfahrt beginnen. Alleine war bl\u00f6d, aber auf den \u00fcblichen Kan\u00e4len\u2026","rel":"","context":"In &quot;Cake-Ride&quot;","block_context":{"text":"Cake-Ride","link":"https:\/\/blog.kunstgriff.net\/?cat=34"},"img":{"alt_text":"vor Ketzin","src":"https:\/\/i0.wp.com\/blog.kunstgriff.net\/wp-content\/uploads\/2020\/05\/vor-Ketzin.jpg?fit=1200%2C800&ssl=1&resize=350%2C200","width":350,"height":200,"srcset":"https:\/\/i0.wp.com\/blog.kunstgriff.net\/wp-content\/uploads\/2020\/05\/vor-Ketzin.jpg?fit=1200%2C800&ssl=1&resize=350%2C200 1x, https:\/\/i0.wp.com\/blog.kunstgriff.net\/wp-content\/uploads\/2020\/05\/vor-Ketzin.jpg?fit=1200%2C800&ssl=1&resize=525%2C300 1.5x, https:\/\/i0.wp.com\/blog.kunstgriff.net\/wp-content\/uploads\/2020\/05\/vor-Ketzin.jpg?fit=1200%2C800&ssl=1&resize=700%2C400 2x, https:\/\/i0.wp.com\/blog.kunstgriff.net\/wp-content\/uploads\/2020\/05\/vor-Ketzin.jpg?fit=1200%2C800&ssl=1&resize=1050%2C600 3x"},"classes":[]},{"id":21899,"url":"https:\/\/blog.kunstgriff.net\/?p=21899","url_meta":{"origin":21154,"position":4},"title":"P\u00e4wesin-Runde #12","author":"Georg","date":"Oktober 25, 2020","format":false,"excerpt":"Heute wieder mit F\u00e4hrfahrt Nachdem ich in letzter Zeit ausschlie\u00dflich auf Zwift unterwegs war, war heute Wetter und Mitfahrer so hervorragend, da\u00df ich das Drau\u00dfen-Fahren nicht verweigern konnte. Trotz der Komfortzone von den eigenen Vier-W\u00e4nden und dem darin komfortabel abzuhaltenden Training als Alternativprogramm. Erstmal gab es schon vor der Haust\u00fcr\u2026","rel":"","context":"In &quot;Cake-Ride&quot;","block_context":{"text":"Cake-Ride","link":"https:\/\/blog.kunstgriff.net\/?cat=34"},"img":{"alt_text":"Die Bande am Tunnel","src":"https:\/\/i0.wp.com\/blog.kunstgriff.net\/wp-content\/uploads\/2020\/10\/Die-Bande-am-Tunnel.jpg?fit=1200%2C800&ssl=1&resize=350%2C200","width":350,"height":200,"srcset":"https:\/\/i0.wp.com\/blog.kunstgriff.net\/wp-content\/uploads\/2020\/10\/Die-Bande-am-Tunnel.jpg?fit=1200%2C800&ssl=1&resize=350%2C200 1x, https:\/\/i0.wp.com\/blog.kunstgriff.net\/wp-content\/uploads\/2020\/10\/Die-Bande-am-Tunnel.jpg?fit=1200%2C800&ssl=1&resize=525%2C300 1.5x, https:\/\/i0.wp.com\/blog.kunstgriff.net\/wp-content\/uploads\/2020\/10\/Die-Bande-am-Tunnel.jpg?fit=1200%2C800&ssl=1&resize=700%2C400 2x, https:\/\/i0.wp.com\/blog.kunstgriff.net\/wp-content\/uploads\/2020\/10\/Die-Bande-am-Tunnel.jpg?fit=1200%2C800&ssl=1&resize=1050%2C600 3x"},"classes":[]},{"id":10036,"url":"https:\/\/blog.kunstgriff.net\/?p=10036","url_meta":{"origin":21154,"position":5},"title":"Potsdam-Ketzin-Runde","author":"Georg","date":"April 7, 2013","format":false,"excerpt":"oder \u00bbAb in den Fr\u00fchling\u00abMein Kettenbruder Christoph N. hatte heute zu einer Fr\u00fchlingsrunde auf fb gerufen. Genau der richtige Wiedereinstieg nach drei Wochen Rennrad-Abstinentz. So trafen wir uns um 11 Uhr am Auerbachtunnel um diese, mir bekannte Strecke unter die Laufr\u00e4der zu nehmen. Recht geordnet ging es in gro\u00dfer Gruppe\u2026","rel":"","context":"In &quot;Radfahren&quot;","block_context":{"text":"Radfahren","link":"https:\/\/blog.kunstgriff.net\/?cat=14"},"img":{"alt_text":"Unfreiwilliger Stop an der Glienicker Br\u00fccke","src":"https:\/\/i0.wp.com\/blog.kunstgriff.net\/wp-content\/uploads\/2013\/04\/Unfreiwilliger-Stop-an-der-Glienicker-Br%C3%BCcke-300x225.jpg?resize=350%2C200","width":350,"height":200},"classes":[]}],"jetpack_likes_enabled":true,"jetpack_sharing_enabled":true,"_links":{"self":[{"href":"https:\/\/blog.kunstgriff.net\/index.php?rest_route=\/wp\/v2\/posts\/21154","targetHints":{"allow":["GET"]}}],"collection":[{"href":"https:\/\/blog.kunstgriff.net\/index.php?rest_route=\/wp\/v2\/posts"}],"about":[{"href":"https:\/\/blog.kunstgriff.net\/index.php?rest_route=\/wp\/v2\/types\/post"}],"author":[{"embeddable":true,"href":"https:\/\/blog.kunstgriff.net\/index.php?rest_route=\/wp\/v2\/users\/2"}],"replies":[{"embeddable":true,"href":"https:\/\/blog.kunstgriff.net\/index.php?rest_route=%2Fwp%2Fv2%2Fcomments&post=21154"}],"version-history":[{"count":4,"href":"https:\/\/blog.kunstgriff.net\/index.php?rest_route=\/wp\/v2\/posts\/21154\/revisions"}],"predecessor-version":[{"id":21158,"href":"https:\/\/blog.kunstgriff.net\/index.php?rest_route=\/wp\/v2\/posts\/21154\/revisions\/21158"}],"wp:featuredmedia":[{"embeddable":true,"href":"https:\/\/blog.kunstgriff.net\/index.php?rest_route=\/wp\/v2\/media\/21150"}],"wp:attachment":[{"href":"https:\/\/blog.kunstgriff.net\/index.php?rest_route=%2Fwp%2Fv2%2Fmedia&parent=21154"}],"wp:term":[{"taxonomy":"category","embeddable":true,"href":"https:\/\/blog.kunstgriff.net\/index.php?rest_route=%2Fwp%2Fv2%2Fcategories&post=21154"},{"taxonomy":"post_tag","embeddable":true,"href":"https:\/\/blog.kunstgriff.net\/index.php?rest_route=%2Fwp%2Fv2%2Ftags&post=21154"}],"curies":[{"name":"wp","href":"https:\/\/api.w.org\/{rel}","templated":true}]}}