{"id":2117,"date":"2010-07-31T16:55:51","date_gmt":"2010-07-31T14:55:51","guid":{"rendered":"http:\/\/blog.kunstgriff.net\/?p=2117"},"modified":"2017-06-13T15:18:32","modified_gmt":"2017-06-13T13:18:32","slug":"werbellinsee-runde","status":"publish","type":"post","link":"https:\/\/blog.kunstgriff.net\/?p=2117","title":{"rendered":"Werbellinsee-Runde"},"content":{"rendered":"<span class=\"span-reading-time rt-reading-time\" style=\"display: block;\"><span class=\"rt-label rt-prefix\">Lesezeit: <\/span> <span class=\"rt-time\"> 2<\/span> <span class=\"rt-label rt-postfix\">Minuten<\/span><\/span><h4>oder &#8222;Gehen die 2.000 doch noch im Juli?&#8220;<\/h4>\n<hr \/>\n<p>Mike hatte auf<a href=\"http:\/\/www.rennrad-news.de\/\" target=\"_blank\"> rennrad-news.de<\/a> zu dieser sch\u00f6nen langen Runde ausgerufen und Tom, Eric, Alexander, Wolfgang H. und Frank wollten mitfahren. Da ich mit dieser netten Truppe schon lange nicht mehr geradelt bin, war das <em>die<\/em> Gelegenheit viele Kilometer in sehr netter Gesellschaft zu machen. Daf\u00fcr musste aber erst einmal der rund 20 km entfernte erste Kreisverkehr hinter Velten um 9:10 Uhr erreicht werden. Ich kam dort p\u00fcnktlich um 9:08 Uhr an und Eric, Mike, Tom und Frank warteten schon. Nach kurzer Begr\u00fc\u00dfung ging es auch gleich los, denn es gab noch zwei weitere Sammel- bzw. Treffpunkte die p\u00fcnktlich angesteuert werden sollten. Am Bahnhof von Oranienburg warteten wir vergebens auf MitfahrerInnen aber in Schmachtenhagen kamen Alexander und Wolfgang als Verst\u00e4rkung hinzu.<\/p>\n<p>So ging es zu Siebt mit leichtem R\u00fcckenwind in Richtung Eberswalde und den Werbellinsee, welchen wir heute einmal gegen den Uhrzeigersinn umrunden wollten. Hinter Altenhof wurde es leicht wellig und pl\u00f6tzlich h\u00f6rte ich es hinter mir krachen: Frank war beim Schalten am H\u00fcgel die Kette abgesprungen woraufhin er auf den Asphalt st\u00fcrzte. Seine beiden Knie waren offen und bluteten. Ein Autofahrer hielt freundlicherweise an und wollte mit Verbandsmaterial aushelfen, was Frank aber nicht ben\u00f6tigte, da sich die Wunden schnell von alleine schlossen. Er konnte zum Gl\u00fcck weiterfahren und so erreichten wir ersch\u00f6pft unsere geplante Einkehr am Werbellinsee. Unser Tisch war herrlich gelegen, auf einer Terasse mit Blick auf den See. Die Bedienung war gewohnt ruppig, unzuvorkommend und Dienstleistung war ein Fremdwort, aber wir waren wenig Anspruchsvoll und bekamen unseren Industriekuchen und Getr\u00e4nke. Eigentlich darf man solche Restaurationen nicht unterst\u00fctzen und\/oder d\u00fcrfte kein Trinkgeld geben, aber diese letzte Konsequenz fehlt mir dann auch immer.<\/p>\n<p>Weiter ging es gen Heimat, gest\u00e4rkt mit industriellem Bienenstich und Eiskaffee mit nun ordentlich Gegenwind. Wir wechselten aber gut in der F\u00fchrung durch, und so blieb auf dem Tacho vorne immer eine 3. Die Schorfheide wurde durchquert und hinter Nassenheide verabschiedeten wir uns von Alexander und Wolfgang die in die City-Ost zur\u00fcck wollten. Ich fuhr weiter mit Tom, Mike, Eric und Frank Richtung Westen. Also ich ein Schild mit <em>Henningsdorf 20km<\/em> sah war ich doch ein wenig platt, denn nun fing es an, sich zu ziehen. Ich rief mir den tollen Spruch der <a href=\"http:\/\/www.tour-magazin.de\/\" target=\"_blank\">Tour<\/a>-Werbung in Erinnerung:<\/p>\n<address>Sch\u00f6ner als das Ankommen ist nur das Fahren<\/address>\n<p>\u2026 und weiter ging es. Hinter Legebruch verabschiedeten sich Tom, Mike und Eric und ich fuhr noch ein St\u00fcck mit Frank, der aber keine K\u00f6rner mehr hatte und ruhig weiter rollen wollte. So fuhr ich \u00fcber Tegel und die Bernauer Stra\u00dfe zur\u00fcck nach Siemensstadt. Ich schaute erst ganz kurz vor der Haust\u00fcr auf den Tageskilometer-Z\u00e4hler meines Garmins, da ich mich bez\u00fcglich der Gesamtkilometer \u00fcberraschen lassen wollte. Bei 143km waren die 2.000 voll f\u00fcr Juli, die Planung waren mindestens 173 km.<\/p>\n<p>Ich staunte nicht schlecht als \u00fcber 190 km auf dem Tacho standen und mein <em>Juli-Soll<\/em> mit 102% erf\u00fcllt ist.<\/p>\n<p style=\"text-align: center;\"><img data-recalc-dims=\"1\" loading=\"lazy\" decoding=\"async\" class=\"aligncenter\" title=\"ZielJuli2010\" src=\"https:\/\/i0.wp.com\/blog.kunstgriff.net\/Bilda\/ZielJuli2010.png?resize=422%2C166\" alt=\"ZielJuli2010\" width=\"422\" height=\"166\" \/><\/p>\n<p><iframe height='405' width='590' frameborder='0' allowtransparency='true' scrolling='no' src='https:\/\/www.strava.com\/activities\/698650518\/embed\/659ee1429b9daffc8d2cf0eeec99e30fcb8e4187'><\/iframe><\/p>\n","protected":false},"excerpt":{"rendered":"<p>oder &#8222;Gehen die 2.000 doch noch im Juli?&#8220; Mike hatte auf rennrad-news.de zu dieser sch\u00f6nen langen Runde ausgerufen und Tom, Eric, Alexander, Wolfgang H. und Frank wollten mitfahren. Da ich mit dieser netten Truppe schon lange nicht mehr geradelt bin, war das die Gelegenheit viele Kilometer in sehr netter Gesellschaft zu machen. Daf\u00fcr musste aber &hellip; <\/p>\n<p class=\"link-more\"><a href=\"https:\/\/blog.kunstgriff.net\/?p=2117\" class=\"more-link\"><span class=\"screen-reader-text\">\u201eWerbellinsee-Runde\u201c <\/span>weiterlesen<\/a><\/p>\n","protected":false},"author":2,"featured_media":0,"comment_status":"open","ping_status":"open","sticky":false,"template":"","format":"standard","meta":{"jetpack_post_was_ever_published":false,"_jetpack_newsletter_access":"","_jetpack_dont_email_post_to_subs":false,"_jetpack_newsletter_tier_id":0,"_jetpack_memberships_contains_paywalled_content":false,"_jetpack_memberships_contains_paid_content":false,"footnotes":""},"categories":[14,7],"tags":[],"class_list":["post-2117","post","type-post","status-publish","format-standard","hentry","category-radfahren","category-rennradfahren"],"jetpack_featured_media_url":"","jetpack_shortlink":"https:\/\/wp.me\/p8Cxe7-y9","jetpack-related-posts":[{"id":3595,"url":"https:\/\/blog.kunstgriff.net\/?p=3595","url_meta":{"origin":2117,"position":0},"title":"R1-Beelitz-Runde","author":"Georg","date":"Februar 12, 2011","format":false,"excerpt":"oder \u00bbErste Ausfahrt 2011\u00ab F\u00fcr heute waren kalte 0\u00b0C aber Sonnenschein und Trockenheit vorhergesagt. Genau das richtige Wetter um meine erste Ausfahrt in 2011 mit meinem neuen Renner zu wagen. Diesen wollte ich ja vor S\u00fcdafrika in 25 Tagen noch ausgiebig auf der Stra\u00dfe testen. Die richtige Sattelh\u00f6he war schnell\u2026","rel":"","context":"In &quot;Garmin&quot;","block_context":{"text":"Garmin","link":"https:\/\/blog.kunstgriff.net\/?cat=35"},"img":{"alt_text":"","src":"https:\/\/i0.wp.com\/blog.kunstgriff.net\/wp-content\/uploads\/2011\/02\/4ManGroup.jpg?fit=720%2C537&ssl=1&resize=350%2C200","width":350,"height":200,"srcset":"https:\/\/i0.wp.com\/blog.kunstgriff.net\/wp-content\/uploads\/2011\/02\/4ManGroup.jpg?fit=720%2C537&ssl=1&resize=350%2C200 1x, https:\/\/i0.wp.com\/blog.kunstgriff.net\/wp-content\/uploads\/2011\/02\/4ManGroup.jpg?fit=720%2C537&ssl=1&resize=525%2C300 1.5x, https:\/\/i0.wp.com\/blog.kunstgriff.net\/wp-content\/uploads\/2011\/02\/4ManGroup.jpg?fit=720%2C537&ssl=1&resize=700%2C400 2x"},"classes":[]},{"id":5620,"url":"https:\/\/blog.kunstgriff.net\/?p=5620","url_meta":{"origin":2117,"position":1},"title":"Werbellinsee-Runde reloaded","author":"Georg","date":"August 21, 2011","format":false,"excerpt":"oder \u00bbWieder so eine sch\u00f6ne Runde wie in 2010?\u00abVor fast genau einem Jahr sind wir diese Runde klasse Runde um den See im hohen Osten schon gefahren. Mitte der Woche annoncierte Mike dann wieder diese Runde und mir war klar, das ich wieder dabei sein werde. Es gab drei Treffpunkte:\u2026","rel":"","context":"In &quot;200er&quot;","block_context":{"text":"200er","link":"https:\/\/blog.kunstgriff.net\/?cat=48"},"img":{"alt_text":"","src":"https:\/\/i0.wp.com\/blog.kunstgriff.net\/wp-content\/uploads\/2011\/08\/Schwitzen-am-Werbellinsee.jpg?resize=350%2C200","width":350,"height":200,"srcset":"https:\/\/i0.wp.com\/blog.kunstgriff.net\/wp-content\/uploads\/2011\/08\/Schwitzen-am-Werbellinsee.jpg?resize=350%2C200 1x, https:\/\/i0.wp.com\/blog.kunstgriff.net\/wp-content\/uploads\/2011\/08\/Schwitzen-am-Werbellinsee.jpg?resize=525%2C300 1.5x"},"classes":[]},{"id":4605,"url":"https:\/\/blog.kunstgriff.net\/?p=4605","url_meta":{"origin":2117,"position":2},"title":"Schwielowsee-Feierabendrunde","author":"Georg","date":"Mai 18, 2011","format":false,"excerpt":"oder \u00bbGelungene Premiere in 2011\u00abDiese beliebte Runde hatte ich dieses Jahr zum ersten Mal im Internet ausgerufen und es kamen erstaunlich viele Mitfahrer um 17 Uhr an den Auerbachtunnel. So machten wir uns nach freudiger Begr\u00fc\u00dfung p\u00fcnktlich mit 13 Mann auf den Weg in Richtung Wannsee. Zwei Mitfahrer wollten uns\u2026","rel":"","context":"In &quot;Radfahren&quot;","block_context":{"text":"Radfahren","link":"https:\/\/blog.kunstgriff.net\/?cat=14"},"img":{"alt_text":"","src":"","width":0,"height":0},"classes":[]},{"id":5565,"url":"https:\/\/blog.kunstgriff.net\/?p=5565","url_meta":{"origin":2117,"position":3},"title":"Feierabendrunde durchs M\u00fchlenbecker Land","author":"Georg","date":"August 16, 2011","format":false,"excerpt":"oder \u00bbZu dritt Dampf ablassen\u00abDienstags ist ja klassischer Feierabendrunden-Tag. Heute wollte ich mal nicht mit den Havellandriders die Nauen-Runde drehen, sondern in den hohen Norden aufbrechen und mit meinem S\u00fcdafrika-Kettenbruder Christian P. fahren. Die Sektoren kennen ich dort oben zwar alle, aber genau so bin ich die Strecke noch nicht\u2026","rel":"","context":"In &quot;Radfahren&quot;","block_context":{"text":"Radfahren","link":"https:\/\/blog.kunstgriff.net\/?cat=14"},"img":{"alt_text":"","src":"https:\/\/i0.wp.com\/blog.kunstgriff.net\/wp-content\/uploads\/2011\/08\/hinter-Wandlitz-vor-Bernau.jpg?resize=350%2C200","width":350,"height":200},"classes":[]},{"id":6009,"url":"https:\/\/blog.kunstgriff.net\/?p=6009","url_meta":{"origin":2117,"position":4},"title":"Beetzsee-Sonntagsrunde mit den Havellandriders","author":"Georg","date":"September 25, 2011","format":false,"excerpt":"oder \u00bbSuper Herbst-Runde\u00abNach der, doch recht ambitionierten, gestrigen Tour nach Ueckeritz auf Usedom war mir heute zwar nach Rennrad fahren, aber ruhiger sollte es sein und zum Beine aussch\u00fctteln. Da kam mir die angebotene Tour von Susanne gerade recht. Es wurde zu einer ruhigen Runde um den Beetzsee geladen. Start\u2026","rel":"","context":"In &quot;Radfahren&quot;","block_context":{"text":"Radfahren","link":"https:\/\/blog.kunstgriff.net\/?cat=14"},"img":{"alt_text":"","src":"https:\/\/i0.wp.com\/blog.kunstgriff.net\/wp-content\/uploads\/2011\/09\/Vor-dem-Rathaus-Falkensee.jpg?resize=350%2C200","width":350,"height":200,"srcset":"https:\/\/i0.wp.com\/blog.kunstgriff.net\/wp-content\/uploads\/2011\/09\/Vor-dem-Rathaus-Falkensee.jpg?resize=350%2C200 1x, https:\/\/i0.wp.com\/blog.kunstgriff.net\/wp-content\/uploads\/2011\/09\/Vor-dem-Rathaus-Falkensee.jpg?resize=525%2C300 1.5x, https:\/\/i0.wp.com\/blog.kunstgriff.net\/wp-content\/uploads\/2011\/09\/Vor-dem-Rathaus-Falkensee.jpg?resize=700%2C400 2x"},"classes":[]},{"id":3983,"url":"https:\/\/blog.kunstgriff.net\/?p=3983","url_meta":{"origin":2117,"position":5},"title":"B\u00e4ckerrunde nach Fehrbellin","author":"Georg","date":"M\u00e4rz 20, 2011","format":false,"excerpt":"oder \u00bbVon 32 auf 0 in 36 Stunden\u00abDer Blick aus dem Fenster zeigte keine Sonne. Nebel, wohin das Auge blickte. Morgenraureif auf den Autos. Kein einladender Anblick, den ich f\u00fcr eine Rennradtour mit meiner Gang nach Fehrbellin ben\u00f6tigte. Was ich wollte, war die im Radio versprochene Sonne. Aber diese wollte\u2026","rel":"","context":"In &quot;Radfahren&quot;","block_context":{"text":"Radfahren","link":"https:\/\/blog.kunstgriff.net\/?cat=14"},"img":{"alt_text":"","src":"https:\/\/i0.wp.com\/blog.kunstgriff.net\/wp-content\/uploads\/2011\/03\/Schniedel.jpg?resize=350%2C200","width":350,"height":200,"srcset":"https:\/\/i0.wp.com\/blog.kunstgriff.net\/wp-content\/uploads\/2011\/03\/Schniedel.jpg?resize=350%2C200 1x, https:\/\/i0.wp.com\/blog.kunstgriff.net\/wp-content\/uploads\/2011\/03\/Schniedel.jpg?resize=525%2C300 1.5x"},"classes":[]}],"jetpack_likes_enabled":true,"jetpack_sharing_enabled":true,"_links":{"self":[{"href":"https:\/\/blog.kunstgriff.net\/index.php?rest_route=\/wp\/v2\/posts\/2117","targetHints":{"allow":["GET"]}}],"collection":[{"href":"https:\/\/blog.kunstgriff.net\/index.php?rest_route=\/wp\/v2\/posts"}],"about":[{"href":"https:\/\/blog.kunstgriff.net\/index.php?rest_route=\/wp\/v2\/types\/post"}],"author":[{"embeddable":true,"href":"https:\/\/blog.kunstgriff.net\/index.php?rest_route=\/wp\/v2\/users\/2"}],"replies":[{"embeddable":true,"href":"https:\/\/blog.kunstgriff.net\/index.php?rest_route=%2Fwp%2Fv2%2Fcomments&post=2117"}],"version-history":[{"count":0,"href":"https:\/\/blog.kunstgriff.net\/index.php?rest_route=\/wp\/v2\/posts\/2117\/revisions"}],"wp:attachment":[{"href":"https:\/\/blog.kunstgriff.net\/index.php?rest_route=%2Fwp%2Fv2%2Fmedia&parent=2117"}],"wp:term":[{"taxonomy":"category","embeddable":true,"href":"https:\/\/blog.kunstgriff.net\/index.php?rest_route=%2Fwp%2Fv2%2Fcategories&post=2117"},{"taxonomy":"post_tag","embeddable":true,"href":"https:\/\/blog.kunstgriff.net\/index.php?rest_route=%2Fwp%2Fv2%2Ftags&post=2117"}],"curies":[{"name":"wp","href":"https:\/\/api.w.org\/{rel}","templated":true}]}}