{"id":21302,"date":"2020-06-13T18:24:23","date_gmt":"2020-06-13T16:24:23","guid":{"rendered":"https:\/\/blog.kunstgriff.net\/?p=21302"},"modified":"2020-06-13T18:24:23","modified_gmt":"2020-06-13T16:24:23","slug":"nach-petkus-in-den-flaeming","status":"publish","type":"post","link":"https:\/\/blog.kunstgriff.net\/?p=21302","title":{"rendered":"Nach Petkus in den Fl\u00e4ming"},"content":{"rendered":"<span class=\"span-reading-time rt-reading-time\" style=\"display: block;\"><span class=\"rt-label rt-prefix\">Lesezeit: <\/span> <span class=\"rt-time\"> 2<\/span> <span class=\"rt-label rt-postfix\">Minuten<\/span><\/span><h4>Ab in den S\u00fcden<\/h4>\n<hr \/>\n<p>Oft oder <em>meist<\/em> geht es ja aus reiner Bequemlichkeit in den Westen, ins Havelland zum <em>Sporteln<\/em>. Gestern aber machte Stefan den hervorragenden Vorschlag, mal wieder in den Fl\u00e4ming zu fahren und schubste gleich einen <a href=\"https:\/\/www.komoot.de\/tour\/200836465?ref=itd\" target=\"_blank\" rel=\"noopener noreferrer\">Track auf Komoot<\/a> hinterher. Ich z\u00f6gerte noch aber irgendwann am Freitag Abend war dann klar, da\u00df das Ding gefahren werden musste: Knapp 200 km in den sch\u00f6nen Fl\u00e4ming mit bekannter Bande. Mehr geht eigentlich <a href=\"https:\/\/blog.kunstgriff.net\/?p=19898\" target=\"_blank\" rel=\"noopener noreferrer\">fast<\/a> nicht f\u00fcr einen Radsport-Samstag! Oder?<\/p>\n<p>Also um kurz nach Neun mit Marc zum Tunnel, Stefan einsammeln dann am Kreisverkehr in G\u00fcterfelde den Herbert und die Bande war komplett. Viel trinken war heute wichtig, denn es war sehr schw\u00fcl und die Sonne brannte schon am Vormittag. Nur auf dem Rad mit Fahrtwind war es wirklich angenehm. Sobald wir standen und uns nicht bewegten wurde es sehr unangenehm und ich f\u00fchlte mich schlecht. Also <em>husch-husch<\/em> aufs Rad!<\/p>\n<p>Der Vortrieb wurde in Tremsdorf kurz gebremst, da sich eine Wespe in meiner Helm-Halterung verfing und nat\u00fcrlich sofort zustach. Sehr schmerzhaft. Der Schmerz verzog sich gl\u00fccklicherweise nach etwa 20 km Fahrt und Luckenwalde war dann auch schon erreicht. Herbert wollte seine eine (!) Flasche auf einem Friedhof f\u00fcllen und so nutzen wir die Gelegenheit zu einer Brunnen-Erfrischung und kurzer Riegelpause im Schatten des Friedhofes.<\/p>\n<p>Der Einstieg in den Fl\u00e4ming-Skate war nun nicht mehr weit und wir konnten den glatten, heute recht verkehrsarmen, Asphalt auf den extra f\u00fcr die Skater und Radfahrer angelegten Wegen, genie\u00dfen. Nur wenigen anderen Freizeitsportlern mussten umfahren und ausgewichen werden. Herrlich!<\/p>\n<p>Leider schwanden die Kr\u00e4fte nach gut 100 km Fahrt ein wenig und ich sehnte mich nach der Pause. Auch waren meine Fl\u00fcssigkeitsvorr\u00e4te in den Trinkflaschen aufgebraucht, was mir einen sehr trockenen Mund einbrachte.<\/p>\n<p>Als der Roggenk\u00f6nig in Petkus erreicht war, war meine Freude gross und es wurde leckere Kraft-Nahrung bestellt. Kuchen, Milchreis und ne Spezi.<\/p>\n<p>Nach der sch\u00f6nen Pause wollte Herbert nicht mehr mit uns weiter fahren. \u00dcber Sperenberg sollte seine Route ihn nach Hause bringen. Schade, denn wir waren eigentlich ein super Quartett.<\/p>\n<p>Luckenwalde wurde erreicht und es gab den letzten Boxen-Stop mit Cola an der bekannten Total-Tanke. Ich war sehr ersch\u00f6pft und machte mir ein wenig Sorgen ob ich es bis in die Hauptstadt zur\u00fcck schaffen w\u00fcrde. Aber Dank der beiden Wing-M\u00e4nner Stefan und Marc konnte ich mich immer gut hinter den Beiden verstecken und nach Hause ziehen lassen. Nur treten musste ich selber.<\/p>\n<p>Eine klasse, lange Ausfahrt, auf der wir nur kurz vom Regen erwischt wurden. Als ich aus der Dusche zuhause raus war, fing es allerdings richtig an zu sch\u00fctten. Perfektes Timing! Danke f\u00fcrs Mitnehmen und Planen! Der Fl\u00e4ming ist immer eine Ausfahrt wert! So ein langer Tag auf dem Rad ist irgendwie wie Urlaub: Die ganzen Eindr\u00fccke und Erlebnisse bekomme ich an manchen Urlaubstagen nicht vermittelt. Habt Ihr bemerkt da\u00df mir Radfahren Spa\u00df macht?<\/p>\n<p><iframe height='405' width='590' frameborder='0' allowtransparency='true' scrolling='no' src='https:\/\/www.strava.com\/activities\/3608350478\/embed\/8a3ad277975e23ff5895820465d251524f269c14'><\/iframe><\/p>\n<div class=\"tiled-gallery type-rectangular tiled-gallery-unresized\" data-original-width=\"525\" data-carousel-extra='{&quot;blog_id&quot;:1,&quot;permalink&quot;:&quot;https:\\\/\\\/blog.kunstgriff.net\\\/?p=21302&quot;,&quot;likes_blog_id&quot;:127394879}' itemscope itemtype=\"http:\/\/schema.org\/ImageGallery\" > <div class=\"gallery-row\" style=\"width: 525px; height: 235px;\" data-original-width=\"525\" data-original-height=\"235\" > <div class=\"gallery-group images-1\" style=\"width: 351px; height: 235px;\" data-original-width=\"351\" data-original-height=\"235\" > <div class=\"tiled-gallery-item tiled-gallery-item-large\" itemprop=\"associatedMedia\" itemscope itemtype=\"http:\/\/schema.org\/ImageObject\"> <a href=\"https:\/\/i0.wp.com\/blog.kunstgriff.net\/wp-content\/uploads\/2020\/06\/Herbert-f%C3%BChrt-mit-Stefan.jpg?ssl=1\" border=\"0\" itemprop=\"url\"> <meta itemprop=\"width\" content=\"347\"> <meta itemprop=\"height\" content=\"231\"> <img decoding=\"async\" class=\"\" data-attachment-id=\"21297\" data-orig-file=\"https:\/\/blog.kunstgriff.net\/wp-content\/uploads\/2020\/06\/Herbert-f\u00fchrt-mit-Stefan.jpg\" data-orig-size=\"2560,1707\" data-comments-opened=\"1\" data-image-meta=\"{&quot;aperture&quot;:&quot;2.8&quot;,&quot;credit&quot;:&quot;&quot;,&quot;camera&quot;:&quot;TG-4&quot;,&quot;caption&quot;:&quot;OLYMPUS DIGITAL CAMERA&quot;,&quot;created_timestamp&quot;:&quot;1592044540&quot;,&quot;copyright&quot;:&quot;&quot;,&quot;focal_length&quot;:&quot;4.5&quot;,&quot;iso&quot;:&quot;100&quot;,&quot;shutter_speed&quot;:&quot;0.01&quot;,&quot;title&quot;:&quot;OLYMPUS DIGITAL CAMERA&quot;,&quot;orientation&quot;:&quot;1&quot;}\" data-image-title=\"Herbert f\u00fchrt mit Stefan\" data-image-description=\"\" data-medium-file=\"https:\/\/i0.wp.com\/blog.kunstgriff.net\/wp-content\/uploads\/2020\/06\/Herbert-f%C3%BChrt-mit-Stefan.jpg?fit=2560%2C1707&#038;ssl=1\" data-large-file=\"https:\/\/i0.wp.com\/blog.kunstgriff.net\/wp-content\/uploads\/2020\/06\/Herbert-f%C3%BChrt-mit-Stefan.jpg?fit=2560%2C1707&#038;ssl=1\" src=\"https:\/\/i0.wp.com\/blog.kunstgriff.net\/wp-content\/uploads\/2020\/06\/Herbert-f%C3%BChrt-mit-Stefan.jpg?w=347&#038;h=231&#038;ssl=1\" width=\"347\" height=\"231\" loading=\"lazy\" data-original-width=\"347\" data-original-height=\"231\" itemprop=\"http:\/\/schema.org\/image\" title=\"Herbert f\u00fchrt mit Stefan\" alt=\"Herbert f\u00fchrt mit Stefan\" style=\"width: 347px; height: 231px;\" \/> <\/a> <div class=\"tiled-gallery-caption\" itemprop=\"caption description\"> Herbert f\u00fchrt mit Stefan <\/div> <\/div> <\/div> <!-- close group --> <div class=\"gallery-group images-2\" style=\"width: 174px; height: 235px;\" data-original-width=\"174\" data-original-height=\"235\" > <div class=\"tiled-gallery-item tiled-gallery-item-small\" itemprop=\"associatedMedia\" itemscope itemtype=\"http:\/\/schema.org\/ImageObject\"> <a href=\"https:\/\/i0.wp.com\/blog.kunstgriff.net\/wp-content\/uploads\/2020\/06\/Happy-Schorschie.jpg?ssl=1\" border=\"0\" itemprop=\"url\"> <meta itemprop=\"width\" content=\"170\"> <meta itemprop=\"height\" content=\"114\"> <img decoding=\"async\" class=\"\" data-attachment-id=\"21296\" data-orig-file=\"https:\/\/blog.kunstgriff.net\/wp-content\/uploads\/2020\/06\/Happy-Schorschie.jpg\" data-orig-size=\"2560,1707\" data-comments-opened=\"1\" data-image-meta=\"{&quot;aperture&quot;:&quot;2.8&quot;,&quot;credit&quot;:&quot;&quot;,&quot;camera&quot;:&quot;TG-4&quot;,&quot;caption&quot;:&quot;OLYMPUS DIGITAL CAMERA&quot;,&quot;created_timestamp&quot;:&quot;1592044508&quot;,&quot;copyright&quot;:&quot;&quot;,&quot;focal_length&quot;:&quot;4.5&quot;,&quot;iso&quot;:&quot;100&quot;,&quot;shutter_speed&quot;:&quot;0.00125&quot;,&quot;title&quot;:&quot;OLYMPUS DIGITAL CAMERA&quot;,&quot;orientation&quot;:&quot;1&quot;}\" data-image-title=\"Happy Schorschie\" data-image-description=\"\" data-medium-file=\"https:\/\/i0.wp.com\/blog.kunstgriff.net\/wp-content\/uploads\/2020\/06\/Happy-Schorschie.jpg?fit=2560%2C1707&#038;ssl=1\" data-large-file=\"https:\/\/i0.wp.com\/blog.kunstgriff.net\/wp-content\/uploads\/2020\/06\/Happy-Schorschie.jpg?fit=2560%2C1707&#038;ssl=1\" src=\"https:\/\/i0.wp.com\/blog.kunstgriff.net\/wp-content\/uploads\/2020\/06\/Happy-Schorschie.jpg?w=170&#038;h=114&#038;ssl=1\" srcset=\"https:\/\/i0.wp.com\/blog.kunstgriff.net\/wp-content\/uploads\/2020\/06\/Happy-Schorschie.jpg?w=2560&amp;ssl=1 2560w, https:\/\/i0.wp.com\/blog.kunstgriff.net\/wp-content\/uploads\/2020\/06\/Happy-Schorschie.jpg?resize=768%2C512&amp;ssl=1 768w, https:\/\/i0.wp.com\/blog.kunstgriff.net\/wp-content\/uploads\/2020\/06\/Happy-Schorschie.jpg?resize=1536%2C1024&amp;ssl=1 1536w, https:\/\/i0.wp.com\/blog.kunstgriff.net\/wp-content\/uploads\/2020\/06\/Happy-Schorschie.jpg?resize=2048%2C1366&amp;ssl=1 2048w, https:\/\/i0.wp.com\/blog.kunstgriff.net\/wp-content\/uploads\/2020\/06\/Happy-Schorschie.jpg?w=1050&amp;ssl=1 1050w\" width=\"170\" height=\"114\" loading=\"lazy\" data-original-width=\"170\" data-original-height=\"114\" itemprop=\"http:\/\/schema.org\/image\" title=\"Happy Schorschie\" alt=\"Happy Schorschie\" style=\"width: 170px; height: 114px;\" \/> <\/a> <div class=\"tiled-gallery-caption\" itemprop=\"caption description\"> Happy Schorschie <\/div> <\/div> <div class=\"tiled-gallery-item tiled-gallery-item-small\" itemprop=\"associatedMedia\" itemscope itemtype=\"http:\/\/schema.org\/ImageObject\"> <a href=\"https:\/\/i0.wp.com\/blog.kunstgriff.net\/wp-content\/uploads\/2020\/06\/Fl%C3%A4ming-wir-kommen.jpg?ssl=1\" border=\"0\" itemprop=\"url\"> <meta itemprop=\"width\" content=\"170\"> <meta itemprop=\"height\" content=\"113\"> <img decoding=\"async\" class=\"\" data-attachment-id=\"21294\" data-orig-file=\"https:\/\/blog.kunstgriff.net\/wp-content\/uploads\/2020\/06\/Fl\u00e4ming-wir-kommen.jpg\" data-orig-size=\"2560,1706\" data-comments-opened=\"1\" data-image-meta=\"{&quot;aperture&quot;:&quot;8&quot;,&quot;credit&quot;:&quot;&quot;,&quot;camera&quot;:&quot;TG-4&quot;,&quot;caption&quot;:&quot;OLYMPUS DIGITAL CAMERA&quot;,&quot;created_timestamp&quot;:&quot;1592046952&quot;,&quot;copyright&quot;:&quot;&quot;,&quot;focal_length&quot;:&quot;4.5&quot;,&quot;iso&quot;:&quot;100&quot;,&quot;shutter_speed&quot;:&quot;0.004&quot;,&quot;title&quot;:&quot;OLYMPUS DIGITAL CAMERA&quot;,&quot;orientation&quot;:&quot;1&quot;}\" data-image-title=\"Fl\u00e4ming &amp;#8211; wir kommen\" data-image-description=\"\" data-medium-file=\"https:\/\/i0.wp.com\/blog.kunstgriff.net\/wp-content\/uploads\/2020\/06\/Fl%C3%A4ming-wir-kommen.jpg?fit=2560%2C1706&#038;ssl=1\" data-large-file=\"https:\/\/i0.wp.com\/blog.kunstgriff.net\/wp-content\/uploads\/2020\/06\/Fl%C3%A4ming-wir-kommen.jpg?fit=2560%2C1706&#038;ssl=1\" src=\"https:\/\/i0.wp.com\/blog.kunstgriff.net\/wp-content\/uploads\/2020\/06\/Fl%C3%A4ming-wir-kommen.jpg?w=170&#038;h=113&#038;ssl=1\" width=\"170\" height=\"113\" loading=\"lazy\" data-original-width=\"170\" data-original-height=\"113\" itemprop=\"http:\/\/schema.org\/image\" title=\"Fl\u00e4ming - wir kommen\" alt=\"Fl\u00e4ming - wir kommen\" style=\"width: 170px; height: 113px;\" \/> <\/a> <div class=\"tiled-gallery-caption\" itemprop=\"caption description\"> Fl\u00e4ming &#8211; wir kommen <\/div> <\/div> <\/div> <!-- close group --> <\/div> <!-- close row --> <div class=\"gallery-row\" style=\"width: 525px; height: 118px;\" data-original-width=\"525\" data-original-height=\"118\" > <div class=\"gallery-group images-1\" style=\"width: 175px; height: 118px;\" data-original-width=\"175\" data-original-height=\"118\" > <div class=\"tiled-gallery-item tiled-gallery-item-small\" itemprop=\"associatedMedia\" itemscope itemtype=\"http:\/\/schema.org\/ImageObject\"> <a href=\"https:\/\/i0.wp.com\/blog.kunstgriff.net\/wp-content\/uploads\/2020\/06\/Flasche-f%C3%BCllen-auf-einem-Friedhof-in-Luckenwalde.jpg?ssl=1\" border=\"0\" itemprop=\"url\"> <meta itemprop=\"width\" content=\"171\"> <meta itemprop=\"height\" content=\"114\"> <img decoding=\"async\" class=\"\" data-attachment-id=\"21295\" data-orig-file=\"https:\/\/blog.kunstgriff.net\/wp-content\/uploads\/2020\/06\/Flasche-f\u00fcllen-auf-einem-Friedhof-in-Luckenwalde.jpg\" data-orig-size=\"2560,1707\" data-comments-opened=\"1\" data-image-meta=\"{&quot;aperture&quot;:&quot;2.8&quot;,&quot;credit&quot;:&quot;&quot;,&quot;camera&quot;:&quot;TG-4&quot;,&quot;caption&quot;:&quot;OLYMPUS DIGITAL CAMERA&quot;,&quot;created_timestamp&quot;:&quot;1592049114&quot;,&quot;copyright&quot;:&quot;&quot;,&quot;focal_length&quot;:&quot;4.5&quot;,&quot;iso&quot;:&quot;100&quot;,&quot;shutter_speed&quot;:&quot;0.0015625&quot;,&quot;title&quot;:&quot;OLYMPUS DIGITAL CAMERA&quot;,&quot;orientation&quot;:&quot;1&quot;}\" data-image-title=\"Flasche f\u00fcllen auf einem Friedhof in Luckenwalde\" data-image-description=\"\" data-medium-file=\"https:\/\/i0.wp.com\/blog.kunstgriff.net\/wp-content\/uploads\/2020\/06\/Flasche-f%C3%BCllen-auf-einem-Friedhof-in-Luckenwalde.jpg?fit=2560%2C1707&#038;ssl=1\" data-large-file=\"https:\/\/i0.wp.com\/blog.kunstgriff.net\/wp-content\/uploads\/2020\/06\/Flasche-f%C3%BCllen-auf-einem-Friedhof-in-Luckenwalde.jpg?fit=2560%2C1707&#038;ssl=1\" src=\"https:\/\/i0.wp.com\/blog.kunstgriff.net\/wp-content\/uploads\/2020\/06\/Flasche-f%C3%BCllen-auf-einem-Friedhof-in-Luckenwalde.jpg?w=171&#038;h=114&#038;ssl=1\" width=\"171\" height=\"114\" loading=\"lazy\" data-original-width=\"171\" data-original-height=\"114\" itemprop=\"http:\/\/schema.org\/image\" title=\"Flasche f\u00fcllen auf einem Friedhof in Luckenwalde\" alt=\"Flasche f\u00fcllen auf einem Friedhof in Luckenwalde\" style=\"width: 171px; height: 114px;\" \/> <\/a> <div class=\"tiled-gallery-caption\" itemprop=\"caption description\"> Flasche f\u00fcllen auf einem Friedhof in Luckenwalde <\/div> <\/div> <\/div> <!-- close group --> <div class=\"gallery-group images-1\" style=\"width: 175px; height: 118px;\" data-original-width=\"175\" data-original-height=\"118\" > <div class=\"tiled-gallery-item tiled-gallery-item-small\" itemprop=\"associatedMedia\" itemscope itemtype=\"http:\/\/schema.org\/ImageObject\"> <a href=\"https:\/\/i0.wp.com\/blog.kunstgriff.net\/wp-content\/uploads\/2020\/06\/kurze-Rast-im-Schatten-auf-dem-Friedhof.jpg?ssl=1\" border=\"0\" itemprop=\"url\"> <meta itemprop=\"width\" content=\"171\"> <meta itemprop=\"height\" content=\"114\"> <img decoding=\"async\" class=\"\" data-attachment-id=\"21299\" data-orig-file=\"https:\/\/blog.kunstgriff.net\/wp-content\/uploads\/2020\/06\/kurze-Rast-im-Schatten-auf-dem-Friedhof.jpg\" data-orig-size=\"2560,1707\" data-comments-opened=\"1\" data-image-meta=\"{&quot;aperture&quot;:&quot;2.8&quot;,&quot;credit&quot;:&quot;&quot;,&quot;camera&quot;:&quot;TG-4&quot;,&quot;caption&quot;:&quot;OLYMPUS DIGITAL CAMERA&quot;,&quot;created_timestamp&quot;:&quot;1592049467&quot;,&quot;copyright&quot;:&quot;&quot;,&quot;focal_length&quot;:&quot;4.5&quot;,&quot;iso&quot;:&quot;100&quot;,&quot;shutter_speed&quot;:&quot;0.003125&quot;,&quot;title&quot;:&quot;OLYMPUS DIGITAL CAMERA&quot;,&quot;orientation&quot;:&quot;1&quot;}\" data-image-title=\"kurze Rast im Schatten auf dem Friedhof\" data-image-description=\"\" data-medium-file=\"https:\/\/i0.wp.com\/blog.kunstgriff.net\/wp-content\/uploads\/2020\/06\/kurze-Rast-im-Schatten-auf-dem-Friedhof.jpg?fit=2560%2C1707&#038;ssl=1\" data-large-file=\"https:\/\/i0.wp.com\/blog.kunstgriff.net\/wp-content\/uploads\/2020\/06\/kurze-Rast-im-Schatten-auf-dem-Friedhof.jpg?fit=2560%2C1707&#038;ssl=1\" src=\"https:\/\/i0.wp.com\/blog.kunstgriff.net\/wp-content\/uploads\/2020\/06\/kurze-Rast-im-Schatten-auf-dem-Friedhof.jpg?w=171&#038;h=114&#038;ssl=1\" srcset=\"https:\/\/i0.wp.com\/blog.kunstgriff.net\/wp-content\/uploads\/2020\/06\/kurze-Rast-im-Schatten-auf-dem-Friedhof.jpg?w=2560&amp;ssl=1 2560w, https:\/\/i0.wp.com\/blog.kunstgriff.net\/wp-content\/uploads\/2020\/06\/kurze-Rast-im-Schatten-auf-dem-Friedhof.jpg?resize=768%2C512&amp;ssl=1 768w, https:\/\/i0.wp.com\/blog.kunstgriff.net\/wp-content\/uploads\/2020\/06\/kurze-Rast-im-Schatten-auf-dem-Friedhof.jpg?resize=1536%2C1024&amp;ssl=1 1536w, https:\/\/i0.wp.com\/blog.kunstgriff.net\/wp-content\/uploads\/2020\/06\/kurze-Rast-im-Schatten-auf-dem-Friedhof.jpg?resize=2048%2C1366&amp;ssl=1 2048w, https:\/\/i0.wp.com\/blog.kunstgriff.net\/wp-content\/uploads\/2020\/06\/kurze-Rast-im-Schatten-auf-dem-Friedhof.jpg?w=1050&amp;ssl=1 1050w\" width=\"171\" height=\"114\" loading=\"lazy\" data-original-width=\"171\" data-original-height=\"114\" itemprop=\"http:\/\/schema.org\/image\" title=\"kurze Rast im Schatten auf dem Friedhof\" alt=\"kurze Rast im Schatten auf dem Friedhof\" style=\"width: 171px; height: 114px;\" \/> <\/a> <div class=\"tiled-gallery-caption\" itemprop=\"caption description\"> kurze Rast im Schatten auf dem Friedhof <\/div> <\/div> <\/div> <!-- close group --> <div class=\"gallery-group images-1\" style=\"width: 175px; height: 118px;\" data-original-width=\"175\" data-original-height=\"118\" > <div class=\"tiled-gallery-item tiled-gallery-item-small\" itemprop=\"associatedMedia\" itemscope itemtype=\"http:\/\/schema.org\/ImageObject\"> <a href=\"https:\/\/i0.wp.com\/blog.kunstgriff.net\/wp-content\/uploads\/2020\/06\/herrlicher-Fl%C3%A4ming.jpg?ssl=1\" border=\"0\" itemprop=\"url\"> <meta itemprop=\"width\" content=\"171\"> <meta itemprop=\"height\" content=\"114\"> <img decoding=\"async\" class=\"\" data-attachment-id=\"21298\" data-orig-file=\"https:\/\/blog.kunstgriff.net\/wp-content\/uploads\/2020\/06\/herrlicher-Fl\u00e4ming.jpg\" data-orig-size=\"2560,1707\" data-comments-opened=\"1\" data-image-meta=\"{&quot;aperture&quot;:&quot;8&quot;,&quot;credit&quot;:&quot;&quot;,&quot;camera&quot;:&quot;TG-4&quot;,&quot;caption&quot;:&quot;OLYMPUS DIGITAL CAMERA&quot;,&quot;created_timestamp&quot;:&quot;1592053011&quot;,&quot;copyright&quot;:&quot;&quot;,&quot;focal_length&quot;:&quot;4.5&quot;,&quot;iso&quot;:&quot;100&quot;,&quot;shutter_speed&quot;:&quot;0.005&quot;,&quot;title&quot;:&quot;OLYMPUS DIGITAL CAMERA&quot;,&quot;orientation&quot;:&quot;1&quot;}\" data-image-title=\"herrlicher Fl\u00e4ming\" data-image-description=\"\" data-medium-file=\"https:\/\/i0.wp.com\/blog.kunstgriff.net\/wp-content\/uploads\/2020\/06\/herrlicher-Fl%C3%A4ming.jpg?fit=2560%2C1707&#038;ssl=1\" data-large-file=\"https:\/\/i0.wp.com\/blog.kunstgriff.net\/wp-content\/uploads\/2020\/06\/herrlicher-Fl%C3%A4ming.jpg?fit=2560%2C1707&#038;ssl=1\" src=\"https:\/\/i0.wp.com\/blog.kunstgriff.net\/wp-content\/uploads\/2020\/06\/herrlicher-Fl%C3%A4ming.jpg?w=171&#038;h=114&#038;ssl=1\" width=\"171\" height=\"114\" loading=\"lazy\" data-original-width=\"171\" data-original-height=\"114\" itemprop=\"http:\/\/schema.org\/image\" title=\"herrlicher Fl\u00e4ming\" alt=\"herrlicher Fl\u00e4ming\" style=\"width: 171px; height: 114px;\" \/> <\/a> <div class=\"tiled-gallery-caption\" itemprop=\"caption description\"> herrlicher Fl\u00e4ming <\/div> <\/div> <\/div> <!-- close group --> <\/div> <!-- close row --> <div class=\"gallery-row\" style=\"width: 525px; height: 176px;\" data-original-width=\"525\" data-original-height=\"176\" > <div class=\"gallery-group images-1\" style=\"width: 263px; height: 176px;\" data-original-width=\"263\" data-original-height=\"176\" > <div class=\"tiled-gallery-item tiled-gallery-item-large\" itemprop=\"associatedMedia\" itemscope itemtype=\"http:\/\/schema.org\/ImageObject\"> <a href=\"https:\/\/i0.wp.com\/blog.kunstgriff.net\/wp-content\/uploads\/2020\/06\/Milchreis-St%C3%BCck-Kuchen-Spezi-zu-980%E2%82%AC.jpg?ssl=1\" border=\"0\" itemprop=\"url\"> <meta itemprop=\"width\" content=\"259\"> <meta itemprop=\"height\" content=\"172\"> <img decoding=\"async\" class=\"\" data-attachment-id=\"21300\" data-orig-file=\"https:\/\/blog.kunstgriff.net\/wp-content\/uploads\/2020\/06\/Milchreis-St\u00fcck-Kuchen-Spezi-zu-980\u20ac.jpg\" data-orig-size=\"2560,1707\" data-comments-opened=\"1\" data-image-meta=\"{&quot;aperture&quot;:&quot;8&quot;,&quot;credit&quot;:&quot;&quot;,&quot;camera&quot;:&quot;TG-4&quot;,&quot;caption&quot;:&quot;OLYMPUS DIGITAL CAMERA&quot;,&quot;created_timestamp&quot;:&quot;1592055370&quot;,&quot;copyright&quot;:&quot;&quot;,&quot;focal_length&quot;:&quot;4.5&quot;,&quot;iso&quot;:&quot;100&quot;,&quot;shutter_speed&quot;:&quot;0.0025&quot;,&quot;title&quot;:&quot;OLYMPUS DIGITAL CAMERA&quot;,&quot;orientation&quot;:&quot;1&quot;}\" data-image-title=\"Milchreis-St\u00fcck Kuchen-Spezi zu 9,80\u20ac\" data-image-description=\"\" data-medium-file=\"https:\/\/i0.wp.com\/blog.kunstgriff.net\/wp-content\/uploads\/2020\/06\/Milchreis-St%C3%BCck-Kuchen-Spezi-zu-980%E2%82%AC.jpg?fit=2560%2C1707&#038;ssl=1\" data-large-file=\"https:\/\/i0.wp.com\/blog.kunstgriff.net\/wp-content\/uploads\/2020\/06\/Milchreis-St%C3%BCck-Kuchen-Spezi-zu-980%E2%82%AC.jpg?fit=2560%2C1707&#038;ssl=1\" src=\"https:\/\/i0.wp.com\/blog.kunstgriff.net\/wp-content\/uploads\/2020\/06\/Milchreis-St%C3%BCck-Kuchen-Spezi-zu-980%E2%82%AC.jpg?w=259&#038;h=172&#038;ssl=1\" width=\"259\" height=\"172\" loading=\"lazy\" data-original-width=\"259\" data-original-height=\"172\" itemprop=\"http:\/\/schema.org\/image\" title=\"Milchreis-St\u00fcck Kuchen-Spezi zu 9,80\u20ac\" alt=\"Milchreis-St\u00fcck Kuchen-Spezi zu 9,80\u20ac\" style=\"width: 259px; height: 172px;\" \/> <\/a> <div class=\"tiled-gallery-caption\" itemprop=\"caption description\"> Milchreis-St\u00fcck Kuchen-Spezi zu 9,80\u20ac <\/div> <\/div> <\/div> <!-- close group --> <div class=\"gallery-group images-1\" style=\"width: 262px; height: 176px;\" data-original-width=\"262\" data-original-height=\"176\" > <div class=\"tiled-gallery-item tiled-gallery-item-large\" itemprop=\"associatedMedia\" itemscope itemtype=\"http:\/\/schema.org\/ImageObject\"> <a href=\"https:\/\/i0.wp.com\/blog.kunstgriff.net\/wp-content\/uploads\/2020\/06\/Nochmal-Boxenstop-auf-dem-R%C3%BCckweg-in-Luckenwalde.jpg?ssl=1\" border=\"0\" itemprop=\"url\"> <meta itemprop=\"width\" content=\"258\"> <meta itemprop=\"height\" content=\"172\"> <img decoding=\"async\" class=\"\" data-attachment-id=\"21301\" data-orig-file=\"https:\/\/blog.kunstgriff.net\/wp-content\/uploads\/2020\/06\/Nochmal-Boxenstop-auf-dem-R\u00fcckweg-in-Luckenwalde.jpg\" data-orig-size=\"2560,1707\" data-comments-opened=\"1\" data-image-meta=\"{&quot;aperture&quot;:&quot;2.8&quot;,&quot;credit&quot;:&quot;&quot;,&quot;camera&quot;:&quot;TG-4&quot;,&quot;caption&quot;:&quot;OLYMPUS DIGITAL CAMERA&quot;,&quot;created_timestamp&quot;:&quot;1592060185&quot;,&quot;copyright&quot;:&quot;&quot;,&quot;focal_length&quot;:&quot;4.5&quot;,&quot;iso&quot;:&quot;100&quot;,&quot;shutter_speed&quot;:&quot;0.0015625&quot;,&quot;title&quot;:&quot;OLYMPUS DIGITAL CAMERA&quot;,&quot;orientation&quot;:&quot;1&quot;}\" data-image-title=\"Nochmal Boxenstop auf dem R\u00fcckweg in Luckenwalde\" data-image-description=\"\" data-medium-file=\"https:\/\/i0.wp.com\/blog.kunstgriff.net\/wp-content\/uploads\/2020\/06\/Nochmal-Boxenstop-auf-dem-R%C3%BCckweg-in-Luckenwalde.jpg?fit=2560%2C1707&#038;ssl=1\" data-large-file=\"https:\/\/i0.wp.com\/blog.kunstgriff.net\/wp-content\/uploads\/2020\/06\/Nochmal-Boxenstop-auf-dem-R%C3%BCckweg-in-Luckenwalde.jpg?fit=2560%2C1707&#038;ssl=1\" src=\"https:\/\/i0.wp.com\/blog.kunstgriff.net\/wp-content\/uploads\/2020\/06\/Nochmal-Boxenstop-auf-dem-R%C3%BCckweg-in-Luckenwalde.jpg?w=258&#038;h=172&#038;ssl=1\" width=\"258\" height=\"172\" loading=\"lazy\" data-original-width=\"258\" data-original-height=\"172\" itemprop=\"http:\/\/schema.org\/image\" title=\"Nochmal Boxenstop auf dem R\u00fcckweg in Luckenwalde\" alt=\"Nochmal Boxenstop auf dem R\u00fcckweg in Luckenwalde\" style=\"width: 258px; height: 172px;\" \/> <\/a> <div class=\"tiled-gallery-caption\" itemprop=\"caption description\"> Nochmal Boxenstop auf dem R\u00fcckweg in Luckenwalde <\/div> <\/div> <\/div> <!-- close group --> <\/div> <!-- close row --> <\/div>\n","protected":false},"excerpt":{"rendered":"<p>Ab in den S\u00fcden Oft oder meist geht es ja aus reiner Bequemlichkeit in den Westen, ins Havelland zum Sporteln. Gestern aber machte Stefan den hervorragenden Vorschlag, mal wieder in den Fl\u00e4ming zu fahren und schubste gleich einen Track auf Komoot hinterher. Ich z\u00f6gerte noch aber irgendwann am Freitag Abend war dann klar, da\u00df das &hellip; <\/p>\n<p class=\"link-more\"><a href=\"https:\/\/blog.kunstgriff.net\/?p=21302\" class=\"more-link\"><span class=\"screen-reader-text\">\u201eNach Petkus in den Fl\u00e4ming\u201c <\/span>weiterlesen<\/a><\/p>\n","protected":false},"author":2,"featured_media":21294,"comment_status":"open","ping_status":"open","sticky":false,"template":"","format":"standard","meta":{"jetpack_post_was_ever_published":false,"_jetpack_newsletter_access":"","_jetpack_dont_email_post_to_subs":false,"_jetpack_newsletter_tier_id":0,"_jetpack_memberships_contains_paywalled_content":false,"_jetpack_memberships_contains_paid_content":false,"footnotes":""},"categories":[34,14,7],"tags":[],"class_list":["post-21302","post","type-post","status-publish","format-standard","has-post-thumbnail","hentry","category-cake-ride","category-radfahren","category-rennradfahren"],"jetpack_featured_media_url":"https:\/\/i0.wp.com\/blog.kunstgriff.net\/wp-content\/uploads\/2020\/06\/Fl%C3%A4ming-wir-kommen.jpg?fit=2560%2C1706&ssl=1","jetpack_shortlink":"https:\/\/wp.me\/p8Cxe7-5xA","jetpack-related-posts":[{"id":14091,"url":"https:\/\/blog.kunstgriff.net\/?p=14091","url_meta":{"origin":21302,"position":0},"title":"Tiri nach Baruth und Petkus","author":"Georg","date":"August 13, 2016","format":false,"excerpt":"oder \u00bbAb in den S\u00fcden\u00ab Nachdem ich das letzte mal Rund um Berlin mit den Tiri's gefahren bin, war der Wunsch doch sehr gross, mit der Bande mal wieder die Kurbeln zu drehen. Also angemeldet und nix wie runter zum Treffpunkt. Ich traf als erster an der Stadtgrenze ein, und\u2026","rel":"","context":"In &quot;Cake-Ride&quot;","block_context":{"text":"Cake-Ride","link":"https:\/\/blog.kunstgriff.net\/?cat=34"},"img":{"alt_text":"","src":"https:\/\/i0.wp.com\/blog.kunstgriff.net\/wp-content\/uploads\/2016\/08\/Beim-Roggenk%C3%B6nig.jpg?fit=1200%2C800&ssl=1&resize=350%2C200","width":350,"height":200,"srcset":"https:\/\/i0.wp.com\/blog.kunstgriff.net\/wp-content\/uploads\/2016\/08\/Beim-Roggenk%C3%B6nig.jpg?fit=1200%2C800&ssl=1&resize=350%2C200 1x, https:\/\/i0.wp.com\/blog.kunstgriff.net\/wp-content\/uploads\/2016\/08\/Beim-Roggenk%C3%B6nig.jpg?fit=1200%2C800&ssl=1&resize=525%2C300 1.5x, https:\/\/i0.wp.com\/blog.kunstgriff.net\/wp-content\/uploads\/2016\/08\/Beim-Roggenk%C3%B6nig.jpg?fit=1200%2C800&ssl=1&resize=700%2C400 2x, https:\/\/i0.wp.com\/blog.kunstgriff.net\/wp-content\/uploads\/2016\/08\/Beim-Roggenk%C3%B6nig.jpg?fit=1200%2C800&ssl=1&resize=1050%2C600 3x"},"classes":[]},{"id":7649,"url":"https:\/\/blog.kunstgriff.net\/?p=7649","url_meta":{"origin":21302,"position":1},"title":"Tour in den Fl\u00e4ming","author":"Georg","date":"April 6, 2012","format":false,"excerpt":"oder \u00bbKalt und gut\u00abHeute, am Karfreitag, plante die Tiri-Gang eine lange Runde in den Fl\u00e4ming. Quasi als Vorbereitung f\u00fcr den folgenden 200er am n\u00e4chsten Wochenende. Leider war mein Zeitfenster zum Radeln heute nicht gro\u00df genug f\u00fcr deren lange Runde \u00fcber den Fl\u00e4ming-Skate zu fahren, aber bis Luckenwalde wollte ich gerne\u2026","rel":"","context":"In &quot;Radfahren&quot;","block_context":{"text":"Radfahren","link":"https:\/\/blog.kunstgriff.net\/?cat=14"},"img":{"alt_text":"","src":"http:\/\/www.assoc-amazon.de\/e\/ir?t=&l=as2&o=3&a=B00424LN5G","width":350,"height":200},"classes":[]},{"id":11586,"url":"https:\/\/blog.kunstgriff.net\/?p=11586","url_meta":{"origin":21302,"position":2},"title":"Mallorca Trainingscamp 2014 &#8211; Tag 3 &#8211; Randa","author":"Georg","date":"April 2, 2014","format":false,"excerpt":"oder \u00bbNur 1x wirklich hoch\u00abHeute war der dritten Trainingstag auf der Insel und nicht nur meine Beine zwackten ein wenig, sondern auch mein unterer R\u00fccken machte mir Sorgen. Die ganze Zeit Schmerzen. Laufen tat weh, aber ich war ja zum Radfahren hier. Radfahren klang gut, die Fahrt hoch nach Randa\u2026","rel":"","context":"In &quot;Radfahren&quot;","block_context":{"text":"Radfahren","link":"https:\/\/blog.kunstgriff.net\/?cat=14"},"img":{"alt_text":"","src":"https:\/\/i0.wp.com\/blog.kunstgriff.net\/wp-content\/uploads\/2014\/04\/Oben-im-Caf%C3%A9-in-Randa.jpg?fit=1200%2C900&ssl=1&resize=350%2C200","width":350,"height":200,"srcset":"https:\/\/i0.wp.com\/blog.kunstgriff.net\/wp-content\/uploads\/2014\/04\/Oben-im-Caf%C3%A9-in-Randa.jpg?fit=1200%2C900&ssl=1&resize=350%2C200 1x, https:\/\/i0.wp.com\/blog.kunstgriff.net\/wp-content\/uploads\/2014\/04\/Oben-im-Caf%C3%A9-in-Randa.jpg?fit=1200%2C900&ssl=1&resize=525%2C300 1.5x, https:\/\/i0.wp.com\/blog.kunstgriff.net\/wp-content\/uploads\/2014\/04\/Oben-im-Caf%C3%A9-in-Randa.jpg?fit=1200%2C900&ssl=1&resize=700%2C400 2x, https:\/\/i0.wp.com\/blog.kunstgriff.net\/wp-content\/uploads\/2014\/04\/Oben-im-Caf%C3%A9-in-Randa.jpg?fit=1200%2C900&ssl=1&resize=1050%2C600 3x"},"classes":[]},{"id":18197,"url":"https:\/\/blog.kunstgriff.net\/?p=18197","url_meta":{"origin":21302,"position":3},"title":"Fl\u00e4ming 300er","author":"Georg","date":"Juni 30, 2018","format":false,"excerpt":"Heute mal etwas l\u00e4nger unterwegs Eigentlich stand heute f\u00fcr mich der Night-Ride vom wff von Spandau nach Hamburg auf dem Programm. Mitte der Woche entschied ich mich dagegen, da ich mich mit der Fahrt in der Nacht einfach nicht wohl f\u00fchlte. Ein Alternativ-Programm musste her. Etwas l\u00e4nger w\u00e4re schon sch\u00f6n,\u2026","rel":"","context":"In &quot;200er&quot;","block_context":{"text":"200er","link":"https:\/\/blog.kunstgriff.net\/?cat=48"},"img":{"alt_text":"","src":"https:\/\/i0.wp.com\/blog.kunstgriff.net\/wp-content\/uploads\/2018\/06\/Die-weiten-Brandenburgs-bei-Goltzow.jpg?fit=1200%2C799&ssl=1&resize=350%2C200","width":350,"height":200,"srcset":"https:\/\/i0.wp.com\/blog.kunstgriff.net\/wp-content\/uploads\/2018\/06\/Die-weiten-Brandenburgs-bei-Goltzow.jpg?fit=1200%2C799&ssl=1&resize=350%2C200 1x, https:\/\/i0.wp.com\/blog.kunstgriff.net\/wp-content\/uploads\/2018\/06\/Die-weiten-Brandenburgs-bei-Goltzow.jpg?fit=1200%2C799&ssl=1&resize=525%2C300 1.5x, https:\/\/i0.wp.com\/blog.kunstgriff.net\/wp-content\/uploads\/2018\/06\/Die-weiten-Brandenburgs-bei-Goltzow.jpg?fit=1200%2C799&ssl=1&resize=700%2C400 2x, https:\/\/i0.wp.com\/blog.kunstgriff.net\/wp-content\/uploads\/2018\/06\/Die-weiten-Brandenburgs-bei-Goltzow.jpg?fit=1200%2C799&ssl=1&resize=1050%2C600 3x"},"classes":[]},{"id":21277,"url":"https:\/\/blog.kunstgriff.net\/?p=21277","url_meta":{"origin":21302,"position":4},"title":"Zum Konditor Schmiedel nach Fehrbellin #3","author":"Georg","date":"Juni 7, 2020","format":false,"excerpt":"Neue Wege braucht die Bande Nachdem ich in den vergangenen Wochen meist die Tourenplanung \u00fcbernommen hatte, war ich sehr froh, da\u00df Alex die Initiative ergriff und f\u00fcr heute eine sch\u00f6ne Strecke vorschlug. Treffpunkt war die bekannte Feuerwache in Tegel und es ging zu f\u00fcnft auf die Strecke. Gleich recht sportlich\u2026","rel":"","context":"In &quot;Cake-Ride&quot;","block_context":{"text":"Cake-Ride","link":"https:\/\/blog.kunstgriff.net\/?cat=34"},"img":{"alt_text":"Sehr sch\u00f6nes Lavendelfeld","src":"https:\/\/i0.wp.com\/blog.kunstgriff.net\/wp-content\/uploads\/2020\/06\/Sehr-sch%C3%B6nes-Lavendelfeld.jpg?fit=1200%2C800&ssl=1&resize=350%2C200","width":350,"height":200,"srcset":"https:\/\/i0.wp.com\/blog.kunstgriff.net\/wp-content\/uploads\/2020\/06\/Sehr-sch%C3%B6nes-Lavendelfeld.jpg?fit=1200%2C800&ssl=1&resize=350%2C200 1x, https:\/\/i0.wp.com\/blog.kunstgriff.net\/wp-content\/uploads\/2020\/06\/Sehr-sch%C3%B6nes-Lavendelfeld.jpg?fit=1200%2C800&ssl=1&resize=525%2C300 1.5x, https:\/\/i0.wp.com\/blog.kunstgriff.net\/wp-content\/uploads\/2020\/06\/Sehr-sch%C3%B6nes-Lavendelfeld.jpg?fit=1200%2C800&ssl=1&resize=700%2C400 2x, https:\/\/i0.wp.com\/blog.kunstgriff.net\/wp-content\/uploads\/2020\/06\/Sehr-sch%C3%B6nes-Lavendelfeld.jpg?fit=1200%2C800&ssl=1&resize=1050%2C600 3x"},"classes":[]},{"id":18118,"url":"https:\/\/blog.kunstgriff.net\/?p=18118","url_meta":{"origin":21302,"position":5},"title":"Spargel-Tour mit den Havellandriders 2018","author":"Georg","date":"Juni 10, 2018","format":false,"excerpt":"oder \u00bbTraditions-Ausflug zum Spargel-Mittagstisch\u00ab Nach der doch, retrospektiv betrachtet, recht beschwerlichen gestrigen Ostsee-Tour, war ich froh, da\u00df heute die traditionelle Spargel-Tour ausgerufen war. Wie schon in den vielen vergangenen Jahren auch, sollte recht locker im Havelland gefahren werden. Ein klassischer Group-Ride also, heute mal nicht zu Kaffee & Kuchen sondern\u2026","rel":"","context":"In &quot;Radfahren&quot;","block_context":{"text":"Radfahren","link":"https:\/\/blog.kunstgriff.net\/?cat=14"},"img":{"alt_text":"","src":"https:\/\/i0.wp.com\/blog.kunstgriff.net\/wp-content\/uploads\/2018\/06\/hinter-Nauen-nach-P%C3%A4wesin.jpg?fit=1200%2C800&ssl=1&resize=350%2C200","width":350,"height":200,"srcset":"https:\/\/i0.wp.com\/blog.kunstgriff.net\/wp-content\/uploads\/2018\/06\/hinter-Nauen-nach-P%C3%A4wesin.jpg?fit=1200%2C800&ssl=1&resize=350%2C200 1x, https:\/\/i0.wp.com\/blog.kunstgriff.net\/wp-content\/uploads\/2018\/06\/hinter-Nauen-nach-P%C3%A4wesin.jpg?fit=1200%2C800&ssl=1&resize=525%2C300 1.5x, https:\/\/i0.wp.com\/blog.kunstgriff.net\/wp-content\/uploads\/2018\/06\/hinter-Nauen-nach-P%C3%A4wesin.jpg?fit=1200%2C800&ssl=1&resize=700%2C400 2x, https:\/\/i0.wp.com\/blog.kunstgriff.net\/wp-content\/uploads\/2018\/06\/hinter-Nauen-nach-P%C3%A4wesin.jpg?fit=1200%2C800&ssl=1&resize=1050%2C600 3x"},"classes":[]}],"jetpack_likes_enabled":true,"jetpack_sharing_enabled":true,"_links":{"self":[{"href":"https:\/\/blog.kunstgriff.net\/index.php?rest_route=\/wp\/v2\/posts\/21302","targetHints":{"allow":["GET"]}}],"collection":[{"href":"https:\/\/blog.kunstgriff.net\/index.php?rest_route=\/wp\/v2\/posts"}],"about":[{"href":"https:\/\/blog.kunstgriff.net\/index.php?rest_route=\/wp\/v2\/types\/post"}],"author":[{"embeddable":true,"href":"https:\/\/blog.kunstgriff.net\/index.php?rest_route=\/wp\/v2\/users\/2"}],"replies":[{"embeddable":true,"href":"https:\/\/blog.kunstgriff.net\/index.php?rest_route=%2Fwp%2Fv2%2Fcomments&post=21302"}],"version-history":[{"count":8,"href":"https:\/\/blog.kunstgriff.net\/index.php?rest_route=\/wp\/v2\/posts\/21302\/revisions"}],"predecessor-version":[{"id":21310,"href":"https:\/\/blog.kunstgriff.net\/index.php?rest_route=\/wp\/v2\/posts\/21302\/revisions\/21310"}],"wp:featuredmedia":[{"embeddable":true,"href":"https:\/\/blog.kunstgriff.net\/index.php?rest_route=\/wp\/v2\/media\/21294"}],"wp:attachment":[{"href":"https:\/\/blog.kunstgriff.net\/index.php?rest_route=%2Fwp%2Fv2%2Fmedia&parent=21302"}],"wp:term":[{"taxonomy":"category","embeddable":true,"href":"https:\/\/blog.kunstgriff.net\/index.php?rest_route=%2Fwp%2Fv2%2Fcategories&post=21302"},{"taxonomy":"post_tag","embeddable":true,"href":"https:\/\/blog.kunstgriff.net\/index.php?rest_route=%2Fwp%2Fv2%2Ftags&post=21302"}],"curies":[{"name":"wp","href":"https:\/\/api.w.org\/{rel}","templated":true}]}}