{"id":21469,"date":"2020-07-12T14:23:24","date_gmt":"2020-07-12T12:23:24","guid":{"rendered":"https:\/\/blog.kunstgriff.net\/?p=21469"},"modified":"2020-07-12T14:23:24","modified_gmt":"2020-07-12T12:23:24","slug":"an-die-trebbiner-kuchentheke-4","status":"publish","type":"post","link":"https:\/\/blog.kunstgriff.net\/?p=21469","title":{"rendered":"An die Trebbiner-Kuchentheke #4"},"content":{"rendered":"<span class=\"span-reading-time rt-reading-time\" style=\"display: block;\"><span class=\"rt-label rt-prefix\">Lesezeit: <\/span> <span class=\"rt-time\"> &lt; 1<\/span> <span class=\"rt-label rt-postfix\">Minute<\/span><\/span><h4>Kuchenhunni zu zweit<\/h4>\n<hr \/>\n<p>Nicht, da\u00df jemand denkt, es k\u00f6nnte langweilig werden: Immer wieder bietet dieser kleine Kurz-Urlaub nach S\u00fcden auf dem Rad neue Eindr\u00fccke und Entdeckungen. So auch heute: nicht nur die fast autofreien Strassen, bedingt durch die Ferienzeit, auch die herrlichen Sonnenblumefelder machten riesen Freude und boten einiges f\u00fcrs Auge.<\/p>\n<p>Die Strecke war hingegen bekannt, bot demnach nicht viel Abwechslung. Darum ging es aber auch nicht, sonder um den besten Bienenstich im Landkreis Teltow-Fl\u00e4ming, darum ging es heute!<\/p>\n<p>Der durfte nach etwas mehr als der H\u00e4lfte der Strecke genossen werden, bevor es wieder mit leichtem Schiebewind zur\u00fcck in die Hauptstadt ging. Herrlicher Sport, mit super Kettenbruder bei klasse Sommerwetter!<\/p>\n<p><iframe height='405' width='590' frameborder='0' allowtransparency='true' scrolling='no' src='https:\/\/www.strava.com\/activities\/3750732121\/embed\/c9b69a700e07f28bb8377333bffa3d2787232e3b'><\/iframe><\/p>\n<div class=\"tiled-gallery type-rectangular tiled-gallery-unresized\" data-original-width=\"525\" data-carousel-extra='{&quot;blog_id&quot;:1,&quot;permalink&quot;:&quot;https:\\\/\\\/blog.kunstgriff.net\\\/?p=21469&quot;,&quot;likes_blog_id&quot;:127394879}' itemscope itemtype=\"http:\/\/schema.org\/ImageGallery\" > <div class=\"gallery-row\" style=\"width: 525px; height: 235px;\" data-original-width=\"525\" data-original-height=\"235\" > <div class=\"gallery-group images-1\" style=\"width: 351px; height: 235px;\" data-original-width=\"351\" data-original-height=\"235\" > <div class=\"tiled-gallery-item tiled-gallery-item-large\" itemprop=\"associatedMedia\" itemscope itemtype=\"http:\/\/schema.org\/ImageObject\"> <a href=\"https:\/\/i0.wp.com\/blog.kunstgriff.net\/wp-content\/uploads\/2020\/07\/kurz-vor-Blankensee.jpg?ssl=1\" border=\"0\" itemprop=\"url\"> <meta itemprop=\"width\" content=\"347\"> <meta itemprop=\"height\" content=\"231\"> <img decoding=\"async\" class=\"\" data-attachment-id=\"21467\" data-orig-file=\"https:\/\/blog.kunstgriff.net\/wp-content\/uploads\/2020\/07\/kurz-vor-Blankensee.jpg\" data-orig-size=\"2560,1706\" data-comments-opened=\"1\" data-image-meta=\"{&quot;aperture&quot;:&quot;8&quot;,&quot;credit&quot;:&quot;&quot;,&quot;camera&quot;:&quot;TG-4&quot;,&quot;caption&quot;:&quot;OLYMPUS DIGITAL CAMERA&quot;,&quot;created_timestamp&quot;:&quot;1594551757&quot;,&quot;copyright&quot;:&quot;&quot;,&quot;focal_length&quot;:&quot;4.5&quot;,&quot;iso&quot;:&quot;100&quot;,&quot;shutter_speed&quot;:&quot;0.004&quot;,&quot;title&quot;:&quot;OLYMPUS DIGITAL CAMERA&quot;,&quot;orientation&quot;:&quot;1&quot;}\" data-image-title=\"kurz vor Blankensee\" data-image-description=\"\" data-medium-file=\"https:\/\/i0.wp.com\/blog.kunstgriff.net\/wp-content\/uploads\/2020\/07\/kurz-vor-Blankensee.jpg?fit=2560%2C1706&#038;ssl=1\" data-large-file=\"https:\/\/i0.wp.com\/blog.kunstgriff.net\/wp-content\/uploads\/2020\/07\/kurz-vor-Blankensee.jpg?fit=2560%2C1706&#038;ssl=1\" src=\"https:\/\/i0.wp.com\/blog.kunstgriff.net\/wp-content\/uploads\/2020\/07\/kurz-vor-Blankensee.jpg?w=347&#038;h=231&#038;ssl=1\" srcset=\"https:\/\/i0.wp.com\/blog.kunstgriff.net\/wp-content\/uploads\/2020\/07\/kurz-vor-Blankensee.jpg?w=2560&amp;ssl=1 2560w, https:\/\/i0.wp.com\/blog.kunstgriff.net\/wp-content\/uploads\/2020\/07\/kurz-vor-Blankensee.jpg?resize=768%2C512&amp;ssl=1 768w, https:\/\/i0.wp.com\/blog.kunstgriff.net\/wp-content\/uploads\/2020\/07\/kurz-vor-Blankensee.jpg?resize=1536%2C1024&amp;ssl=1 1536w, https:\/\/i0.wp.com\/blog.kunstgriff.net\/wp-content\/uploads\/2020\/07\/kurz-vor-Blankensee.jpg?resize=2048%2C1365&amp;ssl=1 2048w, https:\/\/i0.wp.com\/blog.kunstgriff.net\/wp-content\/uploads\/2020\/07\/kurz-vor-Blankensee.jpg?w=1050&amp;ssl=1 1050w\" width=\"347\" height=\"231\" loading=\"lazy\" data-original-width=\"347\" data-original-height=\"231\" itemprop=\"http:\/\/schema.org\/image\" title=\"kurz vor Blankensee\" alt=\"kurz vor Blankensee\" style=\"width: 347px; height: 231px;\" \/> <\/a> <div class=\"tiled-gallery-caption\" itemprop=\"caption description\"> kurz vor Blankensee <\/div> <\/div> <\/div> <!-- close group --> <div class=\"gallery-group images-2\" style=\"width: 174px; height: 235px;\" data-original-width=\"174\" data-original-height=\"235\" > <div class=\"tiled-gallery-item tiled-gallery-item-small\" itemprop=\"associatedMedia\" itemscope itemtype=\"http:\/\/schema.org\/ImageObject\"> <a href=\"https:\/\/i0.wp.com\/blog.kunstgriff.net\/wp-content\/uploads\/2020\/07\/Hier-gibts-was-aufn-Teller.jpg?ssl=1\" border=\"0\" itemprop=\"url\"> <meta itemprop=\"width\" content=\"170\"> <meta itemprop=\"height\" content=\"113\"> <img decoding=\"async\" class=\"\" data-attachment-id=\"21466\" data-orig-file=\"https:\/\/blog.kunstgriff.net\/wp-content\/uploads\/2020\/07\/Hier-gibts-was-aufn-Teller.jpg\" data-orig-size=\"2560,1705\" data-comments-opened=\"1\" data-image-meta=\"{&quot;aperture&quot;:&quot;8&quot;,&quot;credit&quot;:&quot;&quot;,&quot;camera&quot;:&quot;TG-4&quot;,&quot;caption&quot;:&quot;OLYMPUS DIGITAL CAMERA&quot;,&quot;created_timestamp&quot;:&quot;1594553444&quot;,&quot;copyright&quot;:&quot;&quot;,&quot;focal_length&quot;:&quot;4.5&quot;,&quot;iso&quot;:&quot;100&quot;,&quot;shutter_speed&quot;:&quot;0.003125&quot;,&quot;title&quot;:&quot;OLYMPUS DIGITAL CAMERA&quot;,&quot;orientation&quot;:&quot;1&quot;}\" data-image-title=\"Hier gibts was aufn Teller\" data-image-description=\"\" data-medium-file=\"https:\/\/i0.wp.com\/blog.kunstgriff.net\/wp-content\/uploads\/2020\/07\/Hier-gibts-was-aufn-Teller.jpg?fit=2560%2C1705&#038;ssl=1\" data-large-file=\"https:\/\/i0.wp.com\/blog.kunstgriff.net\/wp-content\/uploads\/2020\/07\/Hier-gibts-was-aufn-Teller.jpg?fit=2560%2C1705&#038;ssl=1\" src=\"https:\/\/i0.wp.com\/blog.kunstgriff.net\/wp-content\/uploads\/2020\/07\/Hier-gibts-was-aufn-Teller.jpg?w=170&#038;h=113&#038;ssl=1\" srcset=\"https:\/\/i0.wp.com\/blog.kunstgriff.net\/wp-content\/uploads\/2020\/07\/Hier-gibts-was-aufn-Teller.jpg?w=2560&amp;ssl=1 2560w, https:\/\/i0.wp.com\/blog.kunstgriff.net\/wp-content\/uploads\/2020\/07\/Hier-gibts-was-aufn-Teller.jpg?resize=768%2C512&amp;ssl=1 768w, https:\/\/i0.wp.com\/blog.kunstgriff.net\/wp-content\/uploads\/2020\/07\/Hier-gibts-was-aufn-Teller.jpg?resize=1536%2C1023&amp;ssl=1 1536w, https:\/\/i0.wp.com\/blog.kunstgriff.net\/wp-content\/uploads\/2020\/07\/Hier-gibts-was-aufn-Teller.jpg?resize=2048%2C1364&amp;ssl=1 2048w, https:\/\/i0.wp.com\/blog.kunstgriff.net\/wp-content\/uploads\/2020\/07\/Hier-gibts-was-aufn-Teller.jpg?w=1050&amp;ssl=1 1050w\" width=\"170\" height=\"113\" loading=\"lazy\" data-original-width=\"170\" data-original-height=\"113\" itemprop=\"http:\/\/schema.org\/image\" title=\"Hier gibts was aufn Teller\" alt=\"Hier gibts was aufn Teller\" style=\"width: 170px; height: 113px;\" \/> <\/a> <div class=\"tiled-gallery-caption\" itemprop=\"caption description\"> Hier gibts was aufn Teller <\/div> <\/div> <div class=\"tiled-gallery-item tiled-gallery-item-small\" itemprop=\"associatedMedia\" itemscope itemtype=\"http:\/\/schema.org\/ImageObject\"> <a href=\"https:\/\/i0.wp.com\/blog.kunstgriff.net\/wp-content\/uploads\/2020\/07\/Lieblingsb%C3%A4cker-S%C3%BCd.jpg?ssl=1\" border=\"0\" itemprop=\"url\"> <meta itemprop=\"width\" content=\"170\"> <meta itemprop=\"height\" content=\"114\"> <img decoding=\"async\" class=\"\" data-attachment-id=\"21468\" data-orig-file=\"https:\/\/blog.kunstgriff.net\/wp-content\/uploads\/2020\/07\/Lieblingsb\u00e4cker-S\u00fcd.jpg\" data-orig-size=\"2560,1707\" data-comments-opened=\"1\" data-image-meta=\"{&quot;aperture&quot;:&quot;2.8&quot;,&quot;credit&quot;:&quot;&quot;,&quot;camera&quot;:&quot;TG-4&quot;,&quot;caption&quot;:&quot;OLYMPUS DIGITAL CAMERA&quot;,&quot;created_timestamp&quot;:&quot;1594553383&quot;,&quot;copyright&quot;:&quot;&quot;,&quot;focal_length&quot;:&quot;4.5&quot;,&quot;iso&quot;:&quot;100&quot;,&quot;shutter_speed&quot;:&quot;0.001&quot;,&quot;title&quot;:&quot;OLYMPUS DIGITAL CAMERA&quot;,&quot;orientation&quot;:&quot;1&quot;}\" data-image-title=\"Lieblingsb\u00e4cker-S\u00fcd\" data-image-description=\"\" data-medium-file=\"https:\/\/i0.wp.com\/blog.kunstgriff.net\/wp-content\/uploads\/2020\/07\/Lieblingsb%C3%A4cker-S%C3%BCd.jpg?fit=2560%2C1707&#038;ssl=1\" data-large-file=\"https:\/\/i0.wp.com\/blog.kunstgriff.net\/wp-content\/uploads\/2020\/07\/Lieblingsb%C3%A4cker-S%C3%BCd.jpg?fit=2560%2C1707&#038;ssl=1\" src=\"https:\/\/i0.wp.com\/blog.kunstgriff.net\/wp-content\/uploads\/2020\/07\/Lieblingsb%C3%A4cker-S%C3%BCd.jpg?w=170&#038;h=114&#038;ssl=1\" width=\"170\" height=\"114\" loading=\"lazy\" data-original-width=\"170\" data-original-height=\"114\" itemprop=\"http:\/\/schema.org\/image\" title=\"Lieblingsb\u00e4cker-S\u00fcd\" alt=\"Lieblingsb\u00e4cker-S\u00fcd\" style=\"width: 170px; height: 114px;\" \/> <\/a> <div class=\"tiled-gallery-caption\" itemprop=\"caption description\"> Lieblingsb\u00e4cker-S\u00fcd <\/div> <\/div> <\/div> <!-- close group --> <\/div> <!-- close row --> <\/div>\n","protected":false},"excerpt":{"rendered":"<p>Kuchenhunni zu zweit Nicht, da\u00df jemand denkt, es k\u00f6nnte langweilig werden: Immer wieder bietet dieser kleine Kurz-Urlaub nach S\u00fcden auf dem Rad neue Eindr\u00fccke und Entdeckungen. So auch heute: nicht nur die fast autofreien Strassen, bedingt durch die Ferienzeit, auch die herrlichen Sonnenblumefelder machten riesen Freude und boten einiges f\u00fcrs Auge. Die Strecke war hingegen &hellip; <\/p>\n<p class=\"link-more\"><a href=\"https:\/\/blog.kunstgriff.net\/?p=21469\" class=\"more-link\"><span class=\"screen-reader-text\">\u201eAn die Trebbiner-Kuchentheke #4\u201c <\/span>weiterlesen<\/a><\/p>\n","protected":false},"author":2,"featured_media":21467,"comment_status":"open","ping_status":"open","sticky":false,"template":"","format":"standard","meta":{"jetpack_post_was_ever_published":false,"_jetpack_newsletter_access":"","_jetpack_dont_email_post_to_subs":false,"_jetpack_newsletter_tier_id":0,"_jetpack_memberships_contains_paywalled_content":false,"_jetpack_memberships_contains_paid_content":false,"footnotes":""},"categories":[34,14,7],"tags":[],"class_list":["post-21469","post","type-post","status-publish","format-standard","has-post-thumbnail","hentry","category-cake-ride","category-radfahren","category-rennradfahren"],"jetpack_featured_media_url":"https:\/\/i0.wp.com\/blog.kunstgriff.net\/wp-content\/uploads\/2020\/07\/kurz-vor-Blankensee.jpg?fit=2560%2C1706&ssl=1","jetpack_shortlink":"https:\/\/wp.me\/p8Cxe7-5Ah","jetpack-related-posts":[{"id":18139,"url":"https:\/\/blog.kunstgriff.net\/?p=18139","url_meta":{"origin":21469,"position":0},"title":"Rund um Berlin auf dem Mauerweg &#8211; die Zweite","author":"Georg","date":"Juni 16, 2018","format":false,"excerpt":"\u00bbImmer wieder gerne\u00ab Nach meiner ersten Umrundung West-Berlins auf dem Mauerweg in 2017, wollte ich es in 2018 wieder tun. Neues Team, gleiche Strecke. Wieder im Uhrzeigersinn, wieder Start in Wannsee. P\u00fcnktlich um 7 Uhr ging es dann auch auf die Strecke. Sehr gleichm\u00e4\u00dfig und ruhig kurbelten alle los. Die\u2026","rel":"","context":"In &quot;Cake-Ride&quot;","block_context":{"text":"Cake-Ride","link":"https:\/\/blog.kunstgriff.net\/?cat=34"},"img":{"alt_text":"","src":"https:\/\/i0.wp.com\/blog.kunstgriff.net\/wp-content\/uploads\/2018\/06\/die-letzten-Kilometer-bei-Teltow.jpg?fit=1200%2C800&ssl=1&resize=350%2C200","width":350,"height":200,"srcset":"https:\/\/i0.wp.com\/blog.kunstgriff.net\/wp-content\/uploads\/2018\/06\/die-letzten-Kilometer-bei-Teltow.jpg?fit=1200%2C800&ssl=1&resize=350%2C200 1x, https:\/\/i0.wp.com\/blog.kunstgriff.net\/wp-content\/uploads\/2018\/06\/die-letzten-Kilometer-bei-Teltow.jpg?fit=1200%2C800&ssl=1&resize=525%2C300 1.5x, https:\/\/i0.wp.com\/blog.kunstgriff.net\/wp-content\/uploads\/2018\/06\/die-letzten-Kilometer-bei-Teltow.jpg?fit=1200%2C800&ssl=1&resize=700%2C400 2x, https:\/\/i0.wp.com\/blog.kunstgriff.net\/wp-content\/uploads\/2018\/06\/die-letzten-Kilometer-bei-Teltow.jpg?fit=1200%2C800&ssl=1&resize=1050%2C600 3x"},"classes":[]},{"id":11781,"url":"https:\/\/blog.kunstgriff.net\/?p=11781","url_meta":{"origin":21469,"position":1},"title":"Nationalparkrunde","author":"Georg","date":"Mai 2, 2014","format":false,"excerpt":"oder \u00bbAdventsausfahrt im Mai\u00abWir wussten gestern Abend schon, dass das Wetter nicht sch\u00f6ner werden w\u00fcrde. Als wir heute Morgen die Rennradschuhe vor die T\u00fcr bewegten, wurde mir schlagartig klar, dass das heute keine Sonnenrunde werden w\u00fcrde. Auch die Temperaturen waren fast 10\u00b0C unter dem, was und Petrus gestern zu bieten\u2026","rel":"","context":"In &quot;Radfahren&quot;","block_context":{"text":"Radfahren","link":"https:\/\/blog.kunstgriff.net\/?cat=14"},"img":{"alt_text":"","src":"https:\/\/i0.wp.com\/blog.kunstgriff.net\/wp-content\/uploads\/2014\/05\/Abfahrt.jpg?fit=1200%2C900&ssl=1&resize=350%2C200","width":350,"height":200,"srcset":"https:\/\/i0.wp.com\/blog.kunstgriff.net\/wp-content\/uploads\/2014\/05\/Abfahrt.jpg?fit=1200%2C900&ssl=1&resize=350%2C200 1x, https:\/\/i0.wp.com\/blog.kunstgriff.net\/wp-content\/uploads\/2014\/05\/Abfahrt.jpg?fit=1200%2C900&ssl=1&resize=525%2C300 1.5x, https:\/\/i0.wp.com\/blog.kunstgriff.net\/wp-content\/uploads\/2014\/05\/Abfahrt.jpg?fit=1200%2C900&ssl=1&resize=700%2C400 2x, https:\/\/i0.wp.com\/blog.kunstgriff.net\/wp-content\/uploads\/2014\/05\/Abfahrt.jpg?fit=1200%2C900&ssl=1&resize=1050%2C600 3x"},"classes":[]},{"id":10173,"url":"https:\/\/blog.kunstgriff.net\/?p=10173","url_meta":{"origin":21469,"position":2},"title":"Beetzsee-Runde","author":"Georg","date":"April 28, 2013","format":false,"excerpt":"oder \u00bbIn grosser Gruppe durchs Havelland\u00abHeute traf ich um 10:30 Uhr Alexander an der Metro um, wie schon letzten Sonntag, gemeinsam nach Falkensee zu fahren. Der Treffpunkt dort hat sich nicht nur wegen der guten Gesellschaft bew\u00e4hrt, auch wird dort sauber gefahren und es besteht wenig Gefahr zu st\u00fcrzen. Wir\u2026","rel":"","context":"In &quot;Radfahren&quot;","block_context":{"text":"Radfahren","link":"https:\/\/blog.kunstgriff.net\/?cat=14"},"img":{"alt_text":"","src":"https:\/\/i0.wp.com\/blog.kunstgriff.net\/wp-content\/uploads\/2013\/04\/Treffpunkt-Rathaus-Falkensee.jpg?fit=1000%2C750&ssl=1&resize=350%2C200","width":350,"height":200,"srcset":"https:\/\/i0.wp.com\/blog.kunstgriff.net\/wp-content\/uploads\/2013\/04\/Treffpunkt-Rathaus-Falkensee.jpg?fit=1000%2C750&ssl=1&resize=350%2C200 1x, https:\/\/i0.wp.com\/blog.kunstgriff.net\/wp-content\/uploads\/2013\/04\/Treffpunkt-Rathaus-Falkensee.jpg?fit=1000%2C750&ssl=1&resize=525%2C300 1.5x, https:\/\/i0.wp.com\/blog.kunstgriff.net\/wp-content\/uploads\/2013\/04\/Treffpunkt-Rathaus-Falkensee.jpg?fit=1000%2C750&ssl=1&resize=700%2C400 2x"},"classes":[]},{"id":16710,"url":"https:\/\/blog.kunstgriff.net\/?p=16710","url_meta":{"origin":21469,"position":3},"title":"ERT 2017: Pyren\u00e4en 11. Etappe","author":"Georg","date":"September 29, 2017","format":false,"excerpt":"La Seu d'Urgel \u2013 Berga \u2013\u00a0\u201eDie verlorene Form kommt zur\u00fcck\u201c Nach dem leckeren und, f\u00fcr spanische Verh\u00e4ltnisse, sehr umfangreichen Fr\u00fchst\u00fcck mit Mandelkuchen und leckersten s\u00fcssen Teilchen machte ich mich auch heute wieder alleine auf die Strecke. Knapp 3.000 H\u00f6henmeter mit dreieinhalb Anstiegen auf der langen Strecke erwarteten mich. Da wollte\u2026","rel":"","context":"In &quot;Radfahren&quot;","block_context":{"text":"Radfahren","link":"https:\/\/blog.kunstgriff.net\/?cat=14"},"img":{"alt_text":"","src":"https:\/\/i0.wp.com\/blog.kunstgriff.net\/wp-content\/uploads\/2017\/10\/was-f%C3%BCr-ein-Ausblick.jpg?fit=1200%2C800&ssl=1&resize=350%2C200","width":350,"height":200,"srcset":"https:\/\/i0.wp.com\/blog.kunstgriff.net\/wp-content\/uploads\/2017\/10\/was-f%C3%BCr-ein-Ausblick.jpg?fit=1200%2C800&ssl=1&resize=350%2C200 1x, https:\/\/i0.wp.com\/blog.kunstgriff.net\/wp-content\/uploads\/2017\/10\/was-f%C3%BCr-ein-Ausblick.jpg?fit=1200%2C800&ssl=1&resize=525%2C300 1.5x, https:\/\/i0.wp.com\/blog.kunstgriff.net\/wp-content\/uploads\/2017\/10\/was-f%C3%BCr-ein-Ausblick.jpg?fit=1200%2C800&ssl=1&resize=700%2C400 2x, https:\/\/i0.wp.com\/blog.kunstgriff.net\/wp-content\/uploads\/2017\/10\/was-f%C3%BCr-ein-Ausblick.jpg?fit=1200%2C800&ssl=1&resize=1050%2C600 3x"},"classes":[]},{"id":5985,"url":"https:\/\/blog.kunstgriff.net\/?p=5985","url_meta":{"origin":21469,"position":4},"title":"Mit dem \u00bbA3K\u00ab nach Ueckeritz auf Usedom","author":"Georg","date":"September 24, 2011","format":false,"excerpt":"oder \u00bbHerrliche Herbsttour\u00ab Heute sollte es noch einmal nach Usedom gehen. Nicht das ich im September nicht schon einmal dort hoch gefahren w\u00e4re, aber die Strecke liegt mir einfach und lecker Fisch in Ueckeritz ist auch nicht zu verachten. Also um 4:45 Uhr am Samstag Morgen aufgestanden, die Ringbahn ins\u2026","rel":"","context":"In &quot;200er&quot;","block_context":{"text":"200er","link":"https:\/\/blog.kunstgriff.net\/?cat=48"},"img":{"alt_text":"","src":"https:\/\/i0.wp.com\/blog.kunstgriff.net\/wp-content\/uploads\/2011\/09\/Kurz-vor-der-Abfahrt-am-Sportforum-Hohensch%C3%B6nhausen.jpg?resize=350%2C200","width":350,"height":200,"srcset":"https:\/\/i0.wp.com\/blog.kunstgriff.net\/wp-content\/uploads\/2011\/09\/Kurz-vor-der-Abfahrt-am-Sportforum-Hohensch%C3%B6nhausen.jpg?resize=350%2C200 1x, https:\/\/i0.wp.com\/blog.kunstgriff.net\/wp-content\/uploads\/2011\/09\/Kurz-vor-der-Abfahrt-am-Sportforum-Hohensch%C3%B6nhausen.jpg?resize=525%2C300 1.5x, https:\/\/i0.wp.com\/blog.kunstgriff.net\/wp-content\/uploads\/2011\/09\/Kurz-vor-der-Abfahrt-am-Sportforum-Hohensch%C3%B6nhausen.jpg?resize=700%2C400 2x"},"classes":[]},{"id":13672,"url":"https:\/\/blog.kunstgriff.net\/?p=13672","url_meta":{"origin":21469,"position":5},"title":"Kurze Nordrunde \u00fcber Kremmen","author":"Georg","date":"Juli 2, 2016","format":false,"excerpt":"oder \u00bbLange nicht mehr hier gewesen\u00ab Einer meiner Lieblingsrunden und meist-gefahrenen, sollte heute mal wieder unter die R\u00e4der genommen werden. Dem Gruppen-Fahren ein wenig \u00fcberdr\u00fcssig machte ich mich um kurz nach 8 auf die noch sauberen Socken nach Norden. Zuletzt bin ich die Runde vor\u00a0\u00fcber einem Jahr gefahren und so\u2026","rel":"","context":"In &quot;Radfahren&quot;","block_context":{"text":"Radfahren","link":"https:\/\/blog.kunstgriff.net\/?cat=14"},"img":{"alt_text":"","src":"https:\/\/i0.wp.com\/blog.kunstgriff.net\/wp-content\/uploads\/2016\/07\/Verhangener-Himmel-im-Eiskeller.jpg?fit=1200%2C800&ssl=1&resize=350%2C200","width":350,"height":200,"srcset":"https:\/\/i0.wp.com\/blog.kunstgriff.net\/wp-content\/uploads\/2016\/07\/Verhangener-Himmel-im-Eiskeller.jpg?fit=1200%2C800&ssl=1&resize=350%2C200 1x, https:\/\/i0.wp.com\/blog.kunstgriff.net\/wp-content\/uploads\/2016\/07\/Verhangener-Himmel-im-Eiskeller.jpg?fit=1200%2C800&ssl=1&resize=525%2C300 1.5x, https:\/\/i0.wp.com\/blog.kunstgriff.net\/wp-content\/uploads\/2016\/07\/Verhangener-Himmel-im-Eiskeller.jpg?fit=1200%2C800&ssl=1&resize=700%2C400 2x, https:\/\/i0.wp.com\/blog.kunstgriff.net\/wp-content\/uploads\/2016\/07\/Verhangener-Himmel-im-Eiskeller.jpg?fit=1200%2C800&ssl=1&resize=1050%2C600 3x"},"classes":[]}],"jetpack_likes_enabled":true,"jetpack_sharing_enabled":true,"_links":{"self":[{"href":"https:\/\/blog.kunstgriff.net\/index.php?rest_route=\/wp\/v2\/posts\/21469","targetHints":{"allow":["GET"]}}],"collection":[{"href":"https:\/\/blog.kunstgriff.net\/index.php?rest_route=\/wp\/v2\/posts"}],"about":[{"href":"https:\/\/blog.kunstgriff.net\/index.php?rest_route=\/wp\/v2\/types\/post"}],"author":[{"embeddable":true,"href":"https:\/\/blog.kunstgriff.net\/index.php?rest_route=\/wp\/v2\/users\/2"}],"replies":[{"embeddable":true,"href":"https:\/\/blog.kunstgriff.net\/index.php?rest_route=%2Fwp%2Fv2%2Fcomments&post=21469"}],"version-history":[{"count":4,"href":"https:\/\/blog.kunstgriff.net\/index.php?rest_route=\/wp\/v2\/posts\/21469\/revisions"}],"predecessor-version":[{"id":21473,"href":"https:\/\/blog.kunstgriff.net\/index.php?rest_route=\/wp\/v2\/posts\/21469\/revisions\/21473"}],"wp:featuredmedia":[{"embeddable":true,"href":"https:\/\/blog.kunstgriff.net\/index.php?rest_route=\/wp\/v2\/media\/21467"}],"wp:attachment":[{"href":"https:\/\/blog.kunstgriff.net\/index.php?rest_route=%2Fwp%2Fv2%2Fmedia&parent=21469"}],"wp:term":[{"taxonomy":"category","embeddable":true,"href":"https:\/\/blog.kunstgriff.net\/index.php?rest_route=%2Fwp%2Fv2%2Fcategories&post=21469"},{"taxonomy":"post_tag","embeddable":true,"href":"https:\/\/blog.kunstgriff.net\/index.php?rest_route=%2Fwp%2Fv2%2Ftags&post=21469"}],"curies":[{"name":"wp","href":"https:\/\/api.w.org\/{rel}","templated":true}]}}