{"id":21538,"date":"2020-07-25T17:55:41","date_gmt":"2020-07-25T15:55:41","guid":{"rendered":"https:\/\/blog.kunstgriff.net\/?p=21538"},"modified":"2020-07-25T17:55:41","modified_gmt":"2020-07-25T15:55:41","slug":"kurze-nordrunde-ueber-kremmen-2-3","status":"publish","type":"post","link":"https:\/\/blog.kunstgriff.net\/?p=21538","title":{"rendered":"Kurze Nordrunde \u00fcber Kremmen #2"},"content":{"rendered":"<span class=\"span-reading-time rt-reading-time\" style=\"display: block;\"><span class=\"rt-label rt-prefix\">Lesezeit: <\/span> <span class=\"rt-time\"> &lt; 1<\/span> <span class=\"rt-label rt-postfix\">Minute<\/span><\/span><h4>am Samstag die Sonne genie\u00dfen<\/h4>\n<hr \/>\n<p>Nachdem ich in der vergangenen Nacht echt <del>sp\u00e4t<\/del> fr\u00fch zuhause war, musste der 10-Uhr-Gruppen-Ride leider ausfallen. Was tun wollte ich aber trotzdem. Besondern um den Kopf frei zu bekommen. Also raus aufs Rad!<\/p>\n<p>Wenig Wind und Temperaturen \u00fcber 20\u00b0C machten die Ausfahrt zum Vergn\u00fcgen! Viel Kraft hatte ich nicht, aber die Bewegung an der frischen Luft war herrlich und die Runde bot trotzdem ich diese bereits 34 mal gefahren bin immer wieder Abwechslung.<\/p>\n<p>Mal sehen ob ich morgen besser aus den Federn komme!?<\/p>\n<p><iframe loading=\"lazy\" src=\"https:\/\/www.strava.com\/activities\/3811619153\/embed\/f2608087d8831d19afd621598add22119d5ed990\" width=\"590\" height=\"405\" frameborder=\"0\" scrolling=\"no\"><\/iframe><\/p>\n<div class=\"tiled-gallery type-rectangular tiled-gallery-unresized\" data-original-width=\"525\" data-carousel-extra='{&quot;blog_id&quot;:1,&quot;permalink&quot;:&quot;https:\\\/\\\/blog.kunstgriff.net\\\/?p=21538&quot;,&quot;likes_blog_id&quot;:127394879}' itemscope itemtype=\"http:\/\/schema.org\/ImageGallery\" > <div class=\"gallery-row\" style=\"width: 525px; height: 176px;\" data-original-width=\"525\" data-original-height=\"176\" > <div class=\"gallery-group images-1\" style=\"width: 263px; height: 176px;\" data-original-width=\"263\" data-original-height=\"176\" > <div class=\"tiled-gallery-item tiled-gallery-item-large\" itemprop=\"associatedMedia\" itemscope itemtype=\"http:\/\/schema.org\/ImageObject\"> <a href=\"https:\/\/i0.wp.com\/blog.kunstgriff.net\/wp-content\/uploads\/2020\/07\/Sonnenblumen-Feld.jpg?ssl=1\" border=\"0\" itemprop=\"url\"> <meta itemprop=\"width\" content=\"259\"> <meta itemprop=\"height\" content=\"172\"> <img decoding=\"async\" class=\"\" data-attachment-id=\"21537\" data-orig-file=\"https:\/\/blog.kunstgriff.net\/wp-content\/uploads\/2020\/07\/Sonnenblumen-Feld.jpg\" data-orig-size=\"2560,1707\" data-comments-opened=\"1\" data-image-meta=\"{&quot;aperture&quot;:&quot;2.8&quot;,&quot;credit&quot;:&quot;&quot;,&quot;camera&quot;:&quot;TG-4&quot;,&quot;caption&quot;:&quot;OLYMPUS DIGITAL CAMERA&quot;,&quot;created_timestamp&quot;:&quot;1595681747&quot;,&quot;copyright&quot;:&quot;&quot;,&quot;focal_length&quot;:&quot;4.5&quot;,&quot;iso&quot;:&quot;100&quot;,&quot;shutter_speed&quot;:&quot;0.001&quot;,&quot;title&quot;:&quot;OLYMPUS DIGITAL CAMERA&quot;,&quot;orientation&quot;:&quot;1&quot;}\" data-image-title=\"Sonnenblumen-Feld\" data-image-description=\"\" data-medium-file=\"https:\/\/i0.wp.com\/blog.kunstgriff.net\/wp-content\/uploads\/2020\/07\/Sonnenblumen-Feld.jpg?fit=2560%2C1707&#038;ssl=1\" data-large-file=\"https:\/\/i0.wp.com\/blog.kunstgriff.net\/wp-content\/uploads\/2020\/07\/Sonnenblumen-Feld.jpg?fit=2560%2C1707&#038;ssl=1\" src=\"https:\/\/i0.wp.com\/blog.kunstgriff.net\/wp-content\/uploads\/2020\/07\/Sonnenblumen-Feld.jpg?w=259&#038;h=172&#038;ssl=1\" srcset=\"https:\/\/i0.wp.com\/blog.kunstgriff.net\/wp-content\/uploads\/2020\/07\/Sonnenblumen-Feld.jpg?w=2560&amp;ssl=1 2560w, https:\/\/i0.wp.com\/blog.kunstgriff.net\/wp-content\/uploads\/2020\/07\/Sonnenblumen-Feld.jpg?resize=768%2C512&amp;ssl=1 768w, https:\/\/i0.wp.com\/blog.kunstgriff.net\/wp-content\/uploads\/2020\/07\/Sonnenblumen-Feld.jpg?resize=1536%2C1024&amp;ssl=1 1536w, https:\/\/i0.wp.com\/blog.kunstgriff.net\/wp-content\/uploads\/2020\/07\/Sonnenblumen-Feld.jpg?resize=2048%2C1366&amp;ssl=1 2048w, https:\/\/i0.wp.com\/blog.kunstgriff.net\/wp-content\/uploads\/2020\/07\/Sonnenblumen-Feld.jpg?w=1050&amp;ssl=1 1050w\" width=\"259\" height=\"172\" loading=\"lazy\" data-original-width=\"259\" data-original-height=\"172\" itemprop=\"http:\/\/schema.org\/image\" title=\"Sonnenblumen-Feld\" alt=\"Sonnenblumen-Feld\" style=\"width: 259px; height: 172px;\" \/> <\/a> <div class=\"tiled-gallery-caption\" itemprop=\"caption description\"> Sonnenblumen-Feld <\/div> <\/div> <\/div> <!-- close group --> <div class=\"gallery-group images-1\" style=\"width: 262px; height: 176px;\" data-original-width=\"262\" data-original-height=\"176\" > <div class=\"tiled-gallery-item tiled-gallery-item-large\" itemprop=\"associatedMedia\" itemscope itemtype=\"http:\/\/schema.org\/ImageObject\"> <a href=\"https:\/\/i0.wp.com\/blog.kunstgriff.net\/wp-content\/uploads\/2020\/07\/hinter-Germendorf.jpg?ssl=1\" border=\"0\" itemprop=\"url\"> <meta itemprop=\"width\" content=\"258\"> <meta itemprop=\"height\" content=\"172\"> <img decoding=\"async\" class=\"\" data-attachment-id=\"21536\" data-orig-file=\"https:\/\/blog.kunstgriff.net\/wp-content\/uploads\/2020\/07\/hinter-Germendorf.jpg\" data-orig-size=\"2560,1707\" data-comments-opened=\"1\" data-image-meta=\"{&quot;aperture&quot;:&quot;2.8&quot;,&quot;credit&quot;:&quot;&quot;,&quot;camera&quot;:&quot;TG-4&quot;,&quot;caption&quot;:&quot;OLYMPUS DIGITAL CAMERA&quot;,&quot;created_timestamp&quot;:&quot;1595681606&quot;,&quot;copyright&quot;:&quot;&quot;,&quot;focal_length&quot;:&quot;4.5&quot;,&quot;iso&quot;:&quot;100&quot;,&quot;shutter_speed&quot;:&quot;0.0125&quot;,&quot;title&quot;:&quot;OLYMPUS DIGITAL CAMERA&quot;,&quot;orientation&quot;:&quot;1&quot;}\" data-image-title=\"hinter Germendorf\" data-image-description=\"\" data-medium-file=\"https:\/\/i0.wp.com\/blog.kunstgriff.net\/wp-content\/uploads\/2020\/07\/hinter-Germendorf.jpg?fit=2560%2C1707&#038;ssl=1\" data-large-file=\"https:\/\/i0.wp.com\/blog.kunstgriff.net\/wp-content\/uploads\/2020\/07\/hinter-Germendorf.jpg?fit=2560%2C1707&#038;ssl=1\" src=\"https:\/\/i0.wp.com\/blog.kunstgriff.net\/wp-content\/uploads\/2020\/07\/hinter-Germendorf.jpg?w=258&#038;h=172&#038;ssl=1\" srcset=\"https:\/\/i0.wp.com\/blog.kunstgriff.net\/wp-content\/uploads\/2020\/07\/hinter-Germendorf.jpg?w=2560&amp;ssl=1 2560w, https:\/\/i0.wp.com\/blog.kunstgriff.net\/wp-content\/uploads\/2020\/07\/hinter-Germendorf.jpg?resize=768%2C512&amp;ssl=1 768w, https:\/\/i0.wp.com\/blog.kunstgriff.net\/wp-content\/uploads\/2020\/07\/hinter-Germendorf.jpg?resize=1536%2C1024&amp;ssl=1 1536w, https:\/\/i0.wp.com\/blog.kunstgriff.net\/wp-content\/uploads\/2020\/07\/hinter-Germendorf.jpg?resize=2048%2C1366&amp;ssl=1 2048w, https:\/\/i0.wp.com\/blog.kunstgriff.net\/wp-content\/uploads\/2020\/07\/hinter-Germendorf.jpg?w=1050&amp;ssl=1 1050w\" width=\"258\" height=\"172\" loading=\"lazy\" data-original-width=\"258\" data-original-height=\"172\" itemprop=\"http:\/\/schema.org\/image\" title=\"hinter Germendorf\" alt=\"hinter Germendorf\" style=\"width: 258px; height: 172px;\" \/> <\/a> <div class=\"tiled-gallery-caption\" itemprop=\"caption description\"> hinter Germendorf <\/div> <\/div> <\/div> <!-- close group --> <\/div> <!-- close row --> <\/div>\n","protected":false},"excerpt":{"rendered":"<p>am Samstag die Sonne genie\u00dfen Nachdem ich in der vergangenen Nacht echt sp\u00e4t fr\u00fch zuhause war, musste der 10-Uhr-Gruppen-Ride leider ausfallen. Was tun wollte ich aber trotzdem. Besondern um den Kopf frei zu bekommen. Also raus aufs Rad! Wenig Wind und Temperaturen \u00fcber 20\u00b0C machten die Ausfahrt zum Vergn\u00fcgen! Viel Kraft hatte ich nicht, aber &hellip; <\/p>\n<p class=\"link-more\"><a href=\"https:\/\/blog.kunstgriff.net\/?p=21538\" class=\"more-link\"><span class=\"screen-reader-text\">\u201eKurze Nordrunde \u00fcber Kremmen #2\u201c <\/span>weiterlesen<\/a><\/p>\n","protected":false},"author":2,"featured_media":21537,"comment_status":"open","ping_status":"open","sticky":false,"template":"","format":"standard","meta":{"jetpack_post_was_ever_published":false,"_jetpack_newsletter_access":"","_jetpack_dont_email_post_to_subs":false,"_jetpack_newsletter_tier_id":0,"_jetpack_memberships_contains_paywalled_content":false,"_jetpack_memberships_contains_paid_content":false,"footnotes":""},"categories":[14,7],"tags":[],"class_list":["post-21538","post","type-post","status-publish","format-standard","has-post-thumbnail","hentry","category-radfahren","category-rennradfahren"],"jetpack_featured_media_url":"https:\/\/i0.wp.com\/blog.kunstgriff.net\/wp-content\/uploads\/2020\/07\/Sonnenblumen-Feld.jpg?fit=2560%2C1707&ssl=1","jetpack_shortlink":"https:\/\/wp.me\/p8Cxe7-5Bo","jetpack-related-posts":[{"id":2214,"url":"https:\/\/blog.kunstgriff.net\/?p=2214","url_meta":{"origin":21538,"position":0},"title":"Kurze Nordrunde \u00fcber Kremmen","author":"Georg","date":"August 18, 2010","format":false,"excerpt":"oder \"Letztes Training vor Rad am Ring inklusive Foto mit rotem Blitz in Boernicke\"Die klassische Feierabendrunden-Hatz am Mittwoch mit meinen Rennrad-Buddies musste heute ausfallen. Zum einen war das Wetter zu unbest\u00e4ndig und zum Anderen, viel wichtiger, wollte ich heute auf keinen Fall mehr Bolzen und mir die Beine kaputt fahren\u2026","rel":"","context":"In &quot;Garmin&quot;","block_context":{"text":"Garmin","link":"https:\/\/blog.kunstgriff.net\/?cat=35"},"img":{"alt_text":"","src":"https:\/\/i0.wp.com\/blog.kunstgriff.net\/wp-content\/uploads\/2010\/08\/BoernickeBlitzer.png?resize=350%2C200","width":350,"height":200,"srcset":"https:\/\/i0.wp.com\/blog.kunstgriff.net\/wp-content\/uploads\/2010\/08\/BoernickeBlitzer.png?resize=350%2C200 1x, https:\/\/i0.wp.com\/blog.kunstgriff.net\/wp-content\/uploads\/2010\/08\/BoernickeBlitzer.png?resize=525%2C300 1.5x"},"classes":[]},{"id":5834,"url":"https:\/\/blog.kunstgriff.net\/?p=5834","url_meta":{"origin":21538,"position":1},"title":"Kurze Nordrunde \u00fcber Kremmen re-reloaded","author":"Georg","date":"September 6, 2011","format":false,"excerpt":"oder \u00bbHeute mal geblitzt worden - auf dem Rad!\u00abDas Regenradar war mir freundlich gesonnen und so gab es keine Ausreden, heute keine Runde auf dem Renner zu drehen. Der Ruhetag gestern hatte mir gut getan und die Beine waren von den vielen Kilometern am Wochenende erholt. Milde 17,8\u00b0C \u00d8-Temperatur waren\u2026","rel":"","context":"In &quot;Radfahren&quot;","block_context":{"text":"Radfahren","link":"https:\/\/blog.kunstgriff.net\/?cat=14"},"img":{"alt_text":"","src":"https:\/\/i0.wp.com\/blog.kunstgriff.net\/wp-content\/uploads\/2011\/09\/Blitzer-in-Boernicke.png?resize=350%2C200","width":350,"height":200},"classes":[]},{"id":18758,"url":"https:\/\/blog.kunstgriff.net\/?p=18758","url_meta":{"origin":21538,"position":2},"title":"P\u00e4wesin-Runde #7","author":"Georg","date":"September 1, 2018","format":false,"excerpt":"Kuchen-Hunni mit dem ESK Nicht mal 2 Wochen ist es her, da\u00df ich nach P\u00e4wesin geradelt bin. Eigentlich war ich heute unentschlossen und wusste nicht was ich fahren wollte. Die Eckdaten kannte ich aber: Relativ kurz, wegen kleinen Zeitfensters und fr\u00fch sollte es losgehen, damit ich auch zeitig wieder zur\u00fcck\u2026","rel":"","context":"In &quot;Cake-Ride&quot;","block_context":{"text":"Cake-Ride","link":"https:\/\/blog.kunstgriff.net\/?cat=34"},"img":{"alt_text":"","src":"https:\/\/i0.wp.com\/blog.kunstgriff.net\/wp-content\/uploads\/2018\/09\/Mit-dem-ESK-nach-Roskow.jpg?fit=1200%2C800&ssl=1&resize=350%2C200","width":350,"height":200,"srcset":"https:\/\/i0.wp.com\/blog.kunstgriff.net\/wp-content\/uploads\/2018\/09\/Mit-dem-ESK-nach-Roskow.jpg?fit=1200%2C800&ssl=1&resize=350%2C200 1x, https:\/\/i0.wp.com\/blog.kunstgriff.net\/wp-content\/uploads\/2018\/09\/Mit-dem-ESK-nach-Roskow.jpg?fit=1200%2C800&ssl=1&resize=525%2C300 1.5x, https:\/\/i0.wp.com\/blog.kunstgriff.net\/wp-content\/uploads\/2018\/09\/Mit-dem-ESK-nach-Roskow.jpg?fit=1200%2C800&ssl=1&resize=700%2C400 2x, https:\/\/i0.wp.com\/blog.kunstgriff.net\/wp-content\/uploads\/2018\/09\/Mit-dem-ESK-nach-Roskow.jpg?fit=1200%2C800&ssl=1&resize=1050%2C600 3x"},"classes":[]},{"id":4328,"url":"https:\/\/blog.kunstgriff.net\/?p=4328","url_meta":{"origin":21538,"position":3},"title":"Nordrunde \u00fcber Kremmen am Ostersamstag","author":"Georg","date":"April 23, 2011","format":false,"excerpt":"oder \u00bbGut, mal wieder die Lange zu fahren.\u00abLeider fiel die B\u00e4ckertour, welche Karsten angeboten hatte, wegen mangelden Interesses aus. Hatte mich eigentlich sehr auf die Gruppe und die Einkehr beim B\u00e4cker gefreut, aber es half nichts, nun musste ich alleine fahren. Auf der heutigen Strecke habe ich seit dem 9.\u2026","rel":"","context":"In &quot;Radfahren&quot;","block_context":{"text":"Radfahren","link":"https:\/\/blog.kunstgriff.net\/?cat=14"},"img":{"alt_text":"","src":"https:\/\/i0.wp.com\/blog.kunstgriff.net\/wp-content\/uploads\/2011\/04\/GA1.png?resize=350%2C200","width":350,"height":200},"classes":[]},{"id":15600,"url":"https:\/\/blog.kunstgriff.net\/?p=15600","url_meta":{"origin":21538,"position":4},"title":"P\u00e4wesin-Runde","author":"Georg","date":"Mai 21, 2017","format":false,"excerpt":"\u00bbAlleine nach Westen \u2013 in der Gruppe zur\u00fcck\u00ab Meine Beine waren am Morgen noch M\u00fcde und f\u00fchlten sich nicht nach Radfahren an. Je mehr ich allerdings aus dem Fenster sah, wurde mir klar, dass es heute keine alternativen zum Radfahren gab: Die Sonne schien und es war strahlend blauer Himmel.\u2026","rel":"","context":"In &quot;Cake-Ride&quot;","block_context":{"text":"Cake-Ride","link":"https:\/\/blog.kunstgriff.net\/?cat=34"},"img":{"alt_text":"","src":"https:\/\/i0.wp.com\/blog.kunstgriff.net\/wp-content\/uploads\/2017\/05\/Am-Sacrower-See-alles-gr%C3%BCnt.jpg?fit=1200%2C800&ssl=1&resize=350%2C200","width":350,"height":200,"srcset":"https:\/\/i0.wp.com\/blog.kunstgriff.net\/wp-content\/uploads\/2017\/05\/Am-Sacrower-See-alles-gr%C3%BCnt.jpg?fit=1200%2C800&ssl=1&resize=350%2C200 1x, https:\/\/i0.wp.com\/blog.kunstgriff.net\/wp-content\/uploads\/2017\/05\/Am-Sacrower-See-alles-gr%C3%BCnt.jpg?fit=1200%2C800&ssl=1&resize=525%2C300 1.5x, https:\/\/i0.wp.com\/blog.kunstgriff.net\/wp-content\/uploads\/2017\/05\/Am-Sacrower-See-alles-gr%C3%BCnt.jpg?fit=1200%2C800&ssl=1&resize=700%2C400 2x, https:\/\/i0.wp.com\/blog.kunstgriff.net\/wp-content\/uploads\/2017\/05\/Am-Sacrower-See-alles-gr%C3%BCnt.jpg?fit=1200%2C800&ssl=1&resize=1050%2C600 3x"},"classes":[]},{"id":1667,"url":"https:\/\/blog.kunstgriff.net\/?p=1667","url_meta":{"origin":21538,"position":5},"title":"Mal wieder alleine die \u00bbNordrunde\u00ab","author":"Georg","date":"Juni 17, 2010","format":false,"excerpt":"Heute war genau der richtige Tag um mal wieder eine Runde alleine zu drehen. Seit Wochen schon fahre ich meine Runden immer in der Gruppe, was durchaus auch seinen Reiz hat, aber alleine und dann noch auf meiner Referenz-Nordrunde bei solche herrlichem Sommerwetter ist schon etwas besonderes. Ich startete direkt\u2026","rel":"","context":"In &quot;Radfahren&quot;","block_context":{"text":"Radfahren","link":"https:\/\/blog.kunstgriff.net\/?cat=14"},"img":{"alt_text":"","src":"","width":0,"height":0},"classes":[]}],"jetpack_likes_enabled":true,"jetpack_sharing_enabled":true,"_links":{"self":[{"href":"https:\/\/blog.kunstgriff.net\/index.php?rest_route=\/wp\/v2\/posts\/21538","targetHints":{"allow":["GET"]}}],"collection":[{"href":"https:\/\/blog.kunstgriff.net\/index.php?rest_route=\/wp\/v2\/posts"}],"about":[{"href":"https:\/\/blog.kunstgriff.net\/index.php?rest_route=\/wp\/v2\/types\/post"}],"author":[{"embeddable":true,"href":"https:\/\/blog.kunstgriff.net\/index.php?rest_route=\/wp\/v2\/users\/2"}],"replies":[{"embeddable":true,"href":"https:\/\/blog.kunstgriff.net\/index.php?rest_route=%2Fwp%2Fv2%2Fcomments&post=21538"}],"version-history":[{"count":6,"href":"https:\/\/blog.kunstgriff.net\/index.php?rest_route=\/wp\/v2\/posts\/21538\/revisions"}],"predecessor-version":[{"id":21544,"href":"https:\/\/blog.kunstgriff.net\/index.php?rest_route=\/wp\/v2\/posts\/21538\/revisions\/21544"}],"wp:featuredmedia":[{"embeddable":true,"href":"https:\/\/blog.kunstgriff.net\/index.php?rest_route=\/wp\/v2\/media\/21537"}],"wp:attachment":[{"href":"https:\/\/blog.kunstgriff.net\/index.php?rest_route=%2Fwp%2Fv2%2Fmedia&parent=21538"}],"wp:term":[{"taxonomy":"category","embeddable":true,"href":"https:\/\/blog.kunstgriff.net\/index.php?rest_route=%2Fwp%2Fv2%2Fcategories&post=21538"},{"taxonomy":"post_tag","embeddable":true,"href":"https:\/\/blog.kunstgriff.net\/index.php?rest_route=%2Fwp%2Fv2%2Ftags&post=21538"}],"curies":[{"name":"wp","href":"https:\/\/api.w.org\/{rel}","templated":true}]}}