{"id":2159,"date":"2010-08-05T20:46:39","date_gmt":"2010-08-05T18:46:39","guid":{"rendered":"http:\/\/blog.kunstgriff.net\/?p=2159"},"modified":"2017-06-13T15:15:28","modified_gmt":"2017-06-13T13:15:28","slug":"ferch-r1-beelitz-schonhagen","status":"publish","type":"post","link":"https:\/\/blog.kunstgriff.net\/?p=2159","title":{"rendered":"Ferch->R1->Beelitz->Sch\u00f6nhagen"},"content":{"rendered":"<span class=\"span-reading-time rt-reading-time\" style=\"display: block;\"><span class=\"rt-label rt-prefix\">Lesezeit: <\/span> <span class=\"rt-time\"> 2<\/span> <span class=\"rt-label rt-postfix\">Minuten<\/span><\/span><h4>oder &#8222;Feierabendrunden ohne Begleitung sind auch unterhaltsam\u2026&#8220;<\/h4>\n<hr \/>\n<p>\u2026 sofern <a href=\"http:\/\/shoponline.com.sg\/images\/apple_ipod_shuffle_new_6.jpg\" target=\"_blank\">der iPod shuffle<\/a> am Start ist und gute Musik drauf l\u00e4uft. Diese Voraussetzung war gegeben und so konnte es auf die recht lange Runde gehen. Das Rathaus Spandau wurde nicht ohne Zwischenfall erreicht, denn es gab wieder nerv\u00f6se Autofahrer welche mich unbedingt auf den Radweg hupen mussten, was ich entspannt mit zuwinken ignorierte.<\/p>\n<p>Hinter dem Rathaus dann konnte ich auf einmal nicht mehr aufs gro\u00dfe Blatt schalten: Der Bowdenzug war zerfranst und hatte sich aus der Klemmung gel\u00f6st. Gl\u00fccklicherweise war ein Radladen keine 500 Meter entfernt und mir ist das nicht bei <a href=\"http:\/\/www.bdr-radsport.de\/veranst\/rundum.html\" target=\"_blank\">Rund um Berlin<\/a> am Sonntag passiert!<\/p>\n<p>20 Minuten sp\u00e4ter und 8,50\u20ac leichter konnte ich mich mit einem einwandfrei verbauten Bowdenzug auf die weiteren Trainingskilometer machen. Zwischen Sakrow und Krampnitz war heute die Stra\u00dfe f\u00fcr den Autoverkehr gesperrt, da Stra\u00dfenarbeiter die b\u00f6sen Schlagl\u00f6cher des vergangenen Winters beseitigten. So wie es aussah wurden gr\u00f6\u00dfere Asphaltteile neu eingegossen und nicht nur die L\u00f6cher zugekippt, was ja meist nicht lange h\u00e4lt. Ich konnte mich mit meinem Rad elegant durchschl\u00e4ngeln und musste nicht mal absteigen.<\/p>\n<p>So ging es hinaus auf bekannten Wegen entlang des Schwielowsees \u00fcber Ferch zum R1-Radweg. Geplant war eine Rast am Supermarkt in Beelitz, da ich aber keinen Hunger hatte wurde weiter zum Hofladen am Kreisverkehr in Zauchwitz gefahren &#8211; aber oh Schreck! Da war kein Kreisverkehr mehr! Nur eine riesen gro\u00dfe Baustelle. Auf Nachfrage bei der Hofladen-Besitzerin erfuhr ich, das der Kreisverkehr vergr\u00f6\u00dfert werden w\u00fcrde. Der Schwerlastverkehr welcher mehrmals die Woche dort passieren musste hatte immer viel kaputt gemacht und so wurde er vergr\u00f6\u00dfert.<\/p>\n<p>Mit gef\u00fcllten Flaschen ging es immer mit einer &#8218;3&#8216; vorne auf dem Tacho weiter. Der Wind war heute gn\u00e4dig mit mir und es lie\u00df sich super rollen. Einige andere Radler hatten es schwerer und ich kassierte diese gerne. Das macht immer Spass und ist gut f\u00fcrs Ego: <a href=\"http:\/\/biancahertlein.wordpress.com\/2010\/07\/26\/aufsammeln-und-ausspucken-die-top-3-strecken\/\" target=\"_blank\">Aufsammeln und ausspucken<\/a> konnte ich heute gleich 3x. (Danke Andreas f\u00fcr den super <a href=\"http:\/\/twitter.com\/BikeBloggerB\" target=\"_blank\">Tweet-Link<\/a> &#8211; wusste doch das ich den mal brauchen kann)<\/p>\n<p>Auch am Willy \u00fcberholte mich keiner und so ging eine ereignisreiche Ausfahrt zu Ende. <em>Freu mich auf Sonntag!<\/em><\/p>\n<p><iframe height='405' width='590' frameborder='0' allowtransparency='true' scrolling='no' src='https:\/\/www.strava.com\/activities\/698650542\/embed\/dc805cb6c14f641eecebd32119dad070172380a0'><\/iframe><\/p>\n","protected":false},"excerpt":{"rendered":"<p>oder &#8222;Feierabendrunden ohne Begleitung sind auch unterhaltsam\u2026&#8220; \u2026 sofern der iPod shuffle am Start ist und gute Musik drauf l\u00e4uft. Diese Voraussetzung war gegeben und so konnte es auf die recht lange Runde gehen. Das Rathaus Spandau wurde nicht ohne Zwischenfall erreicht, denn es gab wieder nerv\u00f6se Autofahrer welche mich unbedingt auf den Radweg hupen &hellip; <\/p>\n<p class=\"link-more\"><a href=\"https:\/\/blog.kunstgriff.net\/?p=2159\" class=\"more-link\"><span class=\"screen-reader-text\">\u201eFerch->R1->Beelitz->Sch\u00f6nhagen\u201c <\/span>weiterlesen<\/a><\/p>\n","protected":false},"author":2,"featured_media":0,"comment_status":"open","ping_status":"open","sticky":false,"template":"","format":"standard","meta":{"jetpack_post_was_ever_published":false,"_jetpack_newsletter_access":"","_jetpack_dont_email_post_to_subs":false,"_jetpack_newsletter_tier_id":0,"_jetpack_memberships_contains_paywalled_content":false,"_jetpack_memberships_contains_paid_content":false,"footnotes":""},"categories":[14,7],"tags":[],"class_list":["post-2159","post","type-post","status-publish","format-standard","hentry","category-radfahren","category-rennradfahren"],"jetpack_featured_media_url":"","jetpack_shortlink":"https:\/\/wp.me\/p8Cxe7-yP","jetpack-related-posts":[{"id":10958,"url":"https:\/\/blog.kunstgriff.net\/?p=10958","url_meta":{"origin":2159,"position":0},"title":"Saisonabschluss-Tour mit den Havellandriders 2013","author":"Georg","date":"Oktober 20, 2013","format":false,"excerpt":"oder \u00bbJ\u00e4hrlich lockt der Schnitzel-Teller nach Klein-Ziechen\u00ab<hr> Alles passiert im Kopf. Nicht alles, aber Entscheidungen werden dort gef\u00e4llt. Obwohl ich mir so fest vorgenommen hatte, heute Radeln zu gehen, fehlte mir nun erneut die Motivation, raus zu gehen. Raus in diesen herrlichen Herbsttag, mit Sonnenschein und entspannten 14\u00b0C. Georg! Was\u2026","rel":"","context":"In &quot;Radfahren&quot;","block_context":{"text":"Radfahren","link":"https:\/\/blog.kunstgriff.net\/?cat=14"},"img":{"alt_text":"","src":"https:\/\/i0.wp.com\/blog.kunstgriff.net\/wp-content\/uploads\/2013\/10\/Vorm-Rathaus-Falkensee.jpg?fit=1200%2C774&ssl=1&resize=350%2C200","width":350,"height":200,"srcset":"https:\/\/i0.wp.com\/blog.kunstgriff.net\/wp-content\/uploads\/2013\/10\/Vorm-Rathaus-Falkensee.jpg?fit=1200%2C774&ssl=1&resize=350%2C200 1x, https:\/\/i0.wp.com\/blog.kunstgriff.net\/wp-content\/uploads\/2013\/10\/Vorm-Rathaus-Falkensee.jpg?fit=1200%2C774&ssl=1&resize=525%2C300 1.5x, https:\/\/i0.wp.com\/blog.kunstgriff.net\/wp-content\/uploads\/2013\/10\/Vorm-Rathaus-Falkensee.jpg?fit=1200%2C774&ssl=1&resize=700%2C400 2x, https:\/\/i0.wp.com\/blog.kunstgriff.net\/wp-content\/uploads\/2013\/10\/Vorm-Rathaus-Falkensee.jpg?fit=1200%2C774&ssl=1&resize=1050%2C600 3x"},"classes":[]},{"id":11922,"url":"https:\/\/blog.kunstgriff.net\/?p=11922","url_meta":{"origin":2159,"position":1},"title":"Spargel-Tour mit den Havellandriders 2014","author":"Georg","date":"Juni 15, 2014","format":false,"excerpt":"oder \u00bbTraditions-Ausflug zum Spargel-Mittagstisch\u00ab Heute war es wieder soweit und die mittlerweile achte Spargeltour wollte gefahren werden. Wie auch schon in den Jahren zuvor war die Strecke bekannt und bew\u00e4hrt und so musste der Track nicht lange geplant werden. Nur flott aus den digitalen Archiven gekramt und auf den digitalen\u2026","rel":"","context":"In &quot;Radfahren&quot;","block_context":{"text":"Radfahren","link":"https:\/\/blog.kunstgriff.net\/?cat=14"},"img":{"alt_text":"","src":"https:\/\/i0.wp.com\/blog.kunstgriff.net\/wp-content\/uploads\/2014\/06\/Kurze-P-Pause.jpg?fit=1200%2C900&ssl=1&resize=350%2C200","width":350,"height":200,"srcset":"https:\/\/i0.wp.com\/blog.kunstgriff.net\/wp-content\/uploads\/2014\/06\/Kurze-P-Pause.jpg?fit=1200%2C900&ssl=1&resize=350%2C200 1x, https:\/\/i0.wp.com\/blog.kunstgriff.net\/wp-content\/uploads\/2014\/06\/Kurze-P-Pause.jpg?fit=1200%2C900&ssl=1&resize=525%2C300 1.5x, https:\/\/i0.wp.com\/blog.kunstgriff.net\/wp-content\/uploads\/2014\/06\/Kurze-P-Pause.jpg?fit=1200%2C900&ssl=1&resize=700%2C400 2x, https:\/\/i0.wp.com\/blog.kunstgriff.net\/wp-content\/uploads\/2014\/06\/Kurze-P-Pause.jpg?fit=1200%2C900&ssl=1&resize=1050%2C600 3x"},"classes":[]},{"id":8059,"url":"https:\/\/blog.kunstgriff.net\/?p=8059","url_meta":{"origin":2159,"position":2},"title":"Beelitz- &#038; Kloster-Lehnin-Runde am Pfingstmontag","author":"Georg","date":"Mai 28, 2012","format":false,"excerpt":"oder \u00bbOrdentliches Gebolze mit den Jungs\u00ab Sch\u00f6n, dass Mike diese Runde vom 14. August 2011 rausgekramt hatte und f\u00fcr heute anbot. Schade nur, dass er nicht erschien. Thomas telefonische Nachfrage um 11:07 Uhr ergab, dass Mike einen irreparablen Defekt an seinem Rad auf der langen Anfahrt hatte und deshalb nicht\u2026","rel":"","context":"In &quot;Radfahren&quot;","block_context":{"text":"Radfahren","link":"https:\/\/blog.kunstgriff.net\/?cat=14"},"img":{"alt_text":"","src":"http:\/\/www.assoc-amazon.de\/e\/ir?t=&l=as2&o=3&a=B00424LN5G","width":350,"height":200},"classes":[]},{"id":5863,"url":"https:\/\/blog.kunstgriff.net\/?p=5863","url_meta":{"origin":2159,"position":3},"title":"Kleine B\u00e4cker-Runde nach Fehrbellin","author":"Georg","date":"September 10, 2011","format":false,"excerpt":"oder \u00bbAuf neuen Wegen\u00abHeute stand die B\u00e4ckerrunde mit anschlie\u00dfendem Grillen bei Herbert auf dem Programm. Solche leckeren kulinarischen Touren liegen mir, obwohl sich ja Kuchen nach dem W\u00fcrstchen besser macht als davor. Egal, erstmal musste die Konditorei Schmiedel in Fehrbellin erreicht werden. Susanne, Herbert und Christoph kamen p\u00fcnktlich um halb\u2026","rel":"","context":"In &quot;Radfahren&quot;","block_context":{"text":"Radfahren","link":"https:\/\/blog.kunstgriff.net\/?cat=14"},"img":{"alt_text":"","src":"https:\/\/i0.wp.com\/blog.kunstgriff.net\/wp-content\/uploads\/2011\/09\/Susanne-f%C3%BChrt-das-Feld.jpg?resize=350%2C200","width":350,"height":200,"srcset":"https:\/\/i0.wp.com\/blog.kunstgriff.net\/wp-content\/uploads\/2011\/09\/Susanne-f%C3%BChrt-das-Feld.jpg?resize=350%2C200 1x, https:\/\/i0.wp.com\/blog.kunstgriff.net\/wp-content\/uploads\/2011\/09\/Susanne-f%C3%BChrt-das-Feld.jpg?resize=525%2C300 1.5x, https:\/\/i0.wp.com\/blog.kunstgriff.net\/wp-content\/uploads\/2011\/09\/Susanne-f%C3%BChrt-das-Feld.jpg?resize=700%2C400 2x"},"classes":[]},{"id":2792,"url":"https:\/\/blog.kunstgriff.net\/?p=2792","url_meta":{"origin":2159,"position":4},"title":"ErgoPlanet-Mondfeld","author":"Georg","date":"November 9, 2010","format":false,"excerpt":"oder \"Ergo-Training auf die harte Tour\"Heute boten sich mir gleich zwei Feierabend-Sportveranstaltungen an: Zum einen war da\u00a0Olivers-Grunewald-Nightride mit relativ einfachem Schwierigkeitsgrad, den ich gerne gefahren w\u00e4re und zum Anderen war da das Mondfeld-Virtuelle-Ergometer-Rennen, welches jeden Dienstag auf dem Daum Server stattfindet. Letzte Woche waren da 25 Teilnehmer dabei und ich\u2026","rel":"","context":"In &quot;Ergometer Training&quot;","block_context":{"text":"Ergometer Training","link":"https:\/\/blog.kunstgriff.net\/?cat=15"},"img":{"alt_text":"","src":"","width":0,"height":0},"classes":[]},{"id":10708,"url":"https:\/\/blog.kunstgriff.net\/?p=10708","url_meta":{"origin":2159,"position":5},"title":"B\u00e4ckerrunde nach Fehrbellin","author":"Georg","date":"August 11, 2013","format":false,"excerpt":"oder \u00bbSonntags-Tour mit (zu) vielen G\u00e4sten\u00abRecht kurzentschlossen machte ich mich auf den Weg nach Falkensee, denn Susanne hatte zur B\u00e4cker-Runde gerufen. Im Vorfeld gab es einige Diskussionen zur Reisegeschwindigkeit, die mich aber nicht tangierten. Sicher w\u00fcrde sich eine sch\u00f6ne homogene Gruppe finden, ich der auch ich meine Freude haben w\u00fcrde.\u2026","rel":"","context":"In &quot;Radfahren&quot;","block_context":{"text":"Radfahren","link":"https:\/\/blog.kunstgriff.net\/?cat=14"},"img":{"alt_text":"","src":"https:\/\/i0.wp.com\/blog.kunstgriff.net\/wp-content\/uploads\/2013\/08\/Riesen-Bande-vor-dem-Rathaus.jpg?fit=1200%2C900&ssl=1&resize=350%2C200","width":350,"height":200,"srcset":"https:\/\/i0.wp.com\/blog.kunstgriff.net\/wp-content\/uploads\/2013\/08\/Riesen-Bande-vor-dem-Rathaus.jpg?fit=1200%2C900&ssl=1&resize=350%2C200 1x, https:\/\/i0.wp.com\/blog.kunstgriff.net\/wp-content\/uploads\/2013\/08\/Riesen-Bande-vor-dem-Rathaus.jpg?fit=1200%2C900&ssl=1&resize=525%2C300 1.5x, https:\/\/i0.wp.com\/blog.kunstgriff.net\/wp-content\/uploads\/2013\/08\/Riesen-Bande-vor-dem-Rathaus.jpg?fit=1200%2C900&ssl=1&resize=700%2C400 2x, https:\/\/i0.wp.com\/blog.kunstgriff.net\/wp-content\/uploads\/2013\/08\/Riesen-Bande-vor-dem-Rathaus.jpg?fit=1200%2C900&ssl=1&resize=1050%2C600 3x"},"classes":[]}],"jetpack_likes_enabled":true,"jetpack_sharing_enabled":true,"_links":{"self":[{"href":"https:\/\/blog.kunstgriff.net\/index.php?rest_route=\/wp\/v2\/posts\/2159","targetHints":{"allow":["GET"]}}],"collection":[{"href":"https:\/\/blog.kunstgriff.net\/index.php?rest_route=\/wp\/v2\/posts"}],"about":[{"href":"https:\/\/blog.kunstgriff.net\/index.php?rest_route=\/wp\/v2\/types\/post"}],"author":[{"embeddable":true,"href":"https:\/\/blog.kunstgriff.net\/index.php?rest_route=\/wp\/v2\/users\/2"}],"replies":[{"embeddable":true,"href":"https:\/\/blog.kunstgriff.net\/index.php?rest_route=%2Fwp%2Fv2%2Fcomments&post=2159"}],"version-history":[{"count":0,"href":"https:\/\/blog.kunstgriff.net\/index.php?rest_route=\/wp\/v2\/posts\/2159\/revisions"}],"wp:attachment":[{"href":"https:\/\/blog.kunstgriff.net\/index.php?rest_route=%2Fwp%2Fv2%2Fmedia&parent=2159"}],"wp:term":[{"taxonomy":"category","embeddable":true,"href":"https:\/\/blog.kunstgriff.net\/index.php?rest_route=%2Fwp%2Fv2%2Fcategories&post=2159"},{"taxonomy":"post_tag","embeddable":true,"href":"https:\/\/blog.kunstgriff.net\/index.php?rest_route=%2Fwp%2Fv2%2Ftags&post=2159"}],"curies":[{"name":"wp","href":"https:\/\/api.w.org\/{rel}","templated":true}]}}