{"id":21733,"date":"2020-08-30T21:03:06","date_gmt":"2020-08-30T19:03:06","guid":{"rendered":"https:\/\/blog.kunstgriff.net\/?p=21733"},"modified":"2020-08-30T21:03:06","modified_gmt":"2020-08-30T19:03:06","slug":"25-jahre-wff-feier-in-oderberg","status":"publish","type":"post","link":"https:\/\/blog.kunstgriff.net\/?p=21733","title":{"rendered":"\u00bb25 Jahre WfF\u00ab Feier in Oderberg"},"content":{"rendered":"<span class=\"span-reading-time rt-reading-time\" style=\"display: block;\"><span class=\"rt-label rt-prefix\">Lesezeit: <\/span> <span class=\"rt-time\"> 2<\/span> <span class=\"rt-label rt-postfix\">Minuten<\/span><\/span><h4>Rad- und Feierwochenende<\/h4>\n<hr \/>\n<p>Schon seit langem stand die Feier in meinem Kalender, so richtig begann die Vorfreude aber erst am Freitagabend, als klar war da\u00df das Wochenendwetter sch\u00f6n werden w\u00fcrde.<\/p>\n<p>Also Sachen gepackt und am Samstag erstmal mit kleinem Rucksack durch die halbe Stadt in den Friedrichshain geradelt. Dort war dann das Gep\u00e4ck schnell verladen, und es ging auf die 120 km Runde mit Tom. Ziel war die Eisguste in Oderberg, ein G\u00e4stehaus mitten im Gr\u00fcnen, welches uns f\u00fcrs Wochenende beherbergen sollte. Das Orga-Team hatte keine Kosten und M\u00fchen gescheut um uns dort eine unvergessliche Feier zu bereiten, aber dazu sp\u00e4ter mehr, denn erstmal musste mit einigen Nasen, also Umwegen, der Ort angefahren werden.<\/p>\n<p>Zu sechst ging es mit geladenem Track aus der Stadt. Herrliche Schleichwege die uns auch am Marzaner Garten der Welt vorbei f\u00fchrten. Ein sehr selten von mir besuchter Stadtteil der Hauptstadt.<\/p>\n<p>Irgendwann war dann auch die Stadt hinter uns gelassen und bei herrlichem Sonnenschein ging es \u00fcber sehr verkehrsarme Strassen in die m\u00e4rkische Schweiz, wo in Buckow Kuchen verdr\u00fcckt wurde, bevor es nach Norden, zu unserem eigentlichen Ziel nach Oderberg ging. Die anvisierten 120 km gingen relativ angenehm zu fahren, obwohl so einige male die vielen Wellen aus der Eiszeit doch in den Waden zwackten.<\/p>\n<p>Wir erreichten unser Domizil und Party-Location gegen 15 Uhr und so blieb viel Zeit die Gegend zu erkunden, denn weder schnelles Internet noch Kanu-Fahren oder eine Wanderung hielt mich vom vollst\u00e4ndigen Entspannen ab.<\/p>\n<p>Als die Sonne unterging wurde dann der Grill angeworfen und das 50-Liter-Bierfass angezapft. Das Orga-Team rund um Stefan hatte ganze Arbeit geleistet, um uns einen unvergesslichen Abend zu bereiten! Ganz gro\u00dfe Leistung! Vielen Dank!<\/p>\n<p>Nachtruhe kehrte bei mir gegen 1:30 Uhr ein und am n\u00e4chsten Morgen ging es dann f\u00fcr mich auf direktem Weg mit dem Rad zur\u00fcck in die Hauptstadt.<\/p>\n<p>Danke f\u00fcr die tolle Party! Auf die n\u00e4chsten 25 Jahre!<\/p>\n<p><iframe loading=\"lazy\" src=\"https:\/\/www.strava.com\/activities\/3985994243\/embed\/1ce59a1273a67c5d8c8e5966446f4f98d1692092\" width=\"590\" height=\"405\" frameborder=\"0\" scrolling=\"no\"><\/iframe><\/p>\n<div class=\"tiled-gallery type-rectangular tiled-gallery-unresized\" data-original-width=\"525\" data-carousel-extra='{&quot;blog_id&quot;:1,&quot;permalink&quot;:&quot;https:\\\/\\\/blog.kunstgriff.net\\\/?p=21733&quot;,&quot;likes_blog_id&quot;:127394879}' itemscope itemtype=\"http:\/\/schema.org\/ImageGallery\" > <div class=\"gallery-row\" style=\"width: 525px; height: 235px;\" data-original-width=\"525\" data-original-height=\"235\" > <div class=\"gallery-group images-1\" style=\"width: 351px; height: 235px;\" data-original-width=\"351\" data-original-height=\"235\" > <div class=\"tiled-gallery-item tiled-gallery-item-large\" itemprop=\"associatedMedia\" itemscope itemtype=\"http:\/\/schema.org\/ImageObject\"> <a href=\"https:\/\/i0.wp.com\/blog.kunstgriff.net\/wp-content\/uploads\/2020\/08\/Treffpunkt-in-der-Storkower.jpg?ssl=1\" border=\"0\" itemprop=\"url\"> <meta itemprop=\"width\" content=\"347\"> <meta itemprop=\"height\" content=\"231\"> <img decoding=\"async\" class=\"\" data-attachment-id=\"21730\" data-orig-file=\"https:\/\/blog.kunstgriff.net\/wp-content\/uploads\/2020\/08\/Treffpunkt-in-der-Storkower.jpg\" data-orig-size=\"2560,1707\" data-comments-opened=\"1\" data-image-meta=\"{&quot;aperture&quot;:&quot;2.8&quot;,&quot;credit&quot;:&quot;&quot;,&quot;camera&quot;:&quot;TG-4&quot;,&quot;caption&quot;:&quot;OLYMPUS DIGITAL CAMERA&quot;,&quot;created_timestamp&quot;:&quot;1598695421&quot;,&quot;copyright&quot;:&quot;&quot;,&quot;focal_length&quot;:&quot;4.5&quot;,&quot;iso&quot;:&quot;100&quot;,&quot;shutter_speed&quot;:&quot;0.0015625&quot;,&quot;title&quot;:&quot;OLYMPUS DIGITAL CAMERA&quot;,&quot;orientation&quot;:&quot;1&quot;}\" data-image-title=\"Treffpunkt in der Storkower\" data-image-description=\"\" data-medium-file=\"https:\/\/i0.wp.com\/blog.kunstgriff.net\/wp-content\/uploads\/2020\/08\/Treffpunkt-in-der-Storkower.jpg?fit=2560%2C1707&#038;ssl=1\" data-large-file=\"https:\/\/i0.wp.com\/blog.kunstgriff.net\/wp-content\/uploads\/2020\/08\/Treffpunkt-in-der-Storkower.jpg?fit=2560%2C1707&#038;ssl=1\" src=\"https:\/\/i0.wp.com\/blog.kunstgriff.net\/wp-content\/uploads\/2020\/08\/Treffpunkt-in-der-Storkower.jpg?w=347&#038;h=231&#038;ssl=1\" srcset=\"https:\/\/i0.wp.com\/blog.kunstgriff.net\/wp-content\/uploads\/2020\/08\/Treffpunkt-in-der-Storkower.jpg?w=2560&amp;ssl=1 2560w, https:\/\/i0.wp.com\/blog.kunstgriff.net\/wp-content\/uploads\/2020\/08\/Treffpunkt-in-der-Storkower.jpg?resize=768%2C512&amp;ssl=1 768w, https:\/\/i0.wp.com\/blog.kunstgriff.net\/wp-content\/uploads\/2020\/08\/Treffpunkt-in-der-Storkower.jpg?resize=1536%2C1024&amp;ssl=1 1536w, https:\/\/i0.wp.com\/blog.kunstgriff.net\/wp-content\/uploads\/2020\/08\/Treffpunkt-in-der-Storkower.jpg?resize=2048%2C1366&amp;ssl=1 2048w, https:\/\/i0.wp.com\/blog.kunstgriff.net\/wp-content\/uploads\/2020\/08\/Treffpunkt-in-der-Storkower.jpg?w=1050&amp;ssl=1 1050w\" width=\"347\" height=\"231\" loading=\"lazy\" data-original-width=\"347\" data-original-height=\"231\" itemprop=\"http:\/\/schema.org\/image\" title=\"Treffpunkt in der Storkower\" alt=\"Treffpunkt in der Storkower\" style=\"width: 347px; height: 231px;\" \/> <\/a> <div class=\"tiled-gallery-caption\" itemprop=\"caption description\"> Treffpunkt in der Storkower <\/div> <\/div> <\/div> <!-- close group --> <div class=\"gallery-group images-2\" style=\"width: 174px; height: 235px;\" data-original-width=\"174\" data-original-height=\"235\" > <div class=\"tiled-gallery-item tiled-gallery-item-small\" itemprop=\"associatedMedia\" itemscope itemtype=\"http:\/\/schema.org\/ImageObject\"> <a href=\"https:\/\/i0.wp.com\/blog.kunstgriff.net\/wp-content\/uploads\/2020\/08\/Boxenstop.jpg?ssl=1\" border=\"0\" itemprop=\"url\"> <meta itemprop=\"width\" content=\"170\"> <meta itemprop=\"height\" content=\"114\"> <img decoding=\"async\" class=\"\" data-attachment-id=\"21725\" data-orig-file=\"https:\/\/blog.kunstgriff.net\/wp-content\/uploads\/2020\/08\/Boxenstop.jpg\" data-orig-size=\"2560,1707\" data-comments-opened=\"1\" data-image-meta=\"{&quot;aperture&quot;:&quot;6.3&quot;,&quot;credit&quot;:&quot;&quot;,&quot;camera&quot;:&quot;TG-4&quot;,&quot;caption&quot;:&quot;OLYMPUS DIGITAL CAMERA&quot;,&quot;created_timestamp&quot;:&quot;1598700880&quot;,&quot;copyright&quot;:&quot;&quot;,&quot;focal_length&quot;:&quot;18&quot;,&quot;iso&quot;:&quot;100&quot;,&quot;shutter_speed&quot;:&quot;0.16666666666667&quot;,&quot;title&quot;:&quot;OLYMPUS DIGITAL CAMERA&quot;,&quot;orientation&quot;:&quot;1&quot;}\" data-image-title=\"Boxenstop\" data-image-description=\"\" data-medium-file=\"https:\/\/i0.wp.com\/blog.kunstgriff.net\/wp-content\/uploads\/2020\/08\/Boxenstop.jpg?fit=2560%2C1707&#038;ssl=1\" data-large-file=\"https:\/\/i0.wp.com\/blog.kunstgriff.net\/wp-content\/uploads\/2020\/08\/Boxenstop.jpg?fit=2560%2C1707&#038;ssl=1\" src=\"https:\/\/i0.wp.com\/blog.kunstgriff.net\/wp-content\/uploads\/2020\/08\/Boxenstop.jpg?w=170&#038;h=114&#038;ssl=1\" srcset=\"https:\/\/i0.wp.com\/blog.kunstgriff.net\/wp-content\/uploads\/2020\/08\/Boxenstop.jpg?w=2560&amp;ssl=1 2560w, https:\/\/i0.wp.com\/blog.kunstgriff.net\/wp-content\/uploads\/2020\/08\/Boxenstop.jpg?resize=768%2C512&amp;ssl=1 768w, https:\/\/i0.wp.com\/blog.kunstgriff.net\/wp-content\/uploads\/2020\/08\/Boxenstop.jpg?resize=1536%2C1024&amp;ssl=1 1536w, https:\/\/i0.wp.com\/blog.kunstgriff.net\/wp-content\/uploads\/2020\/08\/Boxenstop.jpg?resize=2048%2C1366&amp;ssl=1 2048w, https:\/\/i0.wp.com\/blog.kunstgriff.net\/wp-content\/uploads\/2020\/08\/Boxenstop.jpg?w=1050&amp;ssl=1 1050w\" width=\"170\" height=\"114\" loading=\"lazy\" data-original-width=\"170\" data-original-height=\"114\" itemprop=\"http:\/\/schema.org\/image\" title=\"Boxenstop\" alt=\"Boxenstop\" style=\"width: 170px; height: 114px;\" \/> <\/a> <div class=\"tiled-gallery-caption\" itemprop=\"caption description\"> Boxenstop <\/div> <\/div> <div class=\"tiled-gallery-item tiled-gallery-item-small\" itemprop=\"associatedMedia\" itemscope itemtype=\"http:\/\/schema.org\/ImageObject\"> <a href=\"https:\/\/i0.wp.com\/blog.kunstgriff.net\/wp-content\/uploads\/2020\/08\/Durch-die-schoene-Schorfheide.jpg?ssl=1\" border=\"0\" itemprop=\"url\"> <meta itemprop=\"width\" content=\"170\"> <meta itemprop=\"height\" content=\"113\"> <img decoding=\"async\" class=\"\" data-attachment-id=\"21726\" data-orig-file=\"https:\/\/blog.kunstgriff.net\/wp-content\/uploads\/2020\/08\/Durch-die-schoene-Schorfheide.jpg\" data-orig-size=\"2560,1707\" data-comments-opened=\"1\" data-image-meta=\"{&quot;aperture&quot;:&quot;8&quot;,&quot;credit&quot;:&quot;&quot;,&quot;camera&quot;:&quot;TG-4&quot;,&quot;caption&quot;:&quot;OLYMPUS DIGITAL CAMERA&quot;,&quot;created_timestamp&quot;:&quot;1598700604&quot;,&quot;copyright&quot;:&quot;&quot;,&quot;focal_length&quot;:&quot;4.5&quot;,&quot;iso&quot;:&quot;100&quot;,&quot;shutter_speed&quot;:&quot;0.00625&quot;,&quot;title&quot;:&quot;OLYMPUS DIGITAL CAMERA&quot;,&quot;orientation&quot;:&quot;1&quot;}\" data-image-title=\"Durch die sch\u00f6ne Schorfheide\" data-image-description=\"\" data-medium-file=\"https:\/\/i0.wp.com\/blog.kunstgriff.net\/wp-content\/uploads\/2020\/08\/Durch-die-schoene-Schorfheide.jpg?fit=2560%2C1707&#038;ssl=1\" data-large-file=\"https:\/\/i0.wp.com\/blog.kunstgriff.net\/wp-content\/uploads\/2020\/08\/Durch-die-schoene-Schorfheide.jpg?fit=2560%2C1707&#038;ssl=1\" src=\"https:\/\/i0.wp.com\/blog.kunstgriff.net\/wp-content\/uploads\/2020\/08\/Durch-die-schoene-Schorfheide.jpg?w=170&#038;h=113&#038;ssl=1\" srcset=\"https:\/\/i0.wp.com\/blog.kunstgriff.net\/wp-content\/uploads\/2020\/08\/Durch-die-schoene-Schorfheide.jpg?w=2560&amp;ssl=1 2560w, https:\/\/i0.wp.com\/blog.kunstgriff.net\/wp-content\/uploads\/2020\/08\/Durch-die-schoene-Schorfheide.jpg?resize=768%2C512&amp;ssl=1 768w, https:\/\/i0.wp.com\/blog.kunstgriff.net\/wp-content\/uploads\/2020\/08\/Durch-die-schoene-Schorfheide.jpg?resize=1536%2C1024&amp;ssl=1 1536w, https:\/\/i0.wp.com\/blog.kunstgriff.net\/wp-content\/uploads\/2020\/08\/Durch-die-schoene-Schorfheide.jpg?resize=2048%2C1366&amp;ssl=1 2048w, https:\/\/i0.wp.com\/blog.kunstgriff.net\/wp-content\/uploads\/2020\/08\/Durch-die-schoene-Schorfheide.jpg?w=1050&amp;ssl=1 1050w\" width=\"170\" height=\"113\" loading=\"lazy\" data-original-width=\"170\" data-original-height=\"113\" itemprop=\"http:\/\/schema.org\/image\" title=\"Durch die sch\u00f6ne Schorfheide\" alt=\"Durch die sch\u00f6ne Schorfheide\" style=\"width: 170px; height: 113px;\" \/> <\/a> <div class=\"tiled-gallery-caption\" itemprop=\"caption description\"> Durch die sch\u00f6ne Schorfheide <\/div> <\/div> <\/div> <!-- close group --> <\/div> <!-- close row --> <div class=\"gallery-row\" style=\"width: 525px; height: 235px;\" data-original-width=\"525\" data-original-height=\"235\" > <div class=\"gallery-group images-2\" style=\"width: 174px; height: 235px;\" data-original-width=\"174\" data-original-height=\"235\" > <div class=\"tiled-gallery-item tiled-gallery-item-small\" itemprop=\"associatedMedia\" itemscope itemtype=\"http:\/\/schema.org\/ImageObject\"> <a href=\"https:\/\/i0.wp.com\/blog.kunstgriff.net\/wp-content\/uploads\/2020\/08\/Flugplatz-Strausberg.jpg?ssl=1\" border=\"0\" itemprop=\"url\"> <meta itemprop=\"width\" content=\"170\"> <meta itemprop=\"height\" content=\"114\"> <img decoding=\"async\" class=\"\" data-attachment-id=\"21727\" data-orig-file=\"https:\/\/blog.kunstgriff.net\/wp-content\/uploads\/2020\/08\/Flugplatz-Strausberg.jpg\" data-orig-size=\"2560,1707\" data-comments-opened=\"1\" data-image-meta=\"{&quot;aperture&quot;:&quot;8&quot;,&quot;credit&quot;:&quot;&quot;,&quot;camera&quot;:&quot;TG-4&quot;,&quot;caption&quot;:&quot;OLYMPUS DIGITAL CAMERA&quot;,&quot;created_timestamp&quot;:&quot;1598701988&quot;,&quot;copyright&quot;:&quot;&quot;,&quot;focal_length&quot;:&quot;4.5&quot;,&quot;iso&quot;:&quot;100&quot;,&quot;shutter_speed&quot;:&quot;0.00625&quot;,&quot;title&quot;:&quot;OLYMPUS DIGITAL CAMERA&quot;,&quot;orientation&quot;:&quot;1&quot;}\" data-image-title=\"Flugplatz Strausberg\" data-image-description=\"\" data-medium-file=\"https:\/\/i0.wp.com\/blog.kunstgriff.net\/wp-content\/uploads\/2020\/08\/Flugplatz-Strausberg.jpg?fit=2560%2C1707&#038;ssl=1\" data-large-file=\"https:\/\/i0.wp.com\/blog.kunstgriff.net\/wp-content\/uploads\/2020\/08\/Flugplatz-Strausberg.jpg?fit=2560%2C1707&#038;ssl=1\" src=\"https:\/\/i0.wp.com\/blog.kunstgriff.net\/wp-content\/uploads\/2020\/08\/Flugplatz-Strausberg.jpg?w=170&#038;h=114&#038;ssl=1\" srcset=\"https:\/\/i0.wp.com\/blog.kunstgriff.net\/wp-content\/uploads\/2020\/08\/Flugplatz-Strausberg.jpg?w=2560&amp;ssl=1 2560w, https:\/\/i0.wp.com\/blog.kunstgriff.net\/wp-content\/uploads\/2020\/08\/Flugplatz-Strausberg.jpg?resize=768%2C512&amp;ssl=1 768w, https:\/\/i0.wp.com\/blog.kunstgriff.net\/wp-content\/uploads\/2020\/08\/Flugplatz-Strausberg.jpg?resize=1536%2C1024&amp;ssl=1 1536w, https:\/\/i0.wp.com\/blog.kunstgriff.net\/wp-content\/uploads\/2020\/08\/Flugplatz-Strausberg.jpg?resize=2048%2C1366&amp;ssl=1 2048w, https:\/\/i0.wp.com\/blog.kunstgriff.net\/wp-content\/uploads\/2020\/08\/Flugplatz-Strausberg.jpg?w=1050&amp;ssl=1 1050w\" width=\"170\" height=\"114\" loading=\"lazy\" data-original-width=\"170\" data-original-height=\"114\" itemprop=\"http:\/\/schema.org\/image\" title=\"Flugplatz Strausberg\" alt=\"Flugplatz Strausberg\" style=\"width: 170px; height: 114px;\" \/> <\/a> <div class=\"tiled-gallery-caption\" itemprop=\"caption description\"> Flugplatz Strausberg <\/div> <\/div> <div class=\"tiled-gallery-item tiled-gallery-item-small\" itemprop=\"associatedMedia\" itemscope itemtype=\"http:\/\/schema.org\/ImageObject\"> <a href=\"https:\/\/i0.wp.com\/blog.kunstgriff.net\/wp-content\/uploads\/2020\/08\/Nicht-mehr-weit.jpg?ssl=1\" border=\"0\" itemprop=\"url\"> <meta itemprop=\"width\" content=\"170\"> <meta itemprop=\"height\" content=\"113\"> <img decoding=\"async\" class=\"\" data-attachment-id=\"21729\" data-orig-file=\"https:\/\/blog.kunstgriff.net\/wp-content\/uploads\/2020\/08\/Nicht-mehr-weit.jpg\" data-orig-size=\"2560,1707\" data-comments-opened=\"1\" data-image-meta=\"{&quot;aperture&quot;:&quot;2.8&quot;,&quot;credit&quot;:&quot;&quot;,&quot;camera&quot;:&quot;TG-4&quot;,&quot;caption&quot;:&quot;OLYMPUS DIGITAL CAMERA&quot;,&quot;created_timestamp&quot;:&quot;1598709099&quot;,&quot;copyright&quot;:&quot;&quot;,&quot;focal_length&quot;:&quot;4.5&quot;,&quot;iso&quot;:&quot;100&quot;,&quot;shutter_speed&quot;:&quot;0.01&quot;,&quot;title&quot;:&quot;OLYMPUS DIGITAL CAMERA&quot;,&quot;orientation&quot;:&quot;1&quot;}\" data-image-title=\"Nicht mehr weit\" data-image-description=\"\" data-medium-file=\"https:\/\/i0.wp.com\/blog.kunstgriff.net\/wp-content\/uploads\/2020\/08\/Nicht-mehr-weit.jpg?fit=2560%2C1707&#038;ssl=1\" data-large-file=\"https:\/\/i0.wp.com\/blog.kunstgriff.net\/wp-content\/uploads\/2020\/08\/Nicht-mehr-weit.jpg?fit=2560%2C1707&#038;ssl=1\" src=\"https:\/\/i0.wp.com\/blog.kunstgriff.net\/wp-content\/uploads\/2020\/08\/Nicht-mehr-weit.jpg?w=170&#038;h=113&#038;ssl=1\" srcset=\"https:\/\/i0.wp.com\/blog.kunstgriff.net\/wp-content\/uploads\/2020\/08\/Nicht-mehr-weit.jpg?w=2560&amp;ssl=1 2560w, https:\/\/i0.wp.com\/blog.kunstgriff.net\/wp-content\/uploads\/2020\/08\/Nicht-mehr-weit.jpg?resize=768%2C512&amp;ssl=1 768w, https:\/\/i0.wp.com\/blog.kunstgriff.net\/wp-content\/uploads\/2020\/08\/Nicht-mehr-weit.jpg?resize=1536%2C1024&amp;ssl=1 1536w, https:\/\/i0.wp.com\/blog.kunstgriff.net\/wp-content\/uploads\/2020\/08\/Nicht-mehr-weit.jpg?resize=2048%2C1366&amp;ssl=1 2048w, https:\/\/i0.wp.com\/blog.kunstgriff.net\/wp-content\/uploads\/2020\/08\/Nicht-mehr-weit.jpg?w=1050&amp;ssl=1 1050w\" width=\"170\" height=\"113\" loading=\"lazy\" data-original-width=\"170\" data-original-height=\"113\" itemprop=\"http:\/\/schema.org\/image\" title=\"Nicht mehr weit\" alt=\"Nicht mehr weit\" style=\"width: 170px; height: 113px;\" \/> <\/a> <div class=\"tiled-gallery-caption\" itemprop=\"caption description\"> Nicht mehr weit <\/div> <\/div> <\/div> <!-- close group --> <div class=\"gallery-group images-1\" style=\"width: 351px; height: 235px;\" data-original-width=\"351\" data-original-height=\"235\" > <div class=\"tiled-gallery-item tiled-gallery-item-large\" itemprop=\"associatedMedia\" itemscope itemtype=\"http:\/\/schema.org\/ImageObject\"> <a href=\"https:\/\/i0.wp.com\/blog.kunstgriff.net\/wp-content\/uploads\/2020\/08\/Kuchenauswahl-in-Buckow.jpg?ssl=1\" border=\"0\" itemprop=\"url\"> <meta itemprop=\"width\" content=\"347\"> <meta itemprop=\"height\" content=\"231\"> <img decoding=\"async\" class=\"\" data-attachment-id=\"21728\" data-orig-file=\"https:\/\/blog.kunstgriff.net\/wp-content\/uploads\/2020\/08\/Kuchenauswahl-in-Buckow.jpg\" data-orig-size=\"2560,1707\" data-comments-opened=\"1\" data-image-meta=\"{&quot;aperture&quot;:&quot;2.8&quot;,&quot;credit&quot;:&quot;&quot;,&quot;camera&quot;:&quot;TG-4&quot;,&quot;caption&quot;:&quot;OLYMPUS DIGITAL CAMERA&quot;,&quot;created_timestamp&quot;:&quot;1598703828&quot;,&quot;copyright&quot;:&quot;&quot;,&quot;focal_length&quot;:&quot;4.5&quot;,&quot;iso&quot;:&quot;100&quot;,&quot;shutter_speed&quot;:&quot;0.008&quot;,&quot;title&quot;:&quot;OLYMPUS DIGITAL CAMERA&quot;,&quot;orientation&quot;:&quot;1&quot;}\" data-image-title=\"Kuchenauswahl in Buckow\" data-image-description=\"\" data-medium-file=\"https:\/\/i0.wp.com\/blog.kunstgriff.net\/wp-content\/uploads\/2020\/08\/Kuchenauswahl-in-Buckow.jpg?fit=2560%2C1707&#038;ssl=1\" data-large-file=\"https:\/\/i0.wp.com\/blog.kunstgriff.net\/wp-content\/uploads\/2020\/08\/Kuchenauswahl-in-Buckow.jpg?fit=2560%2C1707&#038;ssl=1\" src=\"https:\/\/i0.wp.com\/blog.kunstgriff.net\/wp-content\/uploads\/2020\/08\/Kuchenauswahl-in-Buckow.jpg?w=347&#038;h=231&#038;ssl=1\" srcset=\"https:\/\/i0.wp.com\/blog.kunstgriff.net\/wp-content\/uploads\/2020\/08\/Kuchenauswahl-in-Buckow.jpg?w=2560&amp;ssl=1 2560w, https:\/\/i0.wp.com\/blog.kunstgriff.net\/wp-content\/uploads\/2020\/08\/Kuchenauswahl-in-Buckow.jpg?resize=768%2C512&amp;ssl=1 768w, https:\/\/i0.wp.com\/blog.kunstgriff.net\/wp-content\/uploads\/2020\/08\/Kuchenauswahl-in-Buckow.jpg?resize=1536%2C1024&amp;ssl=1 1536w, https:\/\/i0.wp.com\/blog.kunstgriff.net\/wp-content\/uploads\/2020\/08\/Kuchenauswahl-in-Buckow.jpg?resize=2048%2C1366&amp;ssl=1 2048w, https:\/\/i0.wp.com\/blog.kunstgriff.net\/wp-content\/uploads\/2020\/08\/Kuchenauswahl-in-Buckow.jpg?w=1050&amp;ssl=1 1050w\" width=\"347\" height=\"231\" loading=\"lazy\" data-original-width=\"347\" data-original-height=\"231\" itemprop=\"http:\/\/schema.org\/image\" title=\"Kuchenauswahl in Buckow\" alt=\"Kuchenauswahl in Buckow\" style=\"width: 347px; height: 231px;\" \/> <\/a> <div class=\"tiled-gallery-caption\" itemprop=\"caption description\"> Kuchenauswahl in Buckow <\/div> <\/div> <\/div> <!-- close group --> <\/div> <!-- close row --> <div class=\"gallery-row\" style=\"width: 525px; height: 118px;\" data-original-width=\"525\" data-original-height=\"118\" > <div class=\"gallery-group images-1\" style=\"width: 175px; height: 118px;\" data-original-width=\"175\" data-original-height=\"118\" > <div class=\"tiled-gallery-item tiled-gallery-item-small\" itemprop=\"associatedMedia\" itemscope itemtype=\"http:\/\/schema.org\/ImageObject\"> <a href=\"https:\/\/i0.wp.com\/blog.kunstgriff.net\/wp-content\/uploads\/2020\/08\/Zielverpflegung.jpg?ssl=1\" border=\"0\" itemprop=\"url\"> <meta itemprop=\"width\" content=\"171\"> <meta itemprop=\"height\" content=\"114\"> <img decoding=\"async\" class=\"\" data-attachment-id=\"21732\" data-orig-file=\"https:\/\/blog.kunstgriff.net\/wp-content\/uploads\/2020\/08\/Zielverpflegung.jpg\" data-orig-size=\"2560,1707\" data-comments-opened=\"1\" data-image-meta=\"{&quot;aperture&quot;:&quot;2.8&quot;,&quot;credit&quot;:&quot;&quot;,&quot;camera&quot;:&quot;TG-4&quot;,&quot;caption&quot;:&quot;OLYMPUS DIGITAL CAMERA&quot;,&quot;created_timestamp&quot;:&quot;1598711534&quot;,&quot;copyright&quot;:&quot;&quot;,&quot;focal_length&quot;:&quot;4.5&quot;,&quot;iso&quot;:&quot;100&quot;,&quot;shutter_speed&quot;:&quot;0.0025&quot;,&quot;title&quot;:&quot;OLYMPUS DIGITAL CAMERA&quot;,&quot;orientation&quot;:&quot;1&quot;}\" data-image-title=\"Zielverpflegung\" data-image-description=\"\" data-medium-file=\"https:\/\/i0.wp.com\/blog.kunstgriff.net\/wp-content\/uploads\/2020\/08\/Zielverpflegung.jpg?fit=2560%2C1707&#038;ssl=1\" data-large-file=\"https:\/\/i0.wp.com\/blog.kunstgriff.net\/wp-content\/uploads\/2020\/08\/Zielverpflegung.jpg?fit=2560%2C1707&#038;ssl=1\" src=\"https:\/\/i0.wp.com\/blog.kunstgriff.net\/wp-content\/uploads\/2020\/08\/Zielverpflegung.jpg?w=171&#038;h=114&#038;ssl=1\" srcset=\"https:\/\/i0.wp.com\/blog.kunstgriff.net\/wp-content\/uploads\/2020\/08\/Zielverpflegung.jpg?w=2560&amp;ssl=1 2560w, https:\/\/i0.wp.com\/blog.kunstgriff.net\/wp-content\/uploads\/2020\/08\/Zielverpflegung.jpg?resize=768%2C512&amp;ssl=1 768w, https:\/\/i0.wp.com\/blog.kunstgriff.net\/wp-content\/uploads\/2020\/08\/Zielverpflegung.jpg?resize=1536%2C1024&amp;ssl=1 1536w, https:\/\/i0.wp.com\/blog.kunstgriff.net\/wp-content\/uploads\/2020\/08\/Zielverpflegung.jpg?resize=2048%2C1366&amp;ssl=1 2048w, https:\/\/i0.wp.com\/blog.kunstgriff.net\/wp-content\/uploads\/2020\/08\/Zielverpflegung.jpg?w=1050&amp;ssl=1 1050w\" width=\"171\" height=\"114\" loading=\"lazy\" data-original-width=\"171\" data-original-height=\"114\" itemprop=\"http:\/\/schema.org\/image\" title=\"Zielverpflegung\" alt=\"Zielverpflegung\" style=\"width: 171px; height: 114px;\" \/> <\/a> <div class=\"tiled-gallery-caption\" itemprop=\"caption description\"> Zielverpflegung <\/div> <\/div> <\/div> <!-- close group --> <div class=\"gallery-group images-1\" style=\"width: 175px; height: 118px;\" data-original-width=\"175\" data-original-height=\"118\" > <div class=\"tiled-gallery-item tiled-gallery-item-small\" itemprop=\"associatedMedia\" itemscope itemtype=\"http:\/\/schema.org\/ImageObject\"> <a href=\"https:\/\/i0.wp.com\/blog.kunstgriff.net\/wp-content\/uploads\/2020\/08\/Unser-schoenes-Domizil.jpg?ssl=1\" border=\"0\" itemprop=\"url\"> <meta itemprop=\"width\" content=\"171\"> <meta itemprop=\"height\" content=\"114\"> <img decoding=\"async\" class=\"\" data-attachment-id=\"21731\" data-orig-file=\"https:\/\/blog.kunstgriff.net\/wp-content\/uploads\/2020\/08\/Unser-schoenes-Domizil.jpg\" data-orig-size=\"2560,1707\" data-comments-opened=\"1\" data-image-meta=\"{&quot;aperture&quot;:&quot;2.8&quot;,&quot;credit&quot;:&quot;&quot;,&quot;camera&quot;:&quot;TG-4&quot;,&quot;caption&quot;:&quot;OLYMPUS DIGITAL CAMERA&quot;,&quot;created_timestamp&quot;:&quot;1598780272&quot;,&quot;copyright&quot;:&quot;&quot;,&quot;focal_length&quot;:&quot;4.5&quot;,&quot;iso&quot;:&quot;100&quot;,&quot;shutter_speed&quot;:&quot;0.0015625&quot;,&quot;title&quot;:&quot;OLYMPUS DIGITAL CAMERA&quot;,&quot;orientation&quot;:&quot;1&quot;}\" data-image-title=\"Unser sch\u00f6nes Domizil\" data-image-description=\"\" data-medium-file=\"https:\/\/i0.wp.com\/blog.kunstgriff.net\/wp-content\/uploads\/2020\/08\/Unser-schoenes-Domizil.jpg?fit=2560%2C1707&#038;ssl=1\" data-large-file=\"https:\/\/i0.wp.com\/blog.kunstgriff.net\/wp-content\/uploads\/2020\/08\/Unser-schoenes-Domizil.jpg?fit=2560%2C1707&#038;ssl=1\" src=\"https:\/\/i0.wp.com\/blog.kunstgriff.net\/wp-content\/uploads\/2020\/08\/Unser-schoenes-Domizil.jpg?w=171&#038;h=114&#038;ssl=1\" srcset=\"https:\/\/i0.wp.com\/blog.kunstgriff.net\/wp-content\/uploads\/2020\/08\/Unser-schoenes-Domizil.jpg?w=2560&amp;ssl=1 2560w, https:\/\/i0.wp.com\/blog.kunstgriff.net\/wp-content\/uploads\/2020\/08\/Unser-schoenes-Domizil.jpg?resize=768%2C512&amp;ssl=1 768w, https:\/\/i0.wp.com\/blog.kunstgriff.net\/wp-content\/uploads\/2020\/08\/Unser-schoenes-Domizil.jpg?resize=1536%2C1024&amp;ssl=1 1536w, https:\/\/i0.wp.com\/blog.kunstgriff.net\/wp-content\/uploads\/2020\/08\/Unser-schoenes-Domizil.jpg?resize=2048%2C1366&amp;ssl=1 2048w, https:\/\/i0.wp.com\/blog.kunstgriff.net\/wp-content\/uploads\/2020\/08\/Unser-schoenes-Domizil.jpg?w=1050&amp;ssl=1 1050w\" width=\"171\" height=\"114\" loading=\"lazy\" data-original-width=\"171\" data-original-height=\"114\" itemprop=\"http:\/\/schema.org\/image\" title=\"Unser sch\u00f6nes Domizil\" alt=\"Unser sch\u00f6nes Domizil\" style=\"width: 171px; height: 114px;\" \/> <\/a> <div class=\"tiled-gallery-caption\" itemprop=\"caption description\"> Unser sch\u00f6nes Domizil <\/div> <\/div> <\/div> <!-- close group --> <div class=\"gallery-group images-1\" style=\"width: 175px; height: 118px;\" data-original-width=\"175\" data-original-height=\"118\" > <div class=\"tiled-gallery-item tiled-gallery-item-small\" itemprop=\"associatedMedia\" itemscope itemtype=\"http:\/\/schema.org\/ImageObject\"> <a href=\"https:\/\/i0.wp.com\/blog.kunstgriff.net\/wp-content\/uploads\/2020\/08\/Abladen.jpg?ssl=1\" border=\"0\" itemprop=\"url\"> <meta itemprop=\"width\" content=\"171\"> <meta itemprop=\"height\" content=\"114\"> <img decoding=\"async\" class=\"\" data-attachment-id=\"21724\" data-orig-file=\"https:\/\/blog.kunstgriff.net\/wp-content\/uploads\/2020\/08\/Abladen.jpg\" data-orig-size=\"2560,1707\" data-comments-opened=\"1\" data-image-meta=\"{&quot;aperture&quot;:&quot;2.8&quot;,&quot;credit&quot;:&quot;&quot;,&quot;camera&quot;:&quot;TG-4&quot;,&quot;caption&quot;:&quot;OLYMPUS DIGITAL CAMERA&quot;,&quot;created_timestamp&quot;:&quot;1598780971&quot;,&quot;copyright&quot;:&quot;&quot;,&quot;focal_length&quot;:&quot;4.5&quot;,&quot;iso&quot;:&quot;100&quot;,&quot;shutter_speed&quot;:&quot;0.001&quot;,&quot;title&quot;:&quot;OLYMPUS DIGITAL CAMERA&quot;,&quot;orientation&quot;:&quot;1&quot;}\" data-image-title=\"Abladen\" data-image-description=\"\" data-medium-file=\"https:\/\/i0.wp.com\/blog.kunstgriff.net\/wp-content\/uploads\/2020\/08\/Abladen.jpg?fit=2560%2C1707&#038;ssl=1\" data-large-file=\"https:\/\/i0.wp.com\/blog.kunstgriff.net\/wp-content\/uploads\/2020\/08\/Abladen.jpg?fit=2560%2C1707&#038;ssl=1\" src=\"https:\/\/i0.wp.com\/blog.kunstgriff.net\/wp-content\/uploads\/2020\/08\/Abladen.jpg?w=171&#038;h=114&#038;ssl=1\" srcset=\"https:\/\/i0.wp.com\/blog.kunstgriff.net\/wp-content\/uploads\/2020\/08\/Abladen.jpg?w=2560&amp;ssl=1 2560w, https:\/\/i0.wp.com\/blog.kunstgriff.net\/wp-content\/uploads\/2020\/08\/Abladen.jpg?resize=768%2C512&amp;ssl=1 768w, https:\/\/i0.wp.com\/blog.kunstgriff.net\/wp-content\/uploads\/2020\/08\/Abladen.jpg?resize=1536%2C1024&amp;ssl=1 1536w, https:\/\/i0.wp.com\/blog.kunstgriff.net\/wp-content\/uploads\/2020\/08\/Abladen.jpg?resize=2048%2C1366&amp;ssl=1 2048w, https:\/\/i0.wp.com\/blog.kunstgriff.net\/wp-content\/uploads\/2020\/08\/Abladen.jpg?w=1050&amp;ssl=1 1050w\" width=\"171\" height=\"114\" loading=\"lazy\" data-original-width=\"171\" data-original-height=\"114\" itemprop=\"http:\/\/schema.org\/image\" title=\"Abladen\" alt=\"Abladen\" style=\"width: 171px; height: 114px;\" \/> <\/a> <div class=\"tiled-gallery-caption\" itemprop=\"caption description\"> Abladen <\/div> <\/div> <\/div> <!-- close group --> <\/div> <!-- close row --> <\/div>\n<p><iframe loading=\"lazy\" src=\"https:\/\/www.strava.com\/activities\/3988022779\/embed\/7f47686e700d22e3741a7f5dff6250ab6309dea4\" width=\"590\" height=\"405\" frameborder=\"0\" scrolling=\"no\"><\/iframe><\/p>\n<p><iframe loading=\"lazy\" width=\"560\" height=\"315\" src=\"https:\/\/www.youtube.com\/embed\/BnM0IDVdUos\" frameborder=\"0\" allow=\"accelerometer; autoplay; encrypted-media; gyroscope; picture-in-picture\" allowfullscreen><\/iframe><\/p>\n","protected":false},"excerpt":{"rendered":"<p>Rad- und Feierwochenende Schon seit langem stand die Feier in meinem Kalender, so richtig begann die Vorfreude aber erst am Freitagabend, als klar war da\u00df das Wochenendwetter sch\u00f6n werden w\u00fcrde. Also Sachen gepackt und am Samstag erstmal mit kleinem Rucksack durch die halbe Stadt in den Friedrichshain geradelt. Dort war dann das Gep\u00e4ck schnell verladen, &hellip; <\/p>\n<p class=\"link-more\"><a href=\"https:\/\/blog.kunstgriff.net\/?p=21733\" class=\"more-link\"><span class=\"screen-reader-text\">\u201e\u00bb25 Jahre WfF\u00ab Feier in Oderberg\u201c <\/span>weiterlesen<\/a><\/p>\n","protected":false},"author":2,"featured_media":21729,"comment_status":"open","ping_status":"open","sticky":false,"template":"","format":"standard","meta":{"jetpack_post_was_ever_published":false,"_jetpack_newsletter_access":"","_jetpack_dont_email_post_to_subs":false,"_jetpack_newsletter_tier_id":0,"_jetpack_memberships_contains_paywalled_content":false,"_jetpack_memberships_contains_paid_content":false,"footnotes":""},"categories":[25,14,13,7,36],"tags":[],"class_list":["post-21733","post","type-post","status-publish","format-standard","has-post-thumbnail","hentry","category-besonderes-ereignis","category-radfahren","category-radreise","category-rennradfahren","category-veranstaltungen"],"jetpack_featured_media_url":"https:\/\/i0.wp.com\/blog.kunstgriff.net\/wp-content\/uploads\/2020\/08\/Nicht-mehr-weit.jpg?fit=2560%2C1707&ssl=1","jetpack_shortlink":"https:\/\/wp.me\/p8Cxe7-5Ex","jetpack-related-posts":[{"id":4851,"url":"https:\/\/blog.kunstgriff.net\/?p=4851","url_meta":{"origin":21733,"position":0},"title":"Zur Mecklenburgische Seenplatte","author":"Georg","date":"Juni 11, 2011","format":false,"excerpt":"oder \u00bbLetze lange Ausfahrt vor der V\u00e4tternrundan\u00abAm n\u00e4chsten Wochenende werde ich den V\u00e4tternsee umrunden und so kam es mir sehr gelegen, das Tom B. diese lange Tour zur Mecklenburgische Seenplatte f\u00fcr den heutigen Pfingstsamstag anbot. Wir trafen uns um 9 Uhr am S-Bahnhof Buch, zum dem sechs Radler kamen: Tom\u2026","rel":"","context":"In &quot;200er&quot;","block_context":{"text":"200er","link":"https:\/\/blog.kunstgriff.net\/?cat=48"},"img":{"alt_text":"","src":"","width":0,"height":0},"classes":[]},{"id":15553,"url":"https:\/\/blog.kunstgriff.net\/?p=15553","url_meta":{"origin":21733,"position":1},"title":"Mit der \u00bbCake-G\u00e4ng\u00ab in den Oderbruch","author":"Georg","date":"Mai 13, 2017","format":false,"excerpt":"\u00bbWieder ein Zweihunderter\u00ab Schon die halbe Woche freute ich mich auf diese Ausfahrt: Es sollte in den Oderbruch gehen. Meine Aufzeichnungen sagen, dass ich dort seit 2012 nicht mehr gewesen bin. Also h\u00f6chste Zeit, der sch\u00f6nen Gegend mal wieder einen Besuch abzustatten! Marc holte mich p\u00fcnktlich, bei leichtem Nieselregen, vor\u2026","rel":"","context":"In &quot;200er&quot;","block_context":{"text":"200er","link":"https:\/\/blog.kunstgriff.net\/?cat=48"},"img":{"alt_text":"","src":"https:\/\/i0.wp.com\/blog.kunstgriff.net\/wp-content\/uploads\/2017\/05\/Die-Sonne-zeigt-sich-doch-noch.jpg?fit=1200%2C800&ssl=1&resize=350%2C200","width":350,"height":200,"srcset":"https:\/\/i0.wp.com\/blog.kunstgriff.net\/wp-content\/uploads\/2017\/05\/Die-Sonne-zeigt-sich-doch-noch.jpg?fit=1200%2C800&ssl=1&resize=350%2C200 1x, https:\/\/i0.wp.com\/blog.kunstgriff.net\/wp-content\/uploads\/2017\/05\/Die-Sonne-zeigt-sich-doch-noch.jpg?fit=1200%2C800&ssl=1&resize=525%2C300 1.5x, https:\/\/i0.wp.com\/blog.kunstgriff.net\/wp-content\/uploads\/2017\/05\/Die-Sonne-zeigt-sich-doch-noch.jpg?fit=1200%2C800&ssl=1&resize=700%2C400 2x, https:\/\/i0.wp.com\/blog.kunstgriff.net\/wp-content\/uploads\/2017\/05\/Die-Sonne-zeigt-sich-doch-noch.jpg?fit=1200%2C800&ssl=1&resize=1050%2C600 3x"},"classes":[]},{"id":9194,"url":"https:\/\/blog.kunstgriff.net\/?p=9194","url_meta":{"origin":21733,"position":2},"title":"Saschas-Oderbruch-Runde","author":"Georg","date":"September 30, 2012","format":false,"excerpt":"oder \u00bbLange Runde durch den wilden Osten\u00abDa ich lange (eine Woche) nicht auf meinem Renner sa\u00df, sollte heute mal wieder lang gefahren werden. Diese Logik gefiel mir und so machte ich mich um 20 nach 9 auf nach Neuk\u00f6lln um dort meine Rennrad-Peeps zu treffen. Einige waren gekommen, meist bekannte\u2026","rel":"","context":"In &quot;Radfahren&quot;","block_context":{"text":"Radfahren","link":"https:\/\/blog.kunstgriff.net\/?cat=14"},"img":{"alt_text":"","src":"https:\/\/i0.wp.com\/blog.kunstgriff.net\/wp-content\/uploads\/2012\/09\/Kurz-vor-Eberswalde.jpg?fit=1000%2C750&ssl=1&resize=350%2C200","width":350,"height":200,"srcset":"https:\/\/i0.wp.com\/blog.kunstgriff.net\/wp-content\/uploads\/2012\/09\/Kurz-vor-Eberswalde.jpg?fit=1000%2C750&ssl=1&resize=350%2C200 1x, https:\/\/i0.wp.com\/blog.kunstgriff.net\/wp-content\/uploads\/2012\/09\/Kurz-vor-Eberswalde.jpg?fit=1000%2C750&ssl=1&resize=525%2C300 1.5x, https:\/\/i0.wp.com\/blog.kunstgriff.net\/wp-content\/uploads\/2012\/09\/Kurz-vor-Eberswalde.jpg?fit=1000%2C750&ssl=1&resize=700%2C400 2x"},"classes":[]},{"id":5548,"url":"https:\/\/blog.kunstgriff.net\/?p=5548","url_meta":{"origin":21733,"position":3},"title":"Havellandriders-Beelitz-Tour","author":"Georg","date":"August 14, 2011","format":false,"excerpt":"oder \u00bbZu Elft durch den wilden Westen\u00ab Heute sollte das s\u00fcdliche Havelland erkundet werden und Frank baldowerte mit Mike eine Strecke zum Schwielowsee aus. Treffpunkt war, wie immer, das Rathaus Falkensee. Dort wurde erstmal das notorische Gruppenfoto geschossen, bevor es Richtung Brieselang raus aus dem Ort ging. Etwa zwei Kilometer\u2026","rel":"","context":"In &quot;Allgemein&quot;","block_context":{"text":"Allgemein","link":"https:\/\/blog.kunstgriff.net\/?cat=1"},"img":{"alt_text":"","src":"https:\/\/i0.wp.com\/blog.kunstgriff.net\/wp-content\/uploads\/2011\/08\/Notorisches-Gruppenfoto-am-Treffpunkt-Rathaus-Falkensee.jpg?resize=350%2C200","width":350,"height":200,"srcset":"https:\/\/i0.wp.com\/blog.kunstgriff.net\/wp-content\/uploads\/2011\/08\/Notorisches-Gruppenfoto-am-Treffpunkt-Rathaus-Falkensee.jpg?resize=350%2C200 1x, https:\/\/i0.wp.com\/blog.kunstgriff.net\/wp-content\/uploads\/2011\/08\/Notorisches-Gruppenfoto-am-Treffpunkt-Rathaus-Falkensee.jpg?resize=525%2C300 1.5x, https:\/\/i0.wp.com\/blog.kunstgriff.net\/wp-content\/uploads\/2011\/08\/Notorisches-Gruppenfoto-am-Treffpunkt-Rathaus-Falkensee.jpg?resize=700%2C400 2x"},"classes":[]},{"id":2305,"url":"https:\/\/blog.kunstgriff.net\/?p=2305","url_meta":{"origin":21733,"position":4},"title":"Oderbruchrunde","author":"Georg","date":"August 28, 2010","format":false,"excerpt":"oder \"Einmal im Jahr mindestens an den Oderbruch\" - jetzt auch mit Video!Nach 6 Tagen Trainingspause war es wirklich mal wieder an der Zeit das Rennrad zu bewegen, und so kam die Oderbruchrunde, welche Dirk anbot, gerade recht: 180 km gen Osten. Diese Runde bin ich im letzten Jahr gefahren\u2026","rel":"","context":"In &quot;Radfahren&quot;","block_context":{"text":"Radfahren","link":"https:\/\/blog.kunstgriff.net\/?cat=14"},"img":{"alt_text":"","src":"","width":0,"height":0},"classes":[]},{"id":8100,"url":"https:\/\/blog.kunstgriff.net\/?p=8100","url_meta":{"origin":21733,"position":5},"title":"Oderbruch-Runde","author":"Georg","date":"Juni 3, 2012","format":false,"excerpt":"oder \u00bbKilometer- und H\u00f6henmeter-fressen\u00abF\u00fcr heute bot Sascha eine Tour in den Oderbruch an. Ordentlich Kilometer und auch ein paar H\u00f6henmeter standen auf dem Zettel. Genau das richtige als letzte, umfangreiche Velothonvorbereitung. Ich war positiv \u00fcberrascht als um 10:30 Uhr viele bekannte Gesichter am zweiten Treffpunkt Landsberger Allee\/Weissenseerstrasse auftauchten. Neben Sasche,\u2026","rel":"","context":"In &quot;200er&quot;","block_context":{"text":"200er","link":"https:\/\/blog.kunstgriff.net\/?cat=48"},"img":{"alt_text":"","src":"https:\/\/i0.wp.com\/blog.kunstgriff.net\/wp-content\/uploads\/2012\/06\/Noch-scheint-die-Sonne-hinter-Hirschfelde-300x225.jpg?resize=350%2C200","width":350,"height":200},"classes":[]}],"jetpack_likes_enabled":true,"jetpack_sharing_enabled":true,"_links":{"self":[{"href":"https:\/\/blog.kunstgriff.net\/index.php?rest_route=\/wp\/v2\/posts\/21733","targetHints":{"allow":["GET"]}}],"collection":[{"href":"https:\/\/blog.kunstgriff.net\/index.php?rest_route=\/wp\/v2\/posts"}],"about":[{"href":"https:\/\/blog.kunstgriff.net\/index.php?rest_route=\/wp\/v2\/types\/post"}],"author":[{"embeddable":true,"href":"https:\/\/blog.kunstgriff.net\/index.php?rest_route=\/wp\/v2\/users\/2"}],"replies":[{"embeddable":true,"href":"https:\/\/blog.kunstgriff.net\/index.php?rest_route=%2Fwp%2Fv2%2Fcomments&post=21733"}],"version-history":[{"count":5,"href":"https:\/\/blog.kunstgriff.net\/index.php?rest_route=\/wp\/v2\/posts\/21733\/revisions"}],"predecessor-version":[{"id":21738,"href":"https:\/\/blog.kunstgriff.net\/index.php?rest_route=\/wp\/v2\/posts\/21733\/revisions\/21738"}],"wp:featuredmedia":[{"embeddable":true,"href":"https:\/\/blog.kunstgriff.net\/index.php?rest_route=\/wp\/v2\/media\/21729"}],"wp:attachment":[{"href":"https:\/\/blog.kunstgriff.net\/index.php?rest_route=%2Fwp%2Fv2%2Fmedia&parent=21733"}],"wp:term":[{"taxonomy":"category","embeddable":true,"href":"https:\/\/blog.kunstgriff.net\/index.php?rest_route=%2Fwp%2Fv2%2Fcategories&post=21733"},{"taxonomy":"post_tag","embeddable":true,"href":"https:\/\/blog.kunstgriff.net\/index.php?rest_route=%2Fwp%2Fv2%2Ftags&post=21733"}],"curies":[{"name":"wp","href":"https:\/\/api.w.org\/{rel}","templated":true}]}}